{"id":140078,"date":"2025-10-13T20:06:58","date_gmt":"2025-10-13T18:06:58","guid":{"rendered":"https:\/\/exaudi.org\/?p=140078"},"modified":"2025-10-13T20:06:58","modified_gmt":"2025-10-13T18:06:58","slug":"santedoardo-13-ottobre","status":"publish","type":"post","link":"https:\/\/exaudi.org\/it\/santedoardo-13-ottobre\/","title":{"rendered":"Sant&#8217;Edoardo, 13 ottobre"},"content":{"rendered":"<p data-start=\"103\" data-end=\"396\"><span dir=\"auto\" style=\"vertical-align: inherit\"><span dir=\"auto\" style=\"vertical-align: inherit\">Sant&#8217;Edoardo, noto come\u00a0 <\/span><\/span><strong data-start=\"130\" data-end=\"153\"><span dir=\"auto\" style=\"vertical-align: inherit\"><span dir=\"auto\" style=\"vertical-align: inherit\">Edoardo il Confessore<\/span><\/span><\/strong><span dir=\"auto\" style=\"vertical-align: inherit\"><span dir=\"auto\" style=\"vertical-align: inherit\">, fu re d&#8217;Inghilterra ed \u00e8 venerato dalla Chiesa cattolica come santo. La sua festa liturgica si celebra il\u00a0 <\/span><\/span><strong data-start=\"261\" data-end=\"278\"><span dir=\"auto\" style=\"vertical-align: inherit\"><span dir=\"auto\" style=\"vertical-align: inherit\">13 ottobre<\/span><\/span><\/strong><span dir=\"auto\" style=\"vertical-align: inherit\"><span dir=\"auto\" style=\"vertical-align: inherit\">, data che commemora la solenne\u00a0 <\/span><\/span><strong data-start=\"311\" data-end=\"342\"><span dir=\"auto\" style=\"vertical-align: inherit\"><span dir=\"auto\" style=\"vertical-align: inherit\">traslazione delle sue reliquie<\/span><\/span><\/strong><span dir=\"auto\" style=\"vertical-align: inherit\"><span dir=\"auto\" style=\"vertical-align: inherit\"> \u00a0in una cappella dell&#8217;Abbazia di Westminster nel 1163.<\/span><\/span><\/p>\n<h3 data-start=\"398\" data-end=\"428\"><strong><span dir=\"auto\" style=\"vertical-align: inherit\"><span dir=\"auto\" style=\"vertical-align: inherit\">Origini e primi anni<\/span><\/span><\/strong><\/h3>\n<p data-start=\"430\" data-end=\"920\"><span dir=\"auto\" style=\"vertical-align: inherit\"><span dir=\"auto\" style=\"vertical-align: inherit\">Edoardo nacque intorno al\u00a0 <\/span><\/span><strong data-start=\"462\" data-end=\"470\"><span dir=\"auto\" style=\"vertical-align: inherit\"><span dir=\"auto\" style=\"vertical-align: inherit\">1003<\/span><\/span><\/strong><span dir=\"auto\" style=\"vertical-align: inherit\"><span dir=\"auto\" style=\"vertical-align: inherit\"> \u00a0a Islip, nell&#8217;Oxfordshire. Era figlio del re anglosassone\u00a0 <\/span><\/span><strong data-start=\"522\" data-end=\"551\"><span dir=\"auto\" style=\"vertical-align: inherit\"><span dir=\"auto\" style=\"vertical-align: inherit\">Etelredo II &#8220;l&#8217;Indeciso&#8221;<\/span><\/span><\/strong><span dir=\"auto\" style=\"vertical-align: inherit\"><span dir=\"auto\" style=\"vertical-align: inherit\"> \u00a0e di\u00a0 <\/span><\/span><strong data-start=\"557\" data-end=\"578\"><span dir=\"auto\" style=\"vertical-align: inherit\"><span dir=\"auto\" style=\"vertical-align: inherit\">Emma di Normandia<\/span><\/span><\/strong><span dir=\"auto\" style=\"vertical-align: inherit\"><span dir=\"auto\" style=\"vertical-align: inherit\">, figlia del duca Riccardo di Normandia. Durante la sua infanzia, quando l&#8217;Inghilterra sub\u00ec le invasioni danesi, la corte di sua madre fugg\u00ec in Normandia, portando con s\u00e9 Edoardo e suo fratello Alfredo. <\/span><\/span><br data-start=\"774\" data-end=\"777\" \/><span dir=\"auto\" style=\"vertical-align: inherit\"><span dir=\"auto\" style=\"vertical-align: inherit\">In Normandia, Edoardo crebbe sotto l&#8217;influenza della vita ecclesiastica, sviluppando una profonda inclinazione alla preghiera e alla piet\u00e0.<\/span><\/span><\/p>\n<h3 data-start=\"922\" data-end=\"954\"><strong><span dir=\"auto\" style=\"vertical-align: inherit\"><span dir=\"auto\" style=\"vertical-align: inherit\">Ascesa al trono e regno<\/span><\/span><\/strong><\/h3>\n<p data-start=\"956\" data-end=\"1307\"><span dir=\"auto\" style=\"vertical-align: inherit\"><span dir=\"auto\" style=\"vertical-align: inherit\">Alla morte del re danese Hardicanut nel 1042,<\/span><\/span><span dir=\"auto\" style=\"vertical-align: inherit\"><span dir=\"auto\" style=\"vertical-align: inherit\">\u00a0Edoardo fu chiamato al trono d&#8217;Inghilterra, sostenuto dalla nobilt\u00e0 e dal potente conte Godwin. <\/span><\/span><br data-start=\"1123\" data-end=\"1126\" \/><span dir=\"auto\" style=\"vertical-align: inherit\"><span dir=\"auto\" style=\"vertical-align: inherit\">Nel\u00a0 <\/span><\/span><strong data-start=\"1129\" data-end=\"1137\"><span dir=\"auto\" style=\"vertical-align: inherit\"><span dir=\"auto\" style=\"vertical-align: inherit\">1045<\/span><\/span><\/strong><span dir=\"auto\" style=\"vertical-align: inherit\"><span dir=\"auto\" style=\"vertical-align: inherit\">, nonostante avesse fatto voto di castit\u00e0, spos\u00f2\u00a0 <\/span><\/span><strong data-start=\"1192\" data-end=\"1201\"><span dir=\"auto\" style=\"vertical-align: inherit\"><span dir=\"auto\" style=\"vertical-align: inherit\">Edith<\/span><\/span><\/strong><span dir=\"auto\" style=\"vertical-align: inherit\"><span dir=\"auto\" style=\"vertical-align: inherit\">, figlia del conte Godwin, a condizione che vivessero come fratelli ed entrambi osservassero la continenza.<\/span><\/span><\/p>\n<p data-start=\"1309\" data-end=\"1700\"><span dir=\"auto\" style=\"vertical-align: inherit\"><span dir=\"auto\" style=\"vertical-align: inherit\">Durante il suo regno (1042-1066), cerc\u00f2 di governare con giustizia, sopprimere le tasse eccessive e distribuire generosamente la ricchezza ai poveri. Fu un monarca pacifico che cerc\u00f2 il benessere del suo popolo piuttosto che la guerra o la conquista. Tra le sue opere pi\u00f9 notevoli c&#8217;\u00e8 la costruzione\u00a0 <\/span><\/span><strong data-start=\"1606\" data-end=\"1631\"><span dir=\"auto\" style=\"vertical-align: inherit\"><span dir=\"auto\" style=\"vertical-align: inherit\">dell&#8217;Abbazia di Westminster<\/span><\/span><\/strong><span dir=\"auto\" style=\"vertical-align: inherit\"><span dir=\"auto\" style=\"vertical-align: inherit\">, dedicata a San Pietro, che fu consacrata poco prima della sua morte.<\/span><\/span><\/p>\n<h3 data-start=\"1702\" data-end=\"1729\"><strong><span dir=\"auto\" style=\"vertical-align: inherit\"><span dir=\"auto\" style=\"vertical-align: inherit\">Morte e canonizzazione<\/span><\/span><\/strong><\/h3>\n<p data-start=\"1731\" data-end=\"2115\"><span dir=\"auto\" style=\"vertical-align: inherit\"><span dir=\"auto\" style=\"vertical-align: inherit\">Edoardo mor\u00ec il\u00a0 <\/span><\/span><strong data-start=\"1748\" data-end=\"1770\"><span dir=\"auto\" style=\"vertical-align: inherit\"><span dir=\"auto\" style=\"vertical-align: inherit\">5 gennaio 1066<\/span><\/span><\/strong><span dir=\"auto\" style=\"vertical-align: inherit\"><span dir=\"auto\" style=\"vertical-align: inherit\"> a Londra. Fu canonizzato da Papa\u00a0 <\/span><\/span><strong data-start=\"1811\" data-end=\"1828\"><span dir=\"auto\" style=\"vertical-align: inherit\"><span dir=\"auto\" style=\"vertical-align: inherit\">Alessandro III<\/span><\/span><\/strong><span dir=\"auto\" style=\"vertical-align: inherit\"><span dir=\"auto\" style=\"vertical-align: inherit\"> \u00a0nel\u00a0 <\/span><\/span><strong data-start=\"1839\" data-end=\"1847\"><span dir=\"auto\" style=\"vertical-align: inherit\"><span dir=\"auto\" style=\"vertical-align: inherit\">1161<\/span><\/span><\/strong><span dir=\"auto\" style=\"vertical-align: inherit\"><span dir=\"auto\" style=\"vertical-align: inherit\"> e il suo corpo incorrotto fu solennemente traslato in una nuova cappella a Westminster nel\u00a0 <\/span><\/span><strong data-start=\"1938\" data-end=\"1946\"><span dir=\"auto\" style=\"vertical-align: inherit\"><span dir=\"auto\" style=\"vertical-align: inherit\">1163<\/span><\/span><\/strong><span dir=\"auto\" style=\"vertical-align: inherit\"><span dir=\"auto\" style=\"vertical-align: inherit\">, in una cerimonia presieduta da\u00a0 <\/span><\/span><strong data-start=\"1979\" data-end=\"2001\"><span dir=\"auto\" style=\"vertical-align: inherit\"><span dir=\"auto\" style=\"vertical-align: inherit\">San Tommaso Becket<\/span><\/span><\/strong><span dir=\"auto\" style=\"vertical-align: inherit\"><span dir=\"auto\" style=\"vertical-align: inherit\">. <\/span><\/span><br data-start=\"2002\" data-end=\"2005\" \/><span dir=\"auto\" style=\"vertical-align: inherit\"><span dir=\"auto\" style=\"vertical-align: inherit\">La data\u00a0 <\/span><\/span><strong data-start=\"2018\" data-end=\"2035\"><span dir=\"auto\" style=\"vertical-align: inherit\"><span dir=\"auto\" style=\"vertical-align: inherit\">del 13 ottobre<\/span><\/span><\/strong><span dir=\"auto\" style=\"vertical-align: inherit\"><span dir=\"auto\" style=\"vertical-align: inherit\"> \u00a0commemora questo trasferimento, che divenne il giorno della sua festa.<\/span><\/span><\/p>\n<h3 data-start=\"2117\" data-end=\"2140\"><strong><span dir=\"auto\" style=\"vertical-align: inherit\"><span dir=\"auto\" style=\"vertical-align: inherit\">Virt\u00f9 ed eredit\u00e0<\/span><\/span><\/strong><\/h3>\n<p data-start=\"2142\" data-end=\"2394\"><span dir=\"auto\" style=\"vertical-align: inherit\"><span dir=\"auto\" style=\"vertical-align: inherit\">Sant&#8217;Edoardo \u00e8 ricordato per la sua profonda fede, il suo spirito di preghiera, la sua giustizia e la sua generosit\u00e0. Fu un sovrano umile e amante della pace che amministr\u00f2 il suo regno con equilibrio e piet\u00e0. <\/span><\/span><br data-start=\"2334\" data-end=\"2337\" \/><span dir=\"auto\" style=\"vertical-align: inherit\"><span dir=\"auto\" style=\"vertical-align: inherit\">Tra le virt\u00f9 che la Chiesa gli attribuisce ci sono:<\/span><\/span><\/p>\n<ul data-start=\"2396\" data-end=\"2611\">\n<li data-start=\"2396\" data-end=\"2442\">\n<p data-start=\"2398\" data-end=\"2442\"><span dir=\"auto\" style=\"vertical-align: inherit\"><span dir=\"auto\" style=\"vertical-align: inherit\">La sua carit\u00e0 verso i poveri e i bisognosi.<\/span><\/span><\/p>\n<\/li>\n<li data-start=\"2443\" data-end=\"2489\">\n<p data-start=\"2445\" data-end=\"2489\"><span dir=\"auto\" style=\"vertical-align: inherit\"><span dir=\"auto\" style=\"vertical-align: inherit\">La sua purezza e fedelt\u00e0 al voto di castit\u00e0.<\/span><\/span><\/p>\n<\/li>\n<li data-start=\"2490\" data-end=\"2550\">\n<p data-start=\"2492\" data-end=\"2550\"><span dir=\"auto\" style=\"vertical-align: inherit\"><span dir=\"auto\" style=\"vertical-align: inherit\">La sua devozione alla Chiesa e il suo sostegno alla vita monastica.<\/span><\/span><\/p>\n<\/li>\n<li data-start=\"2551\" data-end=\"2611\">\n<p data-start=\"2553\" data-end=\"2611\"><span dir=\"auto\" style=\"vertical-align: inherit\"><span dir=\"auto\" style=\"vertical-align: inherit\">Il suo amore per la pace e la sua rinuncia alla violenza ingiusta.<\/span><\/span><\/p>\n<\/li>\n<\/ul>\n<p data-start=\"2613\" data-end=\"2783\"><span dir=\"auto\" style=\"vertical-align: inherit\"><span dir=\"auto\" style=\"vertical-align: inherit\">Per queste ragioni \u00e8 considerato\u00a0 <\/span><\/span><strong data-start=\"2647\" data-end=\"2691\"><span dir=\"auto\" style=\"vertical-align: inherit\"><span dir=\"auto\" style=\"vertical-align: inherit\">il patrono dei matrimoni in difficolt\u00e0<\/span><\/span><\/strong><span dir=\"auto\" style=\"vertical-align: inherit\"><span dir=\"auto\" style=\"vertical-align: inherit\">, dei\u00a0 <\/span><\/span><strong data-start=\"2700\" data-end=\"2723\"><span dir=\"auto\" style=\"vertical-align: inherit\"><span dir=\"auto\" style=\"vertical-align: inherit\">re e dei sovrani<\/span><\/span><\/strong><span dir=\"auto\" style=\"vertical-align: inherit\"><span dir=\"auto\" style=\"vertical-align: inherit\"> e di coloro che cercano la riconciliazione e la pace interiore.<\/span><\/span><\/p>\n<p data-start=\"2785\" data-end=\"2922\"><span dir=\"auto\" style=\"vertical-align: inherit\"><span dir=\"auto\" style=\"vertical-align: inherit\">Sebbene sia stato a lungo\u00a0 <\/span><\/span><strong data-start=\"2817\" data-end=\"2842\"><span dir=\"auto\" style=\"vertical-align: inherit\"><span dir=\"auto\" style=\"vertical-align: inherit\">il santo patrono dell&#8217;Inghilterra<\/span><\/span><\/strong><span dir=\"auto\" style=\"vertical-align: inherit\"><span dir=\"auto\" style=\"vertical-align: inherit\">, in seguito fu sostituito da\u00a0 <\/span><\/span><strong data-start=\"2879\" data-end=\"2892\"><span dir=\"auto\" style=\"vertical-align: inherit\"><span dir=\"auto\" style=\"vertical-align: inherit\">San Giorgio<\/span><\/span><\/strong><span dir=\"auto\" style=\"vertical-align: inherit\"><span dir=\"auto\" style=\"vertical-align: inherit\"> \u00a0come santo patrono nazionale.<\/span><\/span><\/p>\n<h3 data-start=\"2929\" data-end=\"2967\"><strong><span dir=\"auto\" style=\"vertical-align: inherit\"><span dir=\"auto\" style=\"vertical-align: inherit\">Preghiera a Sant&#8217;Edoardo il Confessore<\/span><\/span><\/strong><\/h3>\n<p data-start=\"2969\" data-end=\"3164\"><span dir=\"auto\" style=\"vertical-align: inherit\"><span dir=\"auto\" style=\"vertical-align: inherit\">O glorioso Sant&#8217;Edoardo, santo re e modello di virt\u00f9, <\/span><\/span><br data-start=\"3023\" data-end=\"3026\" \/><span dir=\"auto\" style=\"vertical-align: inherit\"><span dir=\"auto\" style=\"vertical-align: inherit\">tu che hai governato con giustizia e compassione, <\/span><\/span><br data-start=\"3069\" data-end=\"3072\" \/><span dir=\"auto\" style=\"vertical-align: inherit\"><span dir=\"auto\" style=\"vertical-align: inherit\">che hai saputo unire l&#8217;autorit\u00e0 al servizio, <\/span><\/span><br data-start=\"3118\" data-end=\"3121\" \/><span dir=\"auto\" style=\"vertical-align: inherit\"><span dir=\"auto\" style=\"vertical-align: inherit\">guarda con benevolenza coloro che oggi ti invocano.<\/span><\/span><\/p>\n<p data-start=\"3166\" data-end=\"3377\"><span dir=\"auto\" style=\"vertical-align: inherit\"><span dir=\"auto\" style=\"vertical-align: inherit\">Tu che hai offerto la tua corona al Signore in atto di umilt\u00e0 <\/span><\/span><br data-start=\"3224\" data-end=\"3227\" \/><span dir=\"auto\" style=\"vertical-align: inherit\"><span dir=\"auto\" style=\"vertical-align: inherit\">e hai innalzato templi per onorare il suo nome, <\/span><\/span><br data-start=\"3274\" data-end=\"3277\" \/><span dir=\"auto\" style=\"vertical-align: inherit\"><span dir=\"auto\" style=\"vertical-align: inherit\">intercedi per noi davanti al trono divino: <\/span><\/span><br data-start=\"3321\" data-end=\"3324\" \/><span dir=\"auto\" style=\"vertical-align: inherit\"><span dir=\"auto\" style=\"vertical-align: inherit\">fa&#8217; che possiamo imitare la tua vita di fede, purezza e devozione.<\/span><\/span><\/p>\n<p data-start=\"3379\" data-end=\"3559\"><span dir=\"auto\" style=\"vertical-align: inherit\"><span dir=\"auto\" style=\"vertical-align: inherit\">Aiutaci, in particolare, nelle nostre difficolt\u00e0 coniugali <\/span><\/span><br data-start=\"3439\" data-end=\"3442\" \/><span dir=\"auto\" style=\"vertical-align: inherit\"><span dir=\"auto\" style=\"vertical-align: inherit\">e nei matrimoni in crisi o separati, <\/span><\/span><br data-start=\"3486\" data-end=\"3489\" \/><span dir=\"auto\" style=\"vertical-align: inherit\"><span dir=\"auto\" style=\"vertical-align: inherit\">affinch\u00e9, con il tuo aiuto, rinasca il vero amore in Cristo.<\/span><\/span><\/p>\n<p data-start=\"3561\" data-end=\"3783\"><span dir=\"auto\" style=\"vertical-align: inherit\"><span dir=\"auto\" style=\"vertical-align: inherit\">Per tua intercessione, Signore, concedici la grazia che ora ti chiediamo <\/span><\/span><br data-start=\"3623\" data-end=\"3626\" \/><span dir=\"auto\" style=\"vertical-align: inherit\"><span dir=\"auto\" style=\"vertical-align: inherit\">(menziona qui la tua richiesta). <\/span><\/span><br data-start=\"3655\" data-end=\"3658\" \/><span dir=\"auto\" style=\"vertical-align: inherit\"><span dir=\"auto\" style=\"vertical-align: inherit\">Fa&#8217; che, rafforzati dal tuo esempio, possiamo camminare con perseveranza verso la santit\u00e0 <\/span><\/span><br data-start=\"3734\" data-end=\"3737\" \/><span dir=\"auto\" style=\"vertical-align: inherit\"><span dir=\"auto\" style=\"vertical-align: inherit\">e un giorno trovarti nella gloria eterna.<\/span><\/span><\/p>\n<p data-start=\"3785\" data-end=\"3796\"><strong data-start=\"3785\" data-end=\"3794\"><span dir=\"auto\" style=\"vertical-align: inherit\"><span dir=\"auto\" style=\"vertical-align: inherit\">Amen.<\/span><\/span><\/strong><\/p>\n","protected":false},"excerpt":{"rendered":"<p>Il Confessore<\/p>\n","protected":false},"author":17,"featured_media":139967,"comment_status":"closed","ping_status":"closed","sticky":false,"template":"","format":"standard","meta":{"_acf_changed":false,"_crdt_document":"","inline_featured_image":false,"footnotes":""},"categories":[73,91],"tags":[76850,76851,76852,6923,1045,25349,20205,1209,1209,1209,76853,1738,26493,76854,76855,76857,16662,76856,76859,76860,76858,76861,76862,1478,20209,76864,1896,76863,41437,17482,76865,14223,26209],"class_list":{"0":"post-140078","1":"post","2":"type-post","3":"status-publish","4":"format-standard","5":"has-post-thumbnail","6":"hentry","7":"category-chiesa-e-mondo","8":"category-santita","9":"tag-13-ottobre","10":"tag-abbazia-di-westminster","11":"tag-biografia-di-santedoardo","12":"tag-canonizzazione","13":"tag-carita","14":"tag-celebrazione-religiosa","15":"tag-devozione-cattolica","16":"tag-fede","19":"tag-festa-di-santedoardo","20":"tag-giustizia","21":"tag-intercessione","22":"tag-miracoli-di-santedoardo","23":"tag-monarca-pio","24":"tag-patrono-dei-matrimoni","25":"tag-pieta","26":"tag-preghiera-a-santedoardo","27":"tag-re-santo","28":"tag-regnanti-cattolici","29":"tag-regno-dinghilterra","30":"tag-santedoardo","31":"tag-santedoardo-il-confessore","32":"tag-santi","33":"tag-santi-cattolici","34":"tag-santi-dinghilterra","35":"tag-santita","36":"tag-santo-cattolico","37":"tag-storia-dellinghilterra","38":"tag-tradizione-cattolica","39":"tag-virtu-di-santedoardo","40":"tag-vita-cristiana","41":"tag-vita-dei-santi"},"acf":[],"yoast_head":"<!-- This site is optimized with the Yoast SEO plugin v27.4 - https:\/\/yoast.com\/product\/yoast-seo-wordpress\/ -->\n<title>Sant&#039;Edoardo, 13 ottobre &#8211; Exaudi<\/title>\n<meta name=\"robots\" content=\"index, follow, max-snippet:-1, max-image-preview:large, max-video-preview:-1\" \/>\n<link rel=\"canonical\" href=\"https:\/\/exaudi.org\/it\/santedoardo-13-ottobre\/\" \/>\n<meta property=\"og:locale\" content=\"it_IT\" \/>\n<meta property=\"og:type\" content=\"article\" \/>\n<meta property=\"og:title\" content=\"Sant&#039;Edoardo, 13 ottobre &#8211; Exaudi\" \/>\n<meta property=\"og:description\" content=\"Il Confessore\" \/>\n<meta property=\"og:url\" content=\"https:\/\/exaudi.org\/it\/santedoardo-13-ottobre\/\" \/>\n<meta property=\"og:site_name\" content=\"Exaudi\" \/>\n<meta property=\"article:publisher\" content=\"https:\/\/www.facebook.com\/ExaudiNews\" \/>\n<meta property=\"article:author\" content=\"https:\/\/www.facebook.com\/ExaudiNotizie\/\" \/>\n<meta property=\"article:published_time\" content=\"2025-10-13T18:06:58+00:00\" \/>\n<meta property=\"og:image\" content=\"https:\/\/exaudi.org\/wp-content\/uploads\/2025\/10\/edoardo-large-large-0-1.jpg\" \/>\n\t<meta property=\"og:image:width\" content=\"690\" \/>\n\t<meta property=\"og:image:height\" content=\"504\" \/>\n\t<meta property=\"og:image:type\" content=\"image\/jpeg\" \/>\n<meta name=\"author\" content=\"Exaudi Redazione\" \/>\n<meta name=\"twitter:card\" content=\"summary_large_image\" \/>\n<meta name=\"twitter:creator\" content=\"@Exaudi_Notizie\" \/>\n<meta name=\"twitter:site\" content=\"@Exaudi_News\" \/>\n<meta name=\"twitter:label1\" content=\"Scritto da\" \/>\n\t<meta name=\"twitter:data1\" content=\"Exaudi Redazione\" \/>\n\t<meta name=\"twitter:label2\" content=\"Tempo di lettura stimato\" \/>\n\t<meta name=\"twitter:data2\" content=\"3 minuti\" \/>\n<script type=\"application\/ld+json\" class=\"yoast-schema-graph\">{\"@context\":\"https:\\\/\\\/schema.org\",\"@graph\":[{\"@type\":\"Article\",\"@id\":\"https:\\\/\\\/exaudi.org\\\/it\\\/santedoardo-13-ottobre\\\/#article\",\"isPartOf\":{\"@id\":\"https:\\\/\\\/exaudi.org\\\/it\\\/santedoardo-13-ottobre\\\/\"},\"author\":{\"name\":\"Exaudi Redazione\",\"@id\":\"https:\\\/\\\/exaudi.org\\\/#\\\/schema\\\/person\\\/e1ab6ed07c01774724dd96f925f3a5f0\"},\"headline\":\"Sant&#8217;Edoardo, 13 ottobre\",\"datePublished\":\"2025-10-13T18:06:58+00:00\",\"mainEntityOfPage\":{\"@id\":\"https:\\\/\\\/exaudi.org\\\/it\\\/santedoardo-13-ottobre\\\/\"},\"wordCount\":575,\"image\":{\"@id\":\"https:\\\/\\\/exaudi.org\\\/it\\\/santedoardo-13-ottobre\\\/#primaryimage\"},\"thumbnailUrl\":\"https:\\\/\\\/exaudi.org\\\/wp-content\\\/uploads\\\/2025\\\/10\\\/edoardo-large-large-0-1.jpg\",\"keywords\":[\"13 ottobre\",\"Abbazia di Westminster\",\"Biografia di Sant'Edoardo\",\"Canonizzazione\",\"carit\u00e0\",\"celebrazione religiosa\",\"DEVOZIONE CATTOLICA\",\"fede\",\"fede\",\"fede\",\"Festa di Sant'Edoardo\",\"giustizia\",\"intercessione\",\"Miracoli di Sant'Edoardo\",\"Monarca pio\",\"Patrono dei matrimoni\",\"PIET\u00c0\",\"Preghiera a Sant'Edoardo\",\"Re santo\",\"Regnanti cattolici\",\"Regno d'Inghilterra\",\"Sant'Edoardo\",\"Sant'Edoardo il Confessore\",\"santi\",\"SANTI CATTOLICI\",\"Santi d'Inghilterra\",\"santit\u00e0\",\"Santo cattolico\",\"storia dell'Inghilterra\",\"TRADIZIONE CATTOLICA\",\"Virt\u00f9 di Sant'Edoardo\",\"VITA CRISTIANA\",\"vita dei santi\"],\"articleSection\":[\"Chiesa e Mondo\",\"Santit\u00e0\"],\"inLanguage\":\"it-IT\"},{\"@type\":\"WebPage\",\"@id\":\"https:\\\/\\\/exaudi.org\\\/it\\\/santedoardo-13-ottobre\\\/\",\"url\":\"https:\\\/\\\/exaudi.org\\\/it\\\/santedoardo-13-ottobre\\\/\",\"name\":\"Sant'Edoardo, 13 ottobre &#8211; Exaudi\",\"isPartOf\":{\"@id\":\"https:\\\/\\\/exaudi.org\\\/#website\"},\"primaryImageOfPage\":{\"@id\":\"https:\\\/\\\/exaudi.org\\\/it\\\/santedoardo-13-ottobre\\\/#primaryimage\"},\"image\":{\"@id\":\"https:\\\/\\\/exaudi.org\\\/it\\\/santedoardo-13-ottobre\\\/#primaryimage\"},\"thumbnailUrl\":\"https:\\\/\\\/exaudi.org\\\/wp-content\\\/uploads\\\/2025\\\/10\\\/edoardo-large-large-0-1.jpg\",\"datePublished\":\"2025-10-13T18:06:58+00:00\",\"author\":{\"@id\":\"https:\\\/\\\/exaudi.org\\\/#\\\/schema\\\/person\\\/e1ab6ed07c01774724dd96f925f3a5f0\"},\"breadcrumb\":{\"@id\":\"https:\\\/\\\/exaudi.org\\\/it\\\/santedoardo-13-ottobre\\\/#breadcrumb\"},\"inLanguage\":\"it-IT\",\"potentialAction\":[{\"@type\":\"ReadAction\",\"target\":[\"https:\\\/\\\/exaudi.org\\\/it\\\/santedoardo-13-ottobre\\\/\"]}]},{\"@type\":\"ImageObject\",\"inLanguage\":\"it-IT\",\"@id\":\"https:\\\/\\\/exaudi.org\\\/it\\\/santedoardo-13-ottobre\\\/#primaryimage\",\"url\":\"https:\\\/\\\/exaudi.org\\\/wp-content\\\/uploads\\\/2025\\\/10\\\/edoardo-large-large-0-1.jpg\",\"contentUrl\":\"https:\\\/\\\/exaudi.org\\\/wp-content\\\/uploads\\\/2025\\\/10\\\/edoardo-large-large-0-1.jpg\",\"width\":690,\"height\":504},{\"@type\":\"BreadcrumbList\",\"@id\":\"https:\\\/\\\/exaudi.org\\\/it\\\/santedoardo-13-ottobre\\\/#breadcrumb\",\"itemListElement\":[{\"@type\":\"ListItem\",\"position\":1,\"name\":\"Portada\",\"item\":\"https:\\\/\\\/exaudi.org\\\/it\\\/\"},{\"@type\":\"ListItem\",\"position\":2,\"name\":\"Sant&#8217;Edoardo, 13 ottobre\"}]},{\"@type\":\"WebSite\",\"@id\":\"https:\\\/\\\/exaudi.org\\\/#website\",\"url\":\"https:\\\/\\\/exaudi.org\\\/\",\"name\":\"Exaudi\",\"description\":\"News\",\"potentialAction\":[{\"@type\":\"SearchAction\",\"target\":{\"@type\":\"EntryPoint\",\"urlTemplate\":\"https:\\\/\\\/exaudi.org\\\/?s={search_term_string}\"},\"query-input\":{\"@type\":\"PropertyValueSpecification\",\"valueRequired\":true,\"valueName\":\"search_term_string\"}}],\"inLanguage\":\"it-IT\"},{\"@type\":\"Person\",\"@id\":\"https:\\\/\\\/exaudi.org\\\/#\\\/schema\\\/person\\\/e1ab6ed07c01774724dd96f925f3a5f0\",\"name\":\"Exaudi Redazione\",\"image\":{\"@type\":\"ImageObject\",\"inLanguage\":\"it-IT\",\"@id\":\"https:\\\/\\\/secure.gravatar.com\\\/avatar\\\/ad6774b3ada023bf5b939d64f45c94b3adf91502dd883507d469b4308a943bb3?s=96&d=mm&r=g\",\"url\":\"https:\\\/\\\/secure.gravatar.com\\\/avatar\\\/ad6774b3ada023bf5b939d64f45c94b3adf91502dd883507d469b4308a943bb3?s=96&d=mm&r=g\",\"contentUrl\":\"https:\\\/\\\/secure.gravatar.com\\\/avatar\\\/ad6774b3ada023bf5b939d64f45c94b3adf91502dd883507d469b4308a943bb3?s=96&d=mm&r=g\",\"caption\":\"Exaudi Redazione\"},\"description\":\"Che cosa \u00e8 Exaudi News? Exaudi News \u00e8 un agenzia cattolica internazionale che informa, istruisce e trasforma quotidianamente in spagnolo, inglese e italiano. Attraverso notizie, articoli di analisi e trasmissioni in diretta degli eventi del Papa, Exaudi cerca di rafforzare l'unit\u00e0 dei cristiani e di contribuire all'evangelizzazione del mondo, sempre guidato dalla dottrina sociale della Chiesa. Lavoriamo per portare la verit\u00e0 e i valori cristiani in ogni angolo del pianeta. Aiutaci a trasformare il mondo con Exaudi! Noi di Exaudi crediamo che l'evangelizzazione e l'informazione di qualit\u00e0 possano cambiare la vita. Per continuare la nostra missione ed espandere la nostra portata, abbiamo bisogno del tuo aiuto. Stiamo anche cercando persone motivate che vogliano unirsi al nostro team. Grazie al vostro sostegno raggiungeremo pi\u00f9 persone, diffonderemo il messaggio di Cristo e rafforzeremo l'unit\u00e0 dei cristiani. Vuoi unirti alla nostra missione? Per maggiori informazioni su come contribuire, visita Exaudi.org\\\/it o contattaci direttamente: info@exaudi.org Exaudi: informa, forma e trasforma.\",\"sameAs\":[\"https:\\\/\\\/www.facebook.com\\\/ExaudiNotizie\\\/\",\"https:\\\/\\\/www.instagram.com\\\/Exaudi_notizie\\\/\",\"https:\\\/\\\/x.com\\\/Exaudi_Notizie\",\"https:\\\/\\\/www.youtube.com\\\/@exaudicatholicnews\"],\"url\":\"https:\\\/\\\/exaudi.org\\\/it\\\/author\\\/dlvedi-org\\\/\"}]}<\/script>\n<!-- \/ Yoast SEO plugin. -->","yoast_head_json":{"title":"Sant'Edoardo, 13 ottobre &#8211; Exaudi","robots":{"index":"index","follow":"follow","max-snippet":"max-snippet:-1","max-image-preview":"max-image-preview:large","max-video-preview":"max-video-preview:-1"},"canonical":"https:\/\/exaudi.org\/it\/santedoardo-13-ottobre\/","og_locale":"it_IT","og_type":"article","og_title":"Sant'Edoardo, 13 ottobre &#8211; Exaudi","og_description":"Il Confessore","og_url":"https:\/\/exaudi.org\/it\/santedoardo-13-ottobre\/","og_site_name":"Exaudi","article_publisher":"https:\/\/www.facebook.com\/ExaudiNews","article_author":"https:\/\/www.facebook.com\/ExaudiNotizie\/","article_published_time":"2025-10-13T18:06:58+00:00","og_image":[{"width":690,"height":504,"url":"https:\/\/exaudi.org\/wp-content\/uploads\/2025\/10\/edoardo-large-large-0-1.jpg","type":"image\/jpeg"}],"author":"Exaudi Redazione","twitter_card":"summary_large_image","twitter_creator":"@Exaudi_Notizie","twitter_site":"@Exaudi_News","twitter_misc":{"Scritto da":"Exaudi Redazione","Tempo di lettura stimato":"3 minuti"},"schema":{"@context":"https:\/\/schema.org","@graph":[{"@type":"Article","@id":"https:\/\/exaudi.org\/it\/santedoardo-13-ottobre\/#article","isPartOf":{"@id":"https:\/\/exaudi.org\/it\/santedoardo-13-ottobre\/"},"author":{"name":"Exaudi Redazione","@id":"https:\/\/exaudi.org\/#\/schema\/person\/e1ab6ed07c01774724dd96f925f3a5f0"},"headline":"Sant&#8217;Edoardo, 13 ottobre","datePublished":"2025-10-13T18:06:58+00:00","mainEntityOfPage":{"@id":"https:\/\/exaudi.org\/it\/santedoardo-13-ottobre\/"},"wordCount":575,"image":{"@id":"https:\/\/exaudi.org\/it\/santedoardo-13-ottobre\/#primaryimage"},"thumbnailUrl":"https:\/\/exaudi.org\/wp-content\/uploads\/2025\/10\/edoardo-large-large-0-1.jpg","keywords":["13 ottobre","Abbazia di Westminster","Biografia di Sant'Edoardo","Canonizzazione","carit\u00e0","celebrazione religiosa","DEVOZIONE CATTOLICA","fede","fede","fede","Festa di Sant'Edoardo","giustizia","intercessione","Miracoli di Sant'Edoardo","Monarca pio","Patrono dei matrimoni","PIET\u00c0","Preghiera a Sant'Edoardo","Re santo","Regnanti cattolici","Regno d'Inghilterra","Sant'Edoardo","Sant'Edoardo il Confessore","santi","SANTI CATTOLICI","Santi d'Inghilterra","santit\u00e0","Santo cattolico","storia dell'Inghilterra","TRADIZIONE CATTOLICA","Virt\u00f9 di Sant'Edoardo","VITA CRISTIANA","vita dei santi"],"articleSection":["Chiesa e Mondo","Santit\u00e0"],"inLanguage":"it-IT"},{"@type":"WebPage","@id":"https:\/\/exaudi.org\/it\/santedoardo-13-ottobre\/","url":"https:\/\/exaudi.org\/it\/santedoardo-13-ottobre\/","name":"Sant'Edoardo, 13 ottobre &#8211; Exaudi","isPartOf":{"@id":"https:\/\/exaudi.org\/#website"},"primaryImageOfPage":{"@id":"https:\/\/exaudi.org\/it\/santedoardo-13-ottobre\/#primaryimage"},"image":{"@id":"https:\/\/exaudi.org\/it\/santedoardo-13-ottobre\/#primaryimage"},"thumbnailUrl":"https:\/\/exaudi.org\/wp-content\/uploads\/2025\/10\/edoardo-large-large-0-1.jpg","datePublished":"2025-10-13T18:06:58+00:00","author":{"@id":"https:\/\/exaudi.org\/#\/schema\/person\/e1ab6ed07c01774724dd96f925f3a5f0"},"breadcrumb":{"@id":"https:\/\/exaudi.org\/it\/santedoardo-13-ottobre\/#breadcrumb"},"inLanguage":"it-IT","potentialAction":[{"@type":"ReadAction","target":["https:\/\/exaudi.org\/it\/santedoardo-13-ottobre\/"]}]},{"@type":"ImageObject","inLanguage":"it-IT","@id":"https:\/\/exaudi.org\/it\/santedoardo-13-ottobre\/#primaryimage","url":"https:\/\/exaudi.org\/wp-content\/uploads\/2025\/10\/edoardo-large-large-0-1.jpg","contentUrl":"https:\/\/exaudi.org\/wp-content\/uploads\/2025\/10\/edoardo-large-large-0-1.jpg","width":690,"height":504},{"@type":"BreadcrumbList","@id":"https:\/\/exaudi.org\/it\/santedoardo-13-ottobre\/#breadcrumb","itemListElement":[{"@type":"ListItem","position":1,"name":"Portada","item":"https:\/\/exaudi.org\/it\/"},{"@type":"ListItem","position":2,"name":"Sant&#8217;Edoardo, 13 ottobre"}]},{"@type":"WebSite","@id":"https:\/\/exaudi.org\/#website","url":"https:\/\/exaudi.org\/","name":"Exaudi","description":"News","potentialAction":[{"@type":"SearchAction","target":{"@type":"EntryPoint","urlTemplate":"https:\/\/exaudi.org\/?s={search_term_string}"},"query-input":{"@type":"PropertyValueSpecification","valueRequired":true,"valueName":"search_term_string"}}],"inLanguage":"it-IT"},{"@type":"Person","@id":"https:\/\/exaudi.org\/#\/schema\/person\/e1ab6ed07c01774724dd96f925f3a5f0","name":"Exaudi Redazione","image":{"@type":"ImageObject","inLanguage":"it-IT","@id":"https:\/\/secure.gravatar.com\/avatar\/ad6774b3ada023bf5b939d64f45c94b3adf91502dd883507d469b4308a943bb3?s=96&d=mm&r=g","url":"https:\/\/secure.gravatar.com\/avatar\/ad6774b3ada023bf5b939d64f45c94b3adf91502dd883507d469b4308a943bb3?s=96&d=mm&r=g","contentUrl":"https:\/\/secure.gravatar.com\/avatar\/ad6774b3ada023bf5b939d64f45c94b3adf91502dd883507d469b4308a943bb3?s=96&d=mm&r=g","caption":"Exaudi Redazione"},"description":"Che cosa \u00e8 Exaudi News? Exaudi News \u00e8 un agenzia cattolica internazionale che informa, istruisce e trasforma quotidianamente in spagnolo, inglese e italiano. Attraverso notizie, articoli di analisi e trasmissioni in diretta degli eventi del Papa, Exaudi cerca di rafforzare l'unit\u00e0 dei cristiani e di contribuire all'evangelizzazione del mondo, sempre guidato dalla dottrina sociale della Chiesa. Lavoriamo per portare la verit\u00e0 e i valori cristiani in ogni angolo del pianeta. Aiutaci a trasformare il mondo con Exaudi! Noi di Exaudi crediamo che l'evangelizzazione e l'informazione di qualit\u00e0 possano cambiare la vita. Per continuare la nostra missione ed espandere la nostra portata, abbiamo bisogno del tuo aiuto. Stiamo anche cercando persone motivate che vogliano unirsi al nostro team. Grazie al vostro sostegno raggiungeremo pi\u00f9 persone, diffonderemo il messaggio di Cristo e rafforzeremo l'unit\u00e0 dei cristiani. Vuoi unirti alla nostra missione? Per maggiori informazioni su come contribuire, visita Exaudi.org\/it o contattaci direttamente: info@exaudi.org Exaudi: informa, forma e trasforma.","sameAs":["https:\/\/www.facebook.com\/ExaudiNotizie\/","https:\/\/www.instagram.com\/Exaudi_notizie\/","https:\/\/x.com\/Exaudi_Notizie","https:\/\/www.youtube.com\/@exaudicatholicnews"],"url":"https:\/\/exaudi.org\/it\/author\/dlvedi-org\/"}]}},"jetpack_featured_media_url":"https:\/\/exaudi.org\/wp-content\/uploads\/2025\/10\/edoardo-large-large-0-1.jpg","jetpack_shortlink":"https:\/\/wp.me\/pgKjF2-Ark","_links":{"self":[{"href":"https:\/\/exaudi.org\/it\/wp-json\/wp\/v2\/posts\/140078","targetHints":{"allow":["GET"]}}],"collection":[{"href":"https:\/\/exaudi.org\/it\/wp-json\/wp\/v2\/posts"}],"about":[{"href":"https:\/\/exaudi.org\/it\/wp-json\/wp\/v2\/types\/post"}],"author":[{"embeddable":true,"href":"https:\/\/exaudi.org\/it\/wp-json\/wp\/v2\/users\/17"}],"replies":[{"embeddable":true,"href":"https:\/\/exaudi.org\/it\/wp-json\/wp\/v2\/comments?post=140078"}],"version-history":[{"count":3,"href":"https:\/\/exaudi.org\/it\/wp-json\/wp\/v2\/posts\/140078\/revisions"}],"predecessor-version":[{"id":140081,"href":"https:\/\/exaudi.org\/it\/wp-json\/wp\/v2\/posts\/140078\/revisions\/140081"}],"wp:featuredmedia":[{"embeddable":true,"href":"https:\/\/exaudi.org\/it\/wp-json\/wp\/v2\/media\/139967"}],"wp:attachment":[{"href":"https:\/\/exaudi.org\/it\/wp-json\/wp\/v2\/media?parent=140078"}],"wp:term":[{"taxonomy":"category","embeddable":true,"href":"https:\/\/exaudi.org\/it\/wp-json\/wp\/v2\/categories?post=140078"},{"taxonomy":"post_tag","embeddable":true,"href":"https:\/\/exaudi.org\/it\/wp-json\/wp\/v2\/tags?post=140078"}],"curies":[{"name":"wp","href":"https:\/\/api.w.org\/{rel}","templated":true}]}}