{"id":139533,"date":"2025-10-09T18:54:42","date_gmt":"2025-10-09T16:54:42","guid":{"rendered":"https:\/\/exaudi.org\/?p=139533"},"modified":"2025-10-09T18:54:42","modified_gmt":"2025-10-09T16:54:42","slug":"larte-di-sbagliare-bene-errori-umilta-e-crescita-personale-sul-lavoro","status":"publish","type":"post","link":"https:\/\/exaudi.org\/it\/larte-di-sbagliare-bene-errori-umilta-e-crescita-personale-sul-lavoro\/","title":{"rendered":"L&#8217;arte di sbagliare bene: errori, umilt\u00e0 e crescita personale sul lavoro"},"content":{"rendered":"<p data-start=\"291\" data-end=\"716\"><span dir=\"auto\" style=\"vertical-align: inherit\"><span dir=\"auto\" style=\"vertical-align: inherit\">Nell&#8217;ambiente lavorativo odierno, la perfezione \u00e8 un mito e gli errori un&#8217;opportunit\u00e0. Tuttavia, affinch\u00e9 gli errori diventino uno strumento di crescita, devono essere affrontati con virt\u00f9, umilt\u00e0 e una disposizione interiore che favorisca l&#8217;apprendimento. Dalla prospettiva dell&#8217;etica aristotelica e della spiritualit\u00e0 ignaziana, gli errori ben accettati possono essere un percorso verso l&#8217;eccellenza personale e professionale.<\/span><\/span><\/p>\n<h3 data-start=\"723\" data-end=\"775\"><strong><span dir=\"auto\" style=\"vertical-align: inherit\"><span dir=\"auto\" style=\"vertical-align: inherit\">La virt\u00f9 aristotelica: dall&#8217;errore all&#8217;apprendimento<\/span><\/span><\/strong><\/h3>\n<p data-start=\"777\" data-end=\"1192\"><span dir=\"auto\" style=\"vertical-align: inherit\"><span dir=\"auto\" style=\"vertical-align: inherit\">Aristotele definisce la virt\u00f9 come un&#8217;abitudine che si colloca a met\u00e0 strada tra due vizi. Nel contesto lavorativo, la virt\u00f9 si manifesta nella capacit\u00e0 di riconoscere e correggere gli errori con prudenza e temperanza. La prudenza, in quanto virt\u00f9 intellettuale, ci permette di discernere la migliore linea d&#8217;azione in ogni situazione, mentre la temperanza ci aiuta a mantenere l&#8217;equilibrio emotivo di fronte al fallimento.<\/span><\/span><\/p>\n<p data-start=\"1194\" data-end=\"1563\"><span dir=\"auto\" style=\"vertical-align: inherit\"><span dir=\"auto\" style=\"vertical-align: inherit\">Il filosofo sostiene che la felicit\u00e0 si raggiunge attraverso l&#8217;adempimento della funzione umana propria, che \u00e8 quella di vivere secondo ragione. In questo senso, l&#8217;errore non \u00e8 un ostacolo, ma un&#8217;opportunit\u00e0 per praticare le virt\u00f9 e avvicinarsi all&#8217;eccellenza. La capacit\u00e0 di imparare dagli errori rafforza il carattere e migliora la qualit\u00e0 del lavoro.<\/span><\/span><\/p>\n<h3 data-start=\"1570\" data-end=\"1636\"><strong><span dir=\"auto\" style=\"vertical-align: inherit\"><span dir=\"auto\" style=\"vertical-align: inherit\">Spiritualit\u00e0 ignaziana: riconoscere e correggere con umilt\u00e0<\/span><\/span><\/strong><\/h3>\n<p data-start=\"1638\" data-end=\"1990\"><span dir=\"auto\" style=\"vertical-align: inherit\"><span dir=\"auto\" style=\"vertical-align: inherit\">Sant&#8217;Ignazio di Loyola, fondatore della Compagnia di Ges\u00f9, ha proposto un metodo di discernimento spirituale che ci invita a riconoscere la presenza di Dio in tutte le circostanze della vita, compresi i fallimenti. Nei suoi Esercizi Spirituali, Ignazio ci insegna a rivedere le nostre azioni e decisioni alla luce della fede, cercando sempre la volont\u00e0 di Dio.<\/span><\/span><\/p>\n<p data-start=\"1992\" data-end=\"2516\"><span dir=\"auto\" style=\"vertical-align: inherit\"><span dir=\"auto\" style=\"vertical-align: inherit\">Questo processo di autoesame \u00e8 un potente strumento per la crescita personale sul lavoro. Riflettendo sugli errori, \u00e8 possibile identificare non solo cosa \u00e8 andato storto, ma anche gli atteggiamenti e le decisioni che hanno portato a quel risultato. Questo riconoscimento richiede umilt\u00e0, una virt\u00f9 che, secondo Aristotele, si colloca a met\u00e0 strada tra l&#8217;arroganza e la sottomissione. L&#8217;umilt\u00e0 ci permette di accettare i nostri limiti e di imparare da essi, senza cadere nell&#8217;autocommiserazione o nell&#8217;arroganza.<\/span><\/span><\/p>\n<h3 data-start=\"2523\" data-end=\"2596\"><strong><span dir=\"auto\" style=\"vertical-align: inherit\"><span dir=\"auto\" style=\"vertical-align: inherit\">Coerenza personale e professionale: integrare virt\u00f9 e spiritualit\u00e0<\/span><\/span><\/strong><\/h3>\n<p data-start=\"2598\" data-end=\"2984\"><span dir=\"auto\" style=\"vertical-align: inherit\"><span dir=\"auto\" style=\"vertical-align: inherit\">La vera coerenza tra vita personale e professionale si raggiunge quando entrambe sono guidate dalle stesse virt\u00f9. Il lavoro non \u00e8 solo un&#8217;attivit\u00e0 economica, ma una vocazione che deve servire il bene comune e lo sviluppo umano integrale. Affrontando gli errori con virt\u00f9 e spiritualit\u00e0, si rafforza l&#8217;integrit\u00e0 personale e si migliora la qualit\u00e0 del lavoro.<\/span><\/span><\/p>\n<p data-start=\"2986\" data-end=\"3301\"><span dir=\"auto\" style=\"vertical-align: inherit\"><span dir=\"auto\" style=\"vertical-align: inherit\">La pratica costante della virt\u00f9, supportata dalla riflessione spirituale, ci permette di trasformare gli errori in passi verso l&#8217;eccellenza. Questo processo non solo migliora le prestazioni lavorative, ma contribuisce anche alla crescita umana e spirituale, allineando la nostra vita professionale ai valori del Regno di Dio.<\/span><\/span><\/p>\n<p data-start=\"3324\" data-end=\"3758\"><span dir=\"auto\" style=\"vertical-align: inherit\"><span dir=\"auto\" style=\"vertical-align: inherit\">L&#8217;arte di sbagliare bene non consiste nell&#8217;evitarli, ma nell&#8217;affrontarli con virt\u00f9 e umilt\u00e0. Integrando l&#8217;etica aristotelica e la spiritualit\u00e0 ignaziana, possiamo trasformare gli errori in opportunit\u00e0 di crescita, rafforzando la nostra coerenza personale e professionale. In definitiva, gli errori ben accettati ci avvicinano all&#8217;eccellenza umana e ci permettono di vivere secondo la nostra vera vocazione.<\/span><\/span><\/p>\n","protected":false},"excerpt":{"rendered":"<p>Come accettare gli errori rafforza la coerenza personale e professionale<\/p>\n","protected":false},"author":151,"featured_media":139335,"comment_status":"closed","ping_status":"closed","sticky":false,"template":"","format":"standard","meta":{"_acf_changed":false,"_crdt_document":"","inline_featured_image":false,"footnotes":""},"categories":[129],"tags":[76332,73985,16531,73674,76334,76335,76336,76337,76339,76331,76338,76333,35936,76340,17634,65931,76341,31499,64787,5308,76342,76343],"class_list":["post-139533","post","type-post","status-publish","format-standard","has-post-thumbnail","hentry","category-voci","tag-apprendimento-costante","tag-coerenza-personale-e-professionale","tag-crescita-personale","tag-eccellenza-umana","tag-errori-sul-lavoro","tag-etica-del-lavoro-cattolica","tag-etica-e-spiritualita","tag-forza-personale","tag-gestire-gli-errori","tag-imparare-dagli-errori","tag-leadership-con-umilta","tag-miglioramento-personale-sul-posto-di-lavoro","tag-patricia-jimenez-ramirez-2","tag-prudenza-e-temperanza","tag-riflessione-spirituale","tag-spiritualita-ignaziana","tag-superare-i-fallimenti","tag-sviluppo-professionale","tag-trending-it-236","tag-umilta","tag-virtu-aristotelica","tag-vocazione-e-lavoro"],"acf":[],"yoast_head":"<!-- This site is optimized with the Yoast SEO plugin v27.5 - https:\/\/yoast.com\/product\/yoast-seo-wordpress\/ -->\n<title>L&#039;arte di sbagliare bene: errori, umilt\u00e0 e crescita personale sul lavoro &#8211; Exaudi<\/title>\n<meta name=\"robots\" content=\"index, follow, max-snippet:-1, max-image-preview:large, max-video-preview:-1\" \/>\n<link rel=\"canonical\" href=\"https:\/\/exaudi.org\/it\/larte-di-sbagliare-bene-errori-umilta-e-crescita-personale-sul-lavoro\/\" \/>\n<meta property=\"og:locale\" content=\"it_IT\" \/>\n<meta property=\"og:type\" content=\"article\" \/>\n<meta property=\"og:title\" content=\"L&#039;arte di sbagliare bene: errori, umilt\u00e0 e crescita personale sul lavoro &#8211; Exaudi\" \/>\n<meta property=\"og:description\" content=\"Come accettare gli errori rafforza la coerenza personale e professionale\" \/>\n<meta property=\"og:url\" content=\"https:\/\/exaudi.org\/it\/larte-di-sbagliare-bene-errori-umilta-e-crescita-personale-sul-lavoro\/\" \/>\n<meta property=\"og:site_name\" content=\"Exaudi\" \/>\n<meta property=\"article:publisher\" content=\"https:\/\/www.facebook.com\/ExaudiNews\" \/>\n<meta property=\"article:published_time\" content=\"2025-10-09T16:54:42+00:00\" \/>\n<meta property=\"og:image\" content=\"https:\/\/exaudi.org\/wp-content\/uploads\/2025\/10\/1759925457.jpg\" \/>\n\t<meta property=\"og:image:width\" content=\"1664\" \/>\n\t<meta property=\"og:image:height\" content=\"928\" \/>\n\t<meta property=\"og:image:type\" content=\"image\/jpeg\" \/>\n<meta name=\"author\" content=\"Patricia Jim\u00e9nez Ram\u00edrez\" \/>\n<meta name=\"twitter:card\" content=\"summary_large_image\" \/>\n<meta name=\"twitter:creator\" content=\"@Exaudi_News\" \/>\n<meta name=\"twitter:site\" content=\"@Exaudi_News\" \/>\n<meta name=\"twitter:label1\" content=\"Scritto da\" \/>\n\t<meta name=\"twitter:data1\" content=\"Patricia Jim\u00e9nez Ram\u00edrez\" \/>\n\t<meta name=\"twitter:label2\" content=\"Tempo di lettura stimato\" \/>\n\t<meta name=\"twitter:data2\" content=\"2 minuti\" \/>\n<script type=\"application\/ld+json\" class=\"yoast-schema-graph\">{\"@context\":\"https:\\\/\\\/schema.org\",\"@graph\":[{\"@type\":\"Article\",\"@id\":\"https:\\\/\\\/exaudi.org\\\/it\\\/larte-di-sbagliare-bene-errori-umilta-e-crescita-personale-sul-lavoro\\\/#article\",\"isPartOf\":{\"@id\":\"https:\\\/\\\/exaudi.org\\\/it\\\/larte-di-sbagliare-bene-errori-umilta-e-crescita-personale-sul-lavoro\\\/\"},\"author\":{\"name\":\"Patricia Jim\u00e9nez Ram\u00edrez\",\"@id\":\"https:\\\/\\\/exaudi.org\\\/#\\\/schema\\\/person\\\/e7ff749045cafab5d7b926bb4edeaa51\"},\"headline\":\"L&#8217;arte di sbagliare bene: errori, umilt\u00e0 e crescita personale sul lavoro\",\"datePublished\":\"2025-10-09T16:54:42+00:00\",\"mainEntityOfPage\":{\"@id\":\"https:\\\/\\\/exaudi.org\\\/it\\\/larte-di-sbagliare-bene-errori-umilta-e-crescita-personale-sul-lavoro\\\/\"},\"wordCount\":514,\"image\":{\"@id\":\"https:\\\/\\\/exaudi.org\\\/it\\\/larte-di-sbagliare-bene-errori-umilta-e-crescita-personale-sul-lavoro\\\/#primaryimage\"},\"thumbnailUrl\":\"https:\\\/\\\/exaudi.org\\\/wp-content\\\/uploads\\\/2025\\\/10\\\/1759925457.jpg\",\"keywords\":[\"Apprendimento costante\",\"Coerenza personale e professionale\",\"CRESCITA PERSONALE\",\"Eccellenza umana\",\"Errori sul lavoro\",\"Etica del lavoro cattolica\",\"Etica e spiritualit\u00e0\",\"Forza personale\",\"Gestire gli errori\",\"Imparare dagli errori\",\"Leadership con umilt\u00e0\",\"Miglioramento personale sul posto di lavoro\",\"Patricia Jim\u00e9nez Ram\u00edrez\",\"Prudenza e temperanza\",\"RIFLESSIONE SPIRITUALE\",\"spiritualit\u00e0 ignaziana\",\"Superare i fallimenti\",\"sviluppo professionale\",\"Trending\",\"umilt\u00e0\",\"Virt\u00f9 aristotelica\",\"Vocazione e lavoro\"],\"articleSection\":[\"Voci\"],\"inLanguage\":\"it-IT\"},{\"@type\":\"WebPage\",\"@id\":\"https:\\\/\\\/exaudi.org\\\/it\\\/larte-di-sbagliare-bene-errori-umilta-e-crescita-personale-sul-lavoro\\\/\",\"url\":\"https:\\\/\\\/exaudi.org\\\/it\\\/larte-di-sbagliare-bene-errori-umilta-e-crescita-personale-sul-lavoro\\\/\",\"name\":\"L'arte di sbagliare bene: errori, umilt\u00e0 e crescita personale sul lavoro &#8211; Exaudi\",\"isPartOf\":{\"@id\":\"https:\\\/\\\/exaudi.org\\\/#website\"},\"primaryImageOfPage\":{\"@id\":\"https:\\\/\\\/exaudi.org\\\/it\\\/larte-di-sbagliare-bene-errori-umilta-e-crescita-personale-sul-lavoro\\\/#primaryimage\"},\"image\":{\"@id\":\"https:\\\/\\\/exaudi.org\\\/it\\\/larte-di-sbagliare-bene-errori-umilta-e-crescita-personale-sul-lavoro\\\/#primaryimage\"},\"thumbnailUrl\":\"https:\\\/\\\/exaudi.org\\\/wp-content\\\/uploads\\\/2025\\\/10\\\/1759925457.jpg\",\"datePublished\":\"2025-10-09T16:54:42+00:00\",\"author\":{\"@id\":\"https:\\\/\\\/exaudi.org\\\/#\\\/schema\\\/person\\\/e7ff749045cafab5d7b926bb4edeaa51\"},\"breadcrumb\":{\"@id\":\"https:\\\/\\\/exaudi.org\\\/it\\\/larte-di-sbagliare-bene-errori-umilta-e-crescita-personale-sul-lavoro\\\/#breadcrumb\"},\"inLanguage\":\"it-IT\",\"potentialAction\":[{\"@type\":\"ReadAction\",\"target\":[\"https:\\\/\\\/exaudi.org\\\/it\\\/larte-di-sbagliare-bene-errori-umilta-e-crescita-personale-sul-lavoro\\\/\"]}]},{\"@type\":\"ImageObject\",\"inLanguage\":\"it-IT\",\"@id\":\"https:\\\/\\\/exaudi.org\\\/it\\\/larte-di-sbagliare-bene-errori-umilta-e-crescita-personale-sul-lavoro\\\/#primaryimage\",\"url\":\"https:\\\/\\\/exaudi.org\\\/wp-content\\\/uploads\\\/2025\\\/10\\\/1759925457.jpg\",\"contentUrl\":\"https:\\\/\\\/exaudi.org\\\/wp-content\\\/uploads\\\/2025\\\/10\\\/1759925457.jpg\",\"width\":1664,\"height\":928},{\"@type\":\"BreadcrumbList\",\"@id\":\"https:\\\/\\\/exaudi.org\\\/it\\\/larte-di-sbagliare-bene-errori-umilta-e-crescita-personale-sul-lavoro\\\/#breadcrumb\",\"itemListElement\":[{\"@type\":\"ListItem\",\"position\":1,\"name\":\"Portada\",\"item\":\"https:\\\/\\\/exaudi.org\\\/it\\\/\"},{\"@type\":\"ListItem\",\"position\":2,\"name\":\"L&#8217;arte di sbagliare bene: errori, umilt\u00e0 e crescita personale sul lavoro\"}]},{\"@type\":\"WebSite\",\"@id\":\"https:\\\/\\\/exaudi.org\\\/#website\",\"url\":\"https:\\\/\\\/exaudi.org\\\/\",\"name\":\"Exaudi\",\"description\":\"News\",\"potentialAction\":[{\"@type\":\"SearchAction\",\"target\":{\"@type\":\"EntryPoint\",\"urlTemplate\":\"https:\\\/\\\/exaudi.org\\\/?s={search_term_string}\"},\"query-input\":{\"@type\":\"PropertyValueSpecification\",\"valueRequired\":true,\"valueName\":\"search_term_string\"}}],\"inLanguage\":\"it-IT\"},{\"@type\":\"Person\",\"@id\":\"https:\\\/\\\/exaudi.org\\\/#\\\/schema\\\/person\\\/e7ff749045cafab5d7b926bb4edeaa51\",\"name\":\"Patricia Jim\u00e9nez Ram\u00edrez\",\"image\":{\"@type\":\"ImageObject\",\"inLanguage\":\"it-IT\",\"@id\":\"https:\\\/\\\/secure.gravatar.com\\\/avatar\\\/c1f016f3010698237250f552cc424d09fd3f545baa3b0e2f5008eae3181ed438?s=96&d=mm&r=g\",\"url\":\"https:\\\/\\\/secure.gravatar.com\\\/avatar\\\/c1f016f3010698237250f552cc424d09fd3f545baa3b0e2f5008eae3181ed438?s=96&d=mm&r=g\",\"contentUrl\":\"https:\\\/\\\/secure.gravatar.com\\\/avatar\\\/c1f016f3010698237250f552cc424d09fd3f545baa3b0e2f5008eae3181ed438?s=96&d=mm&r=g\",\"caption\":\"Patricia Jim\u00e9nez Ram\u00edrez\"},\"description\":\"Soy una mujer comprometida con mi familia, con una s\u00f3lida experiencia empresarial y una profunda dedicaci\u00f3n al hogar. Durante a\u00f1os trabaj\u00e9 en diversos entornos empresariales, liderando equipos y gestionando proyectos de impacto. Sin embargo, en los \u00faltimos a\u00f1os he tomado la decisi\u00f3n de centrarme en mi hogar y dedicar m\u00e1s tiempo a mi marido e hijos, quienes son mi mayor prioridad. Mi experiencia en el \u00e1mbito empresarial me ha brindado valiosas habilidades en gesti\u00f3n del tiempo, organizaci\u00f3n, liderazgo y resoluci\u00f3n de problemas, que ahora aplico en mi vida familiar para fomentar un ambiente armonioso y saludable para todos\",\"url\":\"https:\\\/\\\/exaudi.org\\\/it\\\/author\\\/patricia-jimenez-ramirez\\\/\"}]}<\/script>\n<!-- \/ Yoast SEO plugin. -->","yoast_head_json":{"title":"L'arte di sbagliare bene: errori, umilt\u00e0 e crescita personale sul lavoro &#8211; Exaudi","robots":{"index":"index","follow":"follow","max-snippet":"max-snippet:-1","max-image-preview":"max-image-preview:large","max-video-preview":"max-video-preview:-1"},"canonical":"https:\/\/exaudi.org\/it\/larte-di-sbagliare-bene-errori-umilta-e-crescita-personale-sul-lavoro\/","og_locale":"it_IT","og_type":"article","og_title":"L'arte di sbagliare bene: errori, umilt\u00e0 e crescita personale sul lavoro &#8211; Exaudi","og_description":"Come accettare gli errori rafforza la coerenza personale e professionale","og_url":"https:\/\/exaudi.org\/it\/larte-di-sbagliare-bene-errori-umilta-e-crescita-personale-sul-lavoro\/","og_site_name":"Exaudi","article_publisher":"https:\/\/www.facebook.com\/ExaudiNews","article_published_time":"2025-10-09T16:54:42+00:00","og_image":[{"width":1664,"height":928,"url":"https:\/\/exaudi.org\/wp-content\/uploads\/2025\/10\/1759925457.jpg","type":"image\/jpeg"}],"author":"Patricia Jim\u00e9nez Ram\u00edrez","twitter_card":"summary_large_image","twitter_creator":"@Exaudi_News","twitter_site":"@Exaudi_News","twitter_misc":{"Scritto da":"Patricia Jim\u00e9nez Ram\u00edrez","Tempo di lettura stimato":"2 minuti"},"schema":{"@context":"https:\/\/schema.org","@graph":[{"@type":"Article","@id":"https:\/\/exaudi.org\/it\/larte-di-sbagliare-bene-errori-umilta-e-crescita-personale-sul-lavoro\/#article","isPartOf":{"@id":"https:\/\/exaudi.org\/it\/larte-di-sbagliare-bene-errori-umilta-e-crescita-personale-sul-lavoro\/"},"author":{"name":"Patricia Jim\u00e9nez Ram\u00edrez","@id":"https:\/\/exaudi.org\/#\/schema\/person\/e7ff749045cafab5d7b926bb4edeaa51"},"headline":"L&#8217;arte di sbagliare bene: errori, umilt\u00e0 e crescita personale sul lavoro","datePublished":"2025-10-09T16:54:42+00:00","mainEntityOfPage":{"@id":"https:\/\/exaudi.org\/it\/larte-di-sbagliare-bene-errori-umilta-e-crescita-personale-sul-lavoro\/"},"wordCount":514,"image":{"@id":"https:\/\/exaudi.org\/it\/larte-di-sbagliare-bene-errori-umilta-e-crescita-personale-sul-lavoro\/#primaryimage"},"thumbnailUrl":"https:\/\/exaudi.org\/wp-content\/uploads\/2025\/10\/1759925457.jpg","keywords":["Apprendimento costante","Coerenza personale e professionale","CRESCITA PERSONALE","Eccellenza umana","Errori sul lavoro","Etica del lavoro cattolica","Etica e spiritualit\u00e0","Forza personale","Gestire gli errori","Imparare dagli errori","Leadership con umilt\u00e0","Miglioramento personale sul posto di lavoro","Patricia Jim\u00e9nez Ram\u00edrez","Prudenza e temperanza","RIFLESSIONE SPIRITUALE","spiritualit\u00e0 ignaziana","Superare i fallimenti","sviluppo professionale","Trending","umilt\u00e0","Virt\u00f9 aristotelica","Vocazione e lavoro"],"articleSection":["Voci"],"inLanguage":"it-IT"},{"@type":"WebPage","@id":"https:\/\/exaudi.org\/it\/larte-di-sbagliare-bene-errori-umilta-e-crescita-personale-sul-lavoro\/","url":"https:\/\/exaudi.org\/it\/larte-di-sbagliare-bene-errori-umilta-e-crescita-personale-sul-lavoro\/","name":"L'arte di sbagliare bene: errori, umilt\u00e0 e crescita personale sul lavoro &#8211; Exaudi","isPartOf":{"@id":"https:\/\/exaudi.org\/#website"},"primaryImageOfPage":{"@id":"https:\/\/exaudi.org\/it\/larte-di-sbagliare-bene-errori-umilta-e-crescita-personale-sul-lavoro\/#primaryimage"},"image":{"@id":"https:\/\/exaudi.org\/it\/larte-di-sbagliare-bene-errori-umilta-e-crescita-personale-sul-lavoro\/#primaryimage"},"thumbnailUrl":"https:\/\/exaudi.org\/wp-content\/uploads\/2025\/10\/1759925457.jpg","datePublished":"2025-10-09T16:54:42+00:00","author":{"@id":"https:\/\/exaudi.org\/#\/schema\/person\/e7ff749045cafab5d7b926bb4edeaa51"},"breadcrumb":{"@id":"https:\/\/exaudi.org\/it\/larte-di-sbagliare-bene-errori-umilta-e-crescita-personale-sul-lavoro\/#breadcrumb"},"inLanguage":"it-IT","potentialAction":[{"@type":"ReadAction","target":["https:\/\/exaudi.org\/it\/larte-di-sbagliare-bene-errori-umilta-e-crescita-personale-sul-lavoro\/"]}]},{"@type":"ImageObject","inLanguage":"it-IT","@id":"https:\/\/exaudi.org\/it\/larte-di-sbagliare-bene-errori-umilta-e-crescita-personale-sul-lavoro\/#primaryimage","url":"https:\/\/exaudi.org\/wp-content\/uploads\/2025\/10\/1759925457.jpg","contentUrl":"https:\/\/exaudi.org\/wp-content\/uploads\/2025\/10\/1759925457.jpg","width":1664,"height":928},{"@type":"BreadcrumbList","@id":"https:\/\/exaudi.org\/it\/larte-di-sbagliare-bene-errori-umilta-e-crescita-personale-sul-lavoro\/#breadcrumb","itemListElement":[{"@type":"ListItem","position":1,"name":"Portada","item":"https:\/\/exaudi.org\/it\/"},{"@type":"ListItem","position":2,"name":"L&#8217;arte di sbagliare bene: errori, umilt\u00e0 e crescita personale sul lavoro"}]},{"@type":"WebSite","@id":"https:\/\/exaudi.org\/#website","url":"https:\/\/exaudi.org\/","name":"Exaudi","description":"News","potentialAction":[{"@type":"SearchAction","target":{"@type":"EntryPoint","urlTemplate":"https:\/\/exaudi.org\/?s={search_term_string}"},"query-input":{"@type":"PropertyValueSpecification","valueRequired":true,"valueName":"search_term_string"}}],"inLanguage":"it-IT"},{"@type":"Person","@id":"https:\/\/exaudi.org\/#\/schema\/person\/e7ff749045cafab5d7b926bb4edeaa51","name":"Patricia Jim\u00e9nez Ram\u00edrez","image":{"@type":"ImageObject","inLanguage":"it-IT","@id":"https:\/\/secure.gravatar.com\/avatar\/c1f016f3010698237250f552cc424d09fd3f545baa3b0e2f5008eae3181ed438?s=96&d=mm&r=g","url":"https:\/\/secure.gravatar.com\/avatar\/c1f016f3010698237250f552cc424d09fd3f545baa3b0e2f5008eae3181ed438?s=96&d=mm&r=g","contentUrl":"https:\/\/secure.gravatar.com\/avatar\/c1f016f3010698237250f552cc424d09fd3f545baa3b0e2f5008eae3181ed438?s=96&d=mm&r=g","caption":"Patricia Jim\u00e9nez Ram\u00edrez"},"description":"Soy una mujer comprometida con mi familia, con una s\u00f3lida experiencia empresarial y una profunda dedicaci\u00f3n al hogar. Durante a\u00f1os trabaj\u00e9 en diversos entornos empresariales, liderando equipos y gestionando proyectos de impacto. Sin embargo, en los \u00faltimos a\u00f1os he tomado la decisi\u00f3n de centrarme en mi hogar y dedicar m\u00e1s tiempo a mi marido e hijos, quienes son mi mayor prioridad. Mi experiencia en el \u00e1mbito empresarial me ha brindado valiosas habilidades en gesti\u00f3n del tiempo, organizaci\u00f3n, liderazgo y resoluci\u00f3n de problemas, que ahora aplico en mi vida familiar para fomentar un ambiente armonioso y saludable para todos","url":"https:\/\/exaudi.org\/it\/author\/patricia-jimenez-ramirez\/"}]}},"jetpack_featured_media_url":"https:\/\/exaudi.org\/wp-content\/uploads\/2025\/10\/1759925457.jpg","jetpack_shortlink":"https:\/\/wp.me\/pgKjF2-Aix","_links":{"self":[{"href":"https:\/\/exaudi.org\/it\/wp-json\/wp\/v2\/posts\/139533","targetHints":{"allow":["GET"]}}],"collection":[{"href":"https:\/\/exaudi.org\/it\/wp-json\/wp\/v2\/posts"}],"about":[{"href":"https:\/\/exaudi.org\/it\/wp-json\/wp\/v2\/types\/post"}],"author":[{"embeddable":true,"href":"https:\/\/exaudi.org\/it\/wp-json\/wp\/v2\/users\/151"}],"replies":[{"embeddable":true,"href":"https:\/\/exaudi.org\/it\/wp-json\/wp\/v2\/comments?post=139533"}],"version-history":[{"count":3,"href":"https:\/\/exaudi.org\/it\/wp-json\/wp\/v2\/posts\/139533\/revisions"}],"predecessor-version":[{"id":139536,"href":"https:\/\/exaudi.org\/it\/wp-json\/wp\/v2\/posts\/139533\/revisions\/139536"}],"wp:featuredmedia":[{"embeddable":true,"href":"https:\/\/exaudi.org\/it\/wp-json\/wp\/v2\/media\/139335"}],"wp:attachment":[{"href":"https:\/\/exaudi.org\/it\/wp-json\/wp\/v2\/media?parent=139533"}],"wp:term":[{"taxonomy":"category","embeddable":true,"href":"https:\/\/exaudi.org\/it\/wp-json\/wp\/v2\/categories?post=139533"},{"taxonomy":"post_tag","embeddable":true,"href":"https:\/\/exaudi.org\/it\/wp-json\/wp\/v2\/tags?post=139533"}],"curies":[{"name":"wp","href":"https:\/\/api.w.org\/{rel}","templated":true}]}}