{"id":139133,"date":"2025-10-06T17:47:22","date_gmt":"2025-10-06T15:47:22","guid":{"rendered":"https:\/\/exaudi.org\/?p=139133"},"modified":"2025-10-06T17:47:22","modified_gmt":"2025-10-06T15:47:22","slug":"aborto-e-salute-ci-sono-conseguenze-per-le-donne-che-hanno-abortito","status":"publish","type":"post","link":"https:\/\/exaudi.org\/it\/aborto-e-salute-ci-sono-conseguenze-per-le-donne-che-hanno-abortito\/","title":{"rendered":"Aborto e salute: ci sono conseguenze per le donne che hanno abortito?"},"content":{"rendered":"<p><span dir=\"auto\" style=\"vertical-align: inherit\"><span dir=\"auto\" style=\"vertical-align: inherit\">Numerosi studi hanno analizzato i possibili effetti collaterali che l&#8217;aborto indotto pu\u00f2 causare nelle donne che ne soffrono. Questi effetti collaterali non devono essere considerati una sindrome, poich\u00e9 il termine &#8220;sindrome&#8221; viene utilizzato per descrivere un insieme di segni e sintomi che, se presenti contemporaneamente, indicano l&#8217;esistenza di una specifica malattia o disturbo. Nel caso\u00a0 <\/span><\/span><a href=\"https:\/\/www.observatoriobioetica.org\/2017\/04\/estatuto-biologico-del-embrion-humano-3\/15982\"><span dir=\"auto\" style=\"vertical-align: inherit\"><span dir=\"auto\" style=\"vertical-align: inherit\">dell&#8217;aborto<\/span><\/span><\/a><span dir=\"auto\" style=\"vertical-align: inherit\"><span dir=\"auto\" style=\"vertical-align: inherit\"> , i diversi effetti collaterali non si manifestano contemporaneamente in tutti i casi, quindi \u00e8 errato definirli sindrome.<\/span><\/span><\/p>\n<p><span dir=\"auto\" style=\"vertical-align: inherit\"><span dir=\"auto\" style=\"vertical-align: inherit\">Sebbene alcuni di loro affermino di non aver trovato una chiara correlazione tra un aumento dei disturbi psichiatrici o dei comportamenti di dipendenza nelle donne che hanno abortito volontariamente rispetto a quelle che hanno partorito, trovano prove di un aumento delle conseguenze correlate nelle donne che hanno avuto due o pi\u00f9 aborti (G\u00f3mez &amp; Zapata, 2005) (Council of Representatives of the American Psychological Association (APA), 2008) (Pedersen, 2008) (Taft &amp; Watson, 2008) (Steinberg &amp; Russo, 2008) (Academy of Medical Royal Colleges, National Collaborating Centre for Mental Health, 2011) (Munk-Olsen, Laursen, Pedersen, &amp; al, 2011).<\/span><\/span><\/p>\n<p><span dir=\"auto\" style=\"vertical-align: inherit\"><span dir=\"auto\" style=\"vertical-align: inherit\">Aznar et al. affermano che tutti gli studi esaminati possono contenere distorsioni metodologiche, tra cui la possibile esistenza di gruppi campione eterogenei, la mancanza di follow-up a lungo termine delle donne studiate in alcuni studi, una valutazione inadeguata della storia medica delle donne, soprattutto per quanto riguarda le loro circostanze riproduttive e la salute mentale, il diverso contesto in cui \u00e8 stato eseguito l&#8217;aborto, possibili distorsioni nell&#8217;interpretazione dei dati, soprattutto condizionate dalle caratteristiche ideologiche delle persone o delle istituzioni che hanno condotto lo studio, il senso di colpa che la donna pu\u00f2 provare per aver abortito, che pu\u00f2 essere un fattore importante, se non decisivo, nella sua sofferenza psicologica dopo l&#8217;aborto. ( <\/span><\/span><a href=\"https:\/\/www.scielo.cl\/scielo.php?pid=S1726-569X2014000200006&amp;script=sci_abstract\"><span dir=\"auto\" style=\"vertical-align: inherit\"><span dir=\"auto\" style=\"vertical-align: inherit\">Aznar &amp; Cerd\u00e1, Abortion and Women&#8217;s Mental Health, 2014<\/span><\/span><\/a><span dir=\"auto\" style=\"vertical-align: inherit\"><span dir=\"auto\" style=\"vertical-align: inherit\"> ).<\/span><\/span><\/p>\n<p><span dir=\"auto\" style=\"vertical-align: inherit\"><span dir=\"auto\" style=\"vertical-align: inherit\">Tuttavia, altri studi, che utilizzano campioni pi\u00f9 ampi e follow-up pi\u00f9 lunghi, stabiliscono una relazione di causa-effetto tra gli aborti e lo sviluppo di vari problemi di salute nelle donne che li hanno subiti.<\/span><\/span><\/p>\n<p><span dir=\"auto\" style=\"vertical-align: inherit\"><span dir=\"auto\" style=\"vertical-align: inherit\">Tra questi, degno di nota \u00e8 il lavoro di Fergusson et al., che ha incluso una coorte di 534 donne con 1.265 figli nati a Christchurch, una regione urbana della Nuova Zelanda, che sono state seguite dalla nascita fino al raggiungimento dei 30 anni (Fergusson, Horwood e Boden, 2008).<\/span><\/span><\/p>\n<p><span dir=\"auto\" style=\"vertical-align: inherit\"><span dir=\"auto\" style=\"vertical-align: inherit\">Gli autori giungono alle seguenti conclusioni:<\/span><\/span><\/p>\n<ul>\n<li><span dir=\"auto\" style=\"vertical-align: inherit\"><span dir=\"auto\" style=\"vertical-align: inherit\">Gli aborti indotti sono associati a un aumento dei problemi mentali tra 1,86 e 7,08 volte superiore rispetto alle donne che non hanno abortito;<\/span><\/span><\/li>\n<li><span dir=\"auto\" style=\"vertical-align: inherit\"><span dir=\"auto\" style=\"vertical-align: inherit\">Gli aborti spontanei sono inoltre associati a un modesto ma evidente aumento dei problemi di salute mentale, un aumento che potrebbe essere stimato tra 1,76 e 3,30 volte superiore;<\/span><\/span><\/li>\n<li><span dir=\"auto\" style=\"vertical-align: inherit\"><span dir=\"auto\" style=\"vertical-align: inherit\">Le nascite successive a una gravidanza indesiderata o a reazioni avverse durante la gravidanza sono associate a un piccolo aumento del rischio di problemi mentali, ad eccezione dell&#8217;alcolismo;<\/span><\/span><\/li>\n<li><span dir=\"auto\" style=\"vertical-align: inherit\"><span dir=\"auto\" style=\"vertical-align: inherit\">L&#8217;associazione tra problemi mentali dopo una gravidanza normale \u00e8 debole e incoerente;<\/span><\/span><\/li>\n<li><span dir=\"auto\" style=\"vertical-align: inherit\"><span dir=\"auto\" style=\"vertical-align: inherit\">Nelle donne che hanno avuto un aborto, il rischio di avere problemi di salute mentale aumenta del 30% rispetto a quelle che non ne hanno avuto uno,<\/span><\/span><\/li>\n<li><span dir=\"auto\" style=\"vertical-align: inherit\"><span dir=\"auto\" style=\"vertical-align: inherit\">I disturbi mentali attribuibili all&#8217;aborto rappresentano tra l&#8217;1,5% e il 5,5% di tutti i disturbi mentali nelle donne.<\/span><\/span><\/li>\n<\/ul>\n<p><span dir=\"auto\" style=\"vertical-align: inherit\"><span dir=\"auto\" style=\"vertical-align: inherit\">Un altro lavoro, una revisione di Coleman, valuta tutti gli articoli pubblicati in inglese tra il 1995 e il 2009, selezionando 22 articoli per la valutazione finale: 15 dagli Stati Uniti e 7 da altri paesi. (Coleman, Abortion and Mental Health: Quantitative Synthesis and Analysis of Research Published 1995-2009, 2011)<\/span><\/span><\/p>\n<p><span dir=\"auto\" style=\"vertical-align: inherit\"><span dir=\"auto\" style=\"vertical-align: inherit\">Include un totale di 877.181 donne, divise in tre gruppi: a) uno di donne sane, non incinte; b) un altro di donne sane, incinte, che hanno partorito un bambino vivo normale; e c) un terzo gruppo che include 163.831 donne che hanno abortito.<\/span><\/span><\/p>\n<p><a href=\"https:\/\/www.observatoriobioetica.org\/wp-content\/uploads\/2025\/10\/fotos-web-Observatorio-Bioetica-13-scaled.jpg\" data-caption=\"\"><img loading=\"lazy\" decoding=\"async\" class=\"alignnone wp-image-10005083 \" src=\"https:\/\/www.observatoriobioetica.org\/wp-content\/uploads\/2025\/10\/fotos-web-Observatorio-Bioetica-13-scaled-e1759483655812-1024x202.jpg\" alt=\"\" width=\"1435\" height=\"283\" \/><\/a><\/p>\n<p><span dir=\"auto\" style=\"vertical-align: inherit\"><span dir=\"auto\" style=\"vertical-align: inherit\">Gli autori giungono alle seguenti conclusioni:<\/span><\/span><\/p>\n<ul>\n<li><span dir=\"auto\" style=\"vertical-align: inherit\"><span dir=\"auto\" style=\"vertical-align: inherit\">Le donne che hanno abortito hanno l&#8217;81% di probabilit\u00e0 in pi\u00f9 di soffrire di problemi di salute mentale rispetto a quelle che non l&#8217;hanno fatto.<\/span><\/span><\/li>\n<li><span dir=\"auto\" style=\"vertical-align: inherit\"><span dir=\"auto\" style=\"vertical-align: inherit\">In questi soggetti la probabilit\u00e0 di soffrire di problemi di ansia \u00e8 maggiore del 34%.<\/span><\/span><\/li>\n<li><span dir=\"auto\" style=\"vertical-align: inherit\"><span dir=\"auto\" style=\"vertical-align: inherit\">La probabilit\u00e0 di soffrire di depressione \u00e8 maggiore del 37%.<\/span><\/span><\/li>\n<li><span dir=\"auto\" style=\"vertical-align: inherit\"><span dir=\"auto\" style=\"vertical-align: inherit\">110% di probabilit\u00e0 in pi\u00f9 di cadere nell&#8217;alcolismo.<\/span><\/span><\/li>\n<li><span dir=\"auto\" style=\"vertical-align: inherit\"><span dir=\"auto\" style=\"vertical-align: inherit\">Probabilit\u00e0 di consumo di marijuana aumentata del 220%.<\/span><\/span><\/li>\n<li><span dir=\"auto\" style=\"vertical-align: inherit\"><span dir=\"auto\" style=\"vertical-align: inherit\">Il 10% delle donne affette da disturbi mentali ha abortito prima della comparsa dei sintomi clinici.<\/span><\/span><\/li>\n<\/ul>\n<p><span dir=\"auto\" style=\"vertical-align: inherit\"><span dir=\"auto\" style=\"vertical-align: inherit\">Un team guidato dallo stesso autore ha pubblicato un altro studio nel 2017 che ha coinvolto 987 donne americane che hanno completato un sondaggio psicologico dopo aver subito un aborto. (Coleman, Boswell, Etzkorn e Turnwald, 2017).<\/span><\/span><\/p>\n<p><span dir=\"auto\" style=\"vertical-align: inherit\"><span dir=\"auto\" style=\"vertical-align: inherit\">\u00c8 stata posta la seguente domanda: &#8220;Quali sono gli aspetti negativi pi\u00f9 significativi, se ce ne sono, che derivano dalla tua decisione di abortire?&#8221;<\/span><\/span><\/p>\n<p><span dir=\"auto\" style=\"vertical-align: inherit\"><span dir=\"auto\" style=\"vertical-align: inherit\">Vale la pena sottolineare le seguenti conclusioni:<\/span><\/span><\/p>\n<ul>\n<li><span dir=\"auto\" style=\"vertical-align: inherit\"><span dir=\"auto\" style=\"vertical-align: inherit\">Il 23,7% degli intervistati ha riconosciuto che l&#8217;aborto ha posto fine a una vita umana.<\/span><\/span><\/li>\n<li><span dir=\"auto\" style=\"vertical-align: inherit\"><span dir=\"auto\" style=\"vertical-align: inherit\">14,4% Depressione.<\/span><\/span><\/li>\n<li><span dir=\"auto\" style=\"vertical-align: inherit\"><span dir=\"auto\" style=\"vertical-align: inherit\">14% Senso di colpa\/rimorso.<\/span><\/span><\/li>\n<li><span dir=\"auto\" style=\"vertical-align: inherit\"><span dir=\"auto\" style=\"vertical-align: inherit\">12,4% odio verso se stessi \/ rabbia verso se stessi \/ disprezzo per se stessi \/ sentimenti di inutilit\u00e0.<\/span><\/span><\/li>\n<li><span dir=\"auto\" style=\"vertical-align: inherit\"><span dir=\"auto\" style=\"vertical-align: inherit\">10,9% vergogna.<\/span><\/span><\/li>\n<li><span dir=\"auto\" style=\"vertical-align: inherit\"><span dir=\"auto\" style=\"vertical-align: inherit\">9% dipendenza, abuso di alcol o droghe, compreso l&#8217;alcolismo.<\/span><\/span><\/li>\n<li><span dir=\"auto\" style=\"vertical-align: inherit\"><span dir=\"auto\" style=\"vertical-align: inherit\">9,3% di rimpianti.<\/span><\/span><\/li>\n<li><span dir=\"auto\" style=\"vertical-align: inherit\"><span dir=\"auto\" style=\"vertical-align: inherit\">7,7% Comportamenti autodistruttivi, tra cui promiscuit\u00e0 e autopunizione.<\/span><\/span><\/li>\n<li><span dir=\"auto\" style=\"vertical-align: inherit\"><span dir=\"auto\" style=\"vertical-align: inherit\">7,6% bassa autostima.<\/span><\/span><\/li>\n<li><span dir=\"auto\" style=\"vertical-align: inherit\"><span dir=\"auto\" style=\"vertical-align: inherit\">7,1% Ansia\/paura.<\/span><\/span><\/li>\n<li><span dir=\"auto\" style=\"vertical-align: inherit\"><span dir=\"auto\" style=\"vertical-align: inherit\">6,2% pensieri suicidi \/ pensieri suicidi \/ desiderio di morire \/ autolesionismo \/ rischi pericolosi \/ tentativi di suicidio.<\/span><\/span><\/li>\n<\/ul>\n<p><span dir=\"auto\" style=\"vertical-align: inherit\"><span dir=\"auto\" style=\"vertical-align: inherit\">Tuttavia, non tutti hanno avuto effetti negativi, come ad esempio:<\/span><\/span><\/p>\n<ul>\n<li><span dir=\"auto\" style=\"vertical-align: inherit\"><span dir=\"auto\" style=\"vertical-align: inherit\">Il 17,5% ha affermato di aver sperimentato una crescita spirituale.<\/span><\/span><\/li>\n<li><span dir=\"auto\" style=\"vertical-align: inherit\"><span dir=\"auto\" style=\"vertical-align: inherit\">Il 13,3% era impegnato in attivit\u00e0 di volontariato legate alla lotta contro l&#8217;aborto.<\/span><\/span><\/li>\n<li><span dir=\"auto\" style=\"vertical-align: inherit\"><span dir=\"auto\" style=\"vertical-align: inherit\">Il 6,4% \u00e8 diventato attivista pro-life.<\/span><\/span><\/li>\n<li><span dir=\"auto\" style=\"vertical-align: inherit\"><span dir=\"auto\" style=\"vertical-align: inherit\">Il 7,5% si era convertito al cristianesimo.<\/span><\/span><\/li>\n<\/ul>\n<p><span dir=\"auto\" style=\"vertical-align: inherit\"><span dir=\"auto\" style=\"vertical-align: inherit\">Un altro articolo, pubblicato nel \u201cEuropean Journal of Public Health\u201d nel 2017, afferma che proseguire la gravidanza nelle adolescenti \u00e8 un fattore protettivo che riduce il rischio di suicidio del 50% e di morte per altre cause del 40%, affermando che \u201cil gruppo che ha continuato la gravidanza fino al parto ha mostrato rischi inferiori di suicidio (MRR aggiustato 0,5, [95% CI: 0,3-0,9]) e di morte per lesioni e avvelenamento (MRR aggiustato 0,6, [95% CI: 0,4-0,8]) rispetto alle donne che avevano subito un aborto\u201d. (Jalanko, Lepp\u00e4lahti, Heikinheimo e Gissler, 2017).<\/span><\/span><\/p>\n<p><span dir=\"auto\" style=\"vertical-align: inherit\"><span dir=\"auto\" style=\"vertical-align: inherit\">Altri studi hanno esaminato la possibile relazione tra la storia della gravidanza, la storia degli aborti spontanei e la storia degli aborti indotti e il rischio di determinati disturbi, nonch\u00e9 i tassi di mortalit\u00e0 in determinate popolazioni di donne.<\/span><\/span><\/p>\n<p><span dir=\"auto\" style=\"vertical-align: inherit\"><span dir=\"auto\" style=\"vertical-align: inherit\">Una revisione sistematica statisticamente solida ha tentato di riunire questi studi al fine di trarre conclusioni rappresentative sull&#8217;incidenza degli aborti, sia spontanei (&#8220;aborto spontaneo&#8221;) che indotti (&#8220;interruzioni di gravidanza&#8221; (TOP)), sulla frequenza di determinati problemi di salute e sui successivi tassi di mortalit\u00e0 nelle donne che hanno avuto una gravidanza, nonch\u00e9 sulla possibile relazione tra il numero di gravidanze non interrotte e l&#8217;aumento di questi rischi nella stessa donna. (Reardon &amp; Thorp, 2017).<\/span><\/span><\/p>\n<p><span dir=\"auto\" style=\"vertical-align: inherit\"><span dir=\"auto\" style=\"vertical-align: inherit\">Lo studio ha selezionato un totale di 68 studi che hanno collegato il tasso di gravidanze terminate con un parto e di quelle terminate con un aborto con la prevalenza di disturbi e mortalit\u00e0 nelle donne colpite.<\/span><\/span><\/p>\n<p><span dir=\"auto\" style=\"vertical-align: inherit\"><span dir=\"auto\" style=\"vertical-align: inherit\">Dall&#8217;analisi dei dati presentati nei diversi studi selezionati, gli autori concludono che \u00e8 possibile stabilire una correlazione tra aborti, sia spontanei che indotti, e un aumento del rischio di morte o di sviluppo di alcune patologie nelle donne studiate. Inoltre, tale rischio sembra essere dose-dipendente, risultando significativamente pi\u00f9 elevato nelle donne che hanno avuto due o pi\u00f9 aborti spontanei nelle gravidanze precedenti.<\/span><\/span><\/p>\n<p><span dir=\"auto\" style=\"vertical-align: inherit\"><span dir=\"auto\" style=\"vertical-align: inherit\">Il rischio di morte durante la gravidanza e nell&#8217;anno successivo all&#8217;aborto viene confrontato con quello delle donne che hanno partorito un bambino vivo. Per le donne che hanno subito un aborto indotto (ICA), questo rischio \u00e8 superiore del 170% rispetto alle donne che hanno partorito un bambino vivo. Il rischio \u00e8 superiore dell&#8217;84% rispetto ai parti a termine in caso di aborti spontanei. In altre parole, la perdita di un bambino dopo un aborto indotto comporta un rischio di morte nell&#8217;anno successivo all&#8217;aborto doppio rispetto a un aborto spontaneo.<\/span><\/span><\/p>\n<p><span dir=\"auto\" style=\"vertical-align: inherit\"><span dir=\"auto\" style=\"vertical-align: inherit\">Anche il confronto tra i gruppi che hanno subito aborti, spontanei o indotti, e quello delle donne che hanno partorito bambini vivi \u00e8 significativo. Questa meta-analisi mostra che il tasso di mortalit\u00e0 delle donne che hanno subito un aborto, spontaneo o indotto, \u00e8 pi\u00f9 del doppio di quello di quelle che hanno partorito bambini vivi. Ancora una volta, il rischio per le donne che hanno subito un aborto indotto \u00e8 significativamente pi\u00f9 alto rispetto a quello del gruppo che ha subito aborti spontanei.<\/span><\/span><\/p>\n<p><span dir=\"auto\" style=\"vertical-align: inherit\"><span dir=\"auto\" style=\"vertical-align: inherit\">Alcune delle cause di morte tra queste donne sono suicidio, incidenti o omicidio. Esiste una correlazione tra l&#8217;aborto e un aumento dei comportamenti autodistruttivi, che potrebbe essere alla base delle suddette cause di morte. Uno studio condotto nel Regno Unito ha rivelato che un&#8217;alta percentuale di decessi accidentali correlati era dovuta a overdose di farmaci.<\/span><\/span><\/p>\n<p><span dir=\"auto\" style=\"vertical-align: inherit\"><span dir=\"auto\" style=\"vertical-align: inherit\">Un risultato significativo di questa meta-analisi \u00e8 l&#8217;effetto &#8220;protettivo&#8221; che le gravidanze a termine sembrano avere sul rischio di morte, che \u00e8 inferiore nelle donne che hanno partorito rispetto a quelle che non l&#8217;hanno fatto.<\/span><\/span><\/p>\n<p><span dir=\"auto\" style=\"vertical-align: inherit\"><span dir=\"auto\" style=\"vertical-align: inherit\">Per quanto riguarda la possibilit\u00e0 di una relazione tra il numero di aborti per donna e il suo successivo tasso di mortalit\u00e0, questo studio mostra quanto segue:<\/span><\/span><\/p>\n<p><span dir=\"auto\" style=\"vertical-align: inherit\"><span dir=\"auto\" style=\"vertical-align: inherit\">Il tasso di mortalit\u00e0 per le donne che hanno avuto tre o pi\u00f9 aborti indotti \u00e8 di 2,92 rispetto al gruppo di riferimento di donne che non ne hanno avuto nessuno. Per due aborti, \u00e8 di 2,14 e per un singolo aborto, \u00e8 di 1,45. Questi valori sono superiori a quelli del gruppo di donne che hanno subito aborti spontanei, che sono rispettivamente di 2,51, 1,87 e 1,44.<\/span><\/span><\/p>\n<p><span dir=\"auto\" style=\"vertical-align: inherit\"><span dir=\"auto\" style=\"vertical-align: inherit\">Per le donne che hanno partorito bambini vivi, il rischio \u00e8 inferiore rispetto a quelle che non sono rimaste incinte, con rapporti di 0,69 per le madri di tre o pi\u00f9 figli e di 0,54 per quelle di due. Non ci sono dati statisticamente significativi per le madri di un solo figlio.<\/span><\/span><\/p>\n<p><span dir=\"auto\" style=\"vertical-align: inherit\"><span dir=\"auto\" style=\"vertical-align: inherit\">Gli autori sottolineano la difficolt\u00e0 nel reperire studi che colleghino il rischio di mortalit\u00e0 successiva all&#8217;aborto, affermando che gli sforzi per legalizzare ed espandere le pratiche abortive potrebbero ostacolare la ricerca e la pubblicazione di studi che tentano di stabilire questa relazione.<\/span><\/span><\/p>\n<p><span dir=\"auto\" style=\"vertical-align: inherit\"><span dir=\"auto\" style=\"vertical-align: inherit\">Infine, le donne costrette ad abortire sono maggiormente a rischio di gravi complicazioni, tra cui tendenze autodistruttive. I tassi di suicidio, pi\u00f9 bassi tra le donne che hanno partorito, sono particolarmente elevati tra coloro che hanno subito aborti indotti, come dimostra questa revisione.<\/span><\/span><\/p>\n<p><span dir=\"auto\" style=\"vertical-align: inherit\"><span dir=\"auto\" style=\"vertical-align: inherit\">Infine, uno studio pubblicato nel 2019 sulla rivista Front Neuroscience ha valutato oggettivamente le conseguenze biologiche, fisiologiche e comportamentali dell&#8217;interruzione di gravidanza indotta da farmaci in un modello animale: ratti Long-Evans femmina.<\/span><\/span><\/p>\n<p><span dir=\"auto\" style=\"vertical-align: inherit\"><span dir=\"auto\" style=\"vertical-align: inherit\">Secondo gli autori, questo studio \u00e8 il primo ad affrontare i potenziali effetti biologici, comportamentali e biochimici associati all&#8217;interruzione di gravidanza in un modello animale. Inoltre, i risultati di questo studio sembrano supportare la letteratura attuale sui benefici del portare a termine una gravidanza.<\/span><\/span><\/p>\n<p><span dir=\"auto\" style=\"vertical-align: inherit\"><span dir=\"auto\" style=\"vertical-align: inherit\">Affermano inoltre la validit\u00e0 di questo modello come metodo oggettivo per indagare i possibili effetti fisici (biologici e fisiologici) e comportamentali dell&#8217;interruzione indotta della gravidanza.<\/span><\/span><\/p>\n<p><span dir=\"auto\" style=\"vertical-align: inherit\"><span dir=\"auto\" style=\"vertical-align: inherit\">Concludono che i loro risultati suggeriscono fortemente che l&#8217;interruzione della gravidanza a met\u00e0 nel modello animale (equivalente al primo trimestre negli esseri umani) induce significativi cambiamenti biologici e comportamentali negativi nel ratto.<\/span><\/span><\/p>\n<p><span dir=\"auto\" style=\"vertical-align: inherit\"><span dir=\"auto\" style=\"vertical-align: inherit\">Analogamente, dai suoi risultati si pu\u00f2 dedurre che esiste una differenza significativa tra aborto indotto e aborto naturale. Pertanto, questo studio evidenzia l&#8217;importanza e la necessit\u00e0 di ulteriori ricerche oggettive sull&#8217;aborto indotto, inclusi studi a livello fisiologico e neurofisiologico. Questo lavoro pu\u00f2 ampliare la nostra comprensione e potenzialmente far luce sul potenziale impatto biocomportamentale di tale procedura a livello individuale.<\/span><\/span><\/p>\n<p><span dir=\"auto\" style=\"vertical-align: inherit\"><span dir=\"auto\" style=\"vertical-align: inherit\">Va aggiunto che, trattandosi di un modello animale, i cambiamenti negativi oggettivamente osservati associati all&#8217;aborto indotto non includono possibili effetti legati al senso di colpa o alle convinzioni religiose o agli atteggiamenti morali, ma sono dovuti esclusivamente a squilibri neurofisiologici correlati all&#8217;aborto indotto.<\/span><\/span><\/p>\n<p><a href=\"https:\/\/www.observatoriobioetica.org\/wp-content\/uploads\/2025\/10\/fotos-web-Observatorio-Bioetica-12-scaled.jpg\" data-caption=\"\"><img loading=\"lazy\" decoding=\"async\" class=\"alignnone wp-image-10005079 \" src=\"https:\/\/www.observatoriobioetica.org\/wp-content\/uploads\/2025\/10\/fotos-web-Observatorio-Bioetica-12-scaled-e1759483388221-1024x200.jpg\" alt=\"\" width=\"1434\" height=\"280\" \/><\/a><\/p>\n<h3><strong><span dir=\"auto\" style=\"vertical-align: inherit\"><span dir=\"auto\" style=\"vertical-align: inherit\">Conclusione<\/span><\/span><\/strong><\/h3>\n<p><span dir=\"auto\" style=\"vertical-align: inherit\"><span dir=\"auto\" style=\"vertical-align: inherit\">L&#8217;inclusione dell&#8217;aborto indotto come servizio di salute riproduttiva, come avviene in molti dei Paesi in cui \u00e8 legalizzato, nasconde, alla luce di questi risultati, una contraddizione irrisolvibile. L&#8217;aborto non solo \u00e8 letale per l&#8217;embrione o il feto coinvolto, ma induce anche effetti psicologici e fisiologici oggettivamente negativi, fino al rischio di morte prematura, nella donna che abortisce. Va ricordato che tutti gli studi che analizzano il fenomeno concordano sul fatto che tali conseguenze siano aggravate in caso di aborti ripetuti.<\/span><\/span><\/p>\n<p><span dir=\"auto\" style=\"vertical-align: inherit\"><span dir=\"auto\" style=\"vertical-align: inherit\">Legalizzare, proteggere, promuovere o riconoscere come diritto una pratica che danneggia i bambini e le loro madri \u00e8 ingiustificabile in qualsiasi societ\u00e0, ma lo \u00e8 ancora di pi\u00f9 quando si stanno accumulando dati che danno un&#8217;idea dell&#8217;entit\u00e0 del danno inflitto.<\/span><\/span><\/p>\n<p><span dir=\"auto\" style=\"vertical-align: inherit\"><span dir=\"auto\" style=\"vertical-align: inherit\">Le conseguenze particolarmente negative nei casi di aborti ripetuti, in aumento soprattutto nei Paesi in cui l&#8217;aborto \u00e8 legale, dovrebbero far riflettere sia la comunit\u00e0 scientifica che gli enti regolatori sulle conseguenze dannose dell&#8217;aborto, che, oltre a causare la morte di una persona innocente, moltiplica i rischi per la salute e la vita delle donne che lo praticano. Questa informazione deve essere fornita senza indugio alle donne che decidono di abortire affinch\u00e9 possano esercitare il loro diritto all&#8217;autonomia, consapevoli delle conseguenze delle loro decisioni, attualmente scarsamente informate o semplicemente omesse dalle informazioni fornite.<\/span><\/span><\/p>\n<p><span dir=\"auto\" style=\"vertical-align: inherit\"><span dir=\"auto\" style=\"vertical-align: inherit\">Vale anche la pena sottolineare le prove presentate in questi studi riguardo all&#8217;effetto protettivo delle gravidanze a termine sulla salute e sull&#8217;aspettativa di vita delle donne, sia quelle che non hanno figli sia quelle che hanno aborti spontanei.<\/span><\/span><\/p>\n<p><em><strong><span dir=\"auto\" style=\"vertical-align: inherit\"><span dir=\"auto\" style=\"vertical-align: inherit\">Julio Tudela. Osservatorio di Bioetica. Universit\u00e0 Cattolica di Valencia<\/span><\/span><\/strong><\/em><\/p>\n<p>&nbsp;<\/p>\n<p><strong><span dir=\"auto\" style=\"vertical-align: inherit\"><span dir=\"auto\" style=\"vertical-align: inherit\">Letteratura<\/span><\/span><\/strong><\/p>\n<p><a href=\"https:\/\/www.aomrc.org.uk\/wp-content\/uploads\/2024\/06\/Induced_Abortion_Mental_Health_1211.pdf\"><span dir=\"auto\" style=\"vertical-align: inherit\"><span dir=\"auto\" style=\"vertical-align: inherit\">Academy of Medical Royal Colleges, National Collaborating Center for Mental Health. (2011).\u00a0 <\/span><\/span><em><span dir=\"auto\" style=\"vertical-align: inherit\"><span dir=\"auto\" style=\"vertical-align: inherit\">Aborto indotto e salute mentale. Una revisione sistematica degli effetti sulla salute mentale dell&#8217;aborto indotto, inclusa la loro prevalenza e i fattori associati.<\/span><\/span><\/em><span dir=\"auto\" style=\"vertical-align: inherit\"><span dir=\"auto\" style=\"vertical-align: inherit\"> \u00a0Londra.<\/span><\/span><\/a><\/p>\n<p><a href=\"https:\/\/www.scielo.cl\/scielo.php?pid=S1726-569X2014000200006&amp;script=sci_abstract\"><span dir=\"auto\" style=\"vertical-align: inherit\"><span dir=\"auto\" style=\"vertical-align: inherit\">Aznar, J., &amp; Cerd\u00e1, G. (2014). Aborto e salute mentale delle donne.\u00a0 <\/span><\/span><em><span dir=\"auto\" style=\"vertical-align: inherit\"><span dir=\"auto\" style=\"vertical-align: inherit\">Acta bioeth, 20<\/span><\/span><\/em><span dir=\"auto\" style=\"vertical-align: inherit\"><span dir=\"auto\" style=\"vertical-align: inherit\"> (2), 189\u201395. doi:doi.org\/10.4067\/S1726-569X2014000200006<\/span><\/span><\/a><\/p>\n<p><a href=\"https:\/\/pubmed.ncbi.nlm.nih.gov\/21881096\/\"><span dir=\"auto\" style=\"vertical-align: inherit\"><span dir=\"auto\" style=\"vertical-align: inherit\">Coleman, P. (2011). Aborto e salute mentale: sintesi quantitativa e analisi delle ricerche pubblicate tra il 1995 e\u00a0 il 2009. <\/span><\/span><em><span dir=\"auto\" style=\"vertical-align: inherit\"><span dir=\"auto\" style=\"vertical-align: inherit\">The British Journal of Psychiatry, 199<\/span><\/span><\/em><span dir=\"auto\" style=\"vertical-align: inherit\"><span dir=\"auto\" style=\"vertical-align: inherit\"> , 180-6.<\/span><\/span><\/a><\/p>\n<p><a href=\"https:\/\/www.jpands.org\/vol22no4\/coleman.pdf\"><span dir=\"auto\" style=\"vertical-align: inherit\"><span dir=\"auto\" style=\"vertical-align: inherit\">Coleman, P., Boswell, K., Etzkorn, K., &amp; Turnwald, R. (2017). Donne che hanno sofferto emotivamente a causa dell&#8217;aborto: una sintesi qualitativa delle loro esperienze.. 2017;22(4):113-8.).\u00a0 <\/span><\/span><em><span dir=\"auto\" style=\"vertical-align: inherit\"><span dir=\"auto\" style=\"vertical-align: inherit\">Journal of American Physicians and Surgeons, 22<\/span><\/span><\/em><span dir=\"auto\" style=\"vertical-align: inherit\"><span dir=\"auto\" style=\"vertical-align: inherit\"> (4), 113-8.<\/span><\/span><\/a><\/p>\n<p><a href=\"https:\/\/www.apa.org\/pi\/women\/programs\/abortion\/mental-health.pdf\"><span dir=\"auto\" style=\"vertical-align: inherit\"><span dir=\"auto\" style=\"vertical-align: inherit\">Consiglio dei rappresentanti dell&#8217;American Psychological Association (APA). (2008).\u00a0 <\/span><\/span><em><span dir=\"auto\" style=\"vertical-align: inherit\"><span dir=\"auto\" style=\"vertical-align: inherit\">Rapporto sulla task force sulla salute mentale e l&#8217;aborto.<\/span><\/span><\/em><span dir=\"auto\" style=\"vertical-align: inherit\"><span dir=\"auto\" style=\"vertical-align: inherit\"> \u00a0Washington, D.C.<\/span><\/span><\/a><\/p>\n<p><a href=\"https:\/\/pubmed.ncbi.nlm.nih.gov\/19043144\/\"><span dir=\"auto\" style=\"vertical-align: inherit\"><span dir=\"auto\" style=\"vertical-align: inherit\">Fergusson, D., Horwood, L. e Boden, J. (2008). Aborto e disturbi mentali: evidenze da uno studio longitudinale trentennale.\u00a0 <\/span><\/span><em><span dir=\"auto\" style=\"vertical-align: inherit\"><span dir=\"auto\" style=\"vertical-align: inherit\">British Journal of Psychiatry, 193<\/span><\/span><\/em><span dir=\"auto\" style=\"vertical-align: inherit\"><span dir=\"auto\" style=\"vertical-align: inherit\"> , 444-51.<\/span><\/span><\/a><\/p>\n<p><span dir=\"auto\" style=\"vertical-align: inherit\"><span dir=\"auto\" style=\"vertical-align: inherit\">G\u00f3mez, C., &amp; Zapata, R. (2005). Categorizzazione diagnostica della sindrome post-aborto.\u00a0 <\/span><\/span><em><span dir=\"auto\" style=\"vertical-align: inherit\"><span dir=\"auto\" style=\"vertical-align: inherit\">Spanish Proceedings of Psychiatry, 33<\/span><\/span><\/em><span dir=\"auto\" style=\"vertical-align: inherit\"><span dir=\"auto\" style=\"vertical-align: inherit\"> , 267-72.<\/span><\/span><\/p>\n<p><span dir=\"auto\" style=\"vertical-align: inherit\"><span dir=\"auto\" style=\"vertical-align: inherit\">Jalanko, E., Lepp\u00e4lahti, S., Heikinheimo, O. e Gissler, M. (2017). Aumento del rischio di morte prematura dopo aborto e parto in et\u00e0 adolescenziale: uno studio di coorte longitudinale.\u00a0 <\/span><\/span><em><span dir=\"auto\" style=\"vertical-align: inherit\"><span dir=\"auto\" style=\"vertical-align: inherit\">European journal of public health., 27<\/span><\/span><\/em><span dir=\"auto\" style=\"vertical-align: inherit\"><span dir=\"auto\" style=\"vertical-align: inherit\"> (5), 845-9.<\/span><\/span><\/p>\n<p><span dir=\"auto\" style=\"vertical-align: inherit\"><span dir=\"auto\" style=\"vertical-align: inherit\">Munk-Olsen, T., Laursen, T., Pedersen, C., &amp; al, e. (2011). Aborto indotto nel primo trimestre e rischio di disturbi mentali. New England Journal of Medicine.\u00a0 <\/span><\/span><em><span dir=\"auto\" style=\"vertical-align: inherit\"><span dir=\"auto\" style=\"vertical-align: inherit\">364<\/span><\/span><\/em><span dir=\"auto\" style=\"vertical-align: inherit\"><span dir=\"auto\" style=\"vertical-align: inherit\"> , 332-9.<\/span><\/span><\/p>\n<p><span dir=\"auto\" style=\"vertical-align: inherit\"><span dir=\"auto\" style=\"vertical-align: inherit\">Pedersen, W. (2008). Aborto e depressione. Uno studio longitudinale basato sulla popolazione di giovani donne.\u00a0 <\/span><\/span><em><span dir=\"auto\" style=\"vertical-align: inherit\"><span dir=\"auto\" style=\"vertical-align: inherit\">Scandinavian Journal of Public Health, 36<\/span><\/span><\/em><span dir=\"auto\" style=\"vertical-align: inherit\"><span dir=\"auto\" style=\"vertical-align: inherit\"> , 424-8.<\/span><\/span><\/p>\n<p><span dir=\"auto\" style=\"vertical-align: inherit\"><span dir=\"auto\" style=\"vertical-align: inherit\">Reardon, D. e Thorp, J. (2017). Morte associata alla gravidanza negli studi di record linkage relativi a parto, interruzione di gravidanza e perdite naturali: una revisione sistematica con sintesi narrativa e meta-analisi.\u00a0 <\/span><\/span><em><span dir=\"auto\" style=\"vertical-align: inherit\"><span dir=\"auto\" style=\"vertical-align: inherit\">SAGE open medicine<\/span><\/span><\/em><span dir=\"auto\" style=\"vertical-align: inherit\"><span dir=\"auto\" style=\"vertical-align: inherit\"> , 5:2050312117740490. doi:10.1177\/2050312117740490<\/span><\/span><\/p>\n<p><span dir=\"auto\" style=\"vertical-align: inherit\"><span dir=\"auto\" style=\"vertical-align: inherit\">Steinberg, J., &amp; Russo, N. (2008). Aborto e ansia. Qual \u00e8 la relazione?\u00a0 <\/span><\/span><em><span dir=\"auto\" style=\"vertical-align: inherit\"><span dir=\"auto\" style=\"vertical-align: inherit\">Scienze sociali e medicina, 67<\/span><\/span><\/em><span dir=\"auto\" style=\"vertical-align: inherit\"><span dir=\"auto\" style=\"vertical-align: inherit\"> , 238-52.<\/span><\/span><\/p>\n<p><span dir=\"auto\" style=\"vertical-align: inherit\"><span dir=\"auto\" style=\"vertical-align: inherit\">Taft, A. e Watson, L. (2008). Depressione e interruzione di gravidanza (aborto indotto) in una coorte nazionale di giovani donne australiane: l&#8217;effetto confondente dell&#8217;esperienza di violenza delle donne.\u00a0 <\/span><\/span><em><span dir=\"auto\" style=\"vertical-align: inherit\"><span dir=\"auto\" style=\"vertical-align: inherit\">BMC Public Health, 8<\/span><\/span><\/em><span dir=\"auto\" style=\"vertical-align: inherit\"><span dir=\"auto\" style=\"vertical-align: inherit\"> , 75.<\/span><\/span><\/p>\n","protected":false},"excerpt":{"rendered":"<p>Esplorare gli effetti fisici, psicologici e sociali dell&#8217;aborto sulla salute delle donne<\/p>\n","protected":false},"author":87,"featured_media":138724,"comment_status":"closed","ping_status":"closed","sticky":false,"template":"","format":"standard","meta":{"_acf_changed":false,"_crdt_document":"","inline_featured_image":false,"footnotes":""},"categories":[71],"tags":[3195,31914,75787,75766,73919,75767,75768,75769,20444,75770,6083,75771,75772,75775,21240,75776,75777,75778,75779,25280,75800,75780,75781,75784,75785,12866,75788,75789,75790,75792,75786,75793,75791,75796,75795,75794,75797,11381,28559,75774,75798,75799,75782,75783,11784,75801,64787,75773],"class_list":["post-139133","post","type-post","status-publish","format-standard","has-post-thumbnail","hentry","category-analisi","tag-aborto-it","tag-aborto-indotto","tag-aborto-meta-analisi","tag-aborto-ripetuto","tag-aborto-spontaneo","tag-alcolismo","tag-ansia-post-aborto","tag-autonomia-femminile","tag-autostima","tag-benessere-femminile","tag-bioetica-it","tag-conseguenze-biologiche","tag-conseguenze-neurofisiologiche","tag-depressione-post-aborto","tag-diritti-riproduttivi","tag-educazione-sullaborto","tag-effetti-fisiologici","tag-effetti-psicologici","tag-effetti-sociali-dellaborto","tag-etica-medica-2","tag-follow-up-a-lungo-termine","tag-gravidanza-adolescenziale","tag-gravidanze-a-termine","tag-impatto-dellaborto","tag-informazioni-per-le-donne","tag-julio-tudela-2","tag-modelli-animali-di-aborto","tag-mortalita-femminile","tag-politiche-sullaborto","tag-protezione-della-salute","tag-ricerca-sullaborto","tag-rimorso","tag-rischi-di-prevenzione-dellaborto","tag-rischi-post-aborto","tag-rischi-psicologici","tag-rischio-di-morte","tag-salute-femminile","tag-salute-mentale","tag-salute-riproduttiva","tag-senso-di-colpa-post-aborto","tag-sequele","tag-sequele-dellaborto","tag-studi-internazionali-sullaborto","tag-studi-longitudinali","tag-suicidio-2","tag-trauma-post-aborto","tag-trending-it-236","tag-uso-di-droghe"],"acf":[],"yoast_head":"<!-- This site is optimized with the Yoast SEO plugin v27.5 - https:\/\/yoast.com\/product\/yoast-seo-wordpress\/ -->\n<title>Aborto e salute: ci sono conseguenze per le donne che hanno abortito? &#8211; Exaudi<\/title>\n<meta name=\"robots\" content=\"index, follow, max-snippet:-1, max-image-preview:large, max-video-preview:-1\" \/>\n<link rel=\"canonical\" href=\"https:\/\/exaudi.org\/it\/aborto-e-salute-ci-sono-conseguenze-per-le-donne-che-hanno-abortito\/\" \/>\n<meta property=\"og:locale\" content=\"it_IT\" \/>\n<meta property=\"og:type\" content=\"article\" \/>\n<meta property=\"og:title\" content=\"Aborto e salute: ci sono conseguenze per le donne che hanno abortito? &#8211; Exaudi\" \/>\n<meta property=\"og:description\" content=\"Esplorare gli effetti fisici, psicologici e sociali dell&#039;aborto sulla salute delle donne\" \/>\n<meta property=\"og:url\" content=\"https:\/\/exaudi.org\/it\/aborto-e-salute-ci-sono-conseguenze-per-le-donne-che-hanno-abortito\/\" \/>\n<meta property=\"og:site_name\" content=\"Exaudi\" \/>\n<meta property=\"article:publisher\" content=\"https:\/\/www.facebook.com\/ExaudiNews\" \/>\n<meta property=\"article:author\" content=\"https:\/\/www.facebook.com\/observatoriodebioetica\/\" \/>\n<meta property=\"article:published_time\" content=\"2025-10-06T15:47:22+00:00\" \/>\n<meta property=\"og:image\" content=\"https:\/\/exaudi.org\/wp-content\/uploads\/2025\/10\/fotos-web-Observatorio-Bioetica-10-1-scaled.jpg-scaled.jpg\" \/>\n\t<meta property=\"og:image:width\" content=\"2560\" \/>\n\t<meta property=\"og:image:height\" content=\"994\" \/>\n\t<meta property=\"og:image:type\" content=\"image\/jpeg\" \/>\n<meta name=\"author\" content=\"Observatorio de Bio\u00e9tica UCV\" \/>\n<meta name=\"twitter:card\" content=\"summary_large_image\" \/>\n<meta name=\"twitter:creator\" content=\"@obioetica\" \/>\n<meta name=\"twitter:site\" content=\"@Exaudi_News\" \/>\n<meta name=\"twitter:label1\" content=\"Scritto da\" \/>\n\t<meta name=\"twitter:data1\" content=\"Observatorio de Bio\u00e9tica UCV\" \/>\n\t<meta name=\"twitter:label2\" content=\"Tempo di lettura stimato\" \/>\n\t<meta name=\"twitter:data2\" content=\"12 minuti\" \/>\n<script type=\"application\/ld+json\" class=\"yoast-schema-graph\">{\"@context\":\"https:\\\/\\\/schema.org\",\"@graph\":[{\"@type\":\"Article\",\"@id\":\"https:\\\/\\\/exaudi.org\\\/it\\\/aborto-e-salute-ci-sono-conseguenze-per-le-donne-che-hanno-abortito\\\/#article\",\"isPartOf\":{\"@id\":\"https:\\\/\\\/exaudi.org\\\/it\\\/aborto-e-salute-ci-sono-conseguenze-per-le-donne-che-hanno-abortito\\\/\"},\"author\":{\"name\":\"Observatorio de Bio\u00e9tica UCV\",\"@id\":\"https:\\\/\\\/exaudi.org\\\/#\\\/schema\\\/person\\\/05d1c06e56ecb5490e9bff0d27026595\"},\"headline\":\"Aborto e salute: ci sono conseguenze per le donne che hanno abortito?\",\"datePublished\":\"2025-10-06T15:47:22+00:00\",\"mainEntityOfPage\":{\"@id\":\"https:\\\/\\\/exaudi.org\\\/it\\\/aborto-e-salute-ci-sono-conseguenze-per-le-donne-che-hanno-abortito\\\/\"},\"wordCount\":2477,\"image\":{\"@id\":\"https:\\\/\\\/exaudi.org\\\/it\\\/aborto-e-salute-ci-sono-conseguenze-per-le-donne-che-hanno-abortito\\\/#primaryimage\"},\"thumbnailUrl\":\"https:\\\/\\\/exaudi.org\\\/wp-content\\\/uploads\\\/2025\\\/10\\\/fotos-web-Observatorio-Bioetica-10-1-scaled.jpg-scaled.jpg\",\"keywords\":[\"Aborto\",\"aborto indotto\",\"Aborto Meta-analisi\",\"Aborto ripetuto\",\"aborto spontaneo\",\"Alcolismo\",\"Ansia post-aborto\",\"Autonomia femminile\",\"AUTOSTIMA\",\"Benessere femminile\",\"Bio\u00e9tica\",\"Conseguenze biologiche\",\"Conseguenze neurofisiologiche\",\"Depressione post-aborto\",\"DIRITTI RIPRODUTTIVI\",\"Educazione sull'aborto\",\"Effetti fisiologici\",\"Effetti psicologici\",\"Effetti sociali dell'aborto\",\"Etica medica\",\"Follow-up a lungo termine\",\"Gravidanza adolescenziale\",\"Gravidanze a termine\",\"Impatto dell'aborto\",\"Informazioni per le donne\",\"JULIO TUDELA\",\"Modelli animali di aborto\",\"Mortalit\u00e0 femminile\",\"Politiche sull'aborto\",\"Protezione della salute\",\"Ricerca sull'aborto\",\"Rimorso\",\"Rischi di prevenzione dell'aborto\",\"Rischi post-aborto\",\"Rischi psicologici\",\"Rischio di morte\",\"Salute femminile\",\"SALUTE MENTALE\",\"salute riproduttiva\",\"Senso di colpa post-aborto\",\"Sequele\",\"Sequele dell'aborto\",\"Studi internazionali sull'aborto\",\"Studi longitudinali\",\"SUICIDIO\",\"Trauma post-aborto\",\"Trending\",\"Uso di droghe\"],\"articleSection\":[\"Analisi\"],\"inLanguage\":\"it-IT\"},{\"@type\":\"WebPage\",\"@id\":\"https:\\\/\\\/exaudi.org\\\/it\\\/aborto-e-salute-ci-sono-conseguenze-per-le-donne-che-hanno-abortito\\\/\",\"url\":\"https:\\\/\\\/exaudi.org\\\/it\\\/aborto-e-salute-ci-sono-conseguenze-per-le-donne-che-hanno-abortito\\\/\",\"name\":\"Aborto e salute: ci sono conseguenze per le donne che hanno abortito? &#8211; Exaudi\",\"isPartOf\":{\"@id\":\"https:\\\/\\\/exaudi.org\\\/#website\"},\"primaryImageOfPage\":{\"@id\":\"https:\\\/\\\/exaudi.org\\\/it\\\/aborto-e-salute-ci-sono-conseguenze-per-le-donne-che-hanno-abortito\\\/#primaryimage\"},\"image\":{\"@id\":\"https:\\\/\\\/exaudi.org\\\/it\\\/aborto-e-salute-ci-sono-conseguenze-per-le-donne-che-hanno-abortito\\\/#primaryimage\"},\"thumbnailUrl\":\"https:\\\/\\\/exaudi.org\\\/wp-content\\\/uploads\\\/2025\\\/10\\\/fotos-web-Observatorio-Bioetica-10-1-scaled.jpg-scaled.jpg\",\"datePublished\":\"2025-10-06T15:47:22+00:00\",\"author\":{\"@id\":\"https:\\\/\\\/exaudi.org\\\/#\\\/schema\\\/person\\\/05d1c06e56ecb5490e9bff0d27026595\"},\"breadcrumb\":{\"@id\":\"https:\\\/\\\/exaudi.org\\\/it\\\/aborto-e-salute-ci-sono-conseguenze-per-le-donne-che-hanno-abortito\\\/#breadcrumb\"},\"inLanguage\":\"it-IT\",\"potentialAction\":[{\"@type\":\"ReadAction\",\"target\":[\"https:\\\/\\\/exaudi.org\\\/it\\\/aborto-e-salute-ci-sono-conseguenze-per-le-donne-che-hanno-abortito\\\/\"]}]},{\"@type\":\"ImageObject\",\"inLanguage\":\"it-IT\",\"@id\":\"https:\\\/\\\/exaudi.org\\\/it\\\/aborto-e-salute-ci-sono-conseguenze-per-le-donne-che-hanno-abortito\\\/#primaryimage\",\"url\":\"https:\\\/\\\/exaudi.org\\\/wp-content\\\/uploads\\\/2025\\\/10\\\/fotos-web-Observatorio-Bioetica-10-1-scaled.jpg-scaled.jpg\",\"contentUrl\":\"https:\\\/\\\/exaudi.org\\\/wp-content\\\/uploads\\\/2025\\\/10\\\/fotos-web-Observatorio-Bioetica-10-1-scaled.jpg-scaled.jpg\",\"width\":2560,\"height\":994},{\"@type\":\"BreadcrumbList\",\"@id\":\"https:\\\/\\\/exaudi.org\\\/it\\\/aborto-e-salute-ci-sono-conseguenze-per-le-donne-che-hanno-abortito\\\/#breadcrumb\",\"itemListElement\":[{\"@type\":\"ListItem\",\"position\":1,\"name\":\"Portada\",\"item\":\"https:\\\/\\\/exaudi.org\\\/it\\\/\"},{\"@type\":\"ListItem\",\"position\":2,\"name\":\"Aborto e salute: ci sono conseguenze per le donne che hanno abortito?\"}]},{\"@type\":\"WebSite\",\"@id\":\"https:\\\/\\\/exaudi.org\\\/#website\",\"url\":\"https:\\\/\\\/exaudi.org\\\/\",\"name\":\"Exaudi\",\"description\":\"News\",\"potentialAction\":[{\"@type\":\"SearchAction\",\"target\":{\"@type\":\"EntryPoint\",\"urlTemplate\":\"https:\\\/\\\/exaudi.org\\\/?s={search_term_string}\"},\"query-input\":{\"@type\":\"PropertyValueSpecification\",\"valueRequired\":true,\"valueName\":\"search_term_string\"}}],\"inLanguage\":\"it-IT\"},{\"@type\":\"Person\",\"@id\":\"https:\\\/\\\/exaudi.org\\\/#\\\/schema\\\/person\\\/05d1c06e56ecb5490e9bff0d27026595\",\"name\":\"Observatorio de Bio\u00e9tica UCV\",\"image\":{\"@type\":\"ImageObject\",\"inLanguage\":\"it-IT\",\"@id\":\"https:\\\/\\\/secure.gravatar.com\\\/avatar\\\/086563f59595a89fb0851de25d712a03657b1cdfa8af3c9cd0a1ee122fc5d596?s=96&d=mm&r=g\",\"url\":\"https:\\\/\\\/secure.gravatar.com\\\/avatar\\\/086563f59595a89fb0851de25d712a03657b1cdfa8af3c9cd0a1ee122fc5d596?s=96&d=mm&r=g\",\"contentUrl\":\"https:\\\/\\\/secure.gravatar.com\\\/avatar\\\/086563f59595a89fb0851de25d712a03657b1cdfa8af3c9cd0a1ee122fc5d596?s=96&d=mm&r=g\",\"caption\":\"Observatorio de Bio\u00e9tica UCV\"},\"description\":\"El Observatorio de Bio\u00e9tica se encuentra dentro del Instituto Ciencias de la vida de la Universidad Cat\u00f3lica de Valencia \u201cSan Vicente M\u00e1rtir\u201d . En el trasfondo de sus publicaciones, se defiende la vida humana desde la fecundaci\u00f3n a la muerte natural y la dignidad de la persona, teniendo como objetivo aunar esfuerzos para difundir la cultura de la vida como la define la Evangelium Vitae.\",\"sameAs\":[\"https:\\\/\\\/www.observatoriobioetica.org\\\/\",\"https:\\\/\\\/www.facebook.com\\\/observatoriodebioetica\\\/\",\"https:\\\/\\\/x.com\\\/obioetica\",\"https:\\\/\\\/www.youtube.com\\\/channel\\\/UC_Tr4WS5-TXoNo5e1MdQc7w\"],\"url\":\"https:\\\/\\\/exaudi.org\\\/it\\\/author\\\/observatoriodebioeticaucv\\\/\"}]}<\/script>\n<!-- \/ Yoast SEO plugin. -->","yoast_head_json":{"title":"Aborto e salute: ci sono conseguenze per le donne che hanno abortito? &#8211; Exaudi","robots":{"index":"index","follow":"follow","max-snippet":"max-snippet:-1","max-image-preview":"max-image-preview:large","max-video-preview":"max-video-preview:-1"},"canonical":"https:\/\/exaudi.org\/it\/aborto-e-salute-ci-sono-conseguenze-per-le-donne-che-hanno-abortito\/","og_locale":"it_IT","og_type":"article","og_title":"Aborto e salute: ci sono conseguenze per le donne che hanno abortito? &#8211; Exaudi","og_description":"Esplorare gli effetti fisici, psicologici e sociali dell'aborto sulla salute delle donne","og_url":"https:\/\/exaudi.org\/it\/aborto-e-salute-ci-sono-conseguenze-per-le-donne-che-hanno-abortito\/","og_site_name":"Exaudi","article_publisher":"https:\/\/www.facebook.com\/ExaudiNews","article_author":"https:\/\/www.facebook.com\/observatoriodebioetica\/","article_published_time":"2025-10-06T15:47:22+00:00","og_image":[{"width":2560,"height":994,"url":"https:\/\/exaudi.org\/wp-content\/uploads\/2025\/10\/fotos-web-Observatorio-Bioetica-10-1-scaled.jpg-scaled.jpg","type":"image\/jpeg"}],"author":"Observatorio de Bio\u00e9tica UCV","twitter_card":"summary_large_image","twitter_creator":"@obioetica","twitter_site":"@Exaudi_News","twitter_misc":{"Scritto da":"Observatorio de Bio\u00e9tica UCV","Tempo di lettura stimato":"12 minuti"},"schema":{"@context":"https:\/\/schema.org","@graph":[{"@type":"Article","@id":"https:\/\/exaudi.org\/it\/aborto-e-salute-ci-sono-conseguenze-per-le-donne-che-hanno-abortito\/#article","isPartOf":{"@id":"https:\/\/exaudi.org\/it\/aborto-e-salute-ci-sono-conseguenze-per-le-donne-che-hanno-abortito\/"},"author":{"name":"Observatorio de Bio\u00e9tica UCV","@id":"https:\/\/exaudi.org\/#\/schema\/person\/05d1c06e56ecb5490e9bff0d27026595"},"headline":"Aborto e salute: ci sono conseguenze per le donne che hanno abortito?","datePublished":"2025-10-06T15:47:22+00:00","mainEntityOfPage":{"@id":"https:\/\/exaudi.org\/it\/aborto-e-salute-ci-sono-conseguenze-per-le-donne-che-hanno-abortito\/"},"wordCount":2477,"image":{"@id":"https:\/\/exaudi.org\/it\/aborto-e-salute-ci-sono-conseguenze-per-le-donne-che-hanno-abortito\/#primaryimage"},"thumbnailUrl":"https:\/\/exaudi.org\/wp-content\/uploads\/2025\/10\/fotos-web-Observatorio-Bioetica-10-1-scaled.jpg-scaled.jpg","keywords":["Aborto","aborto indotto","Aborto Meta-analisi","Aborto ripetuto","aborto spontaneo","Alcolismo","Ansia post-aborto","Autonomia femminile","AUTOSTIMA","Benessere femminile","Bio\u00e9tica","Conseguenze biologiche","Conseguenze neurofisiologiche","Depressione post-aborto","DIRITTI RIPRODUTTIVI","Educazione sull'aborto","Effetti fisiologici","Effetti psicologici","Effetti sociali dell'aborto","Etica medica","Follow-up a lungo termine","Gravidanza adolescenziale","Gravidanze a termine","Impatto dell'aborto","Informazioni per le donne","JULIO TUDELA","Modelli animali di aborto","Mortalit\u00e0 femminile","Politiche sull'aborto","Protezione della salute","Ricerca sull'aborto","Rimorso","Rischi di prevenzione dell'aborto","Rischi post-aborto","Rischi psicologici","Rischio di morte","Salute femminile","SALUTE MENTALE","salute riproduttiva","Senso di colpa post-aborto","Sequele","Sequele dell'aborto","Studi internazionali sull'aborto","Studi longitudinali","SUICIDIO","Trauma post-aborto","Trending","Uso di droghe"],"articleSection":["Analisi"],"inLanguage":"it-IT"},{"@type":"WebPage","@id":"https:\/\/exaudi.org\/it\/aborto-e-salute-ci-sono-conseguenze-per-le-donne-che-hanno-abortito\/","url":"https:\/\/exaudi.org\/it\/aborto-e-salute-ci-sono-conseguenze-per-le-donne-che-hanno-abortito\/","name":"Aborto e salute: ci sono conseguenze per le donne che hanno abortito? &#8211; Exaudi","isPartOf":{"@id":"https:\/\/exaudi.org\/#website"},"primaryImageOfPage":{"@id":"https:\/\/exaudi.org\/it\/aborto-e-salute-ci-sono-conseguenze-per-le-donne-che-hanno-abortito\/#primaryimage"},"image":{"@id":"https:\/\/exaudi.org\/it\/aborto-e-salute-ci-sono-conseguenze-per-le-donne-che-hanno-abortito\/#primaryimage"},"thumbnailUrl":"https:\/\/exaudi.org\/wp-content\/uploads\/2025\/10\/fotos-web-Observatorio-Bioetica-10-1-scaled.jpg-scaled.jpg","datePublished":"2025-10-06T15:47:22+00:00","author":{"@id":"https:\/\/exaudi.org\/#\/schema\/person\/05d1c06e56ecb5490e9bff0d27026595"},"breadcrumb":{"@id":"https:\/\/exaudi.org\/it\/aborto-e-salute-ci-sono-conseguenze-per-le-donne-che-hanno-abortito\/#breadcrumb"},"inLanguage":"it-IT","potentialAction":[{"@type":"ReadAction","target":["https:\/\/exaudi.org\/it\/aborto-e-salute-ci-sono-conseguenze-per-le-donne-che-hanno-abortito\/"]}]},{"@type":"ImageObject","inLanguage":"it-IT","@id":"https:\/\/exaudi.org\/it\/aborto-e-salute-ci-sono-conseguenze-per-le-donne-che-hanno-abortito\/#primaryimage","url":"https:\/\/exaudi.org\/wp-content\/uploads\/2025\/10\/fotos-web-Observatorio-Bioetica-10-1-scaled.jpg-scaled.jpg","contentUrl":"https:\/\/exaudi.org\/wp-content\/uploads\/2025\/10\/fotos-web-Observatorio-Bioetica-10-1-scaled.jpg-scaled.jpg","width":2560,"height":994},{"@type":"BreadcrumbList","@id":"https:\/\/exaudi.org\/it\/aborto-e-salute-ci-sono-conseguenze-per-le-donne-che-hanno-abortito\/#breadcrumb","itemListElement":[{"@type":"ListItem","position":1,"name":"Portada","item":"https:\/\/exaudi.org\/it\/"},{"@type":"ListItem","position":2,"name":"Aborto e salute: ci sono conseguenze per le donne che hanno abortito?"}]},{"@type":"WebSite","@id":"https:\/\/exaudi.org\/#website","url":"https:\/\/exaudi.org\/","name":"Exaudi","description":"News","potentialAction":[{"@type":"SearchAction","target":{"@type":"EntryPoint","urlTemplate":"https:\/\/exaudi.org\/?s={search_term_string}"},"query-input":{"@type":"PropertyValueSpecification","valueRequired":true,"valueName":"search_term_string"}}],"inLanguage":"it-IT"},{"@type":"Person","@id":"https:\/\/exaudi.org\/#\/schema\/person\/05d1c06e56ecb5490e9bff0d27026595","name":"Observatorio de Bio\u00e9tica UCV","image":{"@type":"ImageObject","inLanguage":"it-IT","@id":"https:\/\/secure.gravatar.com\/avatar\/086563f59595a89fb0851de25d712a03657b1cdfa8af3c9cd0a1ee122fc5d596?s=96&d=mm&r=g","url":"https:\/\/secure.gravatar.com\/avatar\/086563f59595a89fb0851de25d712a03657b1cdfa8af3c9cd0a1ee122fc5d596?s=96&d=mm&r=g","contentUrl":"https:\/\/secure.gravatar.com\/avatar\/086563f59595a89fb0851de25d712a03657b1cdfa8af3c9cd0a1ee122fc5d596?s=96&d=mm&r=g","caption":"Observatorio de Bio\u00e9tica UCV"},"description":"El Observatorio de Bio\u00e9tica se encuentra dentro del Instituto Ciencias de la vida de la Universidad Cat\u00f3lica de Valencia \u201cSan Vicente M\u00e1rtir\u201d . En el trasfondo de sus publicaciones, se defiende la vida humana desde la fecundaci\u00f3n a la muerte natural y la dignidad de la persona, teniendo como objetivo aunar esfuerzos para difundir la cultura de la vida como la define la Evangelium Vitae.","sameAs":["https:\/\/www.observatoriobioetica.org\/","https:\/\/www.facebook.com\/observatoriodebioetica\/","https:\/\/x.com\/obioetica","https:\/\/www.youtube.com\/channel\/UC_Tr4WS5-TXoNo5e1MdQc7w"],"url":"https:\/\/exaudi.org\/it\/author\/observatoriodebioeticaucv\/"}]}},"jetpack_featured_media_url":"https:\/\/exaudi.org\/wp-content\/uploads\/2025\/10\/fotos-web-Observatorio-Bioetica-10-1-scaled.jpg-scaled.jpg","jetpack_shortlink":"https:\/\/wp.me\/pgKjF2-Ac5","_links":{"self":[{"href":"https:\/\/exaudi.org\/it\/wp-json\/wp\/v2\/posts\/139133","targetHints":{"allow":["GET"]}}],"collection":[{"href":"https:\/\/exaudi.org\/it\/wp-json\/wp\/v2\/posts"}],"about":[{"href":"https:\/\/exaudi.org\/it\/wp-json\/wp\/v2\/types\/post"}],"author":[{"embeddable":true,"href":"https:\/\/exaudi.org\/it\/wp-json\/wp\/v2\/users\/87"}],"replies":[{"embeddable":true,"href":"https:\/\/exaudi.org\/it\/wp-json\/wp\/v2\/comments?post=139133"}],"version-history":[{"count":3,"href":"https:\/\/exaudi.org\/it\/wp-json\/wp\/v2\/posts\/139133\/revisions"}],"predecessor-version":[{"id":139136,"href":"https:\/\/exaudi.org\/it\/wp-json\/wp\/v2\/posts\/139133\/revisions\/139136"}],"wp:featuredmedia":[{"embeddable":true,"href":"https:\/\/exaudi.org\/it\/wp-json\/wp\/v2\/media\/138724"}],"wp:attachment":[{"href":"https:\/\/exaudi.org\/it\/wp-json\/wp\/v2\/media?parent=139133"}],"wp:term":[{"taxonomy":"category","embeddable":true,"href":"https:\/\/exaudi.org\/it\/wp-json\/wp\/v2\/categories?post=139133"},{"taxonomy":"post_tag","embeddable":true,"href":"https:\/\/exaudi.org\/it\/wp-json\/wp\/v2\/tags?post=139133"}],"curies":[{"name":"wp","href":"https:\/\/api.w.org\/{rel}","templated":true}]}}