{"id":138867,"date":"2025-10-04T19:04:04","date_gmt":"2025-10-04T17:04:04","guid":{"rendered":"https:\/\/exaudi.org\/?p=138867"},"modified":"2025-10-04T19:04:04","modified_gmt":"2025-10-04T17:04:04","slug":"leone-xiv-in-azione-pastorale-degli-anziani-unita-per-la-guardia-svizzera-e-una-nuova-esortazione-apostolica","status":"publish","type":"post","link":"https:\/\/exaudi.org\/it\/leone-xiv-in-azione-pastorale-degli-anziani-unita-per-la-guardia-svizzera-e-una-nuova-esortazione-apostolica\/","title":{"rendered":"Leone XIV in azione: pastorale degli anziani, unit\u00e0 per la Guardia Svizzera e una nuova esortazione apostolica"},"content":{"rendered":"<p><span dir=\"auto\" style=\"vertical-align: inherit\"><span dir=\"auto\" style=\"vertical-align: inherit\">All&#8217;inizio di ottobre, Papa Leone XIV pronunci\u00f2 una serie di discorsi che segnarono una tappa significativa del suo pontificato. I suoi gesti e le sue parole si concentrarono su tre ambiti distinti \u2013 gli anziani, la Guardia Svizzera Pontificia e il Magistero scritto \u2013 con un messaggio comune: rafforzare la dignit\u00e0 umana, l&#8217;unit\u00e0 della comunit\u00e0 e la guida spirituale della Chiesa in tempi di cambiamento.<\/span><\/span><\/p>\n<h3><strong><span dir=\"auto\" style=\"vertical-align: inherit\"><span dir=\"auto\" style=\"vertical-align: inherit\">Pastorale degli anziani: \u201cNessuno si senta inutile\u201d<\/span><\/span><\/strong><\/h3>\n<p><span dir=\"auto\" style=\"vertical-align: inherit\"><span dir=\"auto\" style=\"vertical-align: inherit\">Durante il Secondo Congresso Internazionale sulla Pastorale degli Anziani, tenutosi il 3 e 4 ottobre a Roma, il Papa ha sottolineato la necessit\u00e0 di riconoscere il valore della vecchiaia come una fase significativa della vita, non come un peso sociale. &#8220;Nessun anziano sia abbandonato, nessuno si senta inutile&#8221;, ha affermato, sottolineando che la longevit\u00e0 costituisce &#8220;un dono per l&#8217;umanit\u00e0&#8221;.<\/span><\/span><\/p>\n<p><span dir=\"auto\" style=\"vertical-align: inherit\"><span dir=\"auto\" style=\"vertical-align: inherit\">Leone XIV invit\u00f2 la societ\u00e0 e la Chiesa a coltivare una cultura di tenerezza e accoglienza verso gli anziani, ricordando che sono portatori di memoria e saggezza. Nel suo intervento, esort\u00f2 a contrastare ogni forma di emarginazione e a promuovere spazi in cui gli anziani possano continuare a contribuire con la loro esperienza.<\/span><\/span><\/p>\n<h3><strong><span dir=\"auto\" style=\"vertical-align: inherit\"><span dir=\"auto\" style=\"vertical-align: inherit\">Guardia Svizzera Pontificia: servizio, unit\u00e0 e missione<\/span><\/span><\/strong><\/h3>\n<p><span dir=\"auto\" style=\"vertical-align: inherit\"><span dir=\"auto\" style=\"vertical-align: inherit\">Lo stesso giorno, in Vaticano, il Papa ha accolto le nuove reclute della Guardia Svizzera Pontificia per il loro giuramento. In un discorso ai giovani soldati e alle loro famiglie, li ha incoraggiati a vivere il loro servizio non solo come un compito di protezione e sicurezza, ma come una vera testimonianza di fede e fraternit\u00e0.<\/span><\/span><\/p>\n<p><img loading=\"lazy\" decoding=\"async\" class=\"size-full wp-image-138819 alignnone\" src=\"https:\/\/exaudi.org\/wp-content\/uploads\/2025\/10\/cq5dam.thumbnail.cropped.500.281-1-1.jpeg\" alt=\"\" width=\"500\" height=\"281\" srcset=\"https:\/\/exaudi.org\/wp-content\/uploads\/2025\/10\/cq5dam.thumbnail.cropped.500.281-1-1.jpeg 500w, https:\/\/exaudi.org\/wp-content\/uploads\/2025\/10\/cq5dam.thumbnail.cropped.500.281-1-1-300x169.jpeg 300w\" sizes=\"auto, (max-width: 500px) 100vw, 500px\" \/><\/p>\n<p><span dir=\"auto\" style=\"vertical-align: inherit\"><span dir=\"auto\" style=\"vertical-align: inherit\">\u00abSiate missionari di speranza e operatori di unit\u00e0\u00bb, esortava Leone XIV, sottolineando che la coesione all&#8217;interno del Corpo \u00e8 un segno anche per la Curia Romana e per l&#8217;intera comunit\u00e0 ecclesiale. Ricordava anche le attuali sfide che i cristiani devono affrontare, tra cui la rivoluzione digitale, l&#8217;intelligenza artificiale e le tensioni sociali, e invitava a discernere questi cambiamenti alla luce del Vangelo.<\/span><\/span><\/p>\n<p><span dir=\"auto\" style=\"vertical-align: inherit\"><span dir=\"auto\" style=\"vertical-align: inherit\">Il Papa ha descritto la Guardia Svizzera come un &#8220;messaggio vivo&#8221; che, al di l\u00e0 del suo ruolo storico e cerimoniale, pu\u00f2 essere strumento di evangelizzazione e ponte di valori universali come la solidariet\u00e0, la carit\u00e0 e la lealt\u00e0.<\/span><\/span><\/p>\n<p><img loading=\"lazy\" decoding=\"async\" class=\"size-full wp-image-138822 alignnone\" src=\"https:\/\/exaudi.org\/wp-content\/uploads\/2025\/10\/cq5dam.thumbnail.cropped.500.281-2-1.jpeg\" alt=\"\" width=\"500\" height=\"281\" srcset=\"https:\/\/exaudi.org\/wp-content\/uploads\/2025\/10\/cq5dam.thumbnail.cropped.500.281-2-1.jpeg 500w, https:\/\/exaudi.org\/wp-content\/uploads\/2025\/10\/cq5dam.thumbnail.cropped.500.281-2-1-300x169.jpeg 300w\" sizes=\"auto, (max-width: 500px) 100vw, 500px\" \/><\/p>\n<h3><strong><span dir=\"auto\" style=\"vertical-align: inherit\"><span dir=\"auto\" style=\"vertical-align: inherit\">L&#8217;esortazione apostolica Dilexi te<\/span><\/span><\/strong><\/h3>\n<p><span dir=\"auto\" style=\"vertical-align: inherit\"><span dir=\"auto\" style=\"vertical-align: inherit\">Il giorno dopo, il 4 ottobre, Leone XIV firm\u00f2 la sua prima esortazione apostolica, intitolata Dilexi te (&#8220;Ti ho amato&#8221;), nella biblioteca privata del Palazzo Apostolico. La cerimonia ebbe luogo alla presenza dell&#8217;arcivescovo Edgar Pe\u00f1a Parra, sostituto per gli Affari Generali della Segreteria di Stato.<\/span><\/span><\/p>\n<p><span dir=\"auto\" style=\"vertical-align: inherit\"><span dir=\"auto\" style=\"vertical-align: inherit\">Il documento, che sar\u00e0 presentato ufficialmente il 9 ottobre presso la Sala Stampa della Santa Sede, costituisce il primo importante testo magisteriale dell&#8217;attuale pontificato. Sebbene il contenuto completo non sia ancora stato reso noto, il titolo stesso richiama la centralit\u00e0 dell&#8217;amore nel messaggio cristiano e dovrebbe delineare linee programmatiche di orientamento pastorale per la Chiesa universale.<\/span><\/span><\/p>\n<p><img loading=\"lazy\" decoding=\"async\" class=\"size-full wp-image-138825 alignnone\" src=\"https:\/\/exaudi.org\/wp-content\/uploads\/2025\/10\/cq5dam.thumbnail.cropped.500.281-3.jpeg\" alt=\"\" width=\"500\" height=\"281\" srcset=\"https:\/\/exaudi.org\/wp-content\/uploads\/2025\/10\/cq5dam.thumbnail.cropped.500.281-3.jpeg 500w, https:\/\/exaudi.org\/wp-content\/uploads\/2025\/10\/cq5dam.thumbnail.cropped.500.281-3-300x169.jpeg 300w\" sizes=\"auto, (max-width: 500px) 100vw, 500px\" \/><\/p>\n<h3><strong><span dir=\"auto\" style=\"vertical-align: inherit\"><span dir=\"auto\" style=\"vertical-align: inherit\">Un unico filo conduttore<\/span><\/span><\/strong><\/h3>\n<p><span dir=\"auto\" style=\"vertical-align: inherit\"><span dir=\"auto\" style=\"vertical-align: inherit\">La vicinanza agli anziani, l&#8217;incoraggiamento alla Guardia Svizzera e la firma del Dilexi sono presentati come gesti distinti, ma tutti convergono in una visione pastorale in cui fragilit\u00e0, servizio e dottrina si intrecciano.<\/span><\/span><\/p>\n<p><span dir=\"auto\" style=\"vertical-align: inherit\"><span dir=\"auto\" style=\"vertical-align: inherit\">Il Papa propone cos\u00ec una Chiesa che non abbandona i pi\u00f9 deboli, che rafforza la coesione delle sue istituzioni e che si nutre di un magistero scritto capace di orientare le sfide della contemporaneit\u00e0. In questi gesti iniziali di ottobre, Leone XIV sembra delineare con chiarezza i pilastri del suo pontificato: tenerezza, unit\u00e0 e speranza.<\/span><\/span><\/p>\n","protected":false},"excerpt":{"rendered":"<p>La dignit\u00e0 degli anziani, il rafforzamento spirituale e umano della Guardia Svizzera e la promulgazione di un&#8217;esortazione apostolica: inviare messaggi coerenti di servizio, speranza e comunione<\/p>\n","protected":false},"author":17,"featured_media":138816,"comment_status":"closed","ping_status":"closed","sticky":false,"template":"","format":"standard","meta":{"_acf_changed":false,"_crdt_document":"","inline_featured_image":false,"footnotes":""},"categories":[67],"tags":[64850,75581,75582,75583,75587,75584,75585,75586,8127,64910,13485,58164,68277,64787,75588,24638,75589],"class_list":["post-138867","post","type-post","status-publish","format-standard","has-post-thumbnail","hentry","category-leone-xiv","tag-chiesa-cattolica-it","tag-congresso-internazionale-sulla-pastorale-degli-anziani","tag-dignita-degli-anziani","tag-discorsi-di-papa-leone-xiv","tag-esortazione-apostolica-del-papa","tag-esortazione-apostolica-dilexi-te","tag-esortazione-pontificia-2025","tag-giuramento-della-guardia-svizzera-2025","tag-guardia-svizzera-pontificia","tag-leone-xiv-it","tag-magistero-pontificio","tag-papa-leone-xiv","tag-pastorale-degli-anziani","tag-trending-it-236","tag-unita-della-curia-romana","tag-vatican-news-3","tag-vaticano-ottobre-2025"],"acf":[],"yoast_head":"<!-- This site is optimized with the Yoast SEO plugin v27.4 - https:\/\/yoast.com\/product\/yoast-seo-wordpress\/ -->\n<title>Leone XIV in azione: pastorale degli anziani, unit\u00e0 per la Guardia Svizzera e una nuova esortazione apostolica &#8211; Exaudi<\/title>\n<meta name=\"robots\" content=\"index, follow, max-snippet:-1, max-image-preview:large, max-video-preview:-1\" \/>\n<link rel=\"canonical\" href=\"https:\/\/exaudi.org\/it\/leone-xiv-in-azione-pastorale-degli-anziani-unita-per-la-guardia-svizzera-e-una-nuova-esortazione-apostolica\/\" \/>\n<meta property=\"og:locale\" content=\"it_IT\" \/>\n<meta property=\"og:type\" content=\"article\" \/>\n<meta property=\"og:title\" content=\"Leone XIV in azione: pastorale degli anziani, unit\u00e0 per la Guardia Svizzera e una nuova esortazione apostolica &#8211; Exaudi\" \/>\n<meta property=\"og:description\" content=\"La dignit\u00e0 degli anziani, il rafforzamento spirituale e umano della Guardia Svizzera e la promulgazione di un&#039;esortazione apostolica: inviare messaggi coerenti di servizio, speranza e comunione\" \/>\n<meta property=\"og:url\" content=\"https:\/\/exaudi.org\/it\/leone-xiv-in-azione-pastorale-degli-anziani-unita-per-la-guardia-svizzera-e-una-nuova-esortazione-apostolica\/\" \/>\n<meta property=\"og:site_name\" content=\"Exaudi\" \/>\n<meta property=\"article:publisher\" content=\"https:\/\/www.facebook.com\/ExaudiNews\" \/>\n<meta property=\"article:author\" content=\"https:\/\/www.facebook.com\/ExaudiNotizie\/\" \/>\n<meta property=\"article:published_time\" content=\"2025-10-04T17:04:04+00:00\" \/>\n<meta property=\"og:image\" content=\"https:\/\/exaudi.org\/wp-content\/uploads\/2025\/10\/cq5dam.thumbnail.cropped.500.281-2.jpeg\" \/>\n\t<meta property=\"og:image:width\" content=\"500\" \/>\n\t<meta property=\"og:image:height\" content=\"281\" \/>\n\t<meta property=\"og:image:type\" content=\"image\/jpeg\" \/>\n<meta name=\"author\" content=\"Exaudi Redazione\" \/>\n<meta name=\"twitter:card\" content=\"summary_large_image\" \/>\n<meta name=\"twitter:creator\" content=\"@Exaudi_Notizie\" \/>\n<meta name=\"twitter:site\" content=\"@Exaudi_News\" \/>\n<meta name=\"twitter:label1\" content=\"Scritto da\" \/>\n\t<meta name=\"twitter:data1\" content=\"Exaudi Redazione\" \/>\n\t<meta name=\"twitter:label2\" content=\"Tempo di lettura stimato\" \/>\n\t<meta name=\"twitter:data2\" content=\"3 minuti\" \/>\n<script type=\"application\/ld+json\" class=\"yoast-schema-graph\">{\"@context\":\"https:\\\/\\\/schema.org\",\"@graph\":[{\"@type\":\"Article\",\"@id\":\"https:\\\/\\\/exaudi.org\\\/it\\\/leone-xiv-in-azione-pastorale-degli-anziani-unita-per-la-guardia-svizzera-e-una-nuova-esortazione-apostolica\\\/#article\",\"isPartOf\":{\"@id\":\"https:\\\/\\\/exaudi.org\\\/it\\\/leone-xiv-in-azione-pastorale-degli-anziani-unita-per-la-guardia-svizzera-e-una-nuova-esortazione-apostolica\\\/\"},\"author\":{\"name\":\"Exaudi Redazione\",\"@id\":\"https:\\\/\\\/exaudi.org\\\/#\\\/schema\\\/person\\\/e1ab6ed07c01774724dd96f925f3a5f0\"},\"headline\":\"Leone XIV in azione: pastorale degli anziani, unit\u00e0 per la Guardia Svizzera e una nuova esortazione apostolica\",\"datePublished\":\"2025-10-04T17:04:04+00:00\",\"mainEntityOfPage\":{\"@id\":\"https:\\\/\\\/exaudi.org\\\/it\\\/leone-xiv-in-azione-pastorale-degli-anziani-unita-per-la-guardia-svizzera-e-una-nuova-esortazione-apostolica\\\/\"},\"wordCount\":567,\"image\":{\"@id\":\"https:\\\/\\\/exaudi.org\\\/it\\\/leone-xiv-in-azione-pastorale-degli-anziani-unita-per-la-guardia-svizzera-e-una-nuova-esortazione-apostolica\\\/#primaryimage\"},\"thumbnailUrl\":\"https:\\\/\\\/exaudi.org\\\/wp-content\\\/uploads\\\/2025\\\/10\\\/cq5dam.thumbnail.cropped.500.281-2.jpeg\",\"keywords\":[\"CHIESA CATTOLICA\",\"Congresso Internazionale sulla pastorale degli anziani\",\"Dignit\u00e0 degli anziani\",\"Discorsi di Papa Leone XIV\",\"Esortazione apostolica del Papa\",\"Esortazione apostolica Dilexi Te\",\"Esortazione pontificia 2025\",\"Giuramento della Guardia Svizzera 2025\",\"Guardia Svizzera Pontificia\",\"Leone XIV\",\"MAGISTERO PONTIFICIO\",\"Papa Leone XIV\",\"Pastorale degli anziani\",\"Trending\",\"Unit\u00e0 della Curia Romana\",\"Vatican News\",\"Vaticano ottobre 2025\"],\"articleSection\":[\"Leone XIV\"],\"inLanguage\":\"it-IT\"},{\"@type\":\"WebPage\",\"@id\":\"https:\\\/\\\/exaudi.org\\\/it\\\/leone-xiv-in-azione-pastorale-degli-anziani-unita-per-la-guardia-svizzera-e-una-nuova-esortazione-apostolica\\\/\",\"url\":\"https:\\\/\\\/exaudi.org\\\/it\\\/leone-xiv-in-azione-pastorale-degli-anziani-unita-per-la-guardia-svizzera-e-una-nuova-esortazione-apostolica\\\/\",\"name\":\"Leone XIV in azione: pastorale degli anziani, unit\u00e0 per la Guardia Svizzera e una nuova esortazione apostolica &#8211; Exaudi\",\"isPartOf\":{\"@id\":\"https:\\\/\\\/exaudi.org\\\/#website\"},\"primaryImageOfPage\":{\"@id\":\"https:\\\/\\\/exaudi.org\\\/it\\\/leone-xiv-in-azione-pastorale-degli-anziani-unita-per-la-guardia-svizzera-e-una-nuova-esortazione-apostolica\\\/#primaryimage\"},\"image\":{\"@id\":\"https:\\\/\\\/exaudi.org\\\/it\\\/leone-xiv-in-azione-pastorale-degli-anziani-unita-per-la-guardia-svizzera-e-una-nuova-esortazione-apostolica\\\/#primaryimage\"},\"thumbnailUrl\":\"https:\\\/\\\/exaudi.org\\\/wp-content\\\/uploads\\\/2025\\\/10\\\/cq5dam.thumbnail.cropped.500.281-2.jpeg\",\"datePublished\":\"2025-10-04T17:04:04+00:00\",\"author\":{\"@id\":\"https:\\\/\\\/exaudi.org\\\/#\\\/schema\\\/person\\\/e1ab6ed07c01774724dd96f925f3a5f0\"},\"breadcrumb\":{\"@id\":\"https:\\\/\\\/exaudi.org\\\/it\\\/leone-xiv-in-azione-pastorale-degli-anziani-unita-per-la-guardia-svizzera-e-una-nuova-esortazione-apostolica\\\/#breadcrumb\"},\"inLanguage\":\"it-IT\",\"potentialAction\":[{\"@type\":\"ReadAction\",\"target\":[\"https:\\\/\\\/exaudi.org\\\/it\\\/leone-xiv-in-azione-pastorale-degli-anziani-unita-per-la-guardia-svizzera-e-una-nuova-esortazione-apostolica\\\/\"]}]},{\"@type\":\"ImageObject\",\"inLanguage\":\"it-IT\",\"@id\":\"https:\\\/\\\/exaudi.org\\\/it\\\/leone-xiv-in-azione-pastorale-degli-anziani-unita-per-la-guardia-svizzera-e-una-nuova-esortazione-apostolica\\\/#primaryimage\",\"url\":\"https:\\\/\\\/exaudi.org\\\/wp-content\\\/uploads\\\/2025\\\/10\\\/cq5dam.thumbnail.cropped.500.281-2.jpeg\",\"contentUrl\":\"https:\\\/\\\/exaudi.org\\\/wp-content\\\/uploads\\\/2025\\\/10\\\/cq5dam.thumbnail.cropped.500.281-2.jpeg\",\"width\":500,\"height\":281},{\"@type\":\"BreadcrumbList\",\"@id\":\"https:\\\/\\\/exaudi.org\\\/it\\\/leone-xiv-in-azione-pastorale-degli-anziani-unita-per-la-guardia-svizzera-e-una-nuova-esortazione-apostolica\\\/#breadcrumb\",\"itemListElement\":[{\"@type\":\"ListItem\",\"position\":1,\"name\":\"Portada\",\"item\":\"https:\\\/\\\/exaudi.org\\\/it\\\/\"},{\"@type\":\"ListItem\",\"position\":2,\"name\":\"Leone XIV in azione: pastorale degli anziani, unit\u00e0 per la Guardia Svizzera e una nuova esortazione apostolica\"}]},{\"@type\":\"WebSite\",\"@id\":\"https:\\\/\\\/exaudi.org\\\/#website\",\"url\":\"https:\\\/\\\/exaudi.org\\\/\",\"name\":\"Exaudi\",\"description\":\"News\",\"potentialAction\":[{\"@type\":\"SearchAction\",\"target\":{\"@type\":\"EntryPoint\",\"urlTemplate\":\"https:\\\/\\\/exaudi.org\\\/?s={search_term_string}\"},\"query-input\":{\"@type\":\"PropertyValueSpecification\",\"valueRequired\":true,\"valueName\":\"search_term_string\"}}],\"inLanguage\":\"it-IT\"},{\"@type\":\"Person\",\"@id\":\"https:\\\/\\\/exaudi.org\\\/#\\\/schema\\\/person\\\/e1ab6ed07c01774724dd96f925f3a5f0\",\"name\":\"Exaudi Redazione\",\"image\":{\"@type\":\"ImageObject\",\"inLanguage\":\"it-IT\",\"@id\":\"https:\\\/\\\/secure.gravatar.com\\\/avatar\\\/ad6774b3ada023bf5b939d64f45c94b3adf91502dd883507d469b4308a943bb3?s=96&d=mm&r=g\",\"url\":\"https:\\\/\\\/secure.gravatar.com\\\/avatar\\\/ad6774b3ada023bf5b939d64f45c94b3adf91502dd883507d469b4308a943bb3?s=96&d=mm&r=g\",\"contentUrl\":\"https:\\\/\\\/secure.gravatar.com\\\/avatar\\\/ad6774b3ada023bf5b939d64f45c94b3adf91502dd883507d469b4308a943bb3?s=96&d=mm&r=g\",\"caption\":\"Exaudi Redazione\"},\"description\":\"Che cosa \u00e8 Exaudi News? Exaudi News \u00e8 un agenzia cattolica internazionale che informa, istruisce e trasforma quotidianamente in spagnolo, inglese e italiano. Attraverso notizie, articoli di analisi e trasmissioni in diretta degli eventi del Papa, Exaudi cerca di rafforzare l'unit\u00e0 dei cristiani e di contribuire all'evangelizzazione del mondo, sempre guidato dalla dottrina sociale della Chiesa. Lavoriamo per portare la verit\u00e0 e i valori cristiani in ogni angolo del pianeta. Aiutaci a trasformare il mondo con Exaudi! Noi di Exaudi crediamo che l'evangelizzazione e l'informazione di qualit\u00e0 possano cambiare la vita. Per continuare la nostra missione ed espandere la nostra portata, abbiamo bisogno del tuo aiuto. Stiamo anche cercando persone motivate che vogliano unirsi al nostro team. Grazie al vostro sostegno raggiungeremo pi\u00f9 persone, diffonderemo il messaggio di Cristo e rafforzeremo l'unit\u00e0 dei cristiani. Vuoi unirti alla nostra missione? Per maggiori informazioni su come contribuire, visita Exaudi.org\\\/it o contattaci direttamente: info@exaudi.org Exaudi: informa, forma e trasforma.\",\"sameAs\":[\"https:\\\/\\\/www.facebook.com\\\/ExaudiNotizie\\\/\",\"https:\\\/\\\/www.instagram.com\\\/Exaudi_notizie\\\/\",\"https:\\\/\\\/x.com\\\/Exaudi_Notizie\",\"https:\\\/\\\/www.youtube.com\\\/@exaudicatholicnews\"],\"url\":\"https:\\\/\\\/exaudi.org\\\/it\\\/author\\\/dlvedi-org\\\/\"}]}<\/script>\n<!-- \/ Yoast SEO plugin. -->","yoast_head_json":{"title":"Leone XIV in azione: pastorale degli anziani, unit\u00e0 per la Guardia Svizzera e una nuova esortazione apostolica &#8211; Exaudi","robots":{"index":"index","follow":"follow","max-snippet":"max-snippet:-1","max-image-preview":"max-image-preview:large","max-video-preview":"max-video-preview:-1"},"canonical":"https:\/\/exaudi.org\/it\/leone-xiv-in-azione-pastorale-degli-anziani-unita-per-la-guardia-svizzera-e-una-nuova-esortazione-apostolica\/","og_locale":"it_IT","og_type":"article","og_title":"Leone XIV in azione: pastorale degli anziani, unit\u00e0 per la Guardia Svizzera e una nuova esortazione apostolica &#8211; Exaudi","og_description":"La dignit\u00e0 degli anziani, il rafforzamento spirituale e umano della Guardia Svizzera e la promulgazione di un'esortazione apostolica: inviare messaggi coerenti di servizio, speranza e comunione","og_url":"https:\/\/exaudi.org\/it\/leone-xiv-in-azione-pastorale-degli-anziani-unita-per-la-guardia-svizzera-e-una-nuova-esortazione-apostolica\/","og_site_name":"Exaudi","article_publisher":"https:\/\/www.facebook.com\/ExaudiNews","article_author":"https:\/\/www.facebook.com\/ExaudiNotizie\/","article_published_time":"2025-10-04T17:04:04+00:00","og_image":[{"width":500,"height":281,"url":"https:\/\/exaudi.org\/wp-content\/uploads\/2025\/10\/cq5dam.thumbnail.cropped.500.281-2.jpeg","type":"image\/jpeg"}],"author":"Exaudi Redazione","twitter_card":"summary_large_image","twitter_creator":"@Exaudi_Notizie","twitter_site":"@Exaudi_News","twitter_misc":{"Scritto da":"Exaudi Redazione","Tempo di lettura stimato":"3 minuti"},"schema":{"@context":"https:\/\/schema.org","@graph":[{"@type":"Article","@id":"https:\/\/exaudi.org\/it\/leone-xiv-in-azione-pastorale-degli-anziani-unita-per-la-guardia-svizzera-e-una-nuova-esortazione-apostolica\/#article","isPartOf":{"@id":"https:\/\/exaudi.org\/it\/leone-xiv-in-azione-pastorale-degli-anziani-unita-per-la-guardia-svizzera-e-una-nuova-esortazione-apostolica\/"},"author":{"name":"Exaudi Redazione","@id":"https:\/\/exaudi.org\/#\/schema\/person\/e1ab6ed07c01774724dd96f925f3a5f0"},"headline":"Leone XIV in azione: pastorale degli anziani, unit\u00e0 per la Guardia Svizzera e una nuova esortazione apostolica","datePublished":"2025-10-04T17:04:04+00:00","mainEntityOfPage":{"@id":"https:\/\/exaudi.org\/it\/leone-xiv-in-azione-pastorale-degli-anziani-unita-per-la-guardia-svizzera-e-una-nuova-esortazione-apostolica\/"},"wordCount":567,"image":{"@id":"https:\/\/exaudi.org\/it\/leone-xiv-in-azione-pastorale-degli-anziani-unita-per-la-guardia-svizzera-e-una-nuova-esortazione-apostolica\/#primaryimage"},"thumbnailUrl":"https:\/\/exaudi.org\/wp-content\/uploads\/2025\/10\/cq5dam.thumbnail.cropped.500.281-2.jpeg","keywords":["CHIESA CATTOLICA","Congresso Internazionale sulla pastorale degli anziani","Dignit\u00e0 degli anziani","Discorsi di Papa Leone XIV","Esortazione apostolica del Papa","Esortazione apostolica Dilexi Te","Esortazione pontificia 2025","Giuramento della Guardia Svizzera 2025","Guardia Svizzera Pontificia","Leone XIV","MAGISTERO PONTIFICIO","Papa Leone XIV","Pastorale degli anziani","Trending","Unit\u00e0 della Curia Romana","Vatican News","Vaticano ottobre 2025"],"articleSection":["Leone XIV"],"inLanguage":"it-IT"},{"@type":"WebPage","@id":"https:\/\/exaudi.org\/it\/leone-xiv-in-azione-pastorale-degli-anziani-unita-per-la-guardia-svizzera-e-una-nuova-esortazione-apostolica\/","url":"https:\/\/exaudi.org\/it\/leone-xiv-in-azione-pastorale-degli-anziani-unita-per-la-guardia-svizzera-e-una-nuova-esortazione-apostolica\/","name":"Leone XIV in azione: pastorale degli anziani, unit\u00e0 per la Guardia Svizzera e una nuova esortazione apostolica &#8211; Exaudi","isPartOf":{"@id":"https:\/\/exaudi.org\/#website"},"primaryImageOfPage":{"@id":"https:\/\/exaudi.org\/it\/leone-xiv-in-azione-pastorale-degli-anziani-unita-per-la-guardia-svizzera-e-una-nuova-esortazione-apostolica\/#primaryimage"},"image":{"@id":"https:\/\/exaudi.org\/it\/leone-xiv-in-azione-pastorale-degli-anziani-unita-per-la-guardia-svizzera-e-una-nuova-esortazione-apostolica\/#primaryimage"},"thumbnailUrl":"https:\/\/exaudi.org\/wp-content\/uploads\/2025\/10\/cq5dam.thumbnail.cropped.500.281-2.jpeg","datePublished":"2025-10-04T17:04:04+00:00","author":{"@id":"https:\/\/exaudi.org\/#\/schema\/person\/e1ab6ed07c01774724dd96f925f3a5f0"},"breadcrumb":{"@id":"https:\/\/exaudi.org\/it\/leone-xiv-in-azione-pastorale-degli-anziani-unita-per-la-guardia-svizzera-e-una-nuova-esortazione-apostolica\/#breadcrumb"},"inLanguage":"it-IT","potentialAction":[{"@type":"ReadAction","target":["https:\/\/exaudi.org\/it\/leone-xiv-in-azione-pastorale-degli-anziani-unita-per-la-guardia-svizzera-e-una-nuova-esortazione-apostolica\/"]}]},{"@type":"ImageObject","inLanguage":"it-IT","@id":"https:\/\/exaudi.org\/it\/leone-xiv-in-azione-pastorale-degli-anziani-unita-per-la-guardia-svizzera-e-una-nuova-esortazione-apostolica\/#primaryimage","url":"https:\/\/exaudi.org\/wp-content\/uploads\/2025\/10\/cq5dam.thumbnail.cropped.500.281-2.jpeg","contentUrl":"https:\/\/exaudi.org\/wp-content\/uploads\/2025\/10\/cq5dam.thumbnail.cropped.500.281-2.jpeg","width":500,"height":281},{"@type":"BreadcrumbList","@id":"https:\/\/exaudi.org\/it\/leone-xiv-in-azione-pastorale-degli-anziani-unita-per-la-guardia-svizzera-e-una-nuova-esortazione-apostolica\/#breadcrumb","itemListElement":[{"@type":"ListItem","position":1,"name":"Portada","item":"https:\/\/exaudi.org\/it\/"},{"@type":"ListItem","position":2,"name":"Leone XIV in azione: pastorale degli anziani, unit\u00e0 per la Guardia Svizzera e una nuova esortazione apostolica"}]},{"@type":"WebSite","@id":"https:\/\/exaudi.org\/#website","url":"https:\/\/exaudi.org\/","name":"Exaudi","description":"News","potentialAction":[{"@type":"SearchAction","target":{"@type":"EntryPoint","urlTemplate":"https:\/\/exaudi.org\/?s={search_term_string}"},"query-input":{"@type":"PropertyValueSpecification","valueRequired":true,"valueName":"search_term_string"}}],"inLanguage":"it-IT"},{"@type":"Person","@id":"https:\/\/exaudi.org\/#\/schema\/person\/e1ab6ed07c01774724dd96f925f3a5f0","name":"Exaudi Redazione","image":{"@type":"ImageObject","inLanguage":"it-IT","@id":"https:\/\/secure.gravatar.com\/avatar\/ad6774b3ada023bf5b939d64f45c94b3adf91502dd883507d469b4308a943bb3?s=96&d=mm&r=g","url":"https:\/\/secure.gravatar.com\/avatar\/ad6774b3ada023bf5b939d64f45c94b3adf91502dd883507d469b4308a943bb3?s=96&d=mm&r=g","contentUrl":"https:\/\/secure.gravatar.com\/avatar\/ad6774b3ada023bf5b939d64f45c94b3adf91502dd883507d469b4308a943bb3?s=96&d=mm&r=g","caption":"Exaudi Redazione"},"description":"Che cosa \u00e8 Exaudi News? Exaudi News \u00e8 un agenzia cattolica internazionale che informa, istruisce e trasforma quotidianamente in spagnolo, inglese e italiano. Attraverso notizie, articoli di analisi e trasmissioni in diretta degli eventi del Papa, Exaudi cerca di rafforzare l'unit\u00e0 dei cristiani e di contribuire all'evangelizzazione del mondo, sempre guidato dalla dottrina sociale della Chiesa. Lavoriamo per portare la verit\u00e0 e i valori cristiani in ogni angolo del pianeta. Aiutaci a trasformare il mondo con Exaudi! Noi di Exaudi crediamo che l'evangelizzazione e l'informazione di qualit\u00e0 possano cambiare la vita. Per continuare la nostra missione ed espandere la nostra portata, abbiamo bisogno del tuo aiuto. Stiamo anche cercando persone motivate che vogliano unirsi al nostro team. Grazie al vostro sostegno raggiungeremo pi\u00f9 persone, diffonderemo il messaggio di Cristo e rafforzeremo l'unit\u00e0 dei cristiani. Vuoi unirti alla nostra missione? Per maggiori informazioni su come contribuire, visita Exaudi.org\/it o contattaci direttamente: info@exaudi.org Exaudi: informa, forma e trasforma.","sameAs":["https:\/\/www.facebook.com\/ExaudiNotizie\/","https:\/\/www.instagram.com\/Exaudi_notizie\/","https:\/\/x.com\/Exaudi_Notizie","https:\/\/www.youtube.com\/@exaudicatholicnews"],"url":"https:\/\/exaudi.org\/it\/author\/dlvedi-org\/"}]}},"jetpack_featured_media_url":"https:\/\/exaudi.org\/wp-content\/uploads\/2025\/10\/cq5dam.thumbnail.cropped.500.281-2.jpeg","jetpack_shortlink":"https:\/\/wp.me\/pgKjF2-A7N","_links":{"self":[{"href":"https:\/\/exaudi.org\/it\/wp-json\/wp\/v2\/posts\/138867","targetHints":{"allow":["GET"]}}],"collection":[{"href":"https:\/\/exaudi.org\/it\/wp-json\/wp\/v2\/posts"}],"about":[{"href":"https:\/\/exaudi.org\/it\/wp-json\/wp\/v2\/types\/post"}],"author":[{"embeddable":true,"href":"https:\/\/exaudi.org\/it\/wp-json\/wp\/v2\/users\/17"}],"replies":[{"embeddable":true,"href":"https:\/\/exaudi.org\/it\/wp-json\/wp\/v2\/comments?post=138867"}],"version-history":[{"count":3,"href":"https:\/\/exaudi.org\/it\/wp-json\/wp\/v2\/posts\/138867\/revisions"}],"predecessor-version":[{"id":138870,"href":"https:\/\/exaudi.org\/it\/wp-json\/wp\/v2\/posts\/138867\/revisions\/138870"}],"wp:featuredmedia":[{"embeddable":true,"href":"https:\/\/exaudi.org\/it\/wp-json\/wp\/v2\/media\/138816"}],"wp:attachment":[{"href":"https:\/\/exaudi.org\/it\/wp-json\/wp\/v2\/media?parent=138867"}],"wp:term":[{"taxonomy":"category","embeddable":true,"href":"https:\/\/exaudi.org\/it\/wp-json\/wp\/v2\/categories?post=138867"},{"taxonomy":"post_tag","embeddable":true,"href":"https:\/\/exaudi.org\/it\/wp-json\/wp\/v2\/tags?post=138867"}],"curies":[{"name":"wp","href":"https:\/\/api.w.org\/{rel}","templated":true}]}}