{"id":138613,"date":"2025-10-02T17:35:15","date_gmt":"2025-10-02T15:35:15","guid":{"rendered":"https:\/\/exaudi.org\/?p=138613"},"modified":"2025-10-02T17:35:15","modified_gmt":"2025-10-02T15:35:15","slug":"papa-leone-xiv-promuove-speranza-e-solidarieta-salute-comunicazione-e-migrazione","status":"publish","type":"post","link":"https:\/\/exaudi.org\/it\/papa-leone-xiv-promuove-speranza-e-solidarieta-salute-comunicazione-e-migrazione\/","title":{"rendered":"Papa Leone XIV promuove speranza e solidariet\u00e0: salute, comunicazione e migrazione"},"content":{"rendered":"<p><span dir=\"auto\" style=\"vertical-align: inherit\"><span dir=\"auto\" style=\"vertical-align: inherit\">Gioved\u00ec 2 ottobre 2025, Papa Leone XIV tenne un&#8217;intensa giornata di incontri in Vaticano, incentrati su salute, comunicazione e diritti umani.<\/span><\/span><\/p>\n<p><span dir=\"auto\" style=\"vertical-align: inherit\"><span dir=\"auto\" style=\"vertical-align: inherit\">Questa mattina, il Pontefice ha ricevuto i rappresentanti della Confederazione Medica Latino-Iberoamericana e dei Caraibi (CONFEMEL). Nel suo messaggio, ha sottolineato che &#8220;un algoritmo non potr\u00e0 mai sostituire un gesto di vicinanza&#8221;, sottolineando l&#8217;importanza delle relazioni umane in medicina di fronte ai progressi tecnologici. Ha anche ricordato la testimonianza del Beato Jos\u00e9 Gregorio Hern\u00e1ndez come esempio di servizio e dedizione al prossimo.<\/span><\/span><\/p>\n<p><span dir=\"auto\" style=\"vertical-align: inherit\"><span dir=\"auto\" style=\"vertical-align: inherit\">Nel pomeriggio, il Papa ha incontrato le Figlie di San Paolo in occasione del loro XII Capitolo Generale, che celebra i 110 anni dalla fondazione. Le ha incoraggiate a &#8220;guardare il cielo e vivere la storia&#8221;, invitandole a mantenere vivo il loro carisma comunicativo con due atteggiamenti essenziali: guardare allo Spirito Santo come guida e immergersi nella realt\u00e0 concreta dell&#8217;umanit\u00e0 per annunciare la speranza del Vangelo.<\/span><\/span><\/p>\n<p><span dir=\"auto\" style=\"vertical-align: inherit\"><span dir=\"auto\" style=\"vertical-align: inherit\">Infine, il Pontefice ha partecipato alla conferenza internazionale sui migranti e i rifugiati, dove ha espresso la sua preoccupazione per l'&#8221;impotenza&#8221; della comunit\u00e0 internazionale di fronte alle crisi migratorie. Ha chiesto azioni concrete e solidariet\u00e0, esortando governi e organizzazioni a lavorare insieme per trovare soluzioni durature e rispettose della dignit\u00e0 umana.<\/span><\/span><\/p>\n","protected":false},"excerpt":{"rendered":"<p>Il Pontefice ha ricevuto i rappresentanti della Confederazione Medica Latinoamericana e Caraibica e delle Figlie di San Paolo e ha partecipato alla conferenza internazionale su migranti e rifugiati<\/p>\n","protected":false},"author":14,"featured_media":138612,"comment_status":"closed","ping_status":"closed","sticky":false,"template":"","format":"standard","meta":{"_acf_changed":false,"_crdt_document":"","inline_featured_image":false,"footnotes":""},"categories":[67],"tags":[39847,31967,13765,3146,75264,1466,64851,75266,75265,51926,64910,9400,472,58164,887,640,1464,71597,510,483,1843,706,266,41058],"class_list":["post-138613","post","type-post","status-publish","format-standard","has-post-thumbnail","hentry","category-leone-xiv","tag-agenda-del-papa-2","tag-azione-sociale","tag-carisma-2","tag-comunicazione","tag-confederazione-medica-latinoamericana-e-caraibica","tag-diritti-umani","tag-featured-it-2","tag-figlie-di-san-paolo","tag-incontri-papali","tag-jose-gregorio-hernandez-2","tag-leone-xiv-it","tag-medicina-2","tag-migranti","tag-papa-leone-xiv","tag-pontificato","tag-rifugiati","tag-salute","tag-servizio-al-prossimo","tag-solidarieta","tag-speranza","tag-udienza","tag-vangelo","tag-vaticano","tag-vaticano-2025-2"],"acf":[],"yoast_head":"<!-- This site is optimized with the Yoast SEO plugin v27.5 - https:\/\/yoast.com\/product\/yoast-seo-wordpress\/ -->\n<title>Papa Leone XIV promuove speranza e solidariet\u00e0: salute, comunicazione e migrazione &#8211; Exaudi<\/title>\n<meta name=\"robots\" content=\"index, follow, max-snippet:-1, max-image-preview:large, max-video-preview:-1\" \/>\n<link rel=\"canonical\" href=\"https:\/\/exaudi.org\/it\/papa-leone-xiv-promuove-speranza-e-solidarieta-salute-comunicazione-e-migrazione\/\" \/>\n<meta property=\"og:locale\" content=\"it_IT\" \/>\n<meta property=\"og:type\" content=\"article\" \/>\n<meta property=\"og:title\" content=\"Papa Leone XIV promuove speranza e solidariet\u00e0: salute, comunicazione e migrazione &#8211; Exaudi\" \/>\n<meta property=\"og:description\" content=\"Il Pontefice ha ricevuto i rappresentanti della Confederazione Medica Latinoamericana e Caraibica e delle Figlie di San Paolo e ha partecipato alla conferenza internazionale su migranti e rifugiati\" \/>\n<meta property=\"og:url\" content=\"https:\/\/exaudi.org\/it\/papa-leone-xiv-promuove-speranza-e-solidarieta-salute-comunicazione-e-migrazione\/\" \/>\n<meta property=\"og:site_name\" content=\"Exaudi\" \/>\n<meta property=\"article:publisher\" content=\"https:\/\/www.facebook.com\/ExaudiNews\" \/>\n<meta property=\"article:author\" content=\"https:\/\/www.facebook.com\/ExaudiNews\" \/>\n<meta property=\"article:published_time\" content=\"2025-10-02T15:35:15+00:00\" \/>\n<meta property=\"og:image\" content=\"https:\/\/exaudi.org\/wp-content\/uploads\/2025\/10\/cq5dam.thumbnail.cropped.500.281.jpeg\" \/>\n\t<meta property=\"og:image:width\" content=\"500\" \/>\n\t<meta property=\"og:image:height\" content=\"281\" \/>\n\t<meta property=\"og:image:type\" content=\"image\/jpeg\" \/>\n<meta name=\"author\" content=\"Exaudi Staff\" \/>\n<meta name=\"twitter:card\" content=\"summary_large_image\" \/>\n<meta name=\"twitter:creator\" content=\"@Exaudi_News\" \/>\n<meta name=\"twitter:site\" content=\"@Exaudi_News\" \/>\n<meta name=\"twitter:label1\" content=\"Scritto da\" \/>\n\t<meta name=\"twitter:data1\" content=\"Exaudi Staff\" \/>\n\t<meta name=\"twitter:label2\" content=\"Tempo di lettura stimato\" \/>\n\t<meta name=\"twitter:data2\" content=\"1 minuto\" \/>\n<script type=\"application\/ld+json\" class=\"yoast-schema-graph\">{\"@context\":\"https:\\\/\\\/schema.org\",\"@graph\":[{\"@type\":\"Article\",\"@id\":\"https:\\\/\\\/exaudi.org\\\/it\\\/papa-leone-xiv-promuove-speranza-e-solidarieta-salute-comunicazione-e-migrazione\\\/#article\",\"isPartOf\":{\"@id\":\"https:\\\/\\\/exaudi.org\\\/it\\\/papa-leone-xiv-promuove-speranza-e-solidarieta-salute-comunicazione-e-migrazione\\\/\"},\"author\":{\"name\":\"Exaudi Staff\",\"@id\":\"https:\\\/\\\/exaudi.org\\\/#\\\/schema\\\/person\\\/f8d6bbcd3b747b47feaa29603390ae1d\"},\"headline\":\"Papa Leone XIV promuove speranza e solidariet\u00e0: salute, comunicazione e migrazione\",\"datePublished\":\"2025-10-02T15:35:15+00:00\",\"mainEntityOfPage\":{\"@id\":\"https:\\\/\\\/exaudi.org\\\/it\\\/papa-leone-xiv-promuove-speranza-e-solidarieta-salute-comunicazione-e-migrazione\\\/\"},\"wordCount\":213,\"image\":{\"@id\":\"https:\\\/\\\/exaudi.org\\\/it\\\/papa-leone-xiv-promuove-speranza-e-solidarieta-salute-comunicazione-e-migrazione\\\/#primaryimage\"},\"thumbnailUrl\":\"https:\\\/\\\/exaudi.org\\\/wp-content\\\/uploads\\\/2025\\\/10\\\/cq5dam.thumbnail.cropped.500.281.jpeg\",\"keywords\":[\"Agenda del Papa\",\"azione sociale\",\"carisma\",\"comunicazione\",\"Confederazione Medica Latinoamericana e Caraibica\",\"diritti umani\",\"Featured\",\"Figlie di San Paolo\",\"incontri papali\",\"Jos\u00e9 Gregorio Hern\u00e1ndez\",\"Leone XIV\",\"Medicina\",\"migranti\",\"Papa Leone XIV\",\"pontificato\",\"rifugiati\",\"salute\",\"servizio al prossimo\",\"solidariet\u00e0\",\"speranza\",\"udienza\",\"Vangelo\",\"Vaticano\",\"Vaticano 2025\"],\"articleSection\":[\"Leone XIV\"],\"inLanguage\":\"it-IT\"},{\"@type\":\"WebPage\",\"@id\":\"https:\\\/\\\/exaudi.org\\\/it\\\/papa-leone-xiv-promuove-speranza-e-solidarieta-salute-comunicazione-e-migrazione\\\/\",\"url\":\"https:\\\/\\\/exaudi.org\\\/it\\\/papa-leone-xiv-promuove-speranza-e-solidarieta-salute-comunicazione-e-migrazione\\\/\",\"name\":\"Papa Leone XIV promuove speranza e solidariet\u00e0: salute, comunicazione e migrazione &#8211; Exaudi\",\"isPartOf\":{\"@id\":\"https:\\\/\\\/exaudi.org\\\/#website\"},\"primaryImageOfPage\":{\"@id\":\"https:\\\/\\\/exaudi.org\\\/it\\\/papa-leone-xiv-promuove-speranza-e-solidarieta-salute-comunicazione-e-migrazione\\\/#primaryimage\"},\"image\":{\"@id\":\"https:\\\/\\\/exaudi.org\\\/it\\\/papa-leone-xiv-promuove-speranza-e-solidarieta-salute-comunicazione-e-migrazione\\\/#primaryimage\"},\"thumbnailUrl\":\"https:\\\/\\\/exaudi.org\\\/wp-content\\\/uploads\\\/2025\\\/10\\\/cq5dam.thumbnail.cropped.500.281.jpeg\",\"datePublished\":\"2025-10-02T15:35:15+00:00\",\"author\":{\"@id\":\"https:\\\/\\\/exaudi.org\\\/#\\\/schema\\\/person\\\/f8d6bbcd3b747b47feaa29603390ae1d\"},\"breadcrumb\":{\"@id\":\"https:\\\/\\\/exaudi.org\\\/it\\\/papa-leone-xiv-promuove-speranza-e-solidarieta-salute-comunicazione-e-migrazione\\\/#breadcrumb\"},\"inLanguage\":\"it-IT\",\"potentialAction\":[{\"@type\":\"ReadAction\",\"target\":[\"https:\\\/\\\/exaudi.org\\\/it\\\/papa-leone-xiv-promuove-speranza-e-solidarieta-salute-comunicazione-e-migrazione\\\/\"]}]},{\"@type\":\"ImageObject\",\"inLanguage\":\"it-IT\",\"@id\":\"https:\\\/\\\/exaudi.org\\\/it\\\/papa-leone-xiv-promuove-speranza-e-solidarieta-salute-comunicazione-e-migrazione\\\/#primaryimage\",\"url\":\"https:\\\/\\\/exaudi.org\\\/wp-content\\\/uploads\\\/2025\\\/10\\\/cq5dam.thumbnail.cropped.500.281.jpeg\",\"contentUrl\":\"https:\\\/\\\/exaudi.org\\\/wp-content\\\/uploads\\\/2025\\\/10\\\/cq5dam.thumbnail.cropped.500.281.jpeg\",\"width\":500,\"height\":281},{\"@type\":\"BreadcrumbList\",\"@id\":\"https:\\\/\\\/exaudi.org\\\/it\\\/papa-leone-xiv-promuove-speranza-e-solidarieta-salute-comunicazione-e-migrazione\\\/#breadcrumb\",\"itemListElement\":[{\"@type\":\"ListItem\",\"position\":1,\"name\":\"Portada\",\"item\":\"https:\\\/\\\/exaudi.org\\\/it\\\/\"},{\"@type\":\"ListItem\",\"position\":2,\"name\":\"Papa Leone XIV promuove speranza e solidariet\u00e0: salute, comunicazione e migrazione\"}]},{\"@type\":\"WebSite\",\"@id\":\"https:\\\/\\\/exaudi.org\\\/#website\",\"url\":\"https:\\\/\\\/exaudi.org\\\/\",\"name\":\"Exaudi\",\"description\":\"News\",\"potentialAction\":[{\"@type\":\"SearchAction\",\"target\":{\"@type\":\"EntryPoint\",\"urlTemplate\":\"https:\\\/\\\/exaudi.org\\\/?s={search_term_string}\"},\"query-input\":{\"@type\":\"PropertyValueSpecification\",\"valueRequired\":true,\"valueName\":\"search_term_string\"}}],\"inLanguage\":\"it-IT\"},{\"@type\":\"Person\",\"@id\":\"https:\\\/\\\/exaudi.org\\\/#\\\/schema\\\/person\\\/f8d6bbcd3b747b47feaa29603390ae1d\",\"name\":\"Exaudi Staff\",\"image\":{\"@type\":\"ImageObject\",\"inLanguage\":\"it-IT\",\"@id\":\"https:\\\/\\\/secure.gravatar.com\\\/avatar\\\/5fd0540d43941e8f0345d5213d0fbbce6078ed0d3ffdabf3d36ae6f6b299dbff?s=96&d=mm&r=g\",\"url\":\"https:\\\/\\\/secure.gravatar.com\\\/avatar\\\/5fd0540d43941e8f0345d5213d0fbbce6078ed0d3ffdabf3d36ae6f6b299dbff?s=96&d=mm&r=g\",\"contentUrl\":\"https:\\\/\\\/secure.gravatar.com\\\/avatar\\\/5fd0540d43941e8f0345d5213d0fbbce6078ed0d3ffdabf3d36ae6f6b299dbff?s=96&d=mm&r=g\",\"caption\":\"Exaudi Staff\"},\"description\":\"What is Exaudi News? Exaudi News is an international Catholic media outlet that informs, shapes, and transforms daily in Spanish, English, and Italian. Through news, analytical articles, and live broadcasts of the Pope's events, Exaudi seeks to strengthen Christian unity and contribute to the evangelization of the world, always guided by the Church's social doctrine. We work to bring Christian truth and values \u200b\u200bto every corner of the planet. Help us transform the world with Exaudi! At Exaudi, we believe that evangelization and quality information can change lives. To continue our mission and expand our reach, we need your help. In addition, we are looking for committed people to join our team. With your support, we will reach more people, spread the message of Christ, and strengthen Christian unity. Will you join our mission? For more information on how to collaborate, visit Exaudi.org or contact us directly: info@exaudi.org Exaudi: Informs, educates, and transforms.\",\"sameAs\":[\"https:\\\/\\\/www.facebook.com\\\/ExaudiNews\",\"https:\\\/\\\/www.instagram.com\\\/exaudi_news\",\"https:\\\/\\\/x.com\\\/Exaudi_News\",\"https:\\\/\\\/www.youtube.com\\\/@exaudicatholicnews\"],\"url\":\"https:\\\/\\\/exaudi.org\\\/it\\\/author\\\/dfe\\\/\"}]}<\/script>\n<!-- \/ Yoast SEO plugin. -->","yoast_head_json":{"title":"Papa Leone XIV promuove speranza e solidariet\u00e0: salute, comunicazione e migrazione &#8211; Exaudi","robots":{"index":"index","follow":"follow","max-snippet":"max-snippet:-1","max-image-preview":"max-image-preview:large","max-video-preview":"max-video-preview:-1"},"canonical":"https:\/\/exaudi.org\/it\/papa-leone-xiv-promuove-speranza-e-solidarieta-salute-comunicazione-e-migrazione\/","og_locale":"it_IT","og_type":"article","og_title":"Papa Leone XIV promuove speranza e solidariet\u00e0: salute, comunicazione e migrazione &#8211; Exaudi","og_description":"Il Pontefice ha ricevuto i rappresentanti della Confederazione Medica Latinoamericana e Caraibica e delle Figlie di San Paolo e ha partecipato alla conferenza internazionale su migranti e rifugiati","og_url":"https:\/\/exaudi.org\/it\/papa-leone-xiv-promuove-speranza-e-solidarieta-salute-comunicazione-e-migrazione\/","og_site_name":"Exaudi","article_publisher":"https:\/\/www.facebook.com\/ExaudiNews","article_author":"https:\/\/www.facebook.com\/ExaudiNews","article_published_time":"2025-10-02T15:35:15+00:00","og_image":[{"width":500,"height":281,"url":"https:\/\/exaudi.org\/wp-content\/uploads\/2025\/10\/cq5dam.thumbnail.cropped.500.281.jpeg","type":"image\/jpeg"}],"author":"Exaudi Staff","twitter_card":"summary_large_image","twitter_creator":"@Exaudi_News","twitter_site":"@Exaudi_News","twitter_misc":{"Scritto da":"Exaudi Staff","Tempo di lettura stimato":"1 minuto"},"schema":{"@context":"https:\/\/schema.org","@graph":[{"@type":"Article","@id":"https:\/\/exaudi.org\/it\/papa-leone-xiv-promuove-speranza-e-solidarieta-salute-comunicazione-e-migrazione\/#article","isPartOf":{"@id":"https:\/\/exaudi.org\/it\/papa-leone-xiv-promuove-speranza-e-solidarieta-salute-comunicazione-e-migrazione\/"},"author":{"name":"Exaudi Staff","@id":"https:\/\/exaudi.org\/#\/schema\/person\/f8d6bbcd3b747b47feaa29603390ae1d"},"headline":"Papa Leone XIV promuove speranza e solidariet\u00e0: salute, comunicazione e migrazione","datePublished":"2025-10-02T15:35:15+00:00","mainEntityOfPage":{"@id":"https:\/\/exaudi.org\/it\/papa-leone-xiv-promuove-speranza-e-solidarieta-salute-comunicazione-e-migrazione\/"},"wordCount":213,"image":{"@id":"https:\/\/exaudi.org\/it\/papa-leone-xiv-promuove-speranza-e-solidarieta-salute-comunicazione-e-migrazione\/#primaryimage"},"thumbnailUrl":"https:\/\/exaudi.org\/wp-content\/uploads\/2025\/10\/cq5dam.thumbnail.cropped.500.281.jpeg","keywords":["Agenda del Papa","azione sociale","carisma","comunicazione","Confederazione Medica Latinoamericana e Caraibica","diritti umani","Featured","Figlie di San Paolo","incontri papali","Jos\u00e9 Gregorio Hern\u00e1ndez","Leone XIV","Medicina","migranti","Papa Leone XIV","pontificato","rifugiati","salute","servizio al prossimo","solidariet\u00e0","speranza","udienza","Vangelo","Vaticano","Vaticano 2025"],"articleSection":["Leone XIV"],"inLanguage":"it-IT"},{"@type":"WebPage","@id":"https:\/\/exaudi.org\/it\/papa-leone-xiv-promuove-speranza-e-solidarieta-salute-comunicazione-e-migrazione\/","url":"https:\/\/exaudi.org\/it\/papa-leone-xiv-promuove-speranza-e-solidarieta-salute-comunicazione-e-migrazione\/","name":"Papa Leone XIV promuove speranza e solidariet\u00e0: salute, comunicazione e migrazione &#8211; Exaudi","isPartOf":{"@id":"https:\/\/exaudi.org\/#website"},"primaryImageOfPage":{"@id":"https:\/\/exaudi.org\/it\/papa-leone-xiv-promuove-speranza-e-solidarieta-salute-comunicazione-e-migrazione\/#primaryimage"},"image":{"@id":"https:\/\/exaudi.org\/it\/papa-leone-xiv-promuove-speranza-e-solidarieta-salute-comunicazione-e-migrazione\/#primaryimage"},"thumbnailUrl":"https:\/\/exaudi.org\/wp-content\/uploads\/2025\/10\/cq5dam.thumbnail.cropped.500.281.jpeg","datePublished":"2025-10-02T15:35:15+00:00","author":{"@id":"https:\/\/exaudi.org\/#\/schema\/person\/f8d6bbcd3b747b47feaa29603390ae1d"},"breadcrumb":{"@id":"https:\/\/exaudi.org\/it\/papa-leone-xiv-promuove-speranza-e-solidarieta-salute-comunicazione-e-migrazione\/#breadcrumb"},"inLanguage":"it-IT","potentialAction":[{"@type":"ReadAction","target":["https:\/\/exaudi.org\/it\/papa-leone-xiv-promuove-speranza-e-solidarieta-salute-comunicazione-e-migrazione\/"]}]},{"@type":"ImageObject","inLanguage":"it-IT","@id":"https:\/\/exaudi.org\/it\/papa-leone-xiv-promuove-speranza-e-solidarieta-salute-comunicazione-e-migrazione\/#primaryimage","url":"https:\/\/exaudi.org\/wp-content\/uploads\/2025\/10\/cq5dam.thumbnail.cropped.500.281.jpeg","contentUrl":"https:\/\/exaudi.org\/wp-content\/uploads\/2025\/10\/cq5dam.thumbnail.cropped.500.281.jpeg","width":500,"height":281},{"@type":"BreadcrumbList","@id":"https:\/\/exaudi.org\/it\/papa-leone-xiv-promuove-speranza-e-solidarieta-salute-comunicazione-e-migrazione\/#breadcrumb","itemListElement":[{"@type":"ListItem","position":1,"name":"Portada","item":"https:\/\/exaudi.org\/it\/"},{"@type":"ListItem","position":2,"name":"Papa Leone XIV promuove speranza e solidariet\u00e0: salute, comunicazione e migrazione"}]},{"@type":"WebSite","@id":"https:\/\/exaudi.org\/#website","url":"https:\/\/exaudi.org\/","name":"Exaudi","description":"News","potentialAction":[{"@type":"SearchAction","target":{"@type":"EntryPoint","urlTemplate":"https:\/\/exaudi.org\/?s={search_term_string}"},"query-input":{"@type":"PropertyValueSpecification","valueRequired":true,"valueName":"search_term_string"}}],"inLanguage":"it-IT"},{"@type":"Person","@id":"https:\/\/exaudi.org\/#\/schema\/person\/f8d6bbcd3b747b47feaa29603390ae1d","name":"Exaudi Staff","image":{"@type":"ImageObject","inLanguage":"it-IT","@id":"https:\/\/secure.gravatar.com\/avatar\/5fd0540d43941e8f0345d5213d0fbbce6078ed0d3ffdabf3d36ae6f6b299dbff?s=96&d=mm&r=g","url":"https:\/\/secure.gravatar.com\/avatar\/5fd0540d43941e8f0345d5213d0fbbce6078ed0d3ffdabf3d36ae6f6b299dbff?s=96&d=mm&r=g","contentUrl":"https:\/\/secure.gravatar.com\/avatar\/5fd0540d43941e8f0345d5213d0fbbce6078ed0d3ffdabf3d36ae6f6b299dbff?s=96&d=mm&r=g","caption":"Exaudi Staff"},"description":"What is Exaudi News? Exaudi News is an international Catholic media outlet that informs, shapes, and transforms daily in Spanish, English, and Italian. Through news, analytical articles, and live broadcasts of the Pope's events, Exaudi seeks to strengthen Christian unity and contribute to the evangelization of the world, always guided by the Church's social doctrine. We work to bring Christian truth and values \u200b\u200bto every corner of the planet. Help us transform the world with Exaudi! At Exaudi, we believe that evangelization and quality information can change lives. To continue our mission and expand our reach, we need your help. In addition, we are looking for committed people to join our team. With your support, we will reach more people, spread the message of Christ, and strengthen Christian unity. Will you join our mission? For more information on how to collaborate, visit Exaudi.org or contact us directly: info@exaudi.org Exaudi: Informs, educates, and transforms.","sameAs":["https:\/\/www.facebook.com\/ExaudiNews","https:\/\/www.instagram.com\/exaudi_news","https:\/\/x.com\/Exaudi_News","https:\/\/www.youtube.com\/@exaudicatholicnews"],"url":"https:\/\/exaudi.org\/it\/author\/dfe\/"}]}},"jetpack_featured_media_url":"https:\/\/exaudi.org\/wp-content\/uploads\/2025\/10\/cq5dam.thumbnail.cropped.500.281.jpeg","jetpack_shortlink":"https:\/\/wp.me\/pgKjF2-A3H","_links":{"self":[{"href":"https:\/\/exaudi.org\/it\/wp-json\/wp\/v2\/posts\/138613","targetHints":{"allow":["GET"]}}],"collection":[{"href":"https:\/\/exaudi.org\/it\/wp-json\/wp\/v2\/posts"}],"about":[{"href":"https:\/\/exaudi.org\/it\/wp-json\/wp\/v2\/types\/post"}],"author":[{"embeddable":true,"href":"https:\/\/exaudi.org\/it\/wp-json\/wp\/v2\/users\/14"}],"replies":[{"embeddable":true,"href":"https:\/\/exaudi.org\/it\/wp-json\/wp\/v2\/comments?post=138613"}],"version-history":[{"count":3,"href":"https:\/\/exaudi.org\/it\/wp-json\/wp\/v2\/posts\/138613\/revisions"}],"predecessor-version":[{"id":138616,"href":"https:\/\/exaudi.org\/it\/wp-json\/wp\/v2\/posts\/138613\/revisions\/138616"}],"wp:featuredmedia":[{"embeddable":true,"href":"https:\/\/exaudi.org\/it\/wp-json\/wp\/v2\/media\/138612"}],"wp:attachment":[{"href":"https:\/\/exaudi.org\/it\/wp-json\/wp\/v2\/media?parent=138613"}],"wp:term":[{"taxonomy":"category","embeddable":true,"href":"https:\/\/exaudi.org\/it\/wp-json\/wp\/v2\/categories?post=138613"},{"taxonomy":"post_tag","embeddable":true,"href":"https:\/\/exaudi.org\/it\/wp-json\/wp\/v2\/tags?post=138613"}],"curies":[{"name":"wp","href":"https:\/\/api.w.org\/{rel}","templated":true}]}}