{"id":13800,"date":"2021-04-28T12:03:36","date_gmt":"2021-04-28T10:03:36","guid":{"rendered":"https:\/\/exaudi.org\/?p=13800"},"modified":"2021-04-28T12:03:36","modified_gmt":"2021-04-28T10:03:36","slug":"sacerdoti-decimati-dal-covid-in-america-latina","status":"publish","type":"post","link":"https:\/\/exaudi.org\/it\/sacerdoti-decimati-dal-covid-in-america-latina\/","title":{"rendered":"Sacerdoti decimati dal Covid in America Latina"},"content":{"rendered":"<p>La Chiesa latino-americana fa i conti con il tragico impatto della pandemia che in poco pi\u00f9 di un anno ha letteralmente decimato sacerdoti e religiosi. La fondazione pontificia Aiuto alla Chiesa che Soffre ha fornito alcune cifre della drammatica situazione in diversi Stati del centro e sud America.<\/p>\n<h4>Venezuela e Messico<\/h4>\n<p>I\u00a0<a href=\"http:\/\/mailserver02.mydonor.eu\/acsitalia\/phplist\/lt.php?tid=KU9TBVpSBwNaARwOBVEAGgQJVVYVBFJUBR4HBVMBUl5UAA0GAV5LWgZXUA5WBwYaVFUHWxVSUgUMHgwCUAFLAwcKAFEPAlUHW1QFRAdRAAcIVQRXFVMDWAIeAQMHAEtfWVJXSVtTUgBUDAABAwADVA\">vescovi della Conferenza Episcopale Venezuelana<\/a>\u00a0hanno comunicato ad ACS che da marzo 2020, inizio della pandemia da COVID-19, fino ad ora, 201 dei 2.002 sacerdoti, cio\u00e8 il 10% del totale, hanno contratto l\u2019infezione. 24 di loro, cio\u00e8 l\u20191,2%, sono morti. Secondo le informazioni raccolte da ACS tramite il Catholic Multimedia Centre (CCM), in Messico dall\u2019inizio della pandemia al marzo 2021, 245 sacerdoti e religiosi sono morti per complicazioni correlate all\u2019infezione da coronavirus. Fra i deceduti vi sono 5 vescovi, 221 sacerdoti e religiosi, 8 religiose e 11 diaconi. Secondo il CCM le arcidiocesi pi\u00f9 colpite sono quelle di Guadalajara, Citt\u00e0 del Messico, Puebla, Morelia, San Luis Potosi, Toluca e Tlalnepantla.<\/p>\n<h4>Per\u00f9<\/h4>\n<p>In Per\u00f9 hanno suscitato particolare commozione la morte di mons. Luis Armando Bambar\u00e9n Gastelumendi S.J., vescovo emerito di Chimbote ed ex presidente della Conferenza Episcopale Peruviana, e quella di don Eduardo Pe\u00f1a Rivera, cappellano della Air Force peruviana a Piura; entrambi sono deceduti lo scorso marzo. La perdita pi\u00f9 recente, avvenuta lo scorso 16 aprile, \u00e8 quella di don Dergi Facundo, il quale ha speso l\u2019ultima parte della vita recando conforto ai malati di COVID-19 e amministrando loro i sacramenti nelle regioni settentrionali del Paese.<\/p>\n<h4>Colombia<\/h4>\n<p>La Colombia l\u201911 gennaio scorso ha perso mons. Luis Adriano Piedrahita, vescovo di Santa Marta. Secondo fonti di ACS, fra aprile 2020 e gennaio 2021 dodici gesuiti sono morti per l\u2019infezione. La morte del frate francescano Gabriel Guti\u00e9rrez Ram\u00edrez, avvenuta lo scorso 2 aprile, \u00e8 stato un duro colpo per i cattolici della capitale colombiana. Il religioso era noto come l\u2019\u201cangelo degli emarginati\u201d per il suo apostolato rivolto ai senzatetto e per l\u2019istituzione della fondazione \u201cCallejeros de la Misericordia\u201d.<\/p>\n<h4>Bolivia<\/h4>\n<p>Non si dispone di dati recenti relativi alla Bolivia, tuttavia a met\u00e0 2020 il portale \u201cInformaci\u00f3n de la Comunidad de Bolivia\u201d informava della morte per COVID-19 di 13 sacerdoti. Uno di loro era mons. Eugenio Scarpellini, vescovo di El Salto. L\u2019arcidiocesi di Cochabamba ha perso 5 sacerdoti lo scorso febbraio.<\/p>\n<p>Nel corso del 2020 Aiuto alla Chiesa che Soffre ha donato oltre 1,5 milioni di euro \u00e8 ha realizzato 146 progetti per aiutare le Chiese dell\u2019America Latina minacciate dal COVID-19. ACS attualmente sostiene circa 7.200 sacerdoti latinoamericani.<\/p>\n","protected":false},"excerpt":{"rendered":"<p>I numeri forniti dalla fondazione pontificia Aiuto alla Chiesa che Soffre<\/p>\n","protected":false},"author":17,"featured_media":13811,"comment_status":"closed","ping_status":"closed","sticky":false,"template":"","format":"standard","meta":{"_acf_changed":false,"_crdt_document":"","inline_featured_image":false,"footnotes":""},"categories":[73,85,297],"tags":[403,288,287,1302],"class_list":["post-13800","post","type-post","status-publish","format-standard","has-post-thumbnail","hentry","category-chiesa-e-mondo","category-chiese-locali","category-ultime-notizie","tag-acs","tag-covid","tag-pandemia","tag-sacerdoti"],"acf":[],"yoast_head":"<!-- This site is optimized with the Yoast SEO plugin v27.5 - https:\/\/yoast.com\/product\/yoast-seo-wordpress\/ -->\n<title>Sacerdoti decimati dal Covid in America Latina &#8211; Exaudi<\/title>\n<meta name=\"description\" content=\"La pandemia di covid ha decimato sacerdoti e religiosi in America Latina. I drammatici numeri diffusi da Aiuto alla Chiesa che Soffre\" \/>\n<meta name=\"robots\" content=\"index, follow, max-snippet:-1, max-image-preview:large, max-video-preview:-1\" \/>\n<link rel=\"canonical\" href=\"https:\/\/exaudi.org\/it\/sacerdoti-decimati-dal-covid-in-america-latina\/\" \/>\n<meta property=\"og:locale\" content=\"it_IT\" \/>\n<meta property=\"og:type\" content=\"article\" \/>\n<meta property=\"og:title\" content=\"Sacerdoti decimati dal Covid in America Latina &#8211; Exaudi\" \/>\n<meta property=\"og:description\" content=\"La pandemia di covid ha decimato sacerdoti e religiosi in America Latina. I drammatici numeri diffusi da Aiuto alla Chiesa che Soffre\" \/>\n<meta property=\"og:url\" content=\"https:\/\/exaudi.org\/it\/sacerdoti-decimati-dal-covid-in-america-latina\/\" \/>\n<meta property=\"og:site_name\" content=\"Exaudi\" \/>\n<meta property=\"article:publisher\" content=\"https:\/\/www.facebook.com\/ExaudiNews\" \/>\n<meta property=\"article:author\" content=\"https:\/\/www.facebook.com\/ExaudiNotizie\/\" \/>\n<meta property=\"article:published_time\" content=\"2021-04-28T10:03:36+00:00\" \/>\n<meta property=\"og:image\" content=\"https:\/\/exaudi.org\/wp-content\/uploads\/2021\/04\/Pandemia-america-latina.jpeg\" \/>\n\t<meta property=\"og:image:width\" content=\"750\" \/>\n\t<meta property=\"og:image:height\" content=\"422\" \/>\n\t<meta property=\"og:image:type\" content=\"image\/jpeg\" \/>\n<meta name=\"author\" content=\"Exaudi Redazione\" \/>\n<meta name=\"twitter:card\" content=\"summary_large_image\" \/>\n<meta name=\"twitter:creator\" content=\"@Exaudi_Notizie\" \/>\n<meta name=\"twitter:site\" content=\"@Exaudi_News\" \/>\n<meta name=\"twitter:label1\" content=\"Scritto da\" \/>\n\t<meta name=\"twitter:data1\" content=\"Exaudi Redazione\" \/>\n\t<meta name=\"twitter:label2\" content=\"Tempo di lettura stimato\" \/>\n\t<meta name=\"twitter:data2\" content=\"2 minuti\" \/>\n<script type=\"application\/ld+json\" class=\"yoast-schema-graph\">{\"@context\":\"https:\\\/\\\/schema.org\",\"@graph\":[{\"@type\":\"Article\",\"@id\":\"https:\\\/\\\/exaudi.org\\\/it\\\/sacerdoti-decimati-dal-covid-in-america-latina\\\/#article\",\"isPartOf\":{\"@id\":\"https:\\\/\\\/exaudi.org\\\/it\\\/sacerdoti-decimati-dal-covid-in-america-latina\\\/\"},\"author\":{\"name\":\"Exaudi Redazione\",\"@id\":\"https:\\\/\\\/exaudi.org\\\/#\\\/schema\\\/person\\\/e1ab6ed07c01774724dd96f925f3a5f0\"},\"headline\":\"Sacerdoti decimati dal Covid in America Latina\",\"datePublished\":\"2021-04-28T10:03:36+00:00\",\"mainEntityOfPage\":{\"@id\":\"https:\\\/\\\/exaudi.org\\\/it\\\/sacerdoti-decimati-dal-covid-in-america-latina\\\/\"},\"wordCount\":413,\"image\":{\"@id\":\"https:\\\/\\\/exaudi.org\\\/it\\\/sacerdoti-decimati-dal-covid-in-america-latina\\\/#primaryimage\"},\"thumbnailUrl\":\"https:\\\/\\\/exaudi.org\\\/wp-content\\\/uploads\\\/2021\\\/04\\\/Pandemia-america-latina.jpeg\",\"keywords\":[\"Acs\",\"Covid\",\"pandemia\",\"sacerdoti\"],\"articleSection\":[\"Chiesa e Mondo\",\"Chiese locali\",\"Ultime Notizie\"],\"inLanguage\":\"it-IT\"},{\"@type\":\"WebPage\",\"@id\":\"https:\\\/\\\/exaudi.org\\\/it\\\/sacerdoti-decimati-dal-covid-in-america-latina\\\/\",\"url\":\"https:\\\/\\\/exaudi.org\\\/it\\\/sacerdoti-decimati-dal-covid-in-america-latina\\\/\",\"name\":\"Sacerdoti decimati dal Covid in America Latina &#8211; Exaudi\",\"isPartOf\":{\"@id\":\"https:\\\/\\\/exaudi.org\\\/#website\"},\"primaryImageOfPage\":{\"@id\":\"https:\\\/\\\/exaudi.org\\\/it\\\/sacerdoti-decimati-dal-covid-in-america-latina\\\/#primaryimage\"},\"image\":{\"@id\":\"https:\\\/\\\/exaudi.org\\\/it\\\/sacerdoti-decimati-dal-covid-in-america-latina\\\/#primaryimage\"},\"thumbnailUrl\":\"https:\\\/\\\/exaudi.org\\\/wp-content\\\/uploads\\\/2021\\\/04\\\/Pandemia-america-latina.jpeg\",\"datePublished\":\"2021-04-28T10:03:36+00:00\",\"author\":{\"@id\":\"https:\\\/\\\/exaudi.org\\\/#\\\/schema\\\/person\\\/e1ab6ed07c01774724dd96f925f3a5f0\"},\"description\":\"La pandemia di covid ha decimato sacerdoti e religiosi in America Latina. I drammatici numeri diffusi da Aiuto alla Chiesa che Soffre\",\"breadcrumb\":{\"@id\":\"https:\\\/\\\/exaudi.org\\\/it\\\/sacerdoti-decimati-dal-covid-in-america-latina\\\/#breadcrumb\"},\"inLanguage\":\"it-IT\",\"potentialAction\":[{\"@type\":\"ReadAction\",\"target\":[\"https:\\\/\\\/exaudi.org\\\/it\\\/sacerdoti-decimati-dal-covid-in-america-latina\\\/\"]}]},{\"@type\":\"ImageObject\",\"inLanguage\":\"it-IT\",\"@id\":\"https:\\\/\\\/exaudi.org\\\/it\\\/sacerdoti-decimati-dal-covid-in-america-latina\\\/#primaryimage\",\"url\":\"https:\\\/\\\/exaudi.org\\\/wp-content\\\/uploads\\\/2021\\\/04\\\/Pandemia-america-latina.jpeg\",\"contentUrl\":\"https:\\\/\\\/exaudi.org\\\/wp-content\\\/uploads\\\/2021\\\/04\\\/Pandemia-america-latina.jpeg\",\"width\":750,\"height\":422,\"caption\":\"La pandemia in America latina continua a mietere vittime anche tra i sacerdoti \u00a9 Vatican News\"},{\"@type\":\"BreadcrumbList\",\"@id\":\"https:\\\/\\\/exaudi.org\\\/it\\\/sacerdoti-decimati-dal-covid-in-america-latina\\\/#breadcrumb\",\"itemListElement\":[{\"@type\":\"ListItem\",\"position\":1,\"name\":\"Portada\",\"item\":\"https:\\\/\\\/exaudi.org\\\/it\\\/\"},{\"@type\":\"ListItem\",\"position\":2,\"name\":\"Sacerdoti decimati dal Covid in America Latina\"}]},{\"@type\":\"WebSite\",\"@id\":\"https:\\\/\\\/exaudi.org\\\/#website\",\"url\":\"https:\\\/\\\/exaudi.org\\\/\",\"name\":\"Exaudi\",\"description\":\"News\",\"potentialAction\":[{\"@type\":\"SearchAction\",\"target\":{\"@type\":\"EntryPoint\",\"urlTemplate\":\"https:\\\/\\\/exaudi.org\\\/?s={search_term_string}\"},\"query-input\":{\"@type\":\"PropertyValueSpecification\",\"valueRequired\":true,\"valueName\":\"search_term_string\"}}],\"inLanguage\":\"it-IT\"},{\"@type\":\"Person\",\"@id\":\"https:\\\/\\\/exaudi.org\\\/#\\\/schema\\\/person\\\/e1ab6ed07c01774724dd96f925f3a5f0\",\"name\":\"Exaudi Redazione\",\"image\":{\"@type\":\"ImageObject\",\"inLanguage\":\"it-IT\",\"@id\":\"https:\\\/\\\/secure.gravatar.com\\\/avatar\\\/ad6774b3ada023bf5b939d64f45c94b3adf91502dd883507d469b4308a943bb3?s=96&d=mm&r=g\",\"url\":\"https:\\\/\\\/secure.gravatar.com\\\/avatar\\\/ad6774b3ada023bf5b939d64f45c94b3adf91502dd883507d469b4308a943bb3?s=96&d=mm&r=g\",\"contentUrl\":\"https:\\\/\\\/secure.gravatar.com\\\/avatar\\\/ad6774b3ada023bf5b939d64f45c94b3adf91502dd883507d469b4308a943bb3?s=96&d=mm&r=g\",\"caption\":\"Exaudi Redazione\"},\"description\":\"Che cosa \u00e8 Exaudi News? Exaudi News \u00e8 un agenzia cattolica internazionale che informa, istruisce e trasforma quotidianamente in spagnolo, inglese e italiano. Attraverso notizie, articoli di analisi e trasmissioni in diretta degli eventi del Papa, Exaudi cerca di rafforzare l'unit\u00e0 dei cristiani e di contribuire all'evangelizzazione del mondo, sempre guidato dalla dottrina sociale della Chiesa. Lavoriamo per portare la verit\u00e0 e i valori cristiani in ogni angolo del pianeta. Aiutaci a trasformare il mondo con Exaudi! Noi di Exaudi crediamo che l'evangelizzazione e l'informazione di qualit\u00e0 possano cambiare la vita. Per continuare la nostra missione ed espandere la nostra portata, abbiamo bisogno del tuo aiuto. Stiamo anche cercando persone motivate che vogliano unirsi al nostro team. Grazie al vostro sostegno raggiungeremo pi\u00f9 persone, diffonderemo il messaggio di Cristo e rafforzeremo l'unit\u00e0 dei cristiani. Vuoi unirti alla nostra missione? Per maggiori informazioni su come contribuire, visita Exaudi.org\\\/it o contattaci direttamente: info@exaudi.org Exaudi: informa, forma e trasforma.\",\"sameAs\":[\"https:\\\/\\\/www.facebook.com\\\/ExaudiNotizie\\\/\",\"https:\\\/\\\/www.instagram.com\\\/Exaudi_notizie\\\/\",\"https:\\\/\\\/x.com\\\/Exaudi_Notizie\",\"https:\\\/\\\/www.youtube.com\\\/@exaudicatholicnews\"],\"url\":\"https:\\\/\\\/exaudi.org\\\/it\\\/author\\\/dlvedi-org\\\/\"}]}<\/script>\n<!-- \/ Yoast SEO plugin. -->","yoast_head_json":{"title":"Sacerdoti decimati dal Covid in America Latina &#8211; Exaudi","description":"La pandemia di covid ha decimato sacerdoti e religiosi in America Latina. I drammatici numeri diffusi da Aiuto alla Chiesa che Soffre","robots":{"index":"index","follow":"follow","max-snippet":"max-snippet:-1","max-image-preview":"max-image-preview:large","max-video-preview":"max-video-preview:-1"},"canonical":"https:\/\/exaudi.org\/it\/sacerdoti-decimati-dal-covid-in-america-latina\/","og_locale":"it_IT","og_type":"article","og_title":"Sacerdoti decimati dal Covid in America Latina &#8211; Exaudi","og_description":"La pandemia di covid ha decimato sacerdoti e religiosi in America Latina. I drammatici numeri diffusi da Aiuto alla Chiesa che Soffre","og_url":"https:\/\/exaudi.org\/it\/sacerdoti-decimati-dal-covid-in-america-latina\/","og_site_name":"Exaudi","article_publisher":"https:\/\/www.facebook.com\/ExaudiNews","article_author":"https:\/\/www.facebook.com\/ExaudiNotizie\/","article_published_time":"2021-04-28T10:03:36+00:00","og_image":[{"width":750,"height":422,"url":"https:\/\/exaudi.org\/wp-content\/uploads\/2021\/04\/Pandemia-america-latina.jpeg","type":"image\/jpeg"}],"author":"Exaudi Redazione","twitter_card":"summary_large_image","twitter_creator":"@Exaudi_Notizie","twitter_site":"@Exaudi_News","twitter_misc":{"Scritto da":"Exaudi Redazione","Tempo di lettura stimato":"2 minuti"},"schema":{"@context":"https:\/\/schema.org","@graph":[{"@type":"Article","@id":"https:\/\/exaudi.org\/it\/sacerdoti-decimati-dal-covid-in-america-latina\/#article","isPartOf":{"@id":"https:\/\/exaudi.org\/it\/sacerdoti-decimati-dal-covid-in-america-latina\/"},"author":{"name":"Exaudi Redazione","@id":"https:\/\/exaudi.org\/#\/schema\/person\/e1ab6ed07c01774724dd96f925f3a5f0"},"headline":"Sacerdoti decimati dal Covid in America Latina","datePublished":"2021-04-28T10:03:36+00:00","mainEntityOfPage":{"@id":"https:\/\/exaudi.org\/it\/sacerdoti-decimati-dal-covid-in-america-latina\/"},"wordCount":413,"image":{"@id":"https:\/\/exaudi.org\/it\/sacerdoti-decimati-dal-covid-in-america-latina\/#primaryimage"},"thumbnailUrl":"https:\/\/exaudi.org\/wp-content\/uploads\/2021\/04\/Pandemia-america-latina.jpeg","keywords":["Acs","Covid","pandemia","sacerdoti"],"articleSection":["Chiesa e Mondo","Chiese locali","Ultime Notizie"],"inLanguage":"it-IT"},{"@type":"WebPage","@id":"https:\/\/exaudi.org\/it\/sacerdoti-decimati-dal-covid-in-america-latina\/","url":"https:\/\/exaudi.org\/it\/sacerdoti-decimati-dal-covid-in-america-latina\/","name":"Sacerdoti decimati dal Covid in America Latina &#8211; Exaudi","isPartOf":{"@id":"https:\/\/exaudi.org\/#website"},"primaryImageOfPage":{"@id":"https:\/\/exaudi.org\/it\/sacerdoti-decimati-dal-covid-in-america-latina\/#primaryimage"},"image":{"@id":"https:\/\/exaudi.org\/it\/sacerdoti-decimati-dal-covid-in-america-latina\/#primaryimage"},"thumbnailUrl":"https:\/\/exaudi.org\/wp-content\/uploads\/2021\/04\/Pandemia-america-latina.jpeg","datePublished":"2021-04-28T10:03:36+00:00","author":{"@id":"https:\/\/exaudi.org\/#\/schema\/person\/e1ab6ed07c01774724dd96f925f3a5f0"},"description":"La pandemia di covid ha decimato sacerdoti e religiosi in America Latina. I drammatici numeri diffusi da Aiuto alla Chiesa che Soffre","breadcrumb":{"@id":"https:\/\/exaudi.org\/it\/sacerdoti-decimati-dal-covid-in-america-latina\/#breadcrumb"},"inLanguage":"it-IT","potentialAction":[{"@type":"ReadAction","target":["https:\/\/exaudi.org\/it\/sacerdoti-decimati-dal-covid-in-america-latina\/"]}]},{"@type":"ImageObject","inLanguage":"it-IT","@id":"https:\/\/exaudi.org\/it\/sacerdoti-decimati-dal-covid-in-america-latina\/#primaryimage","url":"https:\/\/exaudi.org\/wp-content\/uploads\/2021\/04\/Pandemia-america-latina.jpeg","contentUrl":"https:\/\/exaudi.org\/wp-content\/uploads\/2021\/04\/Pandemia-america-latina.jpeg","width":750,"height":422,"caption":"La pandemia in America latina continua a mietere vittime anche tra i sacerdoti \u00a9 Vatican News"},{"@type":"BreadcrumbList","@id":"https:\/\/exaudi.org\/it\/sacerdoti-decimati-dal-covid-in-america-latina\/#breadcrumb","itemListElement":[{"@type":"ListItem","position":1,"name":"Portada","item":"https:\/\/exaudi.org\/it\/"},{"@type":"ListItem","position":2,"name":"Sacerdoti decimati dal Covid in America Latina"}]},{"@type":"WebSite","@id":"https:\/\/exaudi.org\/#website","url":"https:\/\/exaudi.org\/","name":"Exaudi","description":"News","potentialAction":[{"@type":"SearchAction","target":{"@type":"EntryPoint","urlTemplate":"https:\/\/exaudi.org\/?s={search_term_string}"},"query-input":{"@type":"PropertyValueSpecification","valueRequired":true,"valueName":"search_term_string"}}],"inLanguage":"it-IT"},{"@type":"Person","@id":"https:\/\/exaudi.org\/#\/schema\/person\/e1ab6ed07c01774724dd96f925f3a5f0","name":"Exaudi Redazione","image":{"@type":"ImageObject","inLanguage":"it-IT","@id":"https:\/\/secure.gravatar.com\/avatar\/ad6774b3ada023bf5b939d64f45c94b3adf91502dd883507d469b4308a943bb3?s=96&d=mm&r=g","url":"https:\/\/secure.gravatar.com\/avatar\/ad6774b3ada023bf5b939d64f45c94b3adf91502dd883507d469b4308a943bb3?s=96&d=mm&r=g","contentUrl":"https:\/\/secure.gravatar.com\/avatar\/ad6774b3ada023bf5b939d64f45c94b3adf91502dd883507d469b4308a943bb3?s=96&d=mm&r=g","caption":"Exaudi Redazione"},"description":"Che cosa \u00e8 Exaudi News? Exaudi News \u00e8 un agenzia cattolica internazionale che informa, istruisce e trasforma quotidianamente in spagnolo, inglese e italiano. Attraverso notizie, articoli di analisi e trasmissioni in diretta degli eventi del Papa, Exaudi cerca di rafforzare l'unit\u00e0 dei cristiani e di contribuire all'evangelizzazione del mondo, sempre guidato dalla dottrina sociale della Chiesa. Lavoriamo per portare la verit\u00e0 e i valori cristiani in ogni angolo del pianeta. Aiutaci a trasformare il mondo con Exaudi! Noi di Exaudi crediamo che l'evangelizzazione e l'informazione di qualit\u00e0 possano cambiare la vita. Per continuare la nostra missione ed espandere la nostra portata, abbiamo bisogno del tuo aiuto. Stiamo anche cercando persone motivate che vogliano unirsi al nostro team. Grazie al vostro sostegno raggiungeremo pi\u00f9 persone, diffonderemo il messaggio di Cristo e rafforzeremo l'unit\u00e0 dei cristiani. Vuoi unirti alla nostra missione? Per maggiori informazioni su come contribuire, visita Exaudi.org\/it o contattaci direttamente: info@exaudi.org Exaudi: informa, forma e trasforma.","sameAs":["https:\/\/www.facebook.com\/ExaudiNotizie\/","https:\/\/www.instagram.com\/Exaudi_notizie\/","https:\/\/x.com\/Exaudi_Notizie","https:\/\/www.youtube.com\/@exaudicatholicnews"],"url":"https:\/\/exaudi.org\/it\/author\/dlvedi-org\/"}]}},"jetpack_featured_media_url":"https:\/\/exaudi.org\/wp-content\/uploads\/2021\/04\/Pandemia-america-latina.jpeg","jetpack_shortlink":"https:\/\/wp.me\/pgKjF2-3AA","_links":{"self":[{"href":"https:\/\/exaudi.org\/it\/wp-json\/wp\/v2\/posts\/13800","targetHints":{"allow":["GET"]}}],"collection":[{"href":"https:\/\/exaudi.org\/it\/wp-json\/wp\/v2\/posts"}],"about":[{"href":"https:\/\/exaudi.org\/it\/wp-json\/wp\/v2\/types\/post"}],"author":[{"embeddable":true,"href":"https:\/\/exaudi.org\/it\/wp-json\/wp\/v2\/users\/17"}],"replies":[{"embeddable":true,"href":"https:\/\/exaudi.org\/it\/wp-json\/wp\/v2\/comments?post=13800"}],"version-history":[{"count":0,"href":"https:\/\/exaudi.org\/it\/wp-json\/wp\/v2\/posts\/13800\/revisions"}],"wp:featuredmedia":[{"embeddable":true,"href":"https:\/\/exaudi.org\/it\/wp-json\/wp\/v2\/media\/13811"}],"wp:attachment":[{"href":"https:\/\/exaudi.org\/it\/wp-json\/wp\/v2\/media?parent=13800"}],"wp:term":[{"taxonomy":"category","embeddable":true,"href":"https:\/\/exaudi.org\/it\/wp-json\/wp\/v2\/categories?post=13800"},{"taxonomy":"post_tag","embeddable":true,"href":"https:\/\/exaudi.org\/it\/wp-json\/wp\/v2\/tags?post=13800"}],"curies":[{"name":"wp","href":"https:\/\/api.w.org\/{rel}","templated":true}]}}