{"id":13792,"date":"2021-04-28T11:41:35","date_gmt":"2021-04-28T09:41:35","guid":{"rendered":"https:\/\/exaudi.org\/?p=13792"},"modified":"2021-04-28T11:41:35","modified_gmt":"2021-04-28T09:41:35","slug":"la-meditazione-del-vangelo-per-incontrare-cristo","status":"publish","type":"post","link":"https:\/\/exaudi.org\/it\/la-meditazione-del-vangelo-per-incontrare-cristo\/","title":{"rendered":"La meditazione del Vangelo per incontrare Cristo"},"content":{"rendered":"<p>Nel corso dell\u2019udienza generale del mercoled\u00ec che si \u00e8 svolta nella Biblioteca del Palazzo Apostolico Vaticano, Papa Francesco ha continuato il suo ciclo di catechesi sulla preghiera, sviluppando il tema della meditazione. Ecco le sue parole diffuse dalla Sala Stampa vaticana:<\/p>\n<p>Cari fratelli e sorelle, buongiorno! Oggi parliamo di quella forma di preghiera che \u00e8 la meditazione. Per un cristiano \u201cmeditare\u201d \u00e8 cercare una sintesi: significa mettersi davanti alla grande pagina della Rivelazione per provare a farla diventare nostra, assumendola completamente. E il cristiano, dopo aver accolto la Parola di Dio, non la tiene chiusa dentro di s\u00e9, perch\u00e9 quella Parola deve incontrarsi con \u00abun altro libro\u00bb, che il Catechismo chiama \u00abquello della vita\u00bb. \u00c8 ci\u00f2 che tentiamo di fare ogni volta che meditiamo la Parola.<\/p>\n<h4>Dinamica umana<\/h4>\n<p>La pratica della meditazione ha ricevuto in questi anni una grande attenzione. Di essa non parlano solamente i cristiani: esiste una pratica meditativa in pressoch\u00e9 tutte le religioni del mondo. Ma si tratta di un\u2019attivit\u00e0 diffusa anche tra persone che non hanno una visione religiosa della vita. Tutti abbiamo bisogno di meditare, di riflettere, di ritrovare noi stessi, \u00e8 una dinamica umana. Soprattutto nel vorace mondo occidentale si cerca la meditazione perch\u00e9 essa rappresenta un argine elevato contro lo stress quotidiano e il vuoto che ovunque dilaga. Ecco, dunque, l\u2019immagine di giovani e adulti seduti in raccoglimento, in silenzio, con gli occhi socchiusi\u2026<\/p>\n<h4>La meditazione cristiana<\/h4>\n<p>Ma possiamo domandarci: cosa fanno queste persone? Meditano. \u00c8 un fenomeno da guardare con favore: infatti noi non siamo fatti per correre in continuazione, possediamo una vita interiore che non pu\u00f2 sempre essere calpestata. Meditare \u00e8 dunque un bisogno di tutti. Meditare, per cos\u00ec dire, assomiglierebbe a fermarsi e fare un respiro nella vita. Per\u00f2 ci accorgiamo che questa parola, una volta accolta in un contesto cristiano, assume una specificit\u00e0 che non dev\u2019essere cancellata. Meditare \u00e8 una dimensione umana necessaria, ma meditare nel contesto cristiano va oltre: \u00e8 una dimensione che non deve essere cancellata.<\/p>\n<h4>L\u2019incontro trascendente con Dio<\/h4>\n<p>La grande porta attraverso la quale passa la preghiera di un battezzato \u2013 lo ricordiamo ancora una volta \u2013 \u00e8 Ges\u00f9 Cristo. Per il cristiano la meditazione entra dalla porta di Ges\u00f9 Cristo. Anche la pratica della meditazione segue questo sentiero. E il cristiano, quando prega, non aspira alla piena trasparenza di s\u00e9, non si mette in ricerca del nucleo pi\u00f9 profondo del suo io. Questo \u00e8 lecito, ma il cristiano cerca un\u2019altra cosa. La preghiera del cristiano \u00e8 anzitutto incontro con l\u2019Altro, con l\u2019Altro ma con la A maiuscola: l\u2019incontro trascendente con Dio.<\/p>\n<p>Se un\u2019esperienza di preghiera ci dona la pace interiore, o la padronanza di noi stessi, o la lucidit\u00e0 sul cammino da intraprendere, questi risultati sono, per cos\u00ec dire, effetti collaterali della grazia della preghiera cristiana che \u00e8 l\u2019incontro con Ges\u00f9, cio\u00e8 meditare \u00e8 andare all\u2019incontro con Ges\u00f9, guidati da una frase o da una parola della Sacra Scrittura.<\/p>\n<h4>La guida dello Spirito Santo<\/h4>\n<p>Il termine \u201cmeditazione\u201d nel corso della storia ha avuto significati diversi. Anche all\u2019interno del cristianesimo esso si riferisce a esperienze spirituali diverse. Tuttavia, si pu\u00f2 rintracciare qualche linea comune, e in questo ci aiuta ancora il Catechismo, che dice cos\u00ec: \u00abI metodi di meditazione sono tanti quanti i maestri spirituali. [\u2026] Ma un metodo non \u00e8 che una guida; l\u2019importante \u00e8 avanzare, con lo Spirito Santo, sull\u2019unica via della preghiera: Cristo Ges\u00f9\u00bb. E qui viene segnalato un compagno di cammino, uno che ci guida: lo Spirito Santo.<\/p>\n<p>Non \u00e8 possibile la meditazione cristiana senza lo Spirito Santo. \u00c8 Lui che ci guida all\u2019incontro con Ges\u00f9. Ges\u00f9 ci aveva detto: \u201cVi invier\u00f2 lo Spirito Santo. Lui vi insegner\u00e0 e vi spiegher\u00e0. Vi insegner\u00e0 e vi spiegher\u00e0\u201d. E anche nella meditazione, lo Spirito Santo \u00e8 la guida per andare avanti nell\u2019incontro con Ges\u00f9 Cristo.<\/p>\n<h4>Tanti metodi<\/h4>\n<p>Dunque, sono tanti i metodi di meditazione cristiana: alcuni molto sobri, altri pi\u00f9 articolati; alcuni accentuano la dimensione intellettiva della persona, altri piuttosto quella affettiva ed emotiva. Sono metodi. Tutti sono importanti e tutti sono degni di essere praticati, in quanto possono aiutare l\u2019esperienza della fede a diventare un atto totale della persona: non prega solo la mente, prega tutto l\u2019uomo, la totalit\u00e0 della persona, come non prega solo il sentimento.<\/p>\n<p>Gli antichi solevano dire che l\u2019organo della preghiera \u00e8 il cuore, e cos\u00ec spiegavano che \u00e8 tutto l\u2019uomo, a partire dal suo centro, dal cuore, che entra in relazione con Dio, e non solamente alcune sue facolt\u00e0. Perci\u00f2 si deve sempre ricordare che il metodo \u00e8 una strada, non una meta: qualsiasi metodo di preghiera, se vuole essere cristiano, fa parte di quella sequela Christi che \u00e8 l\u2019essenza della nostra fede.<\/p>\n<h4>La meta \u00e8 Cristo<\/h4>\n<p>I metodi di meditazione sono strade da percorrere per arrivare all\u2019incontro con Ges\u00f9, ma se tu ti fermi nella strada e guardi soltanto la strada, non troverai mai Ges\u00f9. Farai della strada un dio, ma la strada \u00e8 un mezzo per portarti a Ges\u00f9. Il Catechismo precisa: \u00abLa meditazione mette in azione il pensiero, l\u2019immaginazione, l\u2019emozione e il desiderio. Questa mobilitazione \u00e8 necessaria per approfondire le convinzioni di fede, suscitare la conversione del cuore e rafforzare la volont\u00e0 di seguire Cristo. La preghiera cristiana di preferenza si sofferma a meditare \u201ci misteri di Cristo\u201d\u00bb.<\/p>\n<p>Ecco, dunque, la grazia della preghiera cristiana: Cristo non \u00e8 lontano, ma \u00e8 sempre in relazione con noi. Non c\u2019\u00e8 aspetto della sua persona divino-umana che non possa diventare per noi luogo di salvezza e di felicit\u00e0. Ogni momento della vita terrena di Ges\u00f9, attraverso la grazia della preghiera, pu\u00f2 diventare a noi contemporaneo, grazie allo Spirito Santo, la guida.<\/p>\n<p>Ma voi sapete che non si pu\u00f2 pregare senza la guida dello Spirito Santo. \u00c8 Lui che ci guida! E grazie allo Spirito Santo, anche noi siamo presenti presso il fiume Giordano, quando Ges\u00f9 vi si immerge per ricevere il battesimo. Anche noi siamo commensali alle nozze di Cana, quando Ges\u00f9 dona il vino pi\u00f9 buono per la felicit\u00e0 degli sposi, cio\u00e8 \u00e8 lo Spirito Santo che ci collega con questi misteri della vita di Cristo perch\u00e9 nella contemplazione di Ges\u00f9 facciamo l\u2019esperienza della preghiera per unirci pi\u00f9 a Lui. Anche noi assistiamo stupiti alle mille guarigioni compiute dal Maestro.<\/p>\n<h4>&#8220;Mettersi&#8221; nel Vangelo<\/h4>\n<p>Prendiamo il Vangelo, facciamo la meditazione di quei misteri del Vangelo e lo Spirito ci guida ad essere presenti l\u00ec. E nella preghiera \u2013 quando preghiamo \u2013 tutti noi siamo come il lebbroso purificato, il cieco Bartimeo che riacquista la vista, Lazzaro che esce dal sepolcro&#8230; Anche noi siamo guariti nella preghiera come \u00e8 stato guarito il cieco Bartimeo, quell\u2019altro, il lebbroso \u2026 Anche noi siamo risorti, come \u00e8 stato risuscitato Lazzaro, perch\u00e9 la preghiera di meditazione guidata dallo Spirito Santo, ci porta a rivivere questi misteri della vita di Cristo e a incontrarci con Cristo e a dire, con il cieco: \u201cSignore, abbi piet\u00e0 di me! Abbi piet\u00e0 di me\u201d &#8211; \u201cE cosa vuoi?\u201d &#8211; \u201cVedere, entrare in quel dialogo\u201d. E la meditazione cristiana, guidata dallo Spirito ci porta questo dialogo con Ges\u00f9.<\/p>\n<p>Non c\u2019\u00e8 pagina di Vangelo in cui non ci sia posto per noi. Meditare, per noi cristiani, \u00e8 un modo di incontrare Ges\u00f9. E cos\u00ec, solo cos\u00ec, di ritrovare noi stessi. E questo non \u00e8 un ripiegamento su noi stessi, no: andare da Ges\u00f9 e da Ges\u00f9 incontrare noi stessi, guariti, risorti, forti per la grazia di Ges\u00f9. E incontrare Ges\u00f9 salvatore di tutti, anche di me. E questo grazie alla guida dello Spirito Santo.<\/p>\n","protected":false},"excerpt":{"rendered":"<p>La catechesi del Santo Padre durante l&#8217;udienza generale del mercoled\u00ec<\/p>\n","protected":false},"author":17,"featured_media":13768,"comment_status":"closed","ping_status":"closed","sticky":false,"template":"","format":"standard","meta":{"_acf_changed":false,"_crdt_document":"","inline_featured_image":false,"footnotes":""},"categories":[58,67,111,297],"tags":[2005,2004,251,578,706],"class_list":["post-13792","post","type-post","status-publish","format-standard","has-post-thumbnail","hentry","category-featured-news","category-leone-xiv","category-udienza-generale","category-ultime-notizie","tag-catechismo","tag-meditazione","tag-papa-francesco","tag-preghiera","tag-vangelo"],"acf":[],"yoast_head":"<!-- This site is optimized with the Yoast SEO plugin v27.5 - https:\/\/yoast.com\/product\/yoast-seo-wordpress\/ -->\n<title>La meditazione del Vangelo per incontrare Cristo &#8211; Exaudi<\/title>\n<meta name=\"description\" content=\"Nell&#039;udienza del mercoled\u00ec il Papa ha continuato la sua catechesi sulla preghiera sviluppando il tema della meditazione cristiana\" \/>\n<meta name=\"robots\" content=\"index, follow, max-snippet:-1, max-image-preview:large, max-video-preview:-1\" \/>\n<link rel=\"canonical\" href=\"https:\/\/exaudi.org\/it\/la-meditazione-del-vangelo-per-incontrare-cristo\/\" \/>\n<meta property=\"og:locale\" content=\"it_IT\" \/>\n<meta property=\"og:type\" content=\"article\" \/>\n<meta property=\"og:title\" content=\"La meditazione del Vangelo per incontrare Cristo &#8211; Exaudi\" \/>\n<meta property=\"og:description\" content=\"Nell&#039;udienza del mercoled\u00ec il Papa ha continuato la sua catechesi sulla preghiera sviluppando il tema della meditazione cristiana\" \/>\n<meta property=\"og:url\" content=\"https:\/\/exaudi.org\/it\/la-meditazione-del-vangelo-per-incontrare-cristo\/\" \/>\n<meta property=\"og:site_name\" content=\"Exaudi\" \/>\n<meta property=\"article:publisher\" content=\"https:\/\/www.facebook.com\/ExaudiNews\" \/>\n<meta property=\"article:author\" content=\"https:\/\/www.facebook.com\/ExaudiNotizie\/\" \/>\n<meta property=\"article:published_time\" content=\"2021-04-28T09:41:35+00:00\" \/>\n<meta property=\"og:image\" content=\"https:\/\/exaudi.org\/wp-content\/uploads\/2021\/04\/DSC60941139-scaled.jpg\" \/>\n\t<meta property=\"og:image:width\" content=\"2560\" \/>\n\t<meta property=\"og:image:height\" content=\"1703\" \/>\n\t<meta property=\"og:image:type\" content=\"image\/jpeg\" \/>\n<meta name=\"author\" content=\"Exaudi Redazione\" \/>\n<meta name=\"twitter:card\" content=\"summary_large_image\" \/>\n<meta name=\"twitter:creator\" content=\"@Exaudi_Notizie\" \/>\n<meta name=\"twitter:site\" content=\"@Exaudi_News\" \/>\n<meta name=\"twitter:label1\" content=\"Scritto da\" \/>\n\t<meta name=\"twitter:data1\" content=\"Exaudi Redazione\" \/>\n\t<meta name=\"twitter:label2\" content=\"Tempo di lettura stimato\" \/>\n\t<meta name=\"twitter:data2\" content=\"6 minuti\" \/>\n<script type=\"application\/ld+json\" class=\"yoast-schema-graph\">{\"@context\":\"https:\\\/\\\/schema.org\",\"@graph\":[{\"@type\":\"Article\",\"@id\":\"https:\\\/\\\/exaudi.org\\\/it\\\/la-meditazione-del-vangelo-per-incontrare-cristo\\\/#article\",\"isPartOf\":{\"@id\":\"https:\\\/\\\/exaudi.org\\\/it\\\/la-meditazione-del-vangelo-per-incontrare-cristo\\\/\"},\"author\":{\"name\":\"Exaudi Redazione\",\"@id\":\"https:\\\/\\\/exaudi.org\\\/#\\\/schema\\\/person\\\/e1ab6ed07c01774724dd96f925f3a5f0\"},\"headline\":\"La meditazione del Vangelo per incontrare Cristo\",\"datePublished\":\"2021-04-28T09:41:35+00:00\",\"mainEntityOfPage\":{\"@id\":\"https:\\\/\\\/exaudi.org\\\/it\\\/la-meditazione-del-vangelo-per-incontrare-cristo\\\/\"},\"wordCount\":1240,\"image\":{\"@id\":\"https:\\\/\\\/exaudi.org\\\/it\\\/la-meditazione-del-vangelo-per-incontrare-cristo\\\/#primaryimage\"},\"thumbnailUrl\":\"https:\\\/\\\/exaudi.org\\\/wp-content\\\/uploads\\\/2021\\\/04\\\/DSC60941139-scaled.jpg\",\"keywords\":[\"catechismo\",\"meditazione\",\"Papa Francesco\",\"preghiera\",\"Vangelo\"],\"articleSection\":[\"Featured News\",\"Leone XIV\",\"Udienza generale\",\"Ultime Notizie\"],\"inLanguage\":\"it-IT\"},{\"@type\":\"WebPage\",\"@id\":\"https:\\\/\\\/exaudi.org\\\/it\\\/la-meditazione-del-vangelo-per-incontrare-cristo\\\/\",\"url\":\"https:\\\/\\\/exaudi.org\\\/it\\\/la-meditazione-del-vangelo-per-incontrare-cristo\\\/\",\"name\":\"La meditazione del Vangelo per incontrare Cristo &#8211; Exaudi\",\"isPartOf\":{\"@id\":\"https:\\\/\\\/exaudi.org\\\/#website\"},\"primaryImageOfPage\":{\"@id\":\"https:\\\/\\\/exaudi.org\\\/it\\\/la-meditazione-del-vangelo-per-incontrare-cristo\\\/#primaryimage\"},\"image\":{\"@id\":\"https:\\\/\\\/exaudi.org\\\/it\\\/la-meditazione-del-vangelo-per-incontrare-cristo\\\/#primaryimage\"},\"thumbnailUrl\":\"https:\\\/\\\/exaudi.org\\\/wp-content\\\/uploads\\\/2021\\\/04\\\/DSC60941139-scaled.jpg\",\"datePublished\":\"2021-04-28T09:41:35+00:00\",\"author\":{\"@id\":\"https:\\\/\\\/exaudi.org\\\/#\\\/schema\\\/person\\\/e1ab6ed07c01774724dd96f925f3a5f0\"},\"description\":\"Nell'udienza del mercoled\u00ec il Papa ha continuato la sua catechesi sulla preghiera sviluppando il tema della meditazione cristiana\",\"breadcrumb\":{\"@id\":\"https:\\\/\\\/exaudi.org\\\/it\\\/la-meditazione-del-vangelo-per-incontrare-cristo\\\/#breadcrumb\"},\"inLanguage\":\"it-IT\",\"potentialAction\":[{\"@type\":\"ReadAction\",\"target\":[\"https:\\\/\\\/exaudi.org\\\/it\\\/la-meditazione-del-vangelo-per-incontrare-cristo\\\/\"]}]},{\"@type\":\"ImageObject\",\"inLanguage\":\"it-IT\",\"@id\":\"https:\\\/\\\/exaudi.org\\\/it\\\/la-meditazione-del-vangelo-per-incontrare-cristo\\\/#primaryimage\",\"url\":\"https:\\\/\\\/exaudi.org\\\/wp-content\\\/uploads\\\/2021\\\/04\\\/DSC60941139-scaled.jpg\",\"contentUrl\":\"https:\\\/\\\/exaudi.org\\\/wp-content\\\/uploads\\\/2021\\\/04\\\/DSC60941139-scaled.jpg\",\"width\":2560,\"height\":1703,\"caption\":\"L'udienza generale \u00a9\ufe0f Vatican Media\"},{\"@type\":\"BreadcrumbList\",\"@id\":\"https:\\\/\\\/exaudi.org\\\/it\\\/la-meditazione-del-vangelo-per-incontrare-cristo\\\/#breadcrumb\",\"itemListElement\":[{\"@type\":\"ListItem\",\"position\":1,\"name\":\"Portada\",\"item\":\"https:\\\/\\\/exaudi.org\\\/it\\\/\"},{\"@type\":\"ListItem\",\"position\":2,\"name\":\"La meditazione del Vangelo per incontrare Cristo\"}]},{\"@type\":\"WebSite\",\"@id\":\"https:\\\/\\\/exaudi.org\\\/#website\",\"url\":\"https:\\\/\\\/exaudi.org\\\/\",\"name\":\"Exaudi\",\"description\":\"News\",\"potentialAction\":[{\"@type\":\"SearchAction\",\"target\":{\"@type\":\"EntryPoint\",\"urlTemplate\":\"https:\\\/\\\/exaudi.org\\\/?s={search_term_string}\"},\"query-input\":{\"@type\":\"PropertyValueSpecification\",\"valueRequired\":true,\"valueName\":\"search_term_string\"}}],\"inLanguage\":\"it-IT\"},{\"@type\":\"Person\",\"@id\":\"https:\\\/\\\/exaudi.org\\\/#\\\/schema\\\/person\\\/e1ab6ed07c01774724dd96f925f3a5f0\",\"name\":\"Exaudi Redazione\",\"image\":{\"@type\":\"ImageObject\",\"inLanguage\":\"it-IT\",\"@id\":\"https:\\\/\\\/secure.gravatar.com\\\/avatar\\\/ad6774b3ada023bf5b939d64f45c94b3adf91502dd883507d469b4308a943bb3?s=96&d=mm&r=g\",\"url\":\"https:\\\/\\\/secure.gravatar.com\\\/avatar\\\/ad6774b3ada023bf5b939d64f45c94b3adf91502dd883507d469b4308a943bb3?s=96&d=mm&r=g\",\"contentUrl\":\"https:\\\/\\\/secure.gravatar.com\\\/avatar\\\/ad6774b3ada023bf5b939d64f45c94b3adf91502dd883507d469b4308a943bb3?s=96&d=mm&r=g\",\"caption\":\"Exaudi Redazione\"},\"description\":\"Che cosa \u00e8 Exaudi News? Exaudi News \u00e8 un agenzia cattolica internazionale che informa, istruisce e trasforma quotidianamente in spagnolo, inglese e italiano. Attraverso notizie, articoli di analisi e trasmissioni in diretta degli eventi del Papa, Exaudi cerca di rafforzare l'unit\u00e0 dei cristiani e di contribuire all'evangelizzazione del mondo, sempre guidato dalla dottrina sociale della Chiesa. Lavoriamo per portare la verit\u00e0 e i valori cristiani in ogni angolo del pianeta. Aiutaci a trasformare il mondo con Exaudi! Noi di Exaudi crediamo che l'evangelizzazione e l'informazione di qualit\u00e0 possano cambiare la vita. Per continuare la nostra missione ed espandere la nostra portata, abbiamo bisogno del tuo aiuto. Stiamo anche cercando persone motivate che vogliano unirsi al nostro team. Grazie al vostro sostegno raggiungeremo pi\u00f9 persone, diffonderemo il messaggio di Cristo e rafforzeremo l'unit\u00e0 dei cristiani. Vuoi unirti alla nostra missione? Per maggiori informazioni su come contribuire, visita Exaudi.org\\\/it o contattaci direttamente: info@exaudi.org Exaudi: informa, forma e trasforma.\",\"sameAs\":[\"https:\\\/\\\/www.facebook.com\\\/ExaudiNotizie\\\/\",\"https:\\\/\\\/www.instagram.com\\\/Exaudi_notizie\\\/\",\"https:\\\/\\\/x.com\\\/Exaudi_Notizie\",\"https:\\\/\\\/www.youtube.com\\\/@exaudicatholicnews\"],\"url\":\"https:\\\/\\\/exaudi.org\\\/it\\\/author\\\/dlvedi-org\\\/\"}]}<\/script>\n<!-- \/ Yoast SEO plugin. -->","yoast_head_json":{"title":"La meditazione del Vangelo per incontrare Cristo &#8211; Exaudi","description":"Nell'udienza del mercoled\u00ec il Papa ha continuato la sua catechesi sulla preghiera sviluppando il tema della meditazione cristiana","robots":{"index":"index","follow":"follow","max-snippet":"max-snippet:-1","max-image-preview":"max-image-preview:large","max-video-preview":"max-video-preview:-1"},"canonical":"https:\/\/exaudi.org\/it\/la-meditazione-del-vangelo-per-incontrare-cristo\/","og_locale":"it_IT","og_type":"article","og_title":"La meditazione del Vangelo per incontrare Cristo &#8211; Exaudi","og_description":"Nell'udienza del mercoled\u00ec il Papa ha continuato la sua catechesi sulla preghiera sviluppando il tema della meditazione cristiana","og_url":"https:\/\/exaudi.org\/it\/la-meditazione-del-vangelo-per-incontrare-cristo\/","og_site_name":"Exaudi","article_publisher":"https:\/\/www.facebook.com\/ExaudiNews","article_author":"https:\/\/www.facebook.com\/ExaudiNotizie\/","article_published_time":"2021-04-28T09:41:35+00:00","og_image":[{"width":2560,"height":1703,"url":"https:\/\/exaudi.org\/wp-content\/uploads\/2021\/04\/DSC60941139-scaled.jpg","type":"image\/jpeg"}],"author":"Exaudi Redazione","twitter_card":"summary_large_image","twitter_creator":"@Exaudi_Notizie","twitter_site":"@Exaudi_News","twitter_misc":{"Scritto da":"Exaudi Redazione","Tempo di lettura stimato":"6 minuti"},"schema":{"@context":"https:\/\/schema.org","@graph":[{"@type":"Article","@id":"https:\/\/exaudi.org\/it\/la-meditazione-del-vangelo-per-incontrare-cristo\/#article","isPartOf":{"@id":"https:\/\/exaudi.org\/it\/la-meditazione-del-vangelo-per-incontrare-cristo\/"},"author":{"name":"Exaudi Redazione","@id":"https:\/\/exaudi.org\/#\/schema\/person\/e1ab6ed07c01774724dd96f925f3a5f0"},"headline":"La meditazione del Vangelo per incontrare Cristo","datePublished":"2021-04-28T09:41:35+00:00","mainEntityOfPage":{"@id":"https:\/\/exaudi.org\/it\/la-meditazione-del-vangelo-per-incontrare-cristo\/"},"wordCount":1240,"image":{"@id":"https:\/\/exaudi.org\/it\/la-meditazione-del-vangelo-per-incontrare-cristo\/#primaryimage"},"thumbnailUrl":"https:\/\/exaudi.org\/wp-content\/uploads\/2021\/04\/DSC60941139-scaled.jpg","keywords":["catechismo","meditazione","Papa Francesco","preghiera","Vangelo"],"articleSection":["Featured News","Leone XIV","Udienza generale","Ultime Notizie"],"inLanguage":"it-IT"},{"@type":"WebPage","@id":"https:\/\/exaudi.org\/it\/la-meditazione-del-vangelo-per-incontrare-cristo\/","url":"https:\/\/exaudi.org\/it\/la-meditazione-del-vangelo-per-incontrare-cristo\/","name":"La meditazione del Vangelo per incontrare Cristo &#8211; Exaudi","isPartOf":{"@id":"https:\/\/exaudi.org\/#website"},"primaryImageOfPage":{"@id":"https:\/\/exaudi.org\/it\/la-meditazione-del-vangelo-per-incontrare-cristo\/#primaryimage"},"image":{"@id":"https:\/\/exaudi.org\/it\/la-meditazione-del-vangelo-per-incontrare-cristo\/#primaryimage"},"thumbnailUrl":"https:\/\/exaudi.org\/wp-content\/uploads\/2021\/04\/DSC60941139-scaled.jpg","datePublished":"2021-04-28T09:41:35+00:00","author":{"@id":"https:\/\/exaudi.org\/#\/schema\/person\/e1ab6ed07c01774724dd96f925f3a5f0"},"description":"Nell'udienza del mercoled\u00ec il Papa ha continuato la sua catechesi sulla preghiera sviluppando il tema della meditazione cristiana","breadcrumb":{"@id":"https:\/\/exaudi.org\/it\/la-meditazione-del-vangelo-per-incontrare-cristo\/#breadcrumb"},"inLanguage":"it-IT","potentialAction":[{"@type":"ReadAction","target":["https:\/\/exaudi.org\/it\/la-meditazione-del-vangelo-per-incontrare-cristo\/"]}]},{"@type":"ImageObject","inLanguage":"it-IT","@id":"https:\/\/exaudi.org\/it\/la-meditazione-del-vangelo-per-incontrare-cristo\/#primaryimage","url":"https:\/\/exaudi.org\/wp-content\/uploads\/2021\/04\/DSC60941139-scaled.jpg","contentUrl":"https:\/\/exaudi.org\/wp-content\/uploads\/2021\/04\/DSC60941139-scaled.jpg","width":2560,"height":1703,"caption":"L'udienza generale \u00a9\ufe0f Vatican Media"},{"@type":"BreadcrumbList","@id":"https:\/\/exaudi.org\/it\/la-meditazione-del-vangelo-per-incontrare-cristo\/#breadcrumb","itemListElement":[{"@type":"ListItem","position":1,"name":"Portada","item":"https:\/\/exaudi.org\/it\/"},{"@type":"ListItem","position":2,"name":"La meditazione del Vangelo per incontrare Cristo"}]},{"@type":"WebSite","@id":"https:\/\/exaudi.org\/#website","url":"https:\/\/exaudi.org\/","name":"Exaudi","description":"News","potentialAction":[{"@type":"SearchAction","target":{"@type":"EntryPoint","urlTemplate":"https:\/\/exaudi.org\/?s={search_term_string}"},"query-input":{"@type":"PropertyValueSpecification","valueRequired":true,"valueName":"search_term_string"}}],"inLanguage":"it-IT"},{"@type":"Person","@id":"https:\/\/exaudi.org\/#\/schema\/person\/e1ab6ed07c01774724dd96f925f3a5f0","name":"Exaudi Redazione","image":{"@type":"ImageObject","inLanguage":"it-IT","@id":"https:\/\/secure.gravatar.com\/avatar\/ad6774b3ada023bf5b939d64f45c94b3adf91502dd883507d469b4308a943bb3?s=96&d=mm&r=g","url":"https:\/\/secure.gravatar.com\/avatar\/ad6774b3ada023bf5b939d64f45c94b3adf91502dd883507d469b4308a943bb3?s=96&d=mm&r=g","contentUrl":"https:\/\/secure.gravatar.com\/avatar\/ad6774b3ada023bf5b939d64f45c94b3adf91502dd883507d469b4308a943bb3?s=96&d=mm&r=g","caption":"Exaudi Redazione"},"description":"Che cosa \u00e8 Exaudi News? Exaudi News \u00e8 un agenzia cattolica internazionale che informa, istruisce e trasforma quotidianamente in spagnolo, inglese e italiano. Attraverso notizie, articoli di analisi e trasmissioni in diretta degli eventi del Papa, Exaudi cerca di rafforzare l'unit\u00e0 dei cristiani e di contribuire all'evangelizzazione del mondo, sempre guidato dalla dottrina sociale della Chiesa. Lavoriamo per portare la verit\u00e0 e i valori cristiani in ogni angolo del pianeta. Aiutaci a trasformare il mondo con Exaudi! Noi di Exaudi crediamo che l'evangelizzazione e l'informazione di qualit\u00e0 possano cambiare la vita. Per continuare la nostra missione ed espandere la nostra portata, abbiamo bisogno del tuo aiuto. Stiamo anche cercando persone motivate che vogliano unirsi al nostro team. Grazie al vostro sostegno raggiungeremo pi\u00f9 persone, diffonderemo il messaggio di Cristo e rafforzeremo l'unit\u00e0 dei cristiani. Vuoi unirti alla nostra missione? Per maggiori informazioni su come contribuire, visita Exaudi.org\/it o contattaci direttamente: info@exaudi.org Exaudi: informa, forma e trasforma.","sameAs":["https:\/\/www.facebook.com\/ExaudiNotizie\/","https:\/\/www.instagram.com\/Exaudi_notizie\/","https:\/\/x.com\/Exaudi_Notizie","https:\/\/www.youtube.com\/@exaudicatholicnews"],"url":"https:\/\/exaudi.org\/it\/author\/dlvedi-org\/"}]}},"jetpack_featured_media_url":"https:\/\/exaudi.org\/wp-content\/uploads\/2021\/04\/DSC60941139-scaled.jpg","jetpack_shortlink":"https:\/\/wp.me\/pgKjF2-3As","_links":{"self":[{"href":"https:\/\/exaudi.org\/it\/wp-json\/wp\/v2\/posts\/13792","targetHints":{"allow":["GET"]}}],"collection":[{"href":"https:\/\/exaudi.org\/it\/wp-json\/wp\/v2\/posts"}],"about":[{"href":"https:\/\/exaudi.org\/it\/wp-json\/wp\/v2\/types\/post"}],"author":[{"embeddable":true,"href":"https:\/\/exaudi.org\/it\/wp-json\/wp\/v2\/users\/17"}],"replies":[{"embeddable":true,"href":"https:\/\/exaudi.org\/it\/wp-json\/wp\/v2\/comments?post=13792"}],"version-history":[{"count":0,"href":"https:\/\/exaudi.org\/it\/wp-json\/wp\/v2\/posts\/13792\/revisions"}],"wp:featuredmedia":[{"embeddable":true,"href":"https:\/\/exaudi.org\/it\/wp-json\/wp\/v2\/media\/13768"}],"wp:attachment":[{"href":"https:\/\/exaudi.org\/it\/wp-json\/wp\/v2\/media?parent=13792"}],"wp:term":[{"taxonomy":"category","embeddable":true,"href":"https:\/\/exaudi.org\/it\/wp-json\/wp\/v2\/categories?post=13792"},{"taxonomy":"post_tag","embeddable":true,"href":"https:\/\/exaudi.org\/it\/wp-json\/wp\/v2\/tags?post=13792"}],"curies":[{"name":"wp","href":"https:\/\/api.w.org\/{rel}","templated":true}]}}