{"id":137178,"date":"2025-10-01T18:35:31","date_gmt":"2025-10-01T16:35:31","guid":{"rendered":"https:\/\/exaudi.org\/?p=137178"},"modified":"2025-10-01T18:35:31","modified_gmt":"2025-10-01T16:35:31","slug":"villaggio-dei-bambini-beato-juniperra-educazione-e-cultura-nel-cuore-della-giungla","status":"publish","type":"post","link":"https:\/\/exaudi.org\/it\/villaggio-dei-bambini-beato-juniperra-educazione-e-cultura-nel-cuore-della-giungla\/","title":{"rendered":"Villaggio dei Bambini Beato Jun\u00edperra: Educazione e Cultura nel Cuore della Giungla"},"content":{"rendered":"<p data-start=\"430\" data-end=\"927\"><span dir=\"auto\" style=\"vertical-align: inherit\"><span dir=\"auto\" style=\"vertical-align: inherit\">A\u00a0 <\/span><\/span><strong data-start=\"433\" data-end=\"445\"><span dir=\"auto\" style=\"vertical-align: inherit\"><span dir=\"auto\" style=\"vertical-align: inherit\">Mazamari<\/span><\/span><\/strong><span dir=\"auto\" style=\"vertical-align: inherit\"><span dir=\"auto\" style=\"vertical-align: inherit\">, provincia di Satipo, dipartimento di Jun\u00edn, nella giungla centrale del Per\u00f9, si trova il\u00a0 <\/span><\/span><strong data-start=\"537\" data-end=\"571\"><span dir=\"auto\" style=\"vertical-align: inherit\"><span dir=\"auto\" style=\"vertical-align: inherit\">Villaggio Infantile Beato Jun\u00edperra<\/span><\/span><\/strong><span dir=\"auto\" style=\"vertical-align: inherit\"><span dir=\"auto\" style=\"vertical-align: inherit\">, un&#8217;istituzione educativa che unisce istruzione accademica, formazione culturale e valori religiosi per bambini in situazioni di vulnerabilit\u00e0. Per raggiungere questa enclave educativa, \u00e8 necessario attraversare la\u00a0 <\/span><\/span><strong data-start=\"775\" data-end=\"802\"><span dir=\"auto\" style=\"vertical-align: inherit\"><span dir=\"auto\" style=\"vertical-align: inherit\">Cordigliera delle Ande<\/span><\/span><\/strong><span dir=\"auto\" style=\"vertical-align: inherit\"><span dir=\"auto\" style=\"vertical-align: inherit\"> \u00a0a bordo di un piccolo aereo e poi viaggiare via terra lungo strade circondate da una fitta vegetazione e verdi colline.<\/span><\/span><\/p>\n<h3 data-start=\"929\" data-end=\"962\"><strong><span dir=\"auto\" style=\"vertical-align: inherit\"><span dir=\"auto\" style=\"vertical-align: inherit\">Origine e missione del villaggio<\/span><\/span><\/strong><\/h3>\n<p data-start=\"964\" data-end=\"1376\"><span dir=\"auto\" style=\"vertical-align: inherit\"><span dir=\"auto\" style=\"vertical-align: inherit\">Il villaggio fu fondato da\u00a0 <\/span><\/span><strong data-start=\"992\" data-end=\"1016\"><span dir=\"auto\" style=\"vertical-align: inherit\"><span dir=\"auto\" style=\"vertical-align: inherit\">Padre Joaqu\u00edn Ferrer<\/span><\/span><\/strong><span dir=\"auto\" style=\"vertical-align: inherit\"><span dir=\"auto\" style=\"vertical-align: inherit\">, che, ispirato dalla fede, decise di creare uno spazio sicuro per accogliere i bambini orfani, vittime del conflitto armato interno in Per\u00f9. Secondo\u00a0 <\/span><\/span><strong data-start=\"1164\" data-end=\"1180\"><span dir=\"auto\" style=\"vertical-align: inherit\"><span dir=\"auto\" style=\"vertical-align: inherit\">Madre Carmen<\/span><\/span><\/strong><span dir=\"auto\" style=\"vertical-align: inherit\"><span dir=\"auto\" style=\"vertical-align: inherit\">, attuale direttrice dell&#8217;istituzione, la decisione del padre arriv\u00f2 dopo aver incontrato un ragazzo che aveva perso tutta la famiglia e lo aveva implorato di aiutarlo:\u00a0 <\/span><\/span><em data-start=\"1333\" data-end=\"1374\"><span dir=\"auto\" style=\"vertical-align: inherit\"><span dir=\"auto\" style=\"vertical-align: inherit\">&#8220;Padre Joaqu\u00edn, fai qualcosa per noi&#8221;.<\/span><\/span><\/em><\/p>\n<p data-start=\"1378\" data-end=\"1638\"><span dir=\"auto\" style=\"vertical-align: inherit\"><span dir=\"auto\" style=\"vertical-align: inherit\">Con il sostegno delle\u00a0 <\/span><\/span><strong data-start=\"1398\" data-end=\"1437\"><span dir=\"auto\" style=\"vertical-align: inherit\"><span dir=\"auto\" style=\"vertical-align: inherit\">Suore Francescane di Copacabana<\/span><\/span><\/strong><span dir=\"auto\" style=\"vertical-align: inherit\"><span dir=\"auto\" style=\"vertical-align: inherit\">, il villaggio si \u00e8 affermato come un centro educativo che rispetta la diversit\u00e0 culturale della regione e offre una formazione completa basata su tre pilastri:\u00a0 <\/span><\/span><strong data-start=\"1595\" data-end=\"1635\"><span dir=\"auto\" style=\"vertical-align: inherit\"><span dir=\"auto\" style=\"vertical-align: inherit\">pedagogico, interculturale e cattolico<\/span><\/span><\/strong><span dir=\"auto\" style=\"vertical-align: inherit\"><span dir=\"auto\" style=\"vertical-align: inherit\">.<\/span><\/span><\/p>\n<h3 data-start=\"1640\" data-end=\"1687\"><strong><span dir=\"auto\" style=\"vertical-align: inherit\"><span dir=\"auto\" style=\"vertical-align: inherit\">Laboratori di educazione e formazione inclusiva<\/span><\/span><\/strong><\/h3>\n<p data-start=\"1689\" data-end=\"2128\"><span dir=\"auto\" style=\"vertical-align: inherit\"><span dir=\"auto\" style=\"vertical-align: inherit\">Attualmente, la scuola accoglie\u00a0 <\/span><\/span><strong data-start=\"1723\" data-end=\"1749\"><span dir=\"auto\" style=\"vertical-align: inherit\"><span dir=\"auto\" style=\"vertical-align: inherit\">pi\u00f9 di 900 studenti<\/span><\/span><\/strong><span dir=\"auto\" style=\"vertical-align: inherit\"><span dir=\"auto\" style=\"vertical-align: inherit\">, tra cui 200 bambini provenienti dalle comunit\u00e0 native di Satipo, molte delle quali sono difficili da raggiungere. Durante il primo anno di scuola secondaria, gli studenti partecipano a vari\u00a0 <\/span><\/span><strong data-start=\"1913\" data-end=\"1925\"><span dir=\"auto\" style=\"vertical-align: inherit\"><span dir=\"auto\" style=\"vertical-align: inherit\">laboratori<\/span><\/span><\/strong><span dir=\"auto\" style=\"vertical-align: inherit\"><span dir=\"auto\" style=\"vertical-align: inherit\"> e poi ne scelgono uno per proseguire gli studi durante il ciclo di studi. Tra le opzioni figurano\u00a0 <\/span><\/span><strong data-start=\"2044\" data-end=\"2125\"><span dir=\"auto\" style=\"vertical-align: inherit\"><span dir=\"auto\" style=\"vertical-align: inherit\">l&#8217;industria dell&#8217;abbigliamento, la falegnameria, l&#8217;agricoltura, la nutrizione e la cosmetologia<\/span><\/span><\/strong><span dir=\"auto\" style=\"vertical-align: inherit\"><span dir=\"auto\" style=\"vertical-align: inherit\">.<\/span><\/span><\/p>\n<p data-start=\"2130\" data-end=\"2532\"><span dir=\"auto\" style=\"vertical-align: inherit\"><span dir=\"auto\" style=\"vertical-align: inherit\">L&#8217;approccio educativo mira a garantire che gli studenti non solo apprendano una tecnica, ma acquisiscano anche strumenti per\u00a0 <\/span><\/span><strong data-start=\"2248\" data-end=\"2280\"><span dir=\"auto\" style=\"vertical-align: inherit\"><span dir=\"auto\" style=\"vertical-align: inherit\">l&#8217;imprenditorialit\u00e0 e la generazione di reddito<\/span><\/span><\/strong><span dir=\"auto\" style=\"vertical-align: inherit\"><span dir=\"auto\" style=\"vertical-align: inherit\">, consentendo loro di proseguire gli studi universitari se lo desiderano. La metodologia combina teoria e pratica, adattandosi alle risorse disponibili nella comunit\u00e0, come i materiali naturali della regione, promuovendo\u00a0 <\/span><\/span><strong data-start=\"2498\" data-end=\"2529\"><span dir=\"auto\" style=\"vertical-align: inherit\"><span dir=\"auto\" style=\"vertical-align: inherit\">la creativit\u00e0 e l&#8217;innovazione<\/span><\/span><\/strong><span dir=\"auto\" style=\"vertical-align: inherit\"><span dir=\"auto\" style=\"vertical-align: inherit\">.<\/span><\/span><\/p>\n<h3 data-start=\"2534\" data-end=\"2571\"><strong><span dir=\"auto\" style=\"vertical-align: inherit\"><span dir=\"auto\" style=\"vertical-align: inherit\">Conservazione e valori culturali<\/span><\/span><\/strong><\/h3>\n<p data-start=\"2573\" data-end=\"2971\"><span dir=\"auto\" style=\"vertical-align: inherit\"><span dir=\"auto\" style=\"vertical-align: inherit\">Il Villaggio dei Bambini integra inoltre\u00a0 <\/span><\/span><strong data-start=\"2610\" data-end=\"2631\"><span dir=\"auto\" style=\"vertical-align: inherit\"><span dir=\"auto\" style=\"vertical-align: inherit\">la cultura amazzonica<\/span><\/span><\/strong><span dir=\"auto\" style=\"vertical-align: inherit\"><span dir=\"auto\" style=\"vertical-align: inherit\"> \u00a0nella sua vita quotidiana. Gli studenti indossano il\u00a0 <\/span><\/span><strong data-start=\"2675\" data-end=\"2685\"><span dir=\"auto\" style=\"vertical-align: inherit\"><span dir=\"auto\" style=\"vertical-align: inherit\">cushma<\/span><\/span><\/strong><span dir=\"auto\" style=\"vertical-align: inherit\"><span dir=\"auto\" style=\"vertical-align: inherit\">, un indumento tradizionale della giungla, e partecipano ad attivit\u00e0 che riflettono il loro patrimonio culturale. Le icone e i simboli che indossano rappresentano l&#8217;identit\u00e0 di ogni comunit\u00e0, mentre gli insegnanti promuovono il rispetto per la diversit\u00e0 culturale e l&#8217;orgoglio per le proprie radici.<\/span><\/span><\/p>\n<p data-start=\"2973\" data-end=\"3193\"><span dir=\"auto\" style=\"vertical-align: inherit\"><span dir=\"auto\" style=\"vertical-align: inherit\">Inoltre, la formazione\u00a0 <\/span><\/span><strong data-start=\"2994\" data-end=\"3008\"><span dir=\"auto\" style=\"vertical-align: inherit\"><span dir=\"auto\" style=\"vertical-align: inherit\">spirituale<\/span><\/span><\/strong><span dir=\"auto\" style=\"vertical-align: inherit\"><span dir=\"auto\" style=\"vertical-align: inherit\"> \u00a0\u00e8 un obiettivo centrale: i bambini pregano il\u00a0 <\/span><\/span><strong data-start=\"3059\" data-end=\"3076\"><span dir=\"auto\" style=\"vertical-align: inherit\"><span dir=\"auto\" style=\"vertical-align: inherit\">Rosario<\/span><\/span><\/strong><span dir=\"auto\" style=\"vertical-align: inherit\"><span dir=\"auto\" style=\"vertical-align: inherit\"> quotidianamente \u00a0e partecipano\u00a0 <\/span><\/span><strong data-start=\"3092\" data-end=\"3106\"><span dir=\"auto\" style=\"vertical-align: inherit\"><span dir=\"auto\" style=\"vertical-align: inherit\">alla Messa<\/span><\/span><\/strong><span dir=\"auto\" style=\"vertical-align: inherit\"><span dir=\"auto\" style=\"vertical-align: inherit\"> \u00a0la domenica e nei giorni festivi, rafforzando i valori della fede, della solidariet\u00e0 e del rispetto reciproco.<\/span><\/span><\/p>\n<h3 data-start=\"3195\" data-end=\"3239\"><strong><span dir=\"auto\" style=\"vertical-align: inherit\"><span dir=\"auto\" style=\"vertical-align: inherit\">Vita del villaggio: apprendimento completo<\/span><\/span><\/strong><\/h3>\n<p data-start=\"3241\" data-end=\"3601\"><span dir=\"auto\" style=\"vertical-align: inherit\"><span dir=\"auto\" style=\"vertical-align: inherit\">L&#8217;istruzione si estende oltre l&#8217;aula. Gli studenti partecipano alla\u00a0 <\/span><\/span><strong data-start=\"3318\" data-end=\"3338\"><span dir=\"auto\" style=\"vertical-align: inherit\"><span dir=\"auto\" style=\"vertical-align: inherit\">fattoria didattica<\/span><\/span><\/strong><span dir=\"auto\" style=\"vertical-align: inherit\"><span dir=\"auto\" style=\"vertical-align: inherit\">, dove si prendono cura degli animali e apprendono nozioni di nutrizione, responsabilit\u00e0 e lavoro di squadra. Le attivit\u00e0 quotidiane, che includono preghiera, pulizia e vita comunitaria, mirano a formare\u00a0 <\/span><\/span><strong data-start=\"3527\" data-end=\"3550\"><span dir=\"auto\" style=\"vertical-align: inherit\"><span dir=\"auto\" style=\"vertical-align: inherit\">individui completi,<\/span><\/span><\/strong><span dir=\"auto\" style=\"vertical-align: inherit\"><span dir=\"auto\" style=\"vertical-align: inherit\"> capaci di affrontare le sfide del loro ambiente.<\/span><\/span><\/p>\n<h3 data-start=\"3603\" data-end=\"3640\"><strong><span dir=\"auto\" style=\"vertical-align: inherit\"><span dir=\"auto\" style=\"vertical-align: inherit\">Un esempio di impegno sociale<\/span><\/span><\/strong><\/h3>\n<p data-start=\"3642\" data-end=\"3943\"><span dir=\"auto\" style=\"vertical-align: inherit\"><span dir=\"auto\" style=\"vertical-align: inherit\">Il Villaggio per Bambini Beato Jun\u00edperra rappresenta un modello di educazione inclusiva e trasformativa nella giungla peruviana. Il suo approccio combina\u00a0 <\/span><\/span><strong data-start=\"3777\" data-end=\"3837\"><span dir=\"auto\" style=\"vertical-align: inherit\"><span dir=\"auto\" style=\"vertical-align: inherit\">insegnamento accademico, formazione culturale e spiritualit\u00e0<\/span><\/span><\/strong><span dir=\"auto\" style=\"vertical-align: inherit\"><span dir=\"auto\" style=\"vertical-align: inherit\"> , dimostrando come l&#8217;istruzione possa essere un motore di sviluppo e speranza per le comunit\u00e0 vulnerabili.<\/span><\/span><\/p>\n<p data-start=\"3945\" data-end=\"4214\"><span dir=\"auto\" style=\"vertical-align: inherit\"><span dir=\"auto\" style=\"vertical-align: inherit\">Con oltre tre decenni di attivit\u00e0, questa istituzione continua a essere un punto di riferimento per\u00a0 <\/span><\/span><strong data-start=\"4033\" data-end=\"4092\"><span dir=\"auto\" style=\"vertical-align: inherit\"><span dir=\"auto\" style=\"vertical-align: inherit\">la tutela dell&#8217;infanzia e la promozione dei talenti locali<\/span><\/span><\/strong><span dir=\"auto\" style=\"vertical-align: inherit\"><span dir=\"auto\" style=\"vertical-align: inherit\">, dimostrando che anche nelle zone remote \u00e8 possibile fornire un&#8217;istruzione di qualit\u00e0 e preservare l&#8217;identit\u00e0 culturale.<\/span><\/span><\/p>\n","protected":false},"excerpt":{"rendered":"<p>Questa iniziativa di Padre Joaqu\u00edn Ferrer e delle Suore Francescane di Copacabana offre un&#8217;istruzione completa ai bambini delle comunit\u00e0 indigene e agli orfani di Mazamari, Satipo<\/p>\n","protected":false},"author":115,"featured_media":137135,"comment_status":"closed","ping_status":"closed","sticky":false,"template":"","format":"standard","meta":{"_acf_changed":false,"_crdt_document":"","inline_featured_image":false,"footnotes":""},"categories":[73],"tags":[75023,75025,75026,75027,21635,72975,22271,75028,59742,75029,75031,75039,75030,52947,75033,75040,75034,75035,75036,27661,75037,71953,75038,75024,5522,75032,73520,75041,75022],"class_list":["post-137178","post","type-post","status-publish","format-standard","has-post-thumbnail","hentry","category-chiesa-e-mondo","tag-apprendimento-pratico","tag-cultura-amazzonica","tag-cushma-2","tag-educazione-amazzonica","tag-educazione-cattolica","tag-educazione-completa","tag-educazione-inclusiva","tag-educazione-nelle-comunita-indigene","tag-educazione-rurale","tag-educazione-sostenibile","tag-fattoria-didattica","tag-giungla-centrale-del-peru","tag-imprenditorialita-studentesca","tag-interculturalita","tag-junin-2","tag-laboratori-didattici","tag-mazamari-2","tag-orfani","tag-padre-joaquin-ferrer-2","tag-patrimonio-culturale","tag-pedagogia-innovativa","tag-protezione-dellinfanzia","tag-satipo-2","tag-scuola-nella-giungla","tag-spiritualita","tag-suore-francescane-di-copacabana","tag-sviluppo-infantile","tag-valori-e-fede","tag-villaggio-dei-bambini"],"acf":[],"yoast_head":"<!-- This site is optimized with the Yoast SEO plugin v27.5 - https:\/\/yoast.com\/product\/yoast-seo-wordpress\/ -->\n<title>Villaggio dei Bambini Beato Jun\u00edperra: Educazione e Cultura nel Cuore della Giungla &#8211; Exaudi<\/title>\n<meta name=\"robots\" content=\"index, follow, max-snippet:-1, max-image-preview:large, max-video-preview:-1\" \/>\n<link rel=\"canonical\" href=\"https:\/\/exaudi.org\/it\/villaggio-dei-bambini-beato-juniperra-educazione-e-cultura-nel-cuore-della-giungla\/\" \/>\n<meta property=\"og:locale\" content=\"it_IT\" \/>\n<meta property=\"og:type\" content=\"article\" \/>\n<meta property=\"og:title\" content=\"Villaggio dei Bambini Beato Jun\u00edperra: Educazione e Cultura nel Cuore della Giungla &#8211; Exaudi\" \/>\n<meta property=\"og:description\" content=\"Questa iniziativa di Padre Joaqu\u00edn Ferrer e delle Suore Francescane di Copacabana offre un&#039;istruzione completa ai bambini delle comunit\u00e0 indigene e agli orfani di Mazamari, Satipo\" \/>\n<meta property=\"og:url\" content=\"https:\/\/exaudi.org\/it\/villaggio-dei-bambini-beato-juniperra-educazione-e-cultura-nel-cuore-della-giungla\/\" \/>\n<meta property=\"og:site_name\" content=\"Exaudi\" \/>\n<meta property=\"article:publisher\" content=\"https:\/\/www.facebook.com\/ExaudiNews\" \/>\n<meta property=\"article:author\" content=\"https:\/\/www.facebook.com\/paxtvpaginaoficial\" \/>\n<meta property=\"article:published_time\" content=\"2025-10-01T16:35:31+00:00\" \/>\n<meta property=\"og:image\" content=\"https:\/\/exaudi.org\/wp-content\/uploads\/2025\/10\/Transformando-la-educacion-para-las-comunidades-en-la-selva-central_3-1024x683.png\" \/>\n\t<meta property=\"og:image:width\" content=\"1024\" \/>\n\t<meta property=\"og:image:height\" content=\"683\" \/>\n\t<meta property=\"og:image:type\" content=\"image\/png\" \/>\n<meta name=\"author\" content=\"PaxTv\" \/>\n<meta name=\"twitter:card\" content=\"summary_large_image\" \/>\n<meta name=\"twitter:creator\" content=\"@https:\/\/twitter.com\/paxtvoficial\" \/>\n<meta name=\"twitter:site\" content=\"@Exaudi_News\" \/>\n<meta name=\"twitter:label1\" content=\"Scritto da\" \/>\n\t<meta name=\"twitter:data1\" content=\"PaxTv\" \/>\n\t<meta name=\"twitter:label2\" content=\"Tempo di lettura stimato\" \/>\n\t<meta name=\"twitter:data2\" content=\"3 minuti\" \/>\n<script type=\"application\/ld+json\" class=\"yoast-schema-graph\">{\"@context\":\"https:\\\/\\\/schema.org\",\"@graph\":[{\"@type\":\"Article\",\"@id\":\"https:\\\/\\\/exaudi.org\\\/it\\\/villaggio-dei-bambini-beato-juniperra-educazione-e-cultura-nel-cuore-della-giungla\\\/#article\",\"isPartOf\":{\"@id\":\"https:\\\/\\\/exaudi.org\\\/it\\\/villaggio-dei-bambini-beato-juniperra-educazione-e-cultura-nel-cuore-della-giungla\\\/\"},\"author\":{\"name\":\"PaxTv\",\"@id\":\"https:\\\/\\\/exaudi.org\\\/#\\\/schema\\\/person\\\/7c91208138d48cc0c0884eb1101c68fe\"},\"headline\":\"Villaggio dei Bambini Beato Jun\u00edperra: Educazione e Cultura nel Cuore della Giungla\",\"datePublished\":\"2025-10-01T16:35:31+00:00\",\"mainEntityOfPage\":{\"@id\":\"https:\\\/\\\/exaudi.org\\\/it\\\/villaggio-dei-bambini-beato-juniperra-educazione-e-cultura-nel-cuore-della-giungla\\\/\"},\"wordCount\":576,\"image\":{\"@id\":\"https:\\\/\\\/exaudi.org\\\/it\\\/villaggio-dei-bambini-beato-juniperra-educazione-e-cultura-nel-cuore-della-giungla\\\/#primaryimage\"},\"thumbnailUrl\":\"https:\\\/\\\/exaudi.org\\\/wp-content\\\/uploads\\\/2025\\\/10\\\/Transformando-la-educacion-para-las-comunidades-en-la-selva-central_3.png\",\"keywords\":[\"apprendimento pratico\",\"cultura amazzonica\",\"Cushma\",\"educazione amazzonica\",\"EDUCAZIONE CATTOLICA\",\"educazione completa\",\"Educazione inclusiva\",\"educazione nelle comunit\u00e0 indigene\",\"educazione rurale\",\"educazione sostenibile\",\"fattoria didattica\",\"giungla centrale del Per\u00f9\",\"imprenditorialit\u00e0 studentesca\",\"Interculturalit\u00e0\",\"Jun\u00edn\",\"laboratori didattici\",\"Mazamari\",\"orfani\",\"Padre Joaqu\u00edn Ferrer\",\"patrimonio culturale\",\"pedagogia innovativa\",\"protezione dell'infanzia\",\"Satipo\",\"scuola nella giungla\",\"spiritualit\u00e0\",\"Suore Francescane di Copacabana\",\"Sviluppo infantile\",\"valori e fede\",\"Villaggio dei Bambini\"],\"articleSection\":[\"Chiesa e Mondo\"],\"inLanguage\":\"it-IT\"},{\"@type\":\"WebPage\",\"@id\":\"https:\\\/\\\/exaudi.org\\\/it\\\/villaggio-dei-bambini-beato-juniperra-educazione-e-cultura-nel-cuore-della-giungla\\\/\",\"url\":\"https:\\\/\\\/exaudi.org\\\/it\\\/villaggio-dei-bambini-beato-juniperra-educazione-e-cultura-nel-cuore-della-giungla\\\/\",\"name\":\"Villaggio dei Bambini Beato Jun\u00edperra: Educazione e Cultura nel Cuore della Giungla &#8211; Exaudi\",\"isPartOf\":{\"@id\":\"https:\\\/\\\/exaudi.org\\\/#website\"},\"primaryImageOfPage\":{\"@id\":\"https:\\\/\\\/exaudi.org\\\/it\\\/villaggio-dei-bambini-beato-juniperra-educazione-e-cultura-nel-cuore-della-giungla\\\/#primaryimage\"},\"image\":{\"@id\":\"https:\\\/\\\/exaudi.org\\\/it\\\/villaggio-dei-bambini-beato-juniperra-educazione-e-cultura-nel-cuore-della-giungla\\\/#primaryimage\"},\"thumbnailUrl\":\"https:\\\/\\\/exaudi.org\\\/wp-content\\\/uploads\\\/2025\\\/10\\\/Transformando-la-educacion-para-las-comunidades-en-la-selva-central_3.png\",\"datePublished\":\"2025-10-01T16:35:31+00:00\",\"author\":{\"@id\":\"https:\\\/\\\/exaudi.org\\\/#\\\/schema\\\/person\\\/7c91208138d48cc0c0884eb1101c68fe\"},\"breadcrumb\":{\"@id\":\"https:\\\/\\\/exaudi.org\\\/it\\\/villaggio-dei-bambini-beato-juniperra-educazione-e-cultura-nel-cuore-della-giungla\\\/#breadcrumb\"},\"inLanguage\":\"it-IT\",\"potentialAction\":[{\"@type\":\"ReadAction\",\"target\":[\"https:\\\/\\\/exaudi.org\\\/it\\\/villaggio-dei-bambini-beato-juniperra-educazione-e-cultura-nel-cuore-della-giungla\\\/\"]}]},{\"@type\":\"ImageObject\",\"inLanguage\":\"it-IT\",\"@id\":\"https:\\\/\\\/exaudi.org\\\/it\\\/villaggio-dei-bambini-beato-juniperra-educazione-e-cultura-nel-cuore-della-giungla\\\/#primaryimage\",\"url\":\"https:\\\/\\\/exaudi.org\\\/wp-content\\\/uploads\\\/2025\\\/10\\\/Transformando-la-educacion-para-las-comunidades-en-la-selva-central_3.png\",\"contentUrl\":\"https:\\\/\\\/exaudi.org\\\/wp-content\\\/uploads\\\/2025\\\/10\\\/Transformando-la-educacion-para-las-comunidades-en-la-selva-central_3.png\",\"width\":1600,\"height\":1067},{\"@type\":\"BreadcrumbList\",\"@id\":\"https:\\\/\\\/exaudi.org\\\/it\\\/villaggio-dei-bambini-beato-juniperra-educazione-e-cultura-nel-cuore-della-giungla\\\/#breadcrumb\",\"itemListElement\":[{\"@type\":\"ListItem\",\"position\":1,\"name\":\"Portada\",\"item\":\"https:\\\/\\\/exaudi.org\\\/it\\\/\"},{\"@type\":\"ListItem\",\"position\":2,\"name\":\"Villaggio dei Bambini Beato Jun\u00edperra: Educazione e Cultura nel Cuore della Giungla\"}]},{\"@type\":\"WebSite\",\"@id\":\"https:\\\/\\\/exaudi.org\\\/#website\",\"url\":\"https:\\\/\\\/exaudi.org\\\/\",\"name\":\"Exaudi\",\"description\":\"News\",\"potentialAction\":[{\"@type\":\"SearchAction\",\"target\":{\"@type\":\"EntryPoint\",\"urlTemplate\":\"https:\\\/\\\/exaudi.org\\\/?s={search_term_string}\"},\"query-input\":{\"@type\":\"PropertyValueSpecification\",\"valueRequired\":true,\"valueName\":\"search_term_string\"}}],\"inLanguage\":\"it-IT\"},{\"@type\":\"Person\",\"@id\":\"https:\\\/\\\/exaudi.org\\\/#\\\/schema\\\/person\\\/7c91208138d48cc0c0884eb1101c68fe\",\"name\":\"PaxTv\",\"image\":{\"@type\":\"ImageObject\",\"inLanguage\":\"it-IT\",\"@id\":\"https:\\\/\\\/secure.gravatar.com\\\/avatar\\\/ed47a0c6b60e41911ab329d9046ed58233daf51ecaa62ba6680a93223b8eab9b?s=96&d=mm&r=g\",\"url\":\"https:\\\/\\\/secure.gravatar.com\\\/avatar\\\/ed47a0c6b60e41911ab329d9046ed58233daf51ecaa62ba6680a93223b8eab9b?s=96&d=mm&r=g\",\"contentUrl\":\"https:\\\/\\\/secure.gravatar.com\\\/avatar\\\/ed47a0c6b60e41911ab329d9046ed58233daf51ecaa62ba6680a93223b8eab9b?s=96&d=mm&r=g\",\"caption\":\"PaxTv\"},\"description\":\"Una escuela de conocimiento cat\u00f3lico. El objetivo de los \u201cpasos\u201d de esta serie es llegar a conocer lo m\u00e1s importante del extraordinario \u201ccamino de Jes\u00fas\u201d, de manera que, al conocerlo, m\u00e1s nos enamoraremos del Se\u00f1or y m\u00e1s dispuestos estemos a seguirlo. El camino de Jes\u00fas es fascinante, pero desgraciadamente lo conocemos poco y muy superficialmente. Ello impide que seamos cristianos aut\u00e9nticos -capaces de jug\u00e1rnoslo todo por \u00e9l y seguirlo-, e impide que colaboremos a que reine en el mundo. Ser cristiano es vivir al modo como Jes\u00fas lo propone; es decir, tener a Dios al centro de nuestras vidas y hacer su voluntad en todo. Esta serie ayudar\u00e1 a que descubramos qu\u00e9 es lo que Jes\u00fas desea de nosotros, y a preguntarnos c\u00f3mo lo podemos ayudar para hacer de \u00e9ste un mundo mejor.\",\"sameAs\":[\"http:\\\/\\\/paxtvmovil.org\\\/\",\"https:\\\/\\\/www.facebook.com\\\/paxtvpaginaoficial\",\"https:\\\/\\\/www.instagram.com\\\/paxtvoficial\\\/\",\"https:\\\/\\\/x.com\\\/https:\\\/\\\/twitter.com\\\/paxtvoficial\"],\"url\":\"https:\\\/\\\/exaudi.org\\\/it\\\/author\\\/conoce-tu-fe\\\/\"}]}<\/script>\n<!-- \/ Yoast SEO plugin. -->","yoast_head_json":{"title":"Villaggio dei Bambini Beato Jun\u00edperra: Educazione e Cultura nel Cuore della Giungla &#8211; Exaudi","robots":{"index":"index","follow":"follow","max-snippet":"max-snippet:-1","max-image-preview":"max-image-preview:large","max-video-preview":"max-video-preview:-1"},"canonical":"https:\/\/exaudi.org\/it\/villaggio-dei-bambini-beato-juniperra-educazione-e-cultura-nel-cuore-della-giungla\/","og_locale":"it_IT","og_type":"article","og_title":"Villaggio dei Bambini Beato Jun\u00edperra: Educazione e Cultura nel Cuore della Giungla &#8211; Exaudi","og_description":"Questa iniziativa di Padre Joaqu\u00edn Ferrer e delle Suore Francescane di Copacabana offre un'istruzione completa ai bambini delle comunit\u00e0 indigene e agli orfani di Mazamari, Satipo","og_url":"https:\/\/exaudi.org\/it\/villaggio-dei-bambini-beato-juniperra-educazione-e-cultura-nel-cuore-della-giungla\/","og_site_name":"Exaudi","article_publisher":"https:\/\/www.facebook.com\/ExaudiNews","article_author":"https:\/\/www.facebook.com\/paxtvpaginaoficial","article_published_time":"2025-10-01T16:35:31+00:00","og_image":[{"width":1024,"height":683,"url":"https:\/\/exaudi.org\/wp-content\/uploads\/2025\/10\/Transformando-la-educacion-para-las-comunidades-en-la-selva-central_3-1024x683.png","type":"image\/png"}],"author":"PaxTv","twitter_card":"summary_large_image","twitter_creator":"@https:\/\/twitter.com\/paxtvoficial","twitter_site":"@Exaudi_News","twitter_misc":{"Scritto da":"PaxTv","Tempo di lettura stimato":"3 minuti"},"schema":{"@context":"https:\/\/schema.org","@graph":[{"@type":"Article","@id":"https:\/\/exaudi.org\/it\/villaggio-dei-bambini-beato-juniperra-educazione-e-cultura-nel-cuore-della-giungla\/#article","isPartOf":{"@id":"https:\/\/exaudi.org\/it\/villaggio-dei-bambini-beato-juniperra-educazione-e-cultura-nel-cuore-della-giungla\/"},"author":{"name":"PaxTv","@id":"https:\/\/exaudi.org\/#\/schema\/person\/7c91208138d48cc0c0884eb1101c68fe"},"headline":"Villaggio dei Bambini Beato Jun\u00edperra: Educazione e Cultura nel Cuore della Giungla","datePublished":"2025-10-01T16:35:31+00:00","mainEntityOfPage":{"@id":"https:\/\/exaudi.org\/it\/villaggio-dei-bambini-beato-juniperra-educazione-e-cultura-nel-cuore-della-giungla\/"},"wordCount":576,"image":{"@id":"https:\/\/exaudi.org\/it\/villaggio-dei-bambini-beato-juniperra-educazione-e-cultura-nel-cuore-della-giungla\/#primaryimage"},"thumbnailUrl":"https:\/\/exaudi.org\/wp-content\/uploads\/2025\/10\/Transformando-la-educacion-para-las-comunidades-en-la-selva-central_3.png","keywords":["apprendimento pratico","cultura amazzonica","Cushma","educazione amazzonica","EDUCAZIONE CATTOLICA","educazione completa","Educazione inclusiva","educazione nelle comunit\u00e0 indigene","educazione rurale","educazione sostenibile","fattoria didattica","giungla centrale del Per\u00f9","imprenditorialit\u00e0 studentesca","Interculturalit\u00e0","Jun\u00edn","laboratori didattici","Mazamari","orfani","Padre Joaqu\u00edn Ferrer","patrimonio culturale","pedagogia innovativa","protezione dell'infanzia","Satipo","scuola nella giungla","spiritualit\u00e0","Suore Francescane di Copacabana","Sviluppo infantile","valori e fede","Villaggio dei Bambini"],"articleSection":["Chiesa e Mondo"],"inLanguage":"it-IT"},{"@type":"WebPage","@id":"https:\/\/exaudi.org\/it\/villaggio-dei-bambini-beato-juniperra-educazione-e-cultura-nel-cuore-della-giungla\/","url":"https:\/\/exaudi.org\/it\/villaggio-dei-bambini-beato-juniperra-educazione-e-cultura-nel-cuore-della-giungla\/","name":"Villaggio dei Bambini Beato Jun\u00edperra: Educazione e Cultura nel Cuore della Giungla &#8211; Exaudi","isPartOf":{"@id":"https:\/\/exaudi.org\/#website"},"primaryImageOfPage":{"@id":"https:\/\/exaudi.org\/it\/villaggio-dei-bambini-beato-juniperra-educazione-e-cultura-nel-cuore-della-giungla\/#primaryimage"},"image":{"@id":"https:\/\/exaudi.org\/it\/villaggio-dei-bambini-beato-juniperra-educazione-e-cultura-nel-cuore-della-giungla\/#primaryimage"},"thumbnailUrl":"https:\/\/exaudi.org\/wp-content\/uploads\/2025\/10\/Transformando-la-educacion-para-las-comunidades-en-la-selva-central_3.png","datePublished":"2025-10-01T16:35:31+00:00","author":{"@id":"https:\/\/exaudi.org\/#\/schema\/person\/7c91208138d48cc0c0884eb1101c68fe"},"breadcrumb":{"@id":"https:\/\/exaudi.org\/it\/villaggio-dei-bambini-beato-juniperra-educazione-e-cultura-nel-cuore-della-giungla\/#breadcrumb"},"inLanguage":"it-IT","potentialAction":[{"@type":"ReadAction","target":["https:\/\/exaudi.org\/it\/villaggio-dei-bambini-beato-juniperra-educazione-e-cultura-nel-cuore-della-giungla\/"]}]},{"@type":"ImageObject","inLanguage":"it-IT","@id":"https:\/\/exaudi.org\/it\/villaggio-dei-bambini-beato-juniperra-educazione-e-cultura-nel-cuore-della-giungla\/#primaryimage","url":"https:\/\/exaudi.org\/wp-content\/uploads\/2025\/10\/Transformando-la-educacion-para-las-comunidades-en-la-selva-central_3.png","contentUrl":"https:\/\/exaudi.org\/wp-content\/uploads\/2025\/10\/Transformando-la-educacion-para-las-comunidades-en-la-selva-central_3.png","width":1600,"height":1067},{"@type":"BreadcrumbList","@id":"https:\/\/exaudi.org\/it\/villaggio-dei-bambini-beato-juniperra-educazione-e-cultura-nel-cuore-della-giungla\/#breadcrumb","itemListElement":[{"@type":"ListItem","position":1,"name":"Portada","item":"https:\/\/exaudi.org\/it\/"},{"@type":"ListItem","position":2,"name":"Villaggio dei Bambini Beato Jun\u00edperra: Educazione e Cultura nel Cuore della Giungla"}]},{"@type":"WebSite","@id":"https:\/\/exaudi.org\/#website","url":"https:\/\/exaudi.org\/","name":"Exaudi","description":"News","potentialAction":[{"@type":"SearchAction","target":{"@type":"EntryPoint","urlTemplate":"https:\/\/exaudi.org\/?s={search_term_string}"},"query-input":{"@type":"PropertyValueSpecification","valueRequired":true,"valueName":"search_term_string"}}],"inLanguage":"it-IT"},{"@type":"Person","@id":"https:\/\/exaudi.org\/#\/schema\/person\/7c91208138d48cc0c0884eb1101c68fe","name":"PaxTv","image":{"@type":"ImageObject","inLanguage":"it-IT","@id":"https:\/\/secure.gravatar.com\/avatar\/ed47a0c6b60e41911ab329d9046ed58233daf51ecaa62ba6680a93223b8eab9b?s=96&d=mm&r=g","url":"https:\/\/secure.gravatar.com\/avatar\/ed47a0c6b60e41911ab329d9046ed58233daf51ecaa62ba6680a93223b8eab9b?s=96&d=mm&r=g","contentUrl":"https:\/\/secure.gravatar.com\/avatar\/ed47a0c6b60e41911ab329d9046ed58233daf51ecaa62ba6680a93223b8eab9b?s=96&d=mm&r=g","caption":"PaxTv"},"description":"Una escuela de conocimiento cat\u00f3lico. El objetivo de los \u201cpasos\u201d de esta serie es llegar a conocer lo m\u00e1s importante del extraordinario \u201ccamino de Jes\u00fas\u201d, de manera que, al conocerlo, m\u00e1s nos enamoraremos del Se\u00f1or y m\u00e1s dispuestos estemos a seguirlo. El camino de Jes\u00fas es fascinante, pero desgraciadamente lo conocemos poco y muy superficialmente. Ello impide que seamos cristianos aut\u00e9nticos -capaces de jug\u00e1rnoslo todo por \u00e9l y seguirlo-, e impide que colaboremos a que reine en el mundo. Ser cristiano es vivir al modo como Jes\u00fas lo propone; es decir, tener a Dios al centro de nuestras vidas y hacer su voluntad en todo. Esta serie ayudar\u00e1 a que descubramos qu\u00e9 es lo que Jes\u00fas desea de nosotros, y a preguntarnos c\u00f3mo lo podemos ayudar para hacer de \u00e9ste un mundo mejor.","sameAs":["http:\/\/paxtvmovil.org\/","https:\/\/www.facebook.com\/paxtvpaginaoficial","https:\/\/www.instagram.com\/paxtvoficial\/","https:\/\/x.com\/https:\/\/twitter.com\/paxtvoficial"],"url":"https:\/\/exaudi.org\/it\/author\/conoce-tu-fe\/"}]}},"jetpack_featured_media_url":"https:\/\/exaudi.org\/wp-content\/uploads\/2025\/10\/Transformando-la-educacion-para-las-comunidades-en-la-selva-central_3.png","jetpack_shortlink":"https:\/\/wp.me\/pgKjF2-zGy","_links":{"self":[{"href":"https:\/\/exaudi.org\/it\/wp-json\/wp\/v2\/posts\/137178","targetHints":{"allow":["GET"]}}],"collection":[{"href":"https:\/\/exaudi.org\/it\/wp-json\/wp\/v2\/posts"}],"about":[{"href":"https:\/\/exaudi.org\/it\/wp-json\/wp\/v2\/types\/post"}],"author":[{"embeddable":true,"href":"https:\/\/exaudi.org\/it\/wp-json\/wp\/v2\/users\/115"}],"replies":[{"embeddable":true,"href":"https:\/\/exaudi.org\/it\/wp-json\/wp\/v2\/comments?post=137178"}],"version-history":[{"count":4,"href":"https:\/\/exaudi.org\/it\/wp-json\/wp\/v2\/posts\/137178\/revisions"}],"predecessor-version":[{"id":137182,"href":"https:\/\/exaudi.org\/it\/wp-json\/wp\/v2\/posts\/137178\/revisions\/137182"}],"wp:featuredmedia":[{"embeddable":true,"href":"https:\/\/exaudi.org\/it\/wp-json\/wp\/v2\/media\/137135"}],"wp:attachment":[{"href":"https:\/\/exaudi.org\/it\/wp-json\/wp\/v2\/media?parent=137178"}],"wp:term":[{"taxonomy":"category","embeddable":true,"href":"https:\/\/exaudi.org\/it\/wp-json\/wp\/v2\/categories?post=137178"},{"taxonomy":"post_tag","embeddable":true,"href":"https:\/\/exaudi.org\/it\/wp-json\/wp\/v2\/tags?post=137178"}],"curies":[{"name":"wp","href":"https:\/\/api.w.org\/{rel}","templated":true}]}}