{"id":136996,"date":"2025-09-30T17:46:50","date_gmt":"2025-09-30T15:46:50","guid":{"rendered":"https:\/\/exaudi.org\/?p=136996"},"modified":"2025-09-30T17:46:50","modified_gmt":"2025-09-30T15:46:50","slug":"leone-xiv-le-religioni-siano-lievito-di-unita-in-un-mondo-frammentato","status":"publish","type":"post","link":"https:\/\/exaudi.org\/it\/leone-xiv-le-religioni-siano-lievito-di-unita-in-un-mondo-frammentato\/","title":{"rendered":"Leone XIV: &#8220;Le religioni siano lievito di unit\u00e0 in un mondo frammentato&#8221;"},"content":{"rendered":"<p><span dir=\"auto\" style=\"vertical-align: inherit\"><span dir=\"auto\" style=\"vertical-align: inherit\">Oggi esce\u00a0 la nuova edizione <\/span><span dir=\"auto\" style=\"vertical-align: inherit\">\u00a0di ottobre\u00a0 del<\/span><\/span><b><span dir=\"auto\" style=\"vertical-align: inherit\"><span dir=\"auto\" style=\"vertical-align: inherit\"><a href=\"https:\/\/thepopevideo.org\/?lang=es\">\u00a0Video del Papa<\/a>, con l&#8217;intenzione di preghiera di Papa Leone XIV: &#8220;Preghiamo affinch\u00e9 i credenti di diverse tradizioni religiose collaborino nella difesa e nella promozione della pace, della giustizia e della fratellanza umana&#8221;. La sua intenzione, che il Papa affida questo mese alla <\/span><\/span><\/b><a href=\"https:\/\/popesprayer.va\/es\/\" target=\"_blank\" rel=\"external noopener\"><b><span dir=\"auto\" style=\"vertical-align: inherit\"><span dir=\"auto\" style=\"vertical-align: inherit\">Rete Mondiale di Preghiera del Papa<\/span><\/span><\/b><\/a><span dir=\"auto\" style=\"vertical-align: inherit\"><span dir=\"auto\" style=\"vertical-align: inherit\">, giunge in un momento segnato da conflitti e polarizzazioni, in cui le religioni a volte cedono alla logica dello scontro. Il Papa, tuttavia, ci invita a riscoprire nella religione un ponte di fraternit\u00e0 e una forza di riconciliazione.<\/span><\/span><\/p>\n<h3><b><span dir=\"auto\" style=\"vertical-align: inherit\"><span dir=\"auto\" style=\"vertical-align: inherit\">Non armi o muri, ma ponti e profezia<\/span><\/span><\/b><\/h3>\n<p><span dir=\"auto\" style=\"vertical-align: inherit\"><span dir=\"auto\" style=\"vertical-align: inherit\">Il significato profondo della preghiera letta da Papa Leone XIV \u00e8 che la collaborazione tra i credenti non sia relegata a teologi ed esperti, ma sia alimentata da un impegno concreto e quotidiano che coinvolga ciascuno di noi. Il Papa prega infatti affinch\u00e9 impariamo a \u00ab<\/span><\/span><b><span dir=\"auto\" style=\"vertical-align: inherit\"><span dir=\"auto\" style=\"vertical-align: inherit\">riconoscerci come fratelli e sorelle<\/span><\/span><\/b><span dir=\"auto\" style=\"vertical-align: inherit\"><span dir=\"auto\" style=\"vertical-align: inherit\">, chiamati a vivere, pregare, lavorare e sognare insieme\u00bb. Invoca inoltre lo Spirito perch\u00e9 \u00abriconosca ci\u00f2 che ci unisce\u00bb e \u00abcollabori senza distruggere\u00bb. Le diverse tradizioni religiose sono chiamate a essere \u00ablievito di unit\u00e0 in un mondo frammentato\u00bb. Prosegue, ricordando che spesso accade il contrario: \u00abInvece di unirci, diventa causa di conflitto\u00bb.<\/span><\/span><\/p>\n<p><span dir=\"auto\" style=\"vertical-align: inherit\"><span dir=\"auto\" style=\"vertical-align: inherit\">Il suo invito si estende quindi a tutti i credenti, cristiani e non cristiani. Esorta: \u00ab<\/span><\/span><b><span dir=\"auto\" style=\"vertical-align: inherit\"><span dir=\"auto\" style=\"vertical-align: inherit\">Non usate le religioni come armi o come muri, ma vissute come ponti e profezie<\/span><\/span><\/b><span dir=\"auto\" style=\"vertical-align: inherit\"><span dir=\"auto\" style=\"vertical-align: inherit\">\u00bb, e poi cita \u00abesempi concreti di pace, giustizia e fraternit\u00e0\u00bb.<\/span><\/span><\/p>\n<h3><b><span dir=\"auto\" style=\"vertical-align: inherit\"><span dir=\"auto\" style=\"vertical-align: inherit\">Dall&#8217;alto e dal basso<\/span><\/span><\/b><\/h3>\n<p><span dir=\"auto\" style=\"vertical-align: inherit\"><span dir=\"auto\" style=\"vertical-align: inherit\">Il video racconta diversi esempi concreti che si intrecciano tra momenti &#8220;dall&#8217;alto&#8221; e iniziative &#8220;dal basso&#8221;. Da un lato, ci sono tappe storiche del cammino interreligioso: lo\u00a0 <\/span><\/span><b><span dir=\"auto\" style=\"vertical-align: inherit\"><span dir=\"auto\" style=\"vertical-align: inherit\">storico incontro organizzato da Papa Giovanni Paolo II ad Assisi nel 1986;<\/span><\/span><\/b><span dir=\"auto\" style=\"vertical-align: inherit\"><span dir=\"auto\" style=\"vertical-align: inherit\"> \u00a0la visita di\u00a0 <\/span><\/span><b><span dir=\"auto\" style=\"vertical-align: inherit\"><span dir=\"auto\" style=\"vertical-align: inherit\">Papa Benedetto XVI<\/span><\/span><\/b><span dir=\"auto\" style=\"vertical-align: inherit\"><span dir=\"auto\" style=\"vertical-align: inherit\"> \u00a0alla\u00a0 <\/span><\/span><b><span dir=\"auto\" style=\"vertical-align: inherit\"><span dir=\"auto\" style=\"vertical-align: inherit\">Sinagoga di Roma nel 2010;<\/span><\/span><\/b><span dir=\"auto\" style=\"vertical-align: inherit\"><span dir=\"auto\" style=\"vertical-align: inherit\"> \u00a0la firma del Documento sulla\u00a0 <\/span><\/span><b><span dir=\"auto\" style=\"vertical-align: inherit\"><span dir=\"auto\" style=\"vertical-align: inherit\">Fratellanza Umana ad Abu Dhabi nel 2019<\/span><\/span><\/b><span dir=\"auto\" style=\"vertical-align: inherit\"><span dir=\"auto\" style=\"vertical-align: inherit\">, sotto il pontificato di\u00a0 <\/span><\/span><b><span dir=\"auto\" style=\"vertical-align: inherit\"><span dir=\"auto\" style=\"vertical-align: inherit\">Papa Francesco<\/span><\/span><\/b><span dir=\"auto\" style=\"vertical-align: inherit\"><span dir=\"auto\" style=\"vertical-align: inherit\">; e persino i pi\u00f9 recenti\u00a0 <\/span><\/span><b><span dir=\"auto\" style=\"vertical-align: inherit\"><span dir=\"auto\" style=\"vertical-align: inherit\">incontri ecumenici di Papa Leone XIV<\/span><\/span><\/b><span dir=\"auto\" style=\"vertical-align: inherit\"><span dir=\"auto\" style=\"vertical-align: inherit\"> \u00a0in Vaticano.<\/span><\/span><\/p>\n<p><span dir=\"auto\" style=\"vertical-align: inherit\"><span dir=\"auto\" style=\"vertical-align: inherit\">D&#8217;altra parte, l&#8217;intenzione di preghiera di questo mese ci ricorda che il dialogo interreligioso non pu\u00f2 limitarsi agli incontri tra leader. Pertanto, le immagini video mettono in risalto esperienze organizzate a livello locale o da organizzazioni ecclesiali: l&#8217;incontro interreligioso organizzato a Singapore nell&#8217;aprile 2025 da Caritas e dall&#8217;Arcidiocesi per commemorare la Giornata della Terra; o l&#8217;\u00a0 evento <\/span><\/span><b><span dir=\"auto\" style=\"vertical-align: inherit\"><span dir=\"auto\" style=\"vertical-align: inherit\">&#8220;Una sola famiglia umana&#8221;<\/span><\/span><\/b><span dir=\"auto\" style=\"vertical-align: inherit\"><span dir=\"auto\" style=\"vertical-align: inherit\"> \u00a0organizzato dal Movimento dei Focolari tra maggio e giugno 2024. Si tratta di due segni recenti e concreti di un dialogo che crea vicinanza, fiducia e collaborazione quotidiana.<\/span><\/span><\/p>\n<h3><b><i><span dir=\"auto\" style=\"vertical-align: inherit\"><span dir=\"auto\" style=\"vertical-align: inherit\">Nostra Aetate<\/span><\/span><\/i><span dir=\"auto\" style=\"vertical-align: inherit\"><span dir=\"auto\" style=\"vertical-align: inherit\">, 60 anni fecondi<\/span><\/span><\/b><\/h3>\n<p><span dir=\"auto\" style=\"vertical-align: inherit\"><span dir=\"auto\" style=\"vertical-align: inherit\">Questa intenzione di preghiera si inserisce nel\u00a0 <\/span><\/span><b><span dir=\"auto\" style=\"vertical-align: inherit\"><span dir=\"auto\" style=\"vertical-align: inherit\">60\u00b0 anniversario di\u00a0 <\/span><\/span><i><span dir=\"auto\" style=\"vertical-align: inherit\"><span dir=\"auto\" style=\"vertical-align: inherit\">Nostra Aetate<\/span><\/span><\/i><\/b><span dir=\"auto\" style=\"vertical-align: inherit\"><span dir=\"auto\" style=\"vertical-align: inherit\">, la Dichiarazione del Concilio Vaticano II che ha trasformato il rapporto della Chiesa cattolica con le altre religioni, aprendo la strada al\u00a0 <\/span><\/span><b><span dir=\"auto\" style=\"vertical-align: inherit\"><span dir=\"auto\" style=\"vertical-align: inherit\">dialogo, al rispetto e alla collaborazione<\/span><\/span><\/b><span dir=\"auto\" style=\"vertical-align: inherit\"><span dir=\"auto\" style=\"vertical-align: inherit\">. La produzione de Il Video del Papa segna l&#8217;inizio di un mese in cui sono previste diverse iniziative per riflettere sull&#8217;eredit\u00e0 del documento conciliare nella societ\u00e0 contemporanea.<\/span><\/span><\/p>\n<p><span dir=\"auto\" style=\"vertical-align: inherit\"><span dir=\"auto\" style=\"vertical-align: inherit\">Dieci anni fa, in occasione del\u00a0 <\/span><\/span><b><span dir=\"auto\" style=\"vertical-align: inherit\"><span dir=\"auto\" style=\"vertical-align: inherit\">50\u00b0 anniversario di\u00a0 <\/span><\/span><i><span dir=\"auto\" style=\"vertical-align: inherit\"><span dir=\"auto\" style=\"vertical-align: inherit\">Nostra Aetate<\/span><\/span><\/i><\/b><span dir=\"auto\" style=\"vertical-align: inherit\"><span dir=\"auto\" style=\"vertical-align: inherit\">, Papa Francesco ne sottolineava l&#8217;attualit\u00e0, ricordando che la via del dialogo richiede\u00a0 <\/span><\/span><b><span dir=\"auto\" style=\"vertical-align: inherit\"><span dir=\"auto\" style=\"vertical-align: inherit\">comprensione reciproca, rispetto e stima,\u00a0<\/span><\/span><\/b><span dir=\"auto\" style=\"vertical-align: inherit\"><span dir=\"auto\" style=\"vertical-align: inherit\"> e che il mondo chiede ai credenti\u00a0 <\/span><\/span><b><span dir=\"auto\" style=\"vertical-align: inherit\"><span dir=\"auto\" style=\"vertical-align: inherit\">risposte efficaci<\/span><\/span><\/b><span dir=\"auto\" style=\"vertical-align: inherit\"><span dir=\"auto\" style=\"vertical-align: inherit\"> \u00a0alla pace, alla fame, alla povert\u00e0, alla crisi ambientale e alla violenza, soprattutto a quella commessa in nome della religione. In questo contesto, il Papa sottolineava anche che i credenti non hanno &#8220;ricette&#8221; per ogni problema, ma hanno una grande risorsa:\u00a0 <\/span><\/span><b><span dir=\"auto\" style=\"vertical-align: inherit\"><span dir=\"auto\" style=\"vertical-align: inherit\">la preghiera<\/span><\/span><\/b><span dir=\"auto\" style=\"vertical-align: inherit\"><span dir=\"auto\" style=\"vertical-align: inherit\">, il nostro tesoro, a cui attingiamo secondo le nostre rispettive tradizioni.<\/span><\/span><\/p>\n<h3><b><span dir=\"auto\" style=\"vertical-align: inherit\"><span dir=\"auto\" style=\"vertical-align: inherit\">Un impegno che continua<\/span><\/span><\/b><\/h3>\n<p><span dir=\"auto\" style=\"vertical-align: inherit\"><span dir=\"auto\" style=\"vertical-align: inherit\">\u00abIl tema del dialogo interreligioso \u00e8 significativo, spesso presente nelle intenzioni papali\u00bb, spiega\u00a0 <\/span><\/span><b><span dir=\"auto\" style=\"vertical-align: inherit\"><span dir=\"auto\" style=\"vertical-align: inherit\">P. Crist\u00f3bal Fones, SJ<\/span><\/span><\/b><span dir=\"auto\" style=\"vertical-align: inherit\"><span dir=\"auto\" style=\"vertical-align: inherit\">,\u00a0 <\/span><\/span><b><span dir=\"auto\" style=\"vertical-align: inherit\"><span dir=\"auto\" style=\"vertical-align: inherit\">Direttore Internazionale<\/span><\/span><\/b><span dir=\"auto\" style=\"vertical-align: inherit\"><span dir=\"auto\" style=\"vertical-align: inherit\"> \u00a0della\u00a0 <\/span><\/span><b><span dir=\"auto\" style=\"vertical-align: inherit\"><span dir=\"auto\" style=\"vertical-align: inherit\">Rete Mondiale di Preghiera del Papa<\/span><\/span><\/b><span dir=\"auto\" style=\"vertical-align: inherit\"><span dir=\"auto\" style=\"vertical-align: inherit\"> . Ricorda che \u00abci\u00f2 \u00e8 accaduto pi\u00f9 volte nel corso degli anni durante il mese di gennaio, in coincidenza con la Giornata Mondiale della Pace\u00bb. Nel 2016, ad esempio, ha pregato affinch\u00e9 \u00abil dialogo sincero tra uomini e donne di diverse religioni porti frutti di pace e giustizia\u00bb; nel 2020, \u00abi cristiani, quanti seguono altre religioni e le persone di buona volont\u00e0 promuovano la pace e la giustizia nel mondo\u00bb; nel 2021, \u00abil Signore ci dia la grazia di vivere in piena fraternit\u00e0 con i fratelli e le sorelle di altre religioni, pregando gli uni per gli altri, aperti a tutti\u00bb. L\u2019intenzione dell\u2019ottobre 2025 si inserisce quindi in questo processo, testimoniando una via \u2013 quella del dialogo \u2013 che sta molto a cuore ai Papi.<\/span><\/span><\/p>\n<p><span dir=\"auto\" style=\"vertical-align: inherit\"><span dir=\"auto\" style=\"vertical-align: inherit\">\u00abGli incontri tra leader di diverse religioni\u00bb, prosegue padre Fones, \u00abfanno sempre notizia, come \u00e8 giusto che sia, perch\u00e9 danno speranza in un momento in cui la tentazione dello scontro minaccia il bisogno di incontro. Ma la preghiera letta da Papa Leone XIV questo mese ci dice che la collaborazione si costruisce anche quando non fa notizia, cio\u00e8 nella vita di tutti i giorni: conoscendosi e rispettandosi, imparando gli uni dagli altri, pregando insieme per l&#8217;umanit\u00e0, difendendo e promuovendo la pace nei luoghi in cui viviamo. Sono stili di vita quotidiani che tutti possiamo scegliere: cercare ci\u00f2 che ci unisce e lavorare per il bene comune insieme ai nostri fratelli e sorelle di fedi diverse. In questo modo, i credenti diventano artigiani di pace e fraternit\u00e0. Il Video del Papa di ottobre indica una strada: riconoscere la dignit\u00e0 di ogni persona, difendere la giustizia, seminare la pace\u00bb.<\/span><\/span><\/p>\n<p><span dir=\"auto\" style=\"vertical-align: inherit\"><span dir=\"auto\" style=\"vertical-align: inherit\">Infine, nel contesto dell&#8217;Anno\u00a0 <\/span><\/span><b><span dir=\"auto\" style=\"vertical-align: inherit\"><span dir=\"auto\" style=\"vertical-align: inherit\">Santo 2025<\/span><\/span><\/b><span dir=\"auto\" style=\"vertical-align: inherit\"><span dir=\"auto\" style=\"vertical-align: inherit\">,\u00a0 <\/span><\/span><b><span dir=\"auto\" style=\"vertical-align: inherit\"><span dir=\"auto\" style=\"vertical-align: inherit\">il Video del Papa<\/span><\/span><\/b><span dir=\"auto\" style=\"vertical-align: inherit\"><span dir=\"auto\" style=\"vertical-align: inherit\"> assume una rilevanza particolare, poich\u00e9, attraverso di esso, veniamo a conoscenza delle intenzioni di preghiera che il Papa ha nel cuore. Per ricevere correttamente le grazie dell&#8217;indulgenza\u00a0 <\/span><\/span><b><span dir=\"auto\" style=\"vertical-align: inherit\"><span dir=\"auto\" style=\"vertical-align: inherit\">giubilare<\/span><\/span><\/b><span dir=\"auto\" style=\"vertical-align: inherit\"><span dir=\"auto\" style=\"vertical-align: inherit\">, \u00e8 necessario\u00a0 <\/span><\/span><b><span dir=\"auto\" style=\"vertical-align: inherit\"><span dir=\"auto\" style=\"vertical-align: inherit\">pregare secondo le intenzioni del Papa<\/span><\/span><\/b><span dir=\"auto\" style=\"vertical-align: inherit\"><span dir=\"auto\" style=\"vertical-align: inherit\">.<\/span><\/span><\/p>\n<p><iframe loading=\"lazy\" title=\"Per la collaborazione tra le diverse tradizioni religiose \u2013 Il Video del Papa \u2013 ottobre 2025\" width=\"500\" height=\"281\" src=\"https:\/\/www.youtube.com\/embed\/nYZrrF1loNA?feature=oembed\" frameborder=\"0\" allow=\"accelerometer; autoplay; clipboard-write; encrypted-media; gyroscope; picture-in-picture; web-share\" referrerpolicy=\"strict-origin-when-cross-origin\" allowfullscreen><\/iframe><\/p>\n","protected":false},"excerpt":{"rendered":"<p>Nel 60\u00b0 anniversario del documento conciliare Nostra Aetate, che cade a ottobre, il Papa dedica la sua intenzione di preghiera alla collaborazione tra le diverse tradizioni religiose<\/p>\n","protected":false},"author":17,"featured_media":137012,"comment_status":"closed","ping_status":"closed","sticky":false,"template":"","format":"standard","meta":{"_acf_changed":false,"_crdt_document":"","inline_featured_image":false,"footnotes":""},"categories":[67],"tags":[74810,30821,61192,74814,74801,74802,665,74803,74804,2749,64851,5748,37278,21266,74805,74806,74808,64910,74811,74809,14301,74812,58164,21077,30246,13076,1955,20407,74807,74813],"class_list":["post-136996","post","type-post","status-publish","format-standard","has-post-thumbnail","hentry","category-leone-xiv","tag-60-anniversario-di-nostra-aetate","tag-anno-santo-2025","tag-artigiani-di-pace","tag-benedetto-xvi-visita-la-sinagoga-di-roma","tag-caritas-singapore","tag-collaborazione-tra-le-religioni","tag-dialogo-interreligioso","tag-dialogo-tra-le-religioni","tag-documento-sulla-fratellanza-umana-abu-dhabi-2019","tag-ecumenismo-it","tag-featured-it-2","tag-fratellanza-umana","tag-giustizia-e-fraternita","tag-giustizia-e-pace","tag-il-video-del-papa-ottobre-2025","tag-incontro-interreligioso-assisi-1986","tag-intenzione-di-preghiera-di-ottobre","tag-leone-xiv-it","tag-lievito-di-unita","tag-mondo-frammentato","tag-movimento-dei-focolari","tag-non-muri","tag-papa-leone-xiv","tag-ponti","tag-preghiera-del-papa","tag-preghiera-per-la-pace","tag-religioni","tag-rete-mondiale-di-preghiera-del-papa","tag-spiritualita-e-pace-nel-mondo","tag-unita-dei-credenti"],"acf":[],"yoast_head":"<!-- This site is optimized with the Yoast SEO plugin v27.4 - https:\/\/yoast.com\/product\/yoast-seo-wordpress\/ -->\n<title>Leone XIV: &quot;Le religioni siano lievito di unit\u00e0 in un mondo frammentato&quot; &#8211; Exaudi<\/title>\n<meta name=\"robots\" content=\"index, follow, max-snippet:-1, max-image-preview:large, max-video-preview:-1\" \/>\n<link rel=\"canonical\" href=\"https:\/\/exaudi.org\/it\/leone-xiv-le-religioni-siano-lievito-di-unita-in-un-mondo-frammentato\/\" \/>\n<meta property=\"og:locale\" content=\"it_IT\" \/>\n<meta property=\"og:type\" content=\"article\" \/>\n<meta property=\"og:title\" content=\"Leone XIV: &quot;Le religioni siano lievito di unit\u00e0 in un mondo frammentato&quot; &#8211; Exaudi\" \/>\n<meta property=\"og:description\" content=\"Nel 60\u00b0 anniversario del documento conciliare Nostra Aetate, che cade a ottobre, il Papa dedica la sua intenzione di preghiera alla collaborazione tra le diverse tradizioni religiose\" \/>\n<meta property=\"og:url\" content=\"https:\/\/exaudi.org\/it\/leone-xiv-le-religioni-siano-lievito-di-unita-in-un-mondo-frammentato\/\" \/>\n<meta property=\"og:site_name\" content=\"Exaudi\" \/>\n<meta property=\"article:publisher\" content=\"https:\/\/www.facebook.com\/ExaudiNews\" \/>\n<meta property=\"article:author\" content=\"https:\/\/www.facebook.com\/ExaudiNotizie\/\" \/>\n<meta property=\"article:published_time\" content=\"2025-09-30T15:46:50+00:00\" \/>\n<meta property=\"og:image\" content=\"https:\/\/exaudi.org\/wp-content\/uploads\/2025\/09\/1-1.jpeg\" \/>\n\t<meta property=\"og:image:width\" content=\"500\" \/>\n\t<meta property=\"og:image:height\" content=\"281\" \/>\n\t<meta property=\"og:image:type\" content=\"image\/jpeg\" \/>\n<meta name=\"author\" content=\"Exaudi Redazione\" \/>\n<meta name=\"twitter:card\" content=\"summary_large_image\" \/>\n<meta name=\"twitter:creator\" content=\"@Exaudi_Notizie\" \/>\n<meta name=\"twitter:site\" content=\"@Exaudi_News\" \/>\n<meta name=\"twitter:label1\" content=\"Scritto da\" \/>\n\t<meta name=\"twitter:data1\" content=\"Exaudi Redazione\" \/>\n\t<meta name=\"twitter:label2\" content=\"Tempo di lettura stimato\" \/>\n\t<meta name=\"twitter:data2\" content=\"5 minuti\" \/>\n<script type=\"application\/ld+json\" class=\"yoast-schema-graph\">{\"@context\":\"https:\\\/\\\/schema.org\",\"@graph\":[{\"@type\":\"Article\",\"@id\":\"https:\\\/\\\/exaudi.org\\\/it\\\/leone-xiv-le-religioni-siano-lievito-di-unita-in-un-mondo-frammentato\\\/#article\",\"isPartOf\":{\"@id\":\"https:\\\/\\\/exaudi.org\\\/it\\\/leone-xiv-le-religioni-siano-lievito-di-unita-in-un-mondo-frammentato\\\/\"},\"author\":{\"name\":\"Exaudi Redazione\",\"@id\":\"https:\\\/\\\/exaudi.org\\\/#\\\/schema\\\/person\\\/e1ab6ed07c01774724dd96f925f3a5f0\"},\"headline\":\"Leone XIV: &#8220;Le religioni siano lievito di unit\u00e0 in un mondo frammentato&#8221;\",\"datePublished\":\"2025-09-30T15:46:50+00:00\",\"mainEntityOfPage\":{\"@id\":\"https:\\\/\\\/exaudi.org\\\/it\\\/leone-xiv-le-religioni-siano-lievito-di-unita-in-un-mondo-frammentato\\\/\"},\"wordCount\":945,\"image\":{\"@id\":\"https:\\\/\\\/exaudi.org\\\/it\\\/leone-xiv-le-religioni-siano-lievito-di-unita-in-un-mondo-frammentato\\\/#primaryimage\"},\"thumbnailUrl\":\"https:\\\/\\\/exaudi.org\\\/wp-content\\\/uploads\\\/2025\\\/09\\\/1-1.jpeg\",\"keywords\":[\"60\u00b0 anniversario di Nostra Aetate\",\"Anno Santo 2025\",\"artigiani di pace\",\"Benedetto XVI visita la sinagoga di Roma\",\"C\u00e1ritas Singapore\",\"collaborazione tra le religioni\",\"dialogo interreligioso\",\"dialogo tra le religioni\",\"Documento sulla Fratellanza Umana Abu Dhabi 2019\",\"Ecumenismo\",\"Featured\",\"fratellanza umana\",\"giustizia e fraternit\u00e0\",\"GIUSTIZIA E PACE\",\"Il Video del Papa ottobre 2025\",\"incontro interreligioso Assisi 1986\",\"intenzione di preghiera di ottobre\",\"Leone XIV\",\"lievito di unit\u00e0\",\"mondo frammentato\",\"Movimento dei Focolari\",\"non muri\",\"Papa Leone XIV\",\"PONTI\",\"Preghiera del Papa\",\"PREGHIERA PER LA PACE\",\"religioni\",\"RETE MONDIALE DI PREGHIERA DEL PAPA\",\"spiritualit\u00e0 e pace nel mondo\",\"unit\u00e0 dei credenti\"],\"articleSection\":[\"Leone XIV\"],\"inLanguage\":\"it-IT\"},{\"@type\":\"WebPage\",\"@id\":\"https:\\\/\\\/exaudi.org\\\/it\\\/leone-xiv-le-religioni-siano-lievito-di-unita-in-un-mondo-frammentato\\\/\",\"url\":\"https:\\\/\\\/exaudi.org\\\/it\\\/leone-xiv-le-religioni-siano-lievito-di-unita-in-un-mondo-frammentato\\\/\",\"name\":\"Leone XIV: \\\"Le religioni siano lievito di unit\u00e0 in un mondo frammentato\\\" &#8211; Exaudi\",\"isPartOf\":{\"@id\":\"https:\\\/\\\/exaudi.org\\\/#website\"},\"primaryImageOfPage\":{\"@id\":\"https:\\\/\\\/exaudi.org\\\/it\\\/leone-xiv-le-religioni-siano-lievito-di-unita-in-un-mondo-frammentato\\\/#primaryimage\"},\"image\":{\"@id\":\"https:\\\/\\\/exaudi.org\\\/it\\\/leone-xiv-le-religioni-siano-lievito-di-unita-in-un-mondo-frammentato\\\/#primaryimage\"},\"thumbnailUrl\":\"https:\\\/\\\/exaudi.org\\\/wp-content\\\/uploads\\\/2025\\\/09\\\/1-1.jpeg\",\"datePublished\":\"2025-09-30T15:46:50+00:00\",\"author\":{\"@id\":\"https:\\\/\\\/exaudi.org\\\/#\\\/schema\\\/person\\\/e1ab6ed07c01774724dd96f925f3a5f0\"},\"breadcrumb\":{\"@id\":\"https:\\\/\\\/exaudi.org\\\/it\\\/leone-xiv-le-religioni-siano-lievito-di-unita-in-un-mondo-frammentato\\\/#breadcrumb\"},\"inLanguage\":\"it-IT\",\"potentialAction\":[{\"@type\":\"ReadAction\",\"target\":[\"https:\\\/\\\/exaudi.org\\\/it\\\/leone-xiv-le-religioni-siano-lievito-di-unita-in-un-mondo-frammentato\\\/\"]}]},{\"@type\":\"ImageObject\",\"inLanguage\":\"it-IT\",\"@id\":\"https:\\\/\\\/exaudi.org\\\/it\\\/leone-xiv-le-religioni-siano-lievito-di-unita-in-un-mondo-frammentato\\\/#primaryimage\",\"url\":\"https:\\\/\\\/exaudi.org\\\/wp-content\\\/uploads\\\/2025\\\/09\\\/1-1.jpeg\",\"contentUrl\":\"https:\\\/\\\/exaudi.org\\\/wp-content\\\/uploads\\\/2025\\\/09\\\/1-1.jpeg\",\"width\":500,\"height\":281},{\"@type\":\"BreadcrumbList\",\"@id\":\"https:\\\/\\\/exaudi.org\\\/it\\\/leone-xiv-le-religioni-siano-lievito-di-unita-in-un-mondo-frammentato\\\/#breadcrumb\",\"itemListElement\":[{\"@type\":\"ListItem\",\"position\":1,\"name\":\"Portada\",\"item\":\"https:\\\/\\\/exaudi.org\\\/it\\\/\"},{\"@type\":\"ListItem\",\"position\":2,\"name\":\"Leone XIV: \u00abLe religioni siano lievito di unit\u00e0 in un mondo frammentato\u00bb\"}]},{\"@type\":\"WebSite\",\"@id\":\"https:\\\/\\\/exaudi.org\\\/#website\",\"url\":\"https:\\\/\\\/exaudi.org\\\/\",\"name\":\"Exaudi\",\"description\":\"News\",\"potentialAction\":[{\"@type\":\"SearchAction\",\"target\":{\"@type\":\"EntryPoint\",\"urlTemplate\":\"https:\\\/\\\/exaudi.org\\\/?s={search_term_string}\"},\"query-input\":{\"@type\":\"PropertyValueSpecification\",\"valueRequired\":true,\"valueName\":\"search_term_string\"}}],\"inLanguage\":\"it-IT\"},{\"@type\":\"Person\",\"@id\":\"https:\\\/\\\/exaudi.org\\\/#\\\/schema\\\/person\\\/e1ab6ed07c01774724dd96f925f3a5f0\",\"name\":\"Exaudi Redazione\",\"image\":{\"@type\":\"ImageObject\",\"inLanguage\":\"it-IT\",\"@id\":\"https:\\\/\\\/secure.gravatar.com\\\/avatar\\\/ad6774b3ada023bf5b939d64f45c94b3adf91502dd883507d469b4308a943bb3?s=96&d=mm&r=g\",\"url\":\"https:\\\/\\\/secure.gravatar.com\\\/avatar\\\/ad6774b3ada023bf5b939d64f45c94b3adf91502dd883507d469b4308a943bb3?s=96&d=mm&r=g\",\"contentUrl\":\"https:\\\/\\\/secure.gravatar.com\\\/avatar\\\/ad6774b3ada023bf5b939d64f45c94b3adf91502dd883507d469b4308a943bb3?s=96&d=mm&r=g\",\"caption\":\"Exaudi Redazione\"},\"description\":\"Che cosa \u00e8 Exaudi News? Exaudi News \u00e8 un agenzia cattolica internazionale che informa, istruisce e trasforma quotidianamente in spagnolo, inglese e italiano. Attraverso notizie, articoli di analisi e trasmissioni in diretta degli eventi del Papa, Exaudi cerca di rafforzare l'unit\u00e0 dei cristiani e di contribuire all'evangelizzazione del mondo, sempre guidato dalla dottrina sociale della Chiesa. Lavoriamo per portare la verit\u00e0 e i valori cristiani in ogni angolo del pianeta. Aiutaci a trasformare il mondo con Exaudi! Noi di Exaudi crediamo che l'evangelizzazione e l'informazione di qualit\u00e0 possano cambiare la vita. Per continuare la nostra missione ed espandere la nostra portata, abbiamo bisogno del tuo aiuto. Stiamo anche cercando persone motivate che vogliano unirsi al nostro team. Grazie al vostro sostegno raggiungeremo pi\u00f9 persone, diffonderemo il messaggio di Cristo e rafforzeremo l'unit\u00e0 dei cristiani. Vuoi unirti alla nostra missione? Per maggiori informazioni su come contribuire, visita Exaudi.org\\\/it o contattaci direttamente: info@exaudi.org Exaudi: informa, forma e trasforma.\",\"sameAs\":[\"https:\\\/\\\/www.facebook.com\\\/ExaudiNotizie\\\/\",\"https:\\\/\\\/www.instagram.com\\\/Exaudi_notizie\\\/\",\"https:\\\/\\\/x.com\\\/Exaudi_Notizie\",\"https:\\\/\\\/www.youtube.com\\\/@exaudicatholicnews\"],\"url\":\"https:\\\/\\\/exaudi.org\\\/it\\\/author\\\/dlvedi-org\\\/\"}]}<\/script>\n<!-- \/ Yoast SEO plugin. -->","yoast_head_json":{"title":"Leone XIV: \"Le religioni siano lievito di unit\u00e0 in un mondo frammentato\" &#8211; Exaudi","robots":{"index":"index","follow":"follow","max-snippet":"max-snippet:-1","max-image-preview":"max-image-preview:large","max-video-preview":"max-video-preview:-1"},"canonical":"https:\/\/exaudi.org\/it\/leone-xiv-le-religioni-siano-lievito-di-unita-in-un-mondo-frammentato\/","og_locale":"it_IT","og_type":"article","og_title":"Leone XIV: \"Le religioni siano lievito di unit\u00e0 in un mondo frammentato\" &#8211; Exaudi","og_description":"Nel 60\u00b0 anniversario del documento conciliare Nostra Aetate, che cade a ottobre, il Papa dedica la sua intenzione di preghiera alla collaborazione tra le diverse tradizioni religiose","og_url":"https:\/\/exaudi.org\/it\/leone-xiv-le-religioni-siano-lievito-di-unita-in-un-mondo-frammentato\/","og_site_name":"Exaudi","article_publisher":"https:\/\/www.facebook.com\/ExaudiNews","article_author":"https:\/\/www.facebook.com\/ExaudiNotizie\/","article_published_time":"2025-09-30T15:46:50+00:00","og_image":[{"width":500,"height":281,"url":"https:\/\/exaudi.org\/wp-content\/uploads\/2025\/09\/1-1.jpeg","type":"image\/jpeg"}],"author":"Exaudi Redazione","twitter_card":"summary_large_image","twitter_creator":"@Exaudi_Notizie","twitter_site":"@Exaudi_News","twitter_misc":{"Scritto da":"Exaudi Redazione","Tempo di lettura stimato":"5 minuti"},"schema":{"@context":"https:\/\/schema.org","@graph":[{"@type":"Article","@id":"https:\/\/exaudi.org\/it\/leone-xiv-le-religioni-siano-lievito-di-unita-in-un-mondo-frammentato\/#article","isPartOf":{"@id":"https:\/\/exaudi.org\/it\/leone-xiv-le-religioni-siano-lievito-di-unita-in-un-mondo-frammentato\/"},"author":{"name":"Exaudi Redazione","@id":"https:\/\/exaudi.org\/#\/schema\/person\/e1ab6ed07c01774724dd96f925f3a5f0"},"headline":"Leone XIV: &#8220;Le religioni siano lievito di unit\u00e0 in un mondo frammentato&#8221;","datePublished":"2025-09-30T15:46:50+00:00","mainEntityOfPage":{"@id":"https:\/\/exaudi.org\/it\/leone-xiv-le-religioni-siano-lievito-di-unita-in-un-mondo-frammentato\/"},"wordCount":945,"image":{"@id":"https:\/\/exaudi.org\/it\/leone-xiv-le-religioni-siano-lievito-di-unita-in-un-mondo-frammentato\/#primaryimage"},"thumbnailUrl":"https:\/\/exaudi.org\/wp-content\/uploads\/2025\/09\/1-1.jpeg","keywords":["60\u00b0 anniversario di Nostra Aetate","Anno Santo 2025","artigiani di pace","Benedetto XVI visita la sinagoga di Roma","C\u00e1ritas Singapore","collaborazione tra le religioni","dialogo interreligioso","dialogo tra le religioni","Documento sulla Fratellanza Umana Abu Dhabi 2019","Ecumenismo","Featured","fratellanza umana","giustizia e fraternit\u00e0","GIUSTIZIA E PACE","Il Video del Papa ottobre 2025","incontro interreligioso Assisi 1986","intenzione di preghiera di ottobre","Leone XIV","lievito di unit\u00e0","mondo frammentato","Movimento dei Focolari","non muri","Papa Leone XIV","PONTI","Preghiera del Papa","PREGHIERA PER LA PACE","religioni","RETE MONDIALE DI PREGHIERA DEL PAPA","spiritualit\u00e0 e pace nel mondo","unit\u00e0 dei credenti"],"articleSection":["Leone XIV"],"inLanguage":"it-IT"},{"@type":"WebPage","@id":"https:\/\/exaudi.org\/it\/leone-xiv-le-religioni-siano-lievito-di-unita-in-un-mondo-frammentato\/","url":"https:\/\/exaudi.org\/it\/leone-xiv-le-religioni-siano-lievito-di-unita-in-un-mondo-frammentato\/","name":"Leone XIV: \"Le religioni siano lievito di unit\u00e0 in un mondo frammentato\" &#8211; Exaudi","isPartOf":{"@id":"https:\/\/exaudi.org\/#website"},"primaryImageOfPage":{"@id":"https:\/\/exaudi.org\/it\/leone-xiv-le-religioni-siano-lievito-di-unita-in-un-mondo-frammentato\/#primaryimage"},"image":{"@id":"https:\/\/exaudi.org\/it\/leone-xiv-le-religioni-siano-lievito-di-unita-in-un-mondo-frammentato\/#primaryimage"},"thumbnailUrl":"https:\/\/exaudi.org\/wp-content\/uploads\/2025\/09\/1-1.jpeg","datePublished":"2025-09-30T15:46:50+00:00","author":{"@id":"https:\/\/exaudi.org\/#\/schema\/person\/e1ab6ed07c01774724dd96f925f3a5f0"},"breadcrumb":{"@id":"https:\/\/exaudi.org\/it\/leone-xiv-le-religioni-siano-lievito-di-unita-in-un-mondo-frammentato\/#breadcrumb"},"inLanguage":"it-IT","potentialAction":[{"@type":"ReadAction","target":["https:\/\/exaudi.org\/it\/leone-xiv-le-religioni-siano-lievito-di-unita-in-un-mondo-frammentato\/"]}]},{"@type":"ImageObject","inLanguage":"it-IT","@id":"https:\/\/exaudi.org\/it\/leone-xiv-le-religioni-siano-lievito-di-unita-in-un-mondo-frammentato\/#primaryimage","url":"https:\/\/exaudi.org\/wp-content\/uploads\/2025\/09\/1-1.jpeg","contentUrl":"https:\/\/exaudi.org\/wp-content\/uploads\/2025\/09\/1-1.jpeg","width":500,"height":281},{"@type":"BreadcrumbList","@id":"https:\/\/exaudi.org\/it\/leone-xiv-le-religioni-siano-lievito-di-unita-in-un-mondo-frammentato\/#breadcrumb","itemListElement":[{"@type":"ListItem","position":1,"name":"Portada","item":"https:\/\/exaudi.org\/it\/"},{"@type":"ListItem","position":2,"name":"Leone XIV: \u00abLe religioni siano lievito di unit\u00e0 in un mondo frammentato\u00bb"}]},{"@type":"WebSite","@id":"https:\/\/exaudi.org\/#website","url":"https:\/\/exaudi.org\/","name":"Exaudi","description":"News","potentialAction":[{"@type":"SearchAction","target":{"@type":"EntryPoint","urlTemplate":"https:\/\/exaudi.org\/?s={search_term_string}"},"query-input":{"@type":"PropertyValueSpecification","valueRequired":true,"valueName":"search_term_string"}}],"inLanguage":"it-IT"},{"@type":"Person","@id":"https:\/\/exaudi.org\/#\/schema\/person\/e1ab6ed07c01774724dd96f925f3a5f0","name":"Exaudi Redazione","image":{"@type":"ImageObject","inLanguage":"it-IT","@id":"https:\/\/secure.gravatar.com\/avatar\/ad6774b3ada023bf5b939d64f45c94b3adf91502dd883507d469b4308a943bb3?s=96&d=mm&r=g","url":"https:\/\/secure.gravatar.com\/avatar\/ad6774b3ada023bf5b939d64f45c94b3adf91502dd883507d469b4308a943bb3?s=96&d=mm&r=g","contentUrl":"https:\/\/secure.gravatar.com\/avatar\/ad6774b3ada023bf5b939d64f45c94b3adf91502dd883507d469b4308a943bb3?s=96&d=mm&r=g","caption":"Exaudi Redazione"},"description":"Che cosa \u00e8 Exaudi News? Exaudi News \u00e8 un agenzia cattolica internazionale che informa, istruisce e trasforma quotidianamente in spagnolo, inglese e italiano. Attraverso notizie, articoli di analisi e trasmissioni in diretta degli eventi del Papa, Exaudi cerca di rafforzare l'unit\u00e0 dei cristiani e di contribuire all'evangelizzazione del mondo, sempre guidato dalla dottrina sociale della Chiesa. Lavoriamo per portare la verit\u00e0 e i valori cristiani in ogni angolo del pianeta. Aiutaci a trasformare il mondo con Exaudi! Noi di Exaudi crediamo che l'evangelizzazione e l'informazione di qualit\u00e0 possano cambiare la vita. Per continuare la nostra missione ed espandere la nostra portata, abbiamo bisogno del tuo aiuto. Stiamo anche cercando persone motivate che vogliano unirsi al nostro team. Grazie al vostro sostegno raggiungeremo pi\u00f9 persone, diffonderemo il messaggio di Cristo e rafforzeremo l'unit\u00e0 dei cristiani. Vuoi unirti alla nostra missione? Per maggiori informazioni su come contribuire, visita Exaudi.org\/it o contattaci direttamente: info@exaudi.org Exaudi: informa, forma e trasforma.","sameAs":["https:\/\/www.facebook.com\/ExaudiNotizie\/","https:\/\/www.instagram.com\/Exaudi_notizie\/","https:\/\/x.com\/Exaudi_Notizie","https:\/\/www.youtube.com\/@exaudicatholicnews"],"url":"https:\/\/exaudi.org\/it\/author\/dlvedi-org\/"}]}},"jetpack_featured_media_url":"https:\/\/exaudi.org\/wp-content\/uploads\/2025\/09\/1-1.jpeg","jetpack_shortlink":"https:\/\/wp.me\/pgKjF2-zDC","_links":{"self":[{"href":"https:\/\/exaudi.org\/it\/wp-json\/wp\/v2\/posts\/136996","targetHints":{"allow":["GET"]}}],"collection":[{"href":"https:\/\/exaudi.org\/it\/wp-json\/wp\/v2\/posts"}],"about":[{"href":"https:\/\/exaudi.org\/it\/wp-json\/wp\/v2\/types\/post"}],"author":[{"embeddable":true,"href":"https:\/\/exaudi.org\/it\/wp-json\/wp\/v2\/users\/17"}],"replies":[{"embeddable":true,"href":"https:\/\/exaudi.org\/it\/wp-json\/wp\/v2\/comments?post=136996"}],"version-history":[{"count":5,"href":"https:\/\/exaudi.org\/it\/wp-json\/wp\/v2\/posts\/136996\/revisions"}],"predecessor-version":[{"id":137019,"href":"https:\/\/exaudi.org\/it\/wp-json\/wp\/v2\/posts\/136996\/revisions\/137019"}],"wp:featuredmedia":[{"embeddable":true,"href":"https:\/\/exaudi.org\/it\/wp-json\/wp\/v2\/media\/137012"}],"wp:attachment":[{"href":"https:\/\/exaudi.org\/it\/wp-json\/wp\/v2\/media?parent=136996"}],"wp:term":[{"taxonomy":"category","embeddable":true,"href":"https:\/\/exaudi.org\/it\/wp-json\/wp\/v2\/categories?post=136996"},{"taxonomy":"post_tag","embeddable":true,"href":"https:\/\/exaudi.org\/it\/wp-json\/wp\/v2\/tags?post=136996"}],"curies":[{"name":"wp","href":"https:\/\/api.w.org\/{rel}","templated":true}]}}