{"id":135756,"date":"2025-09-21T18:27:58","date_gmt":"2025-09-21T16:27:58","guid":{"rendered":"https:\/\/exaudi.org\/?p=135756"},"modified":"2025-09-21T18:27:58","modified_gmt":"2025-09-21T16:27:58","slug":"riflessione-di-monsignor-enrique-diaz-non-si-puo-servire-dio-e-il-denaro","status":"publish","type":"post","link":"https:\/\/exaudi.org\/it\/riflessione-di-monsignor-enrique-diaz-non-si-puo-servire-dio-e-il-denaro\/","title":{"rendered":"Riflessione di Monsignor Enrique D\u00edaz: Non si pu\u00f2 servire Dio e il denaro"},"content":{"rendered":"<p><span dir=\"auto\"><span dir=\"auto\" style=\"vertical-align: inherit\"><span dir=\"auto\" style=\"vertical-align: inherit\">Monsignor Enrique D\u00edaz D\u00edaz condivide con i lettori di Exaudi la sua riflessione sul\u00a0 <\/span><\/span><\/span><a href=\"https:\/\/www.dominicos.org\/predicacion\/homilia\/21-9-2025\/lecturas\/\" target=\"_blank\" rel=\"noopener\"><span dir=\"auto\"><span dir=\"auto\" style=\"vertical-align: inherit\"><span dir=\"auto\" style=\"vertical-align: inherit\">Vangelo di questa domenica, 21 settembre 2025<\/span><\/span><\/span><\/a><span dir=\"auto\"><span dir=\"auto\" style=\"vertical-align: inherit\"><span dir=\"auto\" style=\"vertical-align: inherit\">, dal titolo:\u00a0 <\/span><\/span><\/span><em><span dir=\"auto\"><span dir=\"auto\" style=\"vertical-align: inherit\"><span dir=\"auto\" style=\"vertical-align: inherit\">\u201cNon potete servire Dio e il denaro\u201d<\/span><\/span><\/span><\/em><em><span dir=\"auto\"><span dir=\"auto\" style=\"vertical-align: inherit\"><span dir=\"auto\" style=\"vertical-align: inherit\">.<\/span><\/span><\/span><\/em><\/p>\n<p><span dir=\"auto\"><span dir=\"auto\" style=\"vertical-align: inherit\"><span dir=\"auto\" style=\"vertical-align: inherit\">***<\/span><\/span><\/span><\/p>\n<p><span dir=\"auto\" style=\"vertical-align: inherit\"><span dir=\"auto\" style=\"vertical-align: inherit\">Amos 8:4-7:\u00a0 <\/span><\/span><em><span dir=\"auto\" style=\"vertical-align: inherit\"><span dir=\"auto\" style=\"vertical-align: inherit\">\u201cContro coloro che oggi costringono i poveri a vendersi\u201d<\/span><\/span><\/em><\/p>\n<p><span dir=\"auto\" style=\"vertical-align: inherit\"><span dir=\"auto\" style=\"vertical-align: inherit\">Salmo 112:\u00a0 <\/span><\/span><em><span dir=\"auto\" style=\"vertical-align: inherit\"><span dir=\"auto\" style=\"vertical-align: inherit\">\u00abLodino il Signore tutti i suoi servi\u00bb<\/span><\/span><\/em><\/p>\n<p><span dir=\"auto\" style=\"vertical-align: inherit\"><span dir=\"auto\" style=\"vertical-align: inherit\">Luca 16:1-13:\u00a0 <\/span><\/span><em><span dir=\"auto\" style=\"vertical-align: inherit\"><span dir=\"auto\" style=\"vertical-align: inherit\">\u201cNon potete servire Dio e la ricchezza\u201d.<\/span><\/span><\/em><\/p>\n<p><span dir=\"auto\" style=\"vertical-align: inherit\"><span dir=\"auto\" style=\"vertical-align: inherit\">Solo pochi giorni fa, in un discorso alla FAO, Papa Leone XIV si \u00e8 scagliato contro la corruzione delle autorit\u00e0 che ha minato gli sforzi per combattere la fame: &#8220;Mentre i civili si indeboliscono a causa della miseria, i leader politici si ingrassano a causa della corruzione e dell&#8217;impunit\u00e0&#8221;, ha denunciato. Ha lamentato che &#8220;risorse finanziarie e tecnologie innovative vengano distolte dall&#8217;obiettivo di sradicare la povert\u00e0 e la fame nel mondo per essere utilizzate invece per la produzione e il commercio di armi&#8221;. Ha condannato fermamente l&#8217;uso<\/span><\/span><span dir=\"auto\" style=\"vertical-align: inherit\"><span dir=\"auto\" style=\"vertical-align: inherit\">\u00a0della fame come strumento di guerra <\/span><\/span><strong>\u00a0<\/strong><span dir=\"auto\" style=\"vertical-align: inherit\"><span dir=\"auto\" style=\"vertical-align: inherit\">e ha criticato lo storno di risorse destinate a combattere la povert\u00e0 e la fame. Nel suo discorso, il pontefice ha avvertito che la corruzione, i conflitti armati e l&#8217;egoismo politico stanno aggravando una delle tragedie pi\u00f9 persistenti dell&#8217;umanit\u00e0: l&#8217;insicurezza alimentare. L&#8217;avidit\u00e0 di denaro trasforma l&#8217;uomo nel nemico dell&#8217;umanit\u00e0. Perch\u00e9 il denaro e l&#8217;avidit\u00e0 di ricchezza pervertono il cuore umano?<\/span><\/span><\/p>\n<p><span dir=\"auto\" style=\"vertical-align: inherit\"><span dir=\"auto\" style=\"vertical-align: inherit\">Per completare il quadro, abbiamo ora questo Vangelo, che potrebbe confonderci. Come pu\u00f2 Ges\u00f9 lodare un amministratore che ha imbrogliato e rubato? Posso solo immaginare come debbano giustificarsi tutti coloro che sono accusati di aver usato male i fondi pubblici. La corruzione ha raggiunto tutti i partiti politici e tutte le societ\u00e0. Nessuno le sfugge. \u00c8 stato dimostrato che uno dei peggiori nemici del progresso del nostro popolo \u00e8 la corruzione, l&#8217;uso improprio delle risorse pubbliche, persino di beni destinati ai pi\u00f9 poveri e svantaggiati.\u00a0 <\/span><\/span><em><span dir=\"auto\" style=\"vertical-align: inherit\"><span dir=\"auto\" style=\"vertical-align: inherit\">&#8220;Il livello di corruzione nelle economie, che coinvolge sia il settore pubblico che quello privato, \u00e8 allarmante, aggravato da una notevole mancanza di trasparenza e di responsabilit\u00e0 nei confronti dei cittadini. In molte occasioni, la corruzione \u00e8 legata alla piaga del narcotraffico e, inoltre, sta distruggendo il tessuto sociale ed economico di intere regioni<\/span><\/span><\/em><span dir=\"auto\" style=\"vertical-align: inherit\"><span dir=\"auto\" style=\"vertical-align: inherit\"> &#8220;, hanno riconosciuto con dolore i Vescovi alcuni anni fa ad Aparecida.<\/span><\/span><\/p>\n<p><span dir=\"auto\" style=\"vertical-align: inherit\"><span dir=\"auto\" style=\"vertical-align: inherit\">E hanno aggiunto:\u00a0 <\/span><\/span><em><span dir=\"auto\" style=\"vertical-align: inherit\"><span dir=\"auto\" style=\"vertical-align: inherit\">&#8220;Vale la pena notare, come un importante fattore negativo in gran parte della regione, l&#8217;aumento della corruzione a tutti i livelli, che genera impunit\u00e0, compromette seriamente la credibilit\u00e0 delle istituzioni pubbliche e aumenta la sfiducia dei cittadini, un fenomeno che si accompagna a un profondo disprezzo per lo stato di diritto. Tra ampi strati della popolazione, e in particolare tra i giovani, cresce la disillusione nei confronti della politica e, in particolare, della democrazia, poich\u00e9 le promesse di una vita migliore e pi\u00f9 giusta non sono state mantenute&#8221;.<\/span><\/span><\/em><\/p>\n<p><span dir=\"auto\" style=\"vertical-align: inherit\"><span dir=\"auto\" style=\"vertical-align: inherit\">Dobbiamo quindi riconoscere che questa valutazione \u00e8 vera anche nel nostro Paese. La corruzione pervade ogni cosa, distrugge ogni cosa e genera un atteggiamento di sconforto, impotenza e passivit\u00e0 di fronte a tanta impunit\u00e0.<\/span><\/span><\/p>\n<p><span dir=\"auto\" style=\"vertical-align: inherit\"><span dir=\"auto\" style=\"vertical-align: inherit\">\u00c8 questo che Ges\u00f9 propone come esempio? Al contrario, se leggiamo attentamente, non solo le parole di questo paragrafo ma l&#8217;intero contesto, troviamo una dura critica al denaro, che viene definito &#8220;ingiusto&#8221;. La proposta di Ges\u00f9 \u00e8 di <\/span><\/span><em><span dir=\"auto\" style=\"vertical-align: inherit\"><span dir=\"auto\" style=\"vertical-align: inherit\">&#8220;farsi degli amici con<\/span><\/span><\/em><span dir=\"auto\" style=\"vertical-align: inherit\"><span dir=\"auto\" style=\"vertical-align: inherit\"> \u00a0il denaro,<\/span><\/span><em><span dir=\"auto\" style=\"vertical-align: inherit\"><span dir=\"auto\" style=\"vertical-align: inherit\">\u00a0cos\u00ec pieno di ingiustizia, che, quando morirai, ti accoglier\u00e0 in cielo&#8221;.<\/span><\/span><\/em><span dir=\"auto\" style=\"vertical-align: inherit\"><span dir=\"auto\" style=\"vertical-align: inherit\"> Certamente, non loda l&#8217;amministratore per i suoi trucchi, ma per la sua ingegnosit\u00e0 e astuzia nel farsi degli amici. Anche noi dovremmo ora seriamente mettere in discussione il nostro impegno nel creare e promuovere la costruzione del Regno di Dio, in contrasto con l&#8217;ingegno e l&#8217;astuzia di coloro che dedicano la loro vita a costruire il regno del denaro. Cristo fa un netto contrasto tra questi due regni. Spesso siamo tentati di unirli e persino di confonderli. Dobbiamo avere una netta distinzione, non solo teoricamente, ma soprattutto nella pratica. Non possiamo servire sia Dio che il denaro.<\/span><\/span><\/p>\n<p><span dir=\"auto\" style=\"vertical-align: inherit\"><span dir=\"auto\" style=\"vertical-align: inherit\">Oggi Ges\u00f9 sottolinea il pericolo di divinizzare la ricchezza illecita, ma ci mostra anche che pu\u00f2 essere riscattata, a patto che venga usata in modo creativo per fare del bene ai poveri, come nel caso dell&#8217;amministratore che aveva sperperato i beni del suo padrone. Viene lodata la sua astuzia, non la sua corruzione egoistica.<\/span><\/span><\/p>\n<p><span dir=\"auto\" style=\"vertical-align: inherit\"><span dir=\"auto\" style=\"vertical-align: inherit\">Il profeta Amos, nella prima lettura, \u00e8 molto chiaro nel presentarci il messaggio del Signore:\u00a0 <\/span><\/span><em><span dir=\"auto\" style=\"vertical-align: inherit\"><span dir=\"auto\" style=\"vertical-align: inherit\">&#8220;Ascoltate questo, voi che cercate i poveri solo per rovinarli&#8230; voi che abbassate le norme e alzate i prezzi, alterate le bilance, costringete i poveri a vendersi; li comprate per un paio di sandali e vendete persino la crusca per il grano&#8230; Non dimenticher\u00f2 mai nessuna di queste azioni&#8221;.<\/span><\/span><\/em><span dir=\"auto\" style=\"vertical-align: inherit\"><span dir=\"auto\" style=\"vertical-align: inherit\"> E queste parole trasmettono il vero significato della parabola di Ges\u00f9. Il denaro pu\u00f2 essere ben utilizzato solo a beneficio di coloro che sono meno vulnerabili e pi\u00f9 vulnerabili. Il denaro non pu\u00f2 mai valere pi\u00f9 della persona.<\/span><\/span><\/p>\n<p><span dir=\"auto\" style=\"vertical-align: inherit\"><span dir=\"auto\" style=\"vertical-align: inherit\">Potremmo non avere grandi somme di denaro, ma dobbiamo esaminare attentamente noi stessi, comprese le nostre piccole e grandi frodi, la corruzione che generiamo o tolleriamo e la nostra complicit\u00e0 con un mondo che dimentica ogni giorno i pi\u00f9 poveri. Che posto diamo a Dio? Che posto diamo al denaro?<\/span><\/span><\/p>\n<p><span dir=\"auto\" style=\"vertical-align: inherit\"><span dir=\"auto\" style=\"vertical-align: inherit\">Dio nostro, che per amore tuo e del prossimo hai voluto riassumere tutta la tua legge, concedici di scoprirti e amarti nei nostri fratelli, affinch\u00e9 possiamo raggiungere la vita eterna. Amen.<\/span><\/span><\/p>\n","protected":false},"excerpt":{"rendered":"<p>25\u00aa Domenica del Tempo Ordinario<\/p>\n","protected":false},"author":25,"featured_media":135647,"comment_status":"closed","ping_status":"closed","sticky":false,"template":"","format":"standard","meta":{"_acf_changed":false,"_crdt_document":"","inline_featured_image":false,"footnotes":""},"categories":[73,95],"tags":[10963,10964,64787,706],"class_list":["post-135756","post","type-post","status-publish","format-standard","has-post-thumbnail","hentry","category-chiesa-e-mondo","category-spiritualita","tag-enrique-diaz-2","tag-riflessione","tag-trending-it-236","tag-vangelo"],"acf":[],"yoast_head":"<!-- This site is optimized with the Yoast SEO plugin v27.5 - https:\/\/yoast.com\/product\/yoast-seo-wordpress\/ -->\n<title>Riflessione di Monsignor Enrique D\u00edaz: Non si pu\u00f2 servire Dio e il denaro &#8211; Exaudi<\/title>\n<meta name=\"robots\" content=\"index, follow, max-snippet:-1, max-image-preview:large, max-video-preview:-1\" \/>\n<link rel=\"canonical\" href=\"https:\/\/exaudi.org\/it\/riflessione-di-monsignor-enrique-diaz-non-si-puo-servire-dio-e-il-denaro\/\" \/>\n<meta property=\"og:locale\" content=\"it_IT\" \/>\n<meta property=\"og:type\" content=\"article\" \/>\n<meta property=\"og:title\" content=\"Riflessione di Monsignor Enrique D\u00edaz: Non si pu\u00f2 servire Dio e il denaro &#8211; Exaudi\" \/>\n<meta property=\"og:description\" content=\"25\u00aa Domenica del Tempo Ordinario\" \/>\n<meta property=\"og:url\" content=\"https:\/\/exaudi.org\/it\/riflessione-di-monsignor-enrique-diaz-non-si-puo-servire-dio-e-il-denaro\/\" \/>\n<meta property=\"og:site_name\" content=\"Exaudi\" \/>\n<meta property=\"article:publisher\" content=\"https:\/\/www.facebook.com\/ExaudiNews\" \/>\n<meta property=\"article:published_time\" content=\"2025-09-21T16:27:58+00:00\" \/>\n<meta property=\"og:image\" content=\"https:\/\/exaudi.org\/wp-content\/uploads\/2025\/09\/poverty-4561704_1280.jpg\" \/>\n\t<meta property=\"og:image:width\" content=\"1280\" \/>\n\t<meta property=\"og:image:height\" content=\"853\" \/>\n\t<meta property=\"og:image:type\" content=\"image\/jpeg\" \/>\n<meta name=\"author\" content=\"Enrique D\u00edaz\" \/>\n<meta name=\"twitter:card\" content=\"summary_large_image\" \/>\n<meta name=\"twitter:creator\" content=\"@Exaudi_News\" \/>\n<meta name=\"twitter:site\" content=\"@Exaudi_News\" \/>\n<meta name=\"twitter:label1\" content=\"Scritto da\" \/>\n\t<meta name=\"twitter:data1\" content=\"Enrique D\u00edaz\" \/>\n\t<meta name=\"twitter:label2\" content=\"Tempo di lettura stimato\" \/>\n\t<meta name=\"twitter:data2\" content=\"4 minuti\" \/>\n<script type=\"application\/ld+json\" class=\"yoast-schema-graph\">{\"@context\":\"https:\\\/\\\/schema.org\",\"@graph\":[{\"@type\":\"Article\",\"@id\":\"https:\\\/\\\/exaudi.org\\\/it\\\/riflessione-di-monsignor-enrique-diaz-non-si-puo-servire-dio-e-il-denaro\\\/#article\",\"isPartOf\":{\"@id\":\"https:\\\/\\\/exaudi.org\\\/it\\\/riflessione-di-monsignor-enrique-diaz-non-si-puo-servire-dio-e-il-denaro\\\/\"},\"author\":{\"name\":\"Enrique D\u00edaz\",\"@id\":\"https:\\\/\\\/exaudi.org\\\/#\\\/schema\\\/person\\\/c02ffbd10830fa375f6882f7dcf1844d\"},\"headline\":\"Riflessione di Monsignor Enrique D\u00edaz: Non si pu\u00f2 servire Dio e il denaro\",\"datePublished\":\"2025-09-21T16:27:58+00:00\",\"mainEntityOfPage\":{\"@id\":\"https:\\\/\\\/exaudi.org\\\/it\\\/riflessione-di-monsignor-enrique-diaz-non-si-puo-servire-dio-e-il-denaro\\\/\"},\"wordCount\":897,\"image\":{\"@id\":\"https:\\\/\\\/exaudi.org\\\/it\\\/riflessione-di-monsignor-enrique-diaz-non-si-puo-servire-dio-e-il-denaro\\\/#primaryimage\"},\"thumbnailUrl\":\"https:\\\/\\\/exaudi.org\\\/wp-content\\\/uploads\\\/2025\\\/09\\\/poverty-4561704_1280.jpg\",\"keywords\":[\"ENRIQUE D\u00cdAZ\",\"RIFLESSIONE\",\"Trending\",\"Vangelo\"],\"articleSection\":[\"Chiesa e Mondo\",\"Spiritualit\u00e0\"],\"inLanguage\":\"it-IT\"},{\"@type\":\"WebPage\",\"@id\":\"https:\\\/\\\/exaudi.org\\\/it\\\/riflessione-di-monsignor-enrique-diaz-non-si-puo-servire-dio-e-il-denaro\\\/\",\"url\":\"https:\\\/\\\/exaudi.org\\\/it\\\/riflessione-di-monsignor-enrique-diaz-non-si-puo-servire-dio-e-il-denaro\\\/\",\"name\":\"Riflessione di Monsignor Enrique D\u00edaz: Non si pu\u00f2 servire Dio e il denaro &#8211; Exaudi\",\"isPartOf\":{\"@id\":\"https:\\\/\\\/exaudi.org\\\/#website\"},\"primaryImageOfPage\":{\"@id\":\"https:\\\/\\\/exaudi.org\\\/it\\\/riflessione-di-monsignor-enrique-diaz-non-si-puo-servire-dio-e-il-denaro\\\/#primaryimage\"},\"image\":{\"@id\":\"https:\\\/\\\/exaudi.org\\\/it\\\/riflessione-di-monsignor-enrique-diaz-non-si-puo-servire-dio-e-il-denaro\\\/#primaryimage\"},\"thumbnailUrl\":\"https:\\\/\\\/exaudi.org\\\/wp-content\\\/uploads\\\/2025\\\/09\\\/poverty-4561704_1280.jpg\",\"datePublished\":\"2025-09-21T16:27:58+00:00\",\"author\":{\"@id\":\"https:\\\/\\\/exaudi.org\\\/#\\\/schema\\\/person\\\/c02ffbd10830fa375f6882f7dcf1844d\"},\"breadcrumb\":{\"@id\":\"https:\\\/\\\/exaudi.org\\\/it\\\/riflessione-di-monsignor-enrique-diaz-non-si-puo-servire-dio-e-il-denaro\\\/#breadcrumb\"},\"inLanguage\":\"it-IT\",\"potentialAction\":[{\"@type\":\"ReadAction\",\"target\":[\"https:\\\/\\\/exaudi.org\\\/it\\\/riflessione-di-monsignor-enrique-diaz-non-si-puo-servire-dio-e-il-denaro\\\/\"]}]},{\"@type\":\"ImageObject\",\"inLanguage\":\"it-IT\",\"@id\":\"https:\\\/\\\/exaudi.org\\\/it\\\/riflessione-di-monsignor-enrique-diaz-non-si-puo-servire-dio-e-il-denaro\\\/#primaryimage\",\"url\":\"https:\\\/\\\/exaudi.org\\\/wp-content\\\/uploads\\\/2025\\\/09\\\/poverty-4561704_1280.jpg\",\"contentUrl\":\"https:\\\/\\\/exaudi.org\\\/wp-content\\\/uploads\\\/2025\\\/09\\\/poverty-4561704_1280.jpg\",\"width\":1280,\"height\":853},{\"@type\":\"BreadcrumbList\",\"@id\":\"https:\\\/\\\/exaudi.org\\\/it\\\/riflessione-di-monsignor-enrique-diaz-non-si-puo-servire-dio-e-il-denaro\\\/#breadcrumb\",\"itemListElement\":[{\"@type\":\"ListItem\",\"position\":1,\"name\":\"Portada\",\"item\":\"https:\\\/\\\/exaudi.org\\\/it\\\/\"},{\"@type\":\"ListItem\",\"position\":2,\"name\":\"Riflessione di Monsignor Enrique D\u00edaz: Non si pu\u00f2 servire Dio e il denaro\"}]},{\"@type\":\"WebSite\",\"@id\":\"https:\\\/\\\/exaudi.org\\\/#website\",\"url\":\"https:\\\/\\\/exaudi.org\\\/\",\"name\":\"Exaudi\",\"description\":\"News\",\"potentialAction\":[{\"@type\":\"SearchAction\",\"target\":{\"@type\":\"EntryPoint\",\"urlTemplate\":\"https:\\\/\\\/exaudi.org\\\/?s={search_term_string}\"},\"query-input\":{\"@type\":\"PropertyValueSpecification\",\"valueRequired\":true,\"valueName\":\"search_term_string\"}}],\"inLanguage\":\"it-IT\"},{\"@type\":\"Person\",\"@id\":\"https:\\\/\\\/exaudi.org\\\/#\\\/schema\\\/person\\\/c02ffbd10830fa375f6882f7dcf1844d\",\"name\":\"Enrique D\u00edaz\",\"image\":{\"@type\":\"ImageObject\",\"inLanguage\":\"it-IT\",\"@id\":\"https:\\\/\\\/secure.gravatar.com\\\/avatar\\\/7ca10be5325a95d04b74082d68ba605aa69611eb0f68f47096cb1bc349873284?s=96&d=mm&r=g\",\"url\":\"https:\\\/\\\/secure.gravatar.com\\\/avatar\\\/7ca10be5325a95d04b74082d68ba605aa69611eb0f68f47096cb1bc349873284?s=96&d=mm&r=g\",\"contentUrl\":\"https:\\\/\\\/secure.gravatar.com\\\/avatar\\\/7ca10be5325a95d04b74082d68ba605aa69611eb0f68f47096cb1bc349873284?s=96&d=mm&r=g\",\"caption\":\"Enrique D\u00edaz\"},\"description\":\"Naci\u00f3 en Huandacareo, Michoac\u00e1n, M\u00e9xico, en 1952. Realiz\u00f3 sus estudios de Filosof\u00eda y Teolog\u00eda en el Seminario de Morelia. Ordenado di\u00e1cono el 22 de mayo de 1977, y presb\u00edtero el 23 de octubre del mismo a\u00f1o. Obtuvo la Licenciatura en Sagrada Escritura en el Pontificio Instituto B\u00edblico en Roma. Ha desarrollado m\u00faltiples encargos pastorales como el de capell\u00e1n de la rector\u00eda de las Tres Aves Mar\u00edas; responsable de la Pastoral B\u00edblica Diocesana y director de la Escuela B\u00edblica en Morelia; maestro de Biblia en el Seminario Conciliar de Morelia, p\u00e1rroco de la Parroquia de Nuestra Se\u00f1ora de Guadalupe, Col. Guadalupe, Morelia; o vicario episcopal para la Zona de Nuestra Se\u00f1ora de la Luz, P\u00e1tzcuaro. Ordenado obispo auxiliar de san Crist\u00f3bal de las Casas en 2003. En la Conferencia Episcopal form\u00f3 parte de las Comisiones de Biblia, Diaconado y Ministerios Laicales. Fue responsable de las Dimensiones de Ministerios Laicales, de Educaci\u00f3n y Cultura. Ha participado en encuentros latinoamericanos y mundiales sobre el Diaconado Permanente. Actualmente es el responsable de la Dimensi\u00f3n de Pastoral de la Cultura. Particip\u00f3 como Miembro del S\u00ednodo de Obispos sobre la Palabra de Dios en la Vida y Misi\u00f3n de la Iglesia en Roma, en 2008. Recibi\u00f3 el nombramiento de obispo coadjutor de San Crist\u00f3bal de las Casas en 2014. Nombrado II obispo de Irapuato el d\u00eda 11 de marzo, tom\u00f3 posesi\u00f3n el 19 de Mayo. Colabora en varias revistas y publicaciones sobre todo con la reflexi\u00f3n diaria y dominical tanto en audio como escrita.\",\"url\":\"https:\\\/\\\/exaudi.org\\\/it\\\/author\\\/enriquediaz\\\/\"}]}<\/script>\n<!-- \/ Yoast SEO plugin. -->","yoast_head_json":{"title":"Riflessione di Monsignor Enrique D\u00edaz: Non si pu\u00f2 servire Dio e il denaro &#8211; Exaudi","robots":{"index":"index","follow":"follow","max-snippet":"max-snippet:-1","max-image-preview":"max-image-preview:large","max-video-preview":"max-video-preview:-1"},"canonical":"https:\/\/exaudi.org\/it\/riflessione-di-monsignor-enrique-diaz-non-si-puo-servire-dio-e-il-denaro\/","og_locale":"it_IT","og_type":"article","og_title":"Riflessione di Monsignor Enrique D\u00edaz: Non si pu\u00f2 servire Dio e il denaro &#8211; Exaudi","og_description":"25\u00aa Domenica del Tempo Ordinario","og_url":"https:\/\/exaudi.org\/it\/riflessione-di-monsignor-enrique-diaz-non-si-puo-servire-dio-e-il-denaro\/","og_site_name":"Exaudi","article_publisher":"https:\/\/www.facebook.com\/ExaudiNews","article_published_time":"2025-09-21T16:27:58+00:00","og_image":[{"width":1280,"height":853,"url":"https:\/\/exaudi.org\/wp-content\/uploads\/2025\/09\/poverty-4561704_1280.jpg","type":"image\/jpeg"}],"author":"Enrique D\u00edaz","twitter_card":"summary_large_image","twitter_creator":"@Exaudi_News","twitter_site":"@Exaudi_News","twitter_misc":{"Scritto da":"Enrique D\u00edaz","Tempo di lettura stimato":"4 minuti"},"schema":{"@context":"https:\/\/schema.org","@graph":[{"@type":"Article","@id":"https:\/\/exaudi.org\/it\/riflessione-di-monsignor-enrique-diaz-non-si-puo-servire-dio-e-il-denaro\/#article","isPartOf":{"@id":"https:\/\/exaudi.org\/it\/riflessione-di-monsignor-enrique-diaz-non-si-puo-servire-dio-e-il-denaro\/"},"author":{"name":"Enrique D\u00edaz","@id":"https:\/\/exaudi.org\/#\/schema\/person\/c02ffbd10830fa375f6882f7dcf1844d"},"headline":"Riflessione di Monsignor Enrique D\u00edaz: Non si pu\u00f2 servire Dio e il denaro","datePublished":"2025-09-21T16:27:58+00:00","mainEntityOfPage":{"@id":"https:\/\/exaudi.org\/it\/riflessione-di-monsignor-enrique-diaz-non-si-puo-servire-dio-e-il-denaro\/"},"wordCount":897,"image":{"@id":"https:\/\/exaudi.org\/it\/riflessione-di-monsignor-enrique-diaz-non-si-puo-servire-dio-e-il-denaro\/#primaryimage"},"thumbnailUrl":"https:\/\/exaudi.org\/wp-content\/uploads\/2025\/09\/poverty-4561704_1280.jpg","keywords":["ENRIQUE D\u00cdAZ","RIFLESSIONE","Trending","Vangelo"],"articleSection":["Chiesa e Mondo","Spiritualit\u00e0"],"inLanguage":"it-IT"},{"@type":"WebPage","@id":"https:\/\/exaudi.org\/it\/riflessione-di-monsignor-enrique-diaz-non-si-puo-servire-dio-e-il-denaro\/","url":"https:\/\/exaudi.org\/it\/riflessione-di-monsignor-enrique-diaz-non-si-puo-servire-dio-e-il-denaro\/","name":"Riflessione di Monsignor Enrique D\u00edaz: Non si pu\u00f2 servire Dio e il denaro &#8211; Exaudi","isPartOf":{"@id":"https:\/\/exaudi.org\/#website"},"primaryImageOfPage":{"@id":"https:\/\/exaudi.org\/it\/riflessione-di-monsignor-enrique-diaz-non-si-puo-servire-dio-e-il-denaro\/#primaryimage"},"image":{"@id":"https:\/\/exaudi.org\/it\/riflessione-di-monsignor-enrique-diaz-non-si-puo-servire-dio-e-il-denaro\/#primaryimage"},"thumbnailUrl":"https:\/\/exaudi.org\/wp-content\/uploads\/2025\/09\/poverty-4561704_1280.jpg","datePublished":"2025-09-21T16:27:58+00:00","author":{"@id":"https:\/\/exaudi.org\/#\/schema\/person\/c02ffbd10830fa375f6882f7dcf1844d"},"breadcrumb":{"@id":"https:\/\/exaudi.org\/it\/riflessione-di-monsignor-enrique-diaz-non-si-puo-servire-dio-e-il-denaro\/#breadcrumb"},"inLanguage":"it-IT","potentialAction":[{"@type":"ReadAction","target":["https:\/\/exaudi.org\/it\/riflessione-di-monsignor-enrique-diaz-non-si-puo-servire-dio-e-il-denaro\/"]}]},{"@type":"ImageObject","inLanguage":"it-IT","@id":"https:\/\/exaudi.org\/it\/riflessione-di-monsignor-enrique-diaz-non-si-puo-servire-dio-e-il-denaro\/#primaryimage","url":"https:\/\/exaudi.org\/wp-content\/uploads\/2025\/09\/poverty-4561704_1280.jpg","contentUrl":"https:\/\/exaudi.org\/wp-content\/uploads\/2025\/09\/poverty-4561704_1280.jpg","width":1280,"height":853},{"@type":"BreadcrumbList","@id":"https:\/\/exaudi.org\/it\/riflessione-di-monsignor-enrique-diaz-non-si-puo-servire-dio-e-il-denaro\/#breadcrumb","itemListElement":[{"@type":"ListItem","position":1,"name":"Portada","item":"https:\/\/exaudi.org\/it\/"},{"@type":"ListItem","position":2,"name":"Riflessione di Monsignor Enrique D\u00edaz: Non si pu\u00f2 servire Dio e il denaro"}]},{"@type":"WebSite","@id":"https:\/\/exaudi.org\/#website","url":"https:\/\/exaudi.org\/","name":"Exaudi","description":"News","potentialAction":[{"@type":"SearchAction","target":{"@type":"EntryPoint","urlTemplate":"https:\/\/exaudi.org\/?s={search_term_string}"},"query-input":{"@type":"PropertyValueSpecification","valueRequired":true,"valueName":"search_term_string"}}],"inLanguage":"it-IT"},{"@type":"Person","@id":"https:\/\/exaudi.org\/#\/schema\/person\/c02ffbd10830fa375f6882f7dcf1844d","name":"Enrique D\u00edaz","image":{"@type":"ImageObject","inLanguage":"it-IT","@id":"https:\/\/secure.gravatar.com\/avatar\/7ca10be5325a95d04b74082d68ba605aa69611eb0f68f47096cb1bc349873284?s=96&d=mm&r=g","url":"https:\/\/secure.gravatar.com\/avatar\/7ca10be5325a95d04b74082d68ba605aa69611eb0f68f47096cb1bc349873284?s=96&d=mm&r=g","contentUrl":"https:\/\/secure.gravatar.com\/avatar\/7ca10be5325a95d04b74082d68ba605aa69611eb0f68f47096cb1bc349873284?s=96&d=mm&r=g","caption":"Enrique D\u00edaz"},"description":"Naci\u00f3 en Huandacareo, Michoac\u00e1n, M\u00e9xico, en 1952. Realiz\u00f3 sus estudios de Filosof\u00eda y Teolog\u00eda en el Seminario de Morelia. Ordenado di\u00e1cono el 22 de mayo de 1977, y presb\u00edtero el 23 de octubre del mismo a\u00f1o. Obtuvo la Licenciatura en Sagrada Escritura en el Pontificio Instituto B\u00edblico en Roma. Ha desarrollado m\u00faltiples encargos pastorales como el de capell\u00e1n de la rector\u00eda de las Tres Aves Mar\u00edas; responsable de la Pastoral B\u00edblica Diocesana y director de la Escuela B\u00edblica en Morelia; maestro de Biblia en el Seminario Conciliar de Morelia, p\u00e1rroco de la Parroquia de Nuestra Se\u00f1ora de Guadalupe, Col. Guadalupe, Morelia; o vicario episcopal para la Zona de Nuestra Se\u00f1ora de la Luz, P\u00e1tzcuaro. Ordenado obispo auxiliar de san Crist\u00f3bal de las Casas en 2003. En la Conferencia Episcopal form\u00f3 parte de las Comisiones de Biblia, Diaconado y Ministerios Laicales. Fue responsable de las Dimensiones de Ministerios Laicales, de Educaci\u00f3n y Cultura. Ha participado en encuentros latinoamericanos y mundiales sobre el Diaconado Permanente. Actualmente es el responsable de la Dimensi\u00f3n de Pastoral de la Cultura. Particip\u00f3 como Miembro del S\u00ednodo de Obispos sobre la Palabra de Dios en la Vida y Misi\u00f3n de la Iglesia en Roma, en 2008. Recibi\u00f3 el nombramiento de obispo coadjutor de San Crist\u00f3bal de las Casas en 2014. Nombrado II obispo de Irapuato el d\u00eda 11 de marzo, tom\u00f3 posesi\u00f3n el 19 de Mayo. Colabora en varias revistas y publicaciones sobre todo con la reflexi\u00f3n diaria y dominical tanto en audio como escrita.","url":"https:\/\/exaudi.org\/it\/author\/enriquediaz\/"}]}},"jetpack_featured_media_url":"https:\/\/exaudi.org\/wp-content\/uploads\/2025\/09\/poverty-4561704_1280.jpg","jetpack_shortlink":"https:\/\/wp.me\/pgKjF2-zjC","_links":{"self":[{"href":"https:\/\/exaudi.org\/it\/wp-json\/wp\/v2\/posts\/135756","targetHints":{"allow":["GET"]}}],"collection":[{"href":"https:\/\/exaudi.org\/it\/wp-json\/wp\/v2\/posts"}],"about":[{"href":"https:\/\/exaudi.org\/it\/wp-json\/wp\/v2\/types\/post"}],"author":[{"embeddable":true,"href":"https:\/\/exaudi.org\/it\/wp-json\/wp\/v2\/users\/25"}],"replies":[{"embeddable":true,"href":"https:\/\/exaudi.org\/it\/wp-json\/wp\/v2\/comments?post=135756"}],"version-history":[{"count":4,"href":"https:\/\/exaudi.org\/it\/wp-json\/wp\/v2\/posts\/135756\/revisions"}],"predecessor-version":[{"id":135760,"href":"https:\/\/exaudi.org\/it\/wp-json\/wp\/v2\/posts\/135756\/revisions\/135760"}],"wp:featuredmedia":[{"embeddable":true,"href":"https:\/\/exaudi.org\/it\/wp-json\/wp\/v2\/media\/135647"}],"wp:attachment":[{"href":"https:\/\/exaudi.org\/it\/wp-json\/wp\/v2\/media?parent=135756"}],"wp:term":[{"taxonomy":"category","embeddable":true,"href":"https:\/\/exaudi.org\/it\/wp-json\/wp\/v2\/categories?post=135756"},{"taxonomy":"post_tag","embeddable":true,"href":"https:\/\/exaudi.org\/it\/wp-json\/wp\/v2\/tags?post=135756"}],"curies":[{"name":"wp","href":"https:\/\/api.w.org\/{rel}","templated":true}]}}