{"id":135626,"date":"2025-09-19T19:57:21","date_gmt":"2025-09-19T17:57:21","guid":{"rendered":"https:\/\/exaudi.org\/?p=135626"},"modified":"2025-09-19T19:57:21","modified_gmt":"2025-09-19T17:57:21","slug":"la-croce-e-il-male","status":"publish","type":"post","link":"https:\/\/exaudi.org\/it\/la-croce-e-il-male\/","title":{"rendered":"La Croce e il Male"},"content":{"rendered":"<p><span dir=\"auto\" style=\"vertical-align: inherit\"><span dir=\"auto\" style=\"vertical-align: inherit\">La questione del male nel mondo attraversa tutta la storia umana. Perch\u00e9? Tutti noi, prima o poi, incontriamo qualche manifestazione del male, ma non il male assoluto. E grazie a Dio, perch\u00e9 non potremmo sopportarlo.<\/span><\/span><\/p>\n<p><span dir=\"auto\" style=\"vertical-align: inherit\"><span dir=\"auto\" style=\"vertical-align: inherit\">La Chiesa celebra la festa della Croce di Ges\u00f9 Cristo con la grande speranza che viene da Dio e ispira la nostra vita in mezzo alle difficolt\u00e0 e alle sofferenze, dimostrando che l&#8217;umanit\u00e0 esiste per amore e che il male non ha l&#8217;ultima parola.<\/span><\/span><\/p>\n<h3><strong><span dir=\"auto\" style=\"vertical-align: inherit\"><span dir=\"auto\" style=\"vertical-align: inherit\">Una domanda universale<\/span><\/span><\/strong><\/h3>\n<p><em><span dir=\"auto\" style=\"vertical-align: inherit\"><span dir=\"auto\" style=\"vertical-align: inherit\">Sotto il male?,<\/span><\/span><\/em><span dir=\"auto\" style=\"vertical-align: inherit\"><span dir=\"auto\" style=\"vertical-align: inherit\"> \u00a0si chiedeva Agostino d&#8217;Ippona, e aggiungeva che, se mi si chiede del bene, posso rispondere a qualcosa, ma non riesco a trovare una risposta a quella domanda sul male? Anche i filosofi continuano a porsi la stessa domanda senza una risposta adeguata, perch\u00e9 il male ha bisogno del bene per agire, ha bisogno della verit\u00e0 per sostenere le sue menzogne, ha bisogno della bellezza per imporre la sua bruttezza, ha bisogno dell&#8217;amore per alimentare l&#8217;odio, ha bisogno dell&#8217;uomo per distruggere la sua dignit\u00e0, ha bisogno di Dio per affermare la sua negazione.<\/span><\/span><\/p>\n<p><span dir=\"auto\" style=\"vertical-align: inherit\"><span dir=\"auto\" style=\"vertical-align: inherit\">Gli artisti hanno espresso in modo drammatico alcune manifestazioni del male. Goya nelle esecuzioni senza volto e nei disastri della guerra; Picasso nella tragica Guernica; Munch nel grido inconsolabile, e molti altri. Musica, letteratura e filosofia affrontano il male con ansia e non trovano risposte definitive. Hannah Arendt ha parlato della banalit\u00e0 del male, rivelandone la maschera formata sul vuoto; dell&#8217;incomprensibilit\u00e0 di Auschwitz; del genocidio di Pol Pot e di tanti altri guidati da tiranni come Hitler e Stalin, e pi\u00f9 vicini a casa, come Mao; delle deportazioni e delle carestie provocate; della schiavit\u00f9. Ecc. Nella sua intelligenza e nella sua spiccata sensibilit\u00e0, Zweig non riusc\u00ec a sopportare il declino dell&#8217;Europa dovuto alle due guerre e pose fine alla sua vita.<\/span><\/span><\/p>\n<h3><strong><span dir=\"auto\" style=\"vertical-align: inherit\"><span dir=\"auto\" style=\"vertical-align: inherit\">Giobbe non capisce<\/span><\/span><\/strong><\/h3>\n<p><span dir=\"auto\" style=\"vertical-align: inherit\"><span dir=\"auto\" style=\"vertical-align: inherit\">Il Libro di Giobbe esprime il dramma di un uomo che soffre di smarrimento, pieno di domande che i suoi amici non fanno che aggravare con le loro goffe risposte. Nega la sua esistenza e desidera la morte. Eppure, riesce a intravedere un barlume di speranza perch\u00e9 conosce Dio e sa che non pu\u00f2 essere malvagio, che tutta questa sofferenza ha un senso. Alle sue domande sul male, Dio gli risponde con altre domande: Dov&#8217;eri tu quando io gettavo le fondamenta della terra? Chi ne ha determinato le dimensioni o vi ha applicato il metro? Chi ha chiuso il mare con una porta? Hai forse comandato al mattino durante la sua vita o assegnato all&#8217;aurora il suo posto? Sei forse giunto alle sorgenti del mare? Ti hanno forse mostrato le porte della morte? Puoi tu legare le corde delle Pleiadi o sciogliere le redini di Orione? Dai la caccia alla preda della leonessa o sazi la fame dei suoi cuccioli? Alla fine, Giobbe risponde: Ti conoscevo solo per sentito dire, ma ora i miei occhi ti hanno visto; perci\u00f2 mi ritraggo e mi pento, gettato nel palo e nella cenere.<\/span><\/span><\/p>\n<p><span dir=\"auto\" style=\"vertical-align: inherit\"><span dir=\"auto\" style=\"vertical-align: inherit\">E naturalmente, il libro didattico basato su eventi reali ha un finale felice: Giobbe visse altri 140 anni e conobbe i suoi figli, i suoi nipoti e i suoi pronipoti. Mor\u00ec anziano dopo una lunga vita. Il finale \u00e8 lieto.<\/span><\/span><\/p>\n<h3><strong><span dir=\"auto\" style=\"vertical-align: inherit\"><span dir=\"auto\" style=\"vertical-align: inherit\">Il mistero della libert\u00e0 umana<\/span><\/span><\/strong><\/h3>\n<p><span dir=\"auto\" style=\"vertical-align: inherit\"><span dir=\"auto\" style=\"vertical-align: inherit\">Di fronte alla libert\u00e0 umana, alcuni, come gli esistenzialisti, sono angosciati dalla consapevolezza che essa \u00e8 reale e ci rende responsabili delle nostre azioni e della nostra vita, che non \u00e8 in alcun modo determinata. Un altro aspetto sono le condizioni che limitano, ma non annullano, bens\u00ec plasmano quella libert\u00e0 come realt\u00e0 di qualcuno che non \u00e8 Dio. Questa \u00e8 una questione importante perch\u00e9 l&#8217;intelligenza pu\u00f2 sognare una libert\u00e0 infinita e senza limiti, ma si scontra con i limiti della vita.<\/span><\/span><\/p>\n<p><span dir=\"auto\" style=\"vertical-align: inherit\"><span dir=\"auto\" style=\"vertical-align: inherit\">Molti altri sperimentano i limiti della libert\u00e0 umana e pensano che non siano tali, ma solo un&#8217;apparenza, perch\u00e9 saremmo vittime del fato, del caso, del fato o di divinit\u00e0 malvagie. Vedono la vita umana come una tragedia, o quantomeno un dramma con poco margine di manovra.<\/span><\/span><\/p>\n<p><span dir=\"auto\" style=\"vertical-align: inherit\"><span dir=\"auto\" style=\"vertical-align: inherit\">Nonostante le teorie, ogni uomo e ogni donna percepisce di vivere la propria vita come preferisce, con limiti ma con vera libert\u00e0. La storia \u00e8 piena di attori liberi, eroi, leader e persone comuni che si assumono la responsabilit\u00e0 dei propri successi ed errori, delle proprie buone azioni e dei propri peccati, delle proprie virt\u00f9 e dei propri vizi, con la capacit\u00e0 di aggiungere o correggere, per raggiungere la maturit\u00e0 e contribuire al bene comune.<\/span><\/span><\/p>\n<p><span dir=\"auto\" style=\"vertical-align: inherit\"><span dir=\"auto\" style=\"vertical-align: inherit\">La Bibbia \u00e8 piena di appelli alla libert\u00e0 per ogni persona, perch\u00e9 affronta concretamente il bene e il male, nelle azioni ordinarie e straordinarie. Sarebbe inutile appellarsi a una libert\u00e0 inesistente e quindi a una sanzione adeguata in questa vita o nell&#8217;altra . <\/span><\/span><a href=\"https:\/\/exaudi.org\/es\/la-cruz-y-el-mal\/#_edn1\" name=\"_ednref1\"><span dir=\"auto\" style=\"vertical-align: inherit\"><span dir=\"auto\" style=\"vertical-align: inherit\">[i]<\/span><\/span><\/a><span dir=\"auto\" style=\"vertical-align: inherit\"><span dir=\"auto\" style=\"vertical-align: inherit\"> Gli dei creati dagli uomini e le loro tragedie non contano sulla libert\u00e0, ma piuttosto determinano il corso della povera umanit\u00e0. Ma questo non \u00e8 il caso nella tradizione giudaico-cristiana, perch\u00e9 il vero Dio \u00e8 buono; non ha creato il male; ha creato l&#8217;uomo libero e lo aiuta a raggiungere il suo pieno potenziale, pur rispettando la sua sorprendente capacit\u00e0 di male. La storia \u00e8 piena di queste decisioni fatali, di odio, come \u00e8 anche piena di santi eroici nell&#8217;amore.<\/span><\/span><\/p>\n<p><span dir=\"auto\" style=\"vertical-align: inherit\"><span dir=\"auto\" style=\"vertical-align: inherit\">Il cristianesimo sa chi \u00e8 l&#8217;uomo, qual \u00e8 la sua origine e il suo scopo, la sua vera vita e la trascendenza delle sue azioni. Il Catechismo insegna chi \u00e8 l&#8217;uomo, chiamato all&#8217;amore pieno, e mostra l&#8217;esperienza della condizione umana perch\u00e9 proviene da Dio, \u00e8 una creatura amata capace di amore, chiamata alla felicit\u00e0 eterna guadagnata con le libere opere in questo mondo, via verso la vita eterna: coerente con la dignit\u00e0 umana che nessun&#8217;altra creatura sulla terra pu\u00f2 avere <\/span><\/span><a href=\"https:\/\/exaudi.org\/es\/la-cruz-y-el-mal\/#_edn2\" name=\"_ednref2\"><span dir=\"auto\" style=\"vertical-align: inherit\"><span dir=\"auto\" style=\"vertical-align: inherit\">[ii]<\/span><\/span><\/a><span dir=\"auto\" style=\"vertical-align: inherit\"><span dir=\"auto\" style=\"vertical-align: inherit\"> .<\/span><\/span><\/p>\n<h3><strong><span dir=\"auto\" style=\"vertical-align: inherit\"><span dir=\"auto\" style=\"vertical-align: inherit\">Il male non \u00e8 un&#8217;idea<\/span><\/span><\/strong><\/h3>\n<p><span dir=\"auto\" style=\"vertical-align: inherit\"><span dir=\"auto\" style=\"vertical-align: inherit\">Fin dall&#8217;inizio della storia, gli esseri umani hanno risposto all&#8217;amore o lo hanno consapevolmente rifiutato. Dio \u00e8 il Creatore che ama la libert\u00e0 e chiama ogni essere umano alla missione di completare la creazione, impegnandosi a dare amore e a ricevere amore.<\/span><\/span><\/p>\n<p><span dir=\"auto\" style=\"vertical-align: inherit\"><span dir=\"auto\" style=\"vertical-align: inherit\">Quando parliamo di male, sappiamo che non si tratta di un&#8217;astrazione, ma piuttosto di un&#8217;esperienza vitale del peccato personale e del danno che esso provoca al prossimo, all&#8217;interno della societ\u00e0, della famiglia, dell&#8217;amicizia. Non \u00e8 necessario dimostrare scientificamente che il male esista, perch\u00e9 lo incontriamo quotidianamente, lo incontriamo nella societ\u00e0 e lo conosciamo nel corso della storia. E l&#8217;insegnamento della Sacra Scrittura sul peccato originale sembra molto vero e sensato. Solleva certamente alcuni problemi, ma la sua negazione ne solleva ancora di pi\u00f9.<\/span><\/span><\/p>\n<p><span dir=\"auto\" style=\"vertical-align: inherit\"><span dir=\"auto\" style=\"vertical-align: inherit\">La fede cristiana insegna che il male ha origine nella libert\u00e0 umana e nella superiore libert\u00e0 del diavolo, un essere creato per amore che si \u00e8 fatto odio, una creatura buona che si \u00e8 fatta malvagia in opposizione a Dio Creatore. L&#8217;esistenza di Satana pu\u00f2 sembrare semplice alla nostra intelligenza, ma non lo \u00e8 quando comprendiamo il suo grado di libert\u00e0 e intelligenza, che lo rende supremamente responsabile delle sue decisioni. \u00c8 certamente un mistero che ci invita a non essere superficiali nella nostra vita.<\/span><\/span><\/p>\n<p><span dir=\"auto\" style=\"vertical-align: inherit\"><span dir=\"auto\" style=\"vertical-align: inherit\">Di fronte al dolore causato da Satana e dagli uomini, spesso non troviamo risposte confortanti, anche se possiamo sempre alzare lo sguardo, non per lamentarci, ma per decidere di fare qualcosa di pi\u00f9. Di fronte a una vittima, a una persona ferita, a un bambino, la cosa pi\u00f9 umana da fare \u00e8 stare accanto e stringere la mano che d\u00e0 speranza. Noi cristiani sappiamo guardare a Ges\u00f9 Cristo sulla croce, dove troviamo la risposta vitale al dolore e alle domande.<\/span><\/span><\/p>\n<h3><strong><span dir=\"auto\" style=\"vertical-align: inherit\"><span dir=\"auto\" style=\"vertical-align: inherit\">Luce dall&#8217;arte<\/span><\/span><\/strong><\/h3>\n<p><span dir=\"auto\" style=\"vertical-align: inherit\"><span dir=\"auto\" style=\"vertical-align: inherit\">Tra gli altri artisti, Roger van der Weyden \u00e8 stato in grado di esprimere il dolore, l&#8217;accettazione e la redenzione operati da Ges\u00f9 Cristo nel Calvario ammirato nel monastero di El Escorial.<\/span><\/span><\/p>\n<p><span dir=\"auto\" style=\"vertical-align: inherit\"><span dir=\"auto\" style=\"vertical-align: inherit\">Uno sfondo rosso sangue, un Cristo appeso docilmente, una madre coraggiosa che accompagna e soffre senza tragedia, e un giovane Giovanni che piange anch&#8217;egli. C&#8217;\u00e8 dolore, ma c&#8217;\u00e8 significato, c&#8217;\u00e8 mistero e redenzione, c&#8217;\u00e8 dramma al Calvario, ma nessuna tragedia. C&#8217;\u00e8 certezza ed equilibrio divino in una rappresentazione che \u00e8 conforto per chi guarda. E lo stesso accade nelle innumerevoli rappresentazioni di Ges\u00f9 Cristo crocifisso per gli uomini, che perdona e si offre, che assume ogni sofferenza umana nella sua Passione. Ci sono innumerevoli crocifissi di legno, pietra, avorio, bronzo, argento e oro che insegnano pi\u00f9 di qualsiasi filosofia, qualsiasi protesta o qualsiasi disperazione.<\/span><\/span><\/p>\n<p><span dir=\"auto\" style=\"vertical-align: inherit\"><span dir=\"auto\" style=\"vertical-align: inherit\">Vel\u00e1zquez ha catturato anche nella sua Crocifissione del Museo del Prado la serenit\u00e0 del Cristo morto, che parla al cuore e risponde a qualsiasi domanda sulla realt\u00e0 parassitaria del male e, soprattutto, sul significato della sofferenza umana. Uomo intellettuale e non sentimentale, ha scritto la sua poesia, commosso da questo Cristo che parla a lungo. Un piccolo campione dei versi di Unamuno \u00e8 sufficiente:<\/span><\/span><\/p>\n<p><em><span dir=\"auto\" style=\"vertical-align: inherit\"><span dir=\"auto\" style=\"vertical-align: inherit\">A cosa stai pensando, Cristo morto? <\/span><\/span><br \/>\n<span dir=\"auto\" style=\"vertical-align: inherit\"><span dir=\"auto\" style=\"vertical-align: inherit\">Perch\u00e9 quel velo di notte oscura che ti cade sulla fronte <\/span><\/span><br \/>\n<span dir=\"auto\" style=\"vertical-align: inherit\"><span dir=\"auto\" style=\"vertical-align: inherit\">, dai tuoi folti capelli neri <\/span><\/span><br \/>\n<span dir=\"auto\" style=\"vertical-align: inherit\"><span dir=\"auto\" style=\"vertical-align: inherit\">nazareni? <\/span><\/span><br \/>\n<span dir=\"auto\" style=\"vertical-align: inherit\"><span dir=\"auto\" style=\"vertical-align: inherit\">Guardi dentro di te, dove <\/span><\/span><br \/>\n<span dir=\"auto\" style=\"vertical-align: inherit\"><span dir=\"auto\" style=\"vertical-align: inherit\">\u00e8 il regno di Dio; dentro di te, dove <\/span><\/span><br \/>\n<span dir=\"auto\" style=\"vertical-align: inherit\"><span dir=\"auto\" style=\"vertical-align: inherit\">sorge il sole eterno delle anime viventi.<\/span><\/span><\/em><\/p>\n<p><em><span dir=\"auto\" style=\"vertical-align: inherit\"><span dir=\"auto\" style=\"vertical-align: inherit\">(\u2026) preghiera finale<\/span><\/span><\/em><\/p>\n<p><em><span dir=\"auto\" style=\"vertical-align: inherit\"><span dir=\"auto\" style=\"vertical-align: inherit\">Tu che taci, o Cristo, per ascoltarci, <\/span><\/span><br \/>\n<span dir=\"auto\" style=\"vertical-align: inherit\"><span dir=\"auto\" style=\"vertical-align: inherit\">ascolta i singhiozzi dei nostri petti; <\/span><\/span><br \/>\n<span dir=\"auto\" style=\"vertical-align: inherit\"><span dir=\"auto\" style=\"vertical-align: inherit\">accogli i nostri lamenti, i gemiti <\/span><\/span><br \/>\n<span dir=\"auto\" style=\"vertical-align: inherit\"><span dir=\"auto\" style=\"vertical-align: inherit\">di questa valle di lacrime. Noi gridiamo <\/span><\/span><br \/>\n<span dir=\"auto\" style=\"vertical-align: inherit\"><span dir=\"auto\" style=\"vertical-align: inherit\">a Te, Cristo, Ges\u00f9, dal profondo <\/span><\/span><br \/>\n<span dir=\"auto\" style=\"vertical-align: inherit\"><span dir=\"auto\" style=\"vertical-align: inherit\">del nostro abisso di umana miseria, <\/span><\/span><br \/>\n<span dir=\"auto\" style=\"vertical-align: inherit\"><span dir=\"auto\" style=\"vertical-align: inherit\">e Tu, bianca cima dell&#8217;umanit\u00e0, <\/span><\/span><br \/>\n<span dir=\"auto\" style=\"vertical-align: inherit\"><span dir=\"auto\" style=\"vertical-align: inherit\">donaci le acque delle tue nevi.<\/span><\/span><\/em><\/p>\n<p><span dir=\"auto\" style=\"vertical-align: inherit\"><span dir=\"auto\" style=\"vertical-align: inherit\">Come sulla croce era gi\u00e0 presente il seme della risurrezione e della vita nuova, cos\u00ec anche nei momenti forse pi\u00f9 bui del nostro cammino possiamo chiedere al Signore la sua luce che dissipi le tenebre e anticipi, come l&#8217;aurora, lo splendore del giorno limpido.<\/span><\/span><\/p>\n<p><span dir=\"auto\" style=\"vertical-align: inherit\"><span dir=\"auto\" style=\"vertical-align: inherit\">***<\/span><\/span><\/p>\n<p><a href=\"https:\/\/exaudi.org\/es\/la-cruz-y-el-mal\/#_ednref1\" name=\"_edn1\"><span dir=\"auto\" style=\"vertical-align: inherit\"><span dir=\"auto\" style=\"vertical-align: inherit\">[i]<\/span><\/span><\/a><span dir=\"auto\" style=\"vertical-align: inherit\"><span dir=\"auto\" style=\"vertical-align: inherit\"> \u00a0Cfr. Gen 1,27; Gen 3,1-13; Dt 30,11; Salmo 32; Gv 8,34; Rm 6,16; Rm 8,20; Gal 5,1<\/span><\/span><\/p>\n<p><a href=\"https:\/\/exaudi.org\/es\/la-cruz-y-el-mal\/#_ednref2\" name=\"_edn2\"><span dir=\"auto\" style=\"vertical-align: inherit\"><span dir=\"auto\" style=\"vertical-align: inherit\">[ii]<\/span><\/span><\/a><span dir=\"auto\" style=\"vertical-align: inherit\"><span dir=\"auto\" style=\"vertical-align: inherit\"> \u00a0CIgC, nn. 1730-1749; nn.396-421.<\/span><\/span><\/p>\n","protected":false},"excerpt":{"rendered":"<p>Sofferenza umana, libert\u00e0 e speranza alla luce di Cristo Crocifisso<\/p>\n","protected":false},"author":128,"featured_media":135330,"comment_status":"closed","ping_status":"closed","sticky":false,"template":"","format":"standard","meta":{"_acf_changed":false,"_crdt_document":"","inline_featured_image":false,"footnotes":""},"categories":[129],"tags":[64405,20601,33488,73584,2005,1064,50914,6075,66457,17622,17622,33348,11354,49866,6298,29234,3120,2521,73585,44896,13793,73586,73587,18538,64903,5522,73588],"class_list":{"0":"post-135626","1":"post","2":"type-post","3":"status-publish","4":"format-standard","5":"has-post-thumbnail","6":"hentry","7":"category-voci","8":"tag-agostino-dippona","9":"tag-amore-di-dio","10":"tag-arte-religiosa","11":"tag-banalita-del-male","12":"tag-catechismo","13":"tag-croce","14":"tag-crocifissione","15":"tag-diavolo","16":"tag-dolore-umano","17":"tag-fede-cristiana","19":"tag-filosofia-cristiana-2","20":"tag-gesu-cristo","21":"tag-gesu-ortiz-lopez","22":"tag-giobbe","23":"tag-hannah-arendt-2","24":"tag-liberta","25":"tag-male","26":"tag-mistero-del-male","27":"tag-peccato-originale","28":"tag-redenzione","29":"tag-satana","30":"tag-significato-della-sofferenza","31":"tag-sofferenza-umana","32":"tag-speranza-cristiana-it","33":"tag-spiritualita","34":"tag-teologia-del-male"},"acf":[],"yoast_head":"<!-- This site is optimized with the Yoast SEO plugin v27.4 - https:\/\/yoast.com\/product\/yoast-seo-wordpress\/ -->\n<title>La Croce e il Male &#8211; Exaudi<\/title>\n<meta name=\"robots\" content=\"index, follow, max-snippet:-1, max-image-preview:large, max-video-preview:-1\" \/>\n<link rel=\"canonical\" href=\"https:\/\/exaudi.org\/it\/la-croce-e-il-male\/\" \/>\n<meta property=\"og:locale\" content=\"it_IT\" \/>\n<meta property=\"og:type\" content=\"article\" \/>\n<meta property=\"og:title\" content=\"La Croce e il Male &#8211; Exaudi\" \/>\n<meta property=\"og:description\" content=\"Sofferenza umana, libert\u00e0 e speranza alla luce di Cristo Crocifisso\" \/>\n<meta property=\"og:url\" content=\"https:\/\/exaudi.org\/it\/la-croce-e-il-male\/\" \/>\n<meta property=\"og:site_name\" content=\"Exaudi\" \/>\n<meta property=\"article:publisher\" content=\"https:\/\/www.facebook.com\/ExaudiNews\" \/>\n<meta property=\"article:published_time\" content=\"2025-09-19T17:57:21+00:00\" \/>\n<meta property=\"og:image\" content=\"https:\/\/exaudi.org\/wp-content\/uploads\/2025\/09\/pexels-brenda-chen-2155754103-33883404-scaled.jpg\" \/>\n\t<meta property=\"og:image:width\" content=\"2560\" \/>\n\t<meta property=\"og:image:height\" content=\"1657\" \/>\n\t<meta property=\"og:image:type\" content=\"image\/jpeg\" \/>\n<meta name=\"author\" content=\"Jes\u00fas Ortiz L\u00f3pez\" \/>\n<meta name=\"twitter:card\" content=\"summary_large_image\" \/>\n<meta name=\"twitter:creator\" content=\"@Exaudi_News\" \/>\n<meta name=\"twitter:site\" content=\"@Exaudi_News\" \/>\n<meta name=\"twitter:label1\" content=\"Scritto da\" \/>\n\t<meta name=\"twitter:data1\" content=\"Jes\u00fas Ortiz L\u00f3pez\" \/>\n\t<meta name=\"twitter:label2\" content=\"Tempo di lettura stimato\" \/>\n\t<meta name=\"twitter:data2\" content=\"8 minuti\" \/>\n<script type=\"application\/ld+json\" class=\"yoast-schema-graph\">{\"@context\":\"https:\\\/\\\/schema.org\",\"@graph\":[{\"@type\":\"Article\",\"@id\":\"https:\\\/\\\/exaudi.org\\\/it\\\/la-croce-e-il-male\\\/#article\",\"isPartOf\":{\"@id\":\"https:\\\/\\\/exaudi.org\\\/it\\\/la-croce-e-il-male\\\/\"},\"author\":{\"name\":\"Jes\u00fas Ortiz L\u00f3pez\",\"@id\":\"https:\\\/\\\/exaudi.org\\\/#\\\/schema\\\/person\\\/3c3d6c1d74b3326212e45cd4d50eb7bc\"},\"headline\":\"La Croce e il Male\",\"datePublished\":\"2025-09-19T17:57:21+00:00\",\"mainEntityOfPage\":{\"@id\":\"https:\\\/\\\/exaudi.org\\\/it\\\/la-croce-e-il-male\\\/\"},\"wordCount\":1607,\"image\":{\"@id\":\"https:\\\/\\\/exaudi.org\\\/it\\\/la-croce-e-il-male\\\/#primaryimage\"},\"thumbnailUrl\":\"https:\\\/\\\/exaudi.org\\\/wp-content\\\/uploads\\\/2025\\\/09\\\/pexels-brenda-chen-2155754103-33883404-scaled.jpg\",\"keywords\":[\"Agostino d'Ippona\",\"AMORE DI DIO\",\"arte religiosa\",\"banalit\u00e0 del male\",\"catechismo\",\"croce\",\"Crocifissione\",\"diavolo\",\"Dolore umano\",\"FEDE CRISTIANA\",\"FEDE CRISTIANA\",\"Filosofia cristiana\",\"GES\u00d9 CRISTO\",\"Ges\u00f9 Ortiz Lopez\",\"Giobbe\",\"Hannah Arendt\",\"libert\u00e0\",\"male\",\"mistero del male\",\"peccato originale\",\"Redenzione\",\"Satana\",\"significato della sofferenza\",\"SOFFERENZA UMANA\",\"speranza cristiana\",\"spiritualit\u00e0\",\"teologia del male\"],\"articleSection\":[\"Voci\"],\"inLanguage\":\"it-IT\"},{\"@type\":\"WebPage\",\"@id\":\"https:\\\/\\\/exaudi.org\\\/it\\\/la-croce-e-il-male\\\/\",\"url\":\"https:\\\/\\\/exaudi.org\\\/it\\\/la-croce-e-il-male\\\/\",\"name\":\"La Croce e il Male &#8211; Exaudi\",\"isPartOf\":{\"@id\":\"https:\\\/\\\/exaudi.org\\\/#website\"},\"primaryImageOfPage\":{\"@id\":\"https:\\\/\\\/exaudi.org\\\/it\\\/la-croce-e-il-male\\\/#primaryimage\"},\"image\":{\"@id\":\"https:\\\/\\\/exaudi.org\\\/it\\\/la-croce-e-il-male\\\/#primaryimage\"},\"thumbnailUrl\":\"https:\\\/\\\/exaudi.org\\\/wp-content\\\/uploads\\\/2025\\\/09\\\/pexels-brenda-chen-2155754103-33883404-scaled.jpg\",\"datePublished\":\"2025-09-19T17:57:21+00:00\",\"author\":{\"@id\":\"https:\\\/\\\/exaudi.org\\\/#\\\/schema\\\/person\\\/3c3d6c1d74b3326212e45cd4d50eb7bc\"},\"breadcrumb\":{\"@id\":\"https:\\\/\\\/exaudi.org\\\/it\\\/la-croce-e-il-male\\\/#breadcrumb\"},\"inLanguage\":\"it-IT\",\"potentialAction\":[{\"@type\":\"ReadAction\",\"target\":[\"https:\\\/\\\/exaudi.org\\\/it\\\/la-croce-e-il-male\\\/\"]}]},{\"@type\":\"ImageObject\",\"inLanguage\":\"it-IT\",\"@id\":\"https:\\\/\\\/exaudi.org\\\/it\\\/la-croce-e-il-male\\\/#primaryimage\",\"url\":\"https:\\\/\\\/exaudi.org\\\/wp-content\\\/uploads\\\/2025\\\/09\\\/pexels-brenda-chen-2155754103-33883404-scaled.jpg\",\"contentUrl\":\"https:\\\/\\\/exaudi.org\\\/wp-content\\\/uploads\\\/2025\\\/09\\\/pexels-brenda-chen-2155754103-33883404-scaled.jpg\",\"width\":2560,\"height\":1657},{\"@type\":\"BreadcrumbList\",\"@id\":\"https:\\\/\\\/exaudi.org\\\/it\\\/la-croce-e-il-male\\\/#breadcrumb\",\"itemListElement\":[{\"@type\":\"ListItem\",\"position\":1,\"name\":\"Portada\",\"item\":\"https:\\\/\\\/exaudi.org\\\/it\\\/\"},{\"@type\":\"ListItem\",\"position\":2,\"name\":\"La Croce e il Male\"}]},{\"@type\":\"WebSite\",\"@id\":\"https:\\\/\\\/exaudi.org\\\/#website\",\"url\":\"https:\\\/\\\/exaudi.org\\\/\",\"name\":\"Exaudi\",\"description\":\"News\",\"potentialAction\":[{\"@type\":\"SearchAction\",\"target\":{\"@type\":\"EntryPoint\",\"urlTemplate\":\"https:\\\/\\\/exaudi.org\\\/?s={search_term_string}\"},\"query-input\":{\"@type\":\"PropertyValueSpecification\",\"valueRequired\":true,\"valueName\":\"search_term_string\"}}],\"inLanguage\":\"it-IT\"},{\"@type\":\"Person\",\"@id\":\"https:\\\/\\\/exaudi.org\\\/#\\\/schema\\\/person\\\/3c3d6c1d74b3326212e45cd4d50eb7bc\",\"name\":\"Jes\u00fas Ortiz L\u00f3pez\",\"image\":{\"@type\":\"ImageObject\",\"inLanguage\":\"it-IT\",\"@id\":\"https:\\\/\\\/secure.gravatar.com\\\/avatar\\\/2d7ee77dedc332dcc206ca43529a8190285a10671f125c6318eb213d610dab47?s=96&d=mm&r=g\",\"url\":\"https:\\\/\\\/secure.gravatar.com\\\/avatar\\\/2d7ee77dedc332dcc206ca43529a8190285a10671f125c6318eb213d610dab47?s=96&d=mm&r=g\",\"contentUrl\":\"https:\\\/\\\/secure.gravatar.com\\\/avatar\\\/2d7ee77dedc332dcc206ca43529a8190285a10671f125c6318eb213d610dab47?s=96&d=mm&r=g\",\"caption\":\"Jes\u00fas Ortiz L\u00f3pez\"},\"description\":\"Jes\u00fas Ortiz L\u00f3pez es sacerdote que ejerce su labor pastoral en Madrid. Doctor en Pedagog\u00eda, por la Universidad de Navarra, y tambi\u00e9n Doctor en Derecho Can\u00f3nico. Durante varios a\u00f1os ha ejercido la docencia en esa misma Universidad, como Profesor del actual Instituto Superior de Ciencias Religiosas. Ha dirigido cursos de pedagog\u00eda religiosa para profesores de religi\u00f3n. Es autor de varias obras de sobre aspectos fundamentales de teolog\u00eda y catequ\u00e9tica, tales como: Creo pero no practico; Conocer a Dios; Preguntas comprometidas; Tres pilares de la vida cristiana.\",\"url\":\"https:\\\/\\\/exaudi.org\\\/it\\\/author\\\/jesus-ortiz-lopez\\\/\"}]}<\/script>\n<!-- \/ Yoast SEO plugin. -->","yoast_head_json":{"title":"La Croce e il Male &#8211; Exaudi","robots":{"index":"index","follow":"follow","max-snippet":"max-snippet:-1","max-image-preview":"max-image-preview:large","max-video-preview":"max-video-preview:-1"},"canonical":"https:\/\/exaudi.org\/it\/la-croce-e-il-male\/","og_locale":"it_IT","og_type":"article","og_title":"La Croce e il Male &#8211; Exaudi","og_description":"Sofferenza umana, libert\u00e0 e speranza alla luce di Cristo Crocifisso","og_url":"https:\/\/exaudi.org\/it\/la-croce-e-il-male\/","og_site_name":"Exaudi","article_publisher":"https:\/\/www.facebook.com\/ExaudiNews","article_published_time":"2025-09-19T17:57:21+00:00","og_image":[{"width":2560,"height":1657,"url":"https:\/\/exaudi.org\/wp-content\/uploads\/2025\/09\/pexels-brenda-chen-2155754103-33883404-scaled.jpg","type":"image\/jpeg"}],"author":"Jes\u00fas Ortiz L\u00f3pez","twitter_card":"summary_large_image","twitter_creator":"@Exaudi_News","twitter_site":"@Exaudi_News","twitter_misc":{"Scritto da":"Jes\u00fas Ortiz L\u00f3pez","Tempo di lettura stimato":"8 minuti"},"schema":{"@context":"https:\/\/schema.org","@graph":[{"@type":"Article","@id":"https:\/\/exaudi.org\/it\/la-croce-e-il-male\/#article","isPartOf":{"@id":"https:\/\/exaudi.org\/it\/la-croce-e-il-male\/"},"author":{"name":"Jes\u00fas Ortiz L\u00f3pez","@id":"https:\/\/exaudi.org\/#\/schema\/person\/3c3d6c1d74b3326212e45cd4d50eb7bc"},"headline":"La Croce e il Male","datePublished":"2025-09-19T17:57:21+00:00","mainEntityOfPage":{"@id":"https:\/\/exaudi.org\/it\/la-croce-e-il-male\/"},"wordCount":1607,"image":{"@id":"https:\/\/exaudi.org\/it\/la-croce-e-il-male\/#primaryimage"},"thumbnailUrl":"https:\/\/exaudi.org\/wp-content\/uploads\/2025\/09\/pexels-brenda-chen-2155754103-33883404-scaled.jpg","keywords":["Agostino d'Ippona","AMORE DI DIO","arte religiosa","banalit\u00e0 del male","catechismo","croce","Crocifissione","diavolo","Dolore umano","FEDE CRISTIANA","FEDE CRISTIANA","Filosofia cristiana","GES\u00d9 CRISTO","Ges\u00f9 Ortiz Lopez","Giobbe","Hannah Arendt","libert\u00e0","male","mistero del male","peccato originale","Redenzione","Satana","significato della sofferenza","SOFFERENZA UMANA","speranza cristiana","spiritualit\u00e0","teologia del male"],"articleSection":["Voci"],"inLanguage":"it-IT"},{"@type":"WebPage","@id":"https:\/\/exaudi.org\/it\/la-croce-e-il-male\/","url":"https:\/\/exaudi.org\/it\/la-croce-e-il-male\/","name":"La Croce e il Male &#8211; Exaudi","isPartOf":{"@id":"https:\/\/exaudi.org\/#website"},"primaryImageOfPage":{"@id":"https:\/\/exaudi.org\/it\/la-croce-e-il-male\/#primaryimage"},"image":{"@id":"https:\/\/exaudi.org\/it\/la-croce-e-il-male\/#primaryimage"},"thumbnailUrl":"https:\/\/exaudi.org\/wp-content\/uploads\/2025\/09\/pexels-brenda-chen-2155754103-33883404-scaled.jpg","datePublished":"2025-09-19T17:57:21+00:00","author":{"@id":"https:\/\/exaudi.org\/#\/schema\/person\/3c3d6c1d74b3326212e45cd4d50eb7bc"},"breadcrumb":{"@id":"https:\/\/exaudi.org\/it\/la-croce-e-il-male\/#breadcrumb"},"inLanguage":"it-IT","potentialAction":[{"@type":"ReadAction","target":["https:\/\/exaudi.org\/it\/la-croce-e-il-male\/"]}]},{"@type":"ImageObject","inLanguage":"it-IT","@id":"https:\/\/exaudi.org\/it\/la-croce-e-il-male\/#primaryimage","url":"https:\/\/exaudi.org\/wp-content\/uploads\/2025\/09\/pexels-brenda-chen-2155754103-33883404-scaled.jpg","contentUrl":"https:\/\/exaudi.org\/wp-content\/uploads\/2025\/09\/pexels-brenda-chen-2155754103-33883404-scaled.jpg","width":2560,"height":1657},{"@type":"BreadcrumbList","@id":"https:\/\/exaudi.org\/it\/la-croce-e-il-male\/#breadcrumb","itemListElement":[{"@type":"ListItem","position":1,"name":"Portada","item":"https:\/\/exaudi.org\/it\/"},{"@type":"ListItem","position":2,"name":"La Croce e il Male"}]},{"@type":"WebSite","@id":"https:\/\/exaudi.org\/#website","url":"https:\/\/exaudi.org\/","name":"Exaudi","description":"News","potentialAction":[{"@type":"SearchAction","target":{"@type":"EntryPoint","urlTemplate":"https:\/\/exaudi.org\/?s={search_term_string}"},"query-input":{"@type":"PropertyValueSpecification","valueRequired":true,"valueName":"search_term_string"}}],"inLanguage":"it-IT"},{"@type":"Person","@id":"https:\/\/exaudi.org\/#\/schema\/person\/3c3d6c1d74b3326212e45cd4d50eb7bc","name":"Jes\u00fas Ortiz L\u00f3pez","image":{"@type":"ImageObject","inLanguage":"it-IT","@id":"https:\/\/secure.gravatar.com\/avatar\/2d7ee77dedc332dcc206ca43529a8190285a10671f125c6318eb213d610dab47?s=96&d=mm&r=g","url":"https:\/\/secure.gravatar.com\/avatar\/2d7ee77dedc332dcc206ca43529a8190285a10671f125c6318eb213d610dab47?s=96&d=mm&r=g","contentUrl":"https:\/\/secure.gravatar.com\/avatar\/2d7ee77dedc332dcc206ca43529a8190285a10671f125c6318eb213d610dab47?s=96&d=mm&r=g","caption":"Jes\u00fas Ortiz L\u00f3pez"},"description":"Jes\u00fas Ortiz L\u00f3pez es sacerdote que ejerce su labor pastoral en Madrid. Doctor en Pedagog\u00eda, por la Universidad de Navarra, y tambi\u00e9n Doctor en Derecho Can\u00f3nico. Durante varios a\u00f1os ha ejercido la docencia en esa misma Universidad, como Profesor del actual Instituto Superior de Ciencias Religiosas. Ha dirigido cursos de pedagog\u00eda religiosa para profesores de religi\u00f3n. Es autor de varias obras de sobre aspectos fundamentales de teolog\u00eda y catequ\u00e9tica, tales como: Creo pero no practico; Conocer a Dios; Preguntas comprometidas; Tres pilares de la vida cristiana.","url":"https:\/\/exaudi.org\/it\/author\/jesus-ortiz-lopez\/"}]}},"jetpack_featured_media_url":"https:\/\/exaudi.org\/wp-content\/uploads\/2025\/09\/pexels-brenda-chen-2155754103-33883404-scaled.jpg","jetpack_shortlink":"https:\/\/wp.me\/pgKjF2-zhw","_links":{"self":[{"href":"https:\/\/exaudi.org\/it\/wp-json\/wp\/v2\/posts\/135626","targetHints":{"allow":["GET"]}}],"collection":[{"href":"https:\/\/exaudi.org\/it\/wp-json\/wp\/v2\/posts"}],"about":[{"href":"https:\/\/exaudi.org\/it\/wp-json\/wp\/v2\/types\/post"}],"author":[{"embeddable":true,"href":"https:\/\/exaudi.org\/it\/wp-json\/wp\/v2\/users\/128"}],"replies":[{"embeddable":true,"href":"https:\/\/exaudi.org\/it\/wp-json\/wp\/v2\/comments?post=135626"}],"version-history":[{"count":3,"href":"https:\/\/exaudi.org\/it\/wp-json\/wp\/v2\/posts\/135626\/revisions"}],"predecessor-version":[{"id":135629,"href":"https:\/\/exaudi.org\/it\/wp-json\/wp\/v2\/posts\/135626\/revisions\/135629"}],"wp:featuredmedia":[{"embeddable":true,"href":"https:\/\/exaudi.org\/it\/wp-json\/wp\/v2\/media\/135330"}],"wp:attachment":[{"href":"https:\/\/exaudi.org\/it\/wp-json\/wp\/v2\/media?parent=135626"}],"wp:term":[{"taxonomy":"category","embeddable":true,"href":"https:\/\/exaudi.org\/it\/wp-json\/wp\/v2\/categories?post=135626"},{"taxonomy":"post_tag","embeddable":true,"href":"https:\/\/exaudi.org\/it\/wp-json\/wp\/v2\/tags?post=135626"}],"curies":[{"name":"wp","href":"https:\/\/api.w.org\/{rel}","templated":true}]}}