{"id":135548,"date":"2025-09-18T18:20:42","date_gmt":"2025-09-18T16:20:42","guid":{"rendered":"https:\/\/exaudi.org\/?p=135548"},"modified":"2025-09-18T18:20:42","modified_gmt":"2025-09-18T16:20:42","slug":"rabbia-il-fuoco-del-cuore-ferito-che-arde-incontrollabilmente","status":"publish","type":"post","link":"https:\/\/exaudi.org\/it\/rabbia-il-fuoco-del-cuore-ferito-che-arde-incontrollabilmente\/","title":{"rendered":"Rabbia: il fuoco del cuore ferito che arde incontrollabilmente"},"content":{"rendered":"<p data-start=\"278\" data-end=\"557\"><span dir=\"auto\" style=\"vertical-align: inherit\"><span dir=\"auto\" style=\"vertical-align: inherit\">La rabbia (ira, ira) \u00e8 una passione umana che, se incontrollata, diventa un vizio e causa danni personali e sociali. Nasce quando l&#8217;autostima viene ferita o quando non riusciamo ad accettare la realt\u00e0 e pu\u00f2 portare a desideri di vendetta, violenza o risentimento prolungato.<\/span><\/span><\/p>\n<p data-start=\"561\" data-end=\"683\"><span dir=\"auto\" style=\"vertical-align: inherit\"><span dir=\"auto\" style=\"vertical-align: inherit\">\u00abL\u2019ira disordinata \u00e8 contraria alla carit\u00e0 e rompe la comunione\u00bb. <\/span><\/span><br data-start=\"631\" data-end=\"634\" \/><span dir=\"auto\" style=\"vertical-align: inherit\"><span dir=\"auto\" style=\"vertical-align: inherit\">\u2014\u00a0 <\/span><\/span><em data-start=\"638\" data-end=\"683\"><span dir=\"auto\" style=\"vertical-align: inherit\"><span dir=\"auto\" style=\"vertical-align: inherit\">Catechismo della Chiesa Cattolica, 2302-2305<\/span><\/span><\/em><\/p>\n<p data-start=\"685\" data-end=\"910\"><span dir=\"auto\" style=\"vertical-align: inherit\"><span dir=\"auto\" style=\"vertical-align: inherit\">L&#8217;ira \u00e8 considerata un peccato capitale perch\u00e9 porta alla calunnia, alla disgregazione della comunit\u00e0 e alla distruzione delle relazioni. San Tommaso d&#8217;Aquino la include tra le passioni che devono essere corrette dalla ragione e dalla virt\u00f9.<\/span><\/span><\/p>\n<h3 data-start=\"917\" data-end=\"945\"><span dir=\"auto\" style=\"vertical-align: inherit\"><span dir=\"auto\" style=\"vertical-align: inherit\">Come si manifesta la rabbia<\/span><\/span><\/h3>\n<p data-start=\"947\" data-end=\"964\"><strong><span dir=\"auto\" style=\"vertical-align: inherit\"><span dir=\"auto\" style=\"vertical-align: inherit\">Internamente<\/span><\/span><\/strong><\/p>\n<ul data-start=\"965\" data-end=\"1219\">\n<li data-start=\"965\" data-end=\"1035\">\n<p data-start=\"967\" data-end=\"1035\"><span dir=\"auto\" style=\"vertical-align: inherit\"><span dir=\"auto\" style=\"vertical-align: inherit\">Perdi facilmente la calma e reagisci urlando o con violenza.<\/span><\/span><\/p>\n<\/li>\n<li data-start=\"1036\" data-end=\"1085\">\n<p data-start=\"1038\" data-end=\"1085\"><span dir=\"auto\" style=\"vertical-align: inherit\"><span dir=\"auto\" style=\"vertical-align: inherit\">Ti aggrappi al risentimento, rivivendo l&#8217;offesa.<\/span><\/span><\/p>\n<\/li>\n<li data-start=\"1086\" data-end=\"1151\">\n<p data-start=\"1088\" data-end=\"1151\"><span dir=\"auto\" style=\"vertical-align: inherit\"><span dir=\"auto\" style=\"vertical-align: inherit\">Trovi difficile perdonare e vuoi che l&#8217;altra persona &#8220;paghi&#8221; per quello che ha fatto.<\/span><\/span><\/p>\n<\/li>\n<li data-start=\"1152\" data-end=\"1219\">\n<p data-start=\"1154\" data-end=\"1219\"><span dir=\"auto\" style=\"vertical-align: inherit\"><span dir=\"auto\" style=\"vertical-align: inherit\">Genera frustrazione, amarezza e indebolimento della pace interiore.<\/span><\/span><\/p>\n<\/li>\n<\/ul>\n<p data-start=\"1221\" data-end=\"1240\"><strong><span dir=\"auto\" style=\"vertical-align: inherit\"><span dir=\"auto\" style=\"vertical-align: inherit\">Nella comunit\u00e0<\/span><\/span><\/strong><\/p>\n<ul data-start=\"1241\" data-end=\"1432\">\n<li data-start=\"1241\" data-end=\"1320\">\n<p data-start=\"1243\" data-end=\"1320\"><span dir=\"auto\" style=\"vertical-align: inherit\"><span dir=\"auto\" style=\"vertical-align: inherit\">La rabbia incontrollata distrugge i rapporti familiari, lavorativi o religiosi.<\/span><\/span><\/p>\n<\/li>\n<li data-start=\"1321\" data-end=\"1381\">\n<p data-start=\"1323\" data-end=\"1381\"><span dir=\"auto\" style=\"vertical-align: inherit\"><span dir=\"auto\" style=\"vertical-align: inherit\">Provoca violenza verbale o fisica e alimenta l&#8217;inimicizia.<\/span><\/span><\/p>\n<\/li>\n<li data-start=\"1382\" data-end=\"1432\">\n<p data-start=\"1384\" data-end=\"1432\"><span dir=\"auto\" style=\"vertical-align: inherit\"><span dir=\"auto\" style=\"vertical-align: inherit\">Pu\u00f2 ostacolare la giustizia e la cooperazione.<\/span><\/span><\/p>\n<\/li>\n<\/ul>\n<p data-start=\"1434\" data-end=\"1700\"><span dir=\"auto\" style=\"vertical-align: inherit\"><span dir=\"auto\" style=\"vertical-align: inherit\">\u00c8 importante distinguere\u00a0 <\/span><\/span><strong data-start=\"1462\" data-end=\"1480\"><span dir=\"auto\" style=\"vertical-align: inherit\"><span dir=\"auto\" style=\"vertical-align: inherit\">l&#8217;ira peccaminosa<\/span><\/span><\/strong><span dir=\"auto\" style=\"vertical-align: inherit\"><span dir=\"auto\" style=\"vertical-align: inherit\"> \u00a0dalla giusta indignazione: quest&#8217;ultima ci spinge a difendere l&#8217;innocente senza arrecare danno agli altri o violare la dignit\u00e0 umana. Discernere le passioni, guidati dalla ragione e dalla carit\u00e0, \u00e8 fondamentale per l&#8217;etica cristiana.<\/span><\/span><\/p>\n<h3 data-start=\"1707\" data-end=\"1737\"><strong><span dir=\"auto\" style=\"vertical-align: inherit\"><span dir=\"auto\" style=\"vertical-align: inherit\">Come riconoscerlo nella tua vita<\/span><\/span><\/strong><\/h3>\n<p data-start=\"1739\" data-end=\"1791\"><span dir=\"auto\" style=\"vertical-align: inherit\"><span dir=\"auto\" style=\"vertical-align: inherit\">Chiediti se uno di questi segnali ti descrive:<\/span><\/span><\/p>\n<ul data-start=\"1792\" data-end=\"1978\">\n<li data-start=\"1792\" data-end=\"1852\">\n<p data-start=\"1794\" data-end=\"1852\"><span dir=\"auto\" style=\"vertical-align: inherit\"><span dir=\"auto\" style=\"vertical-align: inherit\">Reagisci con scoppi di rabbia alle battute d&#8217;arresto.<\/span><\/span><\/p>\n<\/li>\n<li data-start=\"1853\" data-end=\"1915\">\n<p data-start=\"1855\" data-end=\"1915\"><span dir=\"auto\" style=\"vertical-align: inherit\"><span dir=\"auto\" style=\"vertical-align: inherit\">Nutri un risentimento di vecchia data verso coloro che ti offendono.<\/span><\/span><\/p>\n<\/li>\n<li data-start=\"1916\" data-end=\"1978\">\n<p data-start=\"1918\" data-end=\"1978\"><span dir=\"auto\" style=\"vertical-align: inherit\"><span dir=\"auto\" style=\"vertical-align: inherit\">Trovi difficile perdonare e cerchi di regolare i conti da solo.<\/span><\/span><\/p>\n<\/li>\n<\/ul>\n<h3 data-start=\"1985\" data-end=\"2008\"><strong><span dir=\"auto\" style=\"vertical-align: inherit\"><span dir=\"auto\" style=\"vertical-align: inherit\">Come correggere la rabbia<\/span><\/span><\/strong><\/h3>\n<p data-start=\"2010\" data-end=\"2067\"><span dir=\"auto\" style=\"vertical-align: inherit\"><span dir=\"auto\" style=\"vertical-align: inherit\">La via \u00e8\u00a0 <\/span><\/span><strong data-start=\"2026\" data-end=\"2039\"><span dir=\"auto\" style=\"vertical-align: inherit\"><span dir=\"auto\" style=\"vertical-align: inherit\">la pazienza<\/span><\/span><\/strong><span dir=\"auto\" style=\"vertical-align: inherit\"><span dir=\"auto\" style=\"vertical-align: inherit\">, virt\u00f9 opposta alla rabbia:<\/span><\/span><\/p>\n<ul data-start=\"2068\" data-end=\"2261\">\n<li data-start=\"2068\" data-end=\"2142\">\n<p data-start=\"2070\" data-end=\"2142\"><span dir=\"auto\" style=\"vertical-align: inherit\"><span dir=\"auto\" style=\"vertical-align: inherit\">Padroneggia serenamente le tue passioni e mantieni la fermezza nel fare il bene.<\/span><\/span><\/p>\n<\/li>\n<li data-start=\"2143\" data-end=\"2197\">\n<p data-start=\"2145\" data-end=\"2197\"><span dir=\"auto\" style=\"vertical-align: inherit\"><span dir=\"auto\" style=\"vertical-align: inherit\">Sopportare le battute d&#8217;arresto senza cedere al risentimento.<\/span><\/span><\/p>\n<\/li>\n<li data-start=\"2198\" data-end=\"2261\">\n<p data-start=\"2200\" data-end=\"2261\"><span dir=\"auto\" style=\"vertical-align: inherit\"><span dir=\"auto\" style=\"vertical-align: inherit\">Esprimere la verit\u00e0 con mitezza, preservando la comunione.<\/span><\/span><\/p>\n<\/li>\n<\/ul>\n<p data-start=\"2263\" data-end=\"2294\"><span dir=\"auto\" style=\"vertical-align: inherit\"><span dir=\"auto\" style=\"vertical-align: inherit\">Le pratiche specifiche includono:<\/span><\/span><\/p>\n<ul data-start=\"2295\" data-end=\"2579\">\n<li data-start=\"2295\" data-end=\"2349\">\n<p data-start=\"2297\" data-end=\"2349\"><span dir=\"auto\" style=\"vertical-align: inherit\"><span dir=\"auto\" style=\"vertical-align: inherit\">Tecnica del \u201ctempo di attesa\u201d prima di rispondere.<\/span><\/span><\/p>\n<\/li>\n<li data-start=\"2350\" data-end=\"2414\">\n<p data-start=\"2352\" data-end=\"2414\"><span dir=\"auto\" style=\"vertical-align: inherit\"><span dir=\"auto\" style=\"vertical-align: inherit\">Preghiera nei momenti di rabbia ed esercizi di contemplazione.<\/span><\/span><\/p>\n<\/li>\n<li data-start=\"2415\" data-end=\"2494\">\n<p data-start=\"2417\" data-end=\"2494\"><span dir=\"auto\" style=\"vertical-align: inherit\"><span dir=\"auto\" style=\"vertical-align: inherit\">Direzione spirituale per rafforzare il perdono e discernere la giusta passione.<\/span><\/span><\/p>\n<\/li>\n<li data-start=\"2495\" data-end=\"2579\">\n<p data-start=\"2497\" data-end=\"2579\"><span dir=\"auto\" style=\"vertical-align: inherit\"><span dir=\"auto\" style=\"vertical-align: inherit\">Formazione alla comunicazione non violenta e all&#8217;amicizia fraterna che calma gli animi.<\/span><\/span><\/p>\n<\/li>\n<\/ul>\n<p data-start=\"2581\" data-end=\"2603\"><strong><span dir=\"auto\" style=\"vertical-align: inherit\"><span dir=\"auto\" style=\"vertical-align: inherit\">A livello comunitario:<\/span><\/span><\/strong><\/p>\n<ul data-start=\"2604\" data-end=\"2848\">\n<li data-start=\"2604\" data-end=\"2687\">\n<p data-start=\"2606\" data-end=\"2687\"><span dir=\"auto\" style=\"vertical-align: inherit\"><span dir=\"auto\" style=\"vertical-align: inherit\">La confessione e gli atti di riparazione ristabiliscono il rapporto con Dio e con gli altri.<\/span><\/span><\/p>\n<\/li>\n<li data-start=\"2688\" data-end=\"2766\">\n<p data-start=\"2690\" data-end=\"2766\"><span dir=\"auto\" style=\"vertical-align: inherit\"><span dir=\"auto\" style=\"vertical-align: inherit\">I processi di riconciliazione e mediazione ripristinano la verit\u00e0 e la convivenza.<\/span><\/span><\/p>\n<\/li>\n<li data-start=\"2767\" data-end=\"2848\">\n<p data-start=\"2769\" data-end=\"2848\"><span dir=\"auto\" style=\"vertical-align: inherit\"><span dir=\"auto\" style=\"vertical-align: inherit\">La liturgia e l&#8217;Eucaristia offrono la pace di Cristo che risana i legami spezzati.<\/span><\/span><\/p>\n<\/li>\n<\/ul>\n<blockquote data-start=\"2850\" data-end=\"2929\">\n<p data-start=\"2852\" data-end=\"2929\"><span dir=\"auto\" style=\"vertical-align: inherit\"><span dir=\"auto\" style=\"vertical-align: inherit\">\u201cLa passione umana, riorientata dalla grazia, diventa la forza motrice del bene.\u201d<\/span><\/span><\/p>\n<\/blockquote>\n<p data-start=\"2931\" data-end=\"3112\"><span dir=\"auto\" style=\"vertical-align: inherit\"><span dir=\"auto\" style=\"vertical-align: inherit\">La rabbia trasformata diventa forza per la carit\u00e0 e la compassione, l&#8217;indignazione per l&#8217;ingiustizia si traduce in lotta costruttiva e la pazienza si trasforma in misericordia.<\/span><\/span><\/p>\n<h3 data-start=\"3119\" data-end=\"3150\"><strong><span dir=\"auto\" style=\"vertical-align: inherit\"><span dir=\"auto\" style=\"vertical-align: inherit\">Virt\u00f9 opposta: pazienza<\/span><\/span><\/strong><\/h3>\n<ul data-start=\"3152\" data-end=\"3320\">\n<li data-start=\"3152\" data-end=\"3203\">\n<p data-start=\"3154\" data-end=\"3203\"><span dir=\"auto\" style=\"vertical-align: inherit\"><span dir=\"auto\" style=\"vertical-align: inherit\">Domina le tue passioni e sopporta gli insuccessi.<\/span><\/span><\/p>\n<\/li>\n<li data-start=\"3204\" data-end=\"3256\">\n<p data-start=\"3206\" data-end=\"3256\"><span dir=\"auto\" style=\"vertical-align: inherit\"><span dir=\"auto\" style=\"vertical-align: inherit\">Trasforma l&#8217;offesa in un&#8217;opportunit\u00e0 di crescita.<\/span><\/span><\/p>\n<\/li>\n<li data-start=\"3257\" data-end=\"3320\">\n<p data-start=\"3259\" data-end=\"3320\"><span dir=\"auto\" style=\"vertical-align: inherit\"><span dir=\"auto\" style=\"vertical-align: inherit\">Imitiamo la mansuetudine di Cristo nelle azioni e nelle parole.<\/span><\/span><\/p>\n<\/li>\n<\/ul>\n<h3 data-start=\"3327\" data-end=\"3393\"><strong><span dir=\"auto\" style=\"vertical-align: inherit\"><span dir=\"auto\" style=\"vertical-align: inherit\">Confessione frequente: trasformare il risentimento in misericordia<\/span><\/span><\/strong><\/h3>\n<p data-start=\"3395\" data-end=\"3632\"><span dir=\"auto\" style=\"vertical-align: inherit\"><span dir=\"auto\" style=\"vertical-align: inherit\">La confessione sacramentale aiuta a liberare il cuore, a ricevere la grazia e a indirizzare la passione verso la costruzione del bene e della riconciliazione. Trasforma le ferite in opportunit\u00e0 di incontro pacifico e di relazioni rigeneranti.<\/span><\/span><\/p>\n<ul data-start=\"3652\" data-end=\"4066\">\n<li data-start=\"3652\" data-end=\"3745\">\n<p data-start=\"3654\" data-end=\"3745\"><span dir=\"auto\" style=\"vertical-align: inherit\"><span dir=\"auto\" style=\"vertical-align: inherit\">La rabbia\u00a0 disordinata <\/span><span dir=\"auto\" style=\"vertical-align: inherit\">\u00a0provoca danni personali e sociali, alimentando vendetta e risentimento.<\/span><\/span><\/p>\n<\/li>\n<li data-start=\"3746\" data-end=\"3826\">\n<p data-start=\"3748\" data-end=\"3826\"><strong data-start=\"3748\" data-end=\"3760\"><span dir=\"auto\" style=\"vertical-align: inherit\"><span dir=\"auto\" style=\"vertical-align: inherit\">Segnali:<\/span><\/span><\/strong><span dir=\"auto\" style=\"vertical-align: inherit\"><span dir=\"auto\" style=\"vertical-align: inherit\"> \u00a0scoppi d&#8217;ira, rancore, difficolt\u00e0 a perdonare.<\/span><\/span><\/p>\n<\/li>\n<li data-start=\"3827\" data-end=\"3938\">\n<p data-start=\"3829\" data-end=\"3938\"><strong data-start=\"3829\" data-end=\"3847\"><span dir=\"auto\" style=\"vertical-align: inherit\"><span dir=\"auto\" style=\"vertical-align: inherit\">Come superarlo:<\/span><\/span><\/strong><span dir=\"auto\" style=\"vertical-align: inherit\"><span dir=\"auto\" style=\"vertical-align: inherit\"> \u00a0pazienza, gentilezza, preghiera, autocontrollo, comunicazione non violenta e riconciliazione.<\/span><\/span><\/p>\n<\/li>\n<li data-start=\"3939\" data-end=\"3973\">\n<p data-start=\"3941\" data-end=\"3973\"><strong data-start=\"3941\" data-end=\"3960\"><span dir=\"auto\" style=\"vertical-align: inherit\"><span dir=\"auto\" style=\"vertical-align: inherit\">Virt\u00f9 opposta:<\/span><\/span><\/strong><span dir=\"auto\" style=\"vertical-align: inherit\"><span dir=\"auto\" style=\"vertical-align: inherit\"> \u00a0pazienza.<\/span><\/span><\/p>\n<\/li>\n<li data-start=\"3974\" data-end=\"4066\">\n<p data-start=\"3976\" data-end=\"4066\"><strong data-start=\"3976\" data-end=\"3985\"><span dir=\"auto\" style=\"vertical-align: inherit\"><span dir=\"auto\" style=\"vertical-align: inherit\">Obiettivo:<\/span><\/span><\/strong><span dir=\"auto\" style=\"vertical-align: inherit\"><span dir=\"auto\" style=\"vertical-align: inherit\"> \u00a0riorientare la passione verso la bont\u00e0, la carit\u00e0 e la pace interiore e comunitaria.<\/span><\/span><\/p>\n<\/li>\n<\/ul>\n","protected":false},"excerpt":{"rendered":"<p>Rabbia: il fuoco del cuore ferito che arde incontrollabilmente<\/p>\n","protected":false},"author":149,"featured_media":134508,"comment_status":"closed","ping_status":"closed","sticky":false,"template":"","format":"standard","meta":{"_acf_changed":false,"_crdt_document":"","inline_featured_image":false,"footnotes":""},"categories":[71],"tags":[50757,73489,1045,560,15200,73490,23082,42939,13931,50758,15436,72768,25656,23276,13681,72770,880,13460,21078,2490,1719,20612,64787,972,30768],"class_list":["post-135548","post","type-post","status-publish","format-standard","has-post-thumbnail","hentry","category-analisi","tag-autocontrollo","tag-autocorrezione","tag-carita","tag-confessione","tag-crescita-spirituale","tag-dolcezza","tag-esame-di-coscienza","tag-etica-cristiana-2","tag-fortezza","tag-gestione-della-rabbia","tag-grazia-divina","tag-i-sette-peccati-capitali","tag-javier-ferrer-garcia-2","tag-pace-interiore","tag-pazienza","tag-peccato-capitale","tag-perdono","tag-rabbia","tag-relazioni-umane","tag-riconciliazione","tag-risentimento","tag-spiritualita-cattolica","tag-trending-it-236","tag-violenza","tag-virtu-cristiana"],"acf":[],"yoast_head":"<!-- This site is optimized with the Yoast SEO plugin v27.4 - https:\/\/yoast.com\/product\/yoast-seo-wordpress\/ -->\n<title>Rabbia: il fuoco del cuore ferito che arde incontrollabilmente &#8211; Exaudi<\/title>\n<meta name=\"robots\" content=\"index, follow, max-snippet:-1, max-image-preview:large, max-video-preview:-1\" \/>\n<link rel=\"canonical\" href=\"https:\/\/exaudi.org\/it\/rabbia-il-fuoco-del-cuore-ferito-che-arde-incontrollabilmente\/\" \/>\n<meta property=\"og:locale\" content=\"it_IT\" \/>\n<meta property=\"og:type\" content=\"article\" \/>\n<meta property=\"og:title\" content=\"Rabbia: il fuoco del cuore ferito che arde incontrollabilmente &#8211; Exaudi\" \/>\n<meta property=\"og:description\" content=\"Rabbia: il fuoco del cuore ferito che arde incontrollabilmente\" \/>\n<meta property=\"og:url\" content=\"https:\/\/exaudi.org\/it\/rabbia-il-fuoco-del-cuore-ferito-che-arde-incontrollabilmente\/\" \/>\n<meta property=\"og:site_name\" content=\"Exaudi\" \/>\n<meta property=\"article:publisher\" content=\"https:\/\/www.facebook.com\/ExaudiNews\" \/>\n<meta property=\"article:published_time\" content=\"2025-09-18T16:20:42+00:00\" \/>\n<meta property=\"og:image\" content=\"https:\/\/exaudi.org\/wp-content\/uploads\/2025\/09\/brett-jordan-dhZ92suA4Qw-unsplash-scaled.jpg\" \/>\n\t<meta property=\"og:image:width\" content=\"2560\" \/>\n\t<meta property=\"og:image:height\" content=\"1920\" \/>\n\t<meta property=\"og:image:type\" content=\"image\/jpeg\" \/>\n<meta name=\"author\" content=\"Javier Ferrer Garc\u00eda\" \/>\n<meta name=\"twitter:card\" content=\"summary_large_image\" \/>\n<meta name=\"twitter:creator\" content=\"@Exaudi_News\" \/>\n<meta name=\"twitter:site\" content=\"@Exaudi_News\" \/>\n<meta name=\"twitter:label1\" content=\"Scritto da\" \/>\n\t<meta name=\"twitter:data1\" content=\"Javier Ferrer Garc\u00eda\" \/>\n\t<meta name=\"twitter:label2\" content=\"Tempo di lettura stimato\" \/>\n\t<meta name=\"twitter:data2\" content=\"3 minuti\" \/>\n<script type=\"application\/ld+json\" class=\"yoast-schema-graph\">{\"@context\":\"https:\\\/\\\/schema.org\",\"@graph\":[{\"@type\":\"Article\",\"@id\":\"https:\\\/\\\/exaudi.org\\\/it\\\/rabbia-il-fuoco-del-cuore-ferito-che-arde-incontrollabilmente\\\/#article\",\"isPartOf\":{\"@id\":\"https:\\\/\\\/exaudi.org\\\/it\\\/rabbia-il-fuoco-del-cuore-ferito-che-arde-incontrollabilmente\\\/\"},\"author\":{\"name\":\"Javier Ferrer Garc\u00eda\",\"@id\":\"https:\\\/\\\/exaudi.org\\\/#\\\/schema\\\/person\\\/0428626ea256fe1d193098fe0ee2b91d\"},\"headline\":\"Rabbia: il fuoco del cuore ferito che arde incontrollabilmente\",\"datePublished\":\"2025-09-18T16:20:42+00:00\",\"mainEntityOfPage\":{\"@id\":\"https:\\\/\\\/exaudi.org\\\/it\\\/rabbia-il-fuoco-del-cuore-ferito-che-arde-incontrollabilmente\\\/\"},\"wordCount\":558,\"image\":{\"@id\":\"https:\\\/\\\/exaudi.org\\\/it\\\/rabbia-il-fuoco-del-cuore-ferito-che-arde-incontrollabilmente\\\/#primaryimage\"},\"thumbnailUrl\":\"https:\\\/\\\/exaudi.org\\\/wp-content\\\/uploads\\\/2025\\\/09\\\/brett-jordan-dhZ92suA4Qw-unsplash-scaled.jpg\",\"keywords\":[\"autocontrollo\",\"Autocorrezione\",\"carit\u00e0\",\"confessione\",\"crescita spirituale\",\"Dolcezza\",\"esame di coscienza\",\"etica cristiana\",\"fortezza\",\"gestione della rabbia\",\"GRAZIA DIVINA\",\"I sette peccati capitali\",\"Javier Ferrer Garc\u00eda\",\"pace interiore\",\"pazienza\",\"Peccato capitale\",\"perdono\",\"RABBIA\",\"RELAZIONI UMANE\",\"riconciliazione\",\"risentimento\",\"SPIRITUALIT\u00c0 CATTOLICA\",\"Trending\",\"violenza\",\"virt\u00f9 cristiana\"],\"articleSection\":[\"Analisi\"],\"inLanguage\":\"it-IT\"},{\"@type\":\"WebPage\",\"@id\":\"https:\\\/\\\/exaudi.org\\\/it\\\/rabbia-il-fuoco-del-cuore-ferito-che-arde-incontrollabilmente\\\/\",\"url\":\"https:\\\/\\\/exaudi.org\\\/it\\\/rabbia-il-fuoco-del-cuore-ferito-che-arde-incontrollabilmente\\\/\",\"name\":\"Rabbia: il fuoco del cuore ferito che arde incontrollabilmente &#8211; Exaudi\",\"isPartOf\":{\"@id\":\"https:\\\/\\\/exaudi.org\\\/#website\"},\"primaryImageOfPage\":{\"@id\":\"https:\\\/\\\/exaudi.org\\\/it\\\/rabbia-il-fuoco-del-cuore-ferito-che-arde-incontrollabilmente\\\/#primaryimage\"},\"image\":{\"@id\":\"https:\\\/\\\/exaudi.org\\\/it\\\/rabbia-il-fuoco-del-cuore-ferito-che-arde-incontrollabilmente\\\/#primaryimage\"},\"thumbnailUrl\":\"https:\\\/\\\/exaudi.org\\\/wp-content\\\/uploads\\\/2025\\\/09\\\/brett-jordan-dhZ92suA4Qw-unsplash-scaled.jpg\",\"datePublished\":\"2025-09-18T16:20:42+00:00\",\"author\":{\"@id\":\"https:\\\/\\\/exaudi.org\\\/#\\\/schema\\\/person\\\/0428626ea256fe1d193098fe0ee2b91d\"},\"breadcrumb\":{\"@id\":\"https:\\\/\\\/exaudi.org\\\/it\\\/rabbia-il-fuoco-del-cuore-ferito-che-arde-incontrollabilmente\\\/#breadcrumb\"},\"inLanguage\":\"it-IT\",\"potentialAction\":[{\"@type\":\"ReadAction\",\"target\":[\"https:\\\/\\\/exaudi.org\\\/it\\\/rabbia-il-fuoco-del-cuore-ferito-che-arde-incontrollabilmente\\\/\"]}]},{\"@type\":\"ImageObject\",\"inLanguage\":\"it-IT\",\"@id\":\"https:\\\/\\\/exaudi.org\\\/it\\\/rabbia-il-fuoco-del-cuore-ferito-che-arde-incontrollabilmente\\\/#primaryimage\",\"url\":\"https:\\\/\\\/exaudi.org\\\/wp-content\\\/uploads\\\/2025\\\/09\\\/brett-jordan-dhZ92suA4Qw-unsplash-scaled.jpg\",\"contentUrl\":\"https:\\\/\\\/exaudi.org\\\/wp-content\\\/uploads\\\/2025\\\/09\\\/brett-jordan-dhZ92suA4Qw-unsplash-scaled.jpg\",\"width\":2560,\"height\":1920,\"caption\":\"Brett Jordan . Unsplash\"},{\"@type\":\"BreadcrumbList\",\"@id\":\"https:\\\/\\\/exaudi.org\\\/it\\\/rabbia-il-fuoco-del-cuore-ferito-che-arde-incontrollabilmente\\\/#breadcrumb\",\"itemListElement\":[{\"@type\":\"ListItem\",\"position\":1,\"name\":\"Portada\",\"item\":\"https:\\\/\\\/exaudi.org\\\/it\\\/\"},{\"@type\":\"ListItem\",\"position\":2,\"name\":\"Rabbia: il fuoco del cuore ferito che arde incontrollabilmente\"}]},{\"@type\":\"WebSite\",\"@id\":\"https:\\\/\\\/exaudi.org\\\/#website\",\"url\":\"https:\\\/\\\/exaudi.org\\\/\",\"name\":\"Exaudi\",\"description\":\"News\",\"potentialAction\":[{\"@type\":\"SearchAction\",\"target\":{\"@type\":\"EntryPoint\",\"urlTemplate\":\"https:\\\/\\\/exaudi.org\\\/?s={search_term_string}\"},\"query-input\":{\"@type\":\"PropertyValueSpecification\",\"valueRequired\":true,\"valueName\":\"search_term_string\"}}],\"inLanguage\":\"it-IT\"},{\"@type\":\"Person\",\"@id\":\"https:\\\/\\\/exaudi.org\\\/#\\\/schema\\\/person\\\/0428626ea256fe1d193098fe0ee2b91d\",\"name\":\"Javier Ferrer Garc\u00eda\",\"image\":{\"@type\":\"ImageObject\",\"inLanguage\":\"it-IT\",\"@id\":\"https:\\\/\\\/secure.gravatar.com\\\/avatar\\\/c7bc1aef05f4433794cef4a55499c99ae6c0d617e2aa24ba4876a5432af93b2d?s=96&d=mm&r=g\",\"url\":\"https:\\\/\\\/secure.gravatar.com\\\/avatar\\\/c7bc1aef05f4433794cef4a55499c99ae6c0d617e2aa24ba4876a5432af93b2d?s=96&d=mm&r=g\",\"contentUrl\":\"https:\\\/\\\/secure.gravatar.com\\\/avatar\\\/c7bc1aef05f4433794cef4a55499c99ae6c0d617e2aa24ba4876a5432af93b2d?s=96&d=mm&r=g\",\"caption\":\"Javier Ferrer Garc\u00eda\"},\"description\":\"Soy un apasionado de la vida. Fil\u00f3sofo y economista. Mi carrera profesional se ha enriquecido con el constante deseo de aprender y crecer tanto en el \u00e1mbito acad\u00e9mico como en el personal. Me considero un ferviente lector y amante del cine, lo cual me permite tener una perspectiva amplia y diversa sobre el mundo que nos rodea. Como cat\u00f3lico comprometido, busco integrar mis valores en cada aspecto de mi vida, desde mi carrera profesional hasta mi rol como esposo y padre de familia\",\"url\":\"https:\\\/\\\/exaudi.org\\\/it\\\/author\\\/javier-ferrer-garcia\\\/\"}]}<\/script>\n<!-- \/ Yoast SEO plugin. -->","yoast_head_json":{"title":"Rabbia: il fuoco del cuore ferito che arde incontrollabilmente &#8211; Exaudi","robots":{"index":"index","follow":"follow","max-snippet":"max-snippet:-1","max-image-preview":"max-image-preview:large","max-video-preview":"max-video-preview:-1"},"canonical":"https:\/\/exaudi.org\/it\/rabbia-il-fuoco-del-cuore-ferito-che-arde-incontrollabilmente\/","og_locale":"it_IT","og_type":"article","og_title":"Rabbia: il fuoco del cuore ferito che arde incontrollabilmente &#8211; Exaudi","og_description":"Rabbia: il fuoco del cuore ferito che arde incontrollabilmente","og_url":"https:\/\/exaudi.org\/it\/rabbia-il-fuoco-del-cuore-ferito-che-arde-incontrollabilmente\/","og_site_name":"Exaudi","article_publisher":"https:\/\/www.facebook.com\/ExaudiNews","article_published_time":"2025-09-18T16:20:42+00:00","og_image":[{"width":2560,"height":1920,"url":"https:\/\/exaudi.org\/wp-content\/uploads\/2025\/09\/brett-jordan-dhZ92suA4Qw-unsplash-scaled.jpg","type":"image\/jpeg"}],"author":"Javier Ferrer Garc\u00eda","twitter_card":"summary_large_image","twitter_creator":"@Exaudi_News","twitter_site":"@Exaudi_News","twitter_misc":{"Scritto da":"Javier Ferrer Garc\u00eda","Tempo di lettura stimato":"3 minuti"},"schema":{"@context":"https:\/\/schema.org","@graph":[{"@type":"Article","@id":"https:\/\/exaudi.org\/it\/rabbia-il-fuoco-del-cuore-ferito-che-arde-incontrollabilmente\/#article","isPartOf":{"@id":"https:\/\/exaudi.org\/it\/rabbia-il-fuoco-del-cuore-ferito-che-arde-incontrollabilmente\/"},"author":{"name":"Javier Ferrer Garc\u00eda","@id":"https:\/\/exaudi.org\/#\/schema\/person\/0428626ea256fe1d193098fe0ee2b91d"},"headline":"Rabbia: il fuoco del cuore ferito che arde incontrollabilmente","datePublished":"2025-09-18T16:20:42+00:00","mainEntityOfPage":{"@id":"https:\/\/exaudi.org\/it\/rabbia-il-fuoco-del-cuore-ferito-che-arde-incontrollabilmente\/"},"wordCount":558,"image":{"@id":"https:\/\/exaudi.org\/it\/rabbia-il-fuoco-del-cuore-ferito-che-arde-incontrollabilmente\/#primaryimage"},"thumbnailUrl":"https:\/\/exaudi.org\/wp-content\/uploads\/2025\/09\/brett-jordan-dhZ92suA4Qw-unsplash-scaled.jpg","keywords":["autocontrollo","Autocorrezione","carit\u00e0","confessione","crescita spirituale","Dolcezza","esame di coscienza","etica cristiana","fortezza","gestione della rabbia","GRAZIA DIVINA","I sette peccati capitali","Javier Ferrer Garc\u00eda","pace interiore","pazienza","Peccato capitale","perdono","RABBIA","RELAZIONI UMANE","riconciliazione","risentimento","SPIRITUALIT\u00c0 CATTOLICA","Trending","violenza","virt\u00f9 cristiana"],"articleSection":["Analisi"],"inLanguage":"it-IT"},{"@type":"WebPage","@id":"https:\/\/exaudi.org\/it\/rabbia-il-fuoco-del-cuore-ferito-che-arde-incontrollabilmente\/","url":"https:\/\/exaudi.org\/it\/rabbia-il-fuoco-del-cuore-ferito-che-arde-incontrollabilmente\/","name":"Rabbia: il fuoco del cuore ferito che arde incontrollabilmente &#8211; Exaudi","isPartOf":{"@id":"https:\/\/exaudi.org\/#website"},"primaryImageOfPage":{"@id":"https:\/\/exaudi.org\/it\/rabbia-il-fuoco-del-cuore-ferito-che-arde-incontrollabilmente\/#primaryimage"},"image":{"@id":"https:\/\/exaudi.org\/it\/rabbia-il-fuoco-del-cuore-ferito-che-arde-incontrollabilmente\/#primaryimage"},"thumbnailUrl":"https:\/\/exaudi.org\/wp-content\/uploads\/2025\/09\/brett-jordan-dhZ92suA4Qw-unsplash-scaled.jpg","datePublished":"2025-09-18T16:20:42+00:00","author":{"@id":"https:\/\/exaudi.org\/#\/schema\/person\/0428626ea256fe1d193098fe0ee2b91d"},"breadcrumb":{"@id":"https:\/\/exaudi.org\/it\/rabbia-il-fuoco-del-cuore-ferito-che-arde-incontrollabilmente\/#breadcrumb"},"inLanguage":"it-IT","potentialAction":[{"@type":"ReadAction","target":["https:\/\/exaudi.org\/it\/rabbia-il-fuoco-del-cuore-ferito-che-arde-incontrollabilmente\/"]}]},{"@type":"ImageObject","inLanguage":"it-IT","@id":"https:\/\/exaudi.org\/it\/rabbia-il-fuoco-del-cuore-ferito-che-arde-incontrollabilmente\/#primaryimage","url":"https:\/\/exaudi.org\/wp-content\/uploads\/2025\/09\/brett-jordan-dhZ92suA4Qw-unsplash-scaled.jpg","contentUrl":"https:\/\/exaudi.org\/wp-content\/uploads\/2025\/09\/brett-jordan-dhZ92suA4Qw-unsplash-scaled.jpg","width":2560,"height":1920,"caption":"Brett Jordan . Unsplash"},{"@type":"BreadcrumbList","@id":"https:\/\/exaudi.org\/it\/rabbia-il-fuoco-del-cuore-ferito-che-arde-incontrollabilmente\/#breadcrumb","itemListElement":[{"@type":"ListItem","position":1,"name":"Portada","item":"https:\/\/exaudi.org\/it\/"},{"@type":"ListItem","position":2,"name":"Rabbia: il fuoco del cuore ferito che arde incontrollabilmente"}]},{"@type":"WebSite","@id":"https:\/\/exaudi.org\/#website","url":"https:\/\/exaudi.org\/","name":"Exaudi","description":"News","potentialAction":[{"@type":"SearchAction","target":{"@type":"EntryPoint","urlTemplate":"https:\/\/exaudi.org\/?s={search_term_string}"},"query-input":{"@type":"PropertyValueSpecification","valueRequired":true,"valueName":"search_term_string"}}],"inLanguage":"it-IT"},{"@type":"Person","@id":"https:\/\/exaudi.org\/#\/schema\/person\/0428626ea256fe1d193098fe0ee2b91d","name":"Javier Ferrer Garc\u00eda","image":{"@type":"ImageObject","inLanguage":"it-IT","@id":"https:\/\/secure.gravatar.com\/avatar\/c7bc1aef05f4433794cef4a55499c99ae6c0d617e2aa24ba4876a5432af93b2d?s=96&d=mm&r=g","url":"https:\/\/secure.gravatar.com\/avatar\/c7bc1aef05f4433794cef4a55499c99ae6c0d617e2aa24ba4876a5432af93b2d?s=96&d=mm&r=g","contentUrl":"https:\/\/secure.gravatar.com\/avatar\/c7bc1aef05f4433794cef4a55499c99ae6c0d617e2aa24ba4876a5432af93b2d?s=96&d=mm&r=g","caption":"Javier Ferrer Garc\u00eda"},"description":"Soy un apasionado de la vida. Fil\u00f3sofo y economista. Mi carrera profesional se ha enriquecido con el constante deseo de aprender y crecer tanto en el \u00e1mbito acad\u00e9mico como en el personal. Me considero un ferviente lector y amante del cine, lo cual me permite tener una perspectiva amplia y diversa sobre el mundo que nos rodea. Como cat\u00f3lico comprometido, busco integrar mis valores en cada aspecto de mi vida, desde mi carrera profesional hasta mi rol como esposo y padre de familia","url":"https:\/\/exaudi.org\/it\/author\/javier-ferrer-garcia\/"}]}},"jetpack_featured_media_url":"https:\/\/exaudi.org\/wp-content\/uploads\/2025\/09\/brett-jordan-dhZ92suA4Qw-unsplash-scaled.jpg","jetpack_shortlink":"https:\/\/wp.me\/pgKjF2-zgg","_links":{"self":[{"href":"https:\/\/exaudi.org\/it\/wp-json\/wp\/v2\/posts\/135548","targetHints":{"allow":["GET"]}}],"collection":[{"href":"https:\/\/exaudi.org\/it\/wp-json\/wp\/v2\/posts"}],"about":[{"href":"https:\/\/exaudi.org\/it\/wp-json\/wp\/v2\/types\/post"}],"author":[{"embeddable":true,"href":"https:\/\/exaudi.org\/it\/wp-json\/wp\/v2\/users\/149"}],"replies":[{"embeddable":true,"href":"https:\/\/exaudi.org\/it\/wp-json\/wp\/v2\/comments?post=135548"}],"version-history":[{"count":3,"href":"https:\/\/exaudi.org\/it\/wp-json\/wp\/v2\/posts\/135548\/revisions"}],"predecessor-version":[{"id":135555,"href":"https:\/\/exaudi.org\/it\/wp-json\/wp\/v2\/posts\/135548\/revisions\/135555"}],"wp:featuredmedia":[{"embeddable":true,"href":"https:\/\/exaudi.org\/it\/wp-json\/wp\/v2\/media\/134508"}],"wp:attachment":[{"href":"https:\/\/exaudi.org\/it\/wp-json\/wp\/v2\/media?parent=135548"}],"wp:term":[{"taxonomy":"category","embeddable":true,"href":"https:\/\/exaudi.org\/it\/wp-json\/wp\/v2\/categories?post=135548"},{"taxonomy":"post_tag","embeddable":true,"href":"https:\/\/exaudi.org\/it\/wp-json\/wp\/v2\/tags?post=135548"}],"curies":[{"name":"wp","href":"https:\/\/api.w.org\/{rel}","templated":true}]}}