{"id":135276,"date":"2025-09-17T17:01:05","date_gmt":"2025-09-17T15:01:05","guid":{"rendered":"https:\/\/exaudi.org\/?p=135276"},"modified":"2025-09-17T17:01:05","modified_gmt":"2025-09-17T15:01:05","slug":"papa-leone-xiv-invita-alla-speranza-nel-silenzio","status":"publish","type":"post","link":"https:\/\/exaudi.org\/it\/papa-leone-xiv-invita-alla-speranza-nel-silenzio\/","title":{"rendered":"Papa Leone XIV invita alla speranza nel silenzio"},"content":{"rendered":"<p data-start=\"293\" data-end=\"596\"><span dir=\"auto\" style=\"vertical-align: inherit\"><span dir=\"auto\" style=\"vertical-align: inherit\">Nell&#8217;udienza generale di mercoled\u00ec 17 settembre 2025, Papa Leone XIV ha proseguito il suo ciclo di catechesi sul Giubileo sul tema &#8220;Ges\u00f9 Cristo, nostra speranza&#8221;. Questa volta ha incentrato la sua riflessione sul Sabato Santo, un giorno segnato dal silenzio e dall&#8217;attesa gioiosa.<\/span><\/span><\/p>\n<p data-start=\"598\" data-end=\"1026\"><span dir=\"auto\" style=\"vertical-align: inherit\"><span dir=\"auto\" style=\"vertical-align: inherit\">Il Papa ha sottolineato che, sebbene il Sabato Santo sia un giorno di riposo, spesso facciamo fatica a fermarci e riposare. Tuttavia, ha osservato che anche in quei momenti di pausa possiamo incontrare la presenza di Dio. Ha ricordato che Dio non teme il passare del tempo, perch\u00e9 \u00e8 anche il Dio dell&#8217;attesa. Pertanto, anche il nostro tempo &#8220;inutile&#8221;, quei momenti vuoti o sterili, possono diventare grembo di risurrezione.<\/span><\/span><\/p>\n<p data-start=\"1028\" data-end=\"1307\"><span dir=\"auto\" style=\"vertical-align: inherit\"><span dir=\"auto\" style=\"vertical-align: inherit\">Il Papa ha invitato i fedeli a imparare da questo episodio, comprendendo che non c&#8217;\u00e8 bisogno di correre verso la risurrezione. Innanzitutto, dobbiamo rimanere e abbracciare il silenzio, lasciandoci abbracciare dal limite. Ha sottolineato che Dio agisce in profondit\u00e0, nel tempo lento della fiducia.<\/span><\/span><\/p>\n<p data-start=\"1309\" data-end=\"1579\"><span dir=\"auto\" style=\"vertical-align: inherit\"><span dir=\"auto\" style=\"vertical-align: inherit\">Questa riflessione invita i credenti ad avere fiducia nei tempi e nella grazia di Dio, anche quando l&#8217;attesa sembra lunga e la speranza svanisce. Papa Leone XIV ci ricorda che ogni tempo sospeso pu\u00f2 diventare tempo di grazia se lo offriamo a Dio.<\/span><\/span><\/p>\n<p data-start=\"1309\" data-end=\"1579\"><em><strong><span dir=\"auto\" style=\"vertical-align: inherit\"><span dir=\"auto\" style=\"vertical-align: inherit\">Testo completo:<\/span><\/span><\/strong><\/em><\/p>\n<div class=\"abstract text parbase vaticanrichtext\">\n<p><i><b><span class=\"title-1-color\">UDIENZA GENERALE<\/span><\/b><\/i><\/p>\n<p><i><span class=\"color-text\">Piazza San Pietro<br \/>\nMercoled\u00ec, 17 settembre 2025<\/span><\/i><\/p>\n<p>___________________________________<\/p>\n<div class=\"clearfix\"><\/div>\n<\/div>\n<div class=\"translation-field\"><b>Ciclo di Catechesi \u2013 Giubileo 2025. Ges\u00f9 Cristo nostra speranza. III. La Pasqua di Ges\u00f9. 7. <i>La morte. \u00abUn sepolcro nuovo, nel quale nessuno era stato ancora posto\u00bb\u00a0<\/i>(<i>Gv\u00a0<\/i>19,40-41)<\/b><\/div>\n<div class=\"text parbase vaticanrichtext\">\n<p>&nbsp;<\/p>\n<p><i>Cari fratelli e sorelle<\/i>,<\/p>\n<p>nel nostro cammino di catechesi su Ges\u00f9 nostra speranza, oggi contempliamo il mistero del Sabato Santo. Il Figlio di Dio giace nel sepolcro. Ma questa sua \u201cassenza\u201d non \u00e8 un vuoto: \u00e8 attesa, pienezza trattenuta, promessa custodita nel buio. \u00c8 il giorno del grande silenzio, in cui il cielo sembra muto e la terra immobile, ma \u00e8 proprio l\u00ec che si compie il mistero pi\u00f9 profondo della fede cristiana. \u00c8 un silenzio gravido di senso, come il grembo di una madre che custodisce il figlio non ancora nato, ma gi\u00e0 vivo.<\/p>\n<p>Il corpo di Ges\u00f9, calato dalla croce, viene fasciato con cura, come si fa con ci\u00f2 che \u00e8 prezioso. L\u2019evangelista Giovanni ci dice che fu sepolto in un giardino, dentro \u00ab<i>un sepolcro nuovo, nel quale nessuno era stato ancora posto<\/i>\u00bb (<i>Gv<\/i>\u00a019,41). Nulla \u00e8 lasciato al caso. Quel giardino richiama l\u2019Eden perduto, il luogo in cui Dio e l\u2019uomo erano uniti. E quel sepolcro mai usato parla di qualcosa che deve ancora accadere: \u00e8 una soglia, non un termine. All\u2019inizio della creazione Dio aveva piantato un giardino, ora anche la nuova creazione prende avvio in un giardino: con una tomba chiusa che, presto, si aprir\u00e0.<\/p>\n<p>Il Sabato Santo \u00e8 anche un giorno di riposo. Secondo la Legge ebraica, nel settimo giorno non si deve lavorare: infatti, dopo sei giorni di creazione, Dio si ripos\u00f2 (cfr\u00a0<i>Gen<\/i>\u00a02,2). Ora anche il Figlio, dopo aver completato la sua opera di salvezza, riposa. Non perch\u00e9 \u00e8 stanco, ma perch\u00e9 ha terminato il suo lavoro. Non perch\u00e9 si \u00e8 arreso, ma perch\u00e9 ha amato fino in fondo. Non c\u2019\u00e8 pi\u00f9 nulla da aggiungere. Questo riposo \u00e8 il sigillo dell\u2019opera compiuta, \u00e8 la conferma che ci\u00f2 che doveva essere fatto \u00e8 stato davvero portato a termine. \u00c8 un riposo pieno della presenza nascosta del Signore.<\/p>\n<p>Noi facciamo fatica a fermarci e a riposare. Viviamo come se la vita non fosse mai abbastanza. Corriamo per produrre, per dimostrare, per non perdere terreno. Ma il Vangelo ci insegna che saperci fermare \u00e8 un gesto di fiducia che dobbiamo imparare a compiere. Il Sabato Santo ci invita a scoprire che la vita non dipende sempre da ci\u00f2 che facciamo, ma anche da come sappiamo congedarci da quanto abbiamo potuto fare.<\/p>\n<p>Nel sepolcro, Ges\u00f9, la Parola vivente del Padre, tace. Ma \u00e8 proprio in quel silenzio che la vita nuova inizia a fermentare. Come un seme nella terra, come il buio prima dell\u2019alba. Dio non ha paura del tempo che passa, perch\u00e9 \u00e8 Signore anche dell\u2019attesa. Cos\u00ec, anche il nostro tempo \u201cinutile\u201d, quello delle pause, dei vuoti, dei momenti sterili, pu\u00f2 diventare grembo di risurrezione. Ogni silenzio accolto pu\u00f2 essere la premessa di una Parola nuova. Ogni tempo sospeso pu\u00f2 diventare tempo di grazia, se lo offriamo a Dio.<\/p>\n<p>Ges\u00f9, sepolto nella terra, \u00e8 il volto mite di un Dio che non occupa tutto lo spazio. \u00c8 il Dio che lascia fare, che attende, che si ritira per lasciare a noi la libert\u00e0. \u00c8 il Dio che si fida, anche quando tutto sembra finito. E noi, in quel sabato sospeso, impariamo che non dobbiamo avere fretta di risorgere: prima occorre restare, accogliere il silenzio, lasciarci abbracciare dal limite. A volte cerchiamo risposte rapide, soluzioni immediate. Ma Dio lavora nel profondo, nel tempo lento della fiducia. Il sabato della sepoltura diventa cos\u00ec il grembo da cui pu\u00f2 sgorgare la forza di una luce invincibile, quella della Pasqua.<\/p>\n<p>Cari amici, la speranza cristiana non nasce nel rumore, ma nel silenzio di un\u2019attesa abitata dall\u2019amore. Non \u00e8 figlia dell\u2019euforia, ma dell\u2019abbandono fiducioso. Ce lo insegna la Vergine Maria: lei incarna questa attesa, questa fiducia, questa speranza. Quando ci sembra che tutto sia fermo, che la vita sia una strada interrotta, ricordiamoci del Sabato Santo. Anche nel sepolcro, Dio sta preparando la sorpresa pi\u00f9 grande. E se sappiamo accogliere con gratitudine quello che \u00e8 stato, scopriremo che, proprio nella piccolezza e nel silenzio, Dio ama trasfigurare la realt\u00e0, facendo nuove tutte le cose con la fedelt\u00e0 del suo amore. La vera gioia nasce dall\u2019attesa abitata, dalla fede paziente, dalla speranza che quanto \u00e8 vissuto nell\u2019amore, certo, risorger\u00e0 a vita eterna.<\/p>\n<p>______________________________<\/p>\n<p><b>APPELLO<\/b><\/p>\n<p>Esprimo la mia profonda vicinanza al popolo palestinese a Gaza, che continua a vivere nella paura e a sopravvivere in condizioni inaccettabili, costretto con la forza a spostarsi ancora una volta dalle proprie terre. Davanti al Signore Onnipotente che ha comandato: \u00abNon ucciderai\u00bb (<i>Es<\/i>\u00a020,13) e al cospetto dell\u2019intera storia umana, ogni persona ha sempre una dignit\u00e0 inviolabile, da rispettare e da custodire. Rinnovo l\u2019appello al cessate-il-fuoco, al rilascio degli ostaggi, alla soluzione diplomatica negoziata, al rispetto integrale del diritto umanitario internazionale. Invito tutti ad unirsi alla mia accorata preghiera, affinch\u00e9 sorga presto un\u2019alba di pace e di giustizia.<\/p>\n<p><b>Saluti<\/b><\/p>\n<p>Rivolgo un cordiale benvenuto ai pellegrini di lingua italiana. In particolare, saluto i gruppi parrocchiali di Vasto, San Giovanni Rotondo, Rometta Marea, Milazzo e l\u2019Unit\u00e0 pastorale San Paolo VI di Concesio.<\/p>\n<p>Saluto poi i devoti del Santuario dell\u2019Addolorata di Tuscania, il Coordinamento della Divina Misericordia, gli Alpini di Albate e il Gruppo Fenimprese Sicilia.<\/p>\n<p>Il mio pensiero va infine ai giovani, agli ammalati e agli sposi novelli. Siate sempre fedeli all\u2019ideale evangelico, e realizzatelo nelle vostre quotidiane attivit\u00e0.<\/p>\n<p>E, prima di concludere, vorrei ringraziare tutti voi per gli auguri manifestati in questo giorno del mio onomastico. Tante grazie!<\/p>\n<p>A tutti la mia benedizione!<\/p>\n<p><iframe loading=\"lazy\" title=\"September 17, 2025 General Audience- Pope Leo XIV\" width=\"500\" height=\"281\" src=\"https:\/\/www.youtube.com\/embed\/4XOWB5Q38og?feature=oembed\" frameborder=\"0\" allow=\"accelerometer; autoplay; clipboard-write; encrypted-media; gyroscope; picture-in-picture; web-share\" referrerpolicy=\"strict-origin-when-cross-origin\" allowfullscreen><\/iframe><\/p>\n<p>&nbsp;<\/p>\n<\/div>\n<div class=\"abstract text parbase vaticanrichtext\"><\/div>\n","protected":false},"excerpt":{"rendered":"<p>Nell&#8217;udienza generale del 17 settembre 2025, il Papa ha riflettuto sull&#8217;importanza dell&#8217;attesa e del riposo nella vita cristiana<\/p>\n","protected":false},"author":17,"featured_media":135268,"comment_status":"closed","ping_status":"closed","sticky":false,"template":"","format":"standard","meta":{"_acf_changed":false,"_crdt_document":"","inline_featured_image":false,"footnotes":""},"categories":[67,111],"tags":[34840,580,73144,64851,1209,26597,476,3137,73145,34157,2004,58164,578,1351,28666,69942,591,5216,483,5522,579,14223],"class_list":["post-135276","post","type-post","status-publish","format-standard","has-post-thumbnail","hentry","category-leone-xiv","category-udienza-generale","tag-attesa","tag-catechesi","tag-docente-papale","tag-featured-it-2","tag-fede","tag-fiducia-in-dio","tag-giubileo","tag-grazia","tag-il-tempo-di-dio","tag-lezioni-di-vita","tag-meditazione","tag-papa-leone-xiv","tag-preghiera","tag-resurrezione","tag-riflessione-cristiana","tag-riposo-spirituale","tag-sabato-santo","tag-silenzio","tag-speranza","tag-spiritualita","tag-udienza-generale","tag-vita-cristiana"],"acf":[],"yoast_head":"<!-- This site is optimized with the Yoast SEO plugin v27.5 - https:\/\/yoast.com\/product\/yoast-seo-wordpress\/ -->\n<title>Papa Leone XIV invita alla speranza nel silenzio &#8211; Exaudi<\/title>\n<meta name=\"robots\" content=\"index, follow, max-snippet:-1, max-image-preview:large, max-video-preview:-1\" \/>\n<link rel=\"canonical\" href=\"https:\/\/exaudi.org\/it\/papa-leone-xiv-invita-alla-speranza-nel-silenzio\/\" \/>\n<meta property=\"og:locale\" content=\"it_IT\" \/>\n<meta property=\"og:type\" content=\"article\" \/>\n<meta property=\"og:title\" content=\"Papa Leone XIV invita alla speranza nel silenzio &#8211; Exaudi\" \/>\n<meta property=\"og:description\" content=\"Nell&#039;udienza generale del 17 settembre 2025, il Papa ha riflettuto sull&#039;importanza dell&#039;attesa e del riposo nella vita cristiana\" \/>\n<meta property=\"og:url\" content=\"https:\/\/exaudi.org\/it\/papa-leone-xiv-invita-alla-speranza-nel-silenzio\/\" \/>\n<meta property=\"og:site_name\" content=\"Exaudi\" \/>\n<meta property=\"article:publisher\" content=\"https:\/\/www.facebook.com\/ExaudiNews\" \/>\n<meta property=\"article:author\" content=\"https:\/\/www.facebook.com\/ExaudiNotizie\/\" \/>\n<meta property=\"article:published_time\" content=\"2025-09-17T15:01:05+00:00\" \/>\n<meta property=\"og:image\" content=\"https:\/\/exaudi.org\/wp-content\/uploads\/2025\/09\/cq5dam.thumbnail.cropped.750.422-14.jpeg\" \/>\n\t<meta property=\"og:image:width\" content=\"750\" \/>\n\t<meta property=\"og:image:height\" content=\"422\" \/>\n\t<meta property=\"og:image:type\" content=\"image\/jpeg\" \/>\n<meta name=\"author\" content=\"Exaudi Redazione\" \/>\n<meta name=\"twitter:card\" content=\"summary_large_image\" \/>\n<meta name=\"twitter:creator\" content=\"@Exaudi_Notizie\" \/>\n<meta name=\"twitter:site\" content=\"@Exaudi_News\" \/>\n<meta name=\"twitter:label1\" content=\"Scritto da\" \/>\n\t<meta name=\"twitter:data1\" content=\"Exaudi Redazione\" \/>\n\t<meta name=\"twitter:label2\" content=\"Tempo di lettura stimato\" \/>\n\t<meta name=\"twitter:data2\" content=\"6 minuti\" \/>\n<script type=\"application\/ld+json\" class=\"yoast-schema-graph\">{\"@context\":\"https:\\\/\\\/schema.org\",\"@graph\":[{\"@type\":\"Article\",\"@id\":\"https:\\\/\\\/exaudi.org\\\/it\\\/papa-leone-xiv-invita-alla-speranza-nel-silenzio\\\/#article\",\"isPartOf\":{\"@id\":\"https:\\\/\\\/exaudi.org\\\/it\\\/papa-leone-xiv-invita-alla-speranza-nel-silenzio\\\/\"},\"author\":{\"name\":\"Exaudi Redazione\",\"@id\":\"https:\\\/\\\/exaudi.org\\\/#\\\/schema\\\/person\\\/e1ab6ed07c01774724dd96f925f3a5f0\"},\"headline\":\"Papa Leone XIV invita alla speranza nel silenzio\",\"datePublished\":\"2025-09-17T15:01:05+00:00\",\"mainEntityOfPage\":{\"@id\":\"https:\\\/\\\/exaudi.org\\\/it\\\/papa-leone-xiv-invita-alla-speranza-nel-silenzio\\\/\"},\"wordCount\":1142,\"image\":{\"@id\":\"https:\\\/\\\/exaudi.org\\\/it\\\/papa-leone-xiv-invita-alla-speranza-nel-silenzio\\\/#primaryimage\"},\"thumbnailUrl\":\"https:\\\/\\\/exaudi.org\\\/wp-content\\\/uploads\\\/2025\\\/09\\\/cq5dam.thumbnail.cropped.750.422-14.jpeg\",\"keywords\":[\"attesa\",\"catechesi\",\"Docente papale\",\"Featured\",\"fede\",\"Fiducia in Dio\",\"giubileo\",\"grazia\",\"Il tempo di Dio\",\"lezioni di vita\",\"meditazione\",\"Papa Leone XIV\",\"preghiera\",\"resurrezione\",\"riflessione cristiana\",\"Riposo spirituale\",\"Sabato Santo\",\"silenzio\",\"speranza\",\"spiritualit\u00e0\",\"udienza generale\",\"VITA CRISTIANA\"],\"articleSection\":[\"Leone XIV\",\"Udienza generale\"],\"inLanguage\":\"it-IT\"},{\"@type\":\"WebPage\",\"@id\":\"https:\\\/\\\/exaudi.org\\\/it\\\/papa-leone-xiv-invita-alla-speranza-nel-silenzio\\\/\",\"url\":\"https:\\\/\\\/exaudi.org\\\/it\\\/papa-leone-xiv-invita-alla-speranza-nel-silenzio\\\/\",\"name\":\"Papa Leone XIV invita alla speranza nel silenzio &#8211; Exaudi\",\"isPartOf\":{\"@id\":\"https:\\\/\\\/exaudi.org\\\/#website\"},\"primaryImageOfPage\":{\"@id\":\"https:\\\/\\\/exaudi.org\\\/it\\\/papa-leone-xiv-invita-alla-speranza-nel-silenzio\\\/#primaryimage\"},\"image\":{\"@id\":\"https:\\\/\\\/exaudi.org\\\/it\\\/papa-leone-xiv-invita-alla-speranza-nel-silenzio\\\/#primaryimage\"},\"thumbnailUrl\":\"https:\\\/\\\/exaudi.org\\\/wp-content\\\/uploads\\\/2025\\\/09\\\/cq5dam.thumbnail.cropped.750.422-14.jpeg\",\"datePublished\":\"2025-09-17T15:01:05+00:00\",\"author\":{\"@id\":\"https:\\\/\\\/exaudi.org\\\/#\\\/schema\\\/person\\\/e1ab6ed07c01774724dd96f925f3a5f0\"},\"breadcrumb\":{\"@id\":\"https:\\\/\\\/exaudi.org\\\/it\\\/papa-leone-xiv-invita-alla-speranza-nel-silenzio\\\/#breadcrumb\"},\"inLanguage\":\"it-IT\",\"potentialAction\":[{\"@type\":\"ReadAction\",\"target\":[\"https:\\\/\\\/exaudi.org\\\/it\\\/papa-leone-xiv-invita-alla-speranza-nel-silenzio\\\/\"]}]},{\"@type\":\"ImageObject\",\"inLanguage\":\"it-IT\",\"@id\":\"https:\\\/\\\/exaudi.org\\\/it\\\/papa-leone-xiv-invita-alla-speranza-nel-silenzio\\\/#primaryimage\",\"url\":\"https:\\\/\\\/exaudi.org\\\/wp-content\\\/uploads\\\/2025\\\/09\\\/cq5dam.thumbnail.cropped.750.422-14.jpeg\",\"contentUrl\":\"https:\\\/\\\/exaudi.org\\\/wp-content\\\/uploads\\\/2025\\\/09\\\/cq5dam.thumbnail.cropped.750.422-14.jpeg\",\"width\":750,\"height\":422},{\"@type\":\"BreadcrumbList\",\"@id\":\"https:\\\/\\\/exaudi.org\\\/it\\\/papa-leone-xiv-invita-alla-speranza-nel-silenzio\\\/#breadcrumb\",\"itemListElement\":[{\"@type\":\"ListItem\",\"position\":1,\"name\":\"Portada\",\"item\":\"https:\\\/\\\/exaudi.org\\\/it\\\/\"},{\"@type\":\"ListItem\",\"position\":2,\"name\":\"Papa Leone XIV invita alla speranza nel silenzio\"}]},{\"@type\":\"WebSite\",\"@id\":\"https:\\\/\\\/exaudi.org\\\/#website\",\"url\":\"https:\\\/\\\/exaudi.org\\\/\",\"name\":\"Exaudi\",\"description\":\"News\",\"potentialAction\":[{\"@type\":\"SearchAction\",\"target\":{\"@type\":\"EntryPoint\",\"urlTemplate\":\"https:\\\/\\\/exaudi.org\\\/?s={search_term_string}\"},\"query-input\":{\"@type\":\"PropertyValueSpecification\",\"valueRequired\":true,\"valueName\":\"search_term_string\"}}],\"inLanguage\":\"it-IT\"},{\"@type\":\"Person\",\"@id\":\"https:\\\/\\\/exaudi.org\\\/#\\\/schema\\\/person\\\/e1ab6ed07c01774724dd96f925f3a5f0\",\"name\":\"Exaudi Redazione\",\"image\":{\"@type\":\"ImageObject\",\"inLanguage\":\"it-IT\",\"@id\":\"https:\\\/\\\/secure.gravatar.com\\\/avatar\\\/ad6774b3ada023bf5b939d64f45c94b3adf91502dd883507d469b4308a943bb3?s=96&d=mm&r=g\",\"url\":\"https:\\\/\\\/secure.gravatar.com\\\/avatar\\\/ad6774b3ada023bf5b939d64f45c94b3adf91502dd883507d469b4308a943bb3?s=96&d=mm&r=g\",\"contentUrl\":\"https:\\\/\\\/secure.gravatar.com\\\/avatar\\\/ad6774b3ada023bf5b939d64f45c94b3adf91502dd883507d469b4308a943bb3?s=96&d=mm&r=g\",\"caption\":\"Exaudi Redazione\"},\"description\":\"Che cosa \u00e8 Exaudi News? Exaudi News \u00e8 un agenzia cattolica internazionale che informa, istruisce e trasforma quotidianamente in spagnolo, inglese e italiano. Attraverso notizie, articoli di analisi e trasmissioni in diretta degli eventi del Papa, Exaudi cerca di rafforzare l'unit\u00e0 dei cristiani e di contribuire all'evangelizzazione del mondo, sempre guidato dalla dottrina sociale della Chiesa. Lavoriamo per portare la verit\u00e0 e i valori cristiani in ogni angolo del pianeta. Aiutaci a trasformare il mondo con Exaudi! Noi di Exaudi crediamo che l'evangelizzazione e l'informazione di qualit\u00e0 possano cambiare la vita. Per continuare la nostra missione ed espandere la nostra portata, abbiamo bisogno del tuo aiuto. Stiamo anche cercando persone motivate che vogliano unirsi al nostro team. Grazie al vostro sostegno raggiungeremo pi\u00f9 persone, diffonderemo il messaggio di Cristo e rafforzeremo l'unit\u00e0 dei cristiani. Vuoi unirti alla nostra missione? Per maggiori informazioni su come contribuire, visita Exaudi.org\\\/it o contattaci direttamente: info@exaudi.org Exaudi: informa, forma e trasforma.\",\"sameAs\":[\"https:\\\/\\\/www.facebook.com\\\/ExaudiNotizie\\\/\",\"https:\\\/\\\/www.instagram.com\\\/Exaudi_notizie\\\/\",\"https:\\\/\\\/x.com\\\/Exaudi_Notizie\",\"https:\\\/\\\/www.youtube.com\\\/@exaudicatholicnews\"],\"url\":\"https:\\\/\\\/exaudi.org\\\/it\\\/author\\\/dlvedi-org\\\/\"}]}<\/script>\n<!-- \/ Yoast SEO plugin. -->","yoast_head_json":{"title":"Papa Leone XIV invita alla speranza nel silenzio &#8211; Exaudi","robots":{"index":"index","follow":"follow","max-snippet":"max-snippet:-1","max-image-preview":"max-image-preview:large","max-video-preview":"max-video-preview:-1"},"canonical":"https:\/\/exaudi.org\/it\/papa-leone-xiv-invita-alla-speranza-nel-silenzio\/","og_locale":"it_IT","og_type":"article","og_title":"Papa Leone XIV invita alla speranza nel silenzio &#8211; Exaudi","og_description":"Nell'udienza generale del 17 settembre 2025, il Papa ha riflettuto sull'importanza dell'attesa e del riposo nella vita cristiana","og_url":"https:\/\/exaudi.org\/it\/papa-leone-xiv-invita-alla-speranza-nel-silenzio\/","og_site_name":"Exaudi","article_publisher":"https:\/\/www.facebook.com\/ExaudiNews","article_author":"https:\/\/www.facebook.com\/ExaudiNotizie\/","article_published_time":"2025-09-17T15:01:05+00:00","og_image":[{"width":750,"height":422,"url":"https:\/\/exaudi.org\/wp-content\/uploads\/2025\/09\/cq5dam.thumbnail.cropped.750.422-14.jpeg","type":"image\/jpeg"}],"author":"Exaudi Redazione","twitter_card":"summary_large_image","twitter_creator":"@Exaudi_Notizie","twitter_site":"@Exaudi_News","twitter_misc":{"Scritto da":"Exaudi Redazione","Tempo di lettura stimato":"6 minuti"},"schema":{"@context":"https:\/\/schema.org","@graph":[{"@type":"Article","@id":"https:\/\/exaudi.org\/it\/papa-leone-xiv-invita-alla-speranza-nel-silenzio\/#article","isPartOf":{"@id":"https:\/\/exaudi.org\/it\/papa-leone-xiv-invita-alla-speranza-nel-silenzio\/"},"author":{"name":"Exaudi Redazione","@id":"https:\/\/exaudi.org\/#\/schema\/person\/e1ab6ed07c01774724dd96f925f3a5f0"},"headline":"Papa Leone XIV invita alla speranza nel silenzio","datePublished":"2025-09-17T15:01:05+00:00","mainEntityOfPage":{"@id":"https:\/\/exaudi.org\/it\/papa-leone-xiv-invita-alla-speranza-nel-silenzio\/"},"wordCount":1142,"image":{"@id":"https:\/\/exaudi.org\/it\/papa-leone-xiv-invita-alla-speranza-nel-silenzio\/#primaryimage"},"thumbnailUrl":"https:\/\/exaudi.org\/wp-content\/uploads\/2025\/09\/cq5dam.thumbnail.cropped.750.422-14.jpeg","keywords":["attesa","catechesi","Docente papale","Featured","fede","Fiducia in Dio","giubileo","grazia","Il tempo di Dio","lezioni di vita","meditazione","Papa Leone XIV","preghiera","resurrezione","riflessione cristiana","Riposo spirituale","Sabato Santo","silenzio","speranza","spiritualit\u00e0","udienza generale","VITA CRISTIANA"],"articleSection":["Leone XIV","Udienza generale"],"inLanguage":"it-IT"},{"@type":"WebPage","@id":"https:\/\/exaudi.org\/it\/papa-leone-xiv-invita-alla-speranza-nel-silenzio\/","url":"https:\/\/exaudi.org\/it\/papa-leone-xiv-invita-alla-speranza-nel-silenzio\/","name":"Papa Leone XIV invita alla speranza nel silenzio &#8211; Exaudi","isPartOf":{"@id":"https:\/\/exaudi.org\/#website"},"primaryImageOfPage":{"@id":"https:\/\/exaudi.org\/it\/papa-leone-xiv-invita-alla-speranza-nel-silenzio\/#primaryimage"},"image":{"@id":"https:\/\/exaudi.org\/it\/papa-leone-xiv-invita-alla-speranza-nel-silenzio\/#primaryimage"},"thumbnailUrl":"https:\/\/exaudi.org\/wp-content\/uploads\/2025\/09\/cq5dam.thumbnail.cropped.750.422-14.jpeg","datePublished":"2025-09-17T15:01:05+00:00","author":{"@id":"https:\/\/exaudi.org\/#\/schema\/person\/e1ab6ed07c01774724dd96f925f3a5f0"},"breadcrumb":{"@id":"https:\/\/exaudi.org\/it\/papa-leone-xiv-invita-alla-speranza-nel-silenzio\/#breadcrumb"},"inLanguage":"it-IT","potentialAction":[{"@type":"ReadAction","target":["https:\/\/exaudi.org\/it\/papa-leone-xiv-invita-alla-speranza-nel-silenzio\/"]}]},{"@type":"ImageObject","inLanguage":"it-IT","@id":"https:\/\/exaudi.org\/it\/papa-leone-xiv-invita-alla-speranza-nel-silenzio\/#primaryimage","url":"https:\/\/exaudi.org\/wp-content\/uploads\/2025\/09\/cq5dam.thumbnail.cropped.750.422-14.jpeg","contentUrl":"https:\/\/exaudi.org\/wp-content\/uploads\/2025\/09\/cq5dam.thumbnail.cropped.750.422-14.jpeg","width":750,"height":422},{"@type":"BreadcrumbList","@id":"https:\/\/exaudi.org\/it\/papa-leone-xiv-invita-alla-speranza-nel-silenzio\/#breadcrumb","itemListElement":[{"@type":"ListItem","position":1,"name":"Portada","item":"https:\/\/exaudi.org\/it\/"},{"@type":"ListItem","position":2,"name":"Papa Leone XIV invita alla speranza nel silenzio"}]},{"@type":"WebSite","@id":"https:\/\/exaudi.org\/#website","url":"https:\/\/exaudi.org\/","name":"Exaudi","description":"News","potentialAction":[{"@type":"SearchAction","target":{"@type":"EntryPoint","urlTemplate":"https:\/\/exaudi.org\/?s={search_term_string}"},"query-input":{"@type":"PropertyValueSpecification","valueRequired":true,"valueName":"search_term_string"}}],"inLanguage":"it-IT"},{"@type":"Person","@id":"https:\/\/exaudi.org\/#\/schema\/person\/e1ab6ed07c01774724dd96f925f3a5f0","name":"Exaudi Redazione","image":{"@type":"ImageObject","inLanguage":"it-IT","@id":"https:\/\/secure.gravatar.com\/avatar\/ad6774b3ada023bf5b939d64f45c94b3adf91502dd883507d469b4308a943bb3?s=96&d=mm&r=g","url":"https:\/\/secure.gravatar.com\/avatar\/ad6774b3ada023bf5b939d64f45c94b3adf91502dd883507d469b4308a943bb3?s=96&d=mm&r=g","contentUrl":"https:\/\/secure.gravatar.com\/avatar\/ad6774b3ada023bf5b939d64f45c94b3adf91502dd883507d469b4308a943bb3?s=96&d=mm&r=g","caption":"Exaudi Redazione"},"description":"Che cosa \u00e8 Exaudi News? Exaudi News \u00e8 un agenzia cattolica internazionale che informa, istruisce e trasforma quotidianamente in spagnolo, inglese e italiano. Attraverso notizie, articoli di analisi e trasmissioni in diretta degli eventi del Papa, Exaudi cerca di rafforzare l'unit\u00e0 dei cristiani e di contribuire all'evangelizzazione del mondo, sempre guidato dalla dottrina sociale della Chiesa. Lavoriamo per portare la verit\u00e0 e i valori cristiani in ogni angolo del pianeta. Aiutaci a trasformare il mondo con Exaudi! Noi di Exaudi crediamo che l'evangelizzazione e l'informazione di qualit\u00e0 possano cambiare la vita. Per continuare la nostra missione ed espandere la nostra portata, abbiamo bisogno del tuo aiuto. Stiamo anche cercando persone motivate che vogliano unirsi al nostro team. Grazie al vostro sostegno raggiungeremo pi\u00f9 persone, diffonderemo il messaggio di Cristo e rafforzeremo l'unit\u00e0 dei cristiani. Vuoi unirti alla nostra missione? Per maggiori informazioni su come contribuire, visita Exaudi.org\/it o contattaci direttamente: info@exaudi.org Exaudi: informa, forma e trasforma.","sameAs":["https:\/\/www.facebook.com\/ExaudiNotizie\/","https:\/\/www.instagram.com\/Exaudi_notizie\/","https:\/\/x.com\/Exaudi_Notizie","https:\/\/www.youtube.com\/@exaudicatholicnews"],"url":"https:\/\/exaudi.org\/it\/author\/dlvedi-org\/"}]}},"jetpack_featured_media_url":"https:\/\/exaudi.org\/wp-content\/uploads\/2025\/09\/cq5dam.thumbnail.cropped.750.422-14.jpeg","jetpack_shortlink":"https:\/\/wp.me\/pgKjF2-zbS","_links":{"self":[{"href":"https:\/\/exaudi.org\/it\/wp-json\/wp\/v2\/posts\/135276","targetHints":{"allow":["GET"]}}],"collection":[{"href":"https:\/\/exaudi.org\/it\/wp-json\/wp\/v2\/posts"}],"about":[{"href":"https:\/\/exaudi.org\/it\/wp-json\/wp\/v2\/types\/post"}],"author":[{"embeddable":true,"href":"https:\/\/exaudi.org\/it\/wp-json\/wp\/v2\/users\/17"}],"replies":[{"embeddable":true,"href":"https:\/\/exaudi.org\/it\/wp-json\/wp\/v2\/comments?post=135276"}],"version-history":[{"count":4,"href":"https:\/\/exaudi.org\/it\/wp-json\/wp\/v2\/posts\/135276\/revisions"}],"predecessor-version":[{"id":135280,"href":"https:\/\/exaudi.org\/it\/wp-json\/wp\/v2\/posts\/135276\/revisions\/135280"}],"wp:featuredmedia":[{"embeddable":true,"href":"https:\/\/exaudi.org\/it\/wp-json\/wp\/v2\/media\/135268"}],"wp:attachment":[{"href":"https:\/\/exaudi.org\/it\/wp-json\/wp\/v2\/media?parent=135276"}],"wp:term":[{"taxonomy":"category","embeddable":true,"href":"https:\/\/exaudi.org\/it\/wp-json\/wp\/v2\/categories?post=135276"},{"taxonomy":"post_tag","embeddable":true,"href":"https:\/\/exaudi.org\/it\/wp-json\/wp\/v2\/tags?post=135276"}],"curies":[{"name":"wp","href":"https:\/\/api.w.org\/{rel}","templated":true}]}}