{"id":135182,"date":"2025-09-16T19:15:38","date_gmt":"2025-09-16T17:15:38","guid":{"rendered":"https:\/\/exaudi.org\/?p=135182"},"modified":"2025-09-16T19:15:38","modified_gmt":"2025-09-16T17:15:38","slug":"orgoglio-di-maternita","status":"publish","type":"post","link":"https:\/\/exaudi.org\/it\/orgoglio-di-maternita\/","title":{"rendered":"Orgoglio di maternit\u00e0"},"content":{"rendered":"<p><strong><span dir=\"auto\" style=\"vertical-align: inherit\"><span dir=\"auto\" style=\"vertical-align: inherit\">Essere madre non \u00e8 mai stato facile. I figli sono quasi sempre prematuri e arrivano a sconvolgere e stravolgere i nostri piani<\/span><\/span><\/strong><span dir=\"auto\" style=\"vertical-align: inherit\"><span dir=\"auto\" style=\"vertical-align: inherit\"> \u00a0 di vita personale e professionale e, naturalmente, a mandare all&#8217;aria anni di diete e allenamenti in palestra. Vivere con un figlio estremamente dipendente che ha cos\u00ec tanto bisogno di noi non \u00e8 facile, non importa quanto amore gli si dia. Ma <\/span><\/span><strong><span dir=\"auto\" style=\"vertical-align: inherit\"><span dir=\"auto\" style=\"vertical-align: inherit\">\u00a0per le donne con difficolt\u00e0 economiche, la maternit\u00e0 diventa non solo una questione di priorit\u00e0, ma un&#8217;impresa eroica assoluta.<\/span><\/span><\/strong><\/p>\n<p><span dir=\"auto\" style=\"vertical-align: inherit\"><span dir=\"auto\" style=\"vertical-align: inherit\">Oggi, a tutte le difficolt\u00e0 e i sacrifici che comporta essere madre, bisogna aggiungere l&#8217;assoluto\u00a0\u00a0 <\/span><\/span><strong><span dir=\"auto\" style=\"vertical-align: inherit\"><span dir=\"auto\" style=\"vertical-align: inherit\">discredito sociale a cui \u00e8 sottoposta la maternit\u00e0,<\/span><\/span><\/strong><span dir=\"auto\" style=\"vertical-align: inherit\"><span dir=\"auto\" style=\"vertical-align: inherit\"> \u00a0 nonch\u00e9 la mancanza di misure ragionevoli per facilitare l&#8217;integrazione tra vita familiare e vita lavorativa.<\/span><\/span><\/p>\n<p><span dir=\"auto\" style=\"vertical-align: inherit\"><span dir=\"auto\" style=\"vertical-align: inherit\">In questo contesto, \u00e8 gratificante leggere l&#8217;ultimo\u00a0\u00a0 libro <\/span><\/span><strong><a href=\"https:\/\/www.amazon.es\/Orgullo-madre-Claves-Mar%C3%ADa-Charro\/dp\/8432166456\" target=\"_blank\" rel=\"noopener\"><span dir=\"auto\" style=\"vertical-align: inherit\"><span dir=\"auto\" style=\"vertical-align: inherit\">di Mar\u00eda Calvo<\/span><\/span><\/a><span dir=\"auto\" style=\"vertical-align: inherit\"><span dir=\"auto\" style=\"vertical-align: inherit\">,\u00a0 <\/span><\/span><em><span dir=\"auto\" style=\"vertical-align: inherit\"><span dir=\"auto\" style=\"vertical-align: inherit\">Orgullo de madre<\/span><\/span><\/em><span dir=\"auto\" style=\"vertical-align: inherit\"><span dir=\"auto\" style=\"vertical-align: inherit\"> \u00a0(Rialp). <\/span><\/span><\/strong>\u00a0\u00a0<strong><span dir=\"auto\" style=\"vertical-align: inherit\"><span dir=\"auto\" style=\"vertical-align: inherit\">Mar\u00eda Calvo<\/span><\/span><\/strong><span dir=\"auto\" style=\"vertical-align: inherit\"><span dir=\"auto\" style=\"vertical-align: inherit\"> \u00a0ci invita a riflettere sulla maternit\u00e0 nel contesto attuale, in cui essere madre \u00e8 una sfida che va oltre la genitorialit\u00e0 e diventa un atto di trasformazione sociale. Mi ricorda le parole di Giovanni Paolo II: le\u00a0\u00a0 <\/span><\/span><strong><span dir=\"auto\" style=\"vertical-align: inherit\"><span dir=\"auto\" style=\"vertical-align: inherit\">donne sono le umanizzartici della societ\u00e0.<\/span><\/span><\/strong><\/p>\n<p><span dir=\"auto\" style=\"vertical-align: inherit\"><span dir=\"auto\" style=\"vertical-align: inherit\">Nonostante tutte le difficolt\u00e0 che comporta diventare madre, la realt\u00e0 \u00e8 che molte donne, alcune in circostanze profondamente traumatiche e completamente sole, decidono di portare avanti una gravidanza &#8220;indesiderata&#8221;. <\/span><\/span><strong><span dir=\"auto\" style=\"vertical-align: inherit\"><span dir=\"auto\" style=\"vertical-align: inherit\">In questi casi, l&#8217;amore supera la paura e l&#8217;insicurezza.\u00a0\u00a0<\/span><\/span><\/strong><span dir=\"auto\" style=\"vertical-align: inherit\"><span dir=\"auto\" style=\"vertical-align: inherit\"> Per queste donne coraggiose, la comprensione sociale e il sostegno da parte delle autorit\u00e0 pubbliche sono praticamente inesistenti.<\/span><\/span><\/p>\n<p><span dir=\"auto\" style=\"vertical-align: inherit\"><span dir=\"auto\" style=\"vertical-align: inherit\">Tuttavia, la maternit\u00e0 \u00e8 anche, afferma Mar\u00eda Calvo, l&#8217;esperienza pi\u00f9 emozionante e gratificante per una donna. Questo concetto viene ripetuto in tutto il libro con approcci diversi.<\/span><\/span><\/p>\n<p><span dir=\"auto\" style=\"vertical-align: inherit\"><span dir=\"auto\" style=\"vertical-align: inherit\">Ho adorato questa citazione:\u00a0\u00a0 <\/span><\/span><strong><span dir=\"auto\" style=\"vertical-align: inherit\"><span dir=\"auto\" style=\"vertical-align: inherit\">&#8220;Nulla ti prepara a essere madre, ma essere madre ti prepara a tutto&#8221;.\u00a0\u00a0<\/span><\/span><\/strong><span dir=\"auto\" style=\"vertical-align: inherit\"><span dir=\"auto\" style=\"vertical-align: inherit\"> Pertanto,\u00a0 <\/span><\/span><strong><a href=\"https:\/\/www.womanessentia.com\/personas\/familia-y-educacion\/la-maternidad-la-empresa-donde-el-100-de-los-lideres-son-mujeres-feliz-dia-de-la-madre\/\" target=\"_blank\" rel=\"noopener\"><span dir=\"auto\" style=\"vertical-align: inherit\"><span dir=\"auto\" style=\"vertical-align: inherit\">la societ\u00e0 dovrebbe essere in grado di valorizzare le virt\u00f9 e le competenze che una donna sviluppa<\/span><\/span><\/a><\/strong><span dir=\"auto\" style=\"vertical-align: inherit\"><span dir=\"auto\" style=\"vertical-align: inherit\"> \u00a0quando mette al mondo un figlio, tutte estremamente utili e vantaggiose sul posto di lavoro, professionalmente e socialmente.<\/span><\/span><\/p>\n<p><span dir=\"auto\" style=\"vertical-align: inherit\"><span dir=\"auto\" style=\"vertical-align: inherit\">Mi piace dire che\u00a0\u00a0 <\/span><\/span><strong><span dir=\"auto\" style=\"vertical-align: inherit\"><span dir=\"auto\" style=\"vertical-align: inherit\">essere madre \u00e8 un plus nel curriculum di una donna<\/span><\/span><\/strong><span dir=\"auto\" style=\"vertical-align: inherit\"><span dir=\"auto\" style=\"vertical-align: inherit\">, un plus che le aziende di solito non apprezzano. Essere madre favorisce flessibilit\u00e0, immaginazione, intuizione, cooperazione, espressivit\u00e0 emotiva, empatia, pazienza, affetto, consenso, pragmatismo, capacit\u00e0 di improvvisazione, visione contestuale e un&#8217;eccellente gestione del tempo: queste sono\u00a0\u00a0 <\/span><\/span><strong><span dir=\"auto\" style=\"vertical-align: inherit\"><span dir=\"auto\" style=\"vertical-align: inherit\">alcune delle capacit\u00e0 sociali innate delle donne, quasi tutte accentuate o rafforzate dalla maternit\u00e0<\/span><\/span><\/strong><span dir=\"auto\" style=\"vertical-align: inherit\"><span dir=\"auto\" style=\"vertical-align: inherit\">, che, secondo gli esperti, saranno un valore crescente in quasi tutti i settori dell&#8217;economia odierna. <\/span><\/span><strong><span dir=\"auto\" style=\"vertical-align: inherit\"><span dir=\"auto\" style=\"vertical-align: inherit\">Un figlio \u00e8 un dono per sua madre. Ma una madre \u00e8 un dono per la societ\u00e0 nel suo complesso.<\/span><\/span><\/strong><\/p>\n<p><strong><span dir=\"auto\" style=\"vertical-align: inherit\"><span dir=\"auto\" style=\"vertical-align: inherit\">Abbiamo bisogno di una societ\u00e0 orgogliosa delle sue madri<\/span><\/span><\/strong><span dir=\"auto\" style=\"vertical-align: inherit\"><span dir=\"auto\" style=\"vertical-align: inherit\">. Una societ\u00e0 che, con misure fantasiose, permetta loro di rimanere integrate nel mondo del lavoro e nella vita professionale senza ansia e angoscia costanti; una societ\u00e0 che renda possibile essere madri e professioniste o lavoratrici senza esaurimento cronico. <\/span><\/span><strong><span dir=\"auto\" style=\"vertical-align: inherit\"><span dir=\"auto\" style=\"vertical-align: inherit\">Una societ\u00e0 che valorizzi la loro generosit\u00e0, il loro impegno e il loro sacrificio, ma che allo stesso tempo sia capace di trasmettere la bellezza della maternit\u00e0 e il suo immenso valore<\/span><\/span><\/strong><span dir=\"auto\" style=\"vertical-align: inherit\"><span dir=\"auto\" style=\"vertical-align: inherit\"> ; che dia alle donne che sono state madri tutto il sostegno, la comprensione, il riconoscimento e l&#8217;apprezzamento che meritano, perch\u00e9 il contributo sociale di queste donne coraggiose e avventurose \u00e8 assolutamente inestimabile.<\/span><\/span><\/p>\n<p><span dir=\"auto\" style=\"vertical-align: inherit\"><span dir=\"auto\" style=\"vertical-align: inherit\">Un&#8217;altra idea ricorrente nel libro \u00e8 che <strong>&#8220;<\/strong><\/span><\/span><strong><span dir=\"auto\" style=\"vertical-align: inherit\"><span dir=\"auto\" style=\"vertical-align: inherit\">dobbiamo &#8216;maternizzare&#8217; questa societ\u00e0 erosa&#8221;<\/span><\/span><\/strong><span dir=\"auto\" style=\"vertical-align: inherit\"><span dir=\"auto\" style=\"vertical-align: inherit\">. Questo cambiamento pu\u00f2 venire solo dalle donne&#8221;. Ma per raggiungere questo obiettivo, \u00e8 essenziale che prendano coscienza del privilegio o del grande potenziale della loro natura &#8220;che irradia maternit\u00e0&#8221; e che tornino generosamente ad amare la vita e se stesse. La forza morale di una donna che ama possiede un&#8217;enorme energia curativa, oltre a una bellezza e una potenza incommensurabili,\u00a0 <\/span><\/span><strong><span dir=\"auto\" style=\"vertical-align: inherit\"><span dir=\"auto\" style=\"vertical-align: inherit\">capaci di umanizzare il mondo, restituendogli la dignit\u00e0 del misterioso, del bello, del sublime.<\/span><\/span><\/strong><\/p>\n<p><span dir=\"auto\" style=\"vertical-align: inherit\"><span dir=\"auto\" style=\"vertical-align: inherit\">In questa impresa, la famiglia \u00e8 un elemento essenziale. Una famiglia, sempre imperfetta, ma in cui \u00e8 pi\u00f9 facile affrontare le avversit\u00e0 e dove troveremo la bussola, la roccia, il porto, l&#8217;accampamento, la base in cui riposare e recuperare la forza che solo l&#8217;amore sincero pu\u00f2 darci, qualunque siano le difficolt\u00e0 della vita.<\/span><\/span><\/p>\n<p><span dir=\"auto\" style=\"vertical-align: inherit\"><span dir=\"auto\" style=\"vertical-align: inherit\">In definitiva, il libro analizza\u00a0 <\/span><\/span><strong><span dir=\"auto\" style=\"vertical-align: inherit\"><span dir=\"auto\" style=\"vertical-align: inherit\">la maternit\u00e0<\/span><\/span><\/strong><span dir=\"auto\" style=\"vertical-align: inherit\"><span dir=\"auto\" style=\"vertical-align: inherit\"> \u00a0non solo come esperienza personale, ma come pilastro fondamentale della societ\u00e0. Sottolinea che si <\/span><\/span><strong><span dir=\"auto\" style=\"vertical-align: inherit\"><span dir=\"auto\" style=\"vertical-align: inherit\">\u00a0tratta di trasformare il &#8220;senso di colpa&#8221; di essere madre in &#8220;orgoglio<\/span><\/span><\/strong><span dir=\"auto\" style=\"vertical-align: inherit\"><span dir=\"auto\" style=\"vertical-align: inherit\">&#8220;, esortando le donne ad amare se stesse e la vita.<\/span><\/span><\/p>\n<p><strong><span dir=\"auto\" style=\"vertical-align: inherit\"><span dir=\"auto\" style=\"vertical-align: inherit\">&#8220;Orgullo de Madre&#8221; \u00e8 un omaggio alla vita e alla femminilit\u00e0,\u00a0<\/span><\/span><\/strong><span dir=\"auto\" style=\"vertical-align: inherit\"><span dir=\"auto\" style=\"vertical-align: inherit\"> un&#8217;opera che emancipa le donne nel loro ruolo pi\u00f9 naturale e trascendentale. Mar\u00eda Calvo ci offre\u00a0 <\/span><\/span><strong><span dir=\"auto\" style=\"vertical-align: inherit\"><span dir=\"auto\" style=\"vertical-align: inherit\">un messaggio di speranza e forza<\/span><\/span><\/strong><span dir=\"auto\" style=\"vertical-align: inherit\"><span dir=\"auto\" style=\"vertical-align: inherit\">, ricordandoci che la maternit\u00e0 \u00e8 una vocazione che arricchisce non solo la famiglia ma l&#8217;intera societ\u00e0, dove\u00a0 <\/span><\/span><strong><span dir=\"auto\" style=\"vertical-align: inherit\"><span dir=\"auto\" style=\"vertical-align: inherit\">la figura della madre \u00e8 essenziale per infondere solidi valori e principi nelle nuove generazioni.<\/span><\/span><\/strong><\/p>\n","protected":false},"excerpt":{"rendered":"<p>La maternit\u00e0 come atto di coraggio, trasformazione sociale e fonte di orgoglio<\/p>\n","protected":false},"author":157,"featured_media":134828,"comment_status":"closed","ping_status":"closed","sticky":false,"template":"","format":"standard","meta":{"_acf_changed":false,"_crdt_document":"","inline_featured_image":false,"footnotes":""},"categories":[129],"tags":[25571,28097,17287,73009,73010,29675,41048,758,56671,73004,13547,73006,11774,73007,14685,12701,73011,12139,29381,73012,11786,73008,483,14780,16223,64787,73005,19058,73013],"class_list":["post-135182","post","type-post","status-publish","format-standard","has-post-thumbnail","hentry","category-voci","tag-amore-materno","tag-benessere-familiare","tag-competenze-sociali","tag-donne-coraggiose","tag-donne-e-lavoro","tag-emancipazione-femminile","tag-equilibrio-tra-lavoro-e-vita-privata","tag-famiglia","tag-femminilita","tag-forza-femminile","tag-genitorialita","tag-integrazione-lavorativa","tag-istruzione","tag-libro-sulla-maternita","tag-maria-calvo-2","tag-maternita","tag-orgoglio-di-maternita","tag-resilienza","tag-riconoscimento-sociale","tag-sacrificio-materno","tag-societa","tag-societa-materna","tag-speranza","tag-sviluppo-personale","tag-trasformazione-sociale","tag-trending-it-236","tag-umanizzazione-sociale","tag-valori-familiari","tag-vocazione-materna"],"acf":[],"yoast_head":"<!-- This site is optimized with the Yoast SEO plugin v27.5 - https:\/\/yoast.com\/product\/yoast-seo-wordpress\/ -->\n<title>Orgoglio di maternit\u00e0 &#8211; Exaudi<\/title>\n<meta name=\"robots\" content=\"index, follow, max-snippet:-1, max-image-preview:large, max-video-preview:-1\" \/>\n<link rel=\"canonical\" href=\"https:\/\/exaudi.org\/it\/orgoglio-di-maternita\/\" \/>\n<meta property=\"og:locale\" content=\"it_IT\" \/>\n<meta property=\"og:type\" content=\"article\" \/>\n<meta property=\"og:title\" content=\"Orgoglio di maternit\u00e0 &#8211; Exaudi\" \/>\n<meta property=\"og:description\" content=\"La maternit\u00e0 come atto di coraggio, trasformazione sociale e fonte di orgoglio\" \/>\n<meta property=\"og:url\" content=\"https:\/\/exaudi.org\/it\/orgoglio-di-maternita\/\" \/>\n<meta property=\"og:site_name\" content=\"Exaudi\" \/>\n<meta property=\"article:publisher\" content=\"https:\/\/www.facebook.com\/ExaudiNews\" \/>\n<meta property=\"article:author\" content=\"https:\/\/marketingyservicios.com\/\" \/>\n<meta property=\"article:published_time\" content=\"2025-09-16T17:15:38+00:00\" \/>\n<meta property=\"og:image\" content=\"https:\/\/exaudi.org\/wp-content\/uploads\/2025\/09\/pexels-pawel-l-435199-1224832-scaled.jpg\" \/>\n\t<meta property=\"og:image:width\" content=\"2560\" \/>\n\t<meta property=\"og:image:height\" content=\"1707\" \/>\n\t<meta property=\"og:image:type\" content=\"image\/jpeg\" \/>\n<meta name=\"author\" content=\"Marketing y Servicios\" \/>\n<meta name=\"twitter:card\" content=\"summary_large_image\" \/>\n<meta name=\"twitter:creator\" content=\"@mentoring_sev\" \/>\n<meta name=\"twitter:site\" content=\"@Exaudi_News\" \/>\n<meta name=\"twitter:label1\" content=\"Scritto da\" \/>\n\t<meta name=\"twitter:data1\" content=\"Marketing y Servicios\" \/>\n\t<meta name=\"twitter:label2\" content=\"Tempo di lettura stimato\" \/>\n\t<meta name=\"twitter:data2\" content=\"4 minuti\" \/>\n<script type=\"application\/ld+json\" class=\"yoast-schema-graph\">{\"@context\":\"https:\\\/\\\/schema.org\",\"@graph\":[{\"@type\":\"Article\",\"@id\":\"https:\\\/\\\/exaudi.org\\\/it\\\/orgoglio-di-maternita\\\/#article\",\"isPartOf\":{\"@id\":\"https:\\\/\\\/exaudi.org\\\/it\\\/orgoglio-di-maternita\\\/\"},\"author\":{\"name\":\"Marketing y Servicios\",\"@id\":\"https:\\\/\\\/exaudi.org\\\/#\\\/schema\\\/person\\\/0ec39b1037553be7468a8044044a7283\"},\"headline\":\"Orgoglio di maternit\u00e0\",\"datePublished\":\"2025-09-16T17:15:38+00:00\",\"mainEntityOfPage\":{\"@id\":\"https:\\\/\\\/exaudi.org\\\/it\\\/orgoglio-di-maternita\\\/\"},\"wordCount\":778,\"image\":{\"@id\":\"https:\\\/\\\/exaudi.org\\\/it\\\/orgoglio-di-maternita\\\/#primaryimage\"},\"thumbnailUrl\":\"https:\\\/\\\/exaudi.org\\\/wp-content\\\/uploads\\\/2025\\\/09\\\/pexels-pawel-l-435199-1224832-scaled.jpg\",\"keywords\":[\"amore materno\",\"Benessere familiare\",\"COMPETENZE SOCIALI\",\"Donne coraggiose\",\"Donne e lavoro\",\"Emancipazione femminile\",\"equilibrio tra lavoro e vita privata\",\"famiglia\",\"femminilit\u00e0\",\"Forza femminile\",\"GENITORIALIT\u00c0\",\"Integrazione lavorativa\",\"ISTRUZIONE\",\"Libro sulla maternit\u00e0\",\"MAR\u00cdA CALVO\",\"MATERNIT\u00c0\",\"Orgoglio di maternit\u00e0\",\"RESILIENZA\",\"riconoscimento sociale\",\"Sacrificio materno\",\"SOCIET\u00c0\",\"Societ\u00e0 materna\",\"speranza\",\"SVILUPPO PERSONALE\",\"TRASFORMAZIONE SOCIALE\",\"Trending\",\"Umanizzazione sociale\",\"VALORI FAMILIARI\",\"Vocazione materna\"],\"articleSection\":[\"Voci\"],\"inLanguage\":\"it-IT\"},{\"@type\":\"WebPage\",\"@id\":\"https:\\\/\\\/exaudi.org\\\/it\\\/orgoglio-di-maternita\\\/\",\"url\":\"https:\\\/\\\/exaudi.org\\\/it\\\/orgoglio-di-maternita\\\/\",\"name\":\"Orgoglio di maternit\u00e0 &#8211; Exaudi\",\"isPartOf\":{\"@id\":\"https:\\\/\\\/exaudi.org\\\/#website\"},\"primaryImageOfPage\":{\"@id\":\"https:\\\/\\\/exaudi.org\\\/it\\\/orgoglio-di-maternita\\\/#primaryimage\"},\"image\":{\"@id\":\"https:\\\/\\\/exaudi.org\\\/it\\\/orgoglio-di-maternita\\\/#primaryimage\"},\"thumbnailUrl\":\"https:\\\/\\\/exaudi.org\\\/wp-content\\\/uploads\\\/2025\\\/09\\\/pexels-pawel-l-435199-1224832-scaled.jpg\",\"datePublished\":\"2025-09-16T17:15:38+00:00\",\"author\":{\"@id\":\"https:\\\/\\\/exaudi.org\\\/#\\\/schema\\\/person\\\/0ec39b1037553be7468a8044044a7283\"},\"breadcrumb\":{\"@id\":\"https:\\\/\\\/exaudi.org\\\/it\\\/orgoglio-di-maternita\\\/#breadcrumb\"},\"inLanguage\":\"it-IT\",\"potentialAction\":[{\"@type\":\"ReadAction\",\"target\":[\"https:\\\/\\\/exaudi.org\\\/it\\\/orgoglio-di-maternita\\\/\"]}]},{\"@type\":\"ImageObject\",\"inLanguage\":\"it-IT\",\"@id\":\"https:\\\/\\\/exaudi.org\\\/it\\\/orgoglio-di-maternita\\\/#primaryimage\",\"url\":\"https:\\\/\\\/exaudi.org\\\/wp-content\\\/uploads\\\/2025\\\/09\\\/pexels-pawel-l-435199-1224832-scaled.jpg\",\"contentUrl\":\"https:\\\/\\\/exaudi.org\\\/wp-content\\\/uploads\\\/2025\\\/09\\\/pexels-pawel-l-435199-1224832-scaled.jpg\",\"width\":2560,\"height\":1707},{\"@type\":\"BreadcrumbList\",\"@id\":\"https:\\\/\\\/exaudi.org\\\/it\\\/orgoglio-di-maternita\\\/#breadcrumb\",\"itemListElement\":[{\"@type\":\"ListItem\",\"position\":1,\"name\":\"Portada\",\"item\":\"https:\\\/\\\/exaudi.org\\\/it\\\/\"},{\"@type\":\"ListItem\",\"position\":2,\"name\":\"Orgoglio di maternit\u00e0\"}]},{\"@type\":\"WebSite\",\"@id\":\"https:\\\/\\\/exaudi.org\\\/#website\",\"url\":\"https:\\\/\\\/exaudi.org\\\/\",\"name\":\"Exaudi\",\"description\":\"News\",\"potentialAction\":[{\"@type\":\"SearchAction\",\"target\":{\"@type\":\"EntryPoint\",\"urlTemplate\":\"https:\\\/\\\/exaudi.org\\\/?s={search_term_string}\"},\"query-input\":{\"@type\":\"PropertyValueSpecification\",\"valueRequired\":true,\"valueName\":\"search_term_string\"}}],\"inLanguage\":\"it-IT\"},{\"@type\":\"Person\",\"@id\":\"https:\\\/\\\/exaudi.org\\\/#\\\/schema\\\/person\\\/0ec39b1037553be7468a8044044a7283\",\"name\":\"Marketing y Servicios\",\"image\":{\"@type\":\"ImageObject\",\"inLanguage\":\"it-IT\",\"@id\":\"https:\\\/\\\/secure.gravatar.com\\\/avatar\\\/887d69b0afc81051391a1aa8022a59db22c5ad6f2eecb945ce1b0d0613c61b5f?s=96&d=mm&r=g\",\"url\":\"https:\\\/\\\/secure.gravatar.com\\\/avatar\\\/887d69b0afc81051391a1aa8022a59db22c5ad6f2eecb945ce1b0d0613c61b5f?s=96&d=mm&r=g\",\"contentUrl\":\"https:\\\/\\\/secure.gravatar.com\\\/avatar\\\/887d69b0afc81051391a1aa8022a59db22c5ad6f2eecb945ce1b0d0613c61b5f?s=96&d=mm&r=g\",\"caption\":\"Marketing y Servicios\"},\"description\":\"Ideas para mejorar el mundo . Director: Jos\u00e9 Miguel Ponce . Profesor universitario e investigador en Marketing y Gesti\u00f3n de Servicios, con experiencia en cinco universidades p\u00fablicas y privadas. Sevillano de origen, ha vivido en varias ciudades de Espa\u00f1a y actualmente reside en Sevilla. Apasionado por la educaci\u00f3n, la comunicaci\u00f3n y las relaciones humanas, considera la amistad y la empat\u00eda clave en su vida y ense\u00f1anza. Ha publicado investigaciones sobre Marketing, Calidad de Servicio y organizaciones sin \u00e1nimo de lucro. Humanista y optimista, promueve el agradecimiento y la coherencia como valores fundamentales.\",\"sameAs\":[\"https:\\\/\\\/marketingyservicios.com\\\/\",\"https:\\\/\\\/www.instagram.com\\\/mentoringsevilla\\\/\",\"https:\\\/\\\/www.linkedin.com\\\/company\\\/marketing-y-servicios\\\/\",\"https:\\\/\\\/x.com\\\/mentoring_sev\",\"https:\\\/\\\/www.youtube.com\\\/@marketingyservicios649\"],\"url\":\"https:\\\/\\\/exaudi.org\\\/it\\\/author\\\/jose-miguel-ponce\\\/\"}]}<\/script>\n<!-- \/ Yoast SEO plugin. -->","yoast_head_json":{"title":"Orgoglio di maternit\u00e0 &#8211; Exaudi","robots":{"index":"index","follow":"follow","max-snippet":"max-snippet:-1","max-image-preview":"max-image-preview:large","max-video-preview":"max-video-preview:-1"},"canonical":"https:\/\/exaudi.org\/it\/orgoglio-di-maternita\/","og_locale":"it_IT","og_type":"article","og_title":"Orgoglio di maternit\u00e0 &#8211; Exaudi","og_description":"La maternit\u00e0 come atto di coraggio, trasformazione sociale e fonte di orgoglio","og_url":"https:\/\/exaudi.org\/it\/orgoglio-di-maternita\/","og_site_name":"Exaudi","article_publisher":"https:\/\/www.facebook.com\/ExaudiNews","article_author":"https:\/\/marketingyservicios.com\/","article_published_time":"2025-09-16T17:15:38+00:00","og_image":[{"width":2560,"height":1707,"url":"https:\/\/exaudi.org\/wp-content\/uploads\/2025\/09\/pexels-pawel-l-435199-1224832-scaled.jpg","type":"image\/jpeg"}],"author":"Marketing y Servicios","twitter_card":"summary_large_image","twitter_creator":"@mentoring_sev","twitter_site":"@Exaudi_News","twitter_misc":{"Scritto da":"Marketing y Servicios","Tempo di lettura stimato":"4 minuti"},"schema":{"@context":"https:\/\/schema.org","@graph":[{"@type":"Article","@id":"https:\/\/exaudi.org\/it\/orgoglio-di-maternita\/#article","isPartOf":{"@id":"https:\/\/exaudi.org\/it\/orgoglio-di-maternita\/"},"author":{"name":"Marketing y Servicios","@id":"https:\/\/exaudi.org\/#\/schema\/person\/0ec39b1037553be7468a8044044a7283"},"headline":"Orgoglio di maternit\u00e0","datePublished":"2025-09-16T17:15:38+00:00","mainEntityOfPage":{"@id":"https:\/\/exaudi.org\/it\/orgoglio-di-maternita\/"},"wordCount":778,"image":{"@id":"https:\/\/exaudi.org\/it\/orgoglio-di-maternita\/#primaryimage"},"thumbnailUrl":"https:\/\/exaudi.org\/wp-content\/uploads\/2025\/09\/pexels-pawel-l-435199-1224832-scaled.jpg","keywords":["amore materno","Benessere familiare","COMPETENZE SOCIALI","Donne coraggiose","Donne e lavoro","Emancipazione femminile","equilibrio tra lavoro e vita privata","famiglia","femminilit\u00e0","Forza femminile","GENITORIALIT\u00c0","Integrazione lavorativa","ISTRUZIONE","Libro sulla maternit\u00e0","MAR\u00cdA CALVO","MATERNIT\u00c0","Orgoglio di maternit\u00e0","RESILIENZA","riconoscimento sociale","Sacrificio materno","SOCIET\u00c0","Societ\u00e0 materna","speranza","SVILUPPO PERSONALE","TRASFORMAZIONE SOCIALE","Trending","Umanizzazione sociale","VALORI FAMILIARI","Vocazione materna"],"articleSection":["Voci"],"inLanguage":"it-IT"},{"@type":"WebPage","@id":"https:\/\/exaudi.org\/it\/orgoglio-di-maternita\/","url":"https:\/\/exaudi.org\/it\/orgoglio-di-maternita\/","name":"Orgoglio di maternit\u00e0 &#8211; Exaudi","isPartOf":{"@id":"https:\/\/exaudi.org\/#website"},"primaryImageOfPage":{"@id":"https:\/\/exaudi.org\/it\/orgoglio-di-maternita\/#primaryimage"},"image":{"@id":"https:\/\/exaudi.org\/it\/orgoglio-di-maternita\/#primaryimage"},"thumbnailUrl":"https:\/\/exaudi.org\/wp-content\/uploads\/2025\/09\/pexels-pawel-l-435199-1224832-scaled.jpg","datePublished":"2025-09-16T17:15:38+00:00","author":{"@id":"https:\/\/exaudi.org\/#\/schema\/person\/0ec39b1037553be7468a8044044a7283"},"breadcrumb":{"@id":"https:\/\/exaudi.org\/it\/orgoglio-di-maternita\/#breadcrumb"},"inLanguage":"it-IT","potentialAction":[{"@type":"ReadAction","target":["https:\/\/exaudi.org\/it\/orgoglio-di-maternita\/"]}]},{"@type":"ImageObject","inLanguage":"it-IT","@id":"https:\/\/exaudi.org\/it\/orgoglio-di-maternita\/#primaryimage","url":"https:\/\/exaudi.org\/wp-content\/uploads\/2025\/09\/pexels-pawel-l-435199-1224832-scaled.jpg","contentUrl":"https:\/\/exaudi.org\/wp-content\/uploads\/2025\/09\/pexels-pawel-l-435199-1224832-scaled.jpg","width":2560,"height":1707},{"@type":"BreadcrumbList","@id":"https:\/\/exaudi.org\/it\/orgoglio-di-maternita\/#breadcrumb","itemListElement":[{"@type":"ListItem","position":1,"name":"Portada","item":"https:\/\/exaudi.org\/it\/"},{"@type":"ListItem","position":2,"name":"Orgoglio di maternit\u00e0"}]},{"@type":"WebSite","@id":"https:\/\/exaudi.org\/#website","url":"https:\/\/exaudi.org\/","name":"Exaudi","description":"News","potentialAction":[{"@type":"SearchAction","target":{"@type":"EntryPoint","urlTemplate":"https:\/\/exaudi.org\/?s={search_term_string}"},"query-input":{"@type":"PropertyValueSpecification","valueRequired":true,"valueName":"search_term_string"}}],"inLanguage":"it-IT"},{"@type":"Person","@id":"https:\/\/exaudi.org\/#\/schema\/person\/0ec39b1037553be7468a8044044a7283","name":"Marketing y Servicios","image":{"@type":"ImageObject","inLanguage":"it-IT","@id":"https:\/\/secure.gravatar.com\/avatar\/887d69b0afc81051391a1aa8022a59db22c5ad6f2eecb945ce1b0d0613c61b5f?s=96&d=mm&r=g","url":"https:\/\/secure.gravatar.com\/avatar\/887d69b0afc81051391a1aa8022a59db22c5ad6f2eecb945ce1b0d0613c61b5f?s=96&d=mm&r=g","contentUrl":"https:\/\/secure.gravatar.com\/avatar\/887d69b0afc81051391a1aa8022a59db22c5ad6f2eecb945ce1b0d0613c61b5f?s=96&d=mm&r=g","caption":"Marketing y Servicios"},"description":"Ideas para mejorar el mundo . Director: Jos\u00e9 Miguel Ponce . Profesor universitario e investigador en Marketing y Gesti\u00f3n de Servicios, con experiencia en cinco universidades p\u00fablicas y privadas. Sevillano de origen, ha vivido en varias ciudades de Espa\u00f1a y actualmente reside en Sevilla. Apasionado por la educaci\u00f3n, la comunicaci\u00f3n y las relaciones humanas, considera la amistad y la empat\u00eda clave en su vida y ense\u00f1anza. Ha publicado investigaciones sobre Marketing, Calidad de Servicio y organizaciones sin \u00e1nimo de lucro. Humanista y optimista, promueve el agradecimiento y la coherencia como valores fundamentales.","sameAs":["https:\/\/marketingyservicios.com\/","https:\/\/www.instagram.com\/mentoringsevilla\/","https:\/\/www.linkedin.com\/company\/marketing-y-servicios\/","https:\/\/x.com\/mentoring_sev","https:\/\/www.youtube.com\/@marketingyservicios649"],"url":"https:\/\/exaudi.org\/it\/author\/jose-miguel-ponce\/"}]}},"jetpack_featured_media_url":"https:\/\/exaudi.org\/wp-content\/uploads\/2025\/09\/pexels-pawel-l-435199-1224832-scaled.jpg","jetpack_shortlink":"https:\/\/wp.me\/pgKjF2-zam","_links":{"self":[{"href":"https:\/\/exaudi.org\/it\/wp-json\/wp\/v2\/posts\/135182","targetHints":{"allow":["GET"]}}],"collection":[{"href":"https:\/\/exaudi.org\/it\/wp-json\/wp\/v2\/posts"}],"about":[{"href":"https:\/\/exaudi.org\/it\/wp-json\/wp\/v2\/types\/post"}],"author":[{"embeddable":true,"href":"https:\/\/exaudi.org\/it\/wp-json\/wp\/v2\/users\/157"}],"replies":[{"embeddable":true,"href":"https:\/\/exaudi.org\/it\/wp-json\/wp\/v2\/comments?post=135182"}],"version-history":[{"count":4,"href":"https:\/\/exaudi.org\/it\/wp-json\/wp\/v2\/posts\/135182\/revisions"}],"predecessor-version":[{"id":135186,"href":"https:\/\/exaudi.org\/it\/wp-json\/wp\/v2\/posts\/135182\/revisions\/135186"}],"wp:featuredmedia":[{"embeddable":true,"href":"https:\/\/exaudi.org\/it\/wp-json\/wp\/v2\/media\/134828"}],"wp:attachment":[{"href":"https:\/\/exaudi.org\/it\/wp-json\/wp\/v2\/media?parent=135182"}],"wp:term":[{"taxonomy":"category","embeddable":true,"href":"https:\/\/exaudi.org\/it\/wp-json\/wp\/v2\/categories?post=135182"},{"taxonomy":"post_tag","embeddable":true,"href":"https:\/\/exaudi.org\/it\/wp-json\/wp\/v2\/tags?post=135182"}],"curies":[{"name":"wp","href":"https:\/\/api.w.org\/{rel}","templated":true}]}}