{"id":134728,"date":"2025-09-14T19:14:50","date_gmt":"2025-09-14T17:14:50","guid":{"rendered":"https:\/\/exaudi.org\/?p=134728"},"modified":"2025-09-14T19:14:50","modified_gmt":"2025-09-14T17:14:50","slug":"buon-70-compleanno-a-papa-leone-xiv","status":"publish","type":"post","link":"https:\/\/exaudi.org\/it\/buon-70-compleanno-a-papa-leone-xiv\/","title":{"rendered":"Buon 70\u00b0 compleanno a Papa Leone XIV"},"content":{"rendered":"<p data-start=\"204\" data-end=\"488\"><span dir=\"auto\" style=\"vertical-align: inherit\"><span dir=\"auto\" style=\"vertical-align: inherit\">Il 14 settembre 2025 ricorre il 70\u00b0 compleanno di Sua Santit\u00e0 Papa Leone XIV, al secolo Robert Francis Prevost. Si tratta di una data significativa, poich\u00e9 \u00e8 la prima da quando \u00e8 stato eletto Sommo Pontefice l&#8217;8 maggio 2025.<\/span><\/span><\/p>\n<h3 data-start=\"490\" data-end=\"530\"><strong><span dir=\"auto\" style=\"vertical-align: inherit\"><span dir=\"auto\" style=\"vertical-align: inherit\">Una vita al servizio della Chiesa<\/span><\/span><\/strong><\/h3>\n<p data-start=\"531\" data-end=\"952\"><span dir=\"auto\" style=\"vertical-align: inherit\"><span dir=\"auto\" style=\"vertical-align: inherit\">Nato a Chicago il 14 settembre 1955 da una famiglia con radici spagnole, francesi e italiane, \u00e8 entrato nel noviziato dell&#8217;Ordine di Sant&#8217;Agostino nel 1977. Ha emesso i voti solenni nel 1981 ed \u00e8 stato ordinato sacerdote a Roma il 19 giugno 1982. <\/span><\/span><br data-start=\"779\" data-end=\"782\" \/><span dir=\"auto\" style=\"vertical-align: inherit\"><span dir=\"auto\" style=\"vertical-align: inherit\">La sua formazione accademica \u00e8 ampia: studi di matematica, filosofia e dottorato in Diritto Canonico presso l&#8217;Universit\u00e0 Angelicum di Roma, con il massimo dei voti.<\/span><\/span><\/p>\n<p data-start=\"954\" data-end=\"1237\"><span dir=\"auto\" style=\"vertical-align: inherit\"><span dir=\"auto\" style=\"vertical-align: inherit\">La sua vocazione missionaria lo port\u00f2 in Per\u00f9, dove svolse il ruolo di formatore e insegnante, nonch\u00e9 di vescovo di Chiclayo e amministratore apostolico in altre diocesi. In seguito fu chiamato a Roma per collaborare in Curia, finch\u00e9 lo Spirito Santo non lo condusse al ministero petrino.<\/span><\/span><\/p>\n<h3 data-start=\"1239\" data-end=\"1285\"><strong><span dir=\"auto\" style=\"vertical-align: inherit\"><span dir=\"auto\" style=\"vertical-align: inherit\">Un compleanno con significato spirituale<\/span><\/span><\/strong><\/h3>\n<p data-start=\"1286\" data-end=\"1551\"><span dir=\"auto\" style=\"vertical-align: inherit\"><span dir=\"auto\" style=\"vertical-align: inherit\">Celebrare i 70 anni di pontificato ricorda ai fedeli la ricchezza della sua esperienza pastorale e umana. La sua vita riflette la spiritualit\u00e0 agostiniana: la costante ricerca di Dio, l&#8217;unione di cuore e ragione, la fraternit\u00e0 e un&#8217;interiorit\u00e0 che si traduce in servizio.<\/span><\/span><\/p>\n<p data-start=\"1553\" data-end=\"1836\"><span dir=\"auto\" style=\"vertical-align: inherit\"><span dir=\"auto\" style=\"vertical-align: inherit\">L&#8217;Ordine di Sant&#8217;Agostino e numerose comunit\u00e0 cattoliche in tutto il mondo sottolineano oggi la sua vicinanza, la sua capacit\u00e0 di dialogo e la sua apertura alle attuali sfide della Chiesa. Questo anniversario segna anche un segno di rinnovamento e di speranza nel cammino sinodale da lui stesso promosso.<\/span><\/span><\/p>\n<h3 data-start=\"1838\" data-end=\"1862\"><strong><span dir=\"auto\" style=\"vertical-align: inherit\"><span dir=\"auto\" style=\"vertical-align: inherit\">Gratitudine e preghiera<\/span><\/span><\/strong><\/h3>\n<p data-start=\"1863\" data-end=\"2222\"><span dir=\"auto\" style=\"vertical-align: inherit\"><span dir=\"auto\" style=\"vertical-align: inherit\">Il compleanno di Papa Leone XIV diventa l&#8217;occasione per ringraziare Dio per la sua vita, la sua missione e la sua dedizione alla Chiesa universale. I fedeli di tutto il mondo si uniscono in preghiera, chiedendo forza, salute e saggezza affinch\u00e9 possa continuare a guidare la Chiesa con lo stesso spirito di servizio e fraternit\u00e0 che ha caratterizzato tutta la sua vita.<\/span><\/span><\/p>\n","protected":false},"excerpt":{"rendered":"<p>14 settembre 2025<\/p>\n","protected":false},"author":17,"featured_media":134686,"comment_status":"closed","ping_status":"closed","sticky":false,"template":"","format":"standard","meta":{"_acf_changed":false,"_crdt_document":"","inline_featured_image":false,"footnotes":""},"categories":[67],"tags":[72517,59332,64850,72518,72519,72503,40066,46014,59908,58164,72520,72521,21902,58239,4952,64787,64936],"class_list":["post-134728","post","type-post","status-publish","format-standard","has-post-thumbnail","hentry","category-leone-xiv","tag-70-compleanno-di-papa-leone-xiv","tag-biografia-di-papa-leone-xiv","tag-chiesa-cattolica-it","tag-compleanno-del-papa","tag-compleanno-del-papa-14-settembre","tag-compleanno-di-papa-leone-xiv","tag-notizie-dal-vaticano","tag-papa-2025-2","tag-papa-agostiniano","tag-papa-leone-xiv","tag-pontificato-di-papa-leone-xiv","tag-robert-francis-prevost-3","tag-sommo-pontefice","tag-spiritualita-agostiniana","tag-trending-it","tag-trending-it-236","tag-vaticano-oggi"],"acf":[],"yoast_head":"<!-- This site is optimized with the Yoast SEO plugin v27.4 - https:\/\/yoast.com\/product\/yoast-seo-wordpress\/ -->\n<title>Buon 70\u00b0 compleanno a Papa Leone XIV &#8211; Exaudi<\/title>\n<meta name=\"robots\" content=\"index, follow, max-snippet:-1, max-image-preview:large, max-video-preview:-1\" \/>\n<link rel=\"canonical\" href=\"https:\/\/exaudi.org\/it\/buon-70-compleanno-a-papa-leone-xiv\/\" \/>\n<meta property=\"og:locale\" content=\"it_IT\" \/>\n<meta property=\"og:type\" content=\"article\" \/>\n<meta property=\"og:title\" content=\"Buon 70\u00b0 compleanno a Papa Leone XIV &#8211; Exaudi\" \/>\n<meta property=\"og:description\" content=\"14 settembre 2025\" \/>\n<meta property=\"og:url\" content=\"https:\/\/exaudi.org\/it\/buon-70-compleanno-a-papa-leone-xiv\/\" \/>\n<meta property=\"og:site_name\" content=\"Exaudi\" \/>\n<meta property=\"article:publisher\" content=\"https:\/\/www.facebook.com\/ExaudiNews\" \/>\n<meta property=\"article:author\" content=\"https:\/\/www.facebook.com\/ExaudiNotizie\/\" \/>\n<meta property=\"article:published_time\" content=\"2025-09-14T17:14:50+00:00\" \/>\n<meta property=\"og:image\" content=\"https:\/\/exaudi.org\/wp-content\/uploads\/2025\/09\/cq5dam.thumbnail.cropped.750.422-10.jpeg\" \/>\n\t<meta property=\"og:image:width\" content=\"750\" \/>\n\t<meta property=\"og:image:height\" content=\"422\" \/>\n\t<meta property=\"og:image:type\" content=\"image\/jpeg\" \/>\n<meta name=\"author\" content=\"Exaudi Redazione\" \/>\n<meta name=\"twitter:card\" content=\"summary_large_image\" \/>\n<meta name=\"twitter:creator\" content=\"@Exaudi_Notizie\" \/>\n<meta name=\"twitter:site\" content=\"@Exaudi_News\" \/>\n<meta name=\"twitter:label1\" content=\"Scritto da\" \/>\n\t<meta name=\"twitter:data1\" content=\"Exaudi Redazione\" \/>\n\t<meta name=\"twitter:label2\" content=\"Tempo di lettura stimato\" \/>\n\t<meta name=\"twitter:data2\" content=\"2 minuti\" \/>\n<script type=\"application\/ld+json\" class=\"yoast-schema-graph\">{\"@context\":\"https:\\\/\\\/schema.org\",\"@graph\":[{\"@type\":\"Article\",\"@id\":\"https:\\\/\\\/exaudi.org\\\/it\\\/buon-70-compleanno-a-papa-leone-xiv\\\/#article\",\"isPartOf\":{\"@id\":\"https:\\\/\\\/exaudi.org\\\/it\\\/buon-70-compleanno-a-papa-leone-xiv\\\/\"},\"author\":{\"name\":\"Exaudi Redazione\",\"@id\":\"https:\\\/\\\/exaudi.org\\\/#\\\/schema\\\/person\\\/e1ab6ed07c01774724dd96f925f3a5f0\"},\"headline\":\"Buon 70\u00b0 compleanno a Papa Leone XIV\",\"datePublished\":\"2025-09-14T17:14:50+00:00\",\"mainEntityOfPage\":{\"@id\":\"https:\\\/\\\/exaudi.org\\\/it\\\/buon-70-compleanno-a-papa-leone-xiv\\\/\"},\"wordCount\":319,\"image\":{\"@id\":\"https:\\\/\\\/exaudi.org\\\/it\\\/buon-70-compleanno-a-papa-leone-xiv\\\/#primaryimage\"},\"thumbnailUrl\":\"https:\\\/\\\/exaudi.org\\\/wp-content\\\/uploads\\\/2025\\\/09\\\/cq5dam.thumbnail.cropped.750.422-10.jpeg\",\"keywords\":[\"70\u00b0 compleanno di Papa Leone XIV\",\"biografia di Papa Leone XIV\",\"CHIESA CATTOLICA\",\"Compleanno del Papa\",\"Compleanno del Papa 14 settembre\",\"Compleanno di Papa Leone XIV\",\"Notizie dal Vaticano\",\"Papa 2025\",\"Papa agostiniano\",\"Papa Leone XIV\",\"Pontificato di Papa Leone XIV\",\"Robert Francis Prevost\",\"SOMMO PONTEFICE\",\"spiritualit\u00e0 agostiniana\",\"Trending\",\"Trending\",\"Vaticano oggi\"],\"articleSection\":[\"Leone XIV\"],\"inLanguage\":\"it-IT\"},{\"@type\":\"WebPage\",\"@id\":\"https:\\\/\\\/exaudi.org\\\/it\\\/buon-70-compleanno-a-papa-leone-xiv\\\/\",\"url\":\"https:\\\/\\\/exaudi.org\\\/it\\\/buon-70-compleanno-a-papa-leone-xiv\\\/\",\"name\":\"Buon 70\u00b0 compleanno a Papa Leone XIV &#8211; Exaudi\",\"isPartOf\":{\"@id\":\"https:\\\/\\\/exaudi.org\\\/#website\"},\"primaryImageOfPage\":{\"@id\":\"https:\\\/\\\/exaudi.org\\\/it\\\/buon-70-compleanno-a-papa-leone-xiv\\\/#primaryimage\"},\"image\":{\"@id\":\"https:\\\/\\\/exaudi.org\\\/it\\\/buon-70-compleanno-a-papa-leone-xiv\\\/#primaryimage\"},\"thumbnailUrl\":\"https:\\\/\\\/exaudi.org\\\/wp-content\\\/uploads\\\/2025\\\/09\\\/cq5dam.thumbnail.cropped.750.422-10.jpeg\",\"datePublished\":\"2025-09-14T17:14:50+00:00\",\"author\":{\"@id\":\"https:\\\/\\\/exaudi.org\\\/#\\\/schema\\\/person\\\/e1ab6ed07c01774724dd96f925f3a5f0\"},\"breadcrumb\":{\"@id\":\"https:\\\/\\\/exaudi.org\\\/it\\\/buon-70-compleanno-a-papa-leone-xiv\\\/#breadcrumb\"},\"inLanguage\":\"it-IT\",\"potentialAction\":[{\"@type\":\"ReadAction\",\"target\":[\"https:\\\/\\\/exaudi.org\\\/it\\\/buon-70-compleanno-a-papa-leone-xiv\\\/\"]}]},{\"@type\":\"ImageObject\",\"inLanguage\":\"it-IT\",\"@id\":\"https:\\\/\\\/exaudi.org\\\/it\\\/buon-70-compleanno-a-papa-leone-xiv\\\/#primaryimage\",\"url\":\"https:\\\/\\\/exaudi.org\\\/wp-content\\\/uploads\\\/2025\\\/09\\\/cq5dam.thumbnail.cropped.750.422-10.jpeg\",\"contentUrl\":\"https:\\\/\\\/exaudi.org\\\/wp-content\\\/uploads\\\/2025\\\/09\\\/cq5dam.thumbnail.cropped.750.422-10.jpeg\",\"width\":750,\"height\":422},{\"@type\":\"BreadcrumbList\",\"@id\":\"https:\\\/\\\/exaudi.org\\\/it\\\/buon-70-compleanno-a-papa-leone-xiv\\\/#breadcrumb\",\"itemListElement\":[{\"@type\":\"ListItem\",\"position\":1,\"name\":\"Portada\",\"item\":\"https:\\\/\\\/exaudi.org\\\/it\\\/\"},{\"@type\":\"ListItem\",\"position\":2,\"name\":\"Buon 70\u00b0 compleanno a Papa Leone XIV\"}]},{\"@type\":\"WebSite\",\"@id\":\"https:\\\/\\\/exaudi.org\\\/#website\",\"url\":\"https:\\\/\\\/exaudi.org\\\/\",\"name\":\"Exaudi\",\"description\":\"News\",\"potentialAction\":[{\"@type\":\"SearchAction\",\"target\":{\"@type\":\"EntryPoint\",\"urlTemplate\":\"https:\\\/\\\/exaudi.org\\\/?s={search_term_string}\"},\"query-input\":{\"@type\":\"PropertyValueSpecification\",\"valueRequired\":true,\"valueName\":\"search_term_string\"}}],\"inLanguage\":\"it-IT\"},{\"@type\":\"Person\",\"@id\":\"https:\\\/\\\/exaudi.org\\\/#\\\/schema\\\/person\\\/e1ab6ed07c01774724dd96f925f3a5f0\",\"name\":\"Exaudi Redazione\",\"image\":{\"@type\":\"ImageObject\",\"inLanguage\":\"it-IT\",\"@id\":\"https:\\\/\\\/secure.gravatar.com\\\/avatar\\\/ad6774b3ada023bf5b939d64f45c94b3adf91502dd883507d469b4308a943bb3?s=96&d=mm&r=g\",\"url\":\"https:\\\/\\\/secure.gravatar.com\\\/avatar\\\/ad6774b3ada023bf5b939d64f45c94b3adf91502dd883507d469b4308a943bb3?s=96&d=mm&r=g\",\"contentUrl\":\"https:\\\/\\\/secure.gravatar.com\\\/avatar\\\/ad6774b3ada023bf5b939d64f45c94b3adf91502dd883507d469b4308a943bb3?s=96&d=mm&r=g\",\"caption\":\"Exaudi Redazione\"},\"description\":\"Che cosa \u00e8 Exaudi News? Exaudi News \u00e8 un agenzia cattolica internazionale che informa, istruisce e trasforma quotidianamente in spagnolo, inglese e italiano. Attraverso notizie, articoli di analisi e trasmissioni in diretta degli eventi del Papa, Exaudi cerca di rafforzare l'unit\u00e0 dei cristiani e di contribuire all'evangelizzazione del mondo, sempre guidato dalla dottrina sociale della Chiesa. Lavoriamo per portare la verit\u00e0 e i valori cristiani in ogni angolo del pianeta. Aiutaci a trasformare il mondo con Exaudi! Noi di Exaudi crediamo che l'evangelizzazione e l'informazione di qualit\u00e0 possano cambiare la vita. Per continuare la nostra missione ed espandere la nostra portata, abbiamo bisogno del tuo aiuto. Stiamo anche cercando persone motivate che vogliano unirsi al nostro team. Grazie al vostro sostegno raggiungeremo pi\u00f9 persone, diffonderemo il messaggio di Cristo e rafforzeremo l'unit\u00e0 dei cristiani. Vuoi unirti alla nostra missione? Per maggiori informazioni su come contribuire, visita Exaudi.org\\\/it o contattaci direttamente: info@exaudi.org Exaudi: informa, forma e trasforma.\",\"sameAs\":[\"https:\\\/\\\/www.facebook.com\\\/ExaudiNotizie\\\/\",\"https:\\\/\\\/www.instagram.com\\\/Exaudi_notizie\\\/\",\"https:\\\/\\\/x.com\\\/Exaudi_Notizie\",\"https:\\\/\\\/www.youtube.com\\\/@exaudicatholicnews\"],\"url\":\"https:\\\/\\\/exaudi.org\\\/it\\\/author\\\/dlvedi-org\\\/\"}]}<\/script>\n<!-- \/ Yoast SEO plugin. -->","yoast_head_json":{"title":"Buon 70\u00b0 compleanno a Papa Leone XIV &#8211; Exaudi","robots":{"index":"index","follow":"follow","max-snippet":"max-snippet:-1","max-image-preview":"max-image-preview:large","max-video-preview":"max-video-preview:-1"},"canonical":"https:\/\/exaudi.org\/it\/buon-70-compleanno-a-papa-leone-xiv\/","og_locale":"it_IT","og_type":"article","og_title":"Buon 70\u00b0 compleanno a Papa Leone XIV &#8211; Exaudi","og_description":"14 settembre 2025","og_url":"https:\/\/exaudi.org\/it\/buon-70-compleanno-a-papa-leone-xiv\/","og_site_name":"Exaudi","article_publisher":"https:\/\/www.facebook.com\/ExaudiNews","article_author":"https:\/\/www.facebook.com\/ExaudiNotizie\/","article_published_time":"2025-09-14T17:14:50+00:00","og_image":[{"width":750,"height":422,"url":"https:\/\/exaudi.org\/wp-content\/uploads\/2025\/09\/cq5dam.thumbnail.cropped.750.422-10.jpeg","type":"image\/jpeg"}],"author":"Exaudi Redazione","twitter_card":"summary_large_image","twitter_creator":"@Exaudi_Notizie","twitter_site":"@Exaudi_News","twitter_misc":{"Scritto da":"Exaudi Redazione","Tempo di lettura stimato":"2 minuti"},"schema":{"@context":"https:\/\/schema.org","@graph":[{"@type":"Article","@id":"https:\/\/exaudi.org\/it\/buon-70-compleanno-a-papa-leone-xiv\/#article","isPartOf":{"@id":"https:\/\/exaudi.org\/it\/buon-70-compleanno-a-papa-leone-xiv\/"},"author":{"name":"Exaudi Redazione","@id":"https:\/\/exaudi.org\/#\/schema\/person\/e1ab6ed07c01774724dd96f925f3a5f0"},"headline":"Buon 70\u00b0 compleanno a Papa Leone XIV","datePublished":"2025-09-14T17:14:50+00:00","mainEntityOfPage":{"@id":"https:\/\/exaudi.org\/it\/buon-70-compleanno-a-papa-leone-xiv\/"},"wordCount":319,"image":{"@id":"https:\/\/exaudi.org\/it\/buon-70-compleanno-a-papa-leone-xiv\/#primaryimage"},"thumbnailUrl":"https:\/\/exaudi.org\/wp-content\/uploads\/2025\/09\/cq5dam.thumbnail.cropped.750.422-10.jpeg","keywords":["70\u00b0 compleanno di Papa Leone XIV","biografia di Papa Leone XIV","CHIESA CATTOLICA","Compleanno del Papa","Compleanno del Papa 14 settembre","Compleanno di Papa Leone XIV","Notizie dal Vaticano","Papa 2025","Papa agostiniano","Papa Leone XIV","Pontificato di Papa Leone XIV","Robert Francis Prevost","SOMMO PONTEFICE","spiritualit\u00e0 agostiniana","Trending","Trending","Vaticano oggi"],"articleSection":["Leone XIV"],"inLanguage":"it-IT"},{"@type":"WebPage","@id":"https:\/\/exaudi.org\/it\/buon-70-compleanno-a-papa-leone-xiv\/","url":"https:\/\/exaudi.org\/it\/buon-70-compleanno-a-papa-leone-xiv\/","name":"Buon 70\u00b0 compleanno a Papa Leone XIV &#8211; Exaudi","isPartOf":{"@id":"https:\/\/exaudi.org\/#website"},"primaryImageOfPage":{"@id":"https:\/\/exaudi.org\/it\/buon-70-compleanno-a-papa-leone-xiv\/#primaryimage"},"image":{"@id":"https:\/\/exaudi.org\/it\/buon-70-compleanno-a-papa-leone-xiv\/#primaryimage"},"thumbnailUrl":"https:\/\/exaudi.org\/wp-content\/uploads\/2025\/09\/cq5dam.thumbnail.cropped.750.422-10.jpeg","datePublished":"2025-09-14T17:14:50+00:00","author":{"@id":"https:\/\/exaudi.org\/#\/schema\/person\/e1ab6ed07c01774724dd96f925f3a5f0"},"breadcrumb":{"@id":"https:\/\/exaudi.org\/it\/buon-70-compleanno-a-papa-leone-xiv\/#breadcrumb"},"inLanguage":"it-IT","potentialAction":[{"@type":"ReadAction","target":["https:\/\/exaudi.org\/it\/buon-70-compleanno-a-papa-leone-xiv\/"]}]},{"@type":"ImageObject","inLanguage":"it-IT","@id":"https:\/\/exaudi.org\/it\/buon-70-compleanno-a-papa-leone-xiv\/#primaryimage","url":"https:\/\/exaudi.org\/wp-content\/uploads\/2025\/09\/cq5dam.thumbnail.cropped.750.422-10.jpeg","contentUrl":"https:\/\/exaudi.org\/wp-content\/uploads\/2025\/09\/cq5dam.thumbnail.cropped.750.422-10.jpeg","width":750,"height":422},{"@type":"BreadcrumbList","@id":"https:\/\/exaudi.org\/it\/buon-70-compleanno-a-papa-leone-xiv\/#breadcrumb","itemListElement":[{"@type":"ListItem","position":1,"name":"Portada","item":"https:\/\/exaudi.org\/it\/"},{"@type":"ListItem","position":2,"name":"Buon 70\u00b0 compleanno a Papa Leone XIV"}]},{"@type":"WebSite","@id":"https:\/\/exaudi.org\/#website","url":"https:\/\/exaudi.org\/","name":"Exaudi","description":"News","potentialAction":[{"@type":"SearchAction","target":{"@type":"EntryPoint","urlTemplate":"https:\/\/exaudi.org\/?s={search_term_string}"},"query-input":{"@type":"PropertyValueSpecification","valueRequired":true,"valueName":"search_term_string"}}],"inLanguage":"it-IT"},{"@type":"Person","@id":"https:\/\/exaudi.org\/#\/schema\/person\/e1ab6ed07c01774724dd96f925f3a5f0","name":"Exaudi Redazione","image":{"@type":"ImageObject","inLanguage":"it-IT","@id":"https:\/\/secure.gravatar.com\/avatar\/ad6774b3ada023bf5b939d64f45c94b3adf91502dd883507d469b4308a943bb3?s=96&d=mm&r=g","url":"https:\/\/secure.gravatar.com\/avatar\/ad6774b3ada023bf5b939d64f45c94b3adf91502dd883507d469b4308a943bb3?s=96&d=mm&r=g","contentUrl":"https:\/\/secure.gravatar.com\/avatar\/ad6774b3ada023bf5b939d64f45c94b3adf91502dd883507d469b4308a943bb3?s=96&d=mm&r=g","caption":"Exaudi Redazione"},"description":"Che cosa \u00e8 Exaudi News? Exaudi News \u00e8 un agenzia cattolica internazionale che informa, istruisce e trasforma quotidianamente in spagnolo, inglese e italiano. Attraverso notizie, articoli di analisi e trasmissioni in diretta degli eventi del Papa, Exaudi cerca di rafforzare l'unit\u00e0 dei cristiani e di contribuire all'evangelizzazione del mondo, sempre guidato dalla dottrina sociale della Chiesa. Lavoriamo per portare la verit\u00e0 e i valori cristiani in ogni angolo del pianeta. Aiutaci a trasformare il mondo con Exaudi! Noi di Exaudi crediamo che l'evangelizzazione e l'informazione di qualit\u00e0 possano cambiare la vita. Per continuare la nostra missione ed espandere la nostra portata, abbiamo bisogno del tuo aiuto. Stiamo anche cercando persone motivate che vogliano unirsi al nostro team. Grazie al vostro sostegno raggiungeremo pi\u00f9 persone, diffonderemo il messaggio di Cristo e rafforzeremo l'unit\u00e0 dei cristiani. Vuoi unirti alla nostra missione? Per maggiori informazioni su come contribuire, visita Exaudi.org\/it o contattaci direttamente: info@exaudi.org Exaudi: informa, forma e trasforma.","sameAs":["https:\/\/www.facebook.com\/ExaudiNotizie\/","https:\/\/www.instagram.com\/Exaudi_notizie\/","https:\/\/x.com\/Exaudi_Notizie","https:\/\/www.youtube.com\/@exaudicatholicnews"],"url":"https:\/\/exaudi.org\/it\/author\/dlvedi-org\/"}]}},"jetpack_featured_media_url":"https:\/\/exaudi.org\/wp-content\/uploads\/2025\/09\/cq5dam.thumbnail.cropped.750.422-10.jpeg","jetpack_shortlink":"https:\/\/wp.me\/pgKjF2-z32","_links":{"self":[{"href":"https:\/\/exaudi.org\/it\/wp-json\/wp\/v2\/posts\/134728","targetHints":{"allow":["GET"]}}],"collection":[{"href":"https:\/\/exaudi.org\/it\/wp-json\/wp\/v2\/posts"}],"about":[{"href":"https:\/\/exaudi.org\/it\/wp-json\/wp\/v2\/types\/post"}],"author":[{"embeddable":true,"href":"https:\/\/exaudi.org\/it\/wp-json\/wp\/v2\/users\/17"}],"replies":[{"embeddable":true,"href":"https:\/\/exaudi.org\/it\/wp-json\/wp\/v2\/comments?post=134728"}],"version-history":[{"count":3,"href":"https:\/\/exaudi.org\/it\/wp-json\/wp\/v2\/posts\/134728\/revisions"}],"predecessor-version":[{"id":134731,"href":"https:\/\/exaudi.org\/it\/wp-json\/wp\/v2\/posts\/134728\/revisions\/134731"}],"wp:featuredmedia":[{"embeddable":true,"href":"https:\/\/exaudi.org\/it\/wp-json\/wp\/v2\/media\/134686"}],"wp:attachment":[{"href":"https:\/\/exaudi.org\/it\/wp-json\/wp\/v2\/media?parent=134728"}],"wp:term":[{"taxonomy":"category","embeddable":true,"href":"https:\/\/exaudi.org\/it\/wp-json\/wp\/v2\/categories?post=134728"},{"taxonomy":"post_tag","embeddable":true,"href":"https:\/\/exaudi.org\/it\/wp-json\/wp\/v2\/tags?post=134728"}],"curies":[{"name":"wp","href":"https:\/\/api.w.org\/{rel}","templated":true}]}}