{"id":134714,"date":"2025-09-14T19:03:27","date_gmt":"2025-09-14T17:03:27","guid":{"rendered":"https:\/\/exaudi.org\/?p=134714"},"modified":"2025-09-14T19:03:27","modified_gmt":"2025-09-14T17:03:27","slug":"papa-leone-xiv-la-croce-segno-di-amore-e-salvezza","status":"publish","type":"post","link":"https:\/\/exaudi.org\/it\/papa-leone-xiv-la-croce-segno-di-amore-e-salvezza\/","title":{"rendered":"Papa Leone XIV: &#8220;La Croce, segno di amore e salvezza&#8221;"},"content":{"rendered":"<p data-start=\"277\" data-end=\"599\"><span dir=\"auto\" style=\"vertical-align: inherit\"><span dir=\"auto\" style=\"vertical-align: inherit\">Davanti a migliaia di fedeli riuniti in Piazza San Pietro, Papa Leone XIV presiedette la preghiera dell&#8217;Angelus nella festa dell&#8217;Esaltazione\u00a0 <\/span><\/span><strong data-start=\"451\" data-end=\"482\"><span dir=\"auto\" style=\"vertical-align: inherit\"><span dir=\"auto\" style=\"vertical-align: inherit\">della Santa Croce<\/span><\/span><\/strong><span dir=\"auto\" style=\"vertical-align: inherit\"><span dir=\"auto\" style=\"vertical-align: inherit\">, sottolineando che questo segno di morte si \u00e8 trasformato in\u00a0 <\/span><\/span><strong data-start=\"537\" data-end=\"572\"><span dir=\"auto\" style=\"vertical-align: inherit\"><span dir=\"auto\" style=\"vertical-align: inherit\">strumento di vita e di speranza<\/span><\/span><\/strong><span dir=\"auto\" style=\"vertical-align: inherit\"><span dir=\"auto\" style=\"vertical-align: inherit\"> \u00a0grazie all&#8217;amore di Dio.<\/span><\/span><\/p>\n<p data-start=\"601\" data-end=\"930\"><span dir=\"auto\" style=\"vertical-align: inherit\"><span dir=\"auto\" style=\"vertical-align: inherit\">Nella sua riflessione, il Pontefice ha richiamato il dialogo di Ges\u00f9 con Nicodemo (Gv 3,13-17) e l&#8217;episodio biblico del serpente di bronzo nel deserto, ricordando che \u00abDio ha tanto amato il mondo da dare il suo Figlio unigenito\u00bb. Ha sottolineato che la croce, abbracciata da Cristo, diventa la certezza che nulla pu\u00f2 separarci dall&#8217;amore divino.<\/span><\/span><\/p>\n<p data-start=\"932\" data-end=\"1155\"><span dir=\"auto\" style=\"vertical-align: inherit\"><span dir=\"auto\" style=\"vertical-align: inherit\">Al termine della preghiera mariana, Leone XIV ha ricordato il\u00a0 <\/span><\/span><strong data-start=\"985\" data-end=\"1044\"><span dir=\"auto\" style=\"vertical-align: inherit\"><span dir=\"auto\" style=\"vertical-align: inherit\">60\u00b0 anniversario della creazione del Sinodo dei Vescovi<\/span><\/span><\/strong><span dir=\"auto\" style=\"vertical-align: inherit\"><span dir=\"auto\" style=\"vertical-align: inherit\">, istituito da San Paolo VI, e ci ha invitato a rinnovare il nostro impegno per l&#8217;unit\u00e0 e la sinodalit\u00e0 nella Chiesa.<\/span><\/span><\/p>\n<p data-start=\"1157\" data-end=\"1313\"><span dir=\"auto\" style=\"vertical-align: inherit\"><span dir=\"auto\" style=\"vertical-align: inherit\">Il Papa ha salutato i pellegrini provenienti da Cile, Tanzania, Repubblica Ceca, Per\u00f9 e Italia, nonch\u00e9 diverse associazioni, comunit\u00e0 e gruppi giovanili.<\/span><\/span><\/p>\n<p data-start=\"1315\" data-end=\"1496\"><span dir=\"auto\" style=\"vertical-align: inherit\"><span dir=\"auto\" style=\"vertical-align: inherit\">Infine, ha condiviso con i presenti un pensiero personale:\u00a0 <\/span><\/span><strong data-start=\"1374\" data-end=\"1401\"><span dir=\"auto\" style=\"vertical-align: inherit\"><span dir=\"auto\" style=\"vertical-align: inherit\">il suo 70\u00b0 compleanno<\/span><\/span><\/strong><span dir=\"auto\" style=\"vertical-align: inherit\"><span dir=\"auto\" style=\"vertical-align: inherit\">, occasione in cui ha ringraziato Dio, i suoi genitori e coloro che lo hanno accompagnato con la preghiera.<\/span><\/span><\/p>\n<p data-start=\"1315\" data-end=\"1496\"><em><strong><span dir=\"auto\" style=\"vertical-align: inherit\"><span dir=\"auto\" style=\"vertical-align: inherit\">Testo completo:<\/span><\/span><\/strong><\/em><\/p>\n<div class=\"abstract text parbase vaticanrichtext\">\n<p><span class=\"color-text\">PAPA LEONE XIV<\/span><\/p>\n<p><i><b><span class=\"title-1-color\">ANGELUS<\/span><\/b><\/i><\/p>\n<p><i><span class=\"color-text\">Piazza San Pietro<br \/>\nDomenica, 14 settembre 2025<\/span><\/i><\/p>\n<p>________________________________________<\/p>\n<div class=\"clearfix\"><\/div>\n<\/div>\n<div class=\"text parbase vaticanrichtext\">\n<p><i>Cari fratelli e sorelle, buona domenica!<\/i><\/p>\n<p>Oggi la Chiesa celebra la Festa dell\u2019<i>Esaltazione della Santa Croce<\/i>, in cui ricorda il ritrovamento del legno della Croce da parte di Sant\u2019Elena, a Gerusalemme, nel IV secolo, e la restituzione della preziosa Reliquia alla Citt\u00e0 santa, ad opera dell\u2019Imperatore Eraclio.<\/p>\n<p>Ma cosa vuol dire per noi, oggi, celebrare questa Festa? Ci aiuta a comprenderlo il Vangelo che la liturgia ci propone (cfr\u00a0<i>Gv<\/i>\u00a03,13-17). La scena si svolge di notte: Nicodemo, uno dei capi dei Giudei, persona retta e dalla mente aperta (cfr\u00a0<i>Gv<\/i>\u00a07,50-51), viene a incontrare Ges\u00f9. Ha bisogno di luce, di guida: cerca Dio e chiede aiuto al Maestro di Nazaret, perch\u00e9 in Lui riconosce un profeta, un uomo che compie segni straordinari.<\/p>\n<p>Il Signore lo accoglie, lo ascolta, e alla fine gli rivela che il Figlio dell\u2019uomo dev\u2019essere innalzato, \u00abperch\u00e9 chiunque crede in lui abbia la vita eterna\u00bb (<i>Gv<\/i>\u00a03,15), e aggiunge: \u00abDio infatti ha tanto amato il mondo da dare il Figlio unigenito, perch\u00e9 chiunque crede in lui non vada perduto, ma abbia la vita eterna\u00bb (cfr v. 16). Nicodemo, che forse al momento non comprende appieno il senso di queste parole, lo potr\u00e0 fare certamente quando, dopo la crocifissione, aiuter\u00e0 a seppellire il corpo del Salvatore (cfr\u00a0<i>Gv<\/i>\u00a019,39): capir\u00e0 che Dio, per redimere gli uomini, si \u00e8 fatto uomo ed \u00e8 morto sulla croce.<\/p>\n<p>Ges\u00f9 parla di questo a Nicodemo, richiamando un episodio dell\u2019Antico Testamento (cfr\u00a0<i>Nm<\/i>\u00a021,4-9), quando nel deserto gli Israeliti, assaliti da serpenti velenosi, si salvavano guardando il serpente di bronzo che Mos\u00e8, obbedendo al comando di Dio, aveva fatto e posto sopra un\u2019asta.<\/p>\n<p>Dio ci ha salvati mostrandosi a noi, offrendosi come nostro compagno, maestro, medico, amico, fino a farsi per noi Pane spezzato nell\u2019Eucaristia. E per compiere quest\u2019opera si \u00e8 servito di uno degli strumenti di morte pi\u00f9 crudeli che l\u2019uomo abbia mai inventato: la croce.<\/p>\n<p>Per questo oggi noi ne celebriamo l\u2019\u201cesaltazione\u201d: per l\u2019amore immenso con cui Dio, abbracciandola per la nostra salvezza, l\u2019ha trasformata da mezzo di morte a strumento di vita, insegnandoci che niente pu\u00f2 separarci da Lui (cfr\u00a0<i>Rm<\/i>\u00a08,35-39) e che la sua carit\u00e0 \u00e8 pi\u00f9 grande del nostro stesso peccato (cfr Francesco,\u00a0<i><a href=\"https:\/\/www.vatican.va\/content\/francesco\/it\/audiences\/2016\/documents\/papa-francesco_20160330_udienza-generale.html\">Catechesi<\/a><\/i>, 30 marzo 2016).<\/p>\n<p>Chiediamo allora, per intercessione di Maria, la Madre presente al Calvario vicino al suo Figlio, che anche in noi si radichi e cresca il suo amore che salva, e che anche noi sappiamo donarci gli uni agli altri, come Lui si \u00e8 donato tutto a tutti.<\/p>\n<p>________________<\/p>\n<p><b>Dopo l&#8217;Angelus<\/b><\/p>\n<p><i>Cari fratelli e sorelle!<\/i><\/p>\n<p>Domani ricorre il 60\u00b0 anniversario dell\u2019istituzione del Sinodo dei Vescovi, un\u2019intuizione profetica di San Paolo VI, affinch\u00e9 i Vescovi potessero ancora di pi\u00f9 e meglio esercitare la comunione con il Successore di Pietro. Auspico che questa ricorrenza susciti un rinnovato impegno per l\u2019unit\u00e0, per la sinodalit\u00e0 e per la missione della Chiesa.<\/p>\n<p>Rivolgo con affetto il mio saluto a tutti voi, fedeli di Roma e pellegrini dall\u2019Italia e da vari Paesi, in particolare quelli di Villa Alemana e Valpara\u00edso, in Cile,\u00a0<i>from the Archdiocese of\u00a0<\/i>Mwanza in Tanzania, e di Humpolec, nella Repubblica Ceca; i peruviani dell\u2019Associazione religiosa\u00a0<i>Jes\u00fas Nazareno Cautivo<\/i>. Saluto poi i fedeli di Chiaiamari, Anitrella, Uboldo, Faeto, Lesmo, Trani, Faenza, Pistoia, San Martino in Sergnano, Guardia di Acireale, San Martino delle Scale in Palermo e Alghero.<\/p>\n<p>Saluto inoltre le Bande musicali di Borno e di Sonico in Val Camonica, la Cooperativa \u201cLa Nuova Famiglia\u201d di Monza, il Comitato Regionale Pro Loco del Lazio, l\u2019Unione dell\u2019Apostolato Cattolico, i giovani del\u00a0<i>Don Bosco Youth-Net<\/i>\u00a0e la comunit\u00e0 di Comunione e Liberazione di Roma; come pure l\u2019Associazione Arti e Mestieri di Sant\u2019Agata di Militello, i motociclisti venuti da Ravenna e i ciclisti giunti da Rovigo.<\/p>\n<p>Carissimi, sembra che sappiate,<b>\u00a0<\/b>oggi compio settant\u2019anni. Rendo grazie al Signore e ai miei genitori; e ringrazio quanti hanno avuto un ricordo nella preghiera. Tante grazie a tutti! Grazie! Buona domenica!<\/p>\n<p><iframe loading=\"lazy\" title=\"Angelus, 14 settembre 2025 Papa Leone XIV\" width=\"500\" height=\"281\" src=\"https:\/\/www.youtube.com\/embed\/LLJkdzUe5Po?feature=oembed\" frameborder=\"0\" allow=\"accelerometer; autoplay; clipboard-write; encrypted-media; gyroscope; picture-in-picture; web-share\" referrerpolicy=\"strict-origin-when-cross-origin\" allowfullscreen><\/iframe><\/p>\n<\/div>\n","protected":false},"excerpt":{"rendered":"<p>Angelus, 14 settembre 2025<\/p>\n","protected":false},"author":17,"featured_media":134703,"comment_status":"closed","ping_status":"closed","sticky":false,"template":"","format":"standard","meta":{"_acf_changed":false,"_crdt_document":"","inline_featured_image":false,"footnotes":""},"categories":[69,67],"tags":[72506,72505,64850,72503,72507,42461,24269,64851,72504,72508,40066,61873,58164,72509,54644,4952],"class_list":["post-134714","post","type-post","status-publish","format-standard","has-post-thumbnail","hentry","category-angelus-it","category-leone-xiv","tag-angelus-14-settembre-2025","tag-anniversario-del-sinodo-dei-vescovi","tag-chiesa-cattolica-it","tag-compleanno-di-papa-leone-xiv","tag-croce-segno-di-salvezza","tag-discorso-del-papa","tag-esaltazione-della-santa-croce","tag-featured-it-2","tag-messaggio-dellangelus","tag-nicodemo-vangelo-di-giovanni","tag-notizie-dal-vaticano","tag-omelia-del-papa","tag-papa-leone-xiv","tag-pellegrini-piazza-san-pietro","tag-preghiera-mariana","tag-trending-it"],"acf":[],"yoast_head":"<!-- This site is optimized with the Yoast SEO plugin v27.4 - https:\/\/yoast.com\/product\/yoast-seo-wordpress\/ -->\n<title>Papa Leone XIV: &quot;La Croce, segno di amore e salvezza&quot; &#8211; Exaudi<\/title>\n<meta name=\"robots\" content=\"index, follow, max-snippet:-1, max-image-preview:large, max-video-preview:-1\" \/>\n<link rel=\"canonical\" href=\"https:\/\/exaudi.org\/it\/papa-leone-xiv-la-croce-segno-di-amore-e-salvezza\/\" \/>\n<meta property=\"og:locale\" content=\"it_IT\" \/>\n<meta property=\"og:type\" content=\"article\" \/>\n<meta property=\"og:title\" content=\"Papa Leone XIV: &quot;La Croce, segno di amore e salvezza&quot; &#8211; Exaudi\" \/>\n<meta property=\"og:description\" content=\"Angelus, 14 settembre 2025\" \/>\n<meta property=\"og:url\" content=\"https:\/\/exaudi.org\/it\/papa-leone-xiv-la-croce-segno-di-amore-e-salvezza\/\" \/>\n<meta property=\"og:site_name\" content=\"Exaudi\" \/>\n<meta property=\"article:publisher\" content=\"https:\/\/www.facebook.com\/ExaudiNews\" \/>\n<meta property=\"article:author\" content=\"https:\/\/www.facebook.com\/ExaudiNotizie\/\" \/>\n<meta property=\"article:published_time\" content=\"2025-09-14T17:03:27+00:00\" \/>\n<meta property=\"og:image\" content=\"https:\/\/exaudi.org\/wp-content\/uploads\/2025\/09\/SnapInsta.to_548009728_17969428355944327_778784721807476521_n.jpg\" \/>\n\t<meta property=\"og:image:width\" content=\"1080\" \/>\n\t<meta property=\"og:image:height\" content=\"1080\" \/>\n\t<meta property=\"og:image:type\" content=\"image\/jpeg\" \/>\n<meta name=\"author\" content=\"Exaudi Redazione\" \/>\n<meta name=\"twitter:card\" content=\"summary_large_image\" \/>\n<meta name=\"twitter:creator\" content=\"@Exaudi_Notizie\" \/>\n<meta name=\"twitter:site\" content=\"@Exaudi_News\" \/>\n<meta name=\"twitter:label1\" content=\"Scritto da\" \/>\n\t<meta name=\"twitter:data1\" content=\"Exaudi Redazione\" \/>\n\t<meta name=\"twitter:label2\" content=\"Tempo di lettura stimato\" \/>\n\t<meta name=\"twitter:data2\" content=\"4 minuti\" \/>\n<script type=\"application\/ld+json\" class=\"yoast-schema-graph\">{\"@context\":\"https:\\\/\\\/schema.org\",\"@graph\":[{\"@type\":\"Article\",\"@id\":\"https:\\\/\\\/exaudi.org\\\/it\\\/papa-leone-xiv-la-croce-segno-di-amore-e-salvezza\\\/#article\",\"isPartOf\":{\"@id\":\"https:\\\/\\\/exaudi.org\\\/it\\\/papa-leone-xiv-la-croce-segno-di-amore-e-salvezza\\\/\"},\"author\":{\"name\":\"Exaudi Redazione\",\"@id\":\"https:\\\/\\\/exaudi.org\\\/#\\\/schema\\\/person\\\/e1ab6ed07c01774724dd96f925f3a5f0\"},\"headline\":\"Papa Leone XIV: &#8220;La Croce, segno di amore e salvezza&#8221;\",\"datePublished\":\"2025-09-14T17:03:27+00:00\",\"mainEntityOfPage\":{\"@id\":\"https:\\\/\\\/exaudi.org\\\/it\\\/papa-leone-xiv-la-croce-segno-di-amore-e-salvezza\\\/\"},\"wordCount\":885,\"image\":{\"@id\":\"https:\\\/\\\/exaudi.org\\\/it\\\/papa-leone-xiv-la-croce-segno-di-amore-e-salvezza\\\/#primaryimage\"},\"thumbnailUrl\":\"https:\\\/\\\/exaudi.org\\\/wp-content\\\/uploads\\\/2025\\\/09\\\/SnapInsta.to_548009728_17969428355944327_778784721807476521_n.jpg\",\"keywords\":[\"Angelus 14 settembre 2025\",\"Anniversario del Sinodo dei Vescovi\",\"CHIESA CATTOLICA\",\"Compleanno di Papa Leone XIV\",\"Croce segno di salvezza\",\"Discorso del Papa\",\"Esaltazione della Santa Croce\",\"Featured\",\"Messaggio dell'Angelus\",\"Nicodemo Vangelo di Giovanni\",\"Notizie dal Vaticano\",\"Omelia del Papa\",\"Papa Leone XIV\",\"Pellegrini Piazza San Pietro\",\"Preghiera mariana\",\"Trending\"],\"articleSection\":[\"Angelus\",\"Leone XIV\"],\"inLanguage\":\"it-IT\"},{\"@type\":\"WebPage\",\"@id\":\"https:\\\/\\\/exaudi.org\\\/it\\\/papa-leone-xiv-la-croce-segno-di-amore-e-salvezza\\\/\",\"url\":\"https:\\\/\\\/exaudi.org\\\/it\\\/papa-leone-xiv-la-croce-segno-di-amore-e-salvezza\\\/\",\"name\":\"Papa Leone XIV: \\\"La Croce, segno di amore e salvezza\\\" &#8211; Exaudi\",\"isPartOf\":{\"@id\":\"https:\\\/\\\/exaudi.org\\\/#website\"},\"primaryImageOfPage\":{\"@id\":\"https:\\\/\\\/exaudi.org\\\/it\\\/papa-leone-xiv-la-croce-segno-di-amore-e-salvezza\\\/#primaryimage\"},\"image\":{\"@id\":\"https:\\\/\\\/exaudi.org\\\/it\\\/papa-leone-xiv-la-croce-segno-di-amore-e-salvezza\\\/#primaryimage\"},\"thumbnailUrl\":\"https:\\\/\\\/exaudi.org\\\/wp-content\\\/uploads\\\/2025\\\/09\\\/SnapInsta.to_548009728_17969428355944327_778784721807476521_n.jpg\",\"datePublished\":\"2025-09-14T17:03:27+00:00\",\"author\":{\"@id\":\"https:\\\/\\\/exaudi.org\\\/#\\\/schema\\\/person\\\/e1ab6ed07c01774724dd96f925f3a5f0\"},\"breadcrumb\":{\"@id\":\"https:\\\/\\\/exaudi.org\\\/it\\\/papa-leone-xiv-la-croce-segno-di-amore-e-salvezza\\\/#breadcrumb\"},\"inLanguage\":\"it-IT\",\"potentialAction\":[{\"@type\":\"ReadAction\",\"target\":[\"https:\\\/\\\/exaudi.org\\\/it\\\/papa-leone-xiv-la-croce-segno-di-amore-e-salvezza\\\/\"]}]},{\"@type\":\"ImageObject\",\"inLanguage\":\"it-IT\",\"@id\":\"https:\\\/\\\/exaudi.org\\\/it\\\/papa-leone-xiv-la-croce-segno-di-amore-e-salvezza\\\/#primaryimage\",\"url\":\"https:\\\/\\\/exaudi.org\\\/wp-content\\\/uploads\\\/2025\\\/09\\\/SnapInsta.to_548009728_17969428355944327_778784721807476521_n.jpg\",\"contentUrl\":\"https:\\\/\\\/exaudi.org\\\/wp-content\\\/uploads\\\/2025\\\/09\\\/SnapInsta.to_548009728_17969428355944327_778784721807476521_n.jpg\",\"width\":1080,\"height\":1080},{\"@type\":\"BreadcrumbList\",\"@id\":\"https:\\\/\\\/exaudi.org\\\/it\\\/papa-leone-xiv-la-croce-segno-di-amore-e-salvezza\\\/#breadcrumb\",\"itemListElement\":[{\"@type\":\"ListItem\",\"position\":1,\"name\":\"Portada\",\"item\":\"https:\\\/\\\/exaudi.org\\\/it\\\/\"},{\"@type\":\"ListItem\",\"position\":2,\"name\":\"Papa Leone XIV: &#8220;La Croce, segno di amore e salvezza&#8221;\"}]},{\"@type\":\"WebSite\",\"@id\":\"https:\\\/\\\/exaudi.org\\\/#website\",\"url\":\"https:\\\/\\\/exaudi.org\\\/\",\"name\":\"Exaudi\",\"description\":\"News\",\"potentialAction\":[{\"@type\":\"SearchAction\",\"target\":{\"@type\":\"EntryPoint\",\"urlTemplate\":\"https:\\\/\\\/exaudi.org\\\/?s={search_term_string}\"},\"query-input\":{\"@type\":\"PropertyValueSpecification\",\"valueRequired\":true,\"valueName\":\"search_term_string\"}}],\"inLanguage\":\"it-IT\"},{\"@type\":\"Person\",\"@id\":\"https:\\\/\\\/exaudi.org\\\/#\\\/schema\\\/person\\\/e1ab6ed07c01774724dd96f925f3a5f0\",\"name\":\"Exaudi Redazione\",\"image\":{\"@type\":\"ImageObject\",\"inLanguage\":\"it-IT\",\"@id\":\"https:\\\/\\\/secure.gravatar.com\\\/avatar\\\/ad6774b3ada023bf5b939d64f45c94b3adf91502dd883507d469b4308a943bb3?s=96&d=mm&r=g\",\"url\":\"https:\\\/\\\/secure.gravatar.com\\\/avatar\\\/ad6774b3ada023bf5b939d64f45c94b3adf91502dd883507d469b4308a943bb3?s=96&d=mm&r=g\",\"contentUrl\":\"https:\\\/\\\/secure.gravatar.com\\\/avatar\\\/ad6774b3ada023bf5b939d64f45c94b3adf91502dd883507d469b4308a943bb3?s=96&d=mm&r=g\",\"caption\":\"Exaudi Redazione\"},\"description\":\"Che cosa \u00e8 Exaudi News? Exaudi News \u00e8 un agenzia cattolica internazionale che informa, istruisce e trasforma quotidianamente in spagnolo, inglese e italiano. Attraverso notizie, articoli di analisi e trasmissioni in diretta degli eventi del Papa, Exaudi cerca di rafforzare l'unit\u00e0 dei cristiani e di contribuire all'evangelizzazione del mondo, sempre guidato dalla dottrina sociale della Chiesa. Lavoriamo per portare la verit\u00e0 e i valori cristiani in ogni angolo del pianeta. Aiutaci a trasformare il mondo con Exaudi! Noi di Exaudi crediamo che l'evangelizzazione e l'informazione di qualit\u00e0 possano cambiare la vita. Per continuare la nostra missione ed espandere la nostra portata, abbiamo bisogno del tuo aiuto. Stiamo anche cercando persone motivate che vogliano unirsi al nostro team. Grazie al vostro sostegno raggiungeremo pi\u00f9 persone, diffonderemo il messaggio di Cristo e rafforzeremo l'unit\u00e0 dei cristiani. Vuoi unirti alla nostra missione? Per maggiori informazioni su come contribuire, visita Exaudi.org\\\/it o contattaci direttamente: info@exaudi.org Exaudi: informa, forma e trasforma.\",\"sameAs\":[\"https:\\\/\\\/www.facebook.com\\\/ExaudiNotizie\\\/\",\"https:\\\/\\\/www.instagram.com\\\/Exaudi_notizie\\\/\",\"https:\\\/\\\/x.com\\\/Exaudi_Notizie\",\"https:\\\/\\\/www.youtube.com\\\/@exaudicatholicnews\"],\"url\":\"https:\\\/\\\/exaudi.org\\\/it\\\/author\\\/dlvedi-org\\\/\"}]}<\/script>\n<!-- \/ Yoast SEO plugin. -->","yoast_head_json":{"title":"Papa Leone XIV: \"La Croce, segno di amore e salvezza\" &#8211; Exaudi","robots":{"index":"index","follow":"follow","max-snippet":"max-snippet:-1","max-image-preview":"max-image-preview:large","max-video-preview":"max-video-preview:-1"},"canonical":"https:\/\/exaudi.org\/it\/papa-leone-xiv-la-croce-segno-di-amore-e-salvezza\/","og_locale":"it_IT","og_type":"article","og_title":"Papa Leone XIV: \"La Croce, segno di amore e salvezza\" &#8211; Exaudi","og_description":"Angelus, 14 settembre 2025","og_url":"https:\/\/exaudi.org\/it\/papa-leone-xiv-la-croce-segno-di-amore-e-salvezza\/","og_site_name":"Exaudi","article_publisher":"https:\/\/www.facebook.com\/ExaudiNews","article_author":"https:\/\/www.facebook.com\/ExaudiNotizie\/","article_published_time":"2025-09-14T17:03:27+00:00","og_image":[{"width":1080,"height":1080,"url":"https:\/\/exaudi.org\/wp-content\/uploads\/2025\/09\/SnapInsta.to_548009728_17969428355944327_778784721807476521_n.jpg","type":"image\/jpeg"}],"author":"Exaudi Redazione","twitter_card":"summary_large_image","twitter_creator":"@Exaudi_Notizie","twitter_site":"@Exaudi_News","twitter_misc":{"Scritto da":"Exaudi Redazione","Tempo di lettura stimato":"4 minuti"},"schema":{"@context":"https:\/\/schema.org","@graph":[{"@type":"Article","@id":"https:\/\/exaudi.org\/it\/papa-leone-xiv-la-croce-segno-di-amore-e-salvezza\/#article","isPartOf":{"@id":"https:\/\/exaudi.org\/it\/papa-leone-xiv-la-croce-segno-di-amore-e-salvezza\/"},"author":{"name":"Exaudi Redazione","@id":"https:\/\/exaudi.org\/#\/schema\/person\/e1ab6ed07c01774724dd96f925f3a5f0"},"headline":"Papa Leone XIV: &#8220;La Croce, segno di amore e salvezza&#8221;","datePublished":"2025-09-14T17:03:27+00:00","mainEntityOfPage":{"@id":"https:\/\/exaudi.org\/it\/papa-leone-xiv-la-croce-segno-di-amore-e-salvezza\/"},"wordCount":885,"image":{"@id":"https:\/\/exaudi.org\/it\/papa-leone-xiv-la-croce-segno-di-amore-e-salvezza\/#primaryimage"},"thumbnailUrl":"https:\/\/exaudi.org\/wp-content\/uploads\/2025\/09\/SnapInsta.to_548009728_17969428355944327_778784721807476521_n.jpg","keywords":["Angelus 14 settembre 2025","Anniversario del Sinodo dei Vescovi","CHIESA CATTOLICA","Compleanno di Papa Leone XIV","Croce segno di salvezza","Discorso del Papa","Esaltazione della Santa Croce","Featured","Messaggio dell'Angelus","Nicodemo Vangelo di Giovanni","Notizie dal Vaticano","Omelia del Papa","Papa Leone XIV","Pellegrini Piazza San Pietro","Preghiera mariana","Trending"],"articleSection":["Angelus","Leone XIV"],"inLanguage":"it-IT"},{"@type":"WebPage","@id":"https:\/\/exaudi.org\/it\/papa-leone-xiv-la-croce-segno-di-amore-e-salvezza\/","url":"https:\/\/exaudi.org\/it\/papa-leone-xiv-la-croce-segno-di-amore-e-salvezza\/","name":"Papa Leone XIV: \"La Croce, segno di amore e salvezza\" &#8211; Exaudi","isPartOf":{"@id":"https:\/\/exaudi.org\/#website"},"primaryImageOfPage":{"@id":"https:\/\/exaudi.org\/it\/papa-leone-xiv-la-croce-segno-di-amore-e-salvezza\/#primaryimage"},"image":{"@id":"https:\/\/exaudi.org\/it\/papa-leone-xiv-la-croce-segno-di-amore-e-salvezza\/#primaryimage"},"thumbnailUrl":"https:\/\/exaudi.org\/wp-content\/uploads\/2025\/09\/SnapInsta.to_548009728_17969428355944327_778784721807476521_n.jpg","datePublished":"2025-09-14T17:03:27+00:00","author":{"@id":"https:\/\/exaudi.org\/#\/schema\/person\/e1ab6ed07c01774724dd96f925f3a5f0"},"breadcrumb":{"@id":"https:\/\/exaudi.org\/it\/papa-leone-xiv-la-croce-segno-di-amore-e-salvezza\/#breadcrumb"},"inLanguage":"it-IT","potentialAction":[{"@type":"ReadAction","target":["https:\/\/exaudi.org\/it\/papa-leone-xiv-la-croce-segno-di-amore-e-salvezza\/"]}]},{"@type":"ImageObject","inLanguage":"it-IT","@id":"https:\/\/exaudi.org\/it\/papa-leone-xiv-la-croce-segno-di-amore-e-salvezza\/#primaryimage","url":"https:\/\/exaudi.org\/wp-content\/uploads\/2025\/09\/SnapInsta.to_548009728_17969428355944327_778784721807476521_n.jpg","contentUrl":"https:\/\/exaudi.org\/wp-content\/uploads\/2025\/09\/SnapInsta.to_548009728_17969428355944327_778784721807476521_n.jpg","width":1080,"height":1080},{"@type":"BreadcrumbList","@id":"https:\/\/exaudi.org\/it\/papa-leone-xiv-la-croce-segno-di-amore-e-salvezza\/#breadcrumb","itemListElement":[{"@type":"ListItem","position":1,"name":"Portada","item":"https:\/\/exaudi.org\/it\/"},{"@type":"ListItem","position":2,"name":"Papa Leone XIV: &#8220;La Croce, segno di amore e salvezza&#8221;"}]},{"@type":"WebSite","@id":"https:\/\/exaudi.org\/#website","url":"https:\/\/exaudi.org\/","name":"Exaudi","description":"News","potentialAction":[{"@type":"SearchAction","target":{"@type":"EntryPoint","urlTemplate":"https:\/\/exaudi.org\/?s={search_term_string}"},"query-input":{"@type":"PropertyValueSpecification","valueRequired":true,"valueName":"search_term_string"}}],"inLanguage":"it-IT"},{"@type":"Person","@id":"https:\/\/exaudi.org\/#\/schema\/person\/e1ab6ed07c01774724dd96f925f3a5f0","name":"Exaudi Redazione","image":{"@type":"ImageObject","inLanguage":"it-IT","@id":"https:\/\/secure.gravatar.com\/avatar\/ad6774b3ada023bf5b939d64f45c94b3adf91502dd883507d469b4308a943bb3?s=96&d=mm&r=g","url":"https:\/\/secure.gravatar.com\/avatar\/ad6774b3ada023bf5b939d64f45c94b3adf91502dd883507d469b4308a943bb3?s=96&d=mm&r=g","contentUrl":"https:\/\/secure.gravatar.com\/avatar\/ad6774b3ada023bf5b939d64f45c94b3adf91502dd883507d469b4308a943bb3?s=96&d=mm&r=g","caption":"Exaudi Redazione"},"description":"Che cosa \u00e8 Exaudi News? Exaudi News \u00e8 un agenzia cattolica internazionale che informa, istruisce e trasforma quotidianamente in spagnolo, inglese e italiano. Attraverso notizie, articoli di analisi e trasmissioni in diretta degli eventi del Papa, Exaudi cerca di rafforzare l'unit\u00e0 dei cristiani e di contribuire all'evangelizzazione del mondo, sempre guidato dalla dottrina sociale della Chiesa. Lavoriamo per portare la verit\u00e0 e i valori cristiani in ogni angolo del pianeta. Aiutaci a trasformare il mondo con Exaudi! Noi di Exaudi crediamo che l'evangelizzazione e l'informazione di qualit\u00e0 possano cambiare la vita. Per continuare la nostra missione ed espandere la nostra portata, abbiamo bisogno del tuo aiuto. Stiamo anche cercando persone motivate che vogliano unirsi al nostro team. Grazie al vostro sostegno raggiungeremo pi\u00f9 persone, diffonderemo il messaggio di Cristo e rafforzeremo l'unit\u00e0 dei cristiani. Vuoi unirti alla nostra missione? Per maggiori informazioni su come contribuire, visita Exaudi.org\/it o contattaci direttamente: info@exaudi.org Exaudi: informa, forma e trasforma.","sameAs":["https:\/\/www.facebook.com\/ExaudiNotizie\/","https:\/\/www.instagram.com\/Exaudi_notizie\/","https:\/\/x.com\/Exaudi_Notizie","https:\/\/www.youtube.com\/@exaudicatholicnews"],"url":"https:\/\/exaudi.org\/it\/author\/dlvedi-org\/"}]}},"jetpack_featured_media_url":"https:\/\/exaudi.org\/wp-content\/uploads\/2025\/09\/SnapInsta.to_548009728_17969428355944327_778784721807476521_n.jpg","jetpack_shortlink":"https:\/\/wp.me\/pgKjF2-z2O","_links":{"self":[{"href":"https:\/\/exaudi.org\/it\/wp-json\/wp\/v2\/posts\/134714","targetHints":{"allow":["GET"]}}],"collection":[{"href":"https:\/\/exaudi.org\/it\/wp-json\/wp\/v2\/posts"}],"about":[{"href":"https:\/\/exaudi.org\/it\/wp-json\/wp\/v2\/types\/post"}],"author":[{"embeddable":true,"href":"https:\/\/exaudi.org\/it\/wp-json\/wp\/v2\/users\/17"}],"replies":[{"embeddable":true,"href":"https:\/\/exaudi.org\/it\/wp-json\/wp\/v2\/comments?post=134714"}],"version-history":[{"count":6,"href":"https:\/\/exaudi.org\/it\/wp-json\/wp\/v2\/posts\/134714\/revisions"}],"predecessor-version":[{"id":134721,"href":"https:\/\/exaudi.org\/it\/wp-json\/wp\/v2\/posts\/134714\/revisions\/134721"}],"wp:featuredmedia":[{"embeddable":true,"href":"https:\/\/exaudi.org\/it\/wp-json\/wp\/v2\/media\/134703"}],"wp:attachment":[{"href":"https:\/\/exaudi.org\/it\/wp-json\/wp\/v2\/media?parent=134714"}],"wp:term":[{"taxonomy":"category","embeddable":true,"href":"https:\/\/exaudi.org\/it\/wp-json\/wp\/v2\/categories?post=134714"},{"taxonomy":"post_tag","embeddable":true,"href":"https:\/\/exaudi.org\/it\/wp-json\/wp\/v2\/tags?post=134714"}],"curies":[{"name":"wp","href":"https:\/\/api.w.org\/{rel}","templated":true}]}}