{"id":133769,"date":"2025-09-07T19:05:55","date_gmt":"2025-09-07T17:05:55","guid":{"rendered":"https:\/\/exaudi.org\/?p=133769"},"modified":"2025-09-07T19:05:55","modified_gmt":"2025-09-07T17:05:55","slug":"riflessione-del-vescovo-enrique-diaz-chi-non-rinuncia-a-tutti-i-suoi-beni-non-puo-essere-mio-discepolo","status":"publish","type":"post","link":"https:\/\/exaudi.org\/it\/riflessione-del-vescovo-enrique-diaz-chi-non-rinuncia-a-tutti-i-suoi-beni-non-puo-essere-mio-discepolo\/","title":{"rendered":"Riflessione del Vescovo Enrique D\u00edaz: Chi non rinuncia a tutti i suoi beni non pu\u00f2 essere mio discepolo"},"content":{"rendered":"<p><span dir=\"auto\" style=\"vertical-align: inherit\"><span dir=\"auto\" style=\"vertical-align: inherit\">Il vescovo Enrique D\u00edaz D\u00edaz condivide con i lettori di Exaudi la sua riflessione sul\u00a0 <\/span><\/span><a href=\"https:\/\/www.dominicos.org\/predicacion\/homilia\/7-9-2025\/lecturas\/\" target=\"_blank\" rel=\"noopener\"><span dir=\"auto\" style=\"vertical-align: inherit\"><span dir=\"auto\" style=\"vertical-align: inherit\">Vangelo di questa domenica, 7 settembre 2025<\/span><\/span><\/a><span dir=\"auto\" style=\"vertical-align: inherit\"><span dir=\"auto\" style=\"vertical-align: inherit\">, intitolato:\u00a0 <\/span><\/span><em><span dir=\"auto\" style=\"vertical-align: inherit\"><span dir=\"auto\" style=\"vertical-align: inherit\">\u201cChi non rinuncia a tutti i suoi beni non pu\u00f2 essere mio discepolo\u201d<\/span><\/span><\/em><em><span dir=\"auto\" style=\"vertical-align: inherit\"><span dir=\"auto\" style=\"vertical-align: inherit\">.<\/span><\/span><\/em><\/p>\n<p><span dir=\"auto\" style=\"vertical-align: inherit\"><span dir=\"auto\" style=\"vertical-align: inherit\">***<\/span><\/span><\/p>\n<p><span dir=\"auto\" style=\"vertical-align: inherit\"><span dir=\"auto\" style=\"vertical-align: inherit\">Sapienza 9, 13-19:\u00a0 <\/span><\/span><em><span dir=\"auto\" style=\"vertical-align: inherit\"><span dir=\"auto\" style=\"vertical-align: inherit\">\u00abChi \u00e8 l&#8217;uomo che pu\u00f2 conoscere i disegni di Dio?\u00bb<\/span><\/span><\/em><\/p>\n<p><span dir=\"auto\" style=\"vertical-align: inherit\"><span dir=\"auto\" style=\"vertical-align: inherit\">Salmo 89:\u00a0 <\/span><\/span><em><span dir=\"auto\" style=\"vertical-align: inherit\"><span dir=\"auto\" style=\"vertical-align: inherit\">\u00abTu sei, Signore, il nostro rifugio\u00bb<\/span><\/span><\/em><\/p>\n<p><span dir=\"auto\" style=\"vertical-align: inherit\"><span dir=\"auto\" style=\"vertical-align: inherit\">Filemone 9-10, 12-17: \u00ab<\/span><\/span><em><span dir=\"auto\" style=\"vertical-align: inherit\"><span dir=\"auto\" style=\"vertical-align: inherit\">Non accoglietelo come uno schiavo, ma come un fratello amato\u00bb<\/span><\/span><\/em><\/p>\n<p><span dir=\"auto\" style=\"vertical-align: inherit\"><span dir=\"auto\" style=\"vertical-align: inherit\">Luca 14:25-33:\u00a0 <\/span><\/span><em><span dir=\"auto\" style=\"vertical-align: inherit\"><span dir=\"auto\" style=\"vertical-align: inherit\">\u00abChiunque non rinuncia a tutti i suoi beni non pu\u00f2 essere mio discepolo\u00bb<\/span><\/span><\/em><\/p>\n<p><span dir=\"auto\" style=\"vertical-align: inherit\"><span dir=\"auto\" style=\"vertical-align: inherit\">\u00c8 sorprendente la libert\u00e0 con cui Papa Francesco ha denunciato stili cristiani che hanno ben poco a che vedere con i veri discepoli di Ges\u00f9. Li ha definiti &#8220;cristiani di buone maniere ma di cattiva morale&#8221;, &#8220;credenti da museo&#8221;, &#8220;ipocriti della casistica&#8221;, &#8220;cristiani incapaci di vivere controcorrente&#8221;, &#8220;cristiani corrotti&#8221; che pensano solo a se stessi, &#8220;cristiani istruiti&#8221; che non annunciano il Vangelo&#8230;<\/span><\/span><\/p>\n<p><span dir=\"auto\" style=\"vertical-align: inherit\"><span dir=\"auto\" style=\"vertical-align: inherit\">Se ci chiedono se vogliamo seguire Ges\u00f9, possiamo tutti rispondere di s\u00ec. Perch\u00e9 la Chiesa richiede ben poco per essere considerati cristiani: i neonati vengono battezzati con pochi requisiti; al massimo, la partecipazione ad alcuni colloqui preparatori e un vago impegno ad agire da cristiani, educando il bambino secondo la legge di Dio e i comandamenti della Chiesa. Ma all&#8217;inizio, con Ges\u00f9, non era cos\u00ec. Per essere discepoli, Ges\u00f9 pose condizioni cos\u00ec chiare che indussero chiunque volesse diventarlo a prenderlo seriamente in considerazione. Pochi sarebbero cristiani se, per farlo, dovessimo soddisfare le tre condizioni che, quando necessario, Ges\u00f9 richiede ai suoi discepoli. Diciamo di prendere la croce di Ges\u00f9, ma la adattiamo al nostro modo e al nostro stile. Si pu\u00f2 essere cristiani e mentire; si pu\u00f2 essere cristiani ed essere ingiusti con il proprio fratello. Nessuno mette in dubbio se siamo cristiani e ci dedichiamo alla droga o all&#8217;alcol. Si pu\u00f2 essere cristiani e diffamare, distruggere e ingannare. I cristiani mentono, rubano, abortiscono e voltano le spalle ai loro fratelli e sorelle. Ci costruiamo la nostra croce, una croce &#8220;facile&#8221;, accomodante, &#8220;piccola&#8221;.<\/span><\/span><\/p>\n<p><span dir=\"auto\" style=\"vertical-align: inherit\"><span dir=\"auto\" style=\"vertical-align: inherit\">Al massimo, comprendiamo la sofferenza della vita come una croce e la sopportiamo come meglio possiamo; oppure comprendiamo anche il lavoro e la dedizione di ogni giorno come una croce, anche se lo facciamo con svogliatezza e riluttanza. Sopportiamo il nostro marito o la nostra moglie perch\u00e9 non c&#8217;\u00e8 altra scelta; \u00e8 la croce che ci \u00e8 toccata e non possiamo &#8220;buttarla via&#8221;. C&#8217;\u00e8 chi pensa che portare la croce e seguire il Crocifisso significhi cercare piccole mortificazioni, privarsi di soddisfazioni e rinunciare a gioie legittime per raggiungere, attraverso la sofferenza, una comunione pi\u00f9 profonda con Lui. Quando il Vangelo ci dice di prendere la croce, non si riferisce specificamente a queste croci, sebbene sia legittimo per noi prenderle e possano aiutarci a seguirlo. Ges\u00f9 parla di qualcosa di molto pi\u00f9 profondo che portare al collo una croce fatta a nostra misura e gusto. Ges\u00f9 invita tutti, fino a tre volte, a fare una scelta radicale per Lui, a prendere la croce e a rinunciare a tutto; altrimenti, non possiamo essere suoi discepoli. Ges\u00f9 ci presenta tre richieste come casi estremi che ci danno un&#8217;idea di quanto sia importante seguire la sua via.<\/span><\/span><\/p>\n<p><span dir=\"auto\" style=\"vertical-align: inherit\"><span dir=\"auto\" style=\"vertical-align: inherit\">Il primo \u00e8 preferire Ges\u00f9 alla famiglia. Il discepolo deve essere disposto a subordinare tutto all&#8217;adesione al Maestro. Se, nel tentativo di instaurare il regno di Dio, il Vangelo e la famiglia entrano in conflitto, cos\u00ec che quest&#8217;ultima impedisce l&#8217;instaurazione della prima, l&#8217;adesione a Ges\u00f9 ha la precedenza. Ges\u00f9 e il suo progetto di creare una nuova societ\u00e0, distinta dal sistema mondano, sono al di sopra dei legami familiari.<\/span><\/span><\/p>\n<p><span dir=\"auto\" style=\"vertical-align: inherit\"><span dir=\"auto\" style=\"vertical-align: inherit\">Il secondo, prendere la croce per essere discepoli, non riguarda sacrifici o mortificazioni, come detto in precedenza, ma accettare e assumere che l&#8217;adesione a Ges\u00f9 comporta persecuzione e incomprensione da parte della societ\u00e0, persecuzione che deve essere accettata e sopportata come conseguenza della sua sequela. Pertanto, non c&#8217;\u00e8 bisogno di affrettarsi, per non promettere di fare pi\u00f9 di quanto possiamo realizzare. L&#8217;esempio della costruzione della torre, che richiede un&#8217;attenta pianificazione per calcolare i materiali disponibili, o del re che pianifica frettolosamente la battaglia, senza sedersi a studiare le sue possibilit\u00e0 contro il nemico, \u00e8 sufficientemente esemplificativo.<\/span><\/span><\/p>\n<p><span dir=\"auto\" style=\"vertical-align: inherit\"><span dir=\"auto\" style=\"vertical-align: inherit\">La terza condizione, rinunciare a tutto per essere discepoli, ci sembra eccessiva. Come se dare la preferenza assoluta al progetto di Ges\u00f9 ed essere disposti a subire persecuzioni per questo non bastasse, Ges\u00f9 esige qualcosa che sembra al di l\u00e0 delle nostre forze: rinunciare a tutto ci\u00f2 che abbiamo. Questa \u00e8, senza dubbio, una formulazione estrema che deve essere compresa. Il discepolo deve persino essere disposto a rinunciare a tutto ci\u00f2 che ha, se questo \u00e8 un ostacolo per porre fine a una societ\u00e0 ingiusta in cui alcuni accaparrano i beni della terra di cui altri hanno bisogno per sopravvivere. L&#8217;altro ha sempre la priorit\u00e0. Ci\u00f2 che \u00e8 proprio cessa di essere proprio quando un altro ne ha bisogno. Solo dal distacco possiamo parlare di giustizia; solo dalla povert\u00e0 possiamo combatterla. Solo da l\u00ec possiamo costruire la nuova societ\u00e0, il Regno di Dio, sradicando l&#8217;ingiustizia dalla terra.<\/span><\/span><\/p>\n<p><span dir=\"auto\" style=\"vertical-align: inherit\"><span dir=\"auto\" style=\"vertical-align: inherit\">Per coloro tra noi che spesso minimizzano il Vangelo e vorrebbero che le parole e gli atteggiamenti di Ges\u00f9 fossero meno radicali, leggere questo testo \u00e8 difficile, perch\u00e9 il Maestro Nazareno \u00e8 tremendamente esigente. Non illudiamoci: abbiamo forse fatto una croce morbida a modo nostro? Abbiamo ammorbidito il cristianesimo fino a farlo diventare una religione insipida e disimpegnata?<\/span><\/span><\/p>\n<p><span dir=\"auto\" style=\"vertical-align: inherit\"><span dir=\"auto\" style=\"vertical-align: inherit\">Scegliere la croce di Ges\u00f9 non significa scegliere la sofferenza passiva o l&#8217;indifferenza alle circostanze che possiamo cambiare. Significa scegliere la vita anche a rischio di incontrare battute d&#8217;arresto e problemi. Significa morire sulla croce per sperare nella Resurrezione.<\/span><\/span><\/p>\n<p><em><span dir=\"auto\" style=\"vertical-align: inherit\"><span dir=\"auto\" style=\"vertical-align: inherit\">Padre buono, aiutaci ad ascoltare l&#8217;invito di Ges\u00f9 a prendere la sua croce e donaci il coraggio e l&#8217;amore per lasciare tutto per lui e seguirlo con efficacia. Amen.<\/span><\/span><\/em><\/p>\n","protected":false},"excerpt":{"rendered":"<p>23\u00aa Domenica del Tempo Ordinario<\/p>\n","protected":false},"author":25,"featured_media":133684,"comment_status":"closed","ping_status":"closed","sticky":false,"template":"","format":"standard","meta":{"_acf_changed":false,"_crdt_document":"","inline_featured_image":false,"footnotes":""},"categories":[73,95],"tags":[10963,10964,64787,706],"class_list":["post-133769","post","type-post","status-publish","format-standard","has-post-thumbnail","hentry","category-chiesa-e-mondo","category-spiritualita","tag-enrique-diaz-2","tag-riflessione","tag-trending-it-236","tag-vangelo"],"acf":[],"yoast_head":"<!-- This site is optimized with the Yoast SEO plugin v27.4 - https:\/\/yoast.com\/product\/yoast-seo-wordpress\/ -->\n<title>Riflessione del Vescovo Enrique D\u00edaz: Chi non rinuncia a tutti i suoi beni non pu\u00f2 essere mio discepolo &#8211; Exaudi<\/title>\n<meta name=\"robots\" content=\"index, follow, max-snippet:-1, max-image-preview:large, max-video-preview:-1\" \/>\n<link rel=\"canonical\" href=\"https:\/\/exaudi.org\/it\/riflessione-del-vescovo-enrique-diaz-chi-non-rinuncia-a-tutti-i-suoi-beni-non-puo-essere-mio-discepolo\/\" \/>\n<meta property=\"og:locale\" content=\"it_IT\" \/>\n<meta property=\"og:type\" content=\"article\" \/>\n<meta property=\"og:title\" content=\"Riflessione del Vescovo Enrique D\u00edaz: Chi non rinuncia a tutti i suoi beni non pu\u00f2 essere mio discepolo &#8211; Exaudi\" \/>\n<meta property=\"og:description\" content=\"23\u00aa Domenica del Tempo Ordinario\" \/>\n<meta property=\"og:url\" content=\"https:\/\/exaudi.org\/it\/riflessione-del-vescovo-enrique-diaz-chi-non-rinuncia-a-tutti-i-suoi-beni-non-puo-essere-mio-discepolo\/\" \/>\n<meta property=\"og:site_name\" content=\"Exaudi\" \/>\n<meta property=\"article:publisher\" content=\"https:\/\/www.facebook.com\/ExaudiNews\" \/>\n<meta property=\"article:published_time\" content=\"2025-09-07T17:05:55+00:00\" \/>\n<meta property=\"og:image\" content=\"https:\/\/exaudi.org\/wp-content\/uploads\/2025\/09\/ai-generated-8909925_1280.jpg\" \/>\n\t<meta property=\"og:image:width\" content=\"1280\" \/>\n\t<meta property=\"og:image:height\" content=\"731\" \/>\n\t<meta property=\"og:image:type\" content=\"image\/jpeg\" \/>\n<meta name=\"author\" content=\"Enrique D\u00edaz\" \/>\n<meta name=\"twitter:card\" content=\"summary_large_image\" \/>\n<meta name=\"twitter:creator\" content=\"@Exaudi_News\" \/>\n<meta name=\"twitter:site\" content=\"@Exaudi_News\" \/>\n<meta name=\"twitter:label1\" content=\"Scritto da\" \/>\n\t<meta name=\"twitter:data1\" content=\"Enrique D\u00edaz\" \/>\n\t<meta name=\"twitter:label2\" content=\"Tempo di lettura stimato\" \/>\n\t<meta name=\"twitter:data2\" content=\"5 minuti\" \/>\n<script type=\"application\/ld+json\" class=\"yoast-schema-graph\">{\"@context\":\"https:\\\/\\\/schema.org\",\"@graph\":[{\"@type\":\"Article\",\"@id\":\"https:\\\/\\\/exaudi.org\\\/it\\\/riflessione-del-vescovo-enrique-diaz-chi-non-rinuncia-a-tutti-i-suoi-beni-non-puo-essere-mio-discepolo\\\/#article\",\"isPartOf\":{\"@id\":\"https:\\\/\\\/exaudi.org\\\/it\\\/riflessione-del-vescovo-enrique-diaz-chi-non-rinuncia-a-tutti-i-suoi-beni-non-puo-essere-mio-discepolo\\\/\"},\"author\":{\"name\":\"Enrique D\u00edaz\",\"@id\":\"https:\\\/\\\/exaudi.org\\\/#\\\/schema\\\/person\\\/c02ffbd10830fa375f6882f7dcf1844d\"},\"headline\":\"Riflessione del Vescovo Enrique D\u00edaz: Chi non rinuncia a tutti i suoi beni non pu\u00f2 essere mio discepolo\",\"datePublished\":\"2025-09-07T17:05:55+00:00\",\"mainEntityOfPage\":{\"@id\":\"https:\\\/\\\/exaudi.org\\\/it\\\/riflessione-del-vescovo-enrique-diaz-chi-non-rinuncia-a-tutti-i-suoi-beni-non-puo-essere-mio-discepolo\\\/\"},\"wordCount\":984,\"image\":{\"@id\":\"https:\\\/\\\/exaudi.org\\\/it\\\/riflessione-del-vescovo-enrique-diaz-chi-non-rinuncia-a-tutti-i-suoi-beni-non-puo-essere-mio-discepolo\\\/#primaryimage\"},\"thumbnailUrl\":\"https:\\\/\\\/exaudi.org\\\/wp-content\\\/uploads\\\/2025\\\/09\\\/ai-generated-8909925_1280.jpg\",\"keywords\":[\"ENRIQUE D\u00cdAZ\",\"RIFLESSIONE\",\"Trending\",\"Vangelo\"],\"articleSection\":[\"Chiesa e Mondo\",\"Spiritualit\u00e0\"],\"inLanguage\":\"it-IT\"},{\"@type\":\"WebPage\",\"@id\":\"https:\\\/\\\/exaudi.org\\\/it\\\/riflessione-del-vescovo-enrique-diaz-chi-non-rinuncia-a-tutti-i-suoi-beni-non-puo-essere-mio-discepolo\\\/\",\"url\":\"https:\\\/\\\/exaudi.org\\\/it\\\/riflessione-del-vescovo-enrique-diaz-chi-non-rinuncia-a-tutti-i-suoi-beni-non-puo-essere-mio-discepolo\\\/\",\"name\":\"Riflessione del Vescovo Enrique D\u00edaz: Chi non rinuncia a tutti i suoi beni non pu\u00f2 essere mio discepolo &#8211; Exaudi\",\"isPartOf\":{\"@id\":\"https:\\\/\\\/exaudi.org\\\/#website\"},\"primaryImageOfPage\":{\"@id\":\"https:\\\/\\\/exaudi.org\\\/it\\\/riflessione-del-vescovo-enrique-diaz-chi-non-rinuncia-a-tutti-i-suoi-beni-non-puo-essere-mio-discepolo\\\/#primaryimage\"},\"image\":{\"@id\":\"https:\\\/\\\/exaudi.org\\\/it\\\/riflessione-del-vescovo-enrique-diaz-chi-non-rinuncia-a-tutti-i-suoi-beni-non-puo-essere-mio-discepolo\\\/#primaryimage\"},\"thumbnailUrl\":\"https:\\\/\\\/exaudi.org\\\/wp-content\\\/uploads\\\/2025\\\/09\\\/ai-generated-8909925_1280.jpg\",\"datePublished\":\"2025-09-07T17:05:55+00:00\",\"author\":{\"@id\":\"https:\\\/\\\/exaudi.org\\\/#\\\/schema\\\/person\\\/c02ffbd10830fa375f6882f7dcf1844d\"},\"breadcrumb\":{\"@id\":\"https:\\\/\\\/exaudi.org\\\/it\\\/riflessione-del-vescovo-enrique-diaz-chi-non-rinuncia-a-tutti-i-suoi-beni-non-puo-essere-mio-discepolo\\\/#breadcrumb\"},\"inLanguage\":\"it-IT\",\"potentialAction\":[{\"@type\":\"ReadAction\",\"target\":[\"https:\\\/\\\/exaudi.org\\\/it\\\/riflessione-del-vescovo-enrique-diaz-chi-non-rinuncia-a-tutti-i-suoi-beni-non-puo-essere-mio-discepolo\\\/\"]}]},{\"@type\":\"ImageObject\",\"inLanguage\":\"it-IT\",\"@id\":\"https:\\\/\\\/exaudi.org\\\/it\\\/riflessione-del-vescovo-enrique-diaz-chi-non-rinuncia-a-tutti-i-suoi-beni-non-puo-essere-mio-discepolo\\\/#primaryimage\",\"url\":\"https:\\\/\\\/exaudi.org\\\/wp-content\\\/uploads\\\/2025\\\/09\\\/ai-generated-8909925_1280.jpg\",\"contentUrl\":\"https:\\\/\\\/exaudi.org\\\/wp-content\\\/uploads\\\/2025\\\/09\\\/ai-generated-8909925_1280.jpg\",\"width\":1280,\"height\":731},{\"@type\":\"BreadcrumbList\",\"@id\":\"https:\\\/\\\/exaudi.org\\\/it\\\/riflessione-del-vescovo-enrique-diaz-chi-non-rinuncia-a-tutti-i-suoi-beni-non-puo-essere-mio-discepolo\\\/#breadcrumb\",\"itemListElement\":[{\"@type\":\"ListItem\",\"position\":1,\"name\":\"Portada\",\"item\":\"https:\\\/\\\/exaudi.org\\\/it\\\/\"},{\"@type\":\"ListItem\",\"position\":2,\"name\":\"Riflessione del Vescovo Enrique D\u00edaz: Chi non rinuncia a tutti i suoi beni non pu\u00f2 essere mio discepolo\"}]},{\"@type\":\"WebSite\",\"@id\":\"https:\\\/\\\/exaudi.org\\\/#website\",\"url\":\"https:\\\/\\\/exaudi.org\\\/\",\"name\":\"Exaudi\",\"description\":\"News\",\"potentialAction\":[{\"@type\":\"SearchAction\",\"target\":{\"@type\":\"EntryPoint\",\"urlTemplate\":\"https:\\\/\\\/exaudi.org\\\/?s={search_term_string}\"},\"query-input\":{\"@type\":\"PropertyValueSpecification\",\"valueRequired\":true,\"valueName\":\"search_term_string\"}}],\"inLanguage\":\"it-IT\"},{\"@type\":\"Person\",\"@id\":\"https:\\\/\\\/exaudi.org\\\/#\\\/schema\\\/person\\\/c02ffbd10830fa375f6882f7dcf1844d\",\"name\":\"Enrique D\u00edaz\",\"image\":{\"@type\":\"ImageObject\",\"inLanguage\":\"it-IT\",\"@id\":\"https:\\\/\\\/secure.gravatar.com\\\/avatar\\\/7ca10be5325a95d04b74082d68ba605aa69611eb0f68f47096cb1bc349873284?s=96&d=mm&r=g\",\"url\":\"https:\\\/\\\/secure.gravatar.com\\\/avatar\\\/7ca10be5325a95d04b74082d68ba605aa69611eb0f68f47096cb1bc349873284?s=96&d=mm&r=g\",\"contentUrl\":\"https:\\\/\\\/secure.gravatar.com\\\/avatar\\\/7ca10be5325a95d04b74082d68ba605aa69611eb0f68f47096cb1bc349873284?s=96&d=mm&r=g\",\"caption\":\"Enrique D\u00edaz\"},\"description\":\"Naci\u00f3 en Huandacareo, Michoac\u00e1n, M\u00e9xico, en 1952. Realiz\u00f3 sus estudios de Filosof\u00eda y Teolog\u00eda en el Seminario de Morelia. Ordenado di\u00e1cono el 22 de mayo de 1977, y presb\u00edtero el 23 de octubre del mismo a\u00f1o. Obtuvo la Licenciatura en Sagrada Escritura en el Pontificio Instituto B\u00edblico en Roma. Ha desarrollado m\u00faltiples encargos pastorales como el de capell\u00e1n de la rector\u00eda de las Tres Aves Mar\u00edas; responsable de la Pastoral B\u00edblica Diocesana y director de la Escuela B\u00edblica en Morelia; maestro de Biblia en el Seminario Conciliar de Morelia, p\u00e1rroco de la Parroquia de Nuestra Se\u00f1ora de Guadalupe, Col. Guadalupe, Morelia; o vicario episcopal para la Zona de Nuestra Se\u00f1ora de la Luz, P\u00e1tzcuaro. Ordenado obispo auxiliar de san Crist\u00f3bal de las Casas en 2003. En la Conferencia Episcopal form\u00f3 parte de las Comisiones de Biblia, Diaconado y Ministerios Laicales. Fue responsable de las Dimensiones de Ministerios Laicales, de Educaci\u00f3n y Cultura. Ha participado en encuentros latinoamericanos y mundiales sobre el Diaconado Permanente. Actualmente es el responsable de la Dimensi\u00f3n de Pastoral de la Cultura. Particip\u00f3 como Miembro del S\u00ednodo de Obispos sobre la Palabra de Dios en la Vida y Misi\u00f3n de la Iglesia en Roma, en 2008. Recibi\u00f3 el nombramiento de obispo coadjutor de San Crist\u00f3bal de las Casas en 2014. Nombrado II obispo de Irapuato el d\u00eda 11 de marzo, tom\u00f3 posesi\u00f3n el 19 de Mayo. Colabora en varias revistas y publicaciones sobre todo con la reflexi\u00f3n diaria y dominical tanto en audio como escrita.\",\"url\":\"https:\\\/\\\/exaudi.org\\\/it\\\/author\\\/enriquediaz\\\/\"}]}<\/script>\n<!-- \/ Yoast SEO plugin. -->","yoast_head_json":{"title":"Riflessione del Vescovo Enrique D\u00edaz: Chi non rinuncia a tutti i suoi beni non pu\u00f2 essere mio discepolo &#8211; Exaudi","robots":{"index":"index","follow":"follow","max-snippet":"max-snippet:-1","max-image-preview":"max-image-preview:large","max-video-preview":"max-video-preview:-1"},"canonical":"https:\/\/exaudi.org\/it\/riflessione-del-vescovo-enrique-diaz-chi-non-rinuncia-a-tutti-i-suoi-beni-non-puo-essere-mio-discepolo\/","og_locale":"it_IT","og_type":"article","og_title":"Riflessione del Vescovo Enrique D\u00edaz: Chi non rinuncia a tutti i suoi beni non pu\u00f2 essere mio discepolo &#8211; Exaudi","og_description":"23\u00aa Domenica del Tempo Ordinario","og_url":"https:\/\/exaudi.org\/it\/riflessione-del-vescovo-enrique-diaz-chi-non-rinuncia-a-tutti-i-suoi-beni-non-puo-essere-mio-discepolo\/","og_site_name":"Exaudi","article_publisher":"https:\/\/www.facebook.com\/ExaudiNews","article_published_time":"2025-09-07T17:05:55+00:00","og_image":[{"width":1280,"height":731,"url":"https:\/\/exaudi.org\/wp-content\/uploads\/2025\/09\/ai-generated-8909925_1280.jpg","type":"image\/jpeg"}],"author":"Enrique D\u00edaz","twitter_card":"summary_large_image","twitter_creator":"@Exaudi_News","twitter_site":"@Exaudi_News","twitter_misc":{"Scritto da":"Enrique D\u00edaz","Tempo di lettura stimato":"5 minuti"},"schema":{"@context":"https:\/\/schema.org","@graph":[{"@type":"Article","@id":"https:\/\/exaudi.org\/it\/riflessione-del-vescovo-enrique-diaz-chi-non-rinuncia-a-tutti-i-suoi-beni-non-puo-essere-mio-discepolo\/#article","isPartOf":{"@id":"https:\/\/exaudi.org\/it\/riflessione-del-vescovo-enrique-diaz-chi-non-rinuncia-a-tutti-i-suoi-beni-non-puo-essere-mio-discepolo\/"},"author":{"name":"Enrique D\u00edaz","@id":"https:\/\/exaudi.org\/#\/schema\/person\/c02ffbd10830fa375f6882f7dcf1844d"},"headline":"Riflessione del Vescovo Enrique D\u00edaz: Chi non rinuncia a tutti i suoi beni non pu\u00f2 essere mio discepolo","datePublished":"2025-09-07T17:05:55+00:00","mainEntityOfPage":{"@id":"https:\/\/exaudi.org\/it\/riflessione-del-vescovo-enrique-diaz-chi-non-rinuncia-a-tutti-i-suoi-beni-non-puo-essere-mio-discepolo\/"},"wordCount":984,"image":{"@id":"https:\/\/exaudi.org\/it\/riflessione-del-vescovo-enrique-diaz-chi-non-rinuncia-a-tutti-i-suoi-beni-non-puo-essere-mio-discepolo\/#primaryimage"},"thumbnailUrl":"https:\/\/exaudi.org\/wp-content\/uploads\/2025\/09\/ai-generated-8909925_1280.jpg","keywords":["ENRIQUE D\u00cdAZ","RIFLESSIONE","Trending","Vangelo"],"articleSection":["Chiesa e Mondo","Spiritualit\u00e0"],"inLanguage":"it-IT"},{"@type":"WebPage","@id":"https:\/\/exaudi.org\/it\/riflessione-del-vescovo-enrique-diaz-chi-non-rinuncia-a-tutti-i-suoi-beni-non-puo-essere-mio-discepolo\/","url":"https:\/\/exaudi.org\/it\/riflessione-del-vescovo-enrique-diaz-chi-non-rinuncia-a-tutti-i-suoi-beni-non-puo-essere-mio-discepolo\/","name":"Riflessione del Vescovo Enrique D\u00edaz: Chi non rinuncia a tutti i suoi beni non pu\u00f2 essere mio discepolo &#8211; Exaudi","isPartOf":{"@id":"https:\/\/exaudi.org\/#website"},"primaryImageOfPage":{"@id":"https:\/\/exaudi.org\/it\/riflessione-del-vescovo-enrique-diaz-chi-non-rinuncia-a-tutti-i-suoi-beni-non-puo-essere-mio-discepolo\/#primaryimage"},"image":{"@id":"https:\/\/exaudi.org\/it\/riflessione-del-vescovo-enrique-diaz-chi-non-rinuncia-a-tutti-i-suoi-beni-non-puo-essere-mio-discepolo\/#primaryimage"},"thumbnailUrl":"https:\/\/exaudi.org\/wp-content\/uploads\/2025\/09\/ai-generated-8909925_1280.jpg","datePublished":"2025-09-07T17:05:55+00:00","author":{"@id":"https:\/\/exaudi.org\/#\/schema\/person\/c02ffbd10830fa375f6882f7dcf1844d"},"breadcrumb":{"@id":"https:\/\/exaudi.org\/it\/riflessione-del-vescovo-enrique-diaz-chi-non-rinuncia-a-tutti-i-suoi-beni-non-puo-essere-mio-discepolo\/#breadcrumb"},"inLanguage":"it-IT","potentialAction":[{"@type":"ReadAction","target":["https:\/\/exaudi.org\/it\/riflessione-del-vescovo-enrique-diaz-chi-non-rinuncia-a-tutti-i-suoi-beni-non-puo-essere-mio-discepolo\/"]}]},{"@type":"ImageObject","inLanguage":"it-IT","@id":"https:\/\/exaudi.org\/it\/riflessione-del-vescovo-enrique-diaz-chi-non-rinuncia-a-tutti-i-suoi-beni-non-puo-essere-mio-discepolo\/#primaryimage","url":"https:\/\/exaudi.org\/wp-content\/uploads\/2025\/09\/ai-generated-8909925_1280.jpg","contentUrl":"https:\/\/exaudi.org\/wp-content\/uploads\/2025\/09\/ai-generated-8909925_1280.jpg","width":1280,"height":731},{"@type":"BreadcrumbList","@id":"https:\/\/exaudi.org\/it\/riflessione-del-vescovo-enrique-diaz-chi-non-rinuncia-a-tutti-i-suoi-beni-non-puo-essere-mio-discepolo\/#breadcrumb","itemListElement":[{"@type":"ListItem","position":1,"name":"Portada","item":"https:\/\/exaudi.org\/it\/"},{"@type":"ListItem","position":2,"name":"Riflessione del Vescovo Enrique D\u00edaz: Chi non rinuncia a tutti i suoi beni non pu\u00f2 essere mio discepolo"}]},{"@type":"WebSite","@id":"https:\/\/exaudi.org\/#website","url":"https:\/\/exaudi.org\/","name":"Exaudi","description":"News","potentialAction":[{"@type":"SearchAction","target":{"@type":"EntryPoint","urlTemplate":"https:\/\/exaudi.org\/?s={search_term_string}"},"query-input":{"@type":"PropertyValueSpecification","valueRequired":true,"valueName":"search_term_string"}}],"inLanguage":"it-IT"},{"@type":"Person","@id":"https:\/\/exaudi.org\/#\/schema\/person\/c02ffbd10830fa375f6882f7dcf1844d","name":"Enrique D\u00edaz","image":{"@type":"ImageObject","inLanguage":"it-IT","@id":"https:\/\/secure.gravatar.com\/avatar\/7ca10be5325a95d04b74082d68ba605aa69611eb0f68f47096cb1bc349873284?s=96&d=mm&r=g","url":"https:\/\/secure.gravatar.com\/avatar\/7ca10be5325a95d04b74082d68ba605aa69611eb0f68f47096cb1bc349873284?s=96&d=mm&r=g","contentUrl":"https:\/\/secure.gravatar.com\/avatar\/7ca10be5325a95d04b74082d68ba605aa69611eb0f68f47096cb1bc349873284?s=96&d=mm&r=g","caption":"Enrique D\u00edaz"},"description":"Naci\u00f3 en Huandacareo, Michoac\u00e1n, M\u00e9xico, en 1952. Realiz\u00f3 sus estudios de Filosof\u00eda y Teolog\u00eda en el Seminario de Morelia. Ordenado di\u00e1cono el 22 de mayo de 1977, y presb\u00edtero el 23 de octubre del mismo a\u00f1o. Obtuvo la Licenciatura en Sagrada Escritura en el Pontificio Instituto B\u00edblico en Roma. Ha desarrollado m\u00faltiples encargos pastorales como el de capell\u00e1n de la rector\u00eda de las Tres Aves Mar\u00edas; responsable de la Pastoral B\u00edblica Diocesana y director de la Escuela B\u00edblica en Morelia; maestro de Biblia en el Seminario Conciliar de Morelia, p\u00e1rroco de la Parroquia de Nuestra Se\u00f1ora de Guadalupe, Col. Guadalupe, Morelia; o vicario episcopal para la Zona de Nuestra Se\u00f1ora de la Luz, P\u00e1tzcuaro. Ordenado obispo auxiliar de san Crist\u00f3bal de las Casas en 2003. En la Conferencia Episcopal form\u00f3 parte de las Comisiones de Biblia, Diaconado y Ministerios Laicales. Fue responsable de las Dimensiones de Ministerios Laicales, de Educaci\u00f3n y Cultura. Ha participado en encuentros latinoamericanos y mundiales sobre el Diaconado Permanente. Actualmente es el responsable de la Dimensi\u00f3n de Pastoral de la Cultura. Particip\u00f3 como Miembro del S\u00ednodo de Obispos sobre la Palabra de Dios en la Vida y Misi\u00f3n de la Iglesia en Roma, en 2008. Recibi\u00f3 el nombramiento de obispo coadjutor de San Crist\u00f3bal de las Casas en 2014. Nombrado II obispo de Irapuato el d\u00eda 11 de marzo, tom\u00f3 posesi\u00f3n el 19 de Mayo. Colabora en varias revistas y publicaciones sobre todo con la reflexi\u00f3n diaria y dominical tanto en audio como escrita.","url":"https:\/\/exaudi.org\/it\/author\/enriquediaz\/"}]}},"jetpack_featured_media_url":"https:\/\/exaudi.org\/wp-content\/uploads\/2025\/09\/ai-generated-8909925_1280.jpg","jetpack_shortlink":"https:\/\/wp.me\/pgKjF2-yNz","_links":{"self":[{"href":"https:\/\/exaudi.org\/it\/wp-json\/wp\/v2\/posts\/133769","targetHints":{"allow":["GET"]}}],"collection":[{"href":"https:\/\/exaudi.org\/it\/wp-json\/wp\/v2\/posts"}],"about":[{"href":"https:\/\/exaudi.org\/it\/wp-json\/wp\/v2\/types\/post"}],"author":[{"embeddable":true,"href":"https:\/\/exaudi.org\/it\/wp-json\/wp\/v2\/users\/25"}],"replies":[{"embeddable":true,"href":"https:\/\/exaudi.org\/it\/wp-json\/wp\/v2\/comments?post=133769"}],"version-history":[{"count":4,"href":"https:\/\/exaudi.org\/it\/wp-json\/wp\/v2\/posts\/133769\/revisions"}],"predecessor-version":[{"id":133773,"href":"https:\/\/exaudi.org\/it\/wp-json\/wp\/v2\/posts\/133769\/revisions\/133773"}],"wp:featuredmedia":[{"embeddable":true,"href":"https:\/\/exaudi.org\/it\/wp-json\/wp\/v2\/media\/133684"}],"wp:attachment":[{"href":"https:\/\/exaudi.org\/it\/wp-json\/wp\/v2\/media?parent=133769"}],"wp:term":[{"taxonomy":"category","embeddable":true,"href":"https:\/\/exaudi.org\/it\/wp-json\/wp\/v2\/categories?post=133769"},{"taxonomy":"post_tag","embeddable":true,"href":"https:\/\/exaudi.org\/it\/wp-json\/wp\/v2\/tags?post=133769"}],"curies":[{"name":"wp","href":"https:\/\/api.w.org\/{rel}","templated":true}]}}