{"id":133736,"date":"2025-09-07T18:15:55","date_gmt":"2025-09-07T16:15:55","guid":{"rendered":"https:\/\/exaudi.org\/?p=133736"},"modified":"2025-09-07T18:15:55","modified_gmt":"2025-09-07T16:15:55","slug":"papa-leone-xiv-invoca-pace-e-perdono","status":"publish","type":"post","link":"https:\/\/exaudi.org\/it\/papa-leone-xiv-invoca-pace-e-perdono\/","title":{"rendered":"Papa Leone XIV invoca pace e perdono"},"content":{"rendered":"<p><span dir=\"auto\" style=\"vertical-align: inherit\"><span dir=\"auto\" style=\"vertical-align: inherit\">In un clima di solenne giubileo seguito alla recente canonizzazione di\u00a0 <\/span><\/span><strong><span dir=\"auto\" style=\"vertical-align: inherit\"><span dir=\"auto\" style=\"vertical-align: inherit\">San Carlo Acutis<\/span><\/span><\/strong><span dir=\"auto\" style=\"vertical-align: inherit\"><span dir=\"auto\" style=\"vertical-align: inherit\"> \u00a0e\u00a0 <\/span><\/span><strong><span dir=\"auto\" style=\"vertical-align: inherit\"><span dir=\"auto\" style=\"vertical-align: inherit\">San Pier Giorgio Frassati<\/span><\/span><\/strong><span dir=\"auto\" style=\"vertical-align: inherit\"><span dir=\"auto\" style=\"vertical-align: inherit\"> , Papa Leone XIV si \u00e8 rivolto oggi alla folla radunata per l&#8217;\u00a0 <\/span><\/span><em><span dir=\"auto\" style=\"vertical-align: inherit\"><span dir=\"auto\" style=\"vertical-align: inherit\">Angelus<\/span><\/span><\/em><span dir=\"auto\" style=\"vertical-align: inherit\"><span dir=\"auto\" style=\"vertical-align: inherit\"> , offrendo un vibrante messaggio di gratitudine, memoria e speranza.<\/span><\/span><\/p>\n<p><span dir=\"auto\" style=\"vertical-align: inherit\"><span dir=\"auto\" style=\"vertical-align: inherit\">\u00abCari fratelli e sorelle, prima di concludere questa attesa celebrazione, desidero salutare e ringraziare tutti voi, venuti numerosi per celebrare i due nuovi Santi. Saluto con affetto i Vescovi e i sacerdoti. Accolgo con deferenza le delegazioni ufficiali e le distinte autorit\u00e0\u00bb, ha esordito il Pontefice con tono caldo e cordiale.<\/span><\/span><\/p>\n<p><span dir=\"auto\" style=\"vertical-align: inherit\"><span dir=\"auto\" style=\"vertical-align: inherit\">Il Santo Padre ha ricordato che appena un giorno prima la Chiesa aveva elevato agli onori della Chiesa beata\u00a0 <\/span><\/span><strong><span dir=\"auto\" style=\"vertical-align: inherit\"><span dir=\"auto\" style=\"vertical-align: inherit\">Edoardo Profittlich<\/span><\/span><\/strong><span dir=\"auto\" style=\"vertical-align: inherit\"><span dir=\"auto\" style=\"vertical-align: inherit\"> , gesuita beatificato a Tallinn, e\u00a0 <\/span><\/span><strong><span dir=\"auto\" style=\"vertical-align: inherit\"><span dir=\"auto\" style=\"vertical-align: inherit\">Maria Magdalena Bodi,<\/span><\/span><\/strong><span dir=\"auto\" style=\"vertical-align: inherit\"><span dir=\"auto\" style=\"vertical-align: inherit\"> \u00a0giovane laica riconosciuta in Ungheria \u2013 entrambi martiri in difesa della fede durante la persecuzione totalitaria \u2013 definendoli \u201ccoraggiosi testimoni della bellezza del Vangelo\u201d.<\/span><\/span><\/p>\n<p><span dir=\"auto\" style=\"vertical-align: inherit\"><span dir=\"auto\" style=\"vertical-align: inherit\">Consapevole delle ferite del mondo, Leone XIV lanci\u00f2 un fervente appello alla pace: \u00abAffidiamo all&#8217;intercessione dei santi e della Vergine Maria la nostra incessante preghiera per la pace, specialmente in Terra Santa e in Ucraina, e in tutti gli altri territori insanguinati dalla guerra. A chi detiene il potere, ripeto: ascoltate la voce della coscienza! Le apparenti vittorie ottenute con le armi&#8230; sono in realt\u00e0 sconfitte e non portano mai pace n\u00e9 sicurezza\u00bb.<\/span><\/span><\/p>\n<p><span dir=\"auto\" style=\"vertical-align: inherit\"><span dir=\"auto\" style=\"vertical-align: inherit\">Le sue parole sono state un&#8217;eco provvidenziale di giustizia e riconciliazione, ribadendo che \u00abDio non vuole la guerra, vuole la pace e sostiene coloro che si impegnano a spezzare la spirale dell&#8217;odio e a seguire la via del dialogo\u00bb.<\/span><\/span><\/p>\n<p><span dir=\"auto\" style=\"vertical-align: inherit\"><span dir=\"auto\" style=\"vertical-align: inherit\">Con questo intervento, il Papa ha sottolineato che la santit\u00e0 non nasce dalla comodit\u00e0, ma dall&#8217;eroismo dell&#8217;amore vissuto senza limiti, una testimonianza viva per un secolo devastato da divisioni e conflitti.<\/span><\/span><\/p>\n<h3><em><strong><span dir=\"auto\" style=\"vertical-align: inherit\"><span dir=\"auto\" style=\"vertical-align: inherit\">Testo completo Angelus\u00a0<\/span><\/span><\/strong><\/em><\/h3>\n<p>Cari fratelli e sorelle,<\/p>\n<p>prima di concludere\u00a0<a href=\"https:\/\/www.vatican.va\/content\/leo-xiv\/it\/events\/event.dir.html\/content\/vaticanevents\/it\/2025\/9\/7\/canonizzazioni.html\">questa celebrazione<\/a>\u00a0\u2013 tanto attesa! \u2013, desidero salutare e ringraziare tutti voi che siete venuti cos\u00ec numerosi a festeggiare i due nuovi Santi! Saluto con affetto i Vescovi e i Presbiteri. Accolgo con deferenza le Delegazioni ufficiali e le distinte Autorit\u00e0.<\/p>\n<p>In questo clima, \u00e8 bello ricordare che ieri la Chiesa si \u00e8 arricchita anche di due nuovi Beati. A Tallinn, capitale dell\u2019Estonia, \u00e8 stato beatificato l\u2019Arcivescovo gesuita Edoardo Profittlich, ucciso nel 1942 durante la persecuzione del regime sovietico contro la Chiesa. E a\u00a0Verszpr\u00e9m, in\u00a0Ungheria, \u00e8 stata beatificata Maria Maddalena B\u00f3di, giovane laica, uccisa nel 1945 perch\u00e9 resistette a dei soldati che volevano farle violenza. Lodiamo il Signore per questi due martiri, testimoni coraggiosi della bellezza del Vangelo!<\/p>\n<p>All\u2019intercessione dei Santi e della Vergine Maria affidiamo la nostra incessante preghiera per la pace, specialmente in Terra Santa e in Ucraina, e in ogni altra terra insanguinata dalla guerra. Ai governanti ripeto: ascoltate la voce della coscienza! Le apparenti vittorie ottenute con le armi, seminando morte e distruzione, sono in realt\u00e0 delle sconfitte e non portano mai pace e sicurezza! Dio non vuole la guerra, vuole la pace, e sostiene chi si impegna a uscire dalla spirale dell\u2019odio e a percorrere la via del dialogo.<\/p>\n","protected":false},"excerpt":{"rendered":"<p>Angelus<\/p>\n","protected":false},"author":17,"featured_media":133730,"comment_status":"closed","ping_status":"closed","sticky":false,"template":"","format":"standard","meta":{"_acf_changed":false,"_crdt_document":"","inline_featured_image":false,"footnotes":""},"categories":[69,67],"tags":[250,58164,64787],"class_list":["post-133736","post","type-post","status-publish","format-standard","has-post-thumbnail","hentry","category-angelus-it","category-leone-xiv","tag-angelus-it","tag-papa-leone-xiv","tag-trending-it-236"],"acf":[],"yoast_head":"<!-- This site is optimized with the Yoast SEO plugin v27.5 - https:\/\/yoast.com\/product\/yoast-seo-wordpress\/ -->\n<title>Papa Leone XIV invoca pace e perdono &#8211; Exaudi<\/title>\n<meta name=\"robots\" content=\"index, follow, max-snippet:-1, max-image-preview:large, max-video-preview:-1\" \/>\n<link rel=\"canonical\" href=\"https:\/\/exaudi.org\/it\/papa-leone-xiv-invoca-pace-e-perdono\/\" \/>\n<meta property=\"og:locale\" content=\"it_IT\" \/>\n<meta property=\"og:type\" content=\"article\" \/>\n<meta property=\"og:title\" content=\"Papa Leone XIV invoca pace e perdono &#8211; Exaudi\" \/>\n<meta property=\"og:description\" content=\"Angelus\" \/>\n<meta property=\"og:url\" content=\"https:\/\/exaudi.org\/it\/papa-leone-xiv-invoca-pace-e-perdono\/\" \/>\n<meta property=\"og:site_name\" content=\"Exaudi\" \/>\n<meta property=\"article:publisher\" content=\"https:\/\/www.facebook.com\/ExaudiNews\" \/>\n<meta property=\"article:author\" content=\"https:\/\/www.facebook.com\/ExaudiNotizie\/\" \/>\n<meta property=\"article:published_time\" content=\"2025-09-07T16:15:55+00:00\" \/>\n<meta property=\"og:image\" content=\"https:\/\/exaudi.org\/wp-content\/uploads\/2025\/09\/542688549_17942858541027982_5836358584675730523_n.jpg\" \/>\n\t<meta property=\"og:image:width\" content=\"1066\" \/>\n\t<meta property=\"og:image:height\" content=\"1332\" \/>\n\t<meta property=\"og:image:type\" content=\"image\/jpeg\" \/>\n<meta name=\"author\" content=\"Exaudi Redazione\" \/>\n<meta name=\"twitter:card\" content=\"summary_large_image\" \/>\n<meta name=\"twitter:creator\" content=\"@Exaudi_Notizie\" \/>\n<meta name=\"twitter:site\" content=\"@Exaudi_News\" \/>\n<meta name=\"twitter:label1\" content=\"Scritto da\" \/>\n\t<meta name=\"twitter:data1\" content=\"Exaudi Redazione\" \/>\n\t<meta name=\"twitter:label2\" content=\"Tempo di lettura stimato\" \/>\n\t<meta name=\"twitter:data2\" content=\"2 minuti\" \/>\n<script type=\"application\/ld+json\" class=\"yoast-schema-graph\">{\"@context\":\"https:\\\/\\\/schema.org\",\"@graph\":[{\"@type\":\"Article\",\"@id\":\"https:\\\/\\\/exaudi.org\\\/it\\\/papa-leone-xiv-invoca-pace-e-perdono\\\/#article\",\"isPartOf\":{\"@id\":\"https:\\\/\\\/exaudi.org\\\/it\\\/papa-leone-xiv-invoca-pace-e-perdono\\\/\"},\"author\":{\"name\":\"Exaudi Redazione\",\"@id\":\"https:\\\/\\\/exaudi.org\\\/#\\\/schema\\\/person\\\/e1ab6ed07c01774724dd96f925f3a5f0\"},\"headline\":\"Papa Leone XIV invoca pace e perdono\",\"datePublished\":\"2025-09-07T16:15:55+00:00\",\"mainEntityOfPage\":{\"@id\":\"https:\\\/\\\/exaudi.org\\\/it\\\/papa-leone-xiv-invoca-pace-e-perdono\\\/\"},\"wordCount\":511,\"image\":{\"@id\":\"https:\\\/\\\/exaudi.org\\\/it\\\/papa-leone-xiv-invoca-pace-e-perdono\\\/#primaryimage\"},\"thumbnailUrl\":\"https:\\\/\\\/exaudi.org\\\/wp-content\\\/uploads\\\/2025\\\/09\\\/542688549_17942858541027982_5836358584675730523_n.jpg\",\"keywords\":[\"\u00e1ngelus\",\"Papa Leone XIV\",\"Trending\"],\"articleSection\":[\"Angelus\",\"Leone XIV\"],\"inLanguage\":\"it-IT\"},{\"@type\":\"WebPage\",\"@id\":\"https:\\\/\\\/exaudi.org\\\/it\\\/papa-leone-xiv-invoca-pace-e-perdono\\\/\",\"url\":\"https:\\\/\\\/exaudi.org\\\/it\\\/papa-leone-xiv-invoca-pace-e-perdono\\\/\",\"name\":\"Papa Leone XIV invoca pace e perdono &#8211; Exaudi\",\"isPartOf\":{\"@id\":\"https:\\\/\\\/exaudi.org\\\/#website\"},\"primaryImageOfPage\":{\"@id\":\"https:\\\/\\\/exaudi.org\\\/it\\\/papa-leone-xiv-invoca-pace-e-perdono\\\/#primaryimage\"},\"image\":{\"@id\":\"https:\\\/\\\/exaudi.org\\\/it\\\/papa-leone-xiv-invoca-pace-e-perdono\\\/#primaryimage\"},\"thumbnailUrl\":\"https:\\\/\\\/exaudi.org\\\/wp-content\\\/uploads\\\/2025\\\/09\\\/542688549_17942858541027982_5836358584675730523_n.jpg\",\"datePublished\":\"2025-09-07T16:15:55+00:00\",\"author\":{\"@id\":\"https:\\\/\\\/exaudi.org\\\/#\\\/schema\\\/person\\\/e1ab6ed07c01774724dd96f925f3a5f0\"},\"breadcrumb\":{\"@id\":\"https:\\\/\\\/exaudi.org\\\/it\\\/papa-leone-xiv-invoca-pace-e-perdono\\\/#breadcrumb\"},\"inLanguage\":\"it-IT\",\"potentialAction\":[{\"@type\":\"ReadAction\",\"target\":[\"https:\\\/\\\/exaudi.org\\\/it\\\/papa-leone-xiv-invoca-pace-e-perdono\\\/\"]}]},{\"@type\":\"ImageObject\",\"inLanguage\":\"it-IT\",\"@id\":\"https:\\\/\\\/exaudi.org\\\/it\\\/papa-leone-xiv-invoca-pace-e-perdono\\\/#primaryimage\",\"url\":\"https:\\\/\\\/exaudi.org\\\/wp-content\\\/uploads\\\/2025\\\/09\\\/542688549_17942858541027982_5836358584675730523_n.jpg\",\"contentUrl\":\"https:\\\/\\\/exaudi.org\\\/wp-content\\\/uploads\\\/2025\\\/09\\\/542688549_17942858541027982_5836358584675730523_n.jpg\",\"width\":1066,\"height\":1332},{\"@type\":\"BreadcrumbList\",\"@id\":\"https:\\\/\\\/exaudi.org\\\/it\\\/papa-leone-xiv-invoca-pace-e-perdono\\\/#breadcrumb\",\"itemListElement\":[{\"@type\":\"ListItem\",\"position\":1,\"name\":\"Portada\",\"item\":\"https:\\\/\\\/exaudi.org\\\/it\\\/\"},{\"@type\":\"ListItem\",\"position\":2,\"name\":\"Papa Leone XIV invoca pace e perdono\"}]},{\"@type\":\"WebSite\",\"@id\":\"https:\\\/\\\/exaudi.org\\\/#website\",\"url\":\"https:\\\/\\\/exaudi.org\\\/\",\"name\":\"Exaudi\",\"description\":\"News\",\"potentialAction\":[{\"@type\":\"SearchAction\",\"target\":{\"@type\":\"EntryPoint\",\"urlTemplate\":\"https:\\\/\\\/exaudi.org\\\/?s={search_term_string}\"},\"query-input\":{\"@type\":\"PropertyValueSpecification\",\"valueRequired\":true,\"valueName\":\"search_term_string\"}}],\"inLanguage\":\"it-IT\"},{\"@type\":\"Person\",\"@id\":\"https:\\\/\\\/exaudi.org\\\/#\\\/schema\\\/person\\\/e1ab6ed07c01774724dd96f925f3a5f0\",\"name\":\"Exaudi Redazione\",\"image\":{\"@type\":\"ImageObject\",\"inLanguage\":\"it-IT\",\"@id\":\"https:\\\/\\\/secure.gravatar.com\\\/avatar\\\/ad6774b3ada023bf5b939d64f45c94b3adf91502dd883507d469b4308a943bb3?s=96&d=mm&r=g\",\"url\":\"https:\\\/\\\/secure.gravatar.com\\\/avatar\\\/ad6774b3ada023bf5b939d64f45c94b3adf91502dd883507d469b4308a943bb3?s=96&d=mm&r=g\",\"contentUrl\":\"https:\\\/\\\/secure.gravatar.com\\\/avatar\\\/ad6774b3ada023bf5b939d64f45c94b3adf91502dd883507d469b4308a943bb3?s=96&d=mm&r=g\",\"caption\":\"Exaudi Redazione\"},\"description\":\"Che cosa \u00e8 Exaudi News? Exaudi News \u00e8 un agenzia cattolica internazionale che informa, istruisce e trasforma quotidianamente in spagnolo, inglese e italiano. Attraverso notizie, articoli di analisi e trasmissioni in diretta degli eventi del Papa, Exaudi cerca di rafforzare l'unit\u00e0 dei cristiani e di contribuire all'evangelizzazione del mondo, sempre guidato dalla dottrina sociale della Chiesa. Lavoriamo per portare la verit\u00e0 e i valori cristiani in ogni angolo del pianeta. Aiutaci a trasformare il mondo con Exaudi! Noi di Exaudi crediamo che l'evangelizzazione e l'informazione di qualit\u00e0 possano cambiare la vita. Per continuare la nostra missione ed espandere la nostra portata, abbiamo bisogno del tuo aiuto. Stiamo anche cercando persone motivate che vogliano unirsi al nostro team. Grazie al vostro sostegno raggiungeremo pi\u00f9 persone, diffonderemo il messaggio di Cristo e rafforzeremo l'unit\u00e0 dei cristiani. Vuoi unirti alla nostra missione? Per maggiori informazioni su come contribuire, visita Exaudi.org\\\/it o contattaci direttamente: info@exaudi.org Exaudi: informa, forma e trasforma.\",\"sameAs\":[\"https:\\\/\\\/www.facebook.com\\\/ExaudiNotizie\\\/\",\"https:\\\/\\\/www.instagram.com\\\/Exaudi_notizie\\\/\",\"https:\\\/\\\/x.com\\\/Exaudi_Notizie\",\"https:\\\/\\\/www.youtube.com\\\/@exaudicatholicnews\"],\"url\":\"https:\\\/\\\/exaudi.org\\\/it\\\/author\\\/dlvedi-org\\\/\"}]}<\/script>\n<!-- \/ Yoast SEO plugin. -->","yoast_head_json":{"title":"Papa Leone XIV invoca pace e perdono &#8211; Exaudi","robots":{"index":"index","follow":"follow","max-snippet":"max-snippet:-1","max-image-preview":"max-image-preview:large","max-video-preview":"max-video-preview:-1"},"canonical":"https:\/\/exaudi.org\/it\/papa-leone-xiv-invoca-pace-e-perdono\/","og_locale":"it_IT","og_type":"article","og_title":"Papa Leone XIV invoca pace e perdono &#8211; Exaudi","og_description":"Angelus","og_url":"https:\/\/exaudi.org\/it\/papa-leone-xiv-invoca-pace-e-perdono\/","og_site_name":"Exaudi","article_publisher":"https:\/\/www.facebook.com\/ExaudiNews","article_author":"https:\/\/www.facebook.com\/ExaudiNotizie\/","article_published_time":"2025-09-07T16:15:55+00:00","og_image":[{"width":1066,"height":1332,"url":"https:\/\/exaudi.org\/wp-content\/uploads\/2025\/09\/542688549_17942858541027982_5836358584675730523_n.jpg","type":"image\/jpeg"}],"author":"Exaudi Redazione","twitter_card":"summary_large_image","twitter_creator":"@Exaudi_Notizie","twitter_site":"@Exaudi_News","twitter_misc":{"Scritto da":"Exaudi Redazione","Tempo di lettura stimato":"2 minuti"},"schema":{"@context":"https:\/\/schema.org","@graph":[{"@type":"Article","@id":"https:\/\/exaudi.org\/it\/papa-leone-xiv-invoca-pace-e-perdono\/#article","isPartOf":{"@id":"https:\/\/exaudi.org\/it\/papa-leone-xiv-invoca-pace-e-perdono\/"},"author":{"name":"Exaudi Redazione","@id":"https:\/\/exaudi.org\/#\/schema\/person\/e1ab6ed07c01774724dd96f925f3a5f0"},"headline":"Papa Leone XIV invoca pace e perdono","datePublished":"2025-09-07T16:15:55+00:00","mainEntityOfPage":{"@id":"https:\/\/exaudi.org\/it\/papa-leone-xiv-invoca-pace-e-perdono\/"},"wordCount":511,"image":{"@id":"https:\/\/exaudi.org\/it\/papa-leone-xiv-invoca-pace-e-perdono\/#primaryimage"},"thumbnailUrl":"https:\/\/exaudi.org\/wp-content\/uploads\/2025\/09\/542688549_17942858541027982_5836358584675730523_n.jpg","keywords":["\u00e1ngelus","Papa Leone XIV","Trending"],"articleSection":["Angelus","Leone XIV"],"inLanguage":"it-IT"},{"@type":"WebPage","@id":"https:\/\/exaudi.org\/it\/papa-leone-xiv-invoca-pace-e-perdono\/","url":"https:\/\/exaudi.org\/it\/papa-leone-xiv-invoca-pace-e-perdono\/","name":"Papa Leone XIV invoca pace e perdono &#8211; Exaudi","isPartOf":{"@id":"https:\/\/exaudi.org\/#website"},"primaryImageOfPage":{"@id":"https:\/\/exaudi.org\/it\/papa-leone-xiv-invoca-pace-e-perdono\/#primaryimage"},"image":{"@id":"https:\/\/exaudi.org\/it\/papa-leone-xiv-invoca-pace-e-perdono\/#primaryimage"},"thumbnailUrl":"https:\/\/exaudi.org\/wp-content\/uploads\/2025\/09\/542688549_17942858541027982_5836358584675730523_n.jpg","datePublished":"2025-09-07T16:15:55+00:00","author":{"@id":"https:\/\/exaudi.org\/#\/schema\/person\/e1ab6ed07c01774724dd96f925f3a5f0"},"breadcrumb":{"@id":"https:\/\/exaudi.org\/it\/papa-leone-xiv-invoca-pace-e-perdono\/#breadcrumb"},"inLanguage":"it-IT","potentialAction":[{"@type":"ReadAction","target":["https:\/\/exaudi.org\/it\/papa-leone-xiv-invoca-pace-e-perdono\/"]}]},{"@type":"ImageObject","inLanguage":"it-IT","@id":"https:\/\/exaudi.org\/it\/papa-leone-xiv-invoca-pace-e-perdono\/#primaryimage","url":"https:\/\/exaudi.org\/wp-content\/uploads\/2025\/09\/542688549_17942858541027982_5836358584675730523_n.jpg","contentUrl":"https:\/\/exaudi.org\/wp-content\/uploads\/2025\/09\/542688549_17942858541027982_5836358584675730523_n.jpg","width":1066,"height":1332},{"@type":"BreadcrumbList","@id":"https:\/\/exaudi.org\/it\/papa-leone-xiv-invoca-pace-e-perdono\/#breadcrumb","itemListElement":[{"@type":"ListItem","position":1,"name":"Portada","item":"https:\/\/exaudi.org\/it\/"},{"@type":"ListItem","position":2,"name":"Papa Leone XIV invoca pace e perdono"}]},{"@type":"WebSite","@id":"https:\/\/exaudi.org\/#website","url":"https:\/\/exaudi.org\/","name":"Exaudi","description":"News","potentialAction":[{"@type":"SearchAction","target":{"@type":"EntryPoint","urlTemplate":"https:\/\/exaudi.org\/?s={search_term_string}"},"query-input":{"@type":"PropertyValueSpecification","valueRequired":true,"valueName":"search_term_string"}}],"inLanguage":"it-IT"},{"@type":"Person","@id":"https:\/\/exaudi.org\/#\/schema\/person\/e1ab6ed07c01774724dd96f925f3a5f0","name":"Exaudi Redazione","image":{"@type":"ImageObject","inLanguage":"it-IT","@id":"https:\/\/secure.gravatar.com\/avatar\/ad6774b3ada023bf5b939d64f45c94b3adf91502dd883507d469b4308a943bb3?s=96&d=mm&r=g","url":"https:\/\/secure.gravatar.com\/avatar\/ad6774b3ada023bf5b939d64f45c94b3adf91502dd883507d469b4308a943bb3?s=96&d=mm&r=g","contentUrl":"https:\/\/secure.gravatar.com\/avatar\/ad6774b3ada023bf5b939d64f45c94b3adf91502dd883507d469b4308a943bb3?s=96&d=mm&r=g","caption":"Exaudi Redazione"},"description":"Che cosa \u00e8 Exaudi News? Exaudi News \u00e8 un agenzia cattolica internazionale che informa, istruisce e trasforma quotidianamente in spagnolo, inglese e italiano. Attraverso notizie, articoli di analisi e trasmissioni in diretta degli eventi del Papa, Exaudi cerca di rafforzare l'unit\u00e0 dei cristiani e di contribuire all'evangelizzazione del mondo, sempre guidato dalla dottrina sociale della Chiesa. Lavoriamo per portare la verit\u00e0 e i valori cristiani in ogni angolo del pianeta. Aiutaci a trasformare il mondo con Exaudi! Noi di Exaudi crediamo che l'evangelizzazione e l'informazione di qualit\u00e0 possano cambiare la vita. Per continuare la nostra missione ed espandere la nostra portata, abbiamo bisogno del tuo aiuto. Stiamo anche cercando persone motivate che vogliano unirsi al nostro team. Grazie al vostro sostegno raggiungeremo pi\u00f9 persone, diffonderemo il messaggio di Cristo e rafforzeremo l'unit\u00e0 dei cristiani. Vuoi unirti alla nostra missione? Per maggiori informazioni su come contribuire, visita Exaudi.org\/it o contattaci direttamente: info@exaudi.org Exaudi: informa, forma e trasforma.","sameAs":["https:\/\/www.facebook.com\/ExaudiNotizie\/","https:\/\/www.instagram.com\/Exaudi_notizie\/","https:\/\/x.com\/Exaudi_Notizie","https:\/\/www.youtube.com\/@exaudicatholicnews"],"url":"https:\/\/exaudi.org\/it\/author\/dlvedi-org\/"}]}},"jetpack_featured_media_url":"https:\/\/exaudi.org\/wp-content\/uploads\/2025\/09\/542688549_17942858541027982_5836358584675730523_n.jpg","jetpack_shortlink":"https:\/\/wp.me\/pgKjF2-yN2","_links":{"self":[{"href":"https:\/\/exaudi.org\/it\/wp-json\/wp\/v2\/posts\/133736","targetHints":{"allow":["GET"]}}],"collection":[{"href":"https:\/\/exaudi.org\/it\/wp-json\/wp\/v2\/posts"}],"about":[{"href":"https:\/\/exaudi.org\/it\/wp-json\/wp\/v2\/types\/post"}],"author":[{"embeddable":true,"href":"https:\/\/exaudi.org\/it\/wp-json\/wp\/v2\/users\/17"}],"replies":[{"embeddable":true,"href":"https:\/\/exaudi.org\/it\/wp-json\/wp\/v2\/comments?post=133736"}],"version-history":[{"count":4,"href":"https:\/\/exaudi.org\/it\/wp-json\/wp\/v2\/posts\/133736\/revisions"}],"predecessor-version":[{"id":133740,"href":"https:\/\/exaudi.org\/it\/wp-json\/wp\/v2\/posts\/133736\/revisions\/133740"}],"wp:featuredmedia":[{"embeddable":true,"href":"https:\/\/exaudi.org\/it\/wp-json\/wp\/v2\/media\/133730"}],"wp:attachment":[{"href":"https:\/\/exaudi.org\/it\/wp-json\/wp\/v2\/media?parent=133736"}],"wp:term":[{"taxonomy":"category","embeddable":true,"href":"https:\/\/exaudi.org\/it\/wp-json\/wp\/v2\/categories?post=133736"},{"taxonomy":"post_tag","embeddable":true,"href":"https:\/\/exaudi.org\/it\/wp-json\/wp\/v2\/tags?post=133736"}],"curies":[{"name":"wp","href":"https:\/\/api.w.org\/{rel}","templated":true}]}}