{"id":133240,"date":"2025-09-03T19:50:49","date_gmt":"2025-09-03T17:50:49","guid":{"rendered":"https:\/\/exaudi.org\/?p=133240"},"modified":"2025-09-03T19:50:49","modified_gmt":"2025-09-03T17:50:49","slug":"il-linguaggio-del-corpo-nella-liturgia","status":"publish","type":"post","link":"https:\/\/exaudi.org\/it\/il-linguaggio-del-corpo-nella-liturgia\/","title":{"rendered":"Il linguaggio del corpo nella liturgia"},"content":{"rendered":"<p><strong><span dir=\"auto\" style=\"vertical-align: inherit\"><span dir=\"auto\" style=\"vertical-align: inherit\">\u00abQuesto \u00e8 il mio corpo, che \u00e8 dato per voi\u00bb (Lc 22,19).<\/span><\/span><\/strong><\/p>\n<p><span dir=\"auto\" style=\"vertical-align: inherit\"><span dir=\"auto\" style=\"vertical-align: inherit\">Dopo aver esplorato:<\/span><\/span><\/p>\n<ol>\n<li><a href=\"https:\/\/exaudi.org\/es\/el-regalo-de-la-teologia-del-cuerpo\/\" target=\"_blank\" rel=\"noopener\"><strong data-start=\"784\" data-end=\"823\"><span dir=\"auto\" style=\"vertical-align: inherit\"><span dir=\"auto\" style=\"vertical-align: inherit\">Il dono della Teologia del Corpo<\/span><\/span><\/strong><\/a><span dir=\"auto\" style=\"vertical-align: inherit\"><span dir=\"auto\" style=\"vertical-align: inherit\">, che ha offerto la visione globale di questa catechesi come dono alla Chiesa e al mondo.<\/span><\/span><\/li>\n<li><a href=\"https:\/\/exaudi.org\/es\/la-herida-del-pecado-y-la-redencion-del-cuerpo\/\" target=\"_blank\" rel=\"noopener\"><strong data-start=\"655\" data-end=\"705\"><span dir=\"auto\" style=\"vertical-align: inherit\"><span dir=\"auto\" style=\"vertical-align: inherit\">La ferita del peccato e la redenzione del corpo<\/span><\/span><\/strong><\/a><span dir=\"auto\" style=\"vertical-align: inherit\"><span dir=\"auto\" style=\"vertical-align: inherit\">, che hanno mostrato la necessit\u00e0 che Cristo restaurasse quello sguardo originario.<\/span><\/span><\/li>\n<li><a href=\"https:\/\/exaudi.org\/es\/el-matrimonio-como-sacramento-primordial\/\" target=\"_blank\" rel=\"noopener\"><strong data-start=\"551\" data-end=\"595\"><span dir=\"auto\" style=\"vertical-align: inherit\"><span dir=\"auto\" style=\"vertical-align: inherit\">Il matrimonio come sacramento primordiale<\/span><\/span><\/strong><\/a><span dir=\"auto\" style=\"vertical-align: inherit\"><span dir=\"auto\" style=\"vertical-align: inherit\">, dove il corpo si rivela come linguaggio di comunione.<\/span><\/span><\/li>\n<li><a href=\"https:\/\/exaudi.org\/es\/la-virginidad-consagrada-y-el-celibato-por-el-reino\/\" target=\"_blank\" rel=\"noopener\"><strong data-start=\"751\" data-end=\"806\"><span dir=\"auto\" style=\"vertical-align: inherit\"><span dir=\"auto\" style=\"vertical-align: inherit\">La verginit\u00e0 consacrata e il celibato per il Regno<\/span><\/span><\/strong><\/a><span dir=\"auto\" style=\"vertical-align: inherit\"><span dir=\"auto\" style=\"vertical-align: inherit\">, segni escatologici della totale consegna a Dio,<\/span><\/span><\/li>\n<li><a href=\"https:\/\/exaudi.org\/es\/la-resurreccion-de-la-carne\/\" target=\"_blank\" rel=\"noopener\"><strong><span dir=\"auto\" style=\"vertical-align: inherit\"><span dir=\"auto\" style=\"vertical-align: inherit\">La risurrezione della carne<\/span><\/span><\/strong><\/a><span dir=\"auto\" style=\"vertical-align: inherit\"><span dir=\"auto\" style=\"vertical-align: inherit\">, la speranza che d\u00e0 senso alla vita e glorifica il corpo,<\/span><\/span><\/li>\n<\/ol>\n<p><span dir=\"auto\" style=\"vertical-align: inherit\"><span dir=\"auto\" style=\"vertical-align: inherit\">Ora affrontiamo il modo in cui\u00a0 <\/span><\/span><strong><span dir=\"auto\" style=\"vertical-align: inherit\"><span dir=\"auto\" style=\"vertical-align: inherit\">il corpo comunica nella liturgia<\/span><\/span><\/strong><span dir=\"auto\" style=\"vertical-align: inherit\"><span dir=\"auto\" style=\"vertical-align: inherit\">, in particolare nell&#8217;Eucaristia, dove si raggiunge il culmine dell&#8217;unione nuziale di Cristo con la sua Chiesa.<\/span><\/span><\/p>\n<h3><strong><span dir=\"auto\" style=\"vertical-align: inherit\"><span dir=\"auto\" style=\"vertical-align: inherit\">Fondamento biblico e teologico<\/span><\/span><\/strong><\/h3>\n<p><span dir=\"auto\" style=\"vertical-align: inherit\"><span dir=\"auto\" style=\"vertical-align: inherit\">La liturgia \u00e8 il\u00a0 <\/span><\/span><strong><span dir=\"auto\" style=\"vertical-align: inherit\"><span dir=\"auto\" style=\"vertical-align: inherit\">linguaggio visibile dell&#8217;amore invisibile di Dio<\/span><\/span><\/strong><span dir=\"auto\" style=\"vertical-align: inherit\"><span dir=\"auto\" style=\"vertical-align: inherit\">. Inginocchiarsi, cantare, prostrarsi e ricevere la Comunione sono gesti che parlano dal cuore e dall&#8217;anima.<\/span><\/span><\/p>\n<p><span dir=\"auto\" style=\"vertical-align: inherit\"><span dir=\"auto\" style=\"vertical-align: inherit\">San Paolo ci ricorda che il vero culto \u00e8\u00a0 <\/span><\/span><strong><span dir=\"auto\" style=\"vertical-align: inherit\"><span dir=\"auto\" style=\"vertical-align: inherit\">\u00abin spirito e verit\u00e0\u00bb (Gv 4,24)<\/span><\/span><\/strong><span dir=\"auto\" style=\"vertical-align: inherit\"><span dir=\"auto\" style=\"vertical-align: inherit\"> e che il corpo partecipa a questo culto: \u00abNon sapete che il vostro corpo \u00e8 tempio dello Spirito Santo?\u00bb (1 Cor 6,19).<\/span><\/span><\/p>\n<p><span dir=\"auto\" style=\"vertical-align: inherit\"><span dir=\"auto\" style=\"vertical-align: inherit\">Il Catechismo sottolinea che la liturgia non \u00e8 solo una celebrazione interiore:<\/span><\/span><\/p>\n<p><span dir=\"auto\" style=\"vertical-align: inherit\"><span dir=\"auto\" style=\"vertical-align: inherit\">\u00abNella liturgia il corpo partecipa pienamente attraverso gesti, atteggiamenti e movimenti che esprimono ed educano la fede\u00bb (CCC 1140).<\/span><\/span><\/p>\n<h3><strong><span dir=\"auto\" style=\"vertical-align: inherit\"><span dir=\"auto\" style=\"vertical-align: inherit\">L&#8217;Eucaristia: l&#8217;apice del linguaggio del corpo<\/span><\/span><\/strong><\/h3>\n<p><span dir=\"auto\" style=\"vertical-align: inherit\"><span dir=\"auto\" style=\"vertical-align: inherit\">L&#8217;Eucaristia \u00e8 il\u00a0 <\/span><\/span><strong><span dir=\"auto\" style=\"vertical-align: inherit\"><span dir=\"auto\" style=\"vertical-align: inherit\">culmine del linguaggio del corpo<\/span><\/span><\/strong><span dir=\"auto\" style=\"vertical-align: inherit\"><span dir=\"auto\" style=\"vertical-align: inherit\">, dove Cristo si dona totalmente: \u00abQuesto \u00e8 il mio corpo, che \u00e8 dato per voi\u00bb (Lc 22,19). Il gesto sacramentale del pane e del vino riproduce e rende presente il\u00a0 <\/span><\/span><strong><span dir=\"auto\" style=\"vertical-align: inherit\"><span dir=\"auto\" style=\"vertical-align: inherit\">linguaggio del corpo di Cristo sulla croce<\/span><\/span><\/strong><span dir=\"auto\" style=\"vertical-align: inherit\"><span dir=\"auto\" style=\"vertical-align: inherit\">.<\/span><\/span><\/p>\n<p><span dir=\"auto\" style=\"vertical-align: inherit\"><span dir=\"auto\" style=\"vertical-align: inherit\">San Giovanni Paolo II spiega che nell&#8217;Eucaristia si realizza la comunione pi\u00f9 profonda: il corpo umano, incarnato e sacramentale, diventa il\u00a0 <\/span><\/span><strong><span dir=\"auto\" style=\"vertical-align: inherit\"><span dir=\"auto\" style=\"vertical-align: inherit\">linguaggio visibile dell&#8217;amore di Dio<\/span><\/span><\/strong><span dir=\"auto\" style=\"vertical-align: inherit\"><span dir=\"auto\" style=\"vertical-align: inherit\"> \u00a0(Udienza generale, 25 agosto 1980).<\/span><\/span><\/p>\n<h3><strong><span dir=\"auto\" style=\"vertical-align: inherit\"><span dir=\"auto\" style=\"vertical-align: inherit\">Partecipazione corporea: educazione del cuore<\/span><\/span><\/strong><\/h3>\n<p><span dir=\"auto\" style=\"vertical-align: inherit\"><span dir=\"auto\" style=\"vertical-align: inherit\">La partecipazione attiva alla liturgia educa il cuore a vivere l&#8217;amore nella vita quotidiana. Ogni gesto \u2013 inginocchiarsi, inchinarsi, cantare, ricevere la Comunione \u2013 forma la capacit\u00e0 di\u00a0 <\/span><\/span><strong><span dir=\"auto\" style=\"vertical-align: inherit\"><span dir=\"auto\" style=\"vertical-align: inherit\">donazione e di servizio<\/span><\/span><\/strong><span dir=\"auto\" style=\"vertical-align: inherit\"><span dir=\"auto\" style=\"vertical-align: inherit\">, rafforzando il significato sponsale del corpo nella Teologia del Corpo.<\/span><\/span><\/p>\n<p><span dir=\"auto\" style=\"vertical-align: inherit\"><span dir=\"auto\" style=\"vertical-align: inherit\">Il Catechismo afferma:<\/span><\/span><\/p>\n<p><span dir=\"auto\" style=\"vertical-align: inherit\"><span dir=\"auto\" style=\"vertical-align: inherit\">\u00abLa partecipazione attiva dei fedeli alla liturgia \u00e8 la prima scuola di comunione con Cristo e tra gli uomini\u00bb (CCC 1141).<\/span><\/span><\/p>\n<h3><strong><span dir=\"auto\" style=\"vertical-align: inherit\"><span dir=\"auto\" style=\"vertical-align: inherit\">Il corpo come mediatore dell&#8217;amore divino<\/span><\/span><\/strong><\/h3>\n<p><span dir=\"auto\" style=\"vertical-align: inherit\"><span dir=\"auto\" style=\"vertical-align: inherit\">La liturgia dimostra che\u00a0 <\/span><\/span><strong><span dir=\"auto\" style=\"vertical-align: inherit\"><span dir=\"auto\" style=\"vertical-align: inherit\">il corpo \u00e8 mediatore della grazia<\/span><\/span><\/strong><span dir=\"auto\" style=\"vertical-align: inherit\"><span dir=\"auto\" style=\"vertical-align: inherit\">. Il dono di s\u00e9 da parte di Cristo nell&#8217;Eucaristia rivela che i gesti del corpo possono comunicare lo spirituale e santificare la vita quotidiana.<\/span><\/span><\/p>\n<p><span dir=\"auto\" style=\"vertical-align: inherit\"><span dir=\"auto\" style=\"vertical-align: inherit\">San Giovanni Paolo II insiste sul fatto che la dimensione corporale del culto prepara il credente a vivere\u00a0 <\/span><\/span><strong><span dir=\"auto\" style=\"vertical-align: inherit\"><span dir=\"auto\" style=\"vertical-align: inherit\">il dono totale di s\u00e9<\/span><\/span><\/strong><span dir=\"auto\" style=\"vertical-align: inherit\"><span dir=\"auto\" style=\"vertical-align: inherit\">, nella famiglia, nella comunit\u00e0 e nell&#8217;apostolato (Udienza generale, 18 novembre 1980).<\/span><\/span><\/p>\n<h3><strong><span dir=\"auto\" style=\"vertical-align: inherit\"><span dir=\"auto\" style=\"vertical-align: inherit\">Implicazioni per la vita cristiana<\/span><\/span><\/strong><\/h3>\n<ul>\n<li><span dir=\"auto\" style=\"vertical-align: inherit\"><span dir=\"auto\" style=\"vertical-align: inherit\">Ogni gesto liturgico educa alla dedizione totale nella vita quotidiana.<\/span><\/span><\/li>\n<li><span dir=\"auto\" style=\"vertical-align: inherit\"><span dir=\"auto\" style=\"vertical-align: inherit\">Il linguaggio del corpo nella liturgia rende visibile la comunione con Cristo e con la Chiesa.<\/span><\/span><\/li>\n<li><span dir=\"auto\" style=\"vertical-align: inherit\"><span dir=\"auto\" style=\"vertical-align: inherit\">L&#8217;Eucaristia rivela che\u00a0 <\/span><\/span><strong><span dir=\"auto\" style=\"vertical-align: inherit\"><span dir=\"auto\" style=\"vertical-align: inherit\">il dono di Cristo e il dono umano<\/span><\/span><\/strong><span dir=\"auto\" style=\"vertical-align: inherit\"><span dir=\"auto\" style=\"vertical-align: inherit\"> \u00a0sono inseparabili: la grazia si comunica anche attraverso i nostri corpi.<\/span><\/span><\/li>\n<\/ul>\n<p><span dir=\"auto\" style=\"vertical-align: inherit\"><span dir=\"auto\" style=\"vertical-align: inherit\">Il linguaggio del corpo nella liturgia ci insegna che\u00a0 <\/span><\/span><strong><span dir=\"auto\" style=\"vertical-align: inherit\"><span dir=\"auto\" style=\"vertical-align: inherit\">ogni gesto corporeo pu\u00f2 diventare preghiera e offerta<\/span><\/span><\/strong><span dir=\"auto\" style=\"vertical-align: inherit\"><span dir=\"auto\" style=\"vertical-align: inherit\">, culminando nell&#8217;Eucaristia, dove Cristo si dona totalmente alla sua Chiesa. Questa comprensione trasforma la nostra vita: il corpo non \u00e8 solo uno strumento, ma\u00a0 <\/span><\/span><strong><span dir=\"auto\" style=\"vertical-align: inherit\"><span dir=\"auto\" style=\"vertical-align: inherit\">un veicolo di grazia e di comunione<\/span><\/span><\/strong><span dir=\"auto\" style=\"vertical-align: inherit\"><span dir=\"auto\" style=\"vertical-align: inherit\">, che ci prepara a vivere il dono di s\u00e9 dell&#8217;amore in ogni atto quotidiano.<\/span><\/span><\/p>\n","protected":false},"excerpt":{"rendered":"<p>L&#8217;Eucaristia come culmine dell&#8217;unione nuziale di Cristo con la Chiesa<\/p>\n","protected":false},"author":151,"featured_media":133062,"comment_status":"closed","ping_status":"closed","sticky":false,"template":"","format":"standard","meta":{"_acf_changed":false,"_crdt_document":"","inline_featured_image":false,"footnotes":""},"categories":[],"tags":[5613,5613,5613,5613,5613,5613,5613,5613,5613,5613,5613,1384,71190,63860,32700,64787],"class_list":{"0":"post-133240","1":"post","2":"type-post","3":"status-publish","4":"format-standard","5":"has-post-thumbnail","6":"hentry","7":"tag-comunione","18":"tag-eucaristia","19":"tag-gesti-liturgici","20":"tag-linguaggio-del-corpo","21":"tag-liturgia-cattolica","22":"tag-trending-it-236"},"acf":[],"yoast_head":"<!-- This site is optimized with the Yoast SEO plugin v27.4 - https:\/\/yoast.com\/product\/yoast-seo-wordpress\/ -->\n<title>Il linguaggio del corpo nella liturgia &#8211; Exaudi<\/title>\n<meta name=\"robots\" content=\"index, follow, max-snippet:-1, max-image-preview:large, max-video-preview:-1\" \/>\n<link rel=\"canonical\" href=\"https:\/\/exaudi.org\/it\/il-linguaggio-del-corpo-nella-liturgia\/\" \/>\n<meta property=\"og:locale\" content=\"it_IT\" \/>\n<meta property=\"og:type\" content=\"article\" \/>\n<meta property=\"og:title\" content=\"Il linguaggio del corpo nella liturgia &#8211; Exaudi\" \/>\n<meta property=\"og:description\" content=\"L&#039;Eucaristia come culmine dell&#039;unione nuziale di Cristo con la Chiesa\" \/>\n<meta property=\"og:url\" content=\"https:\/\/exaudi.org\/it\/il-linguaggio-del-corpo-nella-liturgia\/\" \/>\n<meta property=\"og:site_name\" content=\"Exaudi\" \/>\n<meta property=\"article:publisher\" content=\"https:\/\/www.facebook.com\/ExaudiNews\" \/>\n<meta property=\"article:published_time\" content=\"2025-09-03T17:50:49+00:00\" \/>\n<meta property=\"og:image\" content=\"https:\/\/exaudi.org\/wp-content\/uploads\/2025\/09\/pexels-herve-piglowski-1457017-11279536-scaled.jpg\" \/>\n\t<meta property=\"og:image:width\" content=\"2560\" \/>\n\t<meta property=\"og:image:height\" content=\"1920\" \/>\n\t<meta property=\"og:image:type\" content=\"image\/jpeg\" \/>\n<meta name=\"author\" content=\"Patricia Jim\u00e9nez Ram\u00edrez\" \/>\n<meta name=\"twitter:card\" content=\"summary_large_image\" \/>\n<meta name=\"twitter:creator\" content=\"@Exaudi_News\" \/>\n<meta name=\"twitter:site\" content=\"@Exaudi_News\" \/>\n<meta name=\"twitter:label1\" content=\"Scritto da\" \/>\n\t<meta name=\"twitter:data1\" content=\"Patricia Jim\u00e9nez Ram\u00edrez\" \/>\n\t<meta name=\"twitter:label2\" content=\"Tempo di lettura stimato\" \/>\n\t<meta name=\"twitter:data2\" content=\"3 minuti\" \/>\n<script type=\"application\/ld+json\" class=\"yoast-schema-graph\">{\"@context\":\"https:\\\/\\\/schema.org\",\"@graph\":[{\"@type\":\"Article\",\"@id\":\"https:\\\/\\\/exaudi.org\\\/it\\\/il-linguaggio-del-corpo-nella-liturgia\\\/#article\",\"isPartOf\":{\"@id\":\"https:\\\/\\\/exaudi.org\\\/it\\\/il-linguaggio-del-corpo-nella-liturgia\\\/\"},\"author\":{\"name\":\"Patricia Jim\u00e9nez Ram\u00edrez\",\"@id\":\"https:\\\/\\\/exaudi.org\\\/#\\\/schema\\\/person\\\/e7ff749045cafab5d7b926bb4edeaa51\"},\"headline\":\"Il linguaggio del corpo nella liturgia\",\"datePublished\":\"2025-09-03T17:50:49+00:00\",\"mainEntityOfPage\":{\"@id\":\"https:\\\/\\\/exaudi.org\\\/it\\\/il-linguaggio-del-corpo-nella-liturgia\\\/\"},\"wordCount\":565,\"image\":{\"@id\":\"https:\\\/\\\/exaudi.org\\\/it\\\/il-linguaggio-del-corpo-nella-liturgia\\\/#primaryimage\"},\"thumbnailUrl\":\"https:\\\/\\\/exaudi.org\\\/wp-content\\\/uploads\\\/2025\\\/09\\\/pexels-herve-piglowski-1457017-11279536-scaled.jpg\",\"keywords\":[\"comunione\",\"comunione\",\"comunione\",\"comunione\",\"comunione\",\"comunione\",\"comunione\",\"comunione\",\"comunione\",\"comunione\",\"comunione\",\"Eucaristia\",\"gesti liturgici\",\"linguaggio del corpo\",\"Liturgia cattolica\",\"Trending\"],\"inLanguage\":\"it-IT\"},{\"@type\":\"WebPage\",\"@id\":\"https:\\\/\\\/exaudi.org\\\/it\\\/il-linguaggio-del-corpo-nella-liturgia\\\/\",\"url\":\"https:\\\/\\\/exaudi.org\\\/it\\\/il-linguaggio-del-corpo-nella-liturgia\\\/\",\"name\":\"Il linguaggio del corpo nella liturgia &#8211; Exaudi\",\"isPartOf\":{\"@id\":\"https:\\\/\\\/exaudi.org\\\/#website\"},\"primaryImageOfPage\":{\"@id\":\"https:\\\/\\\/exaudi.org\\\/it\\\/il-linguaggio-del-corpo-nella-liturgia\\\/#primaryimage\"},\"image\":{\"@id\":\"https:\\\/\\\/exaudi.org\\\/it\\\/il-linguaggio-del-corpo-nella-liturgia\\\/#primaryimage\"},\"thumbnailUrl\":\"https:\\\/\\\/exaudi.org\\\/wp-content\\\/uploads\\\/2025\\\/09\\\/pexels-herve-piglowski-1457017-11279536-scaled.jpg\",\"datePublished\":\"2025-09-03T17:50:49+00:00\",\"author\":{\"@id\":\"https:\\\/\\\/exaudi.org\\\/#\\\/schema\\\/person\\\/e7ff749045cafab5d7b926bb4edeaa51\"},\"breadcrumb\":{\"@id\":\"https:\\\/\\\/exaudi.org\\\/it\\\/il-linguaggio-del-corpo-nella-liturgia\\\/#breadcrumb\"},\"inLanguage\":\"it-IT\",\"potentialAction\":[{\"@type\":\"ReadAction\",\"target\":[\"https:\\\/\\\/exaudi.org\\\/it\\\/il-linguaggio-del-corpo-nella-liturgia\\\/\"]}]},{\"@type\":\"ImageObject\",\"inLanguage\":\"it-IT\",\"@id\":\"https:\\\/\\\/exaudi.org\\\/it\\\/il-linguaggio-del-corpo-nella-liturgia\\\/#primaryimage\",\"url\":\"https:\\\/\\\/exaudi.org\\\/wp-content\\\/uploads\\\/2025\\\/09\\\/pexels-herve-piglowski-1457017-11279536-scaled.jpg\",\"contentUrl\":\"https:\\\/\\\/exaudi.org\\\/wp-content\\\/uploads\\\/2025\\\/09\\\/pexels-herve-piglowski-1457017-11279536-scaled.jpg\",\"width\":2560,\"height\":1920},{\"@type\":\"BreadcrumbList\",\"@id\":\"https:\\\/\\\/exaudi.org\\\/it\\\/il-linguaggio-del-corpo-nella-liturgia\\\/#breadcrumb\",\"itemListElement\":[{\"@type\":\"ListItem\",\"position\":1,\"name\":\"Portada\",\"item\":\"https:\\\/\\\/exaudi.org\\\/it\\\/\"},{\"@type\":\"ListItem\",\"position\":2,\"name\":\"Il linguaggio del corpo nella liturgia\"}]},{\"@type\":\"WebSite\",\"@id\":\"https:\\\/\\\/exaudi.org\\\/#website\",\"url\":\"https:\\\/\\\/exaudi.org\\\/\",\"name\":\"Exaudi\",\"description\":\"News\",\"potentialAction\":[{\"@type\":\"SearchAction\",\"target\":{\"@type\":\"EntryPoint\",\"urlTemplate\":\"https:\\\/\\\/exaudi.org\\\/?s={search_term_string}\"},\"query-input\":{\"@type\":\"PropertyValueSpecification\",\"valueRequired\":true,\"valueName\":\"search_term_string\"}}],\"inLanguage\":\"it-IT\"},{\"@type\":\"Person\",\"@id\":\"https:\\\/\\\/exaudi.org\\\/#\\\/schema\\\/person\\\/e7ff749045cafab5d7b926bb4edeaa51\",\"name\":\"Patricia Jim\u00e9nez Ram\u00edrez\",\"image\":{\"@type\":\"ImageObject\",\"inLanguage\":\"it-IT\",\"@id\":\"https:\\\/\\\/secure.gravatar.com\\\/avatar\\\/c1f016f3010698237250f552cc424d09fd3f545baa3b0e2f5008eae3181ed438?s=96&d=mm&r=g\",\"url\":\"https:\\\/\\\/secure.gravatar.com\\\/avatar\\\/c1f016f3010698237250f552cc424d09fd3f545baa3b0e2f5008eae3181ed438?s=96&d=mm&r=g\",\"contentUrl\":\"https:\\\/\\\/secure.gravatar.com\\\/avatar\\\/c1f016f3010698237250f552cc424d09fd3f545baa3b0e2f5008eae3181ed438?s=96&d=mm&r=g\",\"caption\":\"Patricia Jim\u00e9nez Ram\u00edrez\"},\"description\":\"Soy una mujer comprometida con mi familia, con una s\u00f3lida experiencia empresarial y una profunda dedicaci\u00f3n al hogar. Durante a\u00f1os trabaj\u00e9 en diversos entornos empresariales, liderando equipos y gestionando proyectos de impacto. Sin embargo, en los \u00faltimos a\u00f1os he tomado la decisi\u00f3n de centrarme en mi hogar y dedicar m\u00e1s tiempo a mi marido e hijos, quienes son mi mayor prioridad. Mi experiencia en el \u00e1mbito empresarial me ha brindado valiosas habilidades en gesti\u00f3n del tiempo, organizaci\u00f3n, liderazgo y resoluci\u00f3n de problemas, que ahora aplico en mi vida familiar para fomentar un ambiente armonioso y saludable para todos\",\"url\":\"https:\\\/\\\/exaudi.org\\\/it\\\/author\\\/patricia-jimenez-ramirez\\\/\"}]}<\/script>\n<!-- \/ Yoast SEO plugin. -->","yoast_head_json":{"title":"Il linguaggio del corpo nella liturgia &#8211; Exaudi","robots":{"index":"index","follow":"follow","max-snippet":"max-snippet:-1","max-image-preview":"max-image-preview:large","max-video-preview":"max-video-preview:-1"},"canonical":"https:\/\/exaudi.org\/it\/il-linguaggio-del-corpo-nella-liturgia\/","og_locale":"it_IT","og_type":"article","og_title":"Il linguaggio del corpo nella liturgia &#8211; Exaudi","og_description":"L'Eucaristia come culmine dell'unione nuziale di Cristo con la Chiesa","og_url":"https:\/\/exaudi.org\/it\/il-linguaggio-del-corpo-nella-liturgia\/","og_site_name":"Exaudi","article_publisher":"https:\/\/www.facebook.com\/ExaudiNews","article_published_time":"2025-09-03T17:50:49+00:00","og_image":[{"width":2560,"height":1920,"url":"https:\/\/exaudi.org\/wp-content\/uploads\/2025\/09\/pexels-herve-piglowski-1457017-11279536-scaled.jpg","type":"image\/jpeg"}],"author":"Patricia Jim\u00e9nez Ram\u00edrez","twitter_card":"summary_large_image","twitter_creator":"@Exaudi_News","twitter_site":"@Exaudi_News","twitter_misc":{"Scritto da":"Patricia Jim\u00e9nez Ram\u00edrez","Tempo di lettura stimato":"3 minuti"},"schema":{"@context":"https:\/\/schema.org","@graph":[{"@type":"Article","@id":"https:\/\/exaudi.org\/it\/il-linguaggio-del-corpo-nella-liturgia\/#article","isPartOf":{"@id":"https:\/\/exaudi.org\/it\/il-linguaggio-del-corpo-nella-liturgia\/"},"author":{"name":"Patricia Jim\u00e9nez Ram\u00edrez","@id":"https:\/\/exaudi.org\/#\/schema\/person\/e7ff749045cafab5d7b926bb4edeaa51"},"headline":"Il linguaggio del corpo nella liturgia","datePublished":"2025-09-03T17:50:49+00:00","mainEntityOfPage":{"@id":"https:\/\/exaudi.org\/it\/il-linguaggio-del-corpo-nella-liturgia\/"},"wordCount":565,"image":{"@id":"https:\/\/exaudi.org\/it\/il-linguaggio-del-corpo-nella-liturgia\/#primaryimage"},"thumbnailUrl":"https:\/\/exaudi.org\/wp-content\/uploads\/2025\/09\/pexels-herve-piglowski-1457017-11279536-scaled.jpg","keywords":["comunione","comunione","comunione","comunione","comunione","comunione","comunione","comunione","comunione","comunione","comunione","Eucaristia","gesti liturgici","linguaggio del corpo","Liturgia cattolica","Trending"],"inLanguage":"it-IT"},{"@type":"WebPage","@id":"https:\/\/exaudi.org\/it\/il-linguaggio-del-corpo-nella-liturgia\/","url":"https:\/\/exaudi.org\/it\/il-linguaggio-del-corpo-nella-liturgia\/","name":"Il linguaggio del corpo nella liturgia &#8211; Exaudi","isPartOf":{"@id":"https:\/\/exaudi.org\/#website"},"primaryImageOfPage":{"@id":"https:\/\/exaudi.org\/it\/il-linguaggio-del-corpo-nella-liturgia\/#primaryimage"},"image":{"@id":"https:\/\/exaudi.org\/it\/il-linguaggio-del-corpo-nella-liturgia\/#primaryimage"},"thumbnailUrl":"https:\/\/exaudi.org\/wp-content\/uploads\/2025\/09\/pexels-herve-piglowski-1457017-11279536-scaled.jpg","datePublished":"2025-09-03T17:50:49+00:00","author":{"@id":"https:\/\/exaudi.org\/#\/schema\/person\/e7ff749045cafab5d7b926bb4edeaa51"},"breadcrumb":{"@id":"https:\/\/exaudi.org\/it\/il-linguaggio-del-corpo-nella-liturgia\/#breadcrumb"},"inLanguage":"it-IT","potentialAction":[{"@type":"ReadAction","target":["https:\/\/exaudi.org\/it\/il-linguaggio-del-corpo-nella-liturgia\/"]}]},{"@type":"ImageObject","inLanguage":"it-IT","@id":"https:\/\/exaudi.org\/it\/il-linguaggio-del-corpo-nella-liturgia\/#primaryimage","url":"https:\/\/exaudi.org\/wp-content\/uploads\/2025\/09\/pexels-herve-piglowski-1457017-11279536-scaled.jpg","contentUrl":"https:\/\/exaudi.org\/wp-content\/uploads\/2025\/09\/pexels-herve-piglowski-1457017-11279536-scaled.jpg","width":2560,"height":1920},{"@type":"BreadcrumbList","@id":"https:\/\/exaudi.org\/it\/il-linguaggio-del-corpo-nella-liturgia\/#breadcrumb","itemListElement":[{"@type":"ListItem","position":1,"name":"Portada","item":"https:\/\/exaudi.org\/it\/"},{"@type":"ListItem","position":2,"name":"Il linguaggio del corpo nella liturgia"}]},{"@type":"WebSite","@id":"https:\/\/exaudi.org\/#website","url":"https:\/\/exaudi.org\/","name":"Exaudi","description":"News","potentialAction":[{"@type":"SearchAction","target":{"@type":"EntryPoint","urlTemplate":"https:\/\/exaudi.org\/?s={search_term_string}"},"query-input":{"@type":"PropertyValueSpecification","valueRequired":true,"valueName":"search_term_string"}}],"inLanguage":"it-IT"},{"@type":"Person","@id":"https:\/\/exaudi.org\/#\/schema\/person\/e7ff749045cafab5d7b926bb4edeaa51","name":"Patricia Jim\u00e9nez Ram\u00edrez","image":{"@type":"ImageObject","inLanguage":"it-IT","@id":"https:\/\/secure.gravatar.com\/avatar\/c1f016f3010698237250f552cc424d09fd3f545baa3b0e2f5008eae3181ed438?s=96&d=mm&r=g","url":"https:\/\/secure.gravatar.com\/avatar\/c1f016f3010698237250f552cc424d09fd3f545baa3b0e2f5008eae3181ed438?s=96&d=mm&r=g","contentUrl":"https:\/\/secure.gravatar.com\/avatar\/c1f016f3010698237250f552cc424d09fd3f545baa3b0e2f5008eae3181ed438?s=96&d=mm&r=g","caption":"Patricia Jim\u00e9nez Ram\u00edrez"},"description":"Soy una mujer comprometida con mi familia, con una s\u00f3lida experiencia empresarial y una profunda dedicaci\u00f3n al hogar. Durante a\u00f1os trabaj\u00e9 en diversos entornos empresariales, liderando equipos y gestionando proyectos de impacto. Sin embargo, en los \u00faltimos a\u00f1os he tomado la decisi\u00f3n de centrarme en mi hogar y dedicar m\u00e1s tiempo a mi marido e hijos, quienes son mi mayor prioridad. Mi experiencia en el \u00e1mbito empresarial me ha brindado valiosas habilidades en gesti\u00f3n del tiempo, organizaci\u00f3n, liderazgo y resoluci\u00f3n de problemas, que ahora aplico en mi vida familiar para fomentar un ambiente armonioso y saludable para todos","url":"https:\/\/exaudi.org\/it\/author\/patricia-jimenez-ramirez\/"}]}},"jetpack_featured_media_url":"https:\/\/exaudi.org\/wp-content\/uploads\/2025\/09\/pexels-herve-piglowski-1457017-11279536-scaled.jpg","jetpack_shortlink":"https:\/\/wp.me\/pgKjF2-yF2","_links":{"self":[{"href":"https:\/\/exaudi.org\/it\/wp-json\/wp\/v2\/posts\/133240","targetHints":{"allow":["GET"]}}],"collection":[{"href":"https:\/\/exaudi.org\/it\/wp-json\/wp\/v2\/posts"}],"about":[{"href":"https:\/\/exaudi.org\/it\/wp-json\/wp\/v2\/types\/post"}],"author":[{"embeddable":true,"href":"https:\/\/exaudi.org\/it\/wp-json\/wp\/v2\/users\/151"}],"replies":[{"embeddable":true,"href":"https:\/\/exaudi.org\/it\/wp-json\/wp\/v2\/comments?post=133240"}],"version-history":[{"count":4,"href":"https:\/\/exaudi.org\/it\/wp-json\/wp\/v2\/posts\/133240\/revisions"}],"predecessor-version":[{"id":133250,"href":"https:\/\/exaudi.org\/it\/wp-json\/wp\/v2\/posts\/133240\/revisions\/133250"}],"wp:featuredmedia":[{"embeddable":true,"href":"https:\/\/exaudi.org\/it\/wp-json\/wp\/v2\/media\/133062"}],"wp:attachment":[{"href":"https:\/\/exaudi.org\/it\/wp-json\/wp\/v2\/media?parent=133240"}],"wp:term":[{"taxonomy":"category","embeddable":true,"href":"https:\/\/exaudi.org\/it\/wp-json\/wp\/v2\/categories?post=133240"},{"taxonomy":"post_tag","embeddable":true,"href":"https:\/\/exaudi.org\/it\/wp-json\/wp\/v2\/tags?post=133240"}],"curies":[{"name":"wp","href":"https:\/\/api.w.org\/{rel}","templated":true}]}}