{"id":133082,"date":"2025-09-02T18:33:52","date_gmt":"2025-09-02T16:33:52","guid":{"rendered":"https:\/\/exaudi.org\/?p=133082"},"modified":"2025-09-02T18:33:52","modified_gmt":"2025-09-02T16:33:52","slug":"video-di-papa-francesco-di-settembre-per-la-nostra-relazione-con-tutto-il-creato","status":"publish","type":"post","link":"https:\/\/exaudi.org\/it\/video-di-papa-francesco-di-settembre-per-la-nostra-relazione-con-tutto-il-creato\/","title":{"rendered":"Video di Papa Francesco di settembre: &#8220;Per la nostra relazione con tutto il creato&#8221;"},"content":{"rendered":"<p><span dir=\"auto\" style=\"vertical-align: inherit\"><span dir=\"auto\" style=\"vertical-align: inherit\">Immagini di Papa Leone a passeggio per le Ville Pontificie di Castel Gandolfo; quelle della celebrazione dello scorso 9 luglio a Borgo Laudato s\u00ec con la nuova forma della Messa per la Custodia del Creato (Missa pro custodia creationis); frammenti del video &#8220;San Francesco d&#8217;Assisi &#8211; Segno di contraddizione&#8221;; le meraviglie della natura intrecciate allo stupore di chi le contempla. In pochi minuti, il video con l&#8217;intenzione di preghiera di Leone XIV per il mese di settembre, diffuso attraverso la Rete Mondiale di Preghiera del Papa, ben coglie il tema scelto: &#8220;Per il nostro rapporto con tutto il creato&#8221;. Un tema ispirato al Tempo del Creato, l&#8217;iniziativa ecumenica che unisce cristiani di diverse fedi nella preghiera e nell&#8217;azione per la cura della terra, iniziata lo scorso 1\u00b0 settembre e che si concluder\u00e0 il 4 ottobre, festa di San Francesco.<\/span><\/span><\/p>\n<p><span dir=\"auto\" style=\"vertical-align: inherit\"><span dir=\"auto\" style=\"vertical-align: inherit\">Pubblichiamo di seguito il testo del video con l&#8217;intenzione di preghiera del Santo Padre per il mese di settembre: Preghiamo affinch\u00e9, ispirati da San Francesco, possiamo sperimentare la nostra interdipendenza con tutte le creature, amate da Dio e degne di amore e rispetto.<\/span><\/span><\/p>\n<p>***<\/p>\n<p>Preghiamo perch\u00e9, ispirati da San Francesco, possiamo sperimentare la nostra interdipendenza con tutte le creature, amate da Dio e degne di amore e rispetto.<\/p>\n<p><i>Signore, tu ami tutto ci\u00f2 che hai creato,<\/i><\/p>\n<p><i>e nulla esiste al di fuori del mistero della tua tenerezza.<\/i><\/p>\n<p><i>Ogni creatura, per quanto piccola,<\/i><\/p>\n<p><i>\u00e8 il frutto del tuo amore e ha un posto in questo mondo.<\/i><\/p>\n<p><i>Anche la vita pi\u00f9 semplice o pi\u00f9 breve \u00e8 circondata dalla tua cura.<\/i><\/p>\n<p><i>Come San Francesco d&#8217;Assisi, oggi anche noi vogliamo dire:<\/i><\/p>\n<p><i>\u201cLaudato si\u2019, o mio Signore!\u201d.<\/i><\/p>\n<p><i>Attraverso la bellezza della creazione,<\/i><\/p>\n<p><i>ti riveli come sorgente di bont\u00e0. Ti chiediamo:<\/i><\/p>\n<p><i>apri i nostri occhi per riconoscerti,<\/i><\/p>\n<p><i>imparando dal mistero della tua vicinanza a tutta la creazione<\/i><\/p>\n<p><i>che il mondo \u00e8 infinitamente pi\u00f9 di un problema da risolvere.<\/i><\/p>\n<p><i>\u00c8 un mistero da contemplare con gratitudine e speranza.<\/i><\/p>\n<p><i>Aiutaci a scoprire la tua presenza in tutta la creazione,<\/i><\/p>\n<p><i>affinch\u00e9, riconoscendola pienamente,<\/i><\/p>\n<p><i>possiamo sentire e sapere di essere responsabili di questa casa comune<\/i><\/p>\n<p><i>nella quale tu ci inviti a custodire, rispettare e proteggere<\/i><\/p>\n<p><i>la vita in tutte le sue forme e possibilit\u00e0.<\/i><\/p>\n<p><i>Laudato si\u2019, Signore!<\/i><\/p>\n<p><i>Amen.<\/i><\/p>\n<h6>[Testo originale: Inglese]<\/h6>\n","protected":false},"excerpt":{"rendered":"<p>Aiutaci a scoprire la tua presenza in tutto il creato<\/p>\n","protected":false},"author":17,"featured_media":133083,"comment_status":"closed","ping_status":"closed","sticky":false,"template":"","format":"standard","meta":{"_acf_changed":false,"_crdt_document":"","inline_featured_image":false,"footnotes":""},"categories":[67],"tags":[64910,22973,64787,6433],"class_list":["post-133082","post","type-post","status-publish","format-standard","has-post-thumbnail","hentry","category-leone-xiv","tag-leone-xiv-it","tag-settembre","tag-trending-it-236","tag-videomessaggio"],"acf":[],"yoast_head":"<!-- This site is optimized with the Yoast SEO plugin v27.5 - https:\/\/yoast.com\/product\/yoast-seo-wordpress\/ -->\n<title>Video di Papa Francesco di settembre: &quot;Per la nostra relazione con tutto il creato&quot; &#8211; Exaudi<\/title>\n<meta name=\"robots\" content=\"index, follow, max-snippet:-1, max-image-preview:large, max-video-preview:-1\" \/>\n<link rel=\"canonical\" href=\"https:\/\/exaudi.org\/it\/video-di-papa-francesco-di-settembre-per-la-nostra-relazione-con-tutto-il-creato\/\" \/>\n<meta property=\"og:locale\" content=\"it_IT\" \/>\n<meta property=\"og:type\" content=\"article\" \/>\n<meta property=\"og:title\" content=\"Video di Papa Francesco di settembre: &quot;Per la nostra relazione con tutto il creato&quot; &#8211; Exaudi\" \/>\n<meta property=\"og:description\" content=\"Aiutaci a scoprire la tua presenza in tutto il creato\" \/>\n<meta property=\"og:url\" content=\"https:\/\/exaudi.org\/it\/video-di-papa-francesco-di-settembre-per-la-nostra-relazione-con-tutto-il-creato\/\" \/>\n<meta property=\"og:site_name\" content=\"Exaudi\" \/>\n<meta property=\"article:publisher\" content=\"https:\/\/www.facebook.com\/ExaudiNews\" \/>\n<meta property=\"article:author\" content=\"https:\/\/www.facebook.com\/ExaudiNotizie\/\" \/>\n<meta property=\"article:published_time\" content=\"2025-09-02T16:33:52+00:00\" \/>\n<meta property=\"og:image\" content=\"https:\/\/exaudi.org\/wp-content\/uploads\/2025\/09\/1.jpeg\" \/>\n\t<meta property=\"og:image:width\" content=\"500\" \/>\n\t<meta property=\"og:image:height\" content=\"281\" \/>\n\t<meta property=\"og:image:type\" content=\"image\/jpeg\" \/>\n<meta name=\"author\" content=\"Exaudi Redazione\" \/>\n<meta name=\"twitter:card\" content=\"summary_large_image\" \/>\n<meta name=\"twitter:creator\" content=\"@Exaudi_Notizie\" \/>\n<meta name=\"twitter:site\" content=\"@Exaudi_News\" \/>\n<meta name=\"twitter:label1\" content=\"Scritto da\" \/>\n\t<meta name=\"twitter:data1\" content=\"Exaudi Redazione\" \/>\n\t<meta name=\"twitter:label2\" content=\"Tempo di lettura stimato\" \/>\n\t<meta name=\"twitter:data2\" content=\"2 minuti\" \/>\n<script type=\"application\/ld+json\" class=\"yoast-schema-graph\">{\"@context\":\"https:\\\/\\\/schema.org\",\"@graph\":[{\"@type\":\"Article\",\"@id\":\"https:\\\/\\\/exaudi.org\\\/it\\\/video-di-papa-francesco-di-settembre-per-la-nostra-relazione-con-tutto-il-creato\\\/#article\",\"isPartOf\":{\"@id\":\"https:\\\/\\\/exaudi.org\\\/it\\\/video-di-papa-francesco-di-settembre-per-la-nostra-relazione-con-tutto-il-creato\\\/\"},\"author\":{\"name\":\"Exaudi Redazione\",\"@id\":\"https:\\\/\\\/exaudi.org\\\/#\\\/schema\\\/person\\\/e1ab6ed07c01774724dd96f925f3a5f0\"},\"headline\":\"Video di Papa Francesco di settembre: &#8220;Per la nostra relazione con tutto il creato&#8221;\",\"datePublished\":\"2025-09-02T16:33:52+00:00\",\"mainEntityOfPage\":{\"@id\":\"https:\\\/\\\/exaudi.org\\\/it\\\/video-di-papa-francesco-di-settembre-per-la-nostra-relazione-con-tutto-il-creato\\\/\"},\"wordCount\":382,\"image\":{\"@id\":\"https:\\\/\\\/exaudi.org\\\/it\\\/video-di-papa-francesco-di-settembre-per-la-nostra-relazione-con-tutto-il-creato\\\/#primaryimage\"},\"thumbnailUrl\":\"https:\\\/\\\/exaudi.org\\\/wp-content\\\/uploads\\\/2025\\\/09\\\/1.jpeg\",\"keywords\":[\"Leone XIV\",\"settembre\",\"Trending\",\"videomessaggio\"],\"articleSection\":[\"Leone XIV\"],\"inLanguage\":\"it-IT\"},{\"@type\":\"WebPage\",\"@id\":\"https:\\\/\\\/exaudi.org\\\/it\\\/video-di-papa-francesco-di-settembre-per-la-nostra-relazione-con-tutto-il-creato\\\/\",\"url\":\"https:\\\/\\\/exaudi.org\\\/it\\\/video-di-papa-francesco-di-settembre-per-la-nostra-relazione-con-tutto-il-creato\\\/\",\"name\":\"Video di Papa Francesco di settembre: \\\"Per la nostra relazione con tutto il creato\\\" &#8211; Exaudi\",\"isPartOf\":{\"@id\":\"https:\\\/\\\/exaudi.org\\\/#website\"},\"primaryImageOfPage\":{\"@id\":\"https:\\\/\\\/exaudi.org\\\/it\\\/video-di-papa-francesco-di-settembre-per-la-nostra-relazione-con-tutto-il-creato\\\/#primaryimage\"},\"image\":{\"@id\":\"https:\\\/\\\/exaudi.org\\\/it\\\/video-di-papa-francesco-di-settembre-per-la-nostra-relazione-con-tutto-il-creato\\\/#primaryimage\"},\"thumbnailUrl\":\"https:\\\/\\\/exaudi.org\\\/wp-content\\\/uploads\\\/2025\\\/09\\\/1.jpeg\",\"datePublished\":\"2025-09-02T16:33:52+00:00\",\"author\":{\"@id\":\"https:\\\/\\\/exaudi.org\\\/#\\\/schema\\\/person\\\/e1ab6ed07c01774724dd96f925f3a5f0\"},\"breadcrumb\":{\"@id\":\"https:\\\/\\\/exaudi.org\\\/it\\\/video-di-papa-francesco-di-settembre-per-la-nostra-relazione-con-tutto-il-creato\\\/#breadcrumb\"},\"inLanguage\":\"it-IT\",\"potentialAction\":[{\"@type\":\"ReadAction\",\"target\":[\"https:\\\/\\\/exaudi.org\\\/it\\\/video-di-papa-francesco-di-settembre-per-la-nostra-relazione-con-tutto-il-creato\\\/\"]}]},{\"@type\":\"ImageObject\",\"inLanguage\":\"it-IT\",\"@id\":\"https:\\\/\\\/exaudi.org\\\/it\\\/video-di-papa-francesco-di-settembre-per-la-nostra-relazione-con-tutto-il-creato\\\/#primaryimage\",\"url\":\"https:\\\/\\\/exaudi.org\\\/wp-content\\\/uploads\\\/2025\\\/09\\\/1.jpeg\",\"contentUrl\":\"https:\\\/\\\/exaudi.org\\\/wp-content\\\/uploads\\\/2025\\\/09\\\/1.jpeg\",\"width\":500,\"height\":281},{\"@type\":\"BreadcrumbList\",\"@id\":\"https:\\\/\\\/exaudi.org\\\/it\\\/video-di-papa-francesco-di-settembre-per-la-nostra-relazione-con-tutto-il-creato\\\/#breadcrumb\",\"itemListElement\":[{\"@type\":\"ListItem\",\"position\":1,\"name\":\"Portada\",\"item\":\"https:\\\/\\\/exaudi.org\\\/it\\\/\"},{\"@type\":\"ListItem\",\"position\":2,\"name\":\"Video di Papa Francesco di settembre: &#8220;Per la nostra relazione con tutto il creato&#8221;\"}]},{\"@type\":\"WebSite\",\"@id\":\"https:\\\/\\\/exaudi.org\\\/#website\",\"url\":\"https:\\\/\\\/exaudi.org\\\/\",\"name\":\"Exaudi\",\"description\":\"News\",\"potentialAction\":[{\"@type\":\"SearchAction\",\"target\":{\"@type\":\"EntryPoint\",\"urlTemplate\":\"https:\\\/\\\/exaudi.org\\\/?s={search_term_string}\"},\"query-input\":{\"@type\":\"PropertyValueSpecification\",\"valueRequired\":true,\"valueName\":\"search_term_string\"}}],\"inLanguage\":\"it-IT\"},{\"@type\":\"Person\",\"@id\":\"https:\\\/\\\/exaudi.org\\\/#\\\/schema\\\/person\\\/e1ab6ed07c01774724dd96f925f3a5f0\",\"name\":\"Exaudi Redazione\",\"image\":{\"@type\":\"ImageObject\",\"inLanguage\":\"it-IT\",\"@id\":\"https:\\\/\\\/secure.gravatar.com\\\/avatar\\\/ad6774b3ada023bf5b939d64f45c94b3adf91502dd883507d469b4308a943bb3?s=96&d=mm&r=g\",\"url\":\"https:\\\/\\\/secure.gravatar.com\\\/avatar\\\/ad6774b3ada023bf5b939d64f45c94b3adf91502dd883507d469b4308a943bb3?s=96&d=mm&r=g\",\"contentUrl\":\"https:\\\/\\\/secure.gravatar.com\\\/avatar\\\/ad6774b3ada023bf5b939d64f45c94b3adf91502dd883507d469b4308a943bb3?s=96&d=mm&r=g\",\"caption\":\"Exaudi Redazione\"},\"description\":\"Che cosa \u00e8 Exaudi News? Exaudi News \u00e8 un agenzia cattolica internazionale che informa, istruisce e trasforma quotidianamente in spagnolo, inglese e italiano. Attraverso notizie, articoli di analisi e trasmissioni in diretta degli eventi del Papa, Exaudi cerca di rafforzare l'unit\u00e0 dei cristiani e di contribuire all'evangelizzazione del mondo, sempre guidato dalla dottrina sociale della Chiesa. Lavoriamo per portare la verit\u00e0 e i valori cristiani in ogni angolo del pianeta. Aiutaci a trasformare il mondo con Exaudi! Noi di Exaudi crediamo che l'evangelizzazione e l'informazione di qualit\u00e0 possano cambiare la vita. Per continuare la nostra missione ed espandere la nostra portata, abbiamo bisogno del tuo aiuto. Stiamo anche cercando persone motivate che vogliano unirsi al nostro team. Grazie al vostro sostegno raggiungeremo pi\u00f9 persone, diffonderemo il messaggio di Cristo e rafforzeremo l'unit\u00e0 dei cristiani. Vuoi unirti alla nostra missione? Per maggiori informazioni su come contribuire, visita Exaudi.org\\\/it o contattaci direttamente: info@exaudi.org Exaudi: informa, forma e trasforma.\",\"sameAs\":[\"https:\\\/\\\/www.facebook.com\\\/ExaudiNotizie\\\/\",\"https:\\\/\\\/www.instagram.com\\\/Exaudi_notizie\\\/\",\"https:\\\/\\\/x.com\\\/Exaudi_Notizie\",\"https:\\\/\\\/www.youtube.com\\\/@exaudicatholicnews\"],\"url\":\"https:\\\/\\\/exaudi.org\\\/it\\\/author\\\/dlvedi-org\\\/\"}]}<\/script>\n<!-- \/ Yoast SEO plugin. -->","yoast_head_json":{"title":"Video di Papa Francesco di settembre: \"Per la nostra relazione con tutto il creato\" &#8211; Exaudi","robots":{"index":"index","follow":"follow","max-snippet":"max-snippet:-1","max-image-preview":"max-image-preview:large","max-video-preview":"max-video-preview:-1"},"canonical":"https:\/\/exaudi.org\/it\/video-di-papa-francesco-di-settembre-per-la-nostra-relazione-con-tutto-il-creato\/","og_locale":"it_IT","og_type":"article","og_title":"Video di Papa Francesco di settembre: \"Per la nostra relazione con tutto il creato\" &#8211; Exaudi","og_description":"Aiutaci a scoprire la tua presenza in tutto il creato","og_url":"https:\/\/exaudi.org\/it\/video-di-papa-francesco-di-settembre-per-la-nostra-relazione-con-tutto-il-creato\/","og_site_name":"Exaudi","article_publisher":"https:\/\/www.facebook.com\/ExaudiNews","article_author":"https:\/\/www.facebook.com\/ExaudiNotizie\/","article_published_time":"2025-09-02T16:33:52+00:00","og_image":[{"width":500,"height":281,"url":"https:\/\/exaudi.org\/wp-content\/uploads\/2025\/09\/1.jpeg","type":"image\/jpeg"}],"author":"Exaudi Redazione","twitter_card":"summary_large_image","twitter_creator":"@Exaudi_Notizie","twitter_site":"@Exaudi_News","twitter_misc":{"Scritto da":"Exaudi Redazione","Tempo di lettura stimato":"2 minuti"},"schema":{"@context":"https:\/\/schema.org","@graph":[{"@type":"Article","@id":"https:\/\/exaudi.org\/it\/video-di-papa-francesco-di-settembre-per-la-nostra-relazione-con-tutto-il-creato\/#article","isPartOf":{"@id":"https:\/\/exaudi.org\/it\/video-di-papa-francesco-di-settembre-per-la-nostra-relazione-con-tutto-il-creato\/"},"author":{"name":"Exaudi Redazione","@id":"https:\/\/exaudi.org\/#\/schema\/person\/e1ab6ed07c01774724dd96f925f3a5f0"},"headline":"Video di Papa Francesco di settembre: &#8220;Per la nostra relazione con tutto il creato&#8221;","datePublished":"2025-09-02T16:33:52+00:00","mainEntityOfPage":{"@id":"https:\/\/exaudi.org\/it\/video-di-papa-francesco-di-settembre-per-la-nostra-relazione-con-tutto-il-creato\/"},"wordCount":382,"image":{"@id":"https:\/\/exaudi.org\/it\/video-di-papa-francesco-di-settembre-per-la-nostra-relazione-con-tutto-il-creato\/#primaryimage"},"thumbnailUrl":"https:\/\/exaudi.org\/wp-content\/uploads\/2025\/09\/1.jpeg","keywords":["Leone XIV","settembre","Trending","videomessaggio"],"articleSection":["Leone XIV"],"inLanguage":"it-IT"},{"@type":"WebPage","@id":"https:\/\/exaudi.org\/it\/video-di-papa-francesco-di-settembre-per-la-nostra-relazione-con-tutto-il-creato\/","url":"https:\/\/exaudi.org\/it\/video-di-papa-francesco-di-settembre-per-la-nostra-relazione-con-tutto-il-creato\/","name":"Video di Papa Francesco di settembre: \"Per la nostra relazione con tutto il creato\" &#8211; Exaudi","isPartOf":{"@id":"https:\/\/exaudi.org\/#website"},"primaryImageOfPage":{"@id":"https:\/\/exaudi.org\/it\/video-di-papa-francesco-di-settembre-per-la-nostra-relazione-con-tutto-il-creato\/#primaryimage"},"image":{"@id":"https:\/\/exaudi.org\/it\/video-di-papa-francesco-di-settembre-per-la-nostra-relazione-con-tutto-il-creato\/#primaryimage"},"thumbnailUrl":"https:\/\/exaudi.org\/wp-content\/uploads\/2025\/09\/1.jpeg","datePublished":"2025-09-02T16:33:52+00:00","author":{"@id":"https:\/\/exaudi.org\/#\/schema\/person\/e1ab6ed07c01774724dd96f925f3a5f0"},"breadcrumb":{"@id":"https:\/\/exaudi.org\/it\/video-di-papa-francesco-di-settembre-per-la-nostra-relazione-con-tutto-il-creato\/#breadcrumb"},"inLanguage":"it-IT","potentialAction":[{"@type":"ReadAction","target":["https:\/\/exaudi.org\/it\/video-di-papa-francesco-di-settembre-per-la-nostra-relazione-con-tutto-il-creato\/"]}]},{"@type":"ImageObject","inLanguage":"it-IT","@id":"https:\/\/exaudi.org\/it\/video-di-papa-francesco-di-settembre-per-la-nostra-relazione-con-tutto-il-creato\/#primaryimage","url":"https:\/\/exaudi.org\/wp-content\/uploads\/2025\/09\/1.jpeg","contentUrl":"https:\/\/exaudi.org\/wp-content\/uploads\/2025\/09\/1.jpeg","width":500,"height":281},{"@type":"BreadcrumbList","@id":"https:\/\/exaudi.org\/it\/video-di-papa-francesco-di-settembre-per-la-nostra-relazione-con-tutto-il-creato\/#breadcrumb","itemListElement":[{"@type":"ListItem","position":1,"name":"Portada","item":"https:\/\/exaudi.org\/it\/"},{"@type":"ListItem","position":2,"name":"Video di Papa Francesco di settembre: &#8220;Per la nostra relazione con tutto il creato&#8221;"}]},{"@type":"WebSite","@id":"https:\/\/exaudi.org\/#website","url":"https:\/\/exaudi.org\/","name":"Exaudi","description":"News","potentialAction":[{"@type":"SearchAction","target":{"@type":"EntryPoint","urlTemplate":"https:\/\/exaudi.org\/?s={search_term_string}"},"query-input":{"@type":"PropertyValueSpecification","valueRequired":true,"valueName":"search_term_string"}}],"inLanguage":"it-IT"},{"@type":"Person","@id":"https:\/\/exaudi.org\/#\/schema\/person\/e1ab6ed07c01774724dd96f925f3a5f0","name":"Exaudi Redazione","image":{"@type":"ImageObject","inLanguage":"it-IT","@id":"https:\/\/secure.gravatar.com\/avatar\/ad6774b3ada023bf5b939d64f45c94b3adf91502dd883507d469b4308a943bb3?s=96&d=mm&r=g","url":"https:\/\/secure.gravatar.com\/avatar\/ad6774b3ada023bf5b939d64f45c94b3adf91502dd883507d469b4308a943bb3?s=96&d=mm&r=g","contentUrl":"https:\/\/secure.gravatar.com\/avatar\/ad6774b3ada023bf5b939d64f45c94b3adf91502dd883507d469b4308a943bb3?s=96&d=mm&r=g","caption":"Exaudi Redazione"},"description":"Che cosa \u00e8 Exaudi News? Exaudi News \u00e8 un agenzia cattolica internazionale che informa, istruisce e trasforma quotidianamente in spagnolo, inglese e italiano. Attraverso notizie, articoli di analisi e trasmissioni in diretta degli eventi del Papa, Exaudi cerca di rafforzare l'unit\u00e0 dei cristiani e di contribuire all'evangelizzazione del mondo, sempre guidato dalla dottrina sociale della Chiesa. Lavoriamo per portare la verit\u00e0 e i valori cristiani in ogni angolo del pianeta. Aiutaci a trasformare il mondo con Exaudi! Noi di Exaudi crediamo che l'evangelizzazione e l'informazione di qualit\u00e0 possano cambiare la vita. Per continuare la nostra missione ed espandere la nostra portata, abbiamo bisogno del tuo aiuto. Stiamo anche cercando persone motivate che vogliano unirsi al nostro team. Grazie al vostro sostegno raggiungeremo pi\u00f9 persone, diffonderemo il messaggio di Cristo e rafforzeremo l'unit\u00e0 dei cristiani. Vuoi unirti alla nostra missione? Per maggiori informazioni su come contribuire, visita Exaudi.org\/it o contattaci direttamente: info@exaudi.org Exaudi: informa, forma e trasforma.","sameAs":["https:\/\/www.facebook.com\/ExaudiNotizie\/","https:\/\/www.instagram.com\/Exaudi_notizie\/","https:\/\/x.com\/Exaudi_Notizie","https:\/\/www.youtube.com\/@exaudicatholicnews"],"url":"https:\/\/exaudi.org\/it\/author\/dlvedi-org\/"}]}},"jetpack_featured_media_url":"https:\/\/exaudi.org\/wp-content\/uploads\/2025\/09\/1.jpeg","jetpack_shortlink":"https:\/\/wp.me\/pgKjF2-yCu","_links":{"self":[{"href":"https:\/\/exaudi.org\/it\/wp-json\/wp\/v2\/posts\/133082","targetHints":{"allow":["GET"]}}],"collection":[{"href":"https:\/\/exaudi.org\/it\/wp-json\/wp\/v2\/posts"}],"about":[{"href":"https:\/\/exaudi.org\/it\/wp-json\/wp\/v2\/types\/post"}],"author":[{"embeddable":true,"href":"https:\/\/exaudi.org\/it\/wp-json\/wp\/v2\/users\/17"}],"replies":[{"embeddable":true,"href":"https:\/\/exaudi.org\/it\/wp-json\/wp\/v2\/comments?post=133082"}],"version-history":[{"count":6,"href":"https:\/\/exaudi.org\/it\/wp-json\/wp\/v2\/posts\/133082\/revisions"}],"predecessor-version":[{"id":133089,"href":"https:\/\/exaudi.org\/it\/wp-json\/wp\/v2\/posts\/133082\/revisions\/133089"}],"wp:featuredmedia":[{"embeddable":true,"href":"https:\/\/exaudi.org\/it\/wp-json\/wp\/v2\/media\/133083"}],"wp:attachment":[{"href":"https:\/\/exaudi.org\/it\/wp-json\/wp\/v2\/media?parent=133082"}],"wp:term":[{"taxonomy":"category","embeddable":true,"href":"https:\/\/exaudi.org\/it\/wp-json\/wp\/v2\/categories?post=133082"},{"taxonomy":"post_tag","embeddable":true,"href":"https:\/\/exaudi.org\/it\/wp-json\/wp\/v2\/tags?post=133082"}],"curies":[{"name":"wp","href":"https:\/\/api.w.org\/{rel}","templated":true}]}}