{"id":132906,"date":"2025-09-01T21:31:57","date_gmt":"2025-09-01T19:31:57","guid":{"rendered":"https:\/\/exaudi.org\/?p=132906"},"modified":"2025-09-01T21:31:57","modified_gmt":"2025-09-01T19:31:57","slug":"verginita-consacrata-e-celibato-per-il-regno","status":"publish","type":"post","link":"https:\/\/exaudi.org\/it\/verginita-consacrata-e-celibato-per-il-regno\/","title":{"rendered":"Verginit\u00e0 consacrata e celibato per il Regno"},"content":{"rendered":"<p data-start=\"442\" data-end=\"546\"><span dir=\"auto\" style=\"vertical-align: inherit\"><span dir=\"auto\" style=\"vertical-align: inherit\">Nei precedenti articoli di questa serie sulla\u00a0 <\/span><\/span><strong data-start=\"493\" data-end=\"516\"><span dir=\"auto\" style=\"vertical-align: inherit\"><span dir=\"auto\" style=\"vertical-align: inherit\">Teologia del Corpo<\/span><\/span><\/strong><span dir=\"auto\" style=\"vertical-align: inherit\"><span dir=\"auto\" style=\"vertical-align: inherit\"> \u00a0di San Giovanni Paolo II abbiamo visto:<\/span><\/span><\/p>\n<ol data-start=\"548\" data-end=\"911\">\n<li><a href=\"https:\/\/exaudi.org\/es\/el-regalo-de-la-teologia-del-cuerpo\/\" target=\"_blank\" rel=\"noopener\"><strong data-start=\"784\" data-end=\"823\"><span dir=\"auto\" style=\"vertical-align: inherit\"><span dir=\"auto\" style=\"vertical-align: inherit\">Il dono della Teologia del Corpo<\/span><\/span><\/strong><\/a><span dir=\"auto\" style=\"vertical-align: inherit\"><span dir=\"auto\" style=\"vertical-align: inherit\">, che ha offerto la visione globale di questa catechesi come dono alla Chiesa e al mondo.<\/span><\/span><\/li>\n<li><a href=\"https:\/\/exaudi.org\/es\/la-herida-del-pecado-y-la-redencion-del-cuerpo\/\" target=\"_blank\" rel=\"noopener\"><strong data-start=\"655\" data-end=\"705\"><span dir=\"auto\" style=\"vertical-align: inherit\"><span dir=\"auto\" style=\"vertical-align: inherit\">La ferita del peccato e la redenzione del corpo<\/span><\/span><\/strong><\/a><span dir=\"auto\" style=\"vertical-align: inherit\"><span dir=\"auto\" style=\"vertical-align: inherit\">, che hanno mostrato la necessit\u00e0 che Cristo restaurasse quello sguardo originario.<\/span><\/span><\/li>\n<li><a href=\"https:\/\/exaudi.org\/es\/el-matrimonio-como-sacramento-primordial\/\" target=\"_blank\" rel=\"noopener\"><strong data-start=\"551\" data-end=\"595\"><span dir=\"auto\" style=\"vertical-align: inherit\"><span dir=\"auto\" style=\"vertical-align: inherit\">Il matrimonio come sacramento primordiale<\/span><\/span><\/strong><\/a><span dir=\"auto\" style=\"vertical-align: inherit\"><span dir=\"auto\" style=\"vertical-align: inherit\">, dove il corpo si rivela come linguaggio di comunione.<\/span><\/span><\/li>\n<\/ol>\n<p data-start=\"913\" data-end=\"1163\"><span dir=\"auto\" style=\"vertical-align: inherit\"><span dir=\"auto\" style=\"vertical-align: inherit\">Ora, in questo quarto articolo, ci concentriamo su una vocazione particolare:\u00a0 <\/span><\/span><strong data-start=\"987\" data-end=\"1042\"><span dir=\"auto\" style=\"vertical-align: inherit\"><span dir=\"auto\" style=\"vertical-align: inherit\">la verginit\u00e0 consacrata e il celibato per il Regno<\/span><\/span><\/strong><span dir=\"auto\" style=\"vertical-align: inherit\"><span dir=\"auto\" style=\"vertical-align: inherit\">, che non contraddicono il matrimonio, ma piuttosto lo illuminano nella prospettiva del fine ultimo: la piena comunione con Dio.<\/span><\/span><\/p>\n<h3 data-start=\"1170\" data-end=\"1209\"><strong><span dir=\"auto\" style=\"vertical-align: inherit\"><span dir=\"auto\" style=\"vertical-align: inherit\">Fondamento biblico e teologico<\/span><\/span><\/strong><\/h3>\n<p data-start=\"1210\" data-end=\"1434\"><span dir=\"auto\" style=\"vertical-align: inherit\"><span dir=\"auto\" style=\"vertical-align: inherit\">Ges\u00f9 apre questo cammino con un&#8217;affermazione sorprendente: \u00abVi sono eunuchi che si sono fatti tali per il regno dei cieli\u00bb (Mt 19,12). San Paolo sviluppa questo concetto parlando del \u00abcuore indiviso\u00bb consegnato al Signore (1 Cor 7,32-35).<\/span><\/span><\/p>\n<p data-start=\"1436\" data-end=\"1657\"><span dir=\"auto\" style=\"vertical-align: inherit\"><span dir=\"auto\" style=\"vertical-align: inherit\">Il Concilio Vaticano II insegna che la verginit\u00e0 \u00ab\u00e8 un segno peculiare dei beni celesti e un mezzo efficace perch\u00e9 i fedeli si uniscano pi\u00f9 facilmente a Dio con cuore indiviso\u00bb (<\/span><\/span><em data-start=\"1634\" data-end=\"1649\"><span dir=\"auto\" style=\"vertical-align: inherit\"><span dir=\"auto\" style=\"vertical-align: inherit\">Lumen gentium<\/span><\/span><\/em><span dir=\"auto\" style=\"vertical-align: inherit\"><span dir=\"auto\" style=\"vertical-align: inherit\"> , 42).<\/span><\/span><\/p>\n<h3 data-start=\"1664\" data-end=\"1728\"><strong><span dir=\"auto\" style=\"vertical-align: inherit\"><span dir=\"auto\" style=\"vertical-align: inherit\">Matrimonio e verginit\u00e0: due modalit\u00e0 dello stesso mistero<\/span><\/span><\/strong><\/h3>\n<p data-start=\"1729\" data-end=\"1876\"><span dir=\"auto\" style=\"vertical-align: inherit\"><span dir=\"auto\" style=\"vertical-align: inherit\">San Giovanni Paolo II, nella sua catechesi sull&#8217;amore umano (1982), spiega che il\u00a0 <\/span><\/span><strong data-start=\"1810\" data-end=\"1845\"><span dir=\"auto\" style=\"vertical-align: inherit\"><span dir=\"auto\" style=\"vertical-align: inherit\">significato sponsale del corpo<\/span><\/span><\/strong><span dir=\"auto\" style=\"vertical-align: inherit\"><span dir=\"auto\" style=\"vertical-align: inherit\"> \u00a0trova due realizzazioni:<\/span><\/span><\/p>\n<ul data-start=\"1877\" data-end=\"2028\">\n<li data-start=\"1877\" data-end=\"1940\">\n<p data-start=\"1879\" data-end=\"1940\"><strong data-start=\"1879\" data-end=\"1899\"><span dir=\"auto\" style=\"vertical-align: inherit\"><span dir=\"auto\" style=\"vertical-align: inherit\">Nel matrimonio<\/span><\/span><\/strong><span dir=\"auto\" style=\"vertical-align: inherit\"><span dir=\"auto\" style=\"vertical-align: inherit\">, come dono reciproco aperto alla vita.<\/span><\/span><\/p>\n<\/li>\n<li data-start=\"1941\" data-end=\"2028\">\n<p data-start=\"1943\" data-end=\"2028\"><strong data-start=\"1943\" data-end=\"1977\"><span dir=\"auto\" style=\"vertical-align: inherit\"><span dir=\"auto\" style=\"vertical-align: inherit\">Nella verginit\u00e0 e nel celibato<\/span><\/span><\/strong><span dir=\"auto\" style=\"vertical-align: inherit\"><span dir=\"auto\" style=\"vertical-align: inherit\">, come dedizione esclusiva a Cristo e alla Chiesa.<\/span><\/span><\/p>\n<\/li>\n<\/ul>\n<p data-start=\"2030\" data-end=\"2222\"><span dir=\"auto\" style=\"vertical-align: inherit\"><span dir=\"auto\" style=\"vertical-align: inherit\">Il Catechismo riassume cos\u00ec: \u00abLa verginit\u00e0 per il Regno \u00e8 uno sviluppo della grazia battesimale, un segno potente del primato del legame con Cristo e dell\u2019attesa ardente del suo ritorno\u00bb (CCC 1619).<\/span><\/span><\/p>\n<h3 data-start=\"2229\" data-end=\"2279\"><strong><span dir=\"auto\" style=\"vertical-align: inherit\"><span dir=\"auto\" style=\"vertical-align: inherit\">Un segno escatologico dell&#8217;amore definitivo<\/span><\/span><\/strong><\/h3>\n<p data-start=\"2280\" data-end=\"2477\"><span dir=\"auto\" style=\"vertical-align: inherit\"><span dir=\"auto\" style=\"vertical-align: inherit\">La verginit\u00e0 e il celibato sono un\u00a0 <\/span><\/span><strong data-start=\"2315\" data-end=\"2337\"><span dir=\"auto\" style=\"vertical-align: inherit\"><span dir=\"auto\" style=\"vertical-align: inherit\">anticipo del cielo<\/span><\/span><\/strong><span dir=\"auto\" style=\"vertical-align: inherit\"><span dir=\"auto\" style=\"vertical-align: inherit\">. Rendono visibile, gi\u00e0 nella storia, la verit\u00e0 delle parole di Ges\u00f9: \u00abNella risurrezione&#8230; saranno come angeli nel cielo\u00bb (Mt 22,30).<\/span><\/span><\/p>\n<p data-start=\"2479\" data-end=\"2717\"><span dir=\"auto\" style=\"vertical-align: inherit\"><span dir=\"auto\" style=\"vertical-align: inherit\">San Giovanni Paolo II afferma che questo stato \u00abannuncia gi\u00e0 la futura risurrezione e la vita eterna\u00bb (Udienza generale, 31 marzo 1982). Pertanto, coloro che abbracciano questa vocazione proclamano con la loro vita che \u00abDio sar\u00e0 tutto in tutti\u00bb (1 Cor 15,28).<\/span><\/span><\/p>\n<h3 data-start=\"2724\" data-end=\"2757\"><strong><span dir=\"auto\" style=\"vertical-align: inherit\"><span dir=\"auto\" style=\"vertical-align: inherit\">Il corpo come dono totale<\/span><\/span><\/strong><\/h3>\n<p data-start=\"2758\" data-end=\"2917\"><span dir=\"auto\" style=\"vertical-align: inherit\"><span dir=\"auto\" style=\"vertical-align: inherit\">Lungi dall&#8217;essere un disprezzo per la sessualit\u00e0, la verginit\u00e0 consacrata rivela la\u00a0 <\/span><\/span><strong data-start=\"2837\" data-end=\"2873\"><span dir=\"auto\" style=\"vertical-align: inherit\"><span dir=\"auto\" style=\"vertical-align: inherit\">pienezza del linguaggio del corpo<\/span><\/span><\/strong><span dir=\"auto\" style=\"vertical-align: inherit\"><span dir=\"auto\" style=\"vertical-align: inherit\">: la capacit\u00e0 di donarsi senza riserve.<\/span><\/span><\/p>\n<p data-start=\"2919\" data-end=\"3174\"><span dir=\"auto\" style=\"vertical-align: inherit\"><span dir=\"auto\" style=\"vertical-align: inherit\">San Giovanni Paolo II insiste sul fatto che la continenza per il Regno \u00abnon significa un ripudio della mascolinit\u00e0 o della femminilit\u00e0, bens\u00ec una libera scelta che eleva l\u2019uomo verso un dono pi\u00f9 pieno di s\u00e9 nell\u2019ordine dello spirito\u00bb (Udienza generale, 10 marzo 1982).<\/span><\/span><\/p>\n<p data-start=\"3176\" data-end=\"3328\"><span dir=\"auto\" style=\"vertical-align: inherit\"><span dir=\"auto\" style=\"vertical-align: inherit\">In questo modo, il celibato e la verginit\u00e0 partecipano al dinamismo redentivo del corpo: lo orientano verso il suo destino ultimo, l&#8217;unione sponsale con Cristo.<\/span><\/span><\/p>\n<h3 data-start=\"3335\" data-end=\"3398\"><strong><span dir=\"auto\" style=\"vertical-align: inherit\"><span dir=\"auto\" style=\"vertical-align: inherit\">Una Chiesa arricchita da vocazioni complementari<\/span><\/span><\/strong><\/h3>\n<p data-start=\"3399\" data-end=\"3451\"><span dir=\"auto\" style=\"vertical-align: inherit\"><span dir=\"auto\" style=\"vertical-align: inherit\">La comunit\u00e0 cristiana ha bisogno di\u00a0 <\/span><\/span><strong data-start=\"3431\" data-end=\"3448\"><span dir=\"auto\" style=\"vertical-align: inherit\"><span dir=\"auto\" style=\"vertical-align: inherit\">entrambe le strade<\/span><\/span><\/strong><span dir=\"auto\" style=\"vertical-align: inherit\"><span dir=\"auto\" style=\"vertical-align: inherit\">:<\/span><\/span><\/p>\n<ul data-start=\"3452\" data-end=\"3623\">\n<li data-start=\"3452\" data-end=\"3531\">\n<p data-start=\"3454\" data-end=\"3531\"><span dir=\"auto\" style=\"vertical-align: inherit\"><span dir=\"auto\" style=\"vertical-align: inherit\">Gli sposi testimoniano l&#8217;amore fedele e fecondo di Dio nella vita familiare.<\/span><\/span><\/p>\n<\/li>\n<li data-start=\"3532\" data-end=\"3623\">\n<p data-start=\"3534\" data-end=\"3623\"><span dir=\"auto\" style=\"vertical-align: inherit\"><span dir=\"auto\" style=\"vertical-align: inherit\">Le persone consacrate e i sacerdoti proclamano il primato di Dio e la speranza escatologica.<\/span><\/span><\/p>\n<\/li>\n<\/ul>\n<p data-start=\"3625\" data-end=\"3861\"><span dir=\"auto\" style=\"vertical-align: inherit\"><span dir=\"auto\" style=\"vertical-align: inherit\">Entrambe le vocazioni si illuminano a vicenda. Come afferma san Giovanni Paolo II: \u00abMatrimonio e verginit\u00e0 sono due modi distinti e complementari di esprimere l&#8217;unico mistero dell&#8217;alleanza di Dio con il suo popolo\u00bb ( <\/span><\/span><em data-start=\"3831\" data-end=\"3853\"><span dir=\"auto\" style=\"vertical-align: inherit\"><span dir=\"auto\" style=\"vertical-align: inherit\">Familiaris consortio<\/span><\/span><\/em><span dir=\"auto\" style=\"vertical-align: inherit\"><span dir=\"auto\" style=\"vertical-align: inherit\"> , 16).<\/span><\/span><\/p>\n<p data-start=\"3885\" data-end=\"3944\"><span dir=\"auto\" style=\"vertical-align: inherit\"><span dir=\"auto\" style=\"vertical-align: inherit\">Il viaggio di questa serie trova il suo culmine qui:<\/span><\/span><\/p>\n<ul data-start=\"3945\" data-end=\"4245\">\n<li data-start=\"3945\" data-end=\"3979\">\n<p data-start=\"3947\" data-end=\"3979\"><strong data-start=\"3947\" data-end=\"3976\"><span dir=\"auto\" style=\"vertical-align: inherit\"><span dir=\"auto\" style=\"vertical-align: inherit\">Dal matrimonio originale<\/span><\/span><\/strong><span dir=\"auto\" style=\"vertical-align: inherit\"><span dir=\"auto\" style=\"vertical-align: inherit\">,<\/span><\/span><\/p>\n<\/li>\n<li data-start=\"3980\" data-end=\"4037\">\n<p data-start=\"3982\" data-end=\"4037\"><strong data-start=\"3982\" data-end=\"4034\"><span dir=\"auto\" style=\"vertical-align: inherit\"><span dir=\"auto\" style=\"vertical-align: inherit\">alla ferita del peccato e alla redenzione del corpo<\/span><\/span><\/strong><span dir=\"auto\" style=\"vertical-align: inherit\"><span dir=\"auto\" style=\"vertical-align: inherit\">,<\/span><\/span><\/p>\n<\/li>\n<li data-start=\"4038\" data-end=\"4088\">\n<p data-start=\"4040\" data-end=\"4088\"><strong data-start=\"4040\" data-end=\"4085\"><span dir=\"auto\" style=\"vertical-align: inherit\"><span dir=\"auto\" style=\"vertical-align: inherit\">al dono integrale della Teologia del Corpo<\/span><\/span><\/strong><span dir=\"auto\" style=\"vertical-align: inherit\"><span dir=\"auto\" style=\"vertical-align: inherit\">,<\/span><\/span><\/p>\n<\/li>\n<li data-start=\"4089\" data-end=\"4245\">\n<p data-start=\"4091\" data-end=\"4245\"><span dir=\"auto\" style=\"vertical-align: inherit\"><span dir=\"auto\" style=\"vertical-align: inherit\">alla\u00a0 <\/span><\/span><strong data-start=\"4100\" data-end=\"4152\"><span dir=\"auto\" style=\"vertical-align: inherit\"><span dir=\"auto\" style=\"vertical-align: inherit\">verginit\u00e0 consacrata e al celibato per il Regno<\/span><\/span><\/strong><span dir=\"auto\" style=\"vertical-align: inherit\"><span dir=\"auto\" style=\"vertical-align: inherit\">, segno escatologico che annuncia il destino ultimo dell&#8217;uomo: l&#8217;amore definitivo di Dio.<\/span><\/span><\/p>\n<\/li>\n<\/ul>\n<p data-start=\"4247\" data-end=\"4435\"><span dir=\"auto\" style=\"vertical-align: inherit\"><span dir=\"auto\" style=\"vertical-align: inherit\">La verginit\u00e0 per il Regno non nega il matrimonio, ma lo conferma nella sua direzione ultima. Entrambi i percorsi convergono verso la stessa meta: abbandonarsi totalmente all&#8217;Amore che non tramonta mai.<\/span><\/span><\/p>\n","protected":false},"excerpt":{"rendered":"<p>Verginit\u00e0 consacrata e celibato per il Regno<\/p>\n","protected":false},"author":151,"featured_media":132666,"comment_status":"closed","ping_status":"closed","sticky":false,"template":"","format":"standard","meta":{"_acf_changed":false,"_crdt_document":"","inline_featured_image":false,"footnotes":""},"categories":[71],"tags":[1598,70824,35936,14756,70825,46921,64787,4952,70412,31103],"class_list":["post-132906","post","type-post","status-publish","format-standard","has-post-thumbnail","hentry","category-analisi","tag-celibato","tag-dono-totale-a-dio","tag-patricia-jimenez-ramirez-2","tag-regno-di-dio","tag-segno-escatologico","tag-teologia-del-corpo","tag-trending-it-236","tag-trending-it","tag-verginita-consacrata","tag-vocazione-cristiana"],"acf":[],"yoast_head":"<!-- This site is optimized with the Yoast SEO plugin v27.5 - https:\/\/yoast.com\/product\/yoast-seo-wordpress\/ -->\n<title>Verginit\u00e0 consacrata e celibato per il Regno &#8211; Exaudi<\/title>\n<meta name=\"robots\" content=\"index, follow, max-snippet:-1, max-image-preview:large, max-video-preview:-1\" \/>\n<link rel=\"canonical\" href=\"https:\/\/exaudi.org\/it\/verginita-consacrata-e-celibato-per-il-regno\/\" \/>\n<meta property=\"og:locale\" content=\"it_IT\" \/>\n<meta property=\"og:type\" content=\"article\" \/>\n<meta property=\"og:title\" content=\"Verginit\u00e0 consacrata e celibato per il Regno &#8211; Exaudi\" \/>\n<meta property=\"og:description\" content=\"Verginit\u00e0 consacrata e celibato per il Regno\" \/>\n<meta property=\"og:url\" content=\"https:\/\/exaudi.org\/it\/verginita-consacrata-e-celibato-per-il-regno\/\" \/>\n<meta property=\"og:site_name\" content=\"Exaudi\" \/>\n<meta property=\"article:publisher\" content=\"https:\/\/www.facebook.com\/ExaudiNews\" \/>\n<meta property=\"article:published_time\" content=\"2025-09-01T19:31:57+00:00\" \/>\n<meta property=\"og:image\" content=\"https:\/\/exaudi.org\/wp-content\/uploads\/2025\/09\/cq5dam.thumbnail.cropped.1500.844.jpeg\" \/>\n\t<meta property=\"og:image:width\" content=\"1500\" \/>\n\t<meta property=\"og:image:height\" content=\"844\" \/>\n\t<meta property=\"og:image:type\" content=\"image\/jpeg\" \/>\n<meta name=\"author\" content=\"Patricia Jim\u00e9nez Ram\u00edrez\" \/>\n<meta name=\"twitter:card\" content=\"summary_large_image\" \/>\n<meta name=\"twitter:creator\" content=\"@Exaudi_News\" \/>\n<meta name=\"twitter:site\" content=\"@Exaudi_News\" \/>\n<meta name=\"twitter:label1\" content=\"Scritto da\" \/>\n\t<meta name=\"twitter:data1\" content=\"Patricia Jim\u00e9nez Ram\u00edrez\" \/>\n\t<meta name=\"twitter:label2\" content=\"Tempo di lettura stimato\" \/>\n\t<meta name=\"twitter:data2\" content=\"3 minuti\" \/>\n<script type=\"application\/ld+json\" class=\"yoast-schema-graph\">{\"@context\":\"https:\\\/\\\/schema.org\",\"@graph\":[{\"@type\":\"Article\",\"@id\":\"https:\\\/\\\/exaudi.org\\\/it\\\/verginita-consacrata-e-celibato-per-il-regno\\\/#article\",\"isPartOf\":{\"@id\":\"https:\\\/\\\/exaudi.org\\\/it\\\/verginita-consacrata-e-celibato-per-il-regno\\\/\"},\"author\":{\"name\":\"Patricia Jim\u00e9nez Ram\u00edrez\",\"@id\":\"https:\\\/\\\/exaudi.org\\\/#\\\/schema\\\/person\\\/e7ff749045cafab5d7b926bb4edeaa51\"},\"headline\":\"Verginit\u00e0 consacrata e celibato per il Regno\",\"datePublished\":\"2025-09-01T19:31:57+00:00\",\"mainEntityOfPage\":{\"@id\":\"https:\\\/\\\/exaudi.org\\\/it\\\/verginita-consacrata-e-celibato-per-il-regno\\\/\"},\"wordCount\":607,\"image\":{\"@id\":\"https:\\\/\\\/exaudi.org\\\/it\\\/verginita-consacrata-e-celibato-per-il-regno\\\/#primaryimage\"},\"thumbnailUrl\":\"https:\\\/\\\/exaudi.org\\\/wp-content\\\/uploads\\\/2025\\\/09\\\/cq5dam.thumbnail.cropped.1500.844.jpeg\",\"keywords\":[\"celibato\",\"Dono totale a Dio\",\"Patricia Jim\u00e9nez Ram\u00edrez\",\"REGNO DI DIO\",\"Segno escatologico\",\"teologia del corpo\",\"Trending\",\"Trending\",\"verginit\u00e0 consacrata\",\"Vocazione cristiana\"],\"articleSection\":[\"Analisi\"],\"inLanguage\":\"it-IT\"},{\"@type\":\"WebPage\",\"@id\":\"https:\\\/\\\/exaudi.org\\\/it\\\/verginita-consacrata-e-celibato-per-il-regno\\\/\",\"url\":\"https:\\\/\\\/exaudi.org\\\/it\\\/verginita-consacrata-e-celibato-per-il-regno\\\/\",\"name\":\"Verginit\u00e0 consacrata e celibato per il Regno &#8211; Exaudi\",\"isPartOf\":{\"@id\":\"https:\\\/\\\/exaudi.org\\\/#website\"},\"primaryImageOfPage\":{\"@id\":\"https:\\\/\\\/exaudi.org\\\/it\\\/verginita-consacrata-e-celibato-per-il-regno\\\/#primaryimage\"},\"image\":{\"@id\":\"https:\\\/\\\/exaudi.org\\\/it\\\/verginita-consacrata-e-celibato-per-il-regno\\\/#primaryimage\"},\"thumbnailUrl\":\"https:\\\/\\\/exaudi.org\\\/wp-content\\\/uploads\\\/2025\\\/09\\\/cq5dam.thumbnail.cropped.1500.844.jpeg\",\"datePublished\":\"2025-09-01T19:31:57+00:00\",\"author\":{\"@id\":\"https:\\\/\\\/exaudi.org\\\/#\\\/schema\\\/person\\\/e7ff749045cafab5d7b926bb4edeaa51\"},\"breadcrumb\":{\"@id\":\"https:\\\/\\\/exaudi.org\\\/it\\\/verginita-consacrata-e-celibato-per-il-regno\\\/#breadcrumb\"},\"inLanguage\":\"it-IT\",\"potentialAction\":[{\"@type\":\"ReadAction\",\"target\":[\"https:\\\/\\\/exaudi.org\\\/it\\\/verginita-consacrata-e-celibato-per-il-regno\\\/\"]}]},{\"@type\":\"ImageObject\",\"inLanguage\":\"it-IT\",\"@id\":\"https:\\\/\\\/exaudi.org\\\/it\\\/verginita-consacrata-e-celibato-per-il-regno\\\/#primaryimage\",\"url\":\"https:\\\/\\\/exaudi.org\\\/wp-content\\\/uploads\\\/2025\\\/09\\\/cq5dam.thumbnail.cropped.1500.844.jpeg\",\"contentUrl\":\"https:\\\/\\\/exaudi.org\\\/wp-content\\\/uploads\\\/2025\\\/09\\\/cq5dam.thumbnail.cropped.1500.844.jpeg\",\"width\":1500,\"height\":844},{\"@type\":\"BreadcrumbList\",\"@id\":\"https:\\\/\\\/exaudi.org\\\/it\\\/verginita-consacrata-e-celibato-per-il-regno\\\/#breadcrumb\",\"itemListElement\":[{\"@type\":\"ListItem\",\"position\":1,\"name\":\"Portada\",\"item\":\"https:\\\/\\\/exaudi.org\\\/it\\\/\"},{\"@type\":\"ListItem\",\"position\":2,\"name\":\"Verginit\u00e0 consacrata e celibato per il Regno\"}]},{\"@type\":\"WebSite\",\"@id\":\"https:\\\/\\\/exaudi.org\\\/#website\",\"url\":\"https:\\\/\\\/exaudi.org\\\/\",\"name\":\"Exaudi\",\"description\":\"News\",\"potentialAction\":[{\"@type\":\"SearchAction\",\"target\":{\"@type\":\"EntryPoint\",\"urlTemplate\":\"https:\\\/\\\/exaudi.org\\\/?s={search_term_string}\"},\"query-input\":{\"@type\":\"PropertyValueSpecification\",\"valueRequired\":true,\"valueName\":\"search_term_string\"}}],\"inLanguage\":\"it-IT\"},{\"@type\":\"Person\",\"@id\":\"https:\\\/\\\/exaudi.org\\\/#\\\/schema\\\/person\\\/e7ff749045cafab5d7b926bb4edeaa51\",\"name\":\"Patricia Jim\u00e9nez Ram\u00edrez\",\"image\":{\"@type\":\"ImageObject\",\"inLanguage\":\"it-IT\",\"@id\":\"https:\\\/\\\/secure.gravatar.com\\\/avatar\\\/c1f016f3010698237250f552cc424d09fd3f545baa3b0e2f5008eae3181ed438?s=96&d=mm&r=g\",\"url\":\"https:\\\/\\\/secure.gravatar.com\\\/avatar\\\/c1f016f3010698237250f552cc424d09fd3f545baa3b0e2f5008eae3181ed438?s=96&d=mm&r=g\",\"contentUrl\":\"https:\\\/\\\/secure.gravatar.com\\\/avatar\\\/c1f016f3010698237250f552cc424d09fd3f545baa3b0e2f5008eae3181ed438?s=96&d=mm&r=g\",\"caption\":\"Patricia Jim\u00e9nez Ram\u00edrez\"},\"description\":\"Soy una mujer comprometida con mi familia, con una s\u00f3lida experiencia empresarial y una profunda dedicaci\u00f3n al hogar. Durante a\u00f1os trabaj\u00e9 en diversos entornos empresariales, liderando equipos y gestionando proyectos de impacto. Sin embargo, en los \u00faltimos a\u00f1os he tomado la decisi\u00f3n de centrarme en mi hogar y dedicar m\u00e1s tiempo a mi marido e hijos, quienes son mi mayor prioridad. Mi experiencia en el \u00e1mbito empresarial me ha brindado valiosas habilidades en gesti\u00f3n del tiempo, organizaci\u00f3n, liderazgo y resoluci\u00f3n de problemas, que ahora aplico en mi vida familiar para fomentar un ambiente armonioso y saludable para todos\",\"url\":\"https:\\\/\\\/exaudi.org\\\/it\\\/author\\\/patricia-jimenez-ramirez\\\/\"}]}<\/script>\n<!-- \/ Yoast SEO plugin. -->","yoast_head_json":{"title":"Verginit\u00e0 consacrata e celibato per il Regno &#8211; Exaudi","robots":{"index":"index","follow":"follow","max-snippet":"max-snippet:-1","max-image-preview":"max-image-preview:large","max-video-preview":"max-video-preview:-1"},"canonical":"https:\/\/exaudi.org\/it\/verginita-consacrata-e-celibato-per-il-regno\/","og_locale":"it_IT","og_type":"article","og_title":"Verginit\u00e0 consacrata e celibato per il Regno &#8211; Exaudi","og_description":"Verginit\u00e0 consacrata e celibato per il Regno","og_url":"https:\/\/exaudi.org\/it\/verginita-consacrata-e-celibato-per-il-regno\/","og_site_name":"Exaudi","article_publisher":"https:\/\/www.facebook.com\/ExaudiNews","article_published_time":"2025-09-01T19:31:57+00:00","og_image":[{"width":1500,"height":844,"url":"https:\/\/exaudi.org\/wp-content\/uploads\/2025\/09\/cq5dam.thumbnail.cropped.1500.844.jpeg","type":"image\/jpeg"}],"author":"Patricia Jim\u00e9nez Ram\u00edrez","twitter_card":"summary_large_image","twitter_creator":"@Exaudi_News","twitter_site":"@Exaudi_News","twitter_misc":{"Scritto da":"Patricia Jim\u00e9nez Ram\u00edrez","Tempo di lettura stimato":"3 minuti"},"schema":{"@context":"https:\/\/schema.org","@graph":[{"@type":"Article","@id":"https:\/\/exaudi.org\/it\/verginita-consacrata-e-celibato-per-il-regno\/#article","isPartOf":{"@id":"https:\/\/exaudi.org\/it\/verginita-consacrata-e-celibato-per-il-regno\/"},"author":{"name":"Patricia Jim\u00e9nez Ram\u00edrez","@id":"https:\/\/exaudi.org\/#\/schema\/person\/e7ff749045cafab5d7b926bb4edeaa51"},"headline":"Verginit\u00e0 consacrata e celibato per il Regno","datePublished":"2025-09-01T19:31:57+00:00","mainEntityOfPage":{"@id":"https:\/\/exaudi.org\/it\/verginita-consacrata-e-celibato-per-il-regno\/"},"wordCount":607,"image":{"@id":"https:\/\/exaudi.org\/it\/verginita-consacrata-e-celibato-per-il-regno\/#primaryimage"},"thumbnailUrl":"https:\/\/exaudi.org\/wp-content\/uploads\/2025\/09\/cq5dam.thumbnail.cropped.1500.844.jpeg","keywords":["celibato","Dono totale a Dio","Patricia Jim\u00e9nez Ram\u00edrez","REGNO DI DIO","Segno escatologico","teologia del corpo","Trending","Trending","verginit\u00e0 consacrata","Vocazione cristiana"],"articleSection":["Analisi"],"inLanguage":"it-IT"},{"@type":"WebPage","@id":"https:\/\/exaudi.org\/it\/verginita-consacrata-e-celibato-per-il-regno\/","url":"https:\/\/exaudi.org\/it\/verginita-consacrata-e-celibato-per-il-regno\/","name":"Verginit\u00e0 consacrata e celibato per il Regno &#8211; Exaudi","isPartOf":{"@id":"https:\/\/exaudi.org\/#website"},"primaryImageOfPage":{"@id":"https:\/\/exaudi.org\/it\/verginita-consacrata-e-celibato-per-il-regno\/#primaryimage"},"image":{"@id":"https:\/\/exaudi.org\/it\/verginita-consacrata-e-celibato-per-il-regno\/#primaryimage"},"thumbnailUrl":"https:\/\/exaudi.org\/wp-content\/uploads\/2025\/09\/cq5dam.thumbnail.cropped.1500.844.jpeg","datePublished":"2025-09-01T19:31:57+00:00","author":{"@id":"https:\/\/exaudi.org\/#\/schema\/person\/e7ff749045cafab5d7b926bb4edeaa51"},"breadcrumb":{"@id":"https:\/\/exaudi.org\/it\/verginita-consacrata-e-celibato-per-il-regno\/#breadcrumb"},"inLanguage":"it-IT","potentialAction":[{"@type":"ReadAction","target":["https:\/\/exaudi.org\/it\/verginita-consacrata-e-celibato-per-il-regno\/"]}]},{"@type":"ImageObject","inLanguage":"it-IT","@id":"https:\/\/exaudi.org\/it\/verginita-consacrata-e-celibato-per-il-regno\/#primaryimage","url":"https:\/\/exaudi.org\/wp-content\/uploads\/2025\/09\/cq5dam.thumbnail.cropped.1500.844.jpeg","contentUrl":"https:\/\/exaudi.org\/wp-content\/uploads\/2025\/09\/cq5dam.thumbnail.cropped.1500.844.jpeg","width":1500,"height":844},{"@type":"BreadcrumbList","@id":"https:\/\/exaudi.org\/it\/verginita-consacrata-e-celibato-per-il-regno\/#breadcrumb","itemListElement":[{"@type":"ListItem","position":1,"name":"Portada","item":"https:\/\/exaudi.org\/it\/"},{"@type":"ListItem","position":2,"name":"Verginit\u00e0 consacrata e celibato per il Regno"}]},{"@type":"WebSite","@id":"https:\/\/exaudi.org\/#website","url":"https:\/\/exaudi.org\/","name":"Exaudi","description":"News","potentialAction":[{"@type":"SearchAction","target":{"@type":"EntryPoint","urlTemplate":"https:\/\/exaudi.org\/?s={search_term_string}"},"query-input":{"@type":"PropertyValueSpecification","valueRequired":true,"valueName":"search_term_string"}}],"inLanguage":"it-IT"},{"@type":"Person","@id":"https:\/\/exaudi.org\/#\/schema\/person\/e7ff749045cafab5d7b926bb4edeaa51","name":"Patricia Jim\u00e9nez Ram\u00edrez","image":{"@type":"ImageObject","inLanguage":"it-IT","@id":"https:\/\/secure.gravatar.com\/avatar\/c1f016f3010698237250f552cc424d09fd3f545baa3b0e2f5008eae3181ed438?s=96&d=mm&r=g","url":"https:\/\/secure.gravatar.com\/avatar\/c1f016f3010698237250f552cc424d09fd3f545baa3b0e2f5008eae3181ed438?s=96&d=mm&r=g","contentUrl":"https:\/\/secure.gravatar.com\/avatar\/c1f016f3010698237250f552cc424d09fd3f545baa3b0e2f5008eae3181ed438?s=96&d=mm&r=g","caption":"Patricia Jim\u00e9nez Ram\u00edrez"},"description":"Soy una mujer comprometida con mi familia, con una s\u00f3lida experiencia empresarial y una profunda dedicaci\u00f3n al hogar. Durante a\u00f1os trabaj\u00e9 en diversos entornos empresariales, liderando equipos y gestionando proyectos de impacto. Sin embargo, en los \u00faltimos a\u00f1os he tomado la decisi\u00f3n de centrarme en mi hogar y dedicar m\u00e1s tiempo a mi marido e hijos, quienes son mi mayor prioridad. Mi experiencia en el \u00e1mbito empresarial me ha brindado valiosas habilidades en gesti\u00f3n del tiempo, organizaci\u00f3n, liderazgo y resoluci\u00f3n de problemas, que ahora aplico en mi vida familiar para fomentar un ambiente armonioso y saludable para todos","url":"https:\/\/exaudi.org\/it\/author\/patricia-jimenez-ramirez\/"}]}},"jetpack_featured_media_url":"https:\/\/exaudi.org\/wp-content\/uploads\/2025\/09\/cq5dam.thumbnail.cropped.1500.844.jpeg","jetpack_shortlink":"https:\/\/wp.me\/pgKjF2-yzE","_links":{"self":[{"href":"https:\/\/exaudi.org\/it\/wp-json\/wp\/v2\/posts\/132906","targetHints":{"allow":["GET"]}}],"collection":[{"href":"https:\/\/exaudi.org\/it\/wp-json\/wp\/v2\/posts"}],"about":[{"href":"https:\/\/exaudi.org\/it\/wp-json\/wp\/v2\/types\/post"}],"author":[{"embeddable":true,"href":"https:\/\/exaudi.org\/it\/wp-json\/wp\/v2\/users\/151"}],"replies":[{"embeddable":true,"href":"https:\/\/exaudi.org\/it\/wp-json\/wp\/v2\/comments?post=132906"}],"version-history":[{"count":3,"href":"https:\/\/exaudi.org\/it\/wp-json\/wp\/v2\/posts\/132906\/revisions"}],"predecessor-version":[{"id":132909,"href":"https:\/\/exaudi.org\/it\/wp-json\/wp\/v2\/posts\/132906\/revisions\/132909"}],"wp:featuredmedia":[{"embeddable":true,"href":"https:\/\/exaudi.org\/it\/wp-json\/wp\/v2\/media\/132666"}],"wp:attachment":[{"href":"https:\/\/exaudi.org\/it\/wp-json\/wp\/v2\/media?parent=132906"}],"wp:term":[{"taxonomy":"category","embeddable":true,"href":"https:\/\/exaudi.org\/it\/wp-json\/wp\/v2\/categories?post=132906"},{"taxonomy":"post_tag","embeddable":true,"href":"https:\/\/exaudi.org\/it\/wp-json\/wp\/v2\/tags?post=132906"}],"curies":[{"name":"wp","href":"https:\/\/api.w.org\/{rel}","templated":true}]}}