{"id":13277,"date":"2021-04-25T18:00:15","date_gmt":"2021-04-25T16:00:15","guid":{"rendered":"https:\/\/exaudi.org\/?p=13277"},"modified":"2021-04-25T18:21:25","modified_gmt":"2021-04-25T16:21:25","slug":"migranti-annegati-e-il-momento-della-vergogna","status":"publish","type":"post","link":"https:\/\/exaudi.org\/it\/migranti-annegati-e-il-momento-della-vergogna\/","title":{"rendered":"\u201cMigranti annegati, \u00e8 il momento della vergogna\u201d"},"content":{"rendered":"<p>\u201c\u00c8 il momento della vergogna\u201d. Papa Francesco ha usato parole durissime in occasione del Regina Coeli della quarta domenica di Pasqua, la domenica del Buon Pastore, per condannare l\u2019ennesima tragedia nel Mediterraneo che nei giorni scorsi ha visto 130 migranti annegati. E il Papa ha chiesto di pregare per loro ma anche per quanti \u201cpossono aiutare ma preferiscono guardare da un\u2019altra parte\u201d. Ecco le parole del Papa diffuse dalla Sala Stampa vaticana:<\/p>\n<h4>Il vero Pastore<\/h4>\n<p>Cari fratelli e sorelle, buongiorno! In questa quarta domenica di Pasqua, detta domenica del Buon Pastore, il Vangelo presenta Ges\u00f9 come il vero pastore, che difende, conosce e ama le sue pecore. A Lui, Buon Pastore, si contrappone il \u201cmercenario\u201d, al quale non importano le pecore, perch\u00e9 non sono sue. Fa questo mestiere solo per la paga, e non si preoccupa di difenderle: quando arriva il lupo fugge e le abbandona. Ges\u00f9, invece, pastore vero, ci difende sempre, ci salva in tante situazioni difficili, situazioni pericolose, mediante la luce della sua parola e la forza della sua presenza, che noi sperimentiamo sempre e, se vogliamo ascoltare, tutti i giorni.<\/p>\n<h4>Per Ges\u00f9 non siamo anonimi<\/h4>\n<p>Il secondo aspetto \u00e8 che Ges\u00f9, pastore buono, conosce \u2013 il primo aspetto: difende, il secondo: conosce \u2013 le sue pecore e le pecore conoscono Lui. Come \u00e8 bello e consolante sapere che Ges\u00f9 ci conosce ad uno ad uno, che non siamo degli anonimi per Lui, che il nostro nome gli \u00e8 noto! Per Lui non siamo \u201cmassa\u201d, \u201cmoltitudine\u201d, no. Siamo persone uniche, ciascuno con la propria storia, [e Lui] ci conosce ciascuno con la propria storia, ciascuno con il proprio valore, sia in quanto creatura sia in quanto redento da Cristo. Ognuno di noi pu\u00f2 dire: Ges\u00f9 mi conosce! \u00c8 vero, \u00e8 cos\u00ec: Lui ci conosce come nessun altro. Solo Lui sa che cosa c\u2019\u00e8 nel nostro cuore, le intenzioni, i sentimenti pi\u00f9 nascosti.<\/p>\n<p>Ges\u00f9 conosce i nostri pregi e i nostri difetti, ed \u00e8 sempre pronto a prendersi cura di noi, per sanare le piaghe dei nostri errori con l\u2019abbondanza della sua misericordia. In Lui si realizza pienamente l\u2019immagine del pastore del popolo di Dio, che avevano delineato i profeti: Ges\u00f9 si preoccupa delle sue pecore, le raduna, fascia quella ferita, cura quella malata. Cos\u00ec possiamo leggere nel Libro del profeta Ezechiele.<\/p>\n<h4>Amore universale<\/h4>\n<p>Dunque, Ges\u00f9 Buon Pastore difende, conosce, e soprattutto ama le sue pecore. E per questo d\u00e0 la vita per loro. L\u2019amore per le pecore, cio\u00e8 per ognuno di noi, lo porta a morire sulla croce, perch\u00e9 questa \u00e8 la volont\u00e0 del Padre, che nessuno vada perduto. L\u2019amore di Cristo non \u00e8 selettivo, abbraccia tutti. Ce lo ricorda Lui stesso nel Vangelo di oggi, quando dice: \u00abE ho altre pecore che non provengono da questo recinto: anche quelle devo guidare. Ascolteranno la mia voce e diventeranno un solo gregge, un solo pastore\u00bb.<\/p>\n<p>Queste parole attestano la sua ansia universale: Lui \u00e8 pastore di tutti. Ges\u00f9 vuole che tutti possano ricevere l\u2019amore del Padre e incontrare Dio. E la Chiesa \u00e8 chiamata a portare avanti questa missione di Cristo. Oltre a quanti frequentano le nostre comunit\u00e0, ci sono tante persone, la maggioranza, che lo fanno solo in casi particolari o mai. Ma non per questo non sono figli di Dio: il Padre affida tutti a Ges\u00f9 Buon Pastore, che per tutti ha dato la vita. Fratelli e sorelle, Ges\u00f9 difende, conosce e ama tutti noi. Maria Santissima ci aiuti ad accogliere e seguire noi per primi il Buon Pastore, per cooperare con gioia alla sua missione.<\/p>\n<h4>Dopo il Regina Coeli<\/h4>\n<p>Dopo la recita della preghiera mariana il Papa ha chiesto di pregare per diversi temi, tra cui la tragedia dei migranti annegati. Ecco le sue parole:<\/p>\n<p>Cari fratelli e sorelle! Venerd\u00ec scorso, a Santa Cruz del Quich\u00e9, in Guatemala, sono stati beatificati Jos\u00e9 Mar\u00eda Gran Cirera e nove compagni martiri. Si tratta di tre sacerdoti e sette laici della Congregazione dei Missionari del Sacro Cuore di Ges\u00f9, uccisi tra il 1980 e il 1991, tempo di persecuzione contro la Chiesa Cattolica impegnata nella difesa dei poveri. Animati dalla fede in Cristo, sono stati eroici testimoni di giustizia e di amore. Il loro esempio ci renda pi\u00f9 generosi e coraggiosi nel vivere il Vangelo. E un applauso ai nuovi Beati!<\/p>\n<h4>Pensiero per le vittime dell\u2019eruzione nei Caraibi e dell\u2019incendio a Baghdad<\/h4>\n<p>Esprimo la mia vicinanza alla popolazione delle Isole di Saint Vincent e Grenadine, dove un\u2019eruzione vulcanica sta provocando gravi danni e disagi. Assicuro la mia preghiera e benedico quanti prestano soccorso e assistenza. E sono vicino anche alle vittime dell\u2019incendio di un ospedale per i malati di Covid a Baghdad. Fino a questo momento sono ottantadue morti. Preghiamo per tutti.<\/p>\n<h4>Il dolore per i migranti annegati nel Mediterraneo<\/h4>\n<p>Vi confesso che sono molto addolorato per la tragedia che ancora una volta si \u00e8 consumata nei giorni scorsi nel Mediterraneo. Centotrenta migranti annegati. Sono persone, sono vite umane, che per due giorni interi hanno implorato invano aiuto, un aiuto che non \u00e8 arrivato. Fratelli e sorelle, interroghiamoci tutti su questa ennesima tragedia. \u00c8 il momento della vergogna. Preghiamo per questi fratelli e sorelle, e per tanti che continuano a morire in questi drammatici viaggi. Preghiamo anche per coloro che possono aiutare ma preferiscono guardare da un\u2019altra parte. Preghiamo in silenzio per loro.<\/p>\n<h4>La giornata per le vocazioni<\/h4>\n<p>Si celebra oggi in tutta la Chiesa la Giornata mondiale di preghiera per le vocazioni, che ha come tema \u00abSan Giuseppe: Il sogno della vocazione\u00bb. Ringraziamo il Signore perch\u00e9 continua a suscitare nella Chiesa persone che per amore di Lui si consacrano all\u2019annuncio del Vangelo e al servizio dei fratelli. E oggi, in particolare, ringraziamo per i nuovi sacerdoti che ho ordinato poco fa nella Basilica di San Pietro\u2026 Non so se sono qui\u2026 E chiediamo al Signore che mandi buoni operai a lavorare nel suo campo e moltiplichi le vocazioni alla vita consacrata.<\/p>\n<p>E ora saluto di cuore tutti voi, romani e pellegrini. In particolare, saluto i familiari e gli amici dei novelli sacerdoti; come pure la comunit\u00e0 del Pontificio Collegio Germanico Ungarico, che stamattina ha fatto il tradizionale pellegrinaggio delle Sette Chiese. A tutti auguro una buona domenica. E per favore, non dimenticatevi di pregare per me. Buon pranzo e arrivederci!<\/p>\n","protected":false},"excerpt":{"rendered":"<p>Le durissime parole di Francesco dopo l\u2019ennesima tragedia nel Mediterraneo<\/p>\n","protected":false},"author":17,"featured_media":13253,"comment_status":"closed","ping_status":"closed","sticky":false,"template":"","format":"standard","meta":{"_acf_changed":false,"_crdt_document":"","inline_featured_image":false,"footnotes":""},"categories":[67,1386,297],"tags":[1922,472,251,1923],"class_list":["post-13277","post","type-post","status-publish","format-standard","has-post-thumbnail","hentry","category-leone-xiv","category-regina-coeli-it","category-ultime-notizie","tag-mediterraneo","tag-migranti","tag-papa-francesco","tag-pastore"],"acf":[],"yoast_head":"<!-- This site is optimized with the Yoast SEO plugin v27.5 - https:\/\/yoast.com\/product\/yoast-seo-wordpress\/ -->\n<title>\u201cMigranti annegati, \u00e8 il momento della vergogna\u201d &#8211; Exaudi<\/title>\n<meta name=\"description\" content=\"Papa Francesco al Regina Coeli ha avuto parole durissime per l&#039;ennesima tragedia nel Mediterraneo in cui 130 migranti sono annegati\" \/>\n<meta name=\"robots\" content=\"index, follow, max-snippet:-1, max-image-preview:large, max-video-preview:-1\" \/>\n<link rel=\"canonical\" href=\"https:\/\/exaudi.org\/it\/migranti-annegati-e-il-momento-della-vergogna\/\" \/>\n<meta property=\"og:locale\" content=\"it_IT\" \/>\n<meta property=\"og:type\" content=\"article\" \/>\n<meta property=\"og:title\" content=\"\u201cMigranti annegati, \u00e8 il momento della vergogna\u201d &#8211; Exaudi\" \/>\n<meta property=\"og:description\" content=\"Papa Francesco al Regina Coeli ha avuto parole durissime per l&#039;ennesima tragedia nel Mediterraneo in cui 130 migranti sono annegati\" \/>\n<meta property=\"og:url\" content=\"https:\/\/exaudi.org\/it\/migranti-annegati-e-il-momento-della-vergogna\/\" \/>\n<meta property=\"og:site_name\" content=\"Exaudi\" \/>\n<meta property=\"article:publisher\" content=\"https:\/\/www.facebook.com\/ExaudiNews\" \/>\n<meta property=\"article:author\" content=\"https:\/\/www.facebook.com\/ExaudiNotizie\/\" \/>\n<meta property=\"article:published_time\" content=\"2021-04-25T16:00:15+00:00\" \/>\n<meta property=\"article:modified_time\" content=\"2021-04-25T16:21:25+00:00\" \/>\n<meta property=\"og:image\" content=\"https:\/\/exaudi.org\/wp-content\/uploads\/2021\/04\/prayer.jpeg\" \/>\n\t<meta property=\"og:image:width\" content=\"800\" \/>\n\t<meta property=\"og:image:height\" content=\"533\" \/>\n\t<meta property=\"og:image:type\" content=\"image\/jpeg\" \/>\n<meta name=\"author\" content=\"Exaudi Redazione\" \/>\n<meta name=\"twitter:card\" content=\"summary_large_image\" \/>\n<meta name=\"twitter:creator\" content=\"@Exaudi_Notizie\" \/>\n<meta name=\"twitter:site\" content=\"@Exaudi_News\" \/>\n<meta name=\"twitter:label1\" content=\"Scritto da\" \/>\n\t<meta name=\"twitter:data1\" content=\"Exaudi Redazione\" \/>\n\t<meta name=\"twitter:label2\" content=\"Tempo di lettura stimato\" \/>\n\t<meta name=\"twitter:data2\" content=\"5 minuti\" \/>\n<script type=\"application\/ld+json\" class=\"yoast-schema-graph\">{\"@context\":\"https:\\\/\\\/schema.org\",\"@graph\":[{\"@type\":\"Article\",\"@id\":\"https:\\\/\\\/exaudi.org\\\/it\\\/migranti-annegati-e-il-momento-della-vergogna\\\/#article\",\"isPartOf\":{\"@id\":\"https:\\\/\\\/exaudi.org\\\/it\\\/migranti-annegati-e-il-momento-della-vergogna\\\/\"},\"author\":{\"name\":\"Exaudi Redazione\",\"@id\":\"https:\\\/\\\/exaudi.org\\\/#\\\/schema\\\/person\\\/e1ab6ed07c01774724dd96f925f3a5f0\"},\"headline\":\"\u201cMigranti annegati, \u00e8 il momento della vergogna\u201d\",\"datePublished\":\"2021-04-25T16:00:15+00:00\",\"dateModified\":\"2021-04-25T16:21:25+00:00\",\"mainEntityOfPage\":{\"@id\":\"https:\\\/\\\/exaudi.org\\\/it\\\/migranti-annegati-e-il-momento-della-vergogna\\\/\"},\"wordCount\":1044,\"image\":{\"@id\":\"https:\\\/\\\/exaudi.org\\\/it\\\/migranti-annegati-e-il-momento-della-vergogna\\\/#primaryimage\"},\"thumbnailUrl\":\"https:\\\/\\\/exaudi.org\\\/wp-content\\\/uploads\\\/2021\\\/04\\\/prayer.jpeg\",\"keywords\":[\"Mediterraneo\",\"migranti\",\"Papa Francesco\",\"Pastore\"],\"articleSection\":[\"Leone XIV\",\"Regina Coeli\",\"Ultime Notizie\"],\"inLanguage\":\"it-IT\"},{\"@type\":\"WebPage\",\"@id\":\"https:\\\/\\\/exaudi.org\\\/it\\\/migranti-annegati-e-il-momento-della-vergogna\\\/\",\"url\":\"https:\\\/\\\/exaudi.org\\\/it\\\/migranti-annegati-e-il-momento-della-vergogna\\\/\",\"name\":\"\u201cMigranti annegati, \u00e8 il momento della vergogna\u201d &#8211; Exaudi\",\"isPartOf\":{\"@id\":\"https:\\\/\\\/exaudi.org\\\/#website\"},\"primaryImageOfPage\":{\"@id\":\"https:\\\/\\\/exaudi.org\\\/it\\\/migranti-annegati-e-il-momento-della-vergogna\\\/#primaryimage\"},\"image\":{\"@id\":\"https:\\\/\\\/exaudi.org\\\/it\\\/migranti-annegati-e-il-momento-della-vergogna\\\/#primaryimage\"},\"thumbnailUrl\":\"https:\\\/\\\/exaudi.org\\\/wp-content\\\/uploads\\\/2021\\\/04\\\/prayer.jpeg\",\"datePublished\":\"2021-04-25T16:00:15+00:00\",\"dateModified\":\"2021-04-25T16:21:25+00:00\",\"author\":{\"@id\":\"https:\\\/\\\/exaudi.org\\\/#\\\/schema\\\/person\\\/e1ab6ed07c01774724dd96f925f3a5f0\"},\"description\":\"Papa Francesco al Regina Coeli ha avuto parole durissime per l'ennesima tragedia nel Mediterraneo in cui 130 migranti sono annegati\",\"breadcrumb\":{\"@id\":\"https:\\\/\\\/exaudi.org\\\/it\\\/migranti-annegati-e-il-momento-della-vergogna\\\/#breadcrumb\"},\"inLanguage\":\"it-IT\",\"potentialAction\":[{\"@type\":\"ReadAction\",\"target\":[\"https:\\\/\\\/exaudi.org\\\/it\\\/migranti-annegati-e-il-momento-della-vergogna\\\/\"]}]},{\"@type\":\"ImageObject\",\"inLanguage\":\"it-IT\",\"@id\":\"https:\\\/\\\/exaudi.org\\\/it\\\/migranti-annegati-e-il-momento-della-vergogna\\\/#primaryimage\",\"url\":\"https:\\\/\\\/exaudi.org\\\/wp-content\\\/uploads\\\/2021\\\/04\\\/prayer.jpeg\",\"contentUrl\":\"https:\\\/\\\/exaudi.org\\\/wp-content\\\/uploads\\\/2021\\\/04\\\/prayer.jpeg\",\"width\":800,\"height\":533,\"caption\":\"\u00a9 Vatican Media\"},{\"@type\":\"BreadcrumbList\",\"@id\":\"https:\\\/\\\/exaudi.org\\\/it\\\/migranti-annegati-e-il-momento-della-vergogna\\\/#breadcrumb\",\"itemListElement\":[{\"@type\":\"ListItem\",\"position\":1,\"name\":\"Portada\",\"item\":\"https:\\\/\\\/exaudi.org\\\/it\\\/\"},{\"@type\":\"ListItem\",\"position\":2,\"name\":\"\u201cMigranti annegati, \u00e8 il momento della vergogna\u201d\"}]},{\"@type\":\"WebSite\",\"@id\":\"https:\\\/\\\/exaudi.org\\\/#website\",\"url\":\"https:\\\/\\\/exaudi.org\\\/\",\"name\":\"Exaudi\",\"description\":\"News\",\"potentialAction\":[{\"@type\":\"SearchAction\",\"target\":{\"@type\":\"EntryPoint\",\"urlTemplate\":\"https:\\\/\\\/exaudi.org\\\/?s={search_term_string}\"},\"query-input\":{\"@type\":\"PropertyValueSpecification\",\"valueRequired\":true,\"valueName\":\"search_term_string\"}}],\"inLanguage\":\"it-IT\"},{\"@type\":\"Person\",\"@id\":\"https:\\\/\\\/exaudi.org\\\/#\\\/schema\\\/person\\\/e1ab6ed07c01774724dd96f925f3a5f0\",\"name\":\"Exaudi Redazione\",\"image\":{\"@type\":\"ImageObject\",\"inLanguage\":\"it-IT\",\"@id\":\"https:\\\/\\\/secure.gravatar.com\\\/avatar\\\/ad6774b3ada023bf5b939d64f45c94b3adf91502dd883507d469b4308a943bb3?s=96&d=mm&r=g\",\"url\":\"https:\\\/\\\/secure.gravatar.com\\\/avatar\\\/ad6774b3ada023bf5b939d64f45c94b3adf91502dd883507d469b4308a943bb3?s=96&d=mm&r=g\",\"contentUrl\":\"https:\\\/\\\/secure.gravatar.com\\\/avatar\\\/ad6774b3ada023bf5b939d64f45c94b3adf91502dd883507d469b4308a943bb3?s=96&d=mm&r=g\",\"caption\":\"Exaudi Redazione\"},\"description\":\"Che cosa \u00e8 Exaudi News? Exaudi News \u00e8 un agenzia cattolica internazionale che informa, istruisce e trasforma quotidianamente in spagnolo, inglese e italiano. Attraverso notizie, articoli di analisi e trasmissioni in diretta degli eventi del Papa, Exaudi cerca di rafforzare l'unit\u00e0 dei cristiani e di contribuire all'evangelizzazione del mondo, sempre guidato dalla dottrina sociale della Chiesa. Lavoriamo per portare la verit\u00e0 e i valori cristiani in ogni angolo del pianeta. Aiutaci a trasformare il mondo con Exaudi! Noi di Exaudi crediamo che l'evangelizzazione e l'informazione di qualit\u00e0 possano cambiare la vita. Per continuare la nostra missione ed espandere la nostra portata, abbiamo bisogno del tuo aiuto. Stiamo anche cercando persone motivate che vogliano unirsi al nostro team. Grazie al vostro sostegno raggiungeremo pi\u00f9 persone, diffonderemo il messaggio di Cristo e rafforzeremo l'unit\u00e0 dei cristiani. Vuoi unirti alla nostra missione? Per maggiori informazioni su come contribuire, visita Exaudi.org\\\/it o contattaci direttamente: info@exaudi.org Exaudi: informa, forma e trasforma.\",\"sameAs\":[\"https:\\\/\\\/www.facebook.com\\\/ExaudiNotizie\\\/\",\"https:\\\/\\\/www.instagram.com\\\/Exaudi_notizie\\\/\",\"https:\\\/\\\/x.com\\\/Exaudi_Notizie\",\"https:\\\/\\\/www.youtube.com\\\/@exaudicatholicnews\"],\"url\":\"https:\\\/\\\/exaudi.org\\\/it\\\/author\\\/dlvedi-org\\\/\"}]}<\/script>\n<!-- \/ Yoast SEO plugin. -->","yoast_head_json":{"title":"\u201cMigranti annegati, \u00e8 il momento della vergogna\u201d &#8211; Exaudi","description":"Papa Francesco al Regina Coeli ha avuto parole durissime per l'ennesima tragedia nel Mediterraneo in cui 130 migranti sono annegati","robots":{"index":"index","follow":"follow","max-snippet":"max-snippet:-1","max-image-preview":"max-image-preview:large","max-video-preview":"max-video-preview:-1"},"canonical":"https:\/\/exaudi.org\/it\/migranti-annegati-e-il-momento-della-vergogna\/","og_locale":"it_IT","og_type":"article","og_title":"\u201cMigranti annegati, \u00e8 il momento della vergogna\u201d &#8211; Exaudi","og_description":"Papa Francesco al Regina Coeli ha avuto parole durissime per l'ennesima tragedia nel Mediterraneo in cui 130 migranti sono annegati","og_url":"https:\/\/exaudi.org\/it\/migranti-annegati-e-il-momento-della-vergogna\/","og_site_name":"Exaudi","article_publisher":"https:\/\/www.facebook.com\/ExaudiNews","article_author":"https:\/\/www.facebook.com\/ExaudiNotizie\/","article_published_time":"2021-04-25T16:00:15+00:00","article_modified_time":"2021-04-25T16:21:25+00:00","og_image":[{"width":800,"height":533,"url":"https:\/\/exaudi.org\/wp-content\/uploads\/2021\/04\/prayer.jpeg","type":"image\/jpeg"}],"author":"Exaudi Redazione","twitter_card":"summary_large_image","twitter_creator":"@Exaudi_Notizie","twitter_site":"@Exaudi_News","twitter_misc":{"Scritto da":"Exaudi Redazione","Tempo di lettura stimato":"5 minuti"},"schema":{"@context":"https:\/\/schema.org","@graph":[{"@type":"Article","@id":"https:\/\/exaudi.org\/it\/migranti-annegati-e-il-momento-della-vergogna\/#article","isPartOf":{"@id":"https:\/\/exaudi.org\/it\/migranti-annegati-e-il-momento-della-vergogna\/"},"author":{"name":"Exaudi Redazione","@id":"https:\/\/exaudi.org\/#\/schema\/person\/e1ab6ed07c01774724dd96f925f3a5f0"},"headline":"\u201cMigranti annegati, \u00e8 il momento della vergogna\u201d","datePublished":"2021-04-25T16:00:15+00:00","dateModified":"2021-04-25T16:21:25+00:00","mainEntityOfPage":{"@id":"https:\/\/exaudi.org\/it\/migranti-annegati-e-il-momento-della-vergogna\/"},"wordCount":1044,"image":{"@id":"https:\/\/exaudi.org\/it\/migranti-annegati-e-il-momento-della-vergogna\/#primaryimage"},"thumbnailUrl":"https:\/\/exaudi.org\/wp-content\/uploads\/2021\/04\/prayer.jpeg","keywords":["Mediterraneo","migranti","Papa Francesco","Pastore"],"articleSection":["Leone XIV","Regina Coeli","Ultime Notizie"],"inLanguage":"it-IT"},{"@type":"WebPage","@id":"https:\/\/exaudi.org\/it\/migranti-annegati-e-il-momento-della-vergogna\/","url":"https:\/\/exaudi.org\/it\/migranti-annegati-e-il-momento-della-vergogna\/","name":"\u201cMigranti annegati, \u00e8 il momento della vergogna\u201d &#8211; Exaudi","isPartOf":{"@id":"https:\/\/exaudi.org\/#website"},"primaryImageOfPage":{"@id":"https:\/\/exaudi.org\/it\/migranti-annegati-e-il-momento-della-vergogna\/#primaryimage"},"image":{"@id":"https:\/\/exaudi.org\/it\/migranti-annegati-e-il-momento-della-vergogna\/#primaryimage"},"thumbnailUrl":"https:\/\/exaudi.org\/wp-content\/uploads\/2021\/04\/prayer.jpeg","datePublished":"2021-04-25T16:00:15+00:00","dateModified":"2021-04-25T16:21:25+00:00","author":{"@id":"https:\/\/exaudi.org\/#\/schema\/person\/e1ab6ed07c01774724dd96f925f3a5f0"},"description":"Papa Francesco al Regina Coeli ha avuto parole durissime per l'ennesima tragedia nel Mediterraneo in cui 130 migranti sono annegati","breadcrumb":{"@id":"https:\/\/exaudi.org\/it\/migranti-annegati-e-il-momento-della-vergogna\/#breadcrumb"},"inLanguage":"it-IT","potentialAction":[{"@type":"ReadAction","target":["https:\/\/exaudi.org\/it\/migranti-annegati-e-il-momento-della-vergogna\/"]}]},{"@type":"ImageObject","inLanguage":"it-IT","@id":"https:\/\/exaudi.org\/it\/migranti-annegati-e-il-momento-della-vergogna\/#primaryimage","url":"https:\/\/exaudi.org\/wp-content\/uploads\/2021\/04\/prayer.jpeg","contentUrl":"https:\/\/exaudi.org\/wp-content\/uploads\/2021\/04\/prayer.jpeg","width":800,"height":533,"caption":"\u00a9 Vatican Media"},{"@type":"BreadcrumbList","@id":"https:\/\/exaudi.org\/it\/migranti-annegati-e-il-momento-della-vergogna\/#breadcrumb","itemListElement":[{"@type":"ListItem","position":1,"name":"Portada","item":"https:\/\/exaudi.org\/it\/"},{"@type":"ListItem","position":2,"name":"\u201cMigranti annegati, \u00e8 il momento della vergogna\u201d"}]},{"@type":"WebSite","@id":"https:\/\/exaudi.org\/#website","url":"https:\/\/exaudi.org\/","name":"Exaudi","description":"News","potentialAction":[{"@type":"SearchAction","target":{"@type":"EntryPoint","urlTemplate":"https:\/\/exaudi.org\/?s={search_term_string}"},"query-input":{"@type":"PropertyValueSpecification","valueRequired":true,"valueName":"search_term_string"}}],"inLanguage":"it-IT"},{"@type":"Person","@id":"https:\/\/exaudi.org\/#\/schema\/person\/e1ab6ed07c01774724dd96f925f3a5f0","name":"Exaudi Redazione","image":{"@type":"ImageObject","inLanguage":"it-IT","@id":"https:\/\/secure.gravatar.com\/avatar\/ad6774b3ada023bf5b939d64f45c94b3adf91502dd883507d469b4308a943bb3?s=96&d=mm&r=g","url":"https:\/\/secure.gravatar.com\/avatar\/ad6774b3ada023bf5b939d64f45c94b3adf91502dd883507d469b4308a943bb3?s=96&d=mm&r=g","contentUrl":"https:\/\/secure.gravatar.com\/avatar\/ad6774b3ada023bf5b939d64f45c94b3adf91502dd883507d469b4308a943bb3?s=96&d=mm&r=g","caption":"Exaudi Redazione"},"description":"Che cosa \u00e8 Exaudi News? Exaudi News \u00e8 un agenzia cattolica internazionale che informa, istruisce e trasforma quotidianamente in spagnolo, inglese e italiano. Attraverso notizie, articoli di analisi e trasmissioni in diretta degli eventi del Papa, Exaudi cerca di rafforzare l'unit\u00e0 dei cristiani e di contribuire all'evangelizzazione del mondo, sempre guidato dalla dottrina sociale della Chiesa. Lavoriamo per portare la verit\u00e0 e i valori cristiani in ogni angolo del pianeta. Aiutaci a trasformare il mondo con Exaudi! Noi di Exaudi crediamo che l'evangelizzazione e l'informazione di qualit\u00e0 possano cambiare la vita. Per continuare la nostra missione ed espandere la nostra portata, abbiamo bisogno del tuo aiuto. Stiamo anche cercando persone motivate che vogliano unirsi al nostro team. Grazie al vostro sostegno raggiungeremo pi\u00f9 persone, diffonderemo il messaggio di Cristo e rafforzeremo l'unit\u00e0 dei cristiani. Vuoi unirti alla nostra missione? Per maggiori informazioni su come contribuire, visita Exaudi.org\/it o contattaci direttamente: info@exaudi.org Exaudi: informa, forma e trasforma.","sameAs":["https:\/\/www.facebook.com\/ExaudiNotizie\/","https:\/\/www.instagram.com\/Exaudi_notizie\/","https:\/\/x.com\/Exaudi_Notizie","https:\/\/www.youtube.com\/@exaudicatholicnews"],"url":"https:\/\/exaudi.org\/it\/author\/dlvedi-org\/"}]}},"jetpack_featured_media_url":"https:\/\/exaudi.org\/wp-content\/uploads\/2021\/04\/prayer.jpeg","jetpack_shortlink":"https:\/\/wp.me\/pgKjF2-3s9","_links":{"self":[{"href":"https:\/\/exaudi.org\/it\/wp-json\/wp\/v2\/posts\/13277","targetHints":{"allow":["GET"]}}],"collection":[{"href":"https:\/\/exaudi.org\/it\/wp-json\/wp\/v2\/posts"}],"about":[{"href":"https:\/\/exaudi.org\/it\/wp-json\/wp\/v2\/types\/post"}],"author":[{"embeddable":true,"href":"https:\/\/exaudi.org\/it\/wp-json\/wp\/v2\/users\/17"}],"replies":[{"embeddable":true,"href":"https:\/\/exaudi.org\/it\/wp-json\/wp\/v2\/comments?post=13277"}],"version-history":[{"count":0,"href":"https:\/\/exaudi.org\/it\/wp-json\/wp\/v2\/posts\/13277\/revisions"}],"wp:featuredmedia":[{"embeddable":true,"href":"https:\/\/exaudi.org\/it\/wp-json\/wp\/v2\/media\/13253"}],"wp:attachment":[{"href":"https:\/\/exaudi.org\/it\/wp-json\/wp\/v2\/media?parent=13277"}],"wp:term":[{"taxonomy":"category","embeddable":true,"href":"https:\/\/exaudi.org\/it\/wp-json\/wp\/v2\/categories?post=13277"},{"taxonomy":"post_tag","embeddable":true,"href":"https:\/\/exaudi.org\/it\/wp-json\/wp\/v2\/tags?post=13277"}],"curies":[{"name":"wp","href":"https:\/\/api.w.org\/{rel}","templated":true}]}}