{"id":132565,"date":"2025-08-30T17:48:22","date_gmt":"2025-08-30T15:48:22","guid":{"rendered":"https:\/\/exaudi.org\/?p=132565"},"modified":"2025-08-30T17:48:22","modified_gmt":"2025-08-30T15:48:22","slug":"riflessione-del-vescovo-enrique-diaz-tavola-rotonda-dei-fratelli","status":"publish","type":"post","link":"https:\/\/exaudi.org\/it\/riflessione-del-vescovo-enrique-diaz-tavola-rotonda-dei-fratelli\/","title":{"rendered":"Riflessione del Vescovo Enrique D\u00edaz: Tavola Rotonda dei Fratelli"},"content":{"rendered":"<p><span dir=\"auto\" style=\"vertical-align: inherit\"><span dir=\"auto\" style=\"vertical-align: inherit\">Il vescovo Enrique D\u00edaz D\u00edaz condivide con i lettori di Exaudi la sua riflessione sul\u00a0 <\/span><\/span><a href=\"https:\/\/www.dominicos.org\/predicacion\/homilia\/31-8-2025\/lecturas\/\" target=\"_blank\" rel=\"noopener\"><span dir=\"auto\" style=\"vertical-align: inherit\"><span dir=\"auto\" style=\"vertical-align: inherit\">Vangelo di questa domenica, 31 agosto 2025<\/span><\/span><\/a><span dir=\"auto\" style=\"vertical-align: inherit\"><span dir=\"auto\" style=\"vertical-align: inherit\">, intitolato:\u00a0 <\/span><\/span><em><span dir=\"auto\" style=\"vertical-align: inherit\"><span dir=\"auto\" style=\"vertical-align: inherit\">\u201cTavola dei fratelli\u201d.<\/span><\/span><\/em><\/p>\n<p><span dir=\"auto\" style=\"vertical-align: inherit\"><span dir=\"auto\" style=\"vertical-align: inherit\">***<\/span><\/span><\/p>\n<p><span dir=\"auto\" style=\"vertical-align: inherit\"><span dir=\"auto\" style=\"vertical-align: inherit\">Siracide 3,19-21.30-31:\u00a0 <\/span><\/span><em><span dir=\"auto\" style=\"vertical-align: inherit\"><span dir=\"auto\" style=\"vertical-align: inherit\">\u00abRenditi piccolo e troverai grazia presso Dio\u00bb.<\/span><\/span><\/em><\/p>\n<p><span dir=\"auto\" style=\"vertical-align: inherit\"><span dir=\"auto\" style=\"vertical-align: inherit\">Salmo 67:\u00a0 <\/span><\/span><em><span dir=\"auto\" style=\"vertical-align: inherit\"><span dir=\"auto\" style=\"vertical-align: inherit\">\u201cDio d\u00e0 libert\u00e0 e ricchezza ai prigionieri\u201d<\/span><\/span><\/em><\/p>\n<p><span dir=\"auto\" style=\"vertical-align: inherit\"><span dir=\"auto\" style=\"vertical-align: inherit\">Ebrei 12:18-19, 22-24: <\/span><\/span><em><span dir=\"auto\" style=\"vertical-align: inherit\"><span dir=\"auto\" style=\"vertical-align: inherit\">\u201cVi siete avvicinati a Sion, al monte e alla citt\u00e0 del Dio vivente\u201d.<\/span><\/span><\/em><\/p>\n<p><span dir=\"auto\" style=\"vertical-align: inherit\"><span dir=\"auto\" style=\"vertical-align: inherit\">Luca 14:1, 7-14:\u00a0 <\/span><\/span><em><span dir=\"auto\" style=\"vertical-align: inherit\"><span dir=\"auto\" style=\"vertical-align: inherit\">\u00abChi si esalta sar\u00e0 umiliato e chi si umilia sar\u00e0 esaltato\u00bb.<\/span><\/span><\/em><\/p>\n<p><span dir=\"auto\" style=\"vertical-align: inherit\"><span dir=\"auto\" style=\"vertical-align: inherit\">Gli esseri umani sono come gli alberi: alcuni crescono liberamente e raggiungono altezze elevate, offrendo freschezza, ombra, fiori e persino frutti. Altri hanno bisogno di altre piante per crescere, ma allo stesso tempo si nutrono, le adornano, le proteggono e le rinvigoriscono. D&#8217;altra parte, ci sono piante parassite che, non contente di nutrirsi semplicemente di altri alberi, li soffocano, li strangolano e alla fine li seccano. Proprio come le persone. Amo le piante di caff\u00e8, non solo per i loro frutti squisiti, ma anche per il loro stile di vita. Piccole e semplici, hanno bisogno di alberi pi\u00f9 grandi che forniscano la protezione e il calore necessari, che le nutrano e le proteggano dal vento, dal sole e dai parassiti. Hanno sempre bisogno di un albero vicino, non su cui arrampicarsi, ma per dare vita insieme. Sono bellissime in fiore, il caff\u00e8 \u00e8 delizioso, il loro modo di crescere, di vivere, \u00e8 ammirevole. Anche molte persone sono cos\u00ec.<\/span><\/span><\/p>\n<p><span dir=\"auto\" style=\"vertical-align: inherit\"><span dir=\"auto\" style=\"vertical-align: inherit\">Ges\u00f9 osserva e critica i comportamenti contrari. Forse a noi sembrerebbe la cosa pi\u00f9 ordinaria. Facciamo fatica a cedere, a prestare attenzione agli altri, a trovare un posto per chi \u00e8 nel bisogno. La vita \u00e8 una frenetica competizione per conquistare posizioni, per raggiungere la vetta, non importa quanto dobbiamo schiacciare gli altri. La massima greca: &#8220;pi\u00f9 in alto, pi\u00f9 forte, pi\u00f9 veloce&#8230;&#8221; \u00e8 un motto della nostra esistenza. Ma non nel suo senso pi\u00f9 profondo di vero miglioramento personale, bens\u00ec come espressione di egoismo e ambizione sconfinata. Nulla soddisfa il cuore umano, nulla lo appaga, e la persona diventa un sacco bucato che non si riempie mai e desidera sempre di pi\u00f9, anche ha spese dei suoi fratelli e sorelle. \u00c8 diventato cos\u00ec illuso di avere sempre pi\u00f9 potere che spesso conduce una vita vuota, triste e vuota perch\u00e9 non ha mai abbastanza. Nel loro eccessivo desiderio di pi\u00f9 beni e potere, molti finiscono per condurre un&#8217;esistenza noiosa, immersi nelle loro ambizioni, insoddisfatti di non ottenere nulla, sempre desiderosi di ci\u00f2 che non hanno. E cos\u00ec cercano il primo posto, l&#8217;ostentazione e l&#8217;apparenza.<\/span><\/span><\/p>\n<p><span dir=\"auto\" style=\"vertical-align: inherit\"><span dir=\"auto\" style=\"vertical-align: inherit\">I valori della nostra societ\u00e0 vengono smascherati dai commensali che si contendono i primi posti, in netta opposizione ai valori proposti da Ges\u00f9: un pasto per tutti e un banchetto di fratelli e sorelle. Ges\u00f9 inverte la scala dei valori del nostro mondo e offre una tavola di servizio, di apertura e di attenzione. Insegna che dobbiamo cercare i posti pi\u00f9 bassi, non per sottrarci alle responsabilit\u00e0, ma come partecipazione paritaria. Mentre la societ\u00e0 loda e spadroneggia sui grandi, Ges\u00f9 ci dice il contrario:\u00a0 <\/span><\/span><em><span dir=\"auto\" style=\"vertical-align: inherit\"><span dir=\"auto\" style=\"vertical-align: inherit\">&#8220;Chi si esalta sar\u00e0 umiliato e chi si umilia sar\u00e0 esaltato&#8221;.\u00a0<\/span><\/span><\/em><span dir=\"auto\" style=\"vertical-align: inherit\"><span dir=\"auto\" style=\"vertical-align: inherit\"> Cos\u00ec, il segno del Regno diventa pi\u00f9 evidente: tutti sono fratelli e sorelle, condividono il pasto perch\u00e9 condividono la stessa vita, si avvicinano, cercano di stabilire intimit\u00e0 e partecipazione. Ges\u00f9 non cerca la mediocrit\u00e0 o la timidezza che molti cristiani cercano con falsa umilt\u00e0; al contrario, ci lancia verso ideali inimmaginabili e propone vette inaudite, ma non scalando ha spese degli altri, non strappando loro ci\u00f2 che appartiene, non disprezzando i nostri fratelli e sorelle. Il segno del banchetto \u00e8 il segno pi\u00f9 vicino al Regno dei Cieli, ma non possiamo pervertirlo con privilegi, accaparramento, individualismo e discriminazione.<\/span><\/span><\/p>\n<p><span dir=\"auto\" style=\"vertical-align: inherit\"><span dir=\"auto\" style=\"vertical-align: inherit\">Ges\u00f9 chiarisce ulteriormente i suoi insegnamenti: non dovremmo usare cibo e inviti per manipolare benefici. Ges\u00f9 non critica l&#8217;amicizia, i rapporti familiari o l&#8217;amore gioiosamente ricambiato, ma ci invita a riflettere sulla verit\u00e0 ultima che motiva le nostre azioni. Ges\u00f9 propone relazioni umane basate sulla somiglianza con Dio nostro Padre, gratuite, nella libert\u00e0 e nell&#8217;amore. Le relazioni e l&#8217;amicizia dovrebbero sempre aiutarci a crescere; non dovremmo mai manipolare le persone. &#8220;Che bene posso ottenere da questa persona?&#8221;. Questo \u00e8 il modo di pensare del mondo, e molto spesso le relazioni che stabiliamo hanno fini utilitaristici, rendendo difficile vivere altruisticamente. Molti si chiedono quanto hanno ricevuto e da chi si aspettano il riconoscimento. Al contrario, Ges\u00f9 insegna che l&#8217;importante non \u00e8 ricevere, ma dare: dare con gioia, dare prontamente, dare gratuitamente.<\/span><\/span><\/p>\n<p><span dir=\"auto\" style=\"vertical-align: inherit\"><span dir=\"auto\" style=\"vertical-align: inherit\">Il desiderio di ricevere, di apparire, di acquisire notoriet\u00e0, si annida nel cuore dell&#8217;uomo. Insieme agli idoli del denaro e del potere, l&#8217;uomo si rende schiavo del desiderio di onori e della ricerca del prestigio. Per questo lotta e si sforza. Teme una vita inosservata e finisce per annegare in una vita povera, meschina, senza senso, piena di egoismo e di egocentrismo. Dimentica che il vero valore di una persona \u00e8 dare pi\u00f9 che ricevere, cos\u00ec come la luce o il calore hanno bisogno di essere consumati. Se, d&#8217;altra parte, si cerca di accumulare e nascondere, trattenendo egoisticamente tutto, si corre il rischio di accumulare cose, prestigio e denaro, ma si finisce per essere una pietra fredda, una candela bella ma spenta, un seme sterile. La legge evangelica del perdere per trovare, del dare per essere felici, del morire per vivere, \u00e8 difficile da seguire, ma \u00e8 l&#8217;unica che ci permette di avere una vita piena e felice. S\u00ec, l&#8217;uomo \u00e8 come una pianta. Alcuni donano vita, freschezza e felicit\u00e0, altri, nella loro brama di crescere, soffocano l&#8217;albero da cui hanno tratto la vita. Ci sono uomini la cui generosit\u00e0 ispira gli altri a crescere, e altri che, nella loro lotta per emergere, finiscono soli e abbandonati.<\/span><\/span><\/p>\n<p><span dir=\"auto\" style=\"vertical-align: inherit\"><span dir=\"auto\" style=\"vertical-align: inherit\">L&#8217;immagine di una mensa condivisa, dove tutto \u00e8 offerto gratuitamente, dove possiamo partecipare con gioia, dove siamo tutti fratelli e sorelle, richiede generosit\u00e0, piccolezza e servizio che possono essere vissuti solo nell&#8217;amore nello stile di Ges\u00f9. Come viviamo le nostre relazioni con gli altri? Come condividiamo il poco o il molto che abbiamo? Chi invitiamo alla mensa della vita e chi abbiamo rifiutato? Cosa ci dice Ges\u00f9?<\/span><\/span><\/p>\n<p><em><span dir=\"auto\" style=\"vertical-align: inherit\"><span dir=\"auto\" style=\"vertical-align: inherit\">Dio, Padre buono, che ci hai creati gratuitamente per amore, donaci cuori abbastanza grandi per amare, abbastanza forti per lottare e abbastanza generosi per donarci alla tua famiglia umana, come ha fatto tuo figlio Ges\u00f9. Amen.<\/span><\/span><\/em><\/p>\n","protected":false},"excerpt":{"rendered":"<p>22\u00aa Domenica del Tempo Ordinario<\/p>\n","protected":false},"author":25,"featured_media":132532,"comment_status":"closed","ping_status":"closed","sticky":false,"template":"","format":"standard","meta":{"_acf_changed":false,"_crdt_document":"","inline_featured_image":false,"footnotes":""},"categories":[73,95],"tags":[10963,10964,64787,706],"class_list":["post-132565","post","type-post","status-publish","format-standard","has-post-thumbnail","hentry","category-chiesa-e-mondo","category-spiritualita","tag-enrique-diaz-2","tag-riflessione","tag-trending-it-236","tag-vangelo"],"acf":[],"yoast_head":"<!-- This site is optimized with the Yoast SEO plugin v27.5 - https:\/\/yoast.com\/product\/yoast-seo-wordpress\/ -->\n<title>Riflessione del Vescovo Enrique D\u00edaz: Tavola Rotonda dei Fratelli &#8211; Exaudi<\/title>\n<meta name=\"robots\" content=\"index, follow, max-snippet:-1, max-image-preview:large, max-video-preview:-1\" \/>\n<link rel=\"canonical\" href=\"https:\/\/exaudi.org\/it\/riflessione-del-vescovo-enrique-diaz-tavola-rotonda-dei-fratelli\/\" \/>\n<meta property=\"og:locale\" content=\"it_IT\" \/>\n<meta property=\"og:type\" content=\"article\" \/>\n<meta property=\"og:title\" content=\"Riflessione del Vescovo Enrique D\u00edaz: Tavola Rotonda dei Fratelli &#8211; Exaudi\" \/>\n<meta property=\"og:description\" content=\"22\u00aa Domenica del Tempo Ordinario\" \/>\n<meta property=\"og:url\" content=\"https:\/\/exaudi.org\/it\/riflessione-del-vescovo-enrique-diaz-tavola-rotonda-dei-fratelli\/\" \/>\n<meta property=\"og:site_name\" content=\"Exaudi\" \/>\n<meta property=\"article:publisher\" content=\"https:\/\/www.facebook.com\/ExaudiNews\" \/>\n<meta property=\"article:published_time\" content=\"2025-08-30T15:48:22+00:00\" \/>\n<meta property=\"og:image\" content=\"https:\/\/exaudi.org\/wp-content\/uploads\/2025\/08\/people-2602736_1280.jpg\" \/>\n\t<meta property=\"og:image:width\" content=\"1280\" \/>\n\t<meta property=\"og:image:height\" content=\"960\" \/>\n\t<meta property=\"og:image:type\" content=\"image\/jpeg\" \/>\n<meta name=\"author\" content=\"Enrique D\u00edaz\" \/>\n<meta name=\"twitter:card\" content=\"summary_large_image\" \/>\n<meta name=\"twitter:creator\" content=\"@Exaudi_News\" \/>\n<meta name=\"twitter:site\" content=\"@Exaudi_News\" \/>\n<meta name=\"twitter:label1\" content=\"Scritto da\" \/>\n\t<meta name=\"twitter:data1\" content=\"Enrique D\u00edaz\" \/>\n\t<meta name=\"twitter:label2\" content=\"Tempo di lettura stimato\" \/>\n\t<meta name=\"twitter:data2\" content=\"5 minuti\" \/>\n<script type=\"application\/ld+json\" class=\"yoast-schema-graph\">{\"@context\":\"https:\\\/\\\/schema.org\",\"@graph\":[{\"@type\":\"Article\",\"@id\":\"https:\\\/\\\/exaudi.org\\\/it\\\/riflessione-del-vescovo-enrique-diaz-tavola-rotonda-dei-fratelli\\\/#article\",\"isPartOf\":{\"@id\":\"https:\\\/\\\/exaudi.org\\\/it\\\/riflessione-del-vescovo-enrique-diaz-tavola-rotonda-dei-fratelli\\\/\"},\"author\":{\"name\":\"Enrique D\u00edaz\",\"@id\":\"https:\\\/\\\/exaudi.org\\\/#\\\/schema\\\/person\\\/c02ffbd10830fa375f6882f7dcf1844d\"},\"headline\":\"Riflessione del Vescovo Enrique D\u00edaz: Tavola Rotonda dei Fratelli\",\"datePublished\":\"2025-08-30T15:48:22+00:00\",\"mainEntityOfPage\":{\"@id\":\"https:\\\/\\\/exaudi.org\\\/it\\\/riflessione-del-vescovo-enrique-diaz-tavola-rotonda-dei-fratelli\\\/\"},\"wordCount\":1061,\"image\":{\"@id\":\"https:\\\/\\\/exaudi.org\\\/it\\\/riflessione-del-vescovo-enrique-diaz-tavola-rotonda-dei-fratelli\\\/#primaryimage\"},\"thumbnailUrl\":\"https:\\\/\\\/exaudi.org\\\/wp-content\\\/uploads\\\/2025\\\/08\\\/people-2602736_1280.jpg\",\"keywords\":[\"ENRIQUE D\u00cdAZ\",\"RIFLESSIONE\",\"Trending\",\"Vangelo\"],\"articleSection\":[\"Chiesa e Mondo\",\"Spiritualit\u00e0\"],\"inLanguage\":\"it-IT\"},{\"@type\":\"WebPage\",\"@id\":\"https:\\\/\\\/exaudi.org\\\/it\\\/riflessione-del-vescovo-enrique-diaz-tavola-rotonda-dei-fratelli\\\/\",\"url\":\"https:\\\/\\\/exaudi.org\\\/it\\\/riflessione-del-vescovo-enrique-diaz-tavola-rotonda-dei-fratelli\\\/\",\"name\":\"Riflessione del Vescovo Enrique D\u00edaz: Tavola Rotonda dei Fratelli &#8211; Exaudi\",\"isPartOf\":{\"@id\":\"https:\\\/\\\/exaudi.org\\\/#website\"},\"primaryImageOfPage\":{\"@id\":\"https:\\\/\\\/exaudi.org\\\/it\\\/riflessione-del-vescovo-enrique-diaz-tavola-rotonda-dei-fratelli\\\/#primaryimage\"},\"image\":{\"@id\":\"https:\\\/\\\/exaudi.org\\\/it\\\/riflessione-del-vescovo-enrique-diaz-tavola-rotonda-dei-fratelli\\\/#primaryimage\"},\"thumbnailUrl\":\"https:\\\/\\\/exaudi.org\\\/wp-content\\\/uploads\\\/2025\\\/08\\\/people-2602736_1280.jpg\",\"datePublished\":\"2025-08-30T15:48:22+00:00\",\"author\":{\"@id\":\"https:\\\/\\\/exaudi.org\\\/#\\\/schema\\\/person\\\/c02ffbd10830fa375f6882f7dcf1844d\"},\"breadcrumb\":{\"@id\":\"https:\\\/\\\/exaudi.org\\\/it\\\/riflessione-del-vescovo-enrique-diaz-tavola-rotonda-dei-fratelli\\\/#breadcrumb\"},\"inLanguage\":\"it-IT\",\"potentialAction\":[{\"@type\":\"ReadAction\",\"target\":[\"https:\\\/\\\/exaudi.org\\\/it\\\/riflessione-del-vescovo-enrique-diaz-tavola-rotonda-dei-fratelli\\\/\"]}]},{\"@type\":\"ImageObject\",\"inLanguage\":\"it-IT\",\"@id\":\"https:\\\/\\\/exaudi.org\\\/it\\\/riflessione-del-vescovo-enrique-diaz-tavola-rotonda-dei-fratelli\\\/#primaryimage\",\"url\":\"https:\\\/\\\/exaudi.org\\\/wp-content\\\/uploads\\\/2025\\\/08\\\/people-2602736_1280.jpg\",\"contentUrl\":\"https:\\\/\\\/exaudi.org\\\/wp-content\\\/uploads\\\/2025\\\/08\\\/people-2602736_1280.jpg\",\"width\":1280,\"height\":960},{\"@type\":\"BreadcrumbList\",\"@id\":\"https:\\\/\\\/exaudi.org\\\/it\\\/riflessione-del-vescovo-enrique-diaz-tavola-rotonda-dei-fratelli\\\/#breadcrumb\",\"itemListElement\":[{\"@type\":\"ListItem\",\"position\":1,\"name\":\"Portada\",\"item\":\"https:\\\/\\\/exaudi.org\\\/it\\\/\"},{\"@type\":\"ListItem\",\"position\":2,\"name\":\"Riflessione del Vescovo Enrique D\u00edaz: Tavola Rotonda dei Fratelli\"}]},{\"@type\":\"WebSite\",\"@id\":\"https:\\\/\\\/exaudi.org\\\/#website\",\"url\":\"https:\\\/\\\/exaudi.org\\\/\",\"name\":\"Exaudi\",\"description\":\"News\",\"potentialAction\":[{\"@type\":\"SearchAction\",\"target\":{\"@type\":\"EntryPoint\",\"urlTemplate\":\"https:\\\/\\\/exaudi.org\\\/?s={search_term_string}\"},\"query-input\":{\"@type\":\"PropertyValueSpecification\",\"valueRequired\":true,\"valueName\":\"search_term_string\"}}],\"inLanguage\":\"it-IT\"},{\"@type\":\"Person\",\"@id\":\"https:\\\/\\\/exaudi.org\\\/#\\\/schema\\\/person\\\/c02ffbd10830fa375f6882f7dcf1844d\",\"name\":\"Enrique D\u00edaz\",\"image\":{\"@type\":\"ImageObject\",\"inLanguage\":\"it-IT\",\"@id\":\"https:\\\/\\\/secure.gravatar.com\\\/avatar\\\/7ca10be5325a95d04b74082d68ba605aa69611eb0f68f47096cb1bc349873284?s=96&d=mm&r=g\",\"url\":\"https:\\\/\\\/secure.gravatar.com\\\/avatar\\\/7ca10be5325a95d04b74082d68ba605aa69611eb0f68f47096cb1bc349873284?s=96&d=mm&r=g\",\"contentUrl\":\"https:\\\/\\\/secure.gravatar.com\\\/avatar\\\/7ca10be5325a95d04b74082d68ba605aa69611eb0f68f47096cb1bc349873284?s=96&d=mm&r=g\",\"caption\":\"Enrique D\u00edaz\"},\"description\":\"Naci\u00f3 en Huandacareo, Michoac\u00e1n, M\u00e9xico, en 1952. Realiz\u00f3 sus estudios de Filosof\u00eda y Teolog\u00eda en el Seminario de Morelia. Ordenado di\u00e1cono el 22 de mayo de 1977, y presb\u00edtero el 23 de octubre del mismo a\u00f1o. Obtuvo la Licenciatura en Sagrada Escritura en el Pontificio Instituto B\u00edblico en Roma. Ha desarrollado m\u00faltiples encargos pastorales como el de capell\u00e1n de la rector\u00eda de las Tres Aves Mar\u00edas; responsable de la Pastoral B\u00edblica Diocesana y director de la Escuela B\u00edblica en Morelia; maestro de Biblia en el Seminario Conciliar de Morelia, p\u00e1rroco de la Parroquia de Nuestra Se\u00f1ora de Guadalupe, Col. Guadalupe, Morelia; o vicario episcopal para la Zona de Nuestra Se\u00f1ora de la Luz, P\u00e1tzcuaro. Ordenado obispo auxiliar de san Crist\u00f3bal de las Casas en 2003. En la Conferencia Episcopal form\u00f3 parte de las Comisiones de Biblia, Diaconado y Ministerios Laicales. Fue responsable de las Dimensiones de Ministerios Laicales, de Educaci\u00f3n y Cultura. Ha participado en encuentros latinoamericanos y mundiales sobre el Diaconado Permanente. Actualmente es el responsable de la Dimensi\u00f3n de Pastoral de la Cultura. Particip\u00f3 como Miembro del S\u00ednodo de Obispos sobre la Palabra de Dios en la Vida y Misi\u00f3n de la Iglesia en Roma, en 2008. Recibi\u00f3 el nombramiento de obispo coadjutor de San Crist\u00f3bal de las Casas en 2014. Nombrado II obispo de Irapuato el d\u00eda 11 de marzo, tom\u00f3 posesi\u00f3n el 19 de Mayo. Colabora en varias revistas y publicaciones sobre todo con la reflexi\u00f3n diaria y dominical tanto en audio como escrita.\",\"url\":\"https:\\\/\\\/exaudi.org\\\/it\\\/author\\\/enriquediaz\\\/\"}]}<\/script>\n<!-- \/ Yoast SEO plugin. -->","yoast_head_json":{"title":"Riflessione del Vescovo Enrique D\u00edaz: Tavola Rotonda dei Fratelli &#8211; Exaudi","robots":{"index":"index","follow":"follow","max-snippet":"max-snippet:-1","max-image-preview":"max-image-preview:large","max-video-preview":"max-video-preview:-1"},"canonical":"https:\/\/exaudi.org\/it\/riflessione-del-vescovo-enrique-diaz-tavola-rotonda-dei-fratelli\/","og_locale":"it_IT","og_type":"article","og_title":"Riflessione del Vescovo Enrique D\u00edaz: Tavola Rotonda dei Fratelli &#8211; Exaudi","og_description":"22\u00aa Domenica del Tempo Ordinario","og_url":"https:\/\/exaudi.org\/it\/riflessione-del-vescovo-enrique-diaz-tavola-rotonda-dei-fratelli\/","og_site_name":"Exaudi","article_publisher":"https:\/\/www.facebook.com\/ExaudiNews","article_published_time":"2025-08-30T15:48:22+00:00","og_image":[{"width":1280,"height":960,"url":"https:\/\/exaudi.org\/wp-content\/uploads\/2025\/08\/people-2602736_1280.jpg","type":"image\/jpeg"}],"author":"Enrique D\u00edaz","twitter_card":"summary_large_image","twitter_creator":"@Exaudi_News","twitter_site":"@Exaudi_News","twitter_misc":{"Scritto da":"Enrique D\u00edaz","Tempo di lettura stimato":"5 minuti"},"schema":{"@context":"https:\/\/schema.org","@graph":[{"@type":"Article","@id":"https:\/\/exaudi.org\/it\/riflessione-del-vescovo-enrique-diaz-tavola-rotonda-dei-fratelli\/#article","isPartOf":{"@id":"https:\/\/exaudi.org\/it\/riflessione-del-vescovo-enrique-diaz-tavola-rotonda-dei-fratelli\/"},"author":{"name":"Enrique D\u00edaz","@id":"https:\/\/exaudi.org\/#\/schema\/person\/c02ffbd10830fa375f6882f7dcf1844d"},"headline":"Riflessione del Vescovo Enrique D\u00edaz: Tavola Rotonda dei Fratelli","datePublished":"2025-08-30T15:48:22+00:00","mainEntityOfPage":{"@id":"https:\/\/exaudi.org\/it\/riflessione-del-vescovo-enrique-diaz-tavola-rotonda-dei-fratelli\/"},"wordCount":1061,"image":{"@id":"https:\/\/exaudi.org\/it\/riflessione-del-vescovo-enrique-diaz-tavola-rotonda-dei-fratelli\/#primaryimage"},"thumbnailUrl":"https:\/\/exaudi.org\/wp-content\/uploads\/2025\/08\/people-2602736_1280.jpg","keywords":["ENRIQUE D\u00cdAZ","RIFLESSIONE","Trending","Vangelo"],"articleSection":["Chiesa e Mondo","Spiritualit\u00e0"],"inLanguage":"it-IT"},{"@type":"WebPage","@id":"https:\/\/exaudi.org\/it\/riflessione-del-vescovo-enrique-diaz-tavola-rotonda-dei-fratelli\/","url":"https:\/\/exaudi.org\/it\/riflessione-del-vescovo-enrique-diaz-tavola-rotonda-dei-fratelli\/","name":"Riflessione del Vescovo Enrique D\u00edaz: Tavola Rotonda dei Fratelli &#8211; Exaudi","isPartOf":{"@id":"https:\/\/exaudi.org\/#website"},"primaryImageOfPage":{"@id":"https:\/\/exaudi.org\/it\/riflessione-del-vescovo-enrique-diaz-tavola-rotonda-dei-fratelli\/#primaryimage"},"image":{"@id":"https:\/\/exaudi.org\/it\/riflessione-del-vescovo-enrique-diaz-tavola-rotonda-dei-fratelli\/#primaryimage"},"thumbnailUrl":"https:\/\/exaudi.org\/wp-content\/uploads\/2025\/08\/people-2602736_1280.jpg","datePublished":"2025-08-30T15:48:22+00:00","author":{"@id":"https:\/\/exaudi.org\/#\/schema\/person\/c02ffbd10830fa375f6882f7dcf1844d"},"breadcrumb":{"@id":"https:\/\/exaudi.org\/it\/riflessione-del-vescovo-enrique-diaz-tavola-rotonda-dei-fratelli\/#breadcrumb"},"inLanguage":"it-IT","potentialAction":[{"@type":"ReadAction","target":["https:\/\/exaudi.org\/it\/riflessione-del-vescovo-enrique-diaz-tavola-rotonda-dei-fratelli\/"]}]},{"@type":"ImageObject","inLanguage":"it-IT","@id":"https:\/\/exaudi.org\/it\/riflessione-del-vescovo-enrique-diaz-tavola-rotonda-dei-fratelli\/#primaryimage","url":"https:\/\/exaudi.org\/wp-content\/uploads\/2025\/08\/people-2602736_1280.jpg","contentUrl":"https:\/\/exaudi.org\/wp-content\/uploads\/2025\/08\/people-2602736_1280.jpg","width":1280,"height":960},{"@type":"BreadcrumbList","@id":"https:\/\/exaudi.org\/it\/riflessione-del-vescovo-enrique-diaz-tavola-rotonda-dei-fratelli\/#breadcrumb","itemListElement":[{"@type":"ListItem","position":1,"name":"Portada","item":"https:\/\/exaudi.org\/it\/"},{"@type":"ListItem","position":2,"name":"Riflessione del Vescovo Enrique D\u00edaz: Tavola Rotonda dei Fratelli"}]},{"@type":"WebSite","@id":"https:\/\/exaudi.org\/#website","url":"https:\/\/exaudi.org\/","name":"Exaudi","description":"News","potentialAction":[{"@type":"SearchAction","target":{"@type":"EntryPoint","urlTemplate":"https:\/\/exaudi.org\/?s={search_term_string}"},"query-input":{"@type":"PropertyValueSpecification","valueRequired":true,"valueName":"search_term_string"}}],"inLanguage":"it-IT"},{"@type":"Person","@id":"https:\/\/exaudi.org\/#\/schema\/person\/c02ffbd10830fa375f6882f7dcf1844d","name":"Enrique D\u00edaz","image":{"@type":"ImageObject","inLanguage":"it-IT","@id":"https:\/\/secure.gravatar.com\/avatar\/7ca10be5325a95d04b74082d68ba605aa69611eb0f68f47096cb1bc349873284?s=96&d=mm&r=g","url":"https:\/\/secure.gravatar.com\/avatar\/7ca10be5325a95d04b74082d68ba605aa69611eb0f68f47096cb1bc349873284?s=96&d=mm&r=g","contentUrl":"https:\/\/secure.gravatar.com\/avatar\/7ca10be5325a95d04b74082d68ba605aa69611eb0f68f47096cb1bc349873284?s=96&d=mm&r=g","caption":"Enrique D\u00edaz"},"description":"Naci\u00f3 en Huandacareo, Michoac\u00e1n, M\u00e9xico, en 1952. Realiz\u00f3 sus estudios de Filosof\u00eda y Teolog\u00eda en el Seminario de Morelia. Ordenado di\u00e1cono el 22 de mayo de 1977, y presb\u00edtero el 23 de octubre del mismo a\u00f1o. Obtuvo la Licenciatura en Sagrada Escritura en el Pontificio Instituto B\u00edblico en Roma. Ha desarrollado m\u00faltiples encargos pastorales como el de capell\u00e1n de la rector\u00eda de las Tres Aves Mar\u00edas; responsable de la Pastoral B\u00edblica Diocesana y director de la Escuela B\u00edblica en Morelia; maestro de Biblia en el Seminario Conciliar de Morelia, p\u00e1rroco de la Parroquia de Nuestra Se\u00f1ora de Guadalupe, Col. Guadalupe, Morelia; o vicario episcopal para la Zona de Nuestra Se\u00f1ora de la Luz, P\u00e1tzcuaro. Ordenado obispo auxiliar de san Crist\u00f3bal de las Casas en 2003. En la Conferencia Episcopal form\u00f3 parte de las Comisiones de Biblia, Diaconado y Ministerios Laicales. Fue responsable de las Dimensiones de Ministerios Laicales, de Educaci\u00f3n y Cultura. Ha participado en encuentros latinoamericanos y mundiales sobre el Diaconado Permanente. Actualmente es el responsable de la Dimensi\u00f3n de Pastoral de la Cultura. Particip\u00f3 como Miembro del S\u00ednodo de Obispos sobre la Palabra de Dios en la Vida y Misi\u00f3n de la Iglesia en Roma, en 2008. Recibi\u00f3 el nombramiento de obispo coadjutor de San Crist\u00f3bal de las Casas en 2014. Nombrado II obispo de Irapuato el d\u00eda 11 de marzo, tom\u00f3 posesi\u00f3n el 19 de Mayo. Colabora en varias revistas y publicaciones sobre todo con la reflexi\u00f3n diaria y dominical tanto en audio como escrita.","url":"https:\/\/exaudi.org\/it\/author\/enriquediaz\/"}]}},"jetpack_featured_media_url":"https:\/\/exaudi.org\/wp-content\/uploads\/2025\/08\/people-2602736_1280.jpg","jetpack_shortlink":"https:\/\/wp.me\/pgKjF2-yu9","_links":{"self":[{"href":"https:\/\/exaudi.org\/it\/wp-json\/wp\/v2\/posts\/132565","targetHints":{"allow":["GET"]}}],"collection":[{"href":"https:\/\/exaudi.org\/it\/wp-json\/wp\/v2\/posts"}],"about":[{"href":"https:\/\/exaudi.org\/it\/wp-json\/wp\/v2\/types\/post"}],"author":[{"embeddable":true,"href":"https:\/\/exaudi.org\/it\/wp-json\/wp\/v2\/users\/25"}],"replies":[{"embeddable":true,"href":"https:\/\/exaudi.org\/it\/wp-json\/wp\/v2\/comments?post=132565"}],"version-history":[{"count":4,"href":"https:\/\/exaudi.org\/it\/wp-json\/wp\/v2\/posts\/132565\/revisions"}],"predecessor-version":[{"id":132569,"href":"https:\/\/exaudi.org\/it\/wp-json\/wp\/v2\/posts\/132565\/revisions\/132569"}],"wp:featuredmedia":[{"embeddable":true,"href":"https:\/\/exaudi.org\/it\/wp-json\/wp\/v2\/media\/132532"}],"wp:attachment":[{"href":"https:\/\/exaudi.org\/it\/wp-json\/wp\/v2\/media?parent=132565"}],"wp:term":[{"taxonomy":"category","embeddable":true,"href":"https:\/\/exaudi.org\/it\/wp-json\/wp\/v2\/categories?post=132565"},{"taxonomy":"post_tag","embeddable":true,"href":"https:\/\/exaudi.org\/it\/wp-json\/wp\/v2\/tags?post=132565"}],"curies":[{"name":"wp","href":"https:\/\/api.w.org\/{rel}","templated":true}]}}