{"id":132557,"date":"2025-08-30T17:34:54","date_gmt":"2025-08-30T15:34:54","guid":{"rendered":"https:\/\/exaudi.org\/?p=132557"},"modified":"2025-08-30T17:34:54","modified_gmt":"2025-08-30T15:34:54","slug":"il-papa-la-missione-della-chiesa-e-testimoniare-lincontro-con-il-dio-della-vita","status":"publish","type":"post","link":"https:\/\/exaudi.org\/it\/il-papa-la-missione-della-chiesa-e-testimoniare-lincontro-con-il-dio-della-vita\/","title":{"rendered":"Il Papa: La missione della Chiesa \u00e8 testimoniare l&#8217;incontro con il Dio della vita"},"content":{"rendered":"<p>Venerd\u00ec 29 agosto 2025, il Santo Padre Leone XIV ha ricevuto in udienza i membri delle &#8220;Scuole di Evangelizzazione Sant&#8217;Andrea&#8221; e ha ricordato che la missione della Chiesa e di ogni battezzato \u00e8 testimoniare l&#8217;incontro con il Dio della vita.<\/p>\n<p>Si \u00e8 rivolto loro con il saluto che pubblichiamo di seguito:<\/p>\n<p>***<\/p>\n<div class=\"testo\">\n<div class=\"abstract text parbase vaticanrichtext\">\n<p><i><b><span class=\"title-1-color\">DISCORSO DEL SANTO PADRE LEONE XIV<br \/>\nAI MEMBRI DELLE SCUOLE DI EVANGELIZZAZIONE &#8220;SANT&#8217;ANDREA&#8221;<br \/>\n(ESCUELAS DE EVANGELIZACI\u00d3N \u201cSAN ANDR\u00c9S\u201d)<\/span><\/b><\/i><\/p>\n<p><i><span class=\"color-text\">Sala Clementina<br \/>\nVenerd\u00ec, 29 agosto 2025<\/span><\/i><\/p>\n<p>____________________________________<\/p>\n<div class=\"clearfix\"><i>Nel nome del Padre, del Figlio e dello Spirito Santo.<\/i><\/div>\n<\/div>\n<div class=\"text parbase vaticanrichtext\">\n<p><i>La pace sia con voi.<br \/>\nCari fratelli e sorelle,<br \/>\nbuongiorno e benvenuti!<\/i><\/p>\n<p>Siete venuti a Roma in questo anno giubilare da diversi Paesi, come pellegrini di speranza. Vi do il benvenuto. Saluto Sua Eminenza, il cardinale G\u00e9rald Cyprien Lacroix, arcivescovo di Qu\u00e9bec, il signor Jos\u00e9 Prado Flores, e anche la sua famiglia, e tutti voi membri delle Scuole di Evangelizzazione \u201cSant\u2019Andrea\u201d che siete qui presenti.<\/p>\n<p>Come sapete, oggi nella Chiesa universale si celebra la memoria liturgica del martirio di san Giovanni Battista. La sua figura pu\u00f2 aiutarci molto a riflettere sulla missione degli evangelizzatori oggi nella Chiesa e nel mondo attuali. Nel prologo del Vangelo di san Giovanni si afferma che \u00abE il Verbo si fece carne e venne ad abitare in mezzo a noi\u00bb (<i>Gv<\/i>\u00a01, 14), e poi si indica che Giovanni, il Battista, gli rende testimonianza (cfr. 1, 15). Se rileggiamo con attenzioni i primi capitoli del quarto Vangelo possiamo scoprire qual \u00e8 la chiave di ogni scuola di evangelizzazione: rendere testimonianza di ci\u00f2 che si \u00e8 contemplato, dell\u2019incontro che si \u00e8 avuto con il Dio della vita. Cos\u00ec l\u2019evangelista ce lo dice anche nella sua prima lettera: \u00abQuello che abbiamo veduto e udito, noi lo annunziamo anche a voi, perch\u00e9 anche voi siate in comunione con noi. La nostra comunione \u00e8 col Padre e col Figlio suo Ges\u00f9 Cristo\u00bb (1\u00a0<i>Gv<\/i>\u00a01, 3). Questa \u00e8 la missione della Chiesa, questa \u00e8 la missione di ogni cristiano.<\/p>\n<p>Cari fratelli e sorelle, questa \u00e8 la nostra vocazione come battezzati, pertanto dobbiamo trasmettere ci\u00f2 che a nostra volta abbiamo ricevuto, affinch\u00e9 tutti diveniamo uno in Cristo. In questi giorni di pellegrinaggio, vi invito in modo particolare a contemplare le vite dei santi che, come san Giovanni Battista, sono stati fedeli seguaci di Ges\u00f9 Cristo, manifestandolo in parole e in opere di bene.<\/p>\n<p>Vi ringrazio per il fecondo lavoro che portate avanti a favore dell\u2019evangelizzazione, attraverso diversi mezzi, e vi incoraggio a continuare a camminare con rinnovata speranza. Che Dio vi benedica e Nostra Signora di Guadalupe vi protegga sempre nella vostra missione. Buon cammino!<\/p>\n<p>______________________________________________________<\/p>\n<p><i><a href=\"https:\/\/www.osservatoreromano.va\/it\/news\/2025-08\/quo-198\/testimonianza-dell-incontro-con-dio.html\">L&#8217;Osservatore Romano<\/a><\/i>, Edizione Quotidiana, Anno CLXV n. 198, venerd\u00ec 29 agosto 2025, p. 2.<\/p>\n<\/div>\n<\/div>\n","protected":false},"excerpt":{"rendered":"<p>Udienza ai membri delle &#8220;Scuole di Evangelizzazione Sant&#8217;Andrea&#8221;<\/p>\n","protected":false},"author":17,"featured_media":132538,"comment_status":"closed","ping_status":"closed","sticky":false,"template":"","format":"standard","meta":{"_acf_changed":false,"_crdt_document":"","inline_featured_image":false,"footnotes":""},"categories":[115,67],"tags":[58164,70769,70768,64787,1843],"class_list":["post-132557","post","type-post","status-publish","format-standard","has-post-thumbnail","hentry","category-incontri","category-leone-xiv","tag-papa-leone-xiv","tag-santandrea","tag-scuole-di-evangelizzazione","tag-trending-it-236","tag-udienza"],"acf":[],"yoast_head":"<!-- This site is optimized with the Yoast SEO plugin v27.4 - https:\/\/yoast.com\/product\/yoast-seo-wordpress\/ -->\n<title>Il Papa: La missione della Chiesa \u00e8 testimoniare l&#039;incontro con il Dio della vita &#8211; Exaudi<\/title>\n<meta name=\"robots\" content=\"index, follow, max-snippet:-1, max-image-preview:large, max-video-preview:-1\" \/>\n<link rel=\"canonical\" href=\"https:\/\/exaudi.org\/it\/il-papa-la-missione-della-chiesa-e-testimoniare-lincontro-con-il-dio-della-vita\/\" \/>\n<meta property=\"og:locale\" content=\"it_IT\" \/>\n<meta property=\"og:type\" content=\"article\" \/>\n<meta property=\"og:title\" content=\"Il Papa: La missione della Chiesa \u00e8 testimoniare l&#039;incontro con il Dio della vita &#8211; Exaudi\" \/>\n<meta property=\"og:description\" content=\"Udienza ai membri delle &quot;Scuole di Evangelizzazione Sant&#039;Andrea&quot;\" \/>\n<meta property=\"og:url\" content=\"https:\/\/exaudi.org\/it\/il-papa-la-missione-della-chiesa-e-testimoniare-lincontro-con-il-dio-della-vita\/\" \/>\n<meta property=\"og:site_name\" content=\"Exaudi\" \/>\n<meta property=\"article:publisher\" content=\"https:\/\/www.facebook.com\/ExaudiNews\" \/>\n<meta property=\"article:author\" content=\"https:\/\/www.facebook.com\/ExaudiNotizie\/\" \/>\n<meta property=\"article:published_time\" content=\"2025-08-30T15:34:54+00:00\" \/>\n<meta property=\"og:image\" content=\"https:\/\/exaudi.org\/wp-content\/uploads\/2025\/08\/cq5dam.web_.800.800-2025-08-30T095838.417.jpeg\" \/>\n\t<meta property=\"og:image:width\" content=\"800\" \/>\n\t<meta property=\"og:image:height\" content=\"533\" \/>\n\t<meta property=\"og:image:type\" content=\"image\/jpeg\" \/>\n<meta name=\"author\" content=\"Exaudi Redazione\" \/>\n<meta name=\"twitter:card\" content=\"summary_large_image\" \/>\n<meta name=\"twitter:creator\" content=\"@Exaudi_Notizie\" \/>\n<meta name=\"twitter:site\" content=\"@Exaudi_News\" \/>\n<meta name=\"twitter:label1\" content=\"Scritto da\" \/>\n\t<meta name=\"twitter:data1\" content=\"Exaudi Redazione\" \/>\n\t<meta name=\"twitter:label2\" content=\"Tempo di lettura stimato\" \/>\n\t<meta name=\"twitter:data2\" content=\"2 minuti\" \/>\n<script type=\"application\/ld+json\" class=\"yoast-schema-graph\">{\"@context\":\"https:\\\/\\\/schema.org\",\"@graph\":[{\"@type\":\"Article\",\"@id\":\"https:\\\/\\\/exaudi.org\\\/it\\\/il-papa-la-missione-della-chiesa-e-testimoniare-lincontro-con-il-dio-della-vita\\\/#article\",\"isPartOf\":{\"@id\":\"https:\\\/\\\/exaudi.org\\\/it\\\/il-papa-la-missione-della-chiesa-e-testimoniare-lincontro-con-il-dio-della-vita\\\/\"},\"author\":{\"name\":\"Exaudi Redazione\",\"@id\":\"https:\\\/\\\/exaudi.org\\\/#\\\/schema\\\/person\\\/e1ab6ed07c01774724dd96f925f3a5f0\"},\"headline\":\"Il Papa: La missione della Chiesa \u00e8 testimoniare l&#8217;incontro con il Dio della vita\",\"datePublished\":\"2025-08-30T15:34:54+00:00\",\"mainEntityOfPage\":{\"@id\":\"https:\\\/\\\/exaudi.org\\\/it\\\/il-papa-la-missione-della-chiesa-e-testimoniare-lincontro-con-il-dio-della-vita\\\/\"},\"wordCount\":446,\"image\":{\"@id\":\"https:\\\/\\\/exaudi.org\\\/it\\\/il-papa-la-missione-della-chiesa-e-testimoniare-lincontro-con-il-dio-della-vita\\\/#primaryimage\"},\"thumbnailUrl\":\"https:\\\/\\\/exaudi.org\\\/wp-content\\\/uploads\\\/2025\\\/08\\\/cq5dam.web_.800.800-2025-08-30T095838.417.jpeg\",\"keywords\":[\"Papa Leone XIV\",\"Sant'Andrea\",\"Scuole di Evangelizzazione\",\"Trending\",\"udienza\"],\"articleSection\":[\"Incontri\",\"Leone XIV\"],\"inLanguage\":\"it-IT\"},{\"@type\":\"WebPage\",\"@id\":\"https:\\\/\\\/exaudi.org\\\/it\\\/il-papa-la-missione-della-chiesa-e-testimoniare-lincontro-con-il-dio-della-vita\\\/\",\"url\":\"https:\\\/\\\/exaudi.org\\\/it\\\/il-papa-la-missione-della-chiesa-e-testimoniare-lincontro-con-il-dio-della-vita\\\/\",\"name\":\"Il Papa: La missione della Chiesa \u00e8 testimoniare l'incontro con il Dio della vita &#8211; Exaudi\",\"isPartOf\":{\"@id\":\"https:\\\/\\\/exaudi.org\\\/#website\"},\"primaryImageOfPage\":{\"@id\":\"https:\\\/\\\/exaudi.org\\\/it\\\/il-papa-la-missione-della-chiesa-e-testimoniare-lincontro-con-il-dio-della-vita\\\/#primaryimage\"},\"image\":{\"@id\":\"https:\\\/\\\/exaudi.org\\\/it\\\/il-papa-la-missione-della-chiesa-e-testimoniare-lincontro-con-il-dio-della-vita\\\/#primaryimage\"},\"thumbnailUrl\":\"https:\\\/\\\/exaudi.org\\\/wp-content\\\/uploads\\\/2025\\\/08\\\/cq5dam.web_.800.800-2025-08-30T095838.417.jpeg\",\"datePublished\":\"2025-08-30T15:34:54+00:00\",\"author\":{\"@id\":\"https:\\\/\\\/exaudi.org\\\/#\\\/schema\\\/person\\\/e1ab6ed07c01774724dd96f925f3a5f0\"},\"breadcrumb\":{\"@id\":\"https:\\\/\\\/exaudi.org\\\/it\\\/il-papa-la-missione-della-chiesa-e-testimoniare-lincontro-con-il-dio-della-vita\\\/#breadcrumb\"},\"inLanguage\":\"it-IT\",\"potentialAction\":[{\"@type\":\"ReadAction\",\"target\":[\"https:\\\/\\\/exaudi.org\\\/it\\\/il-papa-la-missione-della-chiesa-e-testimoniare-lincontro-con-il-dio-della-vita\\\/\"]}]},{\"@type\":\"ImageObject\",\"inLanguage\":\"it-IT\",\"@id\":\"https:\\\/\\\/exaudi.org\\\/it\\\/il-papa-la-missione-della-chiesa-e-testimoniare-lincontro-con-il-dio-della-vita\\\/#primaryimage\",\"url\":\"https:\\\/\\\/exaudi.org\\\/wp-content\\\/uploads\\\/2025\\\/08\\\/cq5dam.web_.800.800-2025-08-30T095838.417.jpeg\",\"contentUrl\":\"https:\\\/\\\/exaudi.org\\\/wp-content\\\/uploads\\\/2025\\\/08\\\/cq5dam.web_.800.800-2025-08-30T095838.417.jpeg\",\"width\":800,\"height\":533},{\"@type\":\"BreadcrumbList\",\"@id\":\"https:\\\/\\\/exaudi.org\\\/it\\\/il-papa-la-missione-della-chiesa-e-testimoniare-lincontro-con-il-dio-della-vita\\\/#breadcrumb\",\"itemListElement\":[{\"@type\":\"ListItem\",\"position\":1,\"name\":\"Portada\",\"item\":\"https:\\\/\\\/exaudi.org\\\/it\\\/\"},{\"@type\":\"ListItem\",\"position\":2,\"name\":\"Il Papa: La missione della Chiesa \u00e8 testimoniare l&#8217;incontro con il Dio della vita\"}]},{\"@type\":\"WebSite\",\"@id\":\"https:\\\/\\\/exaudi.org\\\/#website\",\"url\":\"https:\\\/\\\/exaudi.org\\\/\",\"name\":\"Exaudi\",\"description\":\"News\",\"potentialAction\":[{\"@type\":\"SearchAction\",\"target\":{\"@type\":\"EntryPoint\",\"urlTemplate\":\"https:\\\/\\\/exaudi.org\\\/?s={search_term_string}\"},\"query-input\":{\"@type\":\"PropertyValueSpecification\",\"valueRequired\":true,\"valueName\":\"search_term_string\"}}],\"inLanguage\":\"it-IT\"},{\"@type\":\"Person\",\"@id\":\"https:\\\/\\\/exaudi.org\\\/#\\\/schema\\\/person\\\/e1ab6ed07c01774724dd96f925f3a5f0\",\"name\":\"Exaudi Redazione\",\"image\":{\"@type\":\"ImageObject\",\"inLanguage\":\"it-IT\",\"@id\":\"https:\\\/\\\/secure.gravatar.com\\\/avatar\\\/ad6774b3ada023bf5b939d64f45c94b3adf91502dd883507d469b4308a943bb3?s=96&d=mm&r=g\",\"url\":\"https:\\\/\\\/secure.gravatar.com\\\/avatar\\\/ad6774b3ada023bf5b939d64f45c94b3adf91502dd883507d469b4308a943bb3?s=96&d=mm&r=g\",\"contentUrl\":\"https:\\\/\\\/secure.gravatar.com\\\/avatar\\\/ad6774b3ada023bf5b939d64f45c94b3adf91502dd883507d469b4308a943bb3?s=96&d=mm&r=g\",\"caption\":\"Exaudi Redazione\"},\"description\":\"Che cosa \u00e8 Exaudi News? Exaudi News \u00e8 un agenzia cattolica internazionale che informa, istruisce e trasforma quotidianamente in spagnolo, inglese e italiano. Attraverso notizie, articoli di analisi e trasmissioni in diretta degli eventi del Papa, Exaudi cerca di rafforzare l'unit\u00e0 dei cristiani e di contribuire all'evangelizzazione del mondo, sempre guidato dalla dottrina sociale della Chiesa. Lavoriamo per portare la verit\u00e0 e i valori cristiani in ogni angolo del pianeta. Aiutaci a trasformare il mondo con Exaudi! Noi di Exaudi crediamo che l'evangelizzazione e l'informazione di qualit\u00e0 possano cambiare la vita. Per continuare la nostra missione ed espandere la nostra portata, abbiamo bisogno del tuo aiuto. Stiamo anche cercando persone motivate che vogliano unirsi al nostro team. Grazie al vostro sostegno raggiungeremo pi\u00f9 persone, diffonderemo il messaggio di Cristo e rafforzeremo l'unit\u00e0 dei cristiani. Vuoi unirti alla nostra missione? Per maggiori informazioni su come contribuire, visita Exaudi.org\\\/it o contattaci direttamente: info@exaudi.org Exaudi: informa, forma e trasforma.\",\"sameAs\":[\"https:\\\/\\\/www.facebook.com\\\/ExaudiNotizie\\\/\",\"https:\\\/\\\/www.instagram.com\\\/Exaudi_notizie\\\/\",\"https:\\\/\\\/x.com\\\/Exaudi_Notizie\",\"https:\\\/\\\/www.youtube.com\\\/@exaudicatholicnews\"],\"url\":\"https:\\\/\\\/exaudi.org\\\/it\\\/author\\\/dlvedi-org\\\/\"}]}<\/script>\n<!-- \/ Yoast SEO plugin. -->","yoast_head_json":{"title":"Il Papa: La missione della Chiesa \u00e8 testimoniare l'incontro con il Dio della vita &#8211; Exaudi","robots":{"index":"index","follow":"follow","max-snippet":"max-snippet:-1","max-image-preview":"max-image-preview:large","max-video-preview":"max-video-preview:-1"},"canonical":"https:\/\/exaudi.org\/it\/il-papa-la-missione-della-chiesa-e-testimoniare-lincontro-con-il-dio-della-vita\/","og_locale":"it_IT","og_type":"article","og_title":"Il Papa: La missione della Chiesa \u00e8 testimoniare l'incontro con il Dio della vita &#8211; Exaudi","og_description":"Udienza ai membri delle \"Scuole di Evangelizzazione Sant'Andrea\"","og_url":"https:\/\/exaudi.org\/it\/il-papa-la-missione-della-chiesa-e-testimoniare-lincontro-con-il-dio-della-vita\/","og_site_name":"Exaudi","article_publisher":"https:\/\/www.facebook.com\/ExaudiNews","article_author":"https:\/\/www.facebook.com\/ExaudiNotizie\/","article_published_time":"2025-08-30T15:34:54+00:00","og_image":[{"width":800,"height":533,"url":"https:\/\/exaudi.org\/wp-content\/uploads\/2025\/08\/cq5dam.web_.800.800-2025-08-30T095838.417.jpeg","type":"image\/jpeg"}],"author":"Exaudi Redazione","twitter_card":"summary_large_image","twitter_creator":"@Exaudi_Notizie","twitter_site":"@Exaudi_News","twitter_misc":{"Scritto da":"Exaudi Redazione","Tempo di lettura stimato":"2 minuti"},"schema":{"@context":"https:\/\/schema.org","@graph":[{"@type":"Article","@id":"https:\/\/exaudi.org\/it\/il-papa-la-missione-della-chiesa-e-testimoniare-lincontro-con-il-dio-della-vita\/#article","isPartOf":{"@id":"https:\/\/exaudi.org\/it\/il-papa-la-missione-della-chiesa-e-testimoniare-lincontro-con-il-dio-della-vita\/"},"author":{"name":"Exaudi Redazione","@id":"https:\/\/exaudi.org\/#\/schema\/person\/e1ab6ed07c01774724dd96f925f3a5f0"},"headline":"Il Papa: La missione della Chiesa \u00e8 testimoniare l&#8217;incontro con il Dio della vita","datePublished":"2025-08-30T15:34:54+00:00","mainEntityOfPage":{"@id":"https:\/\/exaudi.org\/it\/il-papa-la-missione-della-chiesa-e-testimoniare-lincontro-con-il-dio-della-vita\/"},"wordCount":446,"image":{"@id":"https:\/\/exaudi.org\/it\/il-papa-la-missione-della-chiesa-e-testimoniare-lincontro-con-il-dio-della-vita\/#primaryimage"},"thumbnailUrl":"https:\/\/exaudi.org\/wp-content\/uploads\/2025\/08\/cq5dam.web_.800.800-2025-08-30T095838.417.jpeg","keywords":["Papa Leone XIV","Sant'Andrea","Scuole di Evangelizzazione","Trending","udienza"],"articleSection":["Incontri","Leone XIV"],"inLanguage":"it-IT"},{"@type":"WebPage","@id":"https:\/\/exaudi.org\/it\/il-papa-la-missione-della-chiesa-e-testimoniare-lincontro-con-il-dio-della-vita\/","url":"https:\/\/exaudi.org\/it\/il-papa-la-missione-della-chiesa-e-testimoniare-lincontro-con-il-dio-della-vita\/","name":"Il Papa: La missione della Chiesa \u00e8 testimoniare l'incontro con il Dio della vita &#8211; Exaudi","isPartOf":{"@id":"https:\/\/exaudi.org\/#website"},"primaryImageOfPage":{"@id":"https:\/\/exaudi.org\/it\/il-papa-la-missione-della-chiesa-e-testimoniare-lincontro-con-il-dio-della-vita\/#primaryimage"},"image":{"@id":"https:\/\/exaudi.org\/it\/il-papa-la-missione-della-chiesa-e-testimoniare-lincontro-con-il-dio-della-vita\/#primaryimage"},"thumbnailUrl":"https:\/\/exaudi.org\/wp-content\/uploads\/2025\/08\/cq5dam.web_.800.800-2025-08-30T095838.417.jpeg","datePublished":"2025-08-30T15:34:54+00:00","author":{"@id":"https:\/\/exaudi.org\/#\/schema\/person\/e1ab6ed07c01774724dd96f925f3a5f0"},"breadcrumb":{"@id":"https:\/\/exaudi.org\/it\/il-papa-la-missione-della-chiesa-e-testimoniare-lincontro-con-il-dio-della-vita\/#breadcrumb"},"inLanguage":"it-IT","potentialAction":[{"@type":"ReadAction","target":["https:\/\/exaudi.org\/it\/il-papa-la-missione-della-chiesa-e-testimoniare-lincontro-con-il-dio-della-vita\/"]}]},{"@type":"ImageObject","inLanguage":"it-IT","@id":"https:\/\/exaudi.org\/it\/il-papa-la-missione-della-chiesa-e-testimoniare-lincontro-con-il-dio-della-vita\/#primaryimage","url":"https:\/\/exaudi.org\/wp-content\/uploads\/2025\/08\/cq5dam.web_.800.800-2025-08-30T095838.417.jpeg","contentUrl":"https:\/\/exaudi.org\/wp-content\/uploads\/2025\/08\/cq5dam.web_.800.800-2025-08-30T095838.417.jpeg","width":800,"height":533},{"@type":"BreadcrumbList","@id":"https:\/\/exaudi.org\/it\/il-papa-la-missione-della-chiesa-e-testimoniare-lincontro-con-il-dio-della-vita\/#breadcrumb","itemListElement":[{"@type":"ListItem","position":1,"name":"Portada","item":"https:\/\/exaudi.org\/it\/"},{"@type":"ListItem","position":2,"name":"Il Papa: La missione della Chiesa \u00e8 testimoniare l&#8217;incontro con il Dio della vita"}]},{"@type":"WebSite","@id":"https:\/\/exaudi.org\/#website","url":"https:\/\/exaudi.org\/","name":"Exaudi","description":"News","potentialAction":[{"@type":"SearchAction","target":{"@type":"EntryPoint","urlTemplate":"https:\/\/exaudi.org\/?s={search_term_string}"},"query-input":{"@type":"PropertyValueSpecification","valueRequired":true,"valueName":"search_term_string"}}],"inLanguage":"it-IT"},{"@type":"Person","@id":"https:\/\/exaudi.org\/#\/schema\/person\/e1ab6ed07c01774724dd96f925f3a5f0","name":"Exaudi Redazione","image":{"@type":"ImageObject","inLanguage":"it-IT","@id":"https:\/\/secure.gravatar.com\/avatar\/ad6774b3ada023bf5b939d64f45c94b3adf91502dd883507d469b4308a943bb3?s=96&d=mm&r=g","url":"https:\/\/secure.gravatar.com\/avatar\/ad6774b3ada023bf5b939d64f45c94b3adf91502dd883507d469b4308a943bb3?s=96&d=mm&r=g","contentUrl":"https:\/\/secure.gravatar.com\/avatar\/ad6774b3ada023bf5b939d64f45c94b3adf91502dd883507d469b4308a943bb3?s=96&d=mm&r=g","caption":"Exaudi Redazione"},"description":"Che cosa \u00e8 Exaudi News? Exaudi News \u00e8 un agenzia cattolica internazionale che informa, istruisce e trasforma quotidianamente in spagnolo, inglese e italiano. Attraverso notizie, articoli di analisi e trasmissioni in diretta degli eventi del Papa, Exaudi cerca di rafforzare l'unit\u00e0 dei cristiani e di contribuire all'evangelizzazione del mondo, sempre guidato dalla dottrina sociale della Chiesa. Lavoriamo per portare la verit\u00e0 e i valori cristiani in ogni angolo del pianeta. Aiutaci a trasformare il mondo con Exaudi! Noi di Exaudi crediamo che l'evangelizzazione e l'informazione di qualit\u00e0 possano cambiare la vita. Per continuare la nostra missione ed espandere la nostra portata, abbiamo bisogno del tuo aiuto. Stiamo anche cercando persone motivate che vogliano unirsi al nostro team. Grazie al vostro sostegno raggiungeremo pi\u00f9 persone, diffonderemo il messaggio di Cristo e rafforzeremo l'unit\u00e0 dei cristiani. Vuoi unirti alla nostra missione? Per maggiori informazioni su come contribuire, visita Exaudi.org\/it o contattaci direttamente: info@exaudi.org Exaudi: informa, forma e trasforma.","sameAs":["https:\/\/www.facebook.com\/ExaudiNotizie\/","https:\/\/www.instagram.com\/Exaudi_notizie\/","https:\/\/x.com\/Exaudi_Notizie","https:\/\/www.youtube.com\/@exaudicatholicnews"],"url":"https:\/\/exaudi.org\/it\/author\/dlvedi-org\/"}]}},"jetpack_featured_media_url":"https:\/\/exaudi.org\/wp-content\/uploads\/2025\/08\/cq5dam.web_.800.800-2025-08-30T095838.417.jpeg","jetpack_shortlink":"https:\/\/wp.me\/pgKjF2-yu1","_links":{"self":[{"href":"https:\/\/exaudi.org\/it\/wp-json\/wp\/v2\/posts\/132557","targetHints":{"allow":["GET"]}}],"collection":[{"href":"https:\/\/exaudi.org\/it\/wp-json\/wp\/v2\/posts"}],"about":[{"href":"https:\/\/exaudi.org\/it\/wp-json\/wp\/v2\/types\/post"}],"author":[{"embeddable":true,"href":"https:\/\/exaudi.org\/it\/wp-json\/wp\/v2\/users\/17"}],"replies":[{"embeddable":true,"href":"https:\/\/exaudi.org\/it\/wp-json\/wp\/v2\/comments?post=132557"}],"version-history":[{"count":3,"href":"https:\/\/exaudi.org\/it\/wp-json\/wp\/v2\/posts\/132557\/revisions"}],"predecessor-version":[{"id":132560,"href":"https:\/\/exaudi.org\/it\/wp-json\/wp\/v2\/posts\/132557\/revisions\/132560"}],"wp:featuredmedia":[{"embeddable":true,"href":"https:\/\/exaudi.org\/it\/wp-json\/wp\/v2\/media\/132538"}],"wp:attachment":[{"href":"https:\/\/exaudi.org\/it\/wp-json\/wp\/v2\/media?parent=132557"}],"wp:term":[{"taxonomy":"category","embeddable":true,"href":"https:\/\/exaudi.org\/it\/wp-json\/wp\/v2\/categories?post=132557"},{"taxonomy":"post_tag","embeddable":true,"href":"https:\/\/exaudi.org\/it\/wp-json\/wp\/v2\/tags?post=132557"}],"curies":[{"name":"wp","href":"https:\/\/api.w.org\/{rel}","templated":true}]}}