{"id":132037,"date":"2025-08-25T19:14:00","date_gmt":"2025-08-25T17:14:00","guid":{"rendered":"https:\/\/exaudi.org\/?p=132037"},"modified":"2025-08-25T19:15:53","modified_gmt":"2025-08-25T17:15:53","slug":"la-dott-ssa-emilce-cuda-segretaria-della-pontificia-commissione-per-lamerica-latina-del-vaticano-ricevera-il-premio-william-h-sadlier-2025-per-il-ministero-ispanico-latino","status":"publish","type":"post","link":"https:\/\/exaudi.org\/it\/la-dott-ssa-emilce-cuda-segretaria-della-pontificia-commissione-per-lamerica-latina-del-vaticano-ricevera-il-premio-william-h-sadlier-2025-per-il-ministero-ispanico-latino\/","title":{"rendered":"La Dott.ssa Emilce Cuda, Segretaria della Pontificia Commissione per l&#8217;America Latina del Vaticano, ricever\u00e0 il Premio William H. Sadlier 2025 per il Ministero Ispanico\/Latino"},"content":{"rendered":"<p><span dir=\"auto\" style=\"vertical-align: inherit\"><span dir=\"auto\" style=\"vertical-align: inherit\">Il Consiglio Nazionale Cattolico per il Ministero Ispanico (NCCHM) \u00e8 onorato di annunciare che il Dott. Emilce Cuda, Segretario della Pontificia Commissione per l&#8217;America Latina, \u00e8 stato selezionato per ricevere il Riconoscimento William H. Sadlier per l&#8217;Eccellenza nella Catechesi e nel Servizio nel Ministero Ispanico. Il premio sar\u00e0 consegnato domenica 5 ottobre 2025, durante l&#8217;Incontro Annuale del NCCHM e il Giubileo dei Migranti presso la Casa Generalizia dei Fratelli Lasalliani a Roma.<\/span><\/span><\/p>\n<p><span dir=\"auto\" style=\"vertical-align: inherit\"><span dir=\"auto\" style=\"vertical-align: inherit\">Il Premio Sadlier, istituito nel 2007 in collaborazione con William H. Sadlier, Inc., viene assegnato ogni anno a leader visionari la cui testimonianza profetica ha rafforzato l&#8217;impegno della Chiesa nel ministero e nella catechesi ispanici\/latini negli Stati Uniti. La Dott.ssa Emilce Cuda \u00e8 una teologa, professoressa e alto funzionario vaticano, il cui accompagnamento dei leader cattolici ispanici negli Stati Uniti ha trasformato vite e ministeri. Dal suo storico discorso a Capitol Hill durante Ra\u00edces y Alas 2022 \u2013 inviato da Papa Francesco per sostenere gli immigrati \u2013 alla sua costante e appassionata difesa dei migranti e dei lavoratori considerati scartati, la Dott.ssa Cuda \u00e8 diventata una voce potente a favore della comunione ecclesiale, della giustizia e dell&#8217;inclusione. Ha avuto un ruolo determinante nell&#8217;approfondire la collaborazione tra la Chiesa negli Stati Uniti e il CELAM (Consiglio Episcopale Latinoamericano), offrendo quadri teologici e pastorali che rinnovano l&#8217;impegno della Chiesa verso le periferie.<\/span><\/span><\/p>\n<p><span dir=\"auto\" style=\"vertical-align: inherit\"><span dir=\"auto\" style=\"vertical-align: inherit\">In un incontro chiave del 2022 in Vaticano con i vertici dell&#8217;NCCHM, la Dott.ssa Cuda ha condiviso l&#8217;appello di Papa Francesco alla Chiesa negli Stati Uniti a porre i migranti al centro della sua missione pastorale. Il suo consiglio \u00e8 diventato un momento decisivo nel discernimento dell&#8217;NCCHM, portando a una rinnovata attenzione alla migrazione come espressione centrale del Pilastro d&#8217;azione per la giustizia sociale &#8220;Roots and Wings&#8221;. In risposta, l&#8217;NCCHM ha lanciato una campagna di formazione nazionale, ospitando seminari virtuali con leader pastorali degli Stati Uniti e dell&#8217;America Latina, in collaborazione con CELAM e CEBITEPAL, per esplorare le dimensioni spirituali, sociali e politiche dell&#8217;esperienza migratoria. Questo percorso di riflessione e azione culmina nel Giubileo dei Migranti, uno storico pellegrinaggio a Roma guidato dallo Spirito Santo, dove la Dott.ssa Cuda sar\u00e0 ora onorata per la sua leadership visionaria.<\/span><\/span><\/p>\n<p><img loading=\"lazy\" decoding=\"async\" class=\"size-full wp-image-131977 alignnone\" src=\"https:\/\/exaudi.org\/wp-content\/uploads\/2025\/08\/IMG_9597_Original-scaled.jpg\" alt=\"\" width=\"2560\" height=\"1706\" srcset=\"https:\/\/exaudi.org\/wp-content\/uploads\/2025\/08\/IMG_9597_Original-scaled.jpg 2560w, https:\/\/exaudi.org\/wp-content\/uploads\/2025\/08\/IMG_9597_Original-300x200.jpg 300w, https:\/\/exaudi.org\/wp-content\/uploads\/2025\/08\/IMG_9597_Original-1024x683.jpg 1024w, https:\/\/exaudi.org\/wp-content\/uploads\/2025\/08\/IMG_9597_Original-770x513.jpg 770w, https:\/\/exaudi.org\/wp-content\/uploads\/2025\/08\/IMG_9597_Original-1536x1024.jpg 1536w, https:\/\/exaudi.org\/wp-content\/uploads\/2025\/08\/IMG_9597_Original-2048x1365.jpg 2048w, https:\/\/exaudi.org\/wp-content\/uploads\/2025\/08\/IMG_9597_Original-360x240.jpg?crop=1 360w, https:\/\/exaudi.org\/wp-content\/uploads\/2025\/08\/IMG_9597_Original-500x333.jpg 500w\" sizes=\"auto, (max-width: 2560px) 100vw, 2560px\" \/><\/p>\n<p><span dir=\"auto\" style=\"vertical-align: inherit\"><span dir=\"auto\" style=\"vertical-align: inherit\">In risposta all&#8217;annuncio, il Dott. Cuda ha condiviso la seguente riflessione: &#8220;Nutro un profondo affetto per i cattolici degli Stati Uniti, specialmente per coloro che, mossi dalla virt\u00f9 della speranza, attraversano deserti di sofferenza, aggressione e desolazione per avere la vita e averla in abbondanza: la stessa ragione per cui nostro Signore Ges\u00f9 Cristo ci dice di essere venuto tra noi. Siamo tutti migranti su questa terra, che \u00e8 stata creata per tutti, tutti, tutti, e nessuno dovrebbe essere lasciato indietro. So quanto vi impegnate per accogliere, integrare e accompagnare tutti coloro che arrivano sulle sue coste. Sapere che tra cos\u00ec tante brave persone, avete pensato a me&#8230; \u00e8 inimmaginabile. Questo mi d\u00e0 la forza di continuare&#8221;.<\/span><\/span><\/p>\n<p><span dir=\"auto\" style=\"vertical-align: inherit\"><span dir=\"auto\" style=\"vertical-align: inherit\">La presidente del NCCHM, Elisabeth Rom\u00e1n, ha aggiunto: &#8220;La leadership della Dott.ssa Cuda \u00e8 allo stesso tempo pastorale e profetica. Non si \u00e8 limitata a camminare con le nostre comunit\u00e0; crede in noi. Questo riconoscimento \u00e8 una profonda espressione di gratitudine da parte di un popolo che lei aiuta a vivere con saggezza, coraggio e amore&#8221;.<\/span><\/span><\/p>\n<p><span dir=\"auto\" style=\"vertical-align: inherit\"><span dir=\"auto\" style=\"vertical-align: inherit\">Dal 2007, il Premio William H. Sadlier per l&#8217;Eccellenza nella Catechesi e nel Servizio nel Ministero Ispanico viene conferito a persone la cui visione pastorale, saggezza culturale e servizio costante hanno plasmato e rafforzato il ministero ispanico negli Stati Uniti. Il NCCHM esprime una speciale gratitudine al defunto William H. &#8220;Bill&#8221; Dinger, ex presidente di William H. Sadlier, Inc., la cui profonda dedizione alla Chiesa e alla comunit\u00e0 cattolica ispanica ha portato all&#8217;istituzione di questo premio. La sua eredit\u00e0 continua a ispirare le nuove generazioni di leader pastorali a camminare con fede, coraggio e amore al servizio del Popolo di Dio.<\/span><\/span><\/p>\n<p><span dir=\"auto\" style=\"vertical-align: inherit\"><span dir=\"auto\" style=\"vertical-align: inherit\">Il Consiglio Nazionale Cattolico per il Ministero Ispanico \u00e8 una rete di organizzazioni cattoliche nazionali e regionali, diocesi, comunit\u00e0 religiose, istituzioni accademiche e leader pastorali impegnati a servire la comunit\u00e0 ispanica\/latina negli Stati Uniti. Radicato in una visione di ministero integrale, da 35 anni il NCCHM promuove la formazione della leadership, il networking e l&#8217;advocacy per rafforzare i cattolici ispanici come discepoli missionari.<\/span><\/span><\/p>\n<p><span dir=\"auto\" style=\"vertical-align: inherit\"><span dir=\"auto\" style=\"vertical-align: inherit\">La missione del NCCHM \u00e8 unire ed elevare le voci profetiche del ministero ispanico nella Chiesa e nella societ\u00e0, promuovere lo sviluppo della leadership e rispondere profeticamente ai bisogni spirituali, sociali e culturali delle comunit\u00e0 ispaniche. Attraverso i suoi quattro pilastri d&#8217;azione \u2013 famiglia, pastorale giovanile ispanica, giustizia sociale e formazione pastorale \u2013 radicati in Roots and Wings e nel V Encuentro, il NCCHM funge da ponte vitale tra la Chiesa negli Stati Uniti, la Chiesa universale e le realt\u00e0 vissute dai cattolici ispanici oggi.<\/span><\/span><\/p>\n","protected":false},"excerpt":{"rendered":"<p>Un riconoscimento per la sua leadership profetica, il suo impegno a favore dei migranti e il suo servizio al ministero ispanico negli Stati Uniti<\/p>\n","protected":false},"author":17,"featured_media":131972,"comment_status":"closed","ping_status":"closed","sticky":false,"template":"","format":"standard","meta":{"_acf_changed":false,"_crdt_document":"","inline_featured_image":false,"footnotes":""},"categories":[73],"tags":[580,13294,1502,70083,70079,70080,70081,70082,70084,64540,64189,70086,70085,472,70089,70087,70088,13295,22508,70090,70092,70091,33632,64787,266],"class_list":["post-132037","post","type-post","status-publish","format-standard","has-post-thumbnail","hentry","category-chiesa-e-mondo","tag-catechesi","tag-cebitepal-3","tag-celam-it","tag-chiesa-cattolica-negli-stati-uniti","tag-comunita-cattolica-latina","tag-consiglio-nazionale-cattolico-per-il-ministero-ispanico","tag-dott-emilce-cuda","tag-formazione-pastorale","tag-giubileo-per-i-migranti","tag-giustizia-sociale-it","tag-inclusione-ecclesiale","tag-leader-cattolici-ispanici","tag-leadership-ecclesiale","tag-migranti","tag-ministero-collettivo","tag-ministero-ispanico","tag-ministero-latino","tag-ncchm-3","tag-pontificia-commissione-per-lamerica-latina","tag-premio-ecclesiale","tag-premio-william-h-sadlier-2025","tag-raices-y-alas-2","tag-servizio-pastorale","tag-trending-it-236","tag-vaticano"],"acf":[],"yoast_head":"<!-- This site is optimized with the Yoast SEO plugin v27.5 - https:\/\/yoast.com\/product\/yoast-seo-wordpress\/ -->\n<title>La Dott.ssa Emilce Cuda, Segretaria della Pontificia Commissione per l&#039;America Latina del Vaticano, ricever\u00e0 il Premio William H. Sadlier 2025 per il Ministero Ispanico\/Latino &#8211; Exaudi<\/title>\n<meta name=\"robots\" content=\"index, follow, max-snippet:-1, max-image-preview:large, max-video-preview:-1\" \/>\n<link rel=\"canonical\" href=\"https:\/\/exaudi.org\/it\/la-dott-ssa-emilce-cuda-segretaria-della-pontificia-commissione-per-lamerica-latina-del-vaticano-ricevera-il-premio-william-h-sadlier-2025-per-il-ministero-ispanico-latino\/\" \/>\n<meta property=\"og:locale\" content=\"it_IT\" \/>\n<meta property=\"og:type\" content=\"article\" \/>\n<meta property=\"og:title\" content=\"La Dott.ssa Emilce Cuda, Segretaria della Pontificia Commissione per l&#039;America Latina del Vaticano, ricever\u00e0 il Premio William H. Sadlier 2025 per il Ministero Ispanico\/Latino &#8211; Exaudi\" \/>\n<meta property=\"og:description\" content=\"Un riconoscimento per la sua leadership profetica, il suo impegno a favore dei migranti e il suo servizio al ministero ispanico negli Stati Uniti\" \/>\n<meta property=\"og:url\" content=\"https:\/\/exaudi.org\/it\/la-dott-ssa-emilce-cuda-segretaria-della-pontificia-commissione-per-lamerica-latina-del-vaticano-ricevera-il-premio-william-h-sadlier-2025-per-il-ministero-ispanico-latino\/\" \/>\n<meta property=\"og:site_name\" content=\"Exaudi\" \/>\n<meta property=\"article:publisher\" content=\"https:\/\/www.facebook.com\/ExaudiNews\" \/>\n<meta property=\"article:author\" content=\"https:\/\/www.facebook.com\/ExaudiNotizie\/\" \/>\n<meta property=\"article:published_time\" content=\"2025-08-25T17:14:00+00:00\" \/>\n<meta property=\"article:modified_time\" content=\"2025-08-25T17:15:53+00:00\" \/>\n<meta property=\"og:image\" content=\"https:\/\/exaudi.org\/wp-content\/uploads\/2025\/08\/En-Roma-con-lideres-de-EEUU.jpg\" \/>\n\t<meta property=\"og:image:width\" content=\"1024\" \/>\n\t<meta property=\"og:image:height\" content=\"557\" \/>\n\t<meta property=\"og:image:type\" content=\"image\/jpeg\" \/>\n<meta name=\"author\" content=\"Exaudi Redazione\" \/>\n<meta name=\"twitter:card\" content=\"summary_large_image\" \/>\n<meta name=\"twitter:creator\" content=\"@Exaudi_Notizie\" \/>\n<meta name=\"twitter:site\" content=\"@Exaudi_News\" \/>\n<meta name=\"twitter:label1\" content=\"Scritto da\" \/>\n\t<meta name=\"twitter:data1\" content=\"Exaudi Redazione\" \/>\n\t<meta name=\"twitter:label2\" content=\"Tempo di lettura stimato\" \/>\n\t<meta name=\"twitter:data2\" content=\"4 minuti\" \/>\n<script type=\"application\/ld+json\" class=\"yoast-schema-graph\">{\"@context\":\"https:\\\/\\\/schema.org\",\"@graph\":[{\"@type\":\"Article\",\"@id\":\"https:\\\/\\\/exaudi.org\\\/it\\\/la-dott-ssa-emilce-cuda-segretaria-della-pontificia-commissione-per-lamerica-latina-del-vaticano-ricevera-il-premio-william-h-sadlier-2025-per-il-ministero-ispanico-latino\\\/#article\",\"isPartOf\":{\"@id\":\"https:\\\/\\\/exaudi.org\\\/it\\\/la-dott-ssa-emilce-cuda-segretaria-della-pontificia-commissione-per-lamerica-latina-del-vaticano-ricevera-il-premio-william-h-sadlier-2025-per-il-ministero-ispanico-latino\\\/\"},\"author\":{\"name\":\"Exaudi Redazione\",\"@id\":\"https:\\\/\\\/exaudi.org\\\/#\\\/schema\\\/person\\\/e1ab6ed07c01774724dd96f925f3a5f0\"},\"headline\":\"La Dott.ssa Emilce Cuda, Segretaria della Pontificia Commissione per l&#8217;America Latina del Vaticano, ricever\u00e0 il Premio William H. Sadlier 2025 per il Ministero Ispanico\\\/Latino\",\"datePublished\":\"2025-08-25T17:14:00+00:00\",\"dateModified\":\"2025-08-25T17:15:53+00:00\",\"mainEntityOfPage\":{\"@id\":\"https:\\\/\\\/exaudi.org\\\/it\\\/la-dott-ssa-emilce-cuda-segretaria-della-pontificia-commissione-per-lamerica-latina-del-vaticano-ricevera-il-premio-william-h-sadlier-2025-per-il-ministero-ispanico-latino\\\/\"},\"wordCount\":812,\"image\":{\"@id\":\"https:\\\/\\\/exaudi.org\\\/it\\\/la-dott-ssa-emilce-cuda-segretaria-della-pontificia-commissione-per-lamerica-latina-del-vaticano-ricevera-il-premio-william-h-sadlier-2025-per-il-ministero-ispanico-latino\\\/#primaryimage\"},\"thumbnailUrl\":\"https:\\\/\\\/exaudi.org\\\/wp-content\\\/uploads\\\/2025\\\/08\\\/En-Roma-con-lideres-de-EEUU.jpg\",\"keywords\":[\"catechesi\",\"CEBITEPAL\",\"CELAM\",\"Chiesa Cattolica negli Stati Uniti\",\"comunit\u00e0 cattolica latina\",\"Consiglio Nazionale Cattolico per il Ministero Ispanico\",\"Dott. Emilce Cuda\",\"formazione pastorale\",\"Giubileo per i Migranti\",\"giustizia sociale\",\"Inclusione ecclesiale\",\"leader cattolici ispanici\",\"leadership ecclesiale\",\"migranti\",\"ministero collettivo\",\"ministero ispanico\",\"ministero latino\",\"NCCHM\",\"Pontificia Commissione per l'America Latina\",\"premio ecclesiale\",\"Premio William H. Sadlier 2025\",\"Ra\u00edces y Alas\",\"servizio pastorale\",\"Trending\",\"Vaticano\"],\"articleSection\":[\"Chiesa e Mondo\"],\"inLanguage\":\"it-IT\"},{\"@type\":\"WebPage\",\"@id\":\"https:\\\/\\\/exaudi.org\\\/it\\\/la-dott-ssa-emilce-cuda-segretaria-della-pontificia-commissione-per-lamerica-latina-del-vaticano-ricevera-il-premio-william-h-sadlier-2025-per-il-ministero-ispanico-latino\\\/\",\"url\":\"https:\\\/\\\/exaudi.org\\\/it\\\/la-dott-ssa-emilce-cuda-segretaria-della-pontificia-commissione-per-lamerica-latina-del-vaticano-ricevera-il-premio-william-h-sadlier-2025-per-il-ministero-ispanico-latino\\\/\",\"name\":\"La Dott.ssa Emilce Cuda, Segretaria della Pontificia Commissione per l'America Latina del Vaticano, ricever\u00e0 il Premio William H. Sadlier 2025 per il Ministero Ispanico\\\/Latino &#8211; Exaudi\",\"isPartOf\":{\"@id\":\"https:\\\/\\\/exaudi.org\\\/#website\"},\"primaryImageOfPage\":{\"@id\":\"https:\\\/\\\/exaudi.org\\\/it\\\/la-dott-ssa-emilce-cuda-segretaria-della-pontificia-commissione-per-lamerica-latina-del-vaticano-ricevera-il-premio-william-h-sadlier-2025-per-il-ministero-ispanico-latino\\\/#primaryimage\"},\"image\":{\"@id\":\"https:\\\/\\\/exaudi.org\\\/it\\\/la-dott-ssa-emilce-cuda-segretaria-della-pontificia-commissione-per-lamerica-latina-del-vaticano-ricevera-il-premio-william-h-sadlier-2025-per-il-ministero-ispanico-latino\\\/#primaryimage\"},\"thumbnailUrl\":\"https:\\\/\\\/exaudi.org\\\/wp-content\\\/uploads\\\/2025\\\/08\\\/En-Roma-con-lideres-de-EEUU.jpg\",\"datePublished\":\"2025-08-25T17:14:00+00:00\",\"dateModified\":\"2025-08-25T17:15:53+00:00\",\"author\":{\"@id\":\"https:\\\/\\\/exaudi.org\\\/#\\\/schema\\\/person\\\/e1ab6ed07c01774724dd96f925f3a5f0\"},\"breadcrumb\":{\"@id\":\"https:\\\/\\\/exaudi.org\\\/it\\\/la-dott-ssa-emilce-cuda-segretaria-della-pontificia-commissione-per-lamerica-latina-del-vaticano-ricevera-il-premio-william-h-sadlier-2025-per-il-ministero-ispanico-latino\\\/#breadcrumb\"},\"inLanguage\":\"it-IT\",\"potentialAction\":[{\"@type\":\"ReadAction\",\"target\":[\"https:\\\/\\\/exaudi.org\\\/it\\\/la-dott-ssa-emilce-cuda-segretaria-della-pontificia-commissione-per-lamerica-latina-del-vaticano-ricevera-il-premio-william-h-sadlier-2025-per-il-ministero-ispanico-latino\\\/\"]}]},{\"@type\":\"ImageObject\",\"inLanguage\":\"it-IT\",\"@id\":\"https:\\\/\\\/exaudi.org\\\/it\\\/la-dott-ssa-emilce-cuda-segretaria-della-pontificia-commissione-per-lamerica-latina-del-vaticano-ricevera-il-premio-william-h-sadlier-2025-per-il-ministero-ispanico-latino\\\/#primaryimage\",\"url\":\"https:\\\/\\\/exaudi.org\\\/wp-content\\\/uploads\\\/2025\\\/08\\\/En-Roma-con-lideres-de-EEUU.jpg\",\"contentUrl\":\"https:\\\/\\\/exaudi.org\\\/wp-content\\\/uploads\\\/2025\\\/08\\\/En-Roma-con-lideres-de-EEUU.jpg\",\"width\":1024,\"height\":557},{\"@type\":\"BreadcrumbList\",\"@id\":\"https:\\\/\\\/exaudi.org\\\/it\\\/la-dott-ssa-emilce-cuda-segretaria-della-pontificia-commissione-per-lamerica-latina-del-vaticano-ricevera-il-premio-william-h-sadlier-2025-per-il-ministero-ispanico-latino\\\/#breadcrumb\",\"itemListElement\":[{\"@type\":\"ListItem\",\"position\":1,\"name\":\"Portada\",\"item\":\"https:\\\/\\\/exaudi.org\\\/it\\\/\"},{\"@type\":\"ListItem\",\"position\":2,\"name\":\"La Dott.ssa Emilce Cuda, Segretaria della Pontificia Commissione per l&#8217;America Latina del Vaticano, ricever\u00e0 il Premio William H. Sadlier 2025 per il Ministero Ispanico\\\/Latino\"}]},{\"@type\":\"WebSite\",\"@id\":\"https:\\\/\\\/exaudi.org\\\/#website\",\"url\":\"https:\\\/\\\/exaudi.org\\\/\",\"name\":\"Exaudi\",\"description\":\"News\",\"potentialAction\":[{\"@type\":\"SearchAction\",\"target\":{\"@type\":\"EntryPoint\",\"urlTemplate\":\"https:\\\/\\\/exaudi.org\\\/?s={search_term_string}\"},\"query-input\":{\"@type\":\"PropertyValueSpecification\",\"valueRequired\":true,\"valueName\":\"search_term_string\"}}],\"inLanguage\":\"it-IT\"},{\"@type\":\"Person\",\"@id\":\"https:\\\/\\\/exaudi.org\\\/#\\\/schema\\\/person\\\/e1ab6ed07c01774724dd96f925f3a5f0\",\"name\":\"Exaudi Redazione\",\"image\":{\"@type\":\"ImageObject\",\"inLanguage\":\"it-IT\",\"@id\":\"https:\\\/\\\/secure.gravatar.com\\\/avatar\\\/ad6774b3ada023bf5b939d64f45c94b3adf91502dd883507d469b4308a943bb3?s=96&d=mm&r=g\",\"url\":\"https:\\\/\\\/secure.gravatar.com\\\/avatar\\\/ad6774b3ada023bf5b939d64f45c94b3adf91502dd883507d469b4308a943bb3?s=96&d=mm&r=g\",\"contentUrl\":\"https:\\\/\\\/secure.gravatar.com\\\/avatar\\\/ad6774b3ada023bf5b939d64f45c94b3adf91502dd883507d469b4308a943bb3?s=96&d=mm&r=g\",\"caption\":\"Exaudi Redazione\"},\"description\":\"Che cosa \u00e8 Exaudi News? Exaudi News \u00e8 un agenzia cattolica internazionale che informa, istruisce e trasforma quotidianamente in spagnolo, inglese e italiano. Attraverso notizie, articoli di analisi e trasmissioni in diretta degli eventi del Papa, Exaudi cerca di rafforzare l'unit\u00e0 dei cristiani e di contribuire all'evangelizzazione del mondo, sempre guidato dalla dottrina sociale della Chiesa. Lavoriamo per portare la verit\u00e0 e i valori cristiani in ogni angolo del pianeta. Aiutaci a trasformare il mondo con Exaudi! Noi di Exaudi crediamo che l'evangelizzazione e l'informazione di qualit\u00e0 possano cambiare la vita. Per continuare la nostra missione ed espandere la nostra portata, abbiamo bisogno del tuo aiuto. Stiamo anche cercando persone motivate che vogliano unirsi al nostro team. Grazie al vostro sostegno raggiungeremo pi\u00f9 persone, diffonderemo il messaggio di Cristo e rafforzeremo l'unit\u00e0 dei cristiani. Vuoi unirti alla nostra missione? Per maggiori informazioni su come contribuire, visita Exaudi.org\\\/it o contattaci direttamente: info@exaudi.org Exaudi: informa, forma e trasforma.\",\"sameAs\":[\"https:\\\/\\\/www.facebook.com\\\/ExaudiNotizie\\\/\",\"https:\\\/\\\/www.instagram.com\\\/Exaudi_notizie\\\/\",\"https:\\\/\\\/x.com\\\/Exaudi_Notizie\",\"https:\\\/\\\/www.youtube.com\\\/@exaudicatholicnews\"],\"url\":\"https:\\\/\\\/exaudi.org\\\/it\\\/author\\\/dlvedi-org\\\/\"}]}<\/script>\n<!-- \/ Yoast SEO plugin. -->","yoast_head_json":{"title":"La Dott.ssa Emilce Cuda, Segretaria della Pontificia Commissione per l'America Latina del Vaticano, ricever\u00e0 il Premio William H. Sadlier 2025 per il Ministero Ispanico\/Latino &#8211; Exaudi","robots":{"index":"index","follow":"follow","max-snippet":"max-snippet:-1","max-image-preview":"max-image-preview:large","max-video-preview":"max-video-preview:-1"},"canonical":"https:\/\/exaudi.org\/it\/la-dott-ssa-emilce-cuda-segretaria-della-pontificia-commissione-per-lamerica-latina-del-vaticano-ricevera-il-premio-william-h-sadlier-2025-per-il-ministero-ispanico-latino\/","og_locale":"it_IT","og_type":"article","og_title":"La Dott.ssa Emilce Cuda, Segretaria della Pontificia Commissione per l'America Latina del Vaticano, ricever\u00e0 il Premio William H. Sadlier 2025 per il Ministero Ispanico\/Latino &#8211; Exaudi","og_description":"Un riconoscimento per la sua leadership profetica, il suo impegno a favore dei migranti e il suo servizio al ministero ispanico negli Stati Uniti","og_url":"https:\/\/exaudi.org\/it\/la-dott-ssa-emilce-cuda-segretaria-della-pontificia-commissione-per-lamerica-latina-del-vaticano-ricevera-il-premio-william-h-sadlier-2025-per-il-ministero-ispanico-latino\/","og_site_name":"Exaudi","article_publisher":"https:\/\/www.facebook.com\/ExaudiNews","article_author":"https:\/\/www.facebook.com\/ExaudiNotizie\/","article_published_time":"2025-08-25T17:14:00+00:00","article_modified_time":"2025-08-25T17:15:53+00:00","og_image":[{"width":1024,"height":557,"url":"https:\/\/exaudi.org\/wp-content\/uploads\/2025\/08\/En-Roma-con-lideres-de-EEUU.jpg","type":"image\/jpeg"}],"author":"Exaudi Redazione","twitter_card":"summary_large_image","twitter_creator":"@Exaudi_Notizie","twitter_site":"@Exaudi_News","twitter_misc":{"Scritto da":"Exaudi Redazione","Tempo di lettura stimato":"4 minuti"},"schema":{"@context":"https:\/\/schema.org","@graph":[{"@type":"Article","@id":"https:\/\/exaudi.org\/it\/la-dott-ssa-emilce-cuda-segretaria-della-pontificia-commissione-per-lamerica-latina-del-vaticano-ricevera-il-premio-william-h-sadlier-2025-per-il-ministero-ispanico-latino\/#article","isPartOf":{"@id":"https:\/\/exaudi.org\/it\/la-dott-ssa-emilce-cuda-segretaria-della-pontificia-commissione-per-lamerica-latina-del-vaticano-ricevera-il-premio-william-h-sadlier-2025-per-il-ministero-ispanico-latino\/"},"author":{"name":"Exaudi Redazione","@id":"https:\/\/exaudi.org\/#\/schema\/person\/e1ab6ed07c01774724dd96f925f3a5f0"},"headline":"La Dott.ssa Emilce Cuda, Segretaria della Pontificia Commissione per l&#8217;America Latina del Vaticano, ricever\u00e0 il Premio William H. Sadlier 2025 per il Ministero Ispanico\/Latino","datePublished":"2025-08-25T17:14:00+00:00","dateModified":"2025-08-25T17:15:53+00:00","mainEntityOfPage":{"@id":"https:\/\/exaudi.org\/it\/la-dott-ssa-emilce-cuda-segretaria-della-pontificia-commissione-per-lamerica-latina-del-vaticano-ricevera-il-premio-william-h-sadlier-2025-per-il-ministero-ispanico-latino\/"},"wordCount":812,"image":{"@id":"https:\/\/exaudi.org\/it\/la-dott-ssa-emilce-cuda-segretaria-della-pontificia-commissione-per-lamerica-latina-del-vaticano-ricevera-il-premio-william-h-sadlier-2025-per-il-ministero-ispanico-latino\/#primaryimage"},"thumbnailUrl":"https:\/\/exaudi.org\/wp-content\/uploads\/2025\/08\/En-Roma-con-lideres-de-EEUU.jpg","keywords":["catechesi","CEBITEPAL","CELAM","Chiesa Cattolica negli Stati Uniti","comunit\u00e0 cattolica latina","Consiglio Nazionale Cattolico per il Ministero Ispanico","Dott. Emilce Cuda","formazione pastorale","Giubileo per i Migranti","giustizia sociale","Inclusione ecclesiale","leader cattolici ispanici","leadership ecclesiale","migranti","ministero collettivo","ministero ispanico","ministero latino","NCCHM","Pontificia Commissione per l'America Latina","premio ecclesiale","Premio William H. Sadlier 2025","Ra\u00edces y Alas","servizio pastorale","Trending","Vaticano"],"articleSection":["Chiesa e Mondo"],"inLanguage":"it-IT"},{"@type":"WebPage","@id":"https:\/\/exaudi.org\/it\/la-dott-ssa-emilce-cuda-segretaria-della-pontificia-commissione-per-lamerica-latina-del-vaticano-ricevera-il-premio-william-h-sadlier-2025-per-il-ministero-ispanico-latino\/","url":"https:\/\/exaudi.org\/it\/la-dott-ssa-emilce-cuda-segretaria-della-pontificia-commissione-per-lamerica-latina-del-vaticano-ricevera-il-premio-william-h-sadlier-2025-per-il-ministero-ispanico-latino\/","name":"La Dott.ssa Emilce Cuda, Segretaria della Pontificia Commissione per l'America Latina del Vaticano, ricever\u00e0 il Premio William H. Sadlier 2025 per il Ministero Ispanico\/Latino &#8211; Exaudi","isPartOf":{"@id":"https:\/\/exaudi.org\/#website"},"primaryImageOfPage":{"@id":"https:\/\/exaudi.org\/it\/la-dott-ssa-emilce-cuda-segretaria-della-pontificia-commissione-per-lamerica-latina-del-vaticano-ricevera-il-premio-william-h-sadlier-2025-per-il-ministero-ispanico-latino\/#primaryimage"},"image":{"@id":"https:\/\/exaudi.org\/it\/la-dott-ssa-emilce-cuda-segretaria-della-pontificia-commissione-per-lamerica-latina-del-vaticano-ricevera-il-premio-william-h-sadlier-2025-per-il-ministero-ispanico-latino\/#primaryimage"},"thumbnailUrl":"https:\/\/exaudi.org\/wp-content\/uploads\/2025\/08\/En-Roma-con-lideres-de-EEUU.jpg","datePublished":"2025-08-25T17:14:00+00:00","dateModified":"2025-08-25T17:15:53+00:00","author":{"@id":"https:\/\/exaudi.org\/#\/schema\/person\/e1ab6ed07c01774724dd96f925f3a5f0"},"breadcrumb":{"@id":"https:\/\/exaudi.org\/it\/la-dott-ssa-emilce-cuda-segretaria-della-pontificia-commissione-per-lamerica-latina-del-vaticano-ricevera-il-premio-william-h-sadlier-2025-per-il-ministero-ispanico-latino\/#breadcrumb"},"inLanguage":"it-IT","potentialAction":[{"@type":"ReadAction","target":["https:\/\/exaudi.org\/it\/la-dott-ssa-emilce-cuda-segretaria-della-pontificia-commissione-per-lamerica-latina-del-vaticano-ricevera-il-premio-william-h-sadlier-2025-per-il-ministero-ispanico-latino\/"]}]},{"@type":"ImageObject","inLanguage":"it-IT","@id":"https:\/\/exaudi.org\/it\/la-dott-ssa-emilce-cuda-segretaria-della-pontificia-commissione-per-lamerica-latina-del-vaticano-ricevera-il-premio-william-h-sadlier-2025-per-il-ministero-ispanico-latino\/#primaryimage","url":"https:\/\/exaudi.org\/wp-content\/uploads\/2025\/08\/En-Roma-con-lideres-de-EEUU.jpg","contentUrl":"https:\/\/exaudi.org\/wp-content\/uploads\/2025\/08\/En-Roma-con-lideres-de-EEUU.jpg","width":1024,"height":557},{"@type":"BreadcrumbList","@id":"https:\/\/exaudi.org\/it\/la-dott-ssa-emilce-cuda-segretaria-della-pontificia-commissione-per-lamerica-latina-del-vaticano-ricevera-il-premio-william-h-sadlier-2025-per-il-ministero-ispanico-latino\/#breadcrumb","itemListElement":[{"@type":"ListItem","position":1,"name":"Portada","item":"https:\/\/exaudi.org\/it\/"},{"@type":"ListItem","position":2,"name":"La Dott.ssa Emilce Cuda, Segretaria della Pontificia Commissione per l&#8217;America Latina del Vaticano, ricever\u00e0 il Premio William H. Sadlier 2025 per il Ministero Ispanico\/Latino"}]},{"@type":"WebSite","@id":"https:\/\/exaudi.org\/#website","url":"https:\/\/exaudi.org\/","name":"Exaudi","description":"News","potentialAction":[{"@type":"SearchAction","target":{"@type":"EntryPoint","urlTemplate":"https:\/\/exaudi.org\/?s={search_term_string}"},"query-input":{"@type":"PropertyValueSpecification","valueRequired":true,"valueName":"search_term_string"}}],"inLanguage":"it-IT"},{"@type":"Person","@id":"https:\/\/exaudi.org\/#\/schema\/person\/e1ab6ed07c01774724dd96f925f3a5f0","name":"Exaudi Redazione","image":{"@type":"ImageObject","inLanguage":"it-IT","@id":"https:\/\/secure.gravatar.com\/avatar\/ad6774b3ada023bf5b939d64f45c94b3adf91502dd883507d469b4308a943bb3?s=96&d=mm&r=g","url":"https:\/\/secure.gravatar.com\/avatar\/ad6774b3ada023bf5b939d64f45c94b3adf91502dd883507d469b4308a943bb3?s=96&d=mm&r=g","contentUrl":"https:\/\/secure.gravatar.com\/avatar\/ad6774b3ada023bf5b939d64f45c94b3adf91502dd883507d469b4308a943bb3?s=96&d=mm&r=g","caption":"Exaudi Redazione"},"description":"Che cosa \u00e8 Exaudi News? Exaudi News \u00e8 un agenzia cattolica internazionale che informa, istruisce e trasforma quotidianamente in spagnolo, inglese e italiano. Attraverso notizie, articoli di analisi e trasmissioni in diretta degli eventi del Papa, Exaudi cerca di rafforzare l'unit\u00e0 dei cristiani e di contribuire all'evangelizzazione del mondo, sempre guidato dalla dottrina sociale della Chiesa. Lavoriamo per portare la verit\u00e0 e i valori cristiani in ogni angolo del pianeta. Aiutaci a trasformare il mondo con Exaudi! Noi di Exaudi crediamo che l'evangelizzazione e l'informazione di qualit\u00e0 possano cambiare la vita. Per continuare la nostra missione ed espandere la nostra portata, abbiamo bisogno del tuo aiuto. Stiamo anche cercando persone motivate che vogliano unirsi al nostro team. Grazie al vostro sostegno raggiungeremo pi\u00f9 persone, diffonderemo il messaggio di Cristo e rafforzeremo l'unit\u00e0 dei cristiani. Vuoi unirti alla nostra missione? Per maggiori informazioni su come contribuire, visita Exaudi.org\/it o contattaci direttamente: info@exaudi.org Exaudi: informa, forma e trasforma.","sameAs":["https:\/\/www.facebook.com\/ExaudiNotizie\/","https:\/\/www.instagram.com\/Exaudi_notizie\/","https:\/\/x.com\/Exaudi_Notizie","https:\/\/www.youtube.com\/@exaudicatholicnews"],"url":"https:\/\/exaudi.org\/it\/author\/dlvedi-org\/"}]}},"jetpack_featured_media_url":"https:\/\/exaudi.org\/wp-content\/uploads\/2025\/08\/En-Roma-con-lideres-de-EEUU.jpg","jetpack_shortlink":"https:\/\/wp.me\/pgKjF2-ylD","_links":{"self":[{"href":"https:\/\/exaudi.org\/it\/wp-json\/wp\/v2\/posts\/132037","targetHints":{"allow":["GET"]}}],"collection":[{"href":"https:\/\/exaudi.org\/it\/wp-json\/wp\/v2\/posts"}],"about":[{"href":"https:\/\/exaudi.org\/it\/wp-json\/wp\/v2\/types\/post"}],"author":[{"embeddable":true,"href":"https:\/\/exaudi.org\/it\/wp-json\/wp\/v2\/users\/17"}],"replies":[{"embeddable":true,"href":"https:\/\/exaudi.org\/it\/wp-json\/wp\/v2\/comments?post=132037"}],"version-history":[{"count":3,"href":"https:\/\/exaudi.org\/it\/wp-json\/wp\/v2\/posts\/132037\/revisions"}],"predecessor-version":[{"id":132040,"href":"https:\/\/exaudi.org\/it\/wp-json\/wp\/v2\/posts\/132037\/revisions\/132040"}],"wp:featuredmedia":[{"embeddable":true,"href":"https:\/\/exaudi.org\/it\/wp-json\/wp\/v2\/media\/131972"}],"wp:attachment":[{"href":"https:\/\/exaudi.org\/it\/wp-json\/wp\/v2\/media?parent=132037"}],"wp:term":[{"taxonomy":"category","embeddable":true,"href":"https:\/\/exaudi.org\/it\/wp-json\/wp\/v2\/categories?post=132037"},{"taxonomy":"post_tag","embeddable":true,"href":"https:\/\/exaudi.org\/it\/wp-json\/wp\/v2\/tags?post=132037"}],"curies":[{"name":"wp","href":"https:\/\/api.w.org\/{rel}","templated":true}]}}