{"id":131920,"date":"2025-08-24T19:06:50","date_gmt":"2025-08-24T17:06:50","guid":{"rendered":"https:\/\/exaudi.org\/?p=131920"},"modified":"2025-08-24T19:09:06","modified_gmt":"2025-08-24T17:09:06","slug":"san-bartolomeo-24-agosto","status":"publish","type":"post","link":"https:\/\/exaudi.org\/it\/san-bartolomeo-24-agosto\/","title":{"rendered":"San Bartolomeo, 24 agosto"},"content":{"rendered":"<p><i><span dir=\"auto\" style=\"vertical-align: inherit\"><span dir=\"auto\" style=\"vertical-align: inherit\">Filippo trov\u00f2 Natanaele e gli disse: \u00abAbbiamo trovato colui del quale hanno scritto Mos\u00e8, nella Legge, e i Profeti: Ges\u00f9, il figlio di Giuseppe, di Nazaret\u00bb. Natanaele gli disse: \u00abDa Nazaret pu\u00f2 mai venire qualcosa di buono?\u00bb. Filippo gli rispose: \u00abVieni e vedi\u00bb. Ges\u00f9 vide Natanaele che veniva e disse di lui: \u00abEcco davvero un Israelita in cui non c&#8217;\u00e8 falsit\u00e0\u00bb. Natanaele gli chiese: \u00abCome mi conosci?\u00bb. Ges\u00f9 rispose: \u00abPrima che Filippo ti chiamasse, io ti ho visto sotto il fico\u00bb. Gli replic\u00f2 Natanaele: \u00abRabb\u00ec, tu sei il Figlio di Dio, tu sei il re d&#8217;Israele\u00bb. Gli rispose Ges\u00f9: \u00abPerch\u00e9 ti ho detto che ti avevo visto sotto il fico? Credi? Vedrai cose pi\u00f9 grandi di queste\u00bb. Poi gli disse: \u00abIn verit\u00e0, in verit\u00e0 vi dico: vedrete il cielo aperto e gli angeli di Dio salire e scendere sopra il Figlio dell&#8217;uomo\u00bb.<\/span><\/span><\/i><span dir=\"auto\" style=\"vertical-align: inherit\"><span dir=\"auto\" style=\"vertical-align: inherit\"> \u00a0(Gv 1,45-51)<\/span><\/span><\/p>\n<p><span dir=\"auto\" style=\"vertical-align: inherit\"><span dir=\"auto\" style=\"vertical-align: inherit\">Bartolomeo compare nei Vangeli sinottici con il suo nome greco, che deriva dal patronimico aramaico bar-T\u00f4lmay, &#8220;figlio di T\u00f4lmay&#8221; o &#8220;figlio di Tolomeo&#8221;. Nel Vangelo di Giovanni, tuttavia, compare con un nome ebraico, Natanaele. L&#8217;etimologia ebraica del suo nome significa &#8220;Dio ha dato&#8221;. La tradizione ha assimilato Bartolomeo e Natanaele alla stessa persona.<\/span><\/span><\/p>\n<h3><strong><span dir=\"auto\" style=\"vertical-align: inherit\"><span dir=\"auto\" style=\"vertical-align: inherit\">Il suo incontro personale con Ges\u00f9 nel Vangelo di Giovanni<\/span><\/span><\/strong><\/h3>\n<p><span dir=\"auto\" style=\"vertical-align: inherit\"><span dir=\"auto\" style=\"vertical-align: inherit\">Ci\u00f2 che sappiamo con certezza della vita di Bartolomeo deriva dai testi evangelici, in particolare dal Vangelo di Giovanni, che descrive dettagliatamente come il suo incontro personale con Ges\u00f9 lo abbia condotto alla professione di fede nel Messia atteso. Natanaele, o Bartolomeo, era un pescatore di Cana che conosceva bene Nazareth, distante appena 8 km, ma non si fidava molto dei suoi abitanti. Fu quindi scettico quando il suo amico Filippo gli parl\u00f2 di Ges\u00f9 di Nazareth e gli chiese, con grande ironia, se qualcosa di buono potesse essere venuto dalla povera citt\u00e0 di Nazareth. Filippo non cerc\u00f2 di convincerlo a parole, ma lo invit\u00f2 ad avere un incontro personale con Ges\u00f9. Bartolomeo acconsent\u00ec e and\u00f2 a cercare Ges\u00f9, ma quando lo trov\u00f2, fu Ges\u00f9 a sorprenderlo dicendogli che prima che Filippo lo chiamasse, era Ges\u00f9 a sapere che Bartolomeo era &#8220;un israelita sincero e onesto&#8221;. Ges\u00f9 gli rivel\u00f2 anche di conoscerlo fin da quando \u00abera sotto il fico\u00bb e a questo punto Bartolomeo, uomo concreto e attaccato alla tradizione, che meditava quotidianamente le Scritture, fece una vera confessione di fede in Ges\u00f9 come Messia atteso da Israele: \u00abTu sei il Figlio di Dio e il re d&#8217;Israele!\u00bb<\/span><\/span><\/p>\n<h3><strong><span dir=\"auto\" style=\"vertical-align: inherit\"><span dir=\"auto\" style=\"vertical-align: inherit\">Apostolo in India, martire in Armenia secondo le tradizioni popolari<\/span><\/span><\/strong><\/h3>\n<p><span dir=\"auto\" style=\"vertical-align: inherit\"><span dir=\"auto\" style=\"vertical-align: inherit\">Dopo la morte e la resurrezione di Ges\u00f9, il Libro degli Atti ci racconta che i discepoli si riunirono in preghiera con Maria e altre donne. Anche Bartolomeo era tra loro: \u00abAllora gli apostoli ritornarono a Gerusalemme dal monte detto degli Ulivi, che \u00e8 vicino a Gerusalemme, non lontano da l\u00ec, quanto la legge permette di fare in giorno di sabato. Giunti in citt\u00e0, salirono al piano superiore della casa dove alloggiavano. Erano Pietro, Giovanni, Giacomo, Andrea, Filippo, Tommaso, Bartolomeo, Matteo, Giacomo di Alfeo, Simone lo Zelota e Giuda di Giacomo. Tutti si riunirono assiduamente con alcune donne e con Maria, la madre di Ges\u00f9, e con i fratelli di lui\u00bb (cfr At 1,12-14). <\/span><\/span><br \/>\n<span dir=\"auto\" style=\"vertical-align: inherit\"><span dir=\"auto\" style=\"vertical-align: inherit\">Gli eventi successivi non sono pi\u00f9 riportati da fonti storiche attendibili, ma la tradizione popolare vuole che Bartolomeo si rec\u00f2 a predicare la Parola di Dio in diverse regioni orientali, dalla Mesopotamia all&#8217;India, dove Dio accompagn\u00f2 la sua predicazione con miracoli e guarigioni prodigiose. Si racconta anche che giunse in Armenia e che l\u00ec, oltre a predicare la conversione alle popolazioni di dodici citt\u00e0, riusc\u00ec anche a evangelizzare il re Polimio e sua moglie, suscitando l&#8217;ira dei sacerdoti delle divinit\u00e0 pagane locali. Altre leggende sostengono che Astiage, fratello del re, istigato dai sacerdoti, riusc\u00ec a condannarlo a morte. Questi racconti aggiungono che il suo martirio sarebbe avvenuto ad Albanopoli intorno all&#8217;anno 68. Infine, dopo mille peripezie nel corso dei secoli, si dice che le sue reliquie sarebbero giunte a Roma per intervento dell&#8217;imperatore Ottone III, reliquie che oggi sono conservate nella basilica a lui dedicata sull&#8217;Isola Tiberina.<\/span><\/span><\/p>\n","protected":false},"excerpt":{"rendered":"<p>Apostolo<\/p>\n","protected":false},"author":17,"featured_media":131889,"comment_status":"closed","ping_status":"closed","sticky":false,"template":"","format":"standard","meta":{"_acf_changed":false,"_crdt_document":"","inline_featured_image":false,"footnotes":""},"categories":[91],"tags":[18672,70010,1478,64787],"class_list":["post-131920","post","type-post","status-publish","format-standard","has-post-thumbnail","hentry","category-santita","tag-apostolo","tag-san-bartolomeo","tag-santi","tag-trending-it-236"],"acf":[],"yoast_head":"<!-- This site is optimized with the Yoast SEO plugin v27.4 - https:\/\/yoast.com\/product\/yoast-seo-wordpress\/ -->\n<title>San Bartolomeo, 24 agosto &#8211; Exaudi<\/title>\n<meta name=\"robots\" content=\"index, follow, max-snippet:-1, max-image-preview:large, max-video-preview:-1\" \/>\n<link rel=\"canonical\" href=\"https:\/\/exaudi.org\/it\/saint-bartholomew-august-24\/\" \/>\n<meta property=\"og:locale\" content=\"it_IT\" \/>\n<meta property=\"og:type\" content=\"article\" \/>\n<meta property=\"og:title\" content=\"San Bartolomeo, 24 agosto &#8211; Exaudi\" \/>\n<meta property=\"og:description\" content=\"Apostolo\" \/>\n<meta property=\"og:url\" content=\"https:\/\/exaudi.org\/saint-bartholomew-august-24\/\" \/>\n<meta property=\"og:site_name\" content=\"Exaudi\" \/>\n<meta property=\"article:publisher\" content=\"https:\/\/www.facebook.com\/ExaudiNews\" \/>\n<meta property=\"article:author\" content=\"https:\/\/www.facebook.com\/ExaudiNotizie\/\" \/>\n<meta property=\"article:published_time\" content=\"2025-08-24T17:06:50+00:00\" \/>\n<meta property=\"article:modified_time\" content=\"2025-08-24T17:09:06+00:00\" \/>\n<meta property=\"og:image\" content=\"https:\/\/exaudi.org\/wp-content\/uploads\/2025\/08\/Jusepe_de_Ribera_-_-Saint_Bartholomew_oil_on_canvas_1643_El_Paso_Museum_of_Art-1.jpg\" \/>\n\t<meta property=\"og:image:width\" content=\"1079\" \/>\n\t<meta property=\"og:image:height\" content=\"607\" \/>\n\t<meta property=\"og:image:type\" content=\"image\/jpeg\" \/>\n<meta name=\"author\" content=\"Exaudi Redazione\" \/>\n<meta name=\"twitter:card\" content=\"summary_large_image\" \/>\n<meta name=\"twitter:creator\" content=\"@Exaudi_Notizie\" \/>\n<meta name=\"twitter:site\" content=\"@Exaudi_News\" \/>\n<meta name=\"twitter:label1\" content=\"Scritto da\" \/>\n\t<meta name=\"twitter:data1\" content=\"Exaudi Redazione\" \/>\n\t<meta name=\"twitter:label2\" content=\"Tempo di lettura stimato\" \/>\n\t<meta name=\"twitter:data2\" content=\"3 minuti\" \/>\n<script type=\"application\/ld+json\" class=\"yoast-schema-graph\">{\"@context\":\"https:\\\/\\\/schema.org\",\"@graph\":[{\"@type\":\"Article\",\"@id\":\"https:\\\/\\\/exaudi.org\\\/saint-bartholomew-august-24\\\/#article\",\"isPartOf\":{\"@id\":\"https:\\\/\\\/exaudi.org\\\/saint-bartholomew-august-24\\\/\"},\"author\":{\"name\":\"Exaudi Redazione\",\"@id\":\"https:\\\/\\\/exaudi.org\\\/#\\\/schema\\\/person\\\/e1ab6ed07c01774724dd96f925f3a5f0\"},\"headline\":\"San Bartolomeo, 24 agosto\",\"datePublished\":\"2025-08-24T17:06:50+00:00\",\"dateModified\":\"2025-08-24T17:09:06+00:00\",\"mainEntityOfPage\":{\"@id\":\"https:\\\/\\\/exaudi.org\\\/saint-bartholomew-august-24\\\/\"},\"wordCount\":687,\"image\":{\"@id\":\"https:\\\/\\\/exaudi.org\\\/saint-bartholomew-august-24\\\/#primaryimage\"},\"thumbnailUrl\":\"https:\\\/\\\/exaudi.org\\\/wp-content\\\/uploads\\\/2025\\\/08\\\/Jusepe_de_Ribera_-_-Saint_Bartholomew_oil_on_canvas_1643_El_Paso_Museum_of_Art-1.jpg\",\"keywords\":[\"APOSTOLO\",\"San Bartolomeo\",\"santi\",\"Trending\"],\"articleSection\":[\"Santit\u00e0\"],\"inLanguage\":\"it-IT\"},{\"@type\":\"WebPage\",\"@id\":\"https:\\\/\\\/exaudi.org\\\/saint-bartholomew-august-24\\\/\",\"url\":\"https:\\\/\\\/exaudi.org\\\/saint-bartholomew-august-24\\\/\",\"name\":\"San Bartolomeo, 24 agosto &#8211; Exaudi\",\"isPartOf\":{\"@id\":\"https:\\\/\\\/exaudi.org\\\/#website\"},\"primaryImageOfPage\":{\"@id\":\"https:\\\/\\\/exaudi.org\\\/saint-bartholomew-august-24\\\/#primaryimage\"},\"image\":{\"@id\":\"https:\\\/\\\/exaudi.org\\\/saint-bartholomew-august-24\\\/#primaryimage\"},\"thumbnailUrl\":\"https:\\\/\\\/exaudi.org\\\/wp-content\\\/uploads\\\/2025\\\/08\\\/Jusepe_de_Ribera_-_-Saint_Bartholomew_oil_on_canvas_1643_El_Paso_Museum_of_Art-1.jpg\",\"datePublished\":\"2025-08-24T17:06:50+00:00\",\"dateModified\":\"2025-08-24T17:09:06+00:00\",\"author\":{\"@id\":\"https:\\\/\\\/exaudi.org\\\/#\\\/schema\\\/person\\\/e1ab6ed07c01774724dd96f925f3a5f0\"},\"breadcrumb\":{\"@id\":\"https:\\\/\\\/exaudi.org\\\/saint-bartholomew-august-24\\\/#breadcrumb\"},\"inLanguage\":\"it-IT\",\"potentialAction\":[{\"@type\":\"ReadAction\",\"target\":[\"https:\\\/\\\/exaudi.org\\\/saint-bartholomew-august-24\\\/\"]}]},{\"@type\":\"ImageObject\",\"inLanguage\":\"it-IT\",\"@id\":\"https:\\\/\\\/exaudi.org\\\/saint-bartholomew-august-24\\\/#primaryimage\",\"url\":\"https:\\\/\\\/exaudi.org\\\/wp-content\\\/uploads\\\/2025\\\/08\\\/Jusepe_de_Ribera_-_-Saint_Bartholomew_oil_on_canvas_1643_El_Paso_Museum_of_Art-1.jpg\",\"contentUrl\":\"https:\\\/\\\/exaudi.org\\\/wp-content\\\/uploads\\\/2025\\\/08\\\/Jusepe_de_Ribera_-_-Saint_Bartholomew_oil_on_canvas_1643_El_Paso_Museum_of_Art-1.jpg\",\"width\":1079,\"height\":607},{\"@type\":\"BreadcrumbList\",\"@id\":\"https:\\\/\\\/exaudi.org\\\/saint-bartholomew-august-24\\\/#breadcrumb\",\"itemListElement\":[{\"@type\":\"ListItem\",\"position\":1,\"name\":\"Portada\",\"item\":\"https:\\\/\\\/exaudi.org\\\/it\\\/\"},{\"@type\":\"ListItem\",\"position\":2,\"name\":\"San Bartolomeo, 24 agosto\"}]},{\"@type\":\"WebSite\",\"@id\":\"https:\\\/\\\/exaudi.org\\\/#website\",\"url\":\"https:\\\/\\\/exaudi.org\\\/\",\"name\":\"Exaudi\",\"description\":\"News\",\"potentialAction\":[{\"@type\":\"SearchAction\",\"target\":{\"@type\":\"EntryPoint\",\"urlTemplate\":\"https:\\\/\\\/exaudi.org\\\/?s={search_term_string}\"},\"query-input\":{\"@type\":\"PropertyValueSpecification\",\"valueRequired\":true,\"valueName\":\"search_term_string\"}}],\"inLanguage\":\"it-IT\"},{\"@type\":\"Person\",\"@id\":\"https:\\\/\\\/exaudi.org\\\/#\\\/schema\\\/person\\\/e1ab6ed07c01774724dd96f925f3a5f0\",\"name\":\"Exaudi Redazione\",\"image\":{\"@type\":\"ImageObject\",\"inLanguage\":\"it-IT\",\"@id\":\"https:\\\/\\\/secure.gravatar.com\\\/avatar\\\/ad6774b3ada023bf5b939d64f45c94b3adf91502dd883507d469b4308a943bb3?s=96&d=mm&r=g\",\"url\":\"https:\\\/\\\/secure.gravatar.com\\\/avatar\\\/ad6774b3ada023bf5b939d64f45c94b3adf91502dd883507d469b4308a943bb3?s=96&d=mm&r=g\",\"contentUrl\":\"https:\\\/\\\/secure.gravatar.com\\\/avatar\\\/ad6774b3ada023bf5b939d64f45c94b3adf91502dd883507d469b4308a943bb3?s=96&d=mm&r=g\",\"caption\":\"Exaudi Redazione\"},\"description\":\"Che cosa \u00e8 Exaudi News? Exaudi News \u00e8 un agenzia cattolica internazionale che informa, istruisce e trasforma quotidianamente in spagnolo, inglese e italiano. Attraverso notizie, articoli di analisi e trasmissioni in diretta degli eventi del Papa, Exaudi cerca di rafforzare l'unit\u00e0 dei cristiani e di contribuire all'evangelizzazione del mondo, sempre guidato dalla dottrina sociale della Chiesa. Lavoriamo per portare la verit\u00e0 e i valori cristiani in ogni angolo del pianeta. Aiutaci a trasformare il mondo con Exaudi! Noi di Exaudi crediamo che l'evangelizzazione e l'informazione di qualit\u00e0 possano cambiare la vita. Per continuare la nostra missione ed espandere la nostra portata, abbiamo bisogno del tuo aiuto. Stiamo anche cercando persone motivate che vogliano unirsi al nostro team. Grazie al vostro sostegno raggiungeremo pi\u00f9 persone, diffonderemo il messaggio di Cristo e rafforzeremo l'unit\u00e0 dei cristiani. Vuoi unirti alla nostra missione? Per maggiori informazioni su come contribuire, visita Exaudi.org\\\/it o contattaci direttamente: info@exaudi.org Exaudi: informa, forma e trasforma.\",\"sameAs\":[\"https:\\\/\\\/www.facebook.com\\\/ExaudiNotizie\\\/\",\"https:\\\/\\\/www.instagram.com\\\/Exaudi_notizie\\\/\",\"https:\\\/\\\/x.com\\\/Exaudi_Notizie\",\"https:\\\/\\\/www.youtube.com\\\/@exaudicatholicnews\"],\"url\":\"https:\\\/\\\/exaudi.org\\\/it\\\/author\\\/dlvedi-org\\\/\"}]}<\/script>\n<!-- \/ Yoast SEO plugin. -->","yoast_head_json":{"title":"San Bartolomeo, 24 agosto &#8211; Exaudi","robots":{"index":"index","follow":"follow","max-snippet":"max-snippet:-1","max-image-preview":"max-image-preview:large","max-video-preview":"max-video-preview:-1"},"canonical":"https:\/\/exaudi.org\/it\/saint-bartholomew-august-24\/","og_locale":"it_IT","og_type":"article","og_title":"San Bartolomeo, 24 agosto &#8211; Exaudi","og_description":"Apostolo","og_url":"https:\/\/exaudi.org\/saint-bartholomew-august-24\/","og_site_name":"Exaudi","article_publisher":"https:\/\/www.facebook.com\/ExaudiNews","article_author":"https:\/\/www.facebook.com\/ExaudiNotizie\/","article_published_time":"2025-08-24T17:06:50+00:00","article_modified_time":"2025-08-24T17:09:06+00:00","og_image":[{"width":1079,"height":607,"url":"https:\/\/exaudi.org\/wp-content\/uploads\/2025\/08\/Jusepe_de_Ribera_-_-Saint_Bartholomew_oil_on_canvas_1643_El_Paso_Museum_of_Art-1.jpg","type":"image\/jpeg"}],"author":"Exaudi Redazione","twitter_card":"summary_large_image","twitter_creator":"@Exaudi_Notizie","twitter_site":"@Exaudi_News","twitter_misc":{"Scritto da":"Exaudi Redazione","Tempo di lettura stimato":"3 minuti"},"schema":{"@context":"https:\/\/schema.org","@graph":[{"@type":"Article","@id":"https:\/\/exaudi.org\/saint-bartholomew-august-24\/#article","isPartOf":{"@id":"https:\/\/exaudi.org\/saint-bartholomew-august-24\/"},"author":{"name":"Exaudi Redazione","@id":"https:\/\/exaudi.org\/#\/schema\/person\/e1ab6ed07c01774724dd96f925f3a5f0"},"headline":"San Bartolomeo, 24 agosto","datePublished":"2025-08-24T17:06:50+00:00","dateModified":"2025-08-24T17:09:06+00:00","mainEntityOfPage":{"@id":"https:\/\/exaudi.org\/saint-bartholomew-august-24\/"},"wordCount":687,"image":{"@id":"https:\/\/exaudi.org\/saint-bartholomew-august-24\/#primaryimage"},"thumbnailUrl":"https:\/\/exaudi.org\/wp-content\/uploads\/2025\/08\/Jusepe_de_Ribera_-_-Saint_Bartholomew_oil_on_canvas_1643_El_Paso_Museum_of_Art-1.jpg","keywords":["APOSTOLO","San Bartolomeo","santi","Trending"],"articleSection":["Santit\u00e0"],"inLanguage":"it-IT"},{"@type":"WebPage","@id":"https:\/\/exaudi.org\/saint-bartholomew-august-24\/","url":"https:\/\/exaudi.org\/saint-bartholomew-august-24\/","name":"San Bartolomeo, 24 agosto &#8211; Exaudi","isPartOf":{"@id":"https:\/\/exaudi.org\/#website"},"primaryImageOfPage":{"@id":"https:\/\/exaudi.org\/saint-bartholomew-august-24\/#primaryimage"},"image":{"@id":"https:\/\/exaudi.org\/saint-bartholomew-august-24\/#primaryimage"},"thumbnailUrl":"https:\/\/exaudi.org\/wp-content\/uploads\/2025\/08\/Jusepe_de_Ribera_-_-Saint_Bartholomew_oil_on_canvas_1643_El_Paso_Museum_of_Art-1.jpg","datePublished":"2025-08-24T17:06:50+00:00","dateModified":"2025-08-24T17:09:06+00:00","author":{"@id":"https:\/\/exaudi.org\/#\/schema\/person\/e1ab6ed07c01774724dd96f925f3a5f0"},"breadcrumb":{"@id":"https:\/\/exaudi.org\/saint-bartholomew-august-24\/#breadcrumb"},"inLanguage":"it-IT","potentialAction":[{"@type":"ReadAction","target":["https:\/\/exaudi.org\/saint-bartholomew-august-24\/"]}]},{"@type":"ImageObject","inLanguage":"it-IT","@id":"https:\/\/exaudi.org\/saint-bartholomew-august-24\/#primaryimage","url":"https:\/\/exaudi.org\/wp-content\/uploads\/2025\/08\/Jusepe_de_Ribera_-_-Saint_Bartholomew_oil_on_canvas_1643_El_Paso_Museum_of_Art-1.jpg","contentUrl":"https:\/\/exaudi.org\/wp-content\/uploads\/2025\/08\/Jusepe_de_Ribera_-_-Saint_Bartholomew_oil_on_canvas_1643_El_Paso_Museum_of_Art-1.jpg","width":1079,"height":607},{"@type":"BreadcrumbList","@id":"https:\/\/exaudi.org\/saint-bartholomew-august-24\/#breadcrumb","itemListElement":[{"@type":"ListItem","position":1,"name":"Portada","item":"https:\/\/exaudi.org\/it\/"},{"@type":"ListItem","position":2,"name":"San Bartolomeo, 24 agosto"}]},{"@type":"WebSite","@id":"https:\/\/exaudi.org\/#website","url":"https:\/\/exaudi.org\/","name":"Exaudi","description":"News","potentialAction":[{"@type":"SearchAction","target":{"@type":"EntryPoint","urlTemplate":"https:\/\/exaudi.org\/?s={search_term_string}"},"query-input":{"@type":"PropertyValueSpecification","valueRequired":true,"valueName":"search_term_string"}}],"inLanguage":"it-IT"},{"@type":"Person","@id":"https:\/\/exaudi.org\/#\/schema\/person\/e1ab6ed07c01774724dd96f925f3a5f0","name":"Exaudi Redazione","image":{"@type":"ImageObject","inLanguage":"it-IT","@id":"https:\/\/secure.gravatar.com\/avatar\/ad6774b3ada023bf5b939d64f45c94b3adf91502dd883507d469b4308a943bb3?s=96&d=mm&r=g","url":"https:\/\/secure.gravatar.com\/avatar\/ad6774b3ada023bf5b939d64f45c94b3adf91502dd883507d469b4308a943bb3?s=96&d=mm&r=g","contentUrl":"https:\/\/secure.gravatar.com\/avatar\/ad6774b3ada023bf5b939d64f45c94b3adf91502dd883507d469b4308a943bb3?s=96&d=mm&r=g","caption":"Exaudi Redazione"},"description":"Che cosa \u00e8 Exaudi News? Exaudi News \u00e8 un agenzia cattolica internazionale che informa, istruisce e trasforma quotidianamente in spagnolo, inglese e italiano. Attraverso notizie, articoli di analisi e trasmissioni in diretta degli eventi del Papa, Exaudi cerca di rafforzare l'unit\u00e0 dei cristiani e di contribuire all'evangelizzazione del mondo, sempre guidato dalla dottrina sociale della Chiesa. Lavoriamo per portare la verit\u00e0 e i valori cristiani in ogni angolo del pianeta. Aiutaci a trasformare il mondo con Exaudi! Noi di Exaudi crediamo che l'evangelizzazione e l'informazione di qualit\u00e0 possano cambiare la vita. Per continuare la nostra missione ed espandere la nostra portata, abbiamo bisogno del tuo aiuto. Stiamo anche cercando persone motivate che vogliano unirsi al nostro team. Grazie al vostro sostegno raggiungeremo pi\u00f9 persone, diffonderemo il messaggio di Cristo e rafforzeremo l'unit\u00e0 dei cristiani. Vuoi unirti alla nostra missione? Per maggiori informazioni su come contribuire, visita Exaudi.org\/it o contattaci direttamente: info@exaudi.org Exaudi: informa, forma e trasforma.","sameAs":["https:\/\/www.facebook.com\/ExaudiNotizie\/","https:\/\/www.instagram.com\/Exaudi_notizie\/","https:\/\/x.com\/Exaudi_Notizie","https:\/\/www.youtube.com\/@exaudicatholicnews"],"url":"https:\/\/exaudi.org\/it\/author\/dlvedi-org\/"}]}},"jetpack_featured_media_url":"https:\/\/exaudi.org\/wp-content\/uploads\/2025\/08\/Jusepe_de_Ribera_-_-Saint_Bartholomew_oil_on_canvas_1643_El_Paso_Museum_of_Art-1.jpg","jetpack_shortlink":"https:\/\/wp.me\/pgKjF2-yjK","_links":{"self":[{"href":"https:\/\/exaudi.org\/it\/wp-json\/wp\/v2\/posts\/131920","targetHints":{"allow":["GET"]}}],"collection":[{"href":"https:\/\/exaudi.org\/it\/wp-json\/wp\/v2\/posts"}],"about":[{"href":"https:\/\/exaudi.org\/it\/wp-json\/wp\/v2\/types\/post"}],"author":[{"embeddable":true,"href":"https:\/\/exaudi.org\/it\/wp-json\/wp\/v2\/users\/17"}],"replies":[{"embeddable":true,"href":"https:\/\/exaudi.org\/it\/wp-json\/wp\/v2\/comments?post=131920"}],"version-history":[{"count":3,"href":"https:\/\/exaudi.org\/it\/wp-json\/wp\/v2\/posts\/131920\/revisions"}],"predecessor-version":[{"id":131923,"href":"https:\/\/exaudi.org\/it\/wp-json\/wp\/v2\/posts\/131920\/revisions\/131923"}],"wp:featuredmedia":[{"embeddable":true,"href":"https:\/\/exaudi.org\/it\/wp-json\/wp\/v2\/media\/131889"}],"wp:attachment":[{"href":"https:\/\/exaudi.org\/it\/wp-json\/wp\/v2\/media?parent=131920"}],"wp:term":[{"taxonomy":"category","embeddable":true,"href":"https:\/\/exaudi.org\/it\/wp-json\/wp\/v2\/categories?post=131920"},{"taxonomy":"post_tag","embeddable":true,"href":"https:\/\/exaudi.org\/it\/wp-json\/wp\/v2\/tags?post=131920"}],"curies":[{"name":"wp","href":"https:\/\/api.w.org\/{rel}","templated":true}]}}