{"id":131854,"date":"2025-08-14T19:21:17","date_gmt":"2025-08-14T17:21:17","guid":{"rendered":"https:\/\/exaudi.org\/?p=131854"},"modified":"2025-08-23T19:30:26","modified_gmt":"2025-08-23T17:30:26","slug":"fa-cio-che-devi-e-sara-in-cio-che-fai","status":"publish","type":"post","link":"https:\/\/exaudi.org\/it\/fa-cio-che-devi-e-sara-in-cio-che-fai\/","title":{"rendered":"Fa&#8217; ci\u00f2 che devi e sar\u00e0 in ci\u00f2 che fai"},"content":{"rendered":"<p data-start=\"228\" data-end=\"500\"><span dir=\"auto\" style=\"vertical-align: inherit\"><span dir=\"auto\" style=\"vertical-align: inherit\">In un capitolo precedente di\u00a0 <\/span><\/span><em data-start=\"256\" data-end=\"263\"><span dir=\"auto\" style=\"vertical-align: inherit\"><span dir=\"auto\" style=\"vertical-align: inherit\">Flexo,<\/span><\/span><\/em><span dir=\"auto\" style=\"vertical-align: inherit\"><span dir=\"auto\" style=\"vertical-align: inherit\"> \u00a0abbiamo parlato dell&#8217;inizio del punto 815 del\u00a0 <\/span><\/span><em data-start=\"304\" data-end=\"312\"><span dir=\"auto\" style=\"vertical-align: inherit\"><span dir=\"auto\" style=\"vertical-align: inherit\">Cammino<\/span><\/span><\/em><span dir=\"auto\" style=\"vertical-align: inherit\"><span dir=\"auto\" style=\"vertical-align: inherit\">, che inizia con una domanda diretta: &#8220;Vuoi davvero essere un santo?&#8221;. La risposta \u00e8 chiara e breve: &#8220;Compi il piccolo dovere di ogni momento. Fai ci\u00f2 che devi e sii fedele a ci\u00f2 che fai&#8221;.<\/span><\/span><\/p>\n<p data-start=\"502\" data-end=\"855\"><span dir=\"auto\" style=\"vertical-align: inherit\"><span dir=\"auto\" style=\"vertical-align: inherit\">Questo capitolo approfondisce la seconda parte di questa frase. La santit\u00e0 non consiste nel compiere opere straordinarie, avere esperienze mistiche, accumulare formazione o raggiungere un&#8217;efficacia evangelizzatrice eccezionale. Si tratta semplicemente di compiere ci\u00f2 che dobbiamo in ogni momento e di farlo con piena attenzione e amore. Pu\u00f2 sembrare poco, ma \u00e8 tutto.<\/span><\/span><\/p>\n<h3 data-start=\"857\" data-end=\"877\"><strong><span dir=\"auto\" style=\"vertical-align: inherit\"><span dir=\"auto\" style=\"vertical-align: inherit\">Fai quello che devi<\/span><\/span><\/strong><\/h3>\n<p data-start=\"878\" data-end=\"1180\"><span dir=\"auto\" style=\"vertical-align: inherit\"><span dir=\"auto\" style=\"vertical-align: inherit\">&#8220;Fare ci\u00f2 che si deve&#8221; non significa vivere sotto una lista infinita di obblighi, ma piuttosto rispondere a ci\u00f2 che Dio ci propone in ogni momento: facile o difficile, piacevole o doloroso. Questo \u00e8 il cuore del discernimento cristiano: riconoscere la volont\u00e0 di Dio in circostanze specifiche.<\/span><\/span><\/p>\n<p data-start=\"1182\" data-end=\"1226\"><span dir=\"auto\" style=\"vertical-align: inherit\"><span dir=\"auto\" style=\"vertical-align: inherit\">Il discernimento ha diversi livelli:<\/span><\/span><\/p>\n<ul data-start=\"1227\" data-end=\"1594\">\n<li data-start=\"1227\" data-end=\"1301\">\n<p data-start=\"1229\" data-end=\"1301\"><strong data-start=\"1229\" data-end=\"1258\"><span dir=\"auto\" style=\"vertical-align: inherit\"><span dir=\"auto\" style=\"vertical-align: inherit\">Momenti chiave della vita<\/span><\/span><\/strong><span dir=\"auto\" style=\"vertical-align: inherit\"><span dir=\"auto\" style=\"vertical-align: inherit\">, come la scelta di una vocazione o di una carriera.<\/span><\/span><\/p>\n<\/li>\n<li data-start=\"1302\" data-end=\"1417\">\n<p data-start=\"1304\" data-end=\"1417\"><strong data-start=\"1304\" data-end=\"1330\"><span dir=\"auto\" style=\"vertical-align: inherit\"><span dir=\"auto\" style=\"vertical-align: inherit\">Decisioni importanti, ma non definitive<\/span><\/span><\/strong><span dir=\"auto\" style=\"vertical-align: inherit\"><span dir=\"auto\" style=\"vertical-align: inherit\">, come accettare un lavoro o scegliere dove trascorrere le vacanze.<\/span><\/span><\/p>\n<\/li>\n<li data-start=\"1418\" data-end=\"1594\">\n<p data-start=\"1420\" data-end=\"1594\"><strong data-start=\"1420\" data-end=\"1448\"><span dir=\"auto\" style=\"vertical-align: inherit\"><span dir=\"auto\" style=\"vertical-align: inherit\">Discernimento quotidiano<\/span><\/span><\/strong><span dir=\"auto\" style=\"vertical-align: inherit\"><span dir=\"auto\" style=\"vertical-align: inherit\">, che consiste nello scoprire la volont\u00e0 di Dio nel corso della giornata, nelle piccole cose: il tempo, una contrattempo, una gioia o una difficolt\u00e0.<\/span><\/span><\/p>\n<\/li>\n<\/ul>\n<p data-start=\"1596\" data-end=\"1864\"><span dir=\"auto\" style=\"vertical-align: inherit\"><span dir=\"auto\" style=\"vertical-align: inherit\">Lo stile di vita di Cristo si basava su questo atteggiamento: ascoltare il Padre e rispondere affermativamente. Il Vangelo lo illustra in numerose occasioni, come alle nozze di Cana, dove Egli agisce non secondo i propri piani, ma perch\u00e9 \u00e8 giunto il momento secondo la volont\u00e0 di Dio.<\/span><\/span><\/p>\n<p data-start=\"1866\" data-end=\"2146\"><span dir=\"auto\" style=\"vertical-align: inherit\"><span dir=\"auto\" style=\"vertical-align: inherit\">Il comandamento, ci ricorda il Deuteronomio, \u00e8 vicino: nelle persone e nelle circostanze che ci circondano. Il discernimento cristiano consiste nel non &#8220;passare oltre&#8221; come il sacerdote e il levita nella parabola del Buon Samaritano, ma piuttosto nell&#8217;ascoltare ci\u00f2 che Dio propone in ogni situazione.<\/span><\/span><\/p>\n<h3 data-start=\"2148\" data-end=\"2172\"><strong><span dir=\"auto\" style=\"vertical-align: inherit\"><span dir=\"auto\" style=\"vertical-align: inherit\">\u00c8 in quello che fai<\/span><\/span><\/strong><\/h3>\n<p data-start=\"2173\" data-end=\"2515\"><span dir=\"auto\" style=\"vertical-align: inherit\"><span dir=\"auto\" style=\"vertical-align: inherit\">Non basta semplicemente farlo: bisogna farlo con tutto il cuore, con tutta l&#8217;anima e con tutte le forze. Non si tratta di farlo meccanicamente, ma di metterci tutta la persona. Come spiega lo scrittore norvegese Jon Fosse a proposito della letteratura, forma e contenuto devono coincidere; nella vita cristiana, azione e amore devono andare di pari passo.<\/span><\/span><\/p>\n<p data-start=\"2517\" data-end=\"2825\"><span dir=\"auto\" style=\"vertical-align: inherit\"><span dir=\"auto\" style=\"vertical-align: inherit\">San Josemar\u00eda Escriv\u00e1 lo riassunse cos\u00ec: \u00abLe persone dell&#8217;Opera non si sforzano di lavorare, ma di amare\u00bb. La loro azione esteriore pu\u00f2 sembrare la stessa di chiunque altro, ma la forza motrice interiore \u00e8 diversa: \u00e8 l&#8217;amore per Dio. E questo amore pu\u00f2 essere sperimentato nel lavoro, nella conversazione, nella preghiera o nel riposo.<\/span><\/span><\/p>\n<p data-start=\"2827\" data-end=\"3052\"><span dir=\"auto\" style=\"vertical-align: inherit\"><span dir=\"auto\" style=\"vertical-align: inherit\">La santit\u00e0, dunque, \u00e8 un modo di camminare: fare ci\u00f2 che dobbiamo ed essere in ci\u00f2 che facciamo. In questo modo, illuminiamo il mondo, consoliamo Dio e irradiamo una gioia che attrae gli altri, come la luce delle lucciole nella notte.<\/span><\/span><\/p>\n<h3 data-start=\"3054\" data-end=\"3077\"><strong><span dir=\"auto\" style=\"vertical-align: inherit\"><span dir=\"auto\" style=\"vertical-align: inherit\">L&#8217;esempio di Maria<\/span><\/span><\/strong><\/h3>\n<p data-start=\"3078\" data-end=\"3316\"><span dir=\"auto\" style=\"vertical-align: inherit\"><span dir=\"auto\" style=\"vertical-align: inherit\">La Vergine Maria incarna perfettamente questo insegnamento. Non ha compiuto opere che fossero evidenti al mondo. Se le chiedessimo come \u00e8 diventata Madre di Dio, risponderebbe semplicemente: &#8220;Ho fatto quello che dovevo fare, e stavo facendo quello che ho fatto&#8221;.<\/span><\/span><\/p>\n<p data-start=\"3318\" data-end=\"3560\"><span dir=\"auto\" style=\"vertical-align: inherit\"><span dir=\"auto\" style=\"vertical-align: inherit\">Nei momenti difficili, Santa Teresa di Ges\u00f9 diceva: &#8220;Questi sono tempi difficili, tempi di santi&#8221;. La risposta non \u00e8 la paura o il lamento, ma l&#8217;impegno personale: essere luce in mezzo all&#8217;oscurit\u00e0, cominciando dalle cose pi\u00f9 semplici e costanti.<\/span><\/span><\/p>\n","protected":false},"excerpt":{"rendered":"<p>La santit\u00e0 come cammino semplice e profondo secondo lo spirito cristiano<\/p>\n","protected":false},"author":126,"featured_media":131524,"comment_status":"closed","ping_status":"closed","sticky":false,"template":"","format":"standard","meta":{"_acf_changed":false,"_crdt_document":"","inline_featured_image":false,"footnotes":""},"categories":[71],"tags":[30343,36080,69992,37814,69994,51279,23748,28199,69995,41199,69997,69996,33924,3238,33550,20612,69993,64787,706,3855,14223,18711],"class_list":["post-131854","post","type-post","status-publish","format-standard","has-post-thumbnail","hentry","category-analisi","tag-cammino-di-santita","tag-discernimento-spirituale","tag-e-in-cio-che-fai","tag-esempio-di-maria","tag-fa-cio-che-devi","tag-fede-e-opere","tag-luis-herrera-campo-2","tag-maria-madre-di-dio","tag-meditazione-cattolica","tag-nozze-di-cana","tag-parabola-del-buon-samaritano","tag-preghiera-e-azione","tag-riflessioni-cristiane","tag-san-josemaria-escriva","tag-santita-cristiana","tag-spiritualita-cattolica","tag-stile-di-vita-di-cristo","tag-trending-it-236","tag-vangelo","tag-virtu","tag-vita-cristiana","tag-volonta-di-dio"],"acf":[],"yoast_head":"<!-- This site is optimized with the Yoast SEO plugin v27.4 - https:\/\/yoast.com\/product\/yoast-seo-wordpress\/ -->\n<title>Fa&#039; ci\u00f2 che devi e sar\u00e0 in ci\u00f2 che fai &#8211; Exaudi<\/title>\n<meta name=\"robots\" content=\"index, follow, max-snippet:-1, max-image-preview:large, max-video-preview:-1\" \/>\n<link rel=\"canonical\" href=\"https:\/\/exaudi.org\/it\/fa-cio-che-devi-e-sara-in-cio-che-fai\/\" \/>\n<meta property=\"og:locale\" content=\"it_IT\" \/>\n<meta property=\"og:type\" content=\"article\" \/>\n<meta property=\"og:title\" content=\"Fa&#039; ci\u00f2 che devi e sar\u00e0 in ci\u00f2 che fai &#8211; Exaudi\" \/>\n<meta property=\"og:description\" content=\"La santit\u00e0 come cammino semplice e profondo secondo lo spirito cristiano\" \/>\n<meta property=\"og:url\" content=\"https:\/\/exaudi.org\/it\/fa-cio-che-devi-e-sara-in-cio-che-fai\/\" \/>\n<meta property=\"og:site_name\" content=\"Exaudi\" \/>\n<meta property=\"article:publisher\" content=\"https:\/\/www.facebook.com\/ExaudiNews\" \/>\n<meta property=\"article:published_time\" content=\"2025-08-14T17:21:17+00:00\" \/>\n<meta property=\"article:modified_time\" content=\"2025-08-23T17:30:26+00:00\" \/>\n<meta property=\"og:image\" content=\"https:\/\/exaudi.org\/wp-content\/uploads\/2025\/08\/pexels-shvets-production-9052535-scaled.jpg\" \/>\n\t<meta property=\"og:image:width\" content=\"2560\" \/>\n\t<meta property=\"og:image:height\" content=\"1707\" \/>\n\t<meta property=\"og:image:type\" content=\"image\/jpeg\" \/>\n<meta name=\"author\" content=\"Luis Herrera Campo\" \/>\n<meta name=\"twitter:card\" content=\"summary_large_image\" \/>\n<meta name=\"twitter:creator\" content=\"@Exaudi_News\" \/>\n<meta name=\"twitter:site\" content=\"@Exaudi_News\" \/>\n<meta name=\"twitter:label1\" content=\"Scritto da\" \/>\n\t<meta name=\"twitter:data1\" content=\"Luis Herrera Campo\" \/>\n\t<meta name=\"twitter:label2\" content=\"Tempo di lettura stimato\" \/>\n\t<meta name=\"twitter:data2\" content=\"3 minuti\" \/>\n<script type=\"application\/ld+json\" class=\"yoast-schema-graph\">{\"@context\":\"https:\\\/\\\/schema.org\",\"@graph\":[{\"@type\":\"Article\",\"@id\":\"https:\\\/\\\/exaudi.org\\\/it\\\/fa-cio-che-devi-e-sara-in-cio-che-fai\\\/#article\",\"isPartOf\":{\"@id\":\"https:\\\/\\\/exaudi.org\\\/it\\\/fa-cio-che-devi-e-sara-in-cio-che-fai\\\/\"},\"author\":{\"name\":\"Luis Herrera Campo\",\"@id\":\"https:\\\/\\\/exaudi.org\\\/#\\\/schema\\\/person\\\/8ba25804983f8e88d3d71c3808a804bc\"},\"headline\":\"Fa&#8217; ci\u00f2 che devi e sar\u00e0 in ci\u00f2 che fai\",\"datePublished\":\"2025-08-14T17:21:17+00:00\",\"dateModified\":\"2025-08-23T17:30:26+00:00\",\"mainEntityOfPage\":{\"@id\":\"https:\\\/\\\/exaudi.org\\\/it\\\/fa-cio-che-devi-e-sara-in-cio-che-fai\\\/\"},\"wordCount\":552,\"image\":{\"@id\":\"https:\\\/\\\/exaudi.org\\\/it\\\/fa-cio-che-devi-e-sara-in-cio-che-fai\\\/#primaryimage\"},\"thumbnailUrl\":\"https:\\\/\\\/exaudi.org\\\/wp-content\\\/uploads\\\/2025\\\/08\\\/pexels-shvets-production-9052535-scaled.jpg\",\"keywords\":[\"cammino di santit\u00e0\",\"discernimento spirituale\",\"\u00e8 in ci\u00f2 che fai\",\"esempio di Maria\",\"fa' ci\u00f2 che devi\",\"fede e opere\",\"Luis Herrera Campo\",\"Maria Madre di Dio\",\"meditazione cattolica\",\"Nozze di Cana\",\"parabola del Buon Samaritano\",\"preghiera e azione\",\"riflessioni cristiane\",\"San Josemaria Escriv\u00e0\",\"Santit\u00e0 cristiana\",\"SPIRITUALIT\u00c0 CATTOLICA\",\"stile di vita di Cristo\",\"Trending\",\"Vangelo\",\"virt\u00f9\",\"VITA CRISTIANA\",\"VOLONT\u00c0 DI DIO\"],\"articleSection\":[\"Analisi\"],\"inLanguage\":\"it-IT\"},{\"@type\":\"WebPage\",\"@id\":\"https:\\\/\\\/exaudi.org\\\/it\\\/fa-cio-che-devi-e-sara-in-cio-che-fai\\\/\",\"url\":\"https:\\\/\\\/exaudi.org\\\/it\\\/fa-cio-che-devi-e-sara-in-cio-che-fai\\\/\",\"name\":\"Fa' ci\u00f2 che devi e sar\u00e0 in ci\u00f2 che fai &#8211; Exaudi\",\"isPartOf\":{\"@id\":\"https:\\\/\\\/exaudi.org\\\/#website\"},\"primaryImageOfPage\":{\"@id\":\"https:\\\/\\\/exaudi.org\\\/it\\\/fa-cio-che-devi-e-sara-in-cio-che-fai\\\/#primaryimage\"},\"image\":{\"@id\":\"https:\\\/\\\/exaudi.org\\\/it\\\/fa-cio-che-devi-e-sara-in-cio-che-fai\\\/#primaryimage\"},\"thumbnailUrl\":\"https:\\\/\\\/exaudi.org\\\/wp-content\\\/uploads\\\/2025\\\/08\\\/pexels-shvets-production-9052535-scaled.jpg\",\"datePublished\":\"2025-08-14T17:21:17+00:00\",\"dateModified\":\"2025-08-23T17:30:26+00:00\",\"author\":{\"@id\":\"https:\\\/\\\/exaudi.org\\\/#\\\/schema\\\/person\\\/8ba25804983f8e88d3d71c3808a804bc\"},\"breadcrumb\":{\"@id\":\"https:\\\/\\\/exaudi.org\\\/it\\\/fa-cio-che-devi-e-sara-in-cio-che-fai\\\/#breadcrumb\"},\"inLanguage\":\"it-IT\",\"potentialAction\":[{\"@type\":\"ReadAction\",\"target\":[\"https:\\\/\\\/exaudi.org\\\/it\\\/fa-cio-che-devi-e-sara-in-cio-che-fai\\\/\"]}]},{\"@type\":\"ImageObject\",\"inLanguage\":\"it-IT\",\"@id\":\"https:\\\/\\\/exaudi.org\\\/it\\\/fa-cio-che-devi-e-sara-in-cio-che-fai\\\/#primaryimage\",\"url\":\"https:\\\/\\\/exaudi.org\\\/wp-content\\\/uploads\\\/2025\\\/08\\\/pexels-shvets-production-9052535-scaled.jpg\",\"contentUrl\":\"https:\\\/\\\/exaudi.org\\\/wp-content\\\/uploads\\\/2025\\\/08\\\/pexels-shvets-production-9052535-scaled.jpg\",\"width\":2560,\"height\":1707},{\"@type\":\"BreadcrumbList\",\"@id\":\"https:\\\/\\\/exaudi.org\\\/it\\\/fa-cio-che-devi-e-sara-in-cio-che-fai\\\/#breadcrumb\",\"itemListElement\":[{\"@type\":\"ListItem\",\"position\":1,\"name\":\"Portada\",\"item\":\"https:\\\/\\\/exaudi.org\\\/it\\\/\"},{\"@type\":\"ListItem\",\"position\":2,\"name\":\"Fa&#8217; ci\u00f2 che devi e sar\u00e0 in ci\u00f2 che fai\"}]},{\"@type\":\"WebSite\",\"@id\":\"https:\\\/\\\/exaudi.org\\\/#website\",\"url\":\"https:\\\/\\\/exaudi.org\\\/\",\"name\":\"Exaudi\",\"description\":\"News\",\"potentialAction\":[{\"@type\":\"SearchAction\",\"target\":{\"@type\":\"EntryPoint\",\"urlTemplate\":\"https:\\\/\\\/exaudi.org\\\/?s={search_term_string}\"},\"query-input\":{\"@type\":\"PropertyValueSpecification\",\"valueRequired\":true,\"valueName\":\"search_term_string\"}}],\"inLanguage\":\"it-IT\"},{\"@type\":\"Person\",\"@id\":\"https:\\\/\\\/exaudi.org\\\/#\\\/schema\\\/person\\\/8ba25804983f8e88d3d71c3808a804bc\",\"name\":\"Luis Herrera Campo\",\"image\":{\"@type\":\"ImageObject\",\"inLanguage\":\"it-IT\",\"@id\":\"https:\\\/\\\/secure.gravatar.com\\\/avatar\\\/eac7d1a3c11ac010e320a821607af7cd107b34e1bdffe2f58efdf2b0a8d1c6e5?s=96&d=mm&r=g\",\"url\":\"https:\\\/\\\/secure.gravatar.com\\\/avatar\\\/eac7d1a3c11ac010e320a821607af7cd107b34e1bdffe2f58efdf2b0a8d1c6e5?s=96&d=mm&r=g\",\"contentUrl\":\"https:\\\/\\\/secure.gravatar.com\\\/avatar\\\/eac7d1a3c11ac010e320a821607af7cd107b34e1bdffe2f58efdf2b0a8d1c6e5?s=96&d=mm&r=g\",\"caption\":\"Luis Herrera Campo\"},\"description\":\"Nac\u00ed en Burgos, donde vivo. Soy sacerdote del Opus Dei.\",\"sameAs\":[\"https:\\\/\\\/www.youtube.com\\\/@luisherreracampo\\\/featured\"],\"url\":\"https:\\\/\\\/exaudi.org\\\/it\\\/author\\\/luis-herrera-campo\\\/\"}]}<\/script>\n<!-- \/ Yoast SEO plugin. -->","yoast_head_json":{"title":"Fa' ci\u00f2 che devi e sar\u00e0 in ci\u00f2 che fai &#8211; Exaudi","robots":{"index":"index","follow":"follow","max-snippet":"max-snippet:-1","max-image-preview":"max-image-preview:large","max-video-preview":"max-video-preview:-1"},"canonical":"https:\/\/exaudi.org\/it\/fa-cio-che-devi-e-sara-in-cio-che-fai\/","og_locale":"it_IT","og_type":"article","og_title":"Fa' ci\u00f2 che devi e sar\u00e0 in ci\u00f2 che fai &#8211; Exaudi","og_description":"La santit\u00e0 come cammino semplice e profondo secondo lo spirito cristiano","og_url":"https:\/\/exaudi.org\/it\/fa-cio-che-devi-e-sara-in-cio-che-fai\/","og_site_name":"Exaudi","article_publisher":"https:\/\/www.facebook.com\/ExaudiNews","article_published_time":"2025-08-14T17:21:17+00:00","article_modified_time":"2025-08-23T17:30:26+00:00","og_image":[{"width":2560,"height":1707,"url":"https:\/\/exaudi.org\/wp-content\/uploads\/2025\/08\/pexels-shvets-production-9052535-scaled.jpg","type":"image\/jpeg"}],"author":"Luis Herrera Campo","twitter_card":"summary_large_image","twitter_creator":"@Exaudi_News","twitter_site":"@Exaudi_News","twitter_misc":{"Scritto da":"Luis Herrera Campo","Tempo di lettura stimato":"3 minuti"},"schema":{"@context":"https:\/\/schema.org","@graph":[{"@type":"Article","@id":"https:\/\/exaudi.org\/it\/fa-cio-che-devi-e-sara-in-cio-che-fai\/#article","isPartOf":{"@id":"https:\/\/exaudi.org\/it\/fa-cio-che-devi-e-sara-in-cio-che-fai\/"},"author":{"name":"Luis Herrera Campo","@id":"https:\/\/exaudi.org\/#\/schema\/person\/8ba25804983f8e88d3d71c3808a804bc"},"headline":"Fa&#8217; ci\u00f2 che devi e sar\u00e0 in ci\u00f2 che fai","datePublished":"2025-08-14T17:21:17+00:00","dateModified":"2025-08-23T17:30:26+00:00","mainEntityOfPage":{"@id":"https:\/\/exaudi.org\/it\/fa-cio-che-devi-e-sara-in-cio-che-fai\/"},"wordCount":552,"image":{"@id":"https:\/\/exaudi.org\/it\/fa-cio-che-devi-e-sara-in-cio-che-fai\/#primaryimage"},"thumbnailUrl":"https:\/\/exaudi.org\/wp-content\/uploads\/2025\/08\/pexels-shvets-production-9052535-scaled.jpg","keywords":["cammino di santit\u00e0","discernimento spirituale","\u00e8 in ci\u00f2 che fai","esempio di Maria","fa' ci\u00f2 che devi","fede e opere","Luis Herrera Campo","Maria Madre di Dio","meditazione cattolica","Nozze di Cana","parabola del Buon Samaritano","preghiera e azione","riflessioni cristiane","San Josemaria Escriv\u00e0","Santit\u00e0 cristiana","SPIRITUALIT\u00c0 CATTOLICA","stile di vita di Cristo","Trending","Vangelo","virt\u00f9","VITA CRISTIANA","VOLONT\u00c0 DI DIO"],"articleSection":["Analisi"],"inLanguage":"it-IT"},{"@type":"WebPage","@id":"https:\/\/exaudi.org\/it\/fa-cio-che-devi-e-sara-in-cio-che-fai\/","url":"https:\/\/exaudi.org\/it\/fa-cio-che-devi-e-sara-in-cio-che-fai\/","name":"Fa' ci\u00f2 che devi e sar\u00e0 in ci\u00f2 che fai &#8211; Exaudi","isPartOf":{"@id":"https:\/\/exaudi.org\/#website"},"primaryImageOfPage":{"@id":"https:\/\/exaudi.org\/it\/fa-cio-che-devi-e-sara-in-cio-che-fai\/#primaryimage"},"image":{"@id":"https:\/\/exaudi.org\/it\/fa-cio-che-devi-e-sara-in-cio-che-fai\/#primaryimage"},"thumbnailUrl":"https:\/\/exaudi.org\/wp-content\/uploads\/2025\/08\/pexels-shvets-production-9052535-scaled.jpg","datePublished":"2025-08-14T17:21:17+00:00","dateModified":"2025-08-23T17:30:26+00:00","author":{"@id":"https:\/\/exaudi.org\/#\/schema\/person\/8ba25804983f8e88d3d71c3808a804bc"},"breadcrumb":{"@id":"https:\/\/exaudi.org\/it\/fa-cio-che-devi-e-sara-in-cio-che-fai\/#breadcrumb"},"inLanguage":"it-IT","potentialAction":[{"@type":"ReadAction","target":["https:\/\/exaudi.org\/it\/fa-cio-che-devi-e-sara-in-cio-che-fai\/"]}]},{"@type":"ImageObject","inLanguage":"it-IT","@id":"https:\/\/exaudi.org\/it\/fa-cio-che-devi-e-sara-in-cio-che-fai\/#primaryimage","url":"https:\/\/exaudi.org\/wp-content\/uploads\/2025\/08\/pexels-shvets-production-9052535-scaled.jpg","contentUrl":"https:\/\/exaudi.org\/wp-content\/uploads\/2025\/08\/pexels-shvets-production-9052535-scaled.jpg","width":2560,"height":1707},{"@type":"BreadcrumbList","@id":"https:\/\/exaudi.org\/it\/fa-cio-che-devi-e-sara-in-cio-che-fai\/#breadcrumb","itemListElement":[{"@type":"ListItem","position":1,"name":"Portada","item":"https:\/\/exaudi.org\/it\/"},{"@type":"ListItem","position":2,"name":"Fa&#8217; ci\u00f2 che devi e sar\u00e0 in ci\u00f2 che fai"}]},{"@type":"WebSite","@id":"https:\/\/exaudi.org\/#website","url":"https:\/\/exaudi.org\/","name":"Exaudi","description":"News","potentialAction":[{"@type":"SearchAction","target":{"@type":"EntryPoint","urlTemplate":"https:\/\/exaudi.org\/?s={search_term_string}"},"query-input":{"@type":"PropertyValueSpecification","valueRequired":true,"valueName":"search_term_string"}}],"inLanguage":"it-IT"},{"@type":"Person","@id":"https:\/\/exaudi.org\/#\/schema\/person\/8ba25804983f8e88d3d71c3808a804bc","name":"Luis Herrera Campo","image":{"@type":"ImageObject","inLanguage":"it-IT","@id":"https:\/\/secure.gravatar.com\/avatar\/eac7d1a3c11ac010e320a821607af7cd107b34e1bdffe2f58efdf2b0a8d1c6e5?s=96&d=mm&r=g","url":"https:\/\/secure.gravatar.com\/avatar\/eac7d1a3c11ac010e320a821607af7cd107b34e1bdffe2f58efdf2b0a8d1c6e5?s=96&d=mm&r=g","contentUrl":"https:\/\/secure.gravatar.com\/avatar\/eac7d1a3c11ac010e320a821607af7cd107b34e1bdffe2f58efdf2b0a8d1c6e5?s=96&d=mm&r=g","caption":"Luis Herrera Campo"},"description":"Nac\u00ed en Burgos, donde vivo. Soy sacerdote del Opus Dei.","sameAs":["https:\/\/www.youtube.com\/@luisherreracampo\/featured"],"url":"https:\/\/exaudi.org\/it\/author\/luis-herrera-campo\/"}]}},"jetpack_featured_media_url":"https:\/\/exaudi.org\/wp-content\/uploads\/2025\/08\/pexels-shvets-production-9052535-scaled.jpg","jetpack_shortlink":"https:\/\/wp.me\/pgKjF2-yiG","_links":{"self":[{"href":"https:\/\/exaudi.org\/it\/wp-json\/wp\/v2\/posts\/131854","targetHints":{"allow":["GET"]}}],"collection":[{"href":"https:\/\/exaudi.org\/it\/wp-json\/wp\/v2\/posts"}],"about":[{"href":"https:\/\/exaudi.org\/it\/wp-json\/wp\/v2\/types\/post"}],"author":[{"embeddable":true,"href":"https:\/\/exaudi.org\/it\/wp-json\/wp\/v2\/users\/126"}],"replies":[{"embeddable":true,"href":"https:\/\/exaudi.org\/it\/wp-json\/wp\/v2\/comments?post=131854"}],"version-history":[{"count":3,"href":"https:\/\/exaudi.org\/it\/wp-json\/wp\/v2\/posts\/131854\/revisions"}],"predecessor-version":[{"id":131858,"href":"https:\/\/exaudi.org\/it\/wp-json\/wp\/v2\/posts\/131854\/revisions\/131858"}],"wp:featuredmedia":[{"embeddable":true,"href":"https:\/\/exaudi.org\/it\/wp-json\/wp\/v2\/media\/131524"}],"wp:attachment":[{"href":"https:\/\/exaudi.org\/it\/wp-json\/wp\/v2\/media?parent=131854"}],"wp:term":[{"taxonomy":"category","embeddable":true,"href":"https:\/\/exaudi.org\/it\/wp-json\/wp\/v2\/categories?post=131854"},{"taxonomy":"post_tag","embeddable":true,"href":"https:\/\/exaudi.org\/it\/wp-json\/wp\/v2\/tags?post=131854"}],"curies":[{"name":"wp","href":"https:\/\/api.w.org\/{rel}","templated":true}]}}