{"id":131819,"date":"2025-08-23T17:06:06","date_gmt":"2025-08-23T15:06:06","guid":{"rendered":"https:\/\/exaudi.org\/?p=131819"},"modified":"2025-08-23T17:07:51","modified_gmt":"2025-08-23T15:07:51","slug":"riflessione-del-vescovo-enrique-diaz-verranno-dalloriente-e-dalloccidente-e-parteciperanno-al-banchetto-del-regno-di-dio","status":"publish","type":"post","link":"https:\/\/exaudi.org\/it\/riflessione-del-vescovo-enrique-diaz-verranno-dalloriente-e-dalloccidente-e-parteciperanno-al-banchetto-del-regno-di-dio\/","title":{"rendered":"Riflessione del Vescovo Enrique D\u00edaz: &#8220;Verranno dall&#8217;oriente e dall&#8217;occidente e parteciperanno al banchetto del Regno di Dio&#8221;"},"content":{"rendered":"<p><span dir=\"auto\" style=\"vertical-align: inherit\"><span dir=\"auto\" style=\"vertical-align: inherit\">Il vescovo Enrique D\u00edaz D\u00edaz condivide con i lettori di Exaudi la sua riflessione sul\u00a0 <\/span><\/span><a href=\"https:\/\/www.dominicos.org\/predicacion\/homilia\/24-8-2025\/lecturas\/\" target=\"_blank\" rel=\"noopener\"><span dir=\"auto\" style=\"vertical-align: inherit\"><span dir=\"auto\" style=\"vertical-align: inherit\">Vangelo di questa domenica, 24 agosto 2025<\/span><\/span><\/a><span dir=\"auto\" style=\"vertical-align: inherit\"><span dir=\"auto\" style=\"vertical-align: inherit\"> , intitolato:\u00a0 <\/span><\/span><em><span dir=\"auto\" style=\"vertical-align: inherit\"><span dir=\"auto\" style=\"vertical-align: inherit\">\u201cVerranno dall\u2019oriente e dall\u2019occidente e parteciperanno al banchetto del Regno di Dio \u201d <\/span><\/span><\/em><em><span dir=\"auto\" style=\"vertical-align: inherit\"><span dir=\"auto\" style=\"vertical-align: inherit\">.<\/span><\/span><\/em><\/p>\n<p><span dir=\"auto\" style=\"vertical-align: inherit\"><span dir=\"auto\" style=\"vertical-align: inherit\">***<\/span><\/span><\/p>\n<p><span dir=\"auto\" style=\"vertical-align: inherit\"><span dir=\"auto\" style=\"vertical-align: inherit\">Isaia 66:18-21:\u00a0 <\/span><\/span><em><span dir=\"auto\" style=\"vertical-align: inherit\"><span dir=\"auto\" style=\"vertical-align: inherit\">\u201cRicondurranno i tuoi fratelli da tutti i paesi\u201d.<\/span><\/span><\/em><\/p>\n<p><span dir=\"auto\" style=\"vertical-align: inherit\"><span dir=\"auto\" style=\"vertical-align: inherit\">Salmo 116:\u00a0 <\/span><\/span><em><span dir=\"auto\" style=\"vertical-align: inherit\"><span dir=\"auto\" style=\"vertical-align: inherit\">\u201cAndate in tutto il mondo e predicate il Vangelo\u201d<\/span><\/span><\/em><\/p>\n<p><span dir=\"auto\" style=\"vertical-align: inherit\"><span dir=\"auto\" style=\"vertical-align: inherit\">Ebrei 12:5-7, 11-13: <\/span><\/span><em><span dir=\"auto\" style=\"vertical-align: inherit\"><span dir=\"auto\" style=\"vertical-align: inherit\">\u201cIl Signore corregge coloro che ama\u201d.<\/span><\/span><\/em><\/p>\n<p><span dir=\"auto\" style=\"vertical-align: inherit\"><span dir=\"auto\" style=\"vertical-align: inherit\">Luca 13:22-30:\u00a0 <\/span><\/span><em><span dir=\"auto\" style=\"vertical-align: inherit\"><span dir=\"auto\" style=\"vertical-align: inherit\">\u201cVerranno da oriente e da occidente e siederanno a mensa nel regno di Dio\u201d.<\/span><\/span><\/em><\/p>\n<p><span dir=\"auto\" style=\"vertical-align: inherit\"><span dir=\"auto\" style=\"vertical-align: inherit\">Se credessimo alla pubblicit\u00e0 che ci circonda, penseremmo che il mondo sia facile. Che tutto si possa ottenere senza sforzo e che la felicit\u00e0 consista nel non fare quasi nulla e avere quasi tutto. Tutto \u00e8 facile, senza il massimo sacrificio, tutto \u00e8 esteriore e superficiale. E sembrerebbe che, a forza di sentirlo, lo assimilassimo e gi\u00e0 temiamo l&#8217;impegno serio, lo sforzo continuo e una profonda vita interiore. Ma Ges\u00f9 ci presenta una realt\u00e0 ben diversa. Proprio mentre \u00e8 in cammino verso Gerusalemme, dove sar\u00e0 crocifisso, dove dar\u00e0 la sua vita, ci avverte di non illuderci di una religione comoda e autogestita. A quegli ebrei che gli chiedono preoccupati quanti siano i salvati, Ges\u00f9 risponde non sul numero, ma su come vengono salvati. Avverte che la salvezza non \u00e8 qualcosa di meccanico che si ottiene automaticamente. Non basta essere salvati semplicemente appartenendo a un certo popolo, a una certa razza, a una certa tradizione o a un&#8217;istituzione, fosse anche il popolo eletto da cui proviene il Salvatore: <\/span><\/span><em><span dir=\"auto\" style=\"vertical-align: inherit\"><span dir=\"auto\" style=\"vertical-align: inherit\">&#8220;Abbiamo mangiato e bevuto in tua compagnia e tu hai insegnato nelle nostre piazze&#8230; Non so di dove sei&#8221;,<\/span><\/span><\/em><span dir=\"auto\" style=\"vertical-align: inherit\"><span dir=\"auto\" style=\"vertical-align: inherit\"> \u00a0sentiamo nel racconto di Luca. \u00c8 evidente che coloro che parlano e rivendicano privilegi sono ebrei; ma non possiamo ingenuamente pensare che Ges\u00f9 si riferisca esclusivamente agli ebrei del suo tempo. Dobbiamo attualizzare il racconto di Luca: siamo ora in un contesto ecclesiale; qui sentiamo cristiani presentare lo stesso tipo di rivendicazioni: &#8220;Abbiamo profetizzato nel tuo nome, hai compiuto miracoli&#8221;, &#8220;Abbiamo acceso una candela per te&#8221;, &#8220;Una volta ho assistito alla Messa&#8221;, &#8220;Abbiamo una zia suora&#8221;&#8230; ma la risposta del Signore \u00e8 la stessa:\u00a0 <\/span><\/span><em><span dir=\"auto\" style=\"vertical-align: inherit\"><span dir=\"auto\" style=\"vertical-align: inherit\">&#8220;Non vi conosco, allontanatevi da me!&#8221;.<\/span><\/span><\/em><span dir=\"auto\" style=\"vertical-align: inherit\"><span dir=\"auto\" style=\"vertical-align: inherit\"> Pertanto, per essere salvati, non basta il semplice fatto di aver conosciuto Ges\u00f9 e di appartenere alla Chiesa; ci vuole molto di pi\u00f9: impegno, dedizione e fedelt\u00e0.<\/span><\/span><\/p>\n<p><span dir=\"auto\" style=\"vertical-align: inherit\"><span dir=\"auto\" style=\"vertical-align: inherit\">Il Vangelo di oggi presenta due realt\u00e0 che ci danno il senso del Regno: la vera felicit\u00e0 e la comunione perfetta si presentano attorno a una tavola, nella gioia di un pasto, nell&#8217;abbondanza di un banchetto. La gioia di stare insieme ci porta a condividere un pasto comune, a condividere ci\u00f2 che siamo veramente. Il simbolo del Regno appare come un banchetto, luogo di incontro e di comunione. Il banchetto \u00e8 un modo per esprimere che il Regno \u00e8 pienezza, appagamento, festa, gioia, solidariet\u00e0 e fratellanza. Ci viene offerto; siamo invitati, ma dobbiamo entrare. \u00c8 un dono che deve essere accolto. Questo \u00e8 il contrario di ci\u00f2 a cui il nostro mondo ci invita oggi: egoismo, piacere solitario, abbondanza individuale che lascia i nostri fratelli e sorelle nella povert\u00e0 e nella miseria. Non \u00e8 un pasto da fast food, dove lo stomaco \u00e8 pieno ma lo spirito \u00e8 vuoto perch\u00e9 abbiamo vissuto egoisticamente.<\/span><\/span><\/p>\n<p><span dir=\"auto\" style=\"vertical-align: inherit\"><span dir=\"auto\" style=\"vertical-align: inherit\">Invito e impegno, dono e servizio, sono i due poli attorno ai quali si muove la realt\u00e0 del Regno. Appartenere al Popolo di Dio non \u00e8 un privilegio per noi stessi, ma un servizio agli altri. \u00c8 un invito universale. I &#8220;lasciapassare&#8221; per entrare a questo banchetto non si basano su privilegi, ma sulla risposta all&#8217;esperienza interiore del messaggio di Ges\u00f9. La selezione per entrare attraverso la porta stretta del banchetto non consister\u00e0 in titoli e apparenze, ma piuttosto nella scelta di coloro che hanno risposto sinceramente e praticato la giustizia. Solo quando il cuore si \u00e8 aperto agli altri si pu\u00f2 partecipare pienamente al Regno. Questo \u00e8 l&#8217;esatto contrario di ci\u00f2 che accade ai nostri tempi: pochi mangiano abbondantemente e monopolizzano tutti i beni, mentre milioni rimangono fuori a mangiare le briciole.<\/span><\/span><\/p>\n<p><span dir=\"auto\" style=\"vertical-align: inherit\"><span dir=\"auto\" style=\"vertical-align: inherit\">\u00c8 necessario accogliere il messaggio del Regno e viverne le profonde esigenze di conversione. Ges\u00f9 immagina una folla radunata davanti a una porta stretta, ma non si tratta di spingere e sgomitare gli altri per entrare. \u00c8 richiesto uno sforzo per entrare; ma non consiste nel rigore angusto dei farisei, che rimane superficiale: Ges\u00f9 chiama a una conversione radicale, invitandoci a cambiare il nostro cuore e a impegnarci a vivere una vita nuova, dando il primato assoluto a Dio e ai nostri fratelli. Questa conversione non \u00e8 teorica, ma una decisione che cambia il nostro modo di agire ed esige una nuova condotta e un nuovo modo di relazionarci con Dio, con le cose e con i nostri fratelli.<\/span><\/span><\/p>\n<p><span dir=\"auto\" style=\"vertical-align: inherit\"><span dir=\"auto\" style=\"vertical-align: inherit\">Forse nella Chiesa, senza rendercene conto, abbiamo coltivato un atteggiamento che cerca di conquistare il Regno con un cammino sicuro di preghiere, indulgenze e privilegi. Abbiamo dato l&#8217;impressione di conquistare magicamente il paradiso. \u00c8 tempo di tornare alla radice del Vangelo: la piena accoglienza di Ges\u00f9 e della sua via. Non basta appartenere al Popolo di Dio attraverso il Battesimo e compiere alcune pratiche. Non basta aver ascoltato la Parola o addirittura averla insegnata; richiede una testimonianza coerente e un cuore misericordioso; richiede di lasciarci penetrare dallo Spirito di Ges\u00f9 e di trasformare tutta la nostra vita dal di dentro. Richiede di riconoscere tutti gli uomini e le donne come fratelli e sorelle e di condividere con loro la vita, il servizio e i beni come ha fatto Ges\u00f9.<\/span><\/span><\/p>\n<p><span dir=\"auto\" style=\"vertical-align: inherit\"><span dir=\"auto\" style=\"vertical-align: inherit\">La porta del Regno dei Cieli \u00e8 il cuore dei poveri. Siamo entrati nei loro cuori? I poveri sono entrati nei nostri?<\/span><\/span><\/p>\n<p><em><span dir=\"auto\" style=\"vertical-align: inherit\"><span dir=\"auto\" style=\"vertical-align: inherit\">Padre buono, Tu vuoi che tutti siano salvati e partecipino al banchetto della pienezza della vita. Fa&#8217; che possiamo aprire le porte dei nostri cuori ai nostri fratelli e sorelle, condividere i doni che ci hai dato e fare del nostro mondo un segno fraterno del Regno eterno. Amen.<\/span><\/span><\/em><\/p>\n","protected":false},"excerpt":{"rendered":"<p>XXI Domenica del Tempo Ordinario<\/p>\n","protected":false},"author":25,"featured_media":131817,"comment_status":"closed","ping_status":"closed","sticky":false,"template":"","format":"standard","meta":{"_acf_changed":false,"_crdt_document":"","inline_featured_image":false,"footnotes":""},"categories":[73,95],"tags":[10963,10964,64787,706],"class_list":["post-131819","post","type-post","status-publish","format-standard","has-post-thumbnail","hentry","category-chiesa-e-mondo","category-spiritualita","tag-enrique-diaz-2","tag-riflessione","tag-trending-it-236","tag-vangelo"],"acf":[],"yoast_head":"<!-- This site is optimized with the Yoast SEO plugin v27.5 - https:\/\/yoast.com\/product\/yoast-seo-wordpress\/ -->\n<title>Riflessione del Vescovo Enrique D\u00edaz: &quot;Verranno dall&#039;oriente e dall&#039;occidente e parteciperanno al banchetto del Regno di Dio&quot; &#8211; Exaudi<\/title>\n<meta name=\"robots\" content=\"index, follow, max-snippet:-1, max-image-preview:large, max-video-preview:-1\" \/>\n<link rel=\"canonical\" href=\"https:\/\/exaudi.org\/it\/reflection-by-bishop-enrique-diaz-they-will-come-from-the-east-and-the-west-and-will-participate-in-the-banquet-of-the-kingdom-of-god\/\" \/>\n<meta property=\"og:locale\" content=\"it_IT\" \/>\n<meta property=\"og:type\" content=\"article\" \/>\n<meta property=\"og:title\" content=\"Riflessione del Vescovo Enrique D\u00edaz: &quot;Verranno dall&#039;oriente e dall&#039;occidente e parteciperanno al banchetto del Regno di Dio&quot; &#8211; Exaudi\" \/>\n<meta property=\"og:description\" content=\"XXI Domenica del Tempo Ordinario\" \/>\n<meta property=\"og:url\" content=\"https:\/\/exaudi.org\/reflection-by-bishop-enrique-diaz-they-will-come-from-the-east-and-the-west-and-will-participate-in-the-banquet-of-the-kingdom-of-god\/\" \/>\n<meta property=\"og:site_name\" content=\"Exaudi\" \/>\n<meta property=\"article:publisher\" content=\"https:\/\/www.facebook.com\/ExaudiNews\" \/>\n<meta property=\"article:published_time\" content=\"2025-08-23T15:06:06+00:00\" \/>\n<meta property=\"article:modified_time\" content=\"2025-08-23T15:07:51+00:00\" \/>\n<meta property=\"og:image\" content=\"https:\/\/exaudi.org\/wp-content\/uploads\/2025\/08\/wood-9616079_1280.webp\" \/>\n\t<meta property=\"og:image:width\" content=\"960\" \/>\n\t<meta property=\"og:image:height\" content=\"1280\" \/>\n\t<meta property=\"og:image:type\" content=\"image\/webp\" \/>\n<meta name=\"author\" content=\"Enrique D\u00edaz\" \/>\n<meta name=\"twitter:card\" content=\"summary_large_image\" \/>\n<meta name=\"twitter:creator\" content=\"@Exaudi_News\" \/>\n<meta name=\"twitter:site\" content=\"@Exaudi_News\" \/>\n<meta name=\"twitter:label1\" content=\"Scritto da\" \/>\n\t<meta name=\"twitter:data1\" content=\"Enrique D\u00edaz\" \/>\n\t<meta name=\"twitter:label2\" content=\"Tempo di lettura stimato\" \/>\n\t<meta name=\"twitter:data2\" content=\"5 minuti\" \/>\n<script type=\"application\/ld+json\" class=\"yoast-schema-graph\">{\"@context\":\"https:\\\/\\\/schema.org\",\"@graph\":[{\"@type\":\"Article\",\"@id\":\"https:\\\/\\\/exaudi.org\\\/reflection-by-bishop-enrique-diaz-they-will-come-from-the-east-and-the-west-and-will-participate-in-the-banquet-of-the-kingdom-of-god\\\/#article\",\"isPartOf\":{\"@id\":\"https:\\\/\\\/exaudi.org\\\/reflection-by-bishop-enrique-diaz-they-will-come-from-the-east-and-the-west-and-will-participate-in-the-banquet-of-the-kingdom-of-god\\\/\"},\"author\":{\"name\":\"Enrique D\u00edaz\",\"@id\":\"https:\\\/\\\/exaudi.org\\\/#\\\/schema\\\/person\\\/c02ffbd10830fa375f6882f7dcf1844d\"},\"headline\":\"Riflessione del Vescovo Enrique D\u00edaz: &#8220;Verranno dall&#8217;oriente e dall&#8217;occidente e parteciperanno al banchetto del Regno di Dio&#8221;\",\"datePublished\":\"2025-08-23T15:06:06+00:00\",\"dateModified\":\"2025-08-23T15:07:51+00:00\",\"mainEntityOfPage\":{\"@id\":\"https:\\\/\\\/exaudi.org\\\/reflection-by-bishop-enrique-diaz-they-will-come-from-the-east-and-the-west-and-will-participate-in-the-banquet-of-the-kingdom-of-god\\\/\"},\"wordCount\":994,\"image\":{\"@id\":\"https:\\\/\\\/exaudi.org\\\/reflection-by-bishop-enrique-diaz-they-will-come-from-the-east-and-the-west-and-will-participate-in-the-banquet-of-the-kingdom-of-god\\\/#primaryimage\"},\"thumbnailUrl\":\"https:\\\/\\\/exaudi.org\\\/wp-content\\\/uploads\\\/2025\\\/08\\\/wood-9616079_1280.webp\",\"keywords\":[\"ENRIQUE D\u00cdAZ\",\"RIFLESSIONE\",\"Trending\",\"Vangelo\"],\"articleSection\":[\"Chiesa e Mondo\",\"Spiritualit\u00e0\"],\"inLanguage\":\"it-IT\"},{\"@type\":\"WebPage\",\"@id\":\"https:\\\/\\\/exaudi.org\\\/reflection-by-bishop-enrique-diaz-they-will-come-from-the-east-and-the-west-and-will-participate-in-the-banquet-of-the-kingdom-of-god\\\/\",\"url\":\"https:\\\/\\\/exaudi.org\\\/reflection-by-bishop-enrique-diaz-they-will-come-from-the-east-and-the-west-and-will-participate-in-the-banquet-of-the-kingdom-of-god\\\/\",\"name\":\"Riflessione del Vescovo Enrique D\u00edaz: \\\"Verranno dall'oriente e dall'occidente e parteciperanno al banchetto del Regno di Dio\\\" &#8211; Exaudi\",\"isPartOf\":{\"@id\":\"https:\\\/\\\/exaudi.org\\\/#website\"},\"primaryImageOfPage\":{\"@id\":\"https:\\\/\\\/exaudi.org\\\/reflection-by-bishop-enrique-diaz-they-will-come-from-the-east-and-the-west-and-will-participate-in-the-banquet-of-the-kingdom-of-god\\\/#primaryimage\"},\"image\":{\"@id\":\"https:\\\/\\\/exaudi.org\\\/reflection-by-bishop-enrique-diaz-they-will-come-from-the-east-and-the-west-and-will-participate-in-the-banquet-of-the-kingdom-of-god\\\/#primaryimage\"},\"thumbnailUrl\":\"https:\\\/\\\/exaudi.org\\\/wp-content\\\/uploads\\\/2025\\\/08\\\/wood-9616079_1280.webp\",\"datePublished\":\"2025-08-23T15:06:06+00:00\",\"dateModified\":\"2025-08-23T15:07:51+00:00\",\"author\":{\"@id\":\"https:\\\/\\\/exaudi.org\\\/#\\\/schema\\\/person\\\/c02ffbd10830fa375f6882f7dcf1844d\"},\"breadcrumb\":{\"@id\":\"https:\\\/\\\/exaudi.org\\\/reflection-by-bishop-enrique-diaz-they-will-come-from-the-east-and-the-west-and-will-participate-in-the-banquet-of-the-kingdom-of-god\\\/#breadcrumb\"},\"inLanguage\":\"it-IT\",\"potentialAction\":[{\"@type\":\"ReadAction\",\"target\":[\"https:\\\/\\\/exaudi.org\\\/reflection-by-bishop-enrique-diaz-they-will-come-from-the-east-and-the-west-and-will-participate-in-the-banquet-of-the-kingdom-of-god\\\/\"]}]},{\"@type\":\"ImageObject\",\"inLanguage\":\"it-IT\",\"@id\":\"https:\\\/\\\/exaudi.org\\\/reflection-by-bishop-enrique-diaz-they-will-come-from-the-east-and-the-west-and-will-participate-in-the-banquet-of-the-kingdom-of-god\\\/#primaryimage\",\"url\":\"https:\\\/\\\/exaudi.org\\\/wp-content\\\/uploads\\\/2025\\\/08\\\/wood-9616079_1280.webp\",\"contentUrl\":\"https:\\\/\\\/exaudi.org\\\/wp-content\\\/uploads\\\/2025\\\/08\\\/wood-9616079_1280.webp\",\"width\":960,\"height\":1280},{\"@type\":\"BreadcrumbList\",\"@id\":\"https:\\\/\\\/exaudi.org\\\/reflection-by-bishop-enrique-diaz-they-will-come-from-the-east-and-the-west-and-will-participate-in-the-banquet-of-the-kingdom-of-god\\\/#breadcrumb\",\"itemListElement\":[{\"@type\":\"ListItem\",\"position\":1,\"name\":\"Portada\",\"item\":\"https:\\\/\\\/exaudi.org\\\/it\\\/\"},{\"@type\":\"ListItem\",\"position\":2,\"name\":\"Riflessione del Vescovo Enrique D\u00edaz: &#8220;Verranno dall&#8217;oriente e dall&#8217;occidente e parteciperanno al banchetto del Regno di Dio&#8221;\"}]},{\"@type\":\"WebSite\",\"@id\":\"https:\\\/\\\/exaudi.org\\\/#website\",\"url\":\"https:\\\/\\\/exaudi.org\\\/\",\"name\":\"Exaudi\",\"description\":\"News\",\"potentialAction\":[{\"@type\":\"SearchAction\",\"target\":{\"@type\":\"EntryPoint\",\"urlTemplate\":\"https:\\\/\\\/exaudi.org\\\/?s={search_term_string}\"},\"query-input\":{\"@type\":\"PropertyValueSpecification\",\"valueRequired\":true,\"valueName\":\"search_term_string\"}}],\"inLanguage\":\"it-IT\"},{\"@type\":\"Person\",\"@id\":\"https:\\\/\\\/exaudi.org\\\/#\\\/schema\\\/person\\\/c02ffbd10830fa375f6882f7dcf1844d\",\"name\":\"Enrique D\u00edaz\",\"image\":{\"@type\":\"ImageObject\",\"inLanguage\":\"it-IT\",\"@id\":\"https:\\\/\\\/secure.gravatar.com\\\/avatar\\\/7ca10be5325a95d04b74082d68ba605aa69611eb0f68f47096cb1bc349873284?s=96&d=mm&r=g\",\"url\":\"https:\\\/\\\/secure.gravatar.com\\\/avatar\\\/7ca10be5325a95d04b74082d68ba605aa69611eb0f68f47096cb1bc349873284?s=96&d=mm&r=g\",\"contentUrl\":\"https:\\\/\\\/secure.gravatar.com\\\/avatar\\\/7ca10be5325a95d04b74082d68ba605aa69611eb0f68f47096cb1bc349873284?s=96&d=mm&r=g\",\"caption\":\"Enrique D\u00edaz\"},\"description\":\"Naci\u00f3 en Huandacareo, Michoac\u00e1n, M\u00e9xico, en 1952. Realiz\u00f3 sus estudios de Filosof\u00eda y Teolog\u00eda en el Seminario de Morelia. Ordenado di\u00e1cono el 22 de mayo de 1977, y presb\u00edtero el 23 de octubre del mismo a\u00f1o. Obtuvo la Licenciatura en Sagrada Escritura en el Pontificio Instituto B\u00edblico en Roma. Ha desarrollado m\u00faltiples encargos pastorales como el de capell\u00e1n de la rector\u00eda de las Tres Aves Mar\u00edas; responsable de la Pastoral B\u00edblica Diocesana y director de la Escuela B\u00edblica en Morelia; maestro de Biblia en el Seminario Conciliar de Morelia, p\u00e1rroco de la Parroquia de Nuestra Se\u00f1ora de Guadalupe, Col. Guadalupe, Morelia; o vicario episcopal para la Zona de Nuestra Se\u00f1ora de la Luz, P\u00e1tzcuaro. Ordenado obispo auxiliar de san Crist\u00f3bal de las Casas en 2003. En la Conferencia Episcopal form\u00f3 parte de las Comisiones de Biblia, Diaconado y Ministerios Laicales. Fue responsable de las Dimensiones de Ministerios Laicales, de Educaci\u00f3n y Cultura. Ha participado en encuentros latinoamericanos y mundiales sobre el Diaconado Permanente. Actualmente es el responsable de la Dimensi\u00f3n de Pastoral de la Cultura. Particip\u00f3 como Miembro del S\u00ednodo de Obispos sobre la Palabra de Dios en la Vida y Misi\u00f3n de la Iglesia en Roma, en 2008. Recibi\u00f3 el nombramiento de obispo coadjutor de San Crist\u00f3bal de las Casas en 2014. Nombrado II obispo de Irapuato el d\u00eda 11 de marzo, tom\u00f3 posesi\u00f3n el 19 de Mayo. Colabora en varias revistas y publicaciones sobre todo con la reflexi\u00f3n diaria y dominical tanto en audio como escrita.\",\"url\":\"https:\\\/\\\/exaudi.org\\\/it\\\/author\\\/enriquediaz\\\/\"}]}<\/script>\n<!-- \/ Yoast SEO plugin. -->","yoast_head_json":{"title":"Riflessione del Vescovo Enrique D\u00edaz: \"Verranno dall'oriente e dall'occidente e parteciperanno al banchetto del Regno di Dio\" &#8211; Exaudi","robots":{"index":"index","follow":"follow","max-snippet":"max-snippet:-1","max-image-preview":"max-image-preview:large","max-video-preview":"max-video-preview:-1"},"canonical":"https:\/\/exaudi.org\/it\/reflection-by-bishop-enrique-diaz-they-will-come-from-the-east-and-the-west-and-will-participate-in-the-banquet-of-the-kingdom-of-god\/","og_locale":"it_IT","og_type":"article","og_title":"Riflessione del Vescovo Enrique D\u00edaz: \"Verranno dall'oriente e dall'occidente e parteciperanno al banchetto del Regno di Dio\" &#8211; Exaudi","og_description":"XXI Domenica del Tempo Ordinario","og_url":"https:\/\/exaudi.org\/reflection-by-bishop-enrique-diaz-they-will-come-from-the-east-and-the-west-and-will-participate-in-the-banquet-of-the-kingdom-of-god\/","og_site_name":"Exaudi","article_publisher":"https:\/\/www.facebook.com\/ExaudiNews","article_published_time":"2025-08-23T15:06:06+00:00","article_modified_time":"2025-08-23T15:07:51+00:00","og_image":[{"width":960,"height":1280,"url":"https:\/\/exaudi.org\/wp-content\/uploads\/2025\/08\/wood-9616079_1280.webp","type":"image\/webp"}],"author":"Enrique D\u00edaz","twitter_card":"summary_large_image","twitter_creator":"@Exaudi_News","twitter_site":"@Exaudi_News","twitter_misc":{"Scritto da":"Enrique D\u00edaz","Tempo di lettura stimato":"5 minuti"},"schema":{"@context":"https:\/\/schema.org","@graph":[{"@type":"Article","@id":"https:\/\/exaudi.org\/reflection-by-bishop-enrique-diaz-they-will-come-from-the-east-and-the-west-and-will-participate-in-the-banquet-of-the-kingdom-of-god\/#article","isPartOf":{"@id":"https:\/\/exaudi.org\/reflection-by-bishop-enrique-diaz-they-will-come-from-the-east-and-the-west-and-will-participate-in-the-banquet-of-the-kingdom-of-god\/"},"author":{"name":"Enrique D\u00edaz","@id":"https:\/\/exaudi.org\/#\/schema\/person\/c02ffbd10830fa375f6882f7dcf1844d"},"headline":"Riflessione del Vescovo Enrique D\u00edaz: &#8220;Verranno dall&#8217;oriente e dall&#8217;occidente e parteciperanno al banchetto del Regno di Dio&#8221;","datePublished":"2025-08-23T15:06:06+00:00","dateModified":"2025-08-23T15:07:51+00:00","mainEntityOfPage":{"@id":"https:\/\/exaudi.org\/reflection-by-bishop-enrique-diaz-they-will-come-from-the-east-and-the-west-and-will-participate-in-the-banquet-of-the-kingdom-of-god\/"},"wordCount":994,"image":{"@id":"https:\/\/exaudi.org\/reflection-by-bishop-enrique-diaz-they-will-come-from-the-east-and-the-west-and-will-participate-in-the-banquet-of-the-kingdom-of-god\/#primaryimage"},"thumbnailUrl":"https:\/\/exaudi.org\/wp-content\/uploads\/2025\/08\/wood-9616079_1280.webp","keywords":["ENRIQUE D\u00cdAZ","RIFLESSIONE","Trending","Vangelo"],"articleSection":["Chiesa e Mondo","Spiritualit\u00e0"],"inLanguage":"it-IT"},{"@type":"WebPage","@id":"https:\/\/exaudi.org\/reflection-by-bishop-enrique-diaz-they-will-come-from-the-east-and-the-west-and-will-participate-in-the-banquet-of-the-kingdom-of-god\/","url":"https:\/\/exaudi.org\/reflection-by-bishop-enrique-diaz-they-will-come-from-the-east-and-the-west-and-will-participate-in-the-banquet-of-the-kingdom-of-god\/","name":"Riflessione del Vescovo Enrique D\u00edaz: \"Verranno dall'oriente e dall'occidente e parteciperanno al banchetto del Regno di Dio\" &#8211; Exaudi","isPartOf":{"@id":"https:\/\/exaudi.org\/#website"},"primaryImageOfPage":{"@id":"https:\/\/exaudi.org\/reflection-by-bishop-enrique-diaz-they-will-come-from-the-east-and-the-west-and-will-participate-in-the-banquet-of-the-kingdom-of-god\/#primaryimage"},"image":{"@id":"https:\/\/exaudi.org\/reflection-by-bishop-enrique-diaz-they-will-come-from-the-east-and-the-west-and-will-participate-in-the-banquet-of-the-kingdom-of-god\/#primaryimage"},"thumbnailUrl":"https:\/\/exaudi.org\/wp-content\/uploads\/2025\/08\/wood-9616079_1280.webp","datePublished":"2025-08-23T15:06:06+00:00","dateModified":"2025-08-23T15:07:51+00:00","author":{"@id":"https:\/\/exaudi.org\/#\/schema\/person\/c02ffbd10830fa375f6882f7dcf1844d"},"breadcrumb":{"@id":"https:\/\/exaudi.org\/reflection-by-bishop-enrique-diaz-they-will-come-from-the-east-and-the-west-and-will-participate-in-the-banquet-of-the-kingdom-of-god\/#breadcrumb"},"inLanguage":"it-IT","potentialAction":[{"@type":"ReadAction","target":["https:\/\/exaudi.org\/reflection-by-bishop-enrique-diaz-they-will-come-from-the-east-and-the-west-and-will-participate-in-the-banquet-of-the-kingdom-of-god\/"]}]},{"@type":"ImageObject","inLanguage":"it-IT","@id":"https:\/\/exaudi.org\/reflection-by-bishop-enrique-diaz-they-will-come-from-the-east-and-the-west-and-will-participate-in-the-banquet-of-the-kingdom-of-god\/#primaryimage","url":"https:\/\/exaudi.org\/wp-content\/uploads\/2025\/08\/wood-9616079_1280.webp","contentUrl":"https:\/\/exaudi.org\/wp-content\/uploads\/2025\/08\/wood-9616079_1280.webp","width":960,"height":1280},{"@type":"BreadcrumbList","@id":"https:\/\/exaudi.org\/reflection-by-bishop-enrique-diaz-they-will-come-from-the-east-and-the-west-and-will-participate-in-the-banquet-of-the-kingdom-of-god\/#breadcrumb","itemListElement":[{"@type":"ListItem","position":1,"name":"Portada","item":"https:\/\/exaudi.org\/it\/"},{"@type":"ListItem","position":2,"name":"Riflessione del Vescovo Enrique D\u00edaz: &#8220;Verranno dall&#8217;oriente e dall&#8217;occidente e parteciperanno al banchetto del Regno di Dio&#8221;"}]},{"@type":"WebSite","@id":"https:\/\/exaudi.org\/#website","url":"https:\/\/exaudi.org\/","name":"Exaudi","description":"News","potentialAction":[{"@type":"SearchAction","target":{"@type":"EntryPoint","urlTemplate":"https:\/\/exaudi.org\/?s={search_term_string}"},"query-input":{"@type":"PropertyValueSpecification","valueRequired":true,"valueName":"search_term_string"}}],"inLanguage":"it-IT"},{"@type":"Person","@id":"https:\/\/exaudi.org\/#\/schema\/person\/c02ffbd10830fa375f6882f7dcf1844d","name":"Enrique D\u00edaz","image":{"@type":"ImageObject","inLanguage":"it-IT","@id":"https:\/\/secure.gravatar.com\/avatar\/7ca10be5325a95d04b74082d68ba605aa69611eb0f68f47096cb1bc349873284?s=96&d=mm&r=g","url":"https:\/\/secure.gravatar.com\/avatar\/7ca10be5325a95d04b74082d68ba605aa69611eb0f68f47096cb1bc349873284?s=96&d=mm&r=g","contentUrl":"https:\/\/secure.gravatar.com\/avatar\/7ca10be5325a95d04b74082d68ba605aa69611eb0f68f47096cb1bc349873284?s=96&d=mm&r=g","caption":"Enrique D\u00edaz"},"description":"Naci\u00f3 en Huandacareo, Michoac\u00e1n, M\u00e9xico, en 1952. Realiz\u00f3 sus estudios de Filosof\u00eda y Teolog\u00eda en el Seminario de Morelia. Ordenado di\u00e1cono el 22 de mayo de 1977, y presb\u00edtero el 23 de octubre del mismo a\u00f1o. Obtuvo la Licenciatura en Sagrada Escritura en el Pontificio Instituto B\u00edblico en Roma. Ha desarrollado m\u00faltiples encargos pastorales como el de capell\u00e1n de la rector\u00eda de las Tres Aves Mar\u00edas; responsable de la Pastoral B\u00edblica Diocesana y director de la Escuela B\u00edblica en Morelia; maestro de Biblia en el Seminario Conciliar de Morelia, p\u00e1rroco de la Parroquia de Nuestra Se\u00f1ora de Guadalupe, Col. Guadalupe, Morelia; o vicario episcopal para la Zona de Nuestra Se\u00f1ora de la Luz, P\u00e1tzcuaro. Ordenado obispo auxiliar de san Crist\u00f3bal de las Casas en 2003. En la Conferencia Episcopal form\u00f3 parte de las Comisiones de Biblia, Diaconado y Ministerios Laicales. Fue responsable de las Dimensiones de Ministerios Laicales, de Educaci\u00f3n y Cultura. Ha participado en encuentros latinoamericanos y mundiales sobre el Diaconado Permanente. Actualmente es el responsable de la Dimensi\u00f3n de Pastoral de la Cultura. Particip\u00f3 como Miembro del S\u00ednodo de Obispos sobre la Palabra de Dios en la Vida y Misi\u00f3n de la Iglesia en Roma, en 2008. Recibi\u00f3 el nombramiento de obispo coadjutor de San Crist\u00f3bal de las Casas en 2014. Nombrado II obispo de Irapuato el d\u00eda 11 de marzo, tom\u00f3 posesi\u00f3n el 19 de Mayo. Colabora en varias revistas y publicaciones sobre todo con la reflexi\u00f3n diaria y dominical tanto en audio como escrita.","url":"https:\/\/exaudi.org\/it\/author\/enriquediaz\/"}]}},"jetpack_featured_media_url":"https:\/\/exaudi.org\/wp-content\/uploads\/2025\/08\/wood-9616079_1280.webp","jetpack_shortlink":"https:\/\/wp.me\/pgKjF2-yi7","_links":{"self":[{"href":"https:\/\/exaudi.org\/it\/wp-json\/wp\/v2\/posts\/131819","targetHints":{"allow":["GET"]}}],"collection":[{"href":"https:\/\/exaudi.org\/it\/wp-json\/wp\/v2\/posts"}],"about":[{"href":"https:\/\/exaudi.org\/it\/wp-json\/wp\/v2\/types\/post"}],"author":[{"embeddable":true,"href":"https:\/\/exaudi.org\/it\/wp-json\/wp\/v2\/users\/25"}],"replies":[{"embeddable":true,"href":"https:\/\/exaudi.org\/it\/wp-json\/wp\/v2\/comments?post=131819"}],"version-history":[{"count":3,"href":"https:\/\/exaudi.org\/it\/wp-json\/wp\/v2\/posts\/131819\/revisions"}],"predecessor-version":[{"id":131822,"href":"https:\/\/exaudi.org\/it\/wp-json\/wp\/v2\/posts\/131819\/revisions\/131822"}],"wp:featuredmedia":[{"embeddable":true,"href":"https:\/\/exaudi.org\/it\/wp-json\/wp\/v2\/media\/131817"}],"wp:attachment":[{"href":"https:\/\/exaudi.org\/it\/wp-json\/wp\/v2\/media?parent=131819"}],"wp:term":[{"taxonomy":"category","embeddable":true,"href":"https:\/\/exaudi.org\/it\/wp-json\/wp\/v2\/categories?post=131819"},{"taxonomy":"post_tag","embeddable":true,"href":"https:\/\/exaudi.org\/it\/wp-json\/wp\/v2\/tags?post=131819"}],"curies":[{"name":"wp","href":"https:\/\/api.w.org\/{rel}","templated":true}]}}