{"id":131797,"date":"2025-08-15T16:01:26","date_gmt":"2025-08-15T14:01:26","guid":{"rendered":"https:\/\/exaudi.org\/?p=131797"},"modified":"2025-08-23T17:30:02","modified_gmt":"2025-08-23T15:30:02","slug":"il-papa-maria-e-quella-rete-di-grazia-e-liberta-che-ci-ispira-fiducia","status":"publish","type":"post","link":"https:\/\/exaudi.org\/it\/il-papa-maria-e-quella-rete-di-grazia-e-liberta-che-ci-ispira-fiducia\/","title":{"rendered":"Il Papa: Maria \u00e8 quella rete di grazia e libert\u00e0 che ci ispira fiducia"},"content":{"rendered":"<p>Alle ore 10:00 del 15 agosto 2025, Solennit\u00e0 dell&#8217;Assunzione della Beata Vergine Maria, il Santo Padre Leone XIV ha presieduto la Santa Messa nella Parrocchia Pontificia di San Tommaso da Villanova a Castel Gandolfo.<\/p>\n<p>Di seguito l&#8217;omelia pronunciata dal Papa durante la celebrazione eucaristica, dopo la proclamazione del Vangelo:<\/p>\n<p>***<\/p>\n<h3><strong>Omelia del Papa<\/strong><\/h3>\n<p><i>Sorelle e fratelli carissimi,<\/i><\/p>\n<p>oggi non \u00e8 domenica, ma in modo diverso celebriamo la Pasqua di Ges\u00f9 che cambia la storia. In Maria di Nazaret c\u2019\u00e8 la nostra storia, la storia della Chiesa immersa nella comune umanit\u00e0. Incarnandosi in essa il Dio della vita, il Dio della libert\u00e0 ha vinto la morte. S\u00ec, oggi contempliamo come Dio vince la morte, mai senza di noi. Suo \u00e8 il regno, ma nostro \u00e8 il \u201cs\u00ec\u201d al suo amore che tutto pu\u00f2 cambiare. Sulla croce Ges\u00f9 liberamente ha pronunciato il \u201cs\u00ec\u201d che doveva svuotare di potere la morte, quella morte che ancora dilaga quando le nostre mani crocifiggono e i nostri cuori sono prigionieri della paura, della diffidenza. Sulla croce la fiducia ha vinto, ha vinto l\u2019amore che vede ci\u00f2 che ancora non c\u2019\u00e8, ha vinto il perdono.<\/p>\n<p>E Maria c\u2019era: era l\u00e0, unita al Figlio. Possiamo oggi intuire che Maria siamo noi quando non fuggiamo, siamo noi quando rispondiamo col nostro \u201cs\u00ec\u201d al suo \u201cs\u00ec\u201d. Nei martiri del nostro tempo, nei testimoni di fede e di giustizia, di mitezza e di pace, quel \u201cs\u00ec\u201d vive ancora e ancora contrasta la morte. Cos\u00ec questo giorno di gioia \u00e8 un giorno che ci impegna a scegliere\u00a0<i>come<\/i>\u00a0e\u00a0<i>per chi<\/i>\u00a0vivere.<\/p>\n<p>La liturgia di questa festa dell\u2019Assunta ci ha proposto il brano evangelico della Visitazione. San Luca trasmette in questa pagina la memoria di un momento cruciale nella vocazione di Maria. \u00c8 bello ritornare a quel momento nel giorno in cui celebriamo il traguardo della sua esistenza. Ogni storia, anche quella della Madre di Dio, sulla terra \u00e8 breve e finisce. Nulla per\u00f2 va disperso. Cos\u00ec, quando una vita si chiude, la sua unicit\u00e0 brilla pi\u00f9 chiara. Il\u00a0<i>Magnificat<\/i>, che il Vangelo pone sulle labbra della giovane Maria, ora sprigiona la luce di tutti i suoi giorni. Un singolo giorno, quello dell\u2019incontro con la cugina Elisabetta, contiene il segreto di ogni altro giorno, di ogni altra stagione. E le parole non bastano: occorre un canto, che nella Chiesa continua a essere cantato, \u00abdi generazione in generazione\u00bb (<i>Lc<\/i>\u00a01,50), al tramonto di ogni giornata. La fecondit\u00e0 sorprendente della sterile Elisabetta conferm\u00f2 Maria nella sua fiducia: le anticip\u00f2 la fecondit\u00e0 del suo \u201cs\u00ec\u201d, che si prolunga nella fecondit\u00e0 della Chiesa e dell\u2019intera umanit\u00e0, quando \u00e8 accolta la Parola rinnovatrice di Dio. Quel giorno due donne si incontrarono nella fede, poi rimasero tre mesi insieme a sostenersi, non solo nelle cose pratiche, ma in un nuovo modo di leggere la storia.<\/p>\n<p>Cos\u00ec, sorelle e fratelli, la Risurrezione entra anche oggi nel nostro mondo. Le parole e le scelte di morte sembrano prevalere, ma la vita di Dio interrompe la disperazione attraverso concrete esperienze di fraternit\u00e0, attraverso nuovi gesti di solidariet\u00e0. Prima di essere il nostro destino ultimo, infatti, la Risurrezione modifica \u2013 anima e corpo \u2013 il nostro abitare la terra. Il canto di Maria, il suo\u00a0<i>Magnificat<\/i>, rafforza nella speranza gli umili, gli affamati, i servi operosi di Dio. Sono le donne e gli uomini delle Beatitudini, che ancora nella tribolazione gi\u00e0 vedono l\u2019invisibile: i potenti rovesciati dai troni, i ricchi a mani vuote, le promesse di Dio realizzate. Si tratta di esperienze che, in ogni comunit\u00e0 cristiana, dobbiamo tutti poter dire di aver vissuto. Sembrano impossibili, ma la Parola di Dio ancora viene alla luce. Quando nascono i legami con cui opponiamo al male il bene, alla morte la vita, allora vediamo che nulla \u00e8 impossibile con Dio (cfr\u00a0<i>Lc<\/i>\u00a01,37).<\/p>\n<p>A volte, purtroppo, dove prevalgono le sicurezze umane, un certo benessere materiale e quella rilassatezza che addormenta le coscienze, questa fede pu\u00f2 invecchiare. Allora subentra la morte, nelle forme della rassegnazione e del lamento, della nostalgia e dell\u2019insicurezza. Invece di vedere il mondo vecchio finire, se ne cerca ancora il soccorso: il soccorso dei ricchi, dei potenti, che in genere si accompagna al disprezzo dei poveri e degli umili. La Chiesa, per\u00f2, vive nelle sue fragili membra, ringiovanisce grazie al loro\u00a0<i>Magnificat<\/i>. Anche oggi le comunit\u00e0 cristiane povere e perseguitate, i testimoni della tenerezza e del perdono nei luoghi di conflitto, gli operatori di pace e i costruttori di ponti in un mondo a pezzi sono la gioia della Chiesa, sono la sua permanente fecondit\u00e0, le primizie del Regno che viene. Molti di loro sono donne, come l\u2019anziana Elisabetta e la giovane Maria: donne pasquali, apostole della Risurrezione. Lasciamoci convertire dalla loro testimonianza!<\/p>\n<p>Fratelli e sorelle, quando in questa vita \u201cscegliamo la vita\u201d (cfr\u00a0<i>Dt<\/i>\u00a030,19), allora in Maria, assunta in Cielo, abbiamo ragione di vedere il nostro destino. Lei ci \u00e8 donata come il segno che la Risurrezione di Ges\u00f9 non \u00e8 stata un caso isolato, un\u2019eccezione. Tutti, in Cristo, possiamo inghiottire la morte (cfr\u00a0<i>1Cor<\/i>\u00a015,54). Certo, \u00e8 un\u2019opera di Dio, non nostra. Tuttavia, Maria \u00e8 quell\u2019intreccio di grazia e libert\u00e0 che sospinge ognuno di noi alla fiducia, al coraggio, al coinvolgimento nella vita di un popolo. \u00abGrandi cose ha fatto per me l\u2019Onnipotente\u00bb (<i>Lc<\/i>\u00a01,49): possa ognuno di noi sperimentare questa gioia e testimoniarla con un canto nuovo. Non abbiamo paura di scegliere la vita! Pu\u00f2 sembrare in genere pericoloso, imprudente. Quante voci sono sempre l\u00ec a sussurrarci: \u201cChi te lo fa fare? Lascia perdere! Pensa ai tuoi interessi\u201d. Queste sono voci di morte. Noi invece siamo discepoli di Cristo. \u00c8 il suo amore che ci spinge, anima e corpo, nel nostro tempo. Come singoli e come Chiesa noi non viviamo pi\u00f9 per noi stessi. \u00c8 proprio questo \u2013 \u00e8 solo questo \u2013 a diffondere la vita e a far prevalere la vita. La nostra vittoria sulla morte inizia fin da ora.<\/p>\n<p>&nbsp;<\/p>\n","protected":false},"excerpt":{"rendered":"<p>Il Papa: Maria \u00e8 quella rete di grazia e libert\u00e0 che ci ispira fiducia<\/p>\n","protected":false},"author":17,"featured_media":131644,"comment_status":"closed","ping_status":"closed","sticky":false,"template":"","format":"standard","meta":{"_acf_changed":false,"_crdt_document":"","inline_featured_image":false,"footnotes":""},"categories":[67,113],"tags":[9859,6372,64787],"class_list":["post-131797","post","type-post","status-publish","format-standard","has-post-thumbnail","hentry","category-leone-xiv","category-omelie","tag-assunzione-di-maria","tag-omelia","tag-trending-it-236"],"acf":[],"yoast_head":"<!-- This site is optimized with the Yoast SEO plugin v27.4 - https:\/\/yoast.com\/product\/yoast-seo-wordpress\/ -->\n<title>Il Papa: Maria \u00e8 quella rete di grazia e libert\u00e0 che ci ispira fiducia &#8211; Exaudi<\/title>\n<meta name=\"robots\" content=\"index, follow, max-snippet:-1, max-image-preview:large, max-video-preview:-1\" \/>\n<link rel=\"canonical\" href=\"https:\/\/exaudi.org\/it\/il-papa-maria-e-quella-rete-di-grazia-e-liberta-che-ci-ispira-fiducia\/\" \/>\n<meta property=\"og:locale\" content=\"it_IT\" \/>\n<meta property=\"og:type\" content=\"article\" \/>\n<meta property=\"og:title\" content=\"Il Papa: Maria \u00e8 quella rete di grazia e libert\u00e0 che ci ispira fiducia &#8211; Exaudi\" \/>\n<meta property=\"og:description\" content=\"Il Papa: Maria \u00e8 quella rete di grazia e libert\u00e0 che ci ispira fiducia\" \/>\n<meta property=\"og:url\" content=\"https:\/\/exaudi.org\/it\/il-papa-maria-e-quella-rete-di-grazia-e-liberta-che-ci-ispira-fiducia\/\" \/>\n<meta property=\"og:site_name\" content=\"Exaudi\" \/>\n<meta property=\"article:publisher\" content=\"https:\/\/www.facebook.com\/ExaudiNews\" \/>\n<meta property=\"article:author\" content=\"https:\/\/www.facebook.com\/ExaudiNotizie\/\" \/>\n<meta property=\"article:published_time\" content=\"2025-08-15T14:01:26+00:00\" \/>\n<meta property=\"article:modified_time\" content=\"2025-08-23T15:30:02+00:00\" \/>\n<meta property=\"og:image\" content=\"https:\/\/exaudi.org\/wp-content\/uploads\/2025\/08\/cq5dam.web_.800.800-2025-08-20T115328.862.jpeg\" \/>\n\t<meta property=\"og:image:width\" content=\"800\" \/>\n\t<meta property=\"og:image:height\" content=\"533\" \/>\n\t<meta property=\"og:image:type\" content=\"image\/jpeg\" \/>\n<meta name=\"author\" content=\"Exaudi Redazione\" \/>\n<meta name=\"twitter:card\" content=\"summary_large_image\" \/>\n<meta name=\"twitter:creator\" content=\"@Exaudi_Notizie\" \/>\n<meta name=\"twitter:site\" content=\"@Exaudi_News\" \/>\n<meta name=\"twitter:label1\" content=\"Scritto da\" \/>\n\t<meta name=\"twitter:data1\" content=\"Exaudi Redazione\" \/>\n\t<meta name=\"twitter:label2\" content=\"Tempo di lettura stimato\" \/>\n\t<meta name=\"twitter:data2\" content=\"5 minuti\" \/>\n<script type=\"application\/ld+json\" class=\"yoast-schema-graph\">{\"@context\":\"https:\\\/\\\/schema.org\",\"@graph\":[{\"@type\":\"Article\",\"@id\":\"https:\\\/\\\/exaudi.org\\\/it\\\/il-papa-maria-e-quella-rete-di-grazia-e-liberta-che-ci-ispira-fiducia\\\/#article\",\"isPartOf\":{\"@id\":\"https:\\\/\\\/exaudi.org\\\/it\\\/il-papa-maria-e-quella-rete-di-grazia-e-liberta-che-ci-ispira-fiducia\\\/\"},\"author\":{\"name\":\"Exaudi Redazione\",\"@id\":\"https:\\\/\\\/exaudi.org\\\/#\\\/schema\\\/person\\\/e1ab6ed07c01774724dd96f925f3a5f0\"},\"headline\":\"Il Papa: Maria \u00e8 quella rete di grazia e libert\u00e0 che ci ispira fiducia\",\"datePublished\":\"2025-08-15T14:01:26+00:00\",\"dateModified\":\"2025-08-23T15:30:02+00:00\",\"mainEntityOfPage\":{\"@id\":\"https:\\\/\\\/exaudi.org\\\/it\\\/il-papa-maria-e-quella-rete-di-grazia-e-liberta-che-ci-ispira-fiducia\\\/\"},\"wordCount\":984,\"image\":{\"@id\":\"https:\\\/\\\/exaudi.org\\\/it\\\/il-papa-maria-e-quella-rete-di-grazia-e-liberta-che-ci-ispira-fiducia\\\/#primaryimage\"},\"thumbnailUrl\":\"https:\\\/\\\/exaudi.org\\\/wp-content\\\/uploads\\\/2025\\\/08\\\/cq5dam.web_.800.800-2025-08-20T115328.862.jpeg\",\"keywords\":[\"Assunzione di Maria\",\"Omelia\",\"Trending\"],\"articleSection\":[\"Leone XIV\",\"Omelie\"],\"inLanguage\":\"it-IT\"},{\"@type\":\"WebPage\",\"@id\":\"https:\\\/\\\/exaudi.org\\\/it\\\/il-papa-maria-e-quella-rete-di-grazia-e-liberta-che-ci-ispira-fiducia\\\/\",\"url\":\"https:\\\/\\\/exaudi.org\\\/it\\\/il-papa-maria-e-quella-rete-di-grazia-e-liberta-che-ci-ispira-fiducia\\\/\",\"name\":\"Il Papa: Maria \u00e8 quella rete di grazia e libert\u00e0 che ci ispira fiducia &#8211; Exaudi\",\"isPartOf\":{\"@id\":\"https:\\\/\\\/exaudi.org\\\/#website\"},\"primaryImageOfPage\":{\"@id\":\"https:\\\/\\\/exaudi.org\\\/it\\\/il-papa-maria-e-quella-rete-di-grazia-e-liberta-che-ci-ispira-fiducia\\\/#primaryimage\"},\"image\":{\"@id\":\"https:\\\/\\\/exaudi.org\\\/it\\\/il-papa-maria-e-quella-rete-di-grazia-e-liberta-che-ci-ispira-fiducia\\\/#primaryimage\"},\"thumbnailUrl\":\"https:\\\/\\\/exaudi.org\\\/wp-content\\\/uploads\\\/2025\\\/08\\\/cq5dam.web_.800.800-2025-08-20T115328.862.jpeg\",\"datePublished\":\"2025-08-15T14:01:26+00:00\",\"dateModified\":\"2025-08-23T15:30:02+00:00\",\"author\":{\"@id\":\"https:\\\/\\\/exaudi.org\\\/#\\\/schema\\\/person\\\/e1ab6ed07c01774724dd96f925f3a5f0\"},\"breadcrumb\":{\"@id\":\"https:\\\/\\\/exaudi.org\\\/it\\\/il-papa-maria-e-quella-rete-di-grazia-e-liberta-che-ci-ispira-fiducia\\\/#breadcrumb\"},\"inLanguage\":\"it-IT\",\"potentialAction\":[{\"@type\":\"ReadAction\",\"target\":[\"https:\\\/\\\/exaudi.org\\\/it\\\/il-papa-maria-e-quella-rete-di-grazia-e-liberta-che-ci-ispira-fiducia\\\/\"]}]},{\"@type\":\"ImageObject\",\"inLanguage\":\"it-IT\",\"@id\":\"https:\\\/\\\/exaudi.org\\\/it\\\/il-papa-maria-e-quella-rete-di-grazia-e-liberta-che-ci-ispira-fiducia\\\/#primaryimage\",\"url\":\"https:\\\/\\\/exaudi.org\\\/wp-content\\\/uploads\\\/2025\\\/08\\\/cq5dam.web_.800.800-2025-08-20T115328.862.jpeg\",\"contentUrl\":\"https:\\\/\\\/exaudi.org\\\/wp-content\\\/uploads\\\/2025\\\/08\\\/cq5dam.web_.800.800-2025-08-20T115328.862.jpeg\",\"width\":800,\"height\":533},{\"@type\":\"BreadcrumbList\",\"@id\":\"https:\\\/\\\/exaudi.org\\\/it\\\/il-papa-maria-e-quella-rete-di-grazia-e-liberta-che-ci-ispira-fiducia\\\/#breadcrumb\",\"itemListElement\":[{\"@type\":\"ListItem\",\"position\":1,\"name\":\"Portada\",\"item\":\"https:\\\/\\\/exaudi.org\\\/it\\\/\"},{\"@type\":\"ListItem\",\"position\":2,\"name\":\"Il Papa: Maria \u00e8 quella rete di grazia e libert\u00e0 che ci ispira fiducia\"}]},{\"@type\":\"WebSite\",\"@id\":\"https:\\\/\\\/exaudi.org\\\/#website\",\"url\":\"https:\\\/\\\/exaudi.org\\\/\",\"name\":\"Exaudi\",\"description\":\"News\",\"potentialAction\":[{\"@type\":\"SearchAction\",\"target\":{\"@type\":\"EntryPoint\",\"urlTemplate\":\"https:\\\/\\\/exaudi.org\\\/?s={search_term_string}\"},\"query-input\":{\"@type\":\"PropertyValueSpecification\",\"valueRequired\":true,\"valueName\":\"search_term_string\"}}],\"inLanguage\":\"it-IT\"},{\"@type\":\"Person\",\"@id\":\"https:\\\/\\\/exaudi.org\\\/#\\\/schema\\\/person\\\/e1ab6ed07c01774724dd96f925f3a5f0\",\"name\":\"Exaudi Redazione\",\"image\":{\"@type\":\"ImageObject\",\"inLanguage\":\"it-IT\",\"@id\":\"https:\\\/\\\/secure.gravatar.com\\\/avatar\\\/ad6774b3ada023bf5b939d64f45c94b3adf91502dd883507d469b4308a943bb3?s=96&d=mm&r=g\",\"url\":\"https:\\\/\\\/secure.gravatar.com\\\/avatar\\\/ad6774b3ada023bf5b939d64f45c94b3adf91502dd883507d469b4308a943bb3?s=96&d=mm&r=g\",\"contentUrl\":\"https:\\\/\\\/secure.gravatar.com\\\/avatar\\\/ad6774b3ada023bf5b939d64f45c94b3adf91502dd883507d469b4308a943bb3?s=96&d=mm&r=g\",\"caption\":\"Exaudi Redazione\"},\"description\":\"Che cosa \u00e8 Exaudi News? Exaudi News \u00e8 un agenzia cattolica internazionale che informa, istruisce e trasforma quotidianamente in spagnolo, inglese e italiano. Attraverso notizie, articoli di analisi e trasmissioni in diretta degli eventi del Papa, Exaudi cerca di rafforzare l'unit\u00e0 dei cristiani e di contribuire all'evangelizzazione del mondo, sempre guidato dalla dottrina sociale della Chiesa. Lavoriamo per portare la verit\u00e0 e i valori cristiani in ogni angolo del pianeta. Aiutaci a trasformare il mondo con Exaudi! Noi di Exaudi crediamo che l'evangelizzazione e l'informazione di qualit\u00e0 possano cambiare la vita. Per continuare la nostra missione ed espandere la nostra portata, abbiamo bisogno del tuo aiuto. Stiamo anche cercando persone motivate che vogliano unirsi al nostro team. Grazie al vostro sostegno raggiungeremo pi\u00f9 persone, diffonderemo il messaggio di Cristo e rafforzeremo l'unit\u00e0 dei cristiani. Vuoi unirti alla nostra missione? Per maggiori informazioni su come contribuire, visita Exaudi.org\\\/it o contattaci direttamente: info@exaudi.org Exaudi: informa, forma e trasforma.\",\"sameAs\":[\"https:\\\/\\\/www.facebook.com\\\/ExaudiNotizie\\\/\",\"https:\\\/\\\/www.instagram.com\\\/Exaudi_notizie\\\/\",\"https:\\\/\\\/x.com\\\/Exaudi_Notizie\",\"https:\\\/\\\/www.youtube.com\\\/@exaudicatholicnews\"],\"url\":\"https:\\\/\\\/exaudi.org\\\/it\\\/author\\\/dlvedi-org\\\/\"}]}<\/script>\n<!-- \/ Yoast SEO plugin. -->","yoast_head_json":{"title":"Il Papa: Maria \u00e8 quella rete di grazia e libert\u00e0 che ci ispira fiducia &#8211; Exaudi","robots":{"index":"index","follow":"follow","max-snippet":"max-snippet:-1","max-image-preview":"max-image-preview:large","max-video-preview":"max-video-preview:-1"},"canonical":"https:\/\/exaudi.org\/it\/il-papa-maria-e-quella-rete-di-grazia-e-liberta-che-ci-ispira-fiducia\/","og_locale":"it_IT","og_type":"article","og_title":"Il Papa: Maria \u00e8 quella rete di grazia e libert\u00e0 che ci ispira fiducia &#8211; Exaudi","og_description":"Il Papa: Maria \u00e8 quella rete di grazia e libert\u00e0 che ci ispira fiducia","og_url":"https:\/\/exaudi.org\/it\/il-papa-maria-e-quella-rete-di-grazia-e-liberta-che-ci-ispira-fiducia\/","og_site_name":"Exaudi","article_publisher":"https:\/\/www.facebook.com\/ExaudiNews","article_author":"https:\/\/www.facebook.com\/ExaudiNotizie\/","article_published_time":"2025-08-15T14:01:26+00:00","article_modified_time":"2025-08-23T15:30:02+00:00","og_image":[{"width":800,"height":533,"url":"https:\/\/exaudi.org\/wp-content\/uploads\/2025\/08\/cq5dam.web_.800.800-2025-08-20T115328.862.jpeg","type":"image\/jpeg"}],"author":"Exaudi Redazione","twitter_card":"summary_large_image","twitter_creator":"@Exaudi_Notizie","twitter_site":"@Exaudi_News","twitter_misc":{"Scritto da":"Exaudi Redazione","Tempo di lettura stimato":"5 minuti"},"schema":{"@context":"https:\/\/schema.org","@graph":[{"@type":"Article","@id":"https:\/\/exaudi.org\/it\/il-papa-maria-e-quella-rete-di-grazia-e-liberta-che-ci-ispira-fiducia\/#article","isPartOf":{"@id":"https:\/\/exaudi.org\/it\/il-papa-maria-e-quella-rete-di-grazia-e-liberta-che-ci-ispira-fiducia\/"},"author":{"name":"Exaudi Redazione","@id":"https:\/\/exaudi.org\/#\/schema\/person\/e1ab6ed07c01774724dd96f925f3a5f0"},"headline":"Il Papa: Maria \u00e8 quella rete di grazia e libert\u00e0 che ci ispira fiducia","datePublished":"2025-08-15T14:01:26+00:00","dateModified":"2025-08-23T15:30:02+00:00","mainEntityOfPage":{"@id":"https:\/\/exaudi.org\/it\/il-papa-maria-e-quella-rete-di-grazia-e-liberta-che-ci-ispira-fiducia\/"},"wordCount":984,"image":{"@id":"https:\/\/exaudi.org\/it\/il-papa-maria-e-quella-rete-di-grazia-e-liberta-che-ci-ispira-fiducia\/#primaryimage"},"thumbnailUrl":"https:\/\/exaudi.org\/wp-content\/uploads\/2025\/08\/cq5dam.web_.800.800-2025-08-20T115328.862.jpeg","keywords":["Assunzione di Maria","Omelia","Trending"],"articleSection":["Leone XIV","Omelie"],"inLanguage":"it-IT"},{"@type":"WebPage","@id":"https:\/\/exaudi.org\/it\/il-papa-maria-e-quella-rete-di-grazia-e-liberta-che-ci-ispira-fiducia\/","url":"https:\/\/exaudi.org\/it\/il-papa-maria-e-quella-rete-di-grazia-e-liberta-che-ci-ispira-fiducia\/","name":"Il Papa: Maria \u00e8 quella rete di grazia e libert\u00e0 che ci ispira fiducia &#8211; Exaudi","isPartOf":{"@id":"https:\/\/exaudi.org\/#website"},"primaryImageOfPage":{"@id":"https:\/\/exaudi.org\/it\/il-papa-maria-e-quella-rete-di-grazia-e-liberta-che-ci-ispira-fiducia\/#primaryimage"},"image":{"@id":"https:\/\/exaudi.org\/it\/il-papa-maria-e-quella-rete-di-grazia-e-liberta-che-ci-ispira-fiducia\/#primaryimage"},"thumbnailUrl":"https:\/\/exaudi.org\/wp-content\/uploads\/2025\/08\/cq5dam.web_.800.800-2025-08-20T115328.862.jpeg","datePublished":"2025-08-15T14:01:26+00:00","dateModified":"2025-08-23T15:30:02+00:00","author":{"@id":"https:\/\/exaudi.org\/#\/schema\/person\/e1ab6ed07c01774724dd96f925f3a5f0"},"breadcrumb":{"@id":"https:\/\/exaudi.org\/it\/il-papa-maria-e-quella-rete-di-grazia-e-liberta-che-ci-ispira-fiducia\/#breadcrumb"},"inLanguage":"it-IT","potentialAction":[{"@type":"ReadAction","target":["https:\/\/exaudi.org\/it\/il-papa-maria-e-quella-rete-di-grazia-e-liberta-che-ci-ispira-fiducia\/"]}]},{"@type":"ImageObject","inLanguage":"it-IT","@id":"https:\/\/exaudi.org\/it\/il-papa-maria-e-quella-rete-di-grazia-e-liberta-che-ci-ispira-fiducia\/#primaryimage","url":"https:\/\/exaudi.org\/wp-content\/uploads\/2025\/08\/cq5dam.web_.800.800-2025-08-20T115328.862.jpeg","contentUrl":"https:\/\/exaudi.org\/wp-content\/uploads\/2025\/08\/cq5dam.web_.800.800-2025-08-20T115328.862.jpeg","width":800,"height":533},{"@type":"BreadcrumbList","@id":"https:\/\/exaudi.org\/it\/il-papa-maria-e-quella-rete-di-grazia-e-liberta-che-ci-ispira-fiducia\/#breadcrumb","itemListElement":[{"@type":"ListItem","position":1,"name":"Portada","item":"https:\/\/exaudi.org\/it\/"},{"@type":"ListItem","position":2,"name":"Il Papa: Maria \u00e8 quella rete di grazia e libert\u00e0 che ci ispira fiducia"}]},{"@type":"WebSite","@id":"https:\/\/exaudi.org\/#website","url":"https:\/\/exaudi.org\/","name":"Exaudi","description":"News","potentialAction":[{"@type":"SearchAction","target":{"@type":"EntryPoint","urlTemplate":"https:\/\/exaudi.org\/?s={search_term_string}"},"query-input":{"@type":"PropertyValueSpecification","valueRequired":true,"valueName":"search_term_string"}}],"inLanguage":"it-IT"},{"@type":"Person","@id":"https:\/\/exaudi.org\/#\/schema\/person\/e1ab6ed07c01774724dd96f925f3a5f0","name":"Exaudi Redazione","image":{"@type":"ImageObject","inLanguage":"it-IT","@id":"https:\/\/secure.gravatar.com\/avatar\/ad6774b3ada023bf5b939d64f45c94b3adf91502dd883507d469b4308a943bb3?s=96&d=mm&r=g","url":"https:\/\/secure.gravatar.com\/avatar\/ad6774b3ada023bf5b939d64f45c94b3adf91502dd883507d469b4308a943bb3?s=96&d=mm&r=g","contentUrl":"https:\/\/secure.gravatar.com\/avatar\/ad6774b3ada023bf5b939d64f45c94b3adf91502dd883507d469b4308a943bb3?s=96&d=mm&r=g","caption":"Exaudi Redazione"},"description":"Che cosa \u00e8 Exaudi News? Exaudi News \u00e8 un agenzia cattolica internazionale che informa, istruisce e trasforma quotidianamente in spagnolo, inglese e italiano. Attraverso notizie, articoli di analisi e trasmissioni in diretta degli eventi del Papa, Exaudi cerca di rafforzare l'unit\u00e0 dei cristiani e di contribuire all'evangelizzazione del mondo, sempre guidato dalla dottrina sociale della Chiesa. Lavoriamo per portare la verit\u00e0 e i valori cristiani in ogni angolo del pianeta. Aiutaci a trasformare il mondo con Exaudi! Noi di Exaudi crediamo che l'evangelizzazione e l'informazione di qualit\u00e0 possano cambiare la vita. Per continuare la nostra missione ed espandere la nostra portata, abbiamo bisogno del tuo aiuto. Stiamo anche cercando persone motivate che vogliano unirsi al nostro team. Grazie al vostro sostegno raggiungeremo pi\u00f9 persone, diffonderemo il messaggio di Cristo e rafforzeremo l'unit\u00e0 dei cristiani. Vuoi unirti alla nostra missione? Per maggiori informazioni su come contribuire, visita Exaudi.org\/it o contattaci direttamente: info@exaudi.org Exaudi: informa, forma e trasforma.","sameAs":["https:\/\/www.facebook.com\/ExaudiNotizie\/","https:\/\/www.instagram.com\/Exaudi_notizie\/","https:\/\/x.com\/Exaudi_Notizie","https:\/\/www.youtube.com\/@exaudicatholicnews"],"url":"https:\/\/exaudi.org\/it\/author\/dlvedi-org\/"}]}},"jetpack_featured_media_url":"https:\/\/exaudi.org\/wp-content\/uploads\/2025\/08\/cq5dam.web_.800.800-2025-08-20T115328.862.jpeg","jetpack_shortlink":"https:\/\/wp.me\/pgKjF2-yhL","_links":{"self":[{"href":"https:\/\/exaudi.org\/it\/wp-json\/wp\/v2\/posts\/131797","targetHints":{"allow":["GET"]}}],"collection":[{"href":"https:\/\/exaudi.org\/it\/wp-json\/wp\/v2\/posts"}],"about":[{"href":"https:\/\/exaudi.org\/it\/wp-json\/wp\/v2\/types\/post"}],"author":[{"embeddable":true,"href":"https:\/\/exaudi.org\/it\/wp-json\/wp\/v2\/users\/17"}],"replies":[{"embeddable":true,"href":"https:\/\/exaudi.org\/it\/wp-json\/wp\/v2\/comments?post=131797"}],"version-history":[{"count":2,"href":"https:\/\/exaudi.org\/it\/wp-json\/wp\/v2\/posts\/131797\/revisions"}],"predecessor-version":[{"id":131799,"href":"https:\/\/exaudi.org\/it\/wp-json\/wp\/v2\/posts\/131797\/revisions\/131799"}],"wp:featuredmedia":[{"embeddable":true,"href":"https:\/\/exaudi.org\/it\/wp-json\/wp\/v2\/media\/131644"}],"wp:attachment":[{"href":"https:\/\/exaudi.org\/it\/wp-json\/wp\/v2\/media?parent=131797"}],"wp:term":[{"taxonomy":"category","embeddable":true,"href":"https:\/\/exaudi.org\/it\/wp-json\/wp\/v2\/categories?post=131797"},{"taxonomy":"post_tag","embeddable":true,"href":"https:\/\/exaudi.org\/it\/wp-json\/wp\/v2\/tags?post=131797"}],"curies":[{"name":"wp","href":"https:\/\/api.w.org\/{rel}","templated":true}]}}