{"id":131356,"date":"2025-08-10T18:36:41","date_gmt":"2025-08-10T16:36:41","guid":{"rendered":"https:\/\/exaudi.org\/?p=131356"},"modified":"2025-08-10T18:42:23","modified_gmt":"2025-08-10T16:42:23","slug":"san-lorenzo-10-agosto","status":"publish","type":"post","link":"https:\/\/exaudi.org\/it\/san-lorenzo-10-agosto\/","title":{"rendered":"San Lorenzo, 10 agosto"},"content":{"rendered":"<p><span style=\"vertical-align: inherit\"><span style=\"vertical-align: inherit\">La testimonianza di questo santo martire, nato in Spagna nella prima met\u00e0 del III secolo, \u00e8 caratterizzata da piet\u00e0 e carit\u00e0. Dopo la sua elezione, papa Sisto II gli affid\u00f2 l&#8217;incarico di arcidiacono. Come responsabile delle attivit\u00e0 caritatevoli della diocesi di Roma, san Lorenzo amministrava i beni e le donazioni per aiutare i poveri, gli orfani e le vedove.<\/span><\/span><\/p>\n<h3><strong><span style=\"vertical-align: inherit\"><span style=\"vertical-align: inherit\">Custode dei \u201ctesori della Chiesa\u201d<\/span><\/span><\/strong><\/h3>\n<p><span style=\"vertical-align: inherit\"><span style=\"vertical-align: inherit\">Nella sua giovinezza, il suo cammino fu interrotto dalla tragedia della persecuzione: nel 258 d.C., l&#8217;imperatore Valeriano eman\u00f2 un editto che ordinava la condanna a morte di tutti i vescovi, sacerdoti e diaconi. San Lorenzo fu catturato insieme ad altri diaconi e a Papa Sisto II. Il Pontefice fu assassinato il 6 agosto. L&#8217;imperatore promise a Lorenzo che gli avrebbe risparmiato la vita se gli avesse consegnato &#8220;i tesori della Chiesa&#8221;. Il santo mostr\u00f2 all&#8217;imperatore i malati, i bisognosi e gli emarginati. Questi, afferm\u00f2, erano i tesori della Chiesa. Quattro giorni dopo, il 10 agosto, anche San Lorenzo sub\u00ec il martirio.<\/span><\/span><\/p>\n<h3><strong><span style=\"vertical-align: inherit\"><span style=\"vertical-align: inherit\">Bruciato vivo su una griglia<\/span><\/span><\/strong><\/h3>\n<p><span style=\"vertical-align: inherit\"><span style=\"vertical-align: inherit\">Secondo un&#8217;antica Passione riportata da Sant&#8217;Ambrogio, San Lorenzo fu bruciato su una graticola. Sant&#8217;Ambrogio, nel suo De Officiis, immagina un incontro tra Lorenzo e Papa Sisto II sulla via del martirio. Durante l&#8217;incontro, Lorenzo dice: &#8220;Dove vai, Padre, senza tuo figlio? Dove ti affretti, santo vescovo, senza il tuo diacono? Non hai mai offerto il sacrificio senza il tuo ministro. Che cosa ti \u00e8 dispiaciuto in me, Padre? Forse mi ritieni indegno? Mettimi alla prova, per vedere se hai scelto un ministro indegno per la distribuzione del Sangue del Signore. Vuoi forse negare colui che hai ammesso ai divini misteri come tuo compagno al momento dello spargimento del sangue?&#8221;<\/span><\/span><\/p>\n<h3><strong><span style=\"vertical-align: inherit\"><span style=\"vertical-align: inherit\">Dal martirio alla gloria<\/span><\/span><\/strong><\/h3>\n<p><span style=\"vertical-align: inherit\"><span style=\"vertical-align: inherit\">Il suo martirio fu una suprema prova d&#8217;amore. San Leone Magno, in un&#8217;omelia, commenta cos\u00ec il tormento di san Lorenzo: \u00abLe fiamme non poterono vincere la carit\u00e0 di Cristo; il fuoco che lo bruciava era pi\u00f9 debole di quello che ardeva in lui\u00bb. E aggiunge: \u00abIl Signore volle esaltare a tal punto il suo nome glorioso in tutto il mondo, da Oriente a Occidente, che la stessa gloria che giunse a Gerusalemme per merito di Stefano toccasse anche Roma per merito di Lorenzo\u00bb.<\/span><\/span><\/p>\n<h3><strong><span style=\"vertical-align: inherit\"><span style=\"vertical-align: inherit\">La Basilica di San Lorenzo e la chiesa di Panisperna<\/span><\/span><\/strong><\/h3>\n<p><span style=\"vertical-align: inherit\"><span style=\"vertical-align: inherit\">Dopo la sua morte, il corpo di San Lorenzo fu deposto in una tomba sulla Via Tiburtina. In quel luogo, l&#8217;imperatore Costantino eresse una basilica, restaurata nel XX secolo dopo i danni causati dal bombardamento americano su Roma il 19 luglio 1943, durante la Seconda Guerra Mondiale. La chiesa di San Lorenzo a Panisperna fu costruita sul luogo del suo martirio. Secondo alcune fonti, il nome Panisperna deriva dall&#8217;usanza dei frati e delle Clarisse.<\/span><\/span><\/p>\n<p><span style=\"vertical-align: inherit\"><span style=\"vertical-align: inherit\">per distribuire ai poveri, il 10 agosto, &#8220;panis et perna&#8221;, pane e prosciutto.<\/span><\/span><\/p>\n<h3><strong><span style=\"vertical-align: inherit\"><span style=\"vertical-align: inherit\">La poesia \u201cX agosto\u201d<\/span><\/span><\/strong><\/h3>\n<p><span style=\"vertical-align: inherit\"><span style=\"vertical-align: inherit\">Il martirio di San Lorenzo ha ispirato anche opere d&#8217;arte, detti popolari e poesie. Giovanni Pascoli scrisse nella sua poesia &#8220;X agosto&#8221;:<\/span><\/span><\/p>\n<p><i>\u201cSan Lorenzo, io lo so perch\u00e9 tanto<\/i><\/p>\n<p><i>di stelle per l\u2019aria tranquilla<\/i><\/p>\n<p><i>arde e cade, perch\u00e9 s\u00ec gran pianto<\/i><\/p>\n<p><i>nel concavo cielo sfavilla\u201d\u2026<\/i><\/p>\n<p><span style=\"vertical-align: inherit\"><span style=\"vertical-align: inherit\">San Lorenzo, so perch\u00e9 cos\u00ec tanti<\/span><\/span><\/p>\n<p><span style=\"vertical-align: inherit\"><span style=\"vertical-align: inherit\">stelle nell&#8217;aria calma<\/span><\/span><\/p>\n<p><span style=\"vertical-align: inherit\"><span style=\"vertical-align: inherit\">Bruciano e cadono, perch\u00e9 un pianto cos\u00ec grande<\/span><\/span><\/p>\n<p><span style=\"vertical-align: inherit\"><span style=\"vertical-align: inherit\">nel cielo concavo splende\u2026<\/span><\/span><\/p>\n","protected":false},"excerpt":{"rendered":"<p>Diacono e martire<\/p>\n","protected":false},"author":17,"featured_media":81812,"comment_status":"closed","ping_status":"closed","sticky":false,"template":"","format":"standard","meta":{"_acf_changed":false,"_crdt_document":"","inline_featured_image":false,"footnotes":""},"categories":[73,91],"tags":[69494,14305,23383,1478,4952],"class_list":["post-131356","post","type-post","status-publish","format-standard","has-post-thumbnail","hentry","category-chiesa-e-mondo","category-santita","tag-diacono-2","tag-martire","tag-san-lorenzo-2","tag-santi","tag-trending-it"],"acf":[],"yoast_head":"<!-- This site is optimized with the Yoast SEO plugin v27.5 - https:\/\/yoast.com\/product\/yoast-seo-wordpress\/ -->\n<title>San Lorenzo, 10 agosto &#8211; Exaudi<\/title>\n<meta name=\"robots\" content=\"index, follow, max-snippet:-1, max-image-preview:large, max-video-preview:-1\" \/>\n<link rel=\"canonical\" href=\"https:\/\/exaudi.org\/it\/san-lorenzo-10-agosto\/\" \/>\n<meta property=\"og:locale\" content=\"it_IT\" \/>\n<meta property=\"og:type\" content=\"article\" \/>\n<meta property=\"og:title\" content=\"San Lorenzo, 10 agosto &#8211; Exaudi\" \/>\n<meta property=\"og:description\" content=\"Diacono e martire\" \/>\n<meta property=\"og:url\" content=\"https:\/\/exaudi.org\/it\/san-lorenzo-10-agosto\/\" \/>\n<meta property=\"og:site_name\" content=\"Exaudi\" \/>\n<meta property=\"article:publisher\" content=\"https:\/\/www.facebook.com\/ExaudiNews\" \/>\n<meta property=\"article:author\" content=\"https:\/\/www.facebook.com\/ExaudiNotizie\/\" \/>\n<meta property=\"article:published_time\" content=\"2025-08-10T16:36:41+00:00\" \/>\n<meta property=\"article:modified_time\" content=\"2025-08-10T16:42:23+00:00\" \/>\n<meta property=\"og:image\" content=\"https:\/\/exaudi.org\/wp-content\/uploads\/2023\/08\/san-lorenzo-e1691656540137.jpg\" \/>\n\t<meta property=\"og:image:width\" content=\"675\" \/>\n\t<meta property=\"og:image:height\" content=\"800\" \/>\n\t<meta property=\"og:image:type\" content=\"image\/jpeg\" \/>\n<meta name=\"author\" content=\"Exaudi Redazione\" \/>\n<meta name=\"twitter:card\" content=\"summary_large_image\" \/>\n<meta name=\"twitter:creator\" content=\"@Exaudi_Notizie\" \/>\n<meta name=\"twitter:site\" content=\"@Exaudi_News\" \/>\n<meta name=\"twitter:label1\" content=\"Scritto da\" \/>\n\t<meta name=\"twitter:data1\" content=\"Exaudi Redazione\" \/>\n\t<meta name=\"twitter:label2\" content=\"Tempo di lettura stimato\" \/>\n\t<meta name=\"twitter:data2\" content=\"3 minuti\" \/>\n<script type=\"application\/ld+json\" class=\"yoast-schema-graph\">{\"@context\":\"https:\\\/\\\/schema.org\",\"@graph\":[{\"@type\":\"Article\",\"@id\":\"https:\\\/\\\/exaudi.org\\\/it\\\/san-lorenzo-10-agosto\\\/#article\",\"isPartOf\":{\"@id\":\"https:\\\/\\\/exaudi.org\\\/it\\\/san-lorenzo-10-agosto\\\/\"},\"author\":{\"name\":\"Exaudi Redazione\",\"@id\":\"https:\\\/\\\/exaudi.org\\\/#\\\/schema\\\/person\\\/e1ab6ed07c01774724dd96f925f3a5f0\"},\"headline\":\"San Lorenzo, 10 agosto\",\"datePublished\":\"2025-08-10T16:36:41+00:00\",\"dateModified\":\"2025-08-10T16:42:23+00:00\",\"mainEntityOfPage\":{\"@id\":\"https:\\\/\\\/exaudi.org\\\/it\\\/san-lorenzo-10-agosto\\\/\"},\"wordCount\":544,\"image\":{\"@id\":\"https:\\\/\\\/exaudi.org\\\/it\\\/san-lorenzo-10-agosto\\\/#primaryimage\"},\"thumbnailUrl\":\"https:\\\/\\\/exaudi.org\\\/wp-content\\\/uploads\\\/2023\\\/08\\\/san-lorenzo-e1691656540137.jpg\",\"keywords\":[\"Diacono\",\"MARTIRE\",\"San Lorenzo\",\"santi\",\"Trending\"],\"articleSection\":[\"Chiesa e Mondo\",\"Santit\u00e0\"],\"inLanguage\":\"it-IT\"},{\"@type\":\"WebPage\",\"@id\":\"https:\\\/\\\/exaudi.org\\\/it\\\/san-lorenzo-10-agosto\\\/\",\"url\":\"https:\\\/\\\/exaudi.org\\\/it\\\/san-lorenzo-10-agosto\\\/\",\"name\":\"San Lorenzo, 10 agosto &#8211; Exaudi\",\"isPartOf\":{\"@id\":\"https:\\\/\\\/exaudi.org\\\/#website\"},\"primaryImageOfPage\":{\"@id\":\"https:\\\/\\\/exaudi.org\\\/it\\\/san-lorenzo-10-agosto\\\/#primaryimage\"},\"image\":{\"@id\":\"https:\\\/\\\/exaudi.org\\\/it\\\/san-lorenzo-10-agosto\\\/#primaryimage\"},\"thumbnailUrl\":\"https:\\\/\\\/exaudi.org\\\/wp-content\\\/uploads\\\/2023\\\/08\\\/san-lorenzo-e1691656540137.jpg\",\"datePublished\":\"2025-08-10T16:36:41+00:00\",\"dateModified\":\"2025-08-10T16:42:23+00:00\",\"author\":{\"@id\":\"https:\\\/\\\/exaudi.org\\\/#\\\/schema\\\/person\\\/e1ab6ed07c01774724dd96f925f3a5f0\"},\"breadcrumb\":{\"@id\":\"https:\\\/\\\/exaudi.org\\\/it\\\/san-lorenzo-10-agosto\\\/#breadcrumb\"},\"inLanguage\":\"it-IT\",\"potentialAction\":[{\"@type\":\"ReadAction\",\"target\":[\"https:\\\/\\\/exaudi.org\\\/it\\\/san-lorenzo-10-agosto\\\/\"]}]},{\"@type\":\"ImageObject\",\"inLanguage\":\"it-IT\",\"@id\":\"https:\\\/\\\/exaudi.org\\\/it\\\/san-lorenzo-10-agosto\\\/#primaryimage\",\"url\":\"https:\\\/\\\/exaudi.org\\\/wp-content\\\/uploads\\\/2023\\\/08\\\/san-lorenzo-e1691656540137.jpg\",\"contentUrl\":\"https:\\\/\\\/exaudi.org\\\/wp-content\\\/uploads\\\/2023\\\/08\\\/san-lorenzo-e1691656540137.jpg\",\"width\":675,\"height\":800},{\"@type\":\"BreadcrumbList\",\"@id\":\"https:\\\/\\\/exaudi.org\\\/it\\\/san-lorenzo-10-agosto\\\/#breadcrumb\",\"itemListElement\":[{\"@type\":\"ListItem\",\"position\":1,\"name\":\"Portada\",\"item\":\"https:\\\/\\\/exaudi.org\\\/it\\\/\"},{\"@type\":\"ListItem\",\"position\":2,\"name\":\"San Lorenzo, 10 agosto\"}]},{\"@type\":\"WebSite\",\"@id\":\"https:\\\/\\\/exaudi.org\\\/#website\",\"url\":\"https:\\\/\\\/exaudi.org\\\/\",\"name\":\"Exaudi\",\"description\":\"News\",\"potentialAction\":[{\"@type\":\"SearchAction\",\"target\":{\"@type\":\"EntryPoint\",\"urlTemplate\":\"https:\\\/\\\/exaudi.org\\\/?s={search_term_string}\"},\"query-input\":{\"@type\":\"PropertyValueSpecification\",\"valueRequired\":true,\"valueName\":\"search_term_string\"}}],\"inLanguage\":\"it-IT\"},{\"@type\":\"Person\",\"@id\":\"https:\\\/\\\/exaudi.org\\\/#\\\/schema\\\/person\\\/e1ab6ed07c01774724dd96f925f3a5f0\",\"name\":\"Exaudi Redazione\",\"image\":{\"@type\":\"ImageObject\",\"inLanguage\":\"it-IT\",\"@id\":\"https:\\\/\\\/secure.gravatar.com\\\/avatar\\\/ad6774b3ada023bf5b939d64f45c94b3adf91502dd883507d469b4308a943bb3?s=96&d=mm&r=g\",\"url\":\"https:\\\/\\\/secure.gravatar.com\\\/avatar\\\/ad6774b3ada023bf5b939d64f45c94b3adf91502dd883507d469b4308a943bb3?s=96&d=mm&r=g\",\"contentUrl\":\"https:\\\/\\\/secure.gravatar.com\\\/avatar\\\/ad6774b3ada023bf5b939d64f45c94b3adf91502dd883507d469b4308a943bb3?s=96&d=mm&r=g\",\"caption\":\"Exaudi Redazione\"},\"description\":\"Che cosa \u00e8 Exaudi News? Exaudi News \u00e8 un agenzia cattolica internazionale che informa, istruisce e trasforma quotidianamente in spagnolo, inglese e italiano. Attraverso notizie, articoli di analisi e trasmissioni in diretta degli eventi del Papa, Exaudi cerca di rafforzare l'unit\u00e0 dei cristiani e di contribuire all'evangelizzazione del mondo, sempre guidato dalla dottrina sociale della Chiesa. Lavoriamo per portare la verit\u00e0 e i valori cristiani in ogni angolo del pianeta. Aiutaci a trasformare il mondo con Exaudi! Noi di Exaudi crediamo che l'evangelizzazione e l'informazione di qualit\u00e0 possano cambiare la vita. Per continuare la nostra missione ed espandere la nostra portata, abbiamo bisogno del tuo aiuto. Stiamo anche cercando persone motivate che vogliano unirsi al nostro team. Grazie al vostro sostegno raggiungeremo pi\u00f9 persone, diffonderemo il messaggio di Cristo e rafforzeremo l'unit\u00e0 dei cristiani. Vuoi unirti alla nostra missione? Per maggiori informazioni su come contribuire, visita Exaudi.org\\\/it o contattaci direttamente: info@exaudi.org Exaudi: informa, forma e trasforma.\",\"sameAs\":[\"https:\\\/\\\/www.facebook.com\\\/ExaudiNotizie\\\/\",\"https:\\\/\\\/www.instagram.com\\\/Exaudi_notizie\\\/\",\"https:\\\/\\\/x.com\\\/Exaudi_Notizie\",\"https:\\\/\\\/www.youtube.com\\\/@exaudicatholicnews\"],\"url\":\"https:\\\/\\\/exaudi.org\\\/it\\\/author\\\/dlvedi-org\\\/\"}]}<\/script>\n<!-- \/ Yoast SEO plugin. -->","yoast_head_json":{"title":"San Lorenzo, 10 agosto &#8211; Exaudi","robots":{"index":"index","follow":"follow","max-snippet":"max-snippet:-1","max-image-preview":"max-image-preview:large","max-video-preview":"max-video-preview:-1"},"canonical":"https:\/\/exaudi.org\/it\/san-lorenzo-10-agosto\/","og_locale":"it_IT","og_type":"article","og_title":"San Lorenzo, 10 agosto &#8211; Exaudi","og_description":"Diacono e martire","og_url":"https:\/\/exaudi.org\/it\/san-lorenzo-10-agosto\/","og_site_name":"Exaudi","article_publisher":"https:\/\/www.facebook.com\/ExaudiNews","article_author":"https:\/\/www.facebook.com\/ExaudiNotizie\/","article_published_time":"2025-08-10T16:36:41+00:00","article_modified_time":"2025-08-10T16:42:23+00:00","og_image":[{"width":675,"height":800,"url":"https:\/\/exaudi.org\/wp-content\/uploads\/2023\/08\/san-lorenzo-e1691656540137.jpg","type":"image\/jpeg"}],"author":"Exaudi Redazione","twitter_card":"summary_large_image","twitter_creator":"@Exaudi_Notizie","twitter_site":"@Exaudi_News","twitter_misc":{"Scritto da":"Exaudi Redazione","Tempo di lettura stimato":"3 minuti"},"schema":{"@context":"https:\/\/schema.org","@graph":[{"@type":"Article","@id":"https:\/\/exaudi.org\/it\/san-lorenzo-10-agosto\/#article","isPartOf":{"@id":"https:\/\/exaudi.org\/it\/san-lorenzo-10-agosto\/"},"author":{"name":"Exaudi Redazione","@id":"https:\/\/exaudi.org\/#\/schema\/person\/e1ab6ed07c01774724dd96f925f3a5f0"},"headline":"San Lorenzo, 10 agosto","datePublished":"2025-08-10T16:36:41+00:00","dateModified":"2025-08-10T16:42:23+00:00","mainEntityOfPage":{"@id":"https:\/\/exaudi.org\/it\/san-lorenzo-10-agosto\/"},"wordCount":544,"image":{"@id":"https:\/\/exaudi.org\/it\/san-lorenzo-10-agosto\/#primaryimage"},"thumbnailUrl":"https:\/\/exaudi.org\/wp-content\/uploads\/2023\/08\/san-lorenzo-e1691656540137.jpg","keywords":["Diacono","MARTIRE","San Lorenzo","santi","Trending"],"articleSection":["Chiesa e Mondo","Santit\u00e0"],"inLanguage":"it-IT"},{"@type":"WebPage","@id":"https:\/\/exaudi.org\/it\/san-lorenzo-10-agosto\/","url":"https:\/\/exaudi.org\/it\/san-lorenzo-10-agosto\/","name":"San Lorenzo, 10 agosto &#8211; Exaudi","isPartOf":{"@id":"https:\/\/exaudi.org\/#website"},"primaryImageOfPage":{"@id":"https:\/\/exaudi.org\/it\/san-lorenzo-10-agosto\/#primaryimage"},"image":{"@id":"https:\/\/exaudi.org\/it\/san-lorenzo-10-agosto\/#primaryimage"},"thumbnailUrl":"https:\/\/exaudi.org\/wp-content\/uploads\/2023\/08\/san-lorenzo-e1691656540137.jpg","datePublished":"2025-08-10T16:36:41+00:00","dateModified":"2025-08-10T16:42:23+00:00","author":{"@id":"https:\/\/exaudi.org\/#\/schema\/person\/e1ab6ed07c01774724dd96f925f3a5f0"},"breadcrumb":{"@id":"https:\/\/exaudi.org\/it\/san-lorenzo-10-agosto\/#breadcrumb"},"inLanguage":"it-IT","potentialAction":[{"@type":"ReadAction","target":["https:\/\/exaudi.org\/it\/san-lorenzo-10-agosto\/"]}]},{"@type":"ImageObject","inLanguage":"it-IT","@id":"https:\/\/exaudi.org\/it\/san-lorenzo-10-agosto\/#primaryimage","url":"https:\/\/exaudi.org\/wp-content\/uploads\/2023\/08\/san-lorenzo-e1691656540137.jpg","contentUrl":"https:\/\/exaudi.org\/wp-content\/uploads\/2023\/08\/san-lorenzo-e1691656540137.jpg","width":675,"height":800},{"@type":"BreadcrumbList","@id":"https:\/\/exaudi.org\/it\/san-lorenzo-10-agosto\/#breadcrumb","itemListElement":[{"@type":"ListItem","position":1,"name":"Portada","item":"https:\/\/exaudi.org\/it\/"},{"@type":"ListItem","position":2,"name":"San Lorenzo, 10 agosto"}]},{"@type":"WebSite","@id":"https:\/\/exaudi.org\/#website","url":"https:\/\/exaudi.org\/","name":"Exaudi","description":"News","potentialAction":[{"@type":"SearchAction","target":{"@type":"EntryPoint","urlTemplate":"https:\/\/exaudi.org\/?s={search_term_string}"},"query-input":{"@type":"PropertyValueSpecification","valueRequired":true,"valueName":"search_term_string"}}],"inLanguage":"it-IT"},{"@type":"Person","@id":"https:\/\/exaudi.org\/#\/schema\/person\/e1ab6ed07c01774724dd96f925f3a5f0","name":"Exaudi Redazione","image":{"@type":"ImageObject","inLanguage":"it-IT","@id":"https:\/\/secure.gravatar.com\/avatar\/ad6774b3ada023bf5b939d64f45c94b3adf91502dd883507d469b4308a943bb3?s=96&d=mm&r=g","url":"https:\/\/secure.gravatar.com\/avatar\/ad6774b3ada023bf5b939d64f45c94b3adf91502dd883507d469b4308a943bb3?s=96&d=mm&r=g","contentUrl":"https:\/\/secure.gravatar.com\/avatar\/ad6774b3ada023bf5b939d64f45c94b3adf91502dd883507d469b4308a943bb3?s=96&d=mm&r=g","caption":"Exaudi Redazione"},"description":"Che cosa \u00e8 Exaudi News? Exaudi News \u00e8 un agenzia cattolica internazionale che informa, istruisce e trasforma quotidianamente in spagnolo, inglese e italiano. Attraverso notizie, articoli di analisi e trasmissioni in diretta degli eventi del Papa, Exaudi cerca di rafforzare l'unit\u00e0 dei cristiani e di contribuire all'evangelizzazione del mondo, sempre guidato dalla dottrina sociale della Chiesa. Lavoriamo per portare la verit\u00e0 e i valori cristiani in ogni angolo del pianeta. Aiutaci a trasformare il mondo con Exaudi! Noi di Exaudi crediamo che l'evangelizzazione e l'informazione di qualit\u00e0 possano cambiare la vita. Per continuare la nostra missione ed espandere la nostra portata, abbiamo bisogno del tuo aiuto. Stiamo anche cercando persone motivate che vogliano unirsi al nostro team. Grazie al vostro sostegno raggiungeremo pi\u00f9 persone, diffonderemo il messaggio di Cristo e rafforzeremo l'unit\u00e0 dei cristiani. Vuoi unirti alla nostra missione? Per maggiori informazioni su come contribuire, visita Exaudi.org\/it o contattaci direttamente: info@exaudi.org Exaudi: informa, forma e trasforma.","sameAs":["https:\/\/www.facebook.com\/ExaudiNotizie\/","https:\/\/www.instagram.com\/Exaudi_notizie\/","https:\/\/x.com\/Exaudi_Notizie","https:\/\/www.youtube.com\/@exaudicatholicnews"],"url":"https:\/\/exaudi.org\/it\/author\/dlvedi-org\/"}]}},"jetpack_featured_media_url":"https:\/\/exaudi.org\/wp-content\/uploads\/2023\/08\/san-lorenzo-e1691656540137.jpg","jetpack_shortlink":"https:\/\/wp.me\/pgKjF2-yaE","_links":{"self":[{"href":"https:\/\/exaudi.org\/it\/wp-json\/wp\/v2\/posts\/131356","targetHints":{"allow":["GET"]}}],"collection":[{"href":"https:\/\/exaudi.org\/it\/wp-json\/wp\/v2\/posts"}],"about":[{"href":"https:\/\/exaudi.org\/it\/wp-json\/wp\/v2\/types\/post"}],"author":[{"embeddable":true,"href":"https:\/\/exaudi.org\/it\/wp-json\/wp\/v2\/users\/17"}],"replies":[{"embeddable":true,"href":"https:\/\/exaudi.org\/it\/wp-json\/wp\/v2\/comments?post=131356"}],"version-history":[{"count":1,"href":"https:\/\/exaudi.org\/it\/wp-json\/wp\/v2\/posts\/131356\/revisions"}],"predecessor-version":[{"id":131357,"href":"https:\/\/exaudi.org\/it\/wp-json\/wp\/v2\/posts\/131356\/revisions\/131357"}],"wp:featuredmedia":[{"embeddable":true,"href":"https:\/\/exaudi.org\/it\/wp-json\/wp\/v2\/media\/81812"}],"wp:attachment":[{"href":"https:\/\/exaudi.org\/it\/wp-json\/wp\/v2\/media?parent=131356"}],"wp:term":[{"taxonomy":"category","embeddable":true,"href":"https:\/\/exaudi.org\/it\/wp-json\/wp\/v2\/categories?post=131356"},{"taxonomy":"post_tag","embeddable":true,"href":"https:\/\/exaudi.org\/it\/wp-json\/wp\/v2\/tags?post=131356"}],"curies":[{"name":"wp","href":"https:\/\/api.w.org\/{rel}","templated":true}]}}