{"id":131312,"date":"2025-08-08T22:22:46","date_gmt":"2025-08-08T20:22:46","guid":{"rendered":"https:\/\/exaudi.org\/?p=131312"},"modified":"2025-08-08T22:22:46","modified_gmt":"2025-08-08T20:22:46","slug":"e-se-dio-mi-chiamasse-tardi","status":"publish","type":"post","link":"https:\/\/exaudi.org\/it\/e-se-dio-mi-chiamasse-tardi\/","title":{"rendered":"E se Dio mi chiamasse tardi?"},"content":{"rendered":"<h3><strong><span style=\"vertical-align: inherit\"><span style=\"vertical-align: inherit\">Troppo tardi per rispondere a Dio?<\/span><\/span><\/strong><\/h3>\n<p><span style=\"vertical-align: inherit\"><span style=\"vertical-align: inherit\">C&#8217;\u00e8 chi crede che la vocazione \u2013 al sacerdozio, alla vita consacrata, o anche a un profondo impegno cristiano \u2013 sia riservata solo ai giovani. Ma la storia della Chiesa e l&#8217;esperienza di tanti uomini e donne di fede ci mostrano il contrario:\u00a0 <\/span><\/span><strong><span style=\"vertical-align: inherit\"><span style=\"vertical-align: inherit\">Dio non guarda l&#8217;orologio, guarda il cuore<\/span><\/span><\/strong><span style=\"vertical-align: inherit\"><span style=\"vertical-align: inherit\"> . E a volte, quel cuore \u00e8 pronto a rispondere solo nella maturit\u00e0.<\/span><\/span><\/p>\n<h3><strong><span style=\"vertical-align: inherit\"><span style=\"vertical-align: inherit\">Quando la vocazione nasce &#8220;fuori orario&#8221;<\/span><\/span><\/strong><\/h3>\n<p><span style=\"vertical-align: inherit\"><span style=\"vertical-align: inherit\">La chiamata di Dio pu\u00f2 sorprenderci in qualsiasi momento. Alcuni santi ne sono un esempio:<\/span><\/span><\/p>\n<ul>\n<li><strong><span style=\"vertical-align: inherit\"><span style=\"vertical-align: inherit\">Sant&#8217;Ignazio di Loyola<\/span><\/span><\/strong><span style=\"vertical-align: inherit\"><span style=\"vertical-align: inherit\">\u00a0scopr\u00ec la sua vera vocazione dopo una ferita in battaglia all&#8217;et\u00e0 di trent&#8217;anni e fond\u00f2 la Compagnia di Ges\u00f9 negli ultimi anni della sua vita.<\/span><\/span><\/li>\n<li><strong><span style=\"vertical-align: inherit\"><span style=\"vertical-align: inherit\">Santa Teresa di Ges\u00f9<\/span><\/span><\/strong><span style=\"vertical-align: inherit\"><span style=\"vertical-align: inherit\">\u00a0inizi\u00f2 la sua grande opera di riforma del Carmelo intorno ai 50 anni.<\/span><\/span><\/li>\n<li><strong><span style=\"vertical-align: inherit\"><span style=\"vertical-align: inherit\">San Francesco Borgia<\/span><\/span><\/strong><span style=\"vertical-align: inherit\"><span style=\"vertical-align: inherit\">, nobile spagnolo, abbandon\u00f2 onori e ricchezze per diventare gesuita dopo la morte dell&#8217;imperatrice Isabella del Portogallo. Aveva 40 anni.<\/span><\/span><\/li>\n<\/ul>\n<p><span style=\"vertical-align: inherit\"><span style=\"vertical-align: inherit\">Lungi dall&#8217;essere casi isolati, questi esempi dimostrano una realt\u00e0: spesso l&#8217;esperienza accumulata, la sofferenza vissuta e la ricerca profonda rendono l&#8217;anima adulta un terreno fertile per Dio.<\/span><\/span><\/p>\n<h3><strong><span style=\"vertical-align: inherit\"><span style=\"vertical-align: inherit\">Vocazioni tardive oggi<\/span><\/span><\/strong><\/h3>\n<p><span style=\"vertical-align: inherit\"><span style=\"vertical-align: inherit\">Oggi, sempre pi\u00f9 diocesi e congregazioni accolgono quelle che chiamano &#8220;vocazioni tardive&#8221;. Uomini e donne con una vita professionale, anche quelli con una famiglia consolidata, sentono che Dio li chiama a qualcosa di pi\u00f9 grande. Non come una negazione della loro storia, ma come un traguardo raggiunto.<\/span><\/span><\/p>\n<p><span style=\"vertical-align: inherit\"><span style=\"vertical-align: inherit\">In\u00a0 <\/span><\/span><strong><span style=\"vertical-align: inherit\"><span style=\"vertical-align: inherit\">Spagna<\/span><\/span><\/strong><span style=\"vertical-align: inherit\"><span style=\"vertical-align: inherit\">, ad esempio, diverse diocesi hanno ordinato sacerdoti uomini over 50 negli ultimi anni, dopo un processo di discernimento. Anche in\u00a0 <\/span><\/span><strong><span style=\"vertical-align: inherit\"><span style=\"vertical-align: inherit\">America Latina<\/span><\/span><\/strong><span style=\"vertical-align: inherit\"><span style=\"vertical-align: inherit\"> ci sono testimonianze di persone che, dopo essere rimaste vedove o aver vissuto una profonda conversione, scoprono che la loro vita pu\u00f2 avere un nuovo inizio con Dio.<\/span><\/span><\/p>\n<h3><strong><span style=\"vertical-align: inherit\"><span style=\"vertical-align: inherit\">La chiamata di Dio non scade<\/span><\/span><\/strong><\/h3>\n<p><span style=\"vertical-align: inherit\"><span style=\"vertical-align: inherit\">&#8220;\u00c8 troppo tardi per me&#8221;, dicono alcuni. Ma la Bibbia ci dice il contrario:<\/span><\/span><\/p>\n<ul>\n<li><strong><span style=\"vertical-align: inherit\"><span style=\"vertical-align: inherit\">Abramo<\/span><\/span><\/strong><span style=\"vertical-align: inherit\"><span style=\"vertical-align: inherit\"> \u00a0riceve la promessa di un figlio nella sua vecchiaia.<\/span><\/span><\/li>\n<li><strong><span style=\"vertical-align: inherit\"><span style=\"vertical-align: inherit\">Mos\u00e8<\/span><\/span><\/strong><span style=\"vertical-align: inherit\"><span style=\"vertical-align: inherit\"> \u00a0viene chiamato dopo aver trascorso decenni nel deserto.<\/span><\/span><\/li>\n<li><span style=\"vertical-align: inherit\"><span style=\"vertical-align: inherit\">Anche gli apostoli erano gi\u00e0 adulti quando Ges\u00f9 li chiam\u00f2.<\/span><\/span><\/li>\n<\/ul>\n<p><span style=\"vertical-align: inherit\"><span style=\"vertical-align: inherit\">Come scrisse San Giovanni Paolo II:\u00a0 <\/span><\/span><strong><span style=\"vertical-align: inherit\"><span style=\"vertical-align: inherit\">\u00abOgni persona ha la sua ora di incontro con il Signore<\/span><\/span><\/strong><span style=\"vertical-align: inherit\"><span style=\"vertical-align: inherit\"> \u00bb. E quell&#8217;ora non sempre coincide con i progetti umani.<\/span><\/span><\/p>\n<h3><strong><span style=\"vertical-align: inherit\"><span style=\"vertical-align: inherit\">\u00c8 tempo di ascoltare, non di correre<\/span><\/span><\/strong><\/h3>\n<p><span style=\"vertical-align: inherit\"><span style=\"vertical-align: inherit\">Se senti irrequietezza spirituale, se qualcosa dentro di te ti sussurra che Dio ti sta chiamando a qualcosa di pi\u00f9 profondo \u2013 anche se hai 40, 50 o 60 anni \u2013 non chiuderti. Unisciti a una comunit\u00e0, parla con un sacerdote, chiedi una guida.<\/span><\/span><\/p>\n<p><span style=\"vertical-align: inherit\"><span style=\"vertical-align: inherit\">Perch\u00e9\u00a0 <\/span><\/span><strong><span style=\"vertical-align: inherit\"><span style=\"vertical-align: inherit\">Dio non chiama in base all&#8217;et\u00e0, ma in base all&#8217;amore<\/span><\/span><\/strong><span style=\"vertical-align: inherit\"><span style=\"vertical-align: inherit\">. E l&#8217;amore arriva sempre puntuale.<\/span><\/span><\/p>\n","protected":false},"excerpt":{"rendered":"<p>Vocazioni fuori tempo, ma non fuori scopo<\/p>\n","protected":false},"author":149,"featured_media":131284,"comment_status":"closed","ping_status":"closed","sticky":false,"template":"","format":"standard","meta":{"_acf_changed":false,"_crdt_document":"","inline_featured_image":false,"footnotes":""},"categories":[129],"tags":[16942,4512,69424,20940,69425,69426,6908,69427,4952,2366,69428,69429,33633,69430,69431],"class_list":["post-131312","post","type-post","status-publish","format-standard","has-post-thumbnail","hentry","category-voci","tag-chiamata-di-dio","tag-chiesa-cattolica","tag-dio-chiama-sempre","tag-discernimento-vocazionale","tag-sacerdoti-anziani","tag-san-francesco-borgia","tag-santignazio-di-loyola","tag-santi-con-vocazione-tardiva","tag-trending-it","tag-vita-consacrata","tag-vocazione-adulta","tag-vocazione-matura","tag-vocazione-religiosa","tag-vocazioni-attuali","tag-vocazioni-tardive"],"acf":[],"yoast_head":"<!-- This site is optimized with the Yoast SEO plugin v27.5 - https:\/\/yoast.com\/product\/yoast-seo-wordpress\/ -->\n<title>E se Dio mi chiamasse tardi? &#8211; Exaudi<\/title>\n<meta name=\"robots\" content=\"index, follow, max-snippet:-1, max-image-preview:large, max-video-preview:-1\" \/>\n<link rel=\"canonical\" href=\"https:\/\/exaudi.org\/it\/e-se-dio-mi-chiamasse-tardi\/\" \/>\n<meta property=\"og:locale\" content=\"it_IT\" \/>\n<meta property=\"og:type\" content=\"article\" \/>\n<meta property=\"og:title\" content=\"E se Dio mi chiamasse tardi? &#8211; Exaudi\" \/>\n<meta property=\"og:description\" content=\"Vocazioni fuori tempo, ma non fuori scopo\" \/>\n<meta property=\"og:url\" content=\"https:\/\/exaudi.org\/it\/e-se-dio-mi-chiamasse-tardi\/\" \/>\n<meta property=\"og:site_name\" content=\"Exaudi\" \/>\n<meta property=\"article:publisher\" content=\"https:\/\/www.facebook.com\/ExaudiNews\" \/>\n<meta property=\"article:published_time\" content=\"2025-08-08T20:22:46+00:00\" \/>\n<meta property=\"og:image\" content=\"https:\/\/exaudi.org\/wp-content\/uploads\/2025\/08\/pexels-negativespace-33999-scaled.jpg\" \/>\n\t<meta property=\"og:image:width\" content=\"2560\" \/>\n\t<meta property=\"og:image:height\" content=\"1707\" \/>\n\t<meta property=\"og:image:type\" content=\"image\/jpeg\" \/>\n<meta name=\"author\" content=\"Javier Ferrer Garc\u00eda\" \/>\n<meta name=\"twitter:card\" content=\"summary_large_image\" \/>\n<meta name=\"twitter:creator\" content=\"@Exaudi_News\" \/>\n<meta name=\"twitter:site\" content=\"@Exaudi_News\" \/>\n<meta name=\"twitter:label1\" content=\"Scritto da\" \/>\n\t<meta name=\"twitter:data1\" content=\"Javier Ferrer Garc\u00eda\" \/>\n\t<meta name=\"twitter:label2\" content=\"Tempo di lettura stimato\" \/>\n\t<meta name=\"twitter:data2\" content=\"2 minuti\" \/>\n<script type=\"application\/ld+json\" class=\"yoast-schema-graph\">{\"@context\":\"https:\\\/\\\/schema.org\",\"@graph\":[{\"@type\":\"Article\",\"@id\":\"https:\\\/\\\/exaudi.org\\\/it\\\/e-se-dio-mi-chiamasse-tardi\\\/#article\",\"isPartOf\":{\"@id\":\"https:\\\/\\\/exaudi.org\\\/it\\\/e-se-dio-mi-chiamasse-tardi\\\/\"},\"author\":{\"name\":\"Javier Ferrer Garc\u00eda\",\"@id\":\"https:\\\/\\\/exaudi.org\\\/#\\\/schema\\\/person\\\/0428626ea256fe1d193098fe0ee2b91d\"},\"headline\":\"E se Dio mi chiamasse tardi?\",\"datePublished\":\"2025-08-08T20:22:46+00:00\",\"mainEntityOfPage\":{\"@id\":\"https:\\\/\\\/exaudi.org\\\/it\\\/e-se-dio-mi-chiamasse-tardi\\\/\"},\"wordCount\":433,\"image\":{\"@id\":\"https:\\\/\\\/exaudi.org\\\/it\\\/e-se-dio-mi-chiamasse-tardi\\\/#primaryimage\"},\"thumbnailUrl\":\"https:\\\/\\\/exaudi.org\\\/wp-content\\\/uploads\\\/2025\\\/08\\\/pexels-negativespace-33999-scaled.jpg\",\"keywords\":[\"CHIAMATA DI DIO\",\"Chiesa cattolica\",\"Dio chiama sempre\",\"DISCERNIMENTO VOCAZIONALE\",\"sacerdoti anziani\",\"San Francesco Borgia\",\"Sant'Ignazio di Loyola\",\"santi con vocazione tardiva\",\"Trending\",\"vita consacrata\",\"vocazione adulta\",\"vocazione matura\",\"vocazione religiosa\",\"vocazioni attuali\",\"vocazioni tardive\"],\"articleSection\":[\"Voci\"],\"inLanguage\":\"it-IT\"},{\"@type\":\"WebPage\",\"@id\":\"https:\\\/\\\/exaudi.org\\\/it\\\/e-se-dio-mi-chiamasse-tardi\\\/\",\"url\":\"https:\\\/\\\/exaudi.org\\\/it\\\/e-se-dio-mi-chiamasse-tardi\\\/\",\"name\":\"E se Dio mi chiamasse tardi? &#8211; Exaudi\",\"isPartOf\":{\"@id\":\"https:\\\/\\\/exaudi.org\\\/#website\"},\"primaryImageOfPage\":{\"@id\":\"https:\\\/\\\/exaudi.org\\\/it\\\/e-se-dio-mi-chiamasse-tardi\\\/#primaryimage\"},\"image\":{\"@id\":\"https:\\\/\\\/exaudi.org\\\/it\\\/e-se-dio-mi-chiamasse-tardi\\\/#primaryimage\"},\"thumbnailUrl\":\"https:\\\/\\\/exaudi.org\\\/wp-content\\\/uploads\\\/2025\\\/08\\\/pexels-negativespace-33999-scaled.jpg\",\"datePublished\":\"2025-08-08T20:22:46+00:00\",\"author\":{\"@id\":\"https:\\\/\\\/exaudi.org\\\/#\\\/schema\\\/person\\\/0428626ea256fe1d193098fe0ee2b91d\"},\"breadcrumb\":{\"@id\":\"https:\\\/\\\/exaudi.org\\\/it\\\/e-se-dio-mi-chiamasse-tardi\\\/#breadcrumb\"},\"inLanguage\":\"it-IT\",\"potentialAction\":[{\"@type\":\"ReadAction\",\"target\":[\"https:\\\/\\\/exaudi.org\\\/it\\\/e-se-dio-mi-chiamasse-tardi\\\/\"]}]},{\"@type\":\"ImageObject\",\"inLanguage\":\"it-IT\",\"@id\":\"https:\\\/\\\/exaudi.org\\\/it\\\/e-se-dio-mi-chiamasse-tardi\\\/#primaryimage\",\"url\":\"https:\\\/\\\/exaudi.org\\\/wp-content\\\/uploads\\\/2025\\\/08\\\/pexels-negativespace-33999-scaled.jpg\",\"contentUrl\":\"https:\\\/\\\/exaudi.org\\\/wp-content\\\/uploads\\\/2025\\\/08\\\/pexels-negativespace-33999-scaled.jpg\",\"width\":2560,\"height\":1707},{\"@type\":\"BreadcrumbList\",\"@id\":\"https:\\\/\\\/exaudi.org\\\/it\\\/e-se-dio-mi-chiamasse-tardi\\\/#breadcrumb\",\"itemListElement\":[{\"@type\":\"ListItem\",\"position\":1,\"name\":\"Portada\",\"item\":\"https:\\\/\\\/exaudi.org\\\/it\\\/\"},{\"@type\":\"ListItem\",\"position\":2,\"name\":\"E se Dio mi chiamasse tardi?\"}]},{\"@type\":\"WebSite\",\"@id\":\"https:\\\/\\\/exaudi.org\\\/#website\",\"url\":\"https:\\\/\\\/exaudi.org\\\/\",\"name\":\"Exaudi\",\"description\":\"News\",\"potentialAction\":[{\"@type\":\"SearchAction\",\"target\":{\"@type\":\"EntryPoint\",\"urlTemplate\":\"https:\\\/\\\/exaudi.org\\\/?s={search_term_string}\"},\"query-input\":{\"@type\":\"PropertyValueSpecification\",\"valueRequired\":true,\"valueName\":\"search_term_string\"}}],\"inLanguage\":\"it-IT\"},{\"@type\":\"Person\",\"@id\":\"https:\\\/\\\/exaudi.org\\\/#\\\/schema\\\/person\\\/0428626ea256fe1d193098fe0ee2b91d\",\"name\":\"Javier Ferrer Garc\u00eda\",\"image\":{\"@type\":\"ImageObject\",\"inLanguage\":\"it-IT\",\"@id\":\"https:\\\/\\\/secure.gravatar.com\\\/avatar\\\/c7bc1aef05f4433794cef4a55499c99ae6c0d617e2aa24ba4876a5432af93b2d?s=96&d=mm&r=g\",\"url\":\"https:\\\/\\\/secure.gravatar.com\\\/avatar\\\/c7bc1aef05f4433794cef4a55499c99ae6c0d617e2aa24ba4876a5432af93b2d?s=96&d=mm&r=g\",\"contentUrl\":\"https:\\\/\\\/secure.gravatar.com\\\/avatar\\\/c7bc1aef05f4433794cef4a55499c99ae6c0d617e2aa24ba4876a5432af93b2d?s=96&d=mm&r=g\",\"caption\":\"Javier Ferrer Garc\u00eda\"},\"description\":\"Soy un apasionado de la vida. Fil\u00f3sofo y economista. Mi carrera profesional se ha enriquecido con el constante deseo de aprender y crecer tanto en el \u00e1mbito acad\u00e9mico como en el personal. Me considero un ferviente lector y amante del cine, lo cual me permite tener una perspectiva amplia y diversa sobre el mundo que nos rodea. Como cat\u00f3lico comprometido, busco integrar mis valores en cada aspecto de mi vida, desde mi carrera profesional hasta mi rol como esposo y padre de familia\",\"url\":\"https:\\\/\\\/exaudi.org\\\/it\\\/author\\\/javier-ferrer-garcia\\\/\"}]}<\/script>\n<!-- \/ Yoast SEO plugin. -->","yoast_head_json":{"title":"E se Dio mi chiamasse tardi? &#8211; Exaudi","robots":{"index":"index","follow":"follow","max-snippet":"max-snippet:-1","max-image-preview":"max-image-preview:large","max-video-preview":"max-video-preview:-1"},"canonical":"https:\/\/exaudi.org\/it\/e-se-dio-mi-chiamasse-tardi\/","og_locale":"it_IT","og_type":"article","og_title":"E se Dio mi chiamasse tardi? &#8211; Exaudi","og_description":"Vocazioni fuori tempo, ma non fuori scopo","og_url":"https:\/\/exaudi.org\/it\/e-se-dio-mi-chiamasse-tardi\/","og_site_name":"Exaudi","article_publisher":"https:\/\/www.facebook.com\/ExaudiNews","article_published_time":"2025-08-08T20:22:46+00:00","og_image":[{"width":2560,"height":1707,"url":"https:\/\/exaudi.org\/wp-content\/uploads\/2025\/08\/pexels-negativespace-33999-scaled.jpg","type":"image\/jpeg"}],"author":"Javier Ferrer Garc\u00eda","twitter_card":"summary_large_image","twitter_creator":"@Exaudi_News","twitter_site":"@Exaudi_News","twitter_misc":{"Scritto da":"Javier Ferrer Garc\u00eda","Tempo di lettura stimato":"2 minuti"},"schema":{"@context":"https:\/\/schema.org","@graph":[{"@type":"Article","@id":"https:\/\/exaudi.org\/it\/e-se-dio-mi-chiamasse-tardi\/#article","isPartOf":{"@id":"https:\/\/exaudi.org\/it\/e-se-dio-mi-chiamasse-tardi\/"},"author":{"name":"Javier Ferrer Garc\u00eda","@id":"https:\/\/exaudi.org\/#\/schema\/person\/0428626ea256fe1d193098fe0ee2b91d"},"headline":"E se Dio mi chiamasse tardi?","datePublished":"2025-08-08T20:22:46+00:00","mainEntityOfPage":{"@id":"https:\/\/exaudi.org\/it\/e-se-dio-mi-chiamasse-tardi\/"},"wordCount":433,"image":{"@id":"https:\/\/exaudi.org\/it\/e-se-dio-mi-chiamasse-tardi\/#primaryimage"},"thumbnailUrl":"https:\/\/exaudi.org\/wp-content\/uploads\/2025\/08\/pexels-negativespace-33999-scaled.jpg","keywords":["CHIAMATA DI DIO","Chiesa cattolica","Dio chiama sempre","DISCERNIMENTO VOCAZIONALE","sacerdoti anziani","San Francesco Borgia","Sant'Ignazio di Loyola","santi con vocazione tardiva","Trending","vita consacrata","vocazione adulta","vocazione matura","vocazione religiosa","vocazioni attuali","vocazioni tardive"],"articleSection":["Voci"],"inLanguage":"it-IT"},{"@type":"WebPage","@id":"https:\/\/exaudi.org\/it\/e-se-dio-mi-chiamasse-tardi\/","url":"https:\/\/exaudi.org\/it\/e-se-dio-mi-chiamasse-tardi\/","name":"E se Dio mi chiamasse tardi? &#8211; Exaudi","isPartOf":{"@id":"https:\/\/exaudi.org\/#website"},"primaryImageOfPage":{"@id":"https:\/\/exaudi.org\/it\/e-se-dio-mi-chiamasse-tardi\/#primaryimage"},"image":{"@id":"https:\/\/exaudi.org\/it\/e-se-dio-mi-chiamasse-tardi\/#primaryimage"},"thumbnailUrl":"https:\/\/exaudi.org\/wp-content\/uploads\/2025\/08\/pexels-negativespace-33999-scaled.jpg","datePublished":"2025-08-08T20:22:46+00:00","author":{"@id":"https:\/\/exaudi.org\/#\/schema\/person\/0428626ea256fe1d193098fe0ee2b91d"},"breadcrumb":{"@id":"https:\/\/exaudi.org\/it\/e-se-dio-mi-chiamasse-tardi\/#breadcrumb"},"inLanguage":"it-IT","potentialAction":[{"@type":"ReadAction","target":["https:\/\/exaudi.org\/it\/e-se-dio-mi-chiamasse-tardi\/"]}]},{"@type":"ImageObject","inLanguage":"it-IT","@id":"https:\/\/exaudi.org\/it\/e-se-dio-mi-chiamasse-tardi\/#primaryimage","url":"https:\/\/exaudi.org\/wp-content\/uploads\/2025\/08\/pexels-negativespace-33999-scaled.jpg","contentUrl":"https:\/\/exaudi.org\/wp-content\/uploads\/2025\/08\/pexels-negativespace-33999-scaled.jpg","width":2560,"height":1707},{"@type":"BreadcrumbList","@id":"https:\/\/exaudi.org\/it\/e-se-dio-mi-chiamasse-tardi\/#breadcrumb","itemListElement":[{"@type":"ListItem","position":1,"name":"Portada","item":"https:\/\/exaudi.org\/it\/"},{"@type":"ListItem","position":2,"name":"E se Dio mi chiamasse tardi?"}]},{"@type":"WebSite","@id":"https:\/\/exaudi.org\/#website","url":"https:\/\/exaudi.org\/","name":"Exaudi","description":"News","potentialAction":[{"@type":"SearchAction","target":{"@type":"EntryPoint","urlTemplate":"https:\/\/exaudi.org\/?s={search_term_string}"},"query-input":{"@type":"PropertyValueSpecification","valueRequired":true,"valueName":"search_term_string"}}],"inLanguage":"it-IT"},{"@type":"Person","@id":"https:\/\/exaudi.org\/#\/schema\/person\/0428626ea256fe1d193098fe0ee2b91d","name":"Javier Ferrer Garc\u00eda","image":{"@type":"ImageObject","inLanguage":"it-IT","@id":"https:\/\/secure.gravatar.com\/avatar\/c7bc1aef05f4433794cef4a55499c99ae6c0d617e2aa24ba4876a5432af93b2d?s=96&d=mm&r=g","url":"https:\/\/secure.gravatar.com\/avatar\/c7bc1aef05f4433794cef4a55499c99ae6c0d617e2aa24ba4876a5432af93b2d?s=96&d=mm&r=g","contentUrl":"https:\/\/secure.gravatar.com\/avatar\/c7bc1aef05f4433794cef4a55499c99ae6c0d617e2aa24ba4876a5432af93b2d?s=96&d=mm&r=g","caption":"Javier Ferrer Garc\u00eda"},"description":"Soy un apasionado de la vida. Fil\u00f3sofo y economista. Mi carrera profesional se ha enriquecido con el constante deseo de aprender y crecer tanto en el \u00e1mbito acad\u00e9mico como en el personal. Me considero un ferviente lector y amante del cine, lo cual me permite tener una perspectiva amplia y diversa sobre el mundo que nos rodea. Como cat\u00f3lico comprometido, busco integrar mis valores en cada aspecto de mi vida, desde mi carrera profesional hasta mi rol como esposo y padre de familia","url":"https:\/\/exaudi.org\/it\/author\/javier-ferrer-garcia\/"}]}},"jetpack_featured_media_url":"https:\/\/exaudi.org\/wp-content\/uploads\/2025\/08\/pexels-negativespace-33999-scaled.jpg","jetpack_shortlink":"https:\/\/wp.me\/pgKjF2-y9W","_links":{"self":[{"href":"https:\/\/exaudi.org\/it\/wp-json\/wp\/v2\/posts\/131312","targetHints":{"allow":["GET"]}}],"collection":[{"href":"https:\/\/exaudi.org\/it\/wp-json\/wp\/v2\/posts"}],"about":[{"href":"https:\/\/exaudi.org\/it\/wp-json\/wp\/v2\/types\/post"}],"author":[{"embeddable":true,"href":"https:\/\/exaudi.org\/it\/wp-json\/wp\/v2\/users\/149"}],"replies":[{"embeddable":true,"href":"https:\/\/exaudi.org\/it\/wp-json\/wp\/v2\/comments?post=131312"}],"version-history":[{"count":1,"href":"https:\/\/exaudi.org\/it\/wp-json\/wp\/v2\/posts\/131312\/revisions"}],"predecessor-version":[{"id":131313,"href":"https:\/\/exaudi.org\/it\/wp-json\/wp\/v2\/posts\/131312\/revisions\/131313"}],"wp:featuredmedia":[{"embeddable":true,"href":"https:\/\/exaudi.org\/it\/wp-json\/wp\/v2\/media\/131284"}],"wp:attachment":[{"href":"https:\/\/exaudi.org\/it\/wp-json\/wp\/v2\/media?parent=131312"}],"wp:term":[{"taxonomy":"category","embeddable":true,"href":"https:\/\/exaudi.org\/it\/wp-json\/wp\/v2\/categories?post=131312"},{"taxonomy":"post_tag","embeddable":true,"href":"https:\/\/exaudi.org\/it\/wp-json\/wp\/v2\/tags?post=131312"}],"curies":[{"name":"wp","href":"https:\/\/api.w.org\/{rel}","templated":true}]}}