{"id":131242,"date":"2025-08-06T21:58:52","date_gmt":"2025-08-06T19:58:52","guid":{"rendered":"https:\/\/exaudi.org\/?p=131242"},"modified":"2025-08-06T21:58:52","modified_gmt":"2025-08-06T19:58:52","slug":"i-nuovi-patrioti","status":"publish","type":"post","link":"https:\/\/exaudi.org\/it\/i-nuovi-patrioti\/","title":{"rendered":"I Nuovi Patrioti"},"content":{"rendered":"<p><span style=\"vertical-align: inherit\"><span style=\"vertical-align: inherit\">Qualche giorno fa abbiamo celebrato il nostro anniversario nazionale in Per\u00f9. \u00c8 un giorno per ricordare gli eroi e l&#8217;immensa schiera di patrioti anonimi che hanno consolidato la nostra indipendenza. Vale anche la pena ricordare che nel corso della nostra storia repubblicana abbiamo affrontato conflitti armati e in quei momenti sono emersi molti patrioti che hanno difeso il nostro Paese, anche a costo della vita.<\/span><\/span><\/p>\n<p><span style=\"vertical-align: inherit\"><span style=\"vertical-align: inherit\">A questo proposito, come sapete, abbiamo quattro virt\u00f9 cardinali: prudenza, giustizia, fortezza e temperanza. Queste sono chiamate virt\u00f9 cardinali perch\u00e9, come indica Wikipedia, il termine deriva dal latino &#8220;cardo&#8221;, che significa cardine, a indicare che le virt\u00f9 cardinali sono l&#8217;asse attorno al quale ruotano tutte le altre virt\u00f9.<\/span><\/span><\/p>\n<p><span style=\"vertical-align: inherit\"><span style=\"vertical-align: inherit\">In questa occasione, desidero affrontare la virt\u00f9 cardinale della Giustizia, perch\u00e9 credo che sia interconnessa con la virt\u00f9 del patriottismo. Pertanto, vorrei iniziare con la celebre definizione di Giustizia del giurista romano Domizio Ulpiano: &#8220;La giustizia \u00e8 la volont\u00e0 costante e perpetua di dare a ciascuno il suo&#8221;, cio\u00e8 &#8220;di dare a ciascuno ci\u00f2 che gli \u00e8 dovuto&#8221;.<\/span><\/span><\/p>\n<p><span style=\"vertical-align: inherit\"><span style=\"vertical-align: inherit\">In questo senso, tu e io non abbiamo bisogno di una guerra per difendere il Per\u00f9 e dimostrare il nostro amore per il nostro Paese. Per questo, condivido con voi alcune semplici azioni quotidiane che possiamo compiere per dimostrare il nostro patriottismo.<\/span><\/span><\/p>\n<p><span style=\"vertical-align: inherit\"><span style=\"vertical-align: inherit\">Testimoniamo il nostro amore per il Per\u00f9, ringraziando sempre per essere nati in questa terra.<\/span><\/span><\/p>\n<p><span style=\"vertical-align: inherit\"><span style=\"vertical-align: inherit\">Difendiamo i diritti e i valori fondamentali della nostra societ\u00e0 (il diritto alla vita, il valore della famiglia e il dire no alla corruzione in ogni sua forma, che si tratti di entit\u00e0 private o di partenariati pubblico-privati).<\/span><\/span><\/p>\n<p><span style=\"vertical-align: inherit\"><span style=\"vertical-align: inherit\">Aiutiamo a costruire un Per\u00f9 migliore adempiendo ai nostri doveri, come pagare le tasse, obbedire a tutte le leggi, mettere da parte la famosa &#8220;criollada&#8221;, rispettare la segnaletica stradale, ecc.<\/span><\/span><\/p>\n<p><span style=\"vertical-align: inherit\"><span style=\"vertical-align: inherit\">In relazione ai tre punti sopra menzionati, e prendendo come riferimento lo slogan del nostro Partito Nazionalista (PNP), che \u00e8: DIO, PATRIA e LEGGE, propongo che lo slogan dei nuovi patrioti sia: DIO, PATRIA e COSTRUZIONE di un PER\u00d9 migliore, pi\u00f9 grande e pi\u00f9 unito.<\/span><\/span><\/p>\n<p><span style=\"vertical-align: inherit\"><span style=\"vertical-align: inherit\">In allegato due frasi associate al patriottismo, pertinenti a questo articolo e slogan.<\/span><\/span><\/p>\n<p><span style=\"vertical-align: inherit\"><span style=\"vertical-align: inherit\">\u201cLa nostra nazione \u00e8 arricchita da ciascuno dei suoi cittadini.\u201d<\/span><\/span><\/p>\n<p><span style=\"vertical-align: inherit\"><span style=\"vertical-align: inherit\">\u201cLa patria \u00e8 un sentimento che non conosce confini\u201d<\/span><\/span><\/p>\n<p><span style=\"vertical-align: inherit\"><span style=\"vertical-align: inherit\">Che ne dici? Ti unisci al gruppo di nuovi patrioti che, attraverso semplici azioni quotidiane, dimostreranno che amiamo, difendiamo e costruiamo un PER\u00d9 migliore, pi\u00f9 grande e pi\u00f9 unito&#8230; Forza! \u00c8 possibile. Si tratta solo di praticare, praticare e praticare queste abitudini per incorporare la virt\u00f9 del patriottismo nel nostro DNA. Quindi, forza!<\/span><\/span><\/p>\n<p><span style=\"vertical-align: inherit\"><span style=\"vertical-align: inherit\">Continua a remare controcorrente!<\/span><\/span><\/p>\n","protected":false},"excerpt":{"rendered":"<p>Oltre agli eroi del passato, il Per\u00f9 di oggi ha bisogno di cittadini che vivano per la giustizia, difendano i valori e costruiscano il Paese attraverso la vita quotidiana<\/p>\n","protected":false},"author":134,"featured_media":131187,"comment_status":"closed","ping_status":"closed","sticky":false,"template":"","format":"standard","meta":{"_acf_changed":false,"_crdt_document":"","inline_featured_image":false,"footnotes":""},"categories":[129],"tags":[69321,69322,69324,11198,15695,69325,69323,69326,2183,69327,48128,4952,69328,69329],"class_list":["post-131242","post","type-post","status-publish","format-standard","has-post-thumbnail","hentry","category-voci","tag-amore-per-il-peru","tag-anniversario-nazionale","tag-costruire-il-paese","tag-dio","tag-hugo-saldana-estrada-2","tag-nuovi-patrioti","tag-patria-e-legge","tag-patriottismo","tag-peru-it","tag-responsabilita-cittadina","tag-spirito-civico","tag-trending-it","tag-valori-cittadini","tag-virtu-della-giustizia"],"acf":[],"yoast_head":"<!-- This site is optimized with the Yoast SEO plugin v27.5 - https:\/\/yoast.com\/product\/yoast-seo-wordpress\/ -->\n<title>I Nuovi Patrioti &#8211; Exaudi<\/title>\n<meta name=\"robots\" content=\"index, follow, max-snippet:-1, max-image-preview:large, max-video-preview:-1\" \/>\n<link rel=\"canonical\" href=\"https:\/\/exaudi.org\/it\/i-nuovi-patrioti\/\" \/>\n<meta property=\"og:locale\" content=\"it_IT\" \/>\n<meta property=\"og:type\" content=\"article\" \/>\n<meta property=\"og:title\" content=\"I Nuovi Patrioti &#8211; Exaudi\" \/>\n<meta property=\"og:description\" content=\"Oltre agli eroi del passato, il Per\u00f9 di oggi ha bisogno di cittadini che vivano per la giustizia, difendano i valori e costruiscano il Paese attraverso la vita quotidiana\" \/>\n<meta property=\"og:url\" content=\"https:\/\/exaudi.org\/it\/i-nuovi-patrioti\/\" \/>\n<meta property=\"og:site_name\" content=\"Exaudi\" \/>\n<meta property=\"article:publisher\" content=\"https:\/\/www.facebook.com\/ExaudiNews\" \/>\n<meta property=\"article:published_time\" content=\"2025-08-06T19:58:52+00:00\" \/>\n<meta property=\"og:image\" content=\"https:\/\/exaudi.org\/wp-content\/uploads\/2025\/08\/pexels-ketut-subiyanto-4559744-scaled.jpg\" \/>\n\t<meta property=\"og:image:width\" content=\"2560\" \/>\n\t<meta property=\"og:image:height\" content=\"1707\" \/>\n\t<meta property=\"og:image:type\" content=\"image\/jpeg\" \/>\n<meta name=\"author\" content=\"Hugo Salda\u00f1a Estrada\" \/>\n<meta name=\"twitter:card\" content=\"summary_large_image\" \/>\n<meta name=\"twitter:creator\" content=\"@Exaudi_News\" \/>\n<meta name=\"twitter:site\" content=\"@Exaudi_News\" \/>\n<meta name=\"twitter:label1\" content=\"Scritto da\" \/>\n\t<meta name=\"twitter:data1\" content=\"Hugo Salda\u00f1a Estrada\" \/>\n\t<meta name=\"twitter:label2\" content=\"Tempo di lettura stimato\" \/>\n\t<meta name=\"twitter:data2\" content=\"2 minuti\" \/>\n<script type=\"application\/ld+json\" class=\"yoast-schema-graph\">{\"@context\":\"https:\\\/\\\/schema.org\",\"@graph\":[{\"@type\":\"Article\",\"@id\":\"https:\\\/\\\/exaudi.org\\\/it\\\/i-nuovi-patrioti\\\/#article\",\"isPartOf\":{\"@id\":\"https:\\\/\\\/exaudi.org\\\/it\\\/i-nuovi-patrioti\\\/\"},\"author\":{\"name\":\"Hugo Salda\u00f1a Estrada\",\"@id\":\"https:\\\/\\\/exaudi.org\\\/#\\\/schema\\\/person\\\/353d70da24ff03991a0f19b1948992e3\"},\"headline\":\"I Nuovi Patrioti\",\"datePublished\":\"2025-08-06T19:58:52+00:00\",\"mainEntityOfPage\":{\"@id\":\"https:\\\/\\\/exaudi.org\\\/it\\\/i-nuovi-patrioti\\\/\"},\"wordCount\":428,\"image\":{\"@id\":\"https:\\\/\\\/exaudi.org\\\/it\\\/i-nuovi-patrioti\\\/#primaryimage\"},\"thumbnailUrl\":\"https:\\\/\\\/exaudi.org\\\/wp-content\\\/uploads\\\/2025\\\/08\\\/pexels-ketut-subiyanto-4559744-scaled.jpg\",\"keywords\":[\"Amore per il Per\u00f9\",\"Anniversario Nazionale\",\"Costruire il Paese\",\"DIO\",\"HUGO SALDA\u00d1A ESTRADA\",\"Nuovi Patrioti\",\"Patria e Legge\",\"Patriottismo\",\"Per\u00fa\",\"Responsabilit\u00e0 Cittadina\",\"spirito civico\",\"Trending\",\"Valori Cittadini\",\"Virt\u00f9 della Giustizia\"],\"articleSection\":[\"Voci\"],\"inLanguage\":\"it-IT\"},{\"@type\":\"WebPage\",\"@id\":\"https:\\\/\\\/exaudi.org\\\/it\\\/i-nuovi-patrioti\\\/\",\"url\":\"https:\\\/\\\/exaudi.org\\\/it\\\/i-nuovi-patrioti\\\/\",\"name\":\"I Nuovi Patrioti &#8211; Exaudi\",\"isPartOf\":{\"@id\":\"https:\\\/\\\/exaudi.org\\\/#website\"},\"primaryImageOfPage\":{\"@id\":\"https:\\\/\\\/exaudi.org\\\/it\\\/i-nuovi-patrioti\\\/#primaryimage\"},\"image\":{\"@id\":\"https:\\\/\\\/exaudi.org\\\/it\\\/i-nuovi-patrioti\\\/#primaryimage\"},\"thumbnailUrl\":\"https:\\\/\\\/exaudi.org\\\/wp-content\\\/uploads\\\/2025\\\/08\\\/pexels-ketut-subiyanto-4559744-scaled.jpg\",\"datePublished\":\"2025-08-06T19:58:52+00:00\",\"author\":{\"@id\":\"https:\\\/\\\/exaudi.org\\\/#\\\/schema\\\/person\\\/353d70da24ff03991a0f19b1948992e3\"},\"breadcrumb\":{\"@id\":\"https:\\\/\\\/exaudi.org\\\/it\\\/i-nuovi-patrioti\\\/#breadcrumb\"},\"inLanguage\":\"it-IT\",\"potentialAction\":[{\"@type\":\"ReadAction\",\"target\":[\"https:\\\/\\\/exaudi.org\\\/it\\\/i-nuovi-patrioti\\\/\"]}]},{\"@type\":\"ImageObject\",\"inLanguage\":\"it-IT\",\"@id\":\"https:\\\/\\\/exaudi.org\\\/it\\\/i-nuovi-patrioti\\\/#primaryimage\",\"url\":\"https:\\\/\\\/exaudi.org\\\/wp-content\\\/uploads\\\/2025\\\/08\\\/pexels-ketut-subiyanto-4559744-scaled.jpg\",\"contentUrl\":\"https:\\\/\\\/exaudi.org\\\/wp-content\\\/uploads\\\/2025\\\/08\\\/pexels-ketut-subiyanto-4559744-scaled.jpg\",\"width\":2560,\"height\":1707},{\"@type\":\"BreadcrumbList\",\"@id\":\"https:\\\/\\\/exaudi.org\\\/it\\\/i-nuovi-patrioti\\\/#breadcrumb\",\"itemListElement\":[{\"@type\":\"ListItem\",\"position\":1,\"name\":\"Portada\",\"item\":\"https:\\\/\\\/exaudi.org\\\/it\\\/\"},{\"@type\":\"ListItem\",\"position\":2,\"name\":\"I Nuovi Patrioti\"}]},{\"@type\":\"WebSite\",\"@id\":\"https:\\\/\\\/exaudi.org\\\/#website\",\"url\":\"https:\\\/\\\/exaudi.org\\\/\",\"name\":\"Exaudi\",\"description\":\"News\",\"potentialAction\":[{\"@type\":\"SearchAction\",\"target\":{\"@type\":\"EntryPoint\",\"urlTemplate\":\"https:\\\/\\\/exaudi.org\\\/?s={search_term_string}\"},\"query-input\":{\"@type\":\"PropertyValueSpecification\",\"valueRequired\":true,\"valueName\":\"search_term_string\"}}],\"inLanguage\":\"it-IT\"},{\"@type\":\"Person\",\"@id\":\"https:\\\/\\\/exaudi.org\\\/#\\\/schema\\\/person\\\/353d70da24ff03991a0f19b1948992e3\",\"name\":\"Hugo Salda\u00f1a Estrada\",\"image\":{\"@type\":\"ImageObject\",\"inLanguage\":\"it-IT\",\"@id\":\"https:\\\/\\\/secure.gravatar.com\\\/avatar\\\/aec371521ec3d7c6916577aaa96c57dd491f5cbb6c5480ff969ad34bc7f63c6a?s=96&d=mm&r=g\",\"url\":\"https:\\\/\\\/secure.gravatar.com\\\/avatar\\\/aec371521ec3d7c6916577aaa96c57dd491f5cbb6c5480ff969ad34bc7f63c6a?s=96&d=mm&r=g\",\"contentUrl\":\"https:\\\/\\\/secure.gravatar.com\\\/avatar\\\/aec371521ec3d7c6916577aaa96c57dd491f5cbb6c5480ff969ad34bc7f63c6a?s=96&d=mm&r=g\",\"caption\":\"Hugo Salda\u00f1a Estrada\"},\"description\":\"Gerente de Showroom Ventas en Roca SAC. Veinte a\u00f1os de experiencia, generando valor en empresas transnacionales y de primer nivel a trav\u00e9s de la gesti\u00f3n integral de procesos de recursos humanos, tales como selecci\u00f3n de talento, estrategias de compensaciones, evaluaci\u00f3n del desempe\u00f1o y gesti\u00f3n del clima laboral.\",\"sameAs\":[\"https:\\\/\\\/www.linkedin.com\\\/in\\\/hugosaldanaestrada\\\/\"],\"url\":\"https:\\\/\\\/exaudi.org\\\/it\\\/author\\\/hugo-saldana-estrada\\\/\"}]}<\/script>\n<!-- \/ Yoast SEO plugin. -->","yoast_head_json":{"title":"I Nuovi Patrioti &#8211; Exaudi","robots":{"index":"index","follow":"follow","max-snippet":"max-snippet:-1","max-image-preview":"max-image-preview:large","max-video-preview":"max-video-preview:-1"},"canonical":"https:\/\/exaudi.org\/it\/i-nuovi-patrioti\/","og_locale":"it_IT","og_type":"article","og_title":"I Nuovi Patrioti &#8211; Exaudi","og_description":"Oltre agli eroi del passato, il Per\u00f9 di oggi ha bisogno di cittadini che vivano per la giustizia, difendano i valori e costruiscano il Paese attraverso la vita quotidiana","og_url":"https:\/\/exaudi.org\/it\/i-nuovi-patrioti\/","og_site_name":"Exaudi","article_publisher":"https:\/\/www.facebook.com\/ExaudiNews","article_published_time":"2025-08-06T19:58:52+00:00","og_image":[{"width":2560,"height":1707,"url":"https:\/\/exaudi.org\/wp-content\/uploads\/2025\/08\/pexels-ketut-subiyanto-4559744-scaled.jpg","type":"image\/jpeg"}],"author":"Hugo Salda\u00f1a Estrada","twitter_card":"summary_large_image","twitter_creator":"@Exaudi_News","twitter_site":"@Exaudi_News","twitter_misc":{"Scritto da":"Hugo Salda\u00f1a Estrada","Tempo di lettura stimato":"2 minuti"},"schema":{"@context":"https:\/\/schema.org","@graph":[{"@type":"Article","@id":"https:\/\/exaudi.org\/it\/i-nuovi-patrioti\/#article","isPartOf":{"@id":"https:\/\/exaudi.org\/it\/i-nuovi-patrioti\/"},"author":{"name":"Hugo Salda\u00f1a Estrada","@id":"https:\/\/exaudi.org\/#\/schema\/person\/353d70da24ff03991a0f19b1948992e3"},"headline":"I Nuovi Patrioti","datePublished":"2025-08-06T19:58:52+00:00","mainEntityOfPage":{"@id":"https:\/\/exaudi.org\/it\/i-nuovi-patrioti\/"},"wordCount":428,"image":{"@id":"https:\/\/exaudi.org\/it\/i-nuovi-patrioti\/#primaryimage"},"thumbnailUrl":"https:\/\/exaudi.org\/wp-content\/uploads\/2025\/08\/pexels-ketut-subiyanto-4559744-scaled.jpg","keywords":["Amore per il Per\u00f9","Anniversario Nazionale","Costruire il Paese","DIO","HUGO SALDA\u00d1A ESTRADA","Nuovi Patrioti","Patria e Legge","Patriottismo","Per\u00fa","Responsabilit\u00e0 Cittadina","spirito civico","Trending","Valori Cittadini","Virt\u00f9 della Giustizia"],"articleSection":["Voci"],"inLanguage":"it-IT"},{"@type":"WebPage","@id":"https:\/\/exaudi.org\/it\/i-nuovi-patrioti\/","url":"https:\/\/exaudi.org\/it\/i-nuovi-patrioti\/","name":"I Nuovi Patrioti &#8211; Exaudi","isPartOf":{"@id":"https:\/\/exaudi.org\/#website"},"primaryImageOfPage":{"@id":"https:\/\/exaudi.org\/it\/i-nuovi-patrioti\/#primaryimage"},"image":{"@id":"https:\/\/exaudi.org\/it\/i-nuovi-patrioti\/#primaryimage"},"thumbnailUrl":"https:\/\/exaudi.org\/wp-content\/uploads\/2025\/08\/pexels-ketut-subiyanto-4559744-scaled.jpg","datePublished":"2025-08-06T19:58:52+00:00","author":{"@id":"https:\/\/exaudi.org\/#\/schema\/person\/353d70da24ff03991a0f19b1948992e3"},"breadcrumb":{"@id":"https:\/\/exaudi.org\/it\/i-nuovi-patrioti\/#breadcrumb"},"inLanguage":"it-IT","potentialAction":[{"@type":"ReadAction","target":["https:\/\/exaudi.org\/it\/i-nuovi-patrioti\/"]}]},{"@type":"ImageObject","inLanguage":"it-IT","@id":"https:\/\/exaudi.org\/it\/i-nuovi-patrioti\/#primaryimage","url":"https:\/\/exaudi.org\/wp-content\/uploads\/2025\/08\/pexels-ketut-subiyanto-4559744-scaled.jpg","contentUrl":"https:\/\/exaudi.org\/wp-content\/uploads\/2025\/08\/pexels-ketut-subiyanto-4559744-scaled.jpg","width":2560,"height":1707},{"@type":"BreadcrumbList","@id":"https:\/\/exaudi.org\/it\/i-nuovi-patrioti\/#breadcrumb","itemListElement":[{"@type":"ListItem","position":1,"name":"Portada","item":"https:\/\/exaudi.org\/it\/"},{"@type":"ListItem","position":2,"name":"I Nuovi Patrioti"}]},{"@type":"WebSite","@id":"https:\/\/exaudi.org\/#website","url":"https:\/\/exaudi.org\/","name":"Exaudi","description":"News","potentialAction":[{"@type":"SearchAction","target":{"@type":"EntryPoint","urlTemplate":"https:\/\/exaudi.org\/?s={search_term_string}"},"query-input":{"@type":"PropertyValueSpecification","valueRequired":true,"valueName":"search_term_string"}}],"inLanguage":"it-IT"},{"@type":"Person","@id":"https:\/\/exaudi.org\/#\/schema\/person\/353d70da24ff03991a0f19b1948992e3","name":"Hugo Salda\u00f1a Estrada","image":{"@type":"ImageObject","inLanguage":"it-IT","@id":"https:\/\/secure.gravatar.com\/avatar\/aec371521ec3d7c6916577aaa96c57dd491f5cbb6c5480ff969ad34bc7f63c6a?s=96&d=mm&r=g","url":"https:\/\/secure.gravatar.com\/avatar\/aec371521ec3d7c6916577aaa96c57dd491f5cbb6c5480ff969ad34bc7f63c6a?s=96&d=mm&r=g","contentUrl":"https:\/\/secure.gravatar.com\/avatar\/aec371521ec3d7c6916577aaa96c57dd491f5cbb6c5480ff969ad34bc7f63c6a?s=96&d=mm&r=g","caption":"Hugo Salda\u00f1a Estrada"},"description":"Gerente de Showroom Ventas en Roca SAC. Veinte a\u00f1os de experiencia, generando valor en empresas transnacionales y de primer nivel a trav\u00e9s de la gesti\u00f3n integral de procesos de recursos humanos, tales como selecci\u00f3n de talento, estrategias de compensaciones, evaluaci\u00f3n del desempe\u00f1o y gesti\u00f3n del clima laboral.","sameAs":["https:\/\/www.linkedin.com\/in\/hugosaldanaestrada\/"],"url":"https:\/\/exaudi.org\/it\/author\/hugo-saldana-estrada\/"}]}},"jetpack_featured_media_url":"https:\/\/exaudi.org\/wp-content\/uploads\/2025\/08\/pexels-ketut-subiyanto-4559744-scaled.jpg","jetpack_shortlink":"https:\/\/wp.me\/pgKjF2-y8O","_links":{"self":[{"href":"https:\/\/exaudi.org\/it\/wp-json\/wp\/v2\/posts\/131242","targetHints":{"allow":["GET"]}}],"collection":[{"href":"https:\/\/exaudi.org\/it\/wp-json\/wp\/v2\/posts"}],"about":[{"href":"https:\/\/exaudi.org\/it\/wp-json\/wp\/v2\/types\/post"}],"author":[{"embeddable":true,"href":"https:\/\/exaudi.org\/it\/wp-json\/wp\/v2\/users\/134"}],"replies":[{"embeddable":true,"href":"https:\/\/exaudi.org\/it\/wp-json\/wp\/v2\/comments?post=131242"}],"version-history":[{"count":1,"href":"https:\/\/exaudi.org\/it\/wp-json\/wp\/v2\/posts\/131242\/revisions"}],"predecessor-version":[{"id":131243,"href":"https:\/\/exaudi.org\/it\/wp-json\/wp\/v2\/posts\/131242\/revisions\/131243"}],"wp:featuredmedia":[{"embeddable":true,"href":"https:\/\/exaudi.org\/it\/wp-json\/wp\/v2\/media\/131187"}],"wp:attachment":[{"href":"https:\/\/exaudi.org\/it\/wp-json\/wp\/v2\/media?parent=131242"}],"wp:term":[{"taxonomy":"category","embeddable":true,"href":"https:\/\/exaudi.org\/it\/wp-json\/wp\/v2\/categories?post=131242"},{"taxonomy":"post_tag","embeddable":true,"href":"https:\/\/exaudi.org\/it\/wp-json\/wp\/v2\/tags?post=131242"}],"curies":[{"name":"wp","href":"https:\/\/api.w.org\/{rel}","templated":true}]}}