{"id":130941,"date":"2025-07-30T18:23:05","date_gmt":"2025-07-30T16:23:05","guid":{"rendered":"https:\/\/exaudi.org\/?p=130941"},"modified":"2025-07-30T18:23:05","modified_gmt":"2025-07-30T16:23:05","slug":"il-tuo-corpo-ne-vale-la-pena","status":"publish","type":"post","link":"https:\/\/exaudi.org\/it\/il-tuo-corpo-ne-vale-la-pena\/","title":{"rendered":"Il tuo corpo ne vale la pena!"},"content":{"rendered":"<p data-start=\"388\" data-end=\"692\"><span dir=\"auto\" style=\"vertical-align: inherit\"><span dir=\"auto\" style=\"vertical-align: inherit\">Ti sei mai chiesto cosa dice la fede sul tuo corpo, sulla tua sessualit\u00e0, sull&#8217;amore e sul tuo scopo? Sapevi che il tuo corpo comunica un messaggio divino? La\u00a0 <\/span><\/span><strong data-start=\"542\" data-end=\"565\"><span dir=\"auto\" style=\"vertical-align: inherit\"><span dir=\"auto\" style=\"vertical-align: inherit\">Teologia del Corpo<\/span><\/span><\/strong><span dir=\"auto\" style=\"vertical-align: inherit\"><span dir=\"auto\" style=\"vertical-align: inherit\">, dono di San Giovanni Paolo II, sta cambiando il modo in cui molti giovani concepiscono la propria vita, la propria dignit\u00e0 e la propria vocazione all&#8217;amore.<\/span><\/span><\/p>\n<h3 data-start=\"694\" data-end=\"729\"><strong><span dir=\"auto\" style=\"vertical-align: inherit\"><span dir=\"auto\" style=\"vertical-align: inherit\">Che cos&#8217;\u00e8 la teologia del corpo?<\/span><\/span><\/strong><\/h3>\n<p data-start=\"731\" data-end=\"1059\"><span dir=\"auto\" style=\"vertical-align: inherit\"><span dir=\"auto\" style=\"vertical-align: inherit\">Tra il 1979 e il 1984, San Giovanni Paolo II tenne\u00a0 <\/span><\/span><strong data-start=\"772\" data-end=\"790\"><span dir=\"auto\" style=\"vertical-align: inherit\"><span dir=\"auto\" style=\"vertical-align: inherit\">129 catechesi<\/span><\/span><\/strong><span dir=\"auto\" style=\"vertical-align: inherit\"><span dir=\"auto\" style=\"vertical-align: inherit\"> \u00a0nelle sue udienze settimanali, in cui spieg\u00f2 come il corpo umano, l&#8217;amore e la sessualit\u00e0 rivelino il piano di Dio per l&#8217;umanit\u00e0. Questo insieme di insegnamenti costituisce quella che oggi chiamiamo\u00a0 <\/span><\/span><em data-start=\"978\" data-end=\"999\"><span dir=\"auto\" style=\"vertical-align: inherit\"><span dir=\"auto\" style=\"vertical-align: inherit\">la teologia del corpo<\/span><\/span><\/em><span dir=\"auto\" style=\"vertical-align: inherit\"><span dir=\"auto\" style=\"vertical-align: inherit\">, una vera e propria\u00a0 <\/span><\/span><strong data-start=\"1014\" data-end=\"1058\"><span dir=\"auto\" style=\"vertical-align: inherit\"><span dir=\"auto\" style=\"vertical-align: inherit\">mappa per vivere con uno scopo e una realizzazione<\/span><\/span><\/strong><span dir=\"auto\" style=\"vertical-align: inherit\"><span dir=\"auto\" style=\"vertical-align: inherit\">.<\/span><\/span><\/p>\n<p data-start=\"1061\" data-end=\"1171\"><span dir=\"auto\" style=\"vertical-align: inherit\"><span dir=\"auto\" style=\"vertical-align: inherit\">Qui condividiamo quattro idee chiave che possono rivoluzionare il modo in cui concepisci il tuo corpo e la tua vita.<\/span><\/span><\/p>\n<h3 data-start=\"1178\" data-end=\"1221\"><strong><span dir=\"auto\" style=\"vertical-align: inherit\"><span dir=\"auto\" style=\"vertical-align: inherit\">1. Il tuo corpo \u00e8 un dono con uno scopo<\/span><\/span><\/strong><\/h3>\n<p data-start=\"1223\" data-end=\"1554\"><span dir=\"auto\" style=\"vertical-align: inherit\"><span dir=\"auto\" style=\"vertical-align: inherit\">Il tuo corpo non \u00e8 un semplice involucro o un oggetto. \u00c8 un\u00a0 <\/span><\/span><strong data-start=\"1278\" data-end=\"1296\"><span dir=\"auto\" style=\"vertical-align: inherit\"><span dir=\"auto\" style=\"vertical-align: inherit\">dono di Dio,<\/span><\/span><\/strong><span dir=\"auto\" style=\"vertical-align: inherit\"><span dir=\"auto\" style=\"vertical-align: inherit\"> \u00a0creato con un significato. Come ci ricorda Genesi 1:27, siamo stati creati a immagine e somiglianza di Dio:\u00a0 <\/span><\/span><em data-start=\"1399\" data-end=\"1425\"><span dir=\"auto\" style=\"vertical-align: inherit\"><span dir=\"auto\" style=\"vertical-align: inherit\">&#8220;Maschio e femmina li cre\u00f2&#8221;.<\/span><\/span><\/em><br data-start=\"1426\" data-end=\"1429\" \/><span dir=\"auto\" style=\"vertical-align: inherit\"><span dir=\"auto\" style=\"vertical-align: inherit\">Ci\u00f2 significa che la tua mascolinit\u00e0 o femminilit\u00e0 non \u00e8 una coincidenza, ma una\u00a0 <\/span><\/span><strong data-start=\"1504\" data-end=\"1541\"><span dir=\"auto\" style=\"vertical-align: inherit\"><span dir=\"auto\" style=\"vertical-align: inherit\">chiamata a riflettere l&#8217;amore divino<\/span><\/span><\/strong><span dir=\"auto\" style=\"vertical-align: inherit\"><span dir=\"auto\" style=\"vertical-align: inherit\"> \u00a0nel mondo.<\/span><\/span><\/p>\n<p data-start=\"1556\" data-end=\"1763\"><span dir=\"auto\" style=\"vertical-align: inherit\"><span dir=\"auto\" style=\"vertical-align: inherit\">La cultura odierna riduce spesso il corpo a uno strumento di consumo o di piacere, ma la teologia del corpo proclama:\u00a0 <\/span><\/span><em data-start=\"1681\" data-end=\"1763\"><span dir=\"auto\" style=\"vertical-align: inherit\"><span dir=\"auto\" style=\"vertical-align: inherit\">&#8220;Il tuo corpo racconta una storia. \u00c8 un linguaggio che dice: sei fatto per l&#8217;amore&#8221;.<\/span><\/span><\/em><\/p>\n<h3 data-start=\"1770\" data-end=\"1803\"><strong><span dir=\"auto\" style=\"vertical-align: inherit\"><span dir=\"auto\" style=\"vertical-align: inherit\">2. Amare \u00e8 donarsi completamente<\/span><\/span><\/strong><\/h3>\n<p data-start=\"1805\" data-end=\"2145\"><span dir=\"auto\" style=\"vertical-align: inherit\"><span dir=\"auto\" style=\"vertical-align: inherit\">Il vero amore non \u00e8 n\u00e9 egoistico n\u00e9 superficiale. San Giovanni Paolo II diceva che\u00a0 <\/span><\/span><em data-start=\"1881\" data-end=\"1969\"><span dir=\"auto\" style=\"vertical-align: inherit\"><span dir=\"auto\" style=\"vertical-align: inherit\">&#8220;l&#8217;uomo trova se stesso solo nel dono sincero di s\u00e9 agli altri&#8221;.<\/span><\/span><\/em><br data-start=\"1970\" data-end=\"1973\" \/><span dir=\"auto\" style=\"vertical-align: inherit\"><span dir=\"auto\" style=\"vertical-align: inherit\">Amare \u00e8 donare se stessi: il proprio tempo, le proprie energie, la propria vita. Pu\u00f2 essere quotidiano come ascoltare un amico in crisi o grandioso come la dedizione degli sposi nel matrimonio.<\/span><\/span><\/p>\n<p data-start=\"2147\" data-end=\"2378\"><span dir=\"auto\" style=\"vertical-align: inherit\"><span dir=\"auto\" style=\"vertical-align: inherit\">Non \u00e8 necessario essere sposati per vivere questa devozione. Siamo tutti chiamati a essere un\u00a0 <\/span><\/span><strong data-start=\"2231\" data-end=\"2256\"><span dir=\"auto\" style=\"vertical-align: inherit\"><span dir=\"auto\" style=\"vertical-align: inherit\">dono per gli altri<\/span><\/span><\/strong><span dir=\"auto\" style=\"vertical-align: inherit\"><span dir=\"auto\" style=\"vertical-align: inherit\">, nell&#8217;amicizia, nella famiglia e nel servizio. E questo, in un mondo egocentrico, significa essere un vero\u00a0 <\/span><\/span><strong data-start=\"2357\" data-end=\"2377\"><span dir=\"auto\" style=\"vertical-align: inherit\"><span dir=\"auto\" style=\"vertical-align: inherit\">ribelle dell&#8217;amore<\/span><\/span><\/strong><span dir=\"auto\" style=\"vertical-align: inherit\"><span dir=\"auto\" style=\"vertical-align: inherit\">.<\/span><\/span><\/p>\n<h3 data-start=\"2385\" data-end=\"2416\"><strong><span dir=\"auto\" style=\"vertical-align: inherit\"><span dir=\"auto\" style=\"vertical-align: inherit\">3. La sessualit\u00e0 \u00e8 sacra<\/span><\/span><\/strong><\/h3>\n<p data-start=\"2418\" data-end=\"2592\"><span dir=\"auto\" style=\"vertical-align: inherit\"><span dir=\"auto\" style=\"vertical-align: inherit\">Oggi la sessualit\u00e0 \u00e8 banalizzata o distorta. Ma secondo San Giovanni Paolo II, la sessualit\u00e0 unisce corpo e anima ed \u00e8 stata concepita da Dio per l&#8217;amore e la vita.<\/span><\/span><\/p>\n<p data-start=\"2594\" data-end=\"2823\"><span dir=\"auto\" style=\"vertical-align: inherit\"><span dir=\"auto\" style=\"vertical-align: inherit\">La castit\u00e0, lungi dall&#8217;essere un semplice &#8220;no&#8221;, \u00e8 un sonoro\u00a0 <\/span><\/span><strong data-start=\"2647\" data-end=\"2696\"><span dir=\"auto\" style=\"vertical-align: inherit\"><span dir=\"auto\" style=\"vertical-align: inherit\">&#8220;s\u00ec&#8221; a vivere la sessualit\u00e0 come Dio l&#8217;ha intesa<\/span><\/span><\/strong><span dir=\"auto\" style=\"vertical-align: inherit\"><span dir=\"auto\" style=\"vertical-align: inherit\">: con rispetto, impegno e verit\u00e0. Che tu sia single, sposato o consacrato, la castit\u00e0 libera il tuo cuore per\u00a0 <\/span><\/span><strong data-start=\"2805\" data-end=\"2822\"><span dir=\"auto\" style=\"vertical-align: inherit\"><span dir=\"auto\" style=\"vertical-align: inherit\">amare senza subire abusi<\/span><\/span><\/strong><span dir=\"auto\" style=\"vertical-align: inherit\"><span dir=\"auto\" style=\"vertical-align: inherit\">.<\/span><\/span><\/p>\n<p data-start=\"2825\" data-end=\"2968\"><span dir=\"auto\" style=\"vertical-align: inherit\"><span dir=\"auto\" style=\"vertical-align: inherit\">La teologia del corpo ci invita a ribellarci alla superficialit\u00e0 e ad abbracciare la dignit\u00e0. La sessualit\u00e0 non \u00e8 un tab\u00f9: \u00e8 un dono sacro.<\/span><\/span><\/p>\n<h3 data-start=\"2975\" data-end=\"3031\"><strong><span dir=\"auto\" style=\"vertical-align: inherit\"><span dir=\"auto\" style=\"vertical-align: inherit\">4. Sei fatto per la comunione\u2026 e per l\u2019eternit\u00e0<\/span><\/span><\/strong><\/h3>\n<p data-start=\"3033\" data-end=\"3368\"><span dir=\"auto\" style=\"vertical-align: inherit\"><span dir=\"auto\" style=\"vertical-align: inherit\">Dio disse:\u00a0 <\/span><\/span><em data-start=\"3044\" data-end=\"3083\"><span dir=\"auto\" style=\"vertical-align: inherit\"><span dir=\"auto\" style=\"vertical-align: inherit\">\u00abNon \u00e8 bene che l&#8217;uomo sia solo\u00bb<\/span><\/span><\/em><span dir=\"auto\" style=\"vertical-align: inherit\"><span dir=\"auto\" style=\"vertical-align: inherit\"> \u00a0(Genesi 2:18). I nostri corpi sono fatti per\u00a0 <\/span><\/span><strong data-start=\"3131\" data-end=\"3146\"><span dir=\"auto\" style=\"vertical-align: inherit\"><span dir=\"auto\" style=\"vertical-align: inherit\">la comunione<\/span><\/span><\/strong><span dir=\"auto\" style=\"vertical-align: inherit\"><span dir=\"auto\" style=\"vertical-align: inherit\">, per uscire da noi stessi e costruire relazioni autentiche. <\/span><\/span><br data-start=\"3212\" data-end=\"3215\" \/><span dir=\"auto\" style=\"vertical-align: inherit\"><span dir=\"auto\" style=\"vertical-align: inherit\">Ma non solo: Ges\u00f9 \u00e8 venuto per\u00a0 <\/span><\/span><strong data-start=\"3246\" data-end=\"3280\"><span dir=\"auto\" style=\"vertical-align: inherit\"><span dir=\"auto\" style=\"vertical-align: inherit\">redimere anche i nostri corpi<\/span><\/span><\/strong><span dir=\"auto\" style=\"vertical-align: inherit\"><span dir=\"auto\" style=\"vertical-align: inherit\">. Come dice Romani 8:23, non solo l&#8217;anima sar\u00e0 salvata, ma anche il corpo sar\u00e0 glorificato.<\/span><\/span><\/p>\n<p data-start=\"3370\" data-end=\"3571\"><span dir=\"auto\" style=\"vertical-align: inherit\"><span dir=\"auto\" style=\"vertical-align: inherit\">Questa \u00e8 pura\u00a0 <\/span><\/span><strong data-start=\"3383\" data-end=\"3406\"><span dir=\"auto\" style=\"vertical-align: inherit\"><span dir=\"auto\" style=\"vertical-align: inherit\">speranza cristiana<\/span><\/span><\/strong><span dir=\"auto\" style=\"vertical-align: inherit\"><span dir=\"auto\" style=\"vertical-align: inherit\">. Non importa il tuo passato, le tue ferite o le tue lotte: il tuo corpo \u00e8 destinato alla gloria eterna. Vivere con questa certezza \u00e8 l&#8217;atto pi\u00f9 ribelle in una cultura senza speranza.<\/span><\/span><\/p>\n<h3 data-start=\"3578\" data-end=\"3626\"><strong><span dir=\"auto\" style=\"vertical-align: inherit\"><span dir=\"auto\" style=\"vertical-align: inherit\">Essere ribelli significa vivere con un significato<\/span><\/span><\/strong><\/h3>\n<p data-start=\"3628\" data-end=\"3668\"><span dir=\"auto\" style=\"vertical-align: inherit\"><span dir=\"auto\" style=\"vertical-align: inherit\">La teologia del corpo ci ricorda che:<\/span><\/span><\/p>\n<ul data-start=\"3670\" data-end=\"3811\">\n<li data-start=\"3670\" data-end=\"3699\">\n<p data-start=\"3672\" data-end=\"3699\"><span dir=\"auto\" style=\"vertical-align: inherit\"><span dir=\"auto\" style=\"vertical-align: inherit\">Il tuo corpo \u00e8 un\u00a0 <\/span><\/span><strong data-start=\"3688\" data-end=\"3698\"><span dir=\"auto\" style=\"vertical-align: inherit\"><span dir=\"auto\" style=\"vertical-align: inherit\">dono<\/span><\/span><\/strong><span dir=\"auto\" style=\"vertical-align: inherit\"><span dir=\"auto\" style=\"vertical-align: inherit\">.<\/span><\/span><\/p>\n<\/li>\n<li data-start=\"3700\" data-end=\"3725\">\n<p data-start=\"3702\" data-end=\"3725\"><span dir=\"auto\" style=\"vertical-align: inherit\"><span dir=\"auto\" style=\"vertical-align: inherit\">L&#8217;amore \u00e8\u00a0 <\/span><\/span><strong data-start=\"3713\" data-end=\"3724\"><span dir=\"auto\" style=\"vertical-align: inherit\"><span dir=\"auto\" style=\"vertical-align: inherit\">resa<\/span><\/span><\/strong><span dir=\"auto\" style=\"vertical-align: inherit\"><span dir=\"auto\" style=\"vertical-align: inherit\">.<\/span><\/span><\/p>\n<\/li>\n<li data-start=\"3726\" data-end=\"3757\">\n<p data-start=\"3728\" data-end=\"3757\"><span dir=\"auto\" style=\"vertical-align: inherit\"><span dir=\"auto\" style=\"vertical-align: inherit\">La sessualit\u00e0 \u00e8\u00a0 <\/span><\/span><strong data-start=\"3745\" data-end=\"3756\"><span dir=\"auto\" style=\"vertical-align: inherit\"><span dir=\"auto\" style=\"vertical-align: inherit\">sacra<\/span><\/span><\/strong><span dir=\"auto\" style=\"vertical-align: inherit\"><span dir=\"auto\" style=\"vertical-align: inherit\">.<\/span><\/span><\/p>\n<\/li>\n<li data-start=\"3758\" data-end=\"3811\">\n<p data-start=\"3760\" data-end=\"3811\"><span dir=\"auto\" style=\"vertical-align: inherit\"><span dir=\"auto\" style=\"vertical-align: inherit\">E voi siete chiamati alla\u00a0 <\/span><\/span><strong data-start=\"3781\" data-end=\"3810\"><span dir=\"auto\" style=\"vertical-align: inherit\"><span dir=\"auto\" style=\"vertical-align: inherit\">comunione e alla speranza<\/span><\/span><\/strong><span dir=\"auto\" style=\"vertical-align: inherit\"><span dir=\"auto\" style=\"vertical-align: inherit\">.<\/span><\/span><\/p>\n<\/li>\n<\/ul>\n<p data-start=\"3813\" data-end=\"3949\"><span dir=\"auto\" style=\"vertical-align: inherit\"><span dir=\"auto\" style=\"vertical-align: inherit\">San Giovanni Paolo II ci ha lasciato questi insegnamenti per ricordarci chi siamo:\u00a0 <\/span><\/span><strong data-start=\"3889\" data-end=\"3948\"><span dir=\"auto\" style=\"vertical-align: inherit\"><span dir=\"auto\" style=\"vertical-align: inherit\">figli amati di Dio, chiamati ad amare con corpo e anima<\/span><\/span><\/strong><span dir=\"auto\" style=\"vertical-align: inherit\"><span dir=\"auto\" style=\"vertical-align: inherit\">.<\/span><\/span><\/p>\n<p data-start=\"3951\" data-end=\"4124\"><span dir=\"auto\" style=\"vertical-align: inherit\"><span dir=\"auto\" style=\"vertical-align: inherit\">Oggi pi\u00f9 che mai abbiamo bisogno\u00a0 <\/span><\/span><strong data-start=\"3983\" data-end=\"4007\"><span dir=\"auto\" style=\"vertical-align: inherit\"><span dir=\"auto\" style=\"vertical-align: inherit\">di ribelli con uno scopo<\/span><\/span><\/strong><span dir=\"auto\" style=\"vertical-align: inherit\"><span dir=\"auto\" style=\"vertical-align: inherit\">. Vivi il tuo corpo come un dono. Ama disinteressatamente. E confida nella promessa di Cristo: la tua vita ha un destino eterno.<\/span><\/span><\/p>\n<h3 data-start=\"4131\" data-end=\"4144\"><strong><span dir=\"auto\" style=\"vertical-align: inherit\"><span dir=\"auto\" style=\"vertical-align: inherit\">E tu?<\/span><\/span><\/strong><\/h3>\n<p data-start=\"4146\" data-end=\"4434\"><span dir=\"auto\" style=\"vertical-align: inherit\"><span dir=\"auto\" style=\"vertical-align: inherit\">Cosa pensi della teologia del corpo? Quale di queste idee ti ha colpito di pi\u00f9? Come potresti iniziare a viverla oggi? <\/span><\/span><br data-start=\"4259\" data-end=\"4262\" \/><span dir=\"auto\" style=\"vertical-align: inherit\"><span dir=\"auto\" style=\"vertical-align: inherit\">Lasciaci un commento e condividi questo articolo con chiunque abbia bisogno di ascoltare questo messaggio. <\/span><\/span><br data-start=\"4350\" data-end=\"4353\" \/><span dir=\"auto\" style=\"vertical-align: inherit\"><span dir=\"auto\" style=\"vertical-align: inherit\">E se desideri altri contenuti che ti cambieranno la vita,\u00a0 <\/span><\/span><strong data-start=\"4396\" data-end=\"4431\"><span dir=\"auto\" style=\"vertical-align: inherit\"><span dir=\"auto\" style=\"vertical-align: inherit\">iscriviti a Rebels Wanted<\/span><\/span><\/strong><span dir=\"auto\" style=\"vertical-align: inherit\"><span dir=\"auto\" style=\"vertical-align: inherit\"> .<\/span><\/span><\/p>\n<p data-start=\"4438\" data-end=\"4476\"><strong data-start=\"4438\" data-end=\"4476\"><span dir=\"auto\" style=\"vertical-align: inherit\"><span dir=\"auto\" style=\"vertical-align: inherit\">Dio ti ama\u2026 e vuole che tu sia felice.<\/span><\/span><\/strong><\/p>\n","protected":false},"excerpt":{"rendered":"<p>Cosa rivela la fede sul corpo, la sessualit\u00e0, l&#8217;amore e lo scopo della nostra vita<\/p>\n","protected":false},"author":73,"featured_media":130929,"comment_status":"closed","ping_status":"closed","sticky":false,"template":"","format":"standard","meta":{"_acf_changed":false,"_crdt_document":"","inline_featured_image":false,"footnotes":""},"categories":[129],"tags":[68857,68858,55951,68859,5613,68860,68861,68862,68863,5478,68864,68866,10333,68865,64291,68867,14752,65334,36786,46921,4952,19763],"class_list":["post-130941","post","type-post","status-publish","format-standard","has-post-thumbnail","hentry","category-voci","tag-amore-e-resa","tag-canale-rebels-wanted","tag-castita","tag-catechesi-di-giovanni-paolo-ii","tag-comunione","tag-corpo-come-dono","tag-corpo-e-fede","tag-dignita-del-corpo","tag-giovinezza-e-fede","tag-identita-cristiana","tag-messaggio-divino","tag-ribelli-cattolici","tag-san-giovanni-paolo-ii","tag-scopo-della-vita","tag-sessualita-cristiana","tag-sessualita-sacra","tag-speranza-cristiana","tag-spiritualita-del-corpo","tag-teologia-cattolica","tag-teologia-del-corpo","tag-trending-it","tag-vero-amore"],"acf":[],"yoast_head":"<!-- This site is optimized with the Yoast SEO plugin v27.5 - https:\/\/yoast.com\/product\/yoast-seo-wordpress\/ -->\n<title>Il tuo corpo ne vale la pena! &#8211; Exaudi<\/title>\n<meta name=\"robots\" content=\"index, follow, max-snippet:-1, max-image-preview:large, max-video-preview:-1\" \/>\n<link rel=\"canonical\" href=\"https:\/\/exaudi.org\/it\/il-tuo-corpo-ne-vale-la-pena\/\" \/>\n<meta property=\"og:locale\" content=\"it_IT\" \/>\n<meta property=\"og:type\" content=\"article\" \/>\n<meta property=\"og:title\" content=\"Il tuo corpo ne vale la pena! &#8211; Exaudi\" \/>\n<meta property=\"og:description\" content=\"Cosa rivela la fede sul corpo, la sessualit\u00e0, l&#039;amore e lo scopo della nostra vita\" \/>\n<meta property=\"og:url\" content=\"https:\/\/exaudi.org\/it\/il-tuo-corpo-ne-vale-la-pena\/\" \/>\n<meta property=\"og:site_name\" content=\"Exaudi\" \/>\n<meta property=\"article:publisher\" content=\"https:\/\/www.facebook.com\/ExaudiNews\" \/>\n<meta property=\"article:author\" content=\"https:\/\/www.facebook.com\/sebuscanrebeldes\/\" \/>\n<meta property=\"article:published_time\" content=\"2025-07-30T16:23:05+00:00\" \/>\n<meta property=\"og:image\" content=\"https:\/\/exaudi.org\/wp-content\/uploads\/2025\/07\/Copia-de-Negro-y-Gris-Elegante-y-Profesional-Simple-Presentacion-Artguru.png\" \/>\n\t<meta property=\"og:image:width\" content=\"1024\" \/>\n\t<meta property=\"og:image:height\" content=\"576\" \/>\n\t<meta property=\"og:image:type\" content=\"image\/png\" \/>\n<meta name=\"author\" content=\"Se Buscan Rebeldes\" \/>\n<meta name=\"twitter:card\" content=\"summary_large_image\" \/>\n<meta name=\"twitter:creator\" content=\"@Exaudi_News\" \/>\n<meta name=\"twitter:site\" content=\"@Exaudi_News\" \/>\n<meta name=\"twitter:label1\" content=\"Scritto da\" \/>\n\t<meta name=\"twitter:data1\" content=\"Se Buscan Rebeldes\" \/>\n\t<meta name=\"twitter:label2\" content=\"Tempo di lettura stimato\" \/>\n\t<meta name=\"twitter:data2\" content=\"3 minuti\" \/>\n<script type=\"application\/ld+json\" class=\"yoast-schema-graph\">{\"@context\":\"https:\\\/\\\/schema.org\",\"@graph\":[{\"@type\":\"Article\",\"@id\":\"https:\\\/\\\/exaudi.org\\\/it\\\/il-tuo-corpo-ne-vale-la-pena\\\/#article\",\"isPartOf\":{\"@id\":\"https:\\\/\\\/exaudi.org\\\/it\\\/il-tuo-corpo-ne-vale-la-pena\\\/\"},\"author\":{\"name\":\"Se Buscan Rebeldes\",\"@id\":\"https:\\\/\\\/exaudi.org\\\/#\\\/schema\\\/person\\\/b06a9faebc21255c5a2167f40523341a\"},\"headline\":\"Il tuo corpo ne vale la pena!\",\"datePublished\":\"2025-07-30T16:23:05+00:00\",\"mainEntityOfPage\":{\"@id\":\"https:\\\/\\\/exaudi.org\\\/it\\\/il-tuo-corpo-ne-vale-la-pena\\\/\"},\"wordCount\":701,\"image\":{\"@id\":\"https:\\\/\\\/exaudi.org\\\/it\\\/il-tuo-corpo-ne-vale-la-pena\\\/#primaryimage\"},\"thumbnailUrl\":\"https:\\\/\\\/exaudi.org\\\/wp-content\\\/uploads\\\/2025\\\/07\\\/Copia-de-Negro-y-Gris-Elegante-y-Profesional-Simple-Presentacion-Artguru.png\",\"keywords\":[\"amore e resa\",\"canale Rebels Wanted\",\"Castit\u00e0\",\"catechesi di Giovanni Paolo II\",\"comunione\",\"corpo come dono\",\"corpo e fede\",\"dignit\u00e0 del corpo\",\"giovinezza e fede\",\"identit\u00e0 cristiana\",\"messaggio divino\",\"ribelli cattolici\",\"SAN GIOVANNI PAOLO II\",\"scopo della vita\",\"Sessualit\u00e0 cristiana\",\"sessualit\u00e0 sacra\",\"SPERANZA CRISTIANA\",\"spiritualit\u00e0 del corpo\",\"teologia cattolica\",\"teologia del corpo\",\"Trending\",\"VERO AMORE\"],\"articleSection\":[\"Voci\"],\"inLanguage\":\"it-IT\"},{\"@type\":\"WebPage\",\"@id\":\"https:\\\/\\\/exaudi.org\\\/it\\\/il-tuo-corpo-ne-vale-la-pena\\\/\",\"url\":\"https:\\\/\\\/exaudi.org\\\/it\\\/il-tuo-corpo-ne-vale-la-pena\\\/\",\"name\":\"Il tuo corpo ne vale la pena! &#8211; Exaudi\",\"isPartOf\":{\"@id\":\"https:\\\/\\\/exaudi.org\\\/#website\"},\"primaryImageOfPage\":{\"@id\":\"https:\\\/\\\/exaudi.org\\\/it\\\/il-tuo-corpo-ne-vale-la-pena\\\/#primaryimage\"},\"image\":{\"@id\":\"https:\\\/\\\/exaudi.org\\\/it\\\/il-tuo-corpo-ne-vale-la-pena\\\/#primaryimage\"},\"thumbnailUrl\":\"https:\\\/\\\/exaudi.org\\\/wp-content\\\/uploads\\\/2025\\\/07\\\/Copia-de-Negro-y-Gris-Elegante-y-Profesional-Simple-Presentacion-Artguru.png\",\"datePublished\":\"2025-07-30T16:23:05+00:00\",\"author\":{\"@id\":\"https:\\\/\\\/exaudi.org\\\/#\\\/schema\\\/person\\\/b06a9faebc21255c5a2167f40523341a\"},\"breadcrumb\":{\"@id\":\"https:\\\/\\\/exaudi.org\\\/it\\\/il-tuo-corpo-ne-vale-la-pena\\\/#breadcrumb\"},\"inLanguage\":\"it-IT\",\"potentialAction\":[{\"@type\":\"ReadAction\",\"target\":[\"https:\\\/\\\/exaudi.org\\\/it\\\/il-tuo-corpo-ne-vale-la-pena\\\/\"]}]},{\"@type\":\"ImageObject\",\"inLanguage\":\"it-IT\",\"@id\":\"https:\\\/\\\/exaudi.org\\\/it\\\/il-tuo-corpo-ne-vale-la-pena\\\/#primaryimage\",\"url\":\"https:\\\/\\\/exaudi.org\\\/wp-content\\\/uploads\\\/2025\\\/07\\\/Copia-de-Negro-y-Gris-Elegante-y-Profesional-Simple-Presentacion-Artguru.png\",\"contentUrl\":\"https:\\\/\\\/exaudi.org\\\/wp-content\\\/uploads\\\/2025\\\/07\\\/Copia-de-Negro-y-Gris-Elegante-y-Profesional-Simple-Presentacion-Artguru.png\",\"width\":1024,\"height\":576},{\"@type\":\"BreadcrumbList\",\"@id\":\"https:\\\/\\\/exaudi.org\\\/it\\\/il-tuo-corpo-ne-vale-la-pena\\\/#breadcrumb\",\"itemListElement\":[{\"@type\":\"ListItem\",\"position\":1,\"name\":\"Portada\",\"item\":\"https:\\\/\\\/exaudi.org\\\/it\\\/\"},{\"@type\":\"ListItem\",\"position\":2,\"name\":\"Il tuo corpo ne vale la pena!\"}]},{\"@type\":\"WebSite\",\"@id\":\"https:\\\/\\\/exaudi.org\\\/#website\",\"url\":\"https:\\\/\\\/exaudi.org\\\/\",\"name\":\"Exaudi\",\"description\":\"News\",\"potentialAction\":[{\"@type\":\"SearchAction\",\"target\":{\"@type\":\"EntryPoint\",\"urlTemplate\":\"https:\\\/\\\/exaudi.org\\\/?s={search_term_string}\"},\"query-input\":{\"@type\":\"PropertyValueSpecification\",\"valueRequired\":true,\"valueName\":\"search_term_string\"}}],\"inLanguage\":\"it-IT\"},{\"@type\":\"Person\",\"@id\":\"https:\\\/\\\/exaudi.org\\\/#\\\/schema\\\/person\\\/b06a9faebc21255c5a2167f40523341a\",\"name\":\"Se Buscan Rebeldes\",\"image\":{\"@type\":\"ImageObject\",\"inLanguage\":\"it-IT\",\"@id\":\"https:\\\/\\\/secure.gravatar.com\\\/avatar\\\/929b85b2d54ed639396fbba53a4ba8b8eecfc3faea92b7770fa6baa4846cc2ea?s=96&d=mm&r=g\",\"url\":\"https:\\\/\\\/secure.gravatar.com\\\/avatar\\\/929b85b2d54ed639396fbba53a4ba8b8eecfc3faea92b7770fa6baa4846cc2ea?s=96&d=mm&r=g\",\"contentUrl\":\"https:\\\/\\\/secure.gravatar.com\\\/avatar\\\/929b85b2d54ed639396fbba53a4ba8b8eecfc3faea92b7770fa6baa4846cc2ea?s=96&d=mm&r=g\",\"caption\":\"Se Buscan Rebeldes\"},\"description\":\"\u201cSe Buscan Rebeldes\u201d es un canal de evangelizaci\u00f3n cat\u00f3lico que busca saciar la sed que tienes de felicidad y responder a tus preguntas con el poder transformador del amor de Dios revelado en Jesucristo.\",\"sameAs\":[\"https:\\\/\\\/fundacionicomem.es\\\/\",\"https:\\\/\\\/www.facebook.com\\\/sebuscanrebeldes\\\/\",\"https:\\\/\\\/www.instagram.com\\\/fundacionicomem\\\/\",\"@SeBuscanRebeldes\"],\"url\":\"https:\\\/\\\/exaudi.org\\\/it\\\/author\\\/sebuscanrebeldes\\\/\"}]}<\/script>\n<!-- \/ Yoast SEO plugin. -->","yoast_head_json":{"title":"Il tuo corpo ne vale la pena! &#8211; Exaudi","robots":{"index":"index","follow":"follow","max-snippet":"max-snippet:-1","max-image-preview":"max-image-preview:large","max-video-preview":"max-video-preview:-1"},"canonical":"https:\/\/exaudi.org\/it\/il-tuo-corpo-ne-vale-la-pena\/","og_locale":"it_IT","og_type":"article","og_title":"Il tuo corpo ne vale la pena! &#8211; Exaudi","og_description":"Cosa rivela la fede sul corpo, la sessualit\u00e0, l'amore e lo scopo della nostra vita","og_url":"https:\/\/exaudi.org\/it\/il-tuo-corpo-ne-vale-la-pena\/","og_site_name":"Exaudi","article_publisher":"https:\/\/www.facebook.com\/ExaudiNews","article_author":"https:\/\/www.facebook.com\/sebuscanrebeldes\/","article_published_time":"2025-07-30T16:23:05+00:00","og_image":[{"width":1024,"height":576,"url":"https:\/\/exaudi.org\/wp-content\/uploads\/2025\/07\/Copia-de-Negro-y-Gris-Elegante-y-Profesional-Simple-Presentacion-Artguru.png","type":"image\/png"}],"author":"Se Buscan Rebeldes","twitter_card":"summary_large_image","twitter_creator":"@Exaudi_News","twitter_site":"@Exaudi_News","twitter_misc":{"Scritto da":"Se Buscan Rebeldes","Tempo di lettura stimato":"3 minuti"},"schema":{"@context":"https:\/\/schema.org","@graph":[{"@type":"Article","@id":"https:\/\/exaudi.org\/it\/il-tuo-corpo-ne-vale-la-pena\/#article","isPartOf":{"@id":"https:\/\/exaudi.org\/it\/il-tuo-corpo-ne-vale-la-pena\/"},"author":{"name":"Se Buscan Rebeldes","@id":"https:\/\/exaudi.org\/#\/schema\/person\/b06a9faebc21255c5a2167f40523341a"},"headline":"Il tuo corpo ne vale la pena!","datePublished":"2025-07-30T16:23:05+00:00","mainEntityOfPage":{"@id":"https:\/\/exaudi.org\/it\/il-tuo-corpo-ne-vale-la-pena\/"},"wordCount":701,"image":{"@id":"https:\/\/exaudi.org\/it\/il-tuo-corpo-ne-vale-la-pena\/#primaryimage"},"thumbnailUrl":"https:\/\/exaudi.org\/wp-content\/uploads\/2025\/07\/Copia-de-Negro-y-Gris-Elegante-y-Profesional-Simple-Presentacion-Artguru.png","keywords":["amore e resa","canale Rebels Wanted","Castit\u00e0","catechesi di Giovanni Paolo II","comunione","corpo come dono","corpo e fede","dignit\u00e0 del corpo","giovinezza e fede","identit\u00e0 cristiana","messaggio divino","ribelli cattolici","SAN GIOVANNI PAOLO II","scopo della vita","Sessualit\u00e0 cristiana","sessualit\u00e0 sacra","SPERANZA CRISTIANA","spiritualit\u00e0 del corpo","teologia cattolica","teologia del corpo","Trending","VERO AMORE"],"articleSection":["Voci"],"inLanguage":"it-IT"},{"@type":"WebPage","@id":"https:\/\/exaudi.org\/it\/il-tuo-corpo-ne-vale-la-pena\/","url":"https:\/\/exaudi.org\/it\/il-tuo-corpo-ne-vale-la-pena\/","name":"Il tuo corpo ne vale la pena! &#8211; Exaudi","isPartOf":{"@id":"https:\/\/exaudi.org\/#website"},"primaryImageOfPage":{"@id":"https:\/\/exaudi.org\/it\/il-tuo-corpo-ne-vale-la-pena\/#primaryimage"},"image":{"@id":"https:\/\/exaudi.org\/it\/il-tuo-corpo-ne-vale-la-pena\/#primaryimage"},"thumbnailUrl":"https:\/\/exaudi.org\/wp-content\/uploads\/2025\/07\/Copia-de-Negro-y-Gris-Elegante-y-Profesional-Simple-Presentacion-Artguru.png","datePublished":"2025-07-30T16:23:05+00:00","author":{"@id":"https:\/\/exaudi.org\/#\/schema\/person\/b06a9faebc21255c5a2167f40523341a"},"breadcrumb":{"@id":"https:\/\/exaudi.org\/it\/il-tuo-corpo-ne-vale-la-pena\/#breadcrumb"},"inLanguage":"it-IT","potentialAction":[{"@type":"ReadAction","target":["https:\/\/exaudi.org\/it\/il-tuo-corpo-ne-vale-la-pena\/"]}]},{"@type":"ImageObject","inLanguage":"it-IT","@id":"https:\/\/exaudi.org\/it\/il-tuo-corpo-ne-vale-la-pena\/#primaryimage","url":"https:\/\/exaudi.org\/wp-content\/uploads\/2025\/07\/Copia-de-Negro-y-Gris-Elegante-y-Profesional-Simple-Presentacion-Artguru.png","contentUrl":"https:\/\/exaudi.org\/wp-content\/uploads\/2025\/07\/Copia-de-Negro-y-Gris-Elegante-y-Profesional-Simple-Presentacion-Artguru.png","width":1024,"height":576},{"@type":"BreadcrumbList","@id":"https:\/\/exaudi.org\/it\/il-tuo-corpo-ne-vale-la-pena\/#breadcrumb","itemListElement":[{"@type":"ListItem","position":1,"name":"Portada","item":"https:\/\/exaudi.org\/it\/"},{"@type":"ListItem","position":2,"name":"Il tuo corpo ne vale la pena!"}]},{"@type":"WebSite","@id":"https:\/\/exaudi.org\/#website","url":"https:\/\/exaudi.org\/","name":"Exaudi","description":"News","potentialAction":[{"@type":"SearchAction","target":{"@type":"EntryPoint","urlTemplate":"https:\/\/exaudi.org\/?s={search_term_string}"},"query-input":{"@type":"PropertyValueSpecification","valueRequired":true,"valueName":"search_term_string"}}],"inLanguage":"it-IT"},{"@type":"Person","@id":"https:\/\/exaudi.org\/#\/schema\/person\/b06a9faebc21255c5a2167f40523341a","name":"Se Buscan Rebeldes","image":{"@type":"ImageObject","inLanguage":"it-IT","@id":"https:\/\/secure.gravatar.com\/avatar\/929b85b2d54ed639396fbba53a4ba8b8eecfc3faea92b7770fa6baa4846cc2ea?s=96&d=mm&r=g","url":"https:\/\/secure.gravatar.com\/avatar\/929b85b2d54ed639396fbba53a4ba8b8eecfc3faea92b7770fa6baa4846cc2ea?s=96&d=mm&r=g","contentUrl":"https:\/\/secure.gravatar.com\/avatar\/929b85b2d54ed639396fbba53a4ba8b8eecfc3faea92b7770fa6baa4846cc2ea?s=96&d=mm&r=g","caption":"Se Buscan Rebeldes"},"description":"\u201cSe Buscan Rebeldes\u201d es un canal de evangelizaci\u00f3n cat\u00f3lico que busca saciar la sed que tienes de felicidad y responder a tus preguntas con el poder transformador del amor de Dios revelado en Jesucristo.","sameAs":["https:\/\/fundacionicomem.es\/","https:\/\/www.facebook.com\/sebuscanrebeldes\/","https:\/\/www.instagram.com\/fundacionicomem\/","@SeBuscanRebeldes"],"url":"https:\/\/exaudi.org\/it\/author\/sebuscanrebeldes\/"}]}},"jetpack_featured_media_url":"https:\/\/exaudi.org\/wp-content\/uploads\/2025\/07\/Copia-de-Negro-y-Gris-Elegante-y-Profesional-Simple-Presentacion-Artguru.png","jetpack_shortlink":"https:\/\/wp.me\/pgKjF2-y3X","_links":{"self":[{"href":"https:\/\/exaudi.org\/it\/wp-json\/wp\/v2\/posts\/130941","targetHints":{"allow":["GET"]}}],"collection":[{"href":"https:\/\/exaudi.org\/it\/wp-json\/wp\/v2\/posts"}],"about":[{"href":"https:\/\/exaudi.org\/it\/wp-json\/wp\/v2\/types\/post"}],"author":[{"embeddable":true,"href":"https:\/\/exaudi.org\/it\/wp-json\/wp\/v2\/users\/73"}],"replies":[{"embeddable":true,"href":"https:\/\/exaudi.org\/it\/wp-json\/wp\/v2\/comments?post=130941"}],"version-history":[{"count":1,"href":"https:\/\/exaudi.org\/it\/wp-json\/wp\/v2\/posts\/130941\/revisions"}],"predecessor-version":[{"id":130942,"href":"https:\/\/exaudi.org\/it\/wp-json\/wp\/v2\/posts\/130941\/revisions\/130942"}],"wp:featuredmedia":[{"embeddable":true,"href":"https:\/\/exaudi.org\/it\/wp-json\/wp\/v2\/media\/130929"}],"wp:attachment":[{"href":"https:\/\/exaudi.org\/it\/wp-json\/wp\/v2\/media?parent=130941"}],"wp:term":[{"taxonomy":"category","embeddable":true,"href":"https:\/\/exaudi.org\/it\/wp-json\/wp\/v2\/categories?post=130941"},{"taxonomy":"post_tag","embeddable":true,"href":"https:\/\/exaudi.org\/it\/wp-json\/wp\/v2\/tags?post=130941"}],"curies":[{"name":"wp","href":"https:\/\/api.w.org\/{rel}","templated":true}]}}