{"id":130683,"date":"2025-07-25T18:04:19","date_gmt":"2025-07-25T16:04:19","guid":{"rendered":"https:\/\/exaudi.org\/?p=130683"},"modified":"2025-07-25T18:04:19","modified_gmt":"2025-07-25T16:04:19","slug":"letture-per-il-caos-imminente","status":"publish","type":"post","link":"https:\/\/exaudi.org\/it\/letture-per-il-caos-imminente\/","title":{"rendered":"Letture per il caos imminente"},"content":{"rendered":"<p><span style=\"vertical-align: inherit\"><span style=\"vertical-align: inherit\">Scegliere un libro da leggere per l&#8217;estate 2025 non \u00e8 facile. Se stiamo cercando romanzi, ci sono molti consigli nelle librerie fisiche e online. Pi\u00f9 difficile \u00e8 scegliere un libro che metta alla prova il nostro intelletto e ci metta alla prova eticamente nel contesto attuale.<\/span><\/span><\/p>\n<p><span style=\"vertical-align: inherit\"><span style=\"vertical-align: inherit\">Quali letture possono aiutarci a guardare oltre la superficie della nostra confusa realt\u00e0? Un libro che mi viene subito in mente \u00e8 &#8221;\u00a0 <\/span><\/span><strong><span style=\"vertical-align: inherit\"><span style=\"vertical-align: inherit\">Key Thinkers of the Radical Right: Behind the New Threat to Liberal Democracy&#8221;<\/span><\/span><\/strong><span style=\"vertical-align: inherit\"><span style=\"vertical-align: inherit\"> (Oxford University Press, New York, 2019). Quest&#8217;opera raccoglie una serie di studi introduttivi su pensatori chiave del passato e del presente, che ci aiutano a comprendere la complessa amalgama ideologica che ispira l&#8217;autoritarismo di estrema destra negli Stati Uniti.<\/span><\/span><\/p>\n<p><span style=\"vertical-align: inherit\"><span style=\"vertical-align: inherit\">Il curatore,\u00a0 <\/span><\/span><strong><span style=\"vertical-align: inherit\"><span style=\"vertical-align: inherit\">Mark J. Sedgwick,<\/span><\/span><\/strong><span style=\"vertical-align: inherit\"><span style=\"vertical-align: inherit\"> \u00a0ha il raro merito di aver coordinato un gruppo eterogeneo di analisti che sono riusciti a produrre un libro di grande successo su uno degli aspetti meno considerati nell&#8217;interpretazione dell&#8217;impatto di questi &#8220;nuovi movimenti di destra&#8221; sulla scena americana: quali ideologie confluiscono nella narrazione e nelle decisioni dell&#8217;attuale governo degli Stati Uniti? Come si pu\u00f2 spiegare la coesistenza di concetti tratti dal pensiero politico di\u00a0 <\/span><\/span><strong><span style=\"vertical-align: inherit\"><span style=\"vertical-align: inherit\">Carl Schmidt<\/span><\/span><\/strong><span style=\"vertical-align: inherit\"><span style=\"vertical-align: inherit\"> \u00a0con l&#8217;esoterismo geopolitico di\u00a0 <\/span><\/span><strong><span style=\"vertical-align: inherit\"><span style=\"vertical-align: inherit\">Julius Evola\u00a0<\/span><\/span><\/strong><span style=\"vertical-align: inherit\"><span style=\"vertical-align: inherit\"> e i continui riferimenti all&#8217;ideologo russo\u00a0 <\/span><\/span><strong><span style=\"vertical-align: inherit\"><span style=\"vertical-align: inherit\">Aleksandr Dugin<\/span><\/span><\/strong><span style=\"vertical-align: inherit\"><span style=\"vertical-align: inherit\"> ? Questa \u00e8 la domanda.<\/span><\/span><\/p>\n<p><span style=\"vertical-align: inherit\"><span style=\"vertical-align: inherit\">Un secondo libro che non possiamo fare a meno di menzionare \u00e8 l&#8217;opera di\u00a0 <\/span><\/span><strong><span style=\"vertical-align: inherit\"><span style=\"vertical-align: inherit\">Javier Sicilia<\/span><\/span><\/strong><span style=\"vertical-align: inherit\"><span style=\"vertical-align: inherit\"> \u00a0e <\/span><\/span><strong><span style=\"vertical-align: inherit\"><span style=\"vertical-align: inherit\">\u00a0Jacobo Day\u00e1n<\/span><\/span><\/strong><span style=\"vertical-align: inherit\"><span style=\"vertical-align: inherit\"> :\u00a0 <\/span><\/span><strong><span style=\"vertical-align: inherit\"><span style=\"vertical-align: inherit\">&#8220;Crisi o Apocalisse. Il male nel nostro tempo&#8221;\u00a0<\/span><\/span><\/strong><span style=\"vertical-align: inherit\"><span style=\"vertical-align: inherit\"> (Taurus, Messico, 2025). Nell&#8217;antica tradizione dei trattati sul &#8220;male&#8221;, con la forza di un dialogo tra due pensatori non solo profondamente riflessivi ma anche profondamente impegnati nel dolore del popolo messicano, questo libro offre una meditazione sulla crisi della modernit\u00e0, sullo Stato che si \u00e8 trasformato in Leviatano, sull&#8217;anelito quasi inestinguibile a una pace, con giustizia e dignit\u00e0, che oggi sembra irraggiungibile.<\/span><\/span><\/p>\n<p><span style=\"vertical-align: inherit\"><span style=\"vertical-align: inherit\">Questo \u00e8 un libro scritto dalla vita e dalla sofferenza, dalla passione per la verit\u00e0 e dall&#8217;impotenza di fronte a un potere che si alimenta di potere. Verso la fine del libro,\u00a0 <\/span><\/span><strong><span style=\"vertical-align: inherit\"><span style=\"vertical-align: inherit\">Javier Sicilia<\/span><\/span><\/strong><span style=\"vertical-align: inherit\"><span style=\"vertical-align: inherit\"> \u00a0ricorda il figlio assassinato: &#8220;Io, personalmente, nel mezzo della mia resistenza e della mia speranza oscura e vacillante, una speranza senza alcuna garanzia, spero che quando morir\u00f2 trover\u00f2 Juanelo e tutti gli sconfitti, vivi nell&#8217;amore di Dio, in quel vuoto che \u00e8 la Sua assenza nel mondo&#8221;.<\/span><\/span><\/p>\n<p><span style=\"vertical-align: inherit\"><span style=\"vertical-align: inherit\">Un terzo libro, per aiutarci a superare l&#8217;estate accompagnati da testi che ci preparano al caos che verr\u00e0, \u00e8 <\/span><\/span><strong><span style=\"vertical-align: inherit\"><span style=\"vertical-align: inherit\">&#8220;Etica o ideologia dell&#8217;intelligenza artificiale?&#8221; di <\/span><\/span><\/strong>\u00a0<strong><span style=\"vertical-align: inherit\"><span style=\"vertical-align: inherit\">Adela Cortina<\/span><\/span><\/strong><span style=\"vertical-align: inherit\"><span style=\"vertical-align: inherit\"> (Paid\u00f3s, Madrid, 2024). Scritto all&#8217;inizio del\u00a0 <\/span><\/span><strong><span style=\"vertical-align: inherit\"><span style=\"vertical-align: inherit\">boom di ChatGPT,<\/span><\/span><\/strong><span style=\"vertical-align: inherit\"><span style=\"vertical-align: inherit\"> \u00a0ci mostra con grande acutezza che <\/span><\/span><strong><span style=\"vertical-align: inherit\"><span style=\"vertical-align: inherit\">\u00a0&#8220;l&#8217;aumento della connettivit\u00e0, grazie alle reti, che dovrebbe permetterci di decidere insieme, attraverso la deliberazione, cosa vogliamo fare del nostro futuro, non migliora la comunicazione veritiera.<\/span><\/span><\/strong><span style=\"vertical-align: inherit\"><span style=\"vertical-align: inherit\"> \u00a0Al contrario, la ragione strategica trionfa ancora una volta, occupando l&#8217;intero spazio pubblico (&#8230;). Questa \u00e8 una notizia terribile se vogliamo rafforzare la democrazia, un compito urgente, perch\u00e9 \u00e8 in pericolo in tutto il mondo. E, naturalmente, in Spagna, in Europa e in America Latina&#8221;.<\/span><\/span><\/p>\n<p><span style=\"vertical-align: inherit\"><span style=\"vertical-align: inherit\">Papa\u00a0 <\/span><\/span><strong><span style=\"vertical-align: inherit\"><span style=\"vertical-align: inherit\">Francesco<\/span><\/span><\/strong><span style=\"vertical-align: inherit\"><span style=\"vertical-align: inherit\"> , seguendo\u00a0 <\/span><\/span><strong><span style=\"vertical-align: inherit\"><span style=\"vertical-align: inherit\">Borges<\/span><\/span><\/strong><span style=\"vertical-align: inherit\"><span style=\"vertical-align: inherit\"> , credeva che leggere significasse imparare ad ascoltare gli altri. In tempi come i nostri, nulla \u00e8 pi\u00f9 urgente e necessario.<\/span><\/span><\/p>\n","protected":false},"excerpt":{"rendered":"<p>Alcuni libri scomodi ma utili per l&#8217;estate 2025<\/p>\n","protected":false},"author":98,"featured_media":130594,"comment_status":"closed","ping_status":"closed","sticky":false,"template":"","format":"standard","meta":{"_acf_changed":false,"_crdt_document":"","inline_featured_image":false,"footnotes":""},"categories":[],"tags":[18228,18228,18228,18228,18228,18228,18228,18228,18228,18228,18228,4952,4952,4952,4952,4952,4952,4952,4952,4952],"class_list":{"0":"post-130683","1":"post","2":"type-post","3":"status-publish","4":"format-standard","5":"has-post-thumbnail","6":"hentry","7":"tag-rodrigo-guerra-lopez-2","18":"tag-trending-it"},"acf":[],"yoast_head":"<!-- This site is optimized with the Yoast SEO plugin v27.5 - https:\/\/yoast.com\/product\/yoast-seo-wordpress\/ -->\n<title>Letture per il caos imminente &#8211; Exaudi<\/title>\n<meta name=\"robots\" content=\"index, follow, max-snippet:-1, max-image-preview:large, max-video-preview:-1\" \/>\n<link rel=\"canonical\" href=\"https:\/\/exaudi.org\/it\/letture-per-il-caos-imminente\/\" \/>\n<meta property=\"og:locale\" content=\"it_IT\" \/>\n<meta property=\"og:type\" content=\"article\" \/>\n<meta property=\"og:title\" content=\"Letture per il caos imminente &#8211; Exaudi\" \/>\n<meta property=\"og:description\" content=\"Alcuni libri scomodi ma utili per l&#039;estate 2025\" \/>\n<meta property=\"og:url\" content=\"https:\/\/exaudi.org\/it\/letture-per-il-caos-imminente\/\" \/>\n<meta property=\"og:site_name\" content=\"Exaudi\" \/>\n<meta property=\"article:publisher\" content=\"https:\/\/www.facebook.com\/ExaudiNews\" \/>\n<meta property=\"article:published_time\" content=\"2025-07-25T16:04:19+00:00\" \/>\n<meta property=\"og:image\" content=\"https:\/\/exaudi.org\/wp-content\/uploads\/2025\/07\/pexels-vovkapanda-12131545-1-scaled.jpg\" \/>\n\t<meta property=\"og:image:width\" content=\"2560\" \/>\n\t<meta property=\"og:image:height\" content=\"1440\" \/>\n\t<meta property=\"og:image:type\" content=\"image\/jpeg\" \/>\n<meta name=\"author\" content=\"Rodrigo Guerra L\u00f3pez\" \/>\n<meta name=\"twitter:card\" content=\"summary_large_image\" \/>\n<meta name=\"twitter:creator\" content=\"@Exaudi_News\" \/>\n<meta name=\"twitter:site\" content=\"@Exaudi_News\" \/>\n<meta name=\"twitter:label1\" content=\"Scritto da\" \/>\n\t<meta name=\"twitter:data1\" content=\"Rodrigo Guerra L\u00f3pez\" \/>\n\t<meta name=\"twitter:label2\" content=\"Tempo di lettura stimato\" \/>\n\t<meta name=\"twitter:data2\" content=\"3 minuti\" \/>\n<script type=\"application\/ld+json\" class=\"yoast-schema-graph\">{\"@context\":\"https:\\\/\\\/schema.org\",\"@graph\":[{\"@type\":\"Article\",\"@id\":\"https:\\\/\\\/exaudi.org\\\/it\\\/letture-per-il-caos-imminente\\\/#article\",\"isPartOf\":{\"@id\":\"https:\\\/\\\/exaudi.org\\\/it\\\/letture-per-il-caos-imminente\\\/\"},\"author\":{\"name\":\"Rodrigo Guerra L\u00f3pez\",\"@id\":\"https:\\\/\\\/exaudi.org\\\/#\\\/schema\\\/person\\\/42c0731aeb305e3ac79b333a9b056576\"},\"headline\":\"Letture per il caos imminente\",\"datePublished\":\"2025-07-25T16:04:19+00:00\",\"mainEntityOfPage\":{\"@id\":\"https:\\\/\\\/exaudi.org\\\/it\\\/letture-per-il-caos-imminente\\\/\"},\"wordCount\":525,\"image\":{\"@id\":\"https:\\\/\\\/exaudi.org\\\/it\\\/letture-per-il-caos-imminente\\\/#primaryimage\"},\"thumbnailUrl\":\"https:\\\/\\\/exaudi.org\\\/wp-content\\\/uploads\\\/2025\\\/07\\\/pexels-vovkapanda-12131545-1-scaled.jpg\",\"keywords\":[\"RODRIGO GUERRA L\u00d3PEZ\",\"RODRIGO GUERRA L\u00d3PEZ\",\"RODRIGO GUERRA L\u00d3PEZ\",\"RODRIGO GUERRA L\u00d3PEZ\",\"RODRIGO GUERRA L\u00d3PEZ\",\"RODRIGO GUERRA L\u00d3PEZ\",\"RODRIGO GUERRA L\u00d3PEZ\",\"RODRIGO GUERRA L\u00d3PEZ\",\"RODRIGO GUERRA L\u00d3PEZ\",\"RODRIGO GUERRA L\u00d3PEZ\",\"RODRIGO GUERRA L\u00d3PEZ\",\"Trending\",\"Trending\",\"Trending\",\"Trending\",\"Trending\",\"Trending\",\"Trending\",\"Trending\",\"Trending\"],\"inLanguage\":\"it-IT\"},{\"@type\":\"WebPage\",\"@id\":\"https:\\\/\\\/exaudi.org\\\/it\\\/letture-per-il-caos-imminente\\\/\",\"url\":\"https:\\\/\\\/exaudi.org\\\/it\\\/letture-per-il-caos-imminente\\\/\",\"name\":\"Letture per il caos imminente &#8211; Exaudi\",\"isPartOf\":{\"@id\":\"https:\\\/\\\/exaudi.org\\\/#website\"},\"primaryImageOfPage\":{\"@id\":\"https:\\\/\\\/exaudi.org\\\/it\\\/letture-per-il-caos-imminente\\\/#primaryimage\"},\"image\":{\"@id\":\"https:\\\/\\\/exaudi.org\\\/it\\\/letture-per-il-caos-imminente\\\/#primaryimage\"},\"thumbnailUrl\":\"https:\\\/\\\/exaudi.org\\\/wp-content\\\/uploads\\\/2025\\\/07\\\/pexels-vovkapanda-12131545-1-scaled.jpg\",\"datePublished\":\"2025-07-25T16:04:19+00:00\",\"author\":{\"@id\":\"https:\\\/\\\/exaudi.org\\\/#\\\/schema\\\/person\\\/42c0731aeb305e3ac79b333a9b056576\"},\"breadcrumb\":{\"@id\":\"https:\\\/\\\/exaudi.org\\\/it\\\/letture-per-il-caos-imminente\\\/#breadcrumb\"},\"inLanguage\":\"it-IT\",\"potentialAction\":[{\"@type\":\"ReadAction\",\"target\":[\"https:\\\/\\\/exaudi.org\\\/it\\\/letture-per-il-caos-imminente\\\/\"]}]},{\"@type\":\"ImageObject\",\"inLanguage\":\"it-IT\",\"@id\":\"https:\\\/\\\/exaudi.org\\\/it\\\/letture-per-il-caos-imminente\\\/#primaryimage\",\"url\":\"https:\\\/\\\/exaudi.org\\\/wp-content\\\/uploads\\\/2025\\\/07\\\/pexels-vovkapanda-12131545-1-scaled.jpg\",\"contentUrl\":\"https:\\\/\\\/exaudi.org\\\/wp-content\\\/uploads\\\/2025\\\/07\\\/pexels-vovkapanda-12131545-1-scaled.jpg\",\"width\":2560,\"height\":1440},{\"@type\":\"BreadcrumbList\",\"@id\":\"https:\\\/\\\/exaudi.org\\\/it\\\/letture-per-il-caos-imminente\\\/#breadcrumb\",\"itemListElement\":[{\"@type\":\"ListItem\",\"position\":1,\"name\":\"Portada\",\"item\":\"https:\\\/\\\/exaudi.org\\\/it\\\/\"},{\"@type\":\"ListItem\",\"position\":2,\"name\":\"Letture per il caos imminente\"}]},{\"@type\":\"WebSite\",\"@id\":\"https:\\\/\\\/exaudi.org\\\/#website\",\"url\":\"https:\\\/\\\/exaudi.org\\\/\",\"name\":\"Exaudi\",\"description\":\"News\",\"potentialAction\":[{\"@type\":\"SearchAction\",\"target\":{\"@type\":\"EntryPoint\",\"urlTemplate\":\"https:\\\/\\\/exaudi.org\\\/?s={search_term_string}\"},\"query-input\":{\"@type\":\"PropertyValueSpecification\",\"valueRequired\":true,\"valueName\":\"search_term_string\"}}],\"inLanguage\":\"it-IT\"},{\"@type\":\"Person\",\"@id\":\"https:\\\/\\\/exaudi.org\\\/#\\\/schema\\\/person\\\/42c0731aeb305e3ac79b333a9b056576\",\"name\":\"Rodrigo Guerra L\u00f3pez\",\"image\":{\"@type\":\"ImageObject\",\"inLanguage\":\"it-IT\",\"@id\":\"https:\\\/\\\/secure.gravatar.com\\\/avatar\\\/5f52de5f3535733d62353d8cc63100c139881a50ae2b78830c358107e8dd2f9a?s=96&d=mm&r=g\",\"url\":\"https:\\\/\\\/secure.gravatar.com\\\/avatar\\\/5f52de5f3535733d62353d8cc63100c139881a50ae2b78830c358107e8dd2f9a?s=96&d=mm&r=g\",\"contentUrl\":\"https:\\\/\\\/secure.gravatar.com\\\/avatar\\\/5f52de5f3535733d62353d8cc63100c139881a50ae2b78830c358107e8dd2f9a?s=96&d=mm&r=g\",\"caption\":\"Rodrigo Guerra L\u00f3pez\"},\"description\":\"Doctor en filosof\u00eda por la Academia Internacional de Filosof\u00eda en el Principado de Liechtenstein; miembro ordinario de la Pontificia Academia para la Vida, de la Pontificia Academia de las Ciencias Sociales; Secretario de la Pontificia Comisi\u00f3n para Am\u00e9rica Latina. E-mail: rodrigoguerra@mac.com\",\"url\":\"https:\\\/\\\/exaudi.org\\\/it\\\/author\\\/rodrigoguerra\\\/\"}]}<\/script>\n<!-- \/ Yoast SEO plugin. -->","yoast_head_json":{"title":"Letture per il caos imminente &#8211; Exaudi","robots":{"index":"index","follow":"follow","max-snippet":"max-snippet:-1","max-image-preview":"max-image-preview:large","max-video-preview":"max-video-preview:-1"},"canonical":"https:\/\/exaudi.org\/it\/letture-per-il-caos-imminente\/","og_locale":"it_IT","og_type":"article","og_title":"Letture per il caos imminente &#8211; Exaudi","og_description":"Alcuni libri scomodi ma utili per l'estate 2025","og_url":"https:\/\/exaudi.org\/it\/letture-per-il-caos-imminente\/","og_site_name":"Exaudi","article_publisher":"https:\/\/www.facebook.com\/ExaudiNews","article_published_time":"2025-07-25T16:04:19+00:00","og_image":[{"width":2560,"height":1440,"url":"https:\/\/exaudi.org\/wp-content\/uploads\/2025\/07\/pexels-vovkapanda-12131545-1-scaled.jpg","type":"image\/jpeg"}],"author":"Rodrigo Guerra L\u00f3pez","twitter_card":"summary_large_image","twitter_creator":"@Exaudi_News","twitter_site":"@Exaudi_News","twitter_misc":{"Scritto da":"Rodrigo Guerra L\u00f3pez","Tempo di lettura stimato":"3 minuti"},"schema":{"@context":"https:\/\/schema.org","@graph":[{"@type":"Article","@id":"https:\/\/exaudi.org\/it\/letture-per-il-caos-imminente\/#article","isPartOf":{"@id":"https:\/\/exaudi.org\/it\/letture-per-il-caos-imminente\/"},"author":{"name":"Rodrigo Guerra L\u00f3pez","@id":"https:\/\/exaudi.org\/#\/schema\/person\/42c0731aeb305e3ac79b333a9b056576"},"headline":"Letture per il caos imminente","datePublished":"2025-07-25T16:04:19+00:00","mainEntityOfPage":{"@id":"https:\/\/exaudi.org\/it\/letture-per-il-caos-imminente\/"},"wordCount":525,"image":{"@id":"https:\/\/exaudi.org\/it\/letture-per-il-caos-imminente\/#primaryimage"},"thumbnailUrl":"https:\/\/exaudi.org\/wp-content\/uploads\/2025\/07\/pexels-vovkapanda-12131545-1-scaled.jpg","keywords":["RODRIGO GUERRA L\u00d3PEZ","RODRIGO GUERRA L\u00d3PEZ","RODRIGO GUERRA L\u00d3PEZ","RODRIGO GUERRA L\u00d3PEZ","RODRIGO GUERRA L\u00d3PEZ","RODRIGO GUERRA L\u00d3PEZ","RODRIGO GUERRA L\u00d3PEZ","RODRIGO GUERRA L\u00d3PEZ","RODRIGO GUERRA L\u00d3PEZ","RODRIGO GUERRA L\u00d3PEZ","RODRIGO GUERRA L\u00d3PEZ","Trending","Trending","Trending","Trending","Trending","Trending","Trending","Trending","Trending"],"inLanguage":"it-IT"},{"@type":"WebPage","@id":"https:\/\/exaudi.org\/it\/letture-per-il-caos-imminente\/","url":"https:\/\/exaudi.org\/it\/letture-per-il-caos-imminente\/","name":"Letture per il caos imminente &#8211; Exaudi","isPartOf":{"@id":"https:\/\/exaudi.org\/#website"},"primaryImageOfPage":{"@id":"https:\/\/exaudi.org\/it\/letture-per-il-caos-imminente\/#primaryimage"},"image":{"@id":"https:\/\/exaudi.org\/it\/letture-per-il-caos-imminente\/#primaryimage"},"thumbnailUrl":"https:\/\/exaudi.org\/wp-content\/uploads\/2025\/07\/pexels-vovkapanda-12131545-1-scaled.jpg","datePublished":"2025-07-25T16:04:19+00:00","author":{"@id":"https:\/\/exaudi.org\/#\/schema\/person\/42c0731aeb305e3ac79b333a9b056576"},"breadcrumb":{"@id":"https:\/\/exaudi.org\/it\/letture-per-il-caos-imminente\/#breadcrumb"},"inLanguage":"it-IT","potentialAction":[{"@type":"ReadAction","target":["https:\/\/exaudi.org\/it\/letture-per-il-caos-imminente\/"]}]},{"@type":"ImageObject","inLanguage":"it-IT","@id":"https:\/\/exaudi.org\/it\/letture-per-il-caos-imminente\/#primaryimage","url":"https:\/\/exaudi.org\/wp-content\/uploads\/2025\/07\/pexels-vovkapanda-12131545-1-scaled.jpg","contentUrl":"https:\/\/exaudi.org\/wp-content\/uploads\/2025\/07\/pexels-vovkapanda-12131545-1-scaled.jpg","width":2560,"height":1440},{"@type":"BreadcrumbList","@id":"https:\/\/exaudi.org\/it\/letture-per-il-caos-imminente\/#breadcrumb","itemListElement":[{"@type":"ListItem","position":1,"name":"Portada","item":"https:\/\/exaudi.org\/it\/"},{"@type":"ListItem","position":2,"name":"Letture per il caos imminente"}]},{"@type":"WebSite","@id":"https:\/\/exaudi.org\/#website","url":"https:\/\/exaudi.org\/","name":"Exaudi","description":"News","potentialAction":[{"@type":"SearchAction","target":{"@type":"EntryPoint","urlTemplate":"https:\/\/exaudi.org\/?s={search_term_string}"},"query-input":{"@type":"PropertyValueSpecification","valueRequired":true,"valueName":"search_term_string"}}],"inLanguage":"it-IT"},{"@type":"Person","@id":"https:\/\/exaudi.org\/#\/schema\/person\/42c0731aeb305e3ac79b333a9b056576","name":"Rodrigo Guerra L\u00f3pez","image":{"@type":"ImageObject","inLanguage":"it-IT","@id":"https:\/\/secure.gravatar.com\/avatar\/5f52de5f3535733d62353d8cc63100c139881a50ae2b78830c358107e8dd2f9a?s=96&d=mm&r=g","url":"https:\/\/secure.gravatar.com\/avatar\/5f52de5f3535733d62353d8cc63100c139881a50ae2b78830c358107e8dd2f9a?s=96&d=mm&r=g","contentUrl":"https:\/\/secure.gravatar.com\/avatar\/5f52de5f3535733d62353d8cc63100c139881a50ae2b78830c358107e8dd2f9a?s=96&d=mm&r=g","caption":"Rodrigo Guerra L\u00f3pez"},"description":"Doctor en filosof\u00eda por la Academia Internacional de Filosof\u00eda en el Principado de Liechtenstein; miembro ordinario de la Pontificia Academia para la Vida, de la Pontificia Academia de las Ciencias Sociales; Secretario de la Pontificia Comisi\u00f3n para Am\u00e9rica Latina. E-mail: rodrigoguerra@mac.com","url":"https:\/\/exaudi.org\/it\/author\/rodrigoguerra\/"}]}},"jetpack_featured_media_url":"https:\/\/exaudi.org\/wp-content\/uploads\/2025\/07\/pexels-vovkapanda-12131545-1-scaled.jpg","jetpack_shortlink":"https:\/\/wp.me\/pgKjF2-xZN","_links":{"self":[{"href":"https:\/\/exaudi.org\/it\/wp-json\/wp\/v2\/posts\/130683","targetHints":{"allow":["GET"]}}],"collection":[{"href":"https:\/\/exaudi.org\/it\/wp-json\/wp\/v2\/posts"}],"about":[{"href":"https:\/\/exaudi.org\/it\/wp-json\/wp\/v2\/types\/post"}],"author":[{"embeddable":true,"href":"https:\/\/exaudi.org\/it\/wp-json\/wp\/v2\/users\/98"}],"replies":[{"embeddable":true,"href":"https:\/\/exaudi.org\/it\/wp-json\/wp\/v2\/comments?post=130683"}],"version-history":[{"count":1,"href":"https:\/\/exaudi.org\/it\/wp-json\/wp\/v2\/posts\/130683\/revisions"}],"predecessor-version":[{"id":130684,"href":"https:\/\/exaudi.org\/it\/wp-json\/wp\/v2\/posts\/130683\/revisions\/130684"}],"wp:featuredmedia":[{"embeddable":true,"href":"https:\/\/exaudi.org\/it\/wp-json\/wp\/v2\/media\/130594"}],"wp:attachment":[{"href":"https:\/\/exaudi.org\/it\/wp-json\/wp\/v2\/media?parent=130683"}],"wp:term":[{"taxonomy":"category","embeddable":true,"href":"https:\/\/exaudi.org\/it\/wp-json\/wp\/v2\/categories?post=130683"},{"taxonomy":"post_tag","embeddable":true,"href":"https:\/\/exaudi.org\/it\/wp-json\/wp\/v2\/tags?post=130683"}],"curies":[{"name":"wp","href":"https:\/\/api.w.org\/{rel}","templated":true}]}}