{"id":130171,"date":"2025-07-18T17:40:57","date_gmt":"2025-07-18T15:40:57","guid":{"rendered":"https:\/\/exaudi.org\/?p=130171"},"modified":"2025-07-18T17:41:15","modified_gmt":"2025-07-18T15:41:15","slug":"dachau-inferno-un-documentario-che-rivela-la-fede-nelloscurita-della-seconda-guerra-mondiale","status":"publish","type":"post","link":"https:\/\/exaudi.org\/it\/dachau-inferno-un-documentario-che-rivela-la-fede-nelloscurita-della-seconda-guerra-mondiale\/","title":{"rendered":"\u201cDachau \u2013 Inferno\u201d: un documentario che rivela la fede nell&#8217;oscurit\u00e0 della Seconda Guerra Mondiale"},"content":{"rendered":"<div class=\"nt_content\">\n<p><span style=\"vertical-align: inherit\"><span style=\"vertical-align: inherit\">Nell&#8217;agosto del 2025, il mondo avr\u00e0 l&#8217;opportunit\u00e0 di immergersi in una pagina di storia poco conosciuta con l&#8217;anteprima internazionale del docudrama &#8221; <\/span><\/span><strong><span style=\"vertical-align: inherit\"><span style=\"vertical-align: inherit\">Dachau &#8211; L&#8217;inferno<\/span><\/span><\/strong><span style=\"vertical-align: inherit\"><span style=\"vertical-align: inherit\"> &#8220;, prodotto da\u00a0 <\/span><\/span><strong><span style=\"vertical-align: inherit\"><span style=\"vertical-align: inherit\">CINEMATER Producciones<\/span><\/span><\/strong><span style=\"vertical-align: inherit\"><span style=\"vertical-align: inherit\"> \u00a0in collaborazione con\u00a0 <\/span><\/span><strong><span style=\"vertical-align: inherit\"><span style=\"vertical-align: inherit\">Schoenstatt International<\/span><\/span><\/strong><span style=\"vertical-align: inherit\"><span style=\"vertical-align: inherit\">. Questo documentario di alta qualit\u00e0, della durata di 60 minuti, combina scene drammatizzate, testimonianze penetranti e una colonna sonora originale che promette di emozionare e trasformare gli spettatori.<\/span><\/span><\/p>\n<p><span style=\"vertical-align: inherit\"><span style=\"vertical-align: inherit\">Il racconto si concentra sulle esperienze di\u00a0 <\/span><\/span><strong><span style=\"vertical-align: inherit\"><span style=\"vertical-align: inherit\">Padre Joseph Kentenich<\/span><\/span><\/strong><span style=\"vertical-align: inherit\"><span style=\"vertical-align: inherit\">, fondatore del\u00a0 <\/span><\/span><strong><span style=\"vertical-align: inherit\"><span style=\"vertical-align: inherit\">Movimento cattolico di Schoenstatt<\/span><\/span><\/strong><span style=\"vertical-align: inherit\"><span style=\"vertical-align: inherit\">, arrestato dal regime nazista e deportato nel\u00a0 <\/span><\/span><strong><span style=\"vertical-align: inherit\"><span style=\"vertical-align: inherit\">campo di concentramento di Dachau<\/span><\/span><\/strong><span style=\"vertical-align: inherit\"><span style=\"vertical-align: inherit\"> \u00a0nel 1942. L\u00ec, insieme ad altri sacerdoti cattolici, visse in condizioni estremamente disumane, ma trov\u00f2 anche una libert\u00e0 interiore che nessun oppressore pot\u00e9 togliergli:\u00a0 <\/span><\/span><strong><span style=\"vertical-align: inherit\"><span style=\"vertical-align: inherit\">la libert\u00e0 della fede nella Divina Provvidenza<\/span><\/span><\/strong><span style=\"vertical-align: inherit\"><span style=\"vertical-align: inherit\">.<\/span><\/span><\/p>\n<p><span style=\"vertical-align: inherit\"><span style=\"vertical-align: inherit\">Narrato dai\u00a0 <\/span><\/span><strong><span style=\"vertical-align: inherit\"><span style=\"vertical-align: inherit\">Padri \u00c1ngel Strada ed Eduardo Aguirre<\/span><\/span><\/strong><span style=\"vertical-align: inherit\"><span style=\"vertical-align: inherit\">, che hanno guidato la causa di canonizzazione di Padre Kentenich, il docu-drama offre uno sguardo unico e intimo sull&#8217;esperienza che ha segnato la vita del fondatore di Schoenstatt. Include anche la commovente partecipazione di\u00a0 <\/span><\/span><strong><span style=\"vertical-align: inherit\"><span style=\"vertical-align: inherit\">Padre Pedro Kuhlcke<\/span><\/span><\/strong><span style=\"vertical-align: inherit\"><span style=\"vertical-align: inherit\">, che interpreta canti mariani in tedesco, ricreando l&#8217;atmosfera spirituale che avvolgeva i sacerdoti in mezzo all&#8217;orrore.<\/span><\/span><\/p>\n<h3><strong><span style=\"vertical-align: inherit\"><span style=\"vertical-align: inherit\">Un&#8217;alleanza che ha dato i suoi frutti nell&#8217;oscurit\u00e0<\/span><\/span><\/strong><\/h3>\n<p><span style=\"vertical-align: inherit\"><span style=\"vertical-align: inherit\">Il docudramma mette inoltre in luce come l&#8217;\u00a0 <\/span><\/span><strong><span style=\"vertical-align: inherit\"><span style=\"vertical-align: inherit\">Alleanza d&#8217;Amore,<\/span><\/span><\/strong><span style=\"vertical-align: inherit\"><span style=\"vertical-align: inherit\"> \u00a0sancita a Schoenstatt nel 1914, abbia prosperato persino nel cuore dell&#8217;inferno. Quasi\u00a0 <\/span><\/span><strong><span style=\"vertical-align: inherit\"><span style=\"vertical-align: inherit\">120 sacerdoti<\/span><\/span><\/strong><span style=\"vertical-align: inherit\"><span style=\"vertical-align: inherit\"> \u00a0hanno rinnovato il loro impegno spirituale a Dachau, trasformando questo luogo di morte in uno spazio di speranza, redenzione e rinnovamento interiore.<\/span><\/span><\/p>\n<p><span style=\"vertical-align: inherit\"><span style=\"vertical-align: inherit\">&#8221; <\/span><\/span><strong><span style=\"vertical-align: inherit\"><span style=\"vertical-align: inherit\">Sebbene fossimo fisicamente imprigionati, la libert\u00e0 interiore \u00e8 diventata un tesoro che nessuno poteva portarci via<\/span><\/span><\/strong><span style=\"vertical-align: inherit\"><span style=\"vertical-align: inherit\"> &#8220;, afferma una citazione di Padre Kentenich inclusa nel documentario, che riflette il messaggio centrale di questa produzione:\u00a0 <\/span><\/span><strong><span style=\"vertical-align: inherit\"><span style=\"vertical-align: inherit\">la fede pu\u00f2 trasformare la sofferenza in grazia.<\/span><\/span><\/strong><\/p>\n<h3><strong><span style=\"vertical-align: inherit\"><span style=\"vertical-align: inherit\">Un messaggio per oggi<\/span><\/span><\/strong><\/h3>\n<p><span style=\"vertical-align: inherit\"><span style=\"vertical-align: inherit\">&#8220;Dachau \u2013 Inferno&#8221; non \u00e8 solo uno sguardo al passato, ma anche un invito a riflettere sulle sfide attuali. In un mondo pieno di incertezza, collettivismo e disprezzo dei valori, questo documentario ci ricorda che\u00a0 <\/span><\/span><strong><span style=\"vertical-align: inherit\"><span style=\"vertical-align: inherit\">la dignit\u00e0 e la speranza cristiane sono possibili anche nelle circostanze pi\u00f9 estreme.<\/span><\/span><\/strong><\/p>\n<p><span style=\"vertical-align: inherit\"><span style=\"vertical-align: inherit\">L&#8217;uscita mondiale \u00e8 prevista per\u00a0 <\/span><\/span><strong><span style=\"vertical-align: inherit\"><span style=\"vertical-align: inherit\">il 22 agosto 2025<\/span><\/span><\/strong><span style=\"vertical-align: inherit\"><span style=\"vertical-align: inherit\">, festa di\u00a0 <\/span><\/span><strong><span style=\"vertical-align: inherit\"><span style=\"vertical-align: inherit\">Santa Maria Regina<\/span><\/span><\/strong><span style=\"vertical-align: inherit\"><span style=\"vertical-align: inherit\">, con una versione sottotitolata disponibile per i paesi di lingua inglese.<\/span><\/span><\/p>\n<h3><strong><span style=\"vertical-align: inherit\"><span style=\"vertical-align: inherit\">Come accedere al documentario?<\/span><\/span><\/strong><\/h3>\n<p><span style=\"vertical-align: inherit\"><span style=\"vertical-align: inherit\">Il documentario sar\u00e0\u00a0 <\/span><\/span><strong><span style=\"vertical-align: inherit\"><span style=\"vertical-align: inherit\">disponibile gratuitamente\u00a0<\/span><\/span><\/strong><span style=\"vertical-align: inherit\"><span style=\"vertical-align: inherit\"> su richiesta scrivendo\u00a0 <\/span><\/span><a href=\"mailto:cinematerproducciones@gmail.com\"><span style=\"vertical-align: inherit\"><span style=\"vertical-align: inherit\">a cinematerproducciones@gmail.com<\/span><\/span><\/a><span style=\"vertical-align: inherit\"><span style=\"vertical-align: inherit\">. Anche la\u00a0 <\/span><\/span><strong><span style=\"vertical-align: inherit\"><span style=\"vertical-align: inherit\">famiglia internazionale di Schoenstatt<\/span><\/span><\/strong><span style=\"vertical-align: inherit\"><span style=\"vertical-align: inherit\"> \u00e8 invitata \u00a0ad aderire a questa iniziativa, cogliendo l&#8217;occasione per\u00a0 <\/span><\/span><strong><span style=\"vertical-align: inherit\"><span style=\"vertical-align: inherit\">raccogliere fondi<\/span><\/span><\/strong><span style=\"vertical-align: inherit\"><span style=\"vertical-align: inherit\"> \u00a0per i movimenti locali o contribuire al progetto &#8220;<\/span><\/span><a href=\"https:\/\/schoenstatt.com\/es\/todos-somos-schoenstatt\/\"><strong><span style=\"vertical-align: inherit\"><span style=\"vertical-align: inherit\">Siamo tutti Schoenstatt<\/span><\/span><\/strong><\/a><span style=\"vertical-align: inherit\"><span style=\"vertical-align: inherit\">&#8220;.<\/span><\/span><\/p>\n<h3><strong><span style=\"vertical-align: inherit\"><span style=\"vertical-align: inherit\">Preparatevi a un incontro profondo con la storia, la fede e la speranza!<\/span><\/span><\/strong><\/h3>\n<p><span style=\"vertical-align: inherit\"><span style=\"vertical-align: inherit\">Unisciti al movimento e scopri come l&#8217;amore e la libert\u00e0 interiore possano emergere anche nei giorni pi\u00f9 bui.<\/span><\/span><\/p>\n<p><span style=\"vertical-align: inherit\"><span style=\"vertical-align: inherit\">\ud83c\udfac\u00a0 <\/span><\/span><strong><span style=\"vertical-align: inherit\"><span style=\"vertical-align: inherit\">Prossimamente nell&#8217;agosto 2025: &#8220;Dachau \u2013 L&#8217;inferno&#8221;<\/span><\/span><\/strong><\/p>\n<p><span style=\"vertical-align: inherit\"><span style=\"vertical-align: inherit\">Una produzione di CINEMATER e Schoenstatt International.<\/span><\/span><\/p>\n<p><span style=\"vertical-align: inherit\"><span style=\"vertical-align: inherit\">Maggiori informazioni\u00a0 <\/span><\/span><a href=\"https:\/\/schoenstatt.com\/es\/se-acerca-un-lanzamiento-especial-el-docudrama-dachau-el-infierno\/\"><span style=\"vertical-align: inherit\"><span style=\"vertical-align: inherit\">qui<\/span><\/span><\/a><span style=\"vertical-align: inherit\"><span style=\"vertical-align: inherit\">.<\/span><\/span><\/p>\n<p><span style=\"vertical-align: inherit\"><span style=\"vertical-align: inherit\">\ud83d\udd17 Link al progetto &#8220;<\/span><\/span><a href=\"https:\/\/schoenstatt.com\/es\/todos-somos-schoenstatt\/\"><span style=\"vertical-align: inherit\"><span style=\"vertical-align: inherit\">Siamo tutti Schoenstatt<\/span><\/span><\/a><span style=\"vertical-align: inherit\"><span style=\"vertical-align: inherit\">\u201d<\/span><\/span><\/p>\n<\/div>\n","protected":false},"excerpt":{"rendered":"<p>CINEMATER Productions e Schoenstatt International presentano un toccante docudrama sulla resistenza spirituale di Padre Joseph Kentenich e dei sacerdoti di Dachau<\/p>\n","protected":false},"author":17,"featured_media":130152,"comment_status":"closed","ping_status":"closed","sticky":false,"template":"","format":"standard","meta":{"_acf_changed":false,"_crdt_document":"","inline_featured_image":false,"footnotes":""},"categories":[73],"tags":[28612,67143,6923,67144,67145,14533,12967,29274,7183,1209,48512,28619,67147,67148,67149,41560,67146,67150,67151,67152,67153,67154,50662,4952],"class_list":["post-130171","post","type-post","status-publish","format-standard","has-post-thumbnail","hentry","category-chiesa-e-mondo","tag-alleanza-damore","tag-campo-di-concentramento-di-dachau","tag-canonizzazione","tag-canti-mariani","tag-cinemater-productions","tag-dachau","tag-divina-provvidenza","tag-docudrama-2","tag-documentario","tag-fede","tag-liberta-interiore","tag-movimento-di-schoenstatt","tag-musica-originale","tag-padre-angel-strada-2","tag-padre-eduardo-aguirre-2","tag-padre-joseph-kentenich","tag-prima-visione-agosto-2025","tag-resistenza-spirituale","tag-sacerdoti-a-dachau","tag-santa-maria-regina","tag-schoenstatt-international","tag-siamo-tutti-schoenstatt","tag-storia-della-seconda-guerra-mondiale","tag-trending-it"],"acf":[],"yoast_head":"<!-- This site is optimized with the Yoast SEO plugin v27.4 - https:\/\/yoast.com\/product\/yoast-seo-wordpress\/ -->\n<title>\u201cDachau \u2013 Inferno\u201d: un documentario che rivela la fede nell&#039;oscurit\u00e0 della Seconda Guerra Mondiale &#8211; Exaudi<\/title>\n<meta name=\"robots\" content=\"index, follow, max-snippet:-1, max-image-preview:large, max-video-preview:-1\" \/>\n<link rel=\"canonical\" href=\"https:\/\/exaudi.org\/it\/dachau-inferno-un-documentario-che-rivela-la-fede-nelloscurita-della-seconda-guerra-mondiale\/\" \/>\n<meta property=\"og:locale\" content=\"it_IT\" \/>\n<meta property=\"og:type\" content=\"article\" \/>\n<meta property=\"og:title\" content=\"\u201cDachau \u2013 Inferno\u201d: un documentario che rivela la fede nell&#039;oscurit\u00e0 della Seconda Guerra Mondiale &#8211; Exaudi\" \/>\n<meta property=\"og:description\" content=\"CINEMATER Productions e Schoenstatt International presentano un toccante docudrama sulla resistenza spirituale di Padre Joseph Kentenich e dei sacerdoti di Dachau\" \/>\n<meta property=\"og:url\" content=\"https:\/\/exaudi.org\/it\/dachau-inferno-un-documentario-che-rivela-la-fede-nelloscurita-della-seconda-guerra-mondiale\/\" \/>\n<meta property=\"og:site_name\" content=\"Exaudi\" \/>\n<meta property=\"article:publisher\" content=\"https:\/\/www.facebook.com\/ExaudiNews\" \/>\n<meta property=\"article:author\" content=\"https:\/\/www.facebook.com\/ExaudiNotizie\/\" \/>\n<meta property=\"article:published_time\" content=\"2025-07-18T15:40:57+00:00\" \/>\n<meta property=\"article:modified_time\" content=\"2025-07-18T15:41:15+00:00\" \/>\n<meta property=\"og:image\" content=\"https:\/\/exaudi.org\/wp-content\/uploads\/2025\/07\/Screenshot_20250718_085545_Chrome.jpg\" \/>\n\t<meta property=\"og:image:width\" content=\"932\" \/>\n\t<meta property=\"og:image:height\" content=\"439\" \/>\n\t<meta property=\"og:image:type\" content=\"image\/jpeg\" \/>\n<meta name=\"author\" content=\"Exaudi Redazione\" \/>\n<meta name=\"twitter:card\" content=\"summary_large_image\" \/>\n<meta name=\"twitter:creator\" content=\"@Exaudi_Notizie\" \/>\n<meta name=\"twitter:site\" content=\"@Exaudi_News\" \/>\n<meta name=\"twitter:label1\" content=\"Scritto da\" \/>\n\t<meta name=\"twitter:data1\" content=\"Exaudi Redazione\" \/>\n\t<meta name=\"twitter:label2\" content=\"Tempo di lettura stimato\" \/>\n\t<meta name=\"twitter:data2\" content=\"2 minuti\" \/>\n<script type=\"application\/ld+json\" class=\"yoast-schema-graph\">{\"@context\":\"https:\\\/\\\/schema.org\",\"@graph\":[{\"@type\":\"Article\",\"@id\":\"https:\\\/\\\/exaudi.org\\\/it\\\/dachau-inferno-un-documentario-che-rivela-la-fede-nelloscurita-della-seconda-guerra-mondiale\\\/#article\",\"isPartOf\":{\"@id\":\"https:\\\/\\\/exaudi.org\\\/it\\\/dachau-inferno-un-documentario-che-rivela-la-fede-nelloscurita-della-seconda-guerra-mondiale\\\/\"},\"author\":{\"name\":\"Exaudi Redazione\",\"@id\":\"https:\\\/\\\/exaudi.org\\\/#\\\/schema\\\/person\\\/e1ab6ed07c01774724dd96f925f3a5f0\"},\"headline\":\"\u201cDachau \u2013 Inferno\u201d: un documentario che rivela la fede nell&#8217;oscurit\u00e0 della Seconda Guerra Mondiale\",\"datePublished\":\"2025-07-18T15:40:57+00:00\",\"dateModified\":\"2025-07-18T15:41:15+00:00\",\"mainEntityOfPage\":{\"@id\":\"https:\\\/\\\/exaudi.org\\\/it\\\/dachau-inferno-un-documentario-che-rivela-la-fede-nelloscurita-della-seconda-guerra-mondiale\\\/\"},\"wordCount\":467,\"image\":{\"@id\":\"https:\\\/\\\/exaudi.org\\\/it\\\/dachau-inferno-un-documentario-che-rivela-la-fede-nelloscurita-della-seconda-guerra-mondiale\\\/#primaryimage\"},\"thumbnailUrl\":\"https:\\\/\\\/exaudi.org\\\/wp-content\\\/uploads\\\/2025\\\/07\\\/Screenshot_20250718_085545_Chrome.jpg\",\"keywords\":[\"Alleanza d'Amore\",\"Campo di concentramento di Dachau\",\"Canonizzazione\",\"Canti mariani\",\"CINEMATER Productions\",\"Dachau\",\"DIVINA PROVVIDENZA\",\"docudrama\",\"documentario\",\"fede\",\"libert\u00e0 interiore\",\"Movimento di Schoenstatt\",\"musica originale\",\"Padre \u00c1ngel Strada\",\"Padre Eduardo Aguirre\",\"padre Joseph Kentenich\",\"prima visione agosto 2025\",\"resistenza spirituale\",\"sacerdoti a Dachau\",\"Santa Maria Regina\",\"Schoenstatt International\",\"Siamo tutti Schoenstatt\",\"storia della Seconda guerra mondiale\",\"Trending\"],\"articleSection\":[\"Chiesa e Mondo\"],\"inLanguage\":\"it-IT\"},{\"@type\":\"WebPage\",\"@id\":\"https:\\\/\\\/exaudi.org\\\/it\\\/dachau-inferno-un-documentario-che-rivela-la-fede-nelloscurita-della-seconda-guerra-mondiale\\\/\",\"url\":\"https:\\\/\\\/exaudi.org\\\/it\\\/dachau-inferno-un-documentario-che-rivela-la-fede-nelloscurita-della-seconda-guerra-mondiale\\\/\",\"name\":\"\u201cDachau \u2013 Inferno\u201d: un documentario che rivela la fede nell'oscurit\u00e0 della Seconda Guerra Mondiale &#8211; Exaudi\",\"isPartOf\":{\"@id\":\"https:\\\/\\\/exaudi.org\\\/#website\"},\"primaryImageOfPage\":{\"@id\":\"https:\\\/\\\/exaudi.org\\\/it\\\/dachau-inferno-un-documentario-che-rivela-la-fede-nelloscurita-della-seconda-guerra-mondiale\\\/#primaryimage\"},\"image\":{\"@id\":\"https:\\\/\\\/exaudi.org\\\/it\\\/dachau-inferno-un-documentario-che-rivela-la-fede-nelloscurita-della-seconda-guerra-mondiale\\\/#primaryimage\"},\"thumbnailUrl\":\"https:\\\/\\\/exaudi.org\\\/wp-content\\\/uploads\\\/2025\\\/07\\\/Screenshot_20250718_085545_Chrome.jpg\",\"datePublished\":\"2025-07-18T15:40:57+00:00\",\"dateModified\":\"2025-07-18T15:41:15+00:00\",\"author\":{\"@id\":\"https:\\\/\\\/exaudi.org\\\/#\\\/schema\\\/person\\\/e1ab6ed07c01774724dd96f925f3a5f0\"},\"breadcrumb\":{\"@id\":\"https:\\\/\\\/exaudi.org\\\/it\\\/dachau-inferno-un-documentario-che-rivela-la-fede-nelloscurita-della-seconda-guerra-mondiale\\\/#breadcrumb\"},\"inLanguage\":\"it-IT\",\"potentialAction\":[{\"@type\":\"ReadAction\",\"target\":[\"https:\\\/\\\/exaudi.org\\\/it\\\/dachau-inferno-un-documentario-che-rivela-la-fede-nelloscurita-della-seconda-guerra-mondiale\\\/\"]}]},{\"@type\":\"ImageObject\",\"inLanguage\":\"it-IT\",\"@id\":\"https:\\\/\\\/exaudi.org\\\/it\\\/dachau-inferno-un-documentario-che-rivela-la-fede-nelloscurita-della-seconda-guerra-mondiale\\\/#primaryimage\",\"url\":\"https:\\\/\\\/exaudi.org\\\/wp-content\\\/uploads\\\/2025\\\/07\\\/Screenshot_20250718_085545_Chrome.jpg\",\"contentUrl\":\"https:\\\/\\\/exaudi.org\\\/wp-content\\\/uploads\\\/2025\\\/07\\\/Screenshot_20250718_085545_Chrome.jpg\",\"width\":932,\"height\":439},{\"@type\":\"BreadcrumbList\",\"@id\":\"https:\\\/\\\/exaudi.org\\\/it\\\/dachau-inferno-un-documentario-che-rivela-la-fede-nelloscurita-della-seconda-guerra-mondiale\\\/#breadcrumb\",\"itemListElement\":[{\"@type\":\"ListItem\",\"position\":1,\"name\":\"Portada\",\"item\":\"https:\\\/\\\/exaudi.org\\\/it\\\/\"},{\"@type\":\"ListItem\",\"position\":2,\"name\":\"\u201cDachau \u2013 Inferno\u201d: un documentario che rivela la fede nell&#8217;oscurit\u00e0 della Seconda Guerra Mondiale\"}]},{\"@type\":\"WebSite\",\"@id\":\"https:\\\/\\\/exaudi.org\\\/#website\",\"url\":\"https:\\\/\\\/exaudi.org\\\/\",\"name\":\"Exaudi\",\"description\":\"News\",\"potentialAction\":[{\"@type\":\"SearchAction\",\"target\":{\"@type\":\"EntryPoint\",\"urlTemplate\":\"https:\\\/\\\/exaudi.org\\\/?s={search_term_string}\"},\"query-input\":{\"@type\":\"PropertyValueSpecification\",\"valueRequired\":true,\"valueName\":\"search_term_string\"}}],\"inLanguage\":\"it-IT\"},{\"@type\":\"Person\",\"@id\":\"https:\\\/\\\/exaudi.org\\\/#\\\/schema\\\/person\\\/e1ab6ed07c01774724dd96f925f3a5f0\",\"name\":\"Exaudi Redazione\",\"image\":{\"@type\":\"ImageObject\",\"inLanguage\":\"it-IT\",\"@id\":\"https:\\\/\\\/secure.gravatar.com\\\/avatar\\\/ad6774b3ada023bf5b939d64f45c94b3adf91502dd883507d469b4308a943bb3?s=96&d=mm&r=g\",\"url\":\"https:\\\/\\\/secure.gravatar.com\\\/avatar\\\/ad6774b3ada023bf5b939d64f45c94b3adf91502dd883507d469b4308a943bb3?s=96&d=mm&r=g\",\"contentUrl\":\"https:\\\/\\\/secure.gravatar.com\\\/avatar\\\/ad6774b3ada023bf5b939d64f45c94b3adf91502dd883507d469b4308a943bb3?s=96&d=mm&r=g\",\"caption\":\"Exaudi Redazione\"},\"description\":\"Che cosa \u00e8 Exaudi News? Exaudi News \u00e8 un agenzia cattolica internazionale che informa, istruisce e trasforma quotidianamente in spagnolo, inglese e italiano. Attraverso notizie, articoli di analisi e trasmissioni in diretta degli eventi del Papa, Exaudi cerca di rafforzare l'unit\u00e0 dei cristiani e di contribuire all'evangelizzazione del mondo, sempre guidato dalla dottrina sociale della Chiesa. Lavoriamo per portare la verit\u00e0 e i valori cristiani in ogni angolo del pianeta. Aiutaci a trasformare il mondo con Exaudi! Noi di Exaudi crediamo che l'evangelizzazione e l'informazione di qualit\u00e0 possano cambiare la vita. Per continuare la nostra missione ed espandere la nostra portata, abbiamo bisogno del tuo aiuto. Stiamo anche cercando persone motivate che vogliano unirsi al nostro team. Grazie al vostro sostegno raggiungeremo pi\u00f9 persone, diffonderemo il messaggio di Cristo e rafforzeremo l'unit\u00e0 dei cristiani. Vuoi unirti alla nostra missione? Per maggiori informazioni su come contribuire, visita Exaudi.org\\\/it o contattaci direttamente: info@exaudi.org Exaudi: informa, forma e trasforma.\",\"sameAs\":[\"https:\\\/\\\/www.facebook.com\\\/ExaudiNotizie\\\/\",\"https:\\\/\\\/www.instagram.com\\\/Exaudi_notizie\\\/\",\"https:\\\/\\\/x.com\\\/Exaudi_Notizie\",\"https:\\\/\\\/www.youtube.com\\\/@exaudicatholicnews\"],\"url\":\"https:\\\/\\\/exaudi.org\\\/it\\\/author\\\/dlvedi-org\\\/\"}]}<\/script>\n<!-- \/ Yoast SEO plugin. -->","yoast_head_json":{"title":"\u201cDachau \u2013 Inferno\u201d: un documentario che rivela la fede nell'oscurit\u00e0 della Seconda Guerra Mondiale &#8211; Exaudi","robots":{"index":"index","follow":"follow","max-snippet":"max-snippet:-1","max-image-preview":"max-image-preview:large","max-video-preview":"max-video-preview:-1"},"canonical":"https:\/\/exaudi.org\/it\/dachau-inferno-un-documentario-che-rivela-la-fede-nelloscurita-della-seconda-guerra-mondiale\/","og_locale":"it_IT","og_type":"article","og_title":"\u201cDachau \u2013 Inferno\u201d: un documentario che rivela la fede nell'oscurit\u00e0 della Seconda Guerra Mondiale &#8211; Exaudi","og_description":"CINEMATER Productions e Schoenstatt International presentano un toccante docudrama sulla resistenza spirituale di Padre Joseph Kentenich e dei sacerdoti di Dachau","og_url":"https:\/\/exaudi.org\/it\/dachau-inferno-un-documentario-che-rivela-la-fede-nelloscurita-della-seconda-guerra-mondiale\/","og_site_name":"Exaudi","article_publisher":"https:\/\/www.facebook.com\/ExaudiNews","article_author":"https:\/\/www.facebook.com\/ExaudiNotizie\/","article_published_time":"2025-07-18T15:40:57+00:00","article_modified_time":"2025-07-18T15:41:15+00:00","og_image":[{"width":932,"height":439,"url":"https:\/\/exaudi.org\/wp-content\/uploads\/2025\/07\/Screenshot_20250718_085545_Chrome.jpg","type":"image\/jpeg"}],"author":"Exaudi Redazione","twitter_card":"summary_large_image","twitter_creator":"@Exaudi_Notizie","twitter_site":"@Exaudi_News","twitter_misc":{"Scritto da":"Exaudi Redazione","Tempo di lettura stimato":"2 minuti"},"schema":{"@context":"https:\/\/schema.org","@graph":[{"@type":"Article","@id":"https:\/\/exaudi.org\/it\/dachau-inferno-un-documentario-che-rivela-la-fede-nelloscurita-della-seconda-guerra-mondiale\/#article","isPartOf":{"@id":"https:\/\/exaudi.org\/it\/dachau-inferno-un-documentario-che-rivela-la-fede-nelloscurita-della-seconda-guerra-mondiale\/"},"author":{"name":"Exaudi Redazione","@id":"https:\/\/exaudi.org\/#\/schema\/person\/e1ab6ed07c01774724dd96f925f3a5f0"},"headline":"\u201cDachau \u2013 Inferno\u201d: un documentario che rivela la fede nell&#8217;oscurit\u00e0 della Seconda Guerra Mondiale","datePublished":"2025-07-18T15:40:57+00:00","dateModified":"2025-07-18T15:41:15+00:00","mainEntityOfPage":{"@id":"https:\/\/exaudi.org\/it\/dachau-inferno-un-documentario-che-rivela-la-fede-nelloscurita-della-seconda-guerra-mondiale\/"},"wordCount":467,"image":{"@id":"https:\/\/exaudi.org\/it\/dachau-inferno-un-documentario-che-rivela-la-fede-nelloscurita-della-seconda-guerra-mondiale\/#primaryimage"},"thumbnailUrl":"https:\/\/exaudi.org\/wp-content\/uploads\/2025\/07\/Screenshot_20250718_085545_Chrome.jpg","keywords":["Alleanza d'Amore","Campo di concentramento di Dachau","Canonizzazione","Canti mariani","CINEMATER Productions","Dachau","DIVINA PROVVIDENZA","docudrama","documentario","fede","libert\u00e0 interiore","Movimento di Schoenstatt","musica originale","Padre \u00c1ngel Strada","Padre Eduardo Aguirre","padre Joseph Kentenich","prima visione agosto 2025","resistenza spirituale","sacerdoti a Dachau","Santa Maria Regina","Schoenstatt International","Siamo tutti Schoenstatt","storia della Seconda guerra mondiale","Trending"],"articleSection":["Chiesa e Mondo"],"inLanguage":"it-IT"},{"@type":"WebPage","@id":"https:\/\/exaudi.org\/it\/dachau-inferno-un-documentario-che-rivela-la-fede-nelloscurita-della-seconda-guerra-mondiale\/","url":"https:\/\/exaudi.org\/it\/dachau-inferno-un-documentario-che-rivela-la-fede-nelloscurita-della-seconda-guerra-mondiale\/","name":"\u201cDachau \u2013 Inferno\u201d: un documentario che rivela la fede nell'oscurit\u00e0 della Seconda Guerra Mondiale &#8211; Exaudi","isPartOf":{"@id":"https:\/\/exaudi.org\/#website"},"primaryImageOfPage":{"@id":"https:\/\/exaudi.org\/it\/dachau-inferno-un-documentario-che-rivela-la-fede-nelloscurita-della-seconda-guerra-mondiale\/#primaryimage"},"image":{"@id":"https:\/\/exaudi.org\/it\/dachau-inferno-un-documentario-che-rivela-la-fede-nelloscurita-della-seconda-guerra-mondiale\/#primaryimage"},"thumbnailUrl":"https:\/\/exaudi.org\/wp-content\/uploads\/2025\/07\/Screenshot_20250718_085545_Chrome.jpg","datePublished":"2025-07-18T15:40:57+00:00","dateModified":"2025-07-18T15:41:15+00:00","author":{"@id":"https:\/\/exaudi.org\/#\/schema\/person\/e1ab6ed07c01774724dd96f925f3a5f0"},"breadcrumb":{"@id":"https:\/\/exaudi.org\/it\/dachau-inferno-un-documentario-che-rivela-la-fede-nelloscurita-della-seconda-guerra-mondiale\/#breadcrumb"},"inLanguage":"it-IT","potentialAction":[{"@type":"ReadAction","target":["https:\/\/exaudi.org\/it\/dachau-inferno-un-documentario-che-rivela-la-fede-nelloscurita-della-seconda-guerra-mondiale\/"]}]},{"@type":"ImageObject","inLanguage":"it-IT","@id":"https:\/\/exaudi.org\/it\/dachau-inferno-un-documentario-che-rivela-la-fede-nelloscurita-della-seconda-guerra-mondiale\/#primaryimage","url":"https:\/\/exaudi.org\/wp-content\/uploads\/2025\/07\/Screenshot_20250718_085545_Chrome.jpg","contentUrl":"https:\/\/exaudi.org\/wp-content\/uploads\/2025\/07\/Screenshot_20250718_085545_Chrome.jpg","width":932,"height":439},{"@type":"BreadcrumbList","@id":"https:\/\/exaudi.org\/it\/dachau-inferno-un-documentario-che-rivela-la-fede-nelloscurita-della-seconda-guerra-mondiale\/#breadcrumb","itemListElement":[{"@type":"ListItem","position":1,"name":"Portada","item":"https:\/\/exaudi.org\/it\/"},{"@type":"ListItem","position":2,"name":"\u201cDachau \u2013 Inferno\u201d: un documentario che rivela la fede nell&#8217;oscurit\u00e0 della Seconda Guerra Mondiale"}]},{"@type":"WebSite","@id":"https:\/\/exaudi.org\/#website","url":"https:\/\/exaudi.org\/","name":"Exaudi","description":"News","potentialAction":[{"@type":"SearchAction","target":{"@type":"EntryPoint","urlTemplate":"https:\/\/exaudi.org\/?s={search_term_string}"},"query-input":{"@type":"PropertyValueSpecification","valueRequired":true,"valueName":"search_term_string"}}],"inLanguage":"it-IT"},{"@type":"Person","@id":"https:\/\/exaudi.org\/#\/schema\/person\/e1ab6ed07c01774724dd96f925f3a5f0","name":"Exaudi Redazione","image":{"@type":"ImageObject","inLanguage":"it-IT","@id":"https:\/\/secure.gravatar.com\/avatar\/ad6774b3ada023bf5b939d64f45c94b3adf91502dd883507d469b4308a943bb3?s=96&d=mm&r=g","url":"https:\/\/secure.gravatar.com\/avatar\/ad6774b3ada023bf5b939d64f45c94b3adf91502dd883507d469b4308a943bb3?s=96&d=mm&r=g","contentUrl":"https:\/\/secure.gravatar.com\/avatar\/ad6774b3ada023bf5b939d64f45c94b3adf91502dd883507d469b4308a943bb3?s=96&d=mm&r=g","caption":"Exaudi Redazione"},"description":"Che cosa \u00e8 Exaudi News? Exaudi News \u00e8 un agenzia cattolica internazionale che informa, istruisce e trasforma quotidianamente in spagnolo, inglese e italiano. Attraverso notizie, articoli di analisi e trasmissioni in diretta degli eventi del Papa, Exaudi cerca di rafforzare l'unit\u00e0 dei cristiani e di contribuire all'evangelizzazione del mondo, sempre guidato dalla dottrina sociale della Chiesa. Lavoriamo per portare la verit\u00e0 e i valori cristiani in ogni angolo del pianeta. Aiutaci a trasformare il mondo con Exaudi! Noi di Exaudi crediamo che l'evangelizzazione e l'informazione di qualit\u00e0 possano cambiare la vita. Per continuare la nostra missione ed espandere la nostra portata, abbiamo bisogno del tuo aiuto. Stiamo anche cercando persone motivate che vogliano unirsi al nostro team. Grazie al vostro sostegno raggiungeremo pi\u00f9 persone, diffonderemo il messaggio di Cristo e rafforzeremo l'unit\u00e0 dei cristiani. Vuoi unirti alla nostra missione? Per maggiori informazioni su come contribuire, visita Exaudi.org\/it o contattaci direttamente: info@exaudi.org Exaudi: informa, forma e trasforma.","sameAs":["https:\/\/www.facebook.com\/ExaudiNotizie\/","https:\/\/www.instagram.com\/Exaudi_notizie\/","https:\/\/x.com\/Exaudi_Notizie","https:\/\/www.youtube.com\/@exaudicatholicnews"],"url":"https:\/\/exaudi.org\/it\/author\/dlvedi-org\/"}]}},"jetpack_featured_media_url":"https:\/\/exaudi.org\/wp-content\/uploads\/2025\/07\/Screenshot_20250718_085545_Chrome.jpg","jetpack_shortlink":"https:\/\/wp.me\/pgKjF2-xRx","_links":{"self":[{"href":"https:\/\/exaudi.org\/it\/wp-json\/wp\/v2\/posts\/130171","targetHints":{"allow":["GET"]}}],"collection":[{"href":"https:\/\/exaudi.org\/it\/wp-json\/wp\/v2\/posts"}],"about":[{"href":"https:\/\/exaudi.org\/it\/wp-json\/wp\/v2\/types\/post"}],"author":[{"embeddable":true,"href":"https:\/\/exaudi.org\/it\/wp-json\/wp\/v2\/users\/17"}],"replies":[{"embeddable":true,"href":"https:\/\/exaudi.org\/it\/wp-json\/wp\/v2\/comments?post=130171"}],"version-history":[{"count":1,"href":"https:\/\/exaudi.org\/it\/wp-json\/wp\/v2\/posts\/130171\/revisions"}],"predecessor-version":[{"id":130172,"href":"https:\/\/exaudi.org\/it\/wp-json\/wp\/v2\/posts\/130171\/revisions\/130172"}],"wp:featuredmedia":[{"embeddable":true,"href":"https:\/\/exaudi.org\/it\/wp-json\/wp\/v2\/media\/130152"}],"wp:attachment":[{"href":"https:\/\/exaudi.org\/it\/wp-json\/wp\/v2\/media?parent=130171"}],"wp:term":[{"taxonomy":"category","embeddable":true,"href":"https:\/\/exaudi.org\/it\/wp-json\/wp\/v2\/categories?post=130171"},{"taxonomy":"post_tag","embeddable":true,"href":"https:\/\/exaudi.org\/it\/wp-json\/wp\/v2\/tags?post=130171"}],"curies":[{"name":"wp","href":"https:\/\/api.w.org\/{rel}","templated":true}]}}