{"id":129854,"date":"2025-07-10T18:11:04","date_gmt":"2025-07-10T16:11:04","guid":{"rendered":"https:\/\/exaudi.org\/?p=129854"},"modified":"2025-07-10T18:11:04","modified_gmt":"2025-07-10T16:11:04","slug":"14-conversioni-che-accompagnano-lanima","status":"publish","type":"post","link":"https:\/\/exaudi.org\/it\/14-conversioni-che-accompagnano-lanima\/","title":{"rendered":"14 conversioni che accompagnano l&#8217;anima"},"content":{"rendered":"<p data-start=\"280\" data-end=\"577\"><span style=\"vertical-align: inherit\"><span style=\"vertical-align: inherit\">Quando sembra che tutto sia perduto, quando la vita tocca il fondo o perde significato, alcune persone scoprono di non essere sole. Queste 14 storie di conversione non sono leggende o racconti idealizzati: sono vite vere, con ferite vere, che hanno trovato Dio quando meno se lo aspettavano.<\/span><\/span><\/p>\n<h3 data-start=\"584\" data-end=\"654\"><strong><span style=\"vertical-align: inherit\"><span style=\"vertical-align: inherit\">1. Arianna (Per\u00f9): quando la malattia diventa una vocazione<\/span><\/span><\/strong><\/h3>\n<p data-start=\"656\" data-end=\"1082\"><span style=\"vertical-align: inherit\"><span style=\"vertical-align: inherit\">Arianna era una giovane donna, psicologa, che conduceva una vita agiata, lontana dalla fede. Ma una grave e improvvisa malattia la lasci\u00f2 senza forze. In quella debolezza estrema, si sent\u00ec toccata dall&#8217;amore di Dio. &#8220;Sentivo che il Signore mi chiedeva di condividere la mia esperienza affinch\u00e9 altre anime non si perdessero&#8221;, avrebbe detto in seguito. Riacquist\u00f2 la salute, ma soprattutto trov\u00f2 il senso della sua vita: accompagnare gli altri nella loro sofferenza con speranza.<\/span><\/span><\/p>\n<h3 data-start=\"1089\" data-end=\"1158\"><strong><span style=\"vertical-align: inherit\"><span style=\"vertical-align: inherit\">2. Julie Davis (USA): dall&#8217;ateismo ereditato alla fede personale<\/span><\/span><\/strong><\/h3>\n<p data-start=\"1160\" data-end=\"1554\"><span style=\"vertical-align: inherit\"><span style=\"vertical-align: inherit\">Cresciuta in una famiglia atea, Julie non avrebbe mai pensato di aver bisogno di Dio. Tuttavia, quando sua figlia le chiese di andare a Messa, inizi\u00f2 ad andarci con lo scetticismo di un&#8217;estranea. Per mesi, &#8220;mise alla prova&#8221; Dio, chiedendogli dei segni. A poco a poco, il suo cuore si apr\u00ec. La fede arriv\u00f2 non come prova scientifica, ma come una certezza interiore che trasform\u00f2 la sua vita quotidiana.<\/span><\/span><\/p>\n<h3 data-start=\"1561\" data-end=\"1626\"><strong><span style=\"vertical-align: inherit\"><span style=\"vertical-align: inherit\">3. Edwin (Venezuela-Canada): dal rock ribelle alla preghiera<\/span><\/span><\/strong><\/h3>\n<p data-start=\"1628\" data-end=\"2000\"><span style=\"vertical-align: inherit\"><span style=\"vertical-align: inherit\">Musicista, adolescente, ribelle e lontano da ogni religione, Edwin viveva per il palcoscenico e la festa. Tutto cambi\u00f2 quando, quasi per obbligo, accett\u00f2 di partecipare a un gruppo di preghiera giovanile. L\u00ec, tra canti semplici e testimonianze di giovani come lui, scopr\u00ec una pace mai provata prima. Abbandon\u00f2 i suoi eccessi e trov\u00f2 nella fede una via verso la realizzazione e la missione.<\/span><\/span><\/p>\n<h3 data-start=\"2007\" data-end=\"2066\"><strong><span style=\"vertical-align: inherit\"><span style=\"vertical-align: inherit\">4. Sara (Spagna): Un nuovo inizio dopo la dipendenza<\/span><\/span><\/strong><\/h3>\n<p data-start=\"2068\" data-end=\"2461\"><span style=\"vertical-align: inherit\"><span style=\"vertical-align: inherit\">Sara cadde nell&#8217;alcol e in relazioni tossiche che la lasciavano ogni giorno pi\u00f9 vuota. Cercava solo di anestetizzare il suo dolore. Un giorno, quasi per caso, entr\u00f2 in una chiesa dove un gruppo di Alcolisti Anonimi stava tenendo una riunione. L\u00ec, inizi\u00f2 la sua vera guarigione: non solo smise di bere, ma a Pentecoste speriment\u00f2 l&#8217;abbraccio amorevole di Dio, che finalmente la fece sentire degna.<\/span><\/span><\/p>\n<h3 data-start=\"2468\" data-end=\"2535\"><strong><span style=\"vertical-align: inherit\"><span style=\"vertical-align: inherit\">5. Chus Bello (Spagna): dal rifiuto di Dio a una fede vibrante<\/span><\/span><\/strong><\/h3>\n<p data-start=\"2537\" data-end=\"2981\"><span style=\"vertical-align: inherit\"><span style=\"vertical-align: inherit\">Da giovane, Chus si dichiar\u00f2 un&#8217;atea convinta. La sua vita prese una svolta inaspettata quando, per errore, acquist\u00f2 un libro di Benedetto XVI, pensando che fosse critico nei confronti della Chiesa. Lo lesse e ne fu profondamente colpita. Questo la spinse a riconsiderare le sue convinzioni e a intraprendere un cammino di fede che l&#8217;avrebbe portata a formare una famiglia cristiana impegnata e a unirsi all&#8217;Opus Dei, dove trov\u00f2 una via verso la santit\u00e0 nella vita quotidiana.<\/span><\/span><\/p>\n<h3 data-start=\"2988\" data-end=\"3043\"><strong><span style=\"vertical-align: inherit\"><span style=\"vertical-align: inherit\">6. Tom (USA): Quando la bellezza rivela Dio<\/span><\/span><\/strong><\/h3>\n<p data-start=\"3045\" data-end=\"3484\"><span style=\"vertical-align: inherit\"><span style=\"vertical-align: inherit\">Tom era un professionista di successo, ma provava un vuoto esistenziale. Fu la bellezza dell&#8217;architettura gotica, della musica sacra e della liturgia cattolica a colmare quel vuoto interiore. Partecipando alla Messa, circondato dall&#8217;arte e dalla comunit\u00e0, scopr\u00ec che la fede cattolica non \u00e8 solo logica, ma profondamente bella. La sua conversione fu un risveglio spirituale che inizi\u00f2 con l&#8217;ammirazione estetica e culmin\u00f2 in un incontro personale con Cristo.<\/span><\/span><\/p>\n<h3 data-start=\"3491\" data-end=\"3558\"><strong><span style=\"vertical-align: inherit\"><span style=\"vertical-align: inherit\">7. Claude Newman (USA): il miracolo del Rosario in carcere<\/span><\/span><\/strong><\/h3>\n<p data-start=\"3560\" data-end=\"3981\"><span style=\"vertical-align: inherit\"><span style=\"vertical-align: inherit\">Condannato a morte per omicidio, Claude Newman visse i suoi ultimi giorni nella paura e nella disperazione. Un compagno di cella gli diede un rosario. All&#8217;inizio lo port\u00f2 con s\u00e9 senza capirne il significato, ma a poco a poco inizi\u00f2 a recitarlo. Claude percep\u00ec una presenza amorevole che lo port\u00f2 a riconciliarsi con Dio prima dell&#8217;esecuzione. La sua testimonianza di pace negli ultimi istanti della sua vita ebbe un forte impatto sulle guardie stesse.<\/span><\/span><\/p>\n<h3 data-start=\"3988\" data-end=\"4063\"><strong><span style=\"vertical-align: inherit\"><span style=\"vertical-align: inherit\">8. Holly Ordway (USA): l&#8217;intellettuale che si arrende al cuore<\/span><\/span><\/strong><\/h3>\n<p data-start=\"4065\" data-end=\"4494\"><span style=\"vertical-align: inherit\"><span style=\"vertical-align: inherit\">Dottore di ricerca in Letteratura, atea convinta e professoressa universitaria, Holly ha trovato Dio attraverso la ragione. Studiando C.S. Lewis e altri pensatori cristiani, le loro argomentazioni razionali a favore della fede hanno infranto i suoi pregiudizi. Ma la sua conversione definitiva \u00e8 arrivata quando, al di l\u00e0 delle sue idee, ha sperimentato un incontro personale con Ges\u00f9 Cristo nella preghiera e nei sacramenti. Oggi \u00e8 una convinta sostenitrice della fede cattolica.<\/span><\/span><\/p>\n<h3 data-start=\"4501\" data-end=\"4562\"><strong><span style=\"vertical-align: inherit\"><span style=\"vertical-align: inherit\">9. John Pridmore (Regno Unito): Dal crimine alla missione<\/span><\/span><\/strong><\/h3>\n<p data-start=\"4564\" data-end=\"4981\"><span style=\"vertical-align: inherit\"><span style=\"vertical-align: inherit\">Ex mafioso londinese, John ha vissuto una vita circondata da violenza, droga e denaro sporco. Dopo aver brutalmente picchiato un uomo, prov\u00f2 una profonda insoddisfazione. Una notte, da solo, chiese aiuto a Dio. La risposta fu immediata: una pace sconosciuta gli riemp\u00ec il cuore. Si abbandon\u00f2 al crimine e inizi\u00f2 a condividere le sue esperienze in prigioni, scuole e parrocchie, dimostrando che la misericordia di Dio raggiunge anche i pi\u00f9 lontani.<\/span><\/span><\/p>\n<h3 data-start=\"4988\" data-end=\"5049\"><strong><span style=\"vertical-align: inherit\"><span style=\"vertical-align: inherit\">10. Jacques Fesch (Francia): conversione dopo un crimine<\/span><\/span><\/strong><\/h3>\n<p data-start=\"5051\" data-end=\"5483\"><span style=\"vertical-align: inherit\"><span style=\"vertical-align: inherit\">A 24 anni, Jacques uccise un agente di polizia durante una rapina fallita. Fu condannato a morte. Durante i tre anni di carcere, inizi\u00f2 a leggere il Vangelo e a scrivere un diario spirituale in cui esprimeva il suo pentimento e la scoperta della fede. Accolse il suo destino con serenit\u00e0, confidando nella misericordia di Dio. Oggi \u00e8 in fase di beatificazione, a testimonianza della possibile redenzione, anche dopo i peggiori errori.<\/span><\/span><\/p>\n<h3 data-start=\"5490\" data-end=\"5567\"><strong><span style=\"vertical-align: inherit\"><span style=\"vertical-align: inherit\">11. Chiara \u201cLuce\u201d Badano (Italia): la gioia in mezzo alla sofferenza<\/span><\/span><\/strong><\/h3>\n<p data-start=\"5569\" data-end=\"5921\"><span style=\"vertical-align: inherit\"><span style=\"vertical-align: inherit\">Chiara era una giovane donna italiana piena di vita quando un tumore alle ossa la costrinse a letto. Invece di ribellarsi, offr\u00ec il suo dolore a Dio con un sorriso radioso. &#8220;Se dovessi scegliere tra tornare a camminare e andare in paradiso&#8230; sceglierei il paradiso&#8221;, disse poco prima di morire all&#8217;et\u00e0 di 18 anni. La sua testimonianza ha toccato migliaia di giovani in cerca di un senso nel loro dolore.<\/span><\/span><\/p>\n<h3 data-start=\"5928\" data-end=\"6003\"><strong><span style=\"vertical-align: inherit\"><span style=\"vertical-align: inherit\">12. Kiko Arg\u00fcello (Spagna): dal marxismo all&#8217;evangelizzazione mondiale<\/span><\/span><\/strong><\/h3>\n<p data-start=\"6005\" data-end=\"6376\"><span style=\"vertical-align: inherit\"><span style=\"vertical-align: inherit\">Artista e giovane impegnato in idee rivoluzionarie, Kiko Arg\u00fcello visse immerso nell&#8217;esistenzialismo e nella critica della religione. Tuttavia, durante un ritiro cristiano, sent\u00ec l&#8217;amore di Dio come una certezza innegabile. Da l\u00ec, lasci\u00f2 tutto e inizi\u00f2 il Cammino Neocatecumenale, un percorso di formazione cristiana seguito oggi da milioni di persone in tutto il mondo.<\/span><\/span><\/p>\n<h3 data-start=\"6383\" data-end=\"6460\"><strong><span style=\"vertical-align: inherit\"><span style=\"vertical-align: inherit\">13. Juli\u00e1n G\u00f3mez del Castillo (Spagna): giustizia sociale dalla fede<\/span><\/span><\/strong><\/h3>\n<p data-start=\"6462\" data-end=\"6898\"><span style=\"vertical-align: inherit\"><span style=\"vertical-align: inherit\">La giovinezza di Juli\u00e1n fu segnata dalla lotta operaia e dalla ricerca della giustizia sociale. La sua conversione a 19 anni non segn\u00f2 una rottura con il suo impegno sociale, ma piuttosto il suo compimento: comprese che solo l&#8217;amore cristiano poteva veramente trasformare le strutture ingiuste. Partecip\u00f2 attivamente a movimenti come i Giovani Operai Cristiani (JOC) e l&#8217;HOAC, promuovendo la dignit\u00e0 del lavoro e la solidariet\u00e0 tra i pi\u00f9 poveri.<\/span><\/span><\/p>\n<h3 data-start=\"6905\" data-end=\"6972\"><strong><span style=\"vertical-align: inherit\"><span style=\"vertical-align: inherit\">14. Nacho (Spagna-Australia): un Rosario che rompe la routine<\/span><\/span><\/strong><\/h3>\n<p data-start=\"6974\" data-end=\"7374\"><span style=\"vertical-align: inherit\"><span style=\"vertical-align: inherit\">La vita di Nacho sembrava procedere a gonfie vele, con un successo professionale che lo rendeva felice, ma sentiva un vuoto inspiegabile. Una domenica accompagn\u00f2 la madre ha Messa e, quasi per inerzia, inizi\u00f2 a recitare il Rosario ogni sera. Quello che era iniziato come un gesto di routine si trasform\u00f2 in un&#8217;esperienza di pace e perdono cos\u00ec profonda da cambiare il suo modo di vedere la vita. Oggi condivide la sua testimonianza, incoraggiando altri giovani a riscoprire la preghiera.<\/span><\/span><\/p>\n<h3 data-start=\"2236\" data-end=\"2277\"><strong data-start=\"2243\" data-end=\"2277\"><span style=\"vertical-align: inherit\"><span style=\"vertical-align: inherit\">Cosa unisce queste testimonianze<\/span><\/span><\/strong><\/h3>\n<ul data-start=\"2279\" data-end=\"2899\">\n<li data-start=\"2279\" data-end=\"2422\">\n<p data-start=\"2281\" data-end=\"2422\"><strong data-start=\"2281\" data-end=\"2314\"><span style=\"vertical-align: inherit\"><span style=\"vertical-align: inherit\">L&#8217;umano prima dell&#8217;ideale<\/span><\/span><\/strong><span style=\"vertical-align: inherit\"><span style=\"vertical-align: inherit\">: nessuno di loro ha avuto un&#8217;infanzia esemplare; molti si ritrovano in crisi, nella solitudine, nella malattia, nel vuoto del successo o nel peccato.<\/span><\/span><\/p>\n<\/li>\n<li data-start=\"2423\" data-end=\"2540\">\n<p data-start=\"2425\" data-end=\"2540\"><strong data-start=\"2425\" data-end=\"2447\"><span style=\"vertical-align: inherit\"><span style=\"vertical-align: inherit\">Incontro personale<\/span><\/span><\/strong><span style=\"vertical-align: inherit\"><span style=\"vertical-align: inherit\">: la tradizione non basta; la conversione avviene quando la fede diventa reale, viva, faccia a faccia.<\/span><\/span><\/p>\n<\/li>\n<li data-start=\"2541\" data-end=\"2650\">\n<p data-start=\"2543\" data-end=\"2650\"><strong data-start=\"2543\" data-end=\"2566\"><span style=\"vertical-align: inherit\"><span style=\"vertical-align: inherit\">Dio si serve del piccolo<\/span><\/span><\/strong><span style=\"vertical-align: inherit\"><span style=\"vertical-align: inherit\">: un&#8217;immagine, una parola, una semplice esperienza sono sufficienti per accendere la scintilla.<\/span><\/span><\/p>\n<\/li>\n<li data-start=\"2651\" data-end=\"2766\">\n<p data-start=\"2653\" data-end=\"2766\"><strong data-start=\"2653\" data-end=\"2693\"><span style=\"vertical-align: inherit\"><span style=\"vertical-align: inherit\">La misericordia non ha condizioni<\/span><\/span><\/strong><span style=\"vertical-align: inherit\"><span style=\"vertical-align: inherit\">: tutte le et\u00e0, le vite e gli errori sono preziosi per Lui. Non \u00e8 mai troppo tardi.<\/span><\/span><\/p>\n<\/li>\n<li data-start=\"2767\" data-end=\"2899\">\n<p data-start=\"2769\" data-end=\"2899\"><strong data-start=\"2769\" data-end=\"2793\"><span style=\"vertical-align: inherit\"><span style=\"vertical-align: inherit\">Trasformazione totale<\/span><\/span><\/strong><span style=\"vertical-align: inherit\"><span style=\"vertical-align: inherit\">: gli schemi vengono spezzati (dipendenze, violenza, conformismo) per dare vita a una vita di amore, pace e servizio.<\/span><\/span><\/p>\n<\/li>\n<\/ul>\n<h3 data-start=\"2906\" data-end=\"2969\"><strong data-start=\"2913\" data-end=\"2969\"><span style=\"vertical-align: inherit\"><span style=\"vertical-align: inherit\">Riconnessione per te (o per qualcuno che vuoi accompagnare)<\/span><\/span><\/strong><\/h3>\n<ol data-start=\"2971\" data-end=\"3322\">\n<li data-start=\"2971\" data-end=\"3067\">\n<p data-start=\"2974\" data-end=\"3067\"><strong data-start=\"2974\" data-end=\"2998\"><span style=\"vertical-align: inherit\"><span style=\"vertical-align: inherit\">L&#8217;invito \u00e8 semplice<\/span><\/span><\/strong><span style=\"vertical-align: inherit\"><span style=\"vertical-align: inherit\">: una conversazione, una messa, un canto possono risvegliare il cuore e aprire gli occhi a Dio.<\/span><\/span><\/p>\n<\/li>\n<li data-start=\"3068\" data-end=\"3144\">\n<p data-start=\"3071\" data-end=\"3144\"><strong data-start=\"3071\" data-end=\"3100\"><span style=\"vertical-align: inherit\"><span style=\"vertical-align: inherit\">Condividi storie vere<\/span><\/span><\/strong><span style=\"vertical-align: inherit\"><span style=\"vertical-align: inherit\">: le testimonianze vere ispirano speranza.<\/span><\/span><\/p>\n<\/li>\n<li data-start=\"3145\" data-end=\"3227\">\n<p data-start=\"3148\" data-end=\"3227\"><strong data-start=\"3148\" data-end=\"3171\"><span style=\"vertical-align: inherit\"><span style=\"vertical-align: inherit\">Accompagnare senza giudicare<\/span><\/span><\/strong><span style=\"vertical-align: inherit\"><span style=\"vertical-align: inherit\">: la fede cresce meglio in contesti di rispetto e ascolto.<\/span><\/span><\/p>\n<\/li>\n<li data-start=\"3228\" data-end=\"3322\">\n<p data-start=\"3231\" data-end=\"3322\"><strong data-start=\"3231\" data-end=\"3257\"><span style=\"vertical-align: inherit\"><span style=\"vertical-align: inherit\">Rendi visibile la bellezza<\/span><\/span><\/strong><span style=\"vertical-align: inherit\"><span style=\"vertical-align: inherit\">: arte, liturgia, musica vanno oltre le parole.<\/span><\/span><\/p>\n<\/li>\n<\/ol>\n<p data-start=\"3329\" data-end=\"3585\"><span style=\"vertical-align: inherit\"><span style=\"vertical-align: inherit\">Queste 14 storie dimostrano che Dio agisce in situazioni diverse come la malattia, il successo professionale, il carcere, la dipendenza e la povert\u00e0 intellettuale. Ci\u00f2 che conta \u00e8 che Lui sia l\u00ec, pronto a elevare, illuminare e portare nuova luce a ogni vita.<\/span><\/span><\/p>\n","protected":false},"excerpt":{"rendered":"<p>Dalla distanza alla luce<\/p>\n","protected":false},"author":149,"featured_media":129748,"comment_status":"closed","ping_status":"closed","sticky":false,"template":"","format":"standard","meta":{"_acf_changed":false,"_crdt_document":"","inline_featured_image":false,"footnotes":""},"categories":[71],"tags":[66677,28198,66679,66678,20615,15434,66680,25656,66682,66683,59899,66681,43176,63889,43183,4952],"class_list":["post-129854","post","type-post","status-publish","format-standard","has-post-thumbnail","hentry","category-analisi","tag-cambiamenti-di-vita","tag-conversione-spirituale","tag-conversioni-sconvolgenti","tag-convertiti-cattolici","tag-esperienze-religiose","tag-fede-cattolica","tag-incontri-con-dio","tag-javier-ferrer-garcia-2","tag-miracoli-di-fede","tag-redenzione-personale","tag-ricerca-di-dio","tag-storie-cristiane","tag-storie-di-fede","tag-testimonianze-cristiane","tag-testimonianze-di-conversione","tag-trending-it"],"acf":[],"yoast_head":"<!-- This site is optimized with the Yoast SEO plugin v27.4 - https:\/\/yoast.com\/product\/yoast-seo-wordpress\/ -->\n<title>14 conversioni che accompagnano l&#039;anima &#8211; Exaudi<\/title>\n<meta name=\"robots\" content=\"index, follow, max-snippet:-1, max-image-preview:large, max-video-preview:-1\" \/>\n<link rel=\"canonical\" href=\"https:\/\/exaudi.org\/it\/14-conversioni-che-accompagnano-lanima\/\" \/>\n<meta property=\"og:locale\" content=\"it_IT\" \/>\n<meta property=\"og:type\" content=\"article\" \/>\n<meta property=\"og:title\" content=\"14 conversioni che accompagnano l&#039;anima &#8211; Exaudi\" \/>\n<meta property=\"og:description\" content=\"Dalla distanza alla luce\" \/>\n<meta property=\"og:url\" content=\"https:\/\/exaudi.org\/it\/14-conversioni-che-accompagnano-lanima\/\" \/>\n<meta property=\"og:site_name\" content=\"Exaudi\" \/>\n<meta property=\"article:publisher\" content=\"https:\/\/www.facebook.com\/ExaudiNews\" \/>\n<meta property=\"article:published_time\" content=\"2025-07-10T16:11:04+00:00\" \/>\n<meta property=\"og:image\" content=\"https:\/\/exaudi.org\/wp-content\/uploads\/2025\/07\/florian-marette-IkBcBqCip8c-unsplash-1-scaled.jpg\" \/>\n\t<meta property=\"og:image:width\" content=\"2560\" \/>\n\t<meta property=\"og:image:height\" content=\"1440\" \/>\n\t<meta property=\"og:image:type\" content=\"image\/jpeg\" \/>\n<meta name=\"author\" content=\"Javier Ferrer Garc\u00eda\" \/>\n<meta name=\"twitter:card\" content=\"summary_large_image\" \/>\n<meta name=\"twitter:creator\" content=\"@Exaudi_News\" \/>\n<meta name=\"twitter:site\" content=\"@Exaudi_News\" \/>\n<meta name=\"twitter:label1\" content=\"Scritto da\" \/>\n\t<meta name=\"twitter:data1\" content=\"Javier Ferrer Garc\u00eda\" \/>\n\t<meta name=\"twitter:label2\" content=\"Tempo di lettura stimato\" \/>\n\t<meta name=\"twitter:data2\" content=\"7 minuti\" \/>\n<script type=\"application\/ld+json\" class=\"yoast-schema-graph\">{\"@context\":\"https:\\\/\\\/schema.org\",\"@graph\":[{\"@type\":\"Article\",\"@id\":\"https:\\\/\\\/exaudi.org\\\/it\\\/14-conversioni-che-accompagnano-lanima\\\/#article\",\"isPartOf\":{\"@id\":\"https:\\\/\\\/exaudi.org\\\/it\\\/14-conversioni-che-accompagnano-lanima\\\/\"},\"author\":{\"name\":\"Javier Ferrer Garc\u00eda\",\"@id\":\"https:\\\/\\\/exaudi.org\\\/#\\\/schema\\\/person\\\/0428626ea256fe1d193098fe0ee2b91d\"},\"headline\":\"14 conversioni che accompagnano l&#8217;anima\",\"datePublished\":\"2025-07-10T16:11:04+00:00\",\"mainEntityOfPage\":{\"@id\":\"https:\\\/\\\/exaudi.org\\\/it\\\/14-conversioni-che-accompagnano-lanima\\\/\"},\"wordCount\":1378,\"image\":{\"@id\":\"https:\\\/\\\/exaudi.org\\\/it\\\/14-conversioni-che-accompagnano-lanima\\\/#primaryimage\"},\"thumbnailUrl\":\"https:\\\/\\\/exaudi.org\\\/wp-content\\\/uploads\\\/2025\\\/07\\\/florian-marette-IkBcBqCip8c-unsplash-1-scaled.jpg\",\"keywords\":[\"Cambiamenti di vita\",\"conversione spirituale\",\"Conversioni sconvolgenti\",\"Convertiti cattolici\",\"ESPERIENZE RELIGIOSE\",\"FEDE CATTOLICA\",\"Incontri con Dio\",\"Javier Ferrer Garc\u00eda\",\"Miracoli di fede\",\"Redenzione personale\",\"ricerca di Dio\",\"Storie cristiane\",\"storie di fede\",\"Testimonianze cristiane\",\"testimonianze di conversione\",\"Trending\"],\"articleSection\":[\"Analisi\"],\"inLanguage\":\"it-IT\"},{\"@type\":\"WebPage\",\"@id\":\"https:\\\/\\\/exaudi.org\\\/it\\\/14-conversioni-che-accompagnano-lanima\\\/\",\"url\":\"https:\\\/\\\/exaudi.org\\\/it\\\/14-conversioni-che-accompagnano-lanima\\\/\",\"name\":\"14 conversioni che accompagnano l'anima &#8211; Exaudi\",\"isPartOf\":{\"@id\":\"https:\\\/\\\/exaudi.org\\\/#website\"},\"primaryImageOfPage\":{\"@id\":\"https:\\\/\\\/exaudi.org\\\/it\\\/14-conversioni-che-accompagnano-lanima\\\/#primaryimage\"},\"image\":{\"@id\":\"https:\\\/\\\/exaudi.org\\\/it\\\/14-conversioni-che-accompagnano-lanima\\\/#primaryimage\"},\"thumbnailUrl\":\"https:\\\/\\\/exaudi.org\\\/wp-content\\\/uploads\\\/2025\\\/07\\\/florian-marette-IkBcBqCip8c-unsplash-1-scaled.jpg\",\"datePublished\":\"2025-07-10T16:11:04+00:00\",\"author\":{\"@id\":\"https:\\\/\\\/exaudi.org\\\/#\\\/schema\\\/person\\\/0428626ea256fe1d193098fe0ee2b91d\"},\"breadcrumb\":{\"@id\":\"https:\\\/\\\/exaudi.org\\\/it\\\/14-conversioni-che-accompagnano-lanima\\\/#breadcrumb\"},\"inLanguage\":\"it-IT\",\"potentialAction\":[{\"@type\":\"ReadAction\",\"target\":[\"https:\\\/\\\/exaudi.org\\\/it\\\/14-conversioni-che-accompagnano-lanima\\\/\"]}]},{\"@type\":\"ImageObject\",\"inLanguage\":\"it-IT\",\"@id\":\"https:\\\/\\\/exaudi.org\\\/it\\\/14-conversioni-che-accompagnano-lanima\\\/#primaryimage\",\"url\":\"https:\\\/\\\/exaudi.org\\\/wp-content\\\/uploads\\\/2025\\\/07\\\/florian-marette-IkBcBqCip8c-unsplash-1-scaled.jpg\",\"contentUrl\":\"https:\\\/\\\/exaudi.org\\\/wp-content\\\/uploads\\\/2025\\\/07\\\/florian-marette-IkBcBqCip8c-unsplash-1-scaled.jpg\",\"width\":2560,\"height\":1440,\"caption\":\"Florian Marette . Unsplash\"},{\"@type\":\"BreadcrumbList\",\"@id\":\"https:\\\/\\\/exaudi.org\\\/it\\\/14-conversioni-che-accompagnano-lanima\\\/#breadcrumb\",\"itemListElement\":[{\"@type\":\"ListItem\",\"position\":1,\"name\":\"Portada\",\"item\":\"https:\\\/\\\/exaudi.org\\\/it\\\/\"},{\"@type\":\"ListItem\",\"position\":2,\"name\":\"14 conversioni che accompagnano l&#8217;anima\"}]},{\"@type\":\"WebSite\",\"@id\":\"https:\\\/\\\/exaudi.org\\\/#website\",\"url\":\"https:\\\/\\\/exaudi.org\\\/\",\"name\":\"Exaudi\",\"description\":\"News\",\"potentialAction\":[{\"@type\":\"SearchAction\",\"target\":{\"@type\":\"EntryPoint\",\"urlTemplate\":\"https:\\\/\\\/exaudi.org\\\/?s={search_term_string}\"},\"query-input\":{\"@type\":\"PropertyValueSpecification\",\"valueRequired\":true,\"valueName\":\"search_term_string\"}}],\"inLanguage\":\"it-IT\"},{\"@type\":\"Person\",\"@id\":\"https:\\\/\\\/exaudi.org\\\/#\\\/schema\\\/person\\\/0428626ea256fe1d193098fe0ee2b91d\",\"name\":\"Javier Ferrer Garc\u00eda\",\"image\":{\"@type\":\"ImageObject\",\"inLanguage\":\"it-IT\",\"@id\":\"https:\\\/\\\/secure.gravatar.com\\\/avatar\\\/c7bc1aef05f4433794cef4a55499c99ae6c0d617e2aa24ba4876a5432af93b2d?s=96&d=mm&r=g\",\"url\":\"https:\\\/\\\/secure.gravatar.com\\\/avatar\\\/c7bc1aef05f4433794cef4a55499c99ae6c0d617e2aa24ba4876a5432af93b2d?s=96&d=mm&r=g\",\"contentUrl\":\"https:\\\/\\\/secure.gravatar.com\\\/avatar\\\/c7bc1aef05f4433794cef4a55499c99ae6c0d617e2aa24ba4876a5432af93b2d?s=96&d=mm&r=g\",\"caption\":\"Javier Ferrer Garc\u00eda\"},\"description\":\"Soy un apasionado de la vida. Fil\u00f3sofo y economista. Mi carrera profesional se ha enriquecido con el constante deseo de aprender y crecer tanto en el \u00e1mbito acad\u00e9mico como en el personal. Me considero un ferviente lector y amante del cine, lo cual me permite tener una perspectiva amplia y diversa sobre el mundo que nos rodea. Como cat\u00f3lico comprometido, busco integrar mis valores en cada aspecto de mi vida, desde mi carrera profesional hasta mi rol como esposo y padre de familia\",\"url\":\"https:\\\/\\\/exaudi.org\\\/it\\\/author\\\/javier-ferrer-garcia\\\/\"}]}<\/script>\n<!-- \/ Yoast SEO plugin. -->","yoast_head_json":{"title":"14 conversioni che accompagnano l'anima &#8211; Exaudi","robots":{"index":"index","follow":"follow","max-snippet":"max-snippet:-1","max-image-preview":"max-image-preview:large","max-video-preview":"max-video-preview:-1"},"canonical":"https:\/\/exaudi.org\/it\/14-conversioni-che-accompagnano-lanima\/","og_locale":"it_IT","og_type":"article","og_title":"14 conversioni che accompagnano l'anima &#8211; Exaudi","og_description":"Dalla distanza alla luce","og_url":"https:\/\/exaudi.org\/it\/14-conversioni-che-accompagnano-lanima\/","og_site_name":"Exaudi","article_publisher":"https:\/\/www.facebook.com\/ExaudiNews","article_published_time":"2025-07-10T16:11:04+00:00","og_image":[{"width":2560,"height":1440,"url":"https:\/\/exaudi.org\/wp-content\/uploads\/2025\/07\/florian-marette-IkBcBqCip8c-unsplash-1-scaled.jpg","type":"image\/jpeg"}],"author":"Javier Ferrer Garc\u00eda","twitter_card":"summary_large_image","twitter_creator":"@Exaudi_News","twitter_site":"@Exaudi_News","twitter_misc":{"Scritto da":"Javier Ferrer Garc\u00eda","Tempo di lettura stimato":"7 minuti"},"schema":{"@context":"https:\/\/schema.org","@graph":[{"@type":"Article","@id":"https:\/\/exaudi.org\/it\/14-conversioni-che-accompagnano-lanima\/#article","isPartOf":{"@id":"https:\/\/exaudi.org\/it\/14-conversioni-che-accompagnano-lanima\/"},"author":{"name":"Javier Ferrer Garc\u00eda","@id":"https:\/\/exaudi.org\/#\/schema\/person\/0428626ea256fe1d193098fe0ee2b91d"},"headline":"14 conversioni che accompagnano l&#8217;anima","datePublished":"2025-07-10T16:11:04+00:00","mainEntityOfPage":{"@id":"https:\/\/exaudi.org\/it\/14-conversioni-che-accompagnano-lanima\/"},"wordCount":1378,"image":{"@id":"https:\/\/exaudi.org\/it\/14-conversioni-che-accompagnano-lanima\/#primaryimage"},"thumbnailUrl":"https:\/\/exaudi.org\/wp-content\/uploads\/2025\/07\/florian-marette-IkBcBqCip8c-unsplash-1-scaled.jpg","keywords":["Cambiamenti di vita","conversione spirituale","Conversioni sconvolgenti","Convertiti cattolici","ESPERIENZE RELIGIOSE","FEDE CATTOLICA","Incontri con Dio","Javier Ferrer Garc\u00eda","Miracoli di fede","Redenzione personale","ricerca di Dio","Storie cristiane","storie di fede","Testimonianze cristiane","testimonianze di conversione","Trending"],"articleSection":["Analisi"],"inLanguage":"it-IT"},{"@type":"WebPage","@id":"https:\/\/exaudi.org\/it\/14-conversioni-che-accompagnano-lanima\/","url":"https:\/\/exaudi.org\/it\/14-conversioni-che-accompagnano-lanima\/","name":"14 conversioni che accompagnano l'anima &#8211; Exaudi","isPartOf":{"@id":"https:\/\/exaudi.org\/#website"},"primaryImageOfPage":{"@id":"https:\/\/exaudi.org\/it\/14-conversioni-che-accompagnano-lanima\/#primaryimage"},"image":{"@id":"https:\/\/exaudi.org\/it\/14-conversioni-che-accompagnano-lanima\/#primaryimage"},"thumbnailUrl":"https:\/\/exaudi.org\/wp-content\/uploads\/2025\/07\/florian-marette-IkBcBqCip8c-unsplash-1-scaled.jpg","datePublished":"2025-07-10T16:11:04+00:00","author":{"@id":"https:\/\/exaudi.org\/#\/schema\/person\/0428626ea256fe1d193098fe0ee2b91d"},"breadcrumb":{"@id":"https:\/\/exaudi.org\/it\/14-conversioni-che-accompagnano-lanima\/#breadcrumb"},"inLanguage":"it-IT","potentialAction":[{"@type":"ReadAction","target":["https:\/\/exaudi.org\/it\/14-conversioni-che-accompagnano-lanima\/"]}]},{"@type":"ImageObject","inLanguage":"it-IT","@id":"https:\/\/exaudi.org\/it\/14-conversioni-che-accompagnano-lanima\/#primaryimage","url":"https:\/\/exaudi.org\/wp-content\/uploads\/2025\/07\/florian-marette-IkBcBqCip8c-unsplash-1-scaled.jpg","contentUrl":"https:\/\/exaudi.org\/wp-content\/uploads\/2025\/07\/florian-marette-IkBcBqCip8c-unsplash-1-scaled.jpg","width":2560,"height":1440,"caption":"Florian Marette . Unsplash"},{"@type":"BreadcrumbList","@id":"https:\/\/exaudi.org\/it\/14-conversioni-che-accompagnano-lanima\/#breadcrumb","itemListElement":[{"@type":"ListItem","position":1,"name":"Portada","item":"https:\/\/exaudi.org\/it\/"},{"@type":"ListItem","position":2,"name":"14 conversioni che accompagnano l&#8217;anima"}]},{"@type":"WebSite","@id":"https:\/\/exaudi.org\/#website","url":"https:\/\/exaudi.org\/","name":"Exaudi","description":"News","potentialAction":[{"@type":"SearchAction","target":{"@type":"EntryPoint","urlTemplate":"https:\/\/exaudi.org\/?s={search_term_string}"},"query-input":{"@type":"PropertyValueSpecification","valueRequired":true,"valueName":"search_term_string"}}],"inLanguage":"it-IT"},{"@type":"Person","@id":"https:\/\/exaudi.org\/#\/schema\/person\/0428626ea256fe1d193098fe0ee2b91d","name":"Javier Ferrer Garc\u00eda","image":{"@type":"ImageObject","inLanguage":"it-IT","@id":"https:\/\/secure.gravatar.com\/avatar\/c7bc1aef05f4433794cef4a55499c99ae6c0d617e2aa24ba4876a5432af93b2d?s=96&d=mm&r=g","url":"https:\/\/secure.gravatar.com\/avatar\/c7bc1aef05f4433794cef4a55499c99ae6c0d617e2aa24ba4876a5432af93b2d?s=96&d=mm&r=g","contentUrl":"https:\/\/secure.gravatar.com\/avatar\/c7bc1aef05f4433794cef4a55499c99ae6c0d617e2aa24ba4876a5432af93b2d?s=96&d=mm&r=g","caption":"Javier Ferrer Garc\u00eda"},"description":"Soy un apasionado de la vida. Fil\u00f3sofo y economista. Mi carrera profesional se ha enriquecido con el constante deseo de aprender y crecer tanto en el \u00e1mbito acad\u00e9mico como en el personal. Me considero un ferviente lector y amante del cine, lo cual me permite tener una perspectiva amplia y diversa sobre el mundo que nos rodea. Como cat\u00f3lico comprometido, busco integrar mis valores en cada aspecto de mi vida, desde mi carrera profesional hasta mi rol como esposo y padre de familia","url":"https:\/\/exaudi.org\/it\/author\/javier-ferrer-garcia\/"}]}},"jetpack_featured_media_url":"https:\/\/exaudi.org\/wp-content\/uploads\/2025\/07\/florian-marette-IkBcBqCip8c-unsplash-1-scaled.jpg","jetpack_shortlink":"https:\/\/wp.me\/pgKjF2-xMq","_links":{"self":[{"href":"https:\/\/exaudi.org\/it\/wp-json\/wp\/v2\/posts\/129854","targetHints":{"allow":["GET"]}}],"collection":[{"href":"https:\/\/exaudi.org\/it\/wp-json\/wp\/v2\/posts"}],"about":[{"href":"https:\/\/exaudi.org\/it\/wp-json\/wp\/v2\/types\/post"}],"author":[{"embeddable":true,"href":"https:\/\/exaudi.org\/it\/wp-json\/wp\/v2\/users\/149"}],"replies":[{"embeddable":true,"href":"https:\/\/exaudi.org\/it\/wp-json\/wp\/v2\/comments?post=129854"}],"version-history":[{"count":1,"href":"https:\/\/exaudi.org\/it\/wp-json\/wp\/v2\/posts\/129854\/revisions"}],"predecessor-version":[{"id":129855,"href":"https:\/\/exaudi.org\/it\/wp-json\/wp\/v2\/posts\/129854\/revisions\/129855"}],"wp:featuredmedia":[{"embeddable":true,"href":"https:\/\/exaudi.org\/it\/wp-json\/wp\/v2\/media\/129748"}],"wp:attachment":[{"href":"https:\/\/exaudi.org\/it\/wp-json\/wp\/v2\/media?parent=129854"}],"wp:term":[{"taxonomy":"category","embeddable":true,"href":"https:\/\/exaudi.org\/it\/wp-json\/wp\/v2\/categories?post=129854"},{"taxonomy":"post_tag","embeddable":true,"href":"https:\/\/exaudi.org\/it\/wp-json\/wp\/v2\/tags?post=129854"}],"curies":[{"name":"wp","href":"https:\/\/api.w.org\/{rel}","templated":true}]}}