{"id":129725,"date":"2025-07-08T20:37:37","date_gmt":"2025-07-08T18:37:37","guid":{"rendered":"https:\/\/exaudi.org\/?p=129725"},"modified":"2025-07-08T20:37:37","modified_gmt":"2025-07-08T18:37:37","slug":"krzysztof-patejuk-un-prete-polacco-innamorato-della-spagna","status":"publish","type":"post","link":"https:\/\/exaudi.org\/it\/krzysztof-patejuk-un-prete-polacco-innamorato-della-spagna\/","title":{"rendered":"Krzysztof Patejuk, un prete polacco innamorato della Spagna"},"content":{"rendered":"<p><span style=\"vertical-align: inherit\"><span style=\"vertical-align: inherit\">La Polonia rimane un faro del cattolicesimo, ma deve anche affrontare sfide significative che rendono il ruolo della Chiesa ancora pi\u00f9 cruciale, se possibile. La pi\u00f9 evidente \u00e8 la guerra tra Russia e Ucraina, che infuria lungo il suo confine, e la minaccia di una possibile invasione del suo territorio. Nel frattempo, nel mezzo di un crescente riarmo, la Chiesa cattolica in Polonia si trova ad affrontare due fronti principali, di cui\u00a0 <\/span><\/span><strong><span style=\"vertical-align: inherit\"><span style=\"vertical-align: inherit\">padre Krzysztof Patejuk ha parlato alla Fondazione CARF<\/span><\/span><\/strong><span style=\"vertical-align: inherit\"><span style=\"vertical-align: inherit\">.<\/span><\/span><\/p>\n<p><span style=\"vertical-align: inherit\"><span style=\"vertical-align: inherit\">Il ruolo del sacerdote \u00e8 fondamentale in questi tempi di crisi. Da un lato, sottolinea l&#8217;accoglienza che hanno saputo offrire a centinaia di migliaia di rifugiati ucraini. &#8220;La sfida per la Chiesa \u00e8 la cura pastorale e sociale di queste persone, e finora le istituzioni ecclesiastiche si sono dimostrate all&#8217;altezza del compito&#8221;, afferma. E, dall&#8217;altro, sottolinea la sfida di un Paese tradizionalmente cattolico, che sta vivendo un processo di secolarizzazione piuttosto rapido, soprattutto tra i giovani.<\/span><\/span><\/p>\n<p><span style=\"vertical-align: inherit\"><span style=\"vertical-align: inherit\">Lui stesso rappresenta questo\u00a0 <\/span><\/span><a href=\"https:\/\/fundacioncarf.org\/oracion-formacion-espiritual-sacerdote-clave\/\" target=\"_blank\" rel=\"noopener\"><span style=\"vertical-align: inherit\"><span style=\"vertical-align: inherit\">giovane cresciuto in un ambiente cattolico<\/span><\/span><\/a><span style=\"vertical-align: inherit\"><span style=\"vertical-align: inherit\">, e quindi pienamente consapevole dei bisogni spirituali della sua generazione. In questo senso, padre Patejuk confessa che la trasmissione della fede \u00e8 avvenuta in casa sua in modo del tutto naturale.<\/span><\/span><\/p>\n<p><img loading=\"lazy\" decoding=\"async\" class=\"size-full wp-image-129486 aligncenter\" src=\"https:\/\/exaudi.org\/wp-content\/uploads\/2025\/07\/krysztof-sacerdote-polaco-fundacion-carf.png\" alt=\"\" width=\"800\" height=\"533\" srcset=\"https:\/\/exaudi.org\/wp-content\/uploads\/2025\/07\/krysztof-sacerdote-polaco-fundacion-carf.png 800w, https:\/\/exaudi.org\/wp-content\/uploads\/2025\/07\/krysztof-sacerdote-polaco-fundacion-carf-300x200.png 300w, https:\/\/exaudi.org\/wp-content\/uploads\/2025\/07\/krysztof-sacerdote-polaco-fundacion-carf-770x513.png 770w, https:\/\/exaudi.org\/wp-content\/uploads\/2025\/07\/krysztof-sacerdote-polaco-fundacion-carf-360x240.png?crop=1 360w, https:\/\/exaudi.org\/wp-content\/uploads\/2025\/07\/krysztof-sacerdote-polaco-fundacion-carf-500x333.png 500w\" sizes=\"auto, (max-width: 800px) 100vw, 800px\" \/><\/p>\n<p><span style=\"vertical-align: inherit\"><span style=\"vertical-align: inherit\">&#8220;Fin da bambino, ho partecipato alla Messa domenicale con i miei genitori e mio fratello. Pregavamo insieme a casa e partecipavamo alle celebrazioni liturgiche adatte a ogni stagione. <\/span><\/span><strong><span style=\"vertical-align: inherit\"><span style=\"vertical-align: inherit\">\u00a0I miei genitori mi hanno sempre sostenuto nel mio servizio di chierichetto e nei ritiri estivi.<\/span><\/span><\/strong><span style=\"vertical-align: inherit\"><span style=\"vertical-align: inherit\"> \u00a0Ma soprattutto, hanno creato un ambiente di amore, sostegno e libert\u00e0 che mi ha permesso di perseguire il mio cammino di fede&#8221;, racconta questo sacerdote polacco.<\/span><\/span><\/p>\n<p><span style=\"vertical-align: inherit\"><span style=\"vertical-align: inherit\">Fin da bambino, ha sempre desiderato fare il giornalista, appassionato di letteratura e media. Ha persino intrapreso un corso di laurea in giornalismo, ma Dio aveva altri piani per lui e, dopo un anno di universit\u00e0 e un profondo processo di discernimento, ha capito che la sua vera strada era il seminario.<\/span><\/span><\/p>\n<h3 class=\"wp-block-heading\"><strong><span style=\"vertical-align: inherit\"><span style=\"vertical-align: inherit\">Una meravigliosa esperienza intellettuale<\/span><\/span><\/strong><\/h3>\n<p><span style=\"vertical-align: inherit\"><span style=\"vertical-align: inherit\">Padre Krzysztof descrive la sua chiamata a diventare sacerdote con parole che rivelano con grande chiarezza la profonda lotta interiore che ha vissuto:\u00a0 <\/span><\/span><strong><span style=\"vertical-align: inherit\"><span style=\"vertical-align: inherit\">&#8220;Dio mi ha parlato con grande forza. Dopo aver superato gli esami estivi all&#8217;universit\u00e0, ho sentito nel mio cuore, come un fuoco ardente<\/span><\/span><\/strong><span style=\"vertical-align: inherit\"><span style=\"vertical-align: inherit\">, la chiamata a entrare in seminario e diventare sacerdote.<\/span><\/span><\/p>\n<p><span style=\"vertical-align: inherit\"><span style=\"vertical-align: inherit\">Ho resistito a lungo perch\u00e9 stavo realizzando i miei sogni e avevo una ragazza. Ma alla fine Dio mi ha parlato attraverso un passo del profeta Geremia, che ha descritto perfettamente la mia lotta interiore di quell&#8217;estate: &#8220;<\/span><\/span><a href=\"https:\/\/www.biblegateway.com\/passage\/?search=Jerem%C3%ADas%2020%3A7-11&amp;version=RVR1960\" target=\"_blank\" rel=\"noopener\" data-type=\"link\" data-id=\"https:\/\/www.biblegateway.com\/passage\/?search=Jerem%C3%ADas%2020%3A7-11&amp;version=RVR1960\"><span style=\"vertical-align: inherit\"><span style=\"vertical-align: inherit\">Mi hai sedotto, Signore, e mi sono lasciato sedurre; mi hai costretto e hai prevalso&#8230;<\/span><\/span><\/a><span style=\"vertical-align: inherit\"><span style=\"vertical-align: inherit\">&#8221; C&#8217;era nel mio cuore come un fuoco ardente, rinchiuso nelle mie ossa; ho cercato di contenerlo, ma non ci sono riuscito. Mi sono arreso alla sua volont\u00e0 ed sono entrato in seminario, una decisione di cui non mi pento.&#8221;<\/span><\/span><\/p>\n<p><span style=\"vertical-align: inherit\"><span style=\"vertical-align: inherit\">Dopo essere stato ordinato sacerdote, il suo vescovo mand\u00f2 padre Krzysztof Patejuk a studiare Diritto Canonico presso l&#8217; <\/span><\/span><a href=\"https:\/\/www.unav.edu\/web\/facultad-eclesiastica-de-filosofia\" target=\"_blank\" rel=\"noopener\"><span style=\"vertical-align: inherit\"><span style=\"vertical-align: inherit\">Universit\u00e0 di Navarra<\/span><\/span><\/a><span style=\"vertical-align: inherit\"><span style=\"vertical-align: inherit\"> a Pamplona, \u200b\u200bun periodo che, confessa, gli lasci\u00f2 una &#8220;meravigliosa esperienza intellettuale&#8221;.<\/span><\/span><\/p>\n<p><span style=\"vertical-align: inherit\"><span style=\"vertical-align: inherit\">A Pamplona, \u200b\u200bsostiene che non solo gli hanno insegnato il diritto, ma i suoi professori gli hanno anche fatto amare questa materia, il che oggi gli \u00e8 di immenso aiuto nel suo lavoro di giudice presso il tribunale ecclesiastico dell&#8217;arcidiocesi polacca di Warmia.<\/span><\/span><\/p>\n<p><span style=\"vertical-align: inherit\"><span style=\"vertical-align: inherit\">\u00ab\u00c8 stato un periodo di grande arricchimento spirituale e pastorale, grazie al contatto con colleghi di tutto il mondo e al servizio presso la parrocchia di San Michele Arcangelo. Quel periodo mi ha permesso di approfondire la mia fede e il mio amore per la Chiesa\u00bb, aggiunge con convinzione.<\/span><\/span><\/p>\n<p><span style=\"vertical-align: inherit\"><span style=\"vertical-align: inherit\">Oggi, la formazione ricevuta \u00e8 fondamentale per la sua diocesi d&#8217;origine. E non \u00e8 solo l&#8217;aspetto accademico a distinguersi, ma anche quello umano. Cos\u00ec, padre Patejuk spiega che <\/span><\/span><strong><span style=\"vertical-align: inherit\"><span style=\"vertical-align: inherit\">&#8220;l&#8217;amore per il diritto che i miei professori mi hanno instillato mi facilita la gestione di casi difficili di annullamento matrimoniale con umanit\u00e0 e giustizia.<\/span><\/span><\/strong><span style=\"vertical-align: inherit\"><span style=\"vertical-align: inherit\"> \u00a0Ho anche imparato che questo compito non \u00e8 meramente amministrativo, ma profondamente pastorale&#8221;.<\/span><\/span><\/p>\n<p><img loading=\"lazy\" decoding=\"async\" class=\"size-full wp-image-129489 aligncenter\" src=\"https:\/\/exaudi.org\/wp-content\/uploads\/2025\/07\/krysztof-sacerdote-polaco-pastoral-682x1024-1.png\" alt=\"\" width=\"682\" height=\"1024\" srcset=\"https:\/\/exaudi.org\/wp-content\/uploads\/2025\/07\/krysztof-sacerdote-polaco-pastoral-682x1024-1.png 682w, https:\/\/exaudi.org\/wp-content\/uploads\/2025\/07\/krysztof-sacerdote-polaco-pastoral-682x1024-1-200x300.png 200w, https:\/\/exaudi.org\/wp-content\/uploads\/2025\/07\/krysztof-sacerdote-polaco-pastoral-682x1024-1-500x751.png 500w\" sizes=\"auto, (max-width: 682px) 100vw, 682px\" \/><\/p>\n<h3 class=\"wp-block-heading\"><strong><span style=\"vertical-align: inherit\"><span style=\"vertical-align: inherit\">Innamorato di Pamplona e della Spagna<\/span><\/span><\/strong><\/h3>\n<p><span style=\"vertical-align: inherit\"><span style=\"vertical-align: inherit\">Don Krzysztof sottolinea che lo spagnolo imparato a Pamplona gli permette ora di accompagnare gli studenti internazionali nel suo lavoro di cappellano universitario. Il suo amore per la cultura spagnola, aggiunge con entusiasmo, &#8220;mi spinge a tornare ogni anno per scoprire nuovi luoghi in questo splendido Paese&#8221;.<\/span><\/span><\/p>\n<p><span style=\"vertical-align: inherit\"><span style=\"vertical-align: inherit\">Sono trascorsi dieci anni dall&#8217;ordinazione di questo sacerdote polacco e, sulla base della sua <\/span><\/span><br \/>\n<span style=\"vertical-align: inherit\"><span style=\"vertical-align: inherit\">esperienza pastorale, egli ritiene che &#8220;la cosa pi\u00f9 importante per affrontare le sfide del sacerdozio sia la fedelt\u00e0 alla celebrazione dell&#8217;Eucaristia, la preghiera personale e il vivere accanto alle persone, accompagnandole nel loro cammino&#8221;. <\/span><\/span><br \/>\n<span style=\"vertical-align: inherit\"><span style=\"vertical-align: inherit\">Inoltre, aggiunge umilmente, lo aiuta molto ricordare che &#8220;non sono al di sopra delle persone, ma, come loro, sono discepolo del Signore, loro fratello, e anch&#8217;io posso contare su di loro nel mio cammino di fede&#8221;.<\/span><\/span><\/p>\n<p><span style=\"vertical-align: inherit\"><span style=\"vertical-align: inherit\">Infine, il sacerdote polacco Krzysztof Patejuk ha un ricordo speciale e parole di profonda gratitudine per i benefattori della Fondazione CARF: &#8221; <\/span><\/span><strong><span style=\"vertical-align: inherit\"><span style=\"vertical-align: inherit\">Grazie al vostro sostegno, ho potuto vivere un periodo indimenticabile di studio a Pamplona<\/span><\/span><\/strong><span style=\"vertical-align: inherit\"><span style=\"vertical-align: inherit\">, \u200b\u200bdi incontro con la Chiesa e di crescita spirituale, soprattutto attraverso la formazione offerta dall&#8217;Opus\u00a0 <\/span><\/span><a href=\"https:\/\/opusdei.org\/es-es\/page\/textos-para-la-vida-interior\/\" target=\"_blank\" rel=\"noopener\"><span style=\"vertical-align: inherit\"><span style=\"vertical-align: inherit\">Dei<\/span><\/span><\/a><span style=\"vertical-align: inherit\"><span style=\"vertical-align: inherit\">. So che questa esperienza \u00e8 stata fondamentale per il mio sacerdozio e, senza di voi, non sarei il sacerdote che sono oggi&#8221;.<\/span><\/span><\/p>\n","protected":false},"excerpt":{"rendered":"<p>Padre Krzysztof Patejuk voleva diventare giornalista, e questa \u00e8 stata la sua strada quando, nonostante avesse una fidanzata, Dio lo chiam\u00f2 con forza durante gli studi universitari. Ora, come sacerdote e avvocato canonico, svolge un importante lavoro pastorale nella sua diocesi natale di Warmia<\/p>\n","protected":false},"author":119,"featured_media":129480,"comment_status":"closed","ping_status":"closed","sticky":false,"template":"","format":"standard","meta":{"_acf_changed":false,"_crdt_document":"","inline_featured_image":false,"footnotes":""},"categories":[97],"tags":[66492,66493,66494,32900,66496,42462,66497,66495,2604,53382,15069,11577,15435,44202,66498,1565,18381,21817,66499,3356,25212,66500,66501,62421,64084,4952,45774,13555,66502,1596,15444],"class_list":["post-129725","post","type-post","status-publish","format-standard","has-post-thumbnail","hentry","category-testimoni","tag-aiuto-ai-seminaristi","tag-canonista-cattolico","tag-cappellano-universitario","tag-cattolicesimo-in-polonia","tag-chiesa-cattolica-nelleuropa-orientale","tag-chiesa-e-media","tag-chiesa-in-polonia","tag-crisi-religiosa-in-europa","tag-diritto-canonico","tag-evangelizzazione-dei-giovani","tag-fede-e-cultura","tag-fondazione-carf","tag-formazione-sacerdotale","tag-giovani-sacerdoti","tag-krzysztof-patejuk-2","tag-opus-dei","tag-pamplona-2","tag-pastorale-giovanile","tag-rifugiati-ucraini","tag-sacerdote-it","tag-sacerdote-polacco","tag-sacerdoti-in-tempo-di-guerra","tag-secolarizzazione-in-polonia","tag-spiritualita-sacerdotale","tag-testimonianze-vocazionali","tag-trending-it","tag-tribunale-ecclesiastico","tag-universita-di-navarra","tag-varmia","tag-vocazione","tag-vocazione-sacerdotale"],"acf":[],"yoast_head":"<!-- This site is optimized with the Yoast SEO plugin v27.5 - https:\/\/yoast.com\/product\/yoast-seo-wordpress\/ -->\n<title>Krzysztof Patejuk, un prete polacco innamorato della Spagna &#8211; Exaudi<\/title>\n<meta name=\"robots\" content=\"index, follow, max-snippet:-1, max-image-preview:large, max-video-preview:-1\" \/>\n<link rel=\"canonical\" href=\"https:\/\/exaudi.org\/it\/krzysztof-patejuk-un-prete-polacco-innamorato-della-spagna\/\" \/>\n<meta property=\"og:locale\" content=\"it_IT\" \/>\n<meta property=\"og:type\" content=\"article\" \/>\n<meta property=\"og:title\" content=\"Krzysztof Patejuk, un prete polacco innamorato della Spagna &#8211; Exaudi\" \/>\n<meta property=\"og:description\" content=\"Padre Krzysztof Patejuk voleva diventare giornalista, e questa \u00e8 stata la sua strada quando, nonostante avesse una fidanzata, Dio lo chiam\u00f2 con forza durante gli studi universitari. Ora, come sacerdote e avvocato canonico, svolge un importante lavoro pastorale nella sua diocesi natale di Warmia\" \/>\n<meta property=\"og:url\" content=\"https:\/\/exaudi.org\/it\/krzysztof-patejuk-un-prete-polacco-innamorato-della-spagna\/\" \/>\n<meta property=\"og:site_name\" content=\"Exaudi\" \/>\n<meta property=\"article:publisher\" content=\"https:\/\/www.facebook.com\/ExaudiNews\" \/>\n<meta property=\"article:author\" content=\"https:\/\/www.facebook.com\/fundacioncarf\/\" \/>\n<meta property=\"article:published_time\" content=\"2025-07-08T18:37:37+00:00\" \/>\n<meta property=\"og:image\" content=\"https:\/\/exaudi.org\/wp-content\/uploads\/2025\/07\/krysztof-sacerdote-polaco-enamorado-de-espana-1024x681-1.png\" \/>\n\t<meta property=\"og:image:width\" content=\"1024\" \/>\n\t<meta property=\"og:image:height\" content=\"681\" \/>\n\t<meta property=\"og:image:type\" content=\"image\/png\" \/>\n<meta name=\"author\" content=\"Fundaci\u00f3n CARF\" \/>\n<meta name=\"twitter:card\" content=\"summary_large_image\" \/>\n<meta name=\"twitter:creator\" content=\"@https:\/\/x.com\/fundacioncarf\" \/>\n<meta name=\"twitter:site\" content=\"@Exaudi_News\" \/>\n<meta name=\"twitter:label1\" content=\"Scritto da\" \/>\n\t<meta name=\"twitter:data1\" content=\"Fundaci\u00f3n CARF\" \/>\n\t<meta name=\"twitter:label2\" content=\"Tempo di lettura stimato\" \/>\n\t<meta name=\"twitter:data2\" content=\"4 minuti\" \/>\n<script type=\"application\/ld+json\" class=\"yoast-schema-graph\">{\"@context\":\"https:\\\/\\\/schema.org\",\"@graph\":[{\"@type\":\"Article\",\"@id\":\"https:\\\/\\\/exaudi.org\\\/it\\\/krzysztof-patejuk-un-prete-polacco-innamorato-della-spagna\\\/#article\",\"isPartOf\":{\"@id\":\"https:\\\/\\\/exaudi.org\\\/it\\\/krzysztof-patejuk-un-prete-polacco-innamorato-della-spagna\\\/\"},\"author\":{\"name\":\"Fundaci\u00f3n CARF\",\"@id\":\"https:\\\/\\\/exaudi.org\\\/#\\\/schema\\\/person\\\/fab8261a088ccf38cb54b3c50baa7baf\"},\"headline\":\"Krzysztof Patejuk, un prete polacco innamorato della Spagna\",\"datePublished\":\"2025-07-08T18:37:37+00:00\",\"mainEntityOfPage\":{\"@id\":\"https:\\\/\\\/exaudi.org\\\/it\\\/krzysztof-patejuk-un-prete-polacco-innamorato-della-spagna\\\/\"},\"wordCount\":882,\"image\":{\"@id\":\"https:\\\/\\\/exaudi.org\\\/it\\\/krzysztof-patejuk-un-prete-polacco-innamorato-della-spagna\\\/#primaryimage\"},\"thumbnailUrl\":\"https:\\\/\\\/exaudi.org\\\/wp-content\\\/uploads\\\/2025\\\/07\\\/krysztof-sacerdote-polaco-enamorado-de-espana-1024x681-1.png\",\"keywords\":[\"Aiuto ai seminaristi\",\"Canonista cattolico\",\"Cappellano universitario\",\"Cattolicesimo in Polonia\",\"Chiesa cattolica nell'Europa orientale\",\"Chiesa e media\",\"Chiesa in Polonia\",\"Crisi religiosa in Europa\",\"diritto canonico\",\"evangelizzazione dei giovani\",\"FEDE E CULTURA\",\"FONDAZIONE CARF\",\"FORMAZIONE SACERDOTALE\",\"giovani sacerdoti\",\"Krzysztof Patejuk\",\"Opus Dei\",\"PAMPLONA\",\"PASTORALE GIOVANILE\",\"Rifugiati ucraini\",\"Sacerdote\",\"sacerdote polacco\",\"Sacerdoti in tempo di guerra\",\"Secolarizzazione in Polonia\",\"Spiritualit\u00e0 sacerdotale\",\"Testimonianze Vocazionali\",\"Trending\",\"Tribunale ecclesiastico\",\"UNIVERSIT\u00c0 DI NAVARRA\",\"Varmia\",\"vocazione\",\"VOCAZIONE SACERDOTALE\"],\"articleSection\":[\"Testimoni\"],\"inLanguage\":\"it-IT\"},{\"@type\":\"WebPage\",\"@id\":\"https:\\\/\\\/exaudi.org\\\/it\\\/krzysztof-patejuk-un-prete-polacco-innamorato-della-spagna\\\/\",\"url\":\"https:\\\/\\\/exaudi.org\\\/it\\\/krzysztof-patejuk-un-prete-polacco-innamorato-della-spagna\\\/\",\"name\":\"Krzysztof Patejuk, un prete polacco innamorato della Spagna &#8211; Exaudi\",\"isPartOf\":{\"@id\":\"https:\\\/\\\/exaudi.org\\\/#website\"},\"primaryImageOfPage\":{\"@id\":\"https:\\\/\\\/exaudi.org\\\/it\\\/krzysztof-patejuk-un-prete-polacco-innamorato-della-spagna\\\/#primaryimage\"},\"image\":{\"@id\":\"https:\\\/\\\/exaudi.org\\\/it\\\/krzysztof-patejuk-un-prete-polacco-innamorato-della-spagna\\\/#primaryimage\"},\"thumbnailUrl\":\"https:\\\/\\\/exaudi.org\\\/wp-content\\\/uploads\\\/2025\\\/07\\\/krysztof-sacerdote-polaco-enamorado-de-espana-1024x681-1.png\",\"datePublished\":\"2025-07-08T18:37:37+00:00\",\"author\":{\"@id\":\"https:\\\/\\\/exaudi.org\\\/#\\\/schema\\\/person\\\/fab8261a088ccf38cb54b3c50baa7baf\"},\"breadcrumb\":{\"@id\":\"https:\\\/\\\/exaudi.org\\\/it\\\/krzysztof-patejuk-un-prete-polacco-innamorato-della-spagna\\\/#breadcrumb\"},\"inLanguage\":\"it-IT\",\"potentialAction\":[{\"@type\":\"ReadAction\",\"target\":[\"https:\\\/\\\/exaudi.org\\\/it\\\/krzysztof-patejuk-un-prete-polacco-innamorato-della-spagna\\\/\"]}]},{\"@type\":\"ImageObject\",\"inLanguage\":\"it-IT\",\"@id\":\"https:\\\/\\\/exaudi.org\\\/it\\\/krzysztof-patejuk-un-prete-polacco-innamorato-della-spagna\\\/#primaryimage\",\"url\":\"https:\\\/\\\/exaudi.org\\\/wp-content\\\/uploads\\\/2025\\\/07\\\/krysztof-sacerdote-polaco-enamorado-de-espana-1024x681-1.png\",\"contentUrl\":\"https:\\\/\\\/exaudi.org\\\/wp-content\\\/uploads\\\/2025\\\/07\\\/krysztof-sacerdote-polaco-enamorado-de-espana-1024x681-1.png\",\"width\":1024,\"height\":681},{\"@type\":\"BreadcrumbList\",\"@id\":\"https:\\\/\\\/exaudi.org\\\/it\\\/krzysztof-patejuk-un-prete-polacco-innamorato-della-spagna\\\/#breadcrumb\",\"itemListElement\":[{\"@type\":\"ListItem\",\"position\":1,\"name\":\"Portada\",\"item\":\"https:\\\/\\\/exaudi.org\\\/it\\\/\"},{\"@type\":\"ListItem\",\"position\":2,\"name\":\"Krzysztof Patejuk, un prete polacco innamorato della Spagna\"}]},{\"@type\":\"WebSite\",\"@id\":\"https:\\\/\\\/exaudi.org\\\/#website\",\"url\":\"https:\\\/\\\/exaudi.org\\\/\",\"name\":\"Exaudi\",\"description\":\"News\",\"potentialAction\":[{\"@type\":\"SearchAction\",\"target\":{\"@type\":\"EntryPoint\",\"urlTemplate\":\"https:\\\/\\\/exaudi.org\\\/?s={search_term_string}\"},\"query-input\":{\"@type\":\"PropertyValueSpecification\",\"valueRequired\":true,\"valueName\":\"search_term_string\"}}],\"inLanguage\":\"it-IT\"},{\"@type\":\"Person\",\"@id\":\"https:\\\/\\\/exaudi.org\\\/#\\\/schema\\\/person\\\/fab8261a088ccf38cb54b3c50baa7baf\",\"name\":\"Fundaci\u00f3n CARF\",\"image\":{\"@type\":\"ImageObject\",\"inLanguage\":\"it-IT\",\"@id\":\"https:\\\/\\\/secure.gravatar.com\\\/avatar\\\/ab292d3529973c0d1cf4cda9208c6a8a7ee52923f0a291c39104715fa46aae4b?s=96&d=mm&r=g\",\"url\":\"https:\\\/\\\/secure.gravatar.com\\\/avatar\\\/ab292d3529973c0d1cf4cda9208c6a8a7ee52923f0a291c39104715fa46aae4b?s=96&d=mm&r=g\",\"contentUrl\":\"https:\\\/\\\/secure.gravatar.com\\\/avatar\\\/ab292d3529973c0d1cf4cda9208c6a8a7ee52923f0a291c39104715fa46aae4b?s=96&d=mm&r=g\",\"caption\":\"Fundaci\u00f3n CARF\"},\"description\":\"Trabajamos para llevar la sonrisa de Dios a todos los rincones del mundo a trav\u00e9s de los sacerdotes y ayudando a su formaci\u00f3n. Gracias a nuestros benefactores, ayudamos a la formaci\u00f3n de los sacerdotes, difundimos su buen nombre y rezamos por su fidelidad y las vocaciones. Trabajamos para servir a la Iglesia y que ninguna vocaci\u00f3n se pierda y luego ellos puedan transmitir en su labor pastoral toda la luz, ciencia y doctrina recibida. Acad\u00e9mico Las licenciaturas, programas de especializacio\u0301n o doctorados, otorgan a cada candidato una formaci\u00f3n espec\u00edfica en Teologi\u0301a, Filosofi\u0301a, Derecho Cano\u0301nico o Comunicacio\u0301n Social Institucional. Espiritual Los seminaristas y sacerdotes complementan su formacio\u0301n acade\u0301mica y humana con la espiritual, ya que deben estar preparados para seguir su vocaci\u00f3n y prestar su cuerpo y su espi\u0301ritu al Sen\u0303or. Humano A trave\u0301s del ambiente de familia y de preparaci\u00f3n, se consigue el desarrollo de actitudes, capacidades y valores que impactan en el crecimiento personal y social de los sacerdotes.\",\"sameAs\":[\"https:\\\/\\\/fundacioncarf.org\\\/\",\"https:\\\/\\\/www.facebook.com\\\/fundacioncarf\\\/\",\"https:\\\/\\\/www.instagram.com\\\/fundacioncarf\\\/\",\"https:\\\/\\\/www.linkedin.com\\\/company\\\/fundacioncarf\\\/posts\\\/?feedView=all\",\"https:\\\/\\\/x.com\\\/https:\\\/\\\/x.com\\\/fundacioncarf\",\"https:\\\/\\\/www.youtube.com\\\/c\\\/fundacioncarf\"],\"url\":\"https:\\\/\\\/exaudi.org\\\/it\\\/author\\\/carf\\\/\"}]}<\/script>\n<!-- \/ Yoast SEO plugin. -->","yoast_head_json":{"title":"Krzysztof Patejuk, un prete polacco innamorato della Spagna &#8211; Exaudi","robots":{"index":"index","follow":"follow","max-snippet":"max-snippet:-1","max-image-preview":"max-image-preview:large","max-video-preview":"max-video-preview:-1"},"canonical":"https:\/\/exaudi.org\/it\/krzysztof-patejuk-un-prete-polacco-innamorato-della-spagna\/","og_locale":"it_IT","og_type":"article","og_title":"Krzysztof Patejuk, un prete polacco innamorato della Spagna &#8211; Exaudi","og_description":"Padre Krzysztof Patejuk voleva diventare giornalista, e questa \u00e8 stata la sua strada quando, nonostante avesse una fidanzata, Dio lo chiam\u00f2 con forza durante gli studi universitari. Ora, come sacerdote e avvocato canonico, svolge un importante lavoro pastorale nella sua diocesi natale di Warmia","og_url":"https:\/\/exaudi.org\/it\/krzysztof-patejuk-un-prete-polacco-innamorato-della-spagna\/","og_site_name":"Exaudi","article_publisher":"https:\/\/www.facebook.com\/ExaudiNews","article_author":"https:\/\/www.facebook.com\/fundacioncarf\/","article_published_time":"2025-07-08T18:37:37+00:00","og_image":[{"width":1024,"height":681,"url":"https:\/\/exaudi.org\/wp-content\/uploads\/2025\/07\/krysztof-sacerdote-polaco-enamorado-de-espana-1024x681-1.png","type":"image\/png"}],"author":"Fundaci\u00f3n CARF","twitter_card":"summary_large_image","twitter_creator":"@https:\/\/x.com\/fundacioncarf","twitter_site":"@Exaudi_News","twitter_misc":{"Scritto da":"Fundaci\u00f3n CARF","Tempo di lettura stimato":"4 minuti"},"schema":{"@context":"https:\/\/schema.org","@graph":[{"@type":"Article","@id":"https:\/\/exaudi.org\/it\/krzysztof-patejuk-un-prete-polacco-innamorato-della-spagna\/#article","isPartOf":{"@id":"https:\/\/exaudi.org\/it\/krzysztof-patejuk-un-prete-polacco-innamorato-della-spagna\/"},"author":{"name":"Fundaci\u00f3n CARF","@id":"https:\/\/exaudi.org\/#\/schema\/person\/fab8261a088ccf38cb54b3c50baa7baf"},"headline":"Krzysztof Patejuk, un prete polacco innamorato della Spagna","datePublished":"2025-07-08T18:37:37+00:00","mainEntityOfPage":{"@id":"https:\/\/exaudi.org\/it\/krzysztof-patejuk-un-prete-polacco-innamorato-della-spagna\/"},"wordCount":882,"image":{"@id":"https:\/\/exaudi.org\/it\/krzysztof-patejuk-un-prete-polacco-innamorato-della-spagna\/#primaryimage"},"thumbnailUrl":"https:\/\/exaudi.org\/wp-content\/uploads\/2025\/07\/krysztof-sacerdote-polaco-enamorado-de-espana-1024x681-1.png","keywords":["Aiuto ai seminaristi","Canonista cattolico","Cappellano universitario","Cattolicesimo in Polonia","Chiesa cattolica nell'Europa orientale","Chiesa e media","Chiesa in Polonia","Crisi religiosa in Europa","diritto canonico","evangelizzazione dei giovani","FEDE E CULTURA","FONDAZIONE CARF","FORMAZIONE SACERDOTALE","giovani sacerdoti","Krzysztof Patejuk","Opus Dei","PAMPLONA","PASTORALE GIOVANILE","Rifugiati ucraini","Sacerdote","sacerdote polacco","Sacerdoti in tempo di guerra","Secolarizzazione in Polonia","Spiritualit\u00e0 sacerdotale","Testimonianze Vocazionali","Trending","Tribunale ecclesiastico","UNIVERSIT\u00c0 DI NAVARRA","Varmia","vocazione","VOCAZIONE SACERDOTALE"],"articleSection":["Testimoni"],"inLanguage":"it-IT"},{"@type":"WebPage","@id":"https:\/\/exaudi.org\/it\/krzysztof-patejuk-un-prete-polacco-innamorato-della-spagna\/","url":"https:\/\/exaudi.org\/it\/krzysztof-patejuk-un-prete-polacco-innamorato-della-spagna\/","name":"Krzysztof Patejuk, un prete polacco innamorato della Spagna &#8211; Exaudi","isPartOf":{"@id":"https:\/\/exaudi.org\/#website"},"primaryImageOfPage":{"@id":"https:\/\/exaudi.org\/it\/krzysztof-patejuk-un-prete-polacco-innamorato-della-spagna\/#primaryimage"},"image":{"@id":"https:\/\/exaudi.org\/it\/krzysztof-patejuk-un-prete-polacco-innamorato-della-spagna\/#primaryimage"},"thumbnailUrl":"https:\/\/exaudi.org\/wp-content\/uploads\/2025\/07\/krysztof-sacerdote-polaco-enamorado-de-espana-1024x681-1.png","datePublished":"2025-07-08T18:37:37+00:00","author":{"@id":"https:\/\/exaudi.org\/#\/schema\/person\/fab8261a088ccf38cb54b3c50baa7baf"},"breadcrumb":{"@id":"https:\/\/exaudi.org\/it\/krzysztof-patejuk-un-prete-polacco-innamorato-della-spagna\/#breadcrumb"},"inLanguage":"it-IT","potentialAction":[{"@type":"ReadAction","target":["https:\/\/exaudi.org\/it\/krzysztof-patejuk-un-prete-polacco-innamorato-della-spagna\/"]}]},{"@type":"ImageObject","inLanguage":"it-IT","@id":"https:\/\/exaudi.org\/it\/krzysztof-patejuk-un-prete-polacco-innamorato-della-spagna\/#primaryimage","url":"https:\/\/exaudi.org\/wp-content\/uploads\/2025\/07\/krysztof-sacerdote-polaco-enamorado-de-espana-1024x681-1.png","contentUrl":"https:\/\/exaudi.org\/wp-content\/uploads\/2025\/07\/krysztof-sacerdote-polaco-enamorado-de-espana-1024x681-1.png","width":1024,"height":681},{"@type":"BreadcrumbList","@id":"https:\/\/exaudi.org\/it\/krzysztof-patejuk-un-prete-polacco-innamorato-della-spagna\/#breadcrumb","itemListElement":[{"@type":"ListItem","position":1,"name":"Portada","item":"https:\/\/exaudi.org\/it\/"},{"@type":"ListItem","position":2,"name":"Krzysztof Patejuk, un prete polacco innamorato della Spagna"}]},{"@type":"WebSite","@id":"https:\/\/exaudi.org\/#website","url":"https:\/\/exaudi.org\/","name":"Exaudi","description":"News","potentialAction":[{"@type":"SearchAction","target":{"@type":"EntryPoint","urlTemplate":"https:\/\/exaudi.org\/?s={search_term_string}"},"query-input":{"@type":"PropertyValueSpecification","valueRequired":true,"valueName":"search_term_string"}}],"inLanguage":"it-IT"},{"@type":"Person","@id":"https:\/\/exaudi.org\/#\/schema\/person\/fab8261a088ccf38cb54b3c50baa7baf","name":"Fundaci\u00f3n CARF","image":{"@type":"ImageObject","inLanguage":"it-IT","@id":"https:\/\/secure.gravatar.com\/avatar\/ab292d3529973c0d1cf4cda9208c6a8a7ee52923f0a291c39104715fa46aae4b?s=96&d=mm&r=g","url":"https:\/\/secure.gravatar.com\/avatar\/ab292d3529973c0d1cf4cda9208c6a8a7ee52923f0a291c39104715fa46aae4b?s=96&d=mm&r=g","contentUrl":"https:\/\/secure.gravatar.com\/avatar\/ab292d3529973c0d1cf4cda9208c6a8a7ee52923f0a291c39104715fa46aae4b?s=96&d=mm&r=g","caption":"Fundaci\u00f3n CARF"},"description":"Trabajamos para llevar la sonrisa de Dios a todos los rincones del mundo a trav\u00e9s de los sacerdotes y ayudando a su formaci\u00f3n. Gracias a nuestros benefactores, ayudamos a la formaci\u00f3n de los sacerdotes, difundimos su buen nombre y rezamos por su fidelidad y las vocaciones. Trabajamos para servir a la Iglesia y que ninguna vocaci\u00f3n se pierda y luego ellos puedan transmitir en su labor pastoral toda la luz, ciencia y doctrina recibida. Acad\u00e9mico Las licenciaturas, programas de especializacio\u0301n o doctorados, otorgan a cada candidato una formaci\u00f3n espec\u00edfica en Teologi\u0301a, Filosofi\u0301a, Derecho Cano\u0301nico o Comunicacio\u0301n Social Institucional. Espiritual Los seminaristas y sacerdotes complementan su formacio\u0301n acade\u0301mica y humana con la espiritual, ya que deben estar preparados para seguir su vocaci\u00f3n y prestar su cuerpo y su espi\u0301ritu al Sen\u0303or. Humano A trave\u0301s del ambiente de familia y de preparaci\u00f3n, se consigue el desarrollo de actitudes, capacidades y valores que impactan en el crecimiento personal y social de los sacerdotes.","sameAs":["https:\/\/fundacioncarf.org\/","https:\/\/www.facebook.com\/fundacioncarf\/","https:\/\/www.instagram.com\/fundacioncarf\/","https:\/\/www.linkedin.com\/company\/fundacioncarf\/posts\/?feedView=all","https:\/\/x.com\/https:\/\/x.com\/fundacioncarf","https:\/\/www.youtube.com\/c\/fundacioncarf"],"url":"https:\/\/exaudi.org\/it\/author\/carf\/"}]}},"jetpack_featured_media_url":"https:\/\/exaudi.org\/wp-content\/uploads\/2025\/07\/krysztof-sacerdote-polaco-enamorado-de-espana-1024x681-1.png","jetpack_shortlink":"https:\/\/wp.me\/pgKjF2-xKl","_links":{"self":[{"href":"https:\/\/exaudi.org\/it\/wp-json\/wp\/v2\/posts\/129725","targetHints":{"allow":["GET"]}}],"collection":[{"href":"https:\/\/exaudi.org\/it\/wp-json\/wp\/v2\/posts"}],"about":[{"href":"https:\/\/exaudi.org\/it\/wp-json\/wp\/v2\/types\/post"}],"author":[{"embeddable":true,"href":"https:\/\/exaudi.org\/it\/wp-json\/wp\/v2\/users\/119"}],"replies":[{"embeddable":true,"href":"https:\/\/exaudi.org\/it\/wp-json\/wp\/v2\/comments?post=129725"}],"version-history":[{"count":1,"href":"https:\/\/exaudi.org\/it\/wp-json\/wp\/v2\/posts\/129725\/revisions"}],"predecessor-version":[{"id":129726,"href":"https:\/\/exaudi.org\/it\/wp-json\/wp\/v2\/posts\/129725\/revisions\/129726"}],"wp:featuredmedia":[{"embeddable":true,"href":"https:\/\/exaudi.org\/it\/wp-json\/wp\/v2\/media\/129480"}],"wp:attachment":[{"href":"https:\/\/exaudi.org\/it\/wp-json\/wp\/v2\/media?parent=129725"}],"wp:term":[{"taxonomy":"category","embeddable":true,"href":"https:\/\/exaudi.org\/it\/wp-json\/wp\/v2\/categories?post=129725"},{"taxonomy":"post_tag","embeddable":true,"href":"https:\/\/exaudi.org\/it\/wp-json\/wp\/v2\/tags?post=129725"}],"curies":[{"name":"wp","href":"https:\/\/api.w.org\/{rel}","templated":true}]}}