{"id":129678,"date":"2025-07-07T20:17:42","date_gmt":"2025-07-07T18:17:42","guid":{"rendered":"https:\/\/exaudi.org\/?p=129678"},"modified":"2025-07-07T20:17:42","modified_gmt":"2025-07-07T18:17:42","slug":"limpatto-etico-dellia-in-biomedicina-e-nella-societa","status":"publish","type":"post","link":"https:\/\/exaudi.org\/it\/limpatto-etico-dellia-in-biomedicina-e-nella-societa\/","title":{"rendered":"L&#8217;impatto etico dell&#8217;IA in biomedicina e nella societ\u00e0"},"content":{"rendered":"<p class=\"ai-optimize-6\" data-start=\"137\" data-end=\"600\"><span style=\"vertical-align: inherit\"><span style=\"vertical-align: inherit\">L&#8217;emergere dell&#8217;Intelligenza Artificiale (IA) in settori quali la ricerca, la gestione dei dati, i processi di produzione e le procedure biomediche sta trasformando rapidamente il nostro ambiente. Pur aprendo opportunit\u00e0 senza precedenti, pone anche sfide etiche significative che devono essere analizzate rigorosamente e attentamente per garantire che la sua applicazione non comprometta la sicurezza, la veridicit\u00e0, la salute o la dignit\u00e0 degli individui.<\/span><\/span><\/p>\n<p class=\"ai-optimize-7\" data-start=\"602\" data-end=\"1068\"><span style=\"vertical-align: inherit\"><span style=\"vertical-align: inherit\">Con l&#8217;obiettivo di affrontare queste problematiche da una prospettiva bioetica e scientifica, l&#8217;Osservatorio di Bioetica dell&#8217;Universit\u00e0 Cattolica di Valentia organizza il\u00a0 <\/span><\/span><strong><span style=\"vertical-align: inherit\"><span style=\"vertical-align: inherit\">convegno &#8220;Umanit\u00e0 e Algoritmi: Riflessioni Bioetiche sull&#8217;IA&#8221;<\/span><\/span><\/strong><span style=\"vertical-align: inherit\"><span style=\"vertical-align: inherit\"> il 10 luglio 2025. \u00a0L&#8217;evento vedr\u00e0 la partecipazione di un illustre gruppo di ricercatori specializzati in IA ed etica. L&#8217;evento offrir\u00e0 uno spazio di riflessione e dialogo sulle sfide poste da questa tecnologia e sulle chiavi per una sua applicazione responsabile e rispettosa dei diritti fondamentali.<\/span><\/span><\/p>\n<p class=\"ai-optimize-8\" data-start=\"1070\" data-end=\"1321\"><span style=\"vertical-align: inherit\"><span style=\"vertical-align: inherit\">L&#8217;evento \u00e8 aperto a ricercatori, insegnanti, studenti e chiunque sia interessato alla bioetica e allo sviluppo etico dell&#8217;intelligenza artificiale. L&#8217;ingresso \u00e8 gratuito, ma si consiglia la registrazione anticipata per limitare la capienza.<\/span><\/span><\/p>\n<p class=\"ai-optimize-9\" data-start=\"1323\" data-end=\"1396\"><span style=\"vertical-align: inherit\"><span style=\"vertical-align: inherit\">Per ulteriori informazioni,\u00a0 <\/span><\/span><a class=\"cursor-pointer\" href=\"mailto:comunicacion@observatoriobioetica.org\" rel=\"noopener\" data-start=\"1359\" data-end=\"1396\"><span style=\"vertical-align: inherit\"><span style=\"vertical-align: inherit\">contattare comunicacion@observatoriobioetica.org<\/span><\/span><\/a><\/p>\n<p class=\"ai-optimize-11\"><strong><span style=\"vertical-align: inherit\"><span style=\"vertical-align: inherit\">10 luglio 2025<\/span><\/span><\/strong><\/p>\n<p class=\"ai-optimize-12\"><strong><span style=\"vertical-align: inherit\"><span style=\"vertical-align: inherit\">Sede Trinitarios, Auditorium Principale.\u00a0 <\/span><\/span><\/strong><strong><span style=\"vertical-align: inherit\"><span style=\"vertical-align: inherit\">Via Trinitarios 3 (Valentia).<\/span><\/span><\/strong><\/p>\n<p class=\"ai-optimize-13\"><a href=\"https:\/\/bit.ly\/4diCQz7\" target=\"_blank\" rel=\"noopener\"><strong><span style=\"vertical-align: inherit\"><span style=\"vertical-align: inherit\">REGISTRAZIONI<\/span><\/span><\/strong><\/a><\/p>\n<p class=\"ai-optimize-14\"><a href=\"https:\/\/youtube.com\/live\/U4tvpx3uoQU\" target=\"_blank\" rel=\"noopener\"><strong><span style=\"vertical-align: inherit\"><span style=\"vertical-align: inherit\">ACCESSO ONLINE\u00a0<\/span><\/span><\/strong><\/a><\/p>\n<p class=\"ai-optimize-15\"><strong>\u00a0<\/strong><\/p>\n<h3 class=\"ai-optimize-16\"><strong><span style=\"vertical-align: inherit\"><span style=\"vertical-align: inherit\">PROGRAMMA\u00a0<\/span><\/span><\/strong><\/h3>\n<p class=\"ai-optimize-17\"><strong><span style=\"vertical-align: inherit\"><span style=\"vertical-align: inherit\">9:30 Apertura<\/span><\/span><\/strong><\/p>\n<p class=\"ai-optimize-18\"><span style=\"vertical-align: inherit\"><span style=\"vertical-align: inherit\">Jose Manuel Pag\u00e1n, rettore dell&#8217;Universit\u00e0 Cattolica di Valentia.<\/span><\/span><\/p>\n<p class=\"ai-optimize-19\"><strong><span style=\"vertical-align: inherit\"><span style=\"vertical-align: inherit\">9:40 Conferenza inaugurale<\/span><\/span><\/strong><\/p>\n<p class=\"ai-optimize-20\"><span style=\"vertical-align: inherit\"><span style=\"vertical-align: inherit\">Quadro etico per un&#8217;intelligenza artificiale affidabile.<\/span><\/span><\/p>\n<p class=\"ai-optimize-21\"><strong><span style=\"vertical-align: inherit\"><span style=\"vertical-align: inherit\">Adela Cortina.\u00a0<\/span><\/span><\/strong><span style=\"vertical-align: inherit\"><span style=\"vertical-align: inherit\"> Professoressa emerita di Etica e Filosofia Politica. Universit\u00e0 di Valentia.<\/span><\/span><\/p>\n<p class=\"ai-optimize-22\"><strong><span style=\"vertical-align: inherit\"><span style=\"vertical-align: inherit\">10:30 Tavola rotonda sull&#8217;IA: innovazione, diritto e futuro<\/span><\/span><\/strong><\/p>\n<p class=\"ai-optimize-23\"><span style=\"vertical-align: inherit\"><span style=\"vertical-align: inherit\">Algoritmi: principi fondamentali<\/span><\/span><\/p>\n<p class=\"ai-optimize-24\"><strong><span style=\"vertical-align: inherit\"><span style=\"vertical-align: inherit\">Enrique Estell\u00e9s. <\/span><\/span><\/strong>\u00a0<span data-olk-copy-source=\"MessageBody\"><span style=\"vertical-align: inherit\"><span style=\"vertical-align: inherit\">Professore di Informatica. Universit\u00e0 Cattolica di Valentia.<\/span><\/span><\/span><\/p>\n<p class=\"ai-optimize-25\"><span style=\"vertical-align: inherit\"><span style=\"vertical-align: inherit\">Dal regolamento sull&#8217;intelligenza artificiale allo spazio europeo dei dati sanitari: nuovi requisiti normativi per la biomedicina.<\/span><\/span><\/p>\n<p class=\"ai-optimize-26\"><strong><span style=\"vertical-align: inherit\"><span style=\"vertical-align: inherit\">Ricard Mart\u00ednez<\/span><\/span><\/strong><span style=\"vertical-align: inherit\"><span style=\"vertical-align: inherit\">, Direttore della Cattedra di Privacy e Trasformazione Digitale,\u00a0 <\/span><\/span><span data-olk-copy-source=\"MessageBody\"><span style=\"vertical-align: inherit\"><span style=\"vertical-align: inherit\">Microsoft-Universit\u00e0 di Valentia<\/span><\/span><\/span><\/p>\n<p class=\"ai-optimize-27\"><span style=\"vertical-align: inherit\"><span style=\"vertical-align: inherit\">Intelligenza artificiale e corporeit\u00e0: una riflessione etica e giuridica sul rapporto medico-paziente nell\u2019era dell\u2019IA nella prospettiva dell\u2019effetto placebo.<\/span><\/span><\/p>\n<p class=\"ai-optimize-28\"><strong><span style=\"vertical-align: inherit\"><span style=\"vertical-align: inherit\">Federico de Montalvo<\/span><\/span><\/strong><span style=\"vertical-align: inherit\"><span style=\"vertical-align: inherit\">. Professore ordinario di Diritto costituzionale presso l&#8217;Universit\u00e0 Pontificia Comillas-ICADE. Membro effettivo della Pontificia Accademia per la Vita.<\/span><\/span><\/p>\n<p class=\"ai-optimize-29\"><strong><span style=\"vertical-align: inherit\"><span style=\"vertical-align: inherit\">Discussione delle 11:30<\/span><\/span><\/strong><\/p>\n<p class=\"ai-optimize-30\"><strong><span style=\"vertical-align: inherit\"><span style=\"vertical-align: inherit\">11:45 Pausa caff\u00e8<\/span><\/span><\/strong><\/p>\n<p class=\"ai-optimize-31\"><strong><span style=\"vertical-align: inherit\"><span style=\"vertical-align: inherit\">12:15 Tavola Rotonda IA: Biomedicina e Bioetica<\/span><\/span><\/strong><\/p>\n<p class=\"ai-optimize-32\"><span style=\"vertical-align: inherit\"><span style=\"vertical-align: inherit\">Dignit\u00e0 e diritti umani nel contesto dell&#8217;intelligenza artificiale.<\/span><\/span><\/p>\n<p class=\"ai-optimize-33\"><strong><span style=\"vertical-align: inherit\"><span style=\"vertical-align: inherit\">Jos\u00e9 Justo Megias.\u00a0<\/span><\/span><\/strong><span style=\"vertical-align: inherit\"><span style=\"vertical-align: inherit\"> Professore di Filosofia del diritto. Universit\u00e0 di Cadice.<\/span><\/span><\/p>\n<p class=\"ai-optimize-34\"><span style=\"vertical-align: inherit\"><span style=\"vertical-align: inherit\">Valori e principi: chiarire l&#8217;epistemologia per la bioetica dell&#8217;IA<\/span><\/span><\/p>\n<p class=\"ai-optimize-35\"><strong><span style=\"vertical-align: inherit\"><span style=\"vertical-align: inherit\">Rafael Amo<\/span><\/span><\/strong><span style=\"vertical-align: inherit\"><span style=\"vertical-align: inherit\">. Direttore della Cattedra di Bioetica, Universit\u00e0 Pontificia Comillas.<\/span><\/span><\/p>\n<p class=\"ai-optimize-36\"><span style=\"vertical-align: inherit\"><span style=\"vertical-align: inherit\">Etica dei principi e intelligenza artificiale: considerazioni sui rischi del tecno-autonomismo medico.<\/span><\/span><\/p>\n<p class=\"ai-optimize-37\"><strong><span style=\"vertical-align: inherit\"><span style=\"vertical-align: inherit\">Luis Echarte.\u00a0<\/span><\/span><\/strong><span style=\"vertical-align: inherit\"><span style=\"vertical-align: inherit\"> Professore di Lettere ed Etica Medica. Universit\u00e0 di Navarra.<\/span><\/span><\/p>\n<p class=\"ai-optimize-38\"><strong><span style=\"vertical-align: inherit\"><span style=\"vertical-align: inherit\">13:15 Colloquio<\/span><\/span><\/strong><\/p>\n<p class=\"ai-optimize-39\"><strong><span style=\"vertical-align: inherit\"><span style=\"vertical-align: inherit\">13.30<\/span><\/span><\/strong><span style=\"vertical-align: inherit\"><span style=\"vertical-align: inherit\"> \u00a0Presentazione della Dichiarazione sullo spazio europeo dei dati sanitari preparata dalla Commissione per l&#8217;etica e la deontologia dell&#8217;OMC.<\/span><\/span><\/p>\n<p class=\"ai-optimize-40\"><strong><span style=\"vertical-align: inherit\"><span style=\"vertical-align: inherit\">Jos\u00e9 Mar\u00eda Dom\u00ednguez<\/span><\/span><\/strong><span style=\"vertical-align: inherit\"><span style=\"vertical-align: inherit\">. Presidente della Commissione Etica Centrale dell&#8217;Ordine dei Medici.<\/span><\/span><\/p>\n<p class=\"ai-optimize-41\"><strong><span style=\"vertical-align: inherit\"><span style=\"vertical-align: inherit\">14:00 Pausa pranzo<\/span><\/span><\/strong><\/p>\n<p class=\"ai-optimize-42\"><strong><span style=\"vertical-align: inherit\"><span style=\"vertical-align: inherit\">16:00 Conferenza:\u00a0<\/span><\/span><\/strong><span style=\"vertical-align: inherit\"><span style=\"vertical-align: inherit\"> L&#8217;interpretazione culturale del fenomeno dell&#8217;intelligenza artificiale<\/span><\/span><\/p>\n<p class=\"ai-optimize-43\"><strong><span style=\"vertical-align: inherit\"><span style=\"vertical-align: inherit\">Andrea Ciucci.\u00a0<\/span><\/span><\/strong><span style=\"vertical-align: inherit\"><span style=\"vertical-align: inherit\"> Segretario Generale della Fondazione Rinascimento Vaticano. Coordinatore della Segreteria della Pontificia Accademia per la Vita.<\/span><\/span><\/p>\n<p class=\"ai-optimize-44\"><strong><span style=\"vertical-align: inherit\"><span style=\"vertical-align: inherit\">Tavola rotonda<\/span><\/span><\/strong><\/p>\n<p class=\"ai-optimize-45\"><strong><span style=\"vertical-align: inherit\"><span style=\"vertical-align: inherit\">Alfonso Ballesteros. <\/span><\/span><\/strong>\u00a0<span data-olk-copy-source=\"MessageBody\"><span style=\"vertical-align: inherit\"><span style=\"vertical-align: inherit\">Professore ordinario di Filosofia del Diritto presso l&#8217;Universit\u00e0 Miguel Hern\u00e1ndez.<\/span><\/span><\/span><\/p>\n<p class=\"ai-optimize-46\"><strong><span style=\"vertical-align: inherit\"><span style=\"vertical-align: inherit\">Vicente Bellver.<\/span><\/span><\/strong><span style=\"vertical-align: inherit\"><span style=\"vertical-align: inherit\"> \u00a0Professore di Filosofia del diritto. Universit\u00e0 di Valenza.<\/span><\/span><\/p>\n<p class=\"ai-optimize-47\"><strong><span style=\"vertical-align: inherit\"><span style=\"vertical-align: inherit\">17:00 Colloquio<\/span><\/span><\/strong><\/p>\n<p class=\"ai-optimize-48\"><strong><span style=\"vertical-align: inherit\"><span style=\"vertical-align: inherit\">17:30 Chiusura<\/span><\/span><\/strong><\/p>\n<p class=\"ai-optimize-49\"><strong><span style=\"vertical-align: inherit\"><span style=\"vertical-align: inherit\">Julio Tudela,<\/span><\/span><\/strong><span style=\"vertical-align: inherit\"><span style=\"vertical-align: inherit\"> \u00a0Direttore dell&#8217;Osservatorio di Bioetica dell&#8217;Universit\u00e0 Cattolica di Valentia.<\/span><\/span><\/p>\n","protected":false},"excerpt":{"rendered":"<p>Esperti dibatteranno a Valencia<\/p>\n","protected":false},"author":17,"featured_media":129414,"comment_status":"closed","ping_status":"closed","sticky":false,"template":"","format":"standard","meta":{"_acf_changed":false,"_crdt_document":"","inline_featured_image":false,"footnotes":""},"categories":[73],"tags":[66321,45271,66325,6083,47315,66322,66323,13988,1466,66324,3371,66326,34115,25280,46851,39875,66327,66328,66329,452,66330,66331,22373,12870,66332,66334,66333,11786,40698,4952,52253,14154],"class_list":["post-129678","post","type-post","status-publish","format-standard","has-post-thumbnail","hentry","category-chiesa-e-mondo","tag-adela-cortina-2","tag-algoritmi-it","tag-area-europea-dei-dati-sanitari","tag-bioetica-it","tag-biomedicina-2","tag-congresso-di-valencia-sullia","tag-dati-sanitari","tag-dignita-umana","tag-diritti-umani","tag-epistemologia-della-bioetica","tag-etica-it","tag-etica-applicata","tag-etica-dellintelligenza-artificiale","tag-etica-medica-2","tag-etica-tecnologica-2","tag-filosofia-del-diritto","tag-ia-affidabile","tag-impatto-sociale-dellia","tag-innovazione-etica","tag-intelligenza-artificiale","tag-intelligenza-artificiale-e-salute","tag-medicina-e-tecnologia","tag-osservatorio-di-bioetica","tag-osservatorio-di-bioetica-delluniversita-cattolica-di-valencia","tag-privacy-digitale","tag-regolamentazione-dellia","tag-regolamentazione-europea-dellia","tag-societa","tag-trasformazione-digitale","tag-trending-it","tag-umanesimo-digitale","tag-universita-cattolica-di-valencia"],"acf":[],"yoast_head":"<!-- This site is optimized with the Yoast SEO plugin v27.5 - https:\/\/yoast.com\/product\/yoast-seo-wordpress\/ -->\n<title>L&#039;impatto etico dell&#039;IA in biomedicina e nella societ\u00e0 &#8211; Exaudi<\/title>\n<meta name=\"robots\" content=\"index, follow, max-snippet:-1, max-image-preview:large, max-video-preview:-1\" \/>\n<link rel=\"canonical\" href=\"https:\/\/exaudi.org\/it\/limpatto-etico-dellia-in-biomedicina-e-nella-societa\/\" \/>\n<meta property=\"og:locale\" content=\"it_IT\" \/>\n<meta property=\"og:type\" content=\"article\" \/>\n<meta property=\"og:title\" content=\"L&#039;impatto etico dell&#039;IA in biomedicina e nella societ\u00e0 &#8211; Exaudi\" \/>\n<meta property=\"og:description\" content=\"Esperti dibatteranno a Valencia\" \/>\n<meta property=\"og:url\" content=\"https:\/\/exaudi.org\/it\/limpatto-etico-dellia-in-biomedicina-e-nella-societa\/\" \/>\n<meta property=\"og:site_name\" content=\"Exaudi\" \/>\n<meta property=\"article:publisher\" content=\"https:\/\/www.facebook.com\/ExaudiNews\" \/>\n<meta property=\"article:author\" content=\"https:\/\/www.facebook.com\/ExaudiNotizie\/\" \/>\n<meta property=\"article:published_time\" content=\"2025-07-07T18:17:42+00:00\" \/>\n<meta property=\"og:image\" content=\"https:\/\/exaudi.org\/wp-content\/uploads\/2025\/07\/PLANTILLA-FOTOS-WEB-OBSERVATORIO-DE-BIOETICA-13-scaled.jpg-scaled.jpg\" \/>\n\t<meta property=\"og:image:width\" content=\"2560\" \/>\n\t<meta property=\"og:image:height\" content=\"994\" \/>\n\t<meta property=\"og:image:type\" content=\"image\/jpeg\" \/>\n<meta name=\"author\" content=\"Exaudi Redazione\" \/>\n<meta name=\"twitter:card\" content=\"summary_large_image\" \/>\n<meta name=\"twitter:creator\" content=\"@Exaudi_Notizie\" \/>\n<meta name=\"twitter:site\" content=\"@Exaudi_News\" \/>\n<meta name=\"twitter:label1\" content=\"Scritto da\" \/>\n\t<meta name=\"twitter:data1\" content=\"Exaudi Redazione\" \/>\n\t<meta name=\"twitter:label2\" content=\"Tempo di lettura stimato\" \/>\n\t<meta name=\"twitter:data2\" content=\"2 minuti\" \/>\n<script type=\"application\/ld+json\" class=\"yoast-schema-graph\">{\"@context\":\"https:\\\/\\\/schema.org\",\"@graph\":[{\"@type\":\"Article\",\"@id\":\"https:\\\/\\\/exaudi.org\\\/it\\\/limpatto-etico-dellia-in-biomedicina-e-nella-societa\\\/#article\",\"isPartOf\":{\"@id\":\"https:\\\/\\\/exaudi.org\\\/it\\\/limpatto-etico-dellia-in-biomedicina-e-nella-societa\\\/\"},\"author\":{\"name\":\"Exaudi Redazione\",\"@id\":\"https:\\\/\\\/exaudi.org\\\/#\\\/schema\\\/person\\\/e1ab6ed07c01774724dd96f925f3a5f0\"},\"headline\":\"L&#8217;impatto etico dell&#8217;IA in biomedicina e nella societ\u00e0\",\"datePublished\":\"2025-07-07T18:17:42+00:00\",\"mainEntityOfPage\":{\"@id\":\"https:\\\/\\\/exaudi.org\\\/it\\\/limpatto-etico-dellia-in-biomedicina-e-nella-societa\\\/\"},\"wordCount\":508,\"image\":{\"@id\":\"https:\\\/\\\/exaudi.org\\\/it\\\/limpatto-etico-dellia-in-biomedicina-e-nella-societa\\\/#primaryimage\"},\"thumbnailUrl\":\"https:\\\/\\\/exaudi.org\\\/wp-content\\\/uploads\\\/2025\\\/07\\\/PLANTILLA-FOTOS-WEB-OBSERVATORIO-DE-BIOETICA-13-scaled.jpg-scaled.jpg\",\"keywords\":[\"Adela Cortina\",\"algoritmi\",\"Area europea dei dati sanitari\",\"Bio\u00e9tica\",\"biomedicina\",\"Congresso di Valencia sull'IA\",\"dati sanitari\",\"DIGNIT\u00c0 UMANA\",\"diritti umani\",\"epistemologia della bioetica\",\"\u00c9tica\",\"etica applicata\",\"etica dell'intelligenza artificiale\",\"Etica medica\",\"etica tecnologica\",\"filosofia del diritto\",\"IA affidabile\",\"impatto sociale dell'IA\",\"innovazione etica\",\"Intelligenza Artificiale\",\"intelligenza artificiale e salute\",\"medicina e tecnologia\",\"Osservatorio di bioetica\",\"OSSERVATORIO DI BIOETICA DELL'UNIVERSIT\u00c0 CATTOLICA DI VALENCIA\",\"privacy digitale\",\"regolamentazione dell'IA\",\"regolamentazione europea dell'IA\",\"SOCIET\u00c0\",\"trasformazione digitale\",\"Trending\",\"umanesimo digitale\",\"UNIVERSIT\u00c0 CATTOLICA DI VALENCIA\"],\"articleSection\":[\"Chiesa e Mondo\"],\"inLanguage\":\"it-IT\"},{\"@type\":\"WebPage\",\"@id\":\"https:\\\/\\\/exaudi.org\\\/it\\\/limpatto-etico-dellia-in-biomedicina-e-nella-societa\\\/\",\"url\":\"https:\\\/\\\/exaudi.org\\\/it\\\/limpatto-etico-dellia-in-biomedicina-e-nella-societa\\\/\",\"name\":\"L'impatto etico dell'IA in biomedicina e nella societ\u00e0 &#8211; Exaudi\",\"isPartOf\":{\"@id\":\"https:\\\/\\\/exaudi.org\\\/#website\"},\"primaryImageOfPage\":{\"@id\":\"https:\\\/\\\/exaudi.org\\\/it\\\/limpatto-etico-dellia-in-biomedicina-e-nella-societa\\\/#primaryimage\"},\"image\":{\"@id\":\"https:\\\/\\\/exaudi.org\\\/it\\\/limpatto-etico-dellia-in-biomedicina-e-nella-societa\\\/#primaryimage\"},\"thumbnailUrl\":\"https:\\\/\\\/exaudi.org\\\/wp-content\\\/uploads\\\/2025\\\/07\\\/PLANTILLA-FOTOS-WEB-OBSERVATORIO-DE-BIOETICA-13-scaled.jpg-scaled.jpg\",\"datePublished\":\"2025-07-07T18:17:42+00:00\",\"author\":{\"@id\":\"https:\\\/\\\/exaudi.org\\\/#\\\/schema\\\/person\\\/e1ab6ed07c01774724dd96f925f3a5f0\"},\"breadcrumb\":{\"@id\":\"https:\\\/\\\/exaudi.org\\\/it\\\/limpatto-etico-dellia-in-biomedicina-e-nella-societa\\\/#breadcrumb\"},\"inLanguage\":\"it-IT\",\"potentialAction\":[{\"@type\":\"ReadAction\",\"target\":[\"https:\\\/\\\/exaudi.org\\\/it\\\/limpatto-etico-dellia-in-biomedicina-e-nella-societa\\\/\"]}]},{\"@type\":\"ImageObject\",\"inLanguage\":\"it-IT\",\"@id\":\"https:\\\/\\\/exaudi.org\\\/it\\\/limpatto-etico-dellia-in-biomedicina-e-nella-societa\\\/#primaryimage\",\"url\":\"https:\\\/\\\/exaudi.org\\\/wp-content\\\/uploads\\\/2025\\\/07\\\/PLANTILLA-FOTOS-WEB-OBSERVATORIO-DE-BIOETICA-13-scaled.jpg-scaled.jpg\",\"contentUrl\":\"https:\\\/\\\/exaudi.org\\\/wp-content\\\/uploads\\\/2025\\\/07\\\/PLANTILLA-FOTOS-WEB-OBSERVATORIO-DE-BIOETICA-13-scaled.jpg-scaled.jpg\",\"width\":2560,\"height\":994},{\"@type\":\"BreadcrumbList\",\"@id\":\"https:\\\/\\\/exaudi.org\\\/it\\\/limpatto-etico-dellia-in-biomedicina-e-nella-societa\\\/#breadcrumb\",\"itemListElement\":[{\"@type\":\"ListItem\",\"position\":1,\"name\":\"Portada\",\"item\":\"https:\\\/\\\/exaudi.org\\\/it\\\/\"},{\"@type\":\"ListItem\",\"position\":2,\"name\":\"L&#8217;impatto etico dell&#8217;IA in biomedicina e nella societ\u00e0\"}]},{\"@type\":\"WebSite\",\"@id\":\"https:\\\/\\\/exaudi.org\\\/#website\",\"url\":\"https:\\\/\\\/exaudi.org\\\/\",\"name\":\"Exaudi\",\"description\":\"News\",\"potentialAction\":[{\"@type\":\"SearchAction\",\"target\":{\"@type\":\"EntryPoint\",\"urlTemplate\":\"https:\\\/\\\/exaudi.org\\\/?s={search_term_string}\"},\"query-input\":{\"@type\":\"PropertyValueSpecification\",\"valueRequired\":true,\"valueName\":\"search_term_string\"}}],\"inLanguage\":\"it-IT\"},{\"@type\":\"Person\",\"@id\":\"https:\\\/\\\/exaudi.org\\\/#\\\/schema\\\/person\\\/e1ab6ed07c01774724dd96f925f3a5f0\",\"name\":\"Exaudi Redazione\",\"image\":{\"@type\":\"ImageObject\",\"inLanguage\":\"it-IT\",\"@id\":\"https:\\\/\\\/secure.gravatar.com\\\/avatar\\\/ad6774b3ada023bf5b939d64f45c94b3adf91502dd883507d469b4308a943bb3?s=96&d=mm&r=g\",\"url\":\"https:\\\/\\\/secure.gravatar.com\\\/avatar\\\/ad6774b3ada023bf5b939d64f45c94b3adf91502dd883507d469b4308a943bb3?s=96&d=mm&r=g\",\"contentUrl\":\"https:\\\/\\\/secure.gravatar.com\\\/avatar\\\/ad6774b3ada023bf5b939d64f45c94b3adf91502dd883507d469b4308a943bb3?s=96&d=mm&r=g\",\"caption\":\"Exaudi Redazione\"},\"description\":\"Che cosa \u00e8 Exaudi News? Exaudi News \u00e8 un agenzia cattolica internazionale che informa, istruisce e trasforma quotidianamente in spagnolo, inglese e italiano. Attraverso notizie, articoli di analisi e trasmissioni in diretta degli eventi del Papa, Exaudi cerca di rafforzare l'unit\u00e0 dei cristiani e di contribuire all'evangelizzazione del mondo, sempre guidato dalla dottrina sociale della Chiesa. Lavoriamo per portare la verit\u00e0 e i valori cristiani in ogni angolo del pianeta. Aiutaci a trasformare il mondo con Exaudi! Noi di Exaudi crediamo che l'evangelizzazione e l'informazione di qualit\u00e0 possano cambiare la vita. Per continuare la nostra missione ed espandere la nostra portata, abbiamo bisogno del tuo aiuto. Stiamo anche cercando persone motivate che vogliano unirsi al nostro team. Grazie al vostro sostegno raggiungeremo pi\u00f9 persone, diffonderemo il messaggio di Cristo e rafforzeremo l'unit\u00e0 dei cristiani. Vuoi unirti alla nostra missione? Per maggiori informazioni su come contribuire, visita Exaudi.org\\\/it o contattaci direttamente: info@exaudi.org Exaudi: informa, forma e trasforma.\",\"sameAs\":[\"https:\\\/\\\/www.facebook.com\\\/ExaudiNotizie\\\/\",\"https:\\\/\\\/www.instagram.com\\\/Exaudi_notizie\\\/\",\"https:\\\/\\\/x.com\\\/Exaudi_Notizie\",\"https:\\\/\\\/www.youtube.com\\\/@exaudicatholicnews\"],\"url\":\"https:\\\/\\\/exaudi.org\\\/it\\\/author\\\/dlvedi-org\\\/\"}]}<\/script>\n<!-- \/ Yoast SEO plugin. -->","yoast_head_json":{"title":"L'impatto etico dell'IA in biomedicina e nella societ\u00e0 &#8211; Exaudi","robots":{"index":"index","follow":"follow","max-snippet":"max-snippet:-1","max-image-preview":"max-image-preview:large","max-video-preview":"max-video-preview:-1"},"canonical":"https:\/\/exaudi.org\/it\/limpatto-etico-dellia-in-biomedicina-e-nella-societa\/","og_locale":"it_IT","og_type":"article","og_title":"L'impatto etico dell'IA in biomedicina e nella societ\u00e0 &#8211; Exaudi","og_description":"Esperti dibatteranno a Valencia","og_url":"https:\/\/exaudi.org\/it\/limpatto-etico-dellia-in-biomedicina-e-nella-societa\/","og_site_name":"Exaudi","article_publisher":"https:\/\/www.facebook.com\/ExaudiNews","article_author":"https:\/\/www.facebook.com\/ExaudiNotizie\/","article_published_time":"2025-07-07T18:17:42+00:00","og_image":[{"width":2560,"height":994,"url":"https:\/\/exaudi.org\/wp-content\/uploads\/2025\/07\/PLANTILLA-FOTOS-WEB-OBSERVATORIO-DE-BIOETICA-13-scaled.jpg-scaled.jpg","type":"image\/jpeg"}],"author":"Exaudi Redazione","twitter_card":"summary_large_image","twitter_creator":"@Exaudi_Notizie","twitter_site":"@Exaudi_News","twitter_misc":{"Scritto da":"Exaudi Redazione","Tempo di lettura stimato":"2 minuti"},"schema":{"@context":"https:\/\/schema.org","@graph":[{"@type":"Article","@id":"https:\/\/exaudi.org\/it\/limpatto-etico-dellia-in-biomedicina-e-nella-societa\/#article","isPartOf":{"@id":"https:\/\/exaudi.org\/it\/limpatto-etico-dellia-in-biomedicina-e-nella-societa\/"},"author":{"name":"Exaudi Redazione","@id":"https:\/\/exaudi.org\/#\/schema\/person\/e1ab6ed07c01774724dd96f925f3a5f0"},"headline":"L&#8217;impatto etico dell&#8217;IA in biomedicina e nella societ\u00e0","datePublished":"2025-07-07T18:17:42+00:00","mainEntityOfPage":{"@id":"https:\/\/exaudi.org\/it\/limpatto-etico-dellia-in-biomedicina-e-nella-societa\/"},"wordCount":508,"image":{"@id":"https:\/\/exaudi.org\/it\/limpatto-etico-dellia-in-biomedicina-e-nella-societa\/#primaryimage"},"thumbnailUrl":"https:\/\/exaudi.org\/wp-content\/uploads\/2025\/07\/PLANTILLA-FOTOS-WEB-OBSERVATORIO-DE-BIOETICA-13-scaled.jpg-scaled.jpg","keywords":["Adela Cortina","algoritmi","Area europea dei dati sanitari","Bio\u00e9tica","biomedicina","Congresso di Valencia sull'IA","dati sanitari","DIGNIT\u00c0 UMANA","diritti umani","epistemologia della bioetica","\u00c9tica","etica applicata","etica dell'intelligenza artificiale","Etica medica","etica tecnologica","filosofia del diritto","IA affidabile","impatto sociale dell'IA","innovazione etica","Intelligenza Artificiale","intelligenza artificiale e salute","medicina e tecnologia","Osservatorio di bioetica","OSSERVATORIO DI BIOETICA DELL'UNIVERSIT\u00c0 CATTOLICA DI VALENCIA","privacy digitale","regolamentazione dell'IA","regolamentazione europea dell'IA","SOCIET\u00c0","trasformazione digitale","Trending","umanesimo digitale","UNIVERSIT\u00c0 CATTOLICA DI VALENCIA"],"articleSection":["Chiesa e Mondo"],"inLanguage":"it-IT"},{"@type":"WebPage","@id":"https:\/\/exaudi.org\/it\/limpatto-etico-dellia-in-biomedicina-e-nella-societa\/","url":"https:\/\/exaudi.org\/it\/limpatto-etico-dellia-in-biomedicina-e-nella-societa\/","name":"L'impatto etico dell'IA in biomedicina e nella societ\u00e0 &#8211; Exaudi","isPartOf":{"@id":"https:\/\/exaudi.org\/#website"},"primaryImageOfPage":{"@id":"https:\/\/exaudi.org\/it\/limpatto-etico-dellia-in-biomedicina-e-nella-societa\/#primaryimage"},"image":{"@id":"https:\/\/exaudi.org\/it\/limpatto-etico-dellia-in-biomedicina-e-nella-societa\/#primaryimage"},"thumbnailUrl":"https:\/\/exaudi.org\/wp-content\/uploads\/2025\/07\/PLANTILLA-FOTOS-WEB-OBSERVATORIO-DE-BIOETICA-13-scaled.jpg-scaled.jpg","datePublished":"2025-07-07T18:17:42+00:00","author":{"@id":"https:\/\/exaudi.org\/#\/schema\/person\/e1ab6ed07c01774724dd96f925f3a5f0"},"breadcrumb":{"@id":"https:\/\/exaudi.org\/it\/limpatto-etico-dellia-in-biomedicina-e-nella-societa\/#breadcrumb"},"inLanguage":"it-IT","potentialAction":[{"@type":"ReadAction","target":["https:\/\/exaudi.org\/it\/limpatto-etico-dellia-in-biomedicina-e-nella-societa\/"]}]},{"@type":"ImageObject","inLanguage":"it-IT","@id":"https:\/\/exaudi.org\/it\/limpatto-etico-dellia-in-biomedicina-e-nella-societa\/#primaryimage","url":"https:\/\/exaudi.org\/wp-content\/uploads\/2025\/07\/PLANTILLA-FOTOS-WEB-OBSERVATORIO-DE-BIOETICA-13-scaled.jpg-scaled.jpg","contentUrl":"https:\/\/exaudi.org\/wp-content\/uploads\/2025\/07\/PLANTILLA-FOTOS-WEB-OBSERVATORIO-DE-BIOETICA-13-scaled.jpg-scaled.jpg","width":2560,"height":994},{"@type":"BreadcrumbList","@id":"https:\/\/exaudi.org\/it\/limpatto-etico-dellia-in-biomedicina-e-nella-societa\/#breadcrumb","itemListElement":[{"@type":"ListItem","position":1,"name":"Portada","item":"https:\/\/exaudi.org\/it\/"},{"@type":"ListItem","position":2,"name":"L&#8217;impatto etico dell&#8217;IA in biomedicina e nella societ\u00e0"}]},{"@type":"WebSite","@id":"https:\/\/exaudi.org\/#website","url":"https:\/\/exaudi.org\/","name":"Exaudi","description":"News","potentialAction":[{"@type":"SearchAction","target":{"@type":"EntryPoint","urlTemplate":"https:\/\/exaudi.org\/?s={search_term_string}"},"query-input":{"@type":"PropertyValueSpecification","valueRequired":true,"valueName":"search_term_string"}}],"inLanguage":"it-IT"},{"@type":"Person","@id":"https:\/\/exaudi.org\/#\/schema\/person\/e1ab6ed07c01774724dd96f925f3a5f0","name":"Exaudi Redazione","image":{"@type":"ImageObject","inLanguage":"it-IT","@id":"https:\/\/secure.gravatar.com\/avatar\/ad6774b3ada023bf5b939d64f45c94b3adf91502dd883507d469b4308a943bb3?s=96&d=mm&r=g","url":"https:\/\/secure.gravatar.com\/avatar\/ad6774b3ada023bf5b939d64f45c94b3adf91502dd883507d469b4308a943bb3?s=96&d=mm&r=g","contentUrl":"https:\/\/secure.gravatar.com\/avatar\/ad6774b3ada023bf5b939d64f45c94b3adf91502dd883507d469b4308a943bb3?s=96&d=mm&r=g","caption":"Exaudi Redazione"},"description":"Che cosa \u00e8 Exaudi News? Exaudi News \u00e8 un agenzia cattolica internazionale che informa, istruisce e trasforma quotidianamente in spagnolo, inglese e italiano. Attraverso notizie, articoli di analisi e trasmissioni in diretta degli eventi del Papa, Exaudi cerca di rafforzare l'unit\u00e0 dei cristiani e di contribuire all'evangelizzazione del mondo, sempre guidato dalla dottrina sociale della Chiesa. Lavoriamo per portare la verit\u00e0 e i valori cristiani in ogni angolo del pianeta. Aiutaci a trasformare il mondo con Exaudi! Noi di Exaudi crediamo che l'evangelizzazione e l'informazione di qualit\u00e0 possano cambiare la vita. Per continuare la nostra missione ed espandere la nostra portata, abbiamo bisogno del tuo aiuto. Stiamo anche cercando persone motivate che vogliano unirsi al nostro team. Grazie al vostro sostegno raggiungeremo pi\u00f9 persone, diffonderemo il messaggio di Cristo e rafforzeremo l'unit\u00e0 dei cristiani. Vuoi unirti alla nostra missione? Per maggiori informazioni su come contribuire, visita Exaudi.org\/it o contattaci direttamente: info@exaudi.org Exaudi: informa, forma e trasforma.","sameAs":["https:\/\/www.facebook.com\/ExaudiNotizie\/","https:\/\/www.instagram.com\/Exaudi_notizie\/","https:\/\/x.com\/Exaudi_Notizie","https:\/\/www.youtube.com\/@exaudicatholicnews"],"url":"https:\/\/exaudi.org\/it\/author\/dlvedi-org\/"}]}},"jetpack_featured_media_url":"https:\/\/exaudi.org\/wp-content\/uploads\/2025\/07\/PLANTILLA-FOTOS-WEB-OBSERVATORIO-DE-BIOETICA-13-scaled.jpg-scaled.jpg","jetpack_shortlink":"https:\/\/wp.me\/pgKjF2-xJA","_links":{"self":[{"href":"https:\/\/exaudi.org\/it\/wp-json\/wp\/v2\/posts\/129678","targetHints":{"allow":["GET"]}}],"collection":[{"href":"https:\/\/exaudi.org\/it\/wp-json\/wp\/v2\/posts"}],"about":[{"href":"https:\/\/exaudi.org\/it\/wp-json\/wp\/v2\/types\/post"}],"author":[{"embeddable":true,"href":"https:\/\/exaudi.org\/it\/wp-json\/wp\/v2\/users\/17"}],"replies":[{"embeddable":true,"href":"https:\/\/exaudi.org\/it\/wp-json\/wp\/v2\/comments?post=129678"}],"version-history":[{"count":1,"href":"https:\/\/exaudi.org\/it\/wp-json\/wp\/v2\/posts\/129678\/revisions"}],"predecessor-version":[{"id":129679,"href":"https:\/\/exaudi.org\/it\/wp-json\/wp\/v2\/posts\/129678\/revisions\/129679"}],"wp:featuredmedia":[{"embeddable":true,"href":"https:\/\/exaudi.org\/it\/wp-json\/wp\/v2\/media\/129414"}],"wp:attachment":[{"href":"https:\/\/exaudi.org\/it\/wp-json\/wp\/v2\/media?parent=129678"}],"wp:term":[{"taxonomy":"category","embeddable":true,"href":"https:\/\/exaudi.org\/it\/wp-json\/wp\/v2\/categories?post=129678"},{"taxonomy":"post_tag","embeddable":true,"href":"https:\/\/exaudi.org\/it\/wp-json\/wp\/v2\/tags?post=129678"}],"curies":[{"name":"wp","href":"https:\/\/api.w.org\/{rel}","templated":true}]}}