{"id":129587,"date":"2025-07-06T18:38:26","date_gmt":"2025-07-06T16:38:26","guid":{"rendered":"https:\/\/exaudi.org\/?p=129587"},"modified":"2025-07-06T18:38:26","modified_gmt":"2025-07-06T16:38:26","slug":"leone-xiv-cristiani-autentici-oltre-loccasione","status":"publish","type":"post","link":"https:\/\/exaudi.org\/it\/leone-xiv-cristiani-autentici-oltre-loccasione\/","title":{"rendered":"Leone XIV: Cristiani autentici: oltre l&#8217;occasione"},"content":{"rendered":"<h3><strong><span style=\"vertical-align: inherit\"><span style=\"vertical-align: inherit\">L&#8217;appello\u00a0 <\/span><\/span><b><span style=\"vertical-align: inherit\"><span style=\"vertical-align: inherit\">di Papa Leone XIV\u00a0<\/span><\/span><\/b><span style=\"vertical-align: inherit\"><span style=\"vertical-align: inherit\"> a vivere la fede con coerenza e coraggio<\/span><\/span><\/strong><\/h3>\n<p><span style=\"vertical-align: inherit\"><span style=\"vertical-align: inherit\">In un mondo che spesso tende alla superficialit\u00e0,\u00a0 <\/span><\/span><b><span style=\"vertical-align: inherit\"><span style=\"vertical-align: inherit\">Papa Leone XIV\u00a0<\/span><\/span><\/b><span style=\"vertical-align: inherit\"><span style=\"vertical-align: inherit\"> ha recentemente lanciato una sfida potente:\u00a0 <\/span><\/span><b><span style=\"vertical-align: inherit\"><span style=\"vertical-align: inherit\">non abbiamo bisogno di &#8220;cristiani occasionali<\/span><\/span><\/b><span style=\"vertical-align: inherit\"><span style=\"vertical-align: inherit\"> &#8220;. Le sue parole, che riecheggiano da Piazza San Pietro, ci invitano a una profonda riflessione sull&#8217;autenticit\u00e0 della nostra fede e sul vero impegno che comporta seguire Cristo.<\/span><\/span><\/p>\n<h3><strong><span style=\"vertical-align: inherit\"><span style=\"vertical-align: inherit\">La tentazione della fede &#8220;\u00e0 la carte&#8221;<\/span><\/span><\/strong><\/h3>\n<p><span style=\"vertical-align: inherit\"><span style=\"vertical-align: inherit\">Il Pontefice ha denunciato una tendenza preoccupante: vivere la fede solo nei momenti convenienti, quando non comporta sacrifici o non ci porta alcun beneficio. Si tratta di una fede &#8220;da prendere e da collocare&#8221;, che si adatta alle nostre esigenze e non ci chiede di uscire dalla nostra zona di comfort. Questo atteggiamento, ha avvertito il Papa, ci porta a una &#8220;fede a met\u00e0&#8221;, una fede che non ci trasforma n\u00e9 ci permette di sperimentare la vera gioia del Vangelo.<\/span><\/span><\/p>\n<p><span style=\"vertical-align: inherit\"><span style=\"vertical-align: inherit\">Invece di essere un faro che illumina il nostro cammino e quello degli altri, diventiamo luci intermittenti, appena percettibili. La vita cristiana non \u00e8 un hobby, n\u00e9 un abito che indossiamo solo per le occasioni speciali; \u00e8 uno stile di vita olistico che permea ogni aspetto del nostro essere.<\/span><\/span><\/p>\n<h3><strong><span style=\"vertical-align: inherit\"><span style=\"vertical-align: inherit\">Un appello alla coerenza e al coraggio<\/span><\/span><\/strong><\/h3>\n<p><span style=\"vertical-align: inherit\"><span style=\"vertical-align: inherit\">Francesco ci ha esortato a essere\u00a0 <\/span><\/span><b><span style=\"vertical-align: inherit\"><span style=\"vertical-align: inherit\">cristiani coraggiosi e coerenti<\/span><\/span><\/b><span style=\"vertical-align: inherit\"><span style=\"vertical-align: inherit\">, disposti a seguire Ges\u00f9 incondizionatamente. Ci\u00f2 significa accettare il\u00a0 <\/span><\/span><b><span style=\"vertical-align: inherit\"><span style=\"vertical-align: inherit\">Vangelo nella sua interezza<\/span><\/span><\/b><span style=\"vertical-align: inherit\"><span style=\"vertical-align: inherit\">, anche quando i suoi insegnamenti ci sfidano o ci chiedono di andare controcorrente. Significa essere disposti a prendere decisioni difficili, a perdonare quando le cose si complicano, ad amare chi ci ha fatto del male e a servire i pi\u00f9 bisognosi.<\/span><\/span><\/p>\n<p><span style=\"vertical-align: inherit\"><span style=\"vertical-align: inherit\">Il Papa ci ha ricordato che la vera fede si manifesta nelle piccole azioni quotidiane, nel nostro modo di relazionarci con gli altri, nell&#8217;onest\u00e0 sul lavoro e nella disponibilit\u00e0 a condividere ci\u00f2 che abbiamo. Non si tratta di gesti grandiosi ed eroici, ma di una fedelt\u00e0 silenziosa e costante ai valori del Vangelo.<\/span><\/span><\/p>\n<h3><strong><span style=\"vertical-align: inherit\"><span style=\"vertical-align: inherit\">L&#8217;incontro con Ges\u00f9: la chiave dell&#8217;autenticit\u00e0<\/span><\/span><\/strong><\/h3>\n<p><span style=\"vertical-align: inherit\"><span style=\"vertical-align: inherit\">Per evitare la superficialit\u00e0, il Pontefice ha sottolineato l&#8217;importanza di un\u00a0 <\/span><\/span><b><span style=\"vertical-align: inherit\"><span style=\"vertical-align: inherit\">incontro personale e continuo con Ges\u00f9<\/span><\/span><\/b><span style=\"vertical-align: inherit\"><span style=\"vertical-align: inherit\"> . \u00c8 nella preghiera, nell&#8217;Eucaristia, nella lettura della Parola di Dio e nel servizio ai fratelli che rinnoviamo la nostra forza e riaffermiamo il nostro impegno. Solo con un cuore pieno dell&#8217;amore di Cristo possiamo rispondere generosamente alla sua chiamata e vincere la tentazione di una fede &#8220;conveniente&#8221;.<\/span><\/span><\/p>\n<p><span style=\"vertical-align: inherit\"><span style=\"vertical-align: inherit\">Le parole di Papa Leone XIV sono un monito attuale per tutti noi. In un mondo alla ricerca di gratificazione immediata e comodit\u00e0, l&#8217;invito a una fede autentica e coraggiosa \u00e8 pi\u00f9 che mai necessario. \u00c8 un invito a essere luce nelle tenebre, sale della terra e lievito nella pasta, trasformando il mondo dall&#8217;interno con la potenza del Vangelo.<\/span><\/span><\/p>\n<p><span style=\"vertical-align: inherit\"><span style=\"vertical-align: inherit\">Siete pronti a smettere di essere un &#8220;cristiano occasionale&#8221; e ad abbracciare una fede che vi trasforma davvero?<\/span><\/span><\/p>\n<p><em><strong><span style=\"vertical-align: inherit\"><span style=\"vertical-align: inherit\">Testo completo:<\/span><\/span><\/strong><\/em><\/p>\n<div class=\"abstract text parbase vaticanrichtext\">\n<p><span class=\"color-text\">PAPA LEONE XIV<\/span><\/p>\n<p><i><b><span class=\"title-1-color\">ANGELUS<\/span><\/b><\/i><\/p>\n<p><i><span class=\"color-text\">Piazza San Pietro<br \/>\nDomenica, 6 luglio 2025<\/span><\/i><\/p>\n<p>________________________________________<\/p>\n<div class=\"clearfix\"><\/div>\n<\/div>\n<div class=\"text parbase vaticanrichtext\">\n<p><i>Cari fratelli e sorelle, buona domenica!<\/i><\/p>\n<p>Il Vangelo di oggi (<i>Lc<\/i>\u00a010,1-12.17-20) ci ricorda l\u2019importanza della missione, a cui tutti siamo chiamati, ciascuno secondo la propria vocazione e nelle situazioni concrete in cui il Signore lo ha posto.<\/p>\n<p>Ges\u00f9 invia settantadue discepoli (v. 1). Questo numero simbolico indica come la speranza del Vangelo sia destinata a tutti i popoli: proprio questa \u00e8 la larghezza del cuore di Dio, la sua messe abbondante, cio\u00e8 l\u2019opera che Egli compie nel mondo perch\u00e9 tutti i suoi figli siano raggiunti dal suo amore e siano salvati.<\/p>\n<p>Allo stesso tempo Ges\u00f9 dice: \u00abLa messe \u00e8 abbondante, ma sono pochi gli operai! Pregate dunque il signore della messe, perch\u00e9 mandi operai nella sua messe!\u00bb (v. 2).<\/p>\n<p>Da una parte Dio, come un seminatore, con generosit\u00e0 \u00e8 uscito nel mondo a seminare e ha messo nel cuore dell\u2019uomo e della storia il desiderio dell\u2019infinito, di una vita piena, di una salvezza che lo liberi. E perci\u00f2 la messe \u00e8 molta, il Regno di Dio come un seme germoglia nel terreno e le donne e gli uomini di oggi, anche quando sembrano travolti da tante altre cose, attendono una verit\u00e0 pi\u00f9 grande, sono alla ricerca di un significato pi\u00f9 pieno per la loro vita, desiderano la giustizia, si portano dentro un anelito di vita eterna.<\/p>\n<p>Dall\u2019altra parte, per\u00f2, sono pochi gli operai che vanno a lavorare nel campo seminato dal Signore e che, prima ancora, sono capaci di riconoscere, con gli occhi di Ges\u00f9, il buon grano pronto per la mietitura (cfr\u00a0<i>Gv<\/i>\u00a04,35-38). C\u2019\u00e8 qualcosa di grande che il Signore vuole fare nella nostra vita e nella storia dell\u2019umanit\u00e0, ma pochi sono quelli che se ne accorgono, che si fermano per accogliere il dono, che lo annunciano e lo portano agli altri.<\/p>\n<p>Cari fratelli e sorelle, la Chiesa e il mondo non hanno bisogno di persone che assolvono i doveri religiosi mostrando la loro fede come un\u2019etichetta esteriore; hanno bisogno invece di operai desiderosi di lavorare il campo della missione, di discepoli innamorati che testimoniano il Regno di Dio ovunque si trovano. Forse non mancano i \u201ccristiani delle occasioni\u201d, che ogni tanto danno spazio a qualche buon sentimento religioso o partecipano a qualche evento; ma pochi sono quelli pronti a lavorare ogni giorno nel campo di Dio, coltivando nel proprio cuore il seme del Vangelo per poi portarlo nella vita quotidiana, in famiglia, nei luoghi di lavoro e di studio, nei vari ambienti sociali e a chi si trova nel bisogno.<\/p>\n<p>Per fare questo non servono troppe idee teoriche su concetti pastorali; serve soprattutto pregare il padrone della messe. Al primo posto, cio\u00e8, sta la relazione col Signore, coltivare il dialogo con Lui. Allora Egli ci render\u00e0 suoi operai e ci invier\u00e0 nel campo del mondo come testimoni del suo Regno.<\/p>\n<p>Chiediamo alla Vergine Maria, che ha offerto con generosit\u00e0 il proprio \u201ceccomi\u201d partecipando all\u2019opera della salvezza, di intercedere per noi e accompagnarci nel cammino della sequela del Signore, perch\u00e9 anche noi possiamo diventare operai gioiosi del Regno di Dio.<\/p>\n<p>____________________<\/p>\n<p><b>Dopo l&#8217;Angelus<\/b><\/p>\n<p>Cari fratelli e sorelle,<\/p>\n<p>rivolgo con affetto il mio saluto a tutti voi, fedeli di Roma e pellegrini dall\u2019Italia e da vari Paesi. Nel gran caldo di questo periodo il vostro cammino per attraversare le Porte Sante \u00e8 ancora pi\u00f9 coraggioso e ammirevole!<\/p>\n<p>In particolare, saluto le Suore Francescane Missionarie del Sacro Cuore; gli alunni e i genitori della Scuola di Strzyzow e i fedeli di Legnica, in Polonia; il gruppo greco-cattolico dall\u2019Ucraina.<\/p>\n<p>Saluto inoltre i pellegrini da Romano di Lombardia, Mel\u00eca (Reggio Calabria), Sassari e la comunit\u00e0 latinoamericana della diocesi di Firenze.<\/p>\n<p>Desidero esprimere le mie pi\u00f9 sentite condoglianze a tutte le famiglie che hanno perso i propri cari, in particolare alle ragazze che si trovavano al campo estivo durante la catastrofe causata dall&#8217;alluvione del fiume Guadalupe in Texas, Stati Uniti. Preghiamo per loro.<\/p>\n<p>Carissimi, la pace \u00e8 un desiderio di tutti i popoli, ed \u00e8 il grido doloroso di quelli straziati dalla guerra. Chiediamo al Signore di toccare i cuori e ispirare le menti dei governanti, affinch\u00e9 alla violenza delle armi sostituiscano la ricerca del dialogo.<\/p>\n<p>Oggi pomeriggio mi recher\u00f2 a Castel Gandolfo, dove conto di rimanere per un breve periodo di riposo. Auguro a tutti di poter trascorrere un tempo di vacanza per ritemprare il corpo e lo spirito.<\/p>\n<p>A tutti buona domenica!<\/p>\n<\/div>\n","protected":false},"excerpt":{"rendered":"<p>Angelus &#8211; 6 luglio 2025<\/p>\n","protected":false},"author":17,"featured_media":129563,"comment_status":"closed","ping_status":"closed","sticky":false,"template":"","format":"standard","meta":{"_acf_changed":false,"_crdt_document":"","inline_featured_image":false,"footnotes":""},"categories":[69,67],"tags":[250,4512,45550,66142,44562,7626,2487,37022,27391,39079,58093,29103,5522,706,266,14223,28645],"class_list":["post-129587","post","type-post","status-publish","format-standard","has-post-thumbnail","hentry","category-angelus-it","category-leone-xiv","tag-angelus-it","tag-chiesa-cattolica","tag-coerenza-cristiana","tag-cristiani-occasionali","tag-discepolato","tag-featured-it","tag-featured-3","tag-fede-autentica","tag-impegno-cristiano","tag-incontro-con-gesu","tag-leone-xiv","tag-messaggio-del-papa","tag-spiritualita","tag-vangelo","tag-vaticano","tag-vita-cristiana","tag-vivere-la-fede"],"acf":[],"yoast_head":"<!-- This site is optimized with the Yoast SEO plugin v27.4 - https:\/\/yoast.com\/product\/yoast-seo-wordpress\/ -->\n<title>Leone XIV: Cristiani autentici: oltre l&#039;occasione &#8211; Exaudi<\/title>\n<meta name=\"robots\" content=\"index, follow, max-snippet:-1, max-image-preview:large, max-video-preview:-1\" \/>\n<link rel=\"canonical\" href=\"https:\/\/exaudi.org\/it\/leone-xiv-cristiani-autentici-oltre-loccasione\/\" \/>\n<meta property=\"og:locale\" content=\"it_IT\" \/>\n<meta property=\"og:type\" content=\"article\" \/>\n<meta property=\"og:title\" content=\"Leone XIV: Cristiani autentici: oltre l&#039;occasione &#8211; Exaudi\" \/>\n<meta property=\"og:description\" content=\"Angelus - 6 luglio 2025\" \/>\n<meta property=\"og:url\" content=\"https:\/\/exaudi.org\/it\/leone-xiv-cristiani-autentici-oltre-loccasione\/\" \/>\n<meta property=\"og:site_name\" content=\"Exaudi\" \/>\n<meta property=\"article:publisher\" content=\"https:\/\/www.facebook.com\/ExaudiNews\" \/>\n<meta property=\"article:author\" content=\"https:\/\/www.facebook.com\/ExaudiNotizie\/\" \/>\n<meta property=\"article:published_time\" content=\"2025-07-06T16:38:26+00:00\" \/>\n<meta property=\"og:image\" content=\"https:\/\/exaudi.org\/wp-content\/uploads\/2025\/07\/499944565_17848042677473586_6637811684568434858_n.jpg\" \/>\n\t<meta property=\"og:image:width\" content=\"853\" \/>\n\t<meta property=\"og:image:height\" content=\"853\" \/>\n\t<meta property=\"og:image:type\" content=\"image\/jpeg\" \/>\n<meta name=\"author\" content=\"Exaudi Redazione\" \/>\n<meta name=\"twitter:card\" content=\"summary_large_image\" \/>\n<meta name=\"twitter:creator\" content=\"@Exaudi_Notizie\" \/>\n<meta name=\"twitter:site\" content=\"@Exaudi_News\" \/>\n<meta name=\"twitter:label1\" content=\"Scritto da\" \/>\n\t<meta name=\"twitter:data1\" content=\"Exaudi Redazione\" \/>\n\t<meta name=\"twitter:label2\" content=\"Tempo di lettura stimato\" \/>\n\t<meta name=\"twitter:data2\" content=\"6 minuti\" \/>\n<script type=\"application\/ld+json\" class=\"yoast-schema-graph\">{\"@context\":\"https:\\\/\\\/schema.org\",\"@graph\":[{\"@type\":\"Article\",\"@id\":\"https:\\\/\\\/exaudi.org\\\/it\\\/leone-xiv-cristiani-autentici-oltre-loccasione\\\/#article\",\"isPartOf\":{\"@id\":\"https:\\\/\\\/exaudi.org\\\/it\\\/leone-xiv-cristiani-autentici-oltre-loccasione\\\/\"},\"author\":{\"name\":\"Exaudi Redazione\",\"@id\":\"https:\\\/\\\/exaudi.org\\\/#\\\/schema\\\/person\\\/e1ab6ed07c01774724dd96f925f3a5f0\"},\"headline\":\"Leone XIV: Cristiani autentici: oltre l&#8217;occasione\",\"datePublished\":\"2025-07-06T16:38:26+00:00\",\"mainEntityOfPage\":{\"@id\":\"https:\\\/\\\/exaudi.org\\\/it\\\/leone-xiv-cristiani-autentici-oltre-loccasione\\\/\"},\"wordCount\":1218,\"image\":{\"@id\":\"https:\\\/\\\/exaudi.org\\\/it\\\/leone-xiv-cristiani-autentici-oltre-loccasione\\\/#primaryimage\"},\"thumbnailUrl\":\"https:\\\/\\\/exaudi.org\\\/wp-content\\\/uploads\\\/2025\\\/07\\\/499944565_17848042677473586_6637811684568434858_n.jpg\",\"keywords\":[\"\u00e1ngelus\",\"Chiesa cattolica\",\"Coerenza cristiana\",\"Cristiani Occasionali\",\"discepolato\",\"Featured\",\"Featured\",\"Fede autentica\",\"Impegno cristiano\",\"Incontro con Ges\u00f9\",\"Leone XIV\",\"Messaggio del Papa\",\"spiritualit\u00e0\",\"Vangelo\",\"Vaticano\",\"VITA CRISTIANA\",\"vivere la fede\"],\"articleSection\":[\"Angelus\",\"Leone XIV\"],\"inLanguage\":\"it-IT\"},{\"@type\":\"WebPage\",\"@id\":\"https:\\\/\\\/exaudi.org\\\/it\\\/leone-xiv-cristiani-autentici-oltre-loccasione\\\/\",\"url\":\"https:\\\/\\\/exaudi.org\\\/it\\\/leone-xiv-cristiani-autentici-oltre-loccasione\\\/\",\"name\":\"Leone XIV: Cristiani autentici: oltre l'occasione &#8211; Exaudi\",\"isPartOf\":{\"@id\":\"https:\\\/\\\/exaudi.org\\\/#website\"},\"primaryImageOfPage\":{\"@id\":\"https:\\\/\\\/exaudi.org\\\/it\\\/leone-xiv-cristiani-autentici-oltre-loccasione\\\/#primaryimage\"},\"image\":{\"@id\":\"https:\\\/\\\/exaudi.org\\\/it\\\/leone-xiv-cristiani-autentici-oltre-loccasione\\\/#primaryimage\"},\"thumbnailUrl\":\"https:\\\/\\\/exaudi.org\\\/wp-content\\\/uploads\\\/2025\\\/07\\\/499944565_17848042677473586_6637811684568434858_n.jpg\",\"datePublished\":\"2025-07-06T16:38:26+00:00\",\"author\":{\"@id\":\"https:\\\/\\\/exaudi.org\\\/#\\\/schema\\\/person\\\/e1ab6ed07c01774724dd96f925f3a5f0\"},\"breadcrumb\":{\"@id\":\"https:\\\/\\\/exaudi.org\\\/it\\\/leone-xiv-cristiani-autentici-oltre-loccasione\\\/#breadcrumb\"},\"inLanguage\":\"it-IT\",\"potentialAction\":[{\"@type\":\"ReadAction\",\"target\":[\"https:\\\/\\\/exaudi.org\\\/it\\\/leone-xiv-cristiani-autentici-oltre-loccasione\\\/\"]}]},{\"@type\":\"ImageObject\",\"inLanguage\":\"it-IT\",\"@id\":\"https:\\\/\\\/exaudi.org\\\/it\\\/leone-xiv-cristiani-autentici-oltre-loccasione\\\/#primaryimage\",\"url\":\"https:\\\/\\\/exaudi.org\\\/wp-content\\\/uploads\\\/2025\\\/07\\\/499944565_17848042677473586_6637811684568434858_n.jpg\",\"contentUrl\":\"https:\\\/\\\/exaudi.org\\\/wp-content\\\/uploads\\\/2025\\\/07\\\/499944565_17848042677473586_6637811684568434858_n.jpg\",\"width\":853,\"height\":853},{\"@type\":\"BreadcrumbList\",\"@id\":\"https:\\\/\\\/exaudi.org\\\/it\\\/leone-xiv-cristiani-autentici-oltre-loccasione\\\/#breadcrumb\",\"itemListElement\":[{\"@type\":\"ListItem\",\"position\":1,\"name\":\"Portada\",\"item\":\"https:\\\/\\\/exaudi.org\\\/it\\\/\"},{\"@type\":\"ListItem\",\"position\":2,\"name\":\"Leone XIV: Cristiani autentici: oltre l&#8217;occasione\"}]},{\"@type\":\"WebSite\",\"@id\":\"https:\\\/\\\/exaudi.org\\\/#website\",\"url\":\"https:\\\/\\\/exaudi.org\\\/\",\"name\":\"Exaudi\",\"description\":\"News\",\"potentialAction\":[{\"@type\":\"SearchAction\",\"target\":{\"@type\":\"EntryPoint\",\"urlTemplate\":\"https:\\\/\\\/exaudi.org\\\/?s={search_term_string}\"},\"query-input\":{\"@type\":\"PropertyValueSpecification\",\"valueRequired\":true,\"valueName\":\"search_term_string\"}}],\"inLanguage\":\"it-IT\"},{\"@type\":\"Person\",\"@id\":\"https:\\\/\\\/exaudi.org\\\/#\\\/schema\\\/person\\\/e1ab6ed07c01774724dd96f925f3a5f0\",\"name\":\"Exaudi Redazione\",\"image\":{\"@type\":\"ImageObject\",\"inLanguage\":\"it-IT\",\"@id\":\"https:\\\/\\\/secure.gravatar.com\\\/avatar\\\/ad6774b3ada023bf5b939d64f45c94b3adf91502dd883507d469b4308a943bb3?s=96&d=mm&r=g\",\"url\":\"https:\\\/\\\/secure.gravatar.com\\\/avatar\\\/ad6774b3ada023bf5b939d64f45c94b3adf91502dd883507d469b4308a943bb3?s=96&d=mm&r=g\",\"contentUrl\":\"https:\\\/\\\/secure.gravatar.com\\\/avatar\\\/ad6774b3ada023bf5b939d64f45c94b3adf91502dd883507d469b4308a943bb3?s=96&d=mm&r=g\",\"caption\":\"Exaudi Redazione\"},\"description\":\"Che cosa \u00e8 Exaudi News? Exaudi News \u00e8 un agenzia cattolica internazionale che informa, istruisce e trasforma quotidianamente in spagnolo, inglese e italiano. Attraverso notizie, articoli di analisi e trasmissioni in diretta degli eventi del Papa, Exaudi cerca di rafforzare l'unit\u00e0 dei cristiani e di contribuire all'evangelizzazione del mondo, sempre guidato dalla dottrina sociale della Chiesa. Lavoriamo per portare la verit\u00e0 e i valori cristiani in ogni angolo del pianeta. Aiutaci a trasformare il mondo con Exaudi! Noi di Exaudi crediamo che l'evangelizzazione e l'informazione di qualit\u00e0 possano cambiare la vita. Per continuare la nostra missione ed espandere la nostra portata, abbiamo bisogno del tuo aiuto. Stiamo anche cercando persone motivate che vogliano unirsi al nostro team. Grazie al vostro sostegno raggiungeremo pi\u00f9 persone, diffonderemo il messaggio di Cristo e rafforzeremo l'unit\u00e0 dei cristiani. Vuoi unirti alla nostra missione? Per maggiori informazioni su come contribuire, visita Exaudi.org\\\/it o contattaci direttamente: info@exaudi.org Exaudi: informa, forma e trasforma.\",\"sameAs\":[\"https:\\\/\\\/www.facebook.com\\\/ExaudiNotizie\\\/\",\"https:\\\/\\\/www.instagram.com\\\/Exaudi_notizie\\\/\",\"https:\\\/\\\/x.com\\\/Exaudi_Notizie\",\"https:\\\/\\\/www.youtube.com\\\/@exaudicatholicnews\"],\"url\":\"https:\\\/\\\/exaudi.org\\\/it\\\/author\\\/dlvedi-org\\\/\"}]}<\/script>\n<!-- \/ Yoast SEO plugin. -->","yoast_head_json":{"title":"Leone XIV: Cristiani autentici: oltre l'occasione &#8211; Exaudi","robots":{"index":"index","follow":"follow","max-snippet":"max-snippet:-1","max-image-preview":"max-image-preview:large","max-video-preview":"max-video-preview:-1"},"canonical":"https:\/\/exaudi.org\/it\/leone-xiv-cristiani-autentici-oltre-loccasione\/","og_locale":"it_IT","og_type":"article","og_title":"Leone XIV: Cristiani autentici: oltre l'occasione &#8211; Exaudi","og_description":"Angelus - 6 luglio 2025","og_url":"https:\/\/exaudi.org\/it\/leone-xiv-cristiani-autentici-oltre-loccasione\/","og_site_name":"Exaudi","article_publisher":"https:\/\/www.facebook.com\/ExaudiNews","article_author":"https:\/\/www.facebook.com\/ExaudiNotizie\/","article_published_time":"2025-07-06T16:38:26+00:00","og_image":[{"width":853,"height":853,"url":"https:\/\/exaudi.org\/wp-content\/uploads\/2025\/07\/499944565_17848042677473586_6637811684568434858_n.jpg","type":"image\/jpeg"}],"author":"Exaudi Redazione","twitter_card":"summary_large_image","twitter_creator":"@Exaudi_Notizie","twitter_site":"@Exaudi_News","twitter_misc":{"Scritto da":"Exaudi Redazione","Tempo di lettura stimato":"6 minuti"},"schema":{"@context":"https:\/\/schema.org","@graph":[{"@type":"Article","@id":"https:\/\/exaudi.org\/it\/leone-xiv-cristiani-autentici-oltre-loccasione\/#article","isPartOf":{"@id":"https:\/\/exaudi.org\/it\/leone-xiv-cristiani-autentici-oltre-loccasione\/"},"author":{"name":"Exaudi Redazione","@id":"https:\/\/exaudi.org\/#\/schema\/person\/e1ab6ed07c01774724dd96f925f3a5f0"},"headline":"Leone XIV: Cristiani autentici: oltre l&#8217;occasione","datePublished":"2025-07-06T16:38:26+00:00","mainEntityOfPage":{"@id":"https:\/\/exaudi.org\/it\/leone-xiv-cristiani-autentici-oltre-loccasione\/"},"wordCount":1218,"image":{"@id":"https:\/\/exaudi.org\/it\/leone-xiv-cristiani-autentici-oltre-loccasione\/#primaryimage"},"thumbnailUrl":"https:\/\/exaudi.org\/wp-content\/uploads\/2025\/07\/499944565_17848042677473586_6637811684568434858_n.jpg","keywords":["\u00e1ngelus","Chiesa cattolica","Coerenza cristiana","Cristiani Occasionali","discepolato","Featured","Featured","Fede autentica","Impegno cristiano","Incontro con Ges\u00f9","Leone XIV","Messaggio del Papa","spiritualit\u00e0","Vangelo","Vaticano","VITA CRISTIANA","vivere la fede"],"articleSection":["Angelus","Leone XIV"],"inLanguage":"it-IT"},{"@type":"WebPage","@id":"https:\/\/exaudi.org\/it\/leone-xiv-cristiani-autentici-oltre-loccasione\/","url":"https:\/\/exaudi.org\/it\/leone-xiv-cristiani-autentici-oltre-loccasione\/","name":"Leone XIV: Cristiani autentici: oltre l'occasione &#8211; Exaudi","isPartOf":{"@id":"https:\/\/exaudi.org\/#website"},"primaryImageOfPage":{"@id":"https:\/\/exaudi.org\/it\/leone-xiv-cristiani-autentici-oltre-loccasione\/#primaryimage"},"image":{"@id":"https:\/\/exaudi.org\/it\/leone-xiv-cristiani-autentici-oltre-loccasione\/#primaryimage"},"thumbnailUrl":"https:\/\/exaudi.org\/wp-content\/uploads\/2025\/07\/499944565_17848042677473586_6637811684568434858_n.jpg","datePublished":"2025-07-06T16:38:26+00:00","author":{"@id":"https:\/\/exaudi.org\/#\/schema\/person\/e1ab6ed07c01774724dd96f925f3a5f0"},"breadcrumb":{"@id":"https:\/\/exaudi.org\/it\/leone-xiv-cristiani-autentici-oltre-loccasione\/#breadcrumb"},"inLanguage":"it-IT","potentialAction":[{"@type":"ReadAction","target":["https:\/\/exaudi.org\/it\/leone-xiv-cristiani-autentici-oltre-loccasione\/"]}]},{"@type":"ImageObject","inLanguage":"it-IT","@id":"https:\/\/exaudi.org\/it\/leone-xiv-cristiani-autentici-oltre-loccasione\/#primaryimage","url":"https:\/\/exaudi.org\/wp-content\/uploads\/2025\/07\/499944565_17848042677473586_6637811684568434858_n.jpg","contentUrl":"https:\/\/exaudi.org\/wp-content\/uploads\/2025\/07\/499944565_17848042677473586_6637811684568434858_n.jpg","width":853,"height":853},{"@type":"BreadcrumbList","@id":"https:\/\/exaudi.org\/it\/leone-xiv-cristiani-autentici-oltre-loccasione\/#breadcrumb","itemListElement":[{"@type":"ListItem","position":1,"name":"Portada","item":"https:\/\/exaudi.org\/it\/"},{"@type":"ListItem","position":2,"name":"Leone XIV: Cristiani autentici: oltre l&#8217;occasione"}]},{"@type":"WebSite","@id":"https:\/\/exaudi.org\/#website","url":"https:\/\/exaudi.org\/","name":"Exaudi","description":"News","potentialAction":[{"@type":"SearchAction","target":{"@type":"EntryPoint","urlTemplate":"https:\/\/exaudi.org\/?s={search_term_string}"},"query-input":{"@type":"PropertyValueSpecification","valueRequired":true,"valueName":"search_term_string"}}],"inLanguage":"it-IT"},{"@type":"Person","@id":"https:\/\/exaudi.org\/#\/schema\/person\/e1ab6ed07c01774724dd96f925f3a5f0","name":"Exaudi Redazione","image":{"@type":"ImageObject","inLanguage":"it-IT","@id":"https:\/\/secure.gravatar.com\/avatar\/ad6774b3ada023bf5b939d64f45c94b3adf91502dd883507d469b4308a943bb3?s=96&d=mm&r=g","url":"https:\/\/secure.gravatar.com\/avatar\/ad6774b3ada023bf5b939d64f45c94b3adf91502dd883507d469b4308a943bb3?s=96&d=mm&r=g","contentUrl":"https:\/\/secure.gravatar.com\/avatar\/ad6774b3ada023bf5b939d64f45c94b3adf91502dd883507d469b4308a943bb3?s=96&d=mm&r=g","caption":"Exaudi Redazione"},"description":"Che cosa \u00e8 Exaudi News? Exaudi News \u00e8 un agenzia cattolica internazionale che informa, istruisce e trasforma quotidianamente in spagnolo, inglese e italiano. Attraverso notizie, articoli di analisi e trasmissioni in diretta degli eventi del Papa, Exaudi cerca di rafforzare l'unit\u00e0 dei cristiani e di contribuire all'evangelizzazione del mondo, sempre guidato dalla dottrina sociale della Chiesa. Lavoriamo per portare la verit\u00e0 e i valori cristiani in ogni angolo del pianeta. Aiutaci a trasformare il mondo con Exaudi! Noi di Exaudi crediamo che l'evangelizzazione e l'informazione di qualit\u00e0 possano cambiare la vita. Per continuare la nostra missione ed espandere la nostra portata, abbiamo bisogno del tuo aiuto. Stiamo anche cercando persone motivate che vogliano unirsi al nostro team. Grazie al vostro sostegno raggiungeremo pi\u00f9 persone, diffonderemo il messaggio di Cristo e rafforzeremo l'unit\u00e0 dei cristiani. Vuoi unirti alla nostra missione? Per maggiori informazioni su come contribuire, visita Exaudi.org\/it o contattaci direttamente: info@exaudi.org Exaudi: informa, forma e trasforma.","sameAs":["https:\/\/www.facebook.com\/ExaudiNotizie\/","https:\/\/www.instagram.com\/Exaudi_notizie\/","https:\/\/x.com\/Exaudi_Notizie","https:\/\/www.youtube.com\/@exaudicatholicnews"],"url":"https:\/\/exaudi.org\/it\/author\/dlvedi-org\/"}]}},"jetpack_featured_media_url":"https:\/\/exaudi.org\/wp-content\/uploads\/2025\/07\/499944565_17848042677473586_6637811684568434858_n.jpg","jetpack_shortlink":"https:\/\/wp.me\/pgKjF2-xI7","_links":{"self":[{"href":"https:\/\/exaudi.org\/it\/wp-json\/wp\/v2\/posts\/129587","targetHints":{"allow":["GET"]}}],"collection":[{"href":"https:\/\/exaudi.org\/it\/wp-json\/wp\/v2\/posts"}],"about":[{"href":"https:\/\/exaudi.org\/it\/wp-json\/wp\/v2\/types\/post"}],"author":[{"embeddable":true,"href":"https:\/\/exaudi.org\/it\/wp-json\/wp\/v2\/users\/17"}],"replies":[{"embeddable":true,"href":"https:\/\/exaudi.org\/it\/wp-json\/wp\/v2\/comments?post=129587"}],"version-history":[{"count":1,"href":"https:\/\/exaudi.org\/it\/wp-json\/wp\/v2\/posts\/129587\/revisions"}],"predecessor-version":[{"id":129588,"href":"https:\/\/exaudi.org\/it\/wp-json\/wp\/v2\/posts\/129587\/revisions\/129588"}],"wp:featuredmedia":[{"embeddable":true,"href":"https:\/\/exaudi.org\/it\/wp-json\/wp\/v2\/media\/129563"}],"wp:attachment":[{"href":"https:\/\/exaudi.org\/it\/wp-json\/wp\/v2\/media?parent=129587"}],"wp:term":[{"taxonomy":"category","embeddable":true,"href":"https:\/\/exaudi.org\/it\/wp-json\/wp\/v2\/categories?post=129587"},{"taxonomy":"post_tag","embeddable":true,"href":"https:\/\/exaudi.org\/it\/wp-json\/wp\/v2\/tags?post=129587"}],"curies":[{"name":"wp","href":"https:\/\/api.w.org\/{rel}","templated":true}]}}