{"id":129535,"date":"2025-07-05T19:17:46","date_gmt":"2025-07-05T17:17:46","guid":{"rendered":"https:\/\/exaudi.org\/?p=129535"},"modified":"2025-07-05T19:17:46","modified_gmt":"2025-07-05T17:17:46","slug":"giornata-eucaristica-e-mariana-della-gioventu-2025-covadonga-culla-della-fede-ospita-un-incontro-per-ravvivare-i-cuori","status":"publish","type":"post","link":"https:\/\/exaudi.org\/it\/giornata-eucaristica-e-mariana-della-gioventu-2025-covadonga-culla-della-fede-ospita-un-incontro-per-ravvivare-i-cuori\/","title":{"rendered":"Giornata Eucaristica e Mariana della Giovent\u00f9 2025: Covadonga, Culla della Fede, ospita un incontro per ravvivare i cuori"},"content":{"rendered":"<p><b><span style=\"vertical-align: inherit\"><span style=\"vertical-align: inherit\">Covadonga, Asturie.<\/span><\/span><\/b><span style=\"vertical-align: inherit\"><span style=\"vertical-align: inherit\"> \u00a0Dal 4 al 6 luglio 2025, lo storico Santuario di Covadonga torner\u00e0 a essere l&#8217;epicentro della fede giovanile con la celebrazione della\u00a0 <\/span><\/span><b><span style=\"vertical-align: inherit\"><span style=\"vertical-align: inherit\">Seconda Giornata Eucaristica e Mariana della Giovent\u00f9 (YEMJ&#8217;25)<\/span><\/span><\/b><span style=\"vertical-align: inherit\"><span style=\"vertical-align: inherit\">. Questo incontro, nato come eco del Rinascimento Eucaristico Nazionale negli Stati Uniti, si propone di contrastare la crescente secolarizzazione e di ravvivare nei giovani tra i 14 e i 30 anni la fede nella presenza reale di Ges\u00f9 Cristo nell&#8217;Eucaristia, mano nella mano con la Beata Vergine Maria.<\/span><\/span><\/p>\n<p><span style=\"vertical-align: inherit\"><span style=\"vertical-align: inherit\">La GMG \u00e8 una risposta potente alla preoccupante realt\u00e0 della mancanza di fede nell&#8217;Eucaristia, offrendo uno spazio di culto, catechesi, musica, laboratori di evangelizzazione e testimonianze che cercano una rinascita spirituale nelle anime giovani. Come afferm\u00f2 Giovanni Paolo II, Covadonga \u00e8 &#8220;il grembo materno e la culla della fede e della vita cristiana&#8221;, un luogo ideale per combattere questa nuova battaglia per la fede dei giovani spagnoli.<\/span><\/span><\/p>\n<h3><b><span style=\"vertical-align: inherit\"><span style=\"vertical-align: inherit\">Un programma ricco di esperienze trasformative<\/span><\/span><\/b><\/h3>\n<p><span style=\"vertical-align: inherit\"><span style=\"vertical-align: inherit\">L&#8217;evento si aprir\u00e0 venerd\u00ec 4 luglio con l&#8217;ingresso solenne della\u00a0 <\/span><\/span><b><span style=\"vertical-align: inherit\"><span style=\"vertical-align: inherit\">reliquia del cuore di Carlo Acutis<\/span><\/span><\/b><span style=\"vertical-align: inherit\"><span style=\"vertical-align: inherit\">, il &#8220;Santo Millennio&#8221; che sar\u00e0 canonizzato il 7 settembre. Questa reliquia sar\u00e0 esposta alla venerazione e accompagner\u00e0 alcuni eventi chiave.<\/span><\/span><\/p>\n<p><span style=\"vertical-align: inherit\"><span style=\"vertical-align: inherit\">Il fine settimana sar\u00e0 ricco di momenti di profonda spiritualit\u00e0 e formazione:<\/span><\/span><\/p>\n<ul>\n<li><b><span style=\"vertical-align: inherit\"><span style=\"vertical-align: inherit\">Apparizione del Miracolo Eucaristico:<\/span><\/span><\/b><span style=\"vertical-align: inherit\"><span style=\"vertical-align: inherit\"> \u00a0Sabato 5 luglio si terranno lodi e preghiere con il Miracolo Eucaristico\/Prodigio della DANA di Paiporta, presentato da Padre Salvador Romero, parroco di Paiporta. Questo miracolo, studiato e divulgato da Carlo Acutis, conferma la verit\u00e0 della fede nella presenza reale di Cristo nell&#8217;Eucaristia.<\/span><\/span><\/li>\n<li><b><span style=\"vertical-align: inherit\"><span style=\"vertical-align: inherit\">Conferenze e laboratori:<\/span><\/span><\/b><span style=\"vertical-align: inherit\"><span style=\"vertical-align: inherit\"> \u00a0saranno proposte diverse presentazioni, come &#8220;L&#8217;eredit\u00e0 eucaristica di Carlo Acutis&#8221; tenuta da Fra Marco Gaballo, e laboratori simultanei su argomenti quali &#8220;Cinema, fede e giovani&#8221;, &#8220;Scienza e miracoli eucaristici&#8221;, &#8220;Essere apostolo o martire&#8221;, &#8220;Porter\u00f2 la pace nella tua famiglia&#8221;, &#8220;Discernimento degli spiriti&#8221; e &#8220;Chi \u00e8 Ges\u00f9 di Nazareth?&#8221;<\/span><\/span><\/li>\n<li><b><span style=\"vertical-align: inherit\"><span style=\"vertical-align: inherit\">Adorazione continua:<\/span><\/span><\/b><span style=\"vertical-align: inherit\"><span style=\"vertical-align: inherit\"> \u00a0il Santissimo Sacramento rimarr\u00e0 esposto per l&#8217;adorazione permanente dei fedeli nella Cappella dell&#8217;Adorazione, con funzione religiosa per tutta la notte di sabato. I sacerdoti saranno disponibili per le confessioni.<\/span><\/span><\/li>\n<li><b><span style=\"vertical-align: inherit\"><span style=\"vertical-align: inherit\">YEMJ Festival 2025:<\/span><\/span><\/b><span style=\"vertical-align: inherit\"><span style=\"vertical-align: inherit\"> \u00a0Venerd\u00ec sera, il festival ospiter\u00e0 la prima mondiale del musical &#8220;A Famous Nun&#8221;, sulla vita di Clare Crockett, un&#8217;opera realizzata da e per i giovani.<\/span><\/span><\/li>\n<li><b><span style=\"vertical-align: inherit\"><span style=\"vertical-align: inherit\">Messe e Processioni:<\/span><\/span><\/b><span style=\"vertical-align: inherit\"><span style=\"vertical-align: inherit\"> \u00a0Saranno celebrate Messe presiedute da vescovi come Juan Carlos Elizalde (Vescovo di Vitoria) e Jes\u00fas Sanz Montes (Arcivescovo di Oviedo). Si terranno anche processioni eucaristiche e il Santo Rosario.<\/span><\/span><\/li>\n<\/ul>\n<h3><b><span style=\"vertical-align: inherit\"><span style=\"vertical-align: inherit\">Giubileo della Speranza a Covadonga<\/span><\/span><\/b><\/h3>\n<p><span style=\"vertical-align: inherit\"><span style=\"vertical-align: inherit\">La GMG 2025 offre un&#8217;opportunit\u00e0 unica per ottenere l&#8217;\u00a0 <\/span><\/span><b><span style=\"vertical-align: inherit\"><span style=\"vertical-align: inherit\">indulgenza plenaria per il Giubileo della Speranza<\/span><\/span><\/b><span style=\"vertical-align: inherit\"><span style=\"vertical-align: inherit\">. La Basilica di Nostra Signora di Covadonga \u00e8 stata designata come una delle chiese giubilari dove i fedeli che non possono recarsi in pellegrinaggio a Roma possono vivere l&#8217;esperienza del Giubileo.<\/span><\/span><\/p>\n<p><span style=\"vertical-align: inherit\"><span style=\"vertical-align: inherit\">Questo evento \u00e8 organizzato dall&#8217;associazione &#8220;En Marcha JEMJ&#8221;, un gruppo di laici impegnati a rispondere alla crisi di fede eucaristica. Gli eventi principali saranno trasmessi attraverso i canali digitali dell&#8217;evento, consentendo la partecipazione di giovani da tutto il mondo.<\/span><\/span><\/p>\n<p><span style=\"vertical-align: inherit\"><span style=\"vertical-align: inherit\">La GMG non \u00e8 solo un incontro; \u00e8 una &#8220;immensa grazia di Dio&#8221; che cerca di trasformare le vite ed essere un punto di partenza per una nuova vita in Ges\u00f9 Cristo, come ha dimostrato la prima edizione del 2024, che ha riunito pi\u00f9 di 1.600 giovani e prodotto significativi frutti spirituali.<\/span><\/span><\/p>\n","protected":false},"excerpt":{"rendered":"<p>Un faro di speranza per i giovani al Santuario della Santina, dove l&#8217;Eucaristia e la Vergine Maria sono il centro di una nuova Riconquista spirituale<\/p>\n","protected":false},"author":17,"featured_media":129457,"comment_status":"closed","ping_status":"closed","sticky":false,"template":"","format":"standard","meta":{"_acf_changed":false,"_crdt_document":"","inline_featured_image":false,"footnotes":""},"categories":[73],"tags":[66084,20600,66085,32120,4497,580,66087,20835,1384,1092,1209,66090,1141,1671,35976,66089,66088,9622,66095,66091,66092,5433,688,66093,66086,3234,66094,18534,936,483,21056,4952,33352,1417,19610,14223],"class_list":["post-129535","post","type-post","status-publish","format-standard","has-post-thumbnail","hentry","category-chiesa-e-mondo","tag-4-6-luglio-2025","tag-adorazione","tag-asturie","tag-basilica-di-covadonga","tag-carlo-acutis-it","tag-catechesi","tag-clare-crockett-2","tag-covadonga-2","tag-eucaristia","tag-evangelizzazione","tag-fede","tag-giornata-eucaristica-e-mariana-della-gioventu","tag-giovani","tag-giovanni-paolo-ii","tag-giubileo-della-speranza","tag-gmg-2025","tag-gmg-in-movimento","tag-indulgenza-plenaria","tag-laboratori","tag-mariano","tag-miracolo-eucaristico-paiporta","tag-musica","tag-pace","tag-reliquia-di-carlo-acutis","tag-rinnovamento-eucaristico","tag-santo","tag-santuario-di-covadonga","tag-secolarizzazione","tag-spagna","tag-speranza","tag-testimonianze","tag-trending-it","tag-umanesimo-cristiano","tag-unita","tag-valori-cristiani","tag-vita-cristiana"],"acf":[],"yoast_head":"<!-- This site is optimized with the Yoast SEO plugin v27.4 - https:\/\/yoast.com\/product\/yoast-seo-wordpress\/ -->\n<title>Giornata Eucaristica e Mariana della Giovent\u00f9 2025: Covadonga, Culla della Fede, ospita un incontro per ravvivare i cuori &#8211; Exaudi<\/title>\n<meta name=\"robots\" content=\"index, follow, max-snippet:-1, max-image-preview:large, max-video-preview:-1\" \/>\n<link rel=\"canonical\" href=\"https:\/\/exaudi.org\/it\/giornata-eucaristica-e-mariana-della-gioventu-2025-covadonga-culla-della-fede-ospita-un-incontro-per-ravvivare-i-cuori\/\" \/>\n<meta property=\"og:locale\" content=\"it_IT\" \/>\n<meta property=\"og:type\" content=\"article\" \/>\n<meta property=\"og:title\" content=\"Giornata Eucaristica e Mariana della Giovent\u00f9 2025: Covadonga, Culla della Fede, ospita un incontro per ravvivare i cuori &#8211; Exaudi\" \/>\n<meta property=\"og:description\" content=\"Un faro di speranza per i giovani al Santuario della Santina, dove l&#039;Eucaristia e la Vergine Maria sono il centro di una nuova Riconquista spirituale\" \/>\n<meta property=\"og:url\" content=\"https:\/\/exaudi.org\/it\/giornata-eucaristica-e-mariana-della-gioventu-2025-covadonga-culla-della-fede-ospita-un-incontro-per-ravvivare-i-cuori\/\" \/>\n<meta property=\"og:site_name\" content=\"Exaudi\" \/>\n<meta property=\"article:publisher\" content=\"https:\/\/www.facebook.com\/ExaudiNews\" \/>\n<meta property=\"article:author\" content=\"https:\/\/www.facebook.com\/ExaudiNotizie\/\" \/>\n<meta property=\"article:published_time\" content=\"2025-07-05T17:17:46+00:00\" \/>\n<meta property=\"og:image\" content=\"https:\/\/exaudi.org\/wp-content\/uploads\/2025\/07\/Imagen-de-WhatsApp-2025-07-04-a-las-21.38.39_194df069.jpg\" \/>\n\t<meta property=\"og:image:width\" content=\"1200\" \/>\n\t<meta property=\"og:image:height\" content=\"1600\" \/>\n\t<meta property=\"og:image:type\" content=\"image\/jpeg\" \/>\n<meta name=\"author\" content=\"Exaudi Redazione\" \/>\n<meta name=\"twitter:card\" content=\"summary_large_image\" \/>\n<meta name=\"twitter:creator\" content=\"@Exaudi_Notizie\" \/>\n<meta name=\"twitter:site\" content=\"@Exaudi_News\" \/>\n<meta name=\"twitter:label1\" content=\"Scritto da\" \/>\n\t<meta name=\"twitter:data1\" content=\"Exaudi Redazione\" \/>\n\t<meta name=\"twitter:label2\" content=\"Tempo di lettura stimato\" \/>\n\t<meta name=\"twitter:data2\" content=\"3 minuti\" \/>\n<script type=\"application\/ld+json\" class=\"yoast-schema-graph\">{\"@context\":\"https:\\\/\\\/schema.org\",\"@graph\":[{\"@type\":\"Article\",\"@id\":\"https:\\\/\\\/exaudi.org\\\/it\\\/giornata-eucaristica-e-mariana-della-gioventu-2025-covadonga-culla-della-fede-ospita-un-incontro-per-ravvivare-i-cuori\\\/#article\",\"isPartOf\":{\"@id\":\"https:\\\/\\\/exaudi.org\\\/it\\\/giornata-eucaristica-e-mariana-della-gioventu-2025-covadonga-culla-della-fede-ospita-un-incontro-per-ravvivare-i-cuori\\\/\"},\"author\":{\"name\":\"Exaudi Redazione\",\"@id\":\"https:\\\/\\\/exaudi.org\\\/#\\\/schema\\\/person\\\/e1ab6ed07c01774724dd96f925f3a5f0\"},\"headline\":\"Giornata Eucaristica e Mariana della Giovent\u00f9 2025: Covadonga, Culla della Fede, ospita un incontro per ravvivare i cuori\",\"datePublished\":\"2025-07-05T17:17:46+00:00\",\"mainEntityOfPage\":{\"@id\":\"https:\\\/\\\/exaudi.org\\\/it\\\/giornata-eucaristica-e-mariana-della-gioventu-2025-covadonga-culla-della-fede-ospita-un-incontro-per-ravvivare-i-cuori\\\/\"},\"wordCount\":547,\"image\":{\"@id\":\"https:\\\/\\\/exaudi.org\\\/it\\\/giornata-eucaristica-e-mariana-della-gioventu-2025-covadonga-culla-della-fede-ospita-un-incontro-per-ravvivare-i-cuori\\\/#primaryimage\"},\"thumbnailUrl\":\"https:\\\/\\\/exaudi.org\\\/wp-content\\\/uploads\\\/2025\\\/07\\\/Imagen-de-WhatsApp-2025-07-04-a-las-21.38.39_194df069.jpg\",\"keywords\":[\"4-6 luglio 2025\",\"ADORAZIONE\",\"Asturie\",\"Basilica di Covadonga\",\"Carlo Acutis\",\"catechesi\",\"Clare Crockett\",\"COVADONGA\",\"Eucaristia\",\"evangelizzazione\",\"fede\",\"Giornata Eucaristica e Mariana della Giovent\u00f9\",\"giovani\",\"Giovanni Paolo II\",\"Giubileo della speranza\",\"GMG 2025\",\"GMG in Movimento\",\"Indulgenza Plenaria\",\"Laboratori\",\"Mariano\",\"Miracolo Eucaristico Paiporta\",\"Musica\",\"pace\",\"Reliquia di Carlo Acutis\",\"Rinnovamento Eucaristico\",\"Santo\",\"Santuario di Covadonga\",\"SECOLARIZZAZIONE\",\"Spagna\",\"speranza\",\"TESTIMONIANZE\",\"Trending\",\"Umanesimo cristiano\",\"unit\u00e0\",\"VALORI CRISTIANI\",\"VITA CRISTIANA\"],\"articleSection\":[\"Chiesa e Mondo\"],\"inLanguage\":\"it-IT\"},{\"@type\":\"WebPage\",\"@id\":\"https:\\\/\\\/exaudi.org\\\/it\\\/giornata-eucaristica-e-mariana-della-gioventu-2025-covadonga-culla-della-fede-ospita-un-incontro-per-ravvivare-i-cuori\\\/\",\"url\":\"https:\\\/\\\/exaudi.org\\\/it\\\/giornata-eucaristica-e-mariana-della-gioventu-2025-covadonga-culla-della-fede-ospita-un-incontro-per-ravvivare-i-cuori\\\/\",\"name\":\"Giornata Eucaristica e Mariana della Giovent\u00f9 2025: Covadonga, Culla della Fede, ospita un incontro per ravvivare i cuori &#8211; Exaudi\",\"isPartOf\":{\"@id\":\"https:\\\/\\\/exaudi.org\\\/#website\"},\"primaryImageOfPage\":{\"@id\":\"https:\\\/\\\/exaudi.org\\\/it\\\/giornata-eucaristica-e-mariana-della-gioventu-2025-covadonga-culla-della-fede-ospita-un-incontro-per-ravvivare-i-cuori\\\/#primaryimage\"},\"image\":{\"@id\":\"https:\\\/\\\/exaudi.org\\\/it\\\/giornata-eucaristica-e-mariana-della-gioventu-2025-covadonga-culla-della-fede-ospita-un-incontro-per-ravvivare-i-cuori\\\/#primaryimage\"},\"thumbnailUrl\":\"https:\\\/\\\/exaudi.org\\\/wp-content\\\/uploads\\\/2025\\\/07\\\/Imagen-de-WhatsApp-2025-07-04-a-las-21.38.39_194df069.jpg\",\"datePublished\":\"2025-07-05T17:17:46+00:00\",\"author\":{\"@id\":\"https:\\\/\\\/exaudi.org\\\/#\\\/schema\\\/person\\\/e1ab6ed07c01774724dd96f925f3a5f0\"},\"breadcrumb\":{\"@id\":\"https:\\\/\\\/exaudi.org\\\/it\\\/giornata-eucaristica-e-mariana-della-gioventu-2025-covadonga-culla-della-fede-ospita-un-incontro-per-ravvivare-i-cuori\\\/#breadcrumb\"},\"inLanguage\":\"it-IT\",\"potentialAction\":[{\"@type\":\"ReadAction\",\"target\":[\"https:\\\/\\\/exaudi.org\\\/it\\\/giornata-eucaristica-e-mariana-della-gioventu-2025-covadonga-culla-della-fede-ospita-un-incontro-per-ravvivare-i-cuori\\\/\"]}]},{\"@type\":\"ImageObject\",\"inLanguage\":\"it-IT\",\"@id\":\"https:\\\/\\\/exaudi.org\\\/it\\\/giornata-eucaristica-e-mariana-della-gioventu-2025-covadonga-culla-della-fede-ospita-un-incontro-per-ravvivare-i-cuori\\\/#primaryimage\",\"url\":\"https:\\\/\\\/exaudi.org\\\/wp-content\\\/uploads\\\/2025\\\/07\\\/Imagen-de-WhatsApp-2025-07-04-a-las-21.38.39_194df069.jpg\",\"contentUrl\":\"https:\\\/\\\/exaudi.org\\\/wp-content\\\/uploads\\\/2025\\\/07\\\/Imagen-de-WhatsApp-2025-07-04-a-las-21.38.39_194df069.jpg\",\"width\":1200,\"height\":1600},{\"@type\":\"BreadcrumbList\",\"@id\":\"https:\\\/\\\/exaudi.org\\\/it\\\/giornata-eucaristica-e-mariana-della-gioventu-2025-covadonga-culla-della-fede-ospita-un-incontro-per-ravvivare-i-cuori\\\/#breadcrumb\",\"itemListElement\":[{\"@type\":\"ListItem\",\"position\":1,\"name\":\"Portada\",\"item\":\"https:\\\/\\\/exaudi.org\\\/it\\\/\"},{\"@type\":\"ListItem\",\"position\":2,\"name\":\"Giornata Eucaristica e Mariana della Giovent\u00f9 2025: Covadonga, Culla della Fede, ospita un incontro per ravvivare i cuori\"}]},{\"@type\":\"WebSite\",\"@id\":\"https:\\\/\\\/exaudi.org\\\/#website\",\"url\":\"https:\\\/\\\/exaudi.org\\\/\",\"name\":\"Exaudi\",\"description\":\"News\",\"potentialAction\":[{\"@type\":\"SearchAction\",\"target\":{\"@type\":\"EntryPoint\",\"urlTemplate\":\"https:\\\/\\\/exaudi.org\\\/?s={search_term_string}\"},\"query-input\":{\"@type\":\"PropertyValueSpecification\",\"valueRequired\":true,\"valueName\":\"search_term_string\"}}],\"inLanguage\":\"it-IT\"},{\"@type\":\"Person\",\"@id\":\"https:\\\/\\\/exaudi.org\\\/#\\\/schema\\\/person\\\/e1ab6ed07c01774724dd96f925f3a5f0\",\"name\":\"Exaudi Redazione\",\"image\":{\"@type\":\"ImageObject\",\"inLanguage\":\"it-IT\",\"@id\":\"https:\\\/\\\/secure.gravatar.com\\\/avatar\\\/ad6774b3ada023bf5b939d64f45c94b3adf91502dd883507d469b4308a943bb3?s=96&d=mm&r=g\",\"url\":\"https:\\\/\\\/secure.gravatar.com\\\/avatar\\\/ad6774b3ada023bf5b939d64f45c94b3adf91502dd883507d469b4308a943bb3?s=96&d=mm&r=g\",\"contentUrl\":\"https:\\\/\\\/secure.gravatar.com\\\/avatar\\\/ad6774b3ada023bf5b939d64f45c94b3adf91502dd883507d469b4308a943bb3?s=96&d=mm&r=g\",\"caption\":\"Exaudi Redazione\"},\"description\":\"Che cosa \u00e8 Exaudi News? Exaudi News \u00e8 un agenzia cattolica internazionale che informa, istruisce e trasforma quotidianamente in spagnolo, inglese e italiano. Attraverso notizie, articoli di analisi e trasmissioni in diretta degli eventi del Papa, Exaudi cerca di rafforzare l'unit\u00e0 dei cristiani e di contribuire all'evangelizzazione del mondo, sempre guidato dalla dottrina sociale della Chiesa. Lavoriamo per portare la verit\u00e0 e i valori cristiani in ogni angolo del pianeta. Aiutaci a trasformare il mondo con Exaudi! Noi di Exaudi crediamo che l'evangelizzazione e l'informazione di qualit\u00e0 possano cambiare la vita. Per continuare la nostra missione ed espandere la nostra portata, abbiamo bisogno del tuo aiuto. Stiamo anche cercando persone motivate che vogliano unirsi al nostro team. Grazie al vostro sostegno raggiungeremo pi\u00f9 persone, diffonderemo il messaggio di Cristo e rafforzeremo l'unit\u00e0 dei cristiani. Vuoi unirti alla nostra missione? Per maggiori informazioni su come contribuire, visita Exaudi.org\\\/it o contattaci direttamente: info@exaudi.org Exaudi: informa, forma e trasforma.\",\"sameAs\":[\"https:\\\/\\\/www.facebook.com\\\/ExaudiNotizie\\\/\",\"https:\\\/\\\/www.instagram.com\\\/Exaudi_notizie\\\/\",\"https:\\\/\\\/x.com\\\/Exaudi_Notizie\",\"https:\\\/\\\/www.youtube.com\\\/@exaudicatholicnews\"],\"url\":\"https:\\\/\\\/exaudi.org\\\/it\\\/author\\\/dlvedi-org\\\/\"}]}<\/script>\n<!-- \/ Yoast SEO plugin. -->","yoast_head_json":{"title":"Giornata Eucaristica e Mariana della Giovent\u00f9 2025: Covadonga, Culla della Fede, ospita un incontro per ravvivare i cuori &#8211; Exaudi","robots":{"index":"index","follow":"follow","max-snippet":"max-snippet:-1","max-image-preview":"max-image-preview:large","max-video-preview":"max-video-preview:-1"},"canonical":"https:\/\/exaudi.org\/it\/giornata-eucaristica-e-mariana-della-gioventu-2025-covadonga-culla-della-fede-ospita-un-incontro-per-ravvivare-i-cuori\/","og_locale":"it_IT","og_type":"article","og_title":"Giornata Eucaristica e Mariana della Giovent\u00f9 2025: Covadonga, Culla della Fede, ospita un incontro per ravvivare i cuori &#8211; Exaudi","og_description":"Un faro di speranza per i giovani al Santuario della Santina, dove l'Eucaristia e la Vergine Maria sono il centro di una nuova Riconquista spirituale","og_url":"https:\/\/exaudi.org\/it\/giornata-eucaristica-e-mariana-della-gioventu-2025-covadonga-culla-della-fede-ospita-un-incontro-per-ravvivare-i-cuori\/","og_site_name":"Exaudi","article_publisher":"https:\/\/www.facebook.com\/ExaudiNews","article_author":"https:\/\/www.facebook.com\/ExaudiNotizie\/","article_published_time":"2025-07-05T17:17:46+00:00","og_image":[{"width":1200,"height":1600,"url":"https:\/\/exaudi.org\/wp-content\/uploads\/2025\/07\/Imagen-de-WhatsApp-2025-07-04-a-las-21.38.39_194df069.jpg","type":"image\/jpeg"}],"author":"Exaudi Redazione","twitter_card":"summary_large_image","twitter_creator":"@Exaudi_Notizie","twitter_site":"@Exaudi_News","twitter_misc":{"Scritto da":"Exaudi Redazione","Tempo di lettura stimato":"3 minuti"},"schema":{"@context":"https:\/\/schema.org","@graph":[{"@type":"Article","@id":"https:\/\/exaudi.org\/it\/giornata-eucaristica-e-mariana-della-gioventu-2025-covadonga-culla-della-fede-ospita-un-incontro-per-ravvivare-i-cuori\/#article","isPartOf":{"@id":"https:\/\/exaudi.org\/it\/giornata-eucaristica-e-mariana-della-gioventu-2025-covadonga-culla-della-fede-ospita-un-incontro-per-ravvivare-i-cuori\/"},"author":{"name":"Exaudi Redazione","@id":"https:\/\/exaudi.org\/#\/schema\/person\/e1ab6ed07c01774724dd96f925f3a5f0"},"headline":"Giornata Eucaristica e Mariana della Giovent\u00f9 2025: Covadonga, Culla della Fede, ospita un incontro per ravvivare i cuori","datePublished":"2025-07-05T17:17:46+00:00","mainEntityOfPage":{"@id":"https:\/\/exaudi.org\/it\/giornata-eucaristica-e-mariana-della-gioventu-2025-covadonga-culla-della-fede-ospita-un-incontro-per-ravvivare-i-cuori\/"},"wordCount":547,"image":{"@id":"https:\/\/exaudi.org\/it\/giornata-eucaristica-e-mariana-della-gioventu-2025-covadonga-culla-della-fede-ospita-un-incontro-per-ravvivare-i-cuori\/#primaryimage"},"thumbnailUrl":"https:\/\/exaudi.org\/wp-content\/uploads\/2025\/07\/Imagen-de-WhatsApp-2025-07-04-a-las-21.38.39_194df069.jpg","keywords":["4-6 luglio 2025","ADORAZIONE","Asturie","Basilica di Covadonga","Carlo Acutis","catechesi","Clare Crockett","COVADONGA","Eucaristia","evangelizzazione","fede","Giornata Eucaristica e Mariana della Giovent\u00f9","giovani","Giovanni Paolo II","Giubileo della speranza","GMG 2025","GMG in Movimento","Indulgenza Plenaria","Laboratori","Mariano","Miracolo Eucaristico Paiporta","Musica","pace","Reliquia di Carlo Acutis","Rinnovamento Eucaristico","Santo","Santuario di Covadonga","SECOLARIZZAZIONE","Spagna","speranza","TESTIMONIANZE","Trending","Umanesimo cristiano","unit\u00e0","VALORI CRISTIANI","VITA CRISTIANA"],"articleSection":["Chiesa e Mondo"],"inLanguage":"it-IT"},{"@type":"WebPage","@id":"https:\/\/exaudi.org\/it\/giornata-eucaristica-e-mariana-della-gioventu-2025-covadonga-culla-della-fede-ospita-un-incontro-per-ravvivare-i-cuori\/","url":"https:\/\/exaudi.org\/it\/giornata-eucaristica-e-mariana-della-gioventu-2025-covadonga-culla-della-fede-ospita-un-incontro-per-ravvivare-i-cuori\/","name":"Giornata Eucaristica e Mariana della Giovent\u00f9 2025: Covadonga, Culla della Fede, ospita un incontro per ravvivare i cuori &#8211; Exaudi","isPartOf":{"@id":"https:\/\/exaudi.org\/#website"},"primaryImageOfPage":{"@id":"https:\/\/exaudi.org\/it\/giornata-eucaristica-e-mariana-della-gioventu-2025-covadonga-culla-della-fede-ospita-un-incontro-per-ravvivare-i-cuori\/#primaryimage"},"image":{"@id":"https:\/\/exaudi.org\/it\/giornata-eucaristica-e-mariana-della-gioventu-2025-covadonga-culla-della-fede-ospita-un-incontro-per-ravvivare-i-cuori\/#primaryimage"},"thumbnailUrl":"https:\/\/exaudi.org\/wp-content\/uploads\/2025\/07\/Imagen-de-WhatsApp-2025-07-04-a-las-21.38.39_194df069.jpg","datePublished":"2025-07-05T17:17:46+00:00","author":{"@id":"https:\/\/exaudi.org\/#\/schema\/person\/e1ab6ed07c01774724dd96f925f3a5f0"},"breadcrumb":{"@id":"https:\/\/exaudi.org\/it\/giornata-eucaristica-e-mariana-della-gioventu-2025-covadonga-culla-della-fede-ospita-un-incontro-per-ravvivare-i-cuori\/#breadcrumb"},"inLanguage":"it-IT","potentialAction":[{"@type":"ReadAction","target":["https:\/\/exaudi.org\/it\/giornata-eucaristica-e-mariana-della-gioventu-2025-covadonga-culla-della-fede-ospita-un-incontro-per-ravvivare-i-cuori\/"]}]},{"@type":"ImageObject","inLanguage":"it-IT","@id":"https:\/\/exaudi.org\/it\/giornata-eucaristica-e-mariana-della-gioventu-2025-covadonga-culla-della-fede-ospita-un-incontro-per-ravvivare-i-cuori\/#primaryimage","url":"https:\/\/exaudi.org\/wp-content\/uploads\/2025\/07\/Imagen-de-WhatsApp-2025-07-04-a-las-21.38.39_194df069.jpg","contentUrl":"https:\/\/exaudi.org\/wp-content\/uploads\/2025\/07\/Imagen-de-WhatsApp-2025-07-04-a-las-21.38.39_194df069.jpg","width":1200,"height":1600},{"@type":"BreadcrumbList","@id":"https:\/\/exaudi.org\/it\/giornata-eucaristica-e-mariana-della-gioventu-2025-covadonga-culla-della-fede-ospita-un-incontro-per-ravvivare-i-cuori\/#breadcrumb","itemListElement":[{"@type":"ListItem","position":1,"name":"Portada","item":"https:\/\/exaudi.org\/it\/"},{"@type":"ListItem","position":2,"name":"Giornata Eucaristica e Mariana della Giovent\u00f9 2025: Covadonga, Culla della Fede, ospita un incontro per ravvivare i cuori"}]},{"@type":"WebSite","@id":"https:\/\/exaudi.org\/#website","url":"https:\/\/exaudi.org\/","name":"Exaudi","description":"News","potentialAction":[{"@type":"SearchAction","target":{"@type":"EntryPoint","urlTemplate":"https:\/\/exaudi.org\/?s={search_term_string}"},"query-input":{"@type":"PropertyValueSpecification","valueRequired":true,"valueName":"search_term_string"}}],"inLanguage":"it-IT"},{"@type":"Person","@id":"https:\/\/exaudi.org\/#\/schema\/person\/e1ab6ed07c01774724dd96f925f3a5f0","name":"Exaudi Redazione","image":{"@type":"ImageObject","inLanguage":"it-IT","@id":"https:\/\/secure.gravatar.com\/avatar\/ad6774b3ada023bf5b939d64f45c94b3adf91502dd883507d469b4308a943bb3?s=96&d=mm&r=g","url":"https:\/\/secure.gravatar.com\/avatar\/ad6774b3ada023bf5b939d64f45c94b3adf91502dd883507d469b4308a943bb3?s=96&d=mm&r=g","contentUrl":"https:\/\/secure.gravatar.com\/avatar\/ad6774b3ada023bf5b939d64f45c94b3adf91502dd883507d469b4308a943bb3?s=96&d=mm&r=g","caption":"Exaudi Redazione"},"description":"Che cosa \u00e8 Exaudi News? Exaudi News \u00e8 un agenzia cattolica internazionale che informa, istruisce e trasforma quotidianamente in spagnolo, inglese e italiano. Attraverso notizie, articoli di analisi e trasmissioni in diretta degli eventi del Papa, Exaudi cerca di rafforzare l'unit\u00e0 dei cristiani e di contribuire all'evangelizzazione del mondo, sempre guidato dalla dottrina sociale della Chiesa. Lavoriamo per portare la verit\u00e0 e i valori cristiani in ogni angolo del pianeta. Aiutaci a trasformare il mondo con Exaudi! Noi di Exaudi crediamo che l'evangelizzazione e l'informazione di qualit\u00e0 possano cambiare la vita. Per continuare la nostra missione ed espandere la nostra portata, abbiamo bisogno del tuo aiuto. Stiamo anche cercando persone motivate che vogliano unirsi al nostro team. Grazie al vostro sostegno raggiungeremo pi\u00f9 persone, diffonderemo il messaggio di Cristo e rafforzeremo l'unit\u00e0 dei cristiani. Vuoi unirti alla nostra missione? Per maggiori informazioni su come contribuire, visita Exaudi.org\/it o contattaci direttamente: info@exaudi.org Exaudi: informa, forma e trasforma.","sameAs":["https:\/\/www.facebook.com\/ExaudiNotizie\/","https:\/\/www.instagram.com\/Exaudi_notizie\/","https:\/\/x.com\/Exaudi_Notizie","https:\/\/www.youtube.com\/@exaudicatholicnews"],"url":"https:\/\/exaudi.org\/it\/author\/dlvedi-org\/"}]}},"jetpack_featured_media_url":"https:\/\/exaudi.org\/wp-content\/uploads\/2025\/07\/Imagen-de-WhatsApp-2025-07-04-a-las-21.38.39_194df069.jpg","jetpack_shortlink":"https:\/\/wp.me\/pgKjF2-xHh","_links":{"self":[{"href":"https:\/\/exaudi.org\/it\/wp-json\/wp\/v2\/posts\/129535","targetHints":{"allow":["GET"]}}],"collection":[{"href":"https:\/\/exaudi.org\/it\/wp-json\/wp\/v2\/posts"}],"about":[{"href":"https:\/\/exaudi.org\/it\/wp-json\/wp\/v2\/types\/post"}],"author":[{"embeddable":true,"href":"https:\/\/exaudi.org\/it\/wp-json\/wp\/v2\/users\/17"}],"replies":[{"embeddable":true,"href":"https:\/\/exaudi.org\/it\/wp-json\/wp\/v2\/comments?post=129535"}],"version-history":[{"count":1,"href":"https:\/\/exaudi.org\/it\/wp-json\/wp\/v2\/posts\/129535\/revisions"}],"predecessor-version":[{"id":129536,"href":"https:\/\/exaudi.org\/it\/wp-json\/wp\/v2\/posts\/129535\/revisions\/129536"}],"wp:featuredmedia":[{"embeddable":true,"href":"https:\/\/exaudi.org\/it\/wp-json\/wp\/v2\/media\/129457"}],"wp:attachment":[{"href":"https:\/\/exaudi.org\/it\/wp-json\/wp\/v2\/media?parent=129535"}],"wp:term":[{"taxonomy":"category","embeddable":true,"href":"https:\/\/exaudi.org\/it\/wp-json\/wp\/v2\/categories?post=129535"},{"taxonomy":"post_tag","embeddable":true,"href":"https:\/\/exaudi.org\/it\/wp-json\/wp\/v2\/tags?post=129535"}],"curies":[{"name":"wp","href":"https:\/\/api.w.org\/{rel}","templated":true}]}}