{"id":129519,"date":"2025-07-05T18:34:52","date_gmt":"2025-07-05T16:34:52","guid":{"rendered":"https:\/\/exaudi.org\/?p=129519"},"modified":"2025-07-05T18:34:52","modified_gmt":"2025-07-05T16:34:52","slug":"vacanze-e-papi-un-tempo-per-scoprire-la-parola-e-la-natura","status":"publish","type":"post","link":"https:\/\/exaudi.org\/it\/vacanze-e-papi-un-tempo-per-scoprire-la-parola-e-la-natura\/","title":{"rendered":"Vacanze e Papi: un tempo per scoprire la Parola e la natura"},"content":{"rendered":"<p><span style=\"vertical-align: inherit\"><span style=\"vertical-align: inherit\">Una pausa dal lavoro per ricaricarsi, un&#8217;occasione per viaggiare e contemplare la bellezza della natura, un tempo per nuove letture e amicizie. Ma anche uno spazio per coltivare, attraverso la meditazione e la preghiera, un aspetto essenziale: l&#8217;interiorit\u00e0. Questi alcuni dei principali aspetti evidenziati dai Pontefici in merito al tempo delle vacanze. Anche Papa Leone XIV trascorrer\u00e0 un periodo di riposo durante la sua prima estate da Successore di Pietro. Dal 6 al 20 luglio, il Papa si recher\u00e0 alle Ville Pontificie di Castel Gandolfo, cittadina a 25 chilometri da Roma, nei <\/span><\/span><i><span style=\"vertical-align: inherit\"><span style=\"vertical-align: inherit\">Castelli Romani<\/span><\/span><\/i><span style=\"vertical-align: inherit\"><span style=\"vertical-align: inherit\">. In questo luogo, che Papa Giovanni Paolo II chiamava affettuosamente &#8220;Vaticano numero due&#8221;, celebrer\u00e0 la Messa domenica 13 luglio presso la Parrocchia Pontificia di Santo Tommaso da Villanova. Domenica 20 luglio celebrer\u00e0 la Messa nella Cattedrale di Albano, che era stata assegnata all&#8217;allora Cardinale Prevosto come chiesa titolare nel Concistoro per la creazione cardinalizia. Sempre domenica 13 e 20 luglio, Papa Leone XIV reciter\u00e0 l&#8217;Angelus in Piazza della Libert\u00e0 a Castel Gandolfo.<\/span><\/span><\/p>\n<h3><b><span style=\"vertical-align: inherit\"><span style=\"vertical-align: inherit\">Un momento propizio<\/span><\/span><\/b><\/h3>\n<p><span style=\"vertical-align: inherit\"><span style=\"vertical-align: inherit\">Come possiamo sfruttare al meglio il nostro tempo di vacanza? Questa domanda, apparentemente irrilevante da una prospettiva spirituale, trova in realt\u00e0 posto in molte riflessioni dei Papi. Innanzitutto, perch\u00e9 il tempo di vacanza non gioca un ruolo marginale nella vita umana. I Papi sottolineano che non va visto solo come un periodo di puro ozio abbinato al riposo. Questo tempo pu\u00f2 essere, ad esempio, un momento propizio per riflettere sulla bellezza della natura, definita da Papa Paolo VI &#8220;il libro di Dio&#8221;. Durante il tempo di vacanza, sottolineava lo stesso Papa Montini, si pu\u00f2 riscoprire il contatto con lo scenario &#8220;sempre aperto, sempre nuovo, sempre meraviglioso&#8221; del creato: &#8220;lo spazio, l&#8217;atmosfera, gli animali, le cose; il mare, le montagne, le pianure, il cielo con le sue albe, i suoi meriggi, i suoi tramonti, e soprattutto con le sue notti stellate, profonde e sempre incantevoli&#8221;.<\/span><\/span><\/p>\n<h3><b><span style=\"vertical-align: inherit\"><span style=\"vertical-align: inherit\">Paolo VI: Le vacanze siano tempo di riposo vigile<\/span><\/span><\/b><\/h3>\n<p><span style=\"vertical-align: inherit\"><span style=\"vertical-align: inherit\">Ma le vacanze sono anche un periodo proficuo in cui l&#8217;interruzione del ritmo ordinario del lavoro pu\u00f2 favorire il silenzio interiore e la meditazione. Papa Paolo VI, nell&#8217;Angelus del 5 agosto 1973, deline\u00f2 un programma speciale per questo periodo di riposo:<\/span><\/span><\/p>\n<p><i><span style=\"vertical-align: inherit\"><span style=\"vertical-align: inherit\">\u201cFacciamo in modo che questo tempo libero, che chiamiamo vacanza, non sia n\u00e9 sprecato n\u00e9 egoistico. Relax, riposo, svago (in senso etimologico), s\u00ec, ma intelligente e vigile. Ci sono, ad esempio, letture serie a cui non possiamo dedicare il tempo necessario durante l&#8217;anno; ci sono escursioni, che sono scoperte delle tante splendide ricchezze della nostra storia e della nostra arte, a queste diamo la nostra preferenza. E poi ricordiamoci che le vacanze sono il momento privilegiato per stringere buone amicizie, per conoscere luoghi, usanze e bisogni di persone che di solito non avviciniamo, e per incontrare nuove persone degne della nostra conversazione.\u201d<\/span><\/span><\/i><\/p>\n<h3><b><span style=\"vertical-align: inherit\"><span style=\"vertical-align: inherit\">Giovanni Paolo II: L&#8217;incontro \u00e8 uno dei valori della vacanza<\/span><\/span><\/b><\/h3>\n<p><span style=\"vertical-align: inherit\"><span style=\"vertical-align: inherit\">Le vacanze sono un&#8217;occasione per condividere momenti di tranquillit\u00e0. Papa Giovanni Paolo II, che amava trascorrere momenti di relax nelle sue amate montagne, ci ha ripetutamente ricordato che l&#8217;umanit\u00e0 ha bisogno di armonia per rigenerarsi, per sperimentare la bellezza dell&#8217;incontro con gli altri. &#8220;Perch\u00e9 una vacanza sia veramente vacanza e porti autentico benessere&#8221;, afferm\u00f2 Papa Wojty\u0142a all&#8217;Angelus del 6 luglio 1997, &#8220;\u00e8 necessario che la persona ritrovi un buon equilibrio con s\u00e9 stessa, con gli altri e con l&#8217;ambiente. \u00c8 questa armonia interiore ed esteriore che rigenera l&#8217;anima e restituisce energia al corpo e allo spirito&#8221;.<\/span><\/span><\/p>\n<p><i><span style=\"vertical-align: inherit\"><span style=\"vertical-align: inherit\">\u201cUno dei valori della vacanza \u00e8 quello dell&#8217;incontro, dello stare con gli altri in modo disinteressato, per il piacere dell&#8217;amicizia e della condivisione di momenti di pace. Tuttavia, conoscendo l&#8217;animo umano e i condizionamenti della societ\u00e0 dei consumi, vorrei suggerire, soprattutto ai giovani, di fare delle sane vacanze, cio\u00e8 delle sane evasioni, evitando trasgressioni dannose per la propria salute e per quella degli altri. Altrimenti, si finisce per sprecare tempo e risorse e tornare dalla tanto attesa \u201cvacanza\u201d senza alcun beneficio. Allontanarsi pu\u00f2 essere utile, ma solo se non elude sani criteri morali o anche solo il semplice rispetto della propria salute. Il diritto alla vacanza non deve far dimenticare chi, per diverse ragioni, non pu\u00f2 lasciare il proprio ambiente abituale, siano esse di et\u00e0, di salute, di lavoro, di difficolt\u00e0 economiche o di altro tipo.\u201d<\/span><\/span><\/i><\/p>\n<h3><b><span style=\"vertical-align: inherit\"><span style=\"vertical-align: inherit\">Benedetto XVI: Di fronte alla natura l\u2019uomo si riscopre creatura<\/span><\/span><\/b><\/h3>\n<p><span style=\"vertical-align: inherit\"><span style=\"vertical-align: inherit\">Soprattutto per chi vive in grandi citt\u00e0, spesso frenetiche e disperse, \u00e8 importante immergersi per un po&#8217; nella natura. Papa Benedetto XVI, durante l&#8217;Angelus del 17 luglio 2005, sui monti <\/span><\/span><i><span style=\"vertical-align: inherit\"><span style=\"vertical-align: inherit\">Combes<\/span><\/span><\/i><span style=\"vertical-align: inherit\"><span style=\"vertical-align: inherit\"> , in Valle d&#8217;Aosta, ha sottolineato questa importante esigenza.<\/span><\/span><\/p>\n<p><i><span style=\"vertical-align: inherit\"><span style=\"vertical-align: inherit\">\u201cNel mondo in cui viviamo, ricaricare il corpo e lo spirito \u00e8 diventato quasi una necessit\u00e0, soprattutto per chi vive in citt\u00e0, dove le condizioni di vita spesso frenetiche lasciano poco spazio al silenzio, alla riflessione e al contatto rilassante con la natura. Le vacanze sono anche giorni in cui si pu\u00f2 dedicare pi\u00f9 tempo alla preghiera, alla lettura e alla meditazione sui significati pi\u00f9 profondi della vita, nel contesto sereno della propria famiglia e dei propri cari. Il tempo delle vacanze offre occasioni uniche per sostare davanti agli spettacoli suggestivi della natura, un meraviglioso &#8220;libro&#8221; accessibile a tutti, grandi e piccini. A contatto con la natura, la persona ritrova la sua vera dimensione, si riscopre creatura, piccola ma allo stesso tempo unica, &#8220;capace di Dio&#8221; perch\u00e9 interiormente aperta all&#8217;Infinito.\u201d<\/span><\/span><\/i><\/p>\n<p><img loading=\"lazy\" decoding=\"async\" class=\"size-full wp-image-129515 aligncenter\" src=\"https:\/\/exaudi.org\/wp-content\/uploads\/2025\/07\/cq5dam.thumbnail.cropped.750.422-1-2.jpeg\" alt=\"\" width=\"750\" height=\"422\" srcset=\"https:\/\/exaudi.org\/wp-content\/uploads\/2025\/07\/cq5dam.thumbnail.cropped.750.422-1-2.jpeg 750w, https:\/\/exaudi.org\/wp-content\/uploads\/2025\/07\/cq5dam.thumbnail.cropped.750.422-1-2-300x169.jpeg 300w, https:\/\/exaudi.org\/wp-content\/uploads\/2025\/07\/cq5dam.thumbnail.cropped.750.422-1-2-500x281.jpeg 500w\" sizes=\"auto, (max-width: 750px) 100vw, 750px\" \/><\/p>\n<h3><b><span style=\"vertical-align: inherit\"><span style=\"vertical-align: inherit\">Francesco: In vacanza approfondiamo il nostro cammino spirituale<\/span><\/span><\/b><\/h3>\n<p><span style=\"vertical-align: inherit\"><span style=\"vertical-align: inherit\">Le vacanze sono anche un momento per approfondire il proprio cammino spirituale. Nell&#8217;Angelus del 6 agosto 2017, Papa Francesco ci ha espressamente invitato a percorrere questo cammino lungo le strade affollate tra destinazioni e mete turistiche.<\/span><\/span><\/p>\n<p><i><span style=\"vertical-align: inherit\"><span style=\"vertical-align: inherit\">\u201cL\u2019estate \u00e8 un momento provvidenziale per accrescere il nostro impegno nella ricerca e nella scoperta del Signore. In questo periodo, gli studenti sono liberi dagli impegni scolastici e molte famiglie vanno in vacanza; \u00e8 importante che in questo periodo di riposo e di distacco dalle occupazioni quotidiane, possiamo rivitalizzare le forze del corpo e dello spirito, approfondendo il nostro cammino spirituale. (\u2026) La nostra Madre e Madre di Dio ci aiuti a entrare in sintonia con la Parola di Dio, affinch\u00e9 Cristo sia luce e guida di tutta la nostra vita. A Lei affidiamo le vacanze di tutti, perch\u00e9 siano serene e fruttuose, ma soprattutto l\u2019estate di quanti non possono prenderle per et\u00e0, motivi di salute o di lavoro, limitazioni economiche o altri problemi, perch\u00e9 sia \u200b\u200banche un tempo di distensione, allietato da presenze amiche e momenti lieti.\u201d<\/span><\/span><\/i><\/p>\n<p><span style=\"vertical-align: inherit\"><span style=\"vertical-align: inherit\">Per i Papi la vacanza \u00e8 dunque tempo di riposo e di distensione, ma anche periodo di meditazione, per sintonizzarsi sulla Parola di Dio. In questa armonia, il riposo pu\u00f2 diventare cammino per intravedere, nel silenzio interiore e tra le vette dell\u2019anima e della natura, lo sguardo amorevole del Signore.<\/span><\/span><\/p>\n<p><span style=\"vertical-align: inherit\"><span style=\"vertical-align: inherit\">Fonte:\u00a0 <\/span><\/span><a href=\"https:\/\/www.vaticannews.va\/es\/papa\/news\/2025-07\/las-vacaciones-segun-los-papas-tiempo-para-redescubrir-la-palab.html\" target=\"_blank\" rel=\"noopener\"><b><span style=\"vertical-align: inherit\"><span style=\"vertical-align: inherit\">Amedeo Lomonaco \u2013 Vatican Media<\/span><\/span><\/b><\/a><\/p>\n","protected":false},"excerpt":{"rendered":"<p>Alla vigilia del trasferimento di Papa Leone XIV alle Ville Pontificie di Castel Gandolfo, dal 6 al 20 luglio, per un periodo di riposo, ripercorriamo alcune riflessioni dei Papi sul periodo di vacanza. Un&#8217;occasione, come ha ricordato Papa Francesco, per approfondire il cammino spirituale<\/p>\n","protected":false},"author":17,"featured_media":129518,"comment_status":"closed","ping_status":"closed","sticky":false,"template":"","format":"standard","meta":{"_acf_changed":false,"_crdt_document":"","inline_featured_image":false,"footnotes":""},"categories":[71],"tags":[66053,66054,33517,12279,66063,66058,66059,247,6442,66055,66056,38564,66057,4952,66060,66061,66062],"class_list":["post-129519","post","type-post","status-publish","format-standard","has-post-thumbnail","hentry","category-analisi","tag-bibbia-e-natura","tag-crescita-spirituale-in-vacanza","tag-educazione-cristiana","tag-educazione-religiosa","tag-estate-e-spiritualita","tag-genitori-cristiani","tag-genitori-e-figli-in-estate","tag-papa","tag-papi","tag-scoprire-la-fede-in-vacanza","tag-spiritualita-nella-natura","tag-tempo-in-famiglia","tag-tempo-libero-cristiano","tag-trending-it","tag-vacanza-con-i-bambini","tag-vacanza-con-i-valori","tag-vacanza-in-famiglia"],"acf":[],"yoast_head":"<!-- This site is optimized with the Yoast SEO plugin v27.5 - https:\/\/yoast.com\/product\/yoast-seo-wordpress\/ -->\n<title>Vacanze e Papi: un tempo per scoprire la Parola e la natura &#8211; Exaudi<\/title>\n<meta name=\"robots\" content=\"index, follow, max-snippet:-1, max-image-preview:large, max-video-preview:-1\" \/>\n<link rel=\"canonical\" href=\"https:\/\/exaudi.org\/it\/vacanze-e-papi-un-tempo-per-scoprire-la-parola-e-la-natura\/\" \/>\n<meta property=\"og:locale\" content=\"it_IT\" \/>\n<meta property=\"og:type\" content=\"article\" \/>\n<meta property=\"og:title\" content=\"Vacanze e Papi: un tempo per scoprire la Parola e la natura &#8211; Exaudi\" \/>\n<meta property=\"og:description\" content=\"Alla vigilia del trasferimento di Papa Leone XIV alle Ville Pontificie di Castel Gandolfo, dal 6 al 20 luglio, per un periodo di riposo, ripercorriamo alcune riflessioni dei Papi sul periodo di vacanza. Un&#039;occasione, come ha ricordato Papa Francesco, per approfondire il cammino spirituale\" \/>\n<meta property=\"og:url\" content=\"https:\/\/exaudi.org\/it\/vacanze-e-papi-un-tempo-per-scoprire-la-parola-e-la-natura\/\" \/>\n<meta property=\"og:site_name\" content=\"Exaudi\" \/>\n<meta property=\"article:publisher\" content=\"https:\/\/www.facebook.com\/ExaudiNews\" \/>\n<meta property=\"article:author\" content=\"https:\/\/www.facebook.com\/ExaudiNotizie\/\" \/>\n<meta property=\"article:published_time\" content=\"2025-07-05T16:34:52+00:00\" \/>\n<meta property=\"og:image\" content=\"https:\/\/exaudi.org\/wp-content\/uploads\/2025\/07\/cq5dam.thumbnail.cropped.750.422-7.jpeg\" \/>\n\t<meta property=\"og:image:width\" content=\"750\" \/>\n\t<meta property=\"og:image:height\" content=\"422\" \/>\n\t<meta property=\"og:image:type\" content=\"image\/jpeg\" \/>\n<meta name=\"author\" content=\"Exaudi Redazione\" \/>\n<meta name=\"twitter:card\" content=\"summary_large_image\" \/>\n<meta name=\"twitter:creator\" content=\"@Exaudi_Notizie\" \/>\n<meta name=\"twitter:site\" content=\"@Exaudi_News\" \/>\n<meta name=\"twitter:label1\" content=\"Scritto da\" \/>\n\t<meta name=\"twitter:data1\" content=\"Exaudi Redazione\" \/>\n\t<meta name=\"twitter:label2\" content=\"Tempo di lettura stimato\" \/>\n\t<meta name=\"twitter:data2\" content=\"6 minuti\" \/>\n<script type=\"application\/ld+json\" class=\"yoast-schema-graph\">{\"@context\":\"https:\\\/\\\/schema.org\",\"@graph\":[{\"@type\":\"Article\",\"@id\":\"https:\\\/\\\/exaudi.org\\\/it\\\/vacanze-e-papi-un-tempo-per-scoprire-la-parola-e-la-natura\\\/#article\",\"isPartOf\":{\"@id\":\"https:\\\/\\\/exaudi.org\\\/it\\\/vacanze-e-papi-un-tempo-per-scoprire-la-parola-e-la-natura\\\/\"},\"author\":{\"name\":\"Exaudi Redazione\",\"@id\":\"https:\\\/\\\/exaudi.org\\\/#\\\/schema\\\/person\\\/e1ab6ed07c01774724dd96f925f3a5f0\"},\"headline\":\"Vacanze e Papi: un tempo per scoprire la Parola e la natura\",\"datePublished\":\"2025-07-05T16:34:52+00:00\",\"mainEntityOfPage\":{\"@id\":\"https:\\\/\\\/exaudi.org\\\/it\\\/vacanze-e-papi-un-tempo-per-scoprire-la-parola-e-la-natura\\\/\"},\"wordCount\":1137,\"image\":{\"@id\":\"https:\\\/\\\/exaudi.org\\\/it\\\/vacanze-e-papi-un-tempo-per-scoprire-la-parola-e-la-natura\\\/#primaryimage\"},\"thumbnailUrl\":\"https:\\\/\\\/exaudi.org\\\/wp-content\\\/uploads\\\/2025\\\/07\\\/cq5dam.thumbnail.cropped.750.422-7.jpeg\",\"keywords\":[\"Bibbia e natura\",\"crescita spirituale in vacanza\",\"educazione cristiana\",\"EDUCAZIONE RELIGIOSA\",\"estate e spiritualit\u00e0\",\"genitori cristiani\",\"genitori e figli in estate\",\"Papa\",\"Papi\",\"scoprire la fede in vacanza\",\"spiritualit\u00e0 nella natura\",\"tempo in famiglia\",\"tempo libero cristiano\",\"Trending\",\"vacanza con i bambini\",\"vacanza con i valori\",\"vacanza in famiglia\"],\"articleSection\":[\"Analisi\"],\"inLanguage\":\"it-IT\"},{\"@type\":\"WebPage\",\"@id\":\"https:\\\/\\\/exaudi.org\\\/it\\\/vacanze-e-papi-un-tempo-per-scoprire-la-parola-e-la-natura\\\/\",\"url\":\"https:\\\/\\\/exaudi.org\\\/it\\\/vacanze-e-papi-un-tempo-per-scoprire-la-parola-e-la-natura\\\/\",\"name\":\"Vacanze e Papi: un tempo per scoprire la Parola e la natura &#8211; Exaudi\",\"isPartOf\":{\"@id\":\"https:\\\/\\\/exaudi.org\\\/#website\"},\"primaryImageOfPage\":{\"@id\":\"https:\\\/\\\/exaudi.org\\\/it\\\/vacanze-e-papi-un-tempo-per-scoprire-la-parola-e-la-natura\\\/#primaryimage\"},\"image\":{\"@id\":\"https:\\\/\\\/exaudi.org\\\/it\\\/vacanze-e-papi-un-tempo-per-scoprire-la-parola-e-la-natura\\\/#primaryimage\"},\"thumbnailUrl\":\"https:\\\/\\\/exaudi.org\\\/wp-content\\\/uploads\\\/2025\\\/07\\\/cq5dam.thumbnail.cropped.750.422-7.jpeg\",\"datePublished\":\"2025-07-05T16:34:52+00:00\",\"author\":{\"@id\":\"https:\\\/\\\/exaudi.org\\\/#\\\/schema\\\/person\\\/e1ab6ed07c01774724dd96f925f3a5f0\"},\"breadcrumb\":{\"@id\":\"https:\\\/\\\/exaudi.org\\\/it\\\/vacanze-e-papi-un-tempo-per-scoprire-la-parola-e-la-natura\\\/#breadcrumb\"},\"inLanguage\":\"it-IT\",\"potentialAction\":[{\"@type\":\"ReadAction\",\"target\":[\"https:\\\/\\\/exaudi.org\\\/it\\\/vacanze-e-papi-un-tempo-per-scoprire-la-parola-e-la-natura\\\/\"]}]},{\"@type\":\"ImageObject\",\"inLanguage\":\"it-IT\",\"@id\":\"https:\\\/\\\/exaudi.org\\\/it\\\/vacanze-e-papi-un-tempo-per-scoprire-la-parola-e-la-natura\\\/#primaryimage\",\"url\":\"https:\\\/\\\/exaudi.org\\\/wp-content\\\/uploads\\\/2025\\\/07\\\/cq5dam.thumbnail.cropped.750.422-7.jpeg\",\"contentUrl\":\"https:\\\/\\\/exaudi.org\\\/wp-content\\\/uploads\\\/2025\\\/07\\\/cq5dam.thumbnail.cropped.750.422-7.jpeg\",\"width\":750,\"height\":422},{\"@type\":\"BreadcrumbList\",\"@id\":\"https:\\\/\\\/exaudi.org\\\/it\\\/vacanze-e-papi-un-tempo-per-scoprire-la-parola-e-la-natura\\\/#breadcrumb\",\"itemListElement\":[{\"@type\":\"ListItem\",\"position\":1,\"name\":\"Portada\",\"item\":\"https:\\\/\\\/exaudi.org\\\/it\\\/\"},{\"@type\":\"ListItem\",\"position\":2,\"name\":\"Vacanze e Papi: un tempo per scoprire la Parola e la natura\"}]},{\"@type\":\"WebSite\",\"@id\":\"https:\\\/\\\/exaudi.org\\\/#website\",\"url\":\"https:\\\/\\\/exaudi.org\\\/\",\"name\":\"Exaudi\",\"description\":\"News\",\"potentialAction\":[{\"@type\":\"SearchAction\",\"target\":{\"@type\":\"EntryPoint\",\"urlTemplate\":\"https:\\\/\\\/exaudi.org\\\/?s={search_term_string}\"},\"query-input\":{\"@type\":\"PropertyValueSpecification\",\"valueRequired\":true,\"valueName\":\"search_term_string\"}}],\"inLanguage\":\"it-IT\"},{\"@type\":\"Person\",\"@id\":\"https:\\\/\\\/exaudi.org\\\/#\\\/schema\\\/person\\\/e1ab6ed07c01774724dd96f925f3a5f0\",\"name\":\"Exaudi Redazione\",\"image\":{\"@type\":\"ImageObject\",\"inLanguage\":\"it-IT\",\"@id\":\"https:\\\/\\\/secure.gravatar.com\\\/avatar\\\/ad6774b3ada023bf5b939d64f45c94b3adf91502dd883507d469b4308a943bb3?s=96&d=mm&r=g\",\"url\":\"https:\\\/\\\/secure.gravatar.com\\\/avatar\\\/ad6774b3ada023bf5b939d64f45c94b3adf91502dd883507d469b4308a943bb3?s=96&d=mm&r=g\",\"contentUrl\":\"https:\\\/\\\/secure.gravatar.com\\\/avatar\\\/ad6774b3ada023bf5b939d64f45c94b3adf91502dd883507d469b4308a943bb3?s=96&d=mm&r=g\",\"caption\":\"Exaudi Redazione\"},\"description\":\"Che cosa \u00e8 Exaudi News? Exaudi News \u00e8 un agenzia cattolica internazionale che informa, istruisce e trasforma quotidianamente in spagnolo, inglese e italiano. Attraverso notizie, articoli di analisi e trasmissioni in diretta degli eventi del Papa, Exaudi cerca di rafforzare l'unit\u00e0 dei cristiani e di contribuire all'evangelizzazione del mondo, sempre guidato dalla dottrina sociale della Chiesa. Lavoriamo per portare la verit\u00e0 e i valori cristiani in ogni angolo del pianeta. Aiutaci a trasformare il mondo con Exaudi! Noi di Exaudi crediamo che l'evangelizzazione e l'informazione di qualit\u00e0 possano cambiare la vita. Per continuare la nostra missione ed espandere la nostra portata, abbiamo bisogno del tuo aiuto. Stiamo anche cercando persone motivate che vogliano unirsi al nostro team. Grazie al vostro sostegno raggiungeremo pi\u00f9 persone, diffonderemo il messaggio di Cristo e rafforzeremo l'unit\u00e0 dei cristiani. Vuoi unirti alla nostra missione? Per maggiori informazioni su come contribuire, visita Exaudi.org\\\/it o contattaci direttamente: info@exaudi.org Exaudi: informa, forma e trasforma.\",\"sameAs\":[\"https:\\\/\\\/www.facebook.com\\\/ExaudiNotizie\\\/\",\"https:\\\/\\\/www.instagram.com\\\/Exaudi_notizie\\\/\",\"https:\\\/\\\/x.com\\\/Exaudi_Notizie\",\"https:\\\/\\\/www.youtube.com\\\/@exaudicatholicnews\"],\"url\":\"https:\\\/\\\/exaudi.org\\\/it\\\/author\\\/dlvedi-org\\\/\"}]}<\/script>\n<!-- \/ Yoast SEO plugin. -->","yoast_head_json":{"title":"Vacanze e Papi: un tempo per scoprire la Parola e la natura &#8211; Exaudi","robots":{"index":"index","follow":"follow","max-snippet":"max-snippet:-1","max-image-preview":"max-image-preview:large","max-video-preview":"max-video-preview:-1"},"canonical":"https:\/\/exaudi.org\/it\/vacanze-e-papi-un-tempo-per-scoprire-la-parola-e-la-natura\/","og_locale":"it_IT","og_type":"article","og_title":"Vacanze e Papi: un tempo per scoprire la Parola e la natura &#8211; Exaudi","og_description":"Alla vigilia del trasferimento di Papa Leone XIV alle Ville Pontificie di Castel Gandolfo, dal 6 al 20 luglio, per un periodo di riposo, ripercorriamo alcune riflessioni dei Papi sul periodo di vacanza. Un'occasione, come ha ricordato Papa Francesco, per approfondire il cammino spirituale","og_url":"https:\/\/exaudi.org\/it\/vacanze-e-papi-un-tempo-per-scoprire-la-parola-e-la-natura\/","og_site_name":"Exaudi","article_publisher":"https:\/\/www.facebook.com\/ExaudiNews","article_author":"https:\/\/www.facebook.com\/ExaudiNotizie\/","article_published_time":"2025-07-05T16:34:52+00:00","og_image":[{"width":750,"height":422,"url":"https:\/\/exaudi.org\/wp-content\/uploads\/2025\/07\/cq5dam.thumbnail.cropped.750.422-7.jpeg","type":"image\/jpeg"}],"author":"Exaudi Redazione","twitter_card":"summary_large_image","twitter_creator":"@Exaudi_Notizie","twitter_site":"@Exaudi_News","twitter_misc":{"Scritto da":"Exaudi Redazione","Tempo di lettura stimato":"6 minuti"},"schema":{"@context":"https:\/\/schema.org","@graph":[{"@type":"Article","@id":"https:\/\/exaudi.org\/it\/vacanze-e-papi-un-tempo-per-scoprire-la-parola-e-la-natura\/#article","isPartOf":{"@id":"https:\/\/exaudi.org\/it\/vacanze-e-papi-un-tempo-per-scoprire-la-parola-e-la-natura\/"},"author":{"name":"Exaudi Redazione","@id":"https:\/\/exaudi.org\/#\/schema\/person\/e1ab6ed07c01774724dd96f925f3a5f0"},"headline":"Vacanze e Papi: un tempo per scoprire la Parola e la natura","datePublished":"2025-07-05T16:34:52+00:00","mainEntityOfPage":{"@id":"https:\/\/exaudi.org\/it\/vacanze-e-papi-un-tempo-per-scoprire-la-parola-e-la-natura\/"},"wordCount":1137,"image":{"@id":"https:\/\/exaudi.org\/it\/vacanze-e-papi-un-tempo-per-scoprire-la-parola-e-la-natura\/#primaryimage"},"thumbnailUrl":"https:\/\/exaudi.org\/wp-content\/uploads\/2025\/07\/cq5dam.thumbnail.cropped.750.422-7.jpeg","keywords":["Bibbia e natura","crescita spirituale in vacanza","educazione cristiana","EDUCAZIONE RELIGIOSA","estate e spiritualit\u00e0","genitori cristiani","genitori e figli in estate","Papa","Papi","scoprire la fede in vacanza","spiritualit\u00e0 nella natura","tempo in famiglia","tempo libero cristiano","Trending","vacanza con i bambini","vacanza con i valori","vacanza in famiglia"],"articleSection":["Analisi"],"inLanguage":"it-IT"},{"@type":"WebPage","@id":"https:\/\/exaudi.org\/it\/vacanze-e-papi-un-tempo-per-scoprire-la-parola-e-la-natura\/","url":"https:\/\/exaudi.org\/it\/vacanze-e-papi-un-tempo-per-scoprire-la-parola-e-la-natura\/","name":"Vacanze e Papi: un tempo per scoprire la Parola e la natura &#8211; Exaudi","isPartOf":{"@id":"https:\/\/exaudi.org\/#website"},"primaryImageOfPage":{"@id":"https:\/\/exaudi.org\/it\/vacanze-e-papi-un-tempo-per-scoprire-la-parola-e-la-natura\/#primaryimage"},"image":{"@id":"https:\/\/exaudi.org\/it\/vacanze-e-papi-un-tempo-per-scoprire-la-parola-e-la-natura\/#primaryimage"},"thumbnailUrl":"https:\/\/exaudi.org\/wp-content\/uploads\/2025\/07\/cq5dam.thumbnail.cropped.750.422-7.jpeg","datePublished":"2025-07-05T16:34:52+00:00","author":{"@id":"https:\/\/exaudi.org\/#\/schema\/person\/e1ab6ed07c01774724dd96f925f3a5f0"},"breadcrumb":{"@id":"https:\/\/exaudi.org\/it\/vacanze-e-papi-un-tempo-per-scoprire-la-parola-e-la-natura\/#breadcrumb"},"inLanguage":"it-IT","potentialAction":[{"@type":"ReadAction","target":["https:\/\/exaudi.org\/it\/vacanze-e-papi-un-tempo-per-scoprire-la-parola-e-la-natura\/"]}]},{"@type":"ImageObject","inLanguage":"it-IT","@id":"https:\/\/exaudi.org\/it\/vacanze-e-papi-un-tempo-per-scoprire-la-parola-e-la-natura\/#primaryimage","url":"https:\/\/exaudi.org\/wp-content\/uploads\/2025\/07\/cq5dam.thumbnail.cropped.750.422-7.jpeg","contentUrl":"https:\/\/exaudi.org\/wp-content\/uploads\/2025\/07\/cq5dam.thumbnail.cropped.750.422-7.jpeg","width":750,"height":422},{"@type":"BreadcrumbList","@id":"https:\/\/exaudi.org\/it\/vacanze-e-papi-un-tempo-per-scoprire-la-parola-e-la-natura\/#breadcrumb","itemListElement":[{"@type":"ListItem","position":1,"name":"Portada","item":"https:\/\/exaudi.org\/it\/"},{"@type":"ListItem","position":2,"name":"Vacanze e Papi: un tempo per scoprire la Parola e la natura"}]},{"@type":"WebSite","@id":"https:\/\/exaudi.org\/#website","url":"https:\/\/exaudi.org\/","name":"Exaudi","description":"News","potentialAction":[{"@type":"SearchAction","target":{"@type":"EntryPoint","urlTemplate":"https:\/\/exaudi.org\/?s={search_term_string}"},"query-input":{"@type":"PropertyValueSpecification","valueRequired":true,"valueName":"search_term_string"}}],"inLanguage":"it-IT"},{"@type":"Person","@id":"https:\/\/exaudi.org\/#\/schema\/person\/e1ab6ed07c01774724dd96f925f3a5f0","name":"Exaudi Redazione","image":{"@type":"ImageObject","inLanguage":"it-IT","@id":"https:\/\/secure.gravatar.com\/avatar\/ad6774b3ada023bf5b939d64f45c94b3adf91502dd883507d469b4308a943bb3?s=96&d=mm&r=g","url":"https:\/\/secure.gravatar.com\/avatar\/ad6774b3ada023bf5b939d64f45c94b3adf91502dd883507d469b4308a943bb3?s=96&d=mm&r=g","contentUrl":"https:\/\/secure.gravatar.com\/avatar\/ad6774b3ada023bf5b939d64f45c94b3adf91502dd883507d469b4308a943bb3?s=96&d=mm&r=g","caption":"Exaudi Redazione"},"description":"Che cosa \u00e8 Exaudi News? Exaudi News \u00e8 un agenzia cattolica internazionale che informa, istruisce e trasforma quotidianamente in spagnolo, inglese e italiano. Attraverso notizie, articoli di analisi e trasmissioni in diretta degli eventi del Papa, Exaudi cerca di rafforzare l'unit\u00e0 dei cristiani e di contribuire all'evangelizzazione del mondo, sempre guidato dalla dottrina sociale della Chiesa. Lavoriamo per portare la verit\u00e0 e i valori cristiani in ogni angolo del pianeta. Aiutaci a trasformare il mondo con Exaudi! Noi di Exaudi crediamo che l'evangelizzazione e l'informazione di qualit\u00e0 possano cambiare la vita. Per continuare la nostra missione ed espandere la nostra portata, abbiamo bisogno del tuo aiuto. Stiamo anche cercando persone motivate che vogliano unirsi al nostro team. Grazie al vostro sostegno raggiungeremo pi\u00f9 persone, diffonderemo il messaggio di Cristo e rafforzeremo l'unit\u00e0 dei cristiani. Vuoi unirti alla nostra missione? Per maggiori informazioni su come contribuire, visita Exaudi.org\/it o contattaci direttamente: info@exaudi.org Exaudi: informa, forma e trasforma.","sameAs":["https:\/\/www.facebook.com\/ExaudiNotizie\/","https:\/\/www.instagram.com\/Exaudi_notizie\/","https:\/\/x.com\/Exaudi_Notizie","https:\/\/www.youtube.com\/@exaudicatholicnews"],"url":"https:\/\/exaudi.org\/it\/author\/dlvedi-org\/"}]}},"jetpack_featured_media_url":"https:\/\/exaudi.org\/wp-content\/uploads\/2025\/07\/cq5dam.thumbnail.cropped.750.422-7.jpeg","jetpack_shortlink":"https:\/\/wp.me\/pgKjF2-xH1","_links":{"self":[{"href":"https:\/\/exaudi.org\/it\/wp-json\/wp\/v2\/posts\/129519","targetHints":{"allow":["GET"]}}],"collection":[{"href":"https:\/\/exaudi.org\/it\/wp-json\/wp\/v2\/posts"}],"about":[{"href":"https:\/\/exaudi.org\/it\/wp-json\/wp\/v2\/types\/post"}],"author":[{"embeddable":true,"href":"https:\/\/exaudi.org\/it\/wp-json\/wp\/v2\/users\/17"}],"replies":[{"embeddable":true,"href":"https:\/\/exaudi.org\/it\/wp-json\/wp\/v2\/comments?post=129519"}],"version-history":[{"count":1,"href":"https:\/\/exaudi.org\/it\/wp-json\/wp\/v2\/posts\/129519\/revisions"}],"predecessor-version":[{"id":129520,"href":"https:\/\/exaudi.org\/it\/wp-json\/wp\/v2\/posts\/129519\/revisions\/129520"}],"wp:featuredmedia":[{"embeddable":true,"href":"https:\/\/exaudi.org\/it\/wp-json\/wp\/v2\/media\/129518"}],"wp:attachment":[{"href":"https:\/\/exaudi.org\/it\/wp-json\/wp\/v2\/media?parent=129519"}],"wp:term":[{"taxonomy":"category","embeddable":true,"href":"https:\/\/exaudi.org\/it\/wp-json\/wp\/v2\/categories?post=129519"},{"taxonomy":"post_tag","embeddable":true,"href":"https:\/\/exaudi.org\/it\/wp-json\/wp\/v2\/tags?post=129519"}],"curies":[{"name":"wp","href":"https:\/\/api.w.org\/{rel}","templated":true}]}}