{"id":129352,"date":"2025-07-03T18:37:19","date_gmt":"2025-07-03T16:37:19","guid":{"rendered":"https:\/\/exaudi.org\/?p=129352"},"modified":"2025-07-03T18:37:19","modified_gmt":"2025-07-03T16:37:19","slug":"il-papa-la-santa-madre-di-dio-e-con-noi-prego-affinche-la-pace-torni-al-piu-presto-nella-vostra-patria","status":"publish","type":"post","link":"https:\/\/exaudi.org\/it\/il-papa-la-santa-madre-di-dio-e-con-noi-prego-affinche-la-pace-torni-al-piu-presto-nella-vostra-patria\/","title":{"rendered":"Il Papa: La Santa Madre di Dio \u00e8 con noi. Prego affinch\u00e9 la pace torni al pi\u00f9 presto nella vostra patria"},"content":{"rendered":"<p>Mercoled\u00ec 2 luglio 2025, nella Sala del Consiglio del Palazzo Apostolico Vaticano, il Santo Padre Leone XIV ha ricevuto in udienza i membri del Sinodo della Chiesa Greco-Cattolica Ucraina.<\/p>\n<p>Il Papa ricorda l&#8217;incontro con i fedeli ucraini in San Pietro e chiede loro di recitare insieme il Padre Nostro.<\/p>\n<p>Di seguito il discorso del Papa ai presenti durante l&#8217;incontro:<\/p>\n<p>***<\/p>\n<p><i><b><span class=\"title-1-color\">SALUTO DEL SANTO PADRE LEONE XIV<\/span><\/b><\/i><\/p>\n<div class=\"testo\">\n<div class=\"abstract text parbase vaticanrichtext\">\n<p><i><b><span class=\"title-1-color\">AI MEMBRI DEL SINODO DELLA CHIESA GRECO-CATTOLICA UCRAINA<\/span><\/b><\/i><\/p>\n<p><i><span class=\"color-text\">Sala del Concistoro<br \/>\nMercoled\u00ec, 2 luglio 2025<\/span><\/i><\/p>\n<p>____________________________________<\/p>\n<div class=\"clearfix\"><\/div>\n<\/div>\n<div class=\"text parbase vaticanrichtext\">\n<p>Nel nome del Padre, del Figlio e dello Spirito Santo.<br \/>\nLa pace sia con voi!<br \/>\n<i>Beatitudine, Eminenza,<br \/>\ncari Fratelli nell\u2019episcopato!<\/i><\/p>\n<p>Dopo aver salutato sabato scorso i numerosi pellegrini della Chiesa greco-cattolica ucraina radunati nella Basilica di San Pietro, oggi ho la gioia di incontrare voi, che state celebrando la vostra assemblea sinodale.<\/p>\n<p>Questo momento per voi importante si svolge nel contesto dell\u2019Anno giubilare, che invita tutto il Popolo di Dio a rinnovarsi nella speranza. Come amava ripetere\u00a0<a href=\"https:\/\/www.vatican.va\/content\/francesco\/it.html\">Papa Francesco<\/a>, la speranza non delude, perch\u00e9 \u00e8 fondata sull\u2019amore di Dio in Cristo Ges\u00f9, nostro Signore.<\/p>\n<p>Certamente, nell\u2019attuale contesto storico non \u00e8 facile parlare di speranza a voi e al popolo affidato alla vostra cura pastorale. Non \u00e8 facile trovare parole di consolazione per le famiglie che hanno perso i propri cari in questa guerra insensata. Immagino lo sia anche per voi, che siete in contatto ogni giorno con le persone ferite nel cuore e nella carne. Malgrado questo, ricevo tante testimonianze di fede e di speranza da parte di uomini e donne del vostro popolo. Questo \u00e8 segno della forza di Dio che si manifesta in mezzo alle macerie della distruzione.<\/p>\n<p>Sono consapevole che avete tante necessit\u00e0 da affrontare, sia nell\u2019ambito ecclesiale sia in quello umanitario. Siete chiamati a servire Cristo in ogni persona ferita e angosciata, che si rivolge alle vostre comunit\u00e0 chiedendo un aiuto concreto.<\/p>\n<p>Vi sono vicino, e tramite voi sono vicino a tutti i fedeli della vostra Chiesa. Rimaniamo uniti nell\u2019unica fede e nell\u2019unica speranza. La nostra comunione \u00e8 un mistero grande: \u00e8 comunione reale anche con tutti i fratelli e le sorelle la cui vita \u00e8 stata strappata da questa terra ma \u00e8 accolta in Dio. In Lui tutto vive e trova pienezza di senso.<\/p>\n<p>Carissimi, ci conforta sempre la certezza che la Santa Madre di Dio \u00e8 con noi, ci assiste, ci guida verso il suo Figlio, che \u00e8 la nostra pace. Per la sua intercessione materna prego che la pace possa tornare al pi\u00f9 presto nella vostra patria.<\/p>\n<p>Vi ringrazio e vi benedico di cuore.<\/p>\n<p>L\u2019altro giorno ci \u00e8 piaciuto molto\u2026 [prosegue in inglese] ci \u00e8 piaciuto molto il canto del \u201cPadre nostro\u201d in ucraino. Se voleste cantare per noi, potremmo cantare il \u201cPadre nostro\u201d.<\/p>\n<p><i>Cantano il \u201cPadre nostro\u201d in ucraino.<\/i><\/p>\n<p><i>Benedizione del Santo Padre<\/i><\/p>\n<div class=\"clearfix\"><\/div>\n<\/div>\n<div class=\"content parsys\"><\/div>\n<\/div>\n","protected":false},"excerpt":{"rendered":"<p>Udienza ai Vescovi del Sinodo della Chiesa Greco-Cattolica Ucraina<\/p>\n","protected":false},"author":17,"featured_media":129351,"comment_status":"closed","ping_status":"closed","sticky":false,"template":"","format":"standard","meta":{"_acf_changed":false,"_crdt_document":"","inline_featured_image":false,"footnotes":""},"categories":[67],"tags":[65754,4952,1843],"class_list":["post-129352","post","type-post","status-publish","format-standard","has-post-thumbnail","hentry","category-leone-xiv","tag-ai-vescovi-del-sinodo-della-chiesa-greco-cattolica-ucraina","tag-trending-it","tag-udienza"],"acf":[],"yoast_head":"<!-- This site is optimized with the Yoast SEO plugin v27.5 - https:\/\/yoast.com\/product\/yoast-seo-wordpress\/ -->\n<title>Il Papa: La Santa Madre di Dio \u00e8 con noi. Prego affinch\u00e9 la pace torni al pi\u00f9 presto nella vostra patria &#8211; Exaudi<\/title>\n<meta name=\"robots\" content=\"index, follow, max-snippet:-1, max-image-preview:large, max-video-preview:-1\" \/>\n<link rel=\"canonical\" href=\"https:\/\/exaudi.org\/it\/il-papa-la-santa-madre-di-dio-e-con-noi-prego-affinche-la-pace-torni-al-piu-presto-nella-vostra-patria\/\" \/>\n<meta property=\"og:locale\" content=\"it_IT\" \/>\n<meta property=\"og:type\" content=\"article\" \/>\n<meta property=\"og:title\" content=\"Il Papa: La Santa Madre di Dio \u00e8 con noi. Prego affinch\u00e9 la pace torni al pi\u00f9 presto nella vostra patria &#8211; Exaudi\" \/>\n<meta property=\"og:description\" content=\"Udienza ai Vescovi del Sinodo della Chiesa Greco-Cattolica Ucraina\" \/>\n<meta property=\"og:url\" content=\"https:\/\/exaudi.org\/it\/il-papa-la-santa-madre-di-dio-e-con-noi-prego-affinche-la-pace-torni-al-piu-presto-nella-vostra-patria\/\" \/>\n<meta property=\"og:site_name\" content=\"Exaudi\" \/>\n<meta property=\"article:publisher\" content=\"https:\/\/www.facebook.com\/ExaudiNews\" \/>\n<meta property=\"article:author\" content=\"https:\/\/www.facebook.com\/ExaudiNotizie\/\" \/>\n<meta property=\"article:published_time\" content=\"2025-07-03T16:37:19+00:00\" \/>\n<meta property=\"og:image\" content=\"https:\/\/exaudi.org\/wp-content\/uploads\/2025\/07\/cq5dam.web_.800.800-2025-07-03T104321.211.jpeg\" \/>\n\t<meta property=\"og:image:width\" content=\"800\" \/>\n\t<meta property=\"og:image:height\" content=\"533\" \/>\n\t<meta property=\"og:image:type\" content=\"image\/jpeg\" \/>\n<meta name=\"author\" content=\"Exaudi Redazione\" \/>\n<meta name=\"twitter:card\" content=\"summary_large_image\" \/>\n<meta name=\"twitter:creator\" content=\"@Exaudi_Notizie\" \/>\n<meta name=\"twitter:site\" content=\"@Exaudi_News\" \/>\n<meta name=\"twitter:label1\" content=\"Scritto da\" \/>\n\t<meta name=\"twitter:data1\" content=\"Exaudi Redazione\" \/>\n\t<meta name=\"twitter:label2\" content=\"Tempo di lettura stimato\" \/>\n\t<meta name=\"twitter:data2\" content=\"2 minuti\" \/>\n<script type=\"application\/ld+json\" class=\"yoast-schema-graph\">{\"@context\":\"https:\\\/\\\/schema.org\",\"@graph\":[{\"@type\":\"Article\",\"@id\":\"https:\\\/\\\/exaudi.org\\\/it\\\/il-papa-la-santa-madre-di-dio-e-con-noi-prego-affinche-la-pace-torni-al-piu-presto-nella-vostra-patria\\\/#article\",\"isPartOf\":{\"@id\":\"https:\\\/\\\/exaudi.org\\\/it\\\/il-papa-la-santa-madre-di-dio-e-con-noi-prego-affinche-la-pace-torni-al-piu-presto-nella-vostra-patria\\\/\"},\"author\":{\"name\":\"Exaudi Redazione\",\"@id\":\"https:\\\/\\\/exaudi.org\\\/#\\\/schema\\\/person\\\/e1ab6ed07c01774724dd96f925f3a5f0\"},\"headline\":\"Il Papa: La Santa Madre di Dio \u00e8 con noi. Prego affinch\u00e9 la pace torni al pi\u00f9 presto nella vostra patria\",\"datePublished\":\"2025-07-03T16:37:19+00:00\",\"mainEntityOfPage\":{\"@id\":\"https:\\\/\\\/exaudi.org\\\/it\\\/il-papa-la-santa-madre-di-dio-e-con-noi-prego-affinche-la-pace-torni-al-piu-presto-nella-vostra-patria\\\/\"},\"wordCount\":475,\"image\":{\"@id\":\"https:\\\/\\\/exaudi.org\\\/it\\\/il-papa-la-santa-madre-di-dio-e-con-noi-prego-affinche-la-pace-torni-al-piu-presto-nella-vostra-patria\\\/#primaryimage\"},\"thumbnailUrl\":\"https:\\\/\\\/exaudi.org\\\/wp-content\\\/uploads\\\/2025\\\/07\\\/cq5dam.web_.800.800-2025-07-03T104321.211.jpeg\",\"keywords\":[\"Ai Vescovi del Sinodo della Chiesa Greco-Cattolica Ucraina\",\"Trending\",\"udienza\"],\"articleSection\":[\"Leone XIV\"],\"inLanguage\":\"it-IT\"},{\"@type\":\"WebPage\",\"@id\":\"https:\\\/\\\/exaudi.org\\\/it\\\/il-papa-la-santa-madre-di-dio-e-con-noi-prego-affinche-la-pace-torni-al-piu-presto-nella-vostra-patria\\\/\",\"url\":\"https:\\\/\\\/exaudi.org\\\/it\\\/il-papa-la-santa-madre-di-dio-e-con-noi-prego-affinche-la-pace-torni-al-piu-presto-nella-vostra-patria\\\/\",\"name\":\"Il Papa: La Santa Madre di Dio \u00e8 con noi. Prego affinch\u00e9 la pace torni al pi\u00f9 presto nella vostra patria &#8211; Exaudi\",\"isPartOf\":{\"@id\":\"https:\\\/\\\/exaudi.org\\\/#website\"},\"primaryImageOfPage\":{\"@id\":\"https:\\\/\\\/exaudi.org\\\/it\\\/il-papa-la-santa-madre-di-dio-e-con-noi-prego-affinche-la-pace-torni-al-piu-presto-nella-vostra-patria\\\/#primaryimage\"},\"image\":{\"@id\":\"https:\\\/\\\/exaudi.org\\\/it\\\/il-papa-la-santa-madre-di-dio-e-con-noi-prego-affinche-la-pace-torni-al-piu-presto-nella-vostra-patria\\\/#primaryimage\"},\"thumbnailUrl\":\"https:\\\/\\\/exaudi.org\\\/wp-content\\\/uploads\\\/2025\\\/07\\\/cq5dam.web_.800.800-2025-07-03T104321.211.jpeg\",\"datePublished\":\"2025-07-03T16:37:19+00:00\",\"author\":{\"@id\":\"https:\\\/\\\/exaudi.org\\\/#\\\/schema\\\/person\\\/e1ab6ed07c01774724dd96f925f3a5f0\"},\"breadcrumb\":{\"@id\":\"https:\\\/\\\/exaudi.org\\\/it\\\/il-papa-la-santa-madre-di-dio-e-con-noi-prego-affinche-la-pace-torni-al-piu-presto-nella-vostra-patria\\\/#breadcrumb\"},\"inLanguage\":\"it-IT\",\"potentialAction\":[{\"@type\":\"ReadAction\",\"target\":[\"https:\\\/\\\/exaudi.org\\\/it\\\/il-papa-la-santa-madre-di-dio-e-con-noi-prego-affinche-la-pace-torni-al-piu-presto-nella-vostra-patria\\\/\"]}]},{\"@type\":\"ImageObject\",\"inLanguage\":\"it-IT\",\"@id\":\"https:\\\/\\\/exaudi.org\\\/it\\\/il-papa-la-santa-madre-di-dio-e-con-noi-prego-affinche-la-pace-torni-al-piu-presto-nella-vostra-patria\\\/#primaryimage\",\"url\":\"https:\\\/\\\/exaudi.org\\\/wp-content\\\/uploads\\\/2025\\\/07\\\/cq5dam.web_.800.800-2025-07-03T104321.211.jpeg\",\"contentUrl\":\"https:\\\/\\\/exaudi.org\\\/wp-content\\\/uploads\\\/2025\\\/07\\\/cq5dam.web_.800.800-2025-07-03T104321.211.jpeg\",\"width\":800,\"height\":533},{\"@type\":\"BreadcrumbList\",\"@id\":\"https:\\\/\\\/exaudi.org\\\/it\\\/il-papa-la-santa-madre-di-dio-e-con-noi-prego-affinche-la-pace-torni-al-piu-presto-nella-vostra-patria\\\/#breadcrumb\",\"itemListElement\":[{\"@type\":\"ListItem\",\"position\":1,\"name\":\"Portada\",\"item\":\"https:\\\/\\\/exaudi.org\\\/it\\\/\"},{\"@type\":\"ListItem\",\"position\":2,\"name\":\"Il Papa: La Santa Madre di Dio \u00e8 con noi. Prego affinch\u00e9 la pace torni al pi\u00f9 presto nella vostra patria\"}]},{\"@type\":\"WebSite\",\"@id\":\"https:\\\/\\\/exaudi.org\\\/#website\",\"url\":\"https:\\\/\\\/exaudi.org\\\/\",\"name\":\"Exaudi\",\"description\":\"News\",\"potentialAction\":[{\"@type\":\"SearchAction\",\"target\":{\"@type\":\"EntryPoint\",\"urlTemplate\":\"https:\\\/\\\/exaudi.org\\\/?s={search_term_string}\"},\"query-input\":{\"@type\":\"PropertyValueSpecification\",\"valueRequired\":true,\"valueName\":\"search_term_string\"}}],\"inLanguage\":\"it-IT\"},{\"@type\":\"Person\",\"@id\":\"https:\\\/\\\/exaudi.org\\\/#\\\/schema\\\/person\\\/e1ab6ed07c01774724dd96f925f3a5f0\",\"name\":\"Exaudi Redazione\",\"image\":{\"@type\":\"ImageObject\",\"inLanguage\":\"it-IT\",\"@id\":\"https:\\\/\\\/secure.gravatar.com\\\/avatar\\\/ad6774b3ada023bf5b939d64f45c94b3adf91502dd883507d469b4308a943bb3?s=96&d=mm&r=g\",\"url\":\"https:\\\/\\\/secure.gravatar.com\\\/avatar\\\/ad6774b3ada023bf5b939d64f45c94b3adf91502dd883507d469b4308a943bb3?s=96&d=mm&r=g\",\"contentUrl\":\"https:\\\/\\\/secure.gravatar.com\\\/avatar\\\/ad6774b3ada023bf5b939d64f45c94b3adf91502dd883507d469b4308a943bb3?s=96&d=mm&r=g\",\"caption\":\"Exaudi Redazione\"},\"description\":\"Che cosa \u00e8 Exaudi News? Exaudi News \u00e8 un agenzia cattolica internazionale che informa, istruisce e trasforma quotidianamente in spagnolo, inglese e italiano. Attraverso notizie, articoli di analisi e trasmissioni in diretta degli eventi del Papa, Exaudi cerca di rafforzare l'unit\u00e0 dei cristiani e di contribuire all'evangelizzazione del mondo, sempre guidato dalla dottrina sociale della Chiesa. Lavoriamo per portare la verit\u00e0 e i valori cristiani in ogni angolo del pianeta. Aiutaci a trasformare il mondo con Exaudi! Noi di Exaudi crediamo che l'evangelizzazione e l'informazione di qualit\u00e0 possano cambiare la vita. Per continuare la nostra missione ed espandere la nostra portata, abbiamo bisogno del tuo aiuto. Stiamo anche cercando persone motivate che vogliano unirsi al nostro team. Grazie al vostro sostegno raggiungeremo pi\u00f9 persone, diffonderemo il messaggio di Cristo e rafforzeremo l'unit\u00e0 dei cristiani. Vuoi unirti alla nostra missione? Per maggiori informazioni su come contribuire, visita Exaudi.org\\\/it o contattaci direttamente: info@exaudi.org Exaudi: informa, forma e trasforma.\",\"sameAs\":[\"https:\\\/\\\/www.facebook.com\\\/ExaudiNotizie\\\/\",\"https:\\\/\\\/www.instagram.com\\\/Exaudi_notizie\\\/\",\"https:\\\/\\\/x.com\\\/Exaudi_Notizie\",\"https:\\\/\\\/www.youtube.com\\\/@exaudicatholicnews\"],\"url\":\"https:\\\/\\\/exaudi.org\\\/it\\\/author\\\/dlvedi-org\\\/\"}]}<\/script>\n<!-- \/ Yoast SEO plugin. -->","yoast_head_json":{"title":"Il Papa: La Santa Madre di Dio \u00e8 con noi. Prego affinch\u00e9 la pace torni al pi\u00f9 presto nella vostra patria &#8211; Exaudi","robots":{"index":"index","follow":"follow","max-snippet":"max-snippet:-1","max-image-preview":"max-image-preview:large","max-video-preview":"max-video-preview:-1"},"canonical":"https:\/\/exaudi.org\/it\/il-papa-la-santa-madre-di-dio-e-con-noi-prego-affinche-la-pace-torni-al-piu-presto-nella-vostra-patria\/","og_locale":"it_IT","og_type":"article","og_title":"Il Papa: La Santa Madre di Dio \u00e8 con noi. Prego affinch\u00e9 la pace torni al pi\u00f9 presto nella vostra patria &#8211; Exaudi","og_description":"Udienza ai Vescovi del Sinodo della Chiesa Greco-Cattolica Ucraina","og_url":"https:\/\/exaudi.org\/it\/il-papa-la-santa-madre-di-dio-e-con-noi-prego-affinche-la-pace-torni-al-piu-presto-nella-vostra-patria\/","og_site_name":"Exaudi","article_publisher":"https:\/\/www.facebook.com\/ExaudiNews","article_author":"https:\/\/www.facebook.com\/ExaudiNotizie\/","article_published_time":"2025-07-03T16:37:19+00:00","og_image":[{"width":800,"height":533,"url":"https:\/\/exaudi.org\/wp-content\/uploads\/2025\/07\/cq5dam.web_.800.800-2025-07-03T104321.211.jpeg","type":"image\/jpeg"}],"author":"Exaudi Redazione","twitter_card":"summary_large_image","twitter_creator":"@Exaudi_Notizie","twitter_site":"@Exaudi_News","twitter_misc":{"Scritto da":"Exaudi Redazione","Tempo di lettura stimato":"2 minuti"},"schema":{"@context":"https:\/\/schema.org","@graph":[{"@type":"Article","@id":"https:\/\/exaudi.org\/it\/il-papa-la-santa-madre-di-dio-e-con-noi-prego-affinche-la-pace-torni-al-piu-presto-nella-vostra-patria\/#article","isPartOf":{"@id":"https:\/\/exaudi.org\/it\/il-papa-la-santa-madre-di-dio-e-con-noi-prego-affinche-la-pace-torni-al-piu-presto-nella-vostra-patria\/"},"author":{"name":"Exaudi Redazione","@id":"https:\/\/exaudi.org\/#\/schema\/person\/e1ab6ed07c01774724dd96f925f3a5f0"},"headline":"Il Papa: La Santa Madre di Dio \u00e8 con noi. Prego affinch\u00e9 la pace torni al pi\u00f9 presto nella vostra patria","datePublished":"2025-07-03T16:37:19+00:00","mainEntityOfPage":{"@id":"https:\/\/exaudi.org\/it\/il-papa-la-santa-madre-di-dio-e-con-noi-prego-affinche-la-pace-torni-al-piu-presto-nella-vostra-patria\/"},"wordCount":475,"image":{"@id":"https:\/\/exaudi.org\/it\/il-papa-la-santa-madre-di-dio-e-con-noi-prego-affinche-la-pace-torni-al-piu-presto-nella-vostra-patria\/#primaryimage"},"thumbnailUrl":"https:\/\/exaudi.org\/wp-content\/uploads\/2025\/07\/cq5dam.web_.800.800-2025-07-03T104321.211.jpeg","keywords":["Ai Vescovi del Sinodo della Chiesa Greco-Cattolica Ucraina","Trending","udienza"],"articleSection":["Leone XIV"],"inLanguage":"it-IT"},{"@type":"WebPage","@id":"https:\/\/exaudi.org\/it\/il-papa-la-santa-madre-di-dio-e-con-noi-prego-affinche-la-pace-torni-al-piu-presto-nella-vostra-patria\/","url":"https:\/\/exaudi.org\/it\/il-papa-la-santa-madre-di-dio-e-con-noi-prego-affinche-la-pace-torni-al-piu-presto-nella-vostra-patria\/","name":"Il Papa: La Santa Madre di Dio \u00e8 con noi. Prego affinch\u00e9 la pace torni al pi\u00f9 presto nella vostra patria &#8211; Exaudi","isPartOf":{"@id":"https:\/\/exaudi.org\/#website"},"primaryImageOfPage":{"@id":"https:\/\/exaudi.org\/it\/il-papa-la-santa-madre-di-dio-e-con-noi-prego-affinche-la-pace-torni-al-piu-presto-nella-vostra-patria\/#primaryimage"},"image":{"@id":"https:\/\/exaudi.org\/it\/il-papa-la-santa-madre-di-dio-e-con-noi-prego-affinche-la-pace-torni-al-piu-presto-nella-vostra-patria\/#primaryimage"},"thumbnailUrl":"https:\/\/exaudi.org\/wp-content\/uploads\/2025\/07\/cq5dam.web_.800.800-2025-07-03T104321.211.jpeg","datePublished":"2025-07-03T16:37:19+00:00","author":{"@id":"https:\/\/exaudi.org\/#\/schema\/person\/e1ab6ed07c01774724dd96f925f3a5f0"},"breadcrumb":{"@id":"https:\/\/exaudi.org\/it\/il-papa-la-santa-madre-di-dio-e-con-noi-prego-affinche-la-pace-torni-al-piu-presto-nella-vostra-patria\/#breadcrumb"},"inLanguage":"it-IT","potentialAction":[{"@type":"ReadAction","target":["https:\/\/exaudi.org\/it\/il-papa-la-santa-madre-di-dio-e-con-noi-prego-affinche-la-pace-torni-al-piu-presto-nella-vostra-patria\/"]}]},{"@type":"ImageObject","inLanguage":"it-IT","@id":"https:\/\/exaudi.org\/it\/il-papa-la-santa-madre-di-dio-e-con-noi-prego-affinche-la-pace-torni-al-piu-presto-nella-vostra-patria\/#primaryimage","url":"https:\/\/exaudi.org\/wp-content\/uploads\/2025\/07\/cq5dam.web_.800.800-2025-07-03T104321.211.jpeg","contentUrl":"https:\/\/exaudi.org\/wp-content\/uploads\/2025\/07\/cq5dam.web_.800.800-2025-07-03T104321.211.jpeg","width":800,"height":533},{"@type":"BreadcrumbList","@id":"https:\/\/exaudi.org\/it\/il-papa-la-santa-madre-di-dio-e-con-noi-prego-affinche-la-pace-torni-al-piu-presto-nella-vostra-patria\/#breadcrumb","itemListElement":[{"@type":"ListItem","position":1,"name":"Portada","item":"https:\/\/exaudi.org\/it\/"},{"@type":"ListItem","position":2,"name":"Il Papa: La Santa Madre di Dio \u00e8 con noi. Prego affinch\u00e9 la pace torni al pi\u00f9 presto nella vostra patria"}]},{"@type":"WebSite","@id":"https:\/\/exaudi.org\/#website","url":"https:\/\/exaudi.org\/","name":"Exaudi","description":"News","potentialAction":[{"@type":"SearchAction","target":{"@type":"EntryPoint","urlTemplate":"https:\/\/exaudi.org\/?s={search_term_string}"},"query-input":{"@type":"PropertyValueSpecification","valueRequired":true,"valueName":"search_term_string"}}],"inLanguage":"it-IT"},{"@type":"Person","@id":"https:\/\/exaudi.org\/#\/schema\/person\/e1ab6ed07c01774724dd96f925f3a5f0","name":"Exaudi Redazione","image":{"@type":"ImageObject","inLanguage":"it-IT","@id":"https:\/\/secure.gravatar.com\/avatar\/ad6774b3ada023bf5b939d64f45c94b3adf91502dd883507d469b4308a943bb3?s=96&d=mm&r=g","url":"https:\/\/secure.gravatar.com\/avatar\/ad6774b3ada023bf5b939d64f45c94b3adf91502dd883507d469b4308a943bb3?s=96&d=mm&r=g","contentUrl":"https:\/\/secure.gravatar.com\/avatar\/ad6774b3ada023bf5b939d64f45c94b3adf91502dd883507d469b4308a943bb3?s=96&d=mm&r=g","caption":"Exaudi Redazione"},"description":"Che cosa \u00e8 Exaudi News? Exaudi News \u00e8 un agenzia cattolica internazionale che informa, istruisce e trasforma quotidianamente in spagnolo, inglese e italiano. Attraverso notizie, articoli di analisi e trasmissioni in diretta degli eventi del Papa, Exaudi cerca di rafforzare l'unit\u00e0 dei cristiani e di contribuire all'evangelizzazione del mondo, sempre guidato dalla dottrina sociale della Chiesa. Lavoriamo per portare la verit\u00e0 e i valori cristiani in ogni angolo del pianeta. Aiutaci a trasformare il mondo con Exaudi! Noi di Exaudi crediamo che l'evangelizzazione e l'informazione di qualit\u00e0 possano cambiare la vita. Per continuare la nostra missione ed espandere la nostra portata, abbiamo bisogno del tuo aiuto. Stiamo anche cercando persone motivate che vogliano unirsi al nostro team. Grazie al vostro sostegno raggiungeremo pi\u00f9 persone, diffonderemo il messaggio di Cristo e rafforzeremo l'unit\u00e0 dei cristiani. Vuoi unirti alla nostra missione? Per maggiori informazioni su come contribuire, visita Exaudi.org\/it o contattaci direttamente: info@exaudi.org Exaudi: informa, forma e trasforma.","sameAs":["https:\/\/www.facebook.com\/ExaudiNotizie\/","https:\/\/www.instagram.com\/Exaudi_notizie\/","https:\/\/x.com\/Exaudi_Notizie","https:\/\/www.youtube.com\/@exaudicatholicnews"],"url":"https:\/\/exaudi.org\/it\/author\/dlvedi-org\/"}]}},"jetpack_featured_media_url":"https:\/\/exaudi.org\/wp-content\/uploads\/2025\/07\/cq5dam.web_.800.800-2025-07-03T104321.211.jpeg","jetpack_shortlink":"https:\/\/wp.me\/pgKjF2-xEk","_links":{"self":[{"href":"https:\/\/exaudi.org\/it\/wp-json\/wp\/v2\/posts\/129352","targetHints":{"allow":["GET"]}}],"collection":[{"href":"https:\/\/exaudi.org\/it\/wp-json\/wp\/v2\/posts"}],"about":[{"href":"https:\/\/exaudi.org\/it\/wp-json\/wp\/v2\/types\/post"}],"author":[{"embeddable":true,"href":"https:\/\/exaudi.org\/it\/wp-json\/wp\/v2\/users\/17"}],"replies":[{"embeddable":true,"href":"https:\/\/exaudi.org\/it\/wp-json\/wp\/v2\/comments?post=129352"}],"version-history":[{"count":1,"href":"https:\/\/exaudi.org\/it\/wp-json\/wp\/v2\/posts\/129352\/revisions"}],"predecessor-version":[{"id":129353,"href":"https:\/\/exaudi.org\/it\/wp-json\/wp\/v2\/posts\/129352\/revisions\/129353"}],"wp:featuredmedia":[{"embeddable":true,"href":"https:\/\/exaudi.org\/it\/wp-json\/wp\/v2\/media\/129351"}],"wp:attachment":[{"href":"https:\/\/exaudi.org\/it\/wp-json\/wp\/v2\/media?parent=129352"}],"wp:term":[{"taxonomy":"category","embeddable":true,"href":"https:\/\/exaudi.org\/it\/wp-json\/wp\/v2\/categories?post=129352"},{"taxonomy":"post_tag","embeddable":true,"href":"https:\/\/exaudi.org\/it\/wp-json\/wp\/v2\/tags?post=129352"}],"curies":[{"name":"wp","href":"https:\/\/api.w.org\/{rel}","templated":true}]}}