{"id":129342,"date":"2025-07-02T20:18:34","date_gmt":"2025-07-02T18:18:34","guid":{"rendered":"https:\/\/exaudi.org\/?p=129342"},"modified":"2025-07-02T20:18:34","modified_gmt":"2025-07-02T18:18:34","slug":"quando-le-cure-falliscono-leutanasia-avanza-una-china-scivolosa-in-spagna","status":"publish","type":"post","link":"https:\/\/exaudi.org\/it\/quando-le-cure-falliscono-leutanasia-avanza-una-china-scivolosa-in-spagna\/","title":{"rendered":"Quando le cure falliscono, l&#8217;eutanasia avanza: una china scivolosa in Spagna"},"content":{"rendered":"<p class=\"ai-optimize-6\"><strong><a href=\"https:\/\/www.boe.es\/diario_boe\/txt.php?id=BOE-A-2021-4628\" target=\"_blank\" rel=\"noopener\"><span style=\"vertical-align: inherit\"><span style=\"vertical-align: inherit\">Da quando la legge sull&#8217;eutanasia<\/span><\/span><\/a><\/strong><span style=\"vertical-align: inherit\"><span style=\"vertical-align: inherit\"> \u00e8 entrata in vigore\u00a0 <\/span><span style=\"vertical-align: inherit\">\u00a0quattro anni fa, in Spagna sono state concesse pi\u00f9 di 1.000 eutanasie. Nello specifico, mentre fino all&#8217;anno scorso sono state eseguite 1.034 eutanasie, secondo l&#8217;associazione Right to Die with Dignity, nel 2025 questa cifra ha gi\u00e0 superato le 1.300. Al momento, oltre il 40% delle richieste di assistenza al suicidio sarebbe stato approvato.<\/span><\/span><\/p>\n<p class=\"ai-optimize-7\"><span style=\"vertical-align: inherit\"><span style=\"vertical-align: inherit\">&#8220;Siamo all&#8217;inizio del fenomeno della china scivolosa&#8221;, afferma Julio Tudela, direttore dell&#8217;Osservatorio\u00a0 <\/span><\/span><strong><a href=\"https:\/\/www.observatoriobioetica.org\/\" target=\"_blank\" rel=\"noreferrer noopener\"><span style=\"vertical-align: inherit\"><span style=\"vertical-align: inherit\">di bioetica dell&#8217;Universit\u00e0 Cattolica di Valencia<\/span><\/span><\/a><\/strong><span style=\"vertical-align: inherit\"><span style=\"vertical-align: inherit\"> , che spiega che &#8220;abbiamo gi\u00e0 superato le iniziali resistenze legali all&#8217;idea di rendere illegale l&#8217;omicidio deliberato&#8221;.<\/span><\/span><\/p>\n<p><img loading=\"lazy\" decoding=\"async\" class=\"size-full wp-image-129272 alignnone\" src=\"https:\/\/exaudi.org\/wp-content\/uploads\/2025\/07\/manos-1320x371.png.jpg\" alt=\"\" width=\"1320\" height=\"371\" srcset=\"https:\/\/exaudi.org\/wp-content\/uploads\/2025\/07\/manos-1320x371.png.jpg 1320w, https:\/\/exaudi.org\/wp-content\/uploads\/2025\/07\/manos-1320x371.png-300x84.jpg 300w, https:\/\/exaudi.org\/wp-content\/uploads\/2025\/07\/manos-1320x371.png-1024x288.jpg 1024w, https:\/\/exaudi.org\/wp-content\/uploads\/2025\/07\/manos-1320x371.png-770x216.jpg 770w, https:\/\/exaudi.org\/wp-content\/uploads\/2025\/07\/manos-1320x371.png-500x141.jpg 500w\" sizes=\"auto, (max-width: 1320px) 100vw, 1320px\" \/><\/p>\n<p class=\"ai-optimize-8\"><span style=\"vertical-align: inherit\"><span style=\"vertical-align: inherit\">Una volta superata la &#8220;prima linea rossa&#8221; dell&#8217;approvazione legale, &#8220;ci\u00f2 che ci attende \u00e8 un graduale processo di allentamento&#8221;, qualcosa gi\u00e0 osservato in nazioni con maggiore esperienza in questo campo, come Paesi Bassi e Belgio. &#8220;A poco a poco, il campo di applicazione si sta ampliando per includere pi\u00f9 casi di quelli inizialmente consentiti, e cos\u00ec ora raggiungiamo pazienti senza dolore intrattabile, che non sono in fin di vita, con malattie mentali, senza consenso, con depressione, stanchi di vivere, o pazienti senza alcuna patologia, e l&#8217;eutanasia viene applicata persino ai minori&#8221;, afferma Tudela.<\/span><\/span><\/p>\n<p class=\"ai-optimize-9\"><span style=\"vertical-align: inherit\"><span style=\"vertical-align: inherit\">In Spagna siamo &#8220;in una fase di iniziale allentamento&#8221; quando si tratta di definire i criteri per l&#8217;applicazione dell&#8217;eutanasia, motivo per cui il presidente dell&#8217;Osservatorio di bioetica avverte che &#8220;il peso della decisione ricade sempre pi\u00f9 sul paziente, quindi ci\u00f2 che conta \u00e8 ci\u00f2 che dice autonomamente&#8221;.<\/span><\/span><\/p>\n<p class=\"ai-optimize-10\"><span style=\"vertical-align: inherit\"><span style=\"vertical-align: inherit\">Dopo questa prima fase, si verifica il &#8220;contagio sociale,\u00a0 <\/span><\/span><strong><a href=\"https:\/\/alfayomega.es\/la-ley-de-eutanasia-esta-produciendo-un-fenomeno-llamada\/\" target=\"_blank\" rel=\"noreferrer noopener\"><span style=\"vertical-align: inherit\"><span style=\"vertical-align: inherit\">l&#8217;effetto mimetico<\/span><\/span><\/a><\/strong><span style=\"vertical-align: inherit\"><span style=\"vertical-align: inherit\"> &#8220;, per cui &#8220;se un atteggiamento inizialmente socialmente riprovevole viene ripetuto con frequenza crescente, alterer\u00e0 la percezione morale del resto della popolazione&#8221;. Questo fenomeno sta gi\u00e0 influenzando il settore medico, poich\u00e9 &#8220;se aumenta il numero di medici permissivi all&#8217;eutanasia, questo si estender\u00e0 ai loro colleghi&#8221;.<\/span><\/span><\/p>\n<p class=\"ai-optimize-11\"><span style=\"vertical-align: inherit\"><span style=\"vertical-align: inherit\">Tutto questo accade &#8220;quando la societ\u00e0 ha un&#8217;educazione meno etica, perch\u00e9 si limita a ripetere acriticamente i comportamenti del gregge circostante&#8221;. Per Tudela, &#8220;questo \u00e8 il problema di fondo, sia tra le persone in generale che tra i medici&#8221;, definendolo &#8220;analfabetismo bioetico&#8221;.<\/span><\/span><\/p>\n<p class=\"ai-optimize-12\"><span style=\"vertical-align: inherit\"><span style=\"vertical-align: inherit\">In terzo luogo, Julio Tudela denuncia &#8220;il fallimento delle cure palliative in Spagna&#8221;, stimando che 70.000 pazienti in Spagna muoiano a causa di un dolore intenso ed evitabile perch\u00e9 non vengono fornite le cure palliative di cui hanno bisogno. &#8220;Questo \u00e8 il carburante per l&#8217;eutanasia, la negligenza riguardo a questo problema&#8221;, lamenta, menzionando esplicitamente i pazienti affetti da SLA e una legge annunciata per loro che deve ancora essere approvata. &#8220;Dove li stiamo spingendo?&#8221;, conclude.<\/span><\/span><\/p>\n<ul>\n<li class=\"ai-optimize-7\"><strong><a href=\"https:\/\/alfayomega.es\/las-1-300-muertes-por-eutanasia-en-espana-reflejan-el-analfabetismo-etico-de-la-sociedad-y-de-los-medicos\/\" target=\"_blank\" rel=\"noopener\"><span style=\"vertical-align: inherit\"><span style=\"vertical-align: inherit\">Articolo pubblicato su Alfa y Omega<\/span><\/span><\/a><\/strong><\/li>\n<\/ul>\n","protected":false},"excerpt":{"rendered":"<p>Il fallimento delle cure palliative in Spagna \u00e8 alla base dell&#8217;aumento dei casi di eutanasia<\/p>\n","protected":false},"author":87,"featured_media":129268,"comment_status":"closed","ping_status":"closed","sticky":false,"template":"","format":"standard","meta":{"_acf_changed":false,"_crdt_document":"","inline_featured_image":false,"footnotes":""},"categories":[71],"tags":[32491,6083,65731,65732,65733,5907,25280,65736,65735,65737,65738,12866,65739,43102,22373,12870,65734,65740,4952,14154],"class_list":["post-129342","post","type-post","status-publish","format-standard","has-post-thumbnail","hentry","category-analisi","tag-medicina-palliativa","tag-bioetica-it","tag-casi-di-eutanasia-in-spagna","tag-crisi-delletica-sanitaria","tag-cure-di-fine-vita","tag-cure-palliative","tag-etica-medica-2","tag-eutanasia-dei-minori","tag-eutanasia-in-spagna","tag-eutanasia-senza-consenso","tag-fallimento-delle-cure-palliative-in-spagna","tag-julio-tudela-2","tag-la-china-scivolosa-delleutanasia","tag-legislazione-sulleutanasia","tag-osservatorio-di-bioetica","tag-osservatorio-di-bioetica-delluniversita-cattolica-di-valencia","tag-pazienti-con-sla","tag-sofferenza-evitabile","tag-trending-it","tag-universita-cattolica-di-valencia"],"acf":[],"yoast_head":"<!-- This site is optimized with the Yoast SEO plugin v27.4 - https:\/\/yoast.com\/product\/yoast-seo-wordpress\/ -->\n<title>Quando le cure falliscono, l&#039;eutanasia avanza: una china scivolosa in Spagna &#8211; Exaudi<\/title>\n<meta name=\"robots\" content=\"index, follow, max-snippet:-1, max-image-preview:large, max-video-preview:-1\" \/>\n<link rel=\"canonical\" href=\"https:\/\/exaudi.org\/it\/quando-le-cure-falliscono-leutanasia-avanza-una-china-scivolosa-in-spagna\/\" \/>\n<meta property=\"og:locale\" content=\"it_IT\" \/>\n<meta property=\"og:type\" content=\"article\" \/>\n<meta property=\"og:title\" content=\"Quando le cure falliscono, l&#039;eutanasia avanza: una china scivolosa in Spagna &#8211; Exaudi\" \/>\n<meta property=\"og:description\" content=\"Il fallimento delle cure palliative in Spagna \u00e8 alla base dell&#039;aumento dei casi di eutanasia\" \/>\n<meta property=\"og:url\" content=\"https:\/\/exaudi.org\/it\/quando-le-cure-falliscono-leutanasia-avanza-una-china-scivolosa-in-spagna\/\" \/>\n<meta property=\"og:site_name\" content=\"Exaudi\" \/>\n<meta property=\"article:publisher\" content=\"https:\/\/www.facebook.com\/ExaudiNews\" \/>\n<meta property=\"article:author\" content=\"https:\/\/www.facebook.com\/observatoriodebioetica\/\" \/>\n<meta property=\"article:published_time\" content=\"2025-07-02T18:18:34+00:00\" \/>\n<meta property=\"og:image\" content=\"https:\/\/exaudi.org\/wp-content\/uploads\/2025\/07\/eutanasiaweb-scaled.jpg-scaled.jpg\" \/>\n\t<meta property=\"og:image:width\" content=\"2560\" \/>\n\t<meta property=\"og:image:height\" content=\"994\" \/>\n\t<meta property=\"og:image:type\" content=\"image\/jpeg\" \/>\n<meta name=\"author\" content=\"Observatorio de Bio\u00e9tica UCV\" \/>\n<meta name=\"twitter:card\" content=\"summary_large_image\" \/>\n<meta name=\"twitter:creator\" content=\"@obioetica\" \/>\n<meta name=\"twitter:site\" content=\"@Exaudi_News\" \/>\n<meta name=\"twitter:label1\" content=\"Scritto da\" \/>\n\t<meta name=\"twitter:data1\" content=\"Observatorio de Bio\u00e9tica UCV\" \/>\n\t<meta name=\"twitter:label2\" content=\"Tempo di lettura stimato\" \/>\n\t<meta name=\"twitter:data2\" content=\"2 minuti\" \/>\n<script type=\"application\/ld+json\" class=\"yoast-schema-graph\">{\"@context\":\"https:\\\/\\\/schema.org\",\"@graph\":[{\"@type\":\"Article\",\"@id\":\"https:\\\/\\\/exaudi.org\\\/it\\\/quando-le-cure-falliscono-leutanasia-avanza-una-china-scivolosa-in-spagna\\\/#article\",\"isPartOf\":{\"@id\":\"https:\\\/\\\/exaudi.org\\\/it\\\/quando-le-cure-falliscono-leutanasia-avanza-una-china-scivolosa-in-spagna\\\/\"},\"author\":{\"name\":\"Observatorio de Bio\u00e9tica UCV\",\"@id\":\"https:\\\/\\\/exaudi.org\\\/#\\\/schema\\\/person\\\/05d1c06e56ecb5490e9bff0d27026595\"},\"headline\":\"Quando le cure falliscono, l&#8217;eutanasia avanza: una china scivolosa in Spagna\",\"datePublished\":\"2025-07-02T18:18:34+00:00\",\"mainEntityOfPage\":{\"@id\":\"https:\\\/\\\/exaudi.org\\\/it\\\/quando-le-cure-falliscono-leutanasia-avanza-una-china-scivolosa-in-spagna\\\/\"},\"wordCount\":432,\"image\":{\"@id\":\"https:\\\/\\\/exaudi.org\\\/it\\\/quando-le-cure-falliscono-leutanasia-avanza-una-china-scivolosa-in-spagna\\\/#primaryimage\"},\"thumbnailUrl\":\"https:\\\/\\\/exaudi.org\\\/wp-content\\\/uploads\\\/2025\\\/07\\\/eutanasiaweb-scaled.jpg-scaled.jpg\",\"keywords\":[\"\\\"Medicina palliativa\\\"\",\"Bio\u00e9tica\",\"casi di eutanasia in Spagna\",\"crisi dell'etica sanitaria\",\"Cure di fine vita\",\"cure palliative\",\"Etica medica\",\"eutanasia dei minori\",\"eutanasia in Spagna\",\"eutanasia senza consenso\",\"fallimento delle cure palliative in Spagna\",\"JULIO TUDELA\",\"la china scivolosa dell'eutanasia\",\"legislazione sull'eutanasia\",\"Osservatorio di bioetica\",\"OSSERVATORIO DI BIOETICA DELL'UNIVERSIT\u00c0 CATTOLICA DI VALENCIA\",\"Pazienti con SLA\",\"sofferenza evitabile\",\"Trending\",\"UNIVERSIT\u00c0 CATTOLICA DI VALENCIA\"],\"articleSection\":[\"Analisi\"],\"inLanguage\":\"it-IT\"},{\"@type\":\"WebPage\",\"@id\":\"https:\\\/\\\/exaudi.org\\\/it\\\/quando-le-cure-falliscono-leutanasia-avanza-una-china-scivolosa-in-spagna\\\/\",\"url\":\"https:\\\/\\\/exaudi.org\\\/it\\\/quando-le-cure-falliscono-leutanasia-avanza-una-china-scivolosa-in-spagna\\\/\",\"name\":\"Quando le cure falliscono, l'eutanasia avanza: una china scivolosa in Spagna &#8211; Exaudi\",\"isPartOf\":{\"@id\":\"https:\\\/\\\/exaudi.org\\\/#website\"},\"primaryImageOfPage\":{\"@id\":\"https:\\\/\\\/exaudi.org\\\/it\\\/quando-le-cure-falliscono-leutanasia-avanza-una-china-scivolosa-in-spagna\\\/#primaryimage\"},\"image\":{\"@id\":\"https:\\\/\\\/exaudi.org\\\/it\\\/quando-le-cure-falliscono-leutanasia-avanza-una-china-scivolosa-in-spagna\\\/#primaryimage\"},\"thumbnailUrl\":\"https:\\\/\\\/exaudi.org\\\/wp-content\\\/uploads\\\/2025\\\/07\\\/eutanasiaweb-scaled.jpg-scaled.jpg\",\"datePublished\":\"2025-07-02T18:18:34+00:00\",\"author\":{\"@id\":\"https:\\\/\\\/exaudi.org\\\/#\\\/schema\\\/person\\\/05d1c06e56ecb5490e9bff0d27026595\"},\"breadcrumb\":{\"@id\":\"https:\\\/\\\/exaudi.org\\\/it\\\/quando-le-cure-falliscono-leutanasia-avanza-una-china-scivolosa-in-spagna\\\/#breadcrumb\"},\"inLanguage\":\"it-IT\",\"potentialAction\":[{\"@type\":\"ReadAction\",\"target\":[\"https:\\\/\\\/exaudi.org\\\/it\\\/quando-le-cure-falliscono-leutanasia-avanza-una-china-scivolosa-in-spagna\\\/\"]}]},{\"@type\":\"ImageObject\",\"inLanguage\":\"it-IT\",\"@id\":\"https:\\\/\\\/exaudi.org\\\/it\\\/quando-le-cure-falliscono-leutanasia-avanza-una-china-scivolosa-in-spagna\\\/#primaryimage\",\"url\":\"https:\\\/\\\/exaudi.org\\\/wp-content\\\/uploads\\\/2025\\\/07\\\/eutanasiaweb-scaled.jpg-scaled.jpg\",\"contentUrl\":\"https:\\\/\\\/exaudi.org\\\/wp-content\\\/uploads\\\/2025\\\/07\\\/eutanasiaweb-scaled.jpg-scaled.jpg\",\"width\":2560,\"height\":994},{\"@type\":\"BreadcrumbList\",\"@id\":\"https:\\\/\\\/exaudi.org\\\/it\\\/quando-le-cure-falliscono-leutanasia-avanza-una-china-scivolosa-in-spagna\\\/#breadcrumb\",\"itemListElement\":[{\"@type\":\"ListItem\",\"position\":1,\"name\":\"Portada\",\"item\":\"https:\\\/\\\/exaudi.org\\\/it\\\/\"},{\"@type\":\"ListItem\",\"position\":2,\"name\":\"Quando le cure falliscono, l&#8217;eutanasia avanza: una china scivolosa in Spagna\"}]},{\"@type\":\"WebSite\",\"@id\":\"https:\\\/\\\/exaudi.org\\\/#website\",\"url\":\"https:\\\/\\\/exaudi.org\\\/\",\"name\":\"Exaudi\",\"description\":\"News\",\"potentialAction\":[{\"@type\":\"SearchAction\",\"target\":{\"@type\":\"EntryPoint\",\"urlTemplate\":\"https:\\\/\\\/exaudi.org\\\/?s={search_term_string}\"},\"query-input\":{\"@type\":\"PropertyValueSpecification\",\"valueRequired\":true,\"valueName\":\"search_term_string\"}}],\"inLanguage\":\"it-IT\"},{\"@type\":\"Person\",\"@id\":\"https:\\\/\\\/exaudi.org\\\/#\\\/schema\\\/person\\\/05d1c06e56ecb5490e9bff0d27026595\",\"name\":\"Observatorio de Bio\u00e9tica UCV\",\"image\":{\"@type\":\"ImageObject\",\"inLanguage\":\"it-IT\",\"@id\":\"https:\\\/\\\/secure.gravatar.com\\\/avatar\\\/086563f59595a89fb0851de25d712a03657b1cdfa8af3c9cd0a1ee122fc5d596?s=96&d=mm&r=g\",\"url\":\"https:\\\/\\\/secure.gravatar.com\\\/avatar\\\/086563f59595a89fb0851de25d712a03657b1cdfa8af3c9cd0a1ee122fc5d596?s=96&d=mm&r=g\",\"contentUrl\":\"https:\\\/\\\/secure.gravatar.com\\\/avatar\\\/086563f59595a89fb0851de25d712a03657b1cdfa8af3c9cd0a1ee122fc5d596?s=96&d=mm&r=g\",\"caption\":\"Observatorio de Bio\u00e9tica UCV\"},\"description\":\"El Observatorio de Bio\u00e9tica se encuentra dentro del Instituto Ciencias de la vida de la Universidad Cat\u00f3lica de Valencia \u201cSan Vicente M\u00e1rtir\u201d . En el trasfondo de sus publicaciones, se defiende la vida humana desde la fecundaci\u00f3n a la muerte natural y la dignidad de la persona, teniendo como objetivo aunar esfuerzos para difundir la cultura de la vida como la define la Evangelium Vitae.\",\"sameAs\":[\"https:\\\/\\\/www.observatoriobioetica.org\\\/\",\"https:\\\/\\\/www.facebook.com\\\/observatoriodebioetica\\\/\",\"https:\\\/\\\/x.com\\\/obioetica\",\"https:\\\/\\\/www.youtube.com\\\/channel\\\/UC_Tr4WS5-TXoNo5e1MdQc7w\"],\"url\":\"https:\\\/\\\/exaudi.org\\\/it\\\/author\\\/observatoriodebioeticaucv\\\/\"}]}<\/script>\n<!-- \/ Yoast SEO plugin. -->","yoast_head_json":{"title":"Quando le cure falliscono, l'eutanasia avanza: una china scivolosa in Spagna &#8211; Exaudi","robots":{"index":"index","follow":"follow","max-snippet":"max-snippet:-1","max-image-preview":"max-image-preview:large","max-video-preview":"max-video-preview:-1"},"canonical":"https:\/\/exaudi.org\/it\/quando-le-cure-falliscono-leutanasia-avanza-una-china-scivolosa-in-spagna\/","og_locale":"it_IT","og_type":"article","og_title":"Quando le cure falliscono, l'eutanasia avanza: una china scivolosa in Spagna &#8211; Exaudi","og_description":"Il fallimento delle cure palliative in Spagna \u00e8 alla base dell'aumento dei casi di eutanasia","og_url":"https:\/\/exaudi.org\/it\/quando-le-cure-falliscono-leutanasia-avanza-una-china-scivolosa-in-spagna\/","og_site_name":"Exaudi","article_publisher":"https:\/\/www.facebook.com\/ExaudiNews","article_author":"https:\/\/www.facebook.com\/observatoriodebioetica\/","article_published_time":"2025-07-02T18:18:34+00:00","og_image":[{"width":2560,"height":994,"url":"https:\/\/exaudi.org\/wp-content\/uploads\/2025\/07\/eutanasiaweb-scaled.jpg-scaled.jpg","type":"image\/jpeg"}],"author":"Observatorio de Bio\u00e9tica UCV","twitter_card":"summary_large_image","twitter_creator":"@obioetica","twitter_site":"@Exaudi_News","twitter_misc":{"Scritto da":"Observatorio de Bio\u00e9tica UCV","Tempo di lettura stimato":"2 minuti"},"schema":{"@context":"https:\/\/schema.org","@graph":[{"@type":"Article","@id":"https:\/\/exaudi.org\/it\/quando-le-cure-falliscono-leutanasia-avanza-una-china-scivolosa-in-spagna\/#article","isPartOf":{"@id":"https:\/\/exaudi.org\/it\/quando-le-cure-falliscono-leutanasia-avanza-una-china-scivolosa-in-spagna\/"},"author":{"name":"Observatorio de Bio\u00e9tica UCV","@id":"https:\/\/exaudi.org\/#\/schema\/person\/05d1c06e56ecb5490e9bff0d27026595"},"headline":"Quando le cure falliscono, l&#8217;eutanasia avanza: una china scivolosa in Spagna","datePublished":"2025-07-02T18:18:34+00:00","mainEntityOfPage":{"@id":"https:\/\/exaudi.org\/it\/quando-le-cure-falliscono-leutanasia-avanza-una-china-scivolosa-in-spagna\/"},"wordCount":432,"image":{"@id":"https:\/\/exaudi.org\/it\/quando-le-cure-falliscono-leutanasia-avanza-una-china-scivolosa-in-spagna\/#primaryimage"},"thumbnailUrl":"https:\/\/exaudi.org\/wp-content\/uploads\/2025\/07\/eutanasiaweb-scaled.jpg-scaled.jpg","keywords":["\"Medicina palliativa\"","Bio\u00e9tica","casi di eutanasia in Spagna","crisi dell'etica sanitaria","Cure di fine vita","cure palliative","Etica medica","eutanasia dei minori","eutanasia in Spagna","eutanasia senza consenso","fallimento delle cure palliative in Spagna","JULIO TUDELA","la china scivolosa dell'eutanasia","legislazione sull'eutanasia","Osservatorio di bioetica","OSSERVATORIO DI BIOETICA DELL'UNIVERSIT\u00c0 CATTOLICA DI VALENCIA","Pazienti con SLA","sofferenza evitabile","Trending","UNIVERSIT\u00c0 CATTOLICA DI VALENCIA"],"articleSection":["Analisi"],"inLanguage":"it-IT"},{"@type":"WebPage","@id":"https:\/\/exaudi.org\/it\/quando-le-cure-falliscono-leutanasia-avanza-una-china-scivolosa-in-spagna\/","url":"https:\/\/exaudi.org\/it\/quando-le-cure-falliscono-leutanasia-avanza-una-china-scivolosa-in-spagna\/","name":"Quando le cure falliscono, l'eutanasia avanza: una china scivolosa in Spagna &#8211; Exaudi","isPartOf":{"@id":"https:\/\/exaudi.org\/#website"},"primaryImageOfPage":{"@id":"https:\/\/exaudi.org\/it\/quando-le-cure-falliscono-leutanasia-avanza-una-china-scivolosa-in-spagna\/#primaryimage"},"image":{"@id":"https:\/\/exaudi.org\/it\/quando-le-cure-falliscono-leutanasia-avanza-una-china-scivolosa-in-spagna\/#primaryimage"},"thumbnailUrl":"https:\/\/exaudi.org\/wp-content\/uploads\/2025\/07\/eutanasiaweb-scaled.jpg-scaled.jpg","datePublished":"2025-07-02T18:18:34+00:00","author":{"@id":"https:\/\/exaudi.org\/#\/schema\/person\/05d1c06e56ecb5490e9bff0d27026595"},"breadcrumb":{"@id":"https:\/\/exaudi.org\/it\/quando-le-cure-falliscono-leutanasia-avanza-una-china-scivolosa-in-spagna\/#breadcrumb"},"inLanguage":"it-IT","potentialAction":[{"@type":"ReadAction","target":["https:\/\/exaudi.org\/it\/quando-le-cure-falliscono-leutanasia-avanza-una-china-scivolosa-in-spagna\/"]}]},{"@type":"ImageObject","inLanguage":"it-IT","@id":"https:\/\/exaudi.org\/it\/quando-le-cure-falliscono-leutanasia-avanza-una-china-scivolosa-in-spagna\/#primaryimage","url":"https:\/\/exaudi.org\/wp-content\/uploads\/2025\/07\/eutanasiaweb-scaled.jpg-scaled.jpg","contentUrl":"https:\/\/exaudi.org\/wp-content\/uploads\/2025\/07\/eutanasiaweb-scaled.jpg-scaled.jpg","width":2560,"height":994},{"@type":"BreadcrumbList","@id":"https:\/\/exaudi.org\/it\/quando-le-cure-falliscono-leutanasia-avanza-una-china-scivolosa-in-spagna\/#breadcrumb","itemListElement":[{"@type":"ListItem","position":1,"name":"Portada","item":"https:\/\/exaudi.org\/it\/"},{"@type":"ListItem","position":2,"name":"Quando le cure falliscono, l&#8217;eutanasia avanza: una china scivolosa in Spagna"}]},{"@type":"WebSite","@id":"https:\/\/exaudi.org\/#website","url":"https:\/\/exaudi.org\/","name":"Exaudi","description":"News","potentialAction":[{"@type":"SearchAction","target":{"@type":"EntryPoint","urlTemplate":"https:\/\/exaudi.org\/?s={search_term_string}"},"query-input":{"@type":"PropertyValueSpecification","valueRequired":true,"valueName":"search_term_string"}}],"inLanguage":"it-IT"},{"@type":"Person","@id":"https:\/\/exaudi.org\/#\/schema\/person\/05d1c06e56ecb5490e9bff0d27026595","name":"Observatorio de Bio\u00e9tica UCV","image":{"@type":"ImageObject","inLanguage":"it-IT","@id":"https:\/\/secure.gravatar.com\/avatar\/086563f59595a89fb0851de25d712a03657b1cdfa8af3c9cd0a1ee122fc5d596?s=96&d=mm&r=g","url":"https:\/\/secure.gravatar.com\/avatar\/086563f59595a89fb0851de25d712a03657b1cdfa8af3c9cd0a1ee122fc5d596?s=96&d=mm&r=g","contentUrl":"https:\/\/secure.gravatar.com\/avatar\/086563f59595a89fb0851de25d712a03657b1cdfa8af3c9cd0a1ee122fc5d596?s=96&d=mm&r=g","caption":"Observatorio de Bio\u00e9tica UCV"},"description":"El Observatorio de Bio\u00e9tica se encuentra dentro del Instituto Ciencias de la vida de la Universidad Cat\u00f3lica de Valencia \u201cSan Vicente M\u00e1rtir\u201d . En el trasfondo de sus publicaciones, se defiende la vida humana desde la fecundaci\u00f3n a la muerte natural y la dignidad de la persona, teniendo como objetivo aunar esfuerzos para difundir la cultura de la vida como la define la Evangelium Vitae.","sameAs":["https:\/\/www.observatoriobioetica.org\/","https:\/\/www.facebook.com\/observatoriodebioetica\/","https:\/\/x.com\/obioetica","https:\/\/www.youtube.com\/channel\/UC_Tr4WS5-TXoNo5e1MdQc7w"],"url":"https:\/\/exaudi.org\/it\/author\/observatoriodebioeticaucv\/"}]}},"jetpack_featured_media_url":"https:\/\/exaudi.org\/wp-content\/uploads\/2025\/07\/eutanasiaweb-scaled.jpg-scaled.jpg","jetpack_shortlink":"https:\/\/wp.me\/pgKjF2-xEa","_links":{"self":[{"href":"https:\/\/exaudi.org\/it\/wp-json\/wp\/v2\/posts\/129342","targetHints":{"allow":["GET"]}}],"collection":[{"href":"https:\/\/exaudi.org\/it\/wp-json\/wp\/v2\/posts"}],"about":[{"href":"https:\/\/exaudi.org\/it\/wp-json\/wp\/v2\/types\/post"}],"author":[{"embeddable":true,"href":"https:\/\/exaudi.org\/it\/wp-json\/wp\/v2\/users\/87"}],"replies":[{"embeddable":true,"href":"https:\/\/exaudi.org\/it\/wp-json\/wp\/v2\/comments?post=129342"}],"version-history":[{"count":1,"href":"https:\/\/exaudi.org\/it\/wp-json\/wp\/v2\/posts\/129342\/revisions"}],"predecessor-version":[{"id":129343,"href":"https:\/\/exaudi.org\/it\/wp-json\/wp\/v2\/posts\/129342\/revisions\/129343"}],"wp:featuredmedia":[{"embeddable":true,"href":"https:\/\/exaudi.org\/it\/wp-json\/wp\/v2\/media\/129268"}],"wp:attachment":[{"href":"https:\/\/exaudi.org\/it\/wp-json\/wp\/v2\/media?parent=129342"}],"wp:term":[{"taxonomy":"category","embeddable":true,"href":"https:\/\/exaudi.org\/it\/wp-json\/wp\/v2\/categories?post=129342"},{"taxonomy":"post_tag","embeddable":true,"href":"https:\/\/exaudi.org\/it\/wp-json\/wp\/v2\/tags?post=129342"}],"curies":[{"name":"wp","href":"https:\/\/api.w.org\/{rel}","templated":true}]}}