{"id":129138,"date":"2025-06-28T18:52:58","date_gmt":"2025-06-28T16:52:58","guid":{"rendered":"https:\/\/exaudi.org\/?p=129138"},"modified":"2025-06-28T18:52:58","modified_gmt":"2025-06-28T16:52:58","slug":"tu-sei-pietro-commento-di-padre-jorge-miro","status":"publish","type":"post","link":"https:\/\/exaudi.org\/it\/tu-sei-pietro-commento-di-padre-jorge-miro\/","title":{"rendered":"Tu sei Pietro: Commento di Padre Jorge Mir\u00f3"},"content":{"rendered":"<p><span style=\"vertical-align: inherit\"><span style=\"vertical-align: inherit\">Padre Jorge Mir\u00f3 condivide con i lettori di Exaudi il suo commento al\u00a0 <\/span><\/span><a href=\"https:\/\/www.dominicos.org\/predicacion\/homilia\/29-6-2025\/lecturas\/\" target=\"_blank\" rel=\"noopener\"><span style=\"vertical-align: inherit\"><span style=\"vertical-align: inherit\">Vangelo di questa domenica, 29 giugno 2025<\/span><\/span><\/a><span style=\"vertical-align: inherit\"><span style=\"vertical-align: inherit\">, intitolato\u00a0 \u201c<\/span><\/span><span style=\"vertical-align: inherit\"><span style=\"vertical-align: inherit\">Tu sei Pietro\u201d<\/span><\/span><em><span style=\"vertical-align: inherit\"><span style=\"vertical-align: inherit\">.<\/span><\/span><\/em><\/p>\n<p><span style=\"vertical-align: inherit\"><span style=\"vertical-align: inherit\">***<\/span><\/span><\/p>\n<p><span style=\"vertical-align: inherit\"><span style=\"vertical-align: inherit\">La festa dei santi apostoli Pietro e Paolo \u00e8 un ricordo gradito dei grandi testimoni di Ges\u00f9 Cristo e, al tempo stesso, una solenne confessione di fede nella Chiesa <\/span><\/span><em><span style=\"vertical-align: inherit\"><span style=\"vertical-align: inherit\">una, santa, cattolica e apostolica<\/span><\/span><\/em><span style=\"vertical-align: inherit\"><span style=\"vertical-align: inherit\">. \u00c8 soprattutto una festa della <\/span><\/span><em><span style=\"vertical-align: inherit\"><span style=\"vertical-align: inherit\">cattolicit\u00e0<\/span><\/span><\/em><span style=\"vertical-align: inherit\"><span style=\"vertical-align: inherit\">.<\/span><\/span><\/p>\n<p><span style=\"vertical-align: inherit\"><span style=\"vertical-align: inherit\">Sono i pilastri della Chiesa. Hanno trasmesso la fede e la Chiesa \u00e8 costruita su di loro. Sono stati scelti dal Signore per essere <\/span><\/span><em><span style=\"vertical-align: inherit\"><span style=\"vertical-align: inherit\">testimoni<\/span><\/span><\/em><span style=\"vertical-align: inherit\"><span style=\"vertical-align: inherit\"> della Buona Novella.<\/span><\/span><\/p>\n<p><span style=\"vertical-align: inherit\"><span style=\"vertical-align: inherit\">Essendo deboli e peccatori, furono scelti da Dio affinch\u00e9 nella loro debolezza si manifestassero la forza e la grandezza di Dio. Fecero di Ges\u00f9 Cristo, il Signore della loro vita, il centro della loro esistenza, la ragione e la forza del loro vivere.<\/span><\/span><\/p>\n<p><span style=\"vertical-align: inherit\"><span style=\"vertical-align: inherit\">Nel Vangelo sentiamo come Ges\u00f9 rivolge ai suoi discepoli la domanda da un milione di dollari, che non \u00e8: <\/span><\/span><em><span style=\"vertical-align: inherit\"><span style=\"vertical-align: inherit\">Chi dice la gente che sia il Figlio dell&#8217;uomo?<\/span><\/span><\/em><span style=\"vertical-align: inherit\"><span style=\"vertical-align: inherit\"> Ma <\/span><\/span><em><span style=\"vertical-align: inherit\"><span style=\"vertical-align: inherit\">voi, chi dite che io sia?<\/span><\/span><\/em><\/p>\n<p><span style=\"vertical-align: inherit\"><span style=\"vertical-align: inherit\">Questa \u00e8 la domanda chiave anche per te oggi. La tua vita dipende dalla risposta che dai a questa domanda <\/span><\/span><em><span style=\"vertical-align: inherit\"><span style=\"vertical-align: inherit\">.<\/span><\/span><\/em><span style=\"vertical-align: inherit\"><span style=\"vertical-align: inherit\"> Chi \u00e8 Ges\u00f9 per te? Che ruolo gioca Ges\u00f9 nella tua vita? Chi \u00e8 il Signore della tua vita? Chi guida la tua vita? A chi chiedi come dovresti vivere ogni giorno?<\/span><\/span><\/p>\n<p><span style=\"vertical-align: inherit\"><span style=\"vertical-align: inherit\">San Pietro e san Paolo hanno potuto, mediante il dono dello Spirito Santo (cfr <\/span><\/span><em><span style=\"vertical-align: inherit\"><span style=\"vertical-align: inherit\">1 Cor<\/span><\/span><\/em><span style=\"vertical-align: inherit\"><span style=\"vertical-align: inherit\"> 12,3), confessare che <\/span><\/span><em><span style=\"vertical-align: inherit\"><span style=\"vertical-align: inherit\">Ges\u00f9 \u00e8 il Messia, il Figlio del Dio vivente<\/span><\/span><\/em><span style=\"vertical-align: inherit\"><span style=\"vertical-align: inherit\"> , ovvero <\/span><\/span><em><span style=\"vertical-align: inherit\"><span style=\"vertical-align: inherit\">Per me vivere \u00e8 Cristo<\/span><\/span><\/em><span style=\"vertical-align: inherit\"><span style=\"vertical-align: inherit\"> (cfr <\/span><\/span><em><span style=\"vertical-align: inherit\"><span style=\"vertical-align: inherit\">Fil<\/span><\/span><\/em><span style=\"vertical-align: inherit\"><span style=\"vertical-align: inherit\"> 1,21).<\/span><\/span><\/p>\n<p><span style=\"vertical-align: inherit\"><span style=\"vertical-align: inherit\">Ges\u00f9 Cristo sceglie Pietro, tra tutti gli apostoli, come capo della Chiesa. Questo ufficio pastorale di Pietro e degli altri apostoli appartiene al fondamento della Chiesa ed \u00e8 continuato dai vescovi sotto il primato del Papa (cfr. <\/span><\/span><em><span style=\"vertical-align: inherit\"><span style=\"vertical-align: inherit\">Catechismo<\/span><\/span><\/em><span style=\"vertical-align: inherit\"><span style=\"vertical-align: inherit\"> 881). Il Papa \u00e8 stato nominato da Ges\u00f9 Cristo per insegnare, santificare e governare la Chiesa.<\/span><\/span><\/p>\n<p><span style=\"vertical-align: inherit\"><span style=\"vertical-align: inherit\">Papa Leone ci ha ricordato nell&#8217;Eucaristia, in occasione dell&#8217;inizio del suo ministero petrino, che <\/span><\/span><em><span style=\"vertical-align: inherit\"><span style=\"vertical-align: inherit\">amore e unit\u00e0<\/span><\/span><\/em><span style=\"vertical-align: inherit\"><span style=\"vertical-align: inherit\"> sono le due dimensioni della missione affidata da Ges\u00f9 a Pietro, e ci ha chiesto, <\/span><\/span><em><span style=\"vertical-align: inherit\"><span style=\"vertical-align: inherit\">con la luce e la forza dello Spirito Santo, di costruire una Chiesa fondata sull&#8217;amore di Dio e segno di unit\u00e0, una Chiesa missionaria che apre le braccia al mondo, che annuncia la Parola, che si lascia interpellare dalla storia e che diventa lievito di concordia per l&#8217;umanit\u00e0.<\/span><\/span><\/em><\/p>\n<p><span style=\"vertical-align: inherit\"><span style=\"vertical-align: inherit\">La memoria di san Pietro ci invita a confessare che Ges\u00f9 \u00e8 il Signore, ad averlo come unico Maestro e a rimanere sempre fedeli agli insegnamenti di Ges\u00f9 Cristo che vive nel suo corpo, la Chiesa.<\/span><\/span><\/p>\n<p><span style=\"vertical-align: inherit\"><span style=\"vertical-align: inherit\">La memoria di san Paolo ci invita alla nuova evangelizzazione, a essere apostoli, a non avere paura di schierarci dalla parte di Cristo, perch\u00e9 <\/span><\/span><em><span style=\"vertical-align: inherit\"><span style=\"vertical-align: inherit\">so in chi ho riposto la mia fiducia e che egli \u00e8 capace di assicurare fino alla fine l&#8217;incarico che mi ha affidato<\/span><\/span><\/em><span style=\"vertical-align: inherit\"><span style=\"vertical-align: inherit\"> (cfr 2 <\/span><\/span><em><span style=\"vertical-align: inherit\"><span style=\"vertical-align: inherit\">Tm<\/span><\/span><\/em><span style=\"vertical-align: inherit\"><span style=\"vertical-align: inherit\"> 1,12ss).<\/span><\/span><\/p>\n<p><span style=\"vertical-align: inherit\"><span style=\"vertical-align: inherit\">Vieni, Spirito Santo!<\/span><\/span><\/p>\n","protected":false},"excerpt":{"rendered":"<p>Domenica 29 giugno 2025<\/p>\n","protected":false},"author":20,"featured_media":129024,"comment_status":"closed","ping_status":"closed","sticky":false,"template":"","format":"standard","meta":{"_acf_changed":false,"_crdt_document":"","inline_featured_image":false,"footnotes":""},"categories":[73,95],"tags":[10807,10007,5664,4952,706],"class_list":["post-129138","post","type-post","status-publish","format-standard","has-post-thumbnail","hentry","category-chiesa-e-mondo","category-spiritualita","tag-commento","tag-jorge-miro-2","tag-san-paolo","tag-trending-it","tag-vangelo"],"acf":[],"yoast_head":"<!-- This site is optimized with the Yoast SEO plugin v27.4 - https:\/\/yoast.com\/product\/yoast-seo-wordpress\/ -->\n<title>Tu sei Pietro: Commento di Padre Jorge Mir\u00f3 &#8211; Exaudi<\/title>\n<meta name=\"robots\" content=\"index, follow, max-snippet:-1, max-image-preview:large, max-video-preview:-1\" \/>\n<link rel=\"canonical\" href=\"https:\/\/exaudi.org\/it\/tu-sei-pietro-commento-di-padre-jorge-miro\/\" \/>\n<meta property=\"og:locale\" content=\"it_IT\" \/>\n<meta property=\"og:type\" content=\"article\" \/>\n<meta property=\"og:title\" content=\"Tu sei Pietro: Commento di Padre Jorge Mir\u00f3 &#8211; Exaudi\" \/>\n<meta property=\"og:description\" content=\"Domenica 29 giugno 2025\" \/>\n<meta property=\"og:url\" content=\"https:\/\/exaudi.org\/it\/tu-sei-pietro-commento-di-padre-jorge-miro\/\" \/>\n<meta property=\"og:site_name\" content=\"Exaudi\" \/>\n<meta property=\"article:publisher\" content=\"https:\/\/www.facebook.com\/ExaudiNews\" \/>\n<meta property=\"article:published_time\" content=\"2025-06-28T16:52:58+00:00\" \/>\n<meta property=\"og:image\" content=\"https:\/\/exaudi.org\/wp-content\/uploads\/2025\/06\/sicily-1191458_1280.jpg\" \/>\n\t<meta property=\"og:image:width\" content=\"1280\" \/>\n\t<meta property=\"og:image:height\" content=\"1117\" \/>\n\t<meta property=\"og:image:type\" content=\"image\/jpeg\" \/>\n<meta name=\"author\" content=\"Jorge Mir\u00f3\" \/>\n<meta name=\"twitter:card\" content=\"summary_large_image\" \/>\n<meta name=\"twitter:creator\" content=\"@Exaudi_News\" \/>\n<meta name=\"twitter:site\" content=\"@Exaudi_News\" \/>\n<meta name=\"twitter:label1\" content=\"Scritto da\" \/>\n\t<meta name=\"twitter:data1\" content=\"Jorge Mir\u00f3\" \/>\n\t<meta name=\"twitter:label2\" content=\"Tempo di lettura stimato\" \/>\n\t<meta name=\"twitter:data2\" content=\"2 minuti\" \/>\n<script type=\"application\/ld+json\" class=\"yoast-schema-graph\">{\"@context\":\"https:\\\/\\\/schema.org\",\"@graph\":[{\"@type\":\"Article\",\"@id\":\"https:\\\/\\\/exaudi.org\\\/it\\\/tu-sei-pietro-commento-di-padre-jorge-miro\\\/#article\",\"isPartOf\":{\"@id\":\"https:\\\/\\\/exaudi.org\\\/it\\\/tu-sei-pietro-commento-di-padre-jorge-miro\\\/\"},\"author\":{\"name\":\"Jorge Mir\u00f3\",\"@id\":\"https:\\\/\\\/exaudi.org\\\/#\\\/schema\\\/person\\\/a258c56b05e63b2b367bdca29e0ed3e3\"},\"headline\":\"Tu sei Pietro: Commento di Padre Jorge Mir\u00f3\",\"datePublished\":\"2025-06-28T16:52:58+00:00\",\"mainEntityOfPage\":{\"@id\":\"https:\\\/\\\/exaudi.org\\\/it\\\/tu-sei-pietro-commento-di-padre-jorge-miro\\\/\"},\"wordCount\":477,\"image\":{\"@id\":\"https:\\\/\\\/exaudi.org\\\/it\\\/tu-sei-pietro-commento-di-padre-jorge-miro\\\/#primaryimage\"},\"thumbnailUrl\":\"https:\\\/\\\/exaudi.org\\\/wp-content\\\/uploads\\\/2025\\\/06\\\/sicily-1191458_1280.jpg\",\"keywords\":[\"Commento\",\"Jorge Mir\u00f3\",\"San Paolo\",\"Trending\",\"Vangelo\"],\"articleSection\":[\"Chiesa e Mondo\",\"Spiritualit\u00e0\"],\"inLanguage\":\"it-IT\"},{\"@type\":\"WebPage\",\"@id\":\"https:\\\/\\\/exaudi.org\\\/it\\\/tu-sei-pietro-commento-di-padre-jorge-miro\\\/\",\"url\":\"https:\\\/\\\/exaudi.org\\\/it\\\/tu-sei-pietro-commento-di-padre-jorge-miro\\\/\",\"name\":\"Tu sei Pietro: Commento di Padre Jorge Mir\u00f3 &#8211; Exaudi\",\"isPartOf\":{\"@id\":\"https:\\\/\\\/exaudi.org\\\/#website\"},\"primaryImageOfPage\":{\"@id\":\"https:\\\/\\\/exaudi.org\\\/it\\\/tu-sei-pietro-commento-di-padre-jorge-miro\\\/#primaryimage\"},\"image\":{\"@id\":\"https:\\\/\\\/exaudi.org\\\/it\\\/tu-sei-pietro-commento-di-padre-jorge-miro\\\/#primaryimage\"},\"thumbnailUrl\":\"https:\\\/\\\/exaudi.org\\\/wp-content\\\/uploads\\\/2025\\\/06\\\/sicily-1191458_1280.jpg\",\"datePublished\":\"2025-06-28T16:52:58+00:00\",\"author\":{\"@id\":\"https:\\\/\\\/exaudi.org\\\/#\\\/schema\\\/person\\\/a258c56b05e63b2b367bdca29e0ed3e3\"},\"breadcrumb\":{\"@id\":\"https:\\\/\\\/exaudi.org\\\/it\\\/tu-sei-pietro-commento-di-padre-jorge-miro\\\/#breadcrumb\"},\"inLanguage\":\"it-IT\",\"potentialAction\":[{\"@type\":\"ReadAction\",\"target\":[\"https:\\\/\\\/exaudi.org\\\/it\\\/tu-sei-pietro-commento-di-padre-jorge-miro\\\/\"]}]},{\"@type\":\"ImageObject\",\"inLanguage\":\"it-IT\",\"@id\":\"https:\\\/\\\/exaudi.org\\\/it\\\/tu-sei-pietro-commento-di-padre-jorge-miro\\\/#primaryimage\",\"url\":\"https:\\\/\\\/exaudi.org\\\/wp-content\\\/uploads\\\/2025\\\/06\\\/sicily-1191458_1280.jpg\",\"contentUrl\":\"https:\\\/\\\/exaudi.org\\\/wp-content\\\/uploads\\\/2025\\\/06\\\/sicily-1191458_1280.jpg\",\"width\":1280,\"height\":1117},{\"@type\":\"BreadcrumbList\",\"@id\":\"https:\\\/\\\/exaudi.org\\\/it\\\/tu-sei-pietro-commento-di-padre-jorge-miro\\\/#breadcrumb\",\"itemListElement\":[{\"@type\":\"ListItem\",\"position\":1,\"name\":\"Portada\",\"item\":\"https:\\\/\\\/exaudi.org\\\/it\\\/\"},{\"@type\":\"ListItem\",\"position\":2,\"name\":\"Tu sei Pietro: Commento di Padre Jorge Mir\u00f3\"}]},{\"@type\":\"WebSite\",\"@id\":\"https:\\\/\\\/exaudi.org\\\/#website\",\"url\":\"https:\\\/\\\/exaudi.org\\\/\",\"name\":\"Exaudi\",\"description\":\"News\",\"potentialAction\":[{\"@type\":\"SearchAction\",\"target\":{\"@type\":\"EntryPoint\",\"urlTemplate\":\"https:\\\/\\\/exaudi.org\\\/?s={search_term_string}\"},\"query-input\":{\"@type\":\"PropertyValueSpecification\",\"valueRequired\":true,\"valueName\":\"search_term_string\"}}],\"inLanguage\":\"it-IT\"},{\"@type\":\"Person\",\"@id\":\"https:\\\/\\\/exaudi.org\\\/#\\\/schema\\\/person\\\/a258c56b05e63b2b367bdca29e0ed3e3\",\"name\":\"Jorge Mir\u00f3\",\"image\":{\"@type\":\"ImageObject\",\"inLanguage\":\"it-IT\",\"@id\":\"https:\\\/\\\/secure.gravatar.com\\\/avatar\\\/f5ea26c436669b01b7b02124bf13596df002525d6f392707d301543be365bd44?s=96&d=mm&r=g\",\"url\":\"https:\\\/\\\/secure.gravatar.com\\\/avatar\\\/f5ea26c436669b01b7b02124bf13596df002525d6f392707d301543be365bd44?s=96&d=mm&r=g\",\"contentUrl\":\"https:\\\/\\\/secure.gravatar.com\\\/avatar\\\/f5ea26c436669b01b7b02124bf13596df002525d6f392707d301543be365bd44?s=96&d=mm&r=g\",\"caption\":\"Jorge Mir\u00f3\"},\"description\":\"Sacerdote de la archidi\u00f3cesis de Valencia y profesor en la Facultad de Ciencias Jur\u00eddicas, Econ\u00f3micas y Sociales de la Universidad Cat\u00f3lica de Valencia\",\"url\":\"https:\\\/\\\/exaudi.org\\\/it\\\/author\\\/jorgemiro\\\/\"}]}<\/script>\n<!-- \/ Yoast SEO plugin. -->","yoast_head_json":{"title":"Tu sei Pietro: Commento di Padre Jorge Mir\u00f3 &#8211; Exaudi","robots":{"index":"index","follow":"follow","max-snippet":"max-snippet:-1","max-image-preview":"max-image-preview:large","max-video-preview":"max-video-preview:-1"},"canonical":"https:\/\/exaudi.org\/it\/tu-sei-pietro-commento-di-padre-jorge-miro\/","og_locale":"it_IT","og_type":"article","og_title":"Tu sei Pietro: Commento di Padre Jorge Mir\u00f3 &#8211; Exaudi","og_description":"Domenica 29 giugno 2025","og_url":"https:\/\/exaudi.org\/it\/tu-sei-pietro-commento-di-padre-jorge-miro\/","og_site_name":"Exaudi","article_publisher":"https:\/\/www.facebook.com\/ExaudiNews","article_published_time":"2025-06-28T16:52:58+00:00","og_image":[{"width":1280,"height":1117,"url":"https:\/\/exaudi.org\/wp-content\/uploads\/2025\/06\/sicily-1191458_1280.jpg","type":"image\/jpeg"}],"author":"Jorge Mir\u00f3","twitter_card":"summary_large_image","twitter_creator":"@Exaudi_News","twitter_site":"@Exaudi_News","twitter_misc":{"Scritto da":"Jorge Mir\u00f3","Tempo di lettura stimato":"2 minuti"},"schema":{"@context":"https:\/\/schema.org","@graph":[{"@type":"Article","@id":"https:\/\/exaudi.org\/it\/tu-sei-pietro-commento-di-padre-jorge-miro\/#article","isPartOf":{"@id":"https:\/\/exaudi.org\/it\/tu-sei-pietro-commento-di-padre-jorge-miro\/"},"author":{"name":"Jorge Mir\u00f3","@id":"https:\/\/exaudi.org\/#\/schema\/person\/a258c56b05e63b2b367bdca29e0ed3e3"},"headline":"Tu sei Pietro: Commento di Padre Jorge Mir\u00f3","datePublished":"2025-06-28T16:52:58+00:00","mainEntityOfPage":{"@id":"https:\/\/exaudi.org\/it\/tu-sei-pietro-commento-di-padre-jorge-miro\/"},"wordCount":477,"image":{"@id":"https:\/\/exaudi.org\/it\/tu-sei-pietro-commento-di-padre-jorge-miro\/#primaryimage"},"thumbnailUrl":"https:\/\/exaudi.org\/wp-content\/uploads\/2025\/06\/sicily-1191458_1280.jpg","keywords":["Commento","Jorge Mir\u00f3","San Paolo","Trending","Vangelo"],"articleSection":["Chiesa e Mondo","Spiritualit\u00e0"],"inLanguage":"it-IT"},{"@type":"WebPage","@id":"https:\/\/exaudi.org\/it\/tu-sei-pietro-commento-di-padre-jorge-miro\/","url":"https:\/\/exaudi.org\/it\/tu-sei-pietro-commento-di-padre-jorge-miro\/","name":"Tu sei Pietro: Commento di Padre Jorge Mir\u00f3 &#8211; Exaudi","isPartOf":{"@id":"https:\/\/exaudi.org\/#website"},"primaryImageOfPage":{"@id":"https:\/\/exaudi.org\/it\/tu-sei-pietro-commento-di-padre-jorge-miro\/#primaryimage"},"image":{"@id":"https:\/\/exaudi.org\/it\/tu-sei-pietro-commento-di-padre-jorge-miro\/#primaryimage"},"thumbnailUrl":"https:\/\/exaudi.org\/wp-content\/uploads\/2025\/06\/sicily-1191458_1280.jpg","datePublished":"2025-06-28T16:52:58+00:00","author":{"@id":"https:\/\/exaudi.org\/#\/schema\/person\/a258c56b05e63b2b367bdca29e0ed3e3"},"breadcrumb":{"@id":"https:\/\/exaudi.org\/it\/tu-sei-pietro-commento-di-padre-jorge-miro\/#breadcrumb"},"inLanguage":"it-IT","potentialAction":[{"@type":"ReadAction","target":["https:\/\/exaudi.org\/it\/tu-sei-pietro-commento-di-padre-jorge-miro\/"]}]},{"@type":"ImageObject","inLanguage":"it-IT","@id":"https:\/\/exaudi.org\/it\/tu-sei-pietro-commento-di-padre-jorge-miro\/#primaryimage","url":"https:\/\/exaudi.org\/wp-content\/uploads\/2025\/06\/sicily-1191458_1280.jpg","contentUrl":"https:\/\/exaudi.org\/wp-content\/uploads\/2025\/06\/sicily-1191458_1280.jpg","width":1280,"height":1117},{"@type":"BreadcrumbList","@id":"https:\/\/exaudi.org\/it\/tu-sei-pietro-commento-di-padre-jorge-miro\/#breadcrumb","itemListElement":[{"@type":"ListItem","position":1,"name":"Portada","item":"https:\/\/exaudi.org\/it\/"},{"@type":"ListItem","position":2,"name":"Tu sei Pietro: Commento di Padre Jorge Mir\u00f3"}]},{"@type":"WebSite","@id":"https:\/\/exaudi.org\/#website","url":"https:\/\/exaudi.org\/","name":"Exaudi","description":"News","potentialAction":[{"@type":"SearchAction","target":{"@type":"EntryPoint","urlTemplate":"https:\/\/exaudi.org\/?s={search_term_string}"},"query-input":{"@type":"PropertyValueSpecification","valueRequired":true,"valueName":"search_term_string"}}],"inLanguage":"it-IT"},{"@type":"Person","@id":"https:\/\/exaudi.org\/#\/schema\/person\/a258c56b05e63b2b367bdca29e0ed3e3","name":"Jorge Mir\u00f3","image":{"@type":"ImageObject","inLanguage":"it-IT","@id":"https:\/\/secure.gravatar.com\/avatar\/f5ea26c436669b01b7b02124bf13596df002525d6f392707d301543be365bd44?s=96&d=mm&r=g","url":"https:\/\/secure.gravatar.com\/avatar\/f5ea26c436669b01b7b02124bf13596df002525d6f392707d301543be365bd44?s=96&d=mm&r=g","contentUrl":"https:\/\/secure.gravatar.com\/avatar\/f5ea26c436669b01b7b02124bf13596df002525d6f392707d301543be365bd44?s=96&d=mm&r=g","caption":"Jorge Mir\u00f3"},"description":"Sacerdote de la archidi\u00f3cesis de Valencia y profesor en la Facultad de Ciencias Jur\u00eddicas, Econ\u00f3micas y Sociales de la Universidad Cat\u00f3lica de Valencia","url":"https:\/\/exaudi.org\/it\/author\/jorgemiro\/"}]}},"jetpack_featured_media_url":"https:\/\/exaudi.org\/wp-content\/uploads\/2025\/06\/sicily-1191458_1280.jpg","jetpack_shortlink":"https:\/\/wp.me\/pgKjF2-xAS","_links":{"self":[{"href":"https:\/\/exaudi.org\/it\/wp-json\/wp\/v2\/posts\/129138","targetHints":{"allow":["GET"]}}],"collection":[{"href":"https:\/\/exaudi.org\/it\/wp-json\/wp\/v2\/posts"}],"about":[{"href":"https:\/\/exaudi.org\/it\/wp-json\/wp\/v2\/types\/post"}],"author":[{"embeddable":true,"href":"https:\/\/exaudi.org\/it\/wp-json\/wp\/v2\/users\/20"}],"replies":[{"embeddable":true,"href":"https:\/\/exaudi.org\/it\/wp-json\/wp\/v2\/comments?post=129138"}],"version-history":[{"count":1,"href":"https:\/\/exaudi.org\/it\/wp-json\/wp\/v2\/posts\/129138\/revisions"}],"predecessor-version":[{"id":129139,"href":"https:\/\/exaudi.org\/it\/wp-json\/wp\/v2\/posts\/129138\/revisions\/129139"}],"wp:featuredmedia":[{"embeddable":true,"href":"https:\/\/exaudi.org\/it\/wp-json\/wp\/v2\/media\/129024"}],"wp:attachment":[{"href":"https:\/\/exaudi.org\/it\/wp-json\/wp\/v2\/media?parent=129138"}],"wp:term":[{"taxonomy":"category","embeddable":true,"href":"https:\/\/exaudi.org\/it\/wp-json\/wp\/v2\/categories?post=129138"},{"taxonomy":"post_tag","embeddable":true,"href":"https:\/\/exaudi.org\/it\/wp-json\/wp\/v2\/tags?post=129138"}],"curies":[{"name":"wp","href":"https:\/\/api.w.org\/{rel}","templated":true}]}}