{"id":128912,"date":"2025-06-25T18:46:17","date_gmt":"2025-06-25T16:46:17","guid":{"rendered":"https:\/\/exaudi.org\/?p=128912"},"modified":"2025-06-25T18:46:17","modified_gmt":"2025-06-25T16:46:17","slug":"leone-xiv-inizia-a-dare-forma-al-suo-pontificato-con-le-prime-nomine-alla-curia-e-alla-struttura-di-governo-della-chiesa","status":"publish","type":"post","link":"https:\/\/exaudi.org\/it\/leone-xiv-inizia-a-dare-forma-al-suo-pontificato-con-le-prime-nomine-alla-curia-e-alla-struttura-di-governo-della-chiesa\/","title":{"rendered":"Leone XIV inizia a dare forma al suo pontificato con le prime nomine alla Curia e alla struttura di governo della Chiesa"},"content":{"rendered":"<div class=\"nt_content\">\n<p data-start=\"157\" data-end=\"523\"><span style=\"vertical-align: inherit\"><span style=\"vertical-align: inherit\">Dopo settimane di attesa, Papa Leone XIV ha iniziato a dare forma al suo governo con le prime nomine significative nella Curia Romana e in diverse strutture di leadership all&#8217;interno della Chiesa. Queste decisioni iniziali offrono chiare indicazioni sulle priorit\u00e0 pastorali e organizzative del nuovo pontefice, eletto il 2 maggio.<\/span><\/span><\/p>\n<p data-start=\"525\" data-end=\"921\"><span style=\"vertical-align: inherit\"><span style=\"vertical-align: inherit\">Il primo gesto di continuit\u00e0 \u00e8 arrivato il 9 maggio, quando il Papa ha confermato provvisoriamente tutti i prefetti, i segretari e i capi ufficio della Curia romana nei loro incarichi &#8220;fino a diversa decisione&#8221;. Si \u00e8 trattato di un atto prudente, comune all&#8217;inizio di un pontificato, che consente una ponderata valutazione dei collaboratori prima di intraprendere cambiamenti pi\u00f9 significativi.<\/span><\/span><\/p>\n<p data-start=\"923\" data-end=\"1449\"><span style=\"vertical-align: inherit\"><span style=\"vertical-align: inherit\">Tuttavia, nelle ultime settimane, Leone XIV ha iniziato a compiere passi concreti. Uno dei pi\u00f9 significativi \u00e8 stata la nomina, il 24 giugno, del cardinale spagnolo Crist\u00f3bal L\u00f3pez Romero a nuovo membro del Dicastero per il Servizio della Carit\u00e0. L&#8217;arcivescovo di Rabat, di formazione salesiana e dal profilo fortemente missionario, entra a far parte di un dicastero fondamentale per la visione pastorale del Papa, incentrata su una Chiesa vicina ai poveri e bisognosa di una presenza concreta nelle periferie.<\/span><\/span><\/p>\n<p data-start=\"1451\" data-end=\"1830\"><span style=\"vertical-align: inherit\"><span style=\"vertical-align: inherit\">Nello stesso giorno sono stati nominati altri quattro cardinali per questo dicastero: Pierbattista Pizzaballa (Gerusalemme), Arthur Roche (Dicastero per il Culto Divino), Jaime Spengler (Brasile) e Giorgio Marengo (Mongolia), rafforzando cos\u00ec il carattere internazionale e pastorale dell&#8217;organismo che gestisce direttamente le iniziative caritative del Santo Padre.<\/span><\/span><\/p>\n<p data-start=\"1832\" data-end=\"2303\"><span style=\"vertical-align: inherit\"><span style=\"vertical-align: inherit\">Un&#8217;altra nomina degna di nota \u00e8 stata quella del messicano Jos\u00e9 Nah\u00fam Salas Casta\u00f1eda come nuovo coordinatore dei viaggi papali. Questa responsabilit\u00e0, fondamentale per l&#8217;organizzazione logistica e pastorale delle visite internazionali del Papa, in precedenza spettava a monsignor George Jacob Koovakad. La nomina di Salas Casta\u00f1eda, annunciata il 21 giugno, conferma la volont\u00e0 del Papa di integrare nuove figure di fiducia nei compiti strategici del suo pontificato.<\/span><\/span><\/p>\n<p data-start=\"2305\" data-end=\"2745\"><span style=\"vertical-align: inherit\"><span style=\"vertical-align: inherit\">Sempre in Curia, il 22 maggio, suor Tiziana Merletti \u00e8 stata nominata segretaria del Dicastero per gli Istituti di Vita Consacrata, succedendo a suor Simona Brambilla, ora prefetto dello stesso organismo. Merletti, francescana di Alcantarina con una vasta esperienza nell&#8217;accompagnamento di comunit\u00e0 religiose, diventa una delle donne di pi\u00f9 alto livello all&#8217;interno della struttura vaticana.<\/span><\/span><\/p>\n<p data-start=\"2747\" data-end=\"3329\"><span style=\"vertical-align: inherit\"><span style=\"vertical-align: inherit\">In questo stesso dicastero, il 25 giugno, Papa Leone XIV ha nominato Suor Id\u00edlia Maria Carneiro, Superiora Generale delle Suore Ospedaliere del Sacro Cuore di Ges\u00f9, come nuovo membro dell&#8217;organizzazione. Questo dicastero ha la responsabilit\u00e0 di accompagnare, animare e regolare la vita consacrata nelle sue molteplici forme, riconoscendola come una ricchezza essenziale per la vitalit\u00e0 della Chiesa. Tra le cinque superiore generali nominate, spicca Suor Id\u00edlia, la cui incorporazione rappresenta motivo di gratitudine e gioia per l&#8217;intera famiglia ospedaliera.<\/span><\/span><\/p>\n<p data-start=\"3331\" data-end=\"3910\"><span style=\"vertical-align: inherit\"><span style=\"vertical-align: inherit\">Id\u00edlia Maria Carneiro, nata in Mozambico nel 1966, \u00e8 entrata a far parte della Congregazione nel 1984. Ha conseguito una laurea in Servizio Sociale, un Master in Spiritualit\u00e0 ed Etica in Salute e un diploma post-laurea in Gestione delle Risorse Umane. Nel corso della sua vita religiosa, ha ricoperto incarichi di leadership nella Provincia del Portogallo ed \u00e8 sempre stata legata al carisma dell&#8217;ospitalit\u00e0, in particolare nell&#8217;accompagnamento delle persone con sofferenza psicologica. La sua nomina rafforza il ruolo delle donne e il valore di specifici carismi all&#8217;interno delle strutture di governo ecclesiale.<\/span><\/span><\/p>\n<p data-start=\"3912\" data-end=\"4352\"><span style=\"vertical-align: inherit\"><span style=\"vertical-align: inherit\">Il 30 maggio sono state annunciate tre nuove nomine negli uffici della Curia: Monsignor Romanus Mbena \u00e8 stato nominato capo ufficio del Dicastero per i Servizi alla Carit\u00e0; Padre Laurent Basanese \u00e8 stato nominato capo ufficio del Dicastero per il Dialogo Interreligioso; e Daniele Gallinella \u00e8 stato nominato esperto presso l&#8217;Archivio Apostolico Vaticano. Tutti e tre possiedono profili tecnici e pastorali che rafforzano il lavoro delle strutture vaticane.<\/span><\/span><\/p>\n<p data-start=\"4354\" data-end=\"4721\"><span style=\"vertical-align: inherit\"><span style=\"vertical-align: inherit\">A livello pi\u00f9 personale, l&#8217;8 maggio Papa Leone XIV ha nominato anche il suo segretario particolare: il sacerdote peruviano Edgard Iv\u00e1n Rimaycuna Inga, 47 anni, dell&#8217;arcidiocesi di Huancayo. La sua scelta dimostra il legame del Papa con l&#8217;America Latina e il suo interesse ad avere persone vicine, discrete e affidabili nella sua cerchia ristretta.<\/span><\/span><\/p>\n<p data-start=\"4723\" data-end=\"5178\"><span style=\"vertical-align: inherit\"><span style=\"vertical-align: inherit\">Insieme alle nomine in Curia ci sono state anche nuove nomine episcopali. In Per\u00f9, padre Miguel \u00c1ngel Contreras Llajaruna, della Societ\u00e0 di Maria, \u00e8 stato nominato vescovo ausiliare di Callao il 15 maggio. In Argentina, Alejandro Pablo Benna \u00e8 stato nominato vescovo di Mor\u00f3n il 28 maggio, e Ra\u00fal Mart\u00edn \u00e8 stato nominato nuovo arcivescovo di Paran\u00e1. Il 12 giugno Jenrry Johel Vel\u00e1squez Hern\u00e1ndez \u00e8 stato nominato vescovo di La Ceiba, in Honduras.<\/span><\/span><\/p>\n<p data-start=\"5180\" data-end=\"5579\"><span style=\"vertical-align: inherit\"><span style=\"vertical-align: inherit\">Con questo insieme di decisioni, Papa Leone XIV inizia a lasciare il segno nella vita della Chiesa universale. Sebbene finora abbiano prevalso continuit\u00e0 e prudenza, i profili selezionati \u2013 missionari, vicini ai poveri, provenienti da diverse regioni del mondo \u2013 indicano un pontificato con una forte sensibilit\u00e0 pastorale, un&#8217;apertura alle periferie e un ruolo di primo piano per l&#8217;America Latina.<\/span><\/span><\/p>\n<p data-start=\"5581\" data-end=\"5682\"><span style=\"vertical-align: inherit\"><span style=\"vertical-align: inherit\">Le prossime settimane potrebbero portare nuovi sviluppi, soprattutto in alcuni dicasteri chiave.<\/span><\/span><\/p>\n<\/div>\n","protected":false},"excerpt":{"rendered":"<p>Il Papa nomina nuovi responsabili nei dicasteri chiave, tra cui il cardinale spagnolo Crist\u00f3bal L\u00f3pez Romero e il cardinale messicano Jos\u00e9 Nah\u00fam Salas Casta\u00f1eda, nei primi gesti della sua direzione pastorale e organizzativa<\/p>\n","protected":false},"author":17,"featured_media":128860,"comment_status":"closed","ping_status":"closed","sticky":false,"template":"","format":"standard","meta":{"_acf_changed":false,"_crdt_document":"","inline_featured_image":false,"footnotes":""},"categories":[67],"tags":[4512,26903,3367,64930,34445,64932,64933,40066,27830,46014,55087,55089,58164,26234,64934,64935,64931,4952,64936,8278],"class_list":["post-128912","post","type-post","status-publish","format-standard","has-post-thumbnail","hentry","category-leone-xiv","tag-chiesa-cattolica","tag-cristobal-lopez-romero","tag-curia-romana","tag-dicasteri-vaticani","tag-governo-della-chiesa","tag-nomine-della-curia","tag-nomine-vaticane","tag-notizie-dal-vaticano","tag-nuovi-cardinali","tag-papa-2025-2","tag-papa-gesuita","tag-papa-latinoamericano-3","tag-papa-leone-xiv","tag-riforma-della-curia","tag-salas-castaneda-2","tag-segretario-pontificio","tag-struttura-della-chiesa","tag-trending-it","tag-vaticano-oggi","tag-viaggi-papali"],"acf":[],"yoast_head":"<!-- This site is optimized with the Yoast SEO plugin v27.4 - https:\/\/yoast.com\/product\/yoast-seo-wordpress\/ -->\n<title>Leone XIV inizia a dare forma al suo pontificato con le prime nomine alla Curia e alla struttura di governo della Chiesa &#8211; Exaudi<\/title>\n<meta name=\"robots\" content=\"index, follow, max-snippet:-1, max-image-preview:large, max-video-preview:-1\" \/>\n<link rel=\"canonical\" href=\"https:\/\/exaudi.org\/it\/leone-xiv-inizia-a-dare-forma-al-suo-pontificato-con-le-prime-nomine-alla-curia-e-alla-struttura-di-governo-della-chiesa\/\" \/>\n<meta property=\"og:locale\" content=\"it_IT\" \/>\n<meta property=\"og:type\" content=\"article\" \/>\n<meta property=\"og:title\" content=\"Leone XIV inizia a dare forma al suo pontificato con le prime nomine alla Curia e alla struttura di governo della Chiesa &#8211; Exaudi\" \/>\n<meta property=\"og:description\" content=\"Il Papa nomina nuovi responsabili nei dicasteri chiave, tra cui il cardinale spagnolo Crist\u00f3bal L\u00f3pez Romero e il cardinale messicano Jos\u00e9 Nah\u00fam Salas Casta\u00f1eda, nei primi gesti della sua direzione pastorale e organizzativa\" \/>\n<meta property=\"og:url\" content=\"https:\/\/exaudi.org\/it\/leone-xiv-inizia-a-dare-forma-al-suo-pontificato-con-le-prime-nomine-alla-curia-e-alla-struttura-di-governo-della-chiesa\/\" \/>\n<meta property=\"og:site_name\" content=\"Exaudi\" \/>\n<meta property=\"article:publisher\" content=\"https:\/\/www.facebook.com\/ExaudiNews\" \/>\n<meta property=\"article:author\" content=\"https:\/\/www.facebook.com\/ExaudiNotizie\/\" \/>\n<meta property=\"article:published_time\" content=\"2025-06-25T16:46:17+00:00\" \/>\n<meta property=\"og:image\" content=\"https:\/\/exaudi.org\/wp-content\/uploads\/2025\/06\/papa-piliticos-4.jpeg\" \/>\n\t<meta property=\"og:image:width\" content=\"1000\" \/>\n\t<meta property=\"og:image:height\" content=\"563\" \/>\n\t<meta property=\"og:image:type\" content=\"image\/jpeg\" \/>\n<meta name=\"author\" content=\"Exaudi Redazione\" \/>\n<meta name=\"twitter:card\" content=\"summary_large_image\" \/>\n<meta name=\"twitter:creator\" content=\"@Exaudi_Notizie\" \/>\n<meta name=\"twitter:site\" content=\"@Exaudi_News\" \/>\n<meta name=\"twitter:label1\" content=\"Scritto da\" \/>\n\t<meta name=\"twitter:data1\" content=\"Exaudi Redazione\" \/>\n\t<meta name=\"twitter:label2\" content=\"Tempo di lettura stimato\" \/>\n\t<meta name=\"twitter:data2\" content=\"4 minuti\" \/>\n<script type=\"application\/ld+json\" class=\"yoast-schema-graph\">{\"@context\":\"https:\\\/\\\/schema.org\",\"@graph\":[{\"@type\":\"Article\",\"@id\":\"https:\\\/\\\/exaudi.org\\\/it\\\/leone-xiv-inizia-a-dare-forma-al-suo-pontificato-con-le-prime-nomine-alla-curia-e-alla-struttura-di-governo-della-chiesa\\\/#article\",\"isPartOf\":{\"@id\":\"https:\\\/\\\/exaudi.org\\\/it\\\/leone-xiv-inizia-a-dare-forma-al-suo-pontificato-con-le-prime-nomine-alla-curia-e-alla-struttura-di-governo-della-chiesa\\\/\"},\"author\":{\"name\":\"Exaudi Redazione\",\"@id\":\"https:\\\/\\\/exaudi.org\\\/#\\\/schema\\\/person\\\/e1ab6ed07c01774724dd96f925f3a5f0\"},\"headline\":\"Leone XIV inizia a dare forma al suo pontificato con le prime nomine alla Curia e alla struttura di governo della Chiesa\",\"datePublished\":\"2025-06-25T16:46:17+00:00\",\"mainEntityOfPage\":{\"@id\":\"https:\\\/\\\/exaudi.org\\\/it\\\/leone-xiv-inizia-a-dare-forma-al-suo-pontificato-con-le-prime-nomine-alla-curia-e-alla-struttura-di-governo-della-chiesa\\\/\"},\"wordCount\":820,\"image\":{\"@id\":\"https:\\\/\\\/exaudi.org\\\/it\\\/leone-xiv-inizia-a-dare-forma-al-suo-pontificato-con-le-prime-nomine-alla-curia-e-alla-struttura-di-governo-della-chiesa\\\/#primaryimage\"},\"thumbnailUrl\":\"https:\\\/\\\/exaudi.org\\\/wp-content\\\/uploads\\\/2025\\\/06\\\/papa-piliticos-4.jpeg\",\"keywords\":[\"Chiesa cattolica\",\"Crist\u00f3bal Lopez Romero\",\"curia romana\",\"Dicasteri vaticani\",\"Governo della Chiesa\",\"Nomine della Curia\",\"Nomine vaticane\",\"Notizie dal Vaticano\",\"nuovi cardinali\",\"Papa 2025\",\"papa gesuita\",\"papa latinoamericano\",\"Papa Leone XIV\",\"Riforma della Curia\",\"Salas Casta\u00f1eda\",\"Segretario pontificio\",\"Struttura della Chiesa\",\"Trending\",\"Vaticano oggi\",\"Viaggi papali\"],\"articleSection\":[\"Leone XIV\"],\"inLanguage\":\"it-IT\"},{\"@type\":\"WebPage\",\"@id\":\"https:\\\/\\\/exaudi.org\\\/it\\\/leone-xiv-inizia-a-dare-forma-al-suo-pontificato-con-le-prime-nomine-alla-curia-e-alla-struttura-di-governo-della-chiesa\\\/\",\"url\":\"https:\\\/\\\/exaudi.org\\\/it\\\/leone-xiv-inizia-a-dare-forma-al-suo-pontificato-con-le-prime-nomine-alla-curia-e-alla-struttura-di-governo-della-chiesa\\\/\",\"name\":\"Leone XIV inizia a dare forma al suo pontificato con le prime nomine alla Curia e alla struttura di governo della Chiesa &#8211; Exaudi\",\"isPartOf\":{\"@id\":\"https:\\\/\\\/exaudi.org\\\/#website\"},\"primaryImageOfPage\":{\"@id\":\"https:\\\/\\\/exaudi.org\\\/it\\\/leone-xiv-inizia-a-dare-forma-al-suo-pontificato-con-le-prime-nomine-alla-curia-e-alla-struttura-di-governo-della-chiesa\\\/#primaryimage\"},\"image\":{\"@id\":\"https:\\\/\\\/exaudi.org\\\/it\\\/leone-xiv-inizia-a-dare-forma-al-suo-pontificato-con-le-prime-nomine-alla-curia-e-alla-struttura-di-governo-della-chiesa\\\/#primaryimage\"},\"thumbnailUrl\":\"https:\\\/\\\/exaudi.org\\\/wp-content\\\/uploads\\\/2025\\\/06\\\/papa-piliticos-4.jpeg\",\"datePublished\":\"2025-06-25T16:46:17+00:00\",\"author\":{\"@id\":\"https:\\\/\\\/exaudi.org\\\/#\\\/schema\\\/person\\\/e1ab6ed07c01774724dd96f925f3a5f0\"},\"breadcrumb\":{\"@id\":\"https:\\\/\\\/exaudi.org\\\/it\\\/leone-xiv-inizia-a-dare-forma-al-suo-pontificato-con-le-prime-nomine-alla-curia-e-alla-struttura-di-governo-della-chiesa\\\/#breadcrumb\"},\"inLanguage\":\"it-IT\",\"potentialAction\":[{\"@type\":\"ReadAction\",\"target\":[\"https:\\\/\\\/exaudi.org\\\/it\\\/leone-xiv-inizia-a-dare-forma-al-suo-pontificato-con-le-prime-nomine-alla-curia-e-alla-struttura-di-governo-della-chiesa\\\/\"]}]},{\"@type\":\"ImageObject\",\"inLanguage\":\"it-IT\",\"@id\":\"https:\\\/\\\/exaudi.org\\\/it\\\/leone-xiv-inizia-a-dare-forma-al-suo-pontificato-con-le-prime-nomine-alla-curia-e-alla-struttura-di-governo-della-chiesa\\\/#primaryimage\",\"url\":\"https:\\\/\\\/exaudi.org\\\/wp-content\\\/uploads\\\/2025\\\/06\\\/papa-piliticos-4.jpeg\",\"contentUrl\":\"https:\\\/\\\/exaudi.org\\\/wp-content\\\/uploads\\\/2025\\\/06\\\/papa-piliticos-4.jpeg\",\"width\":1000,\"height\":563},{\"@type\":\"BreadcrumbList\",\"@id\":\"https:\\\/\\\/exaudi.org\\\/it\\\/leone-xiv-inizia-a-dare-forma-al-suo-pontificato-con-le-prime-nomine-alla-curia-e-alla-struttura-di-governo-della-chiesa\\\/#breadcrumb\",\"itemListElement\":[{\"@type\":\"ListItem\",\"position\":1,\"name\":\"Portada\",\"item\":\"https:\\\/\\\/exaudi.org\\\/it\\\/\"},{\"@type\":\"ListItem\",\"position\":2,\"name\":\"Leone XIV inizia a dare forma al suo pontificato con le prime nomine alla Curia e alla struttura di governo della Chiesa\"}]},{\"@type\":\"WebSite\",\"@id\":\"https:\\\/\\\/exaudi.org\\\/#website\",\"url\":\"https:\\\/\\\/exaudi.org\\\/\",\"name\":\"Exaudi\",\"description\":\"News\",\"potentialAction\":[{\"@type\":\"SearchAction\",\"target\":{\"@type\":\"EntryPoint\",\"urlTemplate\":\"https:\\\/\\\/exaudi.org\\\/?s={search_term_string}\"},\"query-input\":{\"@type\":\"PropertyValueSpecification\",\"valueRequired\":true,\"valueName\":\"search_term_string\"}}],\"inLanguage\":\"it-IT\"},{\"@type\":\"Person\",\"@id\":\"https:\\\/\\\/exaudi.org\\\/#\\\/schema\\\/person\\\/e1ab6ed07c01774724dd96f925f3a5f0\",\"name\":\"Exaudi Redazione\",\"image\":{\"@type\":\"ImageObject\",\"inLanguage\":\"it-IT\",\"@id\":\"https:\\\/\\\/secure.gravatar.com\\\/avatar\\\/ad6774b3ada023bf5b939d64f45c94b3adf91502dd883507d469b4308a943bb3?s=96&d=mm&r=g\",\"url\":\"https:\\\/\\\/secure.gravatar.com\\\/avatar\\\/ad6774b3ada023bf5b939d64f45c94b3adf91502dd883507d469b4308a943bb3?s=96&d=mm&r=g\",\"contentUrl\":\"https:\\\/\\\/secure.gravatar.com\\\/avatar\\\/ad6774b3ada023bf5b939d64f45c94b3adf91502dd883507d469b4308a943bb3?s=96&d=mm&r=g\",\"caption\":\"Exaudi Redazione\"},\"description\":\"Che cosa \u00e8 Exaudi News? Exaudi News \u00e8 un agenzia cattolica internazionale che informa, istruisce e trasforma quotidianamente in spagnolo, inglese e italiano. Attraverso notizie, articoli di analisi e trasmissioni in diretta degli eventi del Papa, Exaudi cerca di rafforzare l'unit\u00e0 dei cristiani e di contribuire all'evangelizzazione del mondo, sempre guidato dalla dottrina sociale della Chiesa. Lavoriamo per portare la verit\u00e0 e i valori cristiani in ogni angolo del pianeta. Aiutaci a trasformare il mondo con Exaudi! Noi di Exaudi crediamo che l'evangelizzazione e l'informazione di qualit\u00e0 possano cambiare la vita. Per continuare la nostra missione ed espandere la nostra portata, abbiamo bisogno del tuo aiuto. Stiamo anche cercando persone motivate che vogliano unirsi al nostro team. Grazie al vostro sostegno raggiungeremo pi\u00f9 persone, diffonderemo il messaggio di Cristo e rafforzeremo l'unit\u00e0 dei cristiani. Vuoi unirti alla nostra missione? Per maggiori informazioni su come contribuire, visita Exaudi.org\\\/it o contattaci direttamente: info@exaudi.org Exaudi: informa, forma e trasforma.\",\"sameAs\":[\"https:\\\/\\\/www.facebook.com\\\/ExaudiNotizie\\\/\",\"https:\\\/\\\/www.instagram.com\\\/Exaudi_notizie\\\/\",\"https:\\\/\\\/x.com\\\/Exaudi_Notizie\",\"https:\\\/\\\/www.youtube.com\\\/@exaudicatholicnews\"],\"url\":\"https:\\\/\\\/exaudi.org\\\/it\\\/author\\\/dlvedi-org\\\/\"}]}<\/script>\n<!-- \/ Yoast SEO plugin. -->","yoast_head_json":{"title":"Leone XIV inizia a dare forma al suo pontificato con le prime nomine alla Curia e alla struttura di governo della Chiesa &#8211; Exaudi","robots":{"index":"index","follow":"follow","max-snippet":"max-snippet:-1","max-image-preview":"max-image-preview:large","max-video-preview":"max-video-preview:-1"},"canonical":"https:\/\/exaudi.org\/it\/leone-xiv-inizia-a-dare-forma-al-suo-pontificato-con-le-prime-nomine-alla-curia-e-alla-struttura-di-governo-della-chiesa\/","og_locale":"it_IT","og_type":"article","og_title":"Leone XIV inizia a dare forma al suo pontificato con le prime nomine alla Curia e alla struttura di governo della Chiesa &#8211; Exaudi","og_description":"Il Papa nomina nuovi responsabili nei dicasteri chiave, tra cui il cardinale spagnolo Crist\u00f3bal L\u00f3pez Romero e il cardinale messicano Jos\u00e9 Nah\u00fam Salas Casta\u00f1eda, nei primi gesti della sua direzione pastorale e organizzativa","og_url":"https:\/\/exaudi.org\/it\/leone-xiv-inizia-a-dare-forma-al-suo-pontificato-con-le-prime-nomine-alla-curia-e-alla-struttura-di-governo-della-chiesa\/","og_site_name":"Exaudi","article_publisher":"https:\/\/www.facebook.com\/ExaudiNews","article_author":"https:\/\/www.facebook.com\/ExaudiNotizie\/","article_published_time":"2025-06-25T16:46:17+00:00","og_image":[{"width":1000,"height":563,"url":"https:\/\/exaudi.org\/wp-content\/uploads\/2025\/06\/papa-piliticos-4.jpeg","type":"image\/jpeg"}],"author":"Exaudi Redazione","twitter_card":"summary_large_image","twitter_creator":"@Exaudi_Notizie","twitter_site":"@Exaudi_News","twitter_misc":{"Scritto da":"Exaudi Redazione","Tempo di lettura stimato":"4 minuti"},"schema":{"@context":"https:\/\/schema.org","@graph":[{"@type":"Article","@id":"https:\/\/exaudi.org\/it\/leone-xiv-inizia-a-dare-forma-al-suo-pontificato-con-le-prime-nomine-alla-curia-e-alla-struttura-di-governo-della-chiesa\/#article","isPartOf":{"@id":"https:\/\/exaudi.org\/it\/leone-xiv-inizia-a-dare-forma-al-suo-pontificato-con-le-prime-nomine-alla-curia-e-alla-struttura-di-governo-della-chiesa\/"},"author":{"name":"Exaudi Redazione","@id":"https:\/\/exaudi.org\/#\/schema\/person\/e1ab6ed07c01774724dd96f925f3a5f0"},"headline":"Leone XIV inizia a dare forma al suo pontificato con le prime nomine alla Curia e alla struttura di governo della Chiesa","datePublished":"2025-06-25T16:46:17+00:00","mainEntityOfPage":{"@id":"https:\/\/exaudi.org\/it\/leone-xiv-inizia-a-dare-forma-al-suo-pontificato-con-le-prime-nomine-alla-curia-e-alla-struttura-di-governo-della-chiesa\/"},"wordCount":820,"image":{"@id":"https:\/\/exaudi.org\/it\/leone-xiv-inizia-a-dare-forma-al-suo-pontificato-con-le-prime-nomine-alla-curia-e-alla-struttura-di-governo-della-chiesa\/#primaryimage"},"thumbnailUrl":"https:\/\/exaudi.org\/wp-content\/uploads\/2025\/06\/papa-piliticos-4.jpeg","keywords":["Chiesa cattolica","Crist\u00f3bal Lopez Romero","curia romana","Dicasteri vaticani","Governo della Chiesa","Nomine della Curia","Nomine vaticane","Notizie dal Vaticano","nuovi cardinali","Papa 2025","papa gesuita","papa latinoamericano","Papa Leone XIV","Riforma della Curia","Salas Casta\u00f1eda","Segretario pontificio","Struttura della Chiesa","Trending","Vaticano oggi","Viaggi papali"],"articleSection":["Leone XIV"],"inLanguage":"it-IT"},{"@type":"WebPage","@id":"https:\/\/exaudi.org\/it\/leone-xiv-inizia-a-dare-forma-al-suo-pontificato-con-le-prime-nomine-alla-curia-e-alla-struttura-di-governo-della-chiesa\/","url":"https:\/\/exaudi.org\/it\/leone-xiv-inizia-a-dare-forma-al-suo-pontificato-con-le-prime-nomine-alla-curia-e-alla-struttura-di-governo-della-chiesa\/","name":"Leone XIV inizia a dare forma al suo pontificato con le prime nomine alla Curia e alla struttura di governo della Chiesa &#8211; Exaudi","isPartOf":{"@id":"https:\/\/exaudi.org\/#website"},"primaryImageOfPage":{"@id":"https:\/\/exaudi.org\/it\/leone-xiv-inizia-a-dare-forma-al-suo-pontificato-con-le-prime-nomine-alla-curia-e-alla-struttura-di-governo-della-chiesa\/#primaryimage"},"image":{"@id":"https:\/\/exaudi.org\/it\/leone-xiv-inizia-a-dare-forma-al-suo-pontificato-con-le-prime-nomine-alla-curia-e-alla-struttura-di-governo-della-chiesa\/#primaryimage"},"thumbnailUrl":"https:\/\/exaudi.org\/wp-content\/uploads\/2025\/06\/papa-piliticos-4.jpeg","datePublished":"2025-06-25T16:46:17+00:00","author":{"@id":"https:\/\/exaudi.org\/#\/schema\/person\/e1ab6ed07c01774724dd96f925f3a5f0"},"breadcrumb":{"@id":"https:\/\/exaudi.org\/it\/leone-xiv-inizia-a-dare-forma-al-suo-pontificato-con-le-prime-nomine-alla-curia-e-alla-struttura-di-governo-della-chiesa\/#breadcrumb"},"inLanguage":"it-IT","potentialAction":[{"@type":"ReadAction","target":["https:\/\/exaudi.org\/it\/leone-xiv-inizia-a-dare-forma-al-suo-pontificato-con-le-prime-nomine-alla-curia-e-alla-struttura-di-governo-della-chiesa\/"]}]},{"@type":"ImageObject","inLanguage":"it-IT","@id":"https:\/\/exaudi.org\/it\/leone-xiv-inizia-a-dare-forma-al-suo-pontificato-con-le-prime-nomine-alla-curia-e-alla-struttura-di-governo-della-chiesa\/#primaryimage","url":"https:\/\/exaudi.org\/wp-content\/uploads\/2025\/06\/papa-piliticos-4.jpeg","contentUrl":"https:\/\/exaudi.org\/wp-content\/uploads\/2025\/06\/papa-piliticos-4.jpeg","width":1000,"height":563},{"@type":"BreadcrumbList","@id":"https:\/\/exaudi.org\/it\/leone-xiv-inizia-a-dare-forma-al-suo-pontificato-con-le-prime-nomine-alla-curia-e-alla-struttura-di-governo-della-chiesa\/#breadcrumb","itemListElement":[{"@type":"ListItem","position":1,"name":"Portada","item":"https:\/\/exaudi.org\/it\/"},{"@type":"ListItem","position":2,"name":"Leone XIV inizia a dare forma al suo pontificato con le prime nomine alla Curia e alla struttura di governo della Chiesa"}]},{"@type":"WebSite","@id":"https:\/\/exaudi.org\/#website","url":"https:\/\/exaudi.org\/","name":"Exaudi","description":"News","potentialAction":[{"@type":"SearchAction","target":{"@type":"EntryPoint","urlTemplate":"https:\/\/exaudi.org\/?s={search_term_string}"},"query-input":{"@type":"PropertyValueSpecification","valueRequired":true,"valueName":"search_term_string"}}],"inLanguage":"it-IT"},{"@type":"Person","@id":"https:\/\/exaudi.org\/#\/schema\/person\/e1ab6ed07c01774724dd96f925f3a5f0","name":"Exaudi Redazione","image":{"@type":"ImageObject","inLanguage":"it-IT","@id":"https:\/\/secure.gravatar.com\/avatar\/ad6774b3ada023bf5b939d64f45c94b3adf91502dd883507d469b4308a943bb3?s=96&d=mm&r=g","url":"https:\/\/secure.gravatar.com\/avatar\/ad6774b3ada023bf5b939d64f45c94b3adf91502dd883507d469b4308a943bb3?s=96&d=mm&r=g","contentUrl":"https:\/\/secure.gravatar.com\/avatar\/ad6774b3ada023bf5b939d64f45c94b3adf91502dd883507d469b4308a943bb3?s=96&d=mm&r=g","caption":"Exaudi Redazione"},"description":"Che cosa \u00e8 Exaudi News? Exaudi News \u00e8 un agenzia cattolica internazionale che informa, istruisce e trasforma quotidianamente in spagnolo, inglese e italiano. Attraverso notizie, articoli di analisi e trasmissioni in diretta degli eventi del Papa, Exaudi cerca di rafforzare l'unit\u00e0 dei cristiani e di contribuire all'evangelizzazione del mondo, sempre guidato dalla dottrina sociale della Chiesa. Lavoriamo per portare la verit\u00e0 e i valori cristiani in ogni angolo del pianeta. Aiutaci a trasformare il mondo con Exaudi! Noi di Exaudi crediamo che l'evangelizzazione e l'informazione di qualit\u00e0 possano cambiare la vita. Per continuare la nostra missione ed espandere la nostra portata, abbiamo bisogno del tuo aiuto. Stiamo anche cercando persone motivate che vogliano unirsi al nostro team. Grazie al vostro sostegno raggiungeremo pi\u00f9 persone, diffonderemo il messaggio di Cristo e rafforzeremo l'unit\u00e0 dei cristiani. Vuoi unirti alla nostra missione? Per maggiori informazioni su come contribuire, visita Exaudi.org\/it o contattaci direttamente: info@exaudi.org Exaudi: informa, forma e trasforma.","sameAs":["https:\/\/www.facebook.com\/ExaudiNotizie\/","https:\/\/www.instagram.com\/Exaudi_notizie\/","https:\/\/x.com\/Exaudi_Notizie","https:\/\/www.youtube.com\/@exaudicatholicnews"],"url":"https:\/\/exaudi.org\/it\/author\/dlvedi-org\/"}]}},"jetpack_featured_media_url":"https:\/\/exaudi.org\/wp-content\/uploads\/2025\/06\/papa-piliticos-4.jpeg","jetpack_shortlink":"https:\/\/wp.me\/pgKjF2-xxe","_links":{"self":[{"href":"https:\/\/exaudi.org\/it\/wp-json\/wp\/v2\/posts\/128912","targetHints":{"allow":["GET"]}}],"collection":[{"href":"https:\/\/exaudi.org\/it\/wp-json\/wp\/v2\/posts"}],"about":[{"href":"https:\/\/exaudi.org\/it\/wp-json\/wp\/v2\/types\/post"}],"author":[{"embeddable":true,"href":"https:\/\/exaudi.org\/it\/wp-json\/wp\/v2\/users\/17"}],"replies":[{"embeddable":true,"href":"https:\/\/exaudi.org\/it\/wp-json\/wp\/v2\/comments?post=128912"}],"version-history":[{"count":1,"href":"https:\/\/exaudi.org\/it\/wp-json\/wp\/v2\/posts\/128912\/revisions"}],"predecessor-version":[{"id":128913,"href":"https:\/\/exaudi.org\/it\/wp-json\/wp\/v2\/posts\/128912\/revisions\/128913"}],"wp:featuredmedia":[{"embeddable":true,"href":"https:\/\/exaudi.org\/it\/wp-json\/wp\/v2\/media\/128860"}],"wp:attachment":[{"href":"https:\/\/exaudi.org\/it\/wp-json\/wp\/v2\/media?parent=128912"}],"wp:term":[{"taxonomy":"category","embeddable":true,"href":"https:\/\/exaudi.org\/it\/wp-json\/wp\/v2\/categories?post=128912"},{"taxonomy":"post_tag","embeddable":true,"href":"https:\/\/exaudi.org\/it\/wp-json\/wp\/v2\/tags?post=128912"}],"curies":[{"name":"wp","href":"https:\/\/api.w.org\/{rel}","templated":true}]}}