{"id":128411,"date":"2025-06-19T16:47:56","date_gmt":"2025-06-19T14:47:56","guid":{"rendered":"https:\/\/exaudi.org\/?p=128411"},"modified":"2025-06-20T00:27:50","modified_gmt":"2025-06-19T22:27:50","slug":"corpus-domini-la-festa-della-presenza","status":"publish","type":"post","link":"https:\/\/exaudi.org\/it\/corpus-domini-la-festa-della-presenza\/","title":{"rendered":"Corpus Domini: la festa della Presenza"},"content":{"rendered":"<p><span style=\"vertical-align: inherit;\"><span style=\"vertical-align: inherit;\">Carlos J. Gallardo, sacerdote diocesano di Cordova, in Spagna, offre ai lettori di Exaudi questo articolo sulla festa del\u00a0 <\/span><\/span><em><span style=\"vertical-align: inherit;\"><span style=\"vertical-align: inherit;\">Corpus Domini<\/span><\/span><\/em><span style=\"vertical-align: inherit;\"><span style=\"vertical-align: inherit;\"> .<\/span><\/span><\/p>\n<p><span style=\"vertical-align: inherit;\"><span style=\"vertical-align: inherit;\">Al termine del tempo pasquale, la Chiesa celebra una serie di celebrazioni che esprimono concretamente l&#8217;intero mistero di Cristo. Una di queste celebrazioni \u00e8 la solennit\u00e0 del Santissimo Corpo e Sangue del Signore.<\/span><\/span><\/p>\n<p><span style=\"vertical-align: inherit;\"><span style=\"vertical-align: inherit;\">Possiamo affermare che questa \u00e8 una delle feste pi\u00f9 profondamente radicate tra i fedeli. La nostra attenzione \u00e8 focalizzata sulla persona di Ges\u00f9 Cristo, che per amore ha scelto di rimanere con noi, di condividere la nostra esistenza anche dopo la sua risurrezione e ascensione al cielo. Desidera, anche se solo sacramentalmente, vivere tra tutti noi. Lo stesso Ges\u00f9 che \u00e8 nato a Betlemme, che ha vissuto nascosto a Nazareth, che ha camminato per le strade polverose di Gerusalemme. Lo stesso Ges\u00f9 che ha incontrato la Samaritana o Zaccheo. Lo stesso Ges\u00f9 che ha guarito il cieco nato o il lebbroso. Il Ges\u00f9 dell&#8217;amore misericordioso che ha perdonato la donna adultera o ha scelto di mangiare con i pubblicani e i peccatori. Quel Ges\u00f9 che ha vinto la paura nella notte del tradimento e del dolore. Quel Ges\u00f9 crocifisso e risorto il terzo giorno&#8230; quello stesso Ges\u00f9 \u00e8 colui che appare sotto le specie del pane e del vino.<\/span><\/span><\/p>\n<p><span style=\"vertical-align: inherit;\"><span style=\"vertical-align: inherit;\">Tutto il suo Corpo, Sangue, Anima e Divinit\u00e0 \u00e8 nascosto nel pane e nel vino. Egli vive e pulsa d&#8217;amore per ciascuno di noi, per te in particolare, nel tabernacolo. Pertanto, la festa del Corpus Domini \u00e8 la festa di un amore che non passa mai, un amore che permane; \u00e8 la festa della presenza di Ges\u00f9.<\/span><\/span><\/p>\n<p><span style=\"vertical-align: inherit;\"><span style=\"vertical-align: inherit;\">Questa verit\u00e0 di fede \u00e8 sempre rimasta nella coscienza della Chiesa. Ma storicamente, c&#8217;\u00e8 un evento che spinge la Chiesa a voler sottolineare questa verit\u00e0 di fede con una solennit\u00e0 specifica all&#8217;interno delle celebrazioni dell&#8217;anno liturgico.<\/span><\/span><\/p>\n<h3><strong><span style=\"vertical-align: inherit;\"><span style=\"vertical-align: inherit;\">Come avviene tutto questo?<\/span><\/span><\/strong><\/h3>\n<p><span style=\"vertical-align: inherit;\"><span style=\"vertical-align: inherit;\">Alla fine del XIII secolo, a Liegi, in Belgio, nacque un movimento eucaristico incentrato sull&#8217;Abbazia di Cornillon, fondata nel 1124 dal vescovo Alberto di Liegi. Questo movimento promosse, tra le altre usanze, l&#8217;esposizione e la benedizione del Santissimo Sacramento, l&#8217;uso delle campane durante l&#8217;Elevazione dell&#8217;Eucaristia durante la Messa e la festa del\u00a0 <\/span><\/span><em><span style=\"vertical-align: inherit;\"><span style=\"vertical-align: inherit;\">Corpus Domini<\/span><\/span><\/em><span style=\"vertical-align: inherit;\"><span style=\"vertical-align: inherit;\"> .<\/span><\/span><\/p>\n<p><span style=\"vertical-align: inherit;\"><span style=\"vertical-align: inherit;\">Santa Giuliana di Mont Cornillon, priora dell&#8217;Abbazia a quel tempo, fu l&#8217;anima scelta da Dio per propiziare questa festa. La santa nacque a Retines, vicino a Liegi, in Belgio, nel 1193. Rimasta orfana in tenera et\u00e0, fu cresciuta dalle monache agostiniane di Mont Cornillon. In seguito, emise la professione religiosa. Col tempo, fu eletta superiora della sua comunit\u00e0. Mor\u00ec il 5 aprile 1258 nella casa delle monache cistercensi di Fosses.<\/span><\/span><\/p>\n<p><span style=\"vertical-align: inherit;\"><span style=\"vertical-align: inherit;\">Fin da giovane, Santa Giuliana nutriva una grande venerazione per il Santissimo Sacramento. Desiderava ardentemente una festa speciale in suo onore nella Chiesa. Questo desiderio crebbe quando ricevette una rivelazione in cui vide una macchia nera nella Chiesa, sotto l&#8217;apparenza di una luna piena, a simboleggiare l&#8217;assenza di questa solennit\u00e0.<\/span><\/span><\/p>\n<p><span style=\"vertical-align: inherit;\"><span style=\"vertical-align: inherit;\">Giuliana comunic\u00f2 queste apparizioni a monsignor Roberto de Thorete, allora vescovo di Liegi, anche al dotto domenicano Ugo, in seguito cardinale legato dei Paesi Bassi, e a Giacomo Pantaleone, a quel tempo arcidiacono di Liegi, in seguito papa Urbano IV.<\/span><\/span><\/p>\n<p><span style=\"vertical-align: inherit;\"><span style=\"vertical-align: inherit;\">Il vescovo Roberto ordin\u00f2 la celebrazione di questa festa per la sua diocesi. Il Papa chiese a un monaco di nome Giovanni di scrivere l&#8217;ufficio per questa festa.<\/span><\/span><\/p>\n<p><span style=\"vertical-align: inherit;\"><span style=\"vertical-align: inherit;\">In seguito, un vescovo tedesco venne a conoscenza dell&#8217;usanza e la diffuse in tutta l&#8217;attuale Germania. Divenne consuetudine celebrarla il gioved\u00ec dopo la domenica <\/span><\/span><a href=\"https:\/\/exaudi.org\/es\/solemnidad-de-la-santisima-trinidad\/\" target=\"_blank\" rel=\"noopener noreferrer\"><span style=\"vertical-align: inherit;\"><span style=\"vertical-align: inherit;\">della Trinit\u00e0<\/span><\/span><\/a><span style=\"vertical-align: inherit;\"><span style=\"vertical-align: inherit;\">, sebbene in alcuni paesi si sia poi proceduto alla sua celebrazione di domenica.<\/span><\/span><\/p>\n<p><span style=\"vertical-align: inherit;\"><span style=\"vertical-align: inherit;\">Nello stesso periodo, Papa Urbano IV apprese che un miracolo che chiamiamo Eucaristia era avvenuto a Bolsena nel 1263. Un sacerdote che celebrava la Messa dubit\u00f2 che la Consacrazione fosse reale. Al momento di spezzare l&#8217;Ostia Sacra, il sangue fuoriusc\u00ec e inzupp\u00f2 il corporale. Questa reliquia fu portata in processione a Orvieto il 19 giugno 1264, dove il Papa si trovava con la sua corte.<\/span><\/span><\/p>\n<p><span style=\"vertical-align: inherit;\"><span style=\"vertical-align: inherit;\">Il Santo Padre, edificato e pieno di devozione per questo miracolo, e dietro richiesta anche di alcuni vescovi, con la\u00a0 <\/span><\/span><a href=\"https:\/\/www.vatican.va\/content\/urbanus-iv\/es\/documents\/bulla-transiturus-de-mundo-11-aug-1264.html\" target=\"_blank\" rel=\"noopener noreferrer\"><span style=\"vertical-align: inherit;\"><span style=\"vertical-align: inherit;\">bolla\u00a0 <\/span><\/span><em><span style=\"vertical-align: inherit;\"><span style=\"vertical-align: inherit;\">Transiturus\u00a0<\/span><\/span><\/em><\/a><span style=\"vertical-align: inherit;\"><span style=\"vertical-align: inherit;\"> dell&#8217;8 settembre dello stesso hanno estese la festa del Corpus Domini a tutta la Chiesa, fissandola al gioved\u00ec dopo l&#8217;ottava di Pentecoste.<\/span><\/span><\/p>\n<p><span style=\"vertical-align: inherit;\"><span style=\"vertical-align: inherit;\">C&#8217;\u00e8 una tradizione che narra come Papa Urbano IV commission\u00f2 un Ufficio per la Liturgia delle Ore a San Bonaventura e San Tommaso d&#8217;Aquino. Quando il Papa inizi\u00f2 a leggere ad alta voce l&#8217;Ufficio di San Tommaso, San Bonaventura fece a pezzi il proprio Ufficio.<\/span><\/span><\/p>\n<p><span style=\"vertical-align: inherit;\"><span style=\"vertical-align: inherit;\">Nel corso dei secoli, questa festa si \u00e8 radicata sempre pi\u00f9 nella vita della Chiesa. Molti santi hanno promosso questa celebrazione e infiammato i cuori dei fedeli con un fervente amore per l&#8217;Eucaristia.<\/span><\/span><\/p>\n<h3><strong><span style=\"vertical-align: inherit;\"><span style=\"vertical-align: inherit;\">Vivere la solennit\u00e0<\/span><\/span><\/strong><\/h3>\n<p><span style=\"vertical-align: inherit;\"><span style=\"vertical-align: inherit;\">E come possiamo prepararci oggi a celebrare questa solennit\u00e0 con fede? Semplicemente compiendo tre azioni:<\/span><\/span><\/p>\n<p><span style=\"vertical-align: inherit;\"><span style=\"vertical-align: inherit;\">Atto di fede: risveglia la nostra fede davanti al mistero di Cristo, vivo e presente nel tabernacolo. Adora il Dio nascosto sotto le specie eucaristiche, venerale con profondo rispetto.<\/span><\/span><\/p>\n<p><span style=\"vertical-align: inherit;\"><span style=\"vertical-align: inherit;\">Un atto di speranza: sapere che questo cibo che riceviamo, di cui ci nutriamo nella Comunione, \u00e8 nutrimento per il cammino verso la vita eterna. Ogni Eucaristia \u00e8 un &#8220;pegno&#8221; dal cielo. Il cielo si unisce alla terra presso l&#8217;altare, e ora siamo nutriti dal &#8220;pane degli angeli&#8221;, il pane che ha il sapore della vita eterna.<\/span><\/span><\/p>\n<p><span style=\"vertical-align: inherit;\"><span style=\"vertical-align: inherit;\">Atto di carit\u00e0: pensiamo molto all&#8217;amore di Ges\u00f9 per ciascuno di noi, per l&#8217;umanit\u00e0 intera, per me&#8230; e contemplare il suo amore dovrebbe spingerci ad amare ancora di pi\u00f9. Desideriamo amarlo con tutto il nostro essere, con tutta la nostra vita, perch\u00e9 Lui mi aspetta nel tabernacolo e comprende solo l&#8217;amore.<\/span><\/span><\/p>\n<p><span style=\"vertical-align: inherit;\"><span style=\"vertical-align: inherit;\">Viviamo dunque questa festa pieni di fede, speranza e amore, e sentiamo come Ges\u00f9 realizza sempre le sue promesse e ci dice: \u00abIo sar\u00f2 con voi tutti i giorni, fino alla fine del mondo\u00bb.<\/span><\/span><\/p>\n<p><img loading=\"lazy\" decoding=\"async\" class=\"size-medium wp-image-128412 alignnone\" src=\"https:\/\/exaudi.org\/wp-content\/uploads\/2025\/06\/1-1-300x300.jpg\" alt=\"\" width=\"300\" height=\"300\" srcset=\"https:\/\/exaudi.org\/wp-content\/uploads\/2025\/06\/1-1-300x300.jpg 300w, https:\/\/exaudi.org\/wp-content\/uploads\/2025\/06\/1-1-100x100.jpg?crop=1 100w, https:\/\/exaudi.org\/wp-content\/uploads\/2025\/06\/1-1.jpg 500w\" sizes=\"auto, (max-width: 300px) 100vw, 300px\" \/><\/p>\n","protected":false},"excerpt":{"rendered":"<p>Significato, origine e come viverla<\/p>\n","protected":false},"author":44,"featured_media":20407,"comment_status":"closed","ping_status":"closed","sticky":false,"template":"","format":"standard","meta":{"_acf_changed":false,"_crdt_document":"","inline_featured_image":false,"footnotes":""},"categories":[95],"tags":[32717,63679,32695,4512,6411,2696,28783,1384,2487,24080,63681,32700,63682,63683,63684,63685,63686,33656,63687,63680,63688,17482],"class_list":["post-128411","post","type-post","status-publish","format-standard","has-post-thumbnail","hentry","category-spiritualita","tag-adorazione-eucaristica","tag-carlos-j-gallardo-2","tag-celebrazione-liturgica","tag-chiesa-cattolica","tag-corpo-di-cristo","tag-corpus-domini","tag-devozione-eucaristica","tag-eucaristia","tag-featured-3","tag-festa-cattolica","tag-giuliana-di-cornillon","tag-liturgia-cattolica","tag-messa-del-corpus-domini","tag-papa-urbano-iv-2","tag-presenza-reale-di-cristo","tag-processione-del-corpus-domini","tag-sacramento-dellaltare","tag-solennita","tag-solennita-del-corpus-domini","tag-spiritualita-eucaristica","tag-teologia-eucaristica-2","tag-tradizione-cattolica"],"acf":[],"yoast_head":"<!-- This site is optimized with the Yoast SEO plugin v27.5 - https:\/\/yoast.com\/product\/yoast-seo-wordpress\/ -->\n<title>Corpus Domini: la festa della Presenza &#8211; Exaudi<\/title>\n<meta name=\"robots\" content=\"index, follow, max-snippet:-1, max-image-preview:large, max-video-preview:-1\" \/>\n<link rel=\"canonical\" href=\"https:\/\/exaudi.org\/it\/corpus-domini-la-festa-della-presenza\/\" \/>\n<meta property=\"og:locale\" content=\"it_IT\" \/>\n<meta property=\"og:type\" content=\"article\" \/>\n<meta property=\"og:title\" content=\"Corpus Domini: la festa della Presenza &#8211; Exaudi\" \/>\n<meta property=\"og:description\" content=\"Significato, origine e come viverla\" \/>\n<meta property=\"og:url\" content=\"https:\/\/exaudi.org\/it\/corpus-domini-la-festa-della-presenza\/\" \/>\n<meta property=\"og:site_name\" content=\"Exaudi\" \/>\n<meta property=\"article:publisher\" content=\"https:\/\/www.facebook.com\/ExaudiNews\" \/>\n<meta property=\"article:published_time\" content=\"2025-06-19T14:47:56+00:00\" \/>\n<meta property=\"article:modified_time\" content=\"2025-06-19T22:27:50+00:00\" \/>\n<meta property=\"og:image\" content=\"https:\/\/exaudi.org\/wp-content\/uploads\/2021\/06\/cathopic_1498427584170593.jpg\" \/>\n\t<meta property=\"og:image:width\" content=\"1280\" \/>\n\t<meta property=\"og:image:height\" content=\"854\" \/>\n\t<meta property=\"og:image:type\" content=\"image\/jpeg\" \/>\n<meta name=\"author\" content=\"Carlos J. Gallardo\" \/>\n<meta name=\"twitter:card\" content=\"summary_large_image\" \/>\n<meta name=\"twitter:creator\" content=\"@Exaudi_News\" \/>\n<meta name=\"twitter:site\" content=\"@Exaudi_News\" \/>\n<meta name=\"twitter:label1\" content=\"Scritto da\" \/>\n\t<meta name=\"twitter:data1\" content=\"Carlos J. Gallardo\" \/>\n\t<meta name=\"twitter:label2\" content=\"Tempo di lettura stimato\" \/>\n\t<meta name=\"twitter:data2\" content=\"5 minuti\" \/>\n<script type=\"application\/ld+json\" class=\"yoast-schema-graph\">{\"@context\":\"https:\\\/\\\/schema.org\",\"@graph\":[{\"@type\":\"Article\",\"@id\":\"https:\\\/\\\/exaudi.org\\\/it\\\/corpus-domini-la-festa-della-presenza\\\/#article\",\"isPartOf\":{\"@id\":\"https:\\\/\\\/exaudi.org\\\/it\\\/corpus-domini-la-festa-della-presenza\\\/\"},\"author\":{\"name\":\"Carlos J. Gallardo\",\"@id\":\"https:\\\/\\\/exaudi.org\\\/#\\\/schema\\\/person\\\/14d7742696a546ff864dc2e61b5c9626\"},\"headline\":\"Corpus Domini: la festa della Presenza\",\"datePublished\":\"2025-06-19T14:47:56+00:00\",\"dateModified\":\"2025-06-19T22:27:50+00:00\",\"mainEntityOfPage\":{\"@id\":\"https:\\\/\\\/exaudi.org\\\/it\\\/corpus-domini-la-festa-della-presenza\\\/\"},\"wordCount\":980,\"image\":{\"@id\":\"https:\\\/\\\/exaudi.org\\\/it\\\/corpus-domini-la-festa-della-presenza\\\/#primaryimage\"},\"thumbnailUrl\":\"https:\\\/\\\/exaudi.org\\\/wp-content\\\/uploads\\\/2021\\\/06\\\/cathopic_1498427584170593.jpg\",\"keywords\":[\"Adorazione eucaristica\",\"Carlos J. Gallardo\",\"celebrazione liturgica\",\"Chiesa cattolica\",\"Corpo di Cristo\",\"Corpus Domini\",\"devozione eucaristica\",\"Eucaristia\",\"Featured\",\"Festa cattolica\",\"Giuliana di Cornillon\",\"Liturgia cattolica\",\"Messa del Corpus Domini\",\"Papa Urbano IV\",\"Presenza Reale di Cristo\",\"Processione del Corpus Domini\",\"Sacramento dell'Altare\",\"solennit\u00e0\",\"Solennit\u00e0 del Corpus Domini\",\"Spiritualit\u00e0 Eucaristica\",\"Teologia Eucaristica\",\"TRADIZIONE CATTOLICA\"],\"articleSection\":[\"Spiritualit\u00e0\"],\"inLanguage\":\"it-IT\"},{\"@type\":\"WebPage\",\"@id\":\"https:\\\/\\\/exaudi.org\\\/it\\\/corpus-domini-la-festa-della-presenza\\\/\",\"url\":\"https:\\\/\\\/exaudi.org\\\/it\\\/corpus-domini-la-festa-della-presenza\\\/\",\"name\":\"Corpus Domini: la festa della Presenza &#8211; Exaudi\",\"isPartOf\":{\"@id\":\"https:\\\/\\\/exaudi.org\\\/#website\"},\"primaryImageOfPage\":{\"@id\":\"https:\\\/\\\/exaudi.org\\\/it\\\/corpus-domini-la-festa-della-presenza\\\/#primaryimage\"},\"image\":{\"@id\":\"https:\\\/\\\/exaudi.org\\\/it\\\/corpus-domini-la-festa-della-presenza\\\/#primaryimage\"},\"thumbnailUrl\":\"https:\\\/\\\/exaudi.org\\\/wp-content\\\/uploads\\\/2021\\\/06\\\/cathopic_1498427584170593.jpg\",\"datePublished\":\"2025-06-19T14:47:56+00:00\",\"dateModified\":\"2025-06-19T22:27:50+00:00\",\"author\":{\"@id\":\"https:\\\/\\\/exaudi.org\\\/#\\\/schema\\\/person\\\/14d7742696a546ff864dc2e61b5c9626\"},\"breadcrumb\":{\"@id\":\"https:\\\/\\\/exaudi.org\\\/it\\\/corpus-domini-la-festa-della-presenza\\\/#breadcrumb\"},\"inLanguage\":\"it-IT\",\"potentialAction\":[{\"@type\":\"ReadAction\",\"target\":[\"https:\\\/\\\/exaudi.org\\\/it\\\/corpus-domini-la-festa-della-presenza\\\/\"]}]},{\"@type\":\"ImageObject\",\"inLanguage\":\"it-IT\",\"@id\":\"https:\\\/\\\/exaudi.org\\\/it\\\/corpus-domini-la-festa-della-presenza\\\/#primaryimage\",\"url\":\"https:\\\/\\\/exaudi.org\\\/wp-content\\\/uploads\\\/2021\\\/06\\\/cathopic_1498427584170593.jpg\",\"contentUrl\":\"https:\\\/\\\/exaudi.org\\\/wp-content\\\/uploads\\\/2021\\\/06\\\/cathopic_1498427584170593.jpg\",\"width\":1280,\"height\":854,\"caption\":\"Corpus Christi \u00a9 Cathopic. Dulce Mar\u00eda\"},{\"@type\":\"BreadcrumbList\",\"@id\":\"https:\\\/\\\/exaudi.org\\\/it\\\/corpus-domini-la-festa-della-presenza\\\/#breadcrumb\",\"itemListElement\":[{\"@type\":\"ListItem\",\"position\":1,\"name\":\"Portada\",\"item\":\"https:\\\/\\\/exaudi.org\\\/it\\\/\"},{\"@type\":\"ListItem\",\"position\":2,\"name\":\"Corpus Domini: la festa della Presenza\"}]},{\"@type\":\"WebSite\",\"@id\":\"https:\\\/\\\/exaudi.org\\\/#website\",\"url\":\"https:\\\/\\\/exaudi.org\\\/\",\"name\":\"Exaudi\",\"description\":\"News\",\"potentialAction\":[{\"@type\":\"SearchAction\",\"target\":{\"@type\":\"EntryPoint\",\"urlTemplate\":\"https:\\\/\\\/exaudi.org\\\/?s={search_term_string}\"},\"query-input\":{\"@type\":\"PropertyValueSpecification\",\"valueRequired\":true,\"valueName\":\"search_term_string\"}}],\"inLanguage\":\"it-IT\"},{\"@type\":\"Person\",\"@id\":\"https:\\\/\\\/exaudi.org\\\/#\\\/schema\\\/person\\\/14d7742696a546ff864dc2e61b5c9626\",\"name\":\"Carlos J. Gallardo\",\"image\":{\"@type\":\"ImageObject\",\"inLanguage\":\"it-IT\",\"@id\":\"https:\\\/\\\/secure.gravatar.com\\\/avatar\\\/daf555c897a082a16379fd233fe9eecb9fd7051b757bbde1484bdee72c775641?s=96&d=mm&r=g\",\"url\":\"https:\\\/\\\/secure.gravatar.com\\\/avatar\\\/daf555c897a082a16379fd233fe9eecb9fd7051b757bbde1484bdee72c775641?s=96&d=mm&r=g\",\"contentUrl\":\"https:\\\/\\\/secure.gravatar.com\\\/avatar\\\/daf555c897a082a16379fd233fe9eecb9fd7051b757bbde1484bdee72c775641?s=96&d=mm&r=g\",\"caption\":\"Carlos J. Gallardo\"},\"description\":\"Nac\u00ed el 24 de diciembre de 1985. Fui ordenado sacerdote el 13 de marzo de 2010. Estuve destinado en la Bas\u00edlica Pontificia de San Juan de \u00c1vila en Montilla hasta 2014 que fui nombrado director espiritual adjunto del Seminario Conciliar de san Pelagio en C\u00f3rdoba. Tambi\u00e9n en 2016 fui nombrado director diocesano del apostolado de la oraci\u00f3n de la di\u00f3cesis de C\u00f3rdoba. Licenciado en Teolog\u00eda Espiritual por la Universidad Pontificia de Comillas, Madrid (2019).\",\"url\":\"https:\\\/\\\/exaudi.org\\\/it\\\/author\\\/carlosjesusgallardo\\\/\"}]}<\/script>\n<!-- \/ Yoast SEO plugin. -->","yoast_head_json":{"title":"Corpus Domini: la festa della Presenza &#8211; Exaudi","robots":{"index":"index","follow":"follow","max-snippet":"max-snippet:-1","max-image-preview":"max-image-preview:large","max-video-preview":"max-video-preview:-1"},"canonical":"https:\/\/exaudi.org\/it\/corpus-domini-la-festa-della-presenza\/","og_locale":"it_IT","og_type":"article","og_title":"Corpus Domini: la festa della Presenza &#8211; Exaudi","og_description":"Significato, origine e come viverla","og_url":"https:\/\/exaudi.org\/it\/corpus-domini-la-festa-della-presenza\/","og_site_name":"Exaudi","article_publisher":"https:\/\/www.facebook.com\/ExaudiNews","article_published_time":"2025-06-19T14:47:56+00:00","article_modified_time":"2025-06-19T22:27:50+00:00","og_image":[{"width":1280,"height":854,"url":"https:\/\/exaudi.org\/wp-content\/uploads\/2021\/06\/cathopic_1498427584170593.jpg","type":"image\/jpeg"}],"author":"Carlos J. Gallardo","twitter_card":"summary_large_image","twitter_creator":"@Exaudi_News","twitter_site":"@Exaudi_News","twitter_misc":{"Scritto da":"Carlos J. Gallardo","Tempo di lettura stimato":"5 minuti"},"schema":{"@context":"https:\/\/schema.org","@graph":[{"@type":"Article","@id":"https:\/\/exaudi.org\/it\/corpus-domini-la-festa-della-presenza\/#article","isPartOf":{"@id":"https:\/\/exaudi.org\/it\/corpus-domini-la-festa-della-presenza\/"},"author":{"name":"Carlos J. Gallardo","@id":"https:\/\/exaudi.org\/#\/schema\/person\/14d7742696a546ff864dc2e61b5c9626"},"headline":"Corpus Domini: la festa della Presenza","datePublished":"2025-06-19T14:47:56+00:00","dateModified":"2025-06-19T22:27:50+00:00","mainEntityOfPage":{"@id":"https:\/\/exaudi.org\/it\/corpus-domini-la-festa-della-presenza\/"},"wordCount":980,"image":{"@id":"https:\/\/exaudi.org\/it\/corpus-domini-la-festa-della-presenza\/#primaryimage"},"thumbnailUrl":"https:\/\/exaudi.org\/wp-content\/uploads\/2021\/06\/cathopic_1498427584170593.jpg","keywords":["Adorazione eucaristica","Carlos J. Gallardo","celebrazione liturgica","Chiesa cattolica","Corpo di Cristo","Corpus Domini","devozione eucaristica","Eucaristia","Featured","Festa cattolica","Giuliana di Cornillon","Liturgia cattolica","Messa del Corpus Domini","Papa Urbano IV","Presenza Reale di Cristo","Processione del Corpus Domini","Sacramento dell'Altare","solennit\u00e0","Solennit\u00e0 del Corpus Domini","Spiritualit\u00e0 Eucaristica","Teologia Eucaristica","TRADIZIONE CATTOLICA"],"articleSection":["Spiritualit\u00e0"],"inLanguage":"it-IT"},{"@type":"WebPage","@id":"https:\/\/exaudi.org\/it\/corpus-domini-la-festa-della-presenza\/","url":"https:\/\/exaudi.org\/it\/corpus-domini-la-festa-della-presenza\/","name":"Corpus Domini: la festa della Presenza &#8211; Exaudi","isPartOf":{"@id":"https:\/\/exaudi.org\/#website"},"primaryImageOfPage":{"@id":"https:\/\/exaudi.org\/it\/corpus-domini-la-festa-della-presenza\/#primaryimage"},"image":{"@id":"https:\/\/exaudi.org\/it\/corpus-domini-la-festa-della-presenza\/#primaryimage"},"thumbnailUrl":"https:\/\/exaudi.org\/wp-content\/uploads\/2021\/06\/cathopic_1498427584170593.jpg","datePublished":"2025-06-19T14:47:56+00:00","dateModified":"2025-06-19T22:27:50+00:00","author":{"@id":"https:\/\/exaudi.org\/#\/schema\/person\/14d7742696a546ff864dc2e61b5c9626"},"breadcrumb":{"@id":"https:\/\/exaudi.org\/it\/corpus-domini-la-festa-della-presenza\/#breadcrumb"},"inLanguage":"it-IT","potentialAction":[{"@type":"ReadAction","target":["https:\/\/exaudi.org\/it\/corpus-domini-la-festa-della-presenza\/"]}]},{"@type":"ImageObject","inLanguage":"it-IT","@id":"https:\/\/exaudi.org\/it\/corpus-domini-la-festa-della-presenza\/#primaryimage","url":"https:\/\/exaudi.org\/wp-content\/uploads\/2021\/06\/cathopic_1498427584170593.jpg","contentUrl":"https:\/\/exaudi.org\/wp-content\/uploads\/2021\/06\/cathopic_1498427584170593.jpg","width":1280,"height":854,"caption":"Corpus Christi \u00a9 Cathopic. Dulce Mar\u00eda"},{"@type":"BreadcrumbList","@id":"https:\/\/exaudi.org\/it\/corpus-domini-la-festa-della-presenza\/#breadcrumb","itemListElement":[{"@type":"ListItem","position":1,"name":"Portada","item":"https:\/\/exaudi.org\/it\/"},{"@type":"ListItem","position":2,"name":"Corpus Domini: la festa della Presenza"}]},{"@type":"WebSite","@id":"https:\/\/exaudi.org\/#website","url":"https:\/\/exaudi.org\/","name":"Exaudi","description":"News","potentialAction":[{"@type":"SearchAction","target":{"@type":"EntryPoint","urlTemplate":"https:\/\/exaudi.org\/?s={search_term_string}"},"query-input":{"@type":"PropertyValueSpecification","valueRequired":true,"valueName":"search_term_string"}}],"inLanguage":"it-IT"},{"@type":"Person","@id":"https:\/\/exaudi.org\/#\/schema\/person\/14d7742696a546ff864dc2e61b5c9626","name":"Carlos J. Gallardo","image":{"@type":"ImageObject","inLanguage":"it-IT","@id":"https:\/\/secure.gravatar.com\/avatar\/daf555c897a082a16379fd233fe9eecb9fd7051b757bbde1484bdee72c775641?s=96&d=mm&r=g","url":"https:\/\/secure.gravatar.com\/avatar\/daf555c897a082a16379fd233fe9eecb9fd7051b757bbde1484bdee72c775641?s=96&d=mm&r=g","contentUrl":"https:\/\/secure.gravatar.com\/avatar\/daf555c897a082a16379fd233fe9eecb9fd7051b757bbde1484bdee72c775641?s=96&d=mm&r=g","caption":"Carlos J. Gallardo"},"description":"Nac\u00ed el 24 de diciembre de 1985. Fui ordenado sacerdote el 13 de marzo de 2010. Estuve destinado en la Bas\u00edlica Pontificia de San Juan de \u00c1vila en Montilla hasta 2014 que fui nombrado director espiritual adjunto del Seminario Conciliar de san Pelagio en C\u00f3rdoba. Tambi\u00e9n en 2016 fui nombrado director diocesano del apostolado de la oraci\u00f3n de la di\u00f3cesis de C\u00f3rdoba. Licenciado en Teolog\u00eda Espiritual por la Universidad Pontificia de Comillas, Madrid (2019).","url":"https:\/\/exaudi.org\/it\/author\/carlosjesusgallardo\/"}]}},"jetpack_featured_media_url":"https:\/\/exaudi.org\/wp-content\/uploads\/2021\/06\/cathopic_1498427584170593.jpg","jetpack_shortlink":"https:\/\/wp.me\/pgKjF2-xp9","_links":{"self":[{"href":"https:\/\/exaudi.org\/it\/wp-json\/wp\/v2\/posts\/128411","targetHints":{"allow":["GET"]}}],"collection":[{"href":"https:\/\/exaudi.org\/it\/wp-json\/wp\/v2\/posts"}],"about":[{"href":"https:\/\/exaudi.org\/it\/wp-json\/wp\/v2\/types\/post"}],"author":[{"embeddable":true,"href":"https:\/\/exaudi.org\/it\/wp-json\/wp\/v2\/users\/44"}],"replies":[{"embeddable":true,"href":"https:\/\/exaudi.org\/it\/wp-json\/wp\/v2\/comments?post=128411"}],"version-history":[{"count":1,"href":"https:\/\/exaudi.org\/it\/wp-json\/wp\/v2\/posts\/128411\/revisions"}],"predecessor-version":[{"id":128415,"href":"https:\/\/exaudi.org\/it\/wp-json\/wp\/v2\/posts\/128411\/revisions\/128415"}],"wp:featuredmedia":[{"embeddable":true,"href":"https:\/\/exaudi.org\/it\/wp-json\/wp\/v2\/media\/20407"}],"wp:attachment":[{"href":"https:\/\/exaudi.org\/it\/wp-json\/wp\/v2\/media?parent=128411"}],"wp:term":[{"taxonomy":"category","embeddable":true,"href":"https:\/\/exaudi.org\/it\/wp-json\/wp\/v2\/categories?post=128411"},{"taxonomy":"post_tag","embeddable":true,"href":"https:\/\/exaudi.org\/it\/wp-json\/wp\/v2\/tags?post=128411"}],"curies":[{"name":"wp","href":"https:\/\/api.w.org\/{rel}","templated":true}]}}