{"id":128032,"date":"2025-06-13T19:55:02","date_gmt":"2025-06-13T17:55:02","guid":{"rendered":"https:\/\/exaudi.org\/?p=128032"},"modified":"2025-06-13T19:55:02","modified_gmt":"2025-06-13T17:55:02","slug":"come-un-pollo-senza-testa","status":"publish","type":"post","link":"https:\/\/exaudi.org\/it\/come-un-pollo-senza-testa\/","title":{"rendered":"Come un pollo senza testa"},"content":{"rendered":"<p><span style=\"vertical-align: inherit\"><span style=\"vertical-align: inherit\">&#8220;In questo secolo porremo fine <\/span><\/span><strong><span style=\"vertical-align: inherit\"><span style=\"vertical-align: inherit\">alle malattie<\/span><\/span><\/strong><span style=\"vertical-align: inherit\"><span style=\"vertical-align: inherit\">, ma\u00a0 <\/span><\/span><strong><span style=\"vertical-align: inherit\"><span style=\"vertical-align: inherit\">la fretta ci uccider\u00e0&#8221;.<\/span><\/span><\/strong><span style=\"vertical-align: inherit\"><span style=\"vertical-align: inherit\"> Questa citazione di Mara\u00f1\u00f3n mi ricorda che viviamo in una societ\u00e0 in cui siamo tutti di fretta. Camminiamo per strada o sull&#8217;autobus controllando i nostri telefoni, senza notare i tanti dettagli che rendono la vita pi\u00f9 umana e gentile. Corriamo, non solo per prendere l&#8217;autobus, ma per tutto. Se osservi le persone che incontri per strada o sull&#8217;autobus, vedrai che sembrano di fretta, quindi non sappiamo come godere di una serena contemplazione, della bellezza che ci circonda, di qualche fiore, del cielo azzurro, o semplicemente della luce del giorno o dell&#8217;oscurit\u00e0 della notte.<\/span><\/span><\/p>\n<p><span style=\"vertical-align: inherit\"><span style=\"vertical-align: inherit\">Perch\u00e9 abbiamo cos\u00ec tanta fretta? Sembra che dobbiamo fare le cose pi\u00f9 e pi\u00f9 volte, pensando che questa attivit\u00e0 frenetica ci render\u00e0 pi\u00f9 felici o ci far\u00e0 guadagnare di pi\u00f9. Il tempo vola. Ci sfugge di mano. Molte persone si accorgono di correre, ma non sanno dove vogliono andare. Non hanno obiettivi chiari nella loro vita. Mancano di uno scopo nel loro lavoro, nella loro carriera e nella loro vita. \u00c8 impossibile raggiungere la felicit\u00e0 in questo modo.<\/span><\/span><\/p>\n<p><span style=\"vertical-align: inherit\"><span style=\"vertical-align: inherit\">Sicuramente, questa fretta \u00e8 alimentata da poca riflessione. Pensare significa fermarsi a pensare, dice un amico filosofo. Nella fretta, \u00e8 molto difficile pensare e riflettere. Il nostro comportamento deve essere guidato principalmente dall&#8217;intelligenza e dalla forza di volont\u00e0, non solo da emozioni e sentimenti. Viviamo in una societ\u00e0 emotivista.<\/span><\/span><\/p>\n<p><span style=\"vertical-align: inherit\"><span style=\"vertical-align: inherit\">Le motivazioni principali del nostro stile di vita sono emotive e sentimentali, e questo si riflette chiaramente nel nostro comportamento di consumo: acquistiamo per capriccio, perch\u00e9 qualcosa ci attrae, per il colore, la confezione, perch\u00e9 \u00e8 in saldo o semplicemente perch\u00e9 ne abbiamo voglia. Questo stile di vita consumistico e individualista \u00e8 spesso illogico, poich\u00e9 non vi \u00e8 alcun ragionamento, riflessione o riflessione, n\u00e9 alcuna valutazione dei vantaggi e degli svantaggi delle diverse opzioni di acquisto.<\/span><\/span><\/p>\n<p><span style=\"vertical-align: inherit\"><span style=\"vertical-align: inherit\">L&#8217;importanza delle emozioni nelle nostre azioni viene sfruttata dal marketing emozionale e dalla pubblicit\u00e0. Per motivare gli acquisti, enfatizzano emozioni, sentimenti e ci\u00f2 che conoscono come motivazione, eliminando cos\u00ec il comportamento razionale. Diventiamo facilmente manipolabili. Ci precipitiamo e non pensiamo. Si potrebbe dire che siamo come un pollo senza testa. Taglia la testa a un pollo e continuer\u00e0 a correre&#8230; ma senza testa.<\/span><\/span><\/p>\n<p><span style=\"vertical-align: inherit\"><span style=\"vertical-align: inherit\">Dato che non ho fretta, se mi scrivi a:\u00a0 <\/span><\/span><a href=\"mailto:jmiguel.ponce@gmail.com\"><span style=\"vertical-align: inherit\"><span style=\"vertical-align: inherit\">jmiguel.ponce@gmail.com<\/span><\/span><\/a><span style=\"vertical-align: inherit\"><span style=\"vertical-align: inherit\"> \u00a0ti invier\u00f2 alcune cose interessanti sulla manipolazione.<\/span><\/span><\/p>\n","protected":false},"excerpt":{"rendered":"<p>Viviamo velocemente, senza pensare, senza meta&#8230; in un mondo che corre, ma non sa dove sta andando<\/p>\n","protected":false},"author":157,"featured_media":127968,"comment_status":"closed","ping_status":"closed","sticky":false,"template":"","format":"standard","meta":{"_acf_changed":false,"_crdt_document":"","inline_featured_image":false,"footnotes":""},"categories":[71],"tags":[62679,2135,62680,62681,38524,1720,62684,35959,50970,15339,62683,15074,62685,10964,15973,18951,62686,41127,62682,8872,4952,62687,62688],"class_list":["post-128032","post","type-post","status-publish","format-standard","has-post-thumbnail","hentry","category-analisi","tag-consumo-irrazionale","tag-contemplazione","tag-correre-senza-meta","tag-decisioni-impulsive","tag-emotivismo-2","tag-felicita","tag-fretta","tag-intelligenza-emotiva","tag-jose-miguel-ponce-2","tag-manipolazione","tag-marketing-emozionale","tag-pensiero-critico","tag-pubblicita-emozionale","tag-riflessione","tag-senso-della-vita","tag-serenita","tag-societa-dei-consumi","tag-societa-moderna","tag-stile-di-vita-attuale","tag-stress","tag-trending-it","tag-vita-frenetica","tag-vita-senza-senso"],"acf":[],"yoast_head":"<!-- This site is optimized with the Yoast SEO plugin v27.4 - https:\/\/yoast.com\/product\/yoast-seo-wordpress\/ -->\n<title>Come un pollo senza testa &#8211; Exaudi<\/title>\n<meta name=\"robots\" content=\"index, follow, max-snippet:-1, max-image-preview:large, max-video-preview:-1\" \/>\n<link rel=\"canonical\" href=\"https:\/\/exaudi.org\/it\/come-un-pollo-senza-testa\/\" \/>\n<meta property=\"og:locale\" content=\"it_IT\" \/>\n<meta property=\"og:type\" content=\"article\" \/>\n<meta property=\"og:title\" content=\"Come un pollo senza testa &#8211; Exaudi\" \/>\n<meta property=\"og:description\" content=\"Viviamo velocemente, senza pensare, senza meta... in un mondo che corre, ma non sa dove sta andando\" \/>\n<meta property=\"og:url\" content=\"https:\/\/exaudi.org\/it\/come-un-pollo-senza-testa\/\" \/>\n<meta property=\"og:site_name\" content=\"Exaudi\" \/>\n<meta property=\"article:publisher\" content=\"https:\/\/www.facebook.com\/ExaudiNews\" \/>\n<meta property=\"article:author\" content=\"https:\/\/marketingyservicios.com\/\" \/>\n<meta property=\"article:published_time\" content=\"2025-06-13T17:55:02+00:00\" \/>\n<meta property=\"og:image\" content=\"https:\/\/exaudi.org\/wp-content\/uploads\/2025\/06\/pexels-pawel-l-435199-1309687-scaled.jpg\" \/>\n\t<meta property=\"og:image:width\" content=\"2560\" \/>\n\t<meta property=\"og:image:height\" content=\"1707\" \/>\n\t<meta property=\"og:image:type\" content=\"image\/jpeg\" \/>\n<meta name=\"author\" content=\"Marketing y Servicios\" \/>\n<meta name=\"twitter:card\" content=\"summary_large_image\" \/>\n<meta name=\"twitter:creator\" content=\"@mentoring_sev\" \/>\n<meta name=\"twitter:site\" content=\"@Exaudi_News\" \/>\n<meta name=\"twitter:label1\" content=\"Scritto da\" \/>\n\t<meta name=\"twitter:data1\" content=\"Marketing y Servicios\" \/>\n\t<meta name=\"twitter:label2\" content=\"Tempo di lettura stimato\" \/>\n\t<meta name=\"twitter:data2\" content=\"2 minuti\" \/>\n<script type=\"application\/ld+json\" class=\"yoast-schema-graph\">{\"@context\":\"https:\\\/\\\/schema.org\",\"@graph\":[{\"@type\":\"Article\",\"@id\":\"https:\\\/\\\/exaudi.org\\\/it\\\/come-un-pollo-senza-testa\\\/#article\",\"isPartOf\":{\"@id\":\"https:\\\/\\\/exaudi.org\\\/it\\\/come-un-pollo-senza-testa\\\/\"},\"author\":{\"name\":\"Marketing y Servicios\",\"@id\":\"https:\\\/\\\/exaudi.org\\\/#\\\/schema\\\/person\\\/0ec39b1037553be7468a8044044a7283\"},\"headline\":\"Come un pollo senza testa\",\"datePublished\":\"2025-06-13T17:55:02+00:00\",\"mainEntityOfPage\":{\"@id\":\"https:\\\/\\\/exaudi.org\\\/it\\\/come-un-pollo-senza-testa\\\/\"},\"wordCount\":397,\"image\":{\"@id\":\"https:\\\/\\\/exaudi.org\\\/it\\\/come-un-pollo-senza-testa\\\/#primaryimage\"},\"thumbnailUrl\":\"https:\\\/\\\/exaudi.org\\\/wp-content\\\/uploads\\\/2025\\\/06\\\/pexels-pawel-l-435199-1309687-scaled.jpg\",\"keywords\":[\"consumo irrazionale\",\"contemplazione\",\"correre senza meta\",\"decisioni impulsive\",\"emotivismo\",\"felicit\u00e0\",\"fretta\",\"intelligenza emotiva\",\"Jos\u00e9 Miguel Ponce\",\"MANIPOLAZIONE\",\"marketing emozionale\",\"PENSIERO CRITICO\",\"pubblicit\u00e0 emozionale\",\"RIFLESSIONE\",\"SENSO DELLA VITA\",\"SERENIT\u00c0\",\"societ\u00e0 dei consumi\",\"societ\u00e0 moderna\",\"stile di vita attuale\",\"stress\",\"Trending\",\"vita frenetica\",\"vita senza senso\"],\"articleSection\":[\"Analisi\"],\"inLanguage\":\"it-IT\"},{\"@type\":\"WebPage\",\"@id\":\"https:\\\/\\\/exaudi.org\\\/it\\\/come-un-pollo-senza-testa\\\/\",\"url\":\"https:\\\/\\\/exaudi.org\\\/it\\\/come-un-pollo-senza-testa\\\/\",\"name\":\"Come un pollo senza testa &#8211; Exaudi\",\"isPartOf\":{\"@id\":\"https:\\\/\\\/exaudi.org\\\/#website\"},\"primaryImageOfPage\":{\"@id\":\"https:\\\/\\\/exaudi.org\\\/it\\\/come-un-pollo-senza-testa\\\/#primaryimage\"},\"image\":{\"@id\":\"https:\\\/\\\/exaudi.org\\\/it\\\/come-un-pollo-senza-testa\\\/#primaryimage\"},\"thumbnailUrl\":\"https:\\\/\\\/exaudi.org\\\/wp-content\\\/uploads\\\/2025\\\/06\\\/pexels-pawel-l-435199-1309687-scaled.jpg\",\"datePublished\":\"2025-06-13T17:55:02+00:00\",\"author\":{\"@id\":\"https:\\\/\\\/exaudi.org\\\/#\\\/schema\\\/person\\\/0ec39b1037553be7468a8044044a7283\"},\"breadcrumb\":{\"@id\":\"https:\\\/\\\/exaudi.org\\\/it\\\/come-un-pollo-senza-testa\\\/#breadcrumb\"},\"inLanguage\":\"it-IT\",\"potentialAction\":[{\"@type\":\"ReadAction\",\"target\":[\"https:\\\/\\\/exaudi.org\\\/it\\\/come-un-pollo-senza-testa\\\/\"]}]},{\"@type\":\"ImageObject\",\"inLanguage\":\"it-IT\",\"@id\":\"https:\\\/\\\/exaudi.org\\\/it\\\/come-un-pollo-senza-testa\\\/#primaryimage\",\"url\":\"https:\\\/\\\/exaudi.org\\\/wp-content\\\/uploads\\\/2025\\\/06\\\/pexels-pawel-l-435199-1309687-scaled.jpg\",\"contentUrl\":\"https:\\\/\\\/exaudi.org\\\/wp-content\\\/uploads\\\/2025\\\/06\\\/pexels-pawel-l-435199-1309687-scaled.jpg\",\"width\":2560,\"height\":1707},{\"@type\":\"BreadcrumbList\",\"@id\":\"https:\\\/\\\/exaudi.org\\\/it\\\/come-un-pollo-senza-testa\\\/#breadcrumb\",\"itemListElement\":[{\"@type\":\"ListItem\",\"position\":1,\"name\":\"Portada\",\"item\":\"https:\\\/\\\/exaudi.org\\\/it\\\/\"},{\"@type\":\"ListItem\",\"position\":2,\"name\":\"Come un pollo senza testa\"}]},{\"@type\":\"WebSite\",\"@id\":\"https:\\\/\\\/exaudi.org\\\/#website\",\"url\":\"https:\\\/\\\/exaudi.org\\\/\",\"name\":\"Exaudi\",\"description\":\"News\",\"potentialAction\":[{\"@type\":\"SearchAction\",\"target\":{\"@type\":\"EntryPoint\",\"urlTemplate\":\"https:\\\/\\\/exaudi.org\\\/?s={search_term_string}\"},\"query-input\":{\"@type\":\"PropertyValueSpecification\",\"valueRequired\":true,\"valueName\":\"search_term_string\"}}],\"inLanguage\":\"it-IT\"},{\"@type\":\"Person\",\"@id\":\"https:\\\/\\\/exaudi.org\\\/#\\\/schema\\\/person\\\/0ec39b1037553be7468a8044044a7283\",\"name\":\"Marketing y Servicios\",\"image\":{\"@type\":\"ImageObject\",\"inLanguage\":\"it-IT\",\"@id\":\"https:\\\/\\\/secure.gravatar.com\\\/avatar\\\/887d69b0afc81051391a1aa8022a59db22c5ad6f2eecb945ce1b0d0613c61b5f?s=96&d=mm&r=g\",\"url\":\"https:\\\/\\\/secure.gravatar.com\\\/avatar\\\/887d69b0afc81051391a1aa8022a59db22c5ad6f2eecb945ce1b0d0613c61b5f?s=96&d=mm&r=g\",\"contentUrl\":\"https:\\\/\\\/secure.gravatar.com\\\/avatar\\\/887d69b0afc81051391a1aa8022a59db22c5ad6f2eecb945ce1b0d0613c61b5f?s=96&d=mm&r=g\",\"caption\":\"Marketing y Servicios\"},\"description\":\"Ideas para mejorar el mundo . Director: Jos\u00e9 Miguel Ponce . Profesor universitario e investigador en Marketing y Gesti\u00f3n de Servicios, con experiencia en cinco universidades p\u00fablicas y privadas. Sevillano de origen, ha vivido en varias ciudades de Espa\u00f1a y actualmente reside en Sevilla. Apasionado por la educaci\u00f3n, la comunicaci\u00f3n y las relaciones humanas, considera la amistad y la empat\u00eda clave en su vida y ense\u00f1anza. Ha publicado investigaciones sobre Marketing, Calidad de Servicio y organizaciones sin \u00e1nimo de lucro. Humanista y optimista, promueve el agradecimiento y la coherencia como valores fundamentales.\",\"sameAs\":[\"https:\\\/\\\/marketingyservicios.com\\\/\",\"https:\\\/\\\/www.instagram.com\\\/mentoringsevilla\\\/\",\"https:\\\/\\\/www.linkedin.com\\\/company\\\/marketing-y-servicios\\\/\",\"https:\\\/\\\/x.com\\\/mentoring_sev\",\"https:\\\/\\\/www.youtube.com\\\/@marketingyservicios649\"],\"url\":\"https:\\\/\\\/exaudi.org\\\/it\\\/author\\\/jose-miguel-ponce\\\/\"}]}<\/script>\n<!-- \/ Yoast SEO plugin. -->","yoast_head_json":{"title":"Come un pollo senza testa &#8211; Exaudi","robots":{"index":"index","follow":"follow","max-snippet":"max-snippet:-1","max-image-preview":"max-image-preview:large","max-video-preview":"max-video-preview:-1"},"canonical":"https:\/\/exaudi.org\/it\/come-un-pollo-senza-testa\/","og_locale":"it_IT","og_type":"article","og_title":"Come un pollo senza testa &#8211; Exaudi","og_description":"Viviamo velocemente, senza pensare, senza meta... in un mondo che corre, ma non sa dove sta andando","og_url":"https:\/\/exaudi.org\/it\/come-un-pollo-senza-testa\/","og_site_name":"Exaudi","article_publisher":"https:\/\/www.facebook.com\/ExaudiNews","article_author":"https:\/\/marketingyservicios.com\/","article_published_time":"2025-06-13T17:55:02+00:00","og_image":[{"width":2560,"height":1707,"url":"https:\/\/exaudi.org\/wp-content\/uploads\/2025\/06\/pexels-pawel-l-435199-1309687-scaled.jpg","type":"image\/jpeg"}],"author":"Marketing y Servicios","twitter_card":"summary_large_image","twitter_creator":"@mentoring_sev","twitter_site":"@Exaudi_News","twitter_misc":{"Scritto da":"Marketing y Servicios","Tempo di lettura stimato":"2 minuti"},"schema":{"@context":"https:\/\/schema.org","@graph":[{"@type":"Article","@id":"https:\/\/exaudi.org\/it\/come-un-pollo-senza-testa\/#article","isPartOf":{"@id":"https:\/\/exaudi.org\/it\/come-un-pollo-senza-testa\/"},"author":{"name":"Marketing y Servicios","@id":"https:\/\/exaudi.org\/#\/schema\/person\/0ec39b1037553be7468a8044044a7283"},"headline":"Come un pollo senza testa","datePublished":"2025-06-13T17:55:02+00:00","mainEntityOfPage":{"@id":"https:\/\/exaudi.org\/it\/come-un-pollo-senza-testa\/"},"wordCount":397,"image":{"@id":"https:\/\/exaudi.org\/it\/come-un-pollo-senza-testa\/#primaryimage"},"thumbnailUrl":"https:\/\/exaudi.org\/wp-content\/uploads\/2025\/06\/pexels-pawel-l-435199-1309687-scaled.jpg","keywords":["consumo irrazionale","contemplazione","correre senza meta","decisioni impulsive","emotivismo","felicit\u00e0","fretta","intelligenza emotiva","Jos\u00e9 Miguel Ponce","MANIPOLAZIONE","marketing emozionale","PENSIERO CRITICO","pubblicit\u00e0 emozionale","RIFLESSIONE","SENSO DELLA VITA","SERENIT\u00c0","societ\u00e0 dei consumi","societ\u00e0 moderna","stile di vita attuale","stress","Trending","vita frenetica","vita senza senso"],"articleSection":["Analisi"],"inLanguage":"it-IT"},{"@type":"WebPage","@id":"https:\/\/exaudi.org\/it\/come-un-pollo-senza-testa\/","url":"https:\/\/exaudi.org\/it\/come-un-pollo-senza-testa\/","name":"Come un pollo senza testa &#8211; Exaudi","isPartOf":{"@id":"https:\/\/exaudi.org\/#website"},"primaryImageOfPage":{"@id":"https:\/\/exaudi.org\/it\/come-un-pollo-senza-testa\/#primaryimage"},"image":{"@id":"https:\/\/exaudi.org\/it\/come-un-pollo-senza-testa\/#primaryimage"},"thumbnailUrl":"https:\/\/exaudi.org\/wp-content\/uploads\/2025\/06\/pexels-pawel-l-435199-1309687-scaled.jpg","datePublished":"2025-06-13T17:55:02+00:00","author":{"@id":"https:\/\/exaudi.org\/#\/schema\/person\/0ec39b1037553be7468a8044044a7283"},"breadcrumb":{"@id":"https:\/\/exaudi.org\/it\/come-un-pollo-senza-testa\/#breadcrumb"},"inLanguage":"it-IT","potentialAction":[{"@type":"ReadAction","target":["https:\/\/exaudi.org\/it\/come-un-pollo-senza-testa\/"]}]},{"@type":"ImageObject","inLanguage":"it-IT","@id":"https:\/\/exaudi.org\/it\/come-un-pollo-senza-testa\/#primaryimage","url":"https:\/\/exaudi.org\/wp-content\/uploads\/2025\/06\/pexels-pawel-l-435199-1309687-scaled.jpg","contentUrl":"https:\/\/exaudi.org\/wp-content\/uploads\/2025\/06\/pexels-pawel-l-435199-1309687-scaled.jpg","width":2560,"height":1707},{"@type":"BreadcrumbList","@id":"https:\/\/exaudi.org\/it\/come-un-pollo-senza-testa\/#breadcrumb","itemListElement":[{"@type":"ListItem","position":1,"name":"Portada","item":"https:\/\/exaudi.org\/it\/"},{"@type":"ListItem","position":2,"name":"Come un pollo senza testa"}]},{"@type":"WebSite","@id":"https:\/\/exaudi.org\/#website","url":"https:\/\/exaudi.org\/","name":"Exaudi","description":"News","potentialAction":[{"@type":"SearchAction","target":{"@type":"EntryPoint","urlTemplate":"https:\/\/exaudi.org\/?s={search_term_string}"},"query-input":{"@type":"PropertyValueSpecification","valueRequired":true,"valueName":"search_term_string"}}],"inLanguage":"it-IT"},{"@type":"Person","@id":"https:\/\/exaudi.org\/#\/schema\/person\/0ec39b1037553be7468a8044044a7283","name":"Marketing y Servicios","image":{"@type":"ImageObject","inLanguage":"it-IT","@id":"https:\/\/secure.gravatar.com\/avatar\/887d69b0afc81051391a1aa8022a59db22c5ad6f2eecb945ce1b0d0613c61b5f?s=96&d=mm&r=g","url":"https:\/\/secure.gravatar.com\/avatar\/887d69b0afc81051391a1aa8022a59db22c5ad6f2eecb945ce1b0d0613c61b5f?s=96&d=mm&r=g","contentUrl":"https:\/\/secure.gravatar.com\/avatar\/887d69b0afc81051391a1aa8022a59db22c5ad6f2eecb945ce1b0d0613c61b5f?s=96&d=mm&r=g","caption":"Marketing y Servicios"},"description":"Ideas para mejorar el mundo . Director: Jos\u00e9 Miguel Ponce . Profesor universitario e investigador en Marketing y Gesti\u00f3n de Servicios, con experiencia en cinco universidades p\u00fablicas y privadas. Sevillano de origen, ha vivido en varias ciudades de Espa\u00f1a y actualmente reside en Sevilla. Apasionado por la educaci\u00f3n, la comunicaci\u00f3n y las relaciones humanas, considera la amistad y la empat\u00eda clave en su vida y ense\u00f1anza. Ha publicado investigaciones sobre Marketing, Calidad de Servicio y organizaciones sin \u00e1nimo de lucro. Humanista y optimista, promueve el agradecimiento y la coherencia como valores fundamentales.","sameAs":["https:\/\/marketingyservicios.com\/","https:\/\/www.instagram.com\/mentoringsevilla\/","https:\/\/www.linkedin.com\/company\/marketing-y-servicios\/","https:\/\/x.com\/mentoring_sev","https:\/\/www.youtube.com\/@marketingyservicios649"],"url":"https:\/\/exaudi.org\/it\/author\/jose-miguel-ponce\/"}]}},"jetpack_featured_media_url":"https:\/\/exaudi.org\/wp-content\/uploads\/2025\/06\/pexels-pawel-l-435199-1309687-scaled.jpg","jetpack_shortlink":"https:\/\/wp.me\/pgKjF2-xj2","_links":{"self":[{"href":"https:\/\/exaudi.org\/it\/wp-json\/wp\/v2\/posts\/128032","targetHints":{"allow":["GET"]}}],"collection":[{"href":"https:\/\/exaudi.org\/it\/wp-json\/wp\/v2\/posts"}],"about":[{"href":"https:\/\/exaudi.org\/it\/wp-json\/wp\/v2\/types\/post"}],"author":[{"embeddable":true,"href":"https:\/\/exaudi.org\/it\/wp-json\/wp\/v2\/users\/157"}],"replies":[{"embeddable":true,"href":"https:\/\/exaudi.org\/it\/wp-json\/wp\/v2\/comments?post=128032"}],"version-history":[{"count":0,"href":"https:\/\/exaudi.org\/it\/wp-json\/wp\/v2\/posts\/128032\/revisions"}],"wp:featuredmedia":[{"embeddable":true,"href":"https:\/\/exaudi.org\/it\/wp-json\/wp\/v2\/media\/127968"}],"wp:attachment":[{"href":"https:\/\/exaudi.org\/it\/wp-json\/wp\/v2\/media?parent=128032"}],"wp:term":[{"taxonomy":"category","embeddable":true,"href":"https:\/\/exaudi.org\/it\/wp-json\/wp\/v2\/categories?post=128032"},{"taxonomy":"post_tag","embeddable":true,"href":"https:\/\/exaudi.org\/it\/wp-json\/wp\/v2\/tags?post=128032"}],"curies":[{"name":"wp","href":"https:\/\/api.w.org\/{rel}","templated":true}]}}