{"id":127804,"date":"2025-06-10T18:48:03","date_gmt":"2025-06-10T16:48:03","guid":{"rendered":"https:\/\/exaudi.org\/?p=127804"},"modified":"2025-06-10T18:55:50","modified_gmt":"2025-06-10T16:55:50","slug":"leone-xiv-un-dono-immeritato-per-lamerica-latina-e-il-mondo","status":"publish","type":"post","link":"https:\/\/exaudi.org\/it\/leone-xiv-un-dono-immeritato-per-lamerica-latina-e-il-mondo\/","title":{"rendered":"Leone XIV: un dono immeritato per l&#8217;America Latina e il mondo"},"content":{"rendered":"<p><strong><span style=\"vertical-align: inherit\"><span style=\"vertical-align: inherit\">Exaudi: Quando e come ha incontrato il Cardinale Robert Prevost? Quali sono state le sue prime impressioni?<\/span><\/span><\/strong><\/p>\n<p><span style=\"vertical-align: inherit\"><span style=\"vertical-align: inherit\">RG: Alla fine di gennaio 2023, Papa Francesco ha accettato le dimissioni del Cardinale Marc Ouellet da Prefetto del Dicastero per i Vescovi e da Presidente della Pontificia Commissione per l&#8217;America Latina. Con nostra sorpresa, il vescovo nominato per sostituirlo si \u00e8 rivelato essere il Vescovo di Chiclayo, Mons. Robert Francis Prevost Mart\u00ednez. Grazie alla mia precedente collaborazione con il CELAM, conoscevo una vasta gamma di vescovi; tuttavia, non avevo alcuna notizia di Mons. Prevost. Non appena ha assunto l&#8217;incarico, abbiamo iniziato a collaborare strettamente. Ci incontravamo spesso nel suo ufficio o alla CAL per discutere di ogni genere di questioni relative alla Chiesa in America Latina. Forse ci\u00f2 che mi ha colpito di pi\u00f9 all&#8217;inizio \u00e8 stata la sua enorme pace interiore ed esteriore. Oserei dire che ha una personalit\u00e0 unica che calma anche i pi\u00f9 tesi.<\/span><\/span><\/p>\n<p><strong><span style=\"vertical-align: inherit\"><span style=\"vertical-align: inherit\">Exaudi: Qual \u00e8 stata la sua impressione il giorno delle elezioni? Si aspettava di sentirsi chiamare per nome?<\/span><\/span><\/strong><\/p>\n<p><span style=\"vertical-align: inherit\"><span style=\"vertical-align: inherit\">RG: In segreto pensavo che il cardinale Prevost potesse essere un Papa magnifico. Tuttavia, con una prospettiva mondana, mi dicevo anche che i &#8220;candidati&#8221; pi\u00f9 frequentemente citati dai media avrebbero sicuramente travolto il processo elettorale, e che solo in caso di un lungo conclave nomi come quello di Robert Prevost sarebbero emersi come una forza. Grazie a Dio, mi sbagliavo completamente, come tanti altri vaticanisti, professionisti o dilettanti, che comparivano in quei giorni.<\/span><\/span><\/p>\n<p><span style=\"vertical-align: inherit\"><span style=\"vertical-align: inherit\">Quando il balcone si apr\u00ec e fu pronunciato il nome di Robert Francis Prevost, provai un&#8217;emozione indescrivibile. Improvvisamente, la mia testa si riemp\u00ec della certezza che Dio avesse avuto piet\u00e0 della nostra Chiesa e fosse intervenuto in modo straordinario. Dopo il saluto del Papa in Piazza, io e mia moglie ci dirigemmo a Casa Santa Marta. Entrammo con Mons. Ilson Montanari, segretario del Dicastero per i Vescovi. Dopo una breve attesa nell&#8217;atrio della Casa, si apr\u00ec una porticina laterale, ed ecco il mio capo, ora vestito di bianco. Non credo che dimenticher\u00f2 mai quel momento. Pensai solo: questo \u00e8 un evento di Grazia. \u00c8 un&#8217;irruzione immeritata del Mistero nella vita del mondo. Ci congratulammo con lui e lo abbracciammo. Ci diede la sua benedizione.<\/span><\/span><\/p>\n<p><strong><span style=\"vertical-align: inherit\"><span style=\"vertical-align: inherit\">Exaudi: Che tipo di formazione ha il Cardinale Prevost? Come definirebbe il suo profilo teologico e pastorale?<\/span><\/span><\/strong><\/p>\n<p><span style=\"vertical-align: inherit\"><span style=\"vertical-align: inherit\">RG: Viviamo in un&#8217;epoca che cerca di semplificare le cose attraverso varie &#8220;etichette&#8221;. Queste &#8220;etichette&#8221; vengono utilizzate per qualificare o squalificare profili, gruppi o movimenti. Tuttavia, la realt\u00e0 \u00e8 spesso pi\u00f9 complessa di queste semplificazioni. Papa Leone XIV ricevette la sua prima formazione teologica nel 1978 presso la Catholic Theological Union di Chicago. Questo istituto era stato fondato dieci anni prima, unendo tre facolt\u00e0 di teologia e cercando di accogliere gli insegnamenti del Concilio Vaticano II. In seguito studi\u00f2 per la licenza e il dottorato in diritto canonico presso l&#8217;Angelicum di Roma, completando gli studi nel 1987. L&#8217;Angelicum \u00e8 un&#8217;universit\u00e0 che offre una solida formazione tomistica a tutti i suoi studenti. Tuttavia, forse l&#8217;aspetto pi\u00f9 decisivo e rilevante per comprendere il &#8220;profilo&#8221; del nostro nuovo Papa \u00e8 la sua appartenenza alla famiglia agostiniana e la sua vocazione missionaria, che lo hanno portato a lavorare in Per\u00f9 per quarant&#8217;anni.<\/span><\/span><\/p>\n<p><span style=\"vertical-align: inherit\"><span style=\"vertical-align: inherit\">Sant&#8217;Agostino \u00e8 il santo del primato della grazia e della sua critica al moralismo pelagiano. Agostino \u00e8 l&#8217;uomo che ha compreso che il cuore umano sperimenta la tensione di abitare due citt\u00e0: quella di Dio e quella dell&#8217;uomo. Se siamo fedeli a Dio, possiamo essere cittadini del mondo senza idolatria. Se siamo fedeli al mondo, finiremo per confondere la difesa della verit\u00e0 con la violenza e la distruzione delle persone, come spesso accadeva nell&#8217;antichit\u00e0.<\/span><\/span><\/p>\n<p><span style=\"vertical-align: inherit\"><span style=\"vertical-align: inherit\">Allo stesso modo, il vescovo Prevost ha vissuto il suo carisma evangelizzando una terra meravigliosa come il Per\u00f9. L\u00ec ha incontrato il mondo indigeno e meticcio, la variegata cultura barocca latinoamericana, la nostra cara religiosit\u00e0 popolare e la nostra fede piena di speranza. L\u00ec ha scoperto sensibilit\u00e0 pastorali di ogni tipo. Ma, cosa ancora pi\u00f9 importante, in quelle terre ha trovato la grande opportunit\u00e0 di rinnovare la comunione come metodo: &#8220;In Illo uno, unum&#8221;, in cui Lui \u00e8 Uno, noi siamo uno. In altre parole: se seguiamo Ges\u00f9, dobbiamo imparare a rischiare la vita per la riunione, per la comunione, per l&#8217;unit\u00e0 riconciliata.<\/span><\/span><\/p>\n<p>&nbsp;<\/p>\n<p><img decoding=\"async\" class=\"aligncenter\" src=\"https:\/\/exaudi.org\/wp-content\/uploads\/2025\/06\/Imagen-de-WhatsApp-2025-06-09-a-las-17.19.02_e4b6e184.jpg\" \/><\/p>\n<p><strong><span style=\"vertical-align: inherit\"><span style=\"vertical-align: inherit\">Exaudi: Data la sua formazione all&#8217;Angelicum, potrebbe sembrare un vescovo conservatore. \u00c8 corretto?<\/span><\/span><\/strong><\/p>\n<p><span style=\"vertical-align: inherit\"><span style=\"vertical-align: inherit\">RG: Ho l&#8217;impressione che Papa Leone XIV abbia scoperto da tempo che il conservatorismo e il liberalismo cattolici sono ideologie, cio\u00e8 riduzioni faziose della verit\u00e0. Ha sperimentato in prima persona la dura critica delle atmosfere fondamentaliste. Una critica menzognera e spietata verso chi non sa vivere in comunione. Ha anche visto l&#8217;intollerabile insoddisfazione di chi si considera pi\u00f9 creativo e avanzato dello Spirito Santo, e che finisce anch&#8217;esso per erodere l&#8217;unit\u00e0 della Chiesa. Significa forse che Robert Prevost stia navigando in un mare di tiepidezza? Sinceramente credo di no. Ha saputo governare con affetto pastorale e sincera dedizione una diocesi tradizionalmente animata dall&#8217;Opus Dei. Allo stesso tempo, non ha esitato a mostrare apprezzamento per l&#8217;amato Gustavo Guti\u00e9rrez.<\/span><\/span><\/p>\n<p><span style=\"vertical-align: inherit\"><span style=\"vertical-align: inherit\">Lo dico in un altro modo: il cardinale Prevost non ha sofferto gli insegnamenti di papa Francesco; li ha apprezzati e ne ha imparato tutto il possibile. Questo \u00e8 stato possibile perch\u00e9 ha saputo porsi come discepolo di fronte al dono che Dio elargisce nella persona del Successore di Pietro. \u00c8 un uomo che valorizza l&#8217;autorit\u00e0 come servizio e l&#8217;obbedienza come disponibilit\u00e0 all&#8217;evento del Regno. In un certo senso, attraverso questi atteggiamenti, ha vissuto la scuola migliore e pi\u00f9 provvidenziale dell&#8217;essere papa.<\/span><\/span><\/p>\n<p><strong><span style=\"vertical-align: inherit\"><span style=\"vertical-align: inherit\">Exaudi: Secondo lei, come \u00e8 stato accolto Papa Leone XIV nella Curia, a Roma, nella Chiesa?<\/span><\/span><\/strong><\/p>\n<p><span style=\"vertical-align: inherit\"><span style=\"vertical-align: inherit\">RG: \u00c8 ancora troppo presto per valutare come verr\u00e0 accolto il nuovo Papa. Credo che il Popolo di Dio, sia a Roma che in quasi tutto il mondo, stia scoprendo con gioia che Dio non ha abbandonato la Sua Chiesa. E che l&#8217;enorme vuoto lasciato in molti di noi dalla morte di Papa Francesco venga colmato in modo straordinario dalla persona di Leone XIV. Improvvisamente, leggendo alcuni commenti sulla stampa, ho l&#8217;impressione che in alcuni ambienti si voglia &#8220;tirare acqua sulla propria acqua&#8221;. Alcuni settori enfatizzano unilateralmente certi paramenti rossi, la preghiera in latino o la menzione del matrimonio eterosessuale aperto alla vita, nel tentativo di affermare che in qualche modo stiamo tornando a un certo &#8220;ordine&#8221; e a una certa &#8220;tradizione&#8221;. Altri sottolineano quante volte abbia menzionato la parola &#8220;sinodalit\u00e0&#8221; o questioni legate alla &#8220;dottrina sociale&#8221; per indicare che \u00e8 un Papa &#8220;progressista&#8221;. La verit\u00e0 \u00e8 che Papa Leone XIV non \u00e8 Giovanni Paolo III o Francesco II. Tanto meno \u00e8 Benedetto XVII. Credo che abbia imparato senza vergogna dai papi del passato, ma dobbiamo lasciarlo essere se stesso. E questo far\u00e0 parte dell&#8217;apertura che Dio si aspetta da noi per la maturazione della Chiesa in questa nuova fase della storia.<\/span><\/span><\/p>\n<p><strong><span style=\"vertical-align: inherit\"><span style=\"vertical-align: inherit\">Exaudi: Quali temi pensi che Leone XIV riprender\u00e0 da Leone XIII nel nuovo contesto del nostro tempo?<\/span><\/span><\/strong><\/p>\n<p><span style=\"vertical-align: inherit\"><span style=\"vertical-align: inherit\">RG: Papa Leone XIV cerc\u00f2 di spiegare la scelta del suo nome, e parl\u00f2 subito di &#8220;Rerum novarum&#8221; e di come Papa Pecci affront\u00f2 la sfida della Rivoluzione Industriale nel XIX secolo. Indubbiamente, Papa Leone XIV avrebbe fatto lo stesso nel contesto della cosiddetta &#8220;quarta rivoluzione industriale&#8221;. Tuttavia, Leone XIII fu anche il Papa che visse la sfida dell'&#8221;americanismo&#8221;. In altre parole, fin dal XIX secolo, settori della Chiesa cattolica negli Stati Uniti avevano subordinato la fede alla &#8220;cultura liberale americana&#8221;, come se un certo modo di essere &#8220;americani&#8221; fosse il criterio ermeneutico per definire cosa significhi essere cristiani.<\/span><\/span><\/p>\n<p><span style=\"vertical-align: inherit\"><span style=\"vertical-align: inherit\">Credo che, mutatis mutandis, Papa Leone XIV, che conosce particolarmente bene l&#8217;attuale ethos della Chiesa negli Stati Uniti, dovr\u00e0 affrontare la distorsione che deriva dalla convinzione che esista un solo modo di vivere e celebrare la fede. Un deplorevole esempio di come la fede sia talvolta subordinata e manipolata da una prospettiva nazionalista di parte \u00e8 la mancanza di distanza critica che alcuni cattolici negli Stati Uniti mostrano dalle loro opinioni di parte. Il fenomeno dei &#8220;Cattolici MAGA&#8221; e di gruppi simili merita di essere compreso e affrontato con carit\u00e0 e cristallina chiarezza. Questa mentalit\u00e0 porta ad assurdit\u00e0 come l&#8217;affermazione del diritto alla vita fin dal concepimento e il mancato rispetto dei diritti fondamentali dei migranti irregolari, o la lotta ardente per il matrimonio eterosessuale mentre si sostiene contemporaneamente la &#8220;pena di morte&#8221;, contraddicendo non solo il Catechismo della Chiesa Cattolica, ma anche la concezione pi\u00f9 basilare della pari dignit\u00e0 di ogni essere umano.<\/span><\/span><\/p>\n<p><span style=\"vertical-align: inherit\"><span style=\"vertical-align: inherit\">Vale la pena ricordare che Leone XIII fu anche il Papa che, quando i settori ultraconservatori in Francia cercavano una sorta di ritorno all'&#8221;ancien r\u00e9gime&#8221;, sostenne coraggiosamente la &#8220;Terza Repubblica&#8221; e la democrazia. In altre parole, fin dai tempi di Leone XIII, i &#8220;conservatori&#8221; stavano gi\u00e0 rivelando la loro essenza. Ci\u00f2 che \u00e8 fondamentale per un cattolico \u00e8 rimanere in comunione dinamica, in sinodalit\u00e0, ovvero dare una testimonianza creativa dell&#8217;unit\u00e0 nella Chiesa, promuovendo cos\u00ec la riconciliazione e la fraternit\u00e0 in un mondo diviso e ferito.<\/span><\/span><\/p>\n<p><span style=\"vertical-align: inherit\"><span style=\"vertical-align: inherit\">Inoltre, Leone XIII fu il Papa dell'&#8221;Aeterni Patris&#8221;, cio\u00e8 dell&#8217;Enciclica che rilanci\u00f2 lo studio di San Tommaso d&#8217;Aquino nella formazione del clero cattolico, e che in seguito diede frutti importanti in innumerevoli ambienti laici. Non credo che Papa Leone XIV ci inviter\u00e0 a un malinconico ritorno a San Tommaso, ma \u00e8 possibile che rafforzi la formazione intellettuale dei cattolici con nuove risorse. Per chi di noi considera la modernit\u00e0 una forma di agostinismo la cui controversia antipelagiana \u00e8 stata cancellata, nulla ci entusiasmerebbe di pi\u00f9 di un invito ad approfondire il pensiero del santo di Ippona, in modo aggiornato.<\/span><\/span><\/p>\n<p><span style=\"vertical-align: inherit\"><span style=\"vertical-align: inherit\">Infine, Leone XIII scrisse nove encicliche sulla Vergine Maria. In un&#8217;epoca in cui abbondano esperienze mariane fuori tempo, sia per il loro carattere gnostico, sia per la loro natura puramente sentimentale, sia per la loro mancanza di integrazione ecclesiale, l&#8217;amore autentico per Maria non pu\u00f2 condurci in altra direzione se non quella indicata dal Capitolo VIII della Costituzione &#8220;Lumen Gentium&#8221;. Maria \u00e8 il &#8220;tipo&#8221;, il modello, della Chiesa. Non \u00e8 un mero messaggio per la devozione privata, ma il compimento esistenziale della Chiesa, come dovrebbe essere. A mio avviso, il deficit mariologico di alcune ecclesiologie contemporanee merita di essere corretto seguendo l&#8217;esempio del Concilio Vaticano II e dei teologi che valorizzano la spiritualit\u00e0 popolare. In America Latina, questo \u00e8 molto chiaro: l&#8217;esperienza popolare della fede non \u00e8 mero folklore. \u00c8, come ha detto Francesco, un&#8217;azione teologica misteriosa ma reale che trasforma i cuori ed evangelizza. Questa celebrazione della fede, inoltre, \u00e8 costitutivamente mariana. I pi\u00f9 poveri potrebbero non esprimerlo con le grandi categorie dei teologi europei, ma lo vivono dentro di s\u00e9 come un&#8217;esperienza profonda e decisiva. Apprezzando queste cose, che ci spingono a mettere il cuore nel cuore della gente, la sinodalit\u00e0 potrebbe trovare la sua cornice pneumatologica e mariologica &#8220;naturale&#8221; e &#8220;conciliare&#8221;.<\/span><\/span><\/p>\n<p><img decoding=\"async\" class=\"aligncenter\" src=\"https:\/\/exaudi.org\/wp-content\/uploads\/2025\/06\/Imagen-de-WhatsApp-2025-06-09-a-las-17.19.59_240d2cf8.jpg\" \/><\/p>\n<p><strong><span style=\"vertical-align: inherit\"><span style=\"vertical-align: inherit\">Exaudi: Lei ha recentemente partecipato alla 40\u00aa Assemblea Generale del CELAM a Rio de Janeiro. Che impressione le lasciano i vescovi latinoamericani all&#8217;inizio del nuovo pontificato?<\/span><\/span><\/strong><\/p>\n<p><span style=\"vertical-align: inherit\"><span style=\"vertical-align: inherit\">RG: Sono stato colmo di gioia nell&#8217;incontrare per cinque giorni quasi tutti i presidenti e i segretari generali delle conferenze episcopali latinoamericane. Oserei dire che riconoscono all&#8217;unanimit\u00e0 Papa Leone XIV come &#8220;uno di noi&#8221;. Sembrava impossibile immaginare un secondo Papa latinoamericano. Tuttavia, Dio, nella sua misericordia, ha avuto piet\u00e0 della nostra regione e ci ha donato un Pontefice che, nella sua storia, integra i mondi pi\u00f9 diversi: \u00e8 nato a Chicago e ha lavorato a Chiclayo. Parla spagnolo, inglese, ha radici europee e persino meticce. Per i vescovi del CELAM, Papa Leone \u00e8 un vero miracolo! Inoltre, c&#8217;\u00e8 grande fiducia che Leone XIV guider\u00e0 il rinnovamento sinodale della Chiesa in modo equilibrato, prudente e coraggioso. Sento un entusiasmo fiducioso e il desiderio di non lasciarlo solo. Allo stesso modo, parlando con Padre Jos\u00e9 Luis Loyola MSpS, il nuovo Presidente della CLAR (Confederazione Latinoamericana dei Religiosi), vedo con entusiasmo che anche la vita consacrata in America Latina abbraccia filialmente Papa Leone XIV, figlio di Sant&#8217;Agostino.<\/span><\/span><\/p>\n<p><span style=\"vertical-align: inherit\"><span style=\"vertical-align: inherit\">CELAM e CLAR stanno vivendo un momento provvidenziale. Che Dio conceda a tutti nella regione di lanciarsi con fiducia verso il largo.<\/span><\/span><\/p>\n<p><strong><span style=\"vertical-align: inherit\"><span style=\"vertical-align: inherit\">Exaudi: Quale diagnosi offrono le conferenze episcopali nei loro rapporti sulla realt\u00e0 della regione?<\/span><\/span><\/strong><\/p>\n<p><span style=\"vertical-align: inherit\"><span style=\"vertical-align: inherit\">RG: L&#8217;America Latina \u00e8 diventata teatro di terribili tensioni e fratture. Spontaneamente, una parte significativa della nostra popolazione considera le soluzioni violente come un&#8217;opzione facilmente accessibile. Inoltre, in alcuni Paesi, la violenza \u00e8 diventata cos\u00ec diffusa che persino le misure repressive attuate per ristabilire l&#8217;ordine vengono applaudite. La preoccupazione della Chiesa \u00e8 fondamentale. A ci\u00f2 si aggiungono l&#8217;aumento del narcotraffico, la polarizzazione politica, la corruzione, le migrazioni e la crisi ambientale.<\/span><\/span><\/p>\n<p><span style=\"vertical-align: inherit\"><span style=\"vertical-align: inherit\">La Chiesa, per la sua natura particolare, non affronta queste sfide come una ONG, un partito politico o un governo. Tuttavia, \u00e8 sempre pi\u00f9 chiaro che \u00e8 necessaria una nuova presenza profetica dei cattolici nella vita pubblica. Questa presenza, tuttavia, deve seguire i percorsi delineati da &#8220;Fratelli tutti&#8221;: vicinanza e amicizia con i pi\u00f9 poveri; sincera simpatia per il grido del popolo e della terra; e un impegno missionario che semini fraternit\u00e0 anzich\u00e9 antagonismo.<\/span><\/span><\/p>\n<p><span style=\"vertical-align: inherit\"><span style=\"vertical-align: inherit\">Uomini e donne educati secondo queste linee guida &#8220;samaritane&#8221; comprendono veramente il &#8220;bene comune&#8221;. Coloro che, pur parlando bene, non hanno percorso la strada del Popolo di Dio in marcia, si vede, e finiscono per proporre frasi ma non realt\u00e0. Oggi, ci\u00f2 che i vescovi chiedono sono azioni, non discorsi. Impegni per l&#8217;inclusione, non mera retorica populista.<\/span><\/span><\/p>\n<p><strong><span style=\"vertical-align: inherit\"><span style=\"vertical-align: inherit\">Exaudi: Come vede Papa Leone il cammino della Chiesa in America Latina?<\/span><\/span><\/strong><\/p>\n<p><span style=\"vertical-align: inherit\"><span style=\"vertical-align: inherit\">RG: Credo che uno degli enormi vantaggi del fatto che il Santo Padre abbia vissuto in Per\u00f9 per cos\u00ec tanti anni sia che conosce le nostre strade e i nostri quartieri. Conosce la nostra musica e i nostri colori. Comprende le nostre virt\u00f9 ed \u00e8 consapevole dei nostri difetti. Il Papa conosce il documento di Aparecida e vive l'&#8221;Evangelii Gaudium&#8221; dall&#8217;interno. Allo stesso tempo, sa quanto lavoro ci vuole per passare dalle parole ai fatti, dal documento alla conversione pastorale. Questo significa che la sua prospettiva sulla nostra regione \u00e8 piena di realismo. Conosce l&#8217;alto livello della riflessione teologica latinoamericana, ad esempio sulla questione della sinodalit\u00e0. E allo stesso tempo, \u00e8 ben consapevole delle resistenze, dei ritardi e delle omissioni che incontriamo ovunque.<\/span><\/span><\/p>\n<p><span style=\"vertical-align: inherit\"><span style=\"vertical-align: inherit\">Tuttavia, ha una certezza pi\u00f9 grande delle diagnosi che soppesano punti di forza, debolezze, opportunit\u00e0 e minacce. La certezza che ha per l&#8217;America Latina e per il mondo \u00e8 stata splendidamente espressa nella Veglia di Pentecoste: dobbiamo obbedire allo Spirito.<\/span><\/span><\/p>\n<p><span style=\"vertical-align: inherit\"><span style=\"vertical-align: inherit\">Afferma letteralmente: \u00abDio ha creato il mondo perch\u00e9 potessimo stare insieme. \u201cSinodalit\u00e0\u201d \u00e8 il nome ecclesiale di questa consapevolezza. \u00c8 il cammino che chiede a ciascuno di riconoscere il proprio debito e il proprio tesoro\u00bb. (\u2026) \u00abLo Spirito di Ges\u00f9 cambia il mondo perch\u00e9 cambia i cuori\u00bb. (\u2026) \u00abPer seguire Ges\u00f9 su questa via che ha scelto, non servono protettori potenti, impegni mondani o strategie emotive. L&#8217;evangelizzazione \u00e8 opera di Dio, e se a volte passa attraverso di noi, \u00e8 grazie ai legami che Egli rende possibili\u00bb. (\u2026) \u00abLe sfide che l&#8217;umanit\u00e0 affronta saranno meno spaventose, il futuro sar\u00e0 meno oscuro, il discernimento meno difficile, se obbediremo insieme allo Spirito. Che Maria, Regina degli Apostoli e Madre della Chiesa, interceda per noi\u00bb.<\/span><\/span><\/p>\n","protected":false},"excerpt":{"rendered":"<p>Con l&#8217;avvicinarsi del primo mese di pontificato di Leone XIV, Exaudi parla con Rodrigo Guerra, segretario della Pontificia Commissione per l&#8217;America Latina (CAL), fino a poco tempo fa presieduta dal Cardinale Robert Prevost. Come si sta delineando il nuovo pontificato? Che tipo di comprensione ha Papa Leone della Chiesa e della regione latinoamericana? Come viene percepito il nuovo Pontefice dai vescovi latinoamericani?<\/p>\n","protected":false},"author":17,"featured_media":127758,"comment_status":"closed","ping_status":"closed","sticky":false,"template":"","format":"standard","meta":{"_acf_changed":false,"_crdt_document":"","inline_featured_image":false,"footnotes":""},"categories":[107],"tags":[50386,62032,62033,62034,62036,4512,56231,57363,58250,26530,62037,3367,1466,1890,10328,2487,58093,62040,13485,57451,59491,62043,62041,62045,62046,62042,58164,62044,58205,22508,62039,62038,35792,11889,18228,3064,62047,58239,36786,62035,27476],"class_list":["post-127804","post","type-post","status-publish","format-standard","has-post-thumbnail","hentry","category-interviste","tag-agostiniani","tag-americanismo-religioso-2","tag-angelicum-2","tag-cardinale-prevosto","tag-cattolicesimo-negli-stati-uniti","tag-chiesa-cattolica","tag-chiesa-contemporanea","tag-chiesa-e-cultura","tag-chiesa-in-america-latina","tag-comunione-ecclesiale","tag-conservatorismo-cattolico","tag-curia-romana","tag-diritti-umani","tag-dottrina-sociale","tag-dottrina-sociale-della-chiesa","tag-featured-3","tag-leone-xiv","tag-liberalismo-cattolico","tag-magistero-pontificio","tag-nuovo-papa","tag-nuovo-pontificato","tag-papa-america-latina","tag-papa-della-riconciliazione","tag-papa-e-democrazia","tag-papa-e-tradizione","tag-papa-francesco-successore","tag-papa-leone-xiv","tag-papa-per-il-mondo","tag-pontificato-di-leone-xiv","tag-pontificia-commissione-per-lamerica-latina","tag-quarta-rivoluzione-industriale","tag-quarto-mese-di-pontificato","tag-riforma-della-chiesa","tag-rodrigo-guerra-2","tag-rodrigo-guerra-lopez-2","tag-sinodalita","tag-sinodalita-e-comunione","tag-spiritualita-agostiniana","tag-teologia-cattolica","tag-unione-teologica-cattolica","tag-unita-della-chiesa"],"acf":[],"yoast_head":"<!-- This site is optimized with the Yoast SEO plugin v27.5 - https:\/\/yoast.com\/product\/yoast-seo-wordpress\/ -->\n<title>Leone XIV: un dono immeritato per l&#039;America Latina e il mondo &#8211; Exaudi<\/title>\n<meta name=\"robots\" content=\"index, follow, max-snippet:-1, max-image-preview:large, max-video-preview:-1\" \/>\n<link rel=\"canonical\" href=\"https:\/\/exaudi.org\/it\/leone-xiv-un-dono-immeritato-per-lamerica-latina-e-il-mondo\/\" \/>\n<meta property=\"og:locale\" content=\"it_IT\" \/>\n<meta property=\"og:type\" content=\"article\" \/>\n<meta property=\"og:title\" content=\"Leone XIV: un dono immeritato per l&#039;America Latina e il mondo &#8211; Exaudi\" \/>\n<meta property=\"og:description\" content=\"Con l&#039;avvicinarsi del primo mese di pontificato di Leone XIV, Exaudi parla con Rodrigo Guerra, segretario della Pontificia Commissione per l&#039;America Latina (CAL), fino a poco tempo fa presieduta dal Cardinale Robert Prevost. Come si sta delineando il nuovo pontificato? Che tipo di comprensione ha Papa Leone della Chiesa e della regione latinoamericana? Come viene percepito il nuovo Pontefice dai vescovi latinoamericani?\" \/>\n<meta property=\"og:url\" content=\"https:\/\/exaudi.org\/it\/leone-xiv-un-dono-immeritato-per-lamerica-latina-e-il-mondo\/\" \/>\n<meta property=\"og:site_name\" content=\"Exaudi\" \/>\n<meta property=\"article:publisher\" content=\"https:\/\/www.facebook.com\/ExaudiNews\" \/>\n<meta property=\"article:author\" content=\"https:\/\/www.facebook.com\/ExaudiNotizie\/\" \/>\n<meta property=\"article:published_time\" content=\"2025-06-10T16:48:03+00:00\" \/>\n<meta property=\"article:modified_time\" content=\"2025-06-10T16:55:50+00:00\" \/>\n<meta property=\"og:image\" content=\"https:\/\/exaudi.org\/wp-content\/uploads\/2025\/06\/Imagen-de-WhatsApp-2025-06-09-a-las-17.20.38_17f17691.jpg\" \/>\n\t<meta property=\"og:image:width\" content=\"1086\" \/>\n\t<meta property=\"og:image:height\" content=\"724\" \/>\n\t<meta property=\"og:image:type\" content=\"image\/jpeg\" \/>\n<meta name=\"author\" content=\"Exaudi Redazione\" \/>\n<meta name=\"twitter:card\" content=\"summary_large_image\" \/>\n<meta name=\"twitter:creator\" content=\"@Exaudi_Notizie\" \/>\n<meta name=\"twitter:site\" content=\"@Exaudi_News\" \/>\n<meta name=\"twitter:label1\" content=\"Scritto da\" \/>\n\t<meta name=\"twitter:data1\" content=\"Exaudi Redazione\" \/>\n\t<meta name=\"twitter:label2\" content=\"Tempo di lettura stimato\" \/>\n\t<meta name=\"twitter:data2\" content=\"12 minuti\" \/>\n<script type=\"application\/ld+json\" class=\"yoast-schema-graph\">{\"@context\":\"https:\\\/\\\/schema.org\",\"@graph\":[{\"@type\":\"Article\",\"@id\":\"https:\\\/\\\/exaudi.org\\\/it\\\/leone-xiv-un-dono-immeritato-per-lamerica-latina-e-il-mondo\\\/#article\",\"isPartOf\":{\"@id\":\"https:\\\/\\\/exaudi.org\\\/it\\\/leone-xiv-un-dono-immeritato-per-lamerica-latina-e-il-mondo\\\/\"},\"author\":{\"name\":\"Exaudi Redazione\",\"@id\":\"https:\\\/\\\/exaudi.org\\\/#\\\/schema\\\/person\\\/e1ab6ed07c01774724dd96f925f3a5f0\"},\"headline\":\"Leone XIV: un dono immeritato per l&#8217;America Latina e il mondo\",\"datePublished\":\"2025-06-10T16:48:03+00:00\",\"dateModified\":\"2025-06-10T16:55:50+00:00\",\"mainEntityOfPage\":{\"@id\":\"https:\\\/\\\/exaudi.org\\\/it\\\/leone-xiv-un-dono-immeritato-per-lamerica-latina-e-il-mondo\\\/\"},\"wordCount\":2548,\"image\":{\"@id\":\"https:\\\/\\\/exaudi.org\\\/it\\\/leone-xiv-un-dono-immeritato-per-lamerica-latina-e-il-mondo\\\/#primaryimage\"},\"thumbnailUrl\":\"https:\\\/\\\/exaudi.org\\\/wp-content\\\/uploads\\\/2025\\\/06\\\/Imagen-de-WhatsApp-2025-06-09-a-las-17.20.38_17f17691.jpg\",\"keywords\":[\"Agostiniani\",\"Americanismo religioso\",\"Angelicum\",\"Cardinale Prevosto\",\"Cattolicesimo negli Stati Uniti\",\"Chiesa cattolica\",\"chiesa contemporanea\",\"chiesa e cultura\",\"Chiesa in America Latina\",\"comunione ecclesiale\",\"Conservatorismo cattolico\",\"curia romana\",\"diritti umani\",\"dottrina sociale\",\"DOTTRINA SOCIALE DELLA CHIESA\",\"Featured\",\"Leone XIV\",\"Liberalismo cattolico\",\"MAGISTERO PONTIFICIO\",\"nuovo Papa\",\"nuovo pontificato\",\"Papa America Latina\",\"Papa della Riconciliazione\",\"Papa e democrazia\",\"Papa e tradizione\",\"Papa Francesco Successore\",\"Papa Leone XIV\",\"Papa per il mondo\",\"pontificato di Leone XIV\",\"Pontificia Commissione per l'America Latina\",\"Quarta rivoluzione industriale\",\"Quarto mese di Pontificato\",\"riforma della Chiesa\",\"RODRIGO GUERRA\",\"RODRIGO GUERRA L\u00d3PEZ\",\"sinodalit\u00e0\",\"Sinodalit\u00e0 e Comunione\",\"spiritualit\u00e0 agostiniana\",\"teologia cattolica\",\"Unione Teologica Cattolica\",\"unit\u00e0 della Chiesa\"],\"articleSection\":[\"Interviste\"],\"inLanguage\":\"it-IT\"},{\"@type\":\"WebPage\",\"@id\":\"https:\\\/\\\/exaudi.org\\\/it\\\/leone-xiv-un-dono-immeritato-per-lamerica-latina-e-il-mondo\\\/\",\"url\":\"https:\\\/\\\/exaudi.org\\\/it\\\/leone-xiv-un-dono-immeritato-per-lamerica-latina-e-il-mondo\\\/\",\"name\":\"Leone XIV: un dono immeritato per l'America Latina e il mondo &#8211; Exaudi\",\"isPartOf\":{\"@id\":\"https:\\\/\\\/exaudi.org\\\/#website\"},\"primaryImageOfPage\":{\"@id\":\"https:\\\/\\\/exaudi.org\\\/it\\\/leone-xiv-un-dono-immeritato-per-lamerica-latina-e-il-mondo\\\/#primaryimage\"},\"image\":{\"@id\":\"https:\\\/\\\/exaudi.org\\\/it\\\/leone-xiv-un-dono-immeritato-per-lamerica-latina-e-il-mondo\\\/#primaryimage\"},\"thumbnailUrl\":\"https:\\\/\\\/exaudi.org\\\/wp-content\\\/uploads\\\/2025\\\/06\\\/Imagen-de-WhatsApp-2025-06-09-a-las-17.20.38_17f17691.jpg\",\"datePublished\":\"2025-06-10T16:48:03+00:00\",\"dateModified\":\"2025-06-10T16:55:50+00:00\",\"author\":{\"@id\":\"https:\\\/\\\/exaudi.org\\\/#\\\/schema\\\/person\\\/e1ab6ed07c01774724dd96f925f3a5f0\"},\"breadcrumb\":{\"@id\":\"https:\\\/\\\/exaudi.org\\\/it\\\/leone-xiv-un-dono-immeritato-per-lamerica-latina-e-il-mondo\\\/#breadcrumb\"},\"inLanguage\":\"it-IT\",\"potentialAction\":[{\"@type\":\"ReadAction\",\"target\":[\"https:\\\/\\\/exaudi.org\\\/it\\\/leone-xiv-un-dono-immeritato-per-lamerica-latina-e-il-mondo\\\/\"]}]},{\"@type\":\"ImageObject\",\"inLanguage\":\"it-IT\",\"@id\":\"https:\\\/\\\/exaudi.org\\\/it\\\/leone-xiv-un-dono-immeritato-per-lamerica-latina-e-il-mondo\\\/#primaryimage\",\"url\":\"https:\\\/\\\/exaudi.org\\\/wp-content\\\/uploads\\\/2025\\\/06\\\/Imagen-de-WhatsApp-2025-06-09-a-las-17.20.38_17f17691.jpg\",\"contentUrl\":\"https:\\\/\\\/exaudi.org\\\/wp-content\\\/uploads\\\/2025\\\/06\\\/Imagen-de-WhatsApp-2025-06-09-a-las-17.20.38_17f17691.jpg\",\"width\":1086,\"height\":724},{\"@type\":\"BreadcrumbList\",\"@id\":\"https:\\\/\\\/exaudi.org\\\/it\\\/leone-xiv-un-dono-immeritato-per-lamerica-latina-e-il-mondo\\\/#breadcrumb\",\"itemListElement\":[{\"@type\":\"ListItem\",\"position\":1,\"name\":\"Portada\",\"item\":\"https:\\\/\\\/exaudi.org\\\/it\\\/\"},{\"@type\":\"ListItem\",\"position\":2,\"name\":\"Leone XIV: un dono immeritato per l&#8217;America Latina e il mondo\"}]},{\"@type\":\"WebSite\",\"@id\":\"https:\\\/\\\/exaudi.org\\\/#website\",\"url\":\"https:\\\/\\\/exaudi.org\\\/\",\"name\":\"Exaudi\",\"description\":\"News\",\"potentialAction\":[{\"@type\":\"SearchAction\",\"target\":{\"@type\":\"EntryPoint\",\"urlTemplate\":\"https:\\\/\\\/exaudi.org\\\/?s={search_term_string}\"},\"query-input\":{\"@type\":\"PropertyValueSpecification\",\"valueRequired\":true,\"valueName\":\"search_term_string\"}}],\"inLanguage\":\"it-IT\"},{\"@type\":\"Person\",\"@id\":\"https:\\\/\\\/exaudi.org\\\/#\\\/schema\\\/person\\\/e1ab6ed07c01774724dd96f925f3a5f0\",\"name\":\"Exaudi Redazione\",\"image\":{\"@type\":\"ImageObject\",\"inLanguage\":\"it-IT\",\"@id\":\"https:\\\/\\\/secure.gravatar.com\\\/avatar\\\/ad6774b3ada023bf5b939d64f45c94b3adf91502dd883507d469b4308a943bb3?s=96&d=mm&r=g\",\"url\":\"https:\\\/\\\/secure.gravatar.com\\\/avatar\\\/ad6774b3ada023bf5b939d64f45c94b3adf91502dd883507d469b4308a943bb3?s=96&d=mm&r=g\",\"contentUrl\":\"https:\\\/\\\/secure.gravatar.com\\\/avatar\\\/ad6774b3ada023bf5b939d64f45c94b3adf91502dd883507d469b4308a943bb3?s=96&d=mm&r=g\",\"caption\":\"Exaudi Redazione\"},\"description\":\"Che cosa \u00e8 Exaudi News? Exaudi News \u00e8 un agenzia cattolica internazionale che informa, istruisce e trasforma quotidianamente in spagnolo, inglese e italiano. Attraverso notizie, articoli di analisi e trasmissioni in diretta degli eventi del Papa, Exaudi cerca di rafforzare l'unit\u00e0 dei cristiani e di contribuire all'evangelizzazione del mondo, sempre guidato dalla dottrina sociale della Chiesa. Lavoriamo per portare la verit\u00e0 e i valori cristiani in ogni angolo del pianeta. Aiutaci a trasformare il mondo con Exaudi! Noi di Exaudi crediamo che l'evangelizzazione e l'informazione di qualit\u00e0 possano cambiare la vita. Per continuare la nostra missione ed espandere la nostra portata, abbiamo bisogno del tuo aiuto. Stiamo anche cercando persone motivate che vogliano unirsi al nostro team. Grazie al vostro sostegno raggiungeremo pi\u00f9 persone, diffonderemo il messaggio di Cristo e rafforzeremo l'unit\u00e0 dei cristiani. Vuoi unirti alla nostra missione? Per maggiori informazioni su come contribuire, visita Exaudi.org\\\/it o contattaci direttamente: info@exaudi.org Exaudi: informa, forma e trasforma.\",\"sameAs\":[\"https:\\\/\\\/www.facebook.com\\\/ExaudiNotizie\\\/\",\"https:\\\/\\\/www.instagram.com\\\/Exaudi_notizie\\\/\",\"https:\\\/\\\/x.com\\\/Exaudi_Notizie\",\"https:\\\/\\\/www.youtube.com\\\/@exaudicatholicnews\"],\"url\":\"https:\\\/\\\/exaudi.org\\\/it\\\/author\\\/dlvedi-org\\\/\"}]}<\/script>\n<!-- \/ Yoast SEO plugin. -->","yoast_head_json":{"title":"Leone XIV: un dono immeritato per l'America Latina e il mondo &#8211; Exaudi","robots":{"index":"index","follow":"follow","max-snippet":"max-snippet:-1","max-image-preview":"max-image-preview:large","max-video-preview":"max-video-preview:-1"},"canonical":"https:\/\/exaudi.org\/it\/leone-xiv-un-dono-immeritato-per-lamerica-latina-e-il-mondo\/","og_locale":"it_IT","og_type":"article","og_title":"Leone XIV: un dono immeritato per l'America Latina e il mondo &#8211; Exaudi","og_description":"Con l'avvicinarsi del primo mese di pontificato di Leone XIV, Exaudi parla con Rodrigo Guerra, segretario della Pontificia Commissione per l'America Latina (CAL), fino a poco tempo fa presieduta dal Cardinale Robert Prevost. Come si sta delineando il nuovo pontificato? Che tipo di comprensione ha Papa Leone della Chiesa e della regione latinoamericana? Come viene percepito il nuovo Pontefice dai vescovi latinoamericani?","og_url":"https:\/\/exaudi.org\/it\/leone-xiv-un-dono-immeritato-per-lamerica-latina-e-il-mondo\/","og_site_name":"Exaudi","article_publisher":"https:\/\/www.facebook.com\/ExaudiNews","article_author":"https:\/\/www.facebook.com\/ExaudiNotizie\/","article_published_time":"2025-06-10T16:48:03+00:00","article_modified_time":"2025-06-10T16:55:50+00:00","og_image":[{"width":1086,"height":724,"url":"https:\/\/exaudi.org\/wp-content\/uploads\/2025\/06\/Imagen-de-WhatsApp-2025-06-09-a-las-17.20.38_17f17691.jpg","type":"image\/jpeg"}],"author":"Exaudi Redazione","twitter_card":"summary_large_image","twitter_creator":"@Exaudi_Notizie","twitter_site":"@Exaudi_News","twitter_misc":{"Scritto da":"Exaudi Redazione","Tempo di lettura stimato":"12 minuti"},"schema":{"@context":"https:\/\/schema.org","@graph":[{"@type":"Article","@id":"https:\/\/exaudi.org\/it\/leone-xiv-un-dono-immeritato-per-lamerica-latina-e-il-mondo\/#article","isPartOf":{"@id":"https:\/\/exaudi.org\/it\/leone-xiv-un-dono-immeritato-per-lamerica-latina-e-il-mondo\/"},"author":{"name":"Exaudi Redazione","@id":"https:\/\/exaudi.org\/#\/schema\/person\/e1ab6ed07c01774724dd96f925f3a5f0"},"headline":"Leone XIV: un dono immeritato per l&#8217;America Latina e il mondo","datePublished":"2025-06-10T16:48:03+00:00","dateModified":"2025-06-10T16:55:50+00:00","mainEntityOfPage":{"@id":"https:\/\/exaudi.org\/it\/leone-xiv-un-dono-immeritato-per-lamerica-latina-e-il-mondo\/"},"wordCount":2548,"image":{"@id":"https:\/\/exaudi.org\/it\/leone-xiv-un-dono-immeritato-per-lamerica-latina-e-il-mondo\/#primaryimage"},"thumbnailUrl":"https:\/\/exaudi.org\/wp-content\/uploads\/2025\/06\/Imagen-de-WhatsApp-2025-06-09-a-las-17.20.38_17f17691.jpg","keywords":["Agostiniani","Americanismo religioso","Angelicum","Cardinale Prevosto","Cattolicesimo negli Stati Uniti","Chiesa cattolica","chiesa contemporanea","chiesa e cultura","Chiesa in America Latina","comunione ecclesiale","Conservatorismo cattolico","curia romana","diritti umani","dottrina sociale","DOTTRINA SOCIALE DELLA CHIESA","Featured","Leone XIV","Liberalismo cattolico","MAGISTERO PONTIFICIO","nuovo Papa","nuovo pontificato","Papa America Latina","Papa della Riconciliazione","Papa e democrazia","Papa e tradizione","Papa Francesco Successore","Papa Leone XIV","Papa per il mondo","pontificato di Leone XIV","Pontificia Commissione per l'America Latina","Quarta rivoluzione industriale","Quarto mese di Pontificato","riforma della Chiesa","RODRIGO GUERRA","RODRIGO GUERRA L\u00d3PEZ","sinodalit\u00e0","Sinodalit\u00e0 e Comunione","spiritualit\u00e0 agostiniana","teologia cattolica","Unione Teologica Cattolica","unit\u00e0 della Chiesa"],"articleSection":["Interviste"],"inLanguage":"it-IT"},{"@type":"WebPage","@id":"https:\/\/exaudi.org\/it\/leone-xiv-un-dono-immeritato-per-lamerica-latina-e-il-mondo\/","url":"https:\/\/exaudi.org\/it\/leone-xiv-un-dono-immeritato-per-lamerica-latina-e-il-mondo\/","name":"Leone XIV: un dono immeritato per l'America Latina e il mondo &#8211; Exaudi","isPartOf":{"@id":"https:\/\/exaudi.org\/#website"},"primaryImageOfPage":{"@id":"https:\/\/exaudi.org\/it\/leone-xiv-un-dono-immeritato-per-lamerica-latina-e-il-mondo\/#primaryimage"},"image":{"@id":"https:\/\/exaudi.org\/it\/leone-xiv-un-dono-immeritato-per-lamerica-latina-e-il-mondo\/#primaryimage"},"thumbnailUrl":"https:\/\/exaudi.org\/wp-content\/uploads\/2025\/06\/Imagen-de-WhatsApp-2025-06-09-a-las-17.20.38_17f17691.jpg","datePublished":"2025-06-10T16:48:03+00:00","dateModified":"2025-06-10T16:55:50+00:00","author":{"@id":"https:\/\/exaudi.org\/#\/schema\/person\/e1ab6ed07c01774724dd96f925f3a5f0"},"breadcrumb":{"@id":"https:\/\/exaudi.org\/it\/leone-xiv-un-dono-immeritato-per-lamerica-latina-e-il-mondo\/#breadcrumb"},"inLanguage":"it-IT","potentialAction":[{"@type":"ReadAction","target":["https:\/\/exaudi.org\/it\/leone-xiv-un-dono-immeritato-per-lamerica-latina-e-il-mondo\/"]}]},{"@type":"ImageObject","inLanguage":"it-IT","@id":"https:\/\/exaudi.org\/it\/leone-xiv-un-dono-immeritato-per-lamerica-latina-e-il-mondo\/#primaryimage","url":"https:\/\/exaudi.org\/wp-content\/uploads\/2025\/06\/Imagen-de-WhatsApp-2025-06-09-a-las-17.20.38_17f17691.jpg","contentUrl":"https:\/\/exaudi.org\/wp-content\/uploads\/2025\/06\/Imagen-de-WhatsApp-2025-06-09-a-las-17.20.38_17f17691.jpg","width":1086,"height":724},{"@type":"BreadcrumbList","@id":"https:\/\/exaudi.org\/it\/leone-xiv-un-dono-immeritato-per-lamerica-latina-e-il-mondo\/#breadcrumb","itemListElement":[{"@type":"ListItem","position":1,"name":"Portada","item":"https:\/\/exaudi.org\/it\/"},{"@type":"ListItem","position":2,"name":"Leone XIV: un dono immeritato per l&#8217;America Latina e il mondo"}]},{"@type":"WebSite","@id":"https:\/\/exaudi.org\/#website","url":"https:\/\/exaudi.org\/","name":"Exaudi","description":"News","potentialAction":[{"@type":"SearchAction","target":{"@type":"EntryPoint","urlTemplate":"https:\/\/exaudi.org\/?s={search_term_string}"},"query-input":{"@type":"PropertyValueSpecification","valueRequired":true,"valueName":"search_term_string"}}],"inLanguage":"it-IT"},{"@type":"Person","@id":"https:\/\/exaudi.org\/#\/schema\/person\/e1ab6ed07c01774724dd96f925f3a5f0","name":"Exaudi Redazione","image":{"@type":"ImageObject","inLanguage":"it-IT","@id":"https:\/\/secure.gravatar.com\/avatar\/ad6774b3ada023bf5b939d64f45c94b3adf91502dd883507d469b4308a943bb3?s=96&d=mm&r=g","url":"https:\/\/secure.gravatar.com\/avatar\/ad6774b3ada023bf5b939d64f45c94b3adf91502dd883507d469b4308a943bb3?s=96&d=mm&r=g","contentUrl":"https:\/\/secure.gravatar.com\/avatar\/ad6774b3ada023bf5b939d64f45c94b3adf91502dd883507d469b4308a943bb3?s=96&d=mm&r=g","caption":"Exaudi Redazione"},"description":"Che cosa \u00e8 Exaudi News? Exaudi News \u00e8 un agenzia cattolica internazionale che informa, istruisce e trasforma quotidianamente in spagnolo, inglese e italiano. Attraverso notizie, articoli di analisi e trasmissioni in diretta degli eventi del Papa, Exaudi cerca di rafforzare l'unit\u00e0 dei cristiani e di contribuire all'evangelizzazione del mondo, sempre guidato dalla dottrina sociale della Chiesa. Lavoriamo per portare la verit\u00e0 e i valori cristiani in ogni angolo del pianeta. Aiutaci a trasformare il mondo con Exaudi! Noi di Exaudi crediamo che l'evangelizzazione e l'informazione di qualit\u00e0 possano cambiare la vita. Per continuare la nostra missione ed espandere la nostra portata, abbiamo bisogno del tuo aiuto. Stiamo anche cercando persone motivate che vogliano unirsi al nostro team. Grazie al vostro sostegno raggiungeremo pi\u00f9 persone, diffonderemo il messaggio di Cristo e rafforzeremo l'unit\u00e0 dei cristiani. Vuoi unirti alla nostra missione? Per maggiori informazioni su come contribuire, visita Exaudi.org\/it o contattaci direttamente: info@exaudi.org Exaudi: informa, forma e trasforma.","sameAs":["https:\/\/www.facebook.com\/ExaudiNotizie\/","https:\/\/www.instagram.com\/Exaudi_notizie\/","https:\/\/x.com\/Exaudi_Notizie","https:\/\/www.youtube.com\/@exaudicatholicnews"],"url":"https:\/\/exaudi.org\/it\/author\/dlvedi-org\/"}]}},"jetpack_featured_media_url":"https:\/\/exaudi.org\/wp-content\/uploads\/2025\/06\/Imagen-de-WhatsApp-2025-06-09-a-las-17.20.38_17f17691.jpg","jetpack_shortlink":"https:\/\/wp.me\/pgKjF2-xfm","_links":{"self":[{"href":"https:\/\/exaudi.org\/it\/wp-json\/wp\/v2\/posts\/127804","targetHints":{"allow":["GET"]}}],"collection":[{"href":"https:\/\/exaudi.org\/it\/wp-json\/wp\/v2\/posts"}],"about":[{"href":"https:\/\/exaudi.org\/it\/wp-json\/wp\/v2\/types\/post"}],"author":[{"embeddable":true,"href":"https:\/\/exaudi.org\/it\/wp-json\/wp\/v2\/users\/17"}],"replies":[{"embeddable":true,"href":"https:\/\/exaudi.org\/it\/wp-json\/wp\/v2\/comments?post=127804"}],"version-history":[{"count":0,"href":"https:\/\/exaudi.org\/it\/wp-json\/wp\/v2\/posts\/127804\/revisions"}],"wp:featuredmedia":[{"embeddable":true,"href":"https:\/\/exaudi.org\/it\/wp-json\/wp\/v2\/media\/127758"}],"wp:attachment":[{"href":"https:\/\/exaudi.org\/it\/wp-json\/wp\/v2\/media?parent=127804"}],"wp:term":[{"taxonomy":"category","embeddable":true,"href":"https:\/\/exaudi.org\/it\/wp-json\/wp\/v2\/categories?post=127804"},{"taxonomy":"post_tag","embeddable":true,"href":"https:\/\/exaudi.org\/it\/wp-json\/wp\/v2\/tags?post=127804"}],"curies":[{"name":"wp","href":"https:\/\/api.w.org\/{rel}","templated":true}]}}