{"id":127785,"date":"2025-06-09T20:43:05","date_gmt":"2025-06-09T18:43:05","guid":{"rendered":"https:\/\/exaudi.org\/?p=127785"},"modified":"2025-06-09T20:43:05","modified_gmt":"2025-06-09T18:43:05","slug":"la-resistenza-della-verita-della-persona","status":"publish","type":"post","link":"https:\/\/exaudi.org\/it\/la-resistenza-della-verita-della-persona\/","title":{"rendered":"La resistenza della verit\u00e0 della persona"},"content":{"rendered":"<p><em>The Power of the Press (Il potere della stampa)<\/em> (1928), uno dei primi film di Frank Capra dimenticato persino dal regista stesso, viene riproposto in questo saggio come un vibrante appello alla dignit\u00e0 umana di fronte al crescente \u2013 e spesso opaco \u2013 potere dei media. In un&#8217;epoca di algoritmi che dettano i titoli e di tecnologie che diluiscono la verit\u00e0, questo film muto grida a gran voce: &#8220;<em>Ferma le macchine!<\/em>&#8220;. Gracia Prats-Arolas e Jos\u00e9-Alfredo Peris-Cancio analizzano il film da una prospettiva bioetica e personalista, mostrando come la resistenza alle narrazioni affrettate \u2013 e all&#8217;indifferenza verso la sofferenza \u2013 rimanga essenziale per un giornalismo autenticamente umano. Tra nostalgia e urgenza, questa lettura ci invita a ripensare al significato del fare informazione senza perdere di vista il mistero di ogni persona.<\/p>\n<p><strong>Un film omesso da Capra dalla sua autobiografia<\/strong><\/p>\n<p><em>The Power of the Press (Il potere della stampa)<\/em> (1928) \u00e8 un film che non compare nell&#8217;autobiografia di Capra.<a href=\"https:\/\/www.observatoriobioetica.org\/2025\/06\/la-resistencia-de-la-verdad-de-la-persona-en-the-power-of-the-press-1928-paren-las-maquinas\/10004280#_ftn1\">[1]<\/a> Questa omissione \u00e8 difficile da spiegare. Forse il ricordo del regista gli \u00e8 sfuggito a causa dell&#8217;accumulo di film realizzati nello stesso anno, il 1928. Per alcuni, questo \u00e8 un indizio che si tratti di un&#8217;opera minore del cineasta siciliano. Noi non troviamo giustificata questa posizione. In realt\u00e0, in <em>The Power of the <img decoding=\"async\" class=\"alignleft\" src=\"https:\/\/www.observatoriobioetica.org\/wp-content\/uploads\/2025\/06\/peli1.jpg\" \/>Press (Il potere della stampa)<\/em> troviamo il film che meglio rappresenta i valori di Capra e che caratterizzano la sua opera, quello che concettualizziamo come il suo personalismo cinematografico.<a href=\"https:\/\/www.observatoriobioetica.org\/2025\/06\/la-resistencia-de-la-verdad-de-la-persona-en-the-power-of-the-press-1928-paren-las-maquinas\/10004280#_ftn2\">[2]<\/a><\/p>\n<p>Alcuni commentatori della filmografia di Capra, come Joseph McBride, considerano l&#8217;aspetto pi\u00f9 notevole di questo film un frammento che porta i tratti distintivi di un documentario.<a href=\"https:\/\/www.observatoriobioetica.org\/2025\/06\/la-resistencia-de-la-verdad-de-la-persona-en-the-power-of-the-press-1928-paren-las-maquinas\/10004280#_ftn3\">[3]<\/a> Si riferisce a quei momenti in cui, dopo quindici minuti di girato, assistiamo a una descrizione rigorosa del processo di produzione dei giornali, cos\u00ec come veniva gestito negli Stati Uniti alla fine degli anni &#8217;20. Altri lo vedono<a href=\"https:\/\/www.observatoriobioetica.org\/2025\/06\/la-resistencia-de-la-verdad-de-la-persona-en-the-power-of-the-press-1928-paren-las-maquinas\/10004280#_ftn4\">[4]<\/a> come un mero miraggio, dato il tono banale del resto del film. Suggeriscono persino che potrebbe essere stata la frustrazione di Capra per non aver potuto portare avanti un progetto pi\u00f9 critico nei confronti del mondo del giornalismo a spiegare perch\u00e9 non ne abbia parlato nella sua autobiografia.<\/p>\n<p><strong>Una storia sulla resistenza della verit\u00e0 al crescente potere della stampa<\/strong><\/p>\n<p>Non siamo sicuri che questa sia un&#8217;interpretazione adeguata. Non troviamo plausibile che un simile giudizio spieghi perch\u00e9 non compaia nel resoconto di Capra sul proprio lavoro. In quelle pagine, il regista si \u00e8 espresso in completa libert\u00e0, quindi non vediamo perch\u00e9 si sarebbe astenuto dal fare un commento critico su coloro che gli avevano impedito di sviluppare correttamente il film.<\/p>\n<p>Ci atteniamo a quanto uno di noi scrisse un tempo con il maestro Jos\u00e9 Sanmart\u00edn<a href=\"https:\/\/www.observatoriobioetica.org\/2025\/06\/la-resistencia-de-la-verdad-de-la-persona-en-the-power-of-the-press-1928-paren-las-maquinas\/10004280#_ftn5\">[5]<\/a> sull&#8217;armonia tra la narrazione descrittiva del mondo dell&#8217;editoria giornalistica e la narrazione umana che accompagna la trama. All&#8217;epoca, sostenevamo che gli elementi chiave fossero: a) &#8220;L&#8217;innocenza infantile del protagonista maschile&#8221;; b) &#8220;La maturazione della personalit\u00e0 del protagonista nell&#8217;incontro con la donna&#8221;; c) &#8220;L&#8217;importanza decisiva della relazione uomo\/donna nella comprensione delle esigenze della giustizia civile&#8221;; d) &#8220;La presenza della modernit\u00e0 produttiva e la necessit\u00e0 di orientarla con senso umano&#8221;; e) &#8220;Il potere della stampa contro il potere di una lacrima&#8221;. Ora, incoraggiati dal desiderio di sviluppare una prospettiva bioetica, intensifichiamo ulteriormente questa proposta e consideriamo di trovarci di fronte a &#8220;una storia sulla resistenza della verit\u00e0 dell&#8217;individuo di fronte al crescente potere della stampa&#8221;. Perch\u00e9, come giustamente sottolinea Michel Cieutat, <a href=\"https:\/\/www.observatoriobioetica.org\/2025\/06\/la-resistencia-de-la-verdad-de-la-persona-en-the-power-of-the-press-1928-paren-las-maquinas\/10004280#_ftn6\">[6]<\/a> <em>The Power of the Press (Il potere della stampa)<\/em> \u00e8 il film pi\u00f9 distintivo del regista tra quelli realizzati nel 1928. Contiene gi\u00e0 i temi che avrebbero sostenuto le convinzioni fondamentali del regista in tutta la sua filmografia. E lungi dal frustrare la questione di quale sia il potere della stampa, lo pone in modo molto appropriato: non risiede nel potere di una tecnologia che sviluppa gradualmente una capacit\u00e0 crescente di stampare molti giornali in breve tempo. N\u00e9 in come pu\u00f2 influenzare le elezioni e il corso della politica.<\/p>\n<p><strong>Il potere di avvicinarsi al mistero della persona analizzando le circostanze e gli eventi che la circondano<\/strong><\/p>\n<p>Per Capra, il vero potere della stampa trova una chiara analogia con ci\u00f2 che Carola Minguet indica come lo scopo del miglior giornalismo.<\/p>\n<p>\u201c\u2026cercare di avvicinarsi al mistero che \u00e8 la persona analizzando le circostanze e gli eventi che la circondano\u2026 Normalmente, lo scopo di un articolo di cronaca \u00e8 rispondere al cosa, al come, al quando di un&#8217;opinione, giustificare o criticare quel cosa, quel quando e quel come. Ma cosa succederebbe se la prospettiva fosse diversa? Il lettore non ha bisogno solo di fatti, ma di chiavi per trascenderli e interpretarli. \u201cIl giornalismo morir\u00e0 presto se rimane ignorante\u201d, ammoniva Chesterton.\u201d<a href=\"https:\/\/www.observatoriobioetica.org\/2025\/06\/la-resistencia-de-la-verdad-de-la-persona-en-the-power-of-the-press-1928-paren-las-maquinas\/10004280#_ftn7\">[7]<\/a><\/p>\n<p>Crediamo che questo approccio personalista al giornalismo delineato dal Dr. Minguet coincida pienamente con la proposta di <em>The Power of the Press (Il potere della stampa)<\/em>. L&#8217;aspetto pi\u00f9 duraturo del film non sono le immagini che ricordano un documentario, ma le storie e gli eventi al servizio del film. La trama del film non si discosta dall&#8217;autentica riflessione sulla stampa. La incarna, le d\u00e0 corpo e vita, secondo l&#8217;approccio del regista.<\/p>\n<p>Lo vediamo gi\u00e0 nelle prime scene. La redazione viene presentata con le redazioni che si susseguono. In tutti loro si percepisce un disordine manifesto, con fogli appesi ovunque e giornalisti dietro macchine da scrivere, ognuno caratterizzato in modo unico. Capra ritrae il fermento di un&#8217;umanit\u00e0 ricettiva alle notizie, che non va confusa con la precisione funzionale e asettica delle macchine da editing. Vuole chiarire che \u00e8 l&#8217;umanit\u00e0 a tenere le redini del giornalismo.<\/p>\n<p><strong>&#8220;Una giornata di sole, salute e felicit\u00e0 per tutti \u00e8 ci\u00f2 che prometto oggi&#8221;<\/strong><\/p>\n<p>Il protagonista, Clem Rogers (Douglas Fairbanks), simboleggia intensamente questa umanit\u00e0. Incaricato di scrivere il bollettino meteorologico, non si limita a fornire l&#8217;informazione che &#8220;il meteorologo promette una giornata di sole oggi&#8221;, ma, in una chiave analoga agli scritti di Emerson<a href=\"https:\/\/www.observatoriobioetica.org\/2025\/06\/la-resistencia-de-la-verdad-de-la-persona-en-the-power-of-the-press-1928-paren-las-maquinas\/10004280#_ftn8\">[8]<\/a>, cerca di capire cosa un simile fatto possa implicare per la vita delle persone della sua comunit\u00e0 e continua a scrivere in<img decoding=\"async\" class=\"alignright\" src=\"https:\/\/www.observatoriobioetica.org\/wp-content\/uploads\/2025\/06\/peli3.jpg\" \/> questo modo:<em> &#8220;Pensate a cosa significa per gli uccelli e i fiori, pensate a cosa significa per l&#8217;agricoltore che rende felice quel duro lavoro sulle cui spalle poggia la ricchezza del paese. Pensate alle madri e ai bambini, ai parchi e ai campi, ai ruscelli gorgoglianti. Una giornata di sole, salute e felicit\u00e0 per tutti, questo \u00e8 ci\u00f2 che prometto oggi&#8221;<\/em>.<\/p>\n<p>Subito dopo, il direttore (Robert Edison) canceller\u00e0 quasi tutto il testo e consentir\u00e0 la pubblicazione solo della prima frase, quella che afferma il semplice fatto di una giornata di sole. La giustificazione sembra quasi ovvia: la stampa dovrebbe pubblicare solo fatti. Ma l&#8217;intera trama presentata da Capra non solo ci colpisce per il suo ritmo vertiginoso e la sua dinamicit\u00e0, ma implica anche qualcosa di pi\u00f9 decisivo: dimostra che i fatti da soli non bastano mai&#8230; a meno che non ci sia una maggiore perseveranza o resilienza nell&#8217;interpretarli in modo veritiero.<\/p>\n<p>Clem viene incaricato di indagare sull&#8217;omicidio del procuratore distrettuale. L\u00ec, sorprende Jane Atwill (Jobyna Ralston), la figlia del candidato sindaco, mentre salta da una finestra laterale della casa. Cerca di fermarla, ma non ci riesce. E mentre la ragazza fugge, chiede a un altro uomo di inseguirla dalla sua auto, parcheggiata a pochi metri di distanza. Si scopre che si tratta di Van (Wheeler Oakman), il vero assassino. Sar\u00e0 lui a offrire a Clem la spiegazione interpretativa del perch\u00e9 la giovane donna si comporti in quel modo: \u00e8 lei ad aver commesso il crimine.<\/p>\n<p>Grazie a queste informazioni e alla sua interpretazione, Clem fa in modo che il suo giornale, il <em>Times<\/em>, &#8220;fermi le rotative&#8221; e metta un nuovo titolo in prima pagina: &#8220;La figlia di un candidato coinvolta nell&#8217;omicidio di un giudice distrettuale&#8221;. La scoperta di questo scoop lo pone in vantaggio rispetto agli altri redattori, in particolare al famoso reporter Bill Jones (Dell Henderson), con il quale nutre una rivalit\u00e0 aperta che d\u00e0 origine a frequenti battute slapstick.<\/p>\n<p><strong>&#8220;Noi giornalisti dovremmo pubblicare le notizie, indipendentemente da chi le offenda&#8221;.<\/strong><\/p>\n<p>Tuttavia, Clem sar\u00e0 abbastanza onesto da riconoscere la natura frettolosa della notizia che si \u00e8 diffusa tra i lettori. I fatti avrebbero potuto essere diversi. E lo scopre quando Jane va al giornale per criticare l&#8217;uomo che ha rovinato la sua reputazione e la carriera elettorale di suo padre.<\/p>\n<p>Inizialmente, reagisce con colta professionalit\u00e0: &#8220;<em>Noi giornalisti dovremmo pubblicare le notizie, indipendentemente da chi le offenda<\/em>&#8220;. Ma quando lei crolla disperata e piange, Clem le crede e va a cercare il regista per cambiare l&#8217;interpretazione che stavano dando degli eventi attraverso una nuova copertina.<\/p>\n<p>L&#8217;edizione spagnola del film lo intitol\u00f2 giustamente &#8220;Il potere di una lacrima&#8221;, perch\u00e9 anche qui la tesi personalista di Capra \u00e8 concentrata: il <em>The Power of the Press (Il potere della stampa)<\/em> risiede nel rendere vera giustizia alla sofferenza umana. E a volte solo le lacrime possono esprimere la portata della sofferenza di una persona innocente. <a href=\"https:\/\/www.observatoriobioetica.org\/2025\/06\/la-resistencia-de-la-verdad-de-la-persona-en-the-power-of-the-press-1928-paren-las-maquinas\/10004280#_ftn9\">[9]<\/a><\/p>\n<p>Alcuni studiosi di Capra trovano questa reazione piuttosto inverosimile. Non lo \u00e8 se ci rendiamo conto che si adatta perfettamente all&#8217;innocenza del personaggio di Clem. Se credeva a Van, pu\u00f2 ancora pi\u00f9 facilmente attribuire autorevolezza a una reazione emotiva come quella di Jane Atwill, della cui autenticit\u00e0 non dubita. Forse \u00e8 preoccupante, allora come oggi, che non sappiamo come credere alle grida delle vittime, perch\u00e9 indubbiamente peggiorano la loro situazione.<\/p>\n<p>Un esempio di questa reazione scettica \u00e8 il caporedattore, che non solo non \u00e8 disposto a cambiare la linea del giornale riguardo ai sospetti contro Jane, ma, su insistenza di Clem, lo licenzia senza battere ciglio. E questo segna una maturazione nella pratica giornalistica del giovane: cerca di verificare le sue intuizioni con le prove e conduce un&#8217;indagine che, in sintesi, collega l&#8217;assassino, Van, al sindaco avversario di Atwill, Robert Blake (Philo McCullough). Politico corrotto, \u00e8 un chiaro precursore dei personaggi che Edward Arnold avrebbe poi interpretato in <em>Mr. Go to Washington<\/em> (1939) e <em>Mr. John Doe<\/em> (1941). Trionfante, torna al giornale con Van, il vero assassino, e Marie Weston (Mildred Harris), testimone degli affari della banda di Blake, per lanciare ancora una volta il grido di rettifica: &#8220;<em>Ferma le rotative<\/em>&#8220;. La verit\u00e0 esige un nuovo titolo.<\/p>\n<p>Vogliamo sottolineare che il motivo per cui Blake ha ucciso il pubblico ministero \u00e8 che \u00e8 a conoscenza della sua relazione con una donna dalla condotta dubbia di nome Marie Weston, che ha avuto problemi con la legge. Blake non si accontenta di uccidere la funzionaria pubblica; rapisce anche Marie affinch\u00e9 nessuno possa scoprirla. Capra la ritrae non come una femme fatale, ma come una persona che desidera essere trattata con rispetto per il suo status personale, in modo coerente con il suo personalismo che enfatizza la dignit\u00e0 delle donne. Quando Clem la salva, lei collabora come una nuova eroina, coraggiosa e determinata. Il crimine di Blake contro di lei non \u00e8 il fatto che sia la sua amante. \u00c8 il fatto che mantiene con lei una relazione completamente priva di rispetto per il suo status di donna. Questo non \u00e8 affatto un elemento banale della trama.<\/p>\n<p><strong>Maggiore \u00e8 lo sviluppo tecnologico, maggiore deve essere la cura reciproca tra le persone<\/strong><\/p>\n<p><em>The Power of the Press (Il potere della stampa)<\/em>, con questa duplice descrizione del mondo della stampa, \u00e8 molto vicino a Sottomarino (1928), che abbiamo analizzato in un precedente contributo <a href=\"https:\/\/www.observatoriobioetica.org\/2025\/06\/la-resistencia-de-la-verdad-de-la-persona-en-the-power-of-the-press-1928-paren-las-maquinas\/10004280#_ftn10\">[10]<\/a>. Si inserisce in una denuncia della tecnologia, cos\u00ec necessaria all&#8217;inizio del XX secolo e oggi. Le coordinate della riflessione sono molto eloquenti: maggiore \u00e8 lo sviluppo tecnologico, maggiore deve essere la cura reciproca delle persone. La subordinazione della dignit\u00e0 umana ai progressi tecnologici senza sufficiente discernimento sar\u00e0 l&#8217;occasione per esercitare criticamente una resistenza a favore della verit\u00e0 della persona, della sua dignit\u00e0 e del suo mistero.<\/p>\n<p><img decoding=\"async\" class=\"alignleft\" src=\"https:\/\/www.observatoriobioetica.org\/wp-content\/uploads\/2025\/06\/peli5.jpg\" \/>Josep Maria Esquirol ci persuade che l&#8217;effetto maggiore della tirannia della tecnologia sulle persone \u00e8 la sua disintegrazione, come gi\u00e0 sottolineato da Max Picard <a href=\"https:\/\/www.observatoriobioetica.org\/2025\/06\/la-resistencia-de-la-verdad-de-la-persona-en-the-power-of-the-press-1928-paren-las-maquinas\/10004280#_ftn11\">[11]<\/a> sulla scia dell&#8217;ascesa del nazismo e del suo impatto sulla cultura occidentale. L&#8217;apparente semplicit\u00e0 del cinema di Capra in <em>The Power of the Press (Il potere della stampa)<\/em> sta nel fatto che non permette alla tecnologia dell&#8217;informazione di fagocitare l&#8217;esperienza di vicinanza tra le persone.<\/p>\n<p>Il prossimo, la casa, la vita quotidiana e la cura sono elementi di una filosofia della prossimit\u00e0 che ha riconosciuto l&#8217;esperienza del nichilismo e dell&#8217;esposizione come elementi fondanti. Questi elementi di prossimit\u00e0 possono essere integrati nel senso di resistenza. La gente comune lo ha sempre saputo: la resistenza vale la pena. La riflessione filosofica pu\u00f2 arrivare in ritardo \u2013 come sempre \u2013 ma arriva. Ci\u00f2 che la muove, tuttavia, significa che non pu\u00f2 accontentarsi. Inevitabilmente, mette in discussione il significato differito della resistenza. Intravede che la resistenza ha ancora pi\u00f9 significato di quanto sembri; intravede, nella resistenza, una strana sicurezza, e poi riconosce che lei stessa \u2013 la riflessione filosofica \u2013 \u00e8 sempre stata parte di questa resistenza, e scopre che mettere in discussione \u00e8 anche preghiera.<a href=\"https:\/\/www.observatoriobioetica.org\/2025\/06\/la-resistencia-de-la-verdad-de-la-persona-en-the-power-of-the-press-1928-paren-las-maquinas\/10004280#_ftn12\">[12]<\/a><\/p>\n<p><strong>Conclusione: la nostra mancanza di consapevolezza, di chi ci governa e di come siamo governati, costituisce parte della nostra difficile situazione<\/strong><\/p>\n<p>Alasdair MacIntyre (1929-2025).<\/p>\n<p>La nostalgia che spesso suscitano i film di Capra risiede nella definizione chiara dei protagonisti. In <em>The Power of the Press (Il potere della stampa)<\/em> , Clem si affida a Jane Atwill e riesce a smascherare il mafioso Robert Blake e i suoi scagnozzi. \u00c8 un mondo di prossimit\u00e0, di vicini. Tuttavia, ai nostri giorni, i presunti progressi tecnologici che ci vengono proposti sono avvolti da un manto di mancanza di trasparenza e ambiguit\u00e0, in cui percepiamo che il meglio e il peggio si fondono. Questo \u00e8 stato rilevato da rinomati pensatori contemporanei che hanno concentrato la loro attenzione sull&#8217;Intelligenza Artificiale, mettendoci in guardia dal fatto che abbiamo a che fare con l&#8217;etica o con l&#8217;ideologia.<a href=\"https:\/\/www.observatoriobioetica.org\/2025\/06\/la-resistencia-de-la-verdad-de-la-persona-en-the-power-of-the-press-1928-paren-las-maquinas\/10004280#_ftn13\">[13]<\/a><\/p>\n<p>\u00c8 opportuno concludere questo contributo con un&#8217;allusione al filosofo Alasdair MacIntyre, recentemente scomparso, che qualche decennio fa mise in guardia dai rischi di continuare a perseguire il progresso senza discernimento etico. Di fronte a lui, dovremmo chiedere, come Clem, di &#8220;fermare le macchine&#8221;, nella speranza che possa emergere un progresso resiliente e unito alla verit\u00e0, piuttosto che continuare a essere guidati da ci\u00f2 che viene imposto attraverso le diffuse manovre del potere.<img decoding=\"async\" class=\"alignright\" src=\"https:\/\/www.observatoriobioetica.org\/wp-content\/uploads\/2025\/06\/peli6-e1749114357997.jpg\" \/><\/p>\n<p>&#8230;ci\u00f2 che conta ora \u00e8 la costruzione di forme locali di comunit\u00e0, all&#8217;interno delle quali la civilt\u00e0, la vita morale e la vita intellettuale possano essere sostenute attraverso i nuovi secoli bui che gi\u00e0 si abbattono su di noi. E se la tradizione della virt\u00f9 \u00e8 riuscita a sopravvivere agli orrori dei secoli bui passati, non siamo del tutto senza speranza. Tuttavia, ai nostri giorni, i barbari non aspettano dall&#8217;altra parte dei confini; ci governano da tempo. E la nostra mancanza di consapevolezza di ci\u00f2 costituisce parte della nostra situazione. Non stiamo aspettando Godot, ma un altro, indubbiamente molto diverso, San Benedetto<a href=\"https:\/\/www.observatoriobioetica.org\/2025\/06\/la-resistencia-de-la-verdad-de-la-persona-en-the-power-of-the-press-1928-paren-las-maquinas\/10004280#_ftn14\">[14]<\/a>.<\/p>\n<p><em><strong>Gracia Prats-Arolas &#8211; Professoressa e Ricercatrice in Filosofia e Cinema &#8211; Universit\u00e0 Cattolica di Valencia<\/strong><\/em><\/p>\n<p><em><strong><a href=\"https:\/\/www.observatoriobioetica.org\/?s=jose+alfredo+peris&amp;post_type%5B%5D=any&amp;search_limit_to_post_titles=0&amp;live_min_character=4&amp;live_posts_per_page=100&amp;live_search_display_featured_image=1&amp;live_search_display_post_type=1&amp;fs=1\">Jose Alfredo Peris-Cancio<\/a> &#8211; Professore e Ricercatore in Filosofia e Cinema &#8211; Membro dell&#8217;Osservatorio di Bioetica &#8211; Universit\u00e0 Cattolica di Valencia<\/strong><\/em><\/p>\n<p><a href=\"https:\/\/www.observatoriobioetica.org\/2025\/06\/la-resistencia-de-la-verdad-de-la-persona-en-the-power-of-the-press-1928-paren-las-maquinas\/10004280#_ftnref1\">[1]<\/a> Capra, <em>F. Frank Capra. Il nome prima del titolo. Madrid: T&amp;B Editores<\/em>, 2007.<\/p>\n<p><a href=\"https:\/\/www.observatoriobioetica.org\/2025\/06\/la-resistencia-de-la-verdad-de-la-persona-en-the-power-of-the-press-1928-paren-las-maquinas\/10004280#_ftnref2\">[2]<\/a> Attualmente \u00e8 perfettamente accessibile al pubblico, ad esempio su questo sito web: <a href=\"https:\/\/en.wikisource.org\/wiki\/The_Power_of_the_Press_(film)\">https:\/\/en.wikisource.org\/wiki\/The_Power_of_the_Press_(film)<\/a>; <a href=\"https:\/\/archive.org\/details\/the-power-of-the-press_1928\">https:\/\/archive.org\/details\/the-power-of-the-press_1928<\/a>; <a href=\"https:\/\/www.youtube.com\/watch?v=Ga3sGnZBMVY\">https:\/\/www.youtube.com\/watch?v=Ga3sGnZBMVY<\/a> Per anni si \u00e8 pensato che fosse perduto, ma oggi pu\u00f2 essere visto in perfette condizioni, fatta eccezione per alcuni piccoli salti verso la fine del film.<\/p>\n<p><a href=\"https:\/\/www.observatoriobioetica.org\/2025\/06\/la-resistencia-de-la-verdad-de-la-persona-en-the-power-of-the-press-1928-paren-las-maquinas\/10004280#_ftnref3\">[3]<\/a> McBride, <em>J. Frank Capra: La catastrofe del successo. New York<\/em>. New York: Simon &amp; Schuster Inc., 2000, pag. 201.<\/p>\n<p><a href=\"https:\/\/www.observatoriobioetica.org\/2025\/06\/la-resistencia-de-la-verdad-de-la-persona-en-the-power-of-the-press-1928-paren-las-maquinas\/10004280#_ftnref4\">[4]<\/a> Iglesias Gamboa, Jaime. \u201cIl potere di una lacrima\u201d. In <em>L&#8217;universo di Frank Capra<\/em>, di Ram\u00f3n e altri Alfonso, 42-45. Madrid: Notorios Ediciones, 2022. p. 45<\/p>\n<p><a href=\"https:\/\/www.observatoriobioetica.org\/2025\/06\/la-resistencia-de-la-verdad-de-la-persona-en-the-power-of-the-press-1928-paren-las-maquinas\/10004280#_ftnref5\">[5]<\/a> Sanmart\u00edn Esplugues, J. e J-A. Peris-Cancio. <em>Cuadernos de Filosof\u00eda y Cine 02. I principi personalisti nella filmografia di Frank Capra<\/em>. Valencia: Universit\u00e0 Cattolica di Valencia, San Vicente M\u00e1rtir, 2017b, pp. 54-58.<\/p>\n<p><a href=\"https:\/\/www.observatoriobioetica.org\/2025\/06\/la-resistencia-de-la-verdad-de-la-persona-en-the-power-of-the-press-1928-paren-las-maquinas\/10004280#_ftnref6\">[6]<\/a> Cieutat, M. <em>Frank Capra<\/em>. Barcellona: Collezione Cinema Club, 1990, pp. 125-126.<\/p>\n<p><a href=\"https:\/\/www.observatoriobioetica.org\/2025\/06\/la-resistencia-de-la-verdad-de-la-persona-en-the-power-of-the-press-1928-paren-las-maquinas\/10004280#_ftnref7\">[7]<\/a> Minguet Civera, C. (2025). <em>E se lo sguardo fosse diverso? Rubriche giornalistiche per trascendere l&#8217;attualit\u00e0<\/em>. Valencia: Tiran lo Blanch. p. 9.<\/p>\n<p><a href=\"https:\/\/www.observatoriobioetica.org\/2025\/06\/la-resistencia-de-la-verdad-de-la-persona-en-the-power-of-the-press-1928-paren-las-maquinas\/10004280#_ftnref8\">[8]<\/a> Pensiamo, ad esempio, a Emerson, R. (2010c. Fiducia in se stessi. In R. Emerson, <em>Essayistic Work<\/em> (pp. 175-214). Valencia: Artemisa Ediciones; (2015). <em>Essay on Nature<\/em>. Tenerife: Baile del Sol.<\/p>\n<p><a href=\"https:\/\/www.observatoriobioetica.org\/2025\/06\/la-resistencia-de-la-verdad-de-la-persona-en-the-power-of-the-press-1928-paren-las-maquinas\/10004280#_ftnref9\">[9]<\/a> Vedi, ad esempio, Chalier, C. (2007). <em>Treatise on Tears<\/em>. Salamanca: S\u00edgueme.<\/p>\n<p><a href=\"https:\/\/www.observatoriobioetica.org\/2025\/06\/la-resistencia-de-la-verdad-de-la-persona-en-the-power-of-the-press-1928-paren-las-maquinas\/10004280#_ftnref10\">[10]<\/a> L&#8217;alleanza tra amicizia, riconoscimento dell&#8217;altro e tecnologia in &#8220;<em>Sottomarino<\/em>&#8221; (1928), <a href=\"https:\/\/www.observatoriobioetica.org\/2025\/05\/la-alianza-entre-amistad-reconocimiento-del-otro-y-tecnologia-en-submarine-1928\/10004059\" rel=\"nofollow\">https:\/\/www.observatoriobioetica.org\/2025\/05\/la-alianza-entre-amistad-reconocimiento-del-otro-y-tecnologia-en-submarine-1928\/10004059<\/a><\/p>\n<p><a href=\"https:\/\/www.observatoriobioetica.org\/2025\/06\/la-resistencia-de-la-verdad-de-la-persona-en-the-power-of-the-press-1928-paren-las-maquinas\/10004280#_ftnref11\">[11]<\/a> Picard, M. (1947). <em>Hitler in noi stessi<\/em>. (H. Hauser, trad.) Hinsdale, Illinois: Henry Regnery Company.<\/p>\n<p><a href=\"https:\/\/www.observatoriobioetica.org\/2025\/06\/la-resistencia-de-la-verdad-de-la-persona-en-the-power-of-the-press-1928-paren-las-maquinas\/10004280#_ftnref12\">[12]<\/a> Esquirol, J. M. (2019). <em>Resistenza intima. Saggio su una filosofia della prossimit\u00e0<\/em>. Barcellona: Acantilado, p. 178.<\/p>\n<p><a href=\"https:\/\/www.observatoriobioetica.org\/2025\/06\/la-resistencia-de-la-verdad-de-la-persona-en-the-power-of-the-press-1928-paren-las-maquinas\/10004280#_ftnref13\">[13]<\/a> Cortina, A. (2021). <em>Etica cosmopolita: un impegno per la sanit\u00e0 mentale in tempi di pandemia<\/em>. Paid\u00f3s: Barcellona.<\/p>\n<p>[14] MacIntyre, A. (1987). <em>Dopo la virt\u00f9<\/em>. Barcellona: Cr\u00edtica, p. 322.<\/p>\n","protected":false},"excerpt":{"rendered":"<p>The Power of the Press (Il potere della stampa &#8211; 1928): &#8220;Ferma le macchine!&#8221;<\/p>\n","protected":false},"author":87,"featured_media":127693,"comment_status":"closed","ping_status":"closed","sticky":false,"template":"","format":"standard","meta":{"_acf_changed":false,"_crdt_document":"","inline_featured_image":false,"footnotes":""},"categories":[129],"tags":[38521,17460,11003,12445,22308,43301,4671,13988,1466,3371,15918,34369,11935,16889,51194,62006,16894,3120,13743,12758,12870,26730,5772,45503,12803,62007,45927,4952,23125,10335,62008],"class_list":["post-127785","post","type-post","status-publish","format-standard","has-post-thumbnail","hentry","category-voci","tag-alasdair-macintyre-2","tag-antropologia-cristiana-2","tag-cinema","tag-cinema-per-famiglie","tag-crisi-antropologica","tag-crisi-di-valori","tag-cristianesimo","tag-dignita-umana","tag-diritti-umani","tag-etica-it","tag-exaudi-3","tag-fede-e-ragione","tag-filosofia-2","tag-frank-capra-2","tag-gracia-prats-arolas-2","tag-identita-personale","tag-jose-alfredo-peris-cancio-2","tag-liberta","tag-moralita","tag-natura-umana","tag-osservatorio-di-bioetica-delluniversita-cattolica-di-valencia","tag-pensiero-contemporaneo","tag-persona","tag-post-verita","tag-relativismo-2","tag-resistenza","tag-societa-attuale","tag-trending-it","tag-valori-umani","tag-verita","tag-verita-oggettiva"],"acf":[],"yoast_head":"<!-- This site is optimized with the Yoast SEO plugin v27.4 - https:\/\/yoast.com\/product\/yoast-seo-wordpress\/ -->\n<title>La resistenza della verit\u00e0 della persona &#8211; Exaudi<\/title>\n<meta name=\"robots\" content=\"index, follow, max-snippet:-1, max-image-preview:large, max-video-preview:-1\" \/>\n<link rel=\"canonical\" href=\"https:\/\/exaudi.org\/it\/la-resistenza-della-verita-della-persona\/\" \/>\n<meta property=\"og:locale\" content=\"it_IT\" \/>\n<meta property=\"og:type\" content=\"article\" \/>\n<meta property=\"og:title\" content=\"La resistenza della verit\u00e0 della persona &#8211; Exaudi\" \/>\n<meta property=\"og:description\" content=\"The Power of the Press (Il potere della stampa - 1928): &quot;Ferma le macchine!&quot;\" \/>\n<meta property=\"og:url\" content=\"https:\/\/exaudi.org\/it\/la-resistenza-della-verita-della-persona\/\" \/>\n<meta property=\"og:site_name\" content=\"Exaudi\" \/>\n<meta property=\"article:publisher\" content=\"https:\/\/www.facebook.com\/ExaudiNews\" \/>\n<meta property=\"article:author\" content=\"https:\/\/www.facebook.com\/observatoriodebioetica\/\" \/>\n<meta property=\"article:published_time\" content=\"2025-06-09T18:43:05+00:00\" \/>\n<meta property=\"og:image\" content=\"https:\/\/exaudi.org\/wp-content\/uploads\/2025\/06\/MV5BZWNjOWY4ZDUtZDYwMS00ZTE0LWE1ZjgtM2VhNzA5ZjhhZmZjXkEyXkFqcGc@._V1_.jpg\" \/>\n\t<meta property=\"og:image:width\" content=\"1280\" \/>\n\t<meta property=\"og:image:height\" content=\"720\" \/>\n\t<meta property=\"og:image:type\" content=\"image\/jpeg\" \/>\n<meta name=\"author\" content=\"Observatorio de Bio\u00e9tica UCV\" \/>\n<meta name=\"twitter:card\" content=\"summary_large_image\" \/>\n<meta name=\"twitter:creator\" content=\"@obioetica\" \/>\n<meta name=\"twitter:site\" content=\"@Exaudi_News\" \/>\n<meta name=\"twitter:label1\" content=\"Scritto da\" \/>\n\t<meta name=\"twitter:data1\" content=\"Observatorio de Bio\u00e9tica UCV\" \/>\n\t<meta name=\"twitter:label2\" content=\"Tempo di lettura stimato\" \/>\n\t<meta name=\"twitter:data2\" content=\"14 minuti\" \/>\n<script type=\"application\/ld+json\" class=\"yoast-schema-graph\">{\"@context\":\"https:\\\/\\\/schema.org\",\"@graph\":[{\"@type\":\"Article\",\"@id\":\"https:\\\/\\\/exaudi.org\\\/it\\\/la-resistenza-della-verita-della-persona\\\/#article\",\"isPartOf\":{\"@id\":\"https:\\\/\\\/exaudi.org\\\/it\\\/la-resistenza-della-verita-della-persona\\\/\"},\"author\":{\"name\":\"Observatorio de Bio\u00e9tica UCV\",\"@id\":\"https:\\\/\\\/exaudi.org\\\/#\\\/schema\\\/person\\\/05d1c06e56ecb5490e9bff0d27026595\"},\"headline\":\"La resistenza della verit\u00e0 della persona\",\"datePublished\":\"2025-06-09T18:43:05+00:00\",\"mainEntityOfPage\":{\"@id\":\"https:\\\/\\\/exaudi.org\\\/it\\\/la-resistenza-della-verita-della-persona\\\/\"},\"wordCount\":2769,\"image\":{\"@id\":\"https:\\\/\\\/exaudi.org\\\/it\\\/la-resistenza-della-verita-della-persona\\\/#primaryimage\"},\"thumbnailUrl\":\"https:\\\/\\\/exaudi.org\\\/wp-content\\\/uploads\\\/2025\\\/06\\\/MV5BZWNjOWY4ZDUtZDYwMS00ZTE0LWE1ZjgtM2VhNzA5ZjhhZmZjXkEyXkFqcGc@._V1_.jpg\",\"keywords\":[\"Alasdair MacIntyre\",\"ANTROPOLOGIA CRISTIANA\",\"CINEMA\",\"CINEMA PER FAMIGLIE\",\"crisi antropologica\",\"crisi di valori\",\"cristianesimo\",\"DIGNIT\u00c0 UMANA\",\"diritti umani\",\"\u00c9tica\",\"EXAUDI\",\"Fede e Ragione\",\"FILOSOFIA\",\"Frank Capra\",\"Gracia Prats-Arolas\",\"Identit\u00e0 personale\",\"JOS\u00c9 ALFREDO PERIS CANCIO\",\"libert\u00e0\",\"MORALIT\u00c0\",\"NATURA UMANA\",\"OSSERVATORIO DI BIOETICA DELL'UNIVERSIT\u00c0 CATTOLICA DI VALENCIA\",\"pensiero contemporaneo\",\"persona\",\"post-verit\u00e0\",\"RELATIVISMO\",\"Resistenza\",\"societ\u00e0 attuale\",\"Trending\",\"valori umani\",\"VERIT\u00c0\",\"Verit\u00e0 oggettiva\"],\"articleSection\":[\"Voci\"],\"inLanguage\":\"it-IT\"},{\"@type\":\"WebPage\",\"@id\":\"https:\\\/\\\/exaudi.org\\\/it\\\/la-resistenza-della-verita-della-persona\\\/\",\"url\":\"https:\\\/\\\/exaudi.org\\\/it\\\/la-resistenza-della-verita-della-persona\\\/\",\"name\":\"La resistenza della verit\u00e0 della persona &#8211; Exaudi\",\"isPartOf\":{\"@id\":\"https:\\\/\\\/exaudi.org\\\/#website\"},\"primaryImageOfPage\":{\"@id\":\"https:\\\/\\\/exaudi.org\\\/it\\\/la-resistenza-della-verita-della-persona\\\/#primaryimage\"},\"image\":{\"@id\":\"https:\\\/\\\/exaudi.org\\\/it\\\/la-resistenza-della-verita-della-persona\\\/#primaryimage\"},\"thumbnailUrl\":\"https:\\\/\\\/exaudi.org\\\/wp-content\\\/uploads\\\/2025\\\/06\\\/MV5BZWNjOWY4ZDUtZDYwMS00ZTE0LWE1ZjgtM2VhNzA5ZjhhZmZjXkEyXkFqcGc@._V1_.jpg\",\"datePublished\":\"2025-06-09T18:43:05+00:00\",\"author\":{\"@id\":\"https:\\\/\\\/exaudi.org\\\/#\\\/schema\\\/person\\\/05d1c06e56ecb5490e9bff0d27026595\"},\"breadcrumb\":{\"@id\":\"https:\\\/\\\/exaudi.org\\\/it\\\/la-resistenza-della-verita-della-persona\\\/#breadcrumb\"},\"inLanguage\":\"it-IT\",\"potentialAction\":[{\"@type\":\"ReadAction\",\"target\":[\"https:\\\/\\\/exaudi.org\\\/it\\\/la-resistenza-della-verita-della-persona\\\/\"]}]},{\"@type\":\"ImageObject\",\"inLanguage\":\"it-IT\",\"@id\":\"https:\\\/\\\/exaudi.org\\\/it\\\/la-resistenza-della-verita-della-persona\\\/#primaryimage\",\"url\":\"https:\\\/\\\/exaudi.org\\\/wp-content\\\/uploads\\\/2025\\\/06\\\/MV5BZWNjOWY4ZDUtZDYwMS00ZTE0LWE1ZjgtM2VhNzA5ZjhhZmZjXkEyXkFqcGc@._V1_.jpg\",\"contentUrl\":\"https:\\\/\\\/exaudi.org\\\/wp-content\\\/uploads\\\/2025\\\/06\\\/MV5BZWNjOWY4ZDUtZDYwMS00ZTE0LWE1ZjgtM2VhNzA5ZjhhZmZjXkEyXkFqcGc@._V1_.jpg\",\"width\":1280,\"height\":720},{\"@type\":\"BreadcrumbList\",\"@id\":\"https:\\\/\\\/exaudi.org\\\/it\\\/la-resistenza-della-verita-della-persona\\\/#breadcrumb\",\"itemListElement\":[{\"@type\":\"ListItem\",\"position\":1,\"name\":\"Portada\",\"item\":\"https:\\\/\\\/exaudi.org\\\/it\\\/\"},{\"@type\":\"ListItem\",\"position\":2,\"name\":\"La resistenza della verit\u00e0 della persona\"}]},{\"@type\":\"WebSite\",\"@id\":\"https:\\\/\\\/exaudi.org\\\/#website\",\"url\":\"https:\\\/\\\/exaudi.org\\\/\",\"name\":\"Exaudi\",\"description\":\"News\",\"potentialAction\":[{\"@type\":\"SearchAction\",\"target\":{\"@type\":\"EntryPoint\",\"urlTemplate\":\"https:\\\/\\\/exaudi.org\\\/?s={search_term_string}\"},\"query-input\":{\"@type\":\"PropertyValueSpecification\",\"valueRequired\":true,\"valueName\":\"search_term_string\"}}],\"inLanguage\":\"it-IT\"},{\"@type\":\"Person\",\"@id\":\"https:\\\/\\\/exaudi.org\\\/#\\\/schema\\\/person\\\/05d1c06e56ecb5490e9bff0d27026595\",\"name\":\"Observatorio de Bio\u00e9tica UCV\",\"image\":{\"@type\":\"ImageObject\",\"inLanguage\":\"it-IT\",\"@id\":\"https:\\\/\\\/secure.gravatar.com\\\/avatar\\\/086563f59595a89fb0851de25d712a03657b1cdfa8af3c9cd0a1ee122fc5d596?s=96&d=mm&r=g\",\"url\":\"https:\\\/\\\/secure.gravatar.com\\\/avatar\\\/086563f59595a89fb0851de25d712a03657b1cdfa8af3c9cd0a1ee122fc5d596?s=96&d=mm&r=g\",\"contentUrl\":\"https:\\\/\\\/secure.gravatar.com\\\/avatar\\\/086563f59595a89fb0851de25d712a03657b1cdfa8af3c9cd0a1ee122fc5d596?s=96&d=mm&r=g\",\"caption\":\"Observatorio de Bio\u00e9tica UCV\"},\"description\":\"El Observatorio de Bio\u00e9tica se encuentra dentro del Instituto Ciencias de la vida de la Universidad Cat\u00f3lica de Valencia \u201cSan Vicente M\u00e1rtir\u201d . En el trasfondo de sus publicaciones, se defiende la vida humana desde la fecundaci\u00f3n a la muerte natural y la dignidad de la persona, teniendo como objetivo aunar esfuerzos para difundir la cultura de la vida como la define la Evangelium Vitae.\",\"sameAs\":[\"https:\\\/\\\/www.observatoriobioetica.org\\\/\",\"https:\\\/\\\/www.facebook.com\\\/observatoriodebioetica\\\/\",\"https:\\\/\\\/x.com\\\/obioetica\",\"https:\\\/\\\/www.youtube.com\\\/channel\\\/UC_Tr4WS5-TXoNo5e1MdQc7w\"],\"url\":\"https:\\\/\\\/exaudi.org\\\/it\\\/author\\\/observatoriodebioeticaucv\\\/\"}]}<\/script>\n<!-- \/ Yoast SEO plugin. -->","yoast_head_json":{"title":"La resistenza della verit\u00e0 della persona &#8211; Exaudi","robots":{"index":"index","follow":"follow","max-snippet":"max-snippet:-1","max-image-preview":"max-image-preview:large","max-video-preview":"max-video-preview:-1"},"canonical":"https:\/\/exaudi.org\/it\/la-resistenza-della-verita-della-persona\/","og_locale":"it_IT","og_type":"article","og_title":"La resistenza della verit\u00e0 della persona &#8211; Exaudi","og_description":"The Power of the Press (Il potere della stampa - 1928): \"Ferma le macchine!\"","og_url":"https:\/\/exaudi.org\/it\/la-resistenza-della-verita-della-persona\/","og_site_name":"Exaudi","article_publisher":"https:\/\/www.facebook.com\/ExaudiNews","article_author":"https:\/\/www.facebook.com\/observatoriodebioetica\/","article_published_time":"2025-06-09T18:43:05+00:00","og_image":[{"width":1280,"height":720,"url":"https:\/\/exaudi.org\/wp-content\/uploads\/2025\/06\/MV5BZWNjOWY4ZDUtZDYwMS00ZTE0LWE1ZjgtM2VhNzA5ZjhhZmZjXkEyXkFqcGc@._V1_.jpg","type":"image\/jpeg"}],"author":"Observatorio de Bio\u00e9tica UCV","twitter_card":"summary_large_image","twitter_creator":"@obioetica","twitter_site":"@Exaudi_News","twitter_misc":{"Scritto da":"Observatorio de Bio\u00e9tica UCV","Tempo di lettura stimato":"14 minuti"},"schema":{"@context":"https:\/\/schema.org","@graph":[{"@type":"Article","@id":"https:\/\/exaudi.org\/it\/la-resistenza-della-verita-della-persona\/#article","isPartOf":{"@id":"https:\/\/exaudi.org\/it\/la-resistenza-della-verita-della-persona\/"},"author":{"name":"Observatorio de Bio\u00e9tica UCV","@id":"https:\/\/exaudi.org\/#\/schema\/person\/05d1c06e56ecb5490e9bff0d27026595"},"headline":"La resistenza della verit\u00e0 della persona","datePublished":"2025-06-09T18:43:05+00:00","mainEntityOfPage":{"@id":"https:\/\/exaudi.org\/it\/la-resistenza-della-verita-della-persona\/"},"wordCount":2769,"image":{"@id":"https:\/\/exaudi.org\/it\/la-resistenza-della-verita-della-persona\/#primaryimage"},"thumbnailUrl":"https:\/\/exaudi.org\/wp-content\/uploads\/2025\/06\/MV5BZWNjOWY4ZDUtZDYwMS00ZTE0LWE1ZjgtM2VhNzA5ZjhhZmZjXkEyXkFqcGc@._V1_.jpg","keywords":["Alasdair MacIntyre","ANTROPOLOGIA CRISTIANA","CINEMA","CINEMA PER FAMIGLIE","crisi antropologica","crisi di valori","cristianesimo","DIGNIT\u00c0 UMANA","diritti umani","\u00c9tica","EXAUDI","Fede e Ragione","FILOSOFIA","Frank Capra","Gracia Prats-Arolas","Identit\u00e0 personale","JOS\u00c9 ALFREDO PERIS CANCIO","libert\u00e0","MORALIT\u00c0","NATURA UMANA","OSSERVATORIO DI BIOETICA DELL'UNIVERSIT\u00c0 CATTOLICA DI VALENCIA","pensiero contemporaneo","persona","post-verit\u00e0","RELATIVISMO","Resistenza","societ\u00e0 attuale","Trending","valori umani","VERIT\u00c0","Verit\u00e0 oggettiva"],"articleSection":["Voci"],"inLanguage":"it-IT"},{"@type":"WebPage","@id":"https:\/\/exaudi.org\/it\/la-resistenza-della-verita-della-persona\/","url":"https:\/\/exaudi.org\/it\/la-resistenza-della-verita-della-persona\/","name":"La resistenza della verit\u00e0 della persona &#8211; Exaudi","isPartOf":{"@id":"https:\/\/exaudi.org\/#website"},"primaryImageOfPage":{"@id":"https:\/\/exaudi.org\/it\/la-resistenza-della-verita-della-persona\/#primaryimage"},"image":{"@id":"https:\/\/exaudi.org\/it\/la-resistenza-della-verita-della-persona\/#primaryimage"},"thumbnailUrl":"https:\/\/exaudi.org\/wp-content\/uploads\/2025\/06\/MV5BZWNjOWY4ZDUtZDYwMS00ZTE0LWE1ZjgtM2VhNzA5ZjhhZmZjXkEyXkFqcGc@._V1_.jpg","datePublished":"2025-06-09T18:43:05+00:00","author":{"@id":"https:\/\/exaudi.org\/#\/schema\/person\/05d1c06e56ecb5490e9bff0d27026595"},"breadcrumb":{"@id":"https:\/\/exaudi.org\/it\/la-resistenza-della-verita-della-persona\/#breadcrumb"},"inLanguage":"it-IT","potentialAction":[{"@type":"ReadAction","target":["https:\/\/exaudi.org\/it\/la-resistenza-della-verita-della-persona\/"]}]},{"@type":"ImageObject","inLanguage":"it-IT","@id":"https:\/\/exaudi.org\/it\/la-resistenza-della-verita-della-persona\/#primaryimage","url":"https:\/\/exaudi.org\/wp-content\/uploads\/2025\/06\/MV5BZWNjOWY4ZDUtZDYwMS00ZTE0LWE1ZjgtM2VhNzA5ZjhhZmZjXkEyXkFqcGc@._V1_.jpg","contentUrl":"https:\/\/exaudi.org\/wp-content\/uploads\/2025\/06\/MV5BZWNjOWY4ZDUtZDYwMS00ZTE0LWE1ZjgtM2VhNzA5ZjhhZmZjXkEyXkFqcGc@._V1_.jpg","width":1280,"height":720},{"@type":"BreadcrumbList","@id":"https:\/\/exaudi.org\/it\/la-resistenza-della-verita-della-persona\/#breadcrumb","itemListElement":[{"@type":"ListItem","position":1,"name":"Portada","item":"https:\/\/exaudi.org\/it\/"},{"@type":"ListItem","position":2,"name":"La resistenza della verit\u00e0 della persona"}]},{"@type":"WebSite","@id":"https:\/\/exaudi.org\/#website","url":"https:\/\/exaudi.org\/","name":"Exaudi","description":"News","potentialAction":[{"@type":"SearchAction","target":{"@type":"EntryPoint","urlTemplate":"https:\/\/exaudi.org\/?s={search_term_string}"},"query-input":{"@type":"PropertyValueSpecification","valueRequired":true,"valueName":"search_term_string"}}],"inLanguage":"it-IT"},{"@type":"Person","@id":"https:\/\/exaudi.org\/#\/schema\/person\/05d1c06e56ecb5490e9bff0d27026595","name":"Observatorio de Bio\u00e9tica UCV","image":{"@type":"ImageObject","inLanguage":"it-IT","@id":"https:\/\/secure.gravatar.com\/avatar\/086563f59595a89fb0851de25d712a03657b1cdfa8af3c9cd0a1ee122fc5d596?s=96&d=mm&r=g","url":"https:\/\/secure.gravatar.com\/avatar\/086563f59595a89fb0851de25d712a03657b1cdfa8af3c9cd0a1ee122fc5d596?s=96&d=mm&r=g","contentUrl":"https:\/\/secure.gravatar.com\/avatar\/086563f59595a89fb0851de25d712a03657b1cdfa8af3c9cd0a1ee122fc5d596?s=96&d=mm&r=g","caption":"Observatorio de Bio\u00e9tica UCV"},"description":"El Observatorio de Bio\u00e9tica se encuentra dentro del Instituto Ciencias de la vida de la Universidad Cat\u00f3lica de Valencia \u201cSan Vicente M\u00e1rtir\u201d . En el trasfondo de sus publicaciones, se defiende la vida humana desde la fecundaci\u00f3n a la muerte natural y la dignidad de la persona, teniendo como objetivo aunar esfuerzos para difundir la cultura de la vida como la define la Evangelium Vitae.","sameAs":["https:\/\/www.observatoriobioetica.org\/","https:\/\/www.facebook.com\/observatoriodebioetica\/","https:\/\/x.com\/obioetica","https:\/\/www.youtube.com\/channel\/UC_Tr4WS5-TXoNo5e1MdQc7w"],"url":"https:\/\/exaudi.org\/it\/author\/observatoriodebioeticaucv\/"}]}},"jetpack_featured_media_url":"https:\/\/exaudi.org\/wp-content\/uploads\/2025\/06\/MV5BZWNjOWY4ZDUtZDYwMS00ZTE0LWE1ZjgtM2VhNzA5ZjhhZmZjXkEyXkFqcGc@._V1_.jpg","jetpack_shortlink":"https:\/\/wp.me\/pgKjF2-xf3","_links":{"self":[{"href":"https:\/\/exaudi.org\/it\/wp-json\/wp\/v2\/posts\/127785","targetHints":{"allow":["GET"]}}],"collection":[{"href":"https:\/\/exaudi.org\/it\/wp-json\/wp\/v2\/posts"}],"about":[{"href":"https:\/\/exaudi.org\/it\/wp-json\/wp\/v2\/types\/post"}],"author":[{"embeddable":true,"href":"https:\/\/exaudi.org\/it\/wp-json\/wp\/v2\/users\/87"}],"replies":[{"embeddable":true,"href":"https:\/\/exaudi.org\/it\/wp-json\/wp\/v2\/comments?post=127785"}],"version-history":[{"count":0,"href":"https:\/\/exaudi.org\/it\/wp-json\/wp\/v2\/posts\/127785\/revisions"}],"wp:featuredmedia":[{"embeddable":true,"href":"https:\/\/exaudi.org\/it\/wp-json\/wp\/v2\/media\/127693"}],"wp:attachment":[{"href":"https:\/\/exaudi.org\/it\/wp-json\/wp\/v2\/media?parent=127785"}],"wp:term":[{"taxonomy":"category","embeddable":true,"href":"https:\/\/exaudi.org\/it\/wp-json\/wp\/v2\/categories?post=127785"},{"taxonomy":"post_tag","embeddable":true,"href":"https:\/\/exaudi.org\/it\/wp-json\/wp\/v2\/tags?post=127785"}],"curies":[{"name":"wp","href":"https:\/\/api.w.org\/{rel}","templated":true}]}}