{"id":127166,"date":"2025-06-01T19:06:20","date_gmt":"2025-06-01T17:06:20","guid":{"rendered":"https:\/\/exaudi.org\/?p=127166"},"modified":"2025-06-01T19:06:20","modified_gmt":"2025-06-01T17:06:20","slug":"leone-xiv-auspica-una-rinascita-missionaria-in-francia","status":"publish","type":"post","link":"https:\/\/exaudi.org\/it\/leone-xiv-auspica-una-rinascita-missionaria-in-francia\/","title":{"rendered":"Leone XIV auspica una &#8220;Rinascita missionaria&#8221; in Francia"},"content":{"rendered":"<p>In occasione del centenario della canonizzazione di tre santi francesi, Papa Leone XIV ricorda l'&#8221;eredit\u00e0 cristiana&#8221; della Francia, che &#8220;permea ancora profondamente la sua cultura e vive in molti cuori&#8221;. Il Pontefice esprime la speranza che, attraverso l&#8217;esempio di Santa Teresa di Lisieux, San Giovanni Maria Vianney e San Giovanni Eudes, Dio rinnovi &#8220;le meraviglie che ha compiuto in passato&#8221; in Francia.<\/p>\n<p>Di seguito il messaggio che il Santo Padre Leone XIV ha inviato alla Conferenza Episcopale Francese in occasione del centenario della canonizzazione di San Giovanni Eudes, San Giovanni Maria Vianney e Santa Teresa di Ges\u00f9 Bambino:<\/p>\n<h3><strong>***<\/strong><\/h3>\n<h3><strong>Messaggio del Santo Padre<\/strong><\/h3>\n<p>Sono lieto di potermi rivolgere per la prima volta a voi, pastori della Chiesa in Francia e, attraverso di voi, a tutti i vostri fedeli mentre, in questo mese di maggio 2025, si commemora il 100\u00b0 anniversario della canonizzazione di tre santi che, con la grazia di Dio, il vostro Paese ha donato alla Chiesa universale: san Giovanni Eudes (1601-1680), san Giovanni Maria Vianney (1786-1859) e santa Teresa di Ges\u00f9 Bambino e del Volto Santo (1873-1897). Elevandoli alla gloria degli altari, il mio predecessore Pio XI desiderava presentarli al Popolo di Dio come maestri da ascoltare, come modelli da imitare e come potenti intercessori da pregare e invocare. L\u2019ampiezza delle sfide che, un secolo dopo, si presentano alla Chiesa in Francia, e la pertinenza sempre pi\u00f9 attuale delle sue tre figure di santit\u00e0 ad affrontarle, mi spingono a invitarvi a dare un rilievo particolare a questo anniversario.<\/p>\n<p>In questo breve messaggio, mi soffermer\u00f2 solo su un tratto spirituale che Giovanni Eudes, Giovanni Maria Vianney e Teresa hanno in comune e offrono in modo molto eloquente e attraente agli uomini e alle donne di oggi: hanno amato senza riserve Ges\u00f9 in modo semplice, forte e autentico; hanno sperimentato la sua bont\u00e0 e la sua tenerezza in una particolare vicinanza quotidiana, e l\u2019hanno testimoniato in un ammirevole slancio missionario.<\/p>\n<p>Il compianto Papa Francesco ci ha lasciato, un po\u2019 come un testamento, una bella enciclica sul Sacro Cuore nella quale afferma: \u00abDalla ferita del costato di Cristo continua a sgorgare quel fiume che non si esaurisce mai, che non passa, che si offre sempre di nuovo a chi vuole amare. Solo il suo amore render\u00e0 possibile una nuova umanit\u00e0\u00bb (<i><a href=\"https:\/\/www.vatican.va\/content\/francesco\/it\/encyclicals\/documents\/20241024-enciclica-dilexit-nos.html#219\">Dilexit nos<\/a><\/i>, n. 219). Non potrebbe esserci programma di evangelizzazione e di missione pi\u00f9 bello e pi\u00f9 semplice per il vostro Paese: far scoprire a ognuno l\u2019amore di tenerezza e di predilezione che Ges\u00f9 nutre per lui, al punto di trasformarne la vita.<\/p>\n<p>E, in tal senso, i nostri tre santi sono davvero dei maestri, di cui vi invito a far conoscere e apprezzare incessantemente la vita e la dottrina al Popolo di Dio. San Giovanni Eudes non \u00e8 forse stato il primo ad aver celebrato il culto liturgico dei Cuori di Ges\u00f9 e di Maria? San Giovanni Maria Vianney non \u00e8 stato forse un parroco appassionatamente dedito al suo ministero che affermava: \u201cIl sacerdozio \u00e8 l\u2019amore del cuore di Ges\u00f9\u201d? E infine, santa Teresa di Ges\u00f9 Bambino e del Volto Santo non \u00e8 forse il grande Dottore in\u00a0<i>scientia amoris<\/i>\u00a0di cui il nostro mondo ha bisogno, lei che \u201crespirava\u201d il nome di Ges\u00f9 in ogni istante della sua vita, con spontaneit\u00e0 e freschezza, e che insegn\u00f2 ai pi\u00f9 piccoli una via \u201ctutta facile\u201d per accedervi?<\/p>\n<p>Celebrare il centenario della canonizzazione di questi tre santi \u00e8 anzitutto un invito a rendere grazie al Signore per le meraviglie che ha compiuto in questa terra di Francia durante i lunghi secoli di evangelizzazione e di vita cristiana. I santi non appaiono spontaneamente, ma, attraverso la grazia, sorgono in seno a comunit\u00e0 cristiane vive che hanno saputo trasmettere loro la fede, accendere nel loro cuore l\u2019amore di Ges\u00f9 e il desiderio di seguirlo. Questa eredit\u00e0 cristiana vi appartiene ancora, impregna ancora profondamente la vostra cultura e resta viva in molti cuori.<\/p>\n<p>\u00c8 per questo che formulo l\u2019auspicio che queste celebrazioni non si limitino a evocare con nostalgia un passato che potrebbe sembrare tramontato, ma che risveglino la speranza e suscitino un nuovo slancio missionario. Dio pu\u00f2, con l\u2019aiuto dei santi che vi ha donato e che voi celebrate, rinnovare le meraviglie che ha compiuto in passato. Santa Teresa non sar\u00e0 forse la Patrona delle missioni nelle terre stesse che l\u2019hanno vista nascere? San Giovanni Maria Vianney e san Giovanni Eudes non sapranno forse parlare alla coscienza di tanti giovani della bont\u00e0, della grandezza e della fecondit\u00e0 del sacerdozio, suscitando in loro il desiderio entusiasta, e dando loro il coraggio di rispondere generosamente alla chiamata, proprio mentre la mancanza di vocazioni si fa dolorosamente sentire nelle vostre diocesi e i sacerdoti sono sempre pi\u00f9 messi duramente alla prova? Colgo l\u2019occasione per ringraziare dal profondo del cuore tutti i sacerdoti di Francia per il loro impegno coraggioso e perseverante, e desidero esprimere loro il mio paterno affetto.<\/p>\n<p>Cari fratelli vescovi, invoco l\u2019intercessione di san Giovanni Eudes, di san Giovanni Maria Vianney e di santa Teresa di Ges\u00f9 Bambino e del Volto Santo, per il vostro Paese e per il Popolo di Dio che vi peregrina con coraggio, sotto i venti contrari e talvolta ostili dell\u2019indifferentismo, del materialismo e dell\u2019individualismo. Che ridiano coraggio a questo Popolo, nella certezza che Cristo \u00e8 veramente risorto, Lui, il Salvatore del mondo.<\/p>\n<p>Implorando sulla Francia la protezione materna della sua potente Patrona, Nostra Signora dell\u2019Assunzione, concedo a ognuno di voi, e a tutte le persone affidate alle vostre cure pastorali, la Benedizione Apostolica.<\/p>\n<p><i>Dal Vaticano, 28 maggio 2025<\/i><\/p>\n<p>Leone XIV<\/p>\n<p>_______________________<\/p>\n<p><i><a href=\"https:\/\/www.osservatoreromano.va\/it\/news\/2025-06\/quo-125\/tre-modelli-di-santita-contro-materialismo-e-individualismo.html\">L&#8217;Osservatore Romano<\/a><\/i>, Edizione Quotidiana, Anno CLXV n. 125,\u00a0sabato 31 maggio 2025, p.3.<\/p>\n","protected":false},"excerpt":{"rendered":"<p>Anniversario della canonizzazione di tre santi francesi<\/p>\n","protected":false},"author":17,"featured_media":127141,"comment_status":"closed","ping_status":"closed","sticky":false,"template":"","format":"standard","meta":{"_acf_changed":false,"_crdt_document":"","inline_featured_image":false,"footnotes":""},"categories":[71,67,117],"tags":[6923,61056,58093,2480,61057,22457,9385,4952],"class_list":["post-127166","post","type-post","status-publish","format-standard","has-post-thumbnail","hentry","category-analisi","category-leone-xiv","category-messaggi","tag-canonizzazione","tag-centenario-2","tag-leone-xiv","tag-messaggio","tag-san-giovanni-eudes","tag-san-giovanni-maria-vianney","tag-santa-teresa-di-gesu-bambino","tag-trending-it"],"acf":[],"yoast_head":"<!-- This site is optimized with the Yoast SEO plugin v27.4 - https:\/\/yoast.com\/product\/yoast-seo-wordpress\/ -->\n<title>Leone XIV auspica una &quot;Rinascita missionaria&quot; in Francia &#8211; Exaudi<\/title>\n<meta name=\"robots\" content=\"index, follow, max-snippet:-1, max-image-preview:large, max-video-preview:-1\" \/>\n<link rel=\"canonical\" href=\"https:\/\/exaudi.org\/it\/leone-xiv-auspica-una-rinascita-missionaria-in-francia\/\" \/>\n<meta property=\"og:locale\" content=\"it_IT\" \/>\n<meta property=\"og:type\" content=\"article\" \/>\n<meta property=\"og:title\" content=\"Leone XIV auspica una &quot;Rinascita missionaria&quot; in Francia &#8211; Exaudi\" \/>\n<meta property=\"og:description\" content=\"Anniversario della canonizzazione di tre santi francesi\" \/>\n<meta property=\"og:url\" content=\"https:\/\/exaudi.org\/it\/leone-xiv-auspica-una-rinascita-missionaria-in-francia\/\" \/>\n<meta property=\"og:site_name\" content=\"Exaudi\" \/>\n<meta property=\"article:publisher\" content=\"https:\/\/www.facebook.com\/ExaudiNews\" \/>\n<meta property=\"article:author\" content=\"https:\/\/www.facebook.com\/ExaudiNotizie\/\" \/>\n<meta property=\"article:published_time\" content=\"2025-06-01T17:06:20+00:00\" \/>\n<meta property=\"og:image\" content=\"https:\/\/exaudi.org\/wp-content\/uploads\/2025\/06\/cq5dam.web_.800.800-2025-06-01T092734.902.jpeg\" \/>\n\t<meta property=\"og:image:width\" content=\"800\" \/>\n\t<meta property=\"og:image:height\" content=\"533\" \/>\n\t<meta property=\"og:image:type\" content=\"image\/jpeg\" \/>\n<meta name=\"author\" content=\"Exaudi Redazione\" \/>\n<meta name=\"twitter:card\" content=\"summary_large_image\" \/>\n<meta name=\"twitter:creator\" content=\"@Exaudi_Notizie\" \/>\n<meta name=\"twitter:site\" content=\"@Exaudi_News\" \/>\n<meta name=\"twitter:label1\" content=\"Scritto da\" \/>\n\t<meta name=\"twitter:data1\" content=\"Exaudi Redazione\" \/>\n\t<meta name=\"twitter:label2\" content=\"Tempo di lettura stimato\" \/>\n\t<meta name=\"twitter:data2\" content=\"5 minuti\" \/>\n<script type=\"application\/ld+json\" class=\"yoast-schema-graph\">{\"@context\":\"https:\\\/\\\/schema.org\",\"@graph\":[{\"@type\":\"Article\",\"@id\":\"https:\\\/\\\/exaudi.org\\\/it\\\/leone-xiv-auspica-una-rinascita-missionaria-in-francia\\\/#article\",\"isPartOf\":{\"@id\":\"https:\\\/\\\/exaudi.org\\\/it\\\/leone-xiv-auspica-una-rinascita-missionaria-in-francia\\\/\"},\"author\":{\"name\":\"Exaudi Redazione\",\"@id\":\"https:\\\/\\\/exaudi.org\\\/#\\\/schema\\\/person\\\/e1ab6ed07c01774724dd96f925f3a5f0\"},\"headline\":\"Leone XIV auspica una &#8220;Rinascita missionaria&#8221; in Francia\",\"datePublished\":\"2025-06-01T17:06:20+00:00\",\"mainEntityOfPage\":{\"@id\":\"https:\\\/\\\/exaudi.org\\\/it\\\/leone-xiv-auspica-una-rinascita-missionaria-in-francia\\\/\"},\"wordCount\":941,\"image\":{\"@id\":\"https:\\\/\\\/exaudi.org\\\/it\\\/leone-xiv-auspica-una-rinascita-missionaria-in-francia\\\/#primaryimage\"},\"thumbnailUrl\":\"https:\\\/\\\/exaudi.org\\\/wp-content\\\/uploads\\\/2025\\\/06\\\/cq5dam.web_.800.800-2025-06-01T092734.902.jpeg\",\"keywords\":[\"Canonizzazione\",\"Centenario\",\"Leone XIV\",\"messaggio\",\"San Giovanni Eudes\",\"San Giovanni Maria Vianney\",\"Santa Teresa di Ges\u00f9 Bambino\",\"Trending\"],\"articleSection\":[\"Analisi\",\"Leone XIV\",\"Messaggi\"],\"inLanguage\":\"it-IT\"},{\"@type\":\"WebPage\",\"@id\":\"https:\\\/\\\/exaudi.org\\\/it\\\/leone-xiv-auspica-una-rinascita-missionaria-in-francia\\\/\",\"url\":\"https:\\\/\\\/exaudi.org\\\/it\\\/leone-xiv-auspica-una-rinascita-missionaria-in-francia\\\/\",\"name\":\"Leone XIV auspica una \\\"Rinascita missionaria\\\" in Francia &#8211; Exaudi\",\"isPartOf\":{\"@id\":\"https:\\\/\\\/exaudi.org\\\/#website\"},\"primaryImageOfPage\":{\"@id\":\"https:\\\/\\\/exaudi.org\\\/it\\\/leone-xiv-auspica-una-rinascita-missionaria-in-francia\\\/#primaryimage\"},\"image\":{\"@id\":\"https:\\\/\\\/exaudi.org\\\/it\\\/leone-xiv-auspica-una-rinascita-missionaria-in-francia\\\/#primaryimage\"},\"thumbnailUrl\":\"https:\\\/\\\/exaudi.org\\\/wp-content\\\/uploads\\\/2025\\\/06\\\/cq5dam.web_.800.800-2025-06-01T092734.902.jpeg\",\"datePublished\":\"2025-06-01T17:06:20+00:00\",\"author\":{\"@id\":\"https:\\\/\\\/exaudi.org\\\/#\\\/schema\\\/person\\\/e1ab6ed07c01774724dd96f925f3a5f0\"},\"breadcrumb\":{\"@id\":\"https:\\\/\\\/exaudi.org\\\/it\\\/leone-xiv-auspica-una-rinascita-missionaria-in-francia\\\/#breadcrumb\"},\"inLanguage\":\"it-IT\",\"potentialAction\":[{\"@type\":\"ReadAction\",\"target\":[\"https:\\\/\\\/exaudi.org\\\/it\\\/leone-xiv-auspica-una-rinascita-missionaria-in-francia\\\/\"]}]},{\"@type\":\"ImageObject\",\"inLanguage\":\"it-IT\",\"@id\":\"https:\\\/\\\/exaudi.org\\\/it\\\/leone-xiv-auspica-una-rinascita-missionaria-in-francia\\\/#primaryimage\",\"url\":\"https:\\\/\\\/exaudi.org\\\/wp-content\\\/uploads\\\/2025\\\/06\\\/cq5dam.web_.800.800-2025-06-01T092734.902.jpeg\",\"contentUrl\":\"https:\\\/\\\/exaudi.org\\\/wp-content\\\/uploads\\\/2025\\\/06\\\/cq5dam.web_.800.800-2025-06-01T092734.902.jpeg\",\"width\":800,\"height\":533},{\"@type\":\"BreadcrumbList\",\"@id\":\"https:\\\/\\\/exaudi.org\\\/it\\\/leone-xiv-auspica-una-rinascita-missionaria-in-francia\\\/#breadcrumb\",\"itemListElement\":[{\"@type\":\"ListItem\",\"position\":1,\"name\":\"Portada\",\"item\":\"https:\\\/\\\/exaudi.org\\\/it\\\/\"},{\"@type\":\"ListItem\",\"position\":2,\"name\":\"Leone XIV auspica una &#8220;Rinascita missionaria&#8221; in Francia\"}]},{\"@type\":\"WebSite\",\"@id\":\"https:\\\/\\\/exaudi.org\\\/#website\",\"url\":\"https:\\\/\\\/exaudi.org\\\/\",\"name\":\"Exaudi\",\"description\":\"News\",\"potentialAction\":[{\"@type\":\"SearchAction\",\"target\":{\"@type\":\"EntryPoint\",\"urlTemplate\":\"https:\\\/\\\/exaudi.org\\\/?s={search_term_string}\"},\"query-input\":{\"@type\":\"PropertyValueSpecification\",\"valueRequired\":true,\"valueName\":\"search_term_string\"}}],\"inLanguage\":\"it-IT\"},{\"@type\":\"Person\",\"@id\":\"https:\\\/\\\/exaudi.org\\\/#\\\/schema\\\/person\\\/e1ab6ed07c01774724dd96f925f3a5f0\",\"name\":\"Exaudi Redazione\",\"image\":{\"@type\":\"ImageObject\",\"inLanguage\":\"it-IT\",\"@id\":\"https:\\\/\\\/secure.gravatar.com\\\/avatar\\\/ad6774b3ada023bf5b939d64f45c94b3adf91502dd883507d469b4308a943bb3?s=96&d=mm&r=g\",\"url\":\"https:\\\/\\\/secure.gravatar.com\\\/avatar\\\/ad6774b3ada023bf5b939d64f45c94b3adf91502dd883507d469b4308a943bb3?s=96&d=mm&r=g\",\"contentUrl\":\"https:\\\/\\\/secure.gravatar.com\\\/avatar\\\/ad6774b3ada023bf5b939d64f45c94b3adf91502dd883507d469b4308a943bb3?s=96&d=mm&r=g\",\"caption\":\"Exaudi Redazione\"},\"description\":\"Che cosa \u00e8 Exaudi News? Exaudi News \u00e8 un agenzia cattolica internazionale che informa, istruisce e trasforma quotidianamente in spagnolo, inglese e italiano. Attraverso notizie, articoli di analisi e trasmissioni in diretta degli eventi del Papa, Exaudi cerca di rafforzare l'unit\u00e0 dei cristiani e di contribuire all'evangelizzazione del mondo, sempre guidato dalla dottrina sociale della Chiesa. Lavoriamo per portare la verit\u00e0 e i valori cristiani in ogni angolo del pianeta. Aiutaci a trasformare il mondo con Exaudi! Noi di Exaudi crediamo che l'evangelizzazione e l'informazione di qualit\u00e0 possano cambiare la vita. Per continuare la nostra missione ed espandere la nostra portata, abbiamo bisogno del tuo aiuto. Stiamo anche cercando persone motivate che vogliano unirsi al nostro team. Grazie al vostro sostegno raggiungeremo pi\u00f9 persone, diffonderemo il messaggio di Cristo e rafforzeremo l'unit\u00e0 dei cristiani. Vuoi unirti alla nostra missione? Per maggiori informazioni su come contribuire, visita Exaudi.org\\\/it o contattaci direttamente: info@exaudi.org Exaudi: informa, forma e trasforma.\",\"sameAs\":[\"https:\\\/\\\/www.facebook.com\\\/ExaudiNotizie\\\/\",\"https:\\\/\\\/www.instagram.com\\\/Exaudi_notizie\\\/\",\"https:\\\/\\\/x.com\\\/Exaudi_Notizie\",\"https:\\\/\\\/www.youtube.com\\\/@exaudicatholicnews\"],\"url\":\"https:\\\/\\\/exaudi.org\\\/it\\\/author\\\/dlvedi-org\\\/\"}]}<\/script>\n<!-- \/ Yoast SEO plugin. -->","yoast_head_json":{"title":"Leone XIV auspica una \"Rinascita missionaria\" in Francia &#8211; Exaudi","robots":{"index":"index","follow":"follow","max-snippet":"max-snippet:-1","max-image-preview":"max-image-preview:large","max-video-preview":"max-video-preview:-1"},"canonical":"https:\/\/exaudi.org\/it\/leone-xiv-auspica-una-rinascita-missionaria-in-francia\/","og_locale":"it_IT","og_type":"article","og_title":"Leone XIV auspica una \"Rinascita missionaria\" in Francia &#8211; Exaudi","og_description":"Anniversario della canonizzazione di tre santi francesi","og_url":"https:\/\/exaudi.org\/it\/leone-xiv-auspica-una-rinascita-missionaria-in-francia\/","og_site_name":"Exaudi","article_publisher":"https:\/\/www.facebook.com\/ExaudiNews","article_author":"https:\/\/www.facebook.com\/ExaudiNotizie\/","article_published_time":"2025-06-01T17:06:20+00:00","og_image":[{"width":800,"height":533,"url":"https:\/\/exaudi.org\/wp-content\/uploads\/2025\/06\/cq5dam.web_.800.800-2025-06-01T092734.902.jpeg","type":"image\/jpeg"}],"author":"Exaudi Redazione","twitter_card":"summary_large_image","twitter_creator":"@Exaudi_Notizie","twitter_site":"@Exaudi_News","twitter_misc":{"Scritto da":"Exaudi Redazione","Tempo di lettura stimato":"5 minuti"},"schema":{"@context":"https:\/\/schema.org","@graph":[{"@type":"Article","@id":"https:\/\/exaudi.org\/it\/leone-xiv-auspica-una-rinascita-missionaria-in-francia\/#article","isPartOf":{"@id":"https:\/\/exaudi.org\/it\/leone-xiv-auspica-una-rinascita-missionaria-in-francia\/"},"author":{"name":"Exaudi Redazione","@id":"https:\/\/exaudi.org\/#\/schema\/person\/e1ab6ed07c01774724dd96f925f3a5f0"},"headline":"Leone XIV auspica una &#8220;Rinascita missionaria&#8221; in Francia","datePublished":"2025-06-01T17:06:20+00:00","mainEntityOfPage":{"@id":"https:\/\/exaudi.org\/it\/leone-xiv-auspica-una-rinascita-missionaria-in-francia\/"},"wordCount":941,"image":{"@id":"https:\/\/exaudi.org\/it\/leone-xiv-auspica-una-rinascita-missionaria-in-francia\/#primaryimage"},"thumbnailUrl":"https:\/\/exaudi.org\/wp-content\/uploads\/2025\/06\/cq5dam.web_.800.800-2025-06-01T092734.902.jpeg","keywords":["Canonizzazione","Centenario","Leone XIV","messaggio","San Giovanni Eudes","San Giovanni Maria Vianney","Santa Teresa di Ges\u00f9 Bambino","Trending"],"articleSection":["Analisi","Leone XIV","Messaggi"],"inLanguage":"it-IT"},{"@type":"WebPage","@id":"https:\/\/exaudi.org\/it\/leone-xiv-auspica-una-rinascita-missionaria-in-francia\/","url":"https:\/\/exaudi.org\/it\/leone-xiv-auspica-una-rinascita-missionaria-in-francia\/","name":"Leone XIV auspica una \"Rinascita missionaria\" in Francia &#8211; Exaudi","isPartOf":{"@id":"https:\/\/exaudi.org\/#website"},"primaryImageOfPage":{"@id":"https:\/\/exaudi.org\/it\/leone-xiv-auspica-una-rinascita-missionaria-in-francia\/#primaryimage"},"image":{"@id":"https:\/\/exaudi.org\/it\/leone-xiv-auspica-una-rinascita-missionaria-in-francia\/#primaryimage"},"thumbnailUrl":"https:\/\/exaudi.org\/wp-content\/uploads\/2025\/06\/cq5dam.web_.800.800-2025-06-01T092734.902.jpeg","datePublished":"2025-06-01T17:06:20+00:00","author":{"@id":"https:\/\/exaudi.org\/#\/schema\/person\/e1ab6ed07c01774724dd96f925f3a5f0"},"breadcrumb":{"@id":"https:\/\/exaudi.org\/it\/leone-xiv-auspica-una-rinascita-missionaria-in-francia\/#breadcrumb"},"inLanguage":"it-IT","potentialAction":[{"@type":"ReadAction","target":["https:\/\/exaudi.org\/it\/leone-xiv-auspica-una-rinascita-missionaria-in-francia\/"]}]},{"@type":"ImageObject","inLanguage":"it-IT","@id":"https:\/\/exaudi.org\/it\/leone-xiv-auspica-una-rinascita-missionaria-in-francia\/#primaryimage","url":"https:\/\/exaudi.org\/wp-content\/uploads\/2025\/06\/cq5dam.web_.800.800-2025-06-01T092734.902.jpeg","contentUrl":"https:\/\/exaudi.org\/wp-content\/uploads\/2025\/06\/cq5dam.web_.800.800-2025-06-01T092734.902.jpeg","width":800,"height":533},{"@type":"BreadcrumbList","@id":"https:\/\/exaudi.org\/it\/leone-xiv-auspica-una-rinascita-missionaria-in-francia\/#breadcrumb","itemListElement":[{"@type":"ListItem","position":1,"name":"Portada","item":"https:\/\/exaudi.org\/it\/"},{"@type":"ListItem","position":2,"name":"Leone XIV auspica una &#8220;Rinascita missionaria&#8221; in Francia"}]},{"@type":"WebSite","@id":"https:\/\/exaudi.org\/#website","url":"https:\/\/exaudi.org\/","name":"Exaudi","description":"News","potentialAction":[{"@type":"SearchAction","target":{"@type":"EntryPoint","urlTemplate":"https:\/\/exaudi.org\/?s={search_term_string}"},"query-input":{"@type":"PropertyValueSpecification","valueRequired":true,"valueName":"search_term_string"}}],"inLanguage":"it-IT"},{"@type":"Person","@id":"https:\/\/exaudi.org\/#\/schema\/person\/e1ab6ed07c01774724dd96f925f3a5f0","name":"Exaudi Redazione","image":{"@type":"ImageObject","inLanguage":"it-IT","@id":"https:\/\/secure.gravatar.com\/avatar\/ad6774b3ada023bf5b939d64f45c94b3adf91502dd883507d469b4308a943bb3?s=96&d=mm&r=g","url":"https:\/\/secure.gravatar.com\/avatar\/ad6774b3ada023bf5b939d64f45c94b3adf91502dd883507d469b4308a943bb3?s=96&d=mm&r=g","contentUrl":"https:\/\/secure.gravatar.com\/avatar\/ad6774b3ada023bf5b939d64f45c94b3adf91502dd883507d469b4308a943bb3?s=96&d=mm&r=g","caption":"Exaudi Redazione"},"description":"Che cosa \u00e8 Exaudi News? Exaudi News \u00e8 un agenzia cattolica internazionale che informa, istruisce e trasforma quotidianamente in spagnolo, inglese e italiano. Attraverso notizie, articoli di analisi e trasmissioni in diretta degli eventi del Papa, Exaudi cerca di rafforzare l'unit\u00e0 dei cristiani e di contribuire all'evangelizzazione del mondo, sempre guidato dalla dottrina sociale della Chiesa. Lavoriamo per portare la verit\u00e0 e i valori cristiani in ogni angolo del pianeta. Aiutaci a trasformare il mondo con Exaudi! Noi di Exaudi crediamo che l'evangelizzazione e l'informazione di qualit\u00e0 possano cambiare la vita. Per continuare la nostra missione ed espandere la nostra portata, abbiamo bisogno del tuo aiuto. Stiamo anche cercando persone motivate che vogliano unirsi al nostro team. Grazie al vostro sostegno raggiungeremo pi\u00f9 persone, diffonderemo il messaggio di Cristo e rafforzeremo l'unit\u00e0 dei cristiani. Vuoi unirti alla nostra missione? Per maggiori informazioni su come contribuire, visita Exaudi.org\/it o contattaci direttamente: info@exaudi.org Exaudi: informa, forma e trasforma.","sameAs":["https:\/\/www.facebook.com\/ExaudiNotizie\/","https:\/\/www.instagram.com\/Exaudi_notizie\/","https:\/\/x.com\/Exaudi_Notizie","https:\/\/www.youtube.com\/@exaudicatholicnews"],"url":"https:\/\/exaudi.org\/it\/author\/dlvedi-org\/"}]}},"jetpack_featured_media_url":"https:\/\/exaudi.org\/wp-content\/uploads\/2025\/06\/cq5dam.web_.800.800-2025-06-01T092734.902.jpeg","jetpack_shortlink":"https:\/\/wp.me\/pgKjF2-x54","_links":{"self":[{"href":"https:\/\/exaudi.org\/it\/wp-json\/wp\/v2\/posts\/127166","targetHints":{"allow":["GET"]}}],"collection":[{"href":"https:\/\/exaudi.org\/it\/wp-json\/wp\/v2\/posts"}],"about":[{"href":"https:\/\/exaudi.org\/it\/wp-json\/wp\/v2\/types\/post"}],"author":[{"embeddable":true,"href":"https:\/\/exaudi.org\/it\/wp-json\/wp\/v2\/users\/17"}],"replies":[{"embeddable":true,"href":"https:\/\/exaudi.org\/it\/wp-json\/wp\/v2\/comments?post=127166"}],"version-history":[{"count":0,"href":"https:\/\/exaudi.org\/it\/wp-json\/wp\/v2\/posts\/127166\/revisions"}],"wp:featuredmedia":[{"embeddable":true,"href":"https:\/\/exaudi.org\/it\/wp-json\/wp\/v2\/media\/127141"}],"wp:attachment":[{"href":"https:\/\/exaudi.org\/it\/wp-json\/wp\/v2\/media?parent=127166"}],"wp:term":[{"taxonomy":"category","embeddable":true,"href":"https:\/\/exaudi.org\/it\/wp-json\/wp\/v2\/categories?post=127166"},{"taxonomy":"post_tag","embeddable":true,"href":"https:\/\/exaudi.org\/it\/wp-json\/wp\/v2\/tags?post=127166"}],"curies":[{"name":"wp","href":"https:\/\/api.w.org\/{rel}","templated":true}]}}